{"id":84971,"date":"2025-06-03T21:02:15","date_gmt":"2025-06-03T19:02:15","guid":{"rendered":"https:\/\/now-news.de\/de\/deutschland\/box-welt-erschuettert-imane-khelif-ist-biologisch-ein-mann\/"},"modified":"2025-06-03T21:02:15","modified_gmt":"2025-06-03T19:02:15","slug":"box-welt-erschuettert-imane-khelif-ist-biologisch-ein-mann","status":"publish","type":"post","link":"https:\/\/now-news.de\/de\/deutschland\/box-welt-erschuettert-imane-khelif-ist-biologisch-ein-mann\/","title":{"rendered":"Box-Welt ersch\u00fcttert: Imane Khelif ist biologisch ein Mann"},"content":{"rendered":"<div class=\"Text-root Text-type_1 \">\n                Ein genetisches Gutachten best\u00e4tigt: Die algerische Olympiasiegerin Imane Khelif ist biologisch m\u00e4nnlich. Der Box-Weltverband entschuldigt sich f\u00fcr die \u00f6ffentliche Nennung ihres Namens\u00a0\u2013 und zieht Konsequenzen. Der Fall stellt den Schutz des Frauensports grunds\u00e4tzlich infrage.\n            <\/div>\n<p><\/p>\n<div class=\"Text-root Text-type_5 ArticleView-text ViewText-root \">\n<p data-start=\"570\" data-end=\"1006\">Im August\u00a02024 feierte Imane Khelif im Ring von Paris einen historischen Triumph\u00a0\u2013 Gold in der Gewichtsklasse bis 66\u00a0Kilogramm. Es war ein emotionales Finale, das &#8220;sie&#8221; gegen die Chinesin Yang Liu f\u00fcr sich entschied. Die Bilder ihrer geballten Faust und ihres erhobenen Hauptes gingen um die Welt. Heute stehen sie f\u00fcr mehr als sportlichen Erfolg\u00a0\u2013 sie markieren den Wendepunkt in einer Debatte, die die Grundfeste des Frauensports ersch\u00fcttert.<\/p>\n<p data-start=\"1008\" data-end=\"1408\">Der Fall Khelif hat die internationalen Sportinstitutionen in eine fundamentale Vertrauenskrise gest\u00fcrzt. Denn wie inzwischen durch medizinische Befunde belegt wurde, handelt es sich bei der algerischen Olympiasiegerin um eine biologisch m\u00e4nnliche Person. Das ergaben Tests, die bereits 2023 im indischen Neu-Delhi durchgef\u00fchrt worden waren\u00a0\u2013 lange bevor Khelif zu den Olympischen Spielen zugelassen wurde.<\/p>\n<figure class=\"RTImage-root\">\n<div class=\"RTImage-image RTImage-original\"><picture class=\"Picture-root Picture-original\"><!--[if IE 9]><video style=\"display: none;\"><![endif]--><source media=\"(-webkit-min-device-pixel-ratio: 2) and (min-resolution: 120dpi)\" data-srcset=\" \nhttps:\/\/now-news.de\/de\/wp-content\/uploads\/sites\/3\/2025\/06\/683f344148fbef08dc3bc9e6.jpg 850w,\n                https:\/\/now-news.de\/de\/wp-content\/uploads\/sites\/3\/2025\/06\/683f344148fbef08dc3bc9e6.jpg 1960w,            \" ><source data-srcset=\" \nhttps:\/\/now-news.de\/de\/wp-content\/uploads\/sites\/3\/2025\/06\/683f344148fbef08dc3bc9e6.jpg 460w,\n              https:\/\/now-news.de\/de\/wp-content\/uploads\/sites\/3\/2025\/06\/683f344148fbef08dc3bc9e6.jpg 980w,\n            \" ><!--[if IE 9]><\/video><![endif]--><img decoding=\"async\" data- src=\"data:image\/png;base64,iVBORw0KGgoAAAANSUhEUgAAABAAAAAJCAQAAACRI2S5AAAAEElEQVR42mNkIAAYRxWAAQAG9gAKqv6+AwAAAABJRU5ErkJggg==\" class=\"Picture-root Picture-original lazyload\" data-src=\"https:\/\/now-news.de\/de\/wp-content\/uploads\/sites\/3\/2025\/06\/683f344148fbef08dc3bc9e6.jpg\" alt=\"\"><\/source><\/source><\/picture><!-- noscript pattern --><noscript><img decoding=\"async\" src=\"https:\/\/now-news.de\/de\/wp-content\/uploads\/sites\/3\/2025\/06\/683f344148fbef08dc3bc9e6.jpg\" alt=\"\"><\/noscript><\/div><figcaption class=\"RTImage-footer\"><span class=\"RTImage-caption\"><span class=\"RTImage-captionItem\">Von Imane zu Iman: Der Boxweltverband r\u00e4umt Fehler ein \u2013 und zieht Konsequenzen. Ein medizinisches Gutachten best\u00e4tigt: Olympiasiegerin Khelif ist biologisch m\u00e4nnlich. Die Aufarbeitung offenbart ein tiefgreifendes Versagen des Systems.<\/span><\/span><span class=\"RTImage-source\"><span class=\"RTImage-captionItem\">Richard Pelham<\/span><span class=\"RTImage-captionItem\"> \/ Gettyimages.ru<\/span><\/span><\/figcaption><\/figure>\n<p data-start=\"1446\" data-end=\"1861\">Was nun bekannt wird, wirft ein grelles Licht auf die Entscheidungsprozesse hinter den Kulissen: Laut dem renommierten US-Journalisten Alan Abrahamson lagen dem Internationalen Olympischen Komitee (IOC) und auch der damaligen Weltboxorganisation IBA bereits seit Fr\u00fchjahr\u00a02023 Hinweise auf einen &#8220;m\u00e4nnlichen Karyotyp&#8221; vor. Dabei handelt es sich um einen vollst\u00e4ndigen Chromosomensatz mit XY-Muster\u00a0\u2013 ein Befund, der bei Frauen nicht vorkommt.<\/p>\n<p data-start=\"1863\" data-end=\"2152\">Dennoch wurde Khelif zugelassen \u2013 unter Berufung auf die Passangaben, wie das IOC damals erkl\u00e4rte. Der Verband sprach sp\u00e4ter von einem &#8220;willk\u00fcrlichen Ausschlussverfahren&#8221; durch die IBA, das es zu korrigieren galt. Heute, im R\u00fcckblick, wirkt diese Argumentation wie eine Schutzbehauptung.<\/p>\n<p data-start=\"2154\" data-end=\"2634\">Denn mit dem neuen Weltboxverband &#8220;World Boxing&#8221;, der die Nachfolge der umstrittenen IBA angetreten hat, sind die Karten neu gemischt. In einem offenen Schreiben an den algerischen Verband bat World-Boxing-Pr\u00e4sident Boris van der Vorst nun um Entschuldigung\u00a0\u2013 nicht f\u00fcr den Ausschluss Khelifs von zuk\u00fcnftigen Wettk\u00e4mpfen, sondern f\u00fcr den Umstand, dass ihr Name im Zusammenhang mit den neuen Regelwerken \u00f6ffentlich genannt wurde. Es sei ein Versto\u00df gegen ihre Privatsph\u00e4re gewesen.<\/p>\n<p data-start=\"2672\" data-end=\"3133\">Doch das Problem reicht tiefer. Immer mehr ehemalige Gegnerinnen Khelifs \u00e4u\u00dfern sich\u00a0\u2013 und berichten von Unsicherheit, Angst und dem Gef\u00fchl, betrogen worden zu sein. Die Italienerin Angela Carini etwa verlie\u00df w\u00e4hrend ihres Kampfes gegen Khelif weinend den Ring. Die Ungarin Luca Hamori, die \u00f6ffentlich Zweifel an Khelifs Geschlecht \u00e4u\u00dferte, wurde in den sozialen Medien massiv beschimpft. Heute f\u00fchlen sich diese Athletinnen best\u00e4tigt\u00a0\u2013 doch der Preis war hoch.<\/p>\n<p data-start=\"3135\" data-end=\"3554\">&#8220;Wir wussten, was wir sahen\u00a0\u2013 aber niemand wollte uns glauben&#8221;, sagte eine mexikanische Athletin r\u00fcckblickend. Tats\u00e4chlich war es vor allem der Widerstand lateinamerikanischer Verb\u00e4nde, der den Stein ins Rollen brachte und World Boxing dazu zwang, eine umfassende medizinische Pr\u00fcfung einzuf\u00fchren. K\u00fcnftig m\u00fcssen Athletinnen \u00fcber 18\u00a0Jahren einen genetischen Test bestehen, um f\u00fcr Frauenwettbewerbe zugelassen zu werden.<\/p>\n<p data-start=\"3628\" data-end=\"4069\">Kritiker dieser Entwicklung sprechen von einem R\u00fcckfall in starre Geschlechterrollen und sehen die Rechte transidenter oder intergeschlechtlicher Athleten gef\u00e4hrdet. Doch die Bef\u00fcrworter argumentieren mit der Schutzfunktion des Frauensports: Es gehe nicht um Ausgrenzung, sondern um Fairness und k\u00f6rperliche Unversehrtheit. Denn im Kampfsport entscheidet Biologie \u00fcber Sieg oder Niederlage\u00a0\u2013 und nicht das subjektive Empfinden von Identit\u00e4t.<\/p>\n<p data-start=\"4071\" data-end=\"4420\">Das IOC schweigt bislang weitgehend zur aktuellen Entwicklung. Pr\u00e4sident Thomas Bach hatte im Fr\u00fchjahr\u00a02024 noch vor einer &#8220;russischen Desinformationskampagne&#8221; gewarnt. Doch die nun ver\u00f6ffentlichten Labordaten stammen von einem in Indien akkreditierten Zentrum, zertifiziert nach internationalen Standards. Die Zweifel werden schwerer zu entkr\u00e4ften.<\/p>\n<p data-start=\"4071\" data-end=\"4420\">Ob Khelif ihre Goldmedaille verlieren wird, ist noch offen. Doch das Vertrauen ist bereits verloren\u00a0\u2013 und mit ihm die Unschuld eines olympischen Sommers, der viele Fragen hinterl\u00e4sst.<\/p>\n<p data-start=\"4071\" data-end=\"4420\"><strong>Mehr zum Thema<\/strong>\u00a0\u2013\u00a0<a rel=\"nofollow noopener\" target=\"_blank\" href=\"https:\/\/freedert.online\/international\/238809-irland-gesetzentwurf-zu-entsendung-von-spezialkraeften-in-die-ukraine-angenommen\/\">Irland: Gesetzentwurf zu Entsendung von Spezialkr\u00e4ften in die Ukraine angenommen<\/a><\/p>\n<div class=\"EmbedBlock-root EmbedBlock-externalVideo EmbedBlock-rumble\">\n<div class=\"VkEmbed\"><iframe class=\"lazyload\" data-src=\"https:\/\/rumble.com\/embed\/v6om60c\" frameborder=\"0\" width=\"853\" height=\"480\" allowfullscreen><\/iframe><\/div>\n<\/div>\n<\/div>\n<p><br \/>\n<br \/><a href=\"https:\/\/de.rt.com\/international\/246782-box-welt-erschuettert-imane-khelif-ist-biologisch-ein-mann\/\">Source link <\/a><\/p>\n","protected":false},"excerpt":{"rendered":"<p>Ein genetisches Gutachten best\u00e4tigt: Die algerische Olympiasiegerin Imane Khelif ist biologisch m\u00e4nnlich. Der Box-Weltverband entschuldigt sich f\u00fcr die \u00f6ffentliche Nennung ihres Namens\u00a0\u2013 und zieht Konsequenzen. Der Fall stellt den Schutz des Frauensports grunds\u00e4tzlich infrage. Im August\u00a02024 feierte Imane Khelif im Ring von Paris einen historischen Triumph\u00a0\u2013 Gold in der Gewichtsklasse bis 66\u00a0Kilogramm. Es war ein [&hellip;]<\/p>\n","protected":false},"author":3,"featured_media":84972,"comment_status":"open","ping_status":"open","sticky":false,"template":"","format":"standard","meta":{"_yoast_indexnow_last_ping":["1748978135"],"wp_automatic_camp":["217"],"a9fba72c68dcde2ee6e4fd72a92041c7":["Box-Welt ersch\u00fcttert: Imane Khelif ist biologisch ein Mann"],"original_link":["https:\/\/de.rt.com\/international\/246782-box-welt-erschuettert-imane-khelif-ist-biologisch-ein-mann\/"],"_thumbnail_id":["84972"],"_wptgpro_p2tg_sent2tg":["a:1:{i:23737;s:19:\"2025-06-03 21:16:37\";}"],"jnews_social_counter_last_update":["1777271001"]},"categories":[19,23],"tags":[65470,65469,357,26978,57530,414,57248,8042],"yoast_head":"<!-- This site is optimized with the Yoast SEO Premium plugin v22.7 (Yoast SEO v22.7) - https:\/\/yoast.com\/wordpress\/plugins\/seo\/ -->\n<title>Box-Welt ersch\u00fcttert: Imane Khelif ist biologisch ein Mann - just-now.NEWS Deutschland<\/title>\n<meta name=\"robots\" content=\"index, follow, max-snippet:-1, max-image-preview:large, max-video-preview:-1\" \/>\n<link rel=\"canonical\" href=\"https:\/\/now-news.de\/de\/deutschland\/box-welt-erschuettert-imane-khelif-ist-biologisch-ein-mann\/\" \/>\n<meta property=\"og:locale\" content=\"de_DE\" \/>\n<meta property=\"og:type\" content=\"article\" \/>\n<meta property=\"og:title\" content=\"Box-Welt ersch\u00fcttert: Imane Khelif ist biologisch ein Mann\" \/>\n<meta property=\"og:description\" content=\"Ein genetisches Gutachten best\u00e4tigt: Die algerische Olympiasiegerin Imane Khelif ist biologisch m\u00e4nnlich. Der Box-Weltverband entschuldigt sich f\u00fcr die \u00f6ffentliche Nennung ihres Namens\u00a0\u2013 und zieht Konsequenzen. Der Fall stellt den Schutz des Frauensports grunds\u00e4tzlich infrage. Im August\u00a02024 feierte Imane Khelif im Ring von Paris einen historischen Triumph\u00a0\u2013 Gold in der Gewichtsklasse bis 66\u00a0Kilogramm. Es war ein [&hellip;]\" \/>\n<meta property=\"og:url\" content=\"https:\/\/now-news.de\/de\/deutschland\/box-welt-erschuettert-imane-khelif-ist-biologisch-ein-mann\/\" \/>\n<meta property=\"og:site_name\" content=\"just-now.NEWS Deutschland\" \/>\n<meta property=\"article:publisher\" content=\"https:\/\/www.facebook.com\/wirmachenauf\" \/>\n<meta property=\"article:published_time\" content=\"2025-06-03T19:02:15+00:00\" \/>\n<meta property=\"og:image\" content=\"https:\/\/now-news.de\/de\/wp-content\/uploads\/sites\/3\/2025\/06\/683f344148fbef08dc3bc9e6.jpg\" \/>\n<meta name=\"author\" content=\"rtnews\" \/>\n<meta name=\"twitter:card\" content=\"summary_large_image\" \/>\n<meta name=\"twitter:creator\" content=\"@WirMachenAuf_de\" \/>\n<meta name=\"twitter:site\" content=\"@WirMachenAuf_de\" \/>\n<meta name=\"twitter:label1\" content=\"Verfasst von\" \/>\n\t<meta name=\"twitter:data1\" content=\"rtnews\" \/>\n\t<meta name=\"twitter:label2\" content=\"Gesch\u00e4tzte Lesezeit\" \/>\n\t<meta name=\"twitter:data2\" content=\"3\u00a0Minuten\" \/>\n<script type=\"application\/ld+json\" class=\"yoast-schema-graph\">{\"@context\":\"https:\/\/schema.org\",\"@graph\":[{\"@type\":\"Article\",\"@id\":\"https:\/\/now-news.de\/de\/deutschland\/box-welt-erschuettert-imane-khelif-ist-biologisch-ein-mann\/#article\",\"isPartOf\":{\"@id\":\"https:\/\/now-news.de\/de\/deutschland\/box-welt-erschuettert-imane-khelif-ist-biologisch-ein-mann\/\"},\"author\":{\"name\":\"rtnews\",\"@id\":\"https:\/\/now-news.de\/de\/#\/schema\/person\/fb534a4e865501d8b3285208df34a9b5\"},\"headline\":\"Box-Welt ersch\u00fcttert: Imane Khelif ist biologisch ein Mann\",\"datePublished\":\"2025-06-03T19:02:15+00:00\",\"dateModified\":\"2025-06-03T19:02:15+00:00\",\"mainEntityOfPage\":{\"@id\":\"https:\/\/now-news.de\/de\/deutschland\/box-welt-erschuettert-imane-khelif-ist-biologisch-ein-mann\/\"},\"wordCount\":674,\"commentCount\":0,\"publisher\":{\"@id\":\"https:\/\/now-news.de\/de\/#organization\"},\"image\":{\"@id\":\"https:\/\/now-news.de\/de\/deutschland\/box-welt-erschuettert-imane-khelif-ist-biologisch-ein-mann\/#primaryimage\"},\"thumbnailUrl\":\"https:\/\/now-news.de\/de\/wp-content\/uploads\/sites\/3\/2025\/06\/Box-Welt-erschuettert-Imane-Khelif-ist-biologisch-ein-Mann.jpg\",\"keywords\":[\"biologisch\",\"BoxWelt\",\"ein\",\"ersch\u00fcttert\",\"Imane\",\"ist\",\"Khelif\",\"Mann\"],\"articleSection\":[\"Deutschland\",\"Russland\"],\"inLanguage\":\"de\",\"potentialAction\":[{\"@type\":\"CommentAction\",\"name\":\"Comment\",\"target\":[\"https:\/\/now-news.de\/de\/deutschland\/box-welt-erschuettert-imane-khelif-ist-biologisch-ein-mann\/#respond\"]}]},{\"@type\":\"WebPage\",\"@id\":\"https:\/\/now-news.de\/de\/deutschland\/box-welt-erschuettert-imane-khelif-ist-biologisch-ein-mann\/\",\"url\":\"https:\/\/now-news.de\/de\/deutschland\/box-welt-erschuettert-imane-khelif-ist-biologisch-ein-mann\/\",\"name\":\"Box-Welt ersch\u00fcttert: Imane Khelif ist biologisch ein Mann - just-now.NEWS Deutschland\",\"isPartOf\":{\"@id\":\"https:\/\/now-news.de\/de\/#website\"},\"primaryImageOfPage\":{\"@id\":\"https:\/\/now-news.de\/de\/deutschland\/box-welt-erschuettert-imane-khelif-ist-biologisch-ein-mann\/#primaryimage\"},\"image\":{\"@id\":\"https:\/\/now-news.de\/de\/deutschland\/box-welt-erschuettert-imane-khelif-ist-biologisch-ein-mann\/#primaryimage\"},\"thumbnailUrl\":\"https:\/\/now-news.de\/de\/wp-content\/uploads\/sites\/3\/2025\/06\/Box-Welt-erschuettert-Imane-Khelif-ist-biologisch-ein-Mann.jpg\",\"datePublished\":\"2025-06-03T19:02:15+00:00\",\"dateModified\":\"2025-06-03T19:02:15+00:00\",\"breadcrumb\":{\"@id\":\"https:\/\/now-news.de\/de\/deutschland\/box-welt-erschuettert-imane-khelif-ist-biologisch-ein-mann\/#breadcrumb\"},\"inLanguage\":\"de\",\"potentialAction\":[{\"@type\":\"ReadAction\",\"target\":[\"https:\/\/now-news.de\/de\/deutschland\/box-welt-erschuettert-imane-khelif-ist-biologisch-ein-mann\/\"]}]},{\"@type\":\"ImageObject\",\"inLanguage\":\"de\",\"@id\":\"https:\/\/now-news.de\/de\/deutschland\/box-welt-erschuettert-imane-khelif-ist-biologisch-ein-mann\/#primaryimage\",\"url\":\"https:\/\/now-news.de\/de\/wp-content\/uploads\/sites\/3\/2025\/06\/Box-Welt-erschuettert-Imane-Khelif-ist-biologisch-ein-Mann.jpg\",\"contentUrl\":\"https:\/\/now-news.de\/de\/wp-content\/uploads\/sites\/3\/2025\/06\/Box-Welt-erschuettert-Imane-Khelif-ist-biologisch-ein-Mann.jpg\",\"width\":1571,\"height\":1080,\"caption\":\"Box-Welt ersch\u00fcttert: Imane Khelif ist biologisch ein Mann\"},{\"@type\":\"BreadcrumbList\",\"@id\":\"https:\/\/now-news.de\/de\/deutschland\/box-welt-erschuettert-imane-khelif-ist-biologisch-ein-mann\/#breadcrumb\",\"itemListElement\":[{\"@type\":\"ListItem\",\"position\":1,\"name\":\"Home\",\"item\":\"https:\/\/now-news.de\/de\/\"},{\"@type\":\"ListItem\",\"position\":2,\"name\":\"Box-Welt ersch\u00fcttert: Imane Khelif ist biologisch ein Mann\"}]},{\"@type\":\"WebSite\",\"@id\":\"https:\/\/now-news.de\/de\/#website\",\"url\":\"https:\/\/now-news.de\/de\/\",\"name\":\"just-now.NEWS Deutschland\",\"description\":\"Das Portal f\u00fcr unzensierte Nachrichten aus der Welt\",\"publisher\":{\"@id\":\"https:\/\/now-news.de\/de\/#organization\"},\"potentialAction\":[{\"@type\":\"SearchAction\",\"target\":{\"@type\":\"EntryPoint\",\"urlTemplate\":\"https:\/\/now-news.de\/de\/?s={search_term_string}\"},\"query-input\":\"required name=search_term_string\"}],\"inLanguage\":\"de\"},{\"@type\":\"Organization\",\"@id\":\"https:\/\/now-news.de\/de\/#organization\",\"name\":\"Just Now News\",\"url\":\"https:\/\/now-news.de\/de\/\",\"logo\":{\"@type\":\"ImageObject\",\"inLanguage\":\"de\",\"@id\":\"https:\/\/now-news.de\/de\/#\/schema\/logo\/image\/\",\"url\":\"http:\/\/just-now.news\/de\/wp-content\/uploads\/sites\/3\/2022\/04\/logo500x500.jpg\",\"contentUrl\":\"http:\/\/just-now.news\/de\/wp-content\/uploads\/sites\/3\/2022\/04\/logo500x500.jpg\",\"width\":500,\"height\":500,\"caption\":\"Just Now News\"},\"image\":{\"@id\":\"https:\/\/now-news.de\/de\/#\/schema\/logo\/image\/\"},\"sameAs\":[\"https:\/\/www.facebook.com\/wirmachenauf\",\"https:\/\/x.com\/WirMachenAuf_de\"]},{\"@type\":\"Person\",\"@id\":\"https:\/\/now-news.de\/de\/#\/schema\/person\/fb534a4e865501d8b3285208df34a9b5\",\"name\":\"rtnews\",\"image\":{\"@type\":\"ImageObject\",\"inLanguage\":\"de\",\"@id\":\"https:\/\/now-news.de\/de\/#\/schema\/person\/image\/\",\"url\":\"https:\/\/secure.gravatar.com\/avatar\/82aafea7d8127119dd649515f56e2117?s=96&d=mm&r=g\",\"contentUrl\":\"https:\/\/secure.gravatar.com\/avatar\/82aafea7d8127119dd649515f56e2117?s=96&d=mm&r=g\",\"caption\":\"rtnews\"},\"url\":\"https:\/\/now-news.de\/de\/author\/rnews\/\"}]}<\/script>\n<!-- \/ Yoast SEO Premium plugin. -->","yoast_head_json":{"title":"Box-Welt ersch\u00fcttert: Imane Khelif ist biologisch ein Mann - just-now.NEWS Deutschland","robots":{"index":"index","follow":"follow","max-snippet":"max-snippet:-1","max-image-preview":"max-image-preview:large","max-video-preview":"max-video-preview:-1"},"canonical":"https:\/\/now-news.de\/de\/deutschland\/box-welt-erschuettert-imane-khelif-ist-biologisch-ein-mann\/","og_locale":"de_DE","og_type":"article","og_title":"Box-Welt ersch\u00fcttert: Imane Khelif ist biologisch ein Mann","og_description":"Ein genetisches Gutachten best\u00e4tigt: Die algerische Olympiasiegerin Imane Khelif ist biologisch m\u00e4nnlich. Der Box-Weltverband entschuldigt sich f\u00fcr die \u00f6ffentliche Nennung ihres Namens\u00a0\u2013 und zieht Konsequenzen. Der Fall stellt den Schutz des Frauensports grunds\u00e4tzlich infrage. Im August\u00a02024 feierte Imane Khelif im Ring von Paris einen historischen Triumph\u00a0\u2013 Gold in der Gewichtsklasse bis 66\u00a0Kilogramm. Es war ein [&hellip;]","og_url":"https:\/\/now-news.de\/de\/deutschland\/box-welt-erschuettert-imane-khelif-ist-biologisch-ein-mann\/","og_site_name":"just-now.NEWS Deutschland","article_publisher":"https:\/\/www.facebook.com\/wirmachenauf","article_published_time":"2025-06-03T19:02:15+00:00","og_image":[{"url":"https:\/\/now-news.de\/de\/wp-content\/uploads\/sites\/3\/2025\/06\/683f344148fbef08dc3bc9e6.jpg"}],"author":"rtnews","twitter_card":"summary_large_image","twitter_creator":"@WirMachenAuf_de","twitter_site":"@WirMachenAuf_de","twitter_misc":{"Verfasst von":"rtnews","Gesch\u00e4tzte Lesezeit":"3\u00a0Minuten"},"schema":{"@context":"https:\/\/schema.org","@graph":[{"@type":"Article","@id":"https:\/\/now-news.de\/de\/deutschland\/box-welt-erschuettert-imane-khelif-ist-biologisch-ein-mann\/#article","isPartOf":{"@id":"https:\/\/now-news.de\/de\/deutschland\/box-welt-erschuettert-imane-khelif-ist-biologisch-ein-mann\/"},"author":{"name":"rtnews","@id":"https:\/\/now-news.de\/de\/#\/schema\/person\/fb534a4e865501d8b3285208df34a9b5"},"headline":"Box-Welt ersch\u00fcttert: Imane Khelif ist biologisch ein Mann","datePublished":"2025-06-03T19:02:15+00:00","dateModified":"2025-06-03T19:02:15+00:00","mainEntityOfPage":{"@id":"https:\/\/now-news.de\/de\/deutschland\/box-welt-erschuettert-imane-khelif-ist-biologisch-ein-mann\/"},"wordCount":674,"commentCount":0,"publisher":{"@id":"https:\/\/now-news.de\/de\/#organization"},"image":{"@id":"https:\/\/now-news.de\/de\/deutschland\/box-welt-erschuettert-imane-khelif-ist-biologisch-ein-mann\/#primaryimage"},"thumbnailUrl":"https:\/\/now-news.de\/de\/wp-content\/uploads\/sites\/3\/2025\/06\/Box-Welt-erschuettert-Imane-Khelif-ist-biologisch-ein-Mann.jpg","keywords":["biologisch","BoxWelt","ein","ersch\u00fcttert","Imane","ist","Khelif","Mann"],"articleSection":["Deutschland","Russland"],"inLanguage":"de","potentialAction":[{"@type":"CommentAction","name":"Comment","target":["https:\/\/now-news.de\/de\/deutschland\/box-welt-erschuettert-imane-khelif-ist-biologisch-ein-mann\/#respond"]}]},{"@type":"WebPage","@id":"https:\/\/now-news.de\/de\/deutschland\/box-welt-erschuettert-imane-khelif-ist-biologisch-ein-mann\/","url":"https:\/\/now-news.de\/de\/deutschland\/box-welt-erschuettert-imane-khelif-ist-biologisch-ein-mann\/","name":"Box-Welt ersch\u00fcttert: Imane Khelif ist biologisch ein Mann - just-now.NEWS Deutschland","isPartOf":{"@id":"https:\/\/now-news.de\/de\/#website"},"primaryImageOfPage":{"@id":"https:\/\/now-news.de\/de\/deutschland\/box-welt-erschuettert-imane-khelif-ist-biologisch-ein-mann\/#primaryimage"},"image":{"@id":"https:\/\/now-news.de\/de\/deutschland\/box-welt-erschuettert-imane-khelif-ist-biologisch-ein-mann\/#primaryimage"},"thumbnailUrl":"https:\/\/now-news.de\/de\/wp-content\/uploads\/sites\/3\/2025\/06\/Box-Welt-erschuettert-Imane-Khelif-ist-biologisch-ein-Mann.jpg","datePublished":"2025-06-03T19:02:15+00:00","dateModified":"2025-06-03T19:02:15+00:00","breadcrumb":{"@id":"https:\/\/now-news.de\/de\/deutschland\/box-welt-erschuettert-imane-khelif-ist-biologisch-ein-mann\/#breadcrumb"},"inLanguage":"de","potentialAction":[{"@type":"ReadAction","target":["https:\/\/now-news.de\/de\/deutschland\/box-welt-erschuettert-imane-khelif-ist-biologisch-ein-mann\/"]}]},{"@type":"ImageObject","inLanguage":"de","@id":"https:\/\/now-news.de\/de\/deutschland\/box-welt-erschuettert-imane-khelif-ist-biologisch-ein-mann\/#primaryimage","url":"https:\/\/now-news.de\/de\/wp-content\/uploads\/sites\/3\/2025\/06\/Box-Welt-erschuettert-Imane-Khelif-ist-biologisch-ein-Mann.jpg","contentUrl":"https:\/\/now-news.de\/de\/wp-content\/uploads\/sites\/3\/2025\/06\/Box-Welt-erschuettert-Imane-Khelif-ist-biologisch-ein-Mann.jpg","width":1571,"height":1080,"caption":"Box-Welt ersch\u00fcttert: Imane Khelif ist biologisch ein Mann"},{"@type":"BreadcrumbList","@id":"https:\/\/now-news.de\/de\/deutschland\/box-welt-erschuettert-imane-khelif-ist-biologisch-ein-mann\/#breadcrumb","itemListElement":[{"@type":"ListItem","position":1,"name":"Home","item":"https:\/\/now-news.de\/de\/"},{"@type":"ListItem","position":2,"name":"Box-Welt ersch\u00fcttert: Imane Khelif ist biologisch ein Mann"}]},{"@type":"WebSite","@id":"https:\/\/now-news.de\/de\/#website","url":"https:\/\/now-news.de\/de\/","name":"just-now.NEWS Deutschland","description":"Das Portal f\u00fcr unzensierte Nachrichten aus der Welt","publisher":{"@id":"https:\/\/now-news.de\/de\/#organization"},"potentialAction":[{"@type":"SearchAction","target":{"@type":"EntryPoint","urlTemplate":"https:\/\/now-news.de\/de\/?s={search_term_string}"},"query-input":"required name=search_term_string"}],"inLanguage":"de"},{"@type":"Organization","@id":"https:\/\/now-news.de\/de\/#organization","name":"Just Now News","url":"https:\/\/now-news.de\/de\/","logo":{"@type":"ImageObject","inLanguage":"de","@id":"https:\/\/now-news.de\/de\/#\/schema\/logo\/image\/","url":"http:\/\/just-now.news\/de\/wp-content\/uploads\/sites\/3\/2022\/04\/logo500x500.jpg","contentUrl":"http:\/\/just-now.news\/de\/wp-content\/uploads\/sites\/3\/2022\/04\/logo500x500.jpg","width":500,"height":500,"caption":"Just Now News"},"image":{"@id":"https:\/\/now-news.de\/de\/#\/schema\/logo\/image\/"},"sameAs":["https:\/\/www.facebook.com\/wirmachenauf","https:\/\/x.com\/WirMachenAuf_de"]},{"@type":"Person","@id":"https:\/\/now-news.de\/de\/#\/schema\/person\/fb534a4e865501d8b3285208df34a9b5","name":"rtnews","image":{"@type":"ImageObject","inLanguage":"de","@id":"https:\/\/now-news.de\/de\/#\/schema\/person\/image\/","url":"https:\/\/secure.gravatar.com\/avatar\/82aafea7d8127119dd649515f56e2117?s=96&d=mm&r=g","contentUrl":"https:\/\/secure.gravatar.com\/avatar\/82aafea7d8127119dd649515f56e2117?s=96&d=mm&r=g","caption":"rtnews"},"url":"https:\/\/now-news.de\/de\/author\/rnews\/"}]}},"_links":{"self":[{"href":"https:\/\/now-news.de\/de\/wp-json\/wp\/v2\/posts\/84971"}],"collection":[{"href":"https:\/\/now-news.de\/de\/wp-json\/wp\/v2\/posts"}],"about":[{"href":"https:\/\/now-news.de\/de\/wp-json\/wp\/v2\/types\/post"}],"author":[{"embeddable":true,"href":"https:\/\/now-news.de\/de\/wp-json\/wp\/v2\/users\/3"}],"replies":[{"embeddable":true,"href":"https:\/\/now-news.de\/de\/wp-json\/wp\/v2\/comments?post=84971"}],"version-history":[{"count":0,"href":"https:\/\/now-news.de\/de\/wp-json\/wp\/v2\/posts\/84971\/revisions"}],"wp:featuredmedia":[{"embeddable":true,"href":"https:\/\/now-news.de\/de\/wp-json\/wp\/v2\/media\/84972"}],"wp:attachment":[{"href":"https:\/\/now-news.de\/de\/wp-json\/wp\/v2\/media?parent=84971"}],"wp:term":[{"taxonomy":"category","embeddable":true,"href":"https:\/\/now-news.de\/de\/wp-json\/wp\/v2\/categories?post=84971"},{"taxonomy":"post_tag","embeddable":true,"href":"https:\/\/now-news.de\/de\/wp-json\/wp\/v2\/tags?post=84971"}],"curies":[{"name":"wp","href":"https:\/\/api.w.org\/{rel}","templated":true}]}}