{"id":8497,"date":"2022-05-22T04:34:00","date_gmt":"2022-05-22T02:34:00","guid":{"rendered":"http:\/\/just-now.news\/de\/usa\/antifa-terrorist-wegen-versuchten-totschlags-in-vier-faellen-verurteilt-weil-er-auf-einen-fahrer-geschossen-hat-der-versuchte-randalierer-zu-fliehen-bekommt-keine-gefaengnisstrafe\/"},"modified":"2022-05-22T04:34:00","modified_gmt":"2022-05-22T02:34:00","slug":"antifa-terrorist-wegen-versuchten-totschlags-in-vier-faellen-verurteilt-weil-er-auf-einen-fahrer-geschossen-hat-der-versuchte-randalierer-zu-fliehen-bekommt-keine-gefaengnisstrafe","status":"publish","type":"post","link":"https:\/\/now-news.de\/de\/usa\/antifa-terrorist-wegen-versuchten-totschlags-in-vier-faellen-verurteilt-weil-er-auf-einen-fahrer-geschossen-hat-der-versuchte-randalierer-zu-fliehen-bekommt-keine-gefaengnisstrafe\/","title":{"rendered":"Antifa-Terrorist wegen versuchten Totschlags in vier F\u00e4llen verurteilt, weil er auf einen Fahrer geschossen hat, der versuchte, Randalierer zu fliehen \u2013 bekommt KEINE Gef\u00e4ngnisstrafe \u2013 erschoss und verletzte zwei Mitprotestierende"},"content":{"rendered":"<div class=\"entry-content\">\n<h3><\/h3>\n<p>W\u00e4hrend der Antifa-BLM-Unruhen von 2020 sperrten Demonstranten in Aurora, Colorado, am Nachmittag die Interstate 255.<\/p>\n<p>Wie Cassandra Fairbanks damals berichtete \u2013 Eine Familie versuchte in einem Fahrzeug, durch die Menge der Demonstranten zu fahren, die auf der I-225 in Aurora, Colorado, liefen.  Da zog ein w\u00fctender Demonstrant eine Waffe und begann zu schie\u00dfen.  Der Terrorist schoss auf andere Demonstranten, w\u00e4hrend er versuchte, den Fahrer des Autos zu erschie\u00dfen.<\/p>\n<div id=\"IC1-ad\" class=\"sponsor IC1\">\n<p class=\"ad-notice flipboard-remove\" fl:fl-noexcerpt=\"true\">Werbung \u2013 die Geschichte geht unten weiter<\/p>\n<div id=\"IC1\">\n<script>\n\t\t\t\t\tif( FFADS.units.IC1 && FFADS.units.IC1.ad_type == 'custom' && FFADS.units.IC1.custom_ads && ! getCookie( 'ff_subbed' ) ) {\n\t\t\t\t\t\tdocument.getElementById( 'IC1' ).innerHTML = FFADS.units.IC1.custom_ads[0].code;\n\t\t\t\t\t\tif( ! FFADS.units.IC1.lazy_load ) eval( FFADS.units.IC1.custom_ads[0].rendering_script );\n\t\t\t\t\t}\n\t\t\t\t\telse if( FFADS.units.IC1 && ! getCookie( 'ff_subbed' ) ) {\n\t\t\t\t\t\tif( 'IC' != 'SB' && 'IC' != 'SA' && FFADS.use_fixed_containers ) {\n\t\t\t\t\t\t\tlet max_wh = firefly_size_list_to_max_wh( FFADS.units.IC1.sizes );\n\t\t\t\t\t\t\tlet el = document.querySelector( '#IC1' );\n\t\t\t\t\t\t\tif( 'IC' != 'SA' && FFADS.slide_pixels ) {\n\t\t\t\t\t\t\t\tmax_wh[1] += parseInt( FFADS.slide_pixels );\n\t\t\t\t\t\t\t\tel.classList.add( 'sliding' );\n\t\t\t\t\t\t\t}\n\t\t\t\t\t\t\tel.style.width = max_wh[0] + 'px';\n\t\t\t\t\t\t\tel.style.height = max_wh[1] + 'px';\n\t\t\t\t\t\t\tel.classList.add( 'fixed-size' );\n\t\t\t\t\t\t}\n\t\t\t\t\t\tgoogletag.cmd.push( function() {\n\t\t\t\t\t\t\tFFADS.debug( 'googletag.displaying IC1' );\n\t\t\t\t\t\t\tgoogletag.display( 'IC1' );\n\t\t\t\t\t\t} );\n\t\t\t\t\t}\n\t\t\t\t\telse {\n\t\t\t\t\t\tdocument.querySelector( '#IC1-ad' ).style.display = 'none';}\n\t\t\t\t<\/script><\/div>\n<\/div>\n<p>Dies war ein versuchter Mord am helllichten Tag, der auf Video festgehalten wurde.<\/p>\n<p><strong>Mindestens zwei Demonstranten wurden von Kugeln getroffen oder gestreift, als der andere \u201eDemonstranten\u201c versuchte, den Fahrer zu erschie\u00dfen.<\/strong> Es gab mehrere Sch\u00fcsse auf das Auto, aber die Personen im Inneren schienen nicht verletzt zu sein.<\/p>\n<p><script>\n\t\t\t\t\tif( ! getCookie( 'ff_subbed' ) ) if( typeof FFADS.replace_ict != 'undefined' ) if( FFADS.replace_ict ) eval( FFADS.replace_ict );\n\t\t\t\t<\/script><\/p>\n<blockquote class=\"twitter-tweet\">\n<p dir=\"ltr\" lang=\"en\">Hier ist ein Video von einem Fahrzeug, auf das heute in Aurora, CO, von Randalierern geschossen wurde.<\/p>\n<p>Ein paar Anmerkungen: Der Jeep fuhr eine offene Spur entlang, es scheint, als h\u00e4tte ihn zuvor ein platter Reifen von Randalierern besch\u00e4digt, die Randalierer schie\u00dfen auf ihn, nachdem er an ihnen vorbeigefahren ist, ohne jemanden zu treffen <a rel=\"nofollow noopener\" target=\"_blank\" href=\"https:\/\/t.co\/wPWzFYIuqE\">pic.twitter.com\/wPWzFYIuqE<\/a><\/p>\n<p>\u2013 Brett MacDonald (@TweetBrettMac) <a rel=\"nofollow noopener\" target=\"_blank\" href=\"https:\/\/twitter.com\/TweetBrettMac\/status\/1287266843510669312\">26. Juli 2020<\/a><\/p>\n<\/blockquote>\n<p><script async src=\"https:\/\/platform.twitter.com\/widgets.js\" charset=\"utf-8\"><\/script><\/p>\n<div id=\"IC2-ad\" class=\"sponsor IC2\">\n<p class=\"ad-notice flipboard-remove\" fl:fl-noexcerpt=\"true\">Werbung \u2013 die Geschichte geht unten weiter<\/p>\n<div id=\"IC2\">\n<script>\n\t\t\t\t\tif( FFADS.units.IC2 && FFADS.units.IC2.ad_type == 'custom' && FFADS.units.IC2.custom_ads && ! getCookie( 'ff_subbed' ) ) {\n\t\t\t\t\t\tdocument.getElementById( 'IC2' ).innerHTML = FFADS.units.IC2.custom_ads[0].code;\n\t\t\t\t\t\tif( ! FFADS.units.IC2.lazy_load ) eval( FFADS.units.IC2.custom_ads[0].rendering_script );\n\t\t\t\t\t}\n\t\t\t\t\telse if( FFADS.units.IC2 && ! getCookie( 'ff_subbed' ) ) {\n\t\t\t\t\t\tif( 'IC' != 'SB' && 'IC' != 'SA' && FFADS.use_fixed_containers ) {\n\t\t\t\t\t\t\tlet max_wh = firefly_size_list_to_max_wh( FFADS.units.IC2.sizes );\n\t\t\t\t\t\t\tlet el = document.querySelector( '#IC2' );\n\t\t\t\t\t\t\tif( 'IC' != 'SA' && FFADS.slide_pixels ) {\n\t\t\t\t\t\t\t\tmax_wh[1] += parseInt( FFADS.slide_pixels );\n\t\t\t\t\t\t\t\tel.classList.add( 'sliding' );\n\t\t\t\t\t\t\t}\n\t\t\t\t\t\t\tel.style.width = max_wh[0] + 'px';\n\t\t\t\t\t\t\tel.style.height = max_wh[1] + 'px';\n\t\t\t\t\t\t\tel.classList.add( 'fixed-size' );\n\t\t\t\t\t\t}\n\t\t\t\t\t\tgoogletag.cmd.push( function() {\n\t\t\t\t\t\t\tFFADS.debug( 'googletag.displaying IC2' );\n\t\t\t\t\t\t\tgoogletag.display( 'IC2' );\n\t\t\t\t\t\t} );\n\t\t\t\t\t}\n\t\t\t\t\telse {\n\t\t\t\t\t\tdocument.querySelector( '#IC2-ad' ).style.display = 'none';}\n\t\t\t\t<\/script><\/div>\n<\/div>\n<p>\u201eW\u00e4hrend die Demonstranten auf der I-225 gingen, beschloss ein Fahrzeug, durch die Menge zu fahren.  Ein Demonstrant beschloss, eine Waffe abzufeuern, und schlug dabei mindestens einen anderen Demonstranten.  Sie wurden in stabilem Zustand ins Krankenhaus transportiert\u201c, twitterte die Aurora Police Department.<\/p>\n<p><strong>Im Auto sa\u00df eine Familie, die von dem bewaffneten Demonstranten angesprochen wurde.<\/strong><\/p>\n<blockquote class=\"twitter-tweet\">\n<p dir=\"ltr\" lang=\"en\">Diese Schie\u00dferei ist also gerade beim BLM-Aufruhr in Aurora passiert.  Da war ein Auto mit einer Familie drin, sie n\u00e4hern sich dem Auto mit einem Gewehr \u2026 Das Auto rast davon.  Sie haben fast eine Familie hingerichtet, genau wie sie die Teenager im Seattle Chop hingerichtet haben. <a rel=\"nofollow noopener\" target=\"_blank\" href=\"https:\/\/twitter.com\/hashtag\/aurora?src=hash&amp;ref_src=twsrc%5Etfw\">#Aurora<\/a> <a rel=\"nofollow noopener\" target=\"_blank\" href=\"https:\/\/twitter.com\/hashtag\/protests?src=hash&amp;ref_src=twsrc%5Etfw\">#Proteste<\/a> <a rel=\"nofollow noopener\" target=\"_blank\" href=\"https:\/\/twitter.com\/hashtag\/antifa?src=hash&amp;ref_src=twsrc%5Etfw\">#antifa<\/a> <a rel=\"nofollow noopener\" target=\"_blank\" href=\"https:\/\/twitter.com\/hashtag\/BLM?src=hash&amp;ref_src=twsrc%5Etfw\">#BLM<\/a> <a rel=\"nofollow noopener\" target=\"_blank\" href=\"https:\/\/t.co\/lEBCyKlWAt\">pic.twitter.com\/lEBCyKlWAt<\/a><\/p>\n<p>\u2013 Justin Roberts (@Crawnchee) <a rel=\"nofollow noopener\" target=\"_blank\" href=\"https:\/\/twitter.com\/Crawnchee\/status\/1287202176457089026\">26. Juli 2020<\/a><\/p>\n<\/blockquote>\n<p><script async src=\"https:\/\/platform.twitter.com\/widgets.js\" charset=\"utf-8\"><\/script><\/p>\n<p>In einem Follow-up schrieb die Abteilung, dass \u201ejemand anderes mit einer Sch\u00fcrfwunde im Krankenhaus aufgetaucht ist.  Das Fahrzeug wurde abgeschleppt und wir untersuchen diesen Vorfall.\u201c<\/p>\n<div id=\"IC3-ad\" class=\"sponsor IC3\">\n<p class=\"ad-notice flipboard-remove\" fl:fl-noexcerpt=\"true\">Werbung \u2013 die Geschichte geht unten weiter<\/p>\n<div id=\"IC3\">\n<script>\n\t\t\t\t\tif( FFADS.units.IC3 && FFADS.units.IC3.ad_type == 'custom' && FFADS.units.IC3.custom_ads && ! getCookie( 'ff_subbed' ) ) {\n\t\t\t\t\t\tdocument.getElementById( 'IC3' ).innerHTML = FFADS.units.IC3.custom_ads[0].code;\n\t\t\t\t\t\tif( ! FFADS.units.IC3.lazy_load ) eval( FFADS.units.IC3.custom_ads[0].rendering_script );\n\t\t\t\t\t}\n\t\t\t\t\telse if( FFADS.units.IC3 && ! getCookie( 'ff_subbed' ) ) {\n\t\t\t\t\t\tif( 'IC' != 'SB' && 'IC' != 'SA' && FFADS.use_fixed_containers ) {\n\t\t\t\t\t\t\tlet max_wh = firefly_size_list_to_max_wh( FFADS.units.IC3.sizes );\n\t\t\t\t\t\t\tlet el = document.querySelector( '#IC3' );\n\t\t\t\t\t\t\tif( 'IC' != 'SA' && FFADS.slide_pixels ) {\n\t\t\t\t\t\t\t\tmax_wh[1] += parseInt( FFADS.slide_pixels );\n\t\t\t\t\t\t\t\tel.classList.add( 'sliding' );\n\t\t\t\t\t\t\t}\n\t\t\t\t\t\t\tel.style.width = max_wh[0] + 'px';\n\t\t\t\t\t\t\tel.style.height = max_wh[1] + 'px';\n\t\t\t\t\t\t\tel.classList.add( 'fixed-size' );\n\t\t\t\t\t\t}\n\t\t\t\t\t\tgoogletag.cmd.push( function() {\n\t\t\t\t\t\t\tFFADS.debug( 'googletag.displaying IC3' );\n\t\t\t\t\t\t\tgoogletag.display( 'IC3' );\n\t\t\t\t\t\t} );\n\t\t\t\t\t}\n\t\t\t\t\telse {\n\t\t\t\t\t\tdocument.querySelector( '#IC3-ad' ).style.display = 'none';}\n\t\t\t\t<\/script><\/div>\n<\/div>\n<p><strong>Am folgenden Montag nahm die Polizei den Demonstranten Samuel Young fest.<\/strong><\/p>\n<blockquote class=\"twitter-tweet\">\n<p dir=\"ltr\" lang=\"en\">Vielen Dank an alle, die Hinweise zur Identit\u00e4t des Interstate-225-Sch\u00fctzen eingereicht haben.  Wir haben eine Verhaftung vorgenommen und er ist in Haft<\/p>\n<p>Samuel Young (07.08.97) wurde wegen versuchten Totschlags in vier F\u00e4llen festgenommen.  Ein Buchungsfoto wird zu einem sp\u00e4teren Zeitpunkt ver\u00f6ffentlichthttps:\/\/t.co\/juWuKMIrSG <a rel=\"nofollow noopener\" target=\"_blank\" href=\"https:\/\/t.co\/MmmZ9jeVtt\">pic.twitter.com\/MmmZ9jeVtt<\/a><\/p>\n<p>\u2013 Aurora Polizeiabteilung ???????????????????????? (@AuroraPD) <a rel=\"nofollow noopener\" target=\"_blank\" href=\"https:\/\/twitter.com\/AuroraPD\/status\/1287970213334601728\">28. Juli 2020<\/a><\/p>\n<\/blockquote>\n<p><script async src=\"https:\/\/platform.twitter.com\/widgets.js\" charset=\"utf-8\"><\/script><\/p>\n<p>Samuel Young wurde sp\u00e4ter in vier F\u00e4llen des versuchten Mordes f\u00fcr schuldig befunden.<\/p>\n<div id=\"IC4-ad\" class=\"sponsor IC4\">\n<p class=\"ad-notice flipboard-remove\" fl:fl-noexcerpt=\"true\">Werbung \u2013 die Geschichte geht unten weiter<\/p>\n<div id=\"IC4\">\n<script>\n\t\t\t\t\tif( FFADS.units.IC4 && FFADS.units.IC4.ad_type == 'custom' && FFADS.units.IC4.custom_ads && ! getCookie( 'ff_subbed' ) ) {\n\t\t\t\t\t\tdocument.getElementById( 'IC4' ).innerHTML = FFADS.units.IC4.custom_ads[0].code;\n\t\t\t\t\t\tif( ! FFADS.units.IC4.lazy_load ) eval( FFADS.units.IC4.custom_ads[0].rendering_script );\n\t\t\t\t\t}\n\t\t\t\t\telse if( FFADS.units.IC4 && ! getCookie( 'ff_subbed' ) ) {\n\t\t\t\t\t\tif( 'IC' != 'SB' && 'IC' != 'SA' && FFADS.use_fixed_containers ) {\n\t\t\t\t\t\t\tlet max_wh = firefly_size_list_to_max_wh( FFADS.units.IC4.sizes );\n\t\t\t\t\t\t\tlet el = document.querySelector( '#IC4' );\n\t\t\t\t\t\t\tif( 'IC' != 'SA' && FFADS.slide_pixels ) {\n\t\t\t\t\t\t\t\tmax_wh[1] += parseInt( FFADS.slide_pixels );\n\t\t\t\t\t\t\t\tel.classList.add( 'sliding' );\n\t\t\t\t\t\t\t}\n\t\t\t\t\t\t\tel.style.width = max_wh[0] + 'px';\n\t\t\t\t\t\t\tel.style.height = max_wh[1] + 'px';\n\t\t\t\t\t\t\tel.classList.add( 'fixed-size' );\n\t\t\t\t\t\t}\n\t\t\t\t\t\tgoogletag.cmd.push( function() {\n\t\t\t\t\t\t\tFFADS.debug( 'googletag.displaying IC4' );\n\t\t\t\t\t\t\tgoogletag.display( 'IC4' );\n\t\t\t\t\t\t} );\n\t\t\t\t\t}\n\t\t\t\t\telse {\n\t\t\t\t\t\tdocument.querySelector( '#IC4-ad' ).style.display = 'none';}\n\t\t\t\t<\/script><\/div>\n<\/div>\n<p>Aber Samuel wird keine Zeit wegen versuchten Mordes absitzen m\u00fcssen.<\/p>\n<blockquote class=\"twitter-tweet\">\n<p dir=\"ltr\" lang=\"en\">Colorado <a rel=\"nofollow noopener\" target=\"_blank\" href=\"https:\/\/twitter.com\/hashtag\/Antifa?src=hash&amp;ref_src=twsrc%5Etfw\">#Antifa<\/a> Der Sch\u00fctze Samuel Young, der wegen versuchten Totschlags in vier F\u00e4llen verurteilt wurde, als er f\u00fcnf Mal auf einen Fahrer schoss, der versuchte, vor linksextremen Randalierern und Demonstranten auf der Autobahn zu fliehen, wurde diese Woche zu keiner Gef\u00e4ngnisstrafe verurteilt.  Lesen Sie: https:\/\/t.co\/I1gCEUFLBQ<\/p>\n<p>\u2014 Andy Ng\u00f4 ????\ufe0f\u200d???? (@MrAndyNgo) <a rel=\"nofollow noopener\" target=\"_blank\" href=\"https:\/\/twitter.com\/MrAndyNgo\/status\/1528181095723933696\">22. Mai 2022<\/a><\/p>\n<\/blockquote>\n<p><script async src=\"https:\/\/platform.twitter.com\/widgets.js\" charset=\"utf-8\"><\/script><\/p>\n<p>Andy Ngo berichtete \u00fcber Locals.<\/p>\n<div id=\"REP_0-ad\" class=\"sponsor REP\">\n<p class=\"ad-notice flipboard-remove\" fl:fl-noexcerpt=\"true\">Werbung \u2013 die Geschichte geht unten weiter<\/p>\n<div id=\"REP_0\">\n<script>\n\t\t\t\t\tif( FFADS.units.IC5 && FFADS.units.IC5.ad_type == 'custom' && FFADS.units.IC5.custom_ads && ! getCookie( 'ff_subbed' ) ) {\n\t\t\t\t\t\tdocument.getElementById( 'REP_0' ).innerHTML = FFADS.units.IC5.custom_ads[0].code;\n\t\t\t\t\t\tif( ! FFADS.units.IC5.lazy_load ) eval( FFADS.units.IC5.custom_ads[0].rendering_script );\n\t\t\t\t\t}\n\t\t\t\t\telse if( FFADS.units.IC5 && ! getCookie( 'ff_subbed' ) ) {\n\t\t\t\t\t\tif( 'RE' != 'SB' && 'RE' != 'SA' && FFADS.use_fixed_containers ) {\n\t\t\t\t\t\t\tlet max_wh = firefly_size_list_to_max_wh( FFADS.units.IC5.sizes );\n\t\t\t\t\t\t\tlet el = document.querySelector( '#REP_0' );\n\t\t\t\t\t\t\tif( 'RE' != 'SA' && FFADS.slide_pixels ) {\n\t\t\t\t\t\t\t\tmax_wh[1] += parseInt( FFADS.slide_pixels );\n\t\t\t\t\t\t\t\tel.classList.add( 'sliding' );\n\t\t\t\t\t\t\t}\n\t\t\t\t\t\t\tel.style.width = max_wh[0] + 'px';\n\t\t\t\t\t\t\tel.style.height = max_wh[1] + 'px';\n\t\t\t\t\t\t\tel.classList.add( 'fixed-size' );\n\t\t\t\t\t\t}\n\t\t\t\t\t\tgoogletag.cmd.push( function() {\n\t\t\t\t\t\t\tFFADS.debug( 'googletag.displaying REP_0' );\n\t\t\t\t\t\t\tgoogletag.display( 'REP_0' );\n\t\t\t\t\t\t} );\n\t\t\t\t\t}\n\t\t\t\t\telse {\n\t\t\t\t\t\tdocument.querySelector( '#REP_0-ad' ).style.display = 'none';}\n\t\t\t\t<\/script><\/div>\n<\/div>\n<blockquote>\n<p>Der Colorado Antifa-Sch\u00fctze Samuel Young, der wegen versuchten Totschlags in vier F\u00e4llen verurteilt wurde, als er auf einen Fahrer schoss, der versuchte, auf der Autobahn in Aurora vor Randalierern zu fliehen, wurde diese Woche zu keiner Gef\u00e4ngnisstrafe verurteilt.  Er erhielt nur f\u00fcnf Jahre auf Bew\u00e4hrung statt der von der Staatsanwaltschaft geforderten sechs Jahre Gef\u00e4ngnis.  Ihm standen nach den Strafma\u00dfregeln maximal 16 Jahre Gef\u00e4ngnis bevor.<\/p>\n<\/blockquote>\n<p>Lesen Sie den Rest bei Locals.<\/p>\n<p>W\u00e4hrenddessen verrotten Trump-Anh\u00e4nger im Gef\u00e4ngnis, weil sie am 6. Januar das US-Kapitol betreten haben.<\/p>\n<p class=\"article-ask\"><span class=\"ask\"><script>\n  if( getParameterByName( \"utm_source\" ) == \"testpage\" ) {\n    !function(e,t,a,n,g){e[n]=e[n]||[],e[n].push({\"gtm.start\":(new Date).getTime(),event:\"gtm.js\"});var m=t.getElementsByTagName(a)[0],r=t.createElement(a);r.async=!0,r.src=\"https:\/\/www.googletagmanager.com\/gtm.js?id=GTM-PL4PD49\",m.parentNode.insertBefore(r,m)}(window.parent,window.parent.document,\"script\",\"dataLayer\");\n    var iframe=window.parent.document.createElement(\"iframe\");iframe.src=\"https:\/\/www.googletagmanager.com\/ns.html?id=GTM-PL4PD49\";iframe.height=\"0\";iframe.width=\"0\";iframe.style=\"display:none;visibility:hidden\";window.parent.document.body.appendChild(iframe);\n    window.parent[\"$$mm-analytics\"] = window.parent[\"$$mm-analytics\"] || {};if (typeof window.parent[\"$$mm-analytics\"].firstEmbed === \"undefined\") {window.parent[\"$$mm-analytics\"].firstEmbed = Date.now();}\n    let as1 = document.createElement( \"script\" );\n    as1.src = \"https:\/\/bucket1.mm-syringe.com\/prod\/configs\/ee2300c8-43d2-7f0b-dac0-40aaf31c9d3d.js\";\n    document.body.appendChild( as1 );\n    let as2 = document.createElement( \"script\" );\n    as2.src = \"https:\/\/bucket1.mm-syringe.com\/prod\/injector\/injector.1.5.3.js\";\n    document.body.appendChild( as2 );\n  }\n<\/script><\/p>\n<div class=\"apester-media\" data-token=\"5f10a39f94902bc81d3d59a7\" data-context=\"true\" data-tags=\"\" data-fallback=\"true\" height=\"350\"><\/div>\n<p><script id=\"apester_script\" src=\"https:\/\/static.apester.com\/js\/sdk\/latest\/apester-sdk.js\" async><\/script><script async src=\"https:\/\/www.googletagmanager.com\/gtag\/js?id=G-EFE91RJVSQ\"><\/script><script>\n  window.dataLayer = window.dataLayer || [];\n  function gtag(){dataLayer.push(arguments);}\n  gtag(\\'js\\', new Date());\n  gtag(\\'config\\', \\'G-EFE91RJVSQ\\');\n<\/script><\/span><\/p>\n<\/div>\n<p><br \/>\n<br \/><a href=\"https:\/\/www.thegatewaypundit.com\/2022\/05\/antifa-terrorist-convicted-4-counte-attempted-manslaughter-shooting-driver-trying-flee-rioters-gets-no-prison-time-shot-injured-2-fellow-protesters\/\">Source link <\/a><\/p>\n","protected":false},"excerpt":{"rendered":"<p>W\u00e4hrend der Antifa-BLM-Unruhen von 2020 sperrten Demonstranten in Aurora, Colorado, am Nachmittag die Interstate 255. Wie Cassandra Fairbanks damals berichtete \u2013 Eine Familie versuchte in einem Fahrzeug, durch die Menge der Demonstranten zu fahren, die auf der I-225 in Aurora, Colorado, liefen. Da zog ein w\u00fctender Demonstrant eine Waffe und begann zu schie\u00dfen. Der Terrorist [&hellip;]<\/p>\n","protected":false},"author":5,"featured_media":8498,"comment_status":"open","ping_status":"open","sticky":false,"template":"","format":"standard","meta":{"wp_automatic_camp":["1161"],"59096c05e50c716fd1dc0722a89958d7":["Antifa-Terrorist wegen versuchten Totschlags in vier F\u00e4llen verurteilt, weil er auf einen Fahrer geschossen hat, der versuchte, Randalierer zu fliehen \u2013 bekommt KEINE Gef\u00e4ngnisstrafe \u2013 erschoss und verletzte zwei Mitprotestierende\n"],"original_link":["https:\/\/www.thegatewaypundit.com\/2022\/05\/antifa-terrorist-convicted-4-counte-attempted-manslaughter-shooting-driver-trying-flee-rioters-gets-no-prison-time-shot-injured-2-fellow-protesters\/"],"_thumbnail_id":["8498"],"wp_automatic_remove_first_image":["yes"],"jnews_social_counter_last_update":["1777603717"]},"categories":[25],"tags":[21276,133,13666,82,768,21280,21278,4179,11227,21279,5029,423,375,21281,602,21277,140,1813,13078,6588,2006,3232,145,9228,1003],"yoast_head":"<!-- This site is optimized with the Yoast SEO Premium plugin v22.7 (Yoast SEO v22.7) - https:\/\/yoast.com\/wordpress\/plugins\/seo\/ -->\n<title>Antifa-Terrorist wegen versuchten Totschlags in vier F\u00e4llen verurteilt, weil er auf einen Fahrer geschossen hat, der versuchte, Randalierer zu fliehen \u2013 bekommt KEINE Gef\u00e4ngnisstrafe \u2013 erschoss und verletzte zwei Mitprotestierende - just-now.NEWS Deutschland<\/title>\n<meta name=\"robots\" content=\"index, follow, max-snippet:-1, max-image-preview:large, max-video-preview:-1\" \/>\n<link rel=\"canonical\" href=\"https:\/\/now-news.de\/de\/usa\/antifa-terrorist-wegen-versuchten-totschlags-in-vier-faellen-verurteilt-weil-er-auf-einen-fahrer-geschossen-hat-der-versuchte-randalierer-zu-fliehen-bekommt-keine-gefaengnisstrafe\/\" \/>\n<meta property=\"og:locale\" content=\"de_DE\" \/>\n<meta property=\"og:type\" content=\"article\" \/>\n<meta property=\"og:title\" content=\"Antifa-Terrorist wegen versuchten Totschlags in vier F\u00e4llen verurteilt, weil er auf einen Fahrer geschossen hat, der versuchte, Randalierer zu fliehen \u2013 bekommt KEINE Gef\u00e4ngnisstrafe \u2013 erschoss und verletzte zwei Mitprotestierende\" \/>\n<meta property=\"og:description\" content=\"W\u00e4hrend der Antifa-BLM-Unruhen von 2020 sperrten Demonstranten in Aurora, Colorado, am Nachmittag die Interstate 255. Wie Cassandra Fairbanks damals berichtete \u2013 Eine Familie versuchte in einem Fahrzeug, durch die Menge der Demonstranten zu fahren, die auf der I-225 in Aurora, Colorado, liefen. Da zog ein w\u00fctender Demonstrant eine Waffe und begann zu schie\u00dfen. Der Terrorist [&hellip;]\" \/>\n<meta property=\"og:url\" content=\"https:\/\/now-news.de\/de\/usa\/antifa-terrorist-wegen-versuchten-totschlags-in-vier-faellen-verurteilt-weil-er-auf-einen-fahrer-geschossen-hat-der-versuchte-randalierer-zu-fliehen-bekommt-keine-gefaengnisstrafe\/\" \/>\n<meta property=\"og:site_name\" content=\"just-now.NEWS Deutschland\" \/>\n<meta property=\"article:publisher\" content=\"https:\/\/www.facebook.com\/wirmachenauf\" \/>\n<meta property=\"article:published_time\" content=\"2022-05-22T02:34:00+00:00\" \/>\n<meta property=\"og:image\" content=\"https:\/\/now-news.de\/de\/wp-content\/uploads\/sites\/3\/2022\/05\/1653196444_Antifa-Terrorist-wegen-versuchten-Totschlags-in-vier-Faellen-verurteilt-weil-er.jpg\" \/>\n\t<meta property=\"og:image:width\" content=\"416\" \/>\n\t<meta property=\"og:image:height\" content=\"329\" \/>\n\t<meta property=\"og:image:type\" content=\"image\/jpeg\" \/>\n<meta name=\"author\" content=\"greatreset\" \/>\n<meta name=\"twitter:card\" content=\"summary_large_image\" \/>\n<meta name=\"twitter:creator\" content=\"@WirMachenAuf_de\" \/>\n<meta name=\"twitter:site\" content=\"@WirMachenAuf_de\" \/>\n<meta name=\"twitter:label1\" content=\"Verfasst von\" \/>\n\t<meta name=\"twitter:data1\" content=\"greatreset\" \/>\n\t<meta name=\"twitter:label2\" content=\"Gesch\u00e4tzte Lesezeit\" \/>\n\t<meta name=\"twitter:data2\" content=\"3\u00a0Minuten\" \/>\n<script type=\"application\/ld+json\" class=\"yoast-schema-graph\">{\"@context\":\"https:\/\/schema.org\",\"@graph\":[{\"@type\":\"Article\",\"@id\":\"https:\/\/now-news.de\/de\/usa\/antifa-terrorist-wegen-versuchten-totschlags-in-vier-faellen-verurteilt-weil-er-auf-einen-fahrer-geschossen-hat-der-versuchte-randalierer-zu-fliehen-bekommt-keine-gefaengnisstrafe\/#article\",\"isPartOf\":{\"@id\":\"https:\/\/now-news.de\/de\/usa\/antifa-terrorist-wegen-versuchten-totschlags-in-vier-faellen-verurteilt-weil-er-auf-einen-fahrer-geschossen-hat-der-versuchte-randalierer-zu-fliehen-bekommt-keine-gefaengnisstrafe\/\"},\"author\":{\"name\":\"greatreset\",\"@id\":\"https:\/\/now-news.de\/de\/#\/schema\/person\/8afb4cd92b68572db7902c13a349ffcb\"},\"headline\":\"Antifa-Terrorist wegen versuchten Totschlags in vier F\u00e4llen verurteilt, weil er auf einen Fahrer geschossen hat, der versuchte, Randalierer zu fliehen \u2013 bekommt KEINE Gef\u00e4ngnisstrafe \u2013 erschoss und verletzte zwei Mitprotestierende\",\"datePublished\":\"2022-05-22T02:34:00+00:00\",\"dateModified\":\"2022-05-22T02:34:00+00:00\",\"mainEntityOfPage\":{\"@id\":\"https:\/\/now-news.de\/de\/usa\/antifa-terrorist-wegen-versuchten-totschlags-in-vier-faellen-verurteilt-weil-er-auf-einen-fahrer-geschossen-hat-der-versuchte-randalierer-zu-fliehen-bekommt-keine-gefaengnisstrafe\/\"},\"wordCount\":639,\"commentCount\":0,\"publisher\":{\"@id\":\"https:\/\/now-news.de\/de\/#organization\"},\"image\":{\"@id\":\"https:\/\/now-news.de\/de\/usa\/antifa-terrorist-wegen-versuchten-totschlags-in-vier-faellen-verurteilt-weil-er-auf-einen-fahrer-geschossen-hat-der-versuchte-randalierer-zu-fliehen-bekommt-keine-gefaengnisstrafe\/#primaryimage\"},\"thumbnailUrl\":\"https:\/\/now-news.de\/de\/wp-content\/uploads\/sites\/3\/2022\/05\/1653196444_Antifa-Terrorist-wegen-versuchten-Totschlags-in-vier-Faellen-verurteilt-weil-er.jpg\",\"keywords\":[\"AntifaTerrorist\",\"AUF\",\"bekommt\",\"der\",\"einen\",\"erschoss\",\"Fahrer\",\"fallen\",\"fliehen\",\"Gef\u00e4ngnisstrafe\",\"geschossen\",\"hat\",\"keine\",\"Mitprotestierende\",\"Randalierer\",\"Totschlags\",\"und\",\"Verletzte\",\"versuchte\",\"versuchten\",\"verurteilt\",\"vier\",\"wegen\",\"weil\",\"zwei\"],\"articleSection\":[\"USA\"],\"inLanguage\":\"de\",\"potentialAction\":[{\"@type\":\"CommentAction\",\"name\":\"Comment\",\"target\":[\"https:\/\/now-news.de\/de\/usa\/antifa-terrorist-wegen-versuchten-totschlags-in-vier-faellen-verurteilt-weil-er-auf-einen-fahrer-geschossen-hat-der-versuchte-randalierer-zu-fliehen-bekommt-keine-gefaengnisstrafe\/#respond\"]}]},{\"@type\":\"WebPage\",\"@id\":\"https:\/\/now-news.de\/de\/usa\/antifa-terrorist-wegen-versuchten-totschlags-in-vier-faellen-verurteilt-weil-er-auf-einen-fahrer-geschossen-hat-der-versuchte-randalierer-zu-fliehen-bekommt-keine-gefaengnisstrafe\/\",\"url\":\"https:\/\/now-news.de\/de\/usa\/antifa-terrorist-wegen-versuchten-totschlags-in-vier-faellen-verurteilt-weil-er-auf-einen-fahrer-geschossen-hat-der-versuchte-randalierer-zu-fliehen-bekommt-keine-gefaengnisstrafe\/\",\"name\":\"Antifa-Terrorist wegen versuchten Totschlags in vier F\u00e4llen verurteilt, weil er auf einen Fahrer geschossen hat, der versuchte, Randalierer zu fliehen \u2013 bekommt KEINE Gef\u00e4ngnisstrafe \u2013 erschoss und verletzte zwei Mitprotestierende - just-now.NEWS Deutschland\",\"isPartOf\":{\"@id\":\"https:\/\/now-news.de\/de\/#website\"},\"primaryImageOfPage\":{\"@id\":\"https:\/\/now-news.de\/de\/usa\/antifa-terrorist-wegen-versuchten-totschlags-in-vier-faellen-verurteilt-weil-er-auf-einen-fahrer-geschossen-hat-der-versuchte-randalierer-zu-fliehen-bekommt-keine-gefaengnisstrafe\/#primaryimage\"},\"image\":{\"@id\":\"https:\/\/now-news.de\/de\/usa\/antifa-terrorist-wegen-versuchten-totschlags-in-vier-faellen-verurteilt-weil-er-auf-einen-fahrer-geschossen-hat-der-versuchte-randalierer-zu-fliehen-bekommt-keine-gefaengnisstrafe\/#primaryimage\"},\"thumbnailUrl\":\"https:\/\/now-news.de\/de\/wp-content\/uploads\/sites\/3\/2022\/05\/1653196444_Antifa-Terrorist-wegen-versuchten-Totschlags-in-vier-Faellen-verurteilt-weil-er.jpg\",\"datePublished\":\"2022-05-22T02:34:00+00:00\",\"dateModified\":\"2022-05-22T02:34:00+00:00\",\"breadcrumb\":{\"@id\":\"https:\/\/now-news.de\/de\/usa\/antifa-terrorist-wegen-versuchten-totschlags-in-vier-faellen-verurteilt-weil-er-auf-einen-fahrer-geschossen-hat-der-versuchte-randalierer-zu-fliehen-bekommt-keine-gefaengnisstrafe\/#breadcrumb\"},\"inLanguage\":\"de\",\"potentialAction\":[{\"@type\":\"ReadAction\",\"target\":[\"https:\/\/now-news.de\/de\/usa\/antifa-terrorist-wegen-versuchten-totschlags-in-vier-faellen-verurteilt-weil-er-auf-einen-fahrer-geschossen-hat-der-versuchte-randalierer-zu-fliehen-bekommt-keine-gefaengnisstrafe\/\"]}]},{\"@type\":\"ImageObject\",\"inLanguage\":\"de\",\"@id\":\"https:\/\/now-news.de\/de\/usa\/antifa-terrorist-wegen-versuchten-totschlags-in-vier-faellen-verurteilt-weil-er-auf-einen-fahrer-geschossen-hat-der-versuchte-randalierer-zu-fliehen-bekommt-keine-gefaengnisstrafe\/#primaryimage\",\"url\":\"https:\/\/now-news.de\/de\/wp-content\/uploads\/sites\/3\/2022\/05\/1653196444_Antifa-Terrorist-wegen-versuchten-Totschlags-in-vier-Faellen-verurteilt-weil-er.jpg\",\"contentUrl\":\"https:\/\/now-news.de\/de\/wp-content\/uploads\/sites\/3\/2022\/05\/1653196444_Antifa-Terrorist-wegen-versuchten-Totschlags-in-vier-Faellen-verurteilt-weil-er.jpg\",\"width\":416,\"height\":329},{\"@type\":\"BreadcrumbList\",\"@id\":\"https:\/\/now-news.de\/de\/usa\/antifa-terrorist-wegen-versuchten-totschlags-in-vier-faellen-verurteilt-weil-er-auf-einen-fahrer-geschossen-hat-der-versuchte-randalierer-zu-fliehen-bekommt-keine-gefaengnisstrafe\/#breadcrumb\",\"itemListElement\":[{\"@type\":\"ListItem\",\"position\":1,\"name\":\"Home\",\"item\":\"https:\/\/now-news.de\/de\/\"},{\"@type\":\"ListItem\",\"position\":2,\"name\":\"Antifa-Terrorist wegen versuchten Totschlags in vier F\u00e4llen verurteilt, weil er auf einen Fahrer geschossen hat, der versuchte, Randalierer zu fliehen \u2013 bekommt KEINE Gef\u00e4ngnisstrafe \u2013 erschoss und verletzte zwei Mitprotestierende\"}]},{\"@type\":\"WebSite\",\"@id\":\"https:\/\/now-news.de\/de\/#website\",\"url\":\"https:\/\/now-news.de\/de\/\",\"name\":\"just-now.NEWS Deutschland\",\"description\":\"Das Portal f\u00fcr unzensierte Nachrichten aus der Welt\",\"publisher\":{\"@id\":\"https:\/\/now-news.de\/de\/#organization\"},\"potentialAction\":[{\"@type\":\"SearchAction\",\"target\":{\"@type\":\"EntryPoint\",\"urlTemplate\":\"https:\/\/now-news.de\/de\/?s={search_term_string}\"},\"query-input\":\"required name=search_term_string\"}],\"inLanguage\":\"de\"},{\"@type\":\"Organization\",\"@id\":\"https:\/\/now-news.de\/de\/#organization\",\"name\":\"Just Now News\",\"url\":\"https:\/\/now-news.de\/de\/\",\"logo\":{\"@type\":\"ImageObject\",\"inLanguage\":\"de\",\"@id\":\"https:\/\/now-news.de\/de\/#\/schema\/logo\/image\/\",\"url\":\"http:\/\/just-now.news\/de\/wp-content\/uploads\/sites\/3\/2022\/04\/logo500x500.jpg\",\"contentUrl\":\"http:\/\/just-now.news\/de\/wp-content\/uploads\/sites\/3\/2022\/04\/logo500x500.jpg\",\"width\":500,\"height\":500,\"caption\":\"Just Now News\"},\"image\":{\"@id\":\"https:\/\/now-news.de\/de\/#\/schema\/logo\/image\/\"},\"sameAs\":[\"https:\/\/www.facebook.com\/wirmachenauf\",\"https:\/\/x.com\/WirMachenAuf_de\"]},{\"@type\":\"Person\",\"@id\":\"https:\/\/now-news.de\/de\/#\/schema\/person\/8afb4cd92b68572db7902c13a349ffcb\",\"name\":\"greatreset\",\"image\":{\"@type\":\"ImageObject\",\"inLanguage\":\"de\",\"@id\":\"https:\/\/now-news.de\/de\/#\/schema\/person\/image\/\",\"url\":\"https:\/\/secure.gravatar.com\/avatar\/a088df625d49991c090e78c8b9542592?s=96&d=mm&r=g\",\"contentUrl\":\"https:\/\/secure.gravatar.com\/avatar\/a088df625d49991c090e78c8b9542592?s=96&d=mm&r=g\",\"caption\":\"greatreset\"},\"url\":\"https:\/\/now-news.de\/de\/author\/greatreset\/\"}]}<\/script>\n<!-- \/ Yoast SEO Premium plugin. -->","yoast_head_json":{"title":"Antifa-Terrorist wegen versuchten Totschlags in vier F\u00e4llen verurteilt, weil er auf einen Fahrer geschossen hat, der versuchte, Randalierer zu fliehen \u2013 bekommt KEINE Gef\u00e4ngnisstrafe \u2013 erschoss und verletzte zwei Mitprotestierende - just-now.NEWS Deutschland","robots":{"index":"index","follow":"follow","max-snippet":"max-snippet:-1","max-image-preview":"max-image-preview:large","max-video-preview":"max-video-preview:-1"},"canonical":"https:\/\/now-news.de\/de\/usa\/antifa-terrorist-wegen-versuchten-totschlags-in-vier-faellen-verurteilt-weil-er-auf-einen-fahrer-geschossen-hat-der-versuchte-randalierer-zu-fliehen-bekommt-keine-gefaengnisstrafe\/","og_locale":"de_DE","og_type":"article","og_title":"Antifa-Terrorist wegen versuchten Totschlags in vier F\u00e4llen verurteilt, weil er auf einen Fahrer geschossen hat, der versuchte, Randalierer zu fliehen \u2013 bekommt KEINE Gef\u00e4ngnisstrafe \u2013 erschoss und verletzte zwei Mitprotestierende","og_description":"W\u00e4hrend der Antifa-BLM-Unruhen von 2020 sperrten Demonstranten in Aurora, Colorado, am Nachmittag die Interstate 255. Wie Cassandra Fairbanks damals berichtete \u2013 Eine Familie versuchte in einem Fahrzeug, durch die Menge der Demonstranten zu fahren, die auf der I-225 in Aurora, Colorado, liefen. Da zog ein w\u00fctender Demonstrant eine Waffe und begann zu schie\u00dfen. Der Terrorist [&hellip;]","og_url":"https:\/\/now-news.de\/de\/usa\/antifa-terrorist-wegen-versuchten-totschlags-in-vier-faellen-verurteilt-weil-er-auf-einen-fahrer-geschossen-hat-der-versuchte-randalierer-zu-fliehen-bekommt-keine-gefaengnisstrafe\/","og_site_name":"just-now.NEWS Deutschland","article_publisher":"https:\/\/www.facebook.com\/wirmachenauf","article_published_time":"2022-05-22T02:34:00+00:00","og_image":[{"width":416,"height":329,"url":"https:\/\/now-news.de\/de\/wp-content\/uploads\/sites\/3\/2022\/05\/1653196444_Antifa-Terrorist-wegen-versuchten-Totschlags-in-vier-Faellen-verurteilt-weil-er.jpg","type":"image\/jpeg"}],"author":"greatreset","twitter_card":"summary_large_image","twitter_creator":"@WirMachenAuf_de","twitter_site":"@WirMachenAuf_de","twitter_misc":{"Verfasst von":"greatreset","Gesch\u00e4tzte Lesezeit":"3\u00a0Minuten"},"schema":{"@context":"https:\/\/schema.org","@graph":[{"@type":"Article","@id":"https:\/\/now-news.de\/de\/usa\/antifa-terrorist-wegen-versuchten-totschlags-in-vier-faellen-verurteilt-weil-er-auf-einen-fahrer-geschossen-hat-der-versuchte-randalierer-zu-fliehen-bekommt-keine-gefaengnisstrafe\/#article","isPartOf":{"@id":"https:\/\/now-news.de\/de\/usa\/antifa-terrorist-wegen-versuchten-totschlags-in-vier-faellen-verurteilt-weil-er-auf-einen-fahrer-geschossen-hat-der-versuchte-randalierer-zu-fliehen-bekommt-keine-gefaengnisstrafe\/"},"author":{"name":"greatreset","@id":"https:\/\/now-news.de\/de\/#\/schema\/person\/8afb4cd92b68572db7902c13a349ffcb"},"headline":"Antifa-Terrorist wegen versuchten Totschlags in vier F\u00e4llen verurteilt, weil er auf einen Fahrer geschossen hat, der versuchte, Randalierer zu fliehen \u2013 bekommt KEINE Gef\u00e4ngnisstrafe \u2013 erschoss und verletzte zwei Mitprotestierende","datePublished":"2022-05-22T02:34:00+00:00","dateModified":"2022-05-22T02:34:00+00:00","mainEntityOfPage":{"@id":"https:\/\/now-news.de\/de\/usa\/antifa-terrorist-wegen-versuchten-totschlags-in-vier-faellen-verurteilt-weil-er-auf-einen-fahrer-geschossen-hat-der-versuchte-randalierer-zu-fliehen-bekommt-keine-gefaengnisstrafe\/"},"wordCount":639,"commentCount":0,"publisher":{"@id":"https:\/\/now-news.de\/de\/#organization"},"image":{"@id":"https:\/\/now-news.de\/de\/usa\/antifa-terrorist-wegen-versuchten-totschlags-in-vier-faellen-verurteilt-weil-er-auf-einen-fahrer-geschossen-hat-der-versuchte-randalierer-zu-fliehen-bekommt-keine-gefaengnisstrafe\/#primaryimage"},"thumbnailUrl":"https:\/\/now-news.de\/de\/wp-content\/uploads\/sites\/3\/2022\/05\/1653196444_Antifa-Terrorist-wegen-versuchten-Totschlags-in-vier-Faellen-verurteilt-weil-er.jpg","keywords":["AntifaTerrorist","AUF","bekommt","der","einen","erschoss","Fahrer","fallen","fliehen","Gef\u00e4ngnisstrafe","geschossen","hat","keine","Mitprotestierende","Randalierer","Totschlags","und","Verletzte","versuchte","versuchten","verurteilt","vier","wegen","weil","zwei"],"articleSection":["USA"],"inLanguage":"de","potentialAction":[{"@type":"CommentAction","name":"Comment","target":["https:\/\/now-news.de\/de\/usa\/antifa-terrorist-wegen-versuchten-totschlags-in-vier-faellen-verurteilt-weil-er-auf-einen-fahrer-geschossen-hat-der-versuchte-randalierer-zu-fliehen-bekommt-keine-gefaengnisstrafe\/#respond"]}]},{"@type":"WebPage","@id":"https:\/\/now-news.de\/de\/usa\/antifa-terrorist-wegen-versuchten-totschlags-in-vier-faellen-verurteilt-weil-er-auf-einen-fahrer-geschossen-hat-der-versuchte-randalierer-zu-fliehen-bekommt-keine-gefaengnisstrafe\/","url":"https:\/\/now-news.de\/de\/usa\/antifa-terrorist-wegen-versuchten-totschlags-in-vier-faellen-verurteilt-weil-er-auf-einen-fahrer-geschossen-hat-der-versuchte-randalierer-zu-fliehen-bekommt-keine-gefaengnisstrafe\/","name":"Antifa-Terrorist wegen versuchten Totschlags in vier F\u00e4llen verurteilt, weil er auf einen Fahrer geschossen hat, der versuchte, Randalierer zu fliehen \u2013 bekommt KEINE Gef\u00e4ngnisstrafe \u2013 erschoss und verletzte zwei Mitprotestierende - just-now.NEWS Deutschland","isPartOf":{"@id":"https:\/\/now-news.de\/de\/#website"},"primaryImageOfPage":{"@id":"https:\/\/now-news.de\/de\/usa\/antifa-terrorist-wegen-versuchten-totschlags-in-vier-faellen-verurteilt-weil-er-auf-einen-fahrer-geschossen-hat-der-versuchte-randalierer-zu-fliehen-bekommt-keine-gefaengnisstrafe\/#primaryimage"},"image":{"@id":"https:\/\/now-news.de\/de\/usa\/antifa-terrorist-wegen-versuchten-totschlags-in-vier-faellen-verurteilt-weil-er-auf-einen-fahrer-geschossen-hat-der-versuchte-randalierer-zu-fliehen-bekommt-keine-gefaengnisstrafe\/#primaryimage"},"thumbnailUrl":"https:\/\/now-news.de\/de\/wp-content\/uploads\/sites\/3\/2022\/05\/1653196444_Antifa-Terrorist-wegen-versuchten-Totschlags-in-vier-Faellen-verurteilt-weil-er.jpg","datePublished":"2022-05-22T02:34:00+00:00","dateModified":"2022-05-22T02:34:00+00:00","breadcrumb":{"@id":"https:\/\/now-news.de\/de\/usa\/antifa-terrorist-wegen-versuchten-totschlags-in-vier-faellen-verurteilt-weil-er-auf-einen-fahrer-geschossen-hat-der-versuchte-randalierer-zu-fliehen-bekommt-keine-gefaengnisstrafe\/#breadcrumb"},"inLanguage":"de","potentialAction":[{"@type":"ReadAction","target":["https:\/\/now-news.de\/de\/usa\/antifa-terrorist-wegen-versuchten-totschlags-in-vier-faellen-verurteilt-weil-er-auf-einen-fahrer-geschossen-hat-der-versuchte-randalierer-zu-fliehen-bekommt-keine-gefaengnisstrafe\/"]}]},{"@type":"ImageObject","inLanguage":"de","@id":"https:\/\/now-news.de\/de\/usa\/antifa-terrorist-wegen-versuchten-totschlags-in-vier-faellen-verurteilt-weil-er-auf-einen-fahrer-geschossen-hat-der-versuchte-randalierer-zu-fliehen-bekommt-keine-gefaengnisstrafe\/#primaryimage","url":"https:\/\/now-news.de\/de\/wp-content\/uploads\/sites\/3\/2022\/05\/1653196444_Antifa-Terrorist-wegen-versuchten-Totschlags-in-vier-Faellen-verurteilt-weil-er.jpg","contentUrl":"https:\/\/now-news.de\/de\/wp-content\/uploads\/sites\/3\/2022\/05\/1653196444_Antifa-Terrorist-wegen-versuchten-Totschlags-in-vier-Faellen-verurteilt-weil-er.jpg","width":416,"height":329},{"@type":"BreadcrumbList","@id":"https:\/\/now-news.de\/de\/usa\/antifa-terrorist-wegen-versuchten-totschlags-in-vier-faellen-verurteilt-weil-er-auf-einen-fahrer-geschossen-hat-der-versuchte-randalierer-zu-fliehen-bekommt-keine-gefaengnisstrafe\/#breadcrumb","itemListElement":[{"@type":"ListItem","position":1,"name":"Home","item":"https:\/\/now-news.de\/de\/"},{"@type":"ListItem","position":2,"name":"Antifa-Terrorist wegen versuchten Totschlags in vier F\u00e4llen verurteilt, weil er auf einen Fahrer geschossen hat, der versuchte, Randalierer zu fliehen \u2013 bekommt KEINE Gef\u00e4ngnisstrafe \u2013 erschoss und verletzte zwei Mitprotestierende"}]},{"@type":"WebSite","@id":"https:\/\/now-news.de\/de\/#website","url":"https:\/\/now-news.de\/de\/","name":"just-now.NEWS Deutschland","description":"Das Portal f\u00fcr unzensierte Nachrichten aus der Welt","publisher":{"@id":"https:\/\/now-news.de\/de\/#organization"},"potentialAction":[{"@type":"SearchAction","target":{"@type":"EntryPoint","urlTemplate":"https:\/\/now-news.de\/de\/?s={search_term_string}"},"query-input":"required name=search_term_string"}],"inLanguage":"de"},{"@type":"Organization","@id":"https:\/\/now-news.de\/de\/#organization","name":"Just Now News","url":"https:\/\/now-news.de\/de\/","logo":{"@type":"ImageObject","inLanguage":"de","@id":"https:\/\/now-news.de\/de\/#\/schema\/logo\/image\/","url":"http:\/\/just-now.news\/de\/wp-content\/uploads\/sites\/3\/2022\/04\/logo500x500.jpg","contentUrl":"http:\/\/just-now.news\/de\/wp-content\/uploads\/sites\/3\/2022\/04\/logo500x500.jpg","width":500,"height":500,"caption":"Just Now News"},"image":{"@id":"https:\/\/now-news.de\/de\/#\/schema\/logo\/image\/"},"sameAs":["https:\/\/www.facebook.com\/wirmachenauf","https:\/\/x.com\/WirMachenAuf_de"]},{"@type":"Person","@id":"https:\/\/now-news.de\/de\/#\/schema\/person\/8afb4cd92b68572db7902c13a349ffcb","name":"greatreset","image":{"@type":"ImageObject","inLanguage":"de","@id":"https:\/\/now-news.de\/de\/#\/schema\/person\/image\/","url":"https:\/\/secure.gravatar.com\/avatar\/a088df625d49991c090e78c8b9542592?s=96&d=mm&r=g","contentUrl":"https:\/\/secure.gravatar.com\/avatar\/a088df625d49991c090e78c8b9542592?s=96&d=mm&r=g","caption":"greatreset"},"url":"https:\/\/now-news.de\/de\/author\/greatreset\/"}]}},"_links":{"self":[{"href":"https:\/\/now-news.de\/de\/wp-json\/wp\/v2\/posts\/8497"}],"collection":[{"href":"https:\/\/now-news.de\/de\/wp-json\/wp\/v2\/posts"}],"about":[{"href":"https:\/\/now-news.de\/de\/wp-json\/wp\/v2\/types\/post"}],"author":[{"embeddable":true,"href":"https:\/\/now-news.de\/de\/wp-json\/wp\/v2\/users\/5"}],"replies":[{"embeddable":true,"href":"https:\/\/now-news.de\/de\/wp-json\/wp\/v2\/comments?post=8497"}],"version-history":[{"count":0,"href":"https:\/\/now-news.de\/de\/wp-json\/wp\/v2\/posts\/8497\/revisions"}],"wp:featuredmedia":[{"embeddable":true,"href":"https:\/\/now-news.de\/de\/wp-json\/wp\/v2\/media\/8498"}],"wp:attachment":[{"href":"https:\/\/now-news.de\/de\/wp-json\/wp\/v2\/media?parent=8497"}],"wp:term":[{"taxonomy":"category","embeddable":true,"href":"https:\/\/now-news.de\/de\/wp-json\/wp\/v2\/categories?post=8497"},{"taxonomy":"post_tag","embeddable":true,"href":"https:\/\/now-news.de\/de\/wp-json\/wp\/v2\/tags?post=8497"}],"curies":[{"name":"wp","href":"https:\/\/api.w.org\/{rel}","templated":true}]}}