{"id":84967,"date":"2025-06-03T20:21:16","date_gmt":"2025-06-03T18:21:16","guid":{"rendered":"https:\/\/now-news.de\/de\/deutschland\/anzahl-irrelevant-selenskij-bestaetigt-seine-luege-ueber-20-000-verschleppte-kinder\/"},"modified":"2025-06-03T20:21:16","modified_gmt":"2025-06-03T18:21:16","slug":"anzahl-irrelevant-selenskij-bestaetigt-seine-luege-ueber-20-000-verschleppte-kinder","status":"publish","type":"post","link":"https:\/\/now-news.de\/de\/deutschland\/anzahl-irrelevant-selenskij-bestaetigt-seine-luege-ueber-20-000-verschleppte-kinder\/","title":{"rendered":"&quot;Anzahl irrelevant&quot; \u2013 Selenskij best\u00e4tigt seine L\u00fcge \u00fcber 20.000 verschleppte Kinder"},"content":{"rendered":"<div class=\"Text-root Text-type_1 \">\n                Eine der S\u00e4ulen der Kiewer Propaganda, Russland verschleppe ukrainische Kinder, hat sich nach dem Medienauftritt des russischen Chefunterh\u00e4ndlers in Istanbul Wladimir Medinski in Luft aufgel\u00f6st. Selenskij machte mit seinem ungeschickten Kommentar die Sache noch schlimmer.\n            <\/div>\n<p><\/p>\n<div class=\"Text-root Text-type_5 ArticleView-text ViewText-root \">\n<p><em>Von Wladislaw Sankin<\/em><\/p>\n<p>Bei der Konfrontation mit der Realit\u00e4t kommen Propagandisten oft ins Schlendern \u2026 und k\u00f6nnen unfreiwillig etwas ausplaudern, was sie in einer kontrollierten Situation niemals gesagt h\u00e4tten. So eine unkontrollierte Situation war w\u00e4hrend einer <a rel=\"nofollow noopener\" target=\"_blank\" href=\"https:\/\/t.me\/V_Zelenskiy_official\/14453\">Video-Pressekonferenz<\/a> des ukrainischen Machthabers Wladimir Selenskij am Montag entstanden. Das Thema des Gespr\u00e4chs war sein Kommentar zum deutsch-ukrainischen Treffen in Istanbul an jenem Tag.<\/p>\n<p>Auf die Bemerkung des russischen Chefunterh\u00e4ndlers Wladimir Medinski angesprochen, Kiew mache mit dem Thema angeblich entf\u00fchrter Kinder eine primitiv-durchschaubare Propaganda-Show, wollte Selenskij als Ex-Comedian eigentlich etwas Witziges sagen, Russland aber dennoch des Verbrechens bezichtigen. Die von Medinski n\u00fcchtern und sachlich vorgetragene Information \u00fcber die Arbeit im Zuge der Familienzusammenf\u00fchrung hatte Selenskij herausgefordert.\u00a0<\/p>\n<p>Letzteres gelang dem Anf\u00fchrer des Kiewer Regimes und dessen Chef-Propagandisten in einer Person allerdings nicht sehr gut, denn der Leiter russischer Delegation war auch selbst spitzz\u00fcngig genug. Medienwirksam, vor westlichen Journalisten zeigte er die Liste mit von Kiew angeblich gesuchten 339 Kindern und sagte, dass die Rede nicht von Millionen oder wie zuletzt 20.000 Kindern sein k\u00f6nne, sondern lediglich von &#8220;dutzenden F\u00e4llen, die noch gepr\u00fcft werden m\u00fcssen&#8221;. Medinski sagte:<\/p>\n<blockquote>\n<p><em>&#8220;In Wirklichkeit geht es um Dutzende Kinder, von denen keines entf\u00fchrt wurde. Nicht ein einziges. Es handelt sich um Kinder, die von unseren Soldaten unter Einsatz ihres eigenen Lebens gerettet, aus Kampfgebieten geholt und evakuiert wurden.&#8221;\u00a0<\/em><\/p>\n<\/blockquote>\n<p>Ihm zufolge stelle sich oft heraus, dass die Kinder von den Kiewer Listen, die den russischen Beh\u00f6rden mit dem Vorwurf &#8220;Ihr habt sie entf\u00fchrt!&#8221; vorgelegt werden, sp\u00e4ter in Scharen in europ\u00e4ischen L\u00e4ndern auftauchten, z.\u00a0B. in Deutschland, wo ukrainische Polizei 160 &#8220;nach Russland deportierte Kinder&#8221; <a rel=\"nofollow noopener\" target=\"_blank\" href=\"https:\/\/freedert.online\/inland\/203069-bundeskriminalamt-angeblich-nach-russland-entfuehrte\/\">fanden<\/a>.\u00a0<\/p>\n<p>Die &#8220;sch\u00e4ndliche PR-Kampagne&#8221;, die laut Medinski &#8220;f\u00fcr gutherzige Europ\u00e4er&#8221; bestimmt ist, findet ihm zufolge gem\u00e4\u00df den Ratschl\u00e4gen aus dem Film &#8220;Wag the Dog&#8221; statt \u2013 &#8220;um eine Tr\u00e4ne auszuschlagen, zeige dem Zuschauer ein Kind, am besten ein Kind mit einer Katze&#8221;. Berichten des Verteidigungsministers Rustem Umerow zufolge soll ihm Medinski w\u00e4hrend der Verhandlungen gesagt haben, die Show sei f\u00fcr &#8220;europ\u00e4ische alte Frauen ohne Kinder&#8221; bestimmt. Diese angebliche \u00c4u\u00dferung las Selenskij sogar auf Russisch vor, um gleich darauf zu erwidern:\u00a0<\/p>\n<blockquote>\n<p><em>&#8220;Wichtig ist nicht die Anzahl, sondern die Tatsache, dass sie sich sch\u00e4men, dass sie Kinder gestohlen haben. Wir z\u00e4hlen Tausende, und sie sprechen von Hunderten. Wichtig ist, dass diese Tatsache festgehalten wird&#8221;.<\/em><\/p>\n<\/blockquote>\n<figure class=\"RTImage-root\">\n<div class=\"RTImage-image RTImage-original\"><picture class=\"Picture-root Picture-original\"><!--[if IE 9]><video style=\"display: none;\"><![endif]--><source media=\"(-webkit-min-device-pixel-ratio: 2) and (min-resolution: 120dpi)\" data-srcset=\" \nhttps:\/\/now-news.de\/de\/wp-content\/uploads\/sites\/3\/2025\/06\/683f26ee48fbef07f76ad85f.JPG 850w,\n                https:\/\/now-news.de\/de\/wp-content\/uploads\/sites\/3\/2025\/06\/683f26ee48fbef07f76ad85f.JPG 1960w,            \" ><source data-srcset=\" \nhttps:\/\/now-news.de\/de\/wp-content\/uploads\/sites\/3\/2025\/06\/683f26ee48fbef07f76ad85f.JPG 460w,\n              https:\/\/now-news.de\/de\/wp-content\/uploads\/sites\/3\/2025\/06\/683f26ee48fbef07f76ad85f.JPG 980w,\n            \" ><!--[if IE 9]><\/video><![endif]--><img decoding=\"async\" data- src=\"data:image\/png;base64,iVBORw0KGgoAAAANSUhEUgAAABAAAAAJCAQAAACRI2S5AAAAEElEQVR42mNkIAAYRxWAAQAG9gAKqv6+AwAAAABJRU5ErkJggg==\" class=\"Picture-root Picture-original lazyload\" data-src=\"https:\/\/now-news.de\/de\/wp-content\/uploads\/sites\/3\/2025\/06\/683f26ee48fbef07f76ad85f.JPG\" alt=\"\"><\/source><\/source><\/picture><!-- noscript pattern --><noscript><img decoding=\"async\" src=\"https:\/\/now-news.de\/de\/wp-content\/uploads\/sites\/3\/2025\/06\/683f26ee48fbef07f76ad85f.JPG\" alt=\"\"><\/noscript><\/div><figcaption class=\"RTImage-footer\"><span class=\"RTImage-caption\"><span class=\"RTImage-captionItem\">Screenshot deutscher Medien zum Thema &#8220;verschleppte Kinder&#8221;<\/span><\/span><span class=\"RTImage-source\"><\/span><\/figcaption><\/figure>\n<p>Medinski sprach von Dutzenden und Selenskij selbst redete st\u00e4ndig bei allen m\u00f6glichen diplomatischen Treffen von Hunderttausenden Kindern. Aber das sind die Kleinigkeiten. Wichtig ist, dass Selenskij best\u00e4tigte, dass Kiew mit Kinderschicksalen nur substanzlose, willk\u00fcrliche Zahlenjonglage betreibt. Der Vorwurf, wonach Putin bekanntlich zur internationalen Fahndung ausgeschrieben ist, ist damit nichtig.<\/p>\n<p>Die Situation findet sogar andersherum statt, denn es gibt immer mehr dokumentierte Hinweise, dass Kiew Kinder beim Heranr\u00fccken der russischen Armee entf\u00fchrt, um sie ins Landesinnere oder gar ins Ausland zu bringen. Wohin, zu wem und was mit diesen Kindern\u00a0geschieht \u2013 wird sicherlich nach dem Sturz des auf L\u00fcgen gebauten, menschenfeindlichen Selenskij-Regimes ermittelt werden.\u00a0<\/p>\n<p><strong>Mehr zum Thema<\/strong> &#8211;\u00a0<a rel=\"nofollow noopener\" target=\"_blank\" href=\"https:\/\/freedert.online\/meinung\/199147-bessere-aufstiegschancen-aus-ukraine-verschleppte-kinder-wollen-nach-russland-zurueck\/\">Aus der Ukraine &#8220;verschleppte&#8221; Kinder wollen nach Russland zur\u00fcck \u2013 was sagt Strack-Zimmermann dazu?<\/a><\/p>\n<div class=\"EmbedBlock-root EmbedBlock-externalVideo EmbedBlock-rumble\">\n<div class=\"VkEmbed\"><iframe class=\"lazyload\" data-src=\"https:\/\/rumble.com\/embed\/v6s24p3\" frameborder=\"0\" width=\"853\" height=\"480\" allowfullscreen><\/iframe><\/div>\n<\/div>\n<\/div>\n<p><br \/>\n<br \/><a href=\"https:\/\/de.rt.com\/meinung\/246723-anzahl-irrelvant-selenskij-bestaetigt-selbst-eigeneluegen-von-hunderttausend-verschleppter-kinder\/\">Source link <\/a><\/p>\n","protected":false},"excerpt":{"rendered":"<p>Eine der S\u00e4ulen der Kiewer Propaganda, Russland verschleppe ukrainische Kinder, hat sich nach dem Medienauftritt des russischen Chefunterh\u00e4ndlers in Istanbul Wladimir Medinski in Luft aufgel\u00f6st. Selenskij machte mit seinem ungeschickten Kommentar die Sache noch schlimmer. Von Wladislaw Sankin Bei der Konfrontation mit der Realit\u00e4t kommen Propagandisten oft ins Schlendern \u2026 und k\u00f6nnen unfreiwillig etwas ausplaudern, [&hellip;]<\/p>\n","protected":false},"author":3,"featured_media":84968,"comment_status":"open","ping_status":"open","sticky":false,"template":"","format":"standard","meta":{"_yoast_indexnow_last_ping":["1748975256"],"wp_automatic_camp":["217"],"d5043f4487d58e4e44267d2aa504be6d":["&quot;Anzahl irrelevant&quot; \u2013 Selenskij best\u00e4tigt seine L\u00fcge \u00fcber 20.000 verschleppte Kinder"],"original_link":["https:\/\/de.rt.com\/meinung\/246723-anzahl-irrelvant-selenskij-bestaetigt-selbst-eigeneluegen-von-hunderttausend-verschleppter-kinder\/"],"_thumbnail_id":["84968"],"_wptgpro_p2tg_sent2tg":["a:1:{i:23737;s:19:\"2025-06-03 20:28:38\";}"],"jnews_social_counter_last_update":["1777326854"]},"categories":[19,23],"tags":[1438,65467,3567,3656,65466,265,6158,139,49577],"yoast_head":"<!-- This site is optimized with the Yoast SEO Premium plugin v22.7 (Yoast SEO v22.7) - https:\/\/yoast.com\/wordpress\/plugins\/seo\/ -->\n<title>&quot;Anzahl irrelevant&quot; \u2013 Selenskij best\u00e4tigt seine L\u00fcge \u00fcber 20.000 verschleppte Kinder - just-now.NEWS Deutschland<\/title>\n<meta name=\"robots\" content=\"index, follow, max-snippet:-1, max-image-preview:large, max-video-preview:-1\" \/>\n<link rel=\"canonical\" href=\"https:\/\/now-news.de\/de\/deutschland\/anzahl-irrelevant-selenskij-bestaetigt-seine-luege-ueber-20-000-verschleppte-kinder\/\" \/>\n<meta property=\"og:locale\" content=\"de_DE\" \/>\n<meta property=\"og:type\" content=\"article\" \/>\n<meta property=\"og:title\" content=\"&quot;Anzahl irrelevant&quot; \u2013 Selenskij best\u00e4tigt seine L\u00fcge \u00fcber 20.000 verschleppte Kinder\" \/>\n<meta property=\"og:description\" content=\"Eine der S\u00e4ulen der Kiewer Propaganda, Russland verschleppe ukrainische Kinder, hat sich nach dem Medienauftritt des russischen Chefunterh\u00e4ndlers in Istanbul Wladimir Medinski in Luft aufgel\u00f6st. Selenskij machte mit seinem ungeschickten Kommentar die Sache noch schlimmer. Von Wladislaw Sankin Bei der Konfrontation mit der Realit\u00e4t kommen Propagandisten oft ins Schlendern \u2026 und k\u00f6nnen unfreiwillig etwas ausplaudern, [&hellip;]\" \/>\n<meta property=\"og:url\" content=\"https:\/\/now-news.de\/de\/deutschland\/anzahl-irrelevant-selenskij-bestaetigt-seine-luege-ueber-20-000-verschleppte-kinder\/\" \/>\n<meta property=\"og:site_name\" content=\"just-now.NEWS Deutschland\" \/>\n<meta property=\"article:publisher\" content=\"https:\/\/www.facebook.com\/wirmachenauf\" \/>\n<meta property=\"article:published_time\" content=\"2025-06-03T18:21:16+00:00\" \/>\n<meta property=\"og:image\" content=\"https:\/\/now-news.de\/de\/wp-content\/uploads\/sites\/3\/2025\/06\/683f26ee48fbef07f76ad85f.JPG\" \/>\n<meta name=\"author\" content=\"rtnews\" \/>\n<meta name=\"twitter:card\" content=\"summary_large_image\" \/>\n<meta name=\"twitter:creator\" content=\"@WirMachenAuf_de\" \/>\n<meta name=\"twitter:site\" content=\"@WirMachenAuf_de\" \/>\n<meta name=\"twitter:label1\" content=\"Verfasst von\" \/>\n\t<meta name=\"twitter:data1\" content=\"rtnews\" \/>\n\t<meta name=\"twitter:label2\" content=\"Gesch\u00e4tzte Lesezeit\" \/>\n\t<meta name=\"twitter:data2\" content=\"3\u00a0Minuten\" \/>\n<script type=\"application\/ld+json\" class=\"yoast-schema-graph\">{\"@context\":\"https:\/\/schema.org\",\"@graph\":[{\"@type\":\"Article\",\"@id\":\"https:\/\/now-news.de\/de\/deutschland\/anzahl-irrelevant-selenskij-bestaetigt-seine-luege-ueber-20-000-verschleppte-kinder\/#article\",\"isPartOf\":{\"@id\":\"https:\/\/now-news.de\/de\/deutschland\/anzahl-irrelevant-selenskij-bestaetigt-seine-luege-ueber-20-000-verschleppte-kinder\/\"},\"author\":{\"name\":\"rtnews\",\"@id\":\"https:\/\/now-news.de\/de\/#\/schema\/person\/fb534a4e865501d8b3285208df34a9b5\"},\"headline\":\"&quot;Anzahl irrelevant&quot; \u2013 Selenskij best\u00e4tigt seine L\u00fcge \u00fcber 20.000 verschleppte Kinder\",\"datePublished\":\"2025-06-03T18:21:16+00:00\",\"dateModified\":\"2025-06-03T18:21:16+00:00\",\"mainEntityOfPage\":{\"@id\":\"https:\/\/now-news.de\/de\/deutschland\/anzahl-irrelevant-selenskij-bestaetigt-seine-luege-ueber-20-000-verschleppte-kinder\/\"},\"wordCount\":590,\"commentCount\":0,\"publisher\":{\"@id\":\"https:\/\/now-news.de\/de\/#organization\"},\"image\":{\"@id\":\"https:\/\/now-news.de\/de\/deutschland\/anzahl-irrelevant-selenskij-bestaetigt-seine-luege-ueber-20-000-verschleppte-kinder\/#primaryimage\"},\"thumbnailUrl\":\"https:\/\/now-news.de\/de\/wp-content\/uploads\/sites\/3\/2025\/06\/quotAnzahl-irrelevantquot-\u2013-Selenskij-bestaetigt-seine-Luege-ueber-20000-verschleppte.JPG\",\"keywords\":[\"best\u00e4tigt\",\"irrelevantquot\",\"Kinder\",\"L\u00fcge\",\"quotAnzahl\",\"seine\",\"Selenskij\",\"\u00fcber\",\"Verschleppte\"],\"articleSection\":[\"Deutschland\",\"Russland\"],\"inLanguage\":\"de\",\"potentialAction\":[{\"@type\":\"CommentAction\",\"name\":\"Comment\",\"target\":[\"https:\/\/now-news.de\/de\/deutschland\/anzahl-irrelevant-selenskij-bestaetigt-seine-luege-ueber-20-000-verschleppte-kinder\/#respond\"]}]},{\"@type\":\"WebPage\",\"@id\":\"https:\/\/now-news.de\/de\/deutschland\/anzahl-irrelevant-selenskij-bestaetigt-seine-luege-ueber-20-000-verschleppte-kinder\/\",\"url\":\"https:\/\/now-news.de\/de\/deutschland\/anzahl-irrelevant-selenskij-bestaetigt-seine-luege-ueber-20-000-verschleppte-kinder\/\",\"name\":\"&quot;Anzahl irrelevant&quot; \u2013 Selenskij best\u00e4tigt seine L\u00fcge \u00fcber 20.000 verschleppte Kinder - just-now.NEWS Deutschland\",\"isPartOf\":{\"@id\":\"https:\/\/now-news.de\/de\/#website\"},\"primaryImageOfPage\":{\"@id\":\"https:\/\/now-news.de\/de\/deutschland\/anzahl-irrelevant-selenskij-bestaetigt-seine-luege-ueber-20-000-verschleppte-kinder\/#primaryimage\"},\"image\":{\"@id\":\"https:\/\/now-news.de\/de\/deutschland\/anzahl-irrelevant-selenskij-bestaetigt-seine-luege-ueber-20-000-verschleppte-kinder\/#primaryimage\"},\"thumbnailUrl\":\"https:\/\/now-news.de\/de\/wp-content\/uploads\/sites\/3\/2025\/06\/quotAnzahl-irrelevantquot-\u2013-Selenskij-bestaetigt-seine-Luege-ueber-20000-verschleppte.JPG\",\"datePublished\":\"2025-06-03T18:21:16+00:00\",\"dateModified\":\"2025-06-03T18:21:16+00:00\",\"breadcrumb\":{\"@id\":\"https:\/\/now-news.de\/de\/deutschland\/anzahl-irrelevant-selenskij-bestaetigt-seine-luege-ueber-20-000-verschleppte-kinder\/#breadcrumb\"},\"inLanguage\":\"de\",\"potentialAction\":[{\"@type\":\"ReadAction\",\"target\":[\"https:\/\/now-news.de\/de\/deutschland\/anzahl-irrelevant-selenskij-bestaetigt-seine-luege-ueber-20-000-verschleppte-kinder\/\"]}]},{\"@type\":\"ImageObject\",\"inLanguage\":\"de\",\"@id\":\"https:\/\/now-news.de\/de\/deutschland\/anzahl-irrelevant-selenskij-bestaetigt-seine-luege-ueber-20-000-verschleppte-kinder\/#primaryimage\",\"url\":\"https:\/\/now-news.de\/de\/wp-content\/uploads\/sites\/3\/2025\/06\/quotAnzahl-irrelevantquot-\u2013-Selenskij-bestaetigt-seine-Luege-ueber-20000-verschleppte.JPG\",\"contentUrl\":\"https:\/\/now-news.de\/de\/wp-content\/uploads\/sites\/3\/2025\/06\/quotAnzahl-irrelevantquot-\u2013-Selenskij-bestaetigt-seine-Luege-ueber-20000-verschleppte.JPG\",\"width\":1119,\"height\":635,\"caption\":\"&quot;Anzahl irrelevant&quot; \u2013 Selenskij best\u00e4tigt seine L\u00fcge \u00fcber 20.000 verschleppte Kinder\"},{\"@type\":\"BreadcrumbList\",\"@id\":\"https:\/\/now-news.de\/de\/deutschland\/anzahl-irrelevant-selenskij-bestaetigt-seine-luege-ueber-20-000-verschleppte-kinder\/#breadcrumb\",\"itemListElement\":[{\"@type\":\"ListItem\",\"position\":1,\"name\":\"Home\",\"item\":\"https:\/\/now-news.de\/de\/\"},{\"@type\":\"ListItem\",\"position\":2,\"name\":\"&quot;Anzahl irrelevant&quot; \u2013 Selenskij best\u00e4tigt seine L\u00fcge \u00fcber 20.000 verschleppte Kinder\"}]},{\"@type\":\"WebSite\",\"@id\":\"https:\/\/now-news.de\/de\/#website\",\"url\":\"https:\/\/now-news.de\/de\/\",\"name\":\"just-now.NEWS Deutschland\",\"description\":\"Das Portal f\u00fcr unzensierte Nachrichten aus der Welt\",\"publisher\":{\"@id\":\"https:\/\/now-news.de\/de\/#organization\"},\"potentialAction\":[{\"@type\":\"SearchAction\",\"target\":{\"@type\":\"EntryPoint\",\"urlTemplate\":\"https:\/\/now-news.de\/de\/?s={search_term_string}\"},\"query-input\":\"required name=search_term_string\"}],\"inLanguage\":\"de\"},{\"@type\":\"Organization\",\"@id\":\"https:\/\/now-news.de\/de\/#organization\",\"name\":\"Just Now News\",\"url\":\"https:\/\/now-news.de\/de\/\",\"logo\":{\"@type\":\"ImageObject\",\"inLanguage\":\"de\",\"@id\":\"https:\/\/now-news.de\/de\/#\/schema\/logo\/image\/\",\"url\":\"http:\/\/just-now.news\/de\/wp-content\/uploads\/sites\/3\/2022\/04\/logo500x500.jpg\",\"contentUrl\":\"http:\/\/just-now.news\/de\/wp-content\/uploads\/sites\/3\/2022\/04\/logo500x500.jpg\",\"width\":500,\"height\":500,\"caption\":\"Just Now News\"},\"image\":{\"@id\":\"https:\/\/now-news.de\/de\/#\/schema\/logo\/image\/\"},\"sameAs\":[\"https:\/\/www.facebook.com\/wirmachenauf\",\"https:\/\/x.com\/WirMachenAuf_de\"]},{\"@type\":\"Person\",\"@id\":\"https:\/\/now-news.de\/de\/#\/schema\/person\/fb534a4e865501d8b3285208df34a9b5\",\"name\":\"rtnews\",\"image\":{\"@type\":\"ImageObject\",\"inLanguage\":\"de\",\"@id\":\"https:\/\/now-news.de\/de\/#\/schema\/person\/image\/\",\"url\":\"https:\/\/secure.gravatar.com\/avatar\/82aafea7d8127119dd649515f56e2117?s=96&d=mm&r=g\",\"contentUrl\":\"https:\/\/secure.gravatar.com\/avatar\/82aafea7d8127119dd649515f56e2117?s=96&d=mm&r=g\",\"caption\":\"rtnews\"},\"url\":\"https:\/\/now-news.de\/de\/author\/rnews\/\"}]}<\/script>\n<!-- \/ Yoast SEO Premium plugin. -->","yoast_head_json":{"title":"&quot;Anzahl irrelevant&quot; \u2013 Selenskij best\u00e4tigt seine L\u00fcge \u00fcber 20.000 verschleppte Kinder - just-now.NEWS Deutschland","robots":{"index":"index","follow":"follow","max-snippet":"max-snippet:-1","max-image-preview":"max-image-preview:large","max-video-preview":"max-video-preview:-1"},"canonical":"https:\/\/now-news.de\/de\/deutschland\/anzahl-irrelevant-selenskij-bestaetigt-seine-luege-ueber-20-000-verschleppte-kinder\/","og_locale":"de_DE","og_type":"article","og_title":"&quot;Anzahl irrelevant&quot; \u2013 Selenskij best\u00e4tigt seine L\u00fcge \u00fcber 20.000 verschleppte Kinder","og_description":"Eine der S\u00e4ulen der Kiewer Propaganda, Russland verschleppe ukrainische Kinder, hat sich nach dem Medienauftritt des russischen Chefunterh\u00e4ndlers in Istanbul Wladimir Medinski in Luft aufgel\u00f6st. Selenskij machte mit seinem ungeschickten Kommentar die Sache noch schlimmer. Von Wladislaw Sankin Bei der Konfrontation mit der Realit\u00e4t kommen Propagandisten oft ins Schlendern \u2026 und k\u00f6nnen unfreiwillig etwas ausplaudern, [&hellip;]","og_url":"https:\/\/now-news.de\/de\/deutschland\/anzahl-irrelevant-selenskij-bestaetigt-seine-luege-ueber-20-000-verschleppte-kinder\/","og_site_name":"just-now.NEWS Deutschland","article_publisher":"https:\/\/www.facebook.com\/wirmachenauf","article_published_time":"2025-06-03T18:21:16+00:00","og_image":[{"url":"https:\/\/now-news.de\/de\/wp-content\/uploads\/sites\/3\/2025\/06\/683f26ee48fbef07f76ad85f.JPG"}],"author":"rtnews","twitter_card":"summary_large_image","twitter_creator":"@WirMachenAuf_de","twitter_site":"@WirMachenAuf_de","twitter_misc":{"Verfasst von":"rtnews","Gesch\u00e4tzte Lesezeit":"3\u00a0Minuten"},"schema":{"@context":"https:\/\/schema.org","@graph":[{"@type":"Article","@id":"https:\/\/now-news.de\/de\/deutschland\/anzahl-irrelevant-selenskij-bestaetigt-seine-luege-ueber-20-000-verschleppte-kinder\/#article","isPartOf":{"@id":"https:\/\/now-news.de\/de\/deutschland\/anzahl-irrelevant-selenskij-bestaetigt-seine-luege-ueber-20-000-verschleppte-kinder\/"},"author":{"name":"rtnews","@id":"https:\/\/now-news.de\/de\/#\/schema\/person\/fb534a4e865501d8b3285208df34a9b5"},"headline":"&quot;Anzahl irrelevant&quot; \u2013 Selenskij best\u00e4tigt seine L\u00fcge \u00fcber 20.000 verschleppte Kinder","datePublished":"2025-06-03T18:21:16+00:00","dateModified":"2025-06-03T18:21:16+00:00","mainEntityOfPage":{"@id":"https:\/\/now-news.de\/de\/deutschland\/anzahl-irrelevant-selenskij-bestaetigt-seine-luege-ueber-20-000-verschleppte-kinder\/"},"wordCount":590,"commentCount":0,"publisher":{"@id":"https:\/\/now-news.de\/de\/#organization"},"image":{"@id":"https:\/\/now-news.de\/de\/deutschland\/anzahl-irrelevant-selenskij-bestaetigt-seine-luege-ueber-20-000-verschleppte-kinder\/#primaryimage"},"thumbnailUrl":"https:\/\/now-news.de\/de\/wp-content\/uploads\/sites\/3\/2025\/06\/quotAnzahl-irrelevantquot-\u2013-Selenskij-bestaetigt-seine-Luege-ueber-20000-verschleppte.JPG","keywords":["best\u00e4tigt","irrelevantquot","Kinder","L\u00fcge","quotAnzahl","seine","Selenskij","\u00fcber","Verschleppte"],"articleSection":["Deutschland","Russland"],"inLanguage":"de","potentialAction":[{"@type":"CommentAction","name":"Comment","target":["https:\/\/now-news.de\/de\/deutschland\/anzahl-irrelevant-selenskij-bestaetigt-seine-luege-ueber-20-000-verschleppte-kinder\/#respond"]}]},{"@type":"WebPage","@id":"https:\/\/now-news.de\/de\/deutschland\/anzahl-irrelevant-selenskij-bestaetigt-seine-luege-ueber-20-000-verschleppte-kinder\/","url":"https:\/\/now-news.de\/de\/deutschland\/anzahl-irrelevant-selenskij-bestaetigt-seine-luege-ueber-20-000-verschleppte-kinder\/","name":"&quot;Anzahl irrelevant&quot; \u2013 Selenskij best\u00e4tigt seine L\u00fcge \u00fcber 20.000 verschleppte Kinder - just-now.NEWS Deutschland","isPartOf":{"@id":"https:\/\/now-news.de\/de\/#website"},"primaryImageOfPage":{"@id":"https:\/\/now-news.de\/de\/deutschland\/anzahl-irrelevant-selenskij-bestaetigt-seine-luege-ueber-20-000-verschleppte-kinder\/#primaryimage"},"image":{"@id":"https:\/\/now-news.de\/de\/deutschland\/anzahl-irrelevant-selenskij-bestaetigt-seine-luege-ueber-20-000-verschleppte-kinder\/#primaryimage"},"thumbnailUrl":"https:\/\/now-news.de\/de\/wp-content\/uploads\/sites\/3\/2025\/06\/quotAnzahl-irrelevantquot-\u2013-Selenskij-bestaetigt-seine-Luege-ueber-20000-verschleppte.JPG","datePublished":"2025-06-03T18:21:16+00:00","dateModified":"2025-06-03T18:21:16+00:00","breadcrumb":{"@id":"https:\/\/now-news.de\/de\/deutschland\/anzahl-irrelevant-selenskij-bestaetigt-seine-luege-ueber-20-000-verschleppte-kinder\/#breadcrumb"},"inLanguage":"de","potentialAction":[{"@type":"ReadAction","target":["https:\/\/now-news.de\/de\/deutschland\/anzahl-irrelevant-selenskij-bestaetigt-seine-luege-ueber-20-000-verschleppte-kinder\/"]}]},{"@type":"ImageObject","inLanguage":"de","@id":"https:\/\/now-news.de\/de\/deutschland\/anzahl-irrelevant-selenskij-bestaetigt-seine-luege-ueber-20-000-verschleppte-kinder\/#primaryimage","url":"https:\/\/now-news.de\/de\/wp-content\/uploads\/sites\/3\/2025\/06\/quotAnzahl-irrelevantquot-\u2013-Selenskij-bestaetigt-seine-Luege-ueber-20000-verschleppte.JPG","contentUrl":"https:\/\/now-news.de\/de\/wp-content\/uploads\/sites\/3\/2025\/06\/quotAnzahl-irrelevantquot-\u2013-Selenskij-bestaetigt-seine-Luege-ueber-20000-verschleppte.JPG","width":1119,"height":635,"caption":"&quot;Anzahl irrelevant&quot; \u2013 Selenskij best\u00e4tigt seine L\u00fcge \u00fcber 20.000 verschleppte Kinder"},{"@type":"BreadcrumbList","@id":"https:\/\/now-news.de\/de\/deutschland\/anzahl-irrelevant-selenskij-bestaetigt-seine-luege-ueber-20-000-verschleppte-kinder\/#breadcrumb","itemListElement":[{"@type":"ListItem","position":1,"name":"Home","item":"https:\/\/now-news.de\/de\/"},{"@type":"ListItem","position":2,"name":"&quot;Anzahl irrelevant&quot; \u2013 Selenskij best\u00e4tigt seine L\u00fcge \u00fcber 20.000 verschleppte Kinder"}]},{"@type":"WebSite","@id":"https:\/\/now-news.de\/de\/#website","url":"https:\/\/now-news.de\/de\/","name":"just-now.NEWS Deutschland","description":"Das Portal f\u00fcr unzensierte Nachrichten aus der Welt","publisher":{"@id":"https:\/\/now-news.de\/de\/#organization"},"potentialAction":[{"@type":"SearchAction","target":{"@type":"EntryPoint","urlTemplate":"https:\/\/now-news.de\/de\/?s={search_term_string}"},"query-input":"required name=search_term_string"}],"inLanguage":"de"},{"@type":"Organization","@id":"https:\/\/now-news.de\/de\/#organization","name":"Just Now News","url":"https:\/\/now-news.de\/de\/","logo":{"@type":"ImageObject","inLanguage":"de","@id":"https:\/\/now-news.de\/de\/#\/schema\/logo\/image\/","url":"http:\/\/just-now.news\/de\/wp-content\/uploads\/sites\/3\/2022\/04\/logo500x500.jpg","contentUrl":"http:\/\/just-now.news\/de\/wp-content\/uploads\/sites\/3\/2022\/04\/logo500x500.jpg","width":500,"height":500,"caption":"Just Now News"},"image":{"@id":"https:\/\/now-news.de\/de\/#\/schema\/logo\/image\/"},"sameAs":["https:\/\/www.facebook.com\/wirmachenauf","https:\/\/x.com\/WirMachenAuf_de"]},{"@type":"Person","@id":"https:\/\/now-news.de\/de\/#\/schema\/person\/fb534a4e865501d8b3285208df34a9b5","name":"rtnews","image":{"@type":"ImageObject","inLanguage":"de","@id":"https:\/\/now-news.de\/de\/#\/schema\/person\/image\/","url":"https:\/\/secure.gravatar.com\/avatar\/82aafea7d8127119dd649515f56e2117?s=96&d=mm&r=g","contentUrl":"https:\/\/secure.gravatar.com\/avatar\/82aafea7d8127119dd649515f56e2117?s=96&d=mm&r=g","caption":"rtnews"},"url":"https:\/\/now-news.de\/de\/author\/rnews\/"}]}},"_links":{"self":[{"href":"https:\/\/now-news.de\/de\/wp-json\/wp\/v2\/posts\/84967"}],"collection":[{"href":"https:\/\/now-news.de\/de\/wp-json\/wp\/v2\/posts"}],"about":[{"href":"https:\/\/now-news.de\/de\/wp-json\/wp\/v2\/types\/post"}],"author":[{"embeddable":true,"href":"https:\/\/now-news.de\/de\/wp-json\/wp\/v2\/users\/3"}],"replies":[{"embeddable":true,"href":"https:\/\/now-news.de\/de\/wp-json\/wp\/v2\/comments?post=84967"}],"version-history":[{"count":0,"href":"https:\/\/now-news.de\/de\/wp-json\/wp\/v2\/posts\/84967\/revisions"}],"wp:featuredmedia":[{"embeddable":true,"href":"https:\/\/now-news.de\/de\/wp-json\/wp\/v2\/media\/84968"}],"wp:attachment":[{"href":"https:\/\/now-news.de\/de\/wp-json\/wp\/v2\/media?parent=84967"}],"wp:term":[{"taxonomy":"category","embeddable":true,"href":"https:\/\/now-news.de\/de\/wp-json\/wp\/v2\/categories?post=84967"},{"taxonomy":"post_tag","embeddable":true,"href":"https:\/\/now-news.de\/de\/wp-json\/wp\/v2\/tags?post=84967"}],"curies":[{"name":"wp","href":"https:\/\/api.w.org\/{rel}","templated":true}]}}