{"id":84965,"date":"2025-06-03T20:03:04","date_gmt":"2025-06-03T18:03:04","guid":{"rendered":"https:\/\/now-news.de\/de\/deutschland\/jeffrey-sachs-warnt-die-europaeische-union-koennte-auseinanderbrechen\/"},"modified":"2025-06-03T20:03:04","modified_gmt":"2025-06-03T18:03:04","slug":"jeffrey-sachs-warnt-die-europaeische-union-koennte-auseinanderbrechen","status":"publish","type":"post","link":"https:\/\/now-news.de\/de\/deutschland\/jeffrey-sachs-warnt-die-europaeische-union-koennte-auseinanderbrechen\/","title":{"rendered":"Jeffrey Sachs warnt: Die Europ\u00e4ische Union k\u00f6nnte auseinanderbrechen"},"content":{"rendered":"<p><img decoding=\"async\" src=\"https:\/\/now-news.de\/de\/wp-content\/uploads\/sites\/3\/2025\/06\/683ef955b480cc3a542f1253.jpg\" \/><\/p>\n<div class=\"Text-root Text-type_1 \">\n                In den EU-L\u00e4ndern sind immer mehr Menschen mit der Politik der Spitzenpolitiker unzufrieden, meint der renommierte US-\u00d6konom Jeffrey Sachs in einem Interview. Die Gemeinschaft sollte modernisiert und gest\u00e4rkt werden, doch stattdessen k\u00f6nnte sie schlichtweg zerfallen.\n            <\/div>\n<p><\/p>\n<div class=\"Text-root Text-type_5 ArticleView-text ViewText-root \">\n<p>Professor Jeffrey Sachs, einer der bekanntesten US-amerikanischen \u00d6konomen, hat der russischen Nachrichtenagentur <em>TASS<\/em> ein Interview gegeben. In dem Gespr\u00e4ch vom Dienstag legte der Direktor des Zentrums f\u00fcr nachhaltige Entwicklung an der Columbia University in New York seine Vision f\u00fcr die Zukunft der Europ\u00e4ischen Union dar.<\/p>\n<p>Auf die Frage, ob der Zusammenbruch der EU heute wahrscheinlich sei, antwortete Sachs, dass ein solches Szenario m\u00f6glich sei, denn die Gemeinschaft bleibe nach wie vor ein ziemlich fragiles Gebilde.<\/p>\n<p>In diesem Zusammenhang\u00a0wird der US-\u00d6konom von der <em>TASS<\/em> mit den Worten zitiert:<\/p>\n<blockquote>\n<p><em>&#8220;Ich glaube, dass Europa modernisiert und gest\u00e4rkt werden muss \u2013 ein starkes Europa w\u00fcrde sowohl Europa selbst als auch der ganzen Welt n\u00fctzen. Es ist jedoch m\u00f6glich, dass die EU stattdessen einfach auseinanderf\u00e4llt.&#8221;<\/em><\/p>\n<\/blockquote>\n<p>Ferner sprach Sachs von der wachsenden \u00f6ffentlichen Unzufriedenheit mit dem Ukraine-Krieg und den europ\u00e4ischen Staats- und Regierungschefs. Politiker wie der britische Premierminister Keir Starmer und der franz\u00f6sische Pr\u00e4sident Emmanuel Macron seien in den eigenen L\u00e4ndern verhasst, meinte der US-Experte. Die Anzahl der Menschen, die ihre Politik guthie\u00dfen, sei deutlich geringer als die Zahl der B\u00fcrger, die damit unzufrieden seien.<\/p>\n<p>Sachs sagte w\u00f6rtlich:<\/p>\n<blockquote>\n<p><em>&#8220;Und viele sind \u00e4u\u00dferst unzufrieden mit der Br\u00fcsseler B\u00fcrokratie. Ich pers\u00f6nlich bin das auch.&#8221;<\/em><\/p>\n<\/blockquote>\n<p>In Br\u00fcssel werde laut Jeffrey Sachs derzeit die M\u00f6glichkeit diskutiert, Ungarn das Vetorecht zu entziehen \u2013 aus dem Grund, dass Budapest die Wahrheit \u00fcber die Ukraine-Krise ausspreche:<\/p>\n<blockquote>\n<p><em>&#8220;Der Krieg in der Ukraine muss beendet werden, und die EU muss aufh\u00f6ren, zum Krieg anzustiften.&#8221;<\/em><\/p>\n<\/blockquote>\n<p>Der ungarische Ministerpr\u00e4sident Viktor Orb\u00e1n hat in einer Erkl\u00e4rung vom Montag verk\u00fcndet, das Land m\u00fcsse &#8220;auf der Seite des Friedens bleiben, auch wenn die Streitigkeiten mit Br\u00fcssel gr\u00f6\u00dfer werden.&#8221;<\/p>\n<p><strong>Mehr zum Thema<\/strong> &#8211; <a rel=\"nofollow noopener\" target=\"_blank\" href=\"https:\/\/freedert.online\/kurzclips\/video\/238763-jeffrey-sachs-annalena-baerbock-ist\/\">Jeffrey Sachs: Annalena Baerbock ist eine Kriegshetzerin<\/a><\/p>\n<div class=\"EmbedBlock-root EmbedBlock-externalVideo EmbedBlock-rumble\">\n<div class=\"VkEmbed\"><iframe class=\"lazyload\" data-src=\"https:\/\/rumble.com\/embed\/v6s298z\" frameborder=\"0\" width=\"853\" height=\"480\" allowfullscreen><\/iframe><\/div>\n<\/div>\n<\/div>\n<p><br \/>\n<br \/><a href=\"https:\/\/de.rt.com\/international\/246746-jeffrey-sachs-europaeische-union-kann\/\">Source link <\/a><\/p>\n","protected":false},"excerpt":{"rendered":"<p>In den EU-L\u00e4ndern sind immer mehr Menschen mit der Politik der Spitzenpolitiker unzufrieden, meint der renommierte US-\u00d6konom Jeffrey Sachs in einem Interview. Die Gemeinschaft sollte modernisiert und gest\u00e4rkt werden, doch stattdessen k\u00f6nnte sie schlichtweg zerfallen. Professor Jeffrey Sachs, einer der bekanntesten US-amerikanischen \u00d6konomen, hat der russischen Nachrichtenagentur TASS ein Interview gegeben. In dem Gespr\u00e4ch vom [&hellip;]<\/p>\n","protected":false},"author":3,"featured_media":84966,"comment_status":"open","ping_status":"open","sticky":false,"template":"","format":"standard","meta":{"_yoast_indexnow_last_ping":["1748974299"],"wp_automatic_camp":["217"],"570bb90e2e02ab8a7e0afb31e657df8f":["Jeffrey Sachs warnt: Die Europ\u00e4ische Union k\u00f6nnte auseinanderbrechen"],"original_link":["https:\/\/de.rt.com\/international\/246746-jeffrey-sachs-europaeische-union-kann\/"],"_thumbnail_id":["84966"],"_wptgpro_p2tg_sent2tg":["a:1:{i:23737;s:19:\"2025-06-03 20:12:41\";}"],"jnews_social_counter_last_update":["1777355543"]},"categories":[19,23],"tags":[65465,45,21307,25518,970,33790,6716,912],"yoast_head":"<!-- This site is optimized with the Yoast SEO Premium plugin v22.7 (Yoast SEO v22.7) - https:\/\/yoast.com\/wordpress\/plugins\/seo\/ -->\n<title>Jeffrey Sachs warnt: Die Europ\u00e4ische Union k\u00f6nnte auseinanderbrechen - just-now.NEWS Deutschland<\/title>\n<meta name=\"robots\" content=\"index, follow, max-snippet:-1, max-image-preview:large, max-video-preview:-1\" \/>\n<link rel=\"canonical\" href=\"https:\/\/now-news.de\/de\/deutschland\/jeffrey-sachs-warnt-die-europaeische-union-koennte-auseinanderbrechen\/\" \/>\n<meta property=\"og:locale\" content=\"de_DE\" \/>\n<meta property=\"og:type\" content=\"article\" \/>\n<meta property=\"og:title\" content=\"Jeffrey Sachs warnt: Die Europ\u00e4ische Union k\u00f6nnte auseinanderbrechen\" \/>\n<meta property=\"og:description\" content=\"In den EU-L\u00e4ndern sind immer mehr Menschen mit der Politik der Spitzenpolitiker unzufrieden, meint der renommierte US-\u00d6konom Jeffrey Sachs in einem Interview. Die Gemeinschaft sollte modernisiert und gest\u00e4rkt werden, doch stattdessen k\u00f6nnte sie schlichtweg zerfallen. Professor Jeffrey Sachs, einer der bekanntesten US-amerikanischen \u00d6konomen, hat der russischen Nachrichtenagentur TASS ein Interview gegeben. In dem Gespr\u00e4ch vom [&hellip;]\" \/>\n<meta property=\"og:url\" content=\"https:\/\/now-news.de\/de\/deutschland\/jeffrey-sachs-warnt-die-europaeische-union-koennte-auseinanderbrechen\/\" \/>\n<meta property=\"og:site_name\" content=\"just-now.NEWS Deutschland\" \/>\n<meta property=\"article:publisher\" content=\"https:\/\/www.facebook.com\/wirmachenauf\" \/>\n<meta property=\"article:published_time\" content=\"2025-06-03T18:03:04+00:00\" \/>\n<meta property=\"og:image\" content=\"https:\/\/now-news.de\/de\/wp-content\/uploads\/sites\/3\/2025\/06\/683ef955b480cc3a542f1253.jpg\" \/>\n<meta name=\"author\" content=\"rtnews\" \/>\n<meta name=\"twitter:card\" content=\"summary_large_image\" \/>\n<meta name=\"twitter:creator\" content=\"@WirMachenAuf_de\" \/>\n<meta name=\"twitter:site\" content=\"@WirMachenAuf_de\" \/>\n<meta name=\"twitter:label1\" content=\"Verfasst von\" \/>\n\t<meta name=\"twitter:data1\" content=\"rtnews\" \/>\n\t<meta name=\"twitter:label2\" content=\"Gesch\u00e4tzte Lesezeit\" \/>\n\t<meta name=\"twitter:data2\" content=\"2\u00a0Minuten\" \/>\n<script type=\"application\/ld+json\" class=\"yoast-schema-graph\">{\"@context\":\"https:\/\/schema.org\",\"@graph\":[{\"@type\":\"Article\",\"@id\":\"https:\/\/now-news.de\/de\/deutschland\/jeffrey-sachs-warnt-die-europaeische-union-koennte-auseinanderbrechen\/#article\",\"isPartOf\":{\"@id\":\"https:\/\/now-news.de\/de\/deutschland\/jeffrey-sachs-warnt-die-europaeische-union-koennte-auseinanderbrechen\/\"},\"author\":{\"name\":\"rtnews\",\"@id\":\"https:\/\/now-news.de\/de\/#\/schema\/person\/fb534a4e865501d8b3285208df34a9b5\"},\"headline\":\"Jeffrey Sachs warnt: Die Europ\u00e4ische Union k\u00f6nnte auseinanderbrechen\",\"datePublished\":\"2025-06-03T18:03:04+00:00\",\"dateModified\":\"2025-06-03T18:03:04+00:00\",\"mainEntityOfPage\":{\"@id\":\"https:\/\/now-news.de\/de\/deutschland\/jeffrey-sachs-warnt-die-europaeische-union-koennte-auseinanderbrechen\/\"},\"wordCount\":362,\"commentCount\":0,\"publisher\":{\"@id\":\"https:\/\/now-news.de\/de\/#organization\"},\"image\":{\"@id\":\"https:\/\/now-news.de\/de\/deutschland\/jeffrey-sachs-warnt-die-europaeische-union-koennte-auseinanderbrechen\/#primaryimage\"},\"thumbnailUrl\":\"https:\/\/now-news.de\/de\/wp-content\/uploads\/sites\/3\/2025\/06\/Jeffrey-Sachs-warnt-Die-Europaeische-Union-koennte-auseinanderbrechen.jpg\",\"keywords\":[\"auseinanderbrechen\",\"die\",\"europ\u00e4ische\",\"Jeffrey\",\"K\u00f6nnte\",\"Sachs\",\"Union\",\"warnt\"],\"articleSection\":[\"Deutschland\",\"Russland\"],\"inLanguage\":\"de\",\"potentialAction\":[{\"@type\":\"CommentAction\",\"name\":\"Comment\",\"target\":[\"https:\/\/now-news.de\/de\/deutschland\/jeffrey-sachs-warnt-die-europaeische-union-koennte-auseinanderbrechen\/#respond\"]}]},{\"@type\":\"WebPage\",\"@id\":\"https:\/\/now-news.de\/de\/deutschland\/jeffrey-sachs-warnt-die-europaeische-union-koennte-auseinanderbrechen\/\",\"url\":\"https:\/\/now-news.de\/de\/deutschland\/jeffrey-sachs-warnt-die-europaeische-union-koennte-auseinanderbrechen\/\",\"name\":\"Jeffrey Sachs warnt: Die Europ\u00e4ische Union k\u00f6nnte auseinanderbrechen - just-now.NEWS Deutschland\",\"isPartOf\":{\"@id\":\"https:\/\/now-news.de\/de\/#website\"},\"primaryImageOfPage\":{\"@id\":\"https:\/\/now-news.de\/de\/deutschland\/jeffrey-sachs-warnt-die-europaeische-union-koennte-auseinanderbrechen\/#primaryimage\"},\"image\":{\"@id\":\"https:\/\/now-news.de\/de\/deutschland\/jeffrey-sachs-warnt-die-europaeische-union-koennte-auseinanderbrechen\/#primaryimage\"},\"thumbnailUrl\":\"https:\/\/now-news.de\/de\/wp-content\/uploads\/sites\/3\/2025\/06\/Jeffrey-Sachs-warnt-Die-Europaeische-Union-koennte-auseinanderbrechen.jpg\",\"datePublished\":\"2025-06-03T18:03:04+00:00\",\"dateModified\":\"2025-06-03T18:03:04+00:00\",\"breadcrumb\":{\"@id\":\"https:\/\/now-news.de\/de\/deutschland\/jeffrey-sachs-warnt-die-europaeische-union-koennte-auseinanderbrechen\/#breadcrumb\"},\"inLanguage\":\"de\",\"potentialAction\":[{\"@type\":\"ReadAction\",\"target\":[\"https:\/\/now-news.de\/de\/deutschland\/jeffrey-sachs-warnt-die-europaeische-union-koennte-auseinanderbrechen\/\"]}]},{\"@type\":\"ImageObject\",\"inLanguage\":\"de\",\"@id\":\"https:\/\/now-news.de\/de\/deutschland\/jeffrey-sachs-warnt-die-europaeische-union-koennte-auseinanderbrechen\/#primaryimage\",\"url\":\"https:\/\/now-news.de\/de\/wp-content\/uploads\/sites\/3\/2025\/06\/Jeffrey-Sachs-warnt-Die-Europaeische-Union-koennte-auseinanderbrechen.jpg\",\"contentUrl\":\"https:\/\/now-news.de\/de\/wp-content\/uploads\/sites\/3\/2025\/06\/Jeffrey-Sachs-warnt-Die-Europaeische-Union-koennte-auseinanderbrechen.jpg\",\"width\":460,\"height\":259,\"caption\":\"Jeffrey Sachs warnt: Die Europ\u00e4ische Union k\u00f6nnte auseinanderbrechen\"},{\"@type\":\"BreadcrumbList\",\"@id\":\"https:\/\/now-news.de\/de\/deutschland\/jeffrey-sachs-warnt-die-europaeische-union-koennte-auseinanderbrechen\/#breadcrumb\",\"itemListElement\":[{\"@type\":\"ListItem\",\"position\":1,\"name\":\"Home\",\"item\":\"https:\/\/now-news.de\/de\/\"},{\"@type\":\"ListItem\",\"position\":2,\"name\":\"Jeffrey Sachs warnt: Die Europ\u00e4ische Union k\u00f6nnte auseinanderbrechen\"}]},{\"@type\":\"WebSite\",\"@id\":\"https:\/\/now-news.de\/de\/#website\",\"url\":\"https:\/\/now-news.de\/de\/\",\"name\":\"just-now.NEWS Deutschland\",\"description\":\"Das Portal f\u00fcr unzensierte Nachrichten aus der Welt\",\"publisher\":{\"@id\":\"https:\/\/now-news.de\/de\/#organization\"},\"potentialAction\":[{\"@type\":\"SearchAction\",\"target\":{\"@type\":\"EntryPoint\",\"urlTemplate\":\"https:\/\/now-news.de\/de\/?s={search_term_string}\"},\"query-input\":\"required name=search_term_string\"}],\"inLanguage\":\"de\"},{\"@type\":\"Organization\",\"@id\":\"https:\/\/now-news.de\/de\/#organization\",\"name\":\"Just Now News\",\"url\":\"https:\/\/now-news.de\/de\/\",\"logo\":{\"@type\":\"ImageObject\",\"inLanguage\":\"de\",\"@id\":\"https:\/\/now-news.de\/de\/#\/schema\/logo\/image\/\",\"url\":\"http:\/\/just-now.news\/de\/wp-content\/uploads\/sites\/3\/2022\/04\/logo500x500.jpg\",\"contentUrl\":\"http:\/\/just-now.news\/de\/wp-content\/uploads\/sites\/3\/2022\/04\/logo500x500.jpg\",\"width\":500,\"height\":500,\"caption\":\"Just Now News\"},\"image\":{\"@id\":\"https:\/\/now-news.de\/de\/#\/schema\/logo\/image\/\"},\"sameAs\":[\"https:\/\/www.facebook.com\/wirmachenauf\",\"https:\/\/x.com\/WirMachenAuf_de\"]},{\"@type\":\"Person\",\"@id\":\"https:\/\/now-news.de\/de\/#\/schema\/person\/fb534a4e865501d8b3285208df34a9b5\",\"name\":\"rtnews\",\"image\":{\"@type\":\"ImageObject\",\"inLanguage\":\"de\",\"@id\":\"https:\/\/now-news.de\/de\/#\/schema\/person\/image\/\",\"url\":\"https:\/\/secure.gravatar.com\/avatar\/82aafea7d8127119dd649515f56e2117?s=96&d=mm&r=g\",\"contentUrl\":\"https:\/\/secure.gravatar.com\/avatar\/82aafea7d8127119dd649515f56e2117?s=96&d=mm&r=g\",\"caption\":\"rtnews\"},\"url\":\"https:\/\/now-news.de\/de\/author\/rnews\/\"}]}<\/script>\n<!-- \/ Yoast SEO Premium plugin. -->","yoast_head_json":{"title":"Jeffrey Sachs warnt: Die Europ\u00e4ische Union k\u00f6nnte auseinanderbrechen - just-now.NEWS Deutschland","robots":{"index":"index","follow":"follow","max-snippet":"max-snippet:-1","max-image-preview":"max-image-preview:large","max-video-preview":"max-video-preview:-1"},"canonical":"https:\/\/now-news.de\/de\/deutschland\/jeffrey-sachs-warnt-die-europaeische-union-koennte-auseinanderbrechen\/","og_locale":"de_DE","og_type":"article","og_title":"Jeffrey Sachs warnt: Die Europ\u00e4ische Union k\u00f6nnte auseinanderbrechen","og_description":"In den EU-L\u00e4ndern sind immer mehr Menschen mit der Politik der Spitzenpolitiker unzufrieden, meint der renommierte US-\u00d6konom Jeffrey Sachs in einem Interview. Die Gemeinschaft sollte modernisiert und gest\u00e4rkt werden, doch stattdessen k\u00f6nnte sie schlichtweg zerfallen. Professor Jeffrey Sachs, einer der bekanntesten US-amerikanischen \u00d6konomen, hat der russischen Nachrichtenagentur TASS ein Interview gegeben. In dem Gespr\u00e4ch vom [&hellip;]","og_url":"https:\/\/now-news.de\/de\/deutschland\/jeffrey-sachs-warnt-die-europaeische-union-koennte-auseinanderbrechen\/","og_site_name":"just-now.NEWS Deutschland","article_publisher":"https:\/\/www.facebook.com\/wirmachenauf","article_published_time":"2025-06-03T18:03:04+00:00","og_image":[{"url":"https:\/\/now-news.de\/de\/wp-content\/uploads\/sites\/3\/2025\/06\/683ef955b480cc3a542f1253.jpg"}],"author":"rtnews","twitter_card":"summary_large_image","twitter_creator":"@WirMachenAuf_de","twitter_site":"@WirMachenAuf_de","twitter_misc":{"Verfasst von":"rtnews","Gesch\u00e4tzte Lesezeit":"2\u00a0Minuten"},"schema":{"@context":"https:\/\/schema.org","@graph":[{"@type":"Article","@id":"https:\/\/now-news.de\/de\/deutschland\/jeffrey-sachs-warnt-die-europaeische-union-koennte-auseinanderbrechen\/#article","isPartOf":{"@id":"https:\/\/now-news.de\/de\/deutschland\/jeffrey-sachs-warnt-die-europaeische-union-koennte-auseinanderbrechen\/"},"author":{"name":"rtnews","@id":"https:\/\/now-news.de\/de\/#\/schema\/person\/fb534a4e865501d8b3285208df34a9b5"},"headline":"Jeffrey Sachs warnt: Die Europ\u00e4ische Union k\u00f6nnte auseinanderbrechen","datePublished":"2025-06-03T18:03:04+00:00","dateModified":"2025-06-03T18:03:04+00:00","mainEntityOfPage":{"@id":"https:\/\/now-news.de\/de\/deutschland\/jeffrey-sachs-warnt-die-europaeische-union-koennte-auseinanderbrechen\/"},"wordCount":362,"commentCount":0,"publisher":{"@id":"https:\/\/now-news.de\/de\/#organization"},"image":{"@id":"https:\/\/now-news.de\/de\/deutschland\/jeffrey-sachs-warnt-die-europaeische-union-koennte-auseinanderbrechen\/#primaryimage"},"thumbnailUrl":"https:\/\/now-news.de\/de\/wp-content\/uploads\/sites\/3\/2025\/06\/Jeffrey-Sachs-warnt-Die-Europaeische-Union-koennte-auseinanderbrechen.jpg","keywords":["auseinanderbrechen","die","europ\u00e4ische","Jeffrey","K\u00f6nnte","Sachs","Union","warnt"],"articleSection":["Deutschland","Russland"],"inLanguage":"de","potentialAction":[{"@type":"CommentAction","name":"Comment","target":["https:\/\/now-news.de\/de\/deutschland\/jeffrey-sachs-warnt-die-europaeische-union-koennte-auseinanderbrechen\/#respond"]}]},{"@type":"WebPage","@id":"https:\/\/now-news.de\/de\/deutschland\/jeffrey-sachs-warnt-die-europaeische-union-koennte-auseinanderbrechen\/","url":"https:\/\/now-news.de\/de\/deutschland\/jeffrey-sachs-warnt-die-europaeische-union-koennte-auseinanderbrechen\/","name":"Jeffrey Sachs warnt: Die Europ\u00e4ische Union k\u00f6nnte auseinanderbrechen - just-now.NEWS Deutschland","isPartOf":{"@id":"https:\/\/now-news.de\/de\/#website"},"primaryImageOfPage":{"@id":"https:\/\/now-news.de\/de\/deutschland\/jeffrey-sachs-warnt-die-europaeische-union-koennte-auseinanderbrechen\/#primaryimage"},"image":{"@id":"https:\/\/now-news.de\/de\/deutschland\/jeffrey-sachs-warnt-die-europaeische-union-koennte-auseinanderbrechen\/#primaryimage"},"thumbnailUrl":"https:\/\/now-news.de\/de\/wp-content\/uploads\/sites\/3\/2025\/06\/Jeffrey-Sachs-warnt-Die-Europaeische-Union-koennte-auseinanderbrechen.jpg","datePublished":"2025-06-03T18:03:04+00:00","dateModified":"2025-06-03T18:03:04+00:00","breadcrumb":{"@id":"https:\/\/now-news.de\/de\/deutschland\/jeffrey-sachs-warnt-die-europaeische-union-koennte-auseinanderbrechen\/#breadcrumb"},"inLanguage":"de","potentialAction":[{"@type":"ReadAction","target":["https:\/\/now-news.de\/de\/deutschland\/jeffrey-sachs-warnt-die-europaeische-union-koennte-auseinanderbrechen\/"]}]},{"@type":"ImageObject","inLanguage":"de","@id":"https:\/\/now-news.de\/de\/deutschland\/jeffrey-sachs-warnt-die-europaeische-union-koennte-auseinanderbrechen\/#primaryimage","url":"https:\/\/now-news.de\/de\/wp-content\/uploads\/sites\/3\/2025\/06\/Jeffrey-Sachs-warnt-Die-Europaeische-Union-koennte-auseinanderbrechen.jpg","contentUrl":"https:\/\/now-news.de\/de\/wp-content\/uploads\/sites\/3\/2025\/06\/Jeffrey-Sachs-warnt-Die-Europaeische-Union-koennte-auseinanderbrechen.jpg","width":460,"height":259,"caption":"Jeffrey Sachs warnt: Die Europ\u00e4ische Union k\u00f6nnte auseinanderbrechen"},{"@type":"BreadcrumbList","@id":"https:\/\/now-news.de\/de\/deutschland\/jeffrey-sachs-warnt-die-europaeische-union-koennte-auseinanderbrechen\/#breadcrumb","itemListElement":[{"@type":"ListItem","position":1,"name":"Home","item":"https:\/\/now-news.de\/de\/"},{"@type":"ListItem","position":2,"name":"Jeffrey Sachs warnt: Die Europ\u00e4ische Union k\u00f6nnte auseinanderbrechen"}]},{"@type":"WebSite","@id":"https:\/\/now-news.de\/de\/#website","url":"https:\/\/now-news.de\/de\/","name":"just-now.NEWS Deutschland","description":"Das Portal f\u00fcr unzensierte Nachrichten aus der Welt","publisher":{"@id":"https:\/\/now-news.de\/de\/#organization"},"potentialAction":[{"@type":"SearchAction","target":{"@type":"EntryPoint","urlTemplate":"https:\/\/now-news.de\/de\/?s={search_term_string}"},"query-input":"required name=search_term_string"}],"inLanguage":"de"},{"@type":"Organization","@id":"https:\/\/now-news.de\/de\/#organization","name":"Just Now News","url":"https:\/\/now-news.de\/de\/","logo":{"@type":"ImageObject","inLanguage":"de","@id":"https:\/\/now-news.de\/de\/#\/schema\/logo\/image\/","url":"http:\/\/just-now.news\/de\/wp-content\/uploads\/sites\/3\/2022\/04\/logo500x500.jpg","contentUrl":"http:\/\/just-now.news\/de\/wp-content\/uploads\/sites\/3\/2022\/04\/logo500x500.jpg","width":500,"height":500,"caption":"Just Now News"},"image":{"@id":"https:\/\/now-news.de\/de\/#\/schema\/logo\/image\/"},"sameAs":["https:\/\/www.facebook.com\/wirmachenauf","https:\/\/x.com\/WirMachenAuf_de"]},{"@type":"Person","@id":"https:\/\/now-news.de\/de\/#\/schema\/person\/fb534a4e865501d8b3285208df34a9b5","name":"rtnews","image":{"@type":"ImageObject","inLanguage":"de","@id":"https:\/\/now-news.de\/de\/#\/schema\/person\/image\/","url":"https:\/\/secure.gravatar.com\/avatar\/82aafea7d8127119dd649515f56e2117?s=96&d=mm&r=g","contentUrl":"https:\/\/secure.gravatar.com\/avatar\/82aafea7d8127119dd649515f56e2117?s=96&d=mm&r=g","caption":"rtnews"},"url":"https:\/\/now-news.de\/de\/author\/rnews\/"}]}},"_links":{"self":[{"href":"https:\/\/now-news.de\/de\/wp-json\/wp\/v2\/posts\/84965"}],"collection":[{"href":"https:\/\/now-news.de\/de\/wp-json\/wp\/v2\/posts"}],"about":[{"href":"https:\/\/now-news.de\/de\/wp-json\/wp\/v2\/types\/post"}],"author":[{"embeddable":true,"href":"https:\/\/now-news.de\/de\/wp-json\/wp\/v2\/users\/3"}],"replies":[{"embeddable":true,"href":"https:\/\/now-news.de\/de\/wp-json\/wp\/v2\/comments?post=84965"}],"version-history":[{"count":0,"href":"https:\/\/now-news.de\/de\/wp-json\/wp\/v2\/posts\/84965\/revisions"}],"wp:featuredmedia":[{"embeddable":true,"href":"https:\/\/now-news.de\/de\/wp-json\/wp\/v2\/media\/84966"}],"wp:attachment":[{"href":"https:\/\/now-news.de\/de\/wp-json\/wp\/v2\/media?parent=84965"}],"wp:term":[{"taxonomy":"category","embeddable":true,"href":"https:\/\/now-news.de\/de\/wp-json\/wp\/v2\/categories?post=84965"},{"taxonomy":"post_tag","embeddable":true,"href":"https:\/\/now-news.de\/de\/wp-json\/wp\/v2\/tags?post=84965"}],"curies":[{"name":"wp","href":"https:\/\/api.w.org\/{rel}","templated":true}]}}