{"id":84953,"date":"2025-06-03T17:40:05","date_gmt":"2025-06-03T15:40:05","guid":{"rendered":"https:\/\/now-news.de\/de\/deutschland\/deutsche-polizeigewerkschaft-klagt-nach-boehmermann-verleumdung-gegen-das-zdf\/"},"modified":"2025-06-03T17:40:05","modified_gmt":"2025-06-03T15:40:05","slug":"deutsche-polizeigewerkschaft-klagt-nach-boehmermann-verleumdung-gegen-das-zdf","status":"publish","type":"post","link":"https:\/\/now-news.de\/de\/deutschland\/deutsche-polizeigewerkschaft-klagt-nach-boehmermann-verleumdung-gegen-das-zdf\/","title":{"rendered":"Deutsche Polizeigewerkschaft klagt nach B\u00f6hmermann-Verleumdung gegen das ZDF"},"content":{"rendered":"<p><img decoding=\"async\" src=\"https:\/\/now-news.de\/de\/wp-content\/uploads\/sites\/3\/2025\/06\/683ec38eb480cc37dd0a1e01.jpeg\" \/><\/p>\n<div class=\"Text-root Text-type_1 \">\n                Erneut ger\u00e4t der TV-Mann Jan B\u00f6hmermann in den Fokus der \u00f6ffentlichen Wahrnehmung. Die Deutsche Polizeigewerkschaft (DPolG) reagiert nun auf eine zur\u00fcckliegende Sendung, in der B\u00f6hmermann einen Gewerkschaftler wegen einer kritischen Meinung zum Thema Asyl \u00f6ffentlich diskreditierte, mit einer Klage gegen das ZDF.\n            <\/div>\n<p><\/p>\n<div class=\"Text-root Text-type_5 ArticleView-text ViewText-root \">\n<p>In der Ausgabe seines Sendeformats <em>Magazin Royale<\/em>\u00a0besch\u00e4ftigte sich Jan B\u00f6hmermann am 28.\u00a0M\u00e4rz mit den seitens der Ampel angeordneten Bundeswehrfl\u00fcgen aus Afghanistan. Der Titel der Sendung lautete: &#8220;Wer ist hier das Sicherheitsrisiko?&#8221; In den Augen der B\u00f6hmermann-Redaktion sind dies demnach die Kritiker der fraglichen Vorg\u00e4nge (<em>RT\u00a0DE<\/em>\u00a0<a rel=\"nofollow noopener\" target=\"_blank\" href=\"https:\/\/freedert.online\/inland\/243777-baerbocks-vermaechtnis-tausende-afghanen-ohne\/\">berichtete<\/a>).<\/p>\n<p>Ein unfreiwilliger Protagonist der Sendung, der\u00a0bekannte Polizeigewerkschaftler Manuel Ostermann, klagt nun gegen das <em>ZDF<\/em>\u00a0und erh\u00e4lt dabei die volle Unterst\u00fctzung seines Arbeitgebers, der\u00a0Deutschen Polizeigewerkschaft (DPolG). B\u00f6hmermanns Dasein als vermeintlich unantastbarer <em>ZDF<\/em>-Clown basiert auf der willk\u00fcrlichen \u00f6ffentlichen Diskreditierung ihm missliebiger Personen des \u00f6ffentlichen Lebens wie auch aus den Tiefen der sozialen Medien.<\/p>\n<p>Das Schwerpunktthema der B\u00f6hmermann-Sendung vom 28.\u00a0M\u00e4rz galt dem sogenannten\u00a0Bundesaufnahmeprogramm f\u00fcr Afghanistan (BAP). Dazu <a rel=\"nofollow noopener\" target=\"_blank\" href=\"https:\/\/www.bundesaufnahmeprogrammafghanistan.de\/bundesaufnahme-de\/bundesaufnahmeprogramm-faq\/2544632-2544632\">erkl\u00e4rte<\/a> die zust\u00e4ndige Bundesbeh\u00f6rde im April des Vorjahres:<\/p>\n<p><em>&#8220;Deutschland setzt sich, wie andere internationale Partner, auch nach der Machtergreifung durch das de-facto-Regime der Taliban Mitte August\u00a02021 weiterhin f\u00fcr die Menschen in Afghanistan ein. Dazu geh\u00f6rt auch, dass die Bundesregierung bisher \u00fcber 45.000 besonders gef\u00e4hrdeten Afghanen sowie ihren Familienangeh\u00f6rigen eine Aufnahme in Deutschland in Aussicht gestellt hat. Darunter sind insbesondere ehemalige afghanische Ortskr\u00e4fte und ihre Familienangeh\u00f6rigen.&#8221;\u00a0<\/em><\/p>\n<p>Die <em>Berliner Zeitung<\/em> fasst zu den Vorg\u00e4ngen der Klage der DPolG sowie den Inhalten aus der Sendung <a rel=\"nofollow noopener\" target=\"_blank\" href=\"https:\/\/www.berliner-zeitung.de\/kultur-vergnuegen\/tv-medien\/exklusiv-polizist-reicht-programmbeschwerde-gegen-jan-boehmermann-ein-li.2329922\">einleitend<\/a> zusammen:<\/p>\n<p><em>&#8220;Der Moderator bem\u00e4ngelte zum Beispiel, dass das Programm nur schleppend laufe und trotz Versprechen an die Betroffenen bislang nur ein Bruchteil der vorgesehenen Menschen aufgenommen worden sei. Einen Verantwortlichen daf\u00fcr machte B\u00f6hmermann auch gleich aus: die\u00a0Bundespolizei. Diese sei daf\u00fcr verantwortlich, dass zum Beispiel zwei Menschen mit fehlerhaften Papieren aus\u00a0Afghanistan\u00a0eingereist seien.&#8221;<\/em><\/p>\n<p>In der berechenbaren Wahrnehmung der B\u00f6hmermann-Redaktion sei daher\u00a0die Bundespolizei &#8220;ein gr\u00f6\u00dferes Sicherheitsrisiko f\u00fcr Deutschland als gefl\u00fcchtete Afghanen&#8221;. Weiter hei\u00dft es im Artikel:<\/p>\n<p><em>&#8220;B\u00f6hmermann kommt zu dem Schluss, dass die Bundespolizei entweder inkompetent sei. Oder: &#8216;Teile meiner Bundespolizei missbrauchen die Bundespolizei, um Politik zu machen, gemeinsam mit interessierten Medien und Politikern.'&#8221;<\/em><\/p>\n<p>Der\u00a0Polizeigewerkschaftler Ostermann gilt als aktiver Kommunikator in den sozialen Medien\u00a0und ist dabei als asylkritischer Beamter bekannt. Ostermann informiert nun in einem X-Video \u00fcber die eingereichte Programmbeschwerde gegen das <em>ZDF<\/em>, um zu erkl\u00e4ren:<\/p>\n<p><em>&#8220;Wer unsere Kollegen derart durch den Dreck zieht, der bekommt es mit der Deutschen Polizeigewerkschaft zu tun. M\u00f6glicherweise darf Jan B\u00f6hmermann sich jetzt intensiver erkl\u00e4ren.&#8221;<\/em><\/p>\n<div class=\"EmbedBlock-root EmbedBlock-twitter\">\n<div class=\"TwitterEmbed\">\n<blockquote class=\"twitter-tweet lazyload\" data-twitter=\"twitter-tweet\" data-media-max-width=\"560\">\n<p lang=\"de\" dir=\"ltr\">Wer unsere Kolleginnen und Kollegen derart durch den Dreck zieht, der bekommt es mit der Deutschen Polizeigewerkschaft zu tun.M\u00f6glicherweise darf Jan B\u00f6hmermann sich jetzt intensiver erkl\u00e4ren. <a rel=\"nofollow noopener\" target=\"_blank\" href=\"https:\/\/t.co\/CGg28w3FiM\">pic.twitter.com\/CGg28w3FiM<\/a><\/p>\n<p>\u2014 Manuel Ostermann (@M_Ostermann) <a rel=\"nofollow noopener\" target=\"_blank\" href=\"https:\/\/twitter.com\/M_Ostermann\/status\/1929590126687961210?ref_src=twsrc%5Etfw\">June 2, 2025<\/a><\/p><\/blockquote>\n<\/div>\n<\/div>\n<p>W\u00f6rtlich erkl\u00e4rt Ostermann im Video:<\/p>\n<p><em>&#8220;Jan B\u00f6hmermann muss endlich f\u00fcr seine faktenbefreite, hetzerische, einseitige Diskreditierungs- und Diffamierungskampagne von Organisationen und Privatpersonen zur Rechenschaft gezogen werden. (&#8230;) Es muss ein Ende haben, dass Menschen bis tief in ihr Privatleben existentiell zerst\u00f6rt werden.&#8221;<\/em><\/p>\n<p>Der <em>Berliner Zeitung, <\/em>die Einblick in die Beschwerde erhielt,<em>\u00a0<\/em>erkl\u00e4rte Ostermann:<\/p>\n<p><em>&#8220;Jan B\u00f6hmermann hat mit seinen faktenbefreiten \u00c4u\u00dferungen viel Hass auf mich und auch auf meine Familie zu verantworten, aber er darf in der Gewissheit leben, dass eben dieses Verhalten m\u00f6glicherweise auch Konsequenzen zur Folge hat.&#8221;<\/em><\/p>\n<p>Ostermann erf\u00e4hrt R\u00fcckendeckung seines Arbeitgebers.\u00a0Heiko Teggatz, der Bundesvorsitzende der DPolG, gab der Zeitung zu Protokoll:<\/p>\n<p><em>&#8220;Wer die Bundespolizei und damit meine Kollegen zu Unrecht und aufgrund mangelhafter Recherche kritisiert, bekommt es mit der Deutschen Polizeigewerkschaft zu tun. Von geb\u00fchrenfinanziertem Journalismus erwarte ich Neutralit\u00e4t und Seriosit\u00e4t in der Berichterstattung. Auch dann, wenn diese als Satire bezeichnet wird.&#8221;<\/em><\/p>\n<p>Ostermanns Anw\u00e4lte, die Medienrechtskanzlei H\u00f6cker aus K\u00f6ln, werfen der\u00a0Redaktion die &#8220;Verletzung der Pflicht zur wahrheitsgem\u00e4\u00dfen und sachlichen Berichterstattung&#8221; vor, zudem die &#8220;Verletzung journalistischer Standards, da keine Stellungnahme eingeholt wurde&#8221;. Weiter hei\u00dft es:<\/p>\n<p><em>&#8220;Die Darstellung sei einseitig und vorverurteilend.\u00a0Die Sendung verschweigt zudem, dass die Bundespolizei nur eine beratende Rolle in Visaverfahren hat und die Letztentscheidung beim Ausw\u00e4rtigen Amt liegt. Auch wird ein laufendes Ermittlungsverfahren gegen einen Mitarbeiter des Ausw\u00e4rtigen Amtes nicht erw\u00e4hnt.&#8221;<\/em><\/p>\n<p>Diesbez\u00fcglich\u00a0geriet Ex-Ministerin Annalena Baerbock hinsichtlich ihres fraglichen Agierens im Vorjahr wie auch aktuell in der sogenannten &#8220;Visa-Aff\u00e4re&#8221; in den Fokus der Medien. So <a rel=\"nofollow noopener\" target=\"_blank\" href=\"https:\/\/www.spiegel.de\/panorama\/justiz\/afghanistan-insiderberichte-ueber-sicherheitsluecken-bei-aufnahmeprogrammen-a-b4ed4569-e76a-4879-a2fb-a7c948c84ced\">berichtete<\/a> der <em>Spiegel<\/em> am 27. Mai:<\/p>\n<p><em>&#8220;Fake-P\u00e4sse, L\u00fcgengeschichten: Seit Jahren berichten Insider von Sicherheitsl\u00fccken bei Aufnahmeprogrammen f\u00fcr gef\u00e4hrdete Afghanen. Interne Akten untermauern Vorw\u00fcrfe gegen das Ausw\u00e4rtige Amt unter Ministerin Baerbock.&#8221;<\/em><\/p>\n<p>B\u00f6hmermann bezeichnete in der kritisierten Sendung den Gewerkschafter als &#8220;Herrenmenschen im Skoda&#8221;, der eine &#8220;Blitzkriegfrisur&#8221; trage und aussehe wie ein &#8220;drei\u00a0Viertel gef\u00fcllter Boxsack&#8221;. Ostermanns Anw\u00e4lte fordern demnach vom <em>ZDF<\/em> nun, dass die Sendung aus der Mediathek und anderen Plattformen entfernt wird. Zudem fordert die Kanzlei &#8220;eine Richtigstellung der falschen Aussagen, insbesondere zur Kompetenzverteilung zwischen Bundespolizei und Ausw\u00e4rtigem Amt, sowie die \u00dcberpr\u00fcfung der redaktionellen Prozesse des &#8216;<em>ZDF Magazin Royale<\/em># zur Sicherstellung der Einhaltung von Programmrichtlinien&#8221;.<\/p>\n<p>Die Produktionsfirma von <em>Magazin Royale<\/em>\u00a0verwies die <em>Berliner Zeitung<\/em>\u00a0nach Anfrage an das <em>ZDF<\/em>. Eine Sendersprecherin best\u00e4tigt den Eingang der Beschwerde: &#8220;Wir werden diese, wie im Programmbeschwerde-Verfahren \u00fcblich, gegen\u00fcber dem Beschwerdef\u00fchrer beantworten&#8221;, so die lapidare Beantwortung. Wenig \u00fcberraschend schweigt B\u00f6hmermann in den sozialen Medien zu den erneuten Vorw\u00fcrfen gegen seine Person und seinen kritisierten Arbeitsmethoden.<\/p>\n<p><strong>Mehr zum Thema \u2013\u00a0<\/strong><a rel=\"nofollow noopener\" target=\"_blank\" href=\"https:\/\/freedert.online\/inland\/243867-redakteur-schreibt-brandbrief-ans-zdf\/\">Redakteur schreibt Brandbrief ans ZDF: ein System von arroganten Technokraten<\/a><\/p>\n<div class=\"EmbedBlock-root EmbedBlock-externalVideo EmbedBlock-rumble\">\n<div class=\"VkEmbed\"><iframe class=\"lazyload\" data-src=\"https:\/\/rumble.com\/embed\/v6rxign\" frameborder=\"0\" width=\"853\" height=\"480\" allowfullscreen><\/iframe><\/div>\n<\/div>\n<\/div>\n<p><script async src=\"https:\/\/platform.twitter.com\/widgets.js\" charset=\"utf-8\"><\/script><br \/>\n<br \/><br \/>\n<br \/><a href=\"https:\/\/de.rt.com\/inland\/246709-deutsche-polizeigewerkschaft-klagt-nach-boehmermann-verleumdung\/\">Source link <\/a><\/p>\n","protected":false},"excerpt":{"rendered":"<p>Erneut ger\u00e4t der TV-Mann Jan B\u00f6hmermann in den Fokus der \u00f6ffentlichen Wahrnehmung. Die Deutsche Polizeigewerkschaft (DPolG) reagiert nun auf eine zur\u00fcckliegende Sendung, in der B\u00f6hmermann einen Gewerkschaftler wegen einer kritischen Meinung zum Thema Asyl \u00f6ffentlich diskreditierte, mit einer Klage gegen das ZDF. In der Ausgabe seines Sendeformats Magazin Royale\u00a0besch\u00e4ftigte sich Jan B\u00f6hmermann am 28.\u00a0M\u00e4rz mit [&hellip;]<\/p>\n","protected":false},"author":3,"featured_media":84954,"comment_status":"open","ping_status":"open","sticky":false,"template":"","format":"standard","meta":{"_yoast_indexnow_last_ping":["1748965598"],"wp_automatic_camp":["217"],"8c6c994c1c4f8d0cce09a64fe9fbaec1":["Deutsche Polizeigewerkschaft klagt nach B\u00f6hmermann-Verleumdung gegen das ZDF"],"original_link":["https:\/\/de.rt.com\/inland\/246709-deutsche-polizeigewerkschaft-klagt-nach-boehmermann-verleumdung\/"],"_thumbnail_id":["84954"],"_wptgpro_p2tg_sent2tg":["a:1:{i:23737;s:19:\"2025-06-03 17:47:44\";}"],"jnews_social_counter_last_update":["1777344575"]},"categories":[19,23],"tags":[65460,427,2374,278,19654,979,33370,3812],"yoast_head":"<!-- This site is optimized with the Yoast SEO Premium plugin v22.7 (Yoast SEO v22.7) - https:\/\/yoast.com\/wordpress\/plugins\/seo\/ -->\n<title>Deutsche Polizeigewerkschaft klagt nach B\u00f6hmermann-Verleumdung gegen das ZDF - just-now.NEWS Deutschland<\/title>\n<meta name=\"robots\" content=\"index, follow, max-snippet:-1, max-image-preview:large, max-video-preview:-1\" \/>\n<link rel=\"canonical\" href=\"https:\/\/now-news.de\/de\/deutschland\/deutsche-polizeigewerkschaft-klagt-nach-boehmermann-verleumdung-gegen-das-zdf\/\" \/>\n<meta property=\"og:locale\" content=\"de_DE\" \/>\n<meta property=\"og:type\" content=\"article\" \/>\n<meta property=\"og:title\" content=\"Deutsche Polizeigewerkschaft klagt nach B\u00f6hmermann-Verleumdung gegen das ZDF\" \/>\n<meta property=\"og:description\" content=\"Erneut ger\u00e4t der TV-Mann Jan B\u00f6hmermann in den Fokus der \u00f6ffentlichen Wahrnehmung. Die Deutsche Polizeigewerkschaft (DPolG) reagiert nun auf eine zur\u00fcckliegende Sendung, in der B\u00f6hmermann einen Gewerkschaftler wegen einer kritischen Meinung zum Thema Asyl \u00f6ffentlich diskreditierte, mit einer Klage gegen das ZDF. In der Ausgabe seines Sendeformats Magazin Royale\u00a0besch\u00e4ftigte sich Jan B\u00f6hmermann am 28.\u00a0M\u00e4rz mit [&hellip;]\" \/>\n<meta property=\"og:url\" content=\"https:\/\/now-news.de\/de\/deutschland\/deutsche-polizeigewerkschaft-klagt-nach-boehmermann-verleumdung-gegen-das-zdf\/\" \/>\n<meta property=\"og:site_name\" content=\"just-now.NEWS Deutschland\" \/>\n<meta property=\"article:publisher\" content=\"https:\/\/www.facebook.com\/wirmachenauf\" \/>\n<meta property=\"article:published_time\" content=\"2025-06-03T15:40:05+00:00\" \/>\n<meta property=\"og:image\" content=\"https:\/\/now-news.de\/de\/wp-content\/uploads\/sites\/3\/2025\/06\/683ec38eb480cc37dd0a1e01.jpeg\" \/>\n<meta name=\"author\" content=\"rtnews\" \/>\n<meta name=\"twitter:card\" content=\"summary_large_image\" \/>\n<meta name=\"twitter:creator\" content=\"@WirMachenAuf_de\" \/>\n<meta name=\"twitter:site\" content=\"@WirMachenAuf_de\" \/>\n<meta name=\"twitter:label1\" content=\"Verfasst von\" \/>\n\t<meta name=\"twitter:data1\" content=\"rtnews\" \/>\n\t<meta name=\"twitter:label2\" content=\"Gesch\u00e4tzte Lesezeit\" \/>\n\t<meta name=\"twitter:data2\" content=\"5\u00a0Minuten\" \/>\n<script type=\"application\/ld+json\" class=\"yoast-schema-graph\">{\"@context\":\"https:\/\/schema.org\",\"@graph\":[{\"@type\":\"Article\",\"@id\":\"https:\/\/now-news.de\/de\/deutschland\/deutsche-polizeigewerkschaft-klagt-nach-boehmermann-verleumdung-gegen-das-zdf\/#article\",\"isPartOf\":{\"@id\":\"https:\/\/now-news.de\/de\/deutschland\/deutsche-polizeigewerkschaft-klagt-nach-boehmermann-verleumdung-gegen-das-zdf\/\"},\"author\":{\"name\":\"rtnews\",\"@id\":\"https:\/\/now-news.de\/de\/#\/schema\/person\/fb534a4e865501d8b3285208df34a9b5\"},\"headline\":\"Deutsche Polizeigewerkschaft klagt nach B\u00f6hmermann-Verleumdung gegen das ZDF\",\"datePublished\":\"2025-06-03T15:40:05+00:00\",\"dateModified\":\"2025-06-03T15:40:05+00:00\",\"mainEntityOfPage\":{\"@id\":\"https:\/\/now-news.de\/de\/deutschland\/deutsche-polizeigewerkschaft-klagt-nach-boehmermann-verleumdung-gegen-das-zdf\/\"},\"wordCount\":950,\"commentCount\":0,\"publisher\":{\"@id\":\"https:\/\/now-news.de\/de\/#organization\"},\"image\":{\"@id\":\"https:\/\/now-news.de\/de\/deutschland\/deutsche-polizeigewerkschaft-klagt-nach-boehmermann-verleumdung-gegen-das-zdf\/#primaryimage\"},\"thumbnailUrl\":\"https:\/\/now-news.de\/de\/wp-content\/uploads\/sites\/3\/2025\/06\/Deutsche-Polizeigewerkschaft-klagt-nach-Boehmermann-Verleumdung-gegen-das-ZDF.jpeg\",\"keywords\":[\"B\u00f6hmermannVerleumdung\",\"das\",\"Deutsche\",\"gegen\",\"klagt\",\"nach\",\"Polizeigewerkschaft\",\"ZDF\"],\"articleSection\":[\"Deutschland\",\"Russland\"],\"inLanguage\":\"de\",\"potentialAction\":[{\"@type\":\"CommentAction\",\"name\":\"Comment\",\"target\":[\"https:\/\/now-news.de\/de\/deutschland\/deutsche-polizeigewerkschaft-klagt-nach-boehmermann-verleumdung-gegen-das-zdf\/#respond\"]}]},{\"@type\":\"WebPage\",\"@id\":\"https:\/\/now-news.de\/de\/deutschland\/deutsche-polizeigewerkschaft-klagt-nach-boehmermann-verleumdung-gegen-das-zdf\/\",\"url\":\"https:\/\/now-news.de\/de\/deutschland\/deutsche-polizeigewerkschaft-klagt-nach-boehmermann-verleumdung-gegen-das-zdf\/\",\"name\":\"Deutsche Polizeigewerkschaft klagt nach B\u00f6hmermann-Verleumdung gegen das ZDF - just-now.NEWS Deutschland\",\"isPartOf\":{\"@id\":\"https:\/\/now-news.de\/de\/#website\"},\"primaryImageOfPage\":{\"@id\":\"https:\/\/now-news.de\/de\/deutschland\/deutsche-polizeigewerkschaft-klagt-nach-boehmermann-verleumdung-gegen-das-zdf\/#primaryimage\"},\"image\":{\"@id\":\"https:\/\/now-news.de\/de\/deutschland\/deutsche-polizeigewerkschaft-klagt-nach-boehmermann-verleumdung-gegen-das-zdf\/#primaryimage\"},\"thumbnailUrl\":\"https:\/\/now-news.de\/de\/wp-content\/uploads\/sites\/3\/2025\/06\/Deutsche-Polizeigewerkschaft-klagt-nach-Boehmermann-Verleumdung-gegen-das-ZDF.jpeg\",\"datePublished\":\"2025-06-03T15:40:05+00:00\",\"dateModified\":\"2025-06-03T15:40:05+00:00\",\"breadcrumb\":{\"@id\":\"https:\/\/now-news.de\/de\/deutschland\/deutsche-polizeigewerkschaft-klagt-nach-boehmermann-verleumdung-gegen-das-zdf\/#breadcrumb\"},\"inLanguage\":\"de\",\"potentialAction\":[{\"@type\":\"ReadAction\",\"target\":[\"https:\/\/now-news.de\/de\/deutschland\/deutsche-polizeigewerkschaft-klagt-nach-boehmermann-verleumdung-gegen-das-zdf\/\"]}]},{\"@type\":\"ImageObject\",\"inLanguage\":\"de\",\"@id\":\"https:\/\/now-news.de\/de\/deutschland\/deutsche-polizeigewerkschaft-klagt-nach-boehmermann-verleumdung-gegen-das-zdf\/#primaryimage\",\"url\":\"https:\/\/now-news.de\/de\/wp-content\/uploads\/sites\/3\/2025\/06\/Deutsche-Polizeigewerkschaft-klagt-nach-Boehmermann-Verleumdung-gegen-das-ZDF.jpeg\",\"contentUrl\":\"https:\/\/now-news.de\/de\/wp-content\/uploads\/sites\/3\/2025\/06\/Deutsche-Polizeigewerkschaft-klagt-nach-Boehmermann-Verleumdung-gegen-das-ZDF.jpeg\",\"width\":460,\"height\":259,\"caption\":\"Deutsche Polizeigewerkschaft klagt nach B\u00f6hmermann-Verleumdung gegen das ZDF\"},{\"@type\":\"BreadcrumbList\",\"@id\":\"https:\/\/now-news.de\/de\/deutschland\/deutsche-polizeigewerkschaft-klagt-nach-boehmermann-verleumdung-gegen-das-zdf\/#breadcrumb\",\"itemListElement\":[{\"@type\":\"ListItem\",\"position\":1,\"name\":\"Home\",\"item\":\"https:\/\/now-news.de\/de\/\"},{\"@type\":\"ListItem\",\"position\":2,\"name\":\"Deutsche Polizeigewerkschaft klagt nach B\u00f6hmermann-Verleumdung gegen das ZDF\"}]},{\"@type\":\"WebSite\",\"@id\":\"https:\/\/now-news.de\/de\/#website\",\"url\":\"https:\/\/now-news.de\/de\/\",\"name\":\"just-now.NEWS Deutschland\",\"description\":\"Das Portal f\u00fcr unzensierte Nachrichten aus der Welt\",\"publisher\":{\"@id\":\"https:\/\/now-news.de\/de\/#organization\"},\"potentialAction\":[{\"@type\":\"SearchAction\",\"target\":{\"@type\":\"EntryPoint\",\"urlTemplate\":\"https:\/\/now-news.de\/de\/?s={search_term_string}\"},\"query-input\":\"required name=search_term_string\"}],\"inLanguage\":\"de\"},{\"@type\":\"Organization\",\"@id\":\"https:\/\/now-news.de\/de\/#organization\",\"name\":\"Just Now News\",\"url\":\"https:\/\/now-news.de\/de\/\",\"logo\":{\"@type\":\"ImageObject\",\"inLanguage\":\"de\",\"@id\":\"https:\/\/now-news.de\/de\/#\/schema\/logo\/image\/\",\"url\":\"http:\/\/just-now.news\/de\/wp-content\/uploads\/sites\/3\/2022\/04\/logo500x500.jpg\",\"contentUrl\":\"http:\/\/just-now.news\/de\/wp-content\/uploads\/sites\/3\/2022\/04\/logo500x500.jpg\",\"width\":500,\"height\":500,\"caption\":\"Just Now News\"},\"image\":{\"@id\":\"https:\/\/now-news.de\/de\/#\/schema\/logo\/image\/\"},\"sameAs\":[\"https:\/\/www.facebook.com\/wirmachenauf\",\"https:\/\/x.com\/WirMachenAuf_de\"]},{\"@type\":\"Person\",\"@id\":\"https:\/\/now-news.de\/de\/#\/schema\/person\/fb534a4e865501d8b3285208df34a9b5\",\"name\":\"rtnews\",\"image\":{\"@type\":\"ImageObject\",\"inLanguage\":\"de\",\"@id\":\"https:\/\/now-news.de\/de\/#\/schema\/person\/image\/\",\"url\":\"https:\/\/secure.gravatar.com\/avatar\/82aafea7d8127119dd649515f56e2117?s=96&d=mm&r=g\",\"contentUrl\":\"https:\/\/secure.gravatar.com\/avatar\/82aafea7d8127119dd649515f56e2117?s=96&d=mm&r=g\",\"caption\":\"rtnews\"},\"url\":\"https:\/\/now-news.de\/de\/author\/rnews\/\"}]}<\/script>\n<!-- \/ Yoast SEO Premium plugin. -->","yoast_head_json":{"title":"Deutsche Polizeigewerkschaft klagt nach B\u00f6hmermann-Verleumdung gegen das ZDF - just-now.NEWS Deutschland","robots":{"index":"index","follow":"follow","max-snippet":"max-snippet:-1","max-image-preview":"max-image-preview:large","max-video-preview":"max-video-preview:-1"},"canonical":"https:\/\/now-news.de\/de\/deutschland\/deutsche-polizeigewerkschaft-klagt-nach-boehmermann-verleumdung-gegen-das-zdf\/","og_locale":"de_DE","og_type":"article","og_title":"Deutsche Polizeigewerkschaft klagt nach B\u00f6hmermann-Verleumdung gegen das ZDF","og_description":"Erneut ger\u00e4t der TV-Mann Jan B\u00f6hmermann in den Fokus der \u00f6ffentlichen Wahrnehmung. Die Deutsche Polizeigewerkschaft (DPolG) reagiert nun auf eine zur\u00fcckliegende Sendung, in der B\u00f6hmermann einen Gewerkschaftler wegen einer kritischen Meinung zum Thema Asyl \u00f6ffentlich diskreditierte, mit einer Klage gegen das ZDF. In der Ausgabe seines Sendeformats Magazin Royale\u00a0besch\u00e4ftigte sich Jan B\u00f6hmermann am 28.\u00a0M\u00e4rz mit [&hellip;]","og_url":"https:\/\/now-news.de\/de\/deutschland\/deutsche-polizeigewerkschaft-klagt-nach-boehmermann-verleumdung-gegen-das-zdf\/","og_site_name":"just-now.NEWS Deutschland","article_publisher":"https:\/\/www.facebook.com\/wirmachenauf","article_published_time":"2025-06-03T15:40:05+00:00","og_image":[{"url":"https:\/\/now-news.de\/de\/wp-content\/uploads\/sites\/3\/2025\/06\/683ec38eb480cc37dd0a1e01.jpeg"}],"author":"rtnews","twitter_card":"summary_large_image","twitter_creator":"@WirMachenAuf_de","twitter_site":"@WirMachenAuf_de","twitter_misc":{"Verfasst von":"rtnews","Gesch\u00e4tzte Lesezeit":"5\u00a0Minuten"},"schema":{"@context":"https:\/\/schema.org","@graph":[{"@type":"Article","@id":"https:\/\/now-news.de\/de\/deutschland\/deutsche-polizeigewerkschaft-klagt-nach-boehmermann-verleumdung-gegen-das-zdf\/#article","isPartOf":{"@id":"https:\/\/now-news.de\/de\/deutschland\/deutsche-polizeigewerkschaft-klagt-nach-boehmermann-verleumdung-gegen-das-zdf\/"},"author":{"name":"rtnews","@id":"https:\/\/now-news.de\/de\/#\/schema\/person\/fb534a4e865501d8b3285208df34a9b5"},"headline":"Deutsche Polizeigewerkschaft klagt nach B\u00f6hmermann-Verleumdung gegen das ZDF","datePublished":"2025-06-03T15:40:05+00:00","dateModified":"2025-06-03T15:40:05+00:00","mainEntityOfPage":{"@id":"https:\/\/now-news.de\/de\/deutschland\/deutsche-polizeigewerkschaft-klagt-nach-boehmermann-verleumdung-gegen-das-zdf\/"},"wordCount":950,"commentCount":0,"publisher":{"@id":"https:\/\/now-news.de\/de\/#organization"},"image":{"@id":"https:\/\/now-news.de\/de\/deutschland\/deutsche-polizeigewerkschaft-klagt-nach-boehmermann-verleumdung-gegen-das-zdf\/#primaryimage"},"thumbnailUrl":"https:\/\/now-news.de\/de\/wp-content\/uploads\/sites\/3\/2025\/06\/Deutsche-Polizeigewerkschaft-klagt-nach-Boehmermann-Verleumdung-gegen-das-ZDF.jpeg","keywords":["B\u00f6hmermannVerleumdung","das","Deutsche","gegen","klagt","nach","Polizeigewerkschaft","ZDF"],"articleSection":["Deutschland","Russland"],"inLanguage":"de","potentialAction":[{"@type":"CommentAction","name":"Comment","target":["https:\/\/now-news.de\/de\/deutschland\/deutsche-polizeigewerkschaft-klagt-nach-boehmermann-verleumdung-gegen-das-zdf\/#respond"]}]},{"@type":"WebPage","@id":"https:\/\/now-news.de\/de\/deutschland\/deutsche-polizeigewerkschaft-klagt-nach-boehmermann-verleumdung-gegen-das-zdf\/","url":"https:\/\/now-news.de\/de\/deutschland\/deutsche-polizeigewerkschaft-klagt-nach-boehmermann-verleumdung-gegen-das-zdf\/","name":"Deutsche Polizeigewerkschaft klagt nach B\u00f6hmermann-Verleumdung gegen das ZDF - just-now.NEWS Deutschland","isPartOf":{"@id":"https:\/\/now-news.de\/de\/#website"},"primaryImageOfPage":{"@id":"https:\/\/now-news.de\/de\/deutschland\/deutsche-polizeigewerkschaft-klagt-nach-boehmermann-verleumdung-gegen-das-zdf\/#primaryimage"},"image":{"@id":"https:\/\/now-news.de\/de\/deutschland\/deutsche-polizeigewerkschaft-klagt-nach-boehmermann-verleumdung-gegen-das-zdf\/#primaryimage"},"thumbnailUrl":"https:\/\/now-news.de\/de\/wp-content\/uploads\/sites\/3\/2025\/06\/Deutsche-Polizeigewerkschaft-klagt-nach-Boehmermann-Verleumdung-gegen-das-ZDF.jpeg","datePublished":"2025-06-03T15:40:05+00:00","dateModified":"2025-06-03T15:40:05+00:00","breadcrumb":{"@id":"https:\/\/now-news.de\/de\/deutschland\/deutsche-polizeigewerkschaft-klagt-nach-boehmermann-verleumdung-gegen-das-zdf\/#breadcrumb"},"inLanguage":"de","potentialAction":[{"@type":"ReadAction","target":["https:\/\/now-news.de\/de\/deutschland\/deutsche-polizeigewerkschaft-klagt-nach-boehmermann-verleumdung-gegen-das-zdf\/"]}]},{"@type":"ImageObject","inLanguage":"de","@id":"https:\/\/now-news.de\/de\/deutschland\/deutsche-polizeigewerkschaft-klagt-nach-boehmermann-verleumdung-gegen-das-zdf\/#primaryimage","url":"https:\/\/now-news.de\/de\/wp-content\/uploads\/sites\/3\/2025\/06\/Deutsche-Polizeigewerkschaft-klagt-nach-Boehmermann-Verleumdung-gegen-das-ZDF.jpeg","contentUrl":"https:\/\/now-news.de\/de\/wp-content\/uploads\/sites\/3\/2025\/06\/Deutsche-Polizeigewerkschaft-klagt-nach-Boehmermann-Verleumdung-gegen-das-ZDF.jpeg","width":460,"height":259,"caption":"Deutsche Polizeigewerkschaft klagt nach B\u00f6hmermann-Verleumdung gegen das ZDF"},{"@type":"BreadcrumbList","@id":"https:\/\/now-news.de\/de\/deutschland\/deutsche-polizeigewerkschaft-klagt-nach-boehmermann-verleumdung-gegen-das-zdf\/#breadcrumb","itemListElement":[{"@type":"ListItem","position":1,"name":"Home","item":"https:\/\/now-news.de\/de\/"},{"@type":"ListItem","position":2,"name":"Deutsche Polizeigewerkschaft klagt nach B\u00f6hmermann-Verleumdung gegen das ZDF"}]},{"@type":"WebSite","@id":"https:\/\/now-news.de\/de\/#website","url":"https:\/\/now-news.de\/de\/","name":"just-now.NEWS Deutschland","description":"Das Portal f\u00fcr unzensierte Nachrichten aus der Welt","publisher":{"@id":"https:\/\/now-news.de\/de\/#organization"},"potentialAction":[{"@type":"SearchAction","target":{"@type":"EntryPoint","urlTemplate":"https:\/\/now-news.de\/de\/?s={search_term_string}"},"query-input":"required name=search_term_string"}],"inLanguage":"de"},{"@type":"Organization","@id":"https:\/\/now-news.de\/de\/#organization","name":"Just Now News","url":"https:\/\/now-news.de\/de\/","logo":{"@type":"ImageObject","inLanguage":"de","@id":"https:\/\/now-news.de\/de\/#\/schema\/logo\/image\/","url":"http:\/\/just-now.news\/de\/wp-content\/uploads\/sites\/3\/2022\/04\/logo500x500.jpg","contentUrl":"http:\/\/just-now.news\/de\/wp-content\/uploads\/sites\/3\/2022\/04\/logo500x500.jpg","width":500,"height":500,"caption":"Just Now News"},"image":{"@id":"https:\/\/now-news.de\/de\/#\/schema\/logo\/image\/"},"sameAs":["https:\/\/www.facebook.com\/wirmachenauf","https:\/\/x.com\/WirMachenAuf_de"]},{"@type":"Person","@id":"https:\/\/now-news.de\/de\/#\/schema\/person\/fb534a4e865501d8b3285208df34a9b5","name":"rtnews","image":{"@type":"ImageObject","inLanguage":"de","@id":"https:\/\/now-news.de\/de\/#\/schema\/person\/image\/","url":"https:\/\/secure.gravatar.com\/avatar\/82aafea7d8127119dd649515f56e2117?s=96&d=mm&r=g","contentUrl":"https:\/\/secure.gravatar.com\/avatar\/82aafea7d8127119dd649515f56e2117?s=96&d=mm&r=g","caption":"rtnews"},"url":"https:\/\/now-news.de\/de\/author\/rnews\/"}]}},"_links":{"self":[{"href":"https:\/\/now-news.de\/de\/wp-json\/wp\/v2\/posts\/84953"}],"collection":[{"href":"https:\/\/now-news.de\/de\/wp-json\/wp\/v2\/posts"}],"about":[{"href":"https:\/\/now-news.de\/de\/wp-json\/wp\/v2\/types\/post"}],"author":[{"embeddable":true,"href":"https:\/\/now-news.de\/de\/wp-json\/wp\/v2\/users\/3"}],"replies":[{"embeddable":true,"href":"https:\/\/now-news.de\/de\/wp-json\/wp\/v2\/comments?post=84953"}],"version-history":[{"count":0,"href":"https:\/\/now-news.de\/de\/wp-json\/wp\/v2\/posts\/84953\/revisions"}],"wp:featuredmedia":[{"embeddable":true,"href":"https:\/\/now-news.de\/de\/wp-json\/wp\/v2\/media\/84954"}],"wp:attachment":[{"href":"https:\/\/now-news.de\/de\/wp-json\/wp\/v2\/media?parent=84953"}],"wp:term":[{"taxonomy":"category","embeddable":true,"href":"https:\/\/now-news.de\/de\/wp-json\/wp\/v2\/categories?post=84953"},{"taxonomy":"post_tag","embeddable":true,"href":"https:\/\/now-news.de\/de\/wp-json\/wp\/v2\/tags?post=84953"}],"curies":[{"name":"wp","href":"https:\/\/api.w.org\/{rel}","templated":true}]}}