{"id":84837,"date":"2025-06-01T21:44:43","date_gmt":"2025-06-01T19:44:43","guid":{"rendered":"https:\/\/now-news.de\/de\/deutschland\/polens-aussenminister-beschwert-sich-bei-trump-ueber-putin\/"},"modified":"2025-06-01T21:44:43","modified_gmt":"2025-06-01T19:44:43","slug":"polens-aussenminister-beschwert-sich-bei-trump-ueber-putin","status":"publish","type":"post","link":"https:\/\/now-news.de\/de\/deutschland\/polens-aussenminister-beschwert-sich-bei-trump-ueber-putin\/","title":{"rendered":"Polens Au\u00dfenminister beschwert sich bei Trump \u00fcber Putin"},"content":{"rendered":"<p><img decoding=\"async\" src=\"https:\/\/now-news.de\/de\/wp-content\/uploads\/sites\/3\/2025\/06\/683ca3d748fbef7b6908b94c.jpg\" \/><\/p>\n<div class=\"Text-root Text-type_1 \">\n                Der polnische Au\u00dfenminister Rados\u0142aw Sikorski hat sich bei Trump \u00fcber Putin beschwert. Damit kommentierte er die Daten zu den Angriffen in der Ukraine. Moskau reagierte mit den Angriffen auf den Einsatz hunderter Drohnen tief im russischen Hoheitsgebiet durch Kiew .\n            <\/div>\n<p><\/p>\n<div class=\"Text-root Text-type_5 ArticleView-text ViewText-root \">\n<p>Der polnische Au\u00dfenminister Rados\u0142aw Sikorski hat einen Beitrag im sozialen Netzwerk <em>X<\/em> mit dem Satz &#8220;Putin spottet&#8221; ver\u00f6ffentlicht und damit auf US-Pr\u00e4sident Donald Trump verwiesen.<strong><\/strong><\/p>\n<p>Au\u00dferdem ver\u00f6ffentlichte er einen Beitrag der ukrainischen Nachrichtenagentur <em>Kyiv Post<\/em>, in dem es hie\u00df, dass die vergangene Woche durch die massivsten Bombardierungen der Ukraine gekennzeichnet gewesen sei.<\/p>\n<p>In den letzten Tagen hat das russische Verteidigungsministerium mehrere kombinierte Angriffe auf Ziele in der Ukraine gemeldet. Am 27. Mai <a rel=\"nofollow noopener\" target=\"_blank\" href=\"https:\/\/t.me\/mod_russia\/53178\">ver\u00f6ffentlichte<\/a> die Beh\u00f6rde eine konsolidierte Liste der Angriffe ab dem 20. Mai, die es als Reaktion auf massive ukrainische Drohnenangriffe bezeichnete. Im angegebenen Zeitraum wurden fast 1.500 Drohnen au\u00dferhalb der Zone der milit\u00e4rischen Sonderoperation zerst\u00f6rt.<\/p>\n<p>Die folgenden Einrichtungen wurden bei russischen Angriffen getroffen:<\/p>\n<ul>\n<li>20. Mai \u2013 Infrastruktur des Flugplatzes Osernoje im Gebiet Schitomir;<\/li>\n<li>22. Mai \u2013 das Chemiewerk Pawlograd im Gebiet Dnjepropetrowsk, eine Flugzeugreparaturwerkstatt, ein Flugplatz und Luftverteidigungsradarstationen im Bezirk Kriwoi Rog in den Bezirken Dnjepropetrowsk und Nikolajew;<\/li>\n<li>23. Mai \u2013 der Hafen von Odessa und die Flugpl\u00e4tze von Kislitschewataha im Gebiet Saporoschje und Kanatowo im Gebiet Kirowograd;<\/li>\n<li>24. Mai \u2013 ein Unternehmen, das Raketenwaffen und Angriffsdrohnen herstellt;<\/li>\n<li>25. Mai\u00a0\u2013 14 weitere Unternehmen des milit\u00e4risch-industriellen Komplexes in sieben Regionen der Ukraine;<\/li>\n<li>26. Mai \u2013 Flugplatz Starokonstantinow im Gebiet Chmelnizki usw.<\/li>\n<\/ul>\n<p>Vor diesem Hintergrund wetterte Trump am 25. Mai, dass mit Putin &#8220;etwas passiert&#8221; sei und er &#8220;v\u00f6llig den Verstand verloren&#8221; habe, und drohte Moskau mit Sanktionen. Putins Pressesprecher Dmitri Peskow kommentierte diese \u00c4u\u00dferungen aus den USA mit dem Hinweis auf die &#8220;emotionale \u00dcberlastung&#8221;, die bei der Organisation des Verhandlungsprozesses zwischen Russland und der Ukraine m\u00f6glich ist.<\/p>\n<p><strong>Mehr zum Thema<\/strong> &#8211; <a rel=\"nofollow noopener\" target=\"_blank\" href=\"https:\/\/freedert.online\/europa\/244740-polen-schliesst-russlands-generalkonsulat-in-krakow-moskau-antwort\/\">Polen schlie\u00dft Russlands Generalkonsulat in Krakau aus fingiertem Anlass \u2013 Moskau k\u00fcndigt Antwort an<\/a><\/p>\n<\/div>\n<p><br \/>\n<br \/><a href=\"https:\/\/de.rt.com\/international\/246563-polens-aussenminister-beschwert-sich-bei\/\">Source link <\/a><\/p>\n","protected":false},"excerpt":{"rendered":"<p>Der polnische Au\u00dfenminister Rados\u0142aw Sikorski hat sich bei Trump \u00fcber Putin beschwert. Damit kommentierte er die Daten zu den Angriffen in der Ukraine. Moskau reagierte mit den Angriffen auf den Einsatz hunderter Drohnen tief im russischen Hoheitsgebiet durch Kiew . Der polnische Au\u00dfenminister Rados\u0142aw Sikorski hat einen Beitrag im sozialen Netzwerk X mit dem Satz [&hellip;]<\/p>\n","protected":false},"author":3,"featured_media":84838,"comment_status":"open","ping_status":"open","sticky":false,"template":"","format":"standard","meta":{"_yoast_indexnow_last_ping":["1748808695"],"wp_automatic_camp":["217"],"f4119608b61c7067e13f9fe4e22b0285":["Polens Au\u00dfenminister beschwert sich bei Trump \u00fcber Putin"],"original_link":["https:\/\/de.rt.com\/international\/246563-polens-aussenminister-beschwert-sich-bei\/"],"_thumbnail_id":["84838"],"_wptgpro_p2tg_sent2tg":["a:1:{i:23737;s:19:\"2025-06-01 22:12:37\";}"],"jnews_social_counter_last_update":["1777197923"]},"categories":[19,23],"tags":[13830,363,14183,14418,125,434,1639,139],"yoast_head":"<!-- This site is optimized with the Yoast SEO Premium plugin v22.7 (Yoast SEO v22.7) - https:\/\/yoast.com\/wordpress\/plugins\/seo\/ -->\n<title>Polens Au\u00dfenminister beschwert sich bei Trump \u00fcber Putin - just-now.NEWS Deutschland<\/title>\n<meta name=\"robots\" content=\"index, follow, max-snippet:-1, max-image-preview:large, max-video-preview:-1\" \/>\n<link rel=\"canonical\" href=\"https:\/\/now-news.de\/de\/deutschland\/polens-aussenminister-beschwert-sich-bei-trump-ueber-putin\/\" \/>\n<meta property=\"og:locale\" content=\"de_DE\" \/>\n<meta property=\"og:type\" content=\"article\" \/>\n<meta property=\"og:title\" content=\"Polens Au\u00dfenminister beschwert sich bei Trump \u00fcber Putin\" \/>\n<meta property=\"og:description\" content=\"Der polnische Au\u00dfenminister Rados\u0142aw Sikorski hat sich bei Trump \u00fcber Putin beschwert. Damit kommentierte er die Daten zu den Angriffen in der Ukraine. Moskau reagierte mit den Angriffen auf den Einsatz hunderter Drohnen tief im russischen Hoheitsgebiet durch Kiew . Der polnische Au\u00dfenminister Rados\u0142aw Sikorski hat einen Beitrag im sozialen Netzwerk X mit dem Satz [&hellip;]\" \/>\n<meta property=\"og:url\" content=\"https:\/\/now-news.de\/de\/deutschland\/polens-aussenminister-beschwert-sich-bei-trump-ueber-putin\/\" \/>\n<meta property=\"og:site_name\" content=\"just-now.NEWS Deutschland\" \/>\n<meta property=\"article:publisher\" content=\"https:\/\/www.facebook.com\/wirmachenauf\" \/>\n<meta property=\"article:published_time\" content=\"2025-06-01T19:44:43+00:00\" \/>\n<meta property=\"og:image\" content=\"https:\/\/now-news.de\/de\/wp-content\/uploads\/sites\/3\/2025\/06\/683ca3d748fbef7b6908b94c.jpg\" \/>\n<meta name=\"author\" content=\"rtnews\" \/>\n<meta name=\"twitter:card\" content=\"summary_large_image\" \/>\n<meta name=\"twitter:creator\" content=\"@WirMachenAuf_de\" \/>\n<meta name=\"twitter:site\" content=\"@WirMachenAuf_de\" \/>\n<meta name=\"twitter:label1\" content=\"Verfasst von\" \/>\n\t<meta name=\"twitter:data1\" content=\"rtnews\" \/>\n\t<meta name=\"twitter:label2\" content=\"Gesch\u00e4tzte Lesezeit\" \/>\n\t<meta name=\"twitter:data2\" content=\"2\u00a0Minuten\" \/>\n<script type=\"application\/ld+json\" class=\"yoast-schema-graph\">{\"@context\":\"https:\/\/schema.org\",\"@graph\":[{\"@type\":\"Article\",\"@id\":\"https:\/\/now-news.de\/de\/deutschland\/polens-aussenminister-beschwert-sich-bei-trump-ueber-putin\/#article\",\"isPartOf\":{\"@id\":\"https:\/\/now-news.de\/de\/deutschland\/polens-aussenminister-beschwert-sich-bei-trump-ueber-putin\/\"},\"author\":{\"name\":\"rtnews\",\"@id\":\"https:\/\/now-news.de\/de\/#\/schema\/person\/fb534a4e865501d8b3285208df34a9b5\"},\"headline\":\"Polens Au\u00dfenminister beschwert sich bei Trump \u00fcber Putin\",\"datePublished\":\"2025-06-01T19:44:43+00:00\",\"dateModified\":\"2025-06-01T19:44:43+00:00\",\"mainEntityOfPage\":{\"@id\":\"https:\/\/now-news.de\/de\/deutschland\/polens-aussenminister-beschwert-sich-bei-trump-ueber-putin\/\"},\"wordCount\":330,\"commentCount\":0,\"publisher\":{\"@id\":\"https:\/\/now-news.de\/de\/#organization\"},\"image\":{\"@id\":\"https:\/\/now-news.de\/de\/deutschland\/polens-aussenminister-beschwert-sich-bei-trump-ueber-putin\/#primaryimage\"},\"thumbnailUrl\":\"https:\/\/now-news.de\/de\/wp-content\/uploads\/sites\/3\/2025\/06\/Polens-Aussenminister-beschwert-sich-bei-Trump-ueber-Putin.jpg\",\"keywords\":[\"Au\u00dfenminister\",\"bei\",\"beschwert\",\"Polens\",\"putin\",\"sich\",\"trump\",\"\u00fcber\"],\"articleSection\":[\"Deutschland\",\"Russland\"],\"inLanguage\":\"de\",\"potentialAction\":[{\"@type\":\"CommentAction\",\"name\":\"Comment\",\"target\":[\"https:\/\/now-news.de\/de\/deutschland\/polens-aussenminister-beschwert-sich-bei-trump-ueber-putin\/#respond\"]}]},{\"@type\":\"WebPage\",\"@id\":\"https:\/\/now-news.de\/de\/deutschland\/polens-aussenminister-beschwert-sich-bei-trump-ueber-putin\/\",\"url\":\"https:\/\/now-news.de\/de\/deutschland\/polens-aussenminister-beschwert-sich-bei-trump-ueber-putin\/\",\"name\":\"Polens Au\u00dfenminister beschwert sich bei Trump \u00fcber Putin - just-now.NEWS Deutschland\",\"isPartOf\":{\"@id\":\"https:\/\/now-news.de\/de\/#website\"},\"primaryImageOfPage\":{\"@id\":\"https:\/\/now-news.de\/de\/deutschland\/polens-aussenminister-beschwert-sich-bei-trump-ueber-putin\/#primaryimage\"},\"image\":{\"@id\":\"https:\/\/now-news.de\/de\/deutschland\/polens-aussenminister-beschwert-sich-bei-trump-ueber-putin\/#primaryimage\"},\"thumbnailUrl\":\"https:\/\/now-news.de\/de\/wp-content\/uploads\/sites\/3\/2025\/06\/Polens-Aussenminister-beschwert-sich-bei-Trump-ueber-Putin.jpg\",\"datePublished\":\"2025-06-01T19:44:43+00:00\",\"dateModified\":\"2025-06-01T19:44:43+00:00\",\"breadcrumb\":{\"@id\":\"https:\/\/now-news.de\/de\/deutschland\/polens-aussenminister-beschwert-sich-bei-trump-ueber-putin\/#breadcrumb\"},\"inLanguage\":\"de\",\"potentialAction\":[{\"@type\":\"ReadAction\",\"target\":[\"https:\/\/now-news.de\/de\/deutschland\/polens-aussenminister-beschwert-sich-bei-trump-ueber-putin\/\"]}]},{\"@type\":\"ImageObject\",\"inLanguage\":\"de\",\"@id\":\"https:\/\/now-news.de\/de\/deutschland\/polens-aussenminister-beschwert-sich-bei-trump-ueber-putin\/#primaryimage\",\"url\":\"https:\/\/now-news.de\/de\/wp-content\/uploads\/sites\/3\/2025\/06\/Polens-Aussenminister-beschwert-sich-bei-Trump-ueber-Putin.jpg\",\"contentUrl\":\"https:\/\/now-news.de\/de\/wp-content\/uploads\/sites\/3\/2025\/06\/Polens-Aussenminister-beschwert-sich-bei-Trump-ueber-Putin.jpg\",\"width\":460,\"height\":259,\"caption\":\"Polens Au\u00dfenminister beschwert sich bei Trump \u00fcber Putin\"},{\"@type\":\"BreadcrumbList\",\"@id\":\"https:\/\/now-news.de\/de\/deutschland\/polens-aussenminister-beschwert-sich-bei-trump-ueber-putin\/#breadcrumb\",\"itemListElement\":[{\"@type\":\"ListItem\",\"position\":1,\"name\":\"Home\",\"item\":\"https:\/\/now-news.de\/de\/\"},{\"@type\":\"ListItem\",\"position\":2,\"name\":\"Polens Au\u00dfenminister beschwert sich bei Trump \u00fcber Putin\"}]},{\"@type\":\"WebSite\",\"@id\":\"https:\/\/now-news.de\/de\/#website\",\"url\":\"https:\/\/now-news.de\/de\/\",\"name\":\"just-now.NEWS Deutschland\",\"description\":\"Das Portal f\u00fcr unzensierte Nachrichten aus der Welt\",\"publisher\":{\"@id\":\"https:\/\/now-news.de\/de\/#organization\"},\"potentialAction\":[{\"@type\":\"SearchAction\",\"target\":{\"@type\":\"EntryPoint\",\"urlTemplate\":\"https:\/\/now-news.de\/de\/?s={search_term_string}\"},\"query-input\":\"required name=search_term_string\"}],\"inLanguage\":\"de\"},{\"@type\":\"Organization\",\"@id\":\"https:\/\/now-news.de\/de\/#organization\",\"name\":\"Just Now News\",\"url\":\"https:\/\/now-news.de\/de\/\",\"logo\":{\"@type\":\"ImageObject\",\"inLanguage\":\"de\",\"@id\":\"https:\/\/now-news.de\/de\/#\/schema\/logo\/image\/\",\"url\":\"http:\/\/just-now.news\/de\/wp-content\/uploads\/sites\/3\/2022\/04\/logo500x500.jpg\",\"contentUrl\":\"http:\/\/just-now.news\/de\/wp-content\/uploads\/sites\/3\/2022\/04\/logo500x500.jpg\",\"width\":500,\"height\":500,\"caption\":\"Just Now News\"},\"image\":{\"@id\":\"https:\/\/now-news.de\/de\/#\/schema\/logo\/image\/\"},\"sameAs\":[\"https:\/\/www.facebook.com\/wirmachenauf\",\"https:\/\/x.com\/WirMachenAuf_de\"]},{\"@type\":\"Person\",\"@id\":\"https:\/\/now-news.de\/de\/#\/schema\/person\/fb534a4e865501d8b3285208df34a9b5\",\"name\":\"rtnews\",\"image\":{\"@type\":\"ImageObject\",\"inLanguage\":\"de\",\"@id\":\"https:\/\/now-news.de\/de\/#\/schema\/person\/image\/\",\"url\":\"https:\/\/secure.gravatar.com\/avatar\/82aafea7d8127119dd649515f56e2117?s=96&d=mm&r=g\",\"contentUrl\":\"https:\/\/secure.gravatar.com\/avatar\/82aafea7d8127119dd649515f56e2117?s=96&d=mm&r=g\",\"caption\":\"rtnews\"},\"url\":\"https:\/\/now-news.de\/de\/author\/rnews\/\"}]}<\/script>\n<!-- \/ Yoast SEO Premium plugin. -->","yoast_head_json":{"title":"Polens Au\u00dfenminister beschwert sich bei Trump \u00fcber Putin - just-now.NEWS Deutschland","robots":{"index":"index","follow":"follow","max-snippet":"max-snippet:-1","max-image-preview":"max-image-preview:large","max-video-preview":"max-video-preview:-1"},"canonical":"https:\/\/now-news.de\/de\/deutschland\/polens-aussenminister-beschwert-sich-bei-trump-ueber-putin\/","og_locale":"de_DE","og_type":"article","og_title":"Polens Au\u00dfenminister beschwert sich bei Trump \u00fcber Putin","og_description":"Der polnische Au\u00dfenminister Rados\u0142aw Sikorski hat sich bei Trump \u00fcber Putin beschwert. Damit kommentierte er die Daten zu den Angriffen in der Ukraine. Moskau reagierte mit den Angriffen auf den Einsatz hunderter Drohnen tief im russischen Hoheitsgebiet durch Kiew . Der polnische Au\u00dfenminister Rados\u0142aw Sikorski hat einen Beitrag im sozialen Netzwerk X mit dem Satz [&hellip;]","og_url":"https:\/\/now-news.de\/de\/deutschland\/polens-aussenminister-beschwert-sich-bei-trump-ueber-putin\/","og_site_name":"just-now.NEWS Deutschland","article_publisher":"https:\/\/www.facebook.com\/wirmachenauf","article_published_time":"2025-06-01T19:44:43+00:00","og_image":[{"url":"https:\/\/now-news.de\/de\/wp-content\/uploads\/sites\/3\/2025\/06\/683ca3d748fbef7b6908b94c.jpg"}],"author":"rtnews","twitter_card":"summary_large_image","twitter_creator":"@WirMachenAuf_de","twitter_site":"@WirMachenAuf_de","twitter_misc":{"Verfasst von":"rtnews","Gesch\u00e4tzte Lesezeit":"2\u00a0Minuten"},"schema":{"@context":"https:\/\/schema.org","@graph":[{"@type":"Article","@id":"https:\/\/now-news.de\/de\/deutschland\/polens-aussenminister-beschwert-sich-bei-trump-ueber-putin\/#article","isPartOf":{"@id":"https:\/\/now-news.de\/de\/deutschland\/polens-aussenminister-beschwert-sich-bei-trump-ueber-putin\/"},"author":{"name":"rtnews","@id":"https:\/\/now-news.de\/de\/#\/schema\/person\/fb534a4e865501d8b3285208df34a9b5"},"headline":"Polens Au\u00dfenminister beschwert sich bei Trump \u00fcber Putin","datePublished":"2025-06-01T19:44:43+00:00","dateModified":"2025-06-01T19:44:43+00:00","mainEntityOfPage":{"@id":"https:\/\/now-news.de\/de\/deutschland\/polens-aussenminister-beschwert-sich-bei-trump-ueber-putin\/"},"wordCount":330,"commentCount":0,"publisher":{"@id":"https:\/\/now-news.de\/de\/#organization"},"image":{"@id":"https:\/\/now-news.de\/de\/deutschland\/polens-aussenminister-beschwert-sich-bei-trump-ueber-putin\/#primaryimage"},"thumbnailUrl":"https:\/\/now-news.de\/de\/wp-content\/uploads\/sites\/3\/2025\/06\/Polens-Aussenminister-beschwert-sich-bei-Trump-ueber-Putin.jpg","keywords":["Au\u00dfenminister","bei","beschwert","Polens","putin","sich","trump","\u00fcber"],"articleSection":["Deutschland","Russland"],"inLanguage":"de","potentialAction":[{"@type":"CommentAction","name":"Comment","target":["https:\/\/now-news.de\/de\/deutschland\/polens-aussenminister-beschwert-sich-bei-trump-ueber-putin\/#respond"]}]},{"@type":"WebPage","@id":"https:\/\/now-news.de\/de\/deutschland\/polens-aussenminister-beschwert-sich-bei-trump-ueber-putin\/","url":"https:\/\/now-news.de\/de\/deutschland\/polens-aussenminister-beschwert-sich-bei-trump-ueber-putin\/","name":"Polens Au\u00dfenminister beschwert sich bei Trump \u00fcber Putin - just-now.NEWS Deutschland","isPartOf":{"@id":"https:\/\/now-news.de\/de\/#website"},"primaryImageOfPage":{"@id":"https:\/\/now-news.de\/de\/deutschland\/polens-aussenminister-beschwert-sich-bei-trump-ueber-putin\/#primaryimage"},"image":{"@id":"https:\/\/now-news.de\/de\/deutschland\/polens-aussenminister-beschwert-sich-bei-trump-ueber-putin\/#primaryimage"},"thumbnailUrl":"https:\/\/now-news.de\/de\/wp-content\/uploads\/sites\/3\/2025\/06\/Polens-Aussenminister-beschwert-sich-bei-Trump-ueber-Putin.jpg","datePublished":"2025-06-01T19:44:43+00:00","dateModified":"2025-06-01T19:44:43+00:00","breadcrumb":{"@id":"https:\/\/now-news.de\/de\/deutschland\/polens-aussenminister-beschwert-sich-bei-trump-ueber-putin\/#breadcrumb"},"inLanguage":"de","potentialAction":[{"@type":"ReadAction","target":["https:\/\/now-news.de\/de\/deutschland\/polens-aussenminister-beschwert-sich-bei-trump-ueber-putin\/"]}]},{"@type":"ImageObject","inLanguage":"de","@id":"https:\/\/now-news.de\/de\/deutschland\/polens-aussenminister-beschwert-sich-bei-trump-ueber-putin\/#primaryimage","url":"https:\/\/now-news.de\/de\/wp-content\/uploads\/sites\/3\/2025\/06\/Polens-Aussenminister-beschwert-sich-bei-Trump-ueber-Putin.jpg","contentUrl":"https:\/\/now-news.de\/de\/wp-content\/uploads\/sites\/3\/2025\/06\/Polens-Aussenminister-beschwert-sich-bei-Trump-ueber-Putin.jpg","width":460,"height":259,"caption":"Polens Au\u00dfenminister beschwert sich bei Trump \u00fcber Putin"},{"@type":"BreadcrumbList","@id":"https:\/\/now-news.de\/de\/deutschland\/polens-aussenminister-beschwert-sich-bei-trump-ueber-putin\/#breadcrumb","itemListElement":[{"@type":"ListItem","position":1,"name":"Home","item":"https:\/\/now-news.de\/de\/"},{"@type":"ListItem","position":2,"name":"Polens Au\u00dfenminister beschwert sich bei Trump \u00fcber Putin"}]},{"@type":"WebSite","@id":"https:\/\/now-news.de\/de\/#website","url":"https:\/\/now-news.de\/de\/","name":"just-now.NEWS Deutschland","description":"Das Portal f\u00fcr unzensierte Nachrichten aus der Welt","publisher":{"@id":"https:\/\/now-news.de\/de\/#organization"},"potentialAction":[{"@type":"SearchAction","target":{"@type":"EntryPoint","urlTemplate":"https:\/\/now-news.de\/de\/?s={search_term_string}"},"query-input":"required name=search_term_string"}],"inLanguage":"de"},{"@type":"Organization","@id":"https:\/\/now-news.de\/de\/#organization","name":"Just Now News","url":"https:\/\/now-news.de\/de\/","logo":{"@type":"ImageObject","inLanguage":"de","@id":"https:\/\/now-news.de\/de\/#\/schema\/logo\/image\/","url":"http:\/\/just-now.news\/de\/wp-content\/uploads\/sites\/3\/2022\/04\/logo500x500.jpg","contentUrl":"http:\/\/just-now.news\/de\/wp-content\/uploads\/sites\/3\/2022\/04\/logo500x500.jpg","width":500,"height":500,"caption":"Just Now News"},"image":{"@id":"https:\/\/now-news.de\/de\/#\/schema\/logo\/image\/"},"sameAs":["https:\/\/www.facebook.com\/wirmachenauf","https:\/\/x.com\/WirMachenAuf_de"]},{"@type":"Person","@id":"https:\/\/now-news.de\/de\/#\/schema\/person\/fb534a4e865501d8b3285208df34a9b5","name":"rtnews","image":{"@type":"ImageObject","inLanguage":"de","@id":"https:\/\/now-news.de\/de\/#\/schema\/person\/image\/","url":"https:\/\/secure.gravatar.com\/avatar\/82aafea7d8127119dd649515f56e2117?s=96&d=mm&r=g","contentUrl":"https:\/\/secure.gravatar.com\/avatar\/82aafea7d8127119dd649515f56e2117?s=96&d=mm&r=g","caption":"rtnews"},"url":"https:\/\/now-news.de\/de\/author\/rnews\/"}]}},"_links":{"self":[{"href":"https:\/\/now-news.de\/de\/wp-json\/wp\/v2\/posts\/84837"}],"collection":[{"href":"https:\/\/now-news.de\/de\/wp-json\/wp\/v2\/posts"}],"about":[{"href":"https:\/\/now-news.de\/de\/wp-json\/wp\/v2\/types\/post"}],"author":[{"embeddable":true,"href":"https:\/\/now-news.de\/de\/wp-json\/wp\/v2\/users\/3"}],"replies":[{"embeddable":true,"href":"https:\/\/now-news.de\/de\/wp-json\/wp\/v2\/comments?post=84837"}],"version-history":[{"count":0,"href":"https:\/\/now-news.de\/de\/wp-json\/wp\/v2\/posts\/84837\/revisions"}],"wp:featuredmedia":[{"embeddable":true,"href":"https:\/\/now-news.de\/de\/wp-json\/wp\/v2\/media\/84838"}],"wp:attachment":[{"href":"https:\/\/now-news.de\/de\/wp-json\/wp\/v2\/media?parent=84837"}],"wp:term":[{"taxonomy":"category","embeddable":true,"href":"https:\/\/now-news.de\/de\/wp-json\/wp\/v2\/categories?post=84837"},{"taxonomy":"post_tag","embeddable":true,"href":"https:\/\/now-news.de\/de\/wp-json\/wp\/v2\/tags?post=84837"}],"curies":[{"name":"wp","href":"https:\/\/api.w.org\/{rel}","templated":true}]}}