{"id":848,"date":"2022-04-18T17:45:29","date_gmt":"2022-04-18T18:45:29","guid":{"rendered":"http:\/\/just-now.news\/de\/deutschland\/lauterbach-wegen-warnung-vor-killervariante-in-der-kritik\/"},"modified":"2022-04-18T17:45:29","modified_gmt":"2022-04-18T18:45:29","slug":"lauterbach-wegen-warnung-vor-killervariante-in-der-kritik","status":"publish","type":"post","link":"https:\/\/now-news.de\/de\/deutschland\/lauterbach-wegen-warnung-vor-killervariante-in-der-kritik\/","title":{"rendered":"Lauterbach wegen Warnung vor &quot;Killervariante&quot; in der Kritik"},"content":{"rendered":"<div class=\"Text-root Text-type_5 ArticleView-text ViewText-root \">\n<p>Bundesgesundheitsminister Karl Lauterbach (SPD)\u00a0hat mit Warnungen vor einer m\u00f6glichen &#8220;Killervariante&#8221; des Coronavirus Kritik auf sich gezogen. Der Begriff sei unwissenschaftlich und f\u00fchre zu nichts als Verunsicherung in der Bev\u00f6lkerung, sagte der Virologe Jonas Schmidt-Chanasit der <em>Bild<\/em>. Kritisch \u00e4u\u00dferten sich auch andere Experten, Patientensch\u00fctzer und Politiker.<\/p>\n<p>Lauterbach hatte sich in der <em>Bild am Sonntag<\/em> (<em>BamS<\/em>) besorgt \u00fcber diverse Omikron-Subvarianten ge\u00e4u\u00dfert, die sich gerade entwickelten. Unter anderem hatte er der <em>BamS<\/em> gesagt:<\/p>\n<blockquote>\n<p><em>&#8220;Es ist durchaus m\u00f6glich, dass wir eine hochansteckende Omikron-Variante bekommen, die so t\u00f6dlich wie Delta ist. Das w\u00e4re eine absolute Killervariante.&#8221;<\/em><\/p>\n<\/blockquote>\n<div class=\"ReadMore-root Section-root Section-is1to3-xs_is1to1\" data-widgets=\"ReadMore\" data-has-alias>\n<div class=\"Section-container Section-isRow-isTop-isWrap\">\n<article class=\"Card-root Card-is1to1 \">\n<div class=\"Card-imageWrap\">\n<div class=\"Card-picture\">\n<picture class=\"Picture-root Picture-default\"><!--[if IE 9]><video style=\"display: none;\"><![endif]--><source media=\"(-webkit-min-device-pixel-ratio: 2) and (min-resolution: 120dpi)\" data-srcset=\" \nhttps:\/\/cdni.russiatoday.com\/deutsch\/images\/2022.04\/thumbnail\/625801ed48fbef146b7f7937.jpg 850w,\n                https:\/\/cdni.russiatoday.com\/deutsch\/images\/2022.04\/article\/625801ed48fbef146b7f7936.jpg 1960w,\n            \" srcset=\"data:image\/png;base64,iVBORw0KGgoAAAANSUhEUgAAABAAAAAJCAQAAACRI2S5AAAAEElEQVR42mNkIAAYRxWAAQAG9gAKqv6+AwAAAABJRU5ErkJggg==\"><source data-srcset=\" \nhttps:\/\/cdni.russiatoday.com\/deutsch\/images\/2022.04\/thumbnail\/625801ed48fbef146b7f7937.jpg 460w,\n              https:\/\/cdni.russiatoday.com\/deutsch\/images\/2022.04\/article\/625801ed48fbef146b7f7936.jpg 980w,\n            \" srcset=\"data:image\/png;base64,iVBORw0KGgoAAAANSUhEUgAAABAAAAAJCAQAAACRI2S5AAAAEElEQVR42mNkIAAYRxWAAQAG9gAKqv6+AwAAAABJRU5ErkJggg==\"><!--[if IE 9]><\/video><![endif]--><\/source><\/source><\/picture><!-- noscript pattern --><noscript><img decoding=\"async\" src=\"https:\/\/cdni.russiatoday.com\/deutsch\/images\/2022.04\/article\/625801ed48fbef146b7f7936.jpg\" alt=\"Entf\u00fchrung von Lauterbach geplant \u2013 Razzia gegen Chatgruppe\"><\/noscript>    <\/div><\/div>\n<div class=\"Card-contentWrap\">\n<div class=\"Card-content\">\n<div class=\"Card-title\">\n<div class=\"HeaderNews-root HeaderNews-type_6 \">\n<p>            <a target=\"_blank\" href=\"https:\/\/de.rt.com\/inland\/136219-telegram-chatgruppe-plante-entfuehrung-von-lauterbach\/\" class=\"Link-root Link-isFullCard \" rel=\"noopener\"><br \/>\n                Entf\u00fchrung von Lauterbach geplant \u2013 Razzia gegen Chatgruppe<br \/>\n            <\/a><\/p><\/div><\/div><\/div><\/div>\n<\/article>\n<\/div><\/div>\n<p>Seiner Ansicht nach k\u00f6nnte im Herbst auch die inzwischen weitgehend aufgehobene Maskenpflicht in Innenr\u00e4umen wieder eingef\u00fchrt werden. Wegen steigender Zahlen und wahrscheinlicher neuer\u00a0Mutationen werde man bis dahin das Infektionsschutzgesetz noch einmal \u00fcberarbeiten m\u00fcssen. Es k\u00f6nne dann durchaus wieder n\u00f6tig sein, das Maskentragen in Innenr\u00e4umen zur Pflicht zu machen, sagte Lauterbach.<\/p>\n<p>Maskenpflichten sind nach dem aktuell g\u00fcltigen Infektionsschutzgesetz nur noch in wenigen Bereichen wie Arztpraxen oder \u00f6ffentlichen Verkehrsmitteln m\u00f6glich. Um weitergehende Ma\u00dfnahmen anordnen zu k\u00f6nnen, m\u00fcssen die Bundesl\u00e4nder per Landtagsbeschluss Regionen zu Hotspots erkl\u00e4ren. Auch diese Hotspot-Regel und die Maskenpflicht in Praxen, Bussen und Bahnen d\u00fcrfen laut Gesetz aber nur noch bis zum 23. September angewandt werden.<\/p>\n<p>Schmidt-Chanasit sieht aktuell wenig Hinweise auf eine Gefahr, wie sie Lauterbach beschreibt:<\/p>\n<blockquote>\n<p><em>&#8220;Das Auftreten einer &#8216;Killervariante&#8217; im Herbst ist laut Weltgesundheitsorganisation WHO ein sehr unwahrscheinliches Szenario&#8221;, sagte der Experte.<\/em><\/p>\n<\/blockquote>\n<p>Dagegen spreche zudem die breite Grundimmunisierung in der Bev\u00f6lkerung durch Impfung und Infektion, &#8220;weil die Immunit\u00e4t nicht nur auf neutralisierenden Antik\u00f6rpern basiert, sondern auch auf einer zellul\u00e4ren Immunit\u00e4t&#8221;.<\/p>\n<p>Auch der Bonner Virologe Hendrik Streeck reagierte skeptisch auf Lauterbachs Aussagen:<\/p>\n<blockquote>\n<p><em>&#8220;Die Entwicklung von Varianten kann man nicht vorhersagen. Anstatt daher vor Szenarien wie &#8216;Killervarianten&#8217; zu warnen, w\u00e4re es wichtig, sich auf den Herbst und Winter vorzubereiten&#8221;, sagte er der Bild.<\/em><\/p>\n<\/blockquote>\n<p>Der stellvertretende Vorsitzende der Gr\u00fcnen-Bundestagsfraktion, Konstantin von Notz, twitterte:<\/p>\n<blockquote>\n<p><em>&#8220;Bei aller Wertsch\u00e4tzung f\u00fcr die Expertise von Karl Lauterbach und meiner vollen Solidarit\u00e4t wegen all den uns\u00e4glichen Anfeindungen gegen seine Person, ich halte vage Prognosen zu der &#8216;M\u00f6glichkeit&#8217; der Entstehung einer &#8216;absoluten Killervariante&#8217; f\u00fcr wirklich wenig hilfreich.&#8221;<\/em><\/p>\n<\/blockquote>\n<div class=\"EmbedBlock-root EmbedBlock-twitter\">\n<div class=\"TwitterEmbed\">\n<blockquote class=\"twitter-tweet lazyload\" data-twitter=\"twitter-tweet\">\n<p lang=\"de\" dir=\"ltr\">Bei aller Wertsch\u00e4tzung f\u00fcr die Expertise von <a target=\"_blank\" href=\"https:\/\/twitter.com\/Karl_Lauterbach?ref_src=twsrc%5Etfw\" rel=\"noopener\">@Karl_Lauterbach<\/a> und meiner vollen Solidarit\u00e4t wegen all den uns\u00e4glichen Anfeindungen gegen seine Person, ich halte vage Prognosen zu der \u201cM\u00f6glichkeit\u201d der Entstehung einer \u201cabsoluten Killervariante\u201d f\u00fcr wirklich wenig hilfreich.<\/p>\n<p>\u2014 Konstantin v. Notz (@KonstantinNotz) <a target=\"_blank\" href=\"https:\/\/twitter.com\/KonstantinNotz\/status\/1515732005257891843?ref_src=twsrc%5Etfw\" rel=\"noopener\">April 17, 2022<\/a><\/p><\/blockquote>\n<\/div>\n<\/div>\n<p>Seine Fraktionskollegin Tabea R\u00f6\u00dfner schrieb:<\/p>\n<blockquote>\n<p><em>&#8220;Killervariante ist ein aussichtsreicher Kandidat f\u00fcr das Unwort des Jahres.&#8221;<\/em><\/p>\n<\/blockquote>\n<p>Der CDU-Gesundheitspolitiker Erwin R\u00fcddel twitterte in Reaktion auf Lauterbachs \u00c4u\u00dferung:<\/p>\n<blockquote>\n<p><em>&#8220;Er m\u00fcsste doch eigentlich aus seinen Fehlern und Fehleinsch\u00e4tzungen gelernt haben.&#8221;<\/em><\/p>\n<\/blockquote>\n<p>Der Vorstand der Deutschen Stiftung Patientenschutz, Eugen Brysch, sagte der <em>Deutschen Presse-Agentur<\/em>, Angst sei ein schlechter Ratgeber. Er mahnte Lauterbach daher:<\/p>\n<blockquote>\n<p><em>&#8220;Deshalb sollte der Bundesgesundheitsminister apokalyptische Prophezeiungen unterlassen. Das hei\u00dft nicht, unvorbereitet in den Corona-Herbst zu gehen.&#8221;<\/em><\/p>\n<\/blockquote>\n<div class=\"ReadMore-root Section-root Section-is1to3-xs_is1to1\" data-widgets=\"ReadMore\" data-has-alias>\n<div class=\"Section-container Section-isRow-isTop-isWrap\">\n<article class=\"Card-root Card-is1to1 \">\n<div class=\"Card-imageWrap\">\n<div class=\"Card-picture\">\n<picture class=\"Picture-root Picture-default\"><!--[if IE 9]><video style=\"display: none;\"><![endif]--><source media=\"(-webkit-min-device-pixel-ratio: 2) and (min-resolution: 120dpi)\" data-srcset=\" \nhttps:\/\/cdni.russiatoday.com\/deutsch\/images\/2022.04\/thumbnail\/6255d486b480cc71754e6a37.jpg 850w,\n                https:\/\/cdni.russiatoday.com\/deutsch\/images\/2022.04\/article\/6255d486b480cc71754e6a36.jpg 1960w,\n            \" srcset=\"data:image\/png;base64,iVBORw0KGgoAAAANSUhEUgAAABAAAAAJCAQAAACRI2S5AAAAEElEQVR42mNkIAAYRxWAAQAG9gAKqv6+AwAAAABJRU5ErkJggg==\"><source data-srcset=\" \nhttps:\/\/cdni.russiatoday.com\/deutsch\/images\/2022.04\/thumbnail\/6255d486b480cc71754e6a37.jpg 460w,\n              https:\/\/cdni.russiatoday.com\/deutsch\/images\/2022.04\/article\/6255d486b480cc71754e6a36.jpg 980w,\n            \" srcset=\"data:image\/png;base64,iVBORw0KGgoAAAANSUhEUgAAABAAAAAJCAQAAACRI2S5AAAAEElEQVR42mNkIAAYRxWAAQAG9gAKqv6+AwAAAABJRU5ErkJggg==\"><!--[if IE 9]><\/video><![endif]--><img decoding=\"async\" data-sizes=\"auto\" src=\"data:image\/png;base64,iVBORw0KGgoAAAANSUhEUgAAABAAAAAJCAQAAACRI2S5AAAAEElEQVR42mNkIAAYRxWAAQAG9gAKqv6+AwAAAABJRU5ErkJggg==\" class=\"Picture-root Picture-default lazyload\" data-src=\"https:\/\/cdni.russiatoday.com\/deutsch\/images\/2022.04\/thumbnail\/6255d486b480cc71754e6a37.jpg\" alt=\"Streit um Hashtag #ichhabemitgemacht: Initiative dokumentiert Beleidigungen gegen Ungeimpfte\"><\/source><\/source><\/picture><!-- noscript pattern --><noscript><img decoding=\"async\" src=\"https:\/\/cdni.russiatoday.com\/deutsch\/images\/2022.04\/article\/6255d486b480cc71754e6a36.jpg\" alt=\"Streit um Hashtag #ichhabemitgemacht: Initiative dokumentiert Beleidigungen gegen Ungeimpfte\"><\/noscript>    <\/div><\/div>\n<div class=\"Card-contentWrap\">\n<div class=\"Card-content\">\n<div class=\"Card-title\">\n<div class=\"HeaderNews-root HeaderNews-type_6 \">\n<p>            <a target=\"_blank\" href=\"https:\/\/de.rt.com\/inland\/136087-streit-um-hashtag-initiative-ichhabemitgemacht\/\" class=\"Link-root Link-isFullCard \" rel=\"noopener\"><br \/>\n                Streit um Hashtag #ichhabemitgemacht: Initiative dokumentiert Beleidigungen gegen Ungeimpfte<br \/>\n            <\/a><\/p><\/div><\/div><\/div><\/div>\n<\/article>\n<\/div><\/div>\n<p>Die Zahl der t\u00e4glichen positiven Tests auf eine angebliche Corona-Infektion gab das Robert Koch-Institut (RKI)\u00a0am Ostermontag mit 20.482 an. Vor einer Woche waren es 30.789. Die bundesweite Sieben-Tage-Inzidenz sank auf 808,8, w\u00e4hrend sie am Vortag bei 834,3 und in der Vorwoche bei 1.080 gelegen hatte.<\/p>\n<p>Zu ber\u00fccksichtigen ist dabei, dass einzelne L\u00e4nder nicht an jedem Wochentag Daten melden. An Feiertagen sind zudem weniger Meldungen zu erwarten, was wiederum zu Nachmeldungen an Folgetagen f\u00fchren kann. Experten gehen auch von einer hohen Zahl nicht erfasster F\u00e4lle aus, unter anderem weil nicht alle Infizierten einen PCR-Test machen lassen. Nur diese z\u00e4hlen in der Statistik.<\/p>\n<p>Der Leiter des Gesundheitsamtes Berlin-Neuk\u00f6lln, Nicolai Savaskan, sagte der Tageszeitung <em>Die Welt<\/em> zu den sinkenden Zahlen:<\/p>\n<blockquote>\n<p><em>&#8220;Neben dem saisonalen Effekt ist der wichtigste Grund, dass Schnelltest-Ergebnisse nicht in die offizielle Statistik des Robert Koch-Instituts einflie\u00dfen. Bei uns in Neuk\u00f6lln machen diese aktuell 30 Prozent aller gemeldeten F\u00e4lle aus. Die Corona-Inzidenz des RKI ist also in Wahrheit um ein Drittel h\u00f6her.&#8221;<\/em><\/p>\n<\/blockquote>\n<p><strong>Mehr zum Thema<\/strong> &#8211; <a target=\"_blank\" href=\"https:\/\/de.rt.com\/inland\/135940-biontech-weiterer-auftrag-des-bmg-fuer-herstellung-von-impfdosen\/\" rel=\"noopener noreferrer\">Goldene Zeiten f\u00fcr BioNTech: Ministerium ordert mindestens 80 Millionen Impfdosen pro Jahr<\/a><\/p>\n<p>rt de\/dpa<\/p>\n<\/div>\n<p><script async src=\"https:\/\/platform.twitter.com\/widgets.js\" charset=\"utf-8\"><\/script><br \/>\n<br \/><br \/>\n<br \/><a href=\"https:\/\/de.rt.com\/inland\/136449-lauterbach-kritik-wegen-warnung-vor-killervariante\/\">Source link <\/a><\/p>\n","protected":false},"excerpt":{"rendered":"<p>Bundesgesundheitsminister Karl Lauterbach (SPD)\u00a0hat mit Warnungen vor einer m\u00f6glichen &#8220;Killervariante&#8221; des Coronavirus Kritik auf sich gezogen. Der Begriff sei unwissenschaftlich und f\u00fchre zu nichts als Verunsicherung in der Bev\u00f6lkerung, sagte der Virologe Jonas Schmidt-Chanasit der Bild. Kritisch \u00e4u\u00dferten sich auch andere Experten, Patientensch\u00fctzer und Politiker. Lauterbach hatte sich in der Bild am Sonntag (BamS) besorgt [&hellip;]<\/p>\n","protected":false},"author":3,"featured_media":849,"comment_status":"open","ping_status":"open","sticky":false,"template":"","format":"standard","meta":{"wp_automatic_camp":["217"],"91afc862aaf417c885cd14e93e186141":["Lauterbach wegen Warnung vor &quot;Killervariante&quot; in der Kritik"],"original_link":["https:\/\/de.rt.com\/inland\/136449-lauterbach-kritik-wegen-warnung-vor-killervariante\/"],"_thumbnail_id":["849"],"wp_automatic_remove_first_image":["yes"],"jnews_social_counter_last_update":["1777256795"],"_wptg_p2tg_sent2tg":["2022-04-18 17:56:38"]},"categories":[19,23],"tags":[82,935,1748,2585,320,2584,145],"yoast_head":"<!-- This site is optimized with the Yoast SEO Premium plugin v22.7 (Yoast SEO v22.7) - https:\/\/yoast.com\/wordpress\/plugins\/seo\/ -->\n<title>Lauterbach wegen Warnung vor &quot;Killervariante&quot; in der Kritik - just-now.NEWS Deutschland<\/title>\n<meta name=\"robots\" content=\"index, follow, max-snippet:-1, max-image-preview:large, max-video-preview:-1\" \/>\n<link rel=\"canonical\" href=\"https:\/\/now-news.de\/de\/deutschland\/lauterbach-wegen-warnung-vor-killervariante-in-der-kritik\/\" \/>\n<meta property=\"og:locale\" content=\"de_DE\" \/>\n<meta property=\"og:type\" content=\"article\" \/>\n<meta property=\"og:title\" content=\"Lauterbach wegen Warnung vor &quot;Killervariante&quot; in der Kritik\" \/>\n<meta property=\"og:description\" content=\"Bundesgesundheitsminister Karl Lauterbach (SPD)\u00a0hat mit Warnungen vor einer m\u00f6glichen &#8220;Killervariante&#8221; des Coronavirus Kritik auf sich gezogen. Der Begriff sei unwissenschaftlich und f\u00fchre zu nichts als Verunsicherung in der Bev\u00f6lkerung, sagte der Virologe Jonas Schmidt-Chanasit der Bild. Kritisch \u00e4u\u00dferten sich auch andere Experten, Patientensch\u00fctzer und Politiker. Lauterbach hatte sich in der Bild am Sonntag (BamS) besorgt [&hellip;]\" \/>\n<meta property=\"og:url\" content=\"https:\/\/now-news.de\/de\/deutschland\/lauterbach-wegen-warnung-vor-killervariante-in-der-kritik\/\" \/>\n<meta property=\"og:site_name\" content=\"just-now.NEWS Deutschland\" \/>\n<meta property=\"article:publisher\" content=\"https:\/\/www.facebook.com\/wirmachenauf\" \/>\n<meta property=\"article:published_time\" content=\"2022-04-18T18:45:29+00:00\" \/>\n<meta property=\"og:image\" content=\"https:\/\/now-news.de\/de\/wp-content\/uploads\/sites\/3\/2022\/04\/Lauterbach-wegen-Warnung-vor-quotKillervariantequot-in-der-Kritik.jpg\" \/>\n\t<meta property=\"og:image:width\" content=\"1104\" \/>\n\t<meta property=\"og:image:height\" content=\"622\" \/>\n\t<meta property=\"og:image:type\" content=\"image\/jpeg\" \/>\n<meta name=\"author\" content=\"rtnews\" \/>\n<meta name=\"twitter:card\" content=\"summary_large_image\" \/>\n<meta name=\"twitter:creator\" content=\"@WirMachenAuf_de\" \/>\n<meta name=\"twitter:site\" content=\"@WirMachenAuf_de\" \/>\n<meta name=\"twitter:label1\" content=\"Verfasst von\" \/>\n\t<meta name=\"twitter:data1\" content=\"rtnews\" \/>\n\t<meta name=\"twitter:label2\" content=\"Gesch\u00e4tzte Lesezeit\" \/>\n\t<meta name=\"twitter:data2\" content=\"4\u00a0Minuten\" \/>\n<script type=\"application\/ld+json\" class=\"yoast-schema-graph\">{\"@context\":\"https:\/\/schema.org\",\"@graph\":[{\"@type\":\"Article\",\"@id\":\"https:\/\/now-news.de\/de\/deutschland\/lauterbach-wegen-warnung-vor-killervariante-in-der-kritik\/#article\",\"isPartOf\":{\"@id\":\"https:\/\/now-news.de\/de\/deutschland\/lauterbach-wegen-warnung-vor-killervariante-in-der-kritik\/\"},\"author\":{\"name\":\"rtnews\",\"@id\":\"https:\/\/now-news.de\/de\/#\/schema\/person\/fb534a4e865501d8b3285208df34a9b5\"},\"headline\":\"Lauterbach wegen Warnung vor &quot;Killervariante&quot; in der Kritik\",\"datePublished\":\"2022-04-18T18:45:29+00:00\",\"dateModified\":\"2022-04-18T18:45:29+00:00\",\"mainEntityOfPage\":{\"@id\":\"https:\/\/now-news.de\/de\/deutschland\/lauterbach-wegen-warnung-vor-killervariante-in-der-kritik\/\"},\"wordCount\":725,\"commentCount\":1,\"publisher\":{\"@id\":\"https:\/\/now-news.de\/de\/#organization\"},\"image\":{\"@id\":\"https:\/\/now-news.de\/de\/deutschland\/lauterbach-wegen-warnung-vor-killervariante-in-der-kritik\/#primaryimage\"},\"thumbnailUrl\":\"https:\/\/now-news.de\/de\/wp-content\/uploads\/sites\/3\/2022\/04\/Lauterbach-wegen-Warnung-vor-quotKillervariantequot-in-der-Kritik.jpg\",\"keywords\":[\"der\",\"Kritik\",\"Lauterbach\",\"quotKillervariantequot\",\"vor\",\"Warnung\",\"wegen\"],\"articleSection\":[\"Deutschland\",\"Russland\"],\"inLanguage\":\"de\",\"potentialAction\":[{\"@type\":\"CommentAction\",\"name\":\"Comment\",\"target\":[\"https:\/\/now-news.de\/de\/deutschland\/lauterbach-wegen-warnung-vor-killervariante-in-der-kritik\/#respond\"]}]},{\"@type\":\"WebPage\",\"@id\":\"https:\/\/now-news.de\/de\/deutschland\/lauterbach-wegen-warnung-vor-killervariante-in-der-kritik\/\",\"url\":\"https:\/\/now-news.de\/de\/deutschland\/lauterbach-wegen-warnung-vor-killervariante-in-der-kritik\/\",\"name\":\"Lauterbach wegen Warnung vor &quot;Killervariante&quot; in der Kritik - just-now.NEWS Deutschland\",\"isPartOf\":{\"@id\":\"https:\/\/now-news.de\/de\/#website\"},\"primaryImageOfPage\":{\"@id\":\"https:\/\/now-news.de\/de\/deutschland\/lauterbach-wegen-warnung-vor-killervariante-in-der-kritik\/#primaryimage\"},\"image\":{\"@id\":\"https:\/\/now-news.de\/de\/deutschland\/lauterbach-wegen-warnung-vor-killervariante-in-der-kritik\/#primaryimage\"},\"thumbnailUrl\":\"https:\/\/now-news.de\/de\/wp-content\/uploads\/sites\/3\/2022\/04\/Lauterbach-wegen-Warnung-vor-quotKillervariantequot-in-der-Kritik.jpg\",\"datePublished\":\"2022-04-18T18:45:29+00:00\",\"dateModified\":\"2022-04-18T18:45:29+00:00\",\"breadcrumb\":{\"@id\":\"https:\/\/now-news.de\/de\/deutschland\/lauterbach-wegen-warnung-vor-killervariante-in-der-kritik\/#breadcrumb\"},\"inLanguage\":\"de\",\"potentialAction\":[{\"@type\":\"ReadAction\",\"target\":[\"https:\/\/now-news.de\/de\/deutschland\/lauterbach-wegen-warnung-vor-killervariante-in-der-kritik\/\"]}]},{\"@type\":\"ImageObject\",\"inLanguage\":\"de\",\"@id\":\"https:\/\/now-news.de\/de\/deutschland\/lauterbach-wegen-warnung-vor-killervariante-in-der-kritik\/#primaryimage\",\"url\":\"https:\/\/now-news.de\/de\/wp-content\/uploads\/sites\/3\/2022\/04\/Lauterbach-wegen-Warnung-vor-quotKillervariantequot-in-der-Kritik.jpg\",\"contentUrl\":\"https:\/\/now-news.de\/de\/wp-content\/uploads\/sites\/3\/2022\/04\/Lauterbach-wegen-Warnung-vor-quotKillervariantequot-in-der-Kritik.jpg\",\"width\":1104,\"height\":622,\"caption\":\"Lauterbach wegen Warnung vor &quot;Killervariante&quot; in der Kritik\"},{\"@type\":\"BreadcrumbList\",\"@id\":\"https:\/\/now-news.de\/de\/deutschland\/lauterbach-wegen-warnung-vor-killervariante-in-der-kritik\/#breadcrumb\",\"itemListElement\":[{\"@type\":\"ListItem\",\"position\":1,\"name\":\"Home\",\"item\":\"https:\/\/now-news.de\/de\/\"},{\"@type\":\"ListItem\",\"position\":2,\"name\":\"Lauterbach wegen Warnung vor &quot;Killervariante&quot; in der Kritik\"}]},{\"@type\":\"WebSite\",\"@id\":\"https:\/\/now-news.de\/de\/#website\",\"url\":\"https:\/\/now-news.de\/de\/\",\"name\":\"just-now.NEWS Deutschland\",\"description\":\"Das Portal f\u00fcr unzensierte Nachrichten aus der Welt\",\"publisher\":{\"@id\":\"https:\/\/now-news.de\/de\/#organization\"},\"potentialAction\":[{\"@type\":\"SearchAction\",\"target\":{\"@type\":\"EntryPoint\",\"urlTemplate\":\"https:\/\/now-news.de\/de\/?s={search_term_string}\"},\"query-input\":\"required name=search_term_string\"}],\"inLanguage\":\"de\"},{\"@type\":\"Organization\",\"@id\":\"https:\/\/now-news.de\/de\/#organization\",\"name\":\"Just Now News\",\"url\":\"https:\/\/now-news.de\/de\/\",\"logo\":{\"@type\":\"ImageObject\",\"inLanguage\":\"de\",\"@id\":\"https:\/\/now-news.de\/de\/#\/schema\/logo\/image\/\",\"url\":\"http:\/\/just-now.news\/de\/wp-content\/uploads\/sites\/3\/2022\/04\/logo500x500.jpg\",\"contentUrl\":\"http:\/\/just-now.news\/de\/wp-content\/uploads\/sites\/3\/2022\/04\/logo500x500.jpg\",\"width\":500,\"height\":500,\"caption\":\"Just Now News\"},\"image\":{\"@id\":\"https:\/\/now-news.de\/de\/#\/schema\/logo\/image\/\"},\"sameAs\":[\"https:\/\/www.facebook.com\/wirmachenauf\",\"https:\/\/x.com\/WirMachenAuf_de\"]},{\"@type\":\"Person\",\"@id\":\"https:\/\/now-news.de\/de\/#\/schema\/person\/fb534a4e865501d8b3285208df34a9b5\",\"name\":\"rtnews\",\"image\":{\"@type\":\"ImageObject\",\"inLanguage\":\"de\",\"@id\":\"https:\/\/now-news.de\/de\/#\/schema\/person\/image\/\",\"url\":\"https:\/\/secure.gravatar.com\/avatar\/82aafea7d8127119dd649515f56e2117?s=96&d=mm&r=g\",\"contentUrl\":\"https:\/\/secure.gravatar.com\/avatar\/82aafea7d8127119dd649515f56e2117?s=96&d=mm&r=g\",\"caption\":\"rtnews\"},\"url\":\"https:\/\/now-news.de\/de\/author\/rnews\/\"}]}<\/script>\n<!-- \/ Yoast SEO Premium plugin. -->","yoast_head_json":{"title":"Lauterbach wegen Warnung vor &quot;Killervariante&quot; in der Kritik - just-now.NEWS Deutschland","robots":{"index":"index","follow":"follow","max-snippet":"max-snippet:-1","max-image-preview":"max-image-preview:large","max-video-preview":"max-video-preview:-1"},"canonical":"https:\/\/now-news.de\/de\/deutschland\/lauterbach-wegen-warnung-vor-killervariante-in-der-kritik\/","og_locale":"de_DE","og_type":"article","og_title":"Lauterbach wegen Warnung vor &quot;Killervariante&quot; in der Kritik","og_description":"Bundesgesundheitsminister Karl Lauterbach (SPD)\u00a0hat mit Warnungen vor einer m\u00f6glichen &#8220;Killervariante&#8221; des Coronavirus Kritik auf sich gezogen. Der Begriff sei unwissenschaftlich und f\u00fchre zu nichts als Verunsicherung in der Bev\u00f6lkerung, sagte der Virologe Jonas Schmidt-Chanasit der Bild. Kritisch \u00e4u\u00dferten sich auch andere Experten, Patientensch\u00fctzer und Politiker. Lauterbach hatte sich in der Bild am Sonntag (BamS) besorgt [&hellip;]","og_url":"https:\/\/now-news.de\/de\/deutschland\/lauterbach-wegen-warnung-vor-killervariante-in-der-kritik\/","og_site_name":"just-now.NEWS Deutschland","article_publisher":"https:\/\/www.facebook.com\/wirmachenauf","article_published_time":"2022-04-18T18:45:29+00:00","og_image":[{"width":1104,"height":622,"url":"https:\/\/now-news.de\/de\/wp-content\/uploads\/sites\/3\/2022\/04\/Lauterbach-wegen-Warnung-vor-quotKillervariantequot-in-der-Kritik.jpg","type":"image\/jpeg"}],"author":"rtnews","twitter_card":"summary_large_image","twitter_creator":"@WirMachenAuf_de","twitter_site":"@WirMachenAuf_de","twitter_misc":{"Verfasst von":"rtnews","Gesch\u00e4tzte Lesezeit":"4\u00a0Minuten"},"schema":{"@context":"https:\/\/schema.org","@graph":[{"@type":"Article","@id":"https:\/\/now-news.de\/de\/deutschland\/lauterbach-wegen-warnung-vor-killervariante-in-der-kritik\/#article","isPartOf":{"@id":"https:\/\/now-news.de\/de\/deutschland\/lauterbach-wegen-warnung-vor-killervariante-in-der-kritik\/"},"author":{"name":"rtnews","@id":"https:\/\/now-news.de\/de\/#\/schema\/person\/fb534a4e865501d8b3285208df34a9b5"},"headline":"Lauterbach wegen Warnung vor &quot;Killervariante&quot; in der Kritik","datePublished":"2022-04-18T18:45:29+00:00","dateModified":"2022-04-18T18:45:29+00:00","mainEntityOfPage":{"@id":"https:\/\/now-news.de\/de\/deutschland\/lauterbach-wegen-warnung-vor-killervariante-in-der-kritik\/"},"wordCount":725,"commentCount":1,"publisher":{"@id":"https:\/\/now-news.de\/de\/#organization"},"image":{"@id":"https:\/\/now-news.de\/de\/deutschland\/lauterbach-wegen-warnung-vor-killervariante-in-der-kritik\/#primaryimage"},"thumbnailUrl":"https:\/\/now-news.de\/de\/wp-content\/uploads\/sites\/3\/2022\/04\/Lauterbach-wegen-Warnung-vor-quotKillervariantequot-in-der-Kritik.jpg","keywords":["der","Kritik","Lauterbach","quotKillervariantequot","vor","Warnung","wegen"],"articleSection":["Deutschland","Russland"],"inLanguage":"de","potentialAction":[{"@type":"CommentAction","name":"Comment","target":["https:\/\/now-news.de\/de\/deutschland\/lauterbach-wegen-warnung-vor-killervariante-in-der-kritik\/#respond"]}]},{"@type":"WebPage","@id":"https:\/\/now-news.de\/de\/deutschland\/lauterbach-wegen-warnung-vor-killervariante-in-der-kritik\/","url":"https:\/\/now-news.de\/de\/deutschland\/lauterbach-wegen-warnung-vor-killervariante-in-der-kritik\/","name":"Lauterbach wegen Warnung vor &quot;Killervariante&quot; in der Kritik - just-now.NEWS Deutschland","isPartOf":{"@id":"https:\/\/now-news.de\/de\/#website"},"primaryImageOfPage":{"@id":"https:\/\/now-news.de\/de\/deutschland\/lauterbach-wegen-warnung-vor-killervariante-in-der-kritik\/#primaryimage"},"image":{"@id":"https:\/\/now-news.de\/de\/deutschland\/lauterbach-wegen-warnung-vor-killervariante-in-der-kritik\/#primaryimage"},"thumbnailUrl":"https:\/\/now-news.de\/de\/wp-content\/uploads\/sites\/3\/2022\/04\/Lauterbach-wegen-Warnung-vor-quotKillervariantequot-in-der-Kritik.jpg","datePublished":"2022-04-18T18:45:29+00:00","dateModified":"2022-04-18T18:45:29+00:00","breadcrumb":{"@id":"https:\/\/now-news.de\/de\/deutschland\/lauterbach-wegen-warnung-vor-killervariante-in-der-kritik\/#breadcrumb"},"inLanguage":"de","potentialAction":[{"@type":"ReadAction","target":["https:\/\/now-news.de\/de\/deutschland\/lauterbach-wegen-warnung-vor-killervariante-in-der-kritik\/"]}]},{"@type":"ImageObject","inLanguage":"de","@id":"https:\/\/now-news.de\/de\/deutschland\/lauterbach-wegen-warnung-vor-killervariante-in-der-kritik\/#primaryimage","url":"https:\/\/now-news.de\/de\/wp-content\/uploads\/sites\/3\/2022\/04\/Lauterbach-wegen-Warnung-vor-quotKillervariantequot-in-der-Kritik.jpg","contentUrl":"https:\/\/now-news.de\/de\/wp-content\/uploads\/sites\/3\/2022\/04\/Lauterbach-wegen-Warnung-vor-quotKillervariantequot-in-der-Kritik.jpg","width":1104,"height":622,"caption":"Lauterbach wegen Warnung vor &quot;Killervariante&quot; in der Kritik"},{"@type":"BreadcrumbList","@id":"https:\/\/now-news.de\/de\/deutschland\/lauterbach-wegen-warnung-vor-killervariante-in-der-kritik\/#breadcrumb","itemListElement":[{"@type":"ListItem","position":1,"name":"Home","item":"https:\/\/now-news.de\/de\/"},{"@type":"ListItem","position":2,"name":"Lauterbach wegen Warnung vor &quot;Killervariante&quot; in der Kritik"}]},{"@type":"WebSite","@id":"https:\/\/now-news.de\/de\/#website","url":"https:\/\/now-news.de\/de\/","name":"just-now.NEWS Deutschland","description":"Das Portal f\u00fcr unzensierte Nachrichten aus der Welt","publisher":{"@id":"https:\/\/now-news.de\/de\/#organization"},"potentialAction":[{"@type":"SearchAction","target":{"@type":"EntryPoint","urlTemplate":"https:\/\/now-news.de\/de\/?s={search_term_string}"},"query-input":"required name=search_term_string"}],"inLanguage":"de"},{"@type":"Organization","@id":"https:\/\/now-news.de\/de\/#organization","name":"Just Now News","url":"https:\/\/now-news.de\/de\/","logo":{"@type":"ImageObject","inLanguage":"de","@id":"https:\/\/now-news.de\/de\/#\/schema\/logo\/image\/","url":"http:\/\/just-now.news\/de\/wp-content\/uploads\/sites\/3\/2022\/04\/logo500x500.jpg","contentUrl":"http:\/\/just-now.news\/de\/wp-content\/uploads\/sites\/3\/2022\/04\/logo500x500.jpg","width":500,"height":500,"caption":"Just Now News"},"image":{"@id":"https:\/\/now-news.de\/de\/#\/schema\/logo\/image\/"},"sameAs":["https:\/\/www.facebook.com\/wirmachenauf","https:\/\/x.com\/WirMachenAuf_de"]},{"@type":"Person","@id":"https:\/\/now-news.de\/de\/#\/schema\/person\/fb534a4e865501d8b3285208df34a9b5","name":"rtnews","image":{"@type":"ImageObject","inLanguage":"de","@id":"https:\/\/now-news.de\/de\/#\/schema\/person\/image\/","url":"https:\/\/secure.gravatar.com\/avatar\/82aafea7d8127119dd649515f56e2117?s=96&d=mm&r=g","contentUrl":"https:\/\/secure.gravatar.com\/avatar\/82aafea7d8127119dd649515f56e2117?s=96&d=mm&r=g","caption":"rtnews"},"url":"https:\/\/now-news.de\/de\/author\/rnews\/"}]}},"_links":{"self":[{"href":"https:\/\/now-news.de\/de\/wp-json\/wp\/v2\/posts\/848"}],"collection":[{"href":"https:\/\/now-news.de\/de\/wp-json\/wp\/v2\/posts"}],"about":[{"href":"https:\/\/now-news.de\/de\/wp-json\/wp\/v2\/types\/post"}],"author":[{"embeddable":true,"href":"https:\/\/now-news.de\/de\/wp-json\/wp\/v2\/users\/3"}],"replies":[{"embeddable":true,"href":"https:\/\/now-news.de\/de\/wp-json\/wp\/v2\/comments?post=848"}],"version-history":[{"count":0,"href":"https:\/\/now-news.de\/de\/wp-json\/wp\/v2\/posts\/848\/revisions"}],"wp:featuredmedia":[{"embeddable":true,"href":"https:\/\/now-news.de\/de\/wp-json\/wp\/v2\/media\/849"}],"wp:attachment":[{"href":"https:\/\/now-news.de\/de\/wp-json\/wp\/v2\/media?parent=848"}],"wp:term":[{"taxonomy":"category","embeddable":true,"href":"https:\/\/now-news.de\/de\/wp-json\/wp\/v2\/categories?post=848"},{"taxonomy":"post_tag","embeddable":true,"href":"https:\/\/now-news.de\/de\/wp-json\/wp\/v2\/tags?post=848"}],"curies":[{"name":"wp","href":"https:\/\/api.w.org\/{rel}","templated":true}]}}