{"id":84774,"date":"2025-05-31T14:33:50","date_gmt":"2025-05-31T12:33:50","guid":{"rendered":"https:\/\/now-news.de\/de\/deutschland\/medien-europa-sollte-sich-darauf-vorbereiten-dass-trump-die-ukraine-im-stich-lassen-wird\/"},"modified":"2025-05-31T14:33:50","modified_gmt":"2025-05-31T12:33:50","slug":"medien-europa-sollte-sich-darauf-vorbereiten-dass-trump-die-ukraine-im-stich-lassen-wird","status":"publish","type":"post","link":"https:\/\/now-news.de\/de\/deutschland\/medien-europa-sollte-sich-darauf-vorbereiten-dass-trump-die-ukraine-im-stich-lassen-wird\/","title":{"rendered":"Medien: Europa sollte sich darauf vorbereiten, dass Trump die Ukraine &quot;im Stich lassen&quot; wird"},"content":{"rendered":"<p><img decoding=\"async\" src=\"https:\/\/now-news.de\/de\/wp-content\/uploads\/sites\/3\/2025\/05\/683aebecb480cc2663316874.jpg\" \/><\/p>\n<div class=\"Text-root Text-type_1 \">\n                Vor den Gespr\u00e4chen in Istanbul h\u00e4tten sich europ\u00e4ische Beamte in Den Haag getroffen, um zu er\u00f6rtern, wie man &#8220;realistisch&#8221; sein und die Ukraine ohne Beteiligung der USA unterst\u00fctzen k\u00f6nne. Ihre Bef\u00fcrchtung sei, dass Trump die Ukraine &#8220;im Stich lassen&#8221; k\u00f6nne, so die britische Zeitung &#8220;Th\u0435 Telegraph&#8221;.\n            <\/div>\n<p><\/p>\n<div class=\"Text-root Text-type_5 ArticleView-text ViewText-root \">\n<p>Britische und franz\u00f6sische Beamte, die an einem Plan zur Entsendung von Friedenstruppen in die Ukraine arbeiten, haben bei einem Treffen in Den Haag zugegeben, dass US-Pr\u00e4sident Donald Trump die Bem\u00fchungen um eine Einigung zwischen Moskau und Kiew aufgegeben hat und die Ukraine &#8220;im Stich lassen&#8221; werde,\u00a0<a rel=\"nofollow noopener\" target=\"_blank\" href=\"https:\/\/www.telegraph.co.uk\/world-news\/2025\/05\/31\/we-must-get-real-trump-abandoning-ukraine-europe-admits\/\">berichtete<\/a>\u00a0<em>The Telegraph<\/em>.<strong><\/strong><\/p>\n<p>Die Vertreter beider L\u00e4nder waren sich einig, dass der Schwerpunkt von der m\u00f6glichen Entsendung europ\u00e4ischer Truppen zur \u00dcberwachung des Waffenstillstands auf die langfristige Unterst\u00fctzung der ukrainischen Verteidigung ohne Beteiligung der Vereinigten Staaten verlagert werden m\u00fcsse. Ein westlicher Beamter, der die Atmosph\u00e4re des Treffens als &#8220;bedr\u00fcckend&#8221; bezeichnete, sagte der Zeitung:<\/p>\n<blockquote>\n<p><em>&#8220;Seien wir realistisch und erkennen wir an, dass die USA niemals an Bord bleiben werden.&#8221;<\/em><\/p>\n<\/blockquote>\n<p>Ein anderer Gespr\u00e4chspartner, ein europ\u00e4ischer Diplomat, behauptete, dass &#8220;die Diskussion haupts\u00e4chlich darum ging, wie man die notwendige Unterst\u00fctzung f\u00fcr die Ukraine aufrechterhalten kann&#8221;, da Washington seine Hilfe auf den Transfer von Geheimdienstinformationen beschr\u00e4nken w\u00fcrde. Der Gespr\u00e4chspartner f\u00fcgte hinzu:<\/p>\n<blockquote>\n<p><em>&#8220;Wir waren uns auch einig, dass der wirtschaftliche Druck auf Russland erh\u00f6ht werden muss.&#8221;<\/em><\/p>\n<\/blockquote>\n<p>Seit Trumps R\u00fcckkehr ins Wei\u00dfe Haus hat Washington keine neuen Waffenlieferungen an Kiew genehmigt, sondern setzt die Lieferungen fort, die unter dem fr\u00fcheren US-Pr\u00e4sidenten Joe Biden vereinbart wurden.\u00a0Die USA h\u00e4tten auch den Verkauf von in\u00a0den USA\u00a0hergestellten Komponenten an die Ukraine\u00a0genehmigt, wie z.\u00a0B. Ausr\u00fcstung f\u00fcr F-16-Kampfjets, und sie h\u00e4tten europ\u00e4ische L\u00e4nder erm\u00e4chtigt, diese an die Ukraine zu liefern, erinnerte die Zeitung.<\/p>\n<p>Das Treffen in Den Haag fand im Vorfeld einer neuen Gespr\u00e4chsrunde zwischen Russland und der Ukraine statt, die am 2. Juni in Istanbul abgehalten werden soll. Nach vorangegangenen Gespr\u00e4chen am 16. Mai einigten sich die Seiten darauf, detailliert darzulegen, wie sie sich &#8220;einen m\u00f6glichen k\u00fcnftigen Waffenstillstand&#8221; vorstellen. Am 28. Mai \u00fcbergab die Ukraine Russland ihren Entwurf eines Memorandums zur Beilegung des Konflikts und behauptete, dass sie auf das russische Dokument warte. Die russische Seite erkl\u00e4rte, sie sei bereit, es bei den Gespr\u00e4chen in der T\u00fcrkei vorzulegen.<\/p>\n<p>Laut <em>The Atlantic<\/em> erwartet Trump Fortschritte von dem Treffen in Istanbul, wird aber keine US-Delegation dorthin entsenden. Zuvor hatte der Republikaner Washington die M\u00f6glichkeit einger\u00e4umt, die Vermittlungsbem\u00fchungen aufzugeben, wenn Russland oder die Ukraine es &#8220;sehr schwierig machen&#8221;. Als er am 28. Mai gefragt wurde, ob er glaube, dass Moskau den Konflikt l\u00f6sen wolle, versprach Trump:<\/p>\n<blockquote>\n<p><em>&#8220;Ich werde es Sie in etwa zwei Wochen wissen lassen, innerhalb von zwei Wochen.&#8221;<\/em><\/p>\n<\/blockquote>\n<p>Der Kreml erkl\u00e4rte, Russland sei dem US-Pr\u00e4sidenten dankbar, dass er sich um eine L\u00f6sung bem\u00fche, aber es gebe bei den Verhandlungen &#8220;eine gro\u00dfe Anzahl von Nuancen&#8221; zu besprechen, die nicht &#8220;aufgrund seiner nationalen Interessen&#8221; geopfert werden k\u00f6nnten.<\/p>\n<p><strong>Mehr zum Thema<\/strong>\u00a0\u2013\u00a0<a rel=\"nofollow noopener\" target=\"_blank\" href=\"https:\/\/freedert.online\/kurzclips\/video\/246414-legitime-sicherheitsbedenken-russlands-us-gesandter-aeu%C3%9Fert-sich-zur-nato-osterweiterung\/\">&#8220;Legitime Sicherheitsbedenken Russlands&#8221; \u2013 US-Gesandter \u00e4u\u00dfert sich zur NATO-Osterweiterung<\/a><\/p>\n<\/div>\n<p><br \/>\n<br \/><a href=\"https:\/\/de.rt.com\/europa\/246478-medien-europa-sollte-sich-darauf\/\">Source link <\/a><\/p>\n","protected":false},"excerpt":{"rendered":"<p>Vor den Gespr\u00e4chen in Istanbul h\u00e4tten sich europ\u00e4ische Beamte in Den Haag getroffen, um zu er\u00f6rtern, wie man &#8220;realistisch&#8221; sein und die Ukraine ohne Beteiligung der USA unterst\u00fctzen k\u00f6nne. Ihre Bef\u00fcrchtung sei, dass Trump die Ukraine &#8220;im Stich lassen&#8221; k\u00f6nne, so die britische Zeitung &#8220;Th\u0435 Telegraph&#8221;. Britische und franz\u00f6sische Beamte, die an einem Plan zur [&hellip;]<\/p>\n","protected":false},"author":3,"featured_media":84775,"comment_status":"open","ping_status":"open","sticky":false,"template":"","format":"standard","meta":{"_yoast_indexnow_last_ping":["1748694993"],"wp_automatic_camp":["217"],"e3ca4494961ac19840eac23e9713485a":["Medien: Europa sollte sich darauf vorbereiten, dass Trump die Ukraine &quot;im Stich lassen&quot; wird"],"original_link":["https:\/\/de.rt.com\/europa\/246478-medien-europa-sollte-sich-darauf\/"],"_thumbnail_id":["84775"],"jnews_social_counter_last_update":["1777288135"],"_wptgpro_p2tg_sent2tg":["a:1:{i:23737;s:19:\"2025-05-31 14:37:33\";}"]},"categories":[19,23],"tags":[6451,42,45,1370,30073,580,36708,434,3590,56387,1639,127,16767,374],"yoast_head":"<!-- This site is optimized with the Yoast SEO Premium plugin v22.7 (Yoast SEO v22.7) - https:\/\/yoast.com\/wordpress\/plugins\/seo\/ -->\n<title>Medien: Europa sollte sich darauf vorbereiten, dass Trump die Ukraine &quot;im Stich lassen&quot; wird - just-now.NEWS Deutschland<\/title>\n<meta name=\"robots\" content=\"index, follow, max-snippet:-1, max-image-preview:large, max-video-preview:-1\" \/>\n<link rel=\"canonical\" href=\"https:\/\/now-news.de\/de\/deutschland\/medien-europa-sollte-sich-darauf-vorbereiten-dass-trump-die-ukraine-im-stich-lassen-wird\/\" \/>\n<meta property=\"og:locale\" content=\"de_DE\" \/>\n<meta property=\"og:type\" content=\"article\" \/>\n<meta property=\"og:title\" content=\"Medien: Europa sollte sich darauf vorbereiten, dass Trump die Ukraine &quot;im Stich lassen&quot; wird\" \/>\n<meta property=\"og:description\" content=\"Vor den Gespr\u00e4chen in Istanbul h\u00e4tten sich europ\u00e4ische Beamte in Den Haag getroffen, um zu er\u00f6rtern, wie man &#8220;realistisch&#8221; sein und die Ukraine ohne Beteiligung der USA unterst\u00fctzen k\u00f6nne. Ihre Bef\u00fcrchtung sei, dass Trump die Ukraine &#8220;im Stich lassen&#8221; k\u00f6nne, so die britische Zeitung &#8220;Th\u0435 Telegraph&#8221;. Britische und franz\u00f6sische Beamte, die an einem Plan zur [&hellip;]\" \/>\n<meta property=\"og:url\" content=\"https:\/\/now-news.de\/de\/deutschland\/medien-europa-sollte-sich-darauf-vorbereiten-dass-trump-die-ukraine-im-stich-lassen-wird\/\" \/>\n<meta property=\"og:site_name\" content=\"just-now.NEWS Deutschland\" \/>\n<meta property=\"article:publisher\" content=\"https:\/\/www.facebook.com\/wirmachenauf\" \/>\n<meta property=\"article:published_time\" content=\"2025-05-31T12:33:50+00:00\" \/>\n<meta property=\"og:image\" content=\"https:\/\/now-news.de\/de\/wp-content\/uploads\/sites\/3\/2025\/05\/683aebecb480cc2663316874.jpg\" \/>\n<meta name=\"author\" content=\"rtnews\" \/>\n<meta name=\"twitter:card\" content=\"summary_large_image\" \/>\n<meta name=\"twitter:creator\" content=\"@WirMachenAuf_de\" \/>\n<meta name=\"twitter:site\" content=\"@WirMachenAuf_de\" \/>\n<meta name=\"twitter:label1\" content=\"Verfasst von\" \/>\n\t<meta name=\"twitter:data1\" content=\"rtnews\" \/>\n\t<meta name=\"twitter:label2\" content=\"Gesch\u00e4tzte Lesezeit\" \/>\n\t<meta name=\"twitter:data2\" content=\"3\u00a0Minuten\" \/>\n<script type=\"application\/ld+json\" class=\"yoast-schema-graph\">{\"@context\":\"https:\/\/schema.org\",\"@graph\":[{\"@type\":\"Article\",\"@id\":\"https:\/\/now-news.de\/de\/deutschland\/medien-europa-sollte-sich-darauf-vorbereiten-dass-trump-die-ukraine-im-stich-lassen-wird\/#article\",\"isPartOf\":{\"@id\":\"https:\/\/now-news.de\/de\/deutschland\/medien-europa-sollte-sich-darauf-vorbereiten-dass-trump-die-ukraine-im-stich-lassen-wird\/\"},\"author\":{\"name\":\"rtnews\",\"@id\":\"https:\/\/now-news.de\/de\/#\/schema\/person\/fb534a4e865501d8b3285208df34a9b5\"},\"headline\":\"Medien: Europa sollte sich darauf vorbereiten, dass Trump die Ukraine &quot;im Stich lassen&quot; wird\",\"datePublished\":\"2025-05-31T12:33:50+00:00\",\"dateModified\":\"2025-05-31T12:33:50+00:00\",\"mainEntityOfPage\":{\"@id\":\"https:\/\/now-news.de\/de\/deutschland\/medien-europa-sollte-sich-darauf-vorbereiten-dass-trump-die-ukraine-im-stich-lassen-wird\/\"},\"wordCount\":552,\"commentCount\":0,\"publisher\":{\"@id\":\"https:\/\/now-news.de\/de\/#organization\"},\"image\":{\"@id\":\"https:\/\/now-news.de\/de\/deutschland\/medien-europa-sollte-sich-darauf-vorbereiten-dass-trump-die-ukraine-im-stich-lassen-wird\/#primaryimage\"},\"thumbnailUrl\":\"https:\/\/now-news.de\/de\/wp-content\/uploads\/sites\/3\/2025\/05\/Medien-Europa-sollte-sich-darauf-vorbereiten-dass-Trump-die-Ukraine.jpg\",\"keywords\":[\"darauf\",\"dass\",\"die\",\"Europa\",\"lassenquot\",\"Medien\",\"quotIm\",\"sich\",\"sollte\",\"Stich\",\"trump\",\"ukraine\",\"vorbereiten\",\"wird\"],\"articleSection\":[\"Deutschland\",\"Russland\"],\"inLanguage\":\"de\",\"potentialAction\":[{\"@type\":\"CommentAction\",\"name\":\"Comment\",\"target\":[\"https:\/\/now-news.de\/de\/deutschland\/medien-europa-sollte-sich-darauf-vorbereiten-dass-trump-die-ukraine-im-stich-lassen-wird\/#respond\"]}]},{\"@type\":\"WebPage\",\"@id\":\"https:\/\/now-news.de\/de\/deutschland\/medien-europa-sollte-sich-darauf-vorbereiten-dass-trump-die-ukraine-im-stich-lassen-wird\/\",\"url\":\"https:\/\/now-news.de\/de\/deutschland\/medien-europa-sollte-sich-darauf-vorbereiten-dass-trump-die-ukraine-im-stich-lassen-wird\/\",\"name\":\"Medien: Europa sollte sich darauf vorbereiten, dass Trump die Ukraine &quot;im Stich lassen&quot; wird - just-now.NEWS Deutschland\",\"isPartOf\":{\"@id\":\"https:\/\/now-news.de\/de\/#website\"},\"primaryImageOfPage\":{\"@id\":\"https:\/\/now-news.de\/de\/deutschland\/medien-europa-sollte-sich-darauf-vorbereiten-dass-trump-die-ukraine-im-stich-lassen-wird\/#primaryimage\"},\"image\":{\"@id\":\"https:\/\/now-news.de\/de\/deutschland\/medien-europa-sollte-sich-darauf-vorbereiten-dass-trump-die-ukraine-im-stich-lassen-wird\/#primaryimage\"},\"thumbnailUrl\":\"https:\/\/now-news.de\/de\/wp-content\/uploads\/sites\/3\/2025\/05\/Medien-Europa-sollte-sich-darauf-vorbereiten-dass-Trump-die-Ukraine.jpg\",\"datePublished\":\"2025-05-31T12:33:50+00:00\",\"dateModified\":\"2025-05-31T12:33:50+00:00\",\"breadcrumb\":{\"@id\":\"https:\/\/now-news.de\/de\/deutschland\/medien-europa-sollte-sich-darauf-vorbereiten-dass-trump-die-ukraine-im-stich-lassen-wird\/#breadcrumb\"},\"inLanguage\":\"de\",\"potentialAction\":[{\"@type\":\"ReadAction\",\"target\":[\"https:\/\/now-news.de\/de\/deutschland\/medien-europa-sollte-sich-darauf-vorbereiten-dass-trump-die-ukraine-im-stich-lassen-wird\/\"]}]},{\"@type\":\"ImageObject\",\"inLanguage\":\"de\",\"@id\":\"https:\/\/now-news.de\/de\/deutschland\/medien-europa-sollte-sich-darauf-vorbereiten-dass-trump-die-ukraine-im-stich-lassen-wird\/#primaryimage\",\"url\":\"https:\/\/now-news.de\/de\/wp-content\/uploads\/sites\/3\/2025\/05\/Medien-Europa-sollte-sich-darauf-vorbereiten-dass-Trump-die-Ukraine.jpg\",\"contentUrl\":\"https:\/\/now-news.de\/de\/wp-content\/uploads\/sites\/3\/2025\/05\/Medien-Europa-sollte-sich-darauf-vorbereiten-dass-Trump-die-Ukraine.jpg\",\"width\":460,\"height\":259,\"caption\":\"Medien: Europa sollte sich darauf vorbereiten, dass Trump die Ukraine &quot;im Stich lassen&quot; wird\"},{\"@type\":\"BreadcrumbList\",\"@id\":\"https:\/\/now-news.de\/de\/deutschland\/medien-europa-sollte-sich-darauf-vorbereiten-dass-trump-die-ukraine-im-stich-lassen-wird\/#breadcrumb\",\"itemListElement\":[{\"@type\":\"ListItem\",\"position\":1,\"name\":\"Home\",\"item\":\"https:\/\/now-news.de\/de\/\"},{\"@type\":\"ListItem\",\"position\":2,\"name\":\"Medien: Europa sollte sich darauf vorbereiten, dass Trump die Ukraine &quot;im Stich lassen&quot; wird\"}]},{\"@type\":\"WebSite\",\"@id\":\"https:\/\/now-news.de\/de\/#website\",\"url\":\"https:\/\/now-news.de\/de\/\",\"name\":\"just-now.NEWS Deutschland\",\"description\":\"Das Portal f\u00fcr unzensierte Nachrichten aus der Welt\",\"publisher\":{\"@id\":\"https:\/\/now-news.de\/de\/#organization\"},\"potentialAction\":[{\"@type\":\"SearchAction\",\"target\":{\"@type\":\"EntryPoint\",\"urlTemplate\":\"https:\/\/now-news.de\/de\/?s={search_term_string}\"},\"query-input\":\"required name=search_term_string\"}],\"inLanguage\":\"de\"},{\"@type\":\"Organization\",\"@id\":\"https:\/\/now-news.de\/de\/#organization\",\"name\":\"Just Now News\",\"url\":\"https:\/\/now-news.de\/de\/\",\"logo\":{\"@type\":\"ImageObject\",\"inLanguage\":\"de\",\"@id\":\"https:\/\/now-news.de\/de\/#\/schema\/logo\/image\/\",\"url\":\"http:\/\/just-now.news\/de\/wp-content\/uploads\/sites\/3\/2022\/04\/logo500x500.jpg\",\"contentUrl\":\"http:\/\/just-now.news\/de\/wp-content\/uploads\/sites\/3\/2022\/04\/logo500x500.jpg\",\"width\":500,\"height\":500,\"caption\":\"Just Now News\"},\"image\":{\"@id\":\"https:\/\/now-news.de\/de\/#\/schema\/logo\/image\/\"},\"sameAs\":[\"https:\/\/www.facebook.com\/wirmachenauf\",\"https:\/\/x.com\/WirMachenAuf_de\"]},{\"@type\":\"Person\",\"@id\":\"https:\/\/now-news.de\/de\/#\/schema\/person\/fb534a4e865501d8b3285208df34a9b5\",\"name\":\"rtnews\",\"image\":{\"@type\":\"ImageObject\",\"inLanguage\":\"de\",\"@id\":\"https:\/\/now-news.de\/de\/#\/schema\/person\/image\/\",\"url\":\"https:\/\/secure.gravatar.com\/avatar\/82aafea7d8127119dd649515f56e2117?s=96&d=mm&r=g\",\"contentUrl\":\"https:\/\/secure.gravatar.com\/avatar\/82aafea7d8127119dd649515f56e2117?s=96&d=mm&r=g\",\"caption\":\"rtnews\"},\"url\":\"https:\/\/now-news.de\/de\/author\/rnews\/\"}]}<\/script>\n<!-- \/ Yoast SEO Premium plugin. -->","yoast_head_json":{"title":"Medien: Europa sollte sich darauf vorbereiten, dass Trump die Ukraine &quot;im Stich lassen&quot; wird - just-now.NEWS Deutschland","robots":{"index":"index","follow":"follow","max-snippet":"max-snippet:-1","max-image-preview":"max-image-preview:large","max-video-preview":"max-video-preview:-1"},"canonical":"https:\/\/now-news.de\/de\/deutschland\/medien-europa-sollte-sich-darauf-vorbereiten-dass-trump-die-ukraine-im-stich-lassen-wird\/","og_locale":"de_DE","og_type":"article","og_title":"Medien: Europa sollte sich darauf vorbereiten, dass Trump die Ukraine &quot;im Stich lassen&quot; wird","og_description":"Vor den Gespr\u00e4chen in Istanbul h\u00e4tten sich europ\u00e4ische Beamte in Den Haag getroffen, um zu er\u00f6rtern, wie man &#8220;realistisch&#8221; sein und die Ukraine ohne Beteiligung der USA unterst\u00fctzen k\u00f6nne. Ihre Bef\u00fcrchtung sei, dass Trump die Ukraine &#8220;im Stich lassen&#8221; k\u00f6nne, so die britische Zeitung &#8220;Th\u0435 Telegraph&#8221;. Britische und franz\u00f6sische Beamte, die an einem Plan zur [&hellip;]","og_url":"https:\/\/now-news.de\/de\/deutschland\/medien-europa-sollte-sich-darauf-vorbereiten-dass-trump-die-ukraine-im-stich-lassen-wird\/","og_site_name":"just-now.NEWS Deutschland","article_publisher":"https:\/\/www.facebook.com\/wirmachenauf","article_published_time":"2025-05-31T12:33:50+00:00","og_image":[{"url":"https:\/\/now-news.de\/de\/wp-content\/uploads\/sites\/3\/2025\/05\/683aebecb480cc2663316874.jpg"}],"author":"rtnews","twitter_card":"summary_large_image","twitter_creator":"@WirMachenAuf_de","twitter_site":"@WirMachenAuf_de","twitter_misc":{"Verfasst von":"rtnews","Gesch\u00e4tzte Lesezeit":"3\u00a0Minuten"},"schema":{"@context":"https:\/\/schema.org","@graph":[{"@type":"Article","@id":"https:\/\/now-news.de\/de\/deutschland\/medien-europa-sollte-sich-darauf-vorbereiten-dass-trump-die-ukraine-im-stich-lassen-wird\/#article","isPartOf":{"@id":"https:\/\/now-news.de\/de\/deutschland\/medien-europa-sollte-sich-darauf-vorbereiten-dass-trump-die-ukraine-im-stich-lassen-wird\/"},"author":{"name":"rtnews","@id":"https:\/\/now-news.de\/de\/#\/schema\/person\/fb534a4e865501d8b3285208df34a9b5"},"headline":"Medien: Europa sollte sich darauf vorbereiten, dass Trump die Ukraine &quot;im Stich lassen&quot; wird","datePublished":"2025-05-31T12:33:50+00:00","dateModified":"2025-05-31T12:33:50+00:00","mainEntityOfPage":{"@id":"https:\/\/now-news.de\/de\/deutschland\/medien-europa-sollte-sich-darauf-vorbereiten-dass-trump-die-ukraine-im-stich-lassen-wird\/"},"wordCount":552,"commentCount":0,"publisher":{"@id":"https:\/\/now-news.de\/de\/#organization"},"image":{"@id":"https:\/\/now-news.de\/de\/deutschland\/medien-europa-sollte-sich-darauf-vorbereiten-dass-trump-die-ukraine-im-stich-lassen-wird\/#primaryimage"},"thumbnailUrl":"https:\/\/now-news.de\/de\/wp-content\/uploads\/sites\/3\/2025\/05\/Medien-Europa-sollte-sich-darauf-vorbereiten-dass-Trump-die-Ukraine.jpg","keywords":["darauf","dass","die","Europa","lassenquot","Medien","quotIm","sich","sollte","Stich","trump","ukraine","vorbereiten","wird"],"articleSection":["Deutschland","Russland"],"inLanguage":"de","potentialAction":[{"@type":"CommentAction","name":"Comment","target":["https:\/\/now-news.de\/de\/deutschland\/medien-europa-sollte-sich-darauf-vorbereiten-dass-trump-die-ukraine-im-stich-lassen-wird\/#respond"]}]},{"@type":"WebPage","@id":"https:\/\/now-news.de\/de\/deutschland\/medien-europa-sollte-sich-darauf-vorbereiten-dass-trump-die-ukraine-im-stich-lassen-wird\/","url":"https:\/\/now-news.de\/de\/deutschland\/medien-europa-sollte-sich-darauf-vorbereiten-dass-trump-die-ukraine-im-stich-lassen-wird\/","name":"Medien: Europa sollte sich darauf vorbereiten, dass Trump die Ukraine &quot;im Stich lassen&quot; wird - just-now.NEWS Deutschland","isPartOf":{"@id":"https:\/\/now-news.de\/de\/#website"},"primaryImageOfPage":{"@id":"https:\/\/now-news.de\/de\/deutschland\/medien-europa-sollte-sich-darauf-vorbereiten-dass-trump-die-ukraine-im-stich-lassen-wird\/#primaryimage"},"image":{"@id":"https:\/\/now-news.de\/de\/deutschland\/medien-europa-sollte-sich-darauf-vorbereiten-dass-trump-die-ukraine-im-stich-lassen-wird\/#primaryimage"},"thumbnailUrl":"https:\/\/now-news.de\/de\/wp-content\/uploads\/sites\/3\/2025\/05\/Medien-Europa-sollte-sich-darauf-vorbereiten-dass-Trump-die-Ukraine.jpg","datePublished":"2025-05-31T12:33:50+00:00","dateModified":"2025-05-31T12:33:50+00:00","breadcrumb":{"@id":"https:\/\/now-news.de\/de\/deutschland\/medien-europa-sollte-sich-darauf-vorbereiten-dass-trump-die-ukraine-im-stich-lassen-wird\/#breadcrumb"},"inLanguage":"de","potentialAction":[{"@type":"ReadAction","target":["https:\/\/now-news.de\/de\/deutschland\/medien-europa-sollte-sich-darauf-vorbereiten-dass-trump-die-ukraine-im-stich-lassen-wird\/"]}]},{"@type":"ImageObject","inLanguage":"de","@id":"https:\/\/now-news.de\/de\/deutschland\/medien-europa-sollte-sich-darauf-vorbereiten-dass-trump-die-ukraine-im-stich-lassen-wird\/#primaryimage","url":"https:\/\/now-news.de\/de\/wp-content\/uploads\/sites\/3\/2025\/05\/Medien-Europa-sollte-sich-darauf-vorbereiten-dass-Trump-die-Ukraine.jpg","contentUrl":"https:\/\/now-news.de\/de\/wp-content\/uploads\/sites\/3\/2025\/05\/Medien-Europa-sollte-sich-darauf-vorbereiten-dass-Trump-die-Ukraine.jpg","width":460,"height":259,"caption":"Medien: Europa sollte sich darauf vorbereiten, dass Trump die Ukraine &quot;im Stich lassen&quot; wird"},{"@type":"BreadcrumbList","@id":"https:\/\/now-news.de\/de\/deutschland\/medien-europa-sollte-sich-darauf-vorbereiten-dass-trump-die-ukraine-im-stich-lassen-wird\/#breadcrumb","itemListElement":[{"@type":"ListItem","position":1,"name":"Home","item":"https:\/\/now-news.de\/de\/"},{"@type":"ListItem","position":2,"name":"Medien: Europa sollte sich darauf vorbereiten, dass Trump die Ukraine &quot;im Stich lassen&quot; wird"}]},{"@type":"WebSite","@id":"https:\/\/now-news.de\/de\/#website","url":"https:\/\/now-news.de\/de\/","name":"just-now.NEWS Deutschland","description":"Das Portal f\u00fcr unzensierte Nachrichten aus der Welt","publisher":{"@id":"https:\/\/now-news.de\/de\/#organization"},"potentialAction":[{"@type":"SearchAction","target":{"@type":"EntryPoint","urlTemplate":"https:\/\/now-news.de\/de\/?s={search_term_string}"},"query-input":"required name=search_term_string"}],"inLanguage":"de"},{"@type":"Organization","@id":"https:\/\/now-news.de\/de\/#organization","name":"Just Now News","url":"https:\/\/now-news.de\/de\/","logo":{"@type":"ImageObject","inLanguage":"de","@id":"https:\/\/now-news.de\/de\/#\/schema\/logo\/image\/","url":"http:\/\/just-now.news\/de\/wp-content\/uploads\/sites\/3\/2022\/04\/logo500x500.jpg","contentUrl":"http:\/\/just-now.news\/de\/wp-content\/uploads\/sites\/3\/2022\/04\/logo500x500.jpg","width":500,"height":500,"caption":"Just Now News"},"image":{"@id":"https:\/\/now-news.de\/de\/#\/schema\/logo\/image\/"},"sameAs":["https:\/\/www.facebook.com\/wirmachenauf","https:\/\/x.com\/WirMachenAuf_de"]},{"@type":"Person","@id":"https:\/\/now-news.de\/de\/#\/schema\/person\/fb534a4e865501d8b3285208df34a9b5","name":"rtnews","image":{"@type":"ImageObject","inLanguage":"de","@id":"https:\/\/now-news.de\/de\/#\/schema\/person\/image\/","url":"https:\/\/secure.gravatar.com\/avatar\/82aafea7d8127119dd649515f56e2117?s=96&d=mm&r=g","contentUrl":"https:\/\/secure.gravatar.com\/avatar\/82aafea7d8127119dd649515f56e2117?s=96&d=mm&r=g","caption":"rtnews"},"url":"https:\/\/now-news.de\/de\/author\/rnews\/"}]}},"_links":{"self":[{"href":"https:\/\/now-news.de\/de\/wp-json\/wp\/v2\/posts\/84774"}],"collection":[{"href":"https:\/\/now-news.de\/de\/wp-json\/wp\/v2\/posts"}],"about":[{"href":"https:\/\/now-news.de\/de\/wp-json\/wp\/v2\/types\/post"}],"author":[{"embeddable":true,"href":"https:\/\/now-news.de\/de\/wp-json\/wp\/v2\/users\/3"}],"replies":[{"embeddable":true,"href":"https:\/\/now-news.de\/de\/wp-json\/wp\/v2\/comments?post=84774"}],"version-history":[{"count":0,"href":"https:\/\/now-news.de\/de\/wp-json\/wp\/v2\/posts\/84774\/revisions"}],"wp:featuredmedia":[{"embeddable":true,"href":"https:\/\/now-news.de\/de\/wp-json\/wp\/v2\/media\/84775"}],"wp:attachment":[{"href":"https:\/\/now-news.de\/de\/wp-json\/wp\/v2\/media?parent=84774"}],"wp:term":[{"taxonomy":"category","embeddable":true,"href":"https:\/\/now-news.de\/de\/wp-json\/wp\/v2\/categories?post=84774"},{"taxonomy":"post_tag","embeddable":true,"href":"https:\/\/now-news.de\/de\/wp-json\/wp\/v2\/tags?post=84774"}],"curies":[{"name":"wp","href":"https:\/\/api.w.org\/{rel}","templated":true}]}}