{"id":84772,"date":"2025-05-31T12:22:46","date_gmt":"2025-05-31T10:22:46","guid":{"rendered":"https:\/\/now-news.de\/de\/deutschland\/marschflugkoerper-merz-mitten-im-innenpolitischen-selbstmord\/"},"modified":"2025-05-31T12:22:46","modified_gmt":"2025-05-31T10:22:46","slug":"marschflugkoerper-merz-mitten-im-innenpolitischen-selbstmord","status":"publish","type":"post","link":"https:\/\/now-news.de\/de\/deutschland\/marschflugkoerper-merz-mitten-im-innenpolitischen-selbstmord\/","title":{"rendered":"Marschflugk\u00f6rper-Merz \u2013 mitten im innenpolitischen Selbstmord?"},"content":{"rendered":"<p><img decoding=\"async\" src=\"https:\/\/now-news.de\/de\/wp-content\/uploads\/sites\/3\/2025\/05\/683ad900b480cc266a470aeb.png\" \/><\/p>\n<div class=\"Text-root Text-type_1 \">\n                Die mit Ach und Krach doch noch gebildete Regierungskoalition aus CDU\/CSU und SPD legt in vielerlei Hinsicht ohnehin nicht allzu gro\u00dfe Einigkeit an den Tag. Doch in der Frage m\u00f6glicher Lieferungen der Taurus-Marschflugk\u00f6rper an Kiew zeigt sich dies besonders offen \u2013 und k\u00f6nnte Merz die Kanzlerschaft kosten.\n            <\/div>\n<p><\/p>\n<div class=\"Text-root Text-type_5 ArticleView-text ViewText-root \">\n<p><em>Von Geworg Mirsajan<\/em><\/p>\n<p>Deutschland war schon immer f\u00fcr seine Gr\u00fcndlichkeit, den Hang, alles zu durchdenken, Konsequenz und seinen Pragmatismus bekannt. Zumindest ist dies das Bild, das in der russischen Kultur gepr\u00e4gt wurde. Das (gr\u00f6\u00dftenteils positive) Bild deutscher Pedanten eben \u2013 ganz anders als die Vorurteile \u00fcber franz\u00f6sische Poser oder italienische Schreih\u00e4lse.<\/p>\n<p>Doch das heutige Berlin ist im Begriff, dieses Bild zu zerst\u00f6ren.<\/p>\n<p>Erst <a rel=\"nofollow noopener\" target=\"_blank\" href=\"https:\/\/freedert.online\/meinung\/246013-merz-schamlose-luegner-taurus-freigabe\/\">hebt<\/a> Bundeskanzler Friedrich Merz die Beschr\u00e4nkungen der Reichweite der von Deutschland nach Kiew gelieferten Raketen auf (die zuvor eingef\u00fchrt worden waren, um die Beziehungen zu Moskau nicht an den Rand eines Krieges zu bringen):<\/p>\n<p><em>&#8220;Das hei\u00dft also, die Ukraine kann sich jetzt auch verteidigen \u2013 auch verteidigen, indem sie zum Beispiel milit\u00e4rische Stellungen in Russland angreift. Das konnte sie bis vor einiger Zeit nicht, <\/em><em>das hat sie bis vor einiger Zeit bis auf ganz wenige Ausnahmen nicht getan. Das kann sie jetzt. Wir nennen das im Jargon Long-Range-Fire. Also auch mit Waffen die Ukraine auszustatten, die milit\u00e4rische Ziele im Hinterland angreifen.&#8221;<\/em><\/p>\n<div class=\"EmbedBlock-root EmbedBlock-externalVideo EmbedBlock-rumble\">\n<div class=\"VkEmbed\"><iframe class=\"lazyload\" data-src=\"https:\/\/rumble.com\/embed\/v6rp9wh\" frameborder=\"0\" width=\"853\" height=\"480\" allowfullscreen><\/iframe><\/div>\n<\/div>\n<p>Doch dann meldet sich der deutsche Vizekanzler Lars Klingbeil zu Wort, dementiert die Position seines Chefs und <a rel=\"nofollow noopener\" target=\"_blank\" href=\"https:\/\/freedert.online\/kurzclips\/video\/246170-vizekanzler-klingbeil-widerspricht-merz-bei\/\">versichert stattdessen<\/a>:<\/p>\n<p><em>&#8220;Es gibt keinen neuen Stand. <\/em><\/p>\n<p><em>Was die Reichweite angeht, will ich Ihnen auch sagen, es gibt keine neue Verabredung, die \u00fcber das hinausgeht, was die bisherige Regierung gemacht hat.&#8221;<\/em><\/p>\n<div class=\"EmbedBlock-root EmbedBlock-externalVideo EmbedBlock-rumble\">\n<div class=\"VkEmbed\"><iframe class=\"lazyload\" data-src=\"https:\/\/rumble.com\/embed\/v6rrkht\" frameborder=\"0\" width=\"853\" height=\"480\" allowfullscreen><\/iframe><\/div>\n<\/div>\n<p>Rein theoretisch <a rel=\"nofollow noopener\" target=\"_blank\" href=\"https:\/\/freedert.online\/inland\/246115-einschuechterungen-eu-und-bundesregierung-testen-die-wehrbereitschaft-der-buerger\/\">k\u00f6nnte man jetzt nat\u00fcrlich vermuten<\/a>, dass Kanzler und Vizekanzler beschlossen haben, die \u00f6ffentliche Meinung zu einem so sensiblen Thema vorab auszuloten: Dass Merz also zun\u00e4chst diese Idee einwarf, woraufhin speziell geschulte Experten die Reaktionen analysierten \u2013 sowohl aus Russland (das Angriffe mit Langstreckenwaffen als Beteiligung von L\u00e4ndern betrachtet, die Raketen liefern und warten, an einem Krieg gegen sich selbst) als auch aus der deutschen \u00d6ffentlichkeit, die keinen direkten Krieg mit Moskau will. Und dass in der Phase zwei Klingbeil vorsprach und alle beruhigte. Anschlie\u00dfend werden andere Leute in der Form speziell geschulter Experten die Reaktionen analysieren und dem Kanzler einen Bericht dar\u00fcber vorlegen, ob eine <em>tats\u00e4chliche<\/em> Aufhebung der Reichweitenbeschr\u00e4nkung f\u00fcr Raketen zeitgem\u00e4\u00df sei oder nicht.<\/p>\n<p>Gute und sch\u00f6ne Hergangs-Version, keine Frage \u2013 doch ist auch sie nicht ohne M\u00e4ngel. F\u00fcr solche Spielchen braucht man beispielsweise nicht gleich schweres Kaliber aufzufahren wie den Kanzler: Irgendein stellvertretender Minister, dessen Ruf man sorgenfrei opfern kann, h\u00e4tte es auch getan; Merz aber schadet mit derlei demonstrativen Einw\u00fcrfen nur seinen eigenen Umfragewerten. Au\u00dferdem ben\u00f6tigt man Zeit, um die Reaktion der \u00d6ffentlichkeit abzulesen \u2013 mindestens einen Tag, vielleicht auch zwei; hier jedoch ist zwischen dem Einwurf und dem Dementi nicht einmal ein halber Tag vergangen.<\/p>\n<p>Und schlie\u00dflich: Warum sollte man noch und n\u00f6cher die deutsche \u00f6ffentliche Meinung untersuchen, wenn doch bereits <a rel=\"nofollow noopener\" target=\"_blank\" href=\"https:\/\/freedert.online\/inland\/163940-umfrage-mehrheit-sieht-deutschland-als-kriegspartei-im-ukraine-konflikt\/\">reichlich<\/a> Umfrageergebnisse vorliegen, denen zufolge die Unterst\u00fctzung f\u00fcr das Kiewer Regime (und gleichzeitig die Schwere des Opfers auf diesem Altar, zu dem die Deutschen bereit sind) stetig sinkt? So sank von Februar bis Dezember 2024 der Anteil der Bef\u00fcrworter der Idee, die Ukraine im Krieg mit Russland bis zum Ende zu unterst\u00fctzen, von 40 auf 28 Prozent. Zwar sind 54 Prozent der Deutschen der Meinung, <em>der Westen<\/em> unterst\u00fctze die Ukraine nicht ausreichend \u2013 doch nur 21 Prozent der Befragten meinen, dass\u00a0Deutschland\u00a0der Ukraine mehr Unterst\u00fctzung gew\u00e4hren sollte. Kurzum: 79 Prozent der Befragten lehnen es ab, Kiew zu erlauben, mit deutschen Waffen tief in Russland zuzuschlagen.\u00a0<\/p>\n<p>Daher erscheinen zwei andere Erkl\u00e4rungen viel wahrscheinlicher. Und es ist auch m\u00f6glich, dass beide zutreffen.<\/p>\n<p>Die erste ist, dass das Hin und Her von Merz und seinen Mitstreitern ein Beweis f\u00fcr die <a rel=\"nofollow noopener\" target=\"_blank\" href=\"https:\/\/freedert.online\/meinung\/244108-europaeische-traumtaenze-wie-geht-kriegstuechtigkeit\/\">v\u00f6llige Verwirrung<\/a> der westlichen Eliten im Nachgang zu den Verhandlungen zwischen Wladimir Putin und Donald Trump ist. Verhandlungen, in denen der US-Pr\u00e4sident die westliche Koalition <a rel=\"nofollow noopener\" target=\"_blank\" href=\"https:\/\/freedert.online\/international\/245511-putin-beendet-scharade-trump-telefonat-bremst-diplomatische-offensive-des-westens\/\">faktisch im Stich gelassen hat<\/a>: Er weigerte sich, Moskau ein Ultimatum zu stellen oder antirussische Sanktionen zu verh\u00e4ngen.<\/p>\n<p>Dar\u00fcber hinaus habe sich Washington laut einigen westlichen Medien aus der Abstimmung der antirussischen Sanktionspolitik mit der EU zur\u00fcckgezogen und stehe kurz davor, dem Kiewer Regime auch die Finanzierung zu verweigern.<\/p>\n<p>Daher ist Europa bei seinen Initiativen zur Ukraine jetzt auf sich allein gestellt. Es versucht, reges Handeln vorzut\u00e4uschen und gleichzeitig den Einsatz so weit wie m\u00f6glich zu erh\u00f6hen, um seine eigene Bedeutung zu demonstrieren. Dazu geh\u00f6rt auch das \u00f6ffentliche \u00dcberschreiten der von Wladimir Putin gesetzten roten Linien, in der Hoffnung, dass Washington aus Angst vor &#8220;unkontrollierten europ\u00e4ischen Verr\u00fcckten&#8221; zur Koalition zur\u00fcckkehrt \u2013 oder gar Wladimir Putin darauf anhaut, der Europ\u00e4ischen Union doch noch einen Platz am Verhandlungstisch zu gew\u00e4hren. Na ja, einfach damit sie keinen Aufstand macht und Unfug treibt.<\/p>\n<div class=\"EmbedBlock-root EmbedBlock-externalVideo EmbedBlock-rumble\">\n<div class=\"VkEmbed\"><iframe class=\"lazyload\" data-src=\"https:\/\/rumble.com\/embed\/v6rsglb\" frameborder=\"0\" width=\"853\" height=\"480\" allowfullscreen><\/iframe><\/div>\n<\/div>\n<p>Die zweite Erkl\u00e4rung\u00a0liefert uns das Durcheinander, das wir innerhalb der deutschen Regierungskoalition beobachten. Viele haben bereits gesagt, dass der Versuch, den Elefanten mit dem Wal zu kreuzen, also rechte Christdemokraten und linke Sozialisten in einer Regierung zu vereinen, unter den gegenw\u00e4rtigen Bedingungen ein Fehler w\u00e4re \u2013 zumal in einem radikalisierten europ\u00e4ischen politischen Umfeld, in dem die Rechte in ihrer Agenda eher nochmals nach rechts und die Linke eher nochmals nach links tendiert. Dies w\u00fcrde zu einer allgemeinen L\u00e4hmung der Macht f\u00fchren, da Christdemokraten und Sozialdemokraten nicht in der Lage w\u00e4ren, einen gemeinsamen politischen Ansatz f\u00fcr eine ganze Reihe von Themen zu entwickeln \u2013 Steuern, Migration, Ukraine.<\/p>\n<p>Und wer sagt\u2019s denn: Tats\u00e4chlich ist genau das passiert. Nachdem der Bundeskanzler seine pers\u00f6nliche Position ge\u00e4u\u00dfert hatte (die er und seine CDU bereits vor der Wahl vertreten hatten), \u00e4u\u00dferte Vizekanzler Lars Klingbeil, der auch als Co-Vorsitzender der SPD fungiert, eine andere. Die Tatsache aber, dass beide widerspr\u00fcchlichen Aussagen \u00f6ffentlich gemacht wurden, zeigt, dass auch Verhandlungen hinter den Kulissen nicht zu Ergebnissen f\u00fchren. Und wenn es gen\u00fcgend solcher \u00f6ffentlichen Dementis und Meinungsverschiedenheiten gibt, dann drohen vorgezogene Parlamentswahlen. Und wenn unter Merz der Kanzlersessel schlie\u00dflich zusammenbricht, wird dies f\u00fcr Moskau das beste Ergebnis sein: Friedrich Merz ist derzeit Russlands Gegner, der sich weigert, die neuen Realit\u00e4ten des Ukraine-Konflikts zu akzeptieren und sich ihnen anzupassen. Sollten also die Fantasien und W\u00fcnsche des Kanzlers seine politische Karriere begraben, dann wird dies vielleicht ein abschreckendes Beispiel f\u00fcr andere europ\u00e4ische Politiker sein \u2013 f\u00fcr Politiker, die ihre L\u00e4nder sorgf\u00e4ltig, umsichtig, konsequent und pragmatisch regieren wollen.<\/p>\n<p><em>\u00dcbersetzt aus dem <a rel=\"nofollow noopener\" target=\"_blank\" href=\"https:\/\/russian.rt.com\/opinion\/1484168-mirzayan-germaniya-kancler-ukraina-rakety\">Russischen<\/a>.<\/em><\/p>\n<p><em><strong>Geworg Mirsajan<\/strong>\u00a0ist au\u00dferordentlicher Professor an der Finanzuniversit\u00e4t der Regierung der Russischen F\u00f6deration, Politikwissenschaftler und eine Pers\u00f6nlichkeit des \u00f6ffentlichen Lebens. Geboren wurde er 1984 in Taschkent. Er erwarb seinen Abschluss an der Staatlichen Universit\u00e4t Kuban und promovierte in Politikwissenschaft mit dem Schwerpunkt USA. Er war von 2005 bis 2016 Forscher am Institut f\u00fcr die Vereinigten Staaten und Kanada an der Russischen Akademie der Wissenschaften.<\/em><\/p>\n<p><strong>Mehr zum Thema<\/strong>\u00a0\u2013 <a rel=\"nofollow noopener\" target=\"_blank\" href=\"https:\/\/freedert.online\/inland\/246229-simonjan-mit-insiderinformation-russland-wird-berlin-angreifen\/\">Simonjan mit Insiderinformation: &#8220;Russland wird keine andere Wahl haben, als Berlin anzugreifen&#8221;<\/a><\/p>\n<div class=\"EmbedBlock-root EmbedBlock-externalVideo EmbedBlock-rumble\">\n<div class=\"VkEmbed\"><iframe class=\"lazyload\" data-src=\"https:\/\/rumble.com\/embed\/v6ru0zv\" frameborder=\"0\" width=\"853\" height=\"480\" allowfullscreen><\/iframe><\/div>\n<\/div>\n<\/div>\n<p><br \/>\n<br \/><a href=\"https:\/\/de.rt.com\/meinung\/246242-marschflugkoerper-merz-mitten-im-innenpolitischen-selbstmord\/\">Source link <\/a><\/p>\n","protected":false},"excerpt":{"rendered":"<p>Die mit Ach und Krach doch noch gebildete Regierungskoalition aus CDU\/CSU und SPD legt in vielerlei Hinsicht ohnehin nicht allzu gro\u00dfe Einigkeit an den Tag. Doch in der Frage m\u00f6glicher Lieferungen der Taurus-Marschflugk\u00f6rper an Kiew zeigt sich dies besonders offen \u2013 und k\u00f6nnte Merz die Kanzlerschaft kosten. Von Geworg Mirsajan Deutschland war schon immer f\u00fcr [&hellip;]<\/p>\n","protected":false},"author":3,"featured_media":84773,"comment_status":"open","ping_status":"open","sticky":false,"template":"","format":"standard","meta":{"_yoast_indexnow_last_ping":["1748687318"],"wp_automatic_camp":["217"],"593d7614b2a89a38343ffbfde2f3c114":["Marschflugk\u00f6rper-Merz \u2013 mitten im innenpolitischen Selbstmord?"],"original_link":["https:\/\/de.rt.com\/meinung\/246242-marschflugkoerper-merz-mitten-im-innenpolitischen-selbstmord\/"],"_thumbnail_id":["84773"],"jnews_social_counter_last_update":["1777181887"],"_wptgpro_p2tg_sent2tg":["a:1:{i:23737;s:19:\"2025-05-31 12:29:43\";}"]},"categories":[19,23],"tags":[52769,65382,5387,8169],"yoast_head":"<!-- This site is optimized with the Yoast SEO Premium plugin v22.7 (Yoast SEO v22.7) - https:\/\/yoast.com\/wordpress\/plugins\/seo\/ -->\n<title>Marschflugk\u00f6rper-Merz \u2013 mitten im innenpolitischen Selbstmord? - just-now.NEWS Deutschland<\/title>\n<meta name=\"robots\" content=\"index, follow, max-snippet:-1, max-image-preview:large, max-video-preview:-1\" \/>\n<link rel=\"canonical\" href=\"https:\/\/now-news.de\/de\/deutschland\/marschflugkoerper-merz-mitten-im-innenpolitischen-selbstmord\/\" \/>\n<meta property=\"og:locale\" content=\"de_DE\" \/>\n<meta property=\"og:type\" content=\"article\" \/>\n<meta property=\"og:title\" content=\"Marschflugk\u00f6rper-Merz \u2013 mitten im innenpolitischen Selbstmord?\" \/>\n<meta property=\"og:description\" content=\"Die mit Ach und Krach doch noch gebildete Regierungskoalition aus CDU\/CSU und SPD legt in vielerlei Hinsicht ohnehin nicht allzu gro\u00dfe Einigkeit an den Tag. Doch in der Frage m\u00f6glicher Lieferungen der Taurus-Marschflugk\u00f6rper an Kiew zeigt sich dies besonders offen \u2013 und k\u00f6nnte Merz die Kanzlerschaft kosten. Von Geworg Mirsajan Deutschland war schon immer f\u00fcr [&hellip;]\" \/>\n<meta property=\"og:url\" content=\"https:\/\/now-news.de\/de\/deutschland\/marschflugkoerper-merz-mitten-im-innenpolitischen-selbstmord\/\" \/>\n<meta property=\"og:site_name\" content=\"just-now.NEWS Deutschland\" \/>\n<meta property=\"article:publisher\" content=\"https:\/\/www.facebook.com\/wirmachenauf\" \/>\n<meta property=\"article:published_time\" content=\"2025-05-31T10:22:46+00:00\" \/>\n<meta property=\"og:image\" content=\"https:\/\/now-news.de\/de\/wp-content\/uploads\/sites\/3\/2025\/05\/683ad900b480cc266a470aeb.png\" \/>\n<meta name=\"author\" content=\"rtnews\" \/>\n<meta name=\"twitter:card\" content=\"summary_large_image\" \/>\n<meta name=\"twitter:creator\" content=\"@WirMachenAuf_de\" \/>\n<meta name=\"twitter:site\" content=\"@WirMachenAuf_de\" \/>\n<meta name=\"twitter:label1\" content=\"Verfasst von\" \/>\n\t<meta name=\"twitter:data1\" content=\"rtnews\" \/>\n\t<meta name=\"twitter:label2\" content=\"Gesch\u00e4tzte Lesezeit\" \/>\n\t<meta name=\"twitter:data2\" content=\"6\u00a0Minuten\" \/>\n<script type=\"application\/ld+json\" class=\"yoast-schema-graph\">{\"@context\":\"https:\/\/schema.org\",\"@graph\":[{\"@type\":\"Article\",\"@id\":\"https:\/\/now-news.de\/de\/deutschland\/marschflugkoerper-merz-mitten-im-innenpolitischen-selbstmord\/#article\",\"isPartOf\":{\"@id\":\"https:\/\/now-news.de\/de\/deutschland\/marschflugkoerper-merz-mitten-im-innenpolitischen-selbstmord\/\"},\"author\":{\"name\":\"rtnews\",\"@id\":\"https:\/\/now-news.de\/de\/#\/schema\/person\/fb534a4e865501d8b3285208df34a9b5\"},\"headline\":\"Marschflugk\u00f6rper-Merz \u2013 mitten im innenpolitischen Selbstmord?\",\"datePublished\":\"2025-05-31T10:22:46+00:00\",\"dateModified\":\"2025-05-31T10:22:46+00:00\",\"mainEntityOfPage\":{\"@id\":\"https:\/\/now-news.de\/de\/deutschland\/marschflugkoerper-merz-mitten-im-innenpolitischen-selbstmord\/\"},\"wordCount\":1198,\"commentCount\":0,\"publisher\":{\"@id\":\"https:\/\/now-news.de\/de\/#organization\"},\"image\":{\"@id\":\"https:\/\/now-news.de\/de\/deutschland\/marschflugkoerper-merz-mitten-im-innenpolitischen-selbstmord\/#primaryimage\"},\"thumbnailUrl\":\"https:\/\/now-news.de\/de\/wp-content\/uploads\/sites\/3\/2025\/05\/Marschflugkoerper-Merz-\u2013-mitten-im-innenpolitischen-Selbstmord.png\",\"keywords\":[\"innenpolitischen\",\"Marschflugk\u00f6rperMerz\",\"mitten\",\"Selbstmord\"],\"articleSection\":[\"Deutschland\",\"Russland\"],\"inLanguage\":\"de\",\"potentialAction\":[{\"@type\":\"CommentAction\",\"name\":\"Comment\",\"target\":[\"https:\/\/now-news.de\/de\/deutschland\/marschflugkoerper-merz-mitten-im-innenpolitischen-selbstmord\/#respond\"]}]},{\"@type\":\"WebPage\",\"@id\":\"https:\/\/now-news.de\/de\/deutschland\/marschflugkoerper-merz-mitten-im-innenpolitischen-selbstmord\/\",\"url\":\"https:\/\/now-news.de\/de\/deutschland\/marschflugkoerper-merz-mitten-im-innenpolitischen-selbstmord\/\",\"name\":\"Marschflugk\u00f6rper-Merz \u2013 mitten im innenpolitischen Selbstmord? - just-now.NEWS Deutschland\",\"isPartOf\":{\"@id\":\"https:\/\/now-news.de\/de\/#website\"},\"primaryImageOfPage\":{\"@id\":\"https:\/\/now-news.de\/de\/deutschland\/marschflugkoerper-merz-mitten-im-innenpolitischen-selbstmord\/#primaryimage\"},\"image\":{\"@id\":\"https:\/\/now-news.de\/de\/deutschland\/marschflugkoerper-merz-mitten-im-innenpolitischen-selbstmord\/#primaryimage\"},\"thumbnailUrl\":\"https:\/\/now-news.de\/de\/wp-content\/uploads\/sites\/3\/2025\/05\/Marschflugkoerper-Merz-\u2013-mitten-im-innenpolitischen-Selbstmord.png\",\"datePublished\":\"2025-05-31T10:22:46+00:00\",\"dateModified\":\"2025-05-31T10:22:46+00:00\",\"breadcrumb\":{\"@id\":\"https:\/\/now-news.de\/de\/deutschland\/marschflugkoerper-merz-mitten-im-innenpolitischen-selbstmord\/#breadcrumb\"},\"inLanguage\":\"de\",\"potentialAction\":[{\"@type\":\"ReadAction\",\"target\":[\"https:\/\/now-news.de\/de\/deutschland\/marschflugkoerper-merz-mitten-im-innenpolitischen-selbstmord\/\"]}]},{\"@type\":\"ImageObject\",\"inLanguage\":\"de\",\"@id\":\"https:\/\/now-news.de\/de\/deutschland\/marschflugkoerper-merz-mitten-im-innenpolitischen-selbstmord\/#primaryimage\",\"url\":\"https:\/\/now-news.de\/de\/wp-content\/uploads\/sites\/3\/2025\/05\/Marschflugkoerper-Merz-\u2013-mitten-im-innenpolitischen-Selbstmord.png\",\"contentUrl\":\"https:\/\/now-news.de\/de\/wp-content\/uploads\/sites\/3\/2025\/05\/Marschflugkoerper-Merz-\u2013-mitten-im-innenpolitischen-Selbstmord.png\",\"width\":460,\"height\":259,\"caption\":\"Marschflugk\u00f6rper-Merz \u2013 mitten im innenpolitischen Selbstmord?\"},{\"@type\":\"BreadcrumbList\",\"@id\":\"https:\/\/now-news.de\/de\/deutschland\/marschflugkoerper-merz-mitten-im-innenpolitischen-selbstmord\/#breadcrumb\",\"itemListElement\":[{\"@type\":\"ListItem\",\"position\":1,\"name\":\"Home\",\"item\":\"https:\/\/now-news.de\/de\/\"},{\"@type\":\"ListItem\",\"position\":2,\"name\":\"Marschflugk\u00f6rper-Merz \u2013 mitten im innenpolitischen Selbstmord?\"}]},{\"@type\":\"WebSite\",\"@id\":\"https:\/\/now-news.de\/de\/#website\",\"url\":\"https:\/\/now-news.de\/de\/\",\"name\":\"just-now.NEWS Deutschland\",\"description\":\"Das Portal f\u00fcr unzensierte Nachrichten aus der Welt\",\"publisher\":{\"@id\":\"https:\/\/now-news.de\/de\/#organization\"},\"potentialAction\":[{\"@type\":\"SearchAction\",\"target\":{\"@type\":\"EntryPoint\",\"urlTemplate\":\"https:\/\/now-news.de\/de\/?s={search_term_string}\"},\"query-input\":\"required name=search_term_string\"}],\"inLanguage\":\"de\"},{\"@type\":\"Organization\",\"@id\":\"https:\/\/now-news.de\/de\/#organization\",\"name\":\"Just Now News\",\"url\":\"https:\/\/now-news.de\/de\/\",\"logo\":{\"@type\":\"ImageObject\",\"inLanguage\":\"de\",\"@id\":\"https:\/\/now-news.de\/de\/#\/schema\/logo\/image\/\",\"url\":\"http:\/\/just-now.news\/de\/wp-content\/uploads\/sites\/3\/2022\/04\/logo500x500.jpg\",\"contentUrl\":\"http:\/\/just-now.news\/de\/wp-content\/uploads\/sites\/3\/2022\/04\/logo500x500.jpg\",\"width\":500,\"height\":500,\"caption\":\"Just Now News\"},\"image\":{\"@id\":\"https:\/\/now-news.de\/de\/#\/schema\/logo\/image\/\"},\"sameAs\":[\"https:\/\/www.facebook.com\/wirmachenauf\",\"https:\/\/x.com\/WirMachenAuf_de\"]},{\"@type\":\"Person\",\"@id\":\"https:\/\/now-news.de\/de\/#\/schema\/person\/fb534a4e865501d8b3285208df34a9b5\",\"name\":\"rtnews\",\"image\":{\"@type\":\"ImageObject\",\"inLanguage\":\"de\",\"@id\":\"https:\/\/now-news.de\/de\/#\/schema\/person\/image\/\",\"url\":\"https:\/\/secure.gravatar.com\/avatar\/82aafea7d8127119dd649515f56e2117?s=96&d=mm&r=g\",\"contentUrl\":\"https:\/\/secure.gravatar.com\/avatar\/82aafea7d8127119dd649515f56e2117?s=96&d=mm&r=g\",\"caption\":\"rtnews\"},\"url\":\"https:\/\/now-news.de\/de\/author\/rnews\/\"}]}<\/script>\n<!-- \/ Yoast SEO Premium plugin. -->","yoast_head_json":{"title":"Marschflugk\u00f6rper-Merz \u2013 mitten im innenpolitischen Selbstmord? - just-now.NEWS Deutschland","robots":{"index":"index","follow":"follow","max-snippet":"max-snippet:-1","max-image-preview":"max-image-preview:large","max-video-preview":"max-video-preview:-1"},"canonical":"https:\/\/now-news.de\/de\/deutschland\/marschflugkoerper-merz-mitten-im-innenpolitischen-selbstmord\/","og_locale":"de_DE","og_type":"article","og_title":"Marschflugk\u00f6rper-Merz \u2013 mitten im innenpolitischen Selbstmord?","og_description":"Die mit Ach und Krach doch noch gebildete Regierungskoalition aus CDU\/CSU und SPD legt in vielerlei Hinsicht ohnehin nicht allzu gro\u00dfe Einigkeit an den Tag. Doch in der Frage m\u00f6glicher Lieferungen der Taurus-Marschflugk\u00f6rper an Kiew zeigt sich dies besonders offen \u2013 und k\u00f6nnte Merz die Kanzlerschaft kosten. Von Geworg Mirsajan Deutschland war schon immer f\u00fcr [&hellip;]","og_url":"https:\/\/now-news.de\/de\/deutschland\/marschflugkoerper-merz-mitten-im-innenpolitischen-selbstmord\/","og_site_name":"just-now.NEWS Deutschland","article_publisher":"https:\/\/www.facebook.com\/wirmachenauf","article_published_time":"2025-05-31T10:22:46+00:00","og_image":[{"url":"https:\/\/now-news.de\/de\/wp-content\/uploads\/sites\/3\/2025\/05\/683ad900b480cc266a470aeb.png"}],"author":"rtnews","twitter_card":"summary_large_image","twitter_creator":"@WirMachenAuf_de","twitter_site":"@WirMachenAuf_de","twitter_misc":{"Verfasst von":"rtnews","Gesch\u00e4tzte Lesezeit":"6\u00a0Minuten"},"schema":{"@context":"https:\/\/schema.org","@graph":[{"@type":"Article","@id":"https:\/\/now-news.de\/de\/deutschland\/marschflugkoerper-merz-mitten-im-innenpolitischen-selbstmord\/#article","isPartOf":{"@id":"https:\/\/now-news.de\/de\/deutschland\/marschflugkoerper-merz-mitten-im-innenpolitischen-selbstmord\/"},"author":{"name":"rtnews","@id":"https:\/\/now-news.de\/de\/#\/schema\/person\/fb534a4e865501d8b3285208df34a9b5"},"headline":"Marschflugk\u00f6rper-Merz \u2013 mitten im innenpolitischen Selbstmord?","datePublished":"2025-05-31T10:22:46+00:00","dateModified":"2025-05-31T10:22:46+00:00","mainEntityOfPage":{"@id":"https:\/\/now-news.de\/de\/deutschland\/marschflugkoerper-merz-mitten-im-innenpolitischen-selbstmord\/"},"wordCount":1198,"commentCount":0,"publisher":{"@id":"https:\/\/now-news.de\/de\/#organization"},"image":{"@id":"https:\/\/now-news.de\/de\/deutschland\/marschflugkoerper-merz-mitten-im-innenpolitischen-selbstmord\/#primaryimage"},"thumbnailUrl":"https:\/\/now-news.de\/de\/wp-content\/uploads\/sites\/3\/2025\/05\/Marschflugkoerper-Merz-\u2013-mitten-im-innenpolitischen-Selbstmord.png","keywords":["innenpolitischen","Marschflugk\u00f6rperMerz","mitten","Selbstmord"],"articleSection":["Deutschland","Russland"],"inLanguage":"de","potentialAction":[{"@type":"CommentAction","name":"Comment","target":["https:\/\/now-news.de\/de\/deutschland\/marschflugkoerper-merz-mitten-im-innenpolitischen-selbstmord\/#respond"]}]},{"@type":"WebPage","@id":"https:\/\/now-news.de\/de\/deutschland\/marschflugkoerper-merz-mitten-im-innenpolitischen-selbstmord\/","url":"https:\/\/now-news.de\/de\/deutschland\/marschflugkoerper-merz-mitten-im-innenpolitischen-selbstmord\/","name":"Marschflugk\u00f6rper-Merz \u2013 mitten im innenpolitischen Selbstmord? - just-now.NEWS Deutschland","isPartOf":{"@id":"https:\/\/now-news.de\/de\/#website"},"primaryImageOfPage":{"@id":"https:\/\/now-news.de\/de\/deutschland\/marschflugkoerper-merz-mitten-im-innenpolitischen-selbstmord\/#primaryimage"},"image":{"@id":"https:\/\/now-news.de\/de\/deutschland\/marschflugkoerper-merz-mitten-im-innenpolitischen-selbstmord\/#primaryimage"},"thumbnailUrl":"https:\/\/now-news.de\/de\/wp-content\/uploads\/sites\/3\/2025\/05\/Marschflugkoerper-Merz-\u2013-mitten-im-innenpolitischen-Selbstmord.png","datePublished":"2025-05-31T10:22:46+00:00","dateModified":"2025-05-31T10:22:46+00:00","breadcrumb":{"@id":"https:\/\/now-news.de\/de\/deutschland\/marschflugkoerper-merz-mitten-im-innenpolitischen-selbstmord\/#breadcrumb"},"inLanguage":"de","potentialAction":[{"@type":"ReadAction","target":["https:\/\/now-news.de\/de\/deutschland\/marschflugkoerper-merz-mitten-im-innenpolitischen-selbstmord\/"]}]},{"@type":"ImageObject","inLanguage":"de","@id":"https:\/\/now-news.de\/de\/deutschland\/marschflugkoerper-merz-mitten-im-innenpolitischen-selbstmord\/#primaryimage","url":"https:\/\/now-news.de\/de\/wp-content\/uploads\/sites\/3\/2025\/05\/Marschflugkoerper-Merz-\u2013-mitten-im-innenpolitischen-Selbstmord.png","contentUrl":"https:\/\/now-news.de\/de\/wp-content\/uploads\/sites\/3\/2025\/05\/Marschflugkoerper-Merz-\u2013-mitten-im-innenpolitischen-Selbstmord.png","width":460,"height":259,"caption":"Marschflugk\u00f6rper-Merz \u2013 mitten im innenpolitischen Selbstmord?"},{"@type":"BreadcrumbList","@id":"https:\/\/now-news.de\/de\/deutschland\/marschflugkoerper-merz-mitten-im-innenpolitischen-selbstmord\/#breadcrumb","itemListElement":[{"@type":"ListItem","position":1,"name":"Home","item":"https:\/\/now-news.de\/de\/"},{"@type":"ListItem","position":2,"name":"Marschflugk\u00f6rper-Merz \u2013 mitten im innenpolitischen Selbstmord?"}]},{"@type":"WebSite","@id":"https:\/\/now-news.de\/de\/#website","url":"https:\/\/now-news.de\/de\/","name":"just-now.NEWS Deutschland","description":"Das Portal f\u00fcr unzensierte Nachrichten aus der Welt","publisher":{"@id":"https:\/\/now-news.de\/de\/#organization"},"potentialAction":[{"@type":"SearchAction","target":{"@type":"EntryPoint","urlTemplate":"https:\/\/now-news.de\/de\/?s={search_term_string}"},"query-input":"required name=search_term_string"}],"inLanguage":"de"},{"@type":"Organization","@id":"https:\/\/now-news.de\/de\/#organization","name":"Just Now News","url":"https:\/\/now-news.de\/de\/","logo":{"@type":"ImageObject","inLanguage":"de","@id":"https:\/\/now-news.de\/de\/#\/schema\/logo\/image\/","url":"http:\/\/just-now.news\/de\/wp-content\/uploads\/sites\/3\/2022\/04\/logo500x500.jpg","contentUrl":"http:\/\/just-now.news\/de\/wp-content\/uploads\/sites\/3\/2022\/04\/logo500x500.jpg","width":500,"height":500,"caption":"Just Now News"},"image":{"@id":"https:\/\/now-news.de\/de\/#\/schema\/logo\/image\/"},"sameAs":["https:\/\/www.facebook.com\/wirmachenauf","https:\/\/x.com\/WirMachenAuf_de"]},{"@type":"Person","@id":"https:\/\/now-news.de\/de\/#\/schema\/person\/fb534a4e865501d8b3285208df34a9b5","name":"rtnews","image":{"@type":"ImageObject","inLanguage":"de","@id":"https:\/\/now-news.de\/de\/#\/schema\/person\/image\/","url":"https:\/\/secure.gravatar.com\/avatar\/82aafea7d8127119dd649515f56e2117?s=96&d=mm&r=g","contentUrl":"https:\/\/secure.gravatar.com\/avatar\/82aafea7d8127119dd649515f56e2117?s=96&d=mm&r=g","caption":"rtnews"},"url":"https:\/\/now-news.de\/de\/author\/rnews\/"}]}},"_links":{"self":[{"href":"https:\/\/now-news.de\/de\/wp-json\/wp\/v2\/posts\/84772"}],"collection":[{"href":"https:\/\/now-news.de\/de\/wp-json\/wp\/v2\/posts"}],"about":[{"href":"https:\/\/now-news.de\/de\/wp-json\/wp\/v2\/types\/post"}],"author":[{"embeddable":true,"href":"https:\/\/now-news.de\/de\/wp-json\/wp\/v2\/users\/3"}],"replies":[{"embeddable":true,"href":"https:\/\/now-news.de\/de\/wp-json\/wp\/v2\/comments?post=84772"}],"version-history":[{"count":0,"href":"https:\/\/now-news.de\/de\/wp-json\/wp\/v2\/posts\/84772\/revisions"}],"wp:featuredmedia":[{"embeddable":true,"href":"https:\/\/now-news.de\/de\/wp-json\/wp\/v2\/media\/84773"}],"wp:attachment":[{"href":"https:\/\/now-news.de\/de\/wp-json\/wp\/v2\/media?parent=84772"}],"wp:term":[{"taxonomy":"category","embeddable":true,"href":"https:\/\/now-news.de\/de\/wp-json\/wp\/v2\/categories?post=84772"},{"taxonomy":"post_tag","embeddable":true,"href":"https:\/\/now-news.de\/de\/wp-json\/wp\/v2\/tags?post=84772"}],"curies":[{"name":"wp","href":"https:\/\/api.w.org\/{rel}","templated":true}]}}