{"id":84631,"date":"2025-05-28T18:05:10","date_gmt":"2025-05-28T16:05:10","guid":{"rendered":"https:\/\/now-news.de\/de\/deutschland\/eu-hebt-wirtschaftssanktionen-gegen-syrien-auf\/"},"modified":"2025-05-28T18:05:10","modified_gmt":"2025-05-28T16:05:10","slug":"eu-hebt-wirtschaftssanktionen-gegen-syrien-auf","status":"publish","type":"post","link":"https:\/\/now-news.de\/de\/deutschland\/eu-hebt-wirtschaftssanktionen-gegen-syrien-auf\/","title":{"rendered":"EU hebt Wirtschaftssanktionen gegen Syrien auf"},"content":{"rendered":"<p><img decoding=\"async\" src=\"https:\/\/now-news.de\/de\/wp-content\/uploads\/sites\/3\/2025\/05\/68372a3948fbef395d229285.jpg\" \/><\/p>\n<div class=\"Text-root Text-type_1 \">\n                Ein halbes Jahr nach dem Machtwechsel hebt die EU alle Wirtschaftssanktionen gegen Syrien auf. Damit will Br\u00fcssel den Wiederaufbau f\u00f6rdern. Die syrische Zentralbank erh\u00e4lt wieder Zugang zum EU-Finanzmarkt \u2013 ein bedeutender Schritt zur wirtschaftlichen Normalisierung.\n            <\/div>\n<p><\/p>\n<div class=\"Text-root Text-type_5 ArticleView-text ViewText-root \">\n<p>Seit diesem Mittwoch sind s\u00e4mtliche Wirtschaftssanktionen der EU gegen Syrien au\u00dfer Kraft. Die Au\u00dfenminister der EU-Staaten haben diese Entscheidung noch in der vergangenen Woche politisch vereinbart. Wie Br\u00fcssel <a rel=\"nofollow noopener\" target=\"_blank\" href=\"https:\/\/north-africa-middle-east-gulf.ec.europa.eu\/news\/syria-eu-adopts-legal-acts-lift-economic-sanctions-syria-enacting-recent-political-agreement-2025-05-28_en\">mitteilt<\/a>, soll der Schritt einen schnellen Wiederaufbau des Nahostlandes nach dem Sturz von Baschar al-Assad vor etwa einem halben Jahr erm\u00f6glichen.<\/p>\n<p>Dar\u00fcber hinaus hat die EU-Kommission 24 Organisationen, darunter Banken und Erd\u00f6lunternehmen, von der Sanktionsliste gestrichen. Die Ma\u00dfnahme impliziert unter anderem, dass die Zentralbank in Damaskus und andere syrische Banken wieder Zugang zum EU-Finanzmarkt bekommen. Davon profitieren auch Firmen, die in den Bereichen Baumwollproduktion, Telekommunikation und Medien t\u00e4tig sind.<\/p>\n<p>Allerdings bleiben die Sanktionen gegen Personen und Organisationen bestehen, die unter der fr\u00fcheren Regierung Menschenrechtsverletzungen begangen haben sollen. Auch die Ausfuhrbeschr\u00e4nkungen f\u00fcr Waffen und andere relevante G\u00fcter und Technologien gelten vorerst weiter.<\/p>\n<p>Die Aufhebung der Sanktionen vor dem Hintergrund der j\u00fcngsten Gewaltausbr\u00fcche zwischen unterschiedlichen Bev\u00f6lkerungsgruppen im Land erkl\u00e4rt Br\u00fcssel mit mangelnden Alternativen. Zwar gebe es weiterhin Zweifel, ob sich die neue syrische Regierung in die richtige Richtung bewege, doch m\u00fcsse man dem Land die Chance geben, sich zu stabilisieren \u2013 um eine Entwicklung wie in Afghanistan zu vermeiden, so EU-Chefdiplomatin Kaja Kallas.<\/p>\n<p>Die EU hofft, dass nach einer Stabilisierung des Landes Hunderttausende syrische Fl\u00fcchtlinge in der EU eines Tages in ihre Heimat zur\u00fcckkehren k\u00f6nnen.<\/p>\n<p>Im M\u00e4rz hatten sich in der westlichen K\u00fcstenregion Syriens blutige K\u00e4mpfe zwischen Truppen der neuen Regierung und Assad-treuen K\u00e4mpfern ereignet. Zuletzt kam es zu heftigen Gefechten zwischen Angeh\u00f6rigen der drusischen Minderheit und sunnitischen Milizen. Es wurden auch <a rel=\"nofollow noopener\" target=\"_blank\" href=\"https:\/\/freedert.online\/der-nahe-osten\/242575-nach-massaker-in-latakia-neue\/\">Massaker<\/a> an\u00a0Alawiten gemeldet.\u00a0<\/p>\n<p><strong>Mehr zum Thema<\/strong>\u00a0\u2212 <a rel=\"nofollow noopener\" target=\"_blank\" href=\"https:\/\/freedert.online\/amerika\/244938-usa-werfen-kuba-mangelnde-kooperation-bei-terrorbekaempfung-vor\/\">USA werfen Kuba mangelnde Kooperation bei Terrorbek\u00e4mpfung vor \u2013 Havanna kontert<\/a><\/p>\n<\/p>\n<\/div>\n<p><br \/>\n<br \/><a href=\"https:\/\/de.rt.com\/der-nahe-osten\/246236-eu-hebt-wirtschaftssanktionen-gegen-syrien-auf\/\">Source link <\/a><\/p>\n","protected":false},"excerpt":{"rendered":"<p>Ein halbes Jahr nach dem Machtwechsel hebt die EU alle Wirtschaftssanktionen gegen Syrien auf. Damit will Br\u00fcssel den Wiederaufbau f\u00f6rdern. Die syrische Zentralbank erh\u00e4lt wieder Zugang zum EU-Finanzmarkt \u2013 ein bedeutender Schritt zur wirtschaftlichen Normalisierung. Seit diesem Mittwoch sind s\u00e4mtliche Wirtschaftssanktionen der EU gegen Syrien au\u00dfer Kraft. Die Au\u00dfenminister der EU-Staaten haben diese Entscheidung noch [&hellip;]<\/p>\n","protected":false},"author":3,"featured_media":84632,"comment_status":"open","ping_status":"open","sticky":false,"template":"","format":"standard","meta":{"_yoast_indexnow_last_ping":["1748449068"],"wp_automatic_camp":["217"],"4e11f9ff8446bc0ece432b9d9ff124a3":["EU hebt Wirtschaftssanktionen gegen Syrien auf"],"original_link":["https:\/\/de.rt.com\/der-nahe-osten\/246236-eu-hebt-wirtschaftssanktionen-gegen-syrien-auf\/"],"_thumbnail_id":["84632"],"_wptgpro_p2tg_sent2tg":["a:1:{i:23737;s:19:\"2025-05-28 18:18:49\";}"],"jnews_social_counter_last_update":["1777288230"]},"categories":[19,23],"tags":[133,278,21299,783,29186],"yoast_head":"<!-- This site is optimized with the Yoast SEO Premium plugin v22.7 (Yoast SEO v22.7) - https:\/\/yoast.com\/wordpress\/plugins\/seo\/ -->\n<title>EU hebt Wirtschaftssanktionen gegen Syrien auf - just-now.NEWS Deutschland<\/title>\n<meta name=\"robots\" content=\"index, follow, max-snippet:-1, max-image-preview:large, max-video-preview:-1\" \/>\n<link rel=\"canonical\" href=\"https:\/\/now-news.de\/de\/deutschland\/eu-hebt-wirtschaftssanktionen-gegen-syrien-auf\/\" \/>\n<meta property=\"og:locale\" content=\"de_DE\" \/>\n<meta property=\"og:type\" content=\"article\" \/>\n<meta property=\"og:title\" content=\"EU hebt Wirtschaftssanktionen gegen Syrien auf\" \/>\n<meta property=\"og:description\" content=\"Ein halbes Jahr nach dem Machtwechsel hebt die EU alle Wirtschaftssanktionen gegen Syrien auf. Damit will Br\u00fcssel den Wiederaufbau f\u00f6rdern. Die syrische Zentralbank erh\u00e4lt wieder Zugang zum EU-Finanzmarkt \u2013 ein bedeutender Schritt zur wirtschaftlichen Normalisierung. Seit diesem Mittwoch sind s\u00e4mtliche Wirtschaftssanktionen der EU gegen Syrien au\u00dfer Kraft. Die Au\u00dfenminister der EU-Staaten haben diese Entscheidung noch [&hellip;]\" \/>\n<meta property=\"og:url\" content=\"https:\/\/now-news.de\/de\/deutschland\/eu-hebt-wirtschaftssanktionen-gegen-syrien-auf\/\" \/>\n<meta property=\"og:site_name\" content=\"just-now.NEWS Deutschland\" \/>\n<meta property=\"article:publisher\" content=\"https:\/\/www.facebook.com\/wirmachenauf\" \/>\n<meta property=\"article:published_time\" content=\"2025-05-28T16:05:10+00:00\" \/>\n<meta property=\"og:image\" content=\"https:\/\/now-news.de\/de\/wp-content\/uploads\/sites\/3\/2025\/05\/68372a3948fbef395d229285.jpg\" \/>\n<meta name=\"author\" content=\"rtnews\" \/>\n<meta name=\"twitter:card\" content=\"summary_large_image\" \/>\n<meta name=\"twitter:creator\" content=\"@WirMachenAuf_de\" \/>\n<meta name=\"twitter:site\" content=\"@WirMachenAuf_de\" \/>\n<meta name=\"twitter:label1\" content=\"Verfasst von\" \/>\n\t<meta name=\"twitter:data1\" content=\"rtnews\" \/>\n\t<meta name=\"twitter:label2\" content=\"Gesch\u00e4tzte Lesezeit\" \/>\n\t<meta name=\"twitter:data2\" content=\"2\u00a0Minuten\" \/>\n<script type=\"application\/ld+json\" class=\"yoast-schema-graph\">{\"@context\":\"https:\/\/schema.org\",\"@graph\":[{\"@type\":\"Article\",\"@id\":\"https:\/\/now-news.de\/de\/deutschland\/eu-hebt-wirtschaftssanktionen-gegen-syrien-auf\/#article\",\"isPartOf\":{\"@id\":\"https:\/\/now-news.de\/de\/deutschland\/eu-hebt-wirtschaftssanktionen-gegen-syrien-auf\/\"},\"author\":{\"name\":\"rtnews\",\"@id\":\"https:\/\/now-news.de\/de\/#\/schema\/person\/fb534a4e865501d8b3285208df34a9b5\"},\"headline\":\"EU hebt Wirtschaftssanktionen gegen Syrien auf\",\"datePublished\":\"2025-05-28T16:05:10+00:00\",\"dateModified\":\"2025-05-28T16:05:10+00:00\",\"mainEntityOfPage\":{\"@id\":\"https:\/\/now-news.de\/de\/deutschland\/eu-hebt-wirtschaftssanktionen-gegen-syrien-auf\/\"},\"wordCount\":337,\"commentCount\":0,\"publisher\":{\"@id\":\"https:\/\/now-news.de\/de\/#organization\"},\"image\":{\"@id\":\"https:\/\/now-news.de\/de\/deutschland\/eu-hebt-wirtschaftssanktionen-gegen-syrien-auf\/#primaryimage\"},\"thumbnailUrl\":\"https:\/\/now-news.de\/de\/wp-content\/uploads\/sites\/3\/2025\/05\/EU-hebt-Wirtschaftssanktionen-gegen-Syrien-auf.jpg\",\"keywords\":[\"AUF\",\"gegen\",\"hebt\",\"Syrien\",\"Wirtschaftssanktionen\"],\"articleSection\":[\"Deutschland\",\"Russland\"],\"inLanguage\":\"de\",\"potentialAction\":[{\"@type\":\"CommentAction\",\"name\":\"Comment\",\"target\":[\"https:\/\/now-news.de\/de\/deutschland\/eu-hebt-wirtschaftssanktionen-gegen-syrien-auf\/#respond\"]}]},{\"@type\":\"WebPage\",\"@id\":\"https:\/\/now-news.de\/de\/deutschland\/eu-hebt-wirtschaftssanktionen-gegen-syrien-auf\/\",\"url\":\"https:\/\/now-news.de\/de\/deutschland\/eu-hebt-wirtschaftssanktionen-gegen-syrien-auf\/\",\"name\":\"EU hebt Wirtschaftssanktionen gegen Syrien auf - just-now.NEWS Deutschland\",\"isPartOf\":{\"@id\":\"https:\/\/now-news.de\/de\/#website\"},\"primaryImageOfPage\":{\"@id\":\"https:\/\/now-news.de\/de\/deutschland\/eu-hebt-wirtschaftssanktionen-gegen-syrien-auf\/#primaryimage\"},\"image\":{\"@id\":\"https:\/\/now-news.de\/de\/deutschland\/eu-hebt-wirtschaftssanktionen-gegen-syrien-auf\/#primaryimage\"},\"thumbnailUrl\":\"https:\/\/now-news.de\/de\/wp-content\/uploads\/sites\/3\/2025\/05\/EU-hebt-Wirtschaftssanktionen-gegen-Syrien-auf.jpg\",\"datePublished\":\"2025-05-28T16:05:10+00:00\",\"dateModified\":\"2025-05-28T16:05:10+00:00\",\"breadcrumb\":{\"@id\":\"https:\/\/now-news.de\/de\/deutschland\/eu-hebt-wirtschaftssanktionen-gegen-syrien-auf\/#breadcrumb\"},\"inLanguage\":\"de\",\"potentialAction\":[{\"@type\":\"ReadAction\",\"target\":[\"https:\/\/now-news.de\/de\/deutschland\/eu-hebt-wirtschaftssanktionen-gegen-syrien-auf\/\"]}]},{\"@type\":\"ImageObject\",\"inLanguage\":\"de\",\"@id\":\"https:\/\/now-news.de\/de\/deutschland\/eu-hebt-wirtschaftssanktionen-gegen-syrien-auf\/#primaryimage\",\"url\":\"https:\/\/now-news.de\/de\/wp-content\/uploads\/sites\/3\/2025\/05\/EU-hebt-Wirtschaftssanktionen-gegen-Syrien-auf.jpg\",\"contentUrl\":\"https:\/\/now-news.de\/de\/wp-content\/uploads\/sites\/3\/2025\/05\/EU-hebt-Wirtschaftssanktionen-gegen-Syrien-auf.jpg\",\"width\":460,\"height\":259,\"caption\":\"EU hebt Wirtschaftssanktionen gegen Syrien auf\"},{\"@type\":\"BreadcrumbList\",\"@id\":\"https:\/\/now-news.de\/de\/deutschland\/eu-hebt-wirtschaftssanktionen-gegen-syrien-auf\/#breadcrumb\",\"itemListElement\":[{\"@type\":\"ListItem\",\"position\":1,\"name\":\"Home\",\"item\":\"https:\/\/now-news.de\/de\/\"},{\"@type\":\"ListItem\",\"position\":2,\"name\":\"EU hebt Wirtschaftssanktionen gegen Syrien auf\"}]},{\"@type\":\"WebSite\",\"@id\":\"https:\/\/now-news.de\/de\/#website\",\"url\":\"https:\/\/now-news.de\/de\/\",\"name\":\"just-now.NEWS Deutschland\",\"description\":\"Das Portal f\u00fcr unzensierte Nachrichten aus der Welt\",\"publisher\":{\"@id\":\"https:\/\/now-news.de\/de\/#organization\"},\"potentialAction\":[{\"@type\":\"SearchAction\",\"target\":{\"@type\":\"EntryPoint\",\"urlTemplate\":\"https:\/\/now-news.de\/de\/?s={search_term_string}\"},\"query-input\":\"required name=search_term_string\"}],\"inLanguage\":\"de\"},{\"@type\":\"Organization\",\"@id\":\"https:\/\/now-news.de\/de\/#organization\",\"name\":\"Just Now News\",\"url\":\"https:\/\/now-news.de\/de\/\",\"logo\":{\"@type\":\"ImageObject\",\"inLanguage\":\"de\",\"@id\":\"https:\/\/now-news.de\/de\/#\/schema\/logo\/image\/\",\"url\":\"http:\/\/just-now.news\/de\/wp-content\/uploads\/sites\/3\/2022\/04\/logo500x500.jpg\",\"contentUrl\":\"http:\/\/just-now.news\/de\/wp-content\/uploads\/sites\/3\/2022\/04\/logo500x500.jpg\",\"width\":500,\"height\":500,\"caption\":\"Just Now News\"},\"image\":{\"@id\":\"https:\/\/now-news.de\/de\/#\/schema\/logo\/image\/\"},\"sameAs\":[\"https:\/\/www.facebook.com\/wirmachenauf\",\"https:\/\/x.com\/WirMachenAuf_de\"]},{\"@type\":\"Person\",\"@id\":\"https:\/\/now-news.de\/de\/#\/schema\/person\/fb534a4e865501d8b3285208df34a9b5\",\"name\":\"rtnews\",\"image\":{\"@type\":\"ImageObject\",\"inLanguage\":\"de\",\"@id\":\"https:\/\/now-news.de\/de\/#\/schema\/person\/image\/\",\"url\":\"https:\/\/secure.gravatar.com\/avatar\/82aafea7d8127119dd649515f56e2117?s=96&d=mm&r=g\",\"contentUrl\":\"https:\/\/secure.gravatar.com\/avatar\/82aafea7d8127119dd649515f56e2117?s=96&d=mm&r=g\",\"caption\":\"rtnews\"},\"url\":\"https:\/\/now-news.de\/de\/author\/rnews\/\"}]}<\/script>\n<!-- \/ Yoast SEO Premium plugin. -->","yoast_head_json":{"title":"EU hebt Wirtschaftssanktionen gegen Syrien auf - just-now.NEWS Deutschland","robots":{"index":"index","follow":"follow","max-snippet":"max-snippet:-1","max-image-preview":"max-image-preview:large","max-video-preview":"max-video-preview:-1"},"canonical":"https:\/\/now-news.de\/de\/deutschland\/eu-hebt-wirtschaftssanktionen-gegen-syrien-auf\/","og_locale":"de_DE","og_type":"article","og_title":"EU hebt Wirtschaftssanktionen gegen Syrien auf","og_description":"Ein halbes Jahr nach dem Machtwechsel hebt die EU alle Wirtschaftssanktionen gegen Syrien auf. Damit will Br\u00fcssel den Wiederaufbau f\u00f6rdern. Die syrische Zentralbank erh\u00e4lt wieder Zugang zum EU-Finanzmarkt \u2013 ein bedeutender Schritt zur wirtschaftlichen Normalisierung. Seit diesem Mittwoch sind s\u00e4mtliche Wirtschaftssanktionen der EU gegen Syrien au\u00dfer Kraft. Die Au\u00dfenminister der EU-Staaten haben diese Entscheidung noch [&hellip;]","og_url":"https:\/\/now-news.de\/de\/deutschland\/eu-hebt-wirtschaftssanktionen-gegen-syrien-auf\/","og_site_name":"just-now.NEWS Deutschland","article_publisher":"https:\/\/www.facebook.com\/wirmachenauf","article_published_time":"2025-05-28T16:05:10+00:00","og_image":[{"url":"https:\/\/now-news.de\/de\/wp-content\/uploads\/sites\/3\/2025\/05\/68372a3948fbef395d229285.jpg"}],"author":"rtnews","twitter_card":"summary_large_image","twitter_creator":"@WirMachenAuf_de","twitter_site":"@WirMachenAuf_de","twitter_misc":{"Verfasst von":"rtnews","Gesch\u00e4tzte Lesezeit":"2\u00a0Minuten"},"schema":{"@context":"https:\/\/schema.org","@graph":[{"@type":"Article","@id":"https:\/\/now-news.de\/de\/deutschland\/eu-hebt-wirtschaftssanktionen-gegen-syrien-auf\/#article","isPartOf":{"@id":"https:\/\/now-news.de\/de\/deutschland\/eu-hebt-wirtschaftssanktionen-gegen-syrien-auf\/"},"author":{"name":"rtnews","@id":"https:\/\/now-news.de\/de\/#\/schema\/person\/fb534a4e865501d8b3285208df34a9b5"},"headline":"EU hebt Wirtschaftssanktionen gegen Syrien auf","datePublished":"2025-05-28T16:05:10+00:00","dateModified":"2025-05-28T16:05:10+00:00","mainEntityOfPage":{"@id":"https:\/\/now-news.de\/de\/deutschland\/eu-hebt-wirtschaftssanktionen-gegen-syrien-auf\/"},"wordCount":337,"commentCount":0,"publisher":{"@id":"https:\/\/now-news.de\/de\/#organization"},"image":{"@id":"https:\/\/now-news.de\/de\/deutschland\/eu-hebt-wirtschaftssanktionen-gegen-syrien-auf\/#primaryimage"},"thumbnailUrl":"https:\/\/now-news.de\/de\/wp-content\/uploads\/sites\/3\/2025\/05\/EU-hebt-Wirtschaftssanktionen-gegen-Syrien-auf.jpg","keywords":["AUF","gegen","hebt","Syrien","Wirtschaftssanktionen"],"articleSection":["Deutschland","Russland"],"inLanguage":"de","potentialAction":[{"@type":"CommentAction","name":"Comment","target":["https:\/\/now-news.de\/de\/deutschland\/eu-hebt-wirtschaftssanktionen-gegen-syrien-auf\/#respond"]}]},{"@type":"WebPage","@id":"https:\/\/now-news.de\/de\/deutschland\/eu-hebt-wirtschaftssanktionen-gegen-syrien-auf\/","url":"https:\/\/now-news.de\/de\/deutschland\/eu-hebt-wirtschaftssanktionen-gegen-syrien-auf\/","name":"EU hebt Wirtschaftssanktionen gegen Syrien auf - just-now.NEWS Deutschland","isPartOf":{"@id":"https:\/\/now-news.de\/de\/#website"},"primaryImageOfPage":{"@id":"https:\/\/now-news.de\/de\/deutschland\/eu-hebt-wirtschaftssanktionen-gegen-syrien-auf\/#primaryimage"},"image":{"@id":"https:\/\/now-news.de\/de\/deutschland\/eu-hebt-wirtschaftssanktionen-gegen-syrien-auf\/#primaryimage"},"thumbnailUrl":"https:\/\/now-news.de\/de\/wp-content\/uploads\/sites\/3\/2025\/05\/EU-hebt-Wirtschaftssanktionen-gegen-Syrien-auf.jpg","datePublished":"2025-05-28T16:05:10+00:00","dateModified":"2025-05-28T16:05:10+00:00","breadcrumb":{"@id":"https:\/\/now-news.de\/de\/deutschland\/eu-hebt-wirtschaftssanktionen-gegen-syrien-auf\/#breadcrumb"},"inLanguage":"de","potentialAction":[{"@type":"ReadAction","target":["https:\/\/now-news.de\/de\/deutschland\/eu-hebt-wirtschaftssanktionen-gegen-syrien-auf\/"]}]},{"@type":"ImageObject","inLanguage":"de","@id":"https:\/\/now-news.de\/de\/deutschland\/eu-hebt-wirtschaftssanktionen-gegen-syrien-auf\/#primaryimage","url":"https:\/\/now-news.de\/de\/wp-content\/uploads\/sites\/3\/2025\/05\/EU-hebt-Wirtschaftssanktionen-gegen-Syrien-auf.jpg","contentUrl":"https:\/\/now-news.de\/de\/wp-content\/uploads\/sites\/3\/2025\/05\/EU-hebt-Wirtschaftssanktionen-gegen-Syrien-auf.jpg","width":460,"height":259,"caption":"EU hebt Wirtschaftssanktionen gegen Syrien auf"},{"@type":"BreadcrumbList","@id":"https:\/\/now-news.de\/de\/deutschland\/eu-hebt-wirtschaftssanktionen-gegen-syrien-auf\/#breadcrumb","itemListElement":[{"@type":"ListItem","position":1,"name":"Home","item":"https:\/\/now-news.de\/de\/"},{"@type":"ListItem","position":2,"name":"EU hebt Wirtschaftssanktionen gegen Syrien auf"}]},{"@type":"WebSite","@id":"https:\/\/now-news.de\/de\/#website","url":"https:\/\/now-news.de\/de\/","name":"just-now.NEWS Deutschland","description":"Das Portal f\u00fcr unzensierte Nachrichten aus der Welt","publisher":{"@id":"https:\/\/now-news.de\/de\/#organization"},"potentialAction":[{"@type":"SearchAction","target":{"@type":"EntryPoint","urlTemplate":"https:\/\/now-news.de\/de\/?s={search_term_string}"},"query-input":"required name=search_term_string"}],"inLanguage":"de"},{"@type":"Organization","@id":"https:\/\/now-news.de\/de\/#organization","name":"Just Now News","url":"https:\/\/now-news.de\/de\/","logo":{"@type":"ImageObject","inLanguage":"de","@id":"https:\/\/now-news.de\/de\/#\/schema\/logo\/image\/","url":"http:\/\/just-now.news\/de\/wp-content\/uploads\/sites\/3\/2022\/04\/logo500x500.jpg","contentUrl":"http:\/\/just-now.news\/de\/wp-content\/uploads\/sites\/3\/2022\/04\/logo500x500.jpg","width":500,"height":500,"caption":"Just Now News"},"image":{"@id":"https:\/\/now-news.de\/de\/#\/schema\/logo\/image\/"},"sameAs":["https:\/\/www.facebook.com\/wirmachenauf","https:\/\/x.com\/WirMachenAuf_de"]},{"@type":"Person","@id":"https:\/\/now-news.de\/de\/#\/schema\/person\/fb534a4e865501d8b3285208df34a9b5","name":"rtnews","image":{"@type":"ImageObject","inLanguage":"de","@id":"https:\/\/now-news.de\/de\/#\/schema\/person\/image\/","url":"https:\/\/secure.gravatar.com\/avatar\/82aafea7d8127119dd649515f56e2117?s=96&d=mm&r=g","contentUrl":"https:\/\/secure.gravatar.com\/avatar\/82aafea7d8127119dd649515f56e2117?s=96&d=mm&r=g","caption":"rtnews"},"url":"https:\/\/now-news.de\/de\/author\/rnews\/"}]}},"_links":{"self":[{"href":"https:\/\/now-news.de\/de\/wp-json\/wp\/v2\/posts\/84631"}],"collection":[{"href":"https:\/\/now-news.de\/de\/wp-json\/wp\/v2\/posts"}],"about":[{"href":"https:\/\/now-news.de\/de\/wp-json\/wp\/v2\/types\/post"}],"author":[{"embeddable":true,"href":"https:\/\/now-news.de\/de\/wp-json\/wp\/v2\/users\/3"}],"replies":[{"embeddable":true,"href":"https:\/\/now-news.de\/de\/wp-json\/wp\/v2\/comments?post=84631"}],"version-history":[{"count":0,"href":"https:\/\/now-news.de\/de\/wp-json\/wp\/v2\/posts\/84631\/revisions"}],"wp:featuredmedia":[{"embeddable":true,"href":"https:\/\/now-news.de\/de\/wp-json\/wp\/v2\/media\/84632"}],"wp:attachment":[{"href":"https:\/\/now-news.de\/de\/wp-json\/wp\/v2\/media?parent=84631"}],"wp:term":[{"taxonomy":"category","embeddable":true,"href":"https:\/\/now-news.de\/de\/wp-json\/wp\/v2\/categories?post=84631"},{"taxonomy":"post_tag","embeddable":true,"href":"https:\/\/now-news.de\/de\/wp-json\/wp\/v2\/tags?post=84631"}],"curies":[{"name":"wp","href":"https:\/\/api.w.org\/{rel}","templated":true}]}}