{"id":84587,"date":"2025-05-28T08:35:45","date_gmt":"2025-05-28T06:35:45","guid":{"rendered":"https:\/\/now-news.de\/de\/deutschland\/indien-weist-westliche-atompanik-zurueck\/"},"modified":"2025-05-28T08:35:45","modified_gmt":"2025-05-28T06:35:45","slug":"indien-weist-westliche-atompanik-zurueck","status":"publish","type":"post","link":"https:\/\/now-news.de\/de\/deutschland\/indien-weist-westliche-atompanik-zurueck\/","title":{"rendered":"Indien weist westliche Atompanik zur\u00fcck"},"content":{"rendered":"<p><img decoding=\"async\" src=\"https:\/\/now-news.de\/de\/wp-content\/uploads\/sites\/3\/2025\/05\/6835f86848fbef39e305b024.png\" \/><\/p>\n<div class=\"Text-root Text-type_1 \">\n                Indiens Au\u00dfenminister Subrahmanyam Jaishankar kritisiert in europ\u00e4ischen Medien die westliche Darstellung des Konflikts mit Pakistan scharf. Spekulationen \u00fcber eine nukleare Eskalation nennt er &#8220;verbl\u00fcffend&#8221; und warnt vor eurozentrischen Fehleinsch\u00e4tzungen sicherheitspolitischer Realit\u00e4ten.\n            <\/div>\n<p><\/p>\n<div class=\"Text-root Text-type_5 ArticleView-text ViewText-root \">\n<p>Indiens Au\u00dfenminister Subrahmanyam Jaishankar hat westliche Darstellungen eines angeblich nuklearen Eskalationsrisikos zwischen Indien und Pakistan scharf zur\u00fcckgewiesen.<\/p>\n<p>In einem Interview mit der <em data-start=\"502\" data-end=\"535\">Frankfurter Allgemeinen Zeitung<\/em> sprach Jaishankar von &#8220;verbl\u00fcffenden&#8221; Spekulationen:<\/p>\n<blockquote>\n<p><em>&#8220;Zu keinem Zeitpunkt wurde eine nukleare Ebene erreicht.&#8221;<\/em><\/p>\n<\/blockquote>\n<p>Auf seiner Reise durch Deutschland, die Niederlande und D\u00e4nemark kritisierte Indiens Au\u00dfenminister Europas Sicht auf Sicherheitsfragen: Zu eurozentriert\u00a0und zu einseitig sei diese. Europa solle sich um seine eigenen Probleme k\u00fcmmern \u2013 und nicht jeden Konflikt in S\u00fcdasien gleich als nukleare Bedrohung sehen. Solche Sichtweisen k\u00f6nnten Terror verharmlosen.<\/p>\n<blockquote>\n<p><em>&#8220;Es wirkt, als w\u00fcrde jeder Zwischenfall in unserer Region sofort als Nukleargefahr dargestellt&#8221;, sagte Jaishankar. &#8220;Das st\u00f6rt mich\u00a0\u2013 denn so wird Terrorismus verharmlost.&#8221; Und weiter: &#8220;Ehrlich gesagt passiert in Sachen Atomwaffen bei euch in Europa gerade deutlich mehr.&#8221;<\/em><\/p>\n<\/blockquote>\n<p>Hintergrund der \u00c4u\u00dferungen ist ein Gefechtsausbruch zwischen den beiden Atomm\u00e4chten Indien und Pakistan, der nach einem t\u00f6dlichen Terroranschlag in der Unionsregion Jammu und Kaschmir am 22.\u00a0April eskalierte. 26 Menschen, vorwiegend Touristen, kamen ums Leben.<\/p>\n<p>Indien reagierte mit gezielten Luftschl\u00e4gen auf neun mutma\u00dfliche Terrorst\u00fctzpunkte in pakistanischem Gebiet. Laut Jaishankar wurden keine zivilen oder milit\u00e4rischen Einrichtungen Pakistans attackiert.<\/p>\n<p data-start=\"1735\" data-end=\"1963\">Islamabad hingegen warf Neu-Delhi zivile Opfer vor und schlug seinerseits milit\u00e4risch zur\u00fcck. Erst am 10.\u00a0Mai einigten sich die Armeen beider Staaten auf einen Waffenstillstand\u00a0\u2013 durch direkten Kontakt zwischen den Kommandeuren.<\/p>\n<p data-start=\"1965\" data-end=\"2296\">Auf die Frage, ob US-Pr\u00e4sident Donald Trump den Waffenstillstand vermittelt habe, antwortete Jaishankar sarkastisch:<\/p>\n<blockquote>\n<p data-start=\"1965\" data-end=\"2296\"><em>&#8220;Warum sollte ich den USA danken? Am Morgen davor hatten wir Pakistans Luftwaffenst\u00fctzpunkte und Flugabwehrsysteme kampfunf\u00e4hig gemacht. Ich danke der indischen Armee\u00a0\u2013 sie hat den entscheidenden Impuls geliefert.&#8221;<\/em><\/p>\n<\/blockquote>\n<p data-start=\"1965\" data-end=\"2296\">Der Au\u00dfenminister nutzte seine Europa-Reise zudem, um eine breitere sicherheitspolitische Differenz deutlich zu machen. Im Interview mit dem niederl\u00e4ndischen Sender <em>NOS<\/em> erkl\u00e4rte er, Europa befinde sich in einem &#8220;Realit\u00e4tscheck&#8221;. Im Gegensatz zu Asien habe der Westen nie gezwungen zwischen Wohlstand und Sicherheit w\u00e4hlen m\u00fcssen.<\/p>\n<blockquote>\n<p data-start=\"1965\" data-end=\"2296\"><em>&#8220;Wir hatten nie die Bequemlichkeit und Stabilit\u00e4t, die Europa gewohnt war&#8221;, so Jaishankar.<\/em><\/p>\n<\/blockquote>\n<p data-start=\"1965\" data-end=\"2296\">Indiens sicherheitspolitisches Denken sei durch konflikthafte Nachbarschaften mit Pakistan und China gepr\u00e4gt\u00a0\u2013 ein Umstand, den europ\u00e4ische Entscheidungstr\u00e4ger oft untersch\u00e4tzten.<\/p>\n<p data-start=\"1965\" data-end=\"2296\"><strong>Mehr zum Thema<\/strong>\u00a0\u2013\u00a0<a rel=\"nofollow noopener\" target=\"_blank\" href=\"https:\/\/freedert.online\/international\/212472-indien-bittet-russland-um-beschleunigte\/\">Indien bittet Russland um beschleunigte Lieferung von S-400-Luftabwehrsystemen<\/a><\/p>\n<div class=\"EmbedBlock-root EmbedBlock-externalVideo EmbedBlock-rumble\">\n<div class=\"VkEmbed\"><iframe class=\"lazyload\" data-src=\"https:\/\/rumble.com\/embed\/v6quh4j\" frameborder=\"0\" width=\"853\" height=\"480\" allowfullscreen><\/iframe><\/div>\n<\/div>\n<\/div>\n<p><br \/>\n<br \/><a href=\"https:\/\/de.rt.com\/asien\/246161-indien-weist-westliche-atompanik-zurueck\/\">Source link <\/a><\/p>\n","protected":false},"excerpt":{"rendered":"<p>Indiens Au\u00dfenminister Subrahmanyam Jaishankar kritisiert in europ\u00e4ischen Medien die westliche Darstellung des Konflikts mit Pakistan scharf. Spekulationen \u00fcber eine nukleare Eskalation nennt er &#8220;verbl\u00fcffend&#8221; und warnt vor eurozentrischen Fehleinsch\u00e4tzungen sicherheitspolitischer Realit\u00e4ten. Indiens Au\u00dfenminister Subrahmanyam Jaishankar hat westliche Darstellungen eines angeblich nuklearen Eskalationsrisikos zwischen Indien und Pakistan scharf zur\u00fcckgewiesen. In einem Interview mit der Frankfurter Allgemeinen [&hellip;]<\/p>\n","protected":false},"author":3,"featured_media":84588,"comment_status":"open","ping_status":"open","sticky":false,"template":"","format":"standard","meta":{"_yoast_indexnow_last_ping":["1748414938"],"wp_automatic_camp":["217"],"31ab58408d86365b9c819ff984705829":["Indien weist westliche Atompanik zur\u00fcck"],"original_link":["https:\/\/de.rt.com\/asien\/246161-indien-weist-westliche-atompanik-zurueck\/"],"_thumbnail_id":["84588"],"_wptgpro_p2tg_sent2tg":["a:1:{i:23737;s:19:\"2025-05-28 08:50:27\";}"],"jnews_social_counter_last_update":["1777562497"]},"categories":[19,23],"tags":[65310,356,3334,740,3337],"yoast_head":"<!-- This site is optimized with the Yoast SEO Premium plugin v22.7 (Yoast SEO v22.7) - https:\/\/yoast.com\/wordpress\/plugins\/seo\/ -->\n<title>Indien weist westliche Atompanik zur\u00fcck - just-now.NEWS Deutschland<\/title>\n<meta name=\"robots\" content=\"index, follow, max-snippet:-1, max-image-preview:large, max-video-preview:-1\" \/>\n<link rel=\"canonical\" href=\"https:\/\/now-news.de\/de\/deutschland\/indien-weist-westliche-atompanik-zurueck\/\" \/>\n<meta property=\"og:locale\" content=\"de_DE\" \/>\n<meta property=\"og:type\" content=\"article\" \/>\n<meta property=\"og:title\" content=\"Indien weist westliche Atompanik zur\u00fcck\" \/>\n<meta property=\"og:description\" content=\"Indiens Au\u00dfenminister Subrahmanyam Jaishankar kritisiert in europ\u00e4ischen Medien die westliche Darstellung des Konflikts mit Pakistan scharf. Spekulationen \u00fcber eine nukleare Eskalation nennt er &#8220;verbl\u00fcffend&#8221; und warnt vor eurozentrischen Fehleinsch\u00e4tzungen sicherheitspolitischer Realit\u00e4ten. Indiens Au\u00dfenminister Subrahmanyam Jaishankar hat westliche Darstellungen eines angeblich nuklearen Eskalationsrisikos zwischen Indien und Pakistan scharf zur\u00fcckgewiesen. In einem Interview mit der Frankfurter Allgemeinen [&hellip;]\" \/>\n<meta property=\"og:url\" content=\"https:\/\/now-news.de\/de\/deutschland\/indien-weist-westliche-atompanik-zurueck\/\" \/>\n<meta property=\"og:site_name\" content=\"just-now.NEWS Deutschland\" \/>\n<meta property=\"article:publisher\" content=\"https:\/\/www.facebook.com\/wirmachenauf\" \/>\n<meta property=\"article:published_time\" content=\"2025-05-28T06:35:45+00:00\" \/>\n<meta property=\"og:image\" content=\"https:\/\/now-news.de\/de\/wp-content\/uploads\/sites\/3\/2025\/05\/6835f86848fbef39e305b024.png\" \/>\n<meta name=\"author\" content=\"rtnews\" \/>\n<meta name=\"twitter:card\" content=\"summary_large_image\" \/>\n<meta name=\"twitter:creator\" content=\"@WirMachenAuf_de\" \/>\n<meta name=\"twitter:site\" content=\"@WirMachenAuf_de\" \/>\n<meta name=\"twitter:label1\" content=\"Verfasst von\" \/>\n\t<meta name=\"twitter:data1\" content=\"rtnews\" \/>\n\t<meta name=\"twitter:label2\" content=\"Gesch\u00e4tzte Lesezeit\" \/>\n\t<meta name=\"twitter:data2\" content=\"2\u00a0Minuten\" \/>\n<script type=\"application\/ld+json\" class=\"yoast-schema-graph\">{\"@context\":\"https:\/\/schema.org\",\"@graph\":[{\"@type\":\"Article\",\"@id\":\"https:\/\/now-news.de\/de\/deutschland\/indien-weist-westliche-atompanik-zurueck\/#article\",\"isPartOf\":{\"@id\":\"https:\/\/now-news.de\/de\/deutschland\/indien-weist-westliche-atompanik-zurueck\/\"},\"author\":{\"name\":\"rtnews\",\"@id\":\"https:\/\/now-news.de\/de\/#\/schema\/person\/fb534a4e865501d8b3285208df34a9b5\"},\"headline\":\"Indien weist westliche Atompanik zur\u00fcck\",\"datePublished\":\"2025-05-28T06:35:45+00:00\",\"dateModified\":\"2025-05-28T06:35:45+00:00\",\"mainEntityOfPage\":{\"@id\":\"https:\/\/now-news.de\/de\/deutschland\/indien-weist-westliche-atompanik-zurueck\/\"},\"wordCount\":416,\"commentCount\":0,\"publisher\":{\"@id\":\"https:\/\/now-news.de\/de\/#organization\"},\"image\":{\"@id\":\"https:\/\/now-news.de\/de\/deutschland\/indien-weist-westliche-atompanik-zurueck\/#primaryimage\"},\"thumbnailUrl\":\"https:\/\/now-news.de\/de\/wp-content\/uploads\/sites\/3\/2025\/05\/Indien-weist-westliche-Atompanik-zurueck.png\",\"keywords\":[\"Atompanik\",\"Indien\",\"weist\",\"westliche\",\"zur\u00fcck\"],\"articleSection\":[\"Deutschland\",\"Russland\"],\"inLanguage\":\"de\",\"potentialAction\":[{\"@type\":\"CommentAction\",\"name\":\"Comment\",\"target\":[\"https:\/\/now-news.de\/de\/deutschland\/indien-weist-westliche-atompanik-zurueck\/#respond\"]}]},{\"@type\":\"WebPage\",\"@id\":\"https:\/\/now-news.de\/de\/deutschland\/indien-weist-westliche-atompanik-zurueck\/\",\"url\":\"https:\/\/now-news.de\/de\/deutschland\/indien-weist-westliche-atompanik-zurueck\/\",\"name\":\"Indien weist westliche Atompanik zur\u00fcck - just-now.NEWS Deutschland\",\"isPartOf\":{\"@id\":\"https:\/\/now-news.de\/de\/#website\"},\"primaryImageOfPage\":{\"@id\":\"https:\/\/now-news.de\/de\/deutschland\/indien-weist-westliche-atompanik-zurueck\/#primaryimage\"},\"image\":{\"@id\":\"https:\/\/now-news.de\/de\/deutschland\/indien-weist-westliche-atompanik-zurueck\/#primaryimage\"},\"thumbnailUrl\":\"https:\/\/now-news.de\/de\/wp-content\/uploads\/sites\/3\/2025\/05\/Indien-weist-westliche-Atompanik-zurueck.png\",\"datePublished\":\"2025-05-28T06:35:45+00:00\",\"dateModified\":\"2025-05-28T06:35:45+00:00\",\"breadcrumb\":{\"@id\":\"https:\/\/now-news.de\/de\/deutschland\/indien-weist-westliche-atompanik-zurueck\/#breadcrumb\"},\"inLanguage\":\"de\",\"potentialAction\":[{\"@type\":\"ReadAction\",\"target\":[\"https:\/\/now-news.de\/de\/deutschland\/indien-weist-westliche-atompanik-zurueck\/\"]}]},{\"@type\":\"ImageObject\",\"inLanguage\":\"de\",\"@id\":\"https:\/\/now-news.de\/de\/deutschland\/indien-weist-westliche-atompanik-zurueck\/#primaryimage\",\"url\":\"https:\/\/now-news.de\/de\/wp-content\/uploads\/sites\/3\/2025\/05\/Indien-weist-westliche-Atompanik-zurueck.png\",\"contentUrl\":\"https:\/\/now-news.de\/de\/wp-content\/uploads\/sites\/3\/2025\/05\/Indien-weist-westliche-Atompanik-zurueck.png\",\"width\":460,\"height\":259,\"caption\":\"Indien weist westliche Atompanik zur\u00fcck\"},{\"@type\":\"BreadcrumbList\",\"@id\":\"https:\/\/now-news.de\/de\/deutschland\/indien-weist-westliche-atompanik-zurueck\/#breadcrumb\",\"itemListElement\":[{\"@type\":\"ListItem\",\"position\":1,\"name\":\"Home\",\"item\":\"https:\/\/now-news.de\/de\/\"},{\"@type\":\"ListItem\",\"position\":2,\"name\":\"Indien weist westliche Atompanik zur\u00fcck\"}]},{\"@type\":\"WebSite\",\"@id\":\"https:\/\/now-news.de\/de\/#website\",\"url\":\"https:\/\/now-news.de\/de\/\",\"name\":\"just-now.NEWS Deutschland\",\"description\":\"Das Portal f\u00fcr unzensierte Nachrichten aus der Welt\",\"publisher\":{\"@id\":\"https:\/\/now-news.de\/de\/#organization\"},\"potentialAction\":[{\"@type\":\"SearchAction\",\"target\":{\"@type\":\"EntryPoint\",\"urlTemplate\":\"https:\/\/now-news.de\/de\/?s={search_term_string}\"},\"query-input\":\"required name=search_term_string\"}],\"inLanguage\":\"de\"},{\"@type\":\"Organization\",\"@id\":\"https:\/\/now-news.de\/de\/#organization\",\"name\":\"Just Now News\",\"url\":\"https:\/\/now-news.de\/de\/\",\"logo\":{\"@type\":\"ImageObject\",\"inLanguage\":\"de\",\"@id\":\"https:\/\/now-news.de\/de\/#\/schema\/logo\/image\/\",\"url\":\"http:\/\/just-now.news\/de\/wp-content\/uploads\/sites\/3\/2022\/04\/logo500x500.jpg\",\"contentUrl\":\"http:\/\/just-now.news\/de\/wp-content\/uploads\/sites\/3\/2022\/04\/logo500x500.jpg\",\"width\":500,\"height\":500,\"caption\":\"Just Now News\"},\"image\":{\"@id\":\"https:\/\/now-news.de\/de\/#\/schema\/logo\/image\/\"},\"sameAs\":[\"https:\/\/www.facebook.com\/wirmachenauf\",\"https:\/\/x.com\/WirMachenAuf_de\"]},{\"@type\":\"Person\",\"@id\":\"https:\/\/now-news.de\/de\/#\/schema\/person\/fb534a4e865501d8b3285208df34a9b5\",\"name\":\"rtnews\",\"image\":{\"@type\":\"ImageObject\",\"inLanguage\":\"de\",\"@id\":\"https:\/\/now-news.de\/de\/#\/schema\/person\/image\/\",\"url\":\"https:\/\/secure.gravatar.com\/avatar\/82aafea7d8127119dd649515f56e2117?s=96&d=mm&r=g\",\"contentUrl\":\"https:\/\/secure.gravatar.com\/avatar\/82aafea7d8127119dd649515f56e2117?s=96&d=mm&r=g\",\"caption\":\"rtnews\"},\"url\":\"https:\/\/now-news.de\/de\/author\/rnews\/\"}]}<\/script>\n<!-- \/ Yoast SEO Premium plugin. -->","yoast_head_json":{"title":"Indien weist westliche Atompanik zur\u00fcck - just-now.NEWS Deutschland","robots":{"index":"index","follow":"follow","max-snippet":"max-snippet:-1","max-image-preview":"max-image-preview:large","max-video-preview":"max-video-preview:-1"},"canonical":"https:\/\/now-news.de\/de\/deutschland\/indien-weist-westliche-atompanik-zurueck\/","og_locale":"de_DE","og_type":"article","og_title":"Indien weist westliche Atompanik zur\u00fcck","og_description":"Indiens Au\u00dfenminister Subrahmanyam Jaishankar kritisiert in europ\u00e4ischen Medien die westliche Darstellung des Konflikts mit Pakistan scharf. Spekulationen \u00fcber eine nukleare Eskalation nennt er &#8220;verbl\u00fcffend&#8221; und warnt vor eurozentrischen Fehleinsch\u00e4tzungen sicherheitspolitischer Realit\u00e4ten. Indiens Au\u00dfenminister Subrahmanyam Jaishankar hat westliche Darstellungen eines angeblich nuklearen Eskalationsrisikos zwischen Indien und Pakistan scharf zur\u00fcckgewiesen. In einem Interview mit der Frankfurter Allgemeinen [&hellip;]","og_url":"https:\/\/now-news.de\/de\/deutschland\/indien-weist-westliche-atompanik-zurueck\/","og_site_name":"just-now.NEWS Deutschland","article_publisher":"https:\/\/www.facebook.com\/wirmachenauf","article_published_time":"2025-05-28T06:35:45+00:00","og_image":[{"url":"https:\/\/now-news.de\/de\/wp-content\/uploads\/sites\/3\/2025\/05\/6835f86848fbef39e305b024.png"}],"author":"rtnews","twitter_card":"summary_large_image","twitter_creator":"@WirMachenAuf_de","twitter_site":"@WirMachenAuf_de","twitter_misc":{"Verfasst von":"rtnews","Gesch\u00e4tzte Lesezeit":"2\u00a0Minuten"},"schema":{"@context":"https:\/\/schema.org","@graph":[{"@type":"Article","@id":"https:\/\/now-news.de\/de\/deutschland\/indien-weist-westliche-atompanik-zurueck\/#article","isPartOf":{"@id":"https:\/\/now-news.de\/de\/deutschland\/indien-weist-westliche-atompanik-zurueck\/"},"author":{"name":"rtnews","@id":"https:\/\/now-news.de\/de\/#\/schema\/person\/fb534a4e865501d8b3285208df34a9b5"},"headline":"Indien weist westliche Atompanik zur\u00fcck","datePublished":"2025-05-28T06:35:45+00:00","dateModified":"2025-05-28T06:35:45+00:00","mainEntityOfPage":{"@id":"https:\/\/now-news.de\/de\/deutschland\/indien-weist-westliche-atompanik-zurueck\/"},"wordCount":416,"commentCount":0,"publisher":{"@id":"https:\/\/now-news.de\/de\/#organization"},"image":{"@id":"https:\/\/now-news.de\/de\/deutschland\/indien-weist-westliche-atompanik-zurueck\/#primaryimage"},"thumbnailUrl":"https:\/\/now-news.de\/de\/wp-content\/uploads\/sites\/3\/2025\/05\/Indien-weist-westliche-Atompanik-zurueck.png","keywords":["Atompanik","Indien","weist","westliche","zur\u00fcck"],"articleSection":["Deutschland","Russland"],"inLanguage":"de","potentialAction":[{"@type":"CommentAction","name":"Comment","target":["https:\/\/now-news.de\/de\/deutschland\/indien-weist-westliche-atompanik-zurueck\/#respond"]}]},{"@type":"WebPage","@id":"https:\/\/now-news.de\/de\/deutschland\/indien-weist-westliche-atompanik-zurueck\/","url":"https:\/\/now-news.de\/de\/deutschland\/indien-weist-westliche-atompanik-zurueck\/","name":"Indien weist westliche Atompanik zur\u00fcck - just-now.NEWS Deutschland","isPartOf":{"@id":"https:\/\/now-news.de\/de\/#website"},"primaryImageOfPage":{"@id":"https:\/\/now-news.de\/de\/deutschland\/indien-weist-westliche-atompanik-zurueck\/#primaryimage"},"image":{"@id":"https:\/\/now-news.de\/de\/deutschland\/indien-weist-westliche-atompanik-zurueck\/#primaryimage"},"thumbnailUrl":"https:\/\/now-news.de\/de\/wp-content\/uploads\/sites\/3\/2025\/05\/Indien-weist-westliche-Atompanik-zurueck.png","datePublished":"2025-05-28T06:35:45+00:00","dateModified":"2025-05-28T06:35:45+00:00","breadcrumb":{"@id":"https:\/\/now-news.de\/de\/deutschland\/indien-weist-westliche-atompanik-zurueck\/#breadcrumb"},"inLanguage":"de","potentialAction":[{"@type":"ReadAction","target":["https:\/\/now-news.de\/de\/deutschland\/indien-weist-westliche-atompanik-zurueck\/"]}]},{"@type":"ImageObject","inLanguage":"de","@id":"https:\/\/now-news.de\/de\/deutschland\/indien-weist-westliche-atompanik-zurueck\/#primaryimage","url":"https:\/\/now-news.de\/de\/wp-content\/uploads\/sites\/3\/2025\/05\/Indien-weist-westliche-Atompanik-zurueck.png","contentUrl":"https:\/\/now-news.de\/de\/wp-content\/uploads\/sites\/3\/2025\/05\/Indien-weist-westliche-Atompanik-zurueck.png","width":460,"height":259,"caption":"Indien weist westliche Atompanik zur\u00fcck"},{"@type":"BreadcrumbList","@id":"https:\/\/now-news.de\/de\/deutschland\/indien-weist-westliche-atompanik-zurueck\/#breadcrumb","itemListElement":[{"@type":"ListItem","position":1,"name":"Home","item":"https:\/\/now-news.de\/de\/"},{"@type":"ListItem","position":2,"name":"Indien weist westliche Atompanik zur\u00fcck"}]},{"@type":"WebSite","@id":"https:\/\/now-news.de\/de\/#website","url":"https:\/\/now-news.de\/de\/","name":"just-now.NEWS Deutschland","description":"Das Portal f\u00fcr unzensierte Nachrichten aus der Welt","publisher":{"@id":"https:\/\/now-news.de\/de\/#organization"},"potentialAction":[{"@type":"SearchAction","target":{"@type":"EntryPoint","urlTemplate":"https:\/\/now-news.de\/de\/?s={search_term_string}"},"query-input":"required name=search_term_string"}],"inLanguage":"de"},{"@type":"Organization","@id":"https:\/\/now-news.de\/de\/#organization","name":"Just Now News","url":"https:\/\/now-news.de\/de\/","logo":{"@type":"ImageObject","inLanguage":"de","@id":"https:\/\/now-news.de\/de\/#\/schema\/logo\/image\/","url":"http:\/\/just-now.news\/de\/wp-content\/uploads\/sites\/3\/2022\/04\/logo500x500.jpg","contentUrl":"http:\/\/just-now.news\/de\/wp-content\/uploads\/sites\/3\/2022\/04\/logo500x500.jpg","width":500,"height":500,"caption":"Just Now News"},"image":{"@id":"https:\/\/now-news.de\/de\/#\/schema\/logo\/image\/"},"sameAs":["https:\/\/www.facebook.com\/wirmachenauf","https:\/\/x.com\/WirMachenAuf_de"]},{"@type":"Person","@id":"https:\/\/now-news.de\/de\/#\/schema\/person\/fb534a4e865501d8b3285208df34a9b5","name":"rtnews","image":{"@type":"ImageObject","inLanguage":"de","@id":"https:\/\/now-news.de\/de\/#\/schema\/person\/image\/","url":"https:\/\/secure.gravatar.com\/avatar\/82aafea7d8127119dd649515f56e2117?s=96&d=mm&r=g","contentUrl":"https:\/\/secure.gravatar.com\/avatar\/82aafea7d8127119dd649515f56e2117?s=96&d=mm&r=g","caption":"rtnews"},"url":"https:\/\/now-news.de\/de\/author\/rnews\/"}]}},"_links":{"self":[{"href":"https:\/\/now-news.de\/de\/wp-json\/wp\/v2\/posts\/84587"}],"collection":[{"href":"https:\/\/now-news.de\/de\/wp-json\/wp\/v2\/posts"}],"about":[{"href":"https:\/\/now-news.de\/de\/wp-json\/wp\/v2\/types\/post"}],"author":[{"embeddable":true,"href":"https:\/\/now-news.de\/de\/wp-json\/wp\/v2\/users\/3"}],"replies":[{"embeddable":true,"href":"https:\/\/now-news.de\/de\/wp-json\/wp\/v2\/comments?post=84587"}],"version-history":[{"count":0,"href":"https:\/\/now-news.de\/de\/wp-json\/wp\/v2\/posts\/84587\/revisions"}],"wp:featuredmedia":[{"embeddable":true,"href":"https:\/\/now-news.de\/de\/wp-json\/wp\/v2\/media\/84588"}],"wp:attachment":[{"href":"https:\/\/now-news.de\/de\/wp-json\/wp\/v2\/media?parent=84587"}],"wp:term":[{"taxonomy":"category","embeddable":true,"href":"https:\/\/now-news.de\/de\/wp-json\/wp\/v2\/categories?post=84587"},{"taxonomy":"post_tag","embeddable":true,"href":"https:\/\/now-news.de\/de\/wp-json\/wp\/v2\/tags?post=84587"}],"curies":[{"name":"wp","href":"https:\/\/api.w.org\/{rel}","templated":true}]}}