{"id":8452,"date":"2022-05-21T15:54:39","date_gmt":"2022-05-21T13:54:39","guid":{"rendered":"http:\/\/just-now.news\/de\/deutschland\/der-appetit-polens-auf-kaliningrad-oder-machen-sie-sich-ein-tilsiter-kaesebrot\/"},"modified":"2022-05-21T15:54:39","modified_gmt":"2022-05-21T13:54:39","slug":"der-appetit-polens-auf-kaliningrad-oder-machen-sie-sich-ein-tilsiter-kaesebrot","status":"publish","type":"post","link":"https:\/\/now-news.de\/de\/deutschland\/der-appetit-polens-auf-kaliningrad-oder-machen-sie-sich-ein-tilsiter-kaesebrot\/","title":{"rendered":"Der Appetit Polens auf Kaliningrad \u2013 Oder: Machen Sie sich ein Tilsiter K\u00e4sebrot"},"content":{"rendered":"<div class=\"Text-root Text-type_5 ArticleView-text ViewText-root \">\n<p><em>von Igor Malzew<\/em><\/p>\n<p><em>&#8220;Also, das Wintergetreide ist verschwitzt. Die rote Sonne ist aufgegangen&#8230; Der alte Romualdytsch schnupperte an seinem Fu\u00dflappen und ihm wurde ein wenig mulmig.&#8221;<\/em><\/p>\n<p>[Zitat aus: &#8216;Das Goldene Kalb&#8217; von Ilja Arnoldowitsch Ilf und Jewgeni Petrowitsch Katajew]<\/p>\n<p>So <a rel=\"nofollow noopener\" target=\"_blank\" href=\"https:\/\/de.rt.com\/international\/134724-scharfe-reaktion-aus-moskau-auf-polnischen-general\/\">erfuhren wir<\/a>, dass es in Polen einen ehemaligen stellvertretenden Verteidigungsminister gibt, den gr\u00f6\u00dften Russlandhasser des Landes, Romuald Scheremetjew. Und er ist sehr besorgt \u00fcber das Schicksal von Kaliningrad.<\/p>\n<div class=\"ReadMore-root Section-root Section-is1to3-xs_is1to1\" data-widgets=\"ReadMore\" data-has-alias>\n<div class=\"Section-container Section-isRow-isTop-isWrap\">\n<article class=\"Card-root Card-is1to1 \">\n<div class=\"Card-imageWrap\">\n<div class=\"Card-picture\">\n<picture class=\"Picture-root Picture-default\"><!--[if IE 9]><video style=\"display: none;\"><![endif]--><source media=\"(-webkit-min-device-pixel-ratio: 2) and (min-resolution: 120dpi)\" data-srcset=\" \nhttp:\/\/just-now.news\/de\/wp-content\/uploads\/sites\/3\/2022\/05\/623f21b5b480cc143a6db78d.jpg 850w,\n                http:\/\/just-now.news\/de\/wp-content\/uploads\/sites\/3\/2022\/05\/1653141599_43_623f21b5b480cc143a6db78d.jpg 1960w,\n            \" ><source data-srcset=\" \nhttp:\/\/just-now.news\/de\/wp-content\/uploads\/sites\/3\/2022\/05\/623f21b5b480cc143a6db78d.jpg 460w,\n              http:\/\/just-now.news\/de\/wp-content\/uploads\/sites\/3\/2022\/05\/1653141599_43_623f21b5b480cc143a6db78d.jpg 980w,\n            \" ><!--[if IE 9]><\/video><![endif]--><img decoding=\"async\" data- src=\"data:image\/png;base64,iVBORw0KGgoAAAANSUhEUgAAABAAAAAJCAQAAACRI2S5AAAAEElEQVR42mNkIAAYRxWAAQAG9gAKqv6+AwAAAABJRU5ErkJggg==\" class=\"Picture-root Picture-default lazyload\" data-src=\"http:\/\/just-now.news\/de\/wp-content\/uploads\/sites\/3\/2022\/05\/623f21b5b480cc143a6db78d.jpg\" alt=\"Polnischer General meldet Anspr\u00fcche auf Kaliningrad \u2013 Scharfe Reaktion aus Moskau\"><\/source><\/source><\/picture><!-- noscript pattern --><noscript><img decoding=\"async\" src=\"http:\/\/just-now.news\/de\/wp-content\/uploads\/sites\/3\/2022\/05\/1653141599_43_623f21b5b480cc143a6db78d.jpg\" alt=\"Polnischer General meldet Anspr\u00fcche auf Kaliningrad \u2013 Scharfe Reaktion aus Moskau\"><\/noscript>    <\/div><\/div>\n<div class=\"Card-contentWrap\">\n<div class=\"Card-content\">\n<div class=\"Card-title\">\n<div class=\"HeaderNews-root HeaderNews-type_6 \">\n<p>            <a rel=\"nofollow noopener\" target=\"_blank\" href=\"https:\/\/de.rt.com\/international\/134724-scharfe-reaktion-aus-moskau-auf-polnischen-general\/\" class=\"Link-root Link-isFullCard \"><br \/>\n                Polnischer General meldet Anspr\u00fcche auf Kaliningrad \u2013 Scharfe Reaktion aus Moskau<br \/>\n            <\/a><\/p><\/div><\/div><\/div><\/div>\n<\/article>\n<\/div><\/div>\n<p>Beispielsweise fordert er, &#8220;dass Kaliningrad demilitarisiert wird.&#8221; Eigentlich scheint seine Meinung mehrheitlich Irrwahn zu sein, angesichts der Abkommen von Jalta und Potsdam \u2013 zum Beispiel, dass &#8220;die NATO in St. Petersburg einmarschieren wird&#8221; und dass &#8220;der Zerfall Russlands schneller kommen wird, als man erwarten kann.&#8221;<\/p>\n<p>Doch hier\u00a0ist\u00a0Kaliningrad&#8230;<\/p>\n<p>Wie ist Herrn Scheremetjew klarzumachen, dass, selbst wenn man die Vorkriegsgeschichte ausklammert, die UdSSR\u00a0rein nach dem Potsdamer Abkommen von 1945 diesen dritten Teil Ostpreu\u00dfens f\u00fcr immer erhalten hat, und dass er von Anfang an ein besonderer Milit\u00e4rbezirk war?\u00a0Zumal es sich um einen Krieg handelte, der vom Ersten zum Zweiten \u00fcberging und so weiter. Und auch, dass Polen \u2013 eigentlich\u00a0\u2013 die anderen zwei Drittel erhalten hat, obwohl das keiner Liste der siegreichen L\u00e4nder zu entnehmen ist?<\/p>\n<p>Mehr noch: Nur dank der Gnade des Genossen Stalin, wurde die deutsche Stadt Stettin den Polen \u00fcberlassen, derjenige Hafen Berlins, der heute Szczecin hei\u00dft\u00a0\u2013 ein Ort, wo es historisch gesehen \u00fcberhaupt keine Polen gab. Ein Dankesch\u00f6n haben wir \u00fcbrigens nicht erhalten \u2013 nur Wut und Fl\u00fcche der politischen Klasse Polens. Denn denen ist alles nicht genug.<\/p>\n<p>Kaliningrad verblieb der westlichste Vorposten \u2013 und war sogar bewaffnet, als Polen dem Warschauer Pakt angeh\u00f6rte, also dem gemeinsamen Milit\u00e4rblock mit der UdSSR. Warum sollte also Kaliningrad genau dann entwaffnet werden,\u00a0wenn die NATO bereits in der Ukraine mit den\u00a0S\u00e4beln rasselt? Wieso sind gerade jetzt all diese Kaliningrader &#8220;Iskander&#8221;\u00a0ihnen ein Dorn im Auge?<\/p>\n<p>Das ist die gew\u00f6hnliche Weltmacht-Arroganz und -Chuzpe, wie sie der ehemalige Demokrat und Oppositionelle Romuald Nikolajewitsch Scheremetjew an den Tag legt \u2013 eine Rhetorik, die in\u00a0den politischen Kreisen Polens seit einiger Zeit \u00fcblich ist. Sie sp\u00fcren den R\u00fcckhalt der USA hinter ihren Schultern, zum \u00c4rger des deutschen Einflusses. Gerade durch die &#8220;besonderen Beziehungen&#8221; zu Polen versucht man, Deutschland in allen Fragen in die Schranken zu weisen, damit es keine eigene Meinung in Europa hat \u2013 und bei allen &#8220;Projekten&#8221; nur immer wieder den Geldbeutel \u00f6ffnet.<\/p>\n<div class=\"ReadMore-root Section-root Section-is1to3-xs_is1to1\" data-widgets=\"ReadMore\" data-has-alias>\n<div class=\"Section-container Section-isRow-isTop-isWrap\">\n<article class=\"Card-root Card-is1to1 \">\n<div class=\"Card-imageWrap\">\n<div class=\"Card-picture\">\n<picture class=\"Picture-root Picture-default\"><!--[if IE 9]><video style=\"display: none;\"><![endif]--><source media=\"(-webkit-min-device-pixel-ratio: 2) and (min-resolution: 120dpi)\" data-srcset=\" \nhttp:\/\/just-now.news\/de\/wp-content\/uploads\/sites\/3\/2022\/05\/6283844eb480cc322e4124f6.jpg 850w,\n                http:\/\/just-now.news\/de\/wp-content\/uploads\/sites\/3\/2022\/05\/1653141599_585_6283844eb480cc322e4124f6.jpg 1960w,\n            \" ><source data-srcset=\" \nhttp:\/\/just-now.news\/de\/wp-content\/uploads\/sites\/3\/2022\/05\/6283844eb480cc322e4124f6.jpg 460w,\n              http:\/\/just-now.news\/de\/wp-content\/uploads\/sites\/3\/2022\/05\/1653141599_585_6283844eb480cc322e4124f6.jpg 980w,\n            \" ><!--[if IE 9]><\/video><![endif]--><img decoding=\"async\" data- src=\"data:image\/png;base64,iVBORw0KGgoAAAANSUhEUgAAABAAAAAJCAQAAACRI2S5AAAAEElEQVR42mNkIAAYRxWAAQAG9gAKqv6+AwAAAABJRU5ErkJggg==\" class=\"Picture-root Picture-default lazyload\" data-src=\"http:\/\/just-now.news\/de\/wp-content\/uploads\/sites\/3\/2022\/05\/6283844eb480cc322e4124f6.jpg\" alt=\"Steigende Lebenshaltungskosten zwingen Menschen in Polen zur \u00c4nderung ihres Lebensstils\"><\/source><\/source><\/picture><!-- noscript pattern --><noscript><img decoding=\"async\" src=\"http:\/\/just-now.news\/de\/wp-content\/uploads\/sites\/3\/2022\/05\/1653141599_585_6283844eb480cc322e4124f6.jpg\" alt=\"Steigende Lebenshaltungskosten zwingen Menschen in Polen zur \u00c4nderung ihres Lebensstils\"><\/noscript>    <\/div><\/div>\n<div class=\"Card-contentWrap\">\n<div class=\"Card-content\">\n<div class=\"Card-title\">\n<div class=\"HeaderNews-root HeaderNews-type_6 \">\n<p>            <a rel=\"nofollow noopener\" target=\"_blank\" href=\"https:\/\/de.rt.com\/europa\/138664-steigende-lebenshaltungskosten-zwingen-polen-zur\/\" class=\"Link-root Link-isFullCard \"><br \/>\n                Steigende Lebenshaltungskosten zwingen Menschen in Polen zur \u00c4nderung ihres Lebensstils<br \/>\n            <\/a><\/p><\/div><\/div><\/div><\/div>\n<\/article>\n<\/div><\/div>\n<p>Auch bem\u00fcht sich die polnische Elite sorgf\u00e4ltig, die Erinnerung an die Menschen auszul\u00f6schen, die 1945 die polnische Staatlichkeit wiederhergestellt haben. Man nehme also hin:\u00a0Es gab keinen gemeinsamen Kampf gegen den deutschen Faschismus. Weil das alles den heutigen Realit\u00e4ten widerspricht, in denen Polen im Ukraine-Feldzug zur Frontlinie der NATO gegen Russland ernannt wurde.<\/p>\n<p>Romuald Scheremetjew ist heute kein Spitzenpolitiker, geh\u00f6rt mit seinem Background aber zu den Vertretern jener\u00a0hohen\u00a0politischen Elite, die Polen zur gegenw\u00e4rtigen Russophobie gef\u00fchrt hat.<\/p>\n<p>Und wenn man ihm einfach nur zuh\u00f6rt, begreift man, was f\u00fcr Stimmungen dort herrschen. Sehr gef\u00e4hrliche Einstellungen, meine Herren.<\/p>\n<p>Machen Sie sich ein Tilsiter K\u00e4sebrot, Herr Romuald. Nur zur Erinnerung: Tilsit im Kaliningrader Gebiet ist seit langem die Stadt Sowjetsk. Und das wird auch so bleiben.<\/p>\n<p><strong>Mehr zum Thema<\/strong> &#8211; <a rel=\"nofollow noopener\" target=\"_blank\" href=\"https:\/\/de.rt.com\/europa\/138395-faschistische-aussage-reaktionen-auf-morawieckis\/\">&#8220;Faschistische Aussage&#8221; \u2013 Reaktionen auf Morawieckis Forderung zur &#8220;Ausl\u00f6schung der russischen Welt&#8221;<\/a><\/p>\n<\/div>\n<p><br \/>\n<br \/><a href=\"https:\/\/de.rt.com\/meinung\/138951-appetit-polens-auf-kaliningrad\/\">Source link <\/a><\/p>\n","protected":false},"excerpt":{"rendered":"<p>von Igor Malzew &#8220;Also, das Wintergetreide ist verschwitzt. Die rote Sonne ist aufgegangen&#8230; Der alte Romualdytsch schnupperte an seinem Fu\u00dflappen und ihm wurde ein wenig mulmig.&#8221; [Zitat aus: &#8216;Das Goldene Kalb&#8217; von Ilja Arnoldowitsch Ilf und Jewgeni Petrowitsch Katajew] So erfuhren wir, dass es in Polen einen ehemaligen stellvertretenden Verteidigungsminister gibt, den gr\u00f6\u00dften Russlandhasser des [&hellip;]<\/p>\n","protected":false},"author":3,"featured_media":8453,"comment_status":"open","ping_status":"open","sticky":false,"template":"","format":"standard","meta":{"wp_automatic_camp":["217"],"0b56dc29d1e194e519f8b6e34c5c3cbc":["Der Appetit Polens auf Kaliningrad \u2013 Oder: Machen Sie sich ein Tilsiter K\u00e4sebrot"],"original_link":["https:\/\/de.rt.com\/meinung\/138951-appetit-polens-auf-kaliningrad\/"],"_thumbnail_id":["8453"],"_wptg_p2tg_sent2tg":["2022-05-21 16:01:02"],"jnews_social_counter_last_update":["1777324537"]},"categories":[19,23],"tags":[21215,133,82,357,18900,21217,3570,268,14418,434,527,21216],"yoast_head":"<!-- This site is optimized with the Yoast SEO Premium plugin v22.7 (Yoast SEO v22.7) - https:\/\/yoast.com\/wordpress\/plugins\/seo\/ -->\n<title>Der Appetit Polens auf Kaliningrad \u2013 Oder: Machen Sie sich ein Tilsiter K\u00e4sebrot - just-now.NEWS Deutschland<\/title>\n<meta name=\"robots\" content=\"index, follow, max-snippet:-1, max-image-preview:large, max-video-preview:-1\" \/>\n<link rel=\"canonical\" href=\"https:\/\/now-news.de\/de\/deutschland\/der-appetit-polens-auf-kaliningrad-oder-machen-sie-sich-ein-tilsiter-kaesebrot\/\" \/>\n<meta property=\"og:locale\" content=\"de_DE\" \/>\n<meta property=\"og:type\" content=\"article\" \/>\n<meta property=\"og:title\" content=\"Der Appetit Polens auf Kaliningrad \u2013 Oder: Machen Sie sich ein Tilsiter K\u00e4sebrot\" \/>\n<meta property=\"og:description\" content=\"von Igor Malzew &#8220;Also, das Wintergetreide ist verschwitzt. Die rote Sonne ist aufgegangen&#8230; Der alte Romualdytsch schnupperte an seinem Fu\u00dflappen und ihm wurde ein wenig mulmig.&#8221; [Zitat aus: &#8216;Das Goldene Kalb&#8217; von Ilja Arnoldowitsch Ilf und Jewgeni Petrowitsch Katajew] So erfuhren wir, dass es in Polen einen ehemaligen stellvertretenden Verteidigungsminister gibt, den gr\u00f6\u00dften Russlandhasser des [&hellip;]\" \/>\n<meta property=\"og:url\" content=\"https:\/\/now-news.de\/de\/deutschland\/der-appetit-polens-auf-kaliningrad-oder-machen-sie-sich-ein-tilsiter-kaesebrot\/\" \/>\n<meta property=\"og:site_name\" content=\"just-now.NEWS Deutschland\" \/>\n<meta property=\"article:publisher\" content=\"https:\/\/www.facebook.com\/wirmachenauf\" \/>\n<meta property=\"article:published_time\" content=\"2022-05-21T13:54:39+00:00\" \/>\n<meta property=\"og:image\" content=\"https:\/\/now-news.de\/de\/wp-content\/uploads\/sites\/3\/2022\/05\/Der-Appetit-Polens-auf-Kaliningrad-\u2013-Oder-Machen-Sie-sich.jpg\" \/>\n\t<meta property=\"og:image:width\" content=\"460\" \/>\n\t<meta property=\"og:image:height\" content=\"259\" \/>\n\t<meta property=\"og:image:type\" content=\"image\/jpeg\" \/>\n<meta name=\"author\" content=\"rtnews\" \/>\n<meta name=\"twitter:card\" content=\"summary_large_image\" \/>\n<meta name=\"twitter:creator\" content=\"@WirMachenAuf_de\" \/>\n<meta name=\"twitter:site\" content=\"@WirMachenAuf_de\" \/>\n<meta name=\"twitter:label1\" content=\"Verfasst von\" \/>\n\t<meta name=\"twitter:data1\" content=\"rtnews\" \/>\n\t<meta name=\"twitter:label2\" content=\"Gesch\u00e4tzte Lesezeit\" \/>\n\t<meta name=\"twitter:data2\" content=\"3\u00a0Minuten\" \/>\n<script type=\"application\/ld+json\" class=\"yoast-schema-graph\">{\"@context\":\"https:\/\/schema.org\",\"@graph\":[{\"@type\":\"Article\",\"@id\":\"https:\/\/now-news.de\/de\/deutschland\/der-appetit-polens-auf-kaliningrad-oder-machen-sie-sich-ein-tilsiter-kaesebrot\/#article\",\"isPartOf\":{\"@id\":\"https:\/\/now-news.de\/de\/deutschland\/der-appetit-polens-auf-kaliningrad-oder-machen-sie-sich-ein-tilsiter-kaesebrot\/\"},\"author\":{\"name\":\"rtnews\",\"@id\":\"https:\/\/now-news.de\/de\/#\/schema\/person\/fb534a4e865501d8b3285208df34a9b5\"},\"headline\":\"Der Appetit Polens auf Kaliningrad \u2013 Oder: Machen Sie sich ein Tilsiter K\u00e4sebrot\",\"datePublished\":\"2022-05-21T13:54:39+00:00\",\"dateModified\":\"2022-05-21T13:54:39+00:00\",\"mainEntityOfPage\":{\"@id\":\"https:\/\/now-news.de\/de\/deutschland\/der-appetit-polens-auf-kaliningrad-oder-machen-sie-sich-ein-tilsiter-kaesebrot\/\"},\"wordCount\":586,\"commentCount\":0,\"publisher\":{\"@id\":\"https:\/\/now-news.de\/de\/#organization\"},\"image\":{\"@id\":\"https:\/\/now-news.de\/de\/deutschland\/der-appetit-polens-auf-kaliningrad-oder-machen-sie-sich-ein-tilsiter-kaesebrot\/#primaryimage\"},\"thumbnailUrl\":\"https:\/\/now-news.de\/de\/wp-content\/uploads\/sites\/3\/2022\/05\/Der-Appetit-Polens-auf-Kaliningrad-\u2013-Oder-Machen-Sie-sich.jpg\",\"keywords\":[\"Appetit\",\"AUF\",\"der\",\"ein\",\"Kaliningrad\",\"K\u00e4sebrot\",\"machen\",\"oder\",\"Polens\",\"sich\",\"Sie\",\"Tilsiter\"],\"articleSection\":[\"Deutschland\",\"Russland\"],\"inLanguage\":\"de\",\"potentialAction\":[{\"@type\":\"CommentAction\",\"name\":\"Comment\",\"target\":[\"https:\/\/now-news.de\/de\/deutschland\/der-appetit-polens-auf-kaliningrad-oder-machen-sie-sich-ein-tilsiter-kaesebrot\/#respond\"]}]},{\"@type\":\"WebPage\",\"@id\":\"https:\/\/now-news.de\/de\/deutschland\/der-appetit-polens-auf-kaliningrad-oder-machen-sie-sich-ein-tilsiter-kaesebrot\/\",\"url\":\"https:\/\/now-news.de\/de\/deutschland\/der-appetit-polens-auf-kaliningrad-oder-machen-sie-sich-ein-tilsiter-kaesebrot\/\",\"name\":\"Der Appetit Polens auf Kaliningrad \u2013 Oder: Machen Sie sich ein Tilsiter K\u00e4sebrot - just-now.NEWS Deutschland\",\"isPartOf\":{\"@id\":\"https:\/\/now-news.de\/de\/#website\"},\"primaryImageOfPage\":{\"@id\":\"https:\/\/now-news.de\/de\/deutschland\/der-appetit-polens-auf-kaliningrad-oder-machen-sie-sich-ein-tilsiter-kaesebrot\/#primaryimage\"},\"image\":{\"@id\":\"https:\/\/now-news.de\/de\/deutschland\/der-appetit-polens-auf-kaliningrad-oder-machen-sie-sich-ein-tilsiter-kaesebrot\/#primaryimage\"},\"thumbnailUrl\":\"https:\/\/now-news.de\/de\/wp-content\/uploads\/sites\/3\/2022\/05\/Der-Appetit-Polens-auf-Kaliningrad-\u2013-Oder-Machen-Sie-sich.jpg\",\"datePublished\":\"2022-05-21T13:54:39+00:00\",\"dateModified\":\"2022-05-21T13:54:39+00:00\",\"breadcrumb\":{\"@id\":\"https:\/\/now-news.de\/de\/deutschland\/der-appetit-polens-auf-kaliningrad-oder-machen-sie-sich-ein-tilsiter-kaesebrot\/#breadcrumb\"},\"inLanguage\":\"de\",\"potentialAction\":[{\"@type\":\"ReadAction\",\"target\":[\"https:\/\/now-news.de\/de\/deutschland\/der-appetit-polens-auf-kaliningrad-oder-machen-sie-sich-ein-tilsiter-kaesebrot\/\"]}]},{\"@type\":\"ImageObject\",\"inLanguage\":\"de\",\"@id\":\"https:\/\/now-news.de\/de\/deutschland\/der-appetit-polens-auf-kaliningrad-oder-machen-sie-sich-ein-tilsiter-kaesebrot\/#primaryimage\",\"url\":\"https:\/\/now-news.de\/de\/wp-content\/uploads\/sites\/3\/2022\/05\/Der-Appetit-Polens-auf-Kaliningrad-\u2013-Oder-Machen-Sie-sich.jpg\",\"contentUrl\":\"https:\/\/now-news.de\/de\/wp-content\/uploads\/sites\/3\/2022\/05\/Der-Appetit-Polens-auf-Kaliningrad-\u2013-Oder-Machen-Sie-sich.jpg\",\"width\":460,\"height\":259,\"caption\":\"Polnischer General meldet Anspr\u00fcche auf Kaliningrad \u2013 Scharfe Reaktion aus Moskau\"},{\"@type\":\"BreadcrumbList\",\"@id\":\"https:\/\/now-news.de\/de\/deutschland\/der-appetit-polens-auf-kaliningrad-oder-machen-sie-sich-ein-tilsiter-kaesebrot\/#breadcrumb\",\"itemListElement\":[{\"@type\":\"ListItem\",\"position\":1,\"name\":\"Home\",\"item\":\"https:\/\/now-news.de\/de\/\"},{\"@type\":\"ListItem\",\"position\":2,\"name\":\"Der Appetit Polens auf Kaliningrad \u2013 Oder: Machen Sie sich ein Tilsiter K\u00e4sebrot\"}]},{\"@type\":\"WebSite\",\"@id\":\"https:\/\/now-news.de\/de\/#website\",\"url\":\"https:\/\/now-news.de\/de\/\",\"name\":\"just-now.NEWS Deutschland\",\"description\":\"Das Portal f\u00fcr unzensierte Nachrichten aus der Welt\",\"publisher\":{\"@id\":\"https:\/\/now-news.de\/de\/#organization\"},\"potentialAction\":[{\"@type\":\"SearchAction\",\"target\":{\"@type\":\"EntryPoint\",\"urlTemplate\":\"https:\/\/now-news.de\/de\/?s={search_term_string}\"},\"query-input\":\"required name=search_term_string\"}],\"inLanguage\":\"de\"},{\"@type\":\"Organization\",\"@id\":\"https:\/\/now-news.de\/de\/#organization\",\"name\":\"Just Now News\",\"url\":\"https:\/\/now-news.de\/de\/\",\"logo\":{\"@type\":\"ImageObject\",\"inLanguage\":\"de\",\"@id\":\"https:\/\/now-news.de\/de\/#\/schema\/logo\/image\/\",\"url\":\"http:\/\/just-now.news\/de\/wp-content\/uploads\/sites\/3\/2022\/04\/logo500x500.jpg\",\"contentUrl\":\"http:\/\/just-now.news\/de\/wp-content\/uploads\/sites\/3\/2022\/04\/logo500x500.jpg\",\"width\":500,\"height\":500,\"caption\":\"Just Now News\"},\"image\":{\"@id\":\"https:\/\/now-news.de\/de\/#\/schema\/logo\/image\/\"},\"sameAs\":[\"https:\/\/www.facebook.com\/wirmachenauf\",\"https:\/\/x.com\/WirMachenAuf_de\"]},{\"@type\":\"Person\",\"@id\":\"https:\/\/now-news.de\/de\/#\/schema\/person\/fb534a4e865501d8b3285208df34a9b5\",\"name\":\"rtnews\",\"image\":{\"@type\":\"ImageObject\",\"inLanguage\":\"de\",\"@id\":\"https:\/\/now-news.de\/de\/#\/schema\/person\/image\/\",\"url\":\"https:\/\/secure.gravatar.com\/avatar\/82aafea7d8127119dd649515f56e2117?s=96&d=mm&r=g\",\"contentUrl\":\"https:\/\/secure.gravatar.com\/avatar\/82aafea7d8127119dd649515f56e2117?s=96&d=mm&r=g\",\"caption\":\"rtnews\"},\"url\":\"https:\/\/now-news.de\/de\/author\/rnews\/\"}]}<\/script>\n<!-- \/ Yoast SEO Premium plugin. -->","yoast_head_json":{"title":"Der Appetit Polens auf Kaliningrad \u2013 Oder: Machen Sie sich ein Tilsiter K\u00e4sebrot - just-now.NEWS Deutschland","robots":{"index":"index","follow":"follow","max-snippet":"max-snippet:-1","max-image-preview":"max-image-preview:large","max-video-preview":"max-video-preview:-1"},"canonical":"https:\/\/now-news.de\/de\/deutschland\/der-appetit-polens-auf-kaliningrad-oder-machen-sie-sich-ein-tilsiter-kaesebrot\/","og_locale":"de_DE","og_type":"article","og_title":"Der Appetit Polens auf Kaliningrad \u2013 Oder: Machen Sie sich ein Tilsiter K\u00e4sebrot","og_description":"von Igor Malzew &#8220;Also, das Wintergetreide ist verschwitzt. Die rote Sonne ist aufgegangen&#8230; Der alte Romualdytsch schnupperte an seinem Fu\u00dflappen und ihm wurde ein wenig mulmig.&#8221; [Zitat aus: &#8216;Das Goldene Kalb&#8217; von Ilja Arnoldowitsch Ilf und Jewgeni Petrowitsch Katajew] So erfuhren wir, dass es in Polen einen ehemaligen stellvertretenden Verteidigungsminister gibt, den gr\u00f6\u00dften Russlandhasser des [&hellip;]","og_url":"https:\/\/now-news.de\/de\/deutschland\/der-appetit-polens-auf-kaliningrad-oder-machen-sie-sich-ein-tilsiter-kaesebrot\/","og_site_name":"just-now.NEWS Deutschland","article_publisher":"https:\/\/www.facebook.com\/wirmachenauf","article_published_time":"2022-05-21T13:54:39+00:00","og_image":[{"width":460,"height":259,"url":"https:\/\/now-news.de\/de\/wp-content\/uploads\/sites\/3\/2022\/05\/Der-Appetit-Polens-auf-Kaliningrad-\u2013-Oder-Machen-Sie-sich.jpg","type":"image\/jpeg"}],"author":"rtnews","twitter_card":"summary_large_image","twitter_creator":"@WirMachenAuf_de","twitter_site":"@WirMachenAuf_de","twitter_misc":{"Verfasst von":"rtnews","Gesch\u00e4tzte Lesezeit":"3\u00a0Minuten"},"schema":{"@context":"https:\/\/schema.org","@graph":[{"@type":"Article","@id":"https:\/\/now-news.de\/de\/deutschland\/der-appetit-polens-auf-kaliningrad-oder-machen-sie-sich-ein-tilsiter-kaesebrot\/#article","isPartOf":{"@id":"https:\/\/now-news.de\/de\/deutschland\/der-appetit-polens-auf-kaliningrad-oder-machen-sie-sich-ein-tilsiter-kaesebrot\/"},"author":{"name":"rtnews","@id":"https:\/\/now-news.de\/de\/#\/schema\/person\/fb534a4e865501d8b3285208df34a9b5"},"headline":"Der Appetit Polens auf Kaliningrad \u2013 Oder: Machen Sie sich ein Tilsiter K\u00e4sebrot","datePublished":"2022-05-21T13:54:39+00:00","dateModified":"2022-05-21T13:54:39+00:00","mainEntityOfPage":{"@id":"https:\/\/now-news.de\/de\/deutschland\/der-appetit-polens-auf-kaliningrad-oder-machen-sie-sich-ein-tilsiter-kaesebrot\/"},"wordCount":586,"commentCount":0,"publisher":{"@id":"https:\/\/now-news.de\/de\/#organization"},"image":{"@id":"https:\/\/now-news.de\/de\/deutschland\/der-appetit-polens-auf-kaliningrad-oder-machen-sie-sich-ein-tilsiter-kaesebrot\/#primaryimage"},"thumbnailUrl":"https:\/\/now-news.de\/de\/wp-content\/uploads\/sites\/3\/2022\/05\/Der-Appetit-Polens-auf-Kaliningrad-\u2013-Oder-Machen-Sie-sich.jpg","keywords":["Appetit","AUF","der","ein","Kaliningrad","K\u00e4sebrot","machen","oder","Polens","sich","Sie","Tilsiter"],"articleSection":["Deutschland","Russland"],"inLanguage":"de","potentialAction":[{"@type":"CommentAction","name":"Comment","target":["https:\/\/now-news.de\/de\/deutschland\/der-appetit-polens-auf-kaliningrad-oder-machen-sie-sich-ein-tilsiter-kaesebrot\/#respond"]}]},{"@type":"WebPage","@id":"https:\/\/now-news.de\/de\/deutschland\/der-appetit-polens-auf-kaliningrad-oder-machen-sie-sich-ein-tilsiter-kaesebrot\/","url":"https:\/\/now-news.de\/de\/deutschland\/der-appetit-polens-auf-kaliningrad-oder-machen-sie-sich-ein-tilsiter-kaesebrot\/","name":"Der Appetit Polens auf Kaliningrad \u2013 Oder: Machen Sie sich ein Tilsiter K\u00e4sebrot - just-now.NEWS Deutschland","isPartOf":{"@id":"https:\/\/now-news.de\/de\/#website"},"primaryImageOfPage":{"@id":"https:\/\/now-news.de\/de\/deutschland\/der-appetit-polens-auf-kaliningrad-oder-machen-sie-sich-ein-tilsiter-kaesebrot\/#primaryimage"},"image":{"@id":"https:\/\/now-news.de\/de\/deutschland\/der-appetit-polens-auf-kaliningrad-oder-machen-sie-sich-ein-tilsiter-kaesebrot\/#primaryimage"},"thumbnailUrl":"https:\/\/now-news.de\/de\/wp-content\/uploads\/sites\/3\/2022\/05\/Der-Appetit-Polens-auf-Kaliningrad-\u2013-Oder-Machen-Sie-sich.jpg","datePublished":"2022-05-21T13:54:39+00:00","dateModified":"2022-05-21T13:54:39+00:00","breadcrumb":{"@id":"https:\/\/now-news.de\/de\/deutschland\/der-appetit-polens-auf-kaliningrad-oder-machen-sie-sich-ein-tilsiter-kaesebrot\/#breadcrumb"},"inLanguage":"de","potentialAction":[{"@type":"ReadAction","target":["https:\/\/now-news.de\/de\/deutschland\/der-appetit-polens-auf-kaliningrad-oder-machen-sie-sich-ein-tilsiter-kaesebrot\/"]}]},{"@type":"ImageObject","inLanguage":"de","@id":"https:\/\/now-news.de\/de\/deutschland\/der-appetit-polens-auf-kaliningrad-oder-machen-sie-sich-ein-tilsiter-kaesebrot\/#primaryimage","url":"https:\/\/now-news.de\/de\/wp-content\/uploads\/sites\/3\/2022\/05\/Der-Appetit-Polens-auf-Kaliningrad-\u2013-Oder-Machen-Sie-sich.jpg","contentUrl":"https:\/\/now-news.de\/de\/wp-content\/uploads\/sites\/3\/2022\/05\/Der-Appetit-Polens-auf-Kaliningrad-\u2013-Oder-Machen-Sie-sich.jpg","width":460,"height":259,"caption":"Polnischer General meldet Anspr\u00fcche auf Kaliningrad \u2013 Scharfe Reaktion aus Moskau"},{"@type":"BreadcrumbList","@id":"https:\/\/now-news.de\/de\/deutschland\/der-appetit-polens-auf-kaliningrad-oder-machen-sie-sich-ein-tilsiter-kaesebrot\/#breadcrumb","itemListElement":[{"@type":"ListItem","position":1,"name":"Home","item":"https:\/\/now-news.de\/de\/"},{"@type":"ListItem","position":2,"name":"Der Appetit Polens auf Kaliningrad \u2013 Oder: Machen Sie sich ein Tilsiter K\u00e4sebrot"}]},{"@type":"WebSite","@id":"https:\/\/now-news.de\/de\/#website","url":"https:\/\/now-news.de\/de\/","name":"just-now.NEWS Deutschland","description":"Das Portal f\u00fcr unzensierte Nachrichten aus der Welt","publisher":{"@id":"https:\/\/now-news.de\/de\/#organization"},"potentialAction":[{"@type":"SearchAction","target":{"@type":"EntryPoint","urlTemplate":"https:\/\/now-news.de\/de\/?s={search_term_string}"},"query-input":"required name=search_term_string"}],"inLanguage":"de"},{"@type":"Organization","@id":"https:\/\/now-news.de\/de\/#organization","name":"Just Now News","url":"https:\/\/now-news.de\/de\/","logo":{"@type":"ImageObject","inLanguage":"de","@id":"https:\/\/now-news.de\/de\/#\/schema\/logo\/image\/","url":"http:\/\/just-now.news\/de\/wp-content\/uploads\/sites\/3\/2022\/04\/logo500x500.jpg","contentUrl":"http:\/\/just-now.news\/de\/wp-content\/uploads\/sites\/3\/2022\/04\/logo500x500.jpg","width":500,"height":500,"caption":"Just Now News"},"image":{"@id":"https:\/\/now-news.de\/de\/#\/schema\/logo\/image\/"},"sameAs":["https:\/\/www.facebook.com\/wirmachenauf","https:\/\/x.com\/WirMachenAuf_de"]},{"@type":"Person","@id":"https:\/\/now-news.de\/de\/#\/schema\/person\/fb534a4e865501d8b3285208df34a9b5","name":"rtnews","image":{"@type":"ImageObject","inLanguage":"de","@id":"https:\/\/now-news.de\/de\/#\/schema\/person\/image\/","url":"https:\/\/secure.gravatar.com\/avatar\/82aafea7d8127119dd649515f56e2117?s=96&d=mm&r=g","contentUrl":"https:\/\/secure.gravatar.com\/avatar\/82aafea7d8127119dd649515f56e2117?s=96&d=mm&r=g","caption":"rtnews"},"url":"https:\/\/now-news.de\/de\/author\/rnews\/"}]}},"_links":{"self":[{"href":"https:\/\/now-news.de\/de\/wp-json\/wp\/v2\/posts\/8452"}],"collection":[{"href":"https:\/\/now-news.de\/de\/wp-json\/wp\/v2\/posts"}],"about":[{"href":"https:\/\/now-news.de\/de\/wp-json\/wp\/v2\/types\/post"}],"author":[{"embeddable":true,"href":"https:\/\/now-news.de\/de\/wp-json\/wp\/v2\/users\/3"}],"replies":[{"embeddable":true,"href":"https:\/\/now-news.de\/de\/wp-json\/wp\/v2\/comments?post=8452"}],"version-history":[{"count":0,"href":"https:\/\/now-news.de\/de\/wp-json\/wp\/v2\/posts\/8452\/revisions"}],"wp:featuredmedia":[{"embeddable":true,"href":"https:\/\/now-news.de\/de\/wp-json\/wp\/v2\/media\/8453"}],"wp:attachment":[{"href":"https:\/\/now-news.de\/de\/wp-json\/wp\/v2\/media?parent=8452"}],"wp:term":[{"taxonomy":"category","embeddable":true,"href":"https:\/\/now-news.de\/de\/wp-json\/wp\/v2\/categories?post=8452"},{"taxonomy":"post_tag","embeddable":true,"href":"https:\/\/now-news.de\/de\/wp-json\/wp\/v2\/tags?post=8452"}],"curies":[{"name":"wp","href":"https:\/\/api.w.org\/{rel}","templated":true}]}}