{"id":84487,"date":"2025-05-26T18:24:05","date_gmt":"2025-05-26T16:24:05","guid":{"rendered":"https:\/\/now-news.de\/de\/deutschland\/das-grauen-von-gaza-und-die-deutsche-staatsraeson\/"},"modified":"2025-05-26T18:24:05","modified_gmt":"2025-05-26T16:24:05","slug":"das-grauen-von-gaza-und-die-deutsche-staatsraeson","status":"publish","type":"post","link":"https:\/\/now-news.de\/de\/deutschland\/das-grauen-von-gaza-und-die-deutsche-staatsraeson\/","title":{"rendered":"Das Grauen von Gaza und die deutsche Staatsr\u00e4son"},"content":{"rendered":"<p><img decoding=\"async\" src=\"https:\/\/now-news.de\/de\/wp-content\/uploads\/sites\/3\/2025\/05\/68344563b480cc1f464a7b3f.jpg\" \/><\/p>\n<div class=\"Text-root Text-type_1 \">\n                Die grauenhaften Bilder aus Gaza m\u00fcssen nicht weiter kommentiert werden. Die einzige Frage lautet, warum die t\u00e4glich dokumentierten Verbrechen Israels ungebremst fortgesetzt werden k\u00f6nnen. Deutsche Politik und Medien argumentieren \u2012 sich windend \u2012 mit Gr\u00fcnden der &#8220;Staatsr\u00e4son&#8221;, also der (Er)Duldung von Leid, Elend und Tod.\n            <\/div>\n<p><\/p>\n<div class=\"Text-root Text-type_5 ArticleView-text ViewText-root \">\n<p><em>Von Bernhard Loyen<\/em><\/p>\n<p>Im Leitfaden f\u00fcr die Mitarbeiter des Springer-Verlags steht w\u00f6rtlich, bis in die Gegenwart verinnerlichend in der Webseitenrubrik &#8220;<a rel=\"nofollow noopener\" target=\"_blank\" href=\"https:\/\/www.axelspringer.com\/de\/was-uns-ausmacht\">Was uns ausmacht<\/a>&#8221; unter Punkt 2 das unverr\u00fcckbare, nicht zu diskutierende Arbeitsmotto: &#8220;Wir unterst\u00fctzen das j\u00fcdische Volk und das Existenzrecht des Staates Israel&#8221;. Punkt 3 lautet: &#8220;Wir bef\u00fcrworten das transatlantische B\u00fcndnis zwischen den Vereinigten Staaten von Amerika und Europa&#8221;. Am 26. Mai lautete die <em>Bild<\/em>&#8211;<a rel=\"nofollow noopener\" target=\"_blank\" href=\"https:\/\/www.bild.de\/politik\/ausland-und-internationales\/trump-attackiert-putin-er-ist-voellig-verrueckt-geworden-6833bcefd892283a30e811be\">Schlagzeile<\/a> daher l\u00f6blich seitens eines verantwortlichen Herrn Kriegl umgesetzt:<\/p>\n<p><em>&#8220;Trump attackiert Putin: &#8216;Er ist v\u00f6llig verr\u00fcckt geworden'&#8221;<\/em><\/p>\n<p>Und nun? Trumps Wankelmut an \u00c4u\u00dferungen ist bekannt und gef\u00fcrchtet. Man k\u00f6nnte bei der Pressestelle, mit Springer-Kontakten nach Washington ins Oval Office, doch mal anfragen, ob er das nicht auch von Benjamin Netanjahu denkt\u00a0\u2012 macht aber keiner. Die <em>J\u00fcdische Allgemeine<\/em>\u00a0<a rel=\"nofollow noopener\" target=\"_blank\" href=\"https:\/\/www.juedische-allgemeine.de\/israel\/trump-angeblich-von-netanjahu-enttaeuscht\/\">titelte<\/a> Anfang Mai:<\/p>\n<p><em>&#8220;US-Pr\u00e4sident Donald Trump ist angeblich vom israelischen Premierminister Benjamin Netanjahu entt\u00e4uscht.&#8221;<\/em><\/p>\n<p>Die Entt\u00e4uschung bezog sich aber nicht auf das t\u00e4gliche Gaza-Massaker Israels, anders sollte man es nicht benennen, sondern\u00a0auf Tel Avivs Gespr\u00e4chsstrategie mit Saudi-Arabien und dass &#8220;Trump ver\u00e4rgert dar\u00fcber sei, dass Netanjahu und sein Team angeblich US-Beamte zu milit\u00e4rischen Ma\u00dfnahmen gegen das iranische Atomprogramm gedr\u00e4ngt haben sollen&#8221;. Auch auf seiner Social-Media-Plattform Truth Social nicht eine \u00c4u\u00dferung zu den Gaza-Grausamkeiten.<\/p>\n<p>Friede Springer, ehemalige Aufsichtsratsvorsitzende des Verlags und\u00a0Vorstandsvorsitzende der gemeinn\u00fctzigen\u00a0Axel Springer Stiftung, war <a rel=\"nofollow noopener\" target=\"_blank\" href=\"https:\/\/www.bz-berlin.de\/archiv-artikel\/friede-springer-ich-hatte-immer-treue-freunde-die-mir-zur-seite-standen\">bekannterweise<\/a>\u00a0&#8220;freundschaftlich&#8221;, also beratend, mit Ex-Kanzlerin Angela Merkel verbunden. Diese ist wiederum nachweislich verantwortlich f\u00fcr die mentalen Gewissenshandschellen der deutschen Politik und Medien. Das erdachte, weggeworfene Schl\u00fcsselwort hei\u00dft: &#8220;Staatsr\u00e4son&#8221;. Merkel formulierte\u00a0\u2012 wer war wohl der\u00a0&#8220;Ideengeber&#8221;? \u2012 am\u00a018. M\u00e4rz 2008\u00a0vor der Knesset, dem israelischen Parlament, folgende schicksalshaften Worte f\u00fcr die deutsche Gesellschaft:<\/p>\n<p><em>&#8220;Ich danke allen, dass ich in meiner Muttersprache heute zu Ihnen sprechen darf. Ich spreche zu Ihnen in einem besonderen Jahr. Denn in diesem Jahr 2008 feiern Sie den 60. Jahrestag der Gr\u00fcndung Ihres Staates, des Staates Israel [&#8230;] Jede Bundesregierung und jeder Bundeskanzler vor mir waren der besonderen historischen Verantwortung Deutschlands f\u00fcr die Sicherheit Israels verpflichtet. Diese historische Verantwortung Deutschlands ist Teil der <a rel=\"nofollow noopener\" target=\"_blank\" href=\"https:\/\/www.bundesregierung.de\/breg-de\/service\/newsletter-und-abos\/bulletin\/rede-von-bundeskanzlerin-dr-angela-merkel-796170\">Staatsr\u00e4son<\/a> meines Landes. Das hei\u00dft, die Sicherheit Israels ist f\u00fcr mich als deutsche Bundeskanzlerin niemals verhandelbar. Und wenn das so ist, dann d\u00fcrfen das in der Stunde der Bew\u00e4hrung keine leeren Worte bleiben.&#8221;<\/em><\/p>\n<p>&#8220;Niemals verhandelbar&#8221;, also das Gegenteil von lautem, vernehmbaren Widerspruch und Kritik, lautet daher die uns\u00e4gliche Rechtfertigung f\u00fcr das bleierne Schweigen in der Politik und den Medien hinsichtlich der zur\u00fcckliegenden und andauernden Abgr\u00fcnde der Ereignisse im Gazastreifen. Dass null Komma null zu vernehmen ist von den ansonsten so mitteilsamen und aufrichtigen Demokraten aus der Medien-, Film- und Kunstszene\u00a0\u2012 geschenkt. Ihre Namen sind so weit bekannt, ihre\u00a0dehnbare Aaligkeit, das sich der Macht anbiedernde Dasein, kann auch weiterhin nur verachtet werden.<\/p>\n<div class=\"EmbedBlock-root EmbedBlock-twitter\">\n<div class=\"TwitterEmbed\">\n<blockquote class=\"twitter-tweet lazyload\" data-twitter=\"twitter-tweet\">\n<p lang=\"de\" dir=\"ltr\">&#8220;Ich will nicht \u00fcber die Taten der Hamas reden, will mich nicht hinstellen und mit einer k\u00fchlen Distanz, die gelogen w\u00e4re, und einer vorgeblichen Expertise, die ich nicht besitze, die Lage analysieren.&#8221;<a rel=\"nofollow noopener\" target=\"_blank\" href=\"https:\/\/twitter.com\/hashtag\/Israel?src=hash&amp;ref_src=twsrc%5Etfw\">#Israel<\/a><a rel=\"nofollow noopener\" target=\"_blank\" href=\"https:\/\/twitter.com\/hashtag\/Palestine?src=hash&amp;ref_src=twsrc%5Etfw\">#Palestine<\/a><a rel=\"nofollow noopener\" target=\"_blank\" href=\"https:\/\/t.co\/7QxamSCEHX\">https:\/\/t.co\/7QxamSCEHX<\/a><\/p>\n<p>\u2014 Sarah Bosetti (@sarahbosetti) <a rel=\"nofollow noopener\" target=\"_blank\" href=\"https:\/\/twitter.com\/sarahbosetti\/status\/1719825946914480347?ref_src=twsrc%5Etfw\">November 1, 2023<\/a><\/p><\/blockquote>\n<\/div>\n<\/div>\n<p>Wenige Wochen vor der Rede von Merkel <a rel=\"nofollow noopener\" target=\"_blank\" href=\"https:\/\/www.deutschlandfunk.de\/warum-die-amerikaner-auschwitz-nicht-bombardiert-haben-100.html\">titelte<\/a> der <em>Deutschlandfunk<\/em>:<\/p>\n<p><em>&#8220;Warum die Amerikaner Auschwitz nicht bombardiert haben&#8221;<\/em><\/p>\n<p>Anl\u00e4sslich des damaligen Gedenktages im Bundestag &#8220;f\u00fcr die Opfer des Nationalsozialismus hat der USA-Experte Christof Mauch die Milit\u00e4rstrategie der Amerikaner im Zweiten Weltkrieg verteidigt&#8221;, so der Artikel. Weiter hei\u00dft es:<\/p>\n<p><em>&#8220;Statt die Konzentrationslager oder die Zuwege dahin zu bombardieren, h\u00e4tten milit\u00e4rische Ziele im Vordergrund gestanden. Auch sei eine pr\u00e4zise Bombardierung in den Vierzigerjahren noch gar nicht m\u00f6glich gewesen.&#8221;<\/em><\/p>\n<p>Die pr\u00e4zise Bombardierung von deutschen Gro\u00df- und Kleinst\u00e4dten war dann wiederum m\u00f6glich (?). Nachweislich, laut Herrn Mauchs Ausf\u00fchrungen im <em>Deutschlandfunk<\/em>-Interview, erreichten &#8220;erste Informationen die Amerikaner und die Briten im Jahr 1942, als ein deutscher Industrieller namens Eduard Schulte\u00a0mittels\u00a0des\u00a0J\u00fcdischen Weltkongresses in Genf berichtet hat, dass Millionen von Juden in den von den Nazis im Osten besetzten Gebieten vernichtet und entsprechende Apparate aufgebaut w\u00fcrden&#8221;.\u00a0Vieles aus jener Zeit verschwand in den Tiefen der Geheimdienste, daher empfehle ich f\u00fcr interessierte Leser das mehr als erkenntnisreiche Buch von Gaby Weber &#8220;<a rel=\"nofollow noopener\" target=\"_blank\" href=\"https:\/\/diebuchmacherei.de\/produkt\/drei-kreise-des-abgrunds\/\">Drei Kreise des Abgrunds<\/a>&#8220;. Es behandelt die fr\u00fchzeitige enge Kooperation der jungen Bundesrepublik Deutschland mit dem Staat Israel in den 1950er und 1960er Jahren.\u00a0<\/p>\n<p>Im vergangenen Jahrhundert\u00a0gab es eben kein X und Truth Social. Das Thema &#8220;Gaza-Verbrechen&#8221; wird dabei auf der Plattform &#8220;der Guten&#8221;, Bluesky, auff\u00e4llig\u00a0\u2012 wenn irgendwie m\u00f6glich\u00a0\u2012 vermieden.<\/p>\n<p>Zur Klarstellung:<\/p>\n<p><strong>Nein<\/strong>, ich fordere nicht die Bombardierung Israels oder die der gesperrten und kontrollierten Zufahrtswege nach Gaza. Das Sterben der verbleibenden Menschen, der vor allem Kinder, Jugendlichen und Frauen, muss jedoch endlich und zeitnah ein Ende haben. Die Bilder dieses (un)menschlichen Abgrunds sind diesmal t\u00e4glich sichtbar. Dazu Fernseh- und Radioberichte. Eine vermeintliche argumentative &#8220;Unkenntnis&#8221; ist unglaubw\u00fcrdig.<\/p>\n<p><strong>Nein<\/strong>, ich vergleiche das Agieren Israels nicht mit der industriellen Ermordung von\u00a0sechs Millionen Juden\u00a0\u2012 zur aktuellen Diskussion eines Genozids seitens Israels etwas sp\u00e4ter.\u00a0<\/p>\n<p>Die brutale und unbarmherzige Gegenwart des fortdauernden Vernichtungsfeldzugs Israels in Gaza sorgt nun in dem bis dato betonierten Fundament der willk\u00fcrlich verordneten &#8220;Staatsr\u00e4son&#8221; f\u00fcr kleine Risse. So <a rel=\"nofollow noopener\" target=\"_blank\" href=\"https:\/\/www.tagesspiegel.de\/politik\/ein-offenbarungseid-michael-wolffsohn-kritisiert-staatsrason-vorstoss-von-antisemitismusbeauftragtem-13753522.html\">titelt<\/a> der Berliner <em>Tagesspiegel<\/em> am 26. Mai (Bezahlschranke):<\/p>\n<p><em>&#8220;&#8216;Ein Offenbarungseid&#8217;:\u00a0Michael Wolffsohn kritisiert Staatsr\u00e4son-Vorsto\u00df von Antisemitismusbeauftragtem. Felix Klein, Antisemitismusbeauftragter der\u00a0Bundesregierung, sieht in der deutschen Staatsr\u00e4son in Bezug auf Israel &#8216;keine Rechtfertigung f\u00fcr alles&#8217;. Der Historiker Michael Wolffsohn weist diese Lesart zur\u00fcck.&#8221;<\/em><\/p>\n<p>Der <a rel=\"nofollow noopener\" target=\"_blank\" href=\"https:\/\/www.faz.net\/aktuell\/politik\/ausland\/antisemitismusbeauftragter-felix-klein-zu-israels-vorgehen-in-gaza-und-zur-staatsraeson-110495529.html\">Artikel<\/a> der <em>FAZ<\/em> (Bezahlschranke) lautet:<\/p>\n<p><em>&#8220;Humanit\u00e4re Lage in Gaza: &#8216;Das kann nicht deutsche Staatsr\u00e4son sein&#8217;.&#8221;<\/em><\/p>\n<p>Der\u00a0Antisemitismusbeauftragte der Bundesregierung antwortet auf die Frage, ob das Vorgehen Israels &#8220;antisemitisch&#8221; und &#8220;als Genozid&#8221; bezeichnet werden k\u00f6nnte:<\/p>\n<p><em>&#8220;Selbstverst\u00e4ndlich darf man das Vorgehen der israelischen Regierung hart kritisieren und fragen, ob es mit dem V\u00f6lkerrecht vereinbar ist. Das ist nicht antisemitisch. Aber der Begriff Genozid ist h\u00f6chst problematisch. Daf\u00fcr m\u00fcsste\u00a0Israel\u00a0nachgewiesen werden k\u00f6nnen, dass die Pal\u00e4stinenser im Gazastreifen vors\u00e4tzlich aus ethnischen Gr\u00fcnden get\u00f6tet werden, also weil sie Pal\u00e4stinenser sind. Das ist nicht der Fall. Ziele der israelischen Armee sind die Bek\u00e4mpfung von Hamas-Terroristen, die die eigene Zivilbev\u00f6lkerung als Schutzschilde missbrauchen, sowie die Befreiung der israelischen Hamas-Geiseln. Von Genozid zu sprechen, ist antisemitisch, weil es Israel als Ganzes d\u00e4monisiert und zur Entgrenzung f\u00fchrt.&#8221;<\/em><\/p>\n<p>W\u00e4re &#8220;Geiselhaft-Genozid&#8221; f\u00fcr Herrn Klein weniger problematisch? Zum Thema &#8220;Staatsr\u00e4son&#8221;, dem Schweigen im deutschen Medienwalde, moniert Klein im Interview:<\/p>\n<p><em>&#8220;Ich pl\u00e4diere sehr daf\u00fcr, ehrlicher \u00fcber den Begriff Staatsr\u00e4son zu diskutieren, genauso wie \u00fcber das Wort Existenzrecht. Beide Begriffe sind f\u00fcr das deutsche Staatsverst\u00e4ndnis und das Verh\u00e4ltnis zu Israel existenziell, aber sie sind auch unscharf und erschweren dadurch die Debatte [&#8230;] Die Pal\u00e4stinenser auszuhungern und die humanit\u00e4re Lage vors\u00e4tzlich dramatisch zu verschlimmern, hat nichts mit der Sicherung des Existenzrechts Israels zu tun. Und es kann auch nicht deutsche Staatsr\u00e4son sein.&#8221;<\/em><\/p>\n<p>Wolffsohns Replik im <em>Tagesspiegel<\/em> lautet w\u00f6rtlich auf die Ausf\u00fchrung im <em>FAZ<\/em>-Interview:<\/p>\n<p><em>&#8220;&#8216;Wie fast alle \u00fcbersieht Felix Klein, dass die Hamas, wie weiland Hitler im Zweiten Weltkrieg, trotz der faktischen milit\u00e4rischen Niederlage bis zum letzten Pal\u00e4stinenser k\u00e4mpft und somit f\u00fcr die humanit\u00e4re Katastrophe verantwortlich ist&#8217;, sagte er. &#8216;Nach Freigabe aller Geiseln und Niederlegung der Waffen durch die Hamas w\u00fcrde die ganze Welt \u2013 auch Israel \u2013 helfen, den Pal\u00e4stinensern endlich ein menschenw\u00fcrdiges Leben zu erm\u00f6glichen&#8217;.&#8221;<\/em><\/p>\n<p>Das Wort &#8220;Verh\u00e4ltnism\u00e4\u00dfigkeit&#8221; scheint dem Historiker aufgrund des anma\u00dfenden Verweises auf das Dritte Reich irgendwie nicht mehr mental vorzuliegen. &#8220;Die Hamas k\u00e4mpft&#8221; schon lange nicht mehr auf dem Boden Gazas. Im Januar <a rel=\"nofollow noopener\" target=\"_blank\" href=\"https:\/\/www.zdf.de\/nachrichten\/politik\/ausland\/wiederaufbau-gaza-israel-nahost-100.html\">hie\u00df es<\/a>, dass die UN auf Grundlage von Satellitendaten im Dezember [2024] sch\u00e4tzte, &#8220;dass 69 Prozent der Geb\u00e4ude im Gazastreifen besch\u00e4digt oder zerst\u00f6rt wurden&#8221;. Ein Artikel von\u00a0Amnesty International aus dem Dezember des Vorjahres mit dem Titel &#8220;Israels Genozid an den Pal\u00e4stinensern&#8221; <a rel=\"nofollow noopener\" target=\"_blank\" href=\"https:\/\/www.amnesty.de\/israel-gaza-genozid-voelkermord-amnesty-bericht-informationen-hintergruende#:~:text=Auch%20das%20Ausma%C3%9F%20der%20Zerst%C3%B6rung,290.820%20Wohneinheiten%2C%20besch%C3%A4digt%20oder%20zerst%C3%B6rt.\">informiert<\/a>:<\/p>\n<p><em>&#8220;Bereits im Januar 2024 waren etwa 84 Prozent der Gesundheitseinrichtungen, circa 57 Prozent der Wasserinfrastruktur und rund 62 Prozent aller Wohnh\u00e4user im Gazastreifen, d. h.\u00a0290.820 Wohneinheiten, besch\u00e4digt oder zerst\u00f6rt. 05.12.2024.&#8221;<\/em><\/p>\n<p>Die weiterhin existierende Zwickm\u00fchle der deutschen Politik, das Hadern und Rumgeeiere, spiegelt ein <em>ZDF<\/em>-Interview mit Armin Laschet, dem neuen Vorsitzenden des Ausw\u00e4rtigen Ausschusses, wider<em>. <\/em>Der CDU-Politiker wurde gefragt, ob Israel seiner Meinung nach gegen das V\u00f6lkerrecht versto\u00dfe. Die <a rel=\"nofollow noopener\" target=\"_blank\" href=\"https:\/\/www.bild.de\/politik\/inland\/zdf-laschet-zofft-sich-wegen-israel-mit-moderator-wunn-6834136811c54108e4fe94b9\">Antwort<\/a> lautete:<\/p>\n<p><em>&#8220;Die humanit\u00e4re Hilfe muss dringend erh\u00f6ht werden, es m\u00fcssen Lebensmittel und Medikamente in den Gazastreifen hineingelassen werden. Mehr als bisher. Und wenn man das nicht tut, ist das ein Versto\u00df gegen das V\u00f6lkerrecht.&#8221;\u00a0<\/em><\/p>\n<p>Aber nur dann? Der <em>ZDF<\/em>-Moderator war laut <em>Bild<\/em>-Artikel mit der Antwort nicht zufrieden. Dazu hei\u00dft es:<\/p>\n<p><em>&#8220;Laschet war sichtlich sauer und sagte: &#8216;Es gibt Kritik [an Israel], es gibt Kritik auch aus Deutschland. Immer diese These, dass man in Deutschland Israel nicht kritisieren d\u00fcrfe \u2013 wenn ich mich umh\u00f6re, im Parlament, auf den Stra\u00dfen, da wird Israel st\u00e4ndig kritisiert&#8217;. Man m\u00fcsse Fragen zum V\u00f6lkerrecht erkl\u00e4ren und k\u00f6nne diese nicht nur mit Ja oder Nein beantworten.&#8221;<\/em><\/p>\n<p>Eindeutigkeit klingt anders. Am selben Tag meldete sich auch der Bundeskanzler zum Thema. So <a rel=\"nofollow noopener\" target=\"_blank\" href=\"https:\/\/web.de\/magazine\/politik\/nahostkonflikt\/kanzler-umdenken-umgang-israel-41017394\">sagte<\/a>\u00a0Merz\u00a0auf der Digitalkonferenz &#8220;re:publica&#8221; in Berlin:<\/p>\n<p><em>&#8220;Die israelische Regierung darf nichts tun, was nun irgendwann [sic!] auch ihre besten Freunde nicht mehr bereit sind zu akzeptieren [&#8230;] Ich verstehe offen gestanden nicht mehr, mit welchem Ziel die israelische Armee nun im\u00a0Gazastreifen\u00a0vorgeht. Die Zivilbev\u00f6lkerung derart in Mitleidenschaft zu nehmen, wie das in den letzten Tagen immer mehr der Fall gewesen ist, l\u00e4sst sich nicht mehr mit einem Kampf gegen den Terrorismus der Hamas begr\u00fcnden.\u00a0Wir m\u00fcssen das jetzt etwas deutlicher [sic!] sagen.&#8221;<\/em><\/p>\n<p>&#8220;Etwas deutlicher&#8221; belegt dabei die Unglaubw\u00fcrdigkeit seiner Aussage. Wer ist &#8220;wir&#8221;, die Bundesregierung? Warum erst &#8220;jetzt etwas deutlicher&#8221; werden, reichten zuvor nicht die Abertausenden von vor allem toten Kindern und Frauen f\u00fcr Herrn Merz aus, um eine unmissverst\u00e4ndliche Kritik an seinem Kollegen aus Israel zu formulieren?\u00a0<\/p>\n<p>&#8220;An ihren Taten sollt ihr sie erkennen&#8221;, hei\u00dft es in der Bibel, die f\u00fcr die meisten Politdarsteller nachweislich nur noch zur Dekoration im heimischen B\u00fccherschrank steht. Die einzige Frage lautet daher: Wie lange will die Bundesregierung noch mit ihrer Unt\u00e4tigkeit und dem mehrheitlichen Stillschweigen das m\u00f6rderische\u00a0Gaza-Massaker Israels weiter dulden und damit indirekt unterst\u00fctzen?\u00a0<\/p>\n<p><strong>Mehr zum Thema \u2012<\/strong>\u00a0<a rel=\"nofollow noopener\" target=\"_blank\" href=\"https:\/\/freedert.online\/international\/245566-grossbritannien-erwaegt-sanktionen-gegen-israel\/\">Gro\u00dfbritannien erw\u00e4gt Sanktionen gegen israelische Spitzenbeamte<\/a><\/p>\n<div class=\"EmbedBlock-root EmbedBlock-externalVideo EmbedBlock-rumble\">\n<div class=\"VkEmbed\"><iframe class=\"lazyload\" data-src=\"https:\/\/rumble.com\/embed\/v6rkicx\" frameborder=\"0\" width=\"853\" height=\"480\" allowfullscreen><\/iframe><\/div>\n<\/div>\n<\/div>\n<p><script async src=\"https:\/\/platform.twitter.com\/widgets.js\" charset=\"utf-8\"><\/script><br \/>\n<br \/><br \/>\n<br \/><a href=\"https:\/\/de.rt.com\/meinung\/245980-grauen-von-gaza-und-staatsraeson\/\">Source link <\/a><\/p>\n","protected":false},"excerpt":{"rendered":"<p>Die grauenhaften Bilder aus Gaza m\u00fcssen nicht weiter kommentiert werden. Die einzige Frage lautet, warum die t\u00e4glich dokumentierten Verbrechen Israels ungebremst fortgesetzt werden k\u00f6nnen. Deutsche Politik und Medien argumentieren \u2012 sich windend \u2012 mit Gr\u00fcnden der &#8220;Staatsr\u00e4son&#8221;, also der (Er)Duldung von Leid, Elend und Tod. Von Bernhard Loyen Im Leitfaden f\u00fcr die Mitarbeiter des Springer-Verlags [&hellip;]<\/p>\n","protected":false},"author":3,"featured_media":84488,"comment_status":"open","ping_status":"open","sticky":false,"template":"","format":"standard","meta":{"_yoast_indexnow_last_ping":["1748276796"],"wp_automatic_camp":["217"],"50aaa262e939c47107c4ef981523bc2e":["Das Grauen von Gaza und die deutsche Staatsr\u00e4son"],"original_link":["https:\/\/de.rt.com\/meinung\/245980-grauen-von-gaza-und-staatsraeson\/"],"_thumbnail_id":["84488"],"_wptgpro_p2tg_sent2tg":["a:1:{i:23737;s:19:\"2025-05-26 18:27:47\";}"],"jnews_social_counter_last_update":["1777201227"]},"categories":[19,23],"tags":[427,2374,45,12988,35745,42052,140,50],"yoast_head":"<!-- This site is optimized with the Yoast SEO Premium plugin v22.7 (Yoast SEO v22.7) - https:\/\/yoast.com\/wordpress\/plugins\/seo\/ -->\n<title>Das Grauen von Gaza und die deutsche Staatsr\u00e4son - just-now.NEWS Deutschland<\/title>\n<meta name=\"robots\" content=\"index, follow, max-snippet:-1, max-image-preview:large, max-video-preview:-1\" \/>\n<link rel=\"canonical\" href=\"https:\/\/now-news.de\/de\/deutschland\/das-grauen-von-gaza-und-die-deutsche-staatsraeson\/\" \/>\n<meta property=\"og:locale\" content=\"de_DE\" \/>\n<meta property=\"og:type\" content=\"article\" \/>\n<meta property=\"og:title\" content=\"Das Grauen von Gaza und die deutsche Staatsr\u00e4son\" \/>\n<meta property=\"og:description\" content=\"Die grauenhaften Bilder aus Gaza m\u00fcssen nicht weiter kommentiert werden. Die einzige Frage lautet, warum die t\u00e4glich dokumentierten Verbrechen Israels ungebremst fortgesetzt werden k\u00f6nnen. Deutsche Politik und Medien argumentieren \u2012 sich windend \u2012 mit Gr\u00fcnden der &#8220;Staatsr\u00e4son&#8221;, also der (Er)Duldung von Leid, Elend und Tod. Von Bernhard Loyen Im Leitfaden f\u00fcr die Mitarbeiter des Springer-Verlags [&hellip;]\" \/>\n<meta property=\"og:url\" content=\"https:\/\/now-news.de\/de\/deutschland\/das-grauen-von-gaza-und-die-deutsche-staatsraeson\/\" \/>\n<meta property=\"og:site_name\" content=\"just-now.NEWS Deutschland\" \/>\n<meta property=\"article:publisher\" content=\"https:\/\/www.facebook.com\/wirmachenauf\" \/>\n<meta property=\"article:published_time\" content=\"2025-05-26T16:24:05+00:00\" \/>\n<meta property=\"og:image\" content=\"https:\/\/now-news.de\/de\/wp-content\/uploads\/sites\/3\/2025\/05\/68344563b480cc1f464a7b3f.jpg\" \/>\n<meta name=\"author\" content=\"rtnews\" \/>\n<meta name=\"twitter:card\" content=\"summary_large_image\" \/>\n<meta name=\"twitter:creator\" content=\"@WirMachenAuf_de\" \/>\n<meta name=\"twitter:site\" content=\"@WirMachenAuf_de\" \/>\n<meta name=\"twitter:label1\" content=\"Verfasst von\" \/>\n\t<meta name=\"twitter:data1\" content=\"rtnews\" \/>\n\t<meta name=\"twitter:label2\" content=\"Gesch\u00e4tzte Lesezeit\" \/>\n\t<meta name=\"twitter:data2\" content=\"9\u00a0Minuten\" \/>\n<script type=\"application\/ld+json\" class=\"yoast-schema-graph\">{\"@context\":\"https:\/\/schema.org\",\"@graph\":[{\"@type\":\"Article\",\"@id\":\"https:\/\/now-news.de\/de\/deutschland\/das-grauen-von-gaza-und-die-deutsche-staatsraeson\/#article\",\"isPartOf\":{\"@id\":\"https:\/\/now-news.de\/de\/deutschland\/das-grauen-von-gaza-und-die-deutsche-staatsraeson\/\"},\"author\":{\"name\":\"rtnews\",\"@id\":\"https:\/\/now-news.de\/de\/#\/schema\/person\/fb534a4e865501d8b3285208df34a9b5\"},\"headline\":\"Das Grauen von Gaza und die deutsche Staatsr\u00e4son\",\"datePublished\":\"2025-05-26T16:24:05+00:00\",\"dateModified\":\"2025-05-26T16:24:05+00:00\",\"mainEntityOfPage\":{\"@id\":\"https:\/\/now-news.de\/de\/deutschland\/das-grauen-von-gaza-und-die-deutsche-staatsraeson\/\"},\"wordCount\":1798,\"commentCount\":0,\"publisher\":{\"@id\":\"https:\/\/now-news.de\/de\/#organization\"},\"image\":{\"@id\":\"https:\/\/now-news.de\/de\/deutschland\/das-grauen-von-gaza-und-die-deutsche-staatsraeson\/#primaryimage\"},\"thumbnailUrl\":\"https:\/\/now-news.de\/de\/wp-content\/uploads\/sites\/3\/2025\/05\/Das-Grauen-von-Gaza-und-die-deutsche-Staatsraeson.jpg\",\"keywords\":[\"das\",\"Deutsche\",\"die\",\"Gaza\",\"Grauen\",\"Staatsr\u00e4son\",\"und\",\"von\"],\"articleSection\":[\"Deutschland\",\"Russland\"],\"inLanguage\":\"de\",\"potentialAction\":[{\"@type\":\"CommentAction\",\"name\":\"Comment\",\"target\":[\"https:\/\/now-news.de\/de\/deutschland\/das-grauen-von-gaza-und-die-deutsche-staatsraeson\/#respond\"]}]},{\"@type\":\"WebPage\",\"@id\":\"https:\/\/now-news.de\/de\/deutschland\/das-grauen-von-gaza-und-die-deutsche-staatsraeson\/\",\"url\":\"https:\/\/now-news.de\/de\/deutschland\/das-grauen-von-gaza-und-die-deutsche-staatsraeson\/\",\"name\":\"Das Grauen von Gaza und die deutsche Staatsr\u00e4son - just-now.NEWS Deutschland\",\"isPartOf\":{\"@id\":\"https:\/\/now-news.de\/de\/#website\"},\"primaryImageOfPage\":{\"@id\":\"https:\/\/now-news.de\/de\/deutschland\/das-grauen-von-gaza-und-die-deutsche-staatsraeson\/#primaryimage\"},\"image\":{\"@id\":\"https:\/\/now-news.de\/de\/deutschland\/das-grauen-von-gaza-und-die-deutsche-staatsraeson\/#primaryimage\"},\"thumbnailUrl\":\"https:\/\/now-news.de\/de\/wp-content\/uploads\/sites\/3\/2025\/05\/Das-Grauen-von-Gaza-und-die-deutsche-Staatsraeson.jpg\",\"datePublished\":\"2025-05-26T16:24:05+00:00\",\"dateModified\":\"2025-05-26T16:24:05+00:00\",\"breadcrumb\":{\"@id\":\"https:\/\/now-news.de\/de\/deutschland\/das-grauen-von-gaza-und-die-deutsche-staatsraeson\/#breadcrumb\"},\"inLanguage\":\"de\",\"potentialAction\":[{\"@type\":\"ReadAction\",\"target\":[\"https:\/\/now-news.de\/de\/deutschland\/das-grauen-von-gaza-und-die-deutsche-staatsraeson\/\"]}]},{\"@type\":\"ImageObject\",\"inLanguage\":\"de\",\"@id\":\"https:\/\/now-news.de\/de\/deutschland\/das-grauen-von-gaza-und-die-deutsche-staatsraeson\/#primaryimage\",\"url\":\"https:\/\/now-news.de\/de\/wp-content\/uploads\/sites\/3\/2025\/05\/Das-Grauen-von-Gaza-und-die-deutsche-Staatsraeson.jpg\",\"contentUrl\":\"https:\/\/now-news.de\/de\/wp-content\/uploads\/sites\/3\/2025\/05\/Das-Grauen-von-Gaza-und-die-deutsche-Staatsraeson.jpg\",\"width\":460,\"height\":259,\"caption\":\"Das Grauen von Gaza und die deutsche Staatsr\u00e4son\"},{\"@type\":\"BreadcrumbList\",\"@id\":\"https:\/\/now-news.de\/de\/deutschland\/das-grauen-von-gaza-und-die-deutsche-staatsraeson\/#breadcrumb\",\"itemListElement\":[{\"@type\":\"ListItem\",\"position\":1,\"name\":\"Home\",\"item\":\"https:\/\/now-news.de\/de\/\"},{\"@type\":\"ListItem\",\"position\":2,\"name\":\"Das Grauen von Gaza und die deutsche Staatsr\u00e4son\"}]},{\"@type\":\"WebSite\",\"@id\":\"https:\/\/now-news.de\/de\/#website\",\"url\":\"https:\/\/now-news.de\/de\/\",\"name\":\"just-now.NEWS Deutschland\",\"description\":\"Das Portal f\u00fcr unzensierte Nachrichten aus der Welt\",\"publisher\":{\"@id\":\"https:\/\/now-news.de\/de\/#organization\"},\"potentialAction\":[{\"@type\":\"SearchAction\",\"target\":{\"@type\":\"EntryPoint\",\"urlTemplate\":\"https:\/\/now-news.de\/de\/?s={search_term_string}\"},\"query-input\":\"required name=search_term_string\"}],\"inLanguage\":\"de\"},{\"@type\":\"Organization\",\"@id\":\"https:\/\/now-news.de\/de\/#organization\",\"name\":\"Just Now News\",\"url\":\"https:\/\/now-news.de\/de\/\",\"logo\":{\"@type\":\"ImageObject\",\"inLanguage\":\"de\",\"@id\":\"https:\/\/now-news.de\/de\/#\/schema\/logo\/image\/\",\"url\":\"http:\/\/just-now.news\/de\/wp-content\/uploads\/sites\/3\/2022\/04\/logo500x500.jpg\",\"contentUrl\":\"http:\/\/just-now.news\/de\/wp-content\/uploads\/sites\/3\/2022\/04\/logo500x500.jpg\",\"width\":500,\"height\":500,\"caption\":\"Just Now News\"},\"image\":{\"@id\":\"https:\/\/now-news.de\/de\/#\/schema\/logo\/image\/\"},\"sameAs\":[\"https:\/\/www.facebook.com\/wirmachenauf\",\"https:\/\/x.com\/WirMachenAuf_de\"]},{\"@type\":\"Person\",\"@id\":\"https:\/\/now-news.de\/de\/#\/schema\/person\/fb534a4e865501d8b3285208df34a9b5\",\"name\":\"rtnews\",\"image\":{\"@type\":\"ImageObject\",\"inLanguage\":\"de\",\"@id\":\"https:\/\/now-news.de\/de\/#\/schema\/person\/image\/\",\"url\":\"https:\/\/secure.gravatar.com\/avatar\/82aafea7d8127119dd649515f56e2117?s=96&d=mm&r=g\",\"contentUrl\":\"https:\/\/secure.gravatar.com\/avatar\/82aafea7d8127119dd649515f56e2117?s=96&d=mm&r=g\",\"caption\":\"rtnews\"},\"url\":\"https:\/\/now-news.de\/de\/author\/rnews\/\"}]}<\/script>\n<!-- \/ Yoast SEO Premium plugin. -->","yoast_head_json":{"title":"Das Grauen von Gaza und die deutsche Staatsr\u00e4son - just-now.NEWS Deutschland","robots":{"index":"index","follow":"follow","max-snippet":"max-snippet:-1","max-image-preview":"max-image-preview:large","max-video-preview":"max-video-preview:-1"},"canonical":"https:\/\/now-news.de\/de\/deutschland\/das-grauen-von-gaza-und-die-deutsche-staatsraeson\/","og_locale":"de_DE","og_type":"article","og_title":"Das Grauen von Gaza und die deutsche Staatsr\u00e4son","og_description":"Die grauenhaften Bilder aus Gaza m\u00fcssen nicht weiter kommentiert werden. Die einzige Frage lautet, warum die t\u00e4glich dokumentierten Verbrechen Israels ungebremst fortgesetzt werden k\u00f6nnen. Deutsche Politik und Medien argumentieren \u2012 sich windend \u2012 mit Gr\u00fcnden der &#8220;Staatsr\u00e4son&#8221;, also der (Er)Duldung von Leid, Elend und Tod. Von Bernhard Loyen Im Leitfaden f\u00fcr die Mitarbeiter des Springer-Verlags [&hellip;]","og_url":"https:\/\/now-news.de\/de\/deutschland\/das-grauen-von-gaza-und-die-deutsche-staatsraeson\/","og_site_name":"just-now.NEWS Deutschland","article_publisher":"https:\/\/www.facebook.com\/wirmachenauf","article_published_time":"2025-05-26T16:24:05+00:00","og_image":[{"url":"https:\/\/now-news.de\/de\/wp-content\/uploads\/sites\/3\/2025\/05\/68344563b480cc1f464a7b3f.jpg"}],"author":"rtnews","twitter_card":"summary_large_image","twitter_creator":"@WirMachenAuf_de","twitter_site":"@WirMachenAuf_de","twitter_misc":{"Verfasst von":"rtnews","Gesch\u00e4tzte Lesezeit":"9\u00a0Minuten"},"schema":{"@context":"https:\/\/schema.org","@graph":[{"@type":"Article","@id":"https:\/\/now-news.de\/de\/deutschland\/das-grauen-von-gaza-und-die-deutsche-staatsraeson\/#article","isPartOf":{"@id":"https:\/\/now-news.de\/de\/deutschland\/das-grauen-von-gaza-und-die-deutsche-staatsraeson\/"},"author":{"name":"rtnews","@id":"https:\/\/now-news.de\/de\/#\/schema\/person\/fb534a4e865501d8b3285208df34a9b5"},"headline":"Das Grauen von Gaza und die deutsche Staatsr\u00e4son","datePublished":"2025-05-26T16:24:05+00:00","dateModified":"2025-05-26T16:24:05+00:00","mainEntityOfPage":{"@id":"https:\/\/now-news.de\/de\/deutschland\/das-grauen-von-gaza-und-die-deutsche-staatsraeson\/"},"wordCount":1798,"commentCount":0,"publisher":{"@id":"https:\/\/now-news.de\/de\/#organization"},"image":{"@id":"https:\/\/now-news.de\/de\/deutschland\/das-grauen-von-gaza-und-die-deutsche-staatsraeson\/#primaryimage"},"thumbnailUrl":"https:\/\/now-news.de\/de\/wp-content\/uploads\/sites\/3\/2025\/05\/Das-Grauen-von-Gaza-und-die-deutsche-Staatsraeson.jpg","keywords":["das","Deutsche","die","Gaza","Grauen","Staatsr\u00e4son","und","von"],"articleSection":["Deutschland","Russland"],"inLanguage":"de","potentialAction":[{"@type":"CommentAction","name":"Comment","target":["https:\/\/now-news.de\/de\/deutschland\/das-grauen-von-gaza-und-die-deutsche-staatsraeson\/#respond"]}]},{"@type":"WebPage","@id":"https:\/\/now-news.de\/de\/deutschland\/das-grauen-von-gaza-und-die-deutsche-staatsraeson\/","url":"https:\/\/now-news.de\/de\/deutschland\/das-grauen-von-gaza-und-die-deutsche-staatsraeson\/","name":"Das Grauen von Gaza und die deutsche Staatsr\u00e4son - just-now.NEWS Deutschland","isPartOf":{"@id":"https:\/\/now-news.de\/de\/#website"},"primaryImageOfPage":{"@id":"https:\/\/now-news.de\/de\/deutschland\/das-grauen-von-gaza-und-die-deutsche-staatsraeson\/#primaryimage"},"image":{"@id":"https:\/\/now-news.de\/de\/deutschland\/das-grauen-von-gaza-und-die-deutsche-staatsraeson\/#primaryimage"},"thumbnailUrl":"https:\/\/now-news.de\/de\/wp-content\/uploads\/sites\/3\/2025\/05\/Das-Grauen-von-Gaza-und-die-deutsche-Staatsraeson.jpg","datePublished":"2025-05-26T16:24:05+00:00","dateModified":"2025-05-26T16:24:05+00:00","breadcrumb":{"@id":"https:\/\/now-news.de\/de\/deutschland\/das-grauen-von-gaza-und-die-deutsche-staatsraeson\/#breadcrumb"},"inLanguage":"de","potentialAction":[{"@type":"ReadAction","target":["https:\/\/now-news.de\/de\/deutschland\/das-grauen-von-gaza-und-die-deutsche-staatsraeson\/"]}]},{"@type":"ImageObject","inLanguage":"de","@id":"https:\/\/now-news.de\/de\/deutschland\/das-grauen-von-gaza-und-die-deutsche-staatsraeson\/#primaryimage","url":"https:\/\/now-news.de\/de\/wp-content\/uploads\/sites\/3\/2025\/05\/Das-Grauen-von-Gaza-und-die-deutsche-Staatsraeson.jpg","contentUrl":"https:\/\/now-news.de\/de\/wp-content\/uploads\/sites\/3\/2025\/05\/Das-Grauen-von-Gaza-und-die-deutsche-Staatsraeson.jpg","width":460,"height":259,"caption":"Das Grauen von Gaza und die deutsche Staatsr\u00e4son"},{"@type":"BreadcrumbList","@id":"https:\/\/now-news.de\/de\/deutschland\/das-grauen-von-gaza-und-die-deutsche-staatsraeson\/#breadcrumb","itemListElement":[{"@type":"ListItem","position":1,"name":"Home","item":"https:\/\/now-news.de\/de\/"},{"@type":"ListItem","position":2,"name":"Das Grauen von Gaza und die deutsche Staatsr\u00e4son"}]},{"@type":"WebSite","@id":"https:\/\/now-news.de\/de\/#website","url":"https:\/\/now-news.de\/de\/","name":"just-now.NEWS Deutschland","description":"Das Portal f\u00fcr unzensierte Nachrichten aus der Welt","publisher":{"@id":"https:\/\/now-news.de\/de\/#organization"},"potentialAction":[{"@type":"SearchAction","target":{"@type":"EntryPoint","urlTemplate":"https:\/\/now-news.de\/de\/?s={search_term_string}"},"query-input":"required name=search_term_string"}],"inLanguage":"de"},{"@type":"Organization","@id":"https:\/\/now-news.de\/de\/#organization","name":"Just Now News","url":"https:\/\/now-news.de\/de\/","logo":{"@type":"ImageObject","inLanguage":"de","@id":"https:\/\/now-news.de\/de\/#\/schema\/logo\/image\/","url":"http:\/\/just-now.news\/de\/wp-content\/uploads\/sites\/3\/2022\/04\/logo500x500.jpg","contentUrl":"http:\/\/just-now.news\/de\/wp-content\/uploads\/sites\/3\/2022\/04\/logo500x500.jpg","width":500,"height":500,"caption":"Just Now News"},"image":{"@id":"https:\/\/now-news.de\/de\/#\/schema\/logo\/image\/"},"sameAs":["https:\/\/www.facebook.com\/wirmachenauf","https:\/\/x.com\/WirMachenAuf_de"]},{"@type":"Person","@id":"https:\/\/now-news.de\/de\/#\/schema\/person\/fb534a4e865501d8b3285208df34a9b5","name":"rtnews","image":{"@type":"ImageObject","inLanguage":"de","@id":"https:\/\/now-news.de\/de\/#\/schema\/person\/image\/","url":"https:\/\/secure.gravatar.com\/avatar\/82aafea7d8127119dd649515f56e2117?s=96&d=mm&r=g","contentUrl":"https:\/\/secure.gravatar.com\/avatar\/82aafea7d8127119dd649515f56e2117?s=96&d=mm&r=g","caption":"rtnews"},"url":"https:\/\/now-news.de\/de\/author\/rnews\/"}]}},"_links":{"self":[{"href":"https:\/\/now-news.de\/de\/wp-json\/wp\/v2\/posts\/84487"}],"collection":[{"href":"https:\/\/now-news.de\/de\/wp-json\/wp\/v2\/posts"}],"about":[{"href":"https:\/\/now-news.de\/de\/wp-json\/wp\/v2\/types\/post"}],"author":[{"embeddable":true,"href":"https:\/\/now-news.de\/de\/wp-json\/wp\/v2\/users\/3"}],"replies":[{"embeddable":true,"href":"https:\/\/now-news.de\/de\/wp-json\/wp\/v2\/comments?post=84487"}],"version-history":[{"count":0,"href":"https:\/\/now-news.de\/de\/wp-json\/wp\/v2\/posts\/84487\/revisions"}],"wp:featuredmedia":[{"embeddable":true,"href":"https:\/\/now-news.de\/de\/wp-json\/wp\/v2\/media\/84488"}],"wp:attachment":[{"href":"https:\/\/now-news.de\/de\/wp-json\/wp\/v2\/media?parent=84487"}],"wp:term":[{"taxonomy":"category","embeddable":true,"href":"https:\/\/now-news.de\/de\/wp-json\/wp\/v2\/categories?post=84487"},{"taxonomy":"post_tag","embeddable":true,"href":"https:\/\/now-news.de\/de\/wp-json\/wp\/v2\/tags?post=84487"}],"curies":[{"name":"wp","href":"https:\/\/api.w.org\/{rel}","templated":true}]}}