{"id":84483,"date":"2025-05-26T17:36:57","date_gmt":"2025-05-26T15:36:57","guid":{"rendered":"https:\/\/now-news.de\/de\/deutschland\/nord-stream-kretschmer-fordert-reaktivierung-bsw-chefin-wagenknecht-ist-dafuer\/"},"modified":"2025-05-26T17:36:57","modified_gmt":"2025-05-26T15:36:57","slug":"nord-stream-kretschmer-fordert-reaktivierung-bsw-chefin-wagenknecht-ist-dafuer","status":"publish","type":"post","link":"https:\/\/now-news.de\/de\/deutschland\/nord-stream-kretschmer-fordert-reaktivierung-bsw-chefin-wagenknecht-ist-dafuer\/","title":{"rendered":"Nord Stream: Kretschmer fordert Reaktivierung \u2013 BSW-Chefin Wagenknecht ist daf\u00fcr"},"content":{"rendered":"<p><img decoding=\"async\" src=\"https:\/\/now-news.de\/de\/wp-content\/uploads\/sites\/3\/2025\/05\/68346fe848fbef37d969a7f7.jpg\" \/><\/p>\n<div class=\"Text-root Text-type_1 \">\n                Sachsens Ministerpr\u00e4sident Michael Kretschmer will eine Reaktivierung der Nord-Stream-Pipelines als &#8220;Hebel&#8221; nutzen, um mit Russland ins Gespr\u00e4ch zu kommen. Zudem sei deren Wiederinbetriebnahme angesichts der hohen Energiepreise auch f\u00fcr Deutschland erstrebenswert, so der CDU-Mann. Unterst\u00fctzt wird sein Vorschlag von BSW-Chefin Sahra Wagenknecht.\n            <\/div>\n<p><\/p>\n<div class=\"Text-root Text-type_5 ArticleView-text ViewText-root \">\n<p>In <a rel=\"nofollow noopener\" target=\"_blank\" href=\"https:\/\/archive.is\/fsZNc#selection-2147.0-2229.424\">einem Interview<\/a> mit <em>Zeit Online<\/em> pl\u00e4diert Sachsens Ministerpr\u00e4sident\u00a0Michael Kretschmer f\u00fcr einen Strategiewechsel, um mit Russland ins Gespr\u00e4ch zu kommen und Friedensverhandlungen voranzubringen. Dabei grenzt sich der CDU-Politiker von der Sprache der Ultimaten ab, wie\u00a0sie j\u00fcngst Bundeskanzler Friedrich Merz erfolglos zur Anwendung gebracht hatte.\u00a0<\/p>\n<p>Es gebe &#8220;zwei unterschiedliche Arten, ins Gespr\u00e4ch zu kommen&#8221;, merkte Kretschmer dazu an. &#8220;Entweder man versucht, Russland zu zwingen, wie es bislang der Fall war, oder man versucht einen positiven Ansatz&#8221;, so der 50-J\u00e4hrige.<\/p>\n<p>Man m\u00fcsse sich fragen, unter welchen Bedingungen Russland &#8220;\u00fcberhaupt mit uns reden wollte&#8221; und &#8220;was in einem Dialog mit Deutschland und Europa&#8221; f\u00fcr Russlands Pr\u00e4sidenten Wladimir Putin interessant w\u00e4re. &#8220;Solange wir sagen: Wir wollen nichts, wir wollen keine Gaslieferungen, wir verh\u00e4ngen nur noch Sanktionen, muss man auch nicht mit uns reden.&#8221;<\/p>\n<p>Der Ministerpr\u00e4sident\u00a0brachte in diesem Zusammenhang die\u00a0Ostseepipeline\u00a0Nord Stream ins Spiel, die man eines Tages wieder aktivieren k\u00f6nne. Denn Energie sei &#8220;ein Hebel&#8221; f\u00fcr Gespr\u00e4che. &#8220;Dass Putin Gespr\u00e4che mit China, mit Indien und mit anderen BRICS-Staaten f\u00fchrt, liegt doch an den wirtschaftlichen Interessen Russlands,&#8221; f\u00fchrte der CDU-Politiker dazu aus.\u00a0Nord Stream sei eine &#8220;m\u00f6gliche Er\u00f6ffnung f\u00fcr ein Gespr\u00e4ch mit Russland&#8221;. Und er f\u00fcgte hinzu:<\/p>\n<p><em> &#8220;Nicht umsonst ist so etwas im Kreise von Diplomaten in Br\u00fcssel vor einigen Monaten sehr intensiv besprochen worden.&#8221;<\/em><\/p>\n<p>Er stellt die Frage in den Raum, ob man es sich erlauben k\u00f6nne, am\u00a0Status quo der Russlandpolitik festzuhalten. Nicht zuletzt, weil\u00a0Nord Stream auch f\u00fcr Deutschland &#8220;eine starke wirtschaftliche Komponente&#8221; habe.<\/p>\n<p><em>&#8220;Ich sehe die wirtschaftliche Lage \u2013 und mache mir Sorgen, wie wir wirtschaftlich stark bleiben k\u00f6nnen. Die Produktionskosten sind zu hoch. Ich warne seit Langem vor einer Abwanderung von Firmen, die bei uns nun tats\u00e4chlich beginnt. Die Frage der Energiepreise ist dabei so zentral, die kann man nicht beiseiteschieben.&#8221;<\/em><\/p>\n<p>Bedenken, man begebe sich in eine erneute\u00a0Abh\u00e4ngigkeit von russischem Gas, l\u00e4sst Kretschmer dabei nicht gelten. Denn es\u00a0w\u00fcrde keine Abh\u00e4ngigkeit in diesem Ma\u00dfe von russischem Gas mehr geben. Aber es w\u00fcrde Deutschlands Situation schon sehr verbessern, &#8220;wenn man etwa 20 Prozent des Gases aus Russland holt&#8221;, so der Ministerpr\u00e4sident, der jedoch konstatiert, &#8220;dass es momentan keine Bereitschaft zu einem Strategiewechsel &#8221; gebe. Kretschmer ist sich allerdings sicher:<\/p>\n<p><em>&#8220;Wenn die wirtschaftliche Entwicklung so voranschreitet, werden wir in ein, zwei Jahren gezwungen sein, unseren Kurs zu \u00e4ndern.&#8221;<\/em><\/p>\n<p>Im September 2022 waren drei der vier Str\u00e4nge der Pipeline Nord Stream 1 und 2 durch einen Bombenanschlag zerst\u00f6rt worden, f\u00fcr den die Generalbundesanwaltschaft Ukrainer verantwortlich macht, die im Auftrag der milit\u00e4rischen F\u00fchrung den gr\u00f6\u00dften Terrorakt auf Infrastruktur in Europa seit dem Zweiten Weltkrieg ausgef\u00fchrt haben sollen. Viele Bobachter, darunter der US-Enth\u00fcllungsjournalist Seymour Hersh, sind jedoch der Ansicht, dass die damalige US-Regierung unter Joe Biden f\u00fcr den Anschlag verantwortlich ist.\u00a0<\/p>\n<p><strong><\/strong><\/p>\n<p><strong>Kanzler Merz will Reaktivierung der Pipelines verhindern<\/strong><\/p>\n<p>Laut <a rel=\"nofollow noopener\" target=\"_blank\" href=\"https:\/\/freedert.online\/wirtschaft\/238543-usa-uebernehmen-nord-streams\/\">einem Bericht<\/a> der\u00a0<em>Financial Times (FT)<\/em>\u00a0vor zwei Monaten versuchen derzeit US-amerikanische und russische Gesch\u00e4ftsleute, die sich in Privatbesitz befindlichen Pipelines wieder in Betrieb zu nehmen.\u00a0Der Plan sieht vor, wieder Gas aus Russland \u00fcber die 1.200 Kilometer lange Pipeline nach Lubmin in Mecklenburg-Vorpommern zu leiten. Die USA sollen dabei als Zwischenh\u00e4ndler\u00a0fungieren und den Fluss des Energietr\u00e4gers kontrollieren. Der Deal k\u00f6nnte den Vereinigten Staaten\u00a0&#8220;eine beispiellose\u00a0Kontrolle\u00a0\u00fcber die\u00a0Energieversorgung Europas\u00a0verschaffen&#8221;, so die US-Zeitung.<\/p>\n<p>&#8220;Dann stehen wir vor der Wahl, entweder amerikanisches LNG-Gas, was sehr umweltsch\u00e4dlich ist, \u00fcber einen langen Seeweg zu kaufen, sehr teuer. Oder\u00a0die Amerikaner verkaufen uns russisches Gas \u00fcber Lubmin, also \u00fcber eine Infrastruktur, die urspr\u00fcnglich die Deutschen mitgebaut haben&#8221;, <a rel=\"nofollow noopener\" target=\"_blank\" href=\"https:\/\/www.radioeins.de\/programm\/sendungen\/der_schoene_morgen\/kommentar\/friedrich-kueppersbusch-kretschmer-nordstream-russland.html\">kommentierte<\/a> der Journalist und Medienunternehmer\u00a0Friedrich K\u00fcppersbusch am Montag diese Pl\u00e4ne der Amerikaner.\u00a0<\/p>\n<p>Dass es dazu nicht kommt, daf\u00fcr wollen Friedrich Merz und seine Parteikollegin Ursula von der Leyen sorgen. Die EU-Kommissionschefin hatte nach Gespr\u00e4chen mit dem Bundeskanzler Nord Stream als Teil eines &#8220;neuen Sanktionspakets&#8221; gegen Russland erw\u00e4hnt.\u00a0<\/p>\n<p>Berlin und Br\u00fcssel wollen eine Wiederinbetriebnahme der Pipelines durch die USA unbedingt verhindern \u2013 allerdings nicht aus Sorge vor einer Abh\u00e4ngigkeit von den\u00a0Vereinigten Staaten und dem Bestreben Washingtons, die Kontrolle \u00fcber die europ\u00e4ische Energieinfrastruktur zu erlangen. Hinter dem Bestreben steckt vielmehr die Absicht, s\u00e4mtliche russischen Energieexporte in die EU zu stoppen \u2013 was die Wettbewerbsf\u00e4higkeit der europ\u00e4ischen Wirtschaft weiter schw\u00e4chen und die Abh\u00e4ngigkeit von den USA weiter erh\u00f6hen d\u00fcrfte.\u00a0<\/p>\n<p>In Berlin hofft man jedenfalls, dass die Amerikaner bei der Verhinderung der\u00a0Wiederinbetriebnahme der Ostsee-Gasr\u00f6hren mitspielen werden.\u00a0&#8220;Die Bundesregierung unterst\u00fctzt die Elemente [der Sanktionen], die Nord Stream betreffen&#8221;, sagte Regierungssprecher Stefan Kornelius vor einer Woche nach entsprechenden \u00c4u\u00dferung der EU-Kommissionspr\u00e4sidentin. &#8220;Ganz zentral ist nat\u00fcrlich auch, dass die USA ein potenzielles Sanktionspaket begleiten werden&#8221;, f\u00fcgte er hinzu.<\/p>\n<p>W\u00e4hrend sich Merz klar gegen die Ambitionen seines Parteikollegen Kretschmer positioniert hat, erh\u00e4lt Sachsens Ministerpr\u00e4sident Unterst\u00fctzung von Sahra Wagenknecht. &#8220;Wir brauchen preiswerte Energie, um die Wirtschaftskrise zu \u00fcberwinden und die Deindustrialisierung unseres Landes abzuwenden. Anstatt wie derzeit teures Fl\u00fcssiggas aus den USA, aber auch aus Russland zu beziehen, sollten die Pipelines reaktiviert werden&#8221;, forderte die BSW-Chefin. Sie empfahl Kretschmer, eine Bundesratsinitiative zu starten und sagte daf\u00fcr die Unterst\u00fctzung ihrer Partei zu.<\/p>\n<p><strong>Mehr zum Thema<\/strong> &#8211; <a rel=\"nofollow noopener\" target=\"_blank\" href=\"https:\/\/freedert.online\/inland\/241355-gasbezug-ueber-nord-stream-cdu\/\">Gasbezug \u00fcber Nord Stream: CDU Politiker rudert zur\u00fcck \u2012 gr\u00fcne Ideologen setzen sich durch<\/a><\/p>\n<div class=\"EmbedBlock-root EmbedBlock-externalVideo EmbedBlock-rumble\">\n<div class=\"VkEmbed\"><iframe class=\"lazyload\" data-src=\"https:\/\/rumble.com\/embed\/v6pjl4l\" frameborder=\"0\" width=\"853\" height=\"480\" allowfullscreen><\/iframe><\/div>\n<\/div>\n<\/div>\n<p><br \/>\n<br \/><a href=\"https:\/\/de.rt.com\/inland\/245974-kretschmer-fordert-reaktivierung-von-nord\/\">Source link <\/a><\/p>\n","protected":false},"excerpt":{"rendered":"<p>Sachsens Ministerpr\u00e4sident Michael Kretschmer will eine Reaktivierung der Nord-Stream-Pipelines als &#8220;Hebel&#8221; nutzen, um mit Russland ins Gespr\u00e4ch zu kommen. Zudem sei deren Wiederinbetriebnahme angesichts der hohen Energiepreise auch f\u00fcr Deutschland erstrebenswert, so der CDU-Mann. Unterst\u00fctzt wird sein Vorschlag von BSW-Chefin Sahra Wagenknecht. In einem Interview mit Zeit Online pl\u00e4diert Sachsens Ministerpr\u00e4sident\u00a0Michael Kretschmer f\u00fcr einen Strategiewechsel, [&hellip;]<\/p>\n","protected":false},"author":3,"featured_media":84484,"comment_status":"open","ping_status":"open","sticky":false,"template":"","format":"standard","meta":{"_yoast_indexnow_last_ping":["1748273921"],"wp_automatic_camp":["217"],"0244a2aba1190b4cff74c72cadc734e4":["Nord Stream: Kretschmer fordert Reaktivierung \u2013 BSW-Chefin Wagenknecht ist daf\u00fcr"],"original_link":["https:\/\/de.rt.com\/inland\/245974-kretschmer-fordert-reaktivierung-von-nord\/"],"_thumbnail_id":["84484"],"_wptgpro_p2tg_sent2tg":["a:1:{i:23737;s:19:\"2025-05-26 17:39:38\";}"],"jnews_social_counter_last_update":["1777225803"]},"categories":[19,23],"tags":[57293,18043,355,414,1857,11408,65260,8951,17968],"yoast_head":"<!-- This site is optimized with the Yoast SEO Premium plugin v22.7 (Yoast SEO v22.7) - https:\/\/yoast.com\/wordpress\/plugins\/seo\/ -->\n<title>Nord Stream: Kretschmer fordert Reaktivierung \u2013 BSW-Chefin Wagenknecht ist daf\u00fcr - just-now.NEWS Deutschland<\/title>\n<meta name=\"robots\" content=\"index, follow, max-snippet:-1, max-image-preview:large, max-video-preview:-1\" \/>\n<link rel=\"canonical\" href=\"https:\/\/now-news.de\/de\/deutschland\/nord-stream-kretschmer-fordert-reaktivierung-bsw-chefin-wagenknecht-ist-dafuer\/\" \/>\n<meta property=\"og:locale\" content=\"de_DE\" \/>\n<meta property=\"og:type\" content=\"article\" \/>\n<meta property=\"og:title\" content=\"Nord Stream: Kretschmer fordert Reaktivierung \u2013 BSW-Chefin Wagenknecht ist daf\u00fcr\" \/>\n<meta property=\"og:description\" content=\"Sachsens Ministerpr\u00e4sident Michael Kretschmer will eine Reaktivierung der Nord-Stream-Pipelines als &#8220;Hebel&#8221; nutzen, um mit Russland ins Gespr\u00e4ch zu kommen. Zudem sei deren Wiederinbetriebnahme angesichts der hohen Energiepreise auch f\u00fcr Deutschland erstrebenswert, so der CDU-Mann. Unterst\u00fctzt wird sein Vorschlag von BSW-Chefin Sahra Wagenknecht. In einem Interview mit Zeit Online pl\u00e4diert Sachsens Ministerpr\u00e4sident\u00a0Michael Kretschmer f\u00fcr einen Strategiewechsel, [&hellip;]\" \/>\n<meta property=\"og:url\" content=\"https:\/\/now-news.de\/de\/deutschland\/nord-stream-kretschmer-fordert-reaktivierung-bsw-chefin-wagenknecht-ist-dafuer\/\" \/>\n<meta property=\"og:site_name\" content=\"just-now.NEWS Deutschland\" \/>\n<meta property=\"article:publisher\" content=\"https:\/\/www.facebook.com\/wirmachenauf\" \/>\n<meta property=\"article:published_time\" content=\"2025-05-26T15:36:57+00:00\" \/>\n<meta property=\"og:image\" content=\"https:\/\/now-news.de\/de\/wp-content\/uploads\/sites\/3\/2025\/05\/68346fe848fbef37d969a7f7.jpg\" \/>\n<meta name=\"author\" content=\"rtnews\" \/>\n<meta name=\"twitter:card\" content=\"summary_large_image\" \/>\n<meta name=\"twitter:creator\" content=\"@WirMachenAuf_de\" \/>\n<meta name=\"twitter:site\" content=\"@WirMachenAuf_de\" \/>\n<meta name=\"twitter:label1\" content=\"Verfasst von\" \/>\n\t<meta name=\"twitter:data1\" content=\"rtnews\" \/>\n\t<meta name=\"twitter:label2\" content=\"Gesch\u00e4tzte Lesezeit\" \/>\n\t<meta name=\"twitter:data2\" content=\"5\u00a0Minuten\" \/>\n<script type=\"application\/ld+json\" class=\"yoast-schema-graph\">{\"@context\":\"https:\/\/schema.org\",\"@graph\":[{\"@type\":\"Article\",\"@id\":\"https:\/\/now-news.de\/de\/deutschland\/nord-stream-kretschmer-fordert-reaktivierung-bsw-chefin-wagenknecht-ist-dafuer\/#article\",\"isPartOf\":{\"@id\":\"https:\/\/now-news.de\/de\/deutschland\/nord-stream-kretschmer-fordert-reaktivierung-bsw-chefin-wagenknecht-ist-dafuer\/\"},\"author\":{\"name\":\"rtnews\",\"@id\":\"https:\/\/now-news.de\/de\/#\/schema\/person\/fb534a4e865501d8b3285208df34a9b5\"},\"headline\":\"Nord Stream: Kretschmer fordert Reaktivierung \u2013 BSW-Chefin Wagenknecht ist daf\u00fcr\",\"datePublished\":\"2025-05-26T15:36:57+00:00\",\"dateModified\":\"2025-05-26T15:36:57+00:00\",\"mainEntityOfPage\":{\"@id\":\"https:\/\/now-news.de\/de\/deutschland\/nord-stream-kretschmer-fordert-reaktivierung-bsw-chefin-wagenknecht-ist-dafuer\/\"},\"wordCount\":968,\"commentCount\":0,\"publisher\":{\"@id\":\"https:\/\/now-news.de\/de\/#organization\"},\"image\":{\"@id\":\"https:\/\/now-news.de\/de\/deutschland\/nord-stream-kretschmer-fordert-reaktivierung-bsw-chefin-wagenknecht-ist-dafuer\/#primaryimage\"},\"thumbnailUrl\":\"https:\/\/now-news.de\/de\/wp-content\/uploads\/sites\/3\/2025\/05\/Nord-Stream-Kretschmer-fordert-Reaktivierung-\u2013-BSW-Chefin-Wagenknecht-ist-dafuer.jpg\",\"keywords\":[\"BSWChefin\",\"daf\u00fcr\",\"fordert\",\"ist\",\"Kretschmer\",\"Nord\",\"Reaktivierung\",\"stream\",\"Wagenknecht\"],\"articleSection\":[\"Deutschland\",\"Russland\"],\"inLanguage\":\"de\",\"potentialAction\":[{\"@type\":\"CommentAction\",\"name\":\"Comment\",\"target\":[\"https:\/\/now-news.de\/de\/deutschland\/nord-stream-kretschmer-fordert-reaktivierung-bsw-chefin-wagenknecht-ist-dafuer\/#respond\"]}]},{\"@type\":\"WebPage\",\"@id\":\"https:\/\/now-news.de\/de\/deutschland\/nord-stream-kretschmer-fordert-reaktivierung-bsw-chefin-wagenknecht-ist-dafuer\/\",\"url\":\"https:\/\/now-news.de\/de\/deutschland\/nord-stream-kretschmer-fordert-reaktivierung-bsw-chefin-wagenknecht-ist-dafuer\/\",\"name\":\"Nord Stream: Kretschmer fordert Reaktivierung \u2013 BSW-Chefin Wagenknecht ist daf\u00fcr - just-now.NEWS Deutschland\",\"isPartOf\":{\"@id\":\"https:\/\/now-news.de\/de\/#website\"},\"primaryImageOfPage\":{\"@id\":\"https:\/\/now-news.de\/de\/deutschland\/nord-stream-kretschmer-fordert-reaktivierung-bsw-chefin-wagenknecht-ist-dafuer\/#primaryimage\"},\"image\":{\"@id\":\"https:\/\/now-news.de\/de\/deutschland\/nord-stream-kretschmer-fordert-reaktivierung-bsw-chefin-wagenknecht-ist-dafuer\/#primaryimage\"},\"thumbnailUrl\":\"https:\/\/now-news.de\/de\/wp-content\/uploads\/sites\/3\/2025\/05\/Nord-Stream-Kretschmer-fordert-Reaktivierung-\u2013-BSW-Chefin-Wagenknecht-ist-dafuer.jpg\",\"datePublished\":\"2025-05-26T15:36:57+00:00\",\"dateModified\":\"2025-05-26T15:36:57+00:00\",\"breadcrumb\":{\"@id\":\"https:\/\/now-news.de\/de\/deutschland\/nord-stream-kretschmer-fordert-reaktivierung-bsw-chefin-wagenknecht-ist-dafuer\/#breadcrumb\"},\"inLanguage\":\"de\",\"potentialAction\":[{\"@type\":\"ReadAction\",\"target\":[\"https:\/\/now-news.de\/de\/deutschland\/nord-stream-kretschmer-fordert-reaktivierung-bsw-chefin-wagenknecht-ist-dafuer\/\"]}]},{\"@type\":\"ImageObject\",\"inLanguage\":\"de\",\"@id\":\"https:\/\/now-news.de\/de\/deutschland\/nord-stream-kretschmer-fordert-reaktivierung-bsw-chefin-wagenknecht-ist-dafuer\/#primaryimage\",\"url\":\"https:\/\/now-news.de\/de\/wp-content\/uploads\/sites\/3\/2025\/05\/Nord-Stream-Kretschmer-fordert-Reaktivierung-\u2013-BSW-Chefin-Wagenknecht-ist-dafuer.jpg\",\"contentUrl\":\"https:\/\/now-news.de\/de\/wp-content\/uploads\/sites\/3\/2025\/05\/Nord-Stream-Kretschmer-fordert-Reaktivierung-\u2013-BSW-Chefin-Wagenknecht-ist-dafuer.jpg\",\"width\":460,\"height\":259,\"caption\":\"Nord Stream: Kretschmer fordert Reaktivierung \u2013 BSW-Chefin Wagenknecht ist daf\u00fcr\"},{\"@type\":\"BreadcrumbList\",\"@id\":\"https:\/\/now-news.de\/de\/deutschland\/nord-stream-kretschmer-fordert-reaktivierung-bsw-chefin-wagenknecht-ist-dafuer\/#breadcrumb\",\"itemListElement\":[{\"@type\":\"ListItem\",\"position\":1,\"name\":\"Home\",\"item\":\"https:\/\/now-news.de\/de\/\"},{\"@type\":\"ListItem\",\"position\":2,\"name\":\"Nord Stream: Kretschmer fordert Reaktivierung \u2013 BSW-Chefin Wagenknecht ist daf\u00fcr\"}]},{\"@type\":\"WebSite\",\"@id\":\"https:\/\/now-news.de\/de\/#website\",\"url\":\"https:\/\/now-news.de\/de\/\",\"name\":\"just-now.NEWS Deutschland\",\"description\":\"Das Portal f\u00fcr unzensierte Nachrichten aus der Welt\",\"publisher\":{\"@id\":\"https:\/\/now-news.de\/de\/#organization\"},\"potentialAction\":[{\"@type\":\"SearchAction\",\"target\":{\"@type\":\"EntryPoint\",\"urlTemplate\":\"https:\/\/now-news.de\/de\/?s={search_term_string}\"},\"query-input\":\"required name=search_term_string\"}],\"inLanguage\":\"de\"},{\"@type\":\"Organization\",\"@id\":\"https:\/\/now-news.de\/de\/#organization\",\"name\":\"Just Now News\",\"url\":\"https:\/\/now-news.de\/de\/\",\"logo\":{\"@type\":\"ImageObject\",\"inLanguage\":\"de\",\"@id\":\"https:\/\/now-news.de\/de\/#\/schema\/logo\/image\/\",\"url\":\"http:\/\/just-now.news\/de\/wp-content\/uploads\/sites\/3\/2022\/04\/logo500x500.jpg\",\"contentUrl\":\"http:\/\/just-now.news\/de\/wp-content\/uploads\/sites\/3\/2022\/04\/logo500x500.jpg\",\"width\":500,\"height\":500,\"caption\":\"Just Now News\"},\"image\":{\"@id\":\"https:\/\/now-news.de\/de\/#\/schema\/logo\/image\/\"},\"sameAs\":[\"https:\/\/www.facebook.com\/wirmachenauf\",\"https:\/\/x.com\/WirMachenAuf_de\"]},{\"@type\":\"Person\",\"@id\":\"https:\/\/now-news.de\/de\/#\/schema\/person\/fb534a4e865501d8b3285208df34a9b5\",\"name\":\"rtnews\",\"image\":{\"@type\":\"ImageObject\",\"inLanguage\":\"de\",\"@id\":\"https:\/\/now-news.de\/de\/#\/schema\/person\/image\/\",\"url\":\"https:\/\/secure.gravatar.com\/avatar\/82aafea7d8127119dd649515f56e2117?s=96&d=mm&r=g\",\"contentUrl\":\"https:\/\/secure.gravatar.com\/avatar\/82aafea7d8127119dd649515f56e2117?s=96&d=mm&r=g\",\"caption\":\"rtnews\"},\"url\":\"https:\/\/now-news.de\/de\/author\/rnews\/\"}]}<\/script>\n<!-- \/ Yoast SEO Premium plugin. -->","yoast_head_json":{"title":"Nord Stream: Kretschmer fordert Reaktivierung \u2013 BSW-Chefin Wagenknecht ist daf\u00fcr - just-now.NEWS Deutschland","robots":{"index":"index","follow":"follow","max-snippet":"max-snippet:-1","max-image-preview":"max-image-preview:large","max-video-preview":"max-video-preview:-1"},"canonical":"https:\/\/now-news.de\/de\/deutschland\/nord-stream-kretschmer-fordert-reaktivierung-bsw-chefin-wagenknecht-ist-dafuer\/","og_locale":"de_DE","og_type":"article","og_title":"Nord Stream: Kretschmer fordert Reaktivierung \u2013 BSW-Chefin Wagenknecht ist daf\u00fcr","og_description":"Sachsens Ministerpr\u00e4sident Michael Kretschmer will eine Reaktivierung der Nord-Stream-Pipelines als &#8220;Hebel&#8221; nutzen, um mit Russland ins Gespr\u00e4ch zu kommen. Zudem sei deren Wiederinbetriebnahme angesichts der hohen Energiepreise auch f\u00fcr Deutschland erstrebenswert, so der CDU-Mann. Unterst\u00fctzt wird sein Vorschlag von BSW-Chefin Sahra Wagenknecht. In einem Interview mit Zeit Online pl\u00e4diert Sachsens Ministerpr\u00e4sident\u00a0Michael Kretschmer f\u00fcr einen Strategiewechsel, [&hellip;]","og_url":"https:\/\/now-news.de\/de\/deutschland\/nord-stream-kretschmer-fordert-reaktivierung-bsw-chefin-wagenknecht-ist-dafuer\/","og_site_name":"just-now.NEWS Deutschland","article_publisher":"https:\/\/www.facebook.com\/wirmachenauf","article_published_time":"2025-05-26T15:36:57+00:00","og_image":[{"url":"https:\/\/now-news.de\/de\/wp-content\/uploads\/sites\/3\/2025\/05\/68346fe848fbef37d969a7f7.jpg"}],"author":"rtnews","twitter_card":"summary_large_image","twitter_creator":"@WirMachenAuf_de","twitter_site":"@WirMachenAuf_de","twitter_misc":{"Verfasst von":"rtnews","Gesch\u00e4tzte Lesezeit":"5\u00a0Minuten"},"schema":{"@context":"https:\/\/schema.org","@graph":[{"@type":"Article","@id":"https:\/\/now-news.de\/de\/deutschland\/nord-stream-kretschmer-fordert-reaktivierung-bsw-chefin-wagenknecht-ist-dafuer\/#article","isPartOf":{"@id":"https:\/\/now-news.de\/de\/deutschland\/nord-stream-kretschmer-fordert-reaktivierung-bsw-chefin-wagenknecht-ist-dafuer\/"},"author":{"name":"rtnews","@id":"https:\/\/now-news.de\/de\/#\/schema\/person\/fb534a4e865501d8b3285208df34a9b5"},"headline":"Nord Stream: Kretschmer fordert Reaktivierung \u2013 BSW-Chefin Wagenknecht ist daf\u00fcr","datePublished":"2025-05-26T15:36:57+00:00","dateModified":"2025-05-26T15:36:57+00:00","mainEntityOfPage":{"@id":"https:\/\/now-news.de\/de\/deutschland\/nord-stream-kretschmer-fordert-reaktivierung-bsw-chefin-wagenknecht-ist-dafuer\/"},"wordCount":968,"commentCount":0,"publisher":{"@id":"https:\/\/now-news.de\/de\/#organization"},"image":{"@id":"https:\/\/now-news.de\/de\/deutschland\/nord-stream-kretschmer-fordert-reaktivierung-bsw-chefin-wagenknecht-ist-dafuer\/#primaryimage"},"thumbnailUrl":"https:\/\/now-news.de\/de\/wp-content\/uploads\/sites\/3\/2025\/05\/Nord-Stream-Kretschmer-fordert-Reaktivierung-\u2013-BSW-Chefin-Wagenknecht-ist-dafuer.jpg","keywords":["BSWChefin","daf\u00fcr","fordert","ist","Kretschmer","Nord","Reaktivierung","stream","Wagenknecht"],"articleSection":["Deutschland","Russland"],"inLanguage":"de","potentialAction":[{"@type":"CommentAction","name":"Comment","target":["https:\/\/now-news.de\/de\/deutschland\/nord-stream-kretschmer-fordert-reaktivierung-bsw-chefin-wagenknecht-ist-dafuer\/#respond"]}]},{"@type":"WebPage","@id":"https:\/\/now-news.de\/de\/deutschland\/nord-stream-kretschmer-fordert-reaktivierung-bsw-chefin-wagenknecht-ist-dafuer\/","url":"https:\/\/now-news.de\/de\/deutschland\/nord-stream-kretschmer-fordert-reaktivierung-bsw-chefin-wagenknecht-ist-dafuer\/","name":"Nord Stream: Kretschmer fordert Reaktivierung \u2013 BSW-Chefin Wagenknecht ist daf\u00fcr - just-now.NEWS Deutschland","isPartOf":{"@id":"https:\/\/now-news.de\/de\/#website"},"primaryImageOfPage":{"@id":"https:\/\/now-news.de\/de\/deutschland\/nord-stream-kretschmer-fordert-reaktivierung-bsw-chefin-wagenknecht-ist-dafuer\/#primaryimage"},"image":{"@id":"https:\/\/now-news.de\/de\/deutschland\/nord-stream-kretschmer-fordert-reaktivierung-bsw-chefin-wagenknecht-ist-dafuer\/#primaryimage"},"thumbnailUrl":"https:\/\/now-news.de\/de\/wp-content\/uploads\/sites\/3\/2025\/05\/Nord-Stream-Kretschmer-fordert-Reaktivierung-\u2013-BSW-Chefin-Wagenknecht-ist-dafuer.jpg","datePublished":"2025-05-26T15:36:57+00:00","dateModified":"2025-05-26T15:36:57+00:00","breadcrumb":{"@id":"https:\/\/now-news.de\/de\/deutschland\/nord-stream-kretschmer-fordert-reaktivierung-bsw-chefin-wagenknecht-ist-dafuer\/#breadcrumb"},"inLanguage":"de","potentialAction":[{"@type":"ReadAction","target":["https:\/\/now-news.de\/de\/deutschland\/nord-stream-kretschmer-fordert-reaktivierung-bsw-chefin-wagenknecht-ist-dafuer\/"]}]},{"@type":"ImageObject","inLanguage":"de","@id":"https:\/\/now-news.de\/de\/deutschland\/nord-stream-kretschmer-fordert-reaktivierung-bsw-chefin-wagenknecht-ist-dafuer\/#primaryimage","url":"https:\/\/now-news.de\/de\/wp-content\/uploads\/sites\/3\/2025\/05\/Nord-Stream-Kretschmer-fordert-Reaktivierung-\u2013-BSW-Chefin-Wagenknecht-ist-dafuer.jpg","contentUrl":"https:\/\/now-news.de\/de\/wp-content\/uploads\/sites\/3\/2025\/05\/Nord-Stream-Kretschmer-fordert-Reaktivierung-\u2013-BSW-Chefin-Wagenknecht-ist-dafuer.jpg","width":460,"height":259,"caption":"Nord Stream: Kretschmer fordert Reaktivierung \u2013 BSW-Chefin Wagenknecht ist daf\u00fcr"},{"@type":"BreadcrumbList","@id":"https:\/\/now-news.de\/de\/deutschland\/nord-stream-kretschmer-fordert-reaktivierung-bsw-chefin-wagenknecht-ist-dafuer\/#breadcrumb","itemListElement":[{"@type":"ListItem","position":1,"name":"Home","item":"https:\/\/now-news.de\/de\/"},{"@type":"ListItem","position":2,"name":"Nord Stream: Kretschmer fordert Reaktivierung \u2013 BSW-Chefin Wagenknecht ist daf\u00fcr"}]},{"@type":"WebSite","@id":"https:\/\/now-news.de\/de\/#website","url":"https:\/\/now-news.de\/de\/","name":"just-now.NEWS Deutschland","description":"Das Portal f\u00fcr unzensierte Nachrichten aus der Welt","publisher":{"@id":"https:\/\/now-news.de\/de\/#organization"},"potentialAction":[{"@type":"SearchAction","target":{"@type":"EntryPoint","urlTemplate":"https:\/\/now-news.de\/de\/?s={search_term_string}"},"query-input":"required name=search_term_string"}],"inLanguage":"de"},{"@type":"Organization","@id":"https:\/\/now-news.de\/de\/#organization","name":"Just Now News","url":"https:\/\/now-news.de\/de\/","logo":{"@type":"ImageObject","inLanguage":"de","@id":"https:\/\/now-news.de\/de\/#\/schema\/logo\/image\/","url":"http:\/\/just-now.news\/de\/wp-content\/uploads\/sites\/3\/2022\/04\/logo500x500.jpg","contentUrl":"http:\/\/just-now.news\/de\/wp-content\/uploads\/sites\/3\/2022\/04\/logo500x500.jpg","width":500,"height":500,"caption":"Just Now News"},"image":{"@id":"https:\/\/now-news.de\/de\/#\/schema\/logo\/image\/"},"sameAs":["https:\/\/www.facebook.com\/wirmachenauf","https:\/\/x.com\/WirMachenAuf_de"]},{"@type":"Person","@id":"https:\/\/now-news.de\/de\/#\/schema\/person\/fb534a4e865501d8b3285208df34a9b5","name":"rtnews","image":{"@type":"ImageObject","inLanguage":"de","@id":"https:\/\/now-news.de\/de\/#\/schema\/person\/image\/","url":"https:\/\/secure.gravatar.com\/avatar\/82aafea7d8127119dd649515f56e2117?s=96&d=mm&r=g","contentUrl":"https:\/\/secure.gravatar.com\/avatar\/82aafea7d8127119dd649515f56e2117?s=96&d=mm&r=g","caption":"rtnews"},"url":"https:\/\/now-news.de\/de\/author\/rnews\/"}]}},"_links":{"self":[{"href":"https:\/\/now-news.de\/de\/wp-json\/wp\/v2\/posts\/84483"}],"collection":[{"href":"https:\/\/now-news.de\/de\/wp-json\/wp\/v2\/posts"}],"about":[{"href":"https:\/\/now-news.de\/de\/wp-json\/wp\/v2\/types\/post"}],"author":[{"embeddable":true,"href":"https:\/\/now-news.de\/de\/wp-json\/wp\/v2\/users\/3"}],"replies":[{"embeddable":true,"href":"https:\/\/now-news.de\/de\/wp-json\/wp\/v2\/comments?post=84483"}],"version-history":[{"count":0,"href":"https:\/\/now-news.de\/de\/wp-json\/wp\/v2\/posts\/84483\/revisions"}],"wp:featuredmedia":[{"embeddable":true,"href":"https:\/\/now-news.de\/de\/wp-json\/wp\/v2\/media\/84484"}],"wp:attachment":[{"href":"https:\/\/now-news.de\/de\/wp-json\/wp\/v2\/media?parent=84483"}],"wp:term":[{"taxonomy":"category","embeddable":true,"href":"https:\/\/now-news.de\/de\/wp-json\/wp\/v2\/categories?post=84483"},{"taxonomy":"post_tag","embeddable":true,"href":"https:\/\/now-news.de\/de\/wp-json\/wp\/v2\/tags?post=84483"}],"curies":[{"name":"wp","href":"https:\/\/api.w.org\/{rel}","templated":true}]}}