{"id":84458,"date":"2025-05-26T11:55:11","date_gmt":"2025-05-26T09:55:11","guid":{"rendered":"https:\/\/now-news.de\/de\/deutschland\/istanbul-gespraeche-ueber-ukraine-frage-werden-hinter-den-kulissen-weitergefuehrt\/"},"modified":"2025-05-26T11:55:11","modified_gmt":"2025-05-26T09:55:11","slug":"istanbul-gespraeche-ueber-ukraine-frage-werden-hinter-den-kulissen-weitergefuehrt","status":"publish","type":"post","link":"https:\/\/now-news.de\/de\/deutschland\/istanbul-gespraeche-ueber-ukraine-frage-werden-hinter-den-kulissen-weitergefuehrt\/","title":{"rendered":"Istanbul: Gespr\u00e4che \u00fcber Ukraine-Frage werden hinter den Kulissen weitergef\u00fchrt"},"content":{"rendered":"<p><img decoding=\"async\" src=\"https:\/\/now-news.de\/de\/wp-content\/uploads\/sites\/3\/2025\/05\/68341a9748fbef14937362b4.jpg\" \/><\/p>\n<div class=\"Text-root Text-type_1 \">\n                In Istanbul werde der Verhandlungsprozess \u00fcber die Beilegung des Ukraine-Konflikts auf informeller Ebene fortgesetzt. Dies berichtet &#8220;RIA Nowosti&#8221; unter Berufung auf eine diplomatische Quelle in Ankara. Die westlichen Sanktionen gegen Russland k\u00f6nnten ein Thema der Gespr\u00e4che werden.\n            <\/div>\n<p><\/p>\n<div class=\"Text-root Text-type_5 ArticleView-text ViewText-root \">\n<p>Die Gespr\u00e4che \u00fcber die Beilegung des Krieges in der Ukraine w\u00fcrden hinter den Kulissen im t\u00fcrkischen Istanbul weitergef\u00fchrt. Dies <a rel=\"nofollow noopener\" target=\"_blank\" href=\"https:\/\/ria.ru\/20250526\/turtsiya-2019036622.html\">teilte<\/a>\u00a0die Nachrichtenagentur <em>RIA Nowosti<\/em> am Montag\u00a0unter Bezugnahme auf eine diplomatische Quelle in Ankara mit. Gleichzeitig sei noch unklar, ob die n\u00e4chste Verhandlungsrunde ebenfalls in der T\u00fcrkei stattfinden werde. &#8220;Es ist noch nicht klar, wo genau die Gespr\u00e4che gef\u00fchrt werden. Istanbul ist nat\u00fcrlich ein geeigneter und zuverl\u00e4ssiger Verhandlungsort, der sich bew\u00e4hrt hat. Hinter den Kulissen wird verhandelt, aber bisher gibt es noch keine konkrete Information&#8221;, so der Gespr\u00e4chspartner gegen\u00fcber der Agentur.<\/p>\n<p>Auf die Frage von <em>RIA Nowosti<\/em>, ob die Gespr\u00e4che in der T\u00fcrkei, insbesondere in Istanbul, stattfinden k\u00f6nnten, erkl\u00e4rte die Quelle, dass &#8220;nichts ausgeschlossen werden kann.&#8221;<\/p>\n<blockquote>\n<p><em> &#8220;Sie wissen, dass die Entscheidung \u00fcber das Datum und den Ort dieser Gespr\u00e4che nicht von uns, d.h. nicht von der t\u00fcrkischen Seite, getroffen wird. Daher ist es besser, diese Frage an die Verhandlungsseiten zu richten.&#8221;<\/em><\/p>\n<\/blockquote>\n<p>Der Gespr\u00e4chspartner der Agentur \u00e4u\u00dferte\u00a0zudem die Meinung, dass die antirussischen Sanktionen des Westens irgendwann zum Gegenstand des Verhandlungsprozesses werden k\u00f6nnten. Alles werde jedoch von dem Verlauf der Gespr\u00e4che abh\u00e4ngen, und im Moment k\u00f6nne man keine Vorhersagen treffen, so die Quelle weiter.\u00a0<\/p>\n<p>Am Sonntag <a rel=\"nofollow noopener\" target=\"_blank\" href=\"https:\/\/tass.ru\/politika\/24040665\">teilte<\/a> die Nachrichtenagentur <em>TASS<\/em> unter Berufung auf einen Informanten mit, Istanbul sei derzeit der wahrscheinlichste Ort f\u00fcr die zweite Runde der direkten Gespr\u00e4che zwischen Moskau und Kiew.\u00a0&#8220;Der Vatikan wird aus mehreren Gr\u00fcnden, darunter auch aus logistischen Gr\u00fcnden, definitiv nicht der Ort f\u00fcr dieses Treffen sein. Die wahrscheinlichste Option ist im Moment Istanbul. Die Details sollten bald bekannt gegeben werden&#8221;,\u00a0erkl\u00e4rte der Gespr\u00e4chspartner gegen\u00fcber der Agentur.<\/p>\n<p>Am vergangenen Freitag <a rel=\"nofollow noopener\" target=\"_blank\" href=\"https:\/\/tass.ru\/politika\/24027601\">best\u00e4tigte<\/a> der russische Au\u00dfenminister Sergei Lawrow weitere Verhandlungen mit der Ukraine. Wann und wo ein Treffen stattfinden k\u00f6nnte, sei ihm zufolge noch nicht beschlossen. Bez\u00fcglich des Vatikans als Verhandlungsort \u00e4u\u00dferte sich Lawrow kritisch. Seiner Meinung nach w\u00e4re die Hauptstadt des Katholizismus kein\u00a0geeigneter Ort f\u00fcr Gespr\u00e4che zwischen zwei orthodoxen L\u00e4ndern.\u00a0<\/p>\n<p>Es gebe noch keine Entscheidung \u00fcber den n\u00e4chsten Verhandlungsort, <a rel=\"nofollow noopener\" target=\"_blank\" href=\"https:\/\/www.vedomosti.ru\/politics\/news\/2025\/05\/23\/1112196-kreml-ploschadka-dlya?from=copy_text\">erkl\u00e4rte<\/a> Kremlsprecher Dmitri Peskow am Freitag gegen\u00fcber Journalisten.\u00a0<\/p>\n<blockquote>\n<p><em>&#8220;Bislang gibt es keine Entscheidungen und Vereinbarungen \u00fcber die n\u00e4chste Verhandlungsplattform. Nat\u00fcrlich kann diese Entscheidung nicht von einer Partei getroffen werden. Sie erfordert die Zustimmung beider Seiten.&#8221;<\/em><\/p>\n<\/blockquote>\n<p>Die Delegationen Russlands und der Ukraine trafen sich am 16. Mai in Istanbul zum ersten Mal seit 2022. Das Treffen dauerte zwei Stunden. Moskau und Kiew einigten sich auf den Austausch von jeweils 1.000 Kriegsgefangenen und Zivilisten. Die humanit\u00e4re Aktion nahm drei Tage in Anspruch und endete am Sonntag. Russlands Verteidigungsministerium erkl\u00e4rte den Austausch f\u00fcr abgeschlossen und f\u00fcgte hinzu, insgesamt 880 russische Soldaten und 120 Zivilisten seien aus ukrainischer Gefangenschaft zur\u00fcckgeholt worden.<\/p>\n<p>Nach Angaben russischer Beamter wird Russland der Ukraine in K\u00fcrze ein Memorandum \u00fcberreichen, das die Grundlage f\u00fcr weitere Gespr\u00e4che zur L\u00f6sung des Konflikts bilden soll.<\/p>\n<p><strong>Mehr zum Thema &#8211;\u00a0<\/strong><a rel=\"nofollow noopener\" target=\"_blank\" href=\"https:\/\/freedert.online\/europa\/245926-lawrow-ukrainische-drohnenangriffe-auf-russland\/\">Lawrow: Ukrainische Drohnenangriffe auf Russland werden von EU-Eliten gef\u00f6rdert\u00a0<\/a><\/p>\n<div class=\"EmbedBlock-root EmbedBlock-externalVideo EmbedBlock-rumble\">\n<div class=\"VkEmbed\"><iframe class=\"lazyload\" data-src=\"https:\/\/rumble.com\/embed\/v6rmdsn\" frameborder=\"0\" width=\"853\" height=\"480\" allowfullscreen><\/iframe><\/div>\n<\/div>\n<\/div>\n<p><br \/>\n<br \/><a href=\"https:\/\/de.rt.com\/asien\/245953-istanbul-gespraeche-ueber-ukraine-frage\/\">Source link <\/a><\/p>\n","protected":false},"excerpt":{"rendered":"<p>In Istanbul werde der Verhandlungsprozess \u00fcber die Beilegung des Ukraine-Konflikts auf informeller Ebene fortgesetzt. Dies berichtet &#8220;RIA Nowosti&#8221; unter Berufung auf eine diplomatische Quelle in Ankara. Die westlichen Sanktionen gegen Russland k\u00f6nnten ein Thema der Gespr\u00e4che werden. Die Gespr\u00e4che \u00fcber die Beilegung des Krieges in der Ukraine w\u00fcrden hinter den Kulissen im t\u00fcrkischen Istanbul weitergef\u00fchrt. [&hellip;]<\/p>\n","protected":false},"author":3,"featured_media":84459,"comment_status":"open","ping_status":"open","sticky":false,"template":"","format":"standard","meta":{"_yoast_indexnow_last_ping":["1748253695"],"wp_automatic_camp":["217"],"1261657a8d905e19fdc491ac8ee0f925":["Istanbul: Gespr\u00e4che \u00fcber Ukraine-Frage werden hinter den Kulissen weitergef\u00fchrt"],"original_link":["https:\/\/de.rt.com\/asien\/245953-istanbul-gespraeche-ueber-ukraine-frage\/"],"_thumbnail_id":["84459"],"jnews_social_counter_last_update":["1777203325"],"_wptgpro_p2tg_sent2tg":["a:1:{i:23737;s:19:\"2025-05-26 12:02:41\";}"]},"categories":[19,23],"tags":[48,11231,4440,27964,41030,139,29219,65252,1040],"yoast_head":"<!-- This site is optimized with the Yoast SEO Premium plugin v22.7 (Yoast SEO v22.7) - https:\/\/yoast.com\/wordpress\/plugins\/seo\/ -->\n<title>Istanbul: Gespr\u00e4che \u00fcber Ukraine-Frage werden hinter den Kulissen weitergef\u00fchrt - just-now.NEWS Deutschland<\/title>\n<meta name=\"robots\" content=\"index, follow, max-snippet:-1, max-image-preview:large, max-video-preview:-1\" \/>\n<link rel=\"canonical\" href=\"https:\/\/now-news.de\/de\/deutschland\/istanbul-gespraeche-ueber-ukraine-frage-werden-hinter-den-kulissen-weitergefuehrt\/\" \/>\n<meta property=\"og:locale\" content=\"de_DE\" \/>\n<meta property=\"og:type\" content=\"article\" \/>\n<meta property=\"og:title\" content=\"Istanbul: Gespr\u00e4che \u00fcber Ukraine-Frage werden hinter den Kulissen weitergef\u00fchrt\" \/>\n<meta property=\"og:description\" content=\"In Istanbul werde der Verhandlungsprozess \u00fcber die Beilegung des Ukraine-Konflikts auf informeller Ebene fortgesetzt. Dies berichtet &#8220;RIA Nowosti&#8221; unter Berufung auf eine diplomatische Quelle in Ankara. Die westlichen Sanktionen gegen Russland k\u00f6nnten ein Thema der Gespr\u00e4che werden. Die Gespr\u00e4che \u00fcber die Beilegung des Krieges in der Ukraine w\u00fcrden hinter den Kulissen im t\u00fcrkischen Istanbul weitergef\u00fchrt. [&hellip;]\" \/>\n<meta property=\"og:url\" content=\"https:\/\/now-news.de\/de\/deutschland\/istanbul-gespraeche-ueber-ukraine-frage-werden-hinter-den-kulissen-weitergefuehrt\/\" \/>\n<meta property=\"og:site_name\" content=\"just-now.NEWS Deutschland\" \/>\n<meta property=\"article:publisher\" content=\"https:\/\/www.facebook.com\/wirmachenauf\" \/>\n<meta property=\"article:published_time\" content=\"2025-05-26T09:55:11+00:00\" \/>\n<meta property=\"og:image\" content=\"https:\/\/now-news.de\/de\/wp-content\/uploads\/sites\/3\/2025\/05\/68341a9748fbef14937362b4.jpg\" \/>\n<meta name=\"author\" content=\"rtnews\" \/>\n<meta name=\"twitter:card\" content=\"summary_large_image\" \/>\n<meta name=\"twitter:creator\" content=\"@WirMachenAuf_de\" \/>\n<meta name=\"twitter:site\" content=\"@WirMachenAuf_de\" \/>\n<meta name=\"twitter:label1\" content=\"Verfasst von\" \/>\n\t<meta name=\"twitter:data1\" content=\"rtnews\" \/>\n\t<meta name=\"twitter:label2\" content=\"Gesch\u00e4tzte Lesezeit\" \/>\n\t<meta name=\"twitter:data2\" content=\"3\u00a0Minuten\" \/>\n<script type=\"application\/ld+json\" class=\"yoast-schema-graph\">{\"@context\":\"https:\/\/schema.org\",\"@graph\":[{\"@type\":\"Article\",\"@id\":\"https:\/\/now-news.de\/de\/deutschland\/istanbul-gespraeche-ueber-ukraine-frage-werden-hinter-den-kulissen-weitergefuehrt\/#article\",\"isPartOf\":{\"@id\":\"https:\/\/now-news.de\/de\/deutschland\/istanbul-gespraeche-ueber-ukraine-frage-werden-hinter-den-kulissen-weitergefuehrt\/\"},\"author\":{\"name\":\"rtnews\",\"@id\":\"https:\/\/now-news.de\/de\/#\/schema\/person\/fb534a4e865501d8b3285208df34a9b5\"},\"headline\":\"Istanbul: Gespr\u00e4che \u00fcber Ukraine-Frage werden hinter den Kulissen weitergef\u00fchrt\",\"datePublished\":\"2025-05-26T09:55:11+00:00\",\"dateModified\":\"2025-05-26T09:55:11+00:00\",\"mainEntityOfPage\":{\"@id\":\"https:\/\/now-news.de\/de\/deutschland\/istanbul-gespraeche-ueber-ukraine-frage-werden-hinter-den-kulissen-weitergefuehrt\/\"},\"wordCount\":574,\"commentCount\":0,\"publisher\":{\"@id\":\"https:\/\/now-news.de\/de\/#organization\"},\"image\":{\"@id\":\"https:\/\/now-news.de\/de\/deutschland\/istanbul-gespraeche-ueber-ukraine-frage-werden-hinter-den-kulissen-weitergefuehrt\/#primaryimage\"},\"thumbnailUrl\":\"https:\/\/now-news.de\/de\/wp-content\/uploads\/sites\/3\/2025\/05\/Istanbul-Gespraeche-ueber-Ukraine-Frage-werden-hinter-den-Kulissen-weitergefuehrt.jpg\",\"keywords\":[\"den\",\"Gespr\u00e4che\",\"hinter\",\"Istanbul\",\"Kulissen\",\"\u00fcber\",\"UkraineFrage\",\"weitergef\u00fchrt\",\"Werden\"],\"articleSection\":[\"Deutschland\",\"Russland\"],\"inLanguage\":\"de\",\"potentialAction\":[{\"@type\":\"CommentAction\",\"name\":\"Comment\",\"target\":[\"https:\/\/now-news.de\/de\/deutschland\/istanbul-gespraeche-ueber-ukraine-frage-werden-hinter-den-kulissen-weitergefuehrt\/#respond\"]}]},{\"@type\":\"WebPage\",\"@id\":\"https:\/\/now-news.de\/de\/deutschland\/istanbul-gespraeche-ueber-ukraine-frage-werden-hinter-den-kulissen-weitergefuehrt\/\",\"url\":\"https:\/\/now-news.de\/de\/deutschland\/istanbul-gespraeche-ueber-ukraine-frage-werden-hinter-den-kulissen-weitergefuehrt\/\",\"name\":\"Istanbul: Gespr\u00e4che \u00fcber Ukraine-Frage werden hinter den Kulissen weitergef\u00fchrt - just-now.NEWS Deutschland\",\"isPartOf\":{\"@id\":\"https:\/\/now-news.de\/de\/#website\"},\"primaryImageOfPage\":{\"@id\":\"https:\/\/now-news.de\/de\/deutschland\/istanbul-gespraeche-ueber-ukraine-frage-werden-hinter-den-kulissen-weitergefuehrt\/#primaryimage\"},\"image\":{\"@id\":\"https:\/\/now-news.de\/de\/deutschland\/istanbul-gespraeche-ueber-ukraine-frage-werden-hinter-den-kulissen-weitergefuehrt\/#primaryimage\"},\"thumbnailUrl\":\"https:\/\/now-news.de\/de\/wp-content\/uploads\/sites\/3\/2025\/05\/Istanbul-Gespraeche-ueber-Ukraine-Frage-werden-hinter-den-Kulissen-weitergefuehrt.jpg\",\"datePublished\":\"2025-05-26T09:55:11+00:00\",\"dateModified\":\"2025-05-26T09:55:11+00:00\",\"breadcrumb\":{\"@id\":\"https:\/\/now-news.de\/de\/deutschland\/istanbul-gespraeche-ueber-ukraine-frage-werden-hinter-den-kulissen-weitergefuehrt\/#breadcrumb\"},\"inLanguage\":\"de\",\"potentialAction\":[{\"@type\":\"ReadAction\",\"target\":[\"https:\/\/now-news.de\/de\/deutschland\/istanbul-gespraeche-ueber-ukraine-frage-werden-hinter-den-kulissen-weitergefuehrt\/\"]}]},{\"@type\":\"ImageObject\",\"inLanguage\":\"de\",\"@id\":\"https:\/\/now-news.de\/de\/deutschland\/istanbul-gespraeche-ueber-ukraine-frage-werden-hinter-den-kulissen-weitergefuehrt\/#primaryimage\",\"url\":\"https:\/\/now-news.de\/de\/wp-content\/uploads\/sites\/3\/2025\/05\/Istanbul-Gespraeche-ueber-Ukraine-Frage-werden-hinter-den-Kulissen-weitergefuehrt.jpg\",\"contentUrl\":\"https:\/\/now-news.de\/de\/wp-content\/uploads\/sites\/3\/2025\/05\/Istanbul-Gespraeche-ueber-Ukraine-Frage-werden-hinter-den-Kulissen-weitergefuehrt.jpg\",\"width\":460,\"height\":259,\"caption\":\"Istanbul: Gespr\u00e4che \u00fcber Ukraine-Frage werden hinter den Kulissen weitergef\u00fchrt\"},{\"@type\":\"BreadcrumbList\",\"@id\":\"https:\/\/now-news.de\/de\/deutschland\/istanbul-gespraeche-ueber-ukraine-frage-werden-hinter-den-kulissen-weitergefuehrt\/#breadcrumb\",\"itemListElement\":[{\"@type\":\"ListItem\",\"position\":1,\"name\":\"Home\",\"item\":\"https:\/\/now-news.de\/de\/\"},{\"@type\":\"ListItem\",\"position\":2,\"name\":\"Istanbul: Gespr\u00e4che \u00fcber Ukraine-Frage werden hinter den Kulissen weitergef\u00fchrt\"}]},{\"@type\":\"WebSite\",\"@id\":\"https:\/\/now-news.de\/de\/#website\",\"url\":\"https:\/\/now-news.de\/de\/\",\"name\":\"just-now.NEWS Deutschland\",\"description\":\"Das Portal f\u00fcr unzensierte Nachrichten aus der Welt\",\"publisher\":{\"@id\":\"https:\/\/now-news.de\/de\/#organization\"},\"potentialAction\":[{\"@type\":\"SearchAction\",\"target\":{\"@type\":\"EntryPoint\",\"urlTemplate\":\"https:\/\/now-news.de\/de\/?s={search_term_string}\"},\"query-input\":\"required name=search_term_string\"}],\"inLanguage\":\"de\"},{\"@type\":\"Organization\",\"@id\":\"https:\/\/now-news.de\/de\/#organization\",\"name\":\"Just Now News\",\"url\":\"https:\/\/now-news.de\/de\/\",\"logo\":{\"@type\":\"ImageObject\",\"inLanguage\":\"de\",\"@id\":\"https:\/\/now-news.de\/de\/#\/schema\/logo\/image\/\",\"url\":\"http:\/\/just-now.news\/de\/wp-content\/uploads\/sites\/3\/2022\/04\/logo500x500.jpg\",\"contentUrl\":\"http:\/\/just-now.news\/de\/wp-content\/uploads\/sites\/3\/2022\/04\/logo500x500.jpg\",\"width\":500,\"height\":500,\"caption\":\"Just Now News\"},\"image\":{\"@id\":\"https:\/\/now-news.de\/de\/#\/schema\/logo\/image\/\"},\"sameAs\":[\"https:\/\/www.facebook.com\/wirmachenauf\",\"https:\/\/x.com\/WirMachenAuf_de\"]},{\"@type\":\"Person\",\"@id\":\"https:\/\/now-news.de\/de\/#\/schema\/person\/fb534a4e865501d8b3285208df34a9b5\",\"name\":\"rtnews\",\"image\":{\"@type\":\"ImageObject\",\"inLanguage\":\"de\",\"@id\":\"https:\/\/now-news.de\/de\/#\/schema\/person\/image\/\",\"url\":\"https:\/\/secure.gravatar.com\/avatar\/82aafea7d8127119dd649515f56e2117?s=96&d=mm&r=g\",\"contentUrl\":\"https:\/\/secure.gravatar.com\/avatar\/82aafea7d8127119dd649515f56e2117?s=96&d=mm&r=g\",\"caption\":\"rtnews\"},\"url\":\"https:\/\/now-news.de\/de\/author\/rnews\/\"}]}<\/script>\n<!-- \/ Yoast SEO Premium plugin. -->","yoast_head_json":{"title":"Istanbul: Gespr\u00e4che \u00fcber Ukraine-Frage werden hinter den Kulissen weitergef\u00fchrt - just-now.NEWS Deutschland","robots":{"index":"index","follow":"follow","max-snippet":"max-snippet:-1","max-image-preview":"max-image-preview:large","max-video-preview":"max-video-preview:-1"},"canonical":"https:\/\/now-news.de\/de\/deutschland\/istanbul-gespraeche-ueber-ukraine-frage-werden-hinter-den-kulissen-weitergefuehrt\/","og_locale":"de_DE","og_type":"article","og_title":"Istanbul: Gespr\u00e4che \u00fcber Ukraine-Frage werden hinter den Kulissen weitergef\u00fchrt","og_description":"In Istanbul werde der Verhandlungsprozess \u00fcber die Beilegung des Ukraine-Konflikts auf informeller Ebene fortgesetzt. Dies berichtet &#8220;RIA Nowosti&#8221; unter Berufung auf eine diplomatische Quelle in Ankara. Die westlichen Sanktionen gegen Russland k\u00f6nnten ein Thema der Gespr\u00e4che werden. Die Gespr\u00e4che \u00fcber die Beilegung des Krieges in der Ukraine w\u00fcrden hinter den Kulissen im t\u00fcrkischen Istanbul weitergef\u00fchrt. [&hellip;]","og_url":"https:\/\/now-news.de\/de\/deutschland\/istanbul-gespraeche-ueber-ukraine-frage-werden-hinter-den-kulissen-weitergefuehrt\/","og_site_name":"just-now.NEWS Deutschland","article_publisher":"https:\/\/www.facebook.com\/wirmachenauf","article_published_time":"2025-05-26T09:55:11+00:00","og_image":[{"url":"https:\/\/now-news.de\/de\/wp-content\/uploads\/sites\/3\/2025\/05\/68341a9748fbef14937362b4.jpg"}],"author":"rtnews","twitter_card":"summary_large_image","twitter_creator":"@WirMachenAuf_de","twitter_site":"@WirMachenAuf_de","twitter_misc":{"Verfasst von":"rtnews","Gesch\u00e4tzte Lesezeit":"3\u00a0Minuten"},"schema":{"@context":"https:\/\/schema.org","@graph":[{"@type":"Article","@id":"https:\/\/now-news.de\/de\/deutschland\/istanbul-gespraeche-ueber-ukraine-frage-werden-hinter-den-kulissen-weitergefuehrt\/#article","isPartOf":{"@id":"https:\/\/now-news.de\/de\/deutschland\/istanbul-gespraeche-ueber-ukraine-frage-werden-hinter-den-kulissen-weitergefuehrt\/"},"author":{"name":"rtnews","@id":"https:\/\/now-news.de\/de\/#\/schema\/person\/fb534a4e865501d8b3285208df34a9b5"},"headline":"Istanbul: Gespr\u00e4che \u00fcber Ukraine-Frage werden hinter den Kulissen weitergef\u00fchrt","datePublished":"2025-05-26T09:55:11+00:00","dateModified":"2025-05-26T09:55:11+00:00","mainEntityOfPage":{"@id":"https:\/\/now-news.de\/de\/deutschland\/istanbul-gespraeche-ueber-ukraine-frage-werden-hinter-den-kulissen-weitergefuehrt\/"},"wordCount":574,"commentCount":0,"publisher":{"@id":"https:\/\/now-news.de\/de\/#organization"},"image":{"@id":"https:\/\/now-news.de\/de\/deutschland\/istanbul-gespraeche-ueber-ukraine-frage-werden-hinter-den-kulissen-weitergefuehrt\/#primaryimage"},"thumbnailUrl":"https:\/\/now-news.de\/de\/wp-content\/uploads\/sites\/3\/2025\/05\/Istanbul-Gespraeche-ueber-Ukraine-Frage-werden-hinter-den-Kulissen-weitergefuehrt.jpg","keywords":["den","Gespr\u00e4che","hinter","Istanbul","Kulissen","\u00fcber","UkraineFrage","weitergef\u00fchrt","Werden"],"articleSection":["Deutschland","Russland"],"inLanguage":"de","potentialAction":[{"@type":"CommentAction","name":"Comment","target":["https:\/\/now-news.de\/de\/deutschland\/istanbul-gespraeche-ueber-ukraine-frage-werden-hinter-den-kulissen-weitergefuehrt\/#respond"]}]},{"@type":"WebPage","@id":"https:\/\/now-news.de\/de\/deutschland\/istanbul-gespraeche-ueber-ukraine-frage-werden-hinter-den-kulissen-weitergefuehrt\/","url":"https:\/\/now-news.de\/de\/deutschland\/istanbul-gespraeche-ueber-ukraine-frage-werden-hinter-den-kulissen-weitergefuehrt\/","name":"Istanbul: Gespr\u00e4che \u00fcber Ukraine-Frage werden hinter den Kulissen weitergef\u00fchrt - just-now.NEWS Deutschland","isPartOf":{"@id":"https:\/\/now-news.de\/de\/#website"},"primaryImageOfPage":{"@id":"https:\/\/now-news.de\/de\/deutschland\/istanbul-gespraeche-ueber-ukraine-frage-werden-hinter-den-kulissen-weitergefuehrt\/#primaryimage"},"image":{"@id":"https:\/\/now-news.de\/de\/deutschland\/istanbul-gespraeche-ueber-ukraine-frage-werden-hinter-den-kulissen-weitergefuehrt\/#primaryimage"},"thumbnailUrl":"https:\/\/now-news.de\/de\/wp-content\/uploads\/sites\/3\/2025\/05\/Istanbul-Gespraeche-ueber-Ukraine-Frage-werden-hinter-den-Kulissen-weitergefuehrt.jpg","datePublished":"2025-05-26T09:55:11+00:00","dateModified":"2025-05-26T09:55:11+00:00","breadcrumb":{"@id":"https:\/\/now-news.de\/de\/deutschland\/istanbul-gespraeche-ueber-ukraine-frage-werden-hinter-den-kulissen-weitergefuehrt\/#breadcrumb"},"inLanguage":"de","potentialAction":[{"@type":"ReadAction","target":["https:\/\/now-news.de\/de\/deutschland\/istanbul-gespraeche-ueber-ukraine-frage-werden-hinter-den-kulissen-weitergefuehrt\/"]}]},{"@type":"ImageObject","inLanguage":"de","@id":"https:\/\/now-news.de\/de\/deutschland\/istanbul-gespraeche-ueber-ukraine-frage-werden-hinter-den-kulissen-weitergefuehrt\/#primaryimage","url":"https:\/\/now-news.de\/de\/wp-content\/uploads\/sites\/3\/2025\/05\/Istanbul-Gespraeche-ueber-Ukraine-Frage-werden-hinter-den-Kulissen-weitergefuehrt.jpg","contentUrl":"https:\/\/now-news.de\/de\/wp-content\/uploads\/sites\/3\/2025\/05\/Istanbul-Gespraeche-ueber-Ukraine-Frage-werden-hinter-den-Kulissen-weitergefuehrt.jpg","width":460,"height":259,"caption":"Istanbul: Gespr\u00e4che \u00fcber Ukraine-Frage werden hinter den Kulissen weitergef\u00fchrt"},{"@type":"BreadcrumbList","@id":"https:\/\/now-news.de\/de\/deutschland\/istanbul-gespraeche-ueber-ukraine-frage-werden-hinter-den-kulissen-weitergefuehrt\/#breadcrumb","itemListElement":[{"@type":"ListItem","position":1,"name":"Home","item":"https:\/\/now-news.de\/de\/"},{"@type":"ListItem","position":2,"name":"Istanbul: Gespr\u00e4che \u00fcber Ukraine-Frage werden hinter den Kulissen weitergef\u00fchrt"}]},{"@type":"WebSite","@id":"https:\/\/now-news.de\/de\/#website","url":"https:\/\/now-news.de\/de\/","name":"just-now.NEWS Deutschland","description":"Das Portal f\u00fcr unzensierte Nachrichten aus der Welt","publisher":{"@id":"https:\/\/now-news.de\/de\/#organization"},"potentialAction":[{"@type":"SearchAction","target":{"@type":"EntryPoint","urlTemplate":"https:\/\/now-news.de\/de\/?s={search_term_string}"},"query-input":"required name=search_term_string"}],"inLanguage":"de"},{"@type":"Organization","@id":"https:\/\/now-news.de\/de\/#organization","name":"Just Now News","url":"https:\/\/now-news.de\/de\/","logo":{"@type":"ImageObject","inLanguage":"de","@id":"https:\/\/now-news.de\/de\/#\/schema\/logo\/image\/","url":"http:\/\/just-now.news\/de\/wp-content\/uploads\/sites\/3\/2022\/04\/logo500x500.jpg","contentUrl":"http:\/\/just-now.news\/de\/wp-content\/uploads\/sites\/3\/2022\/04\/logo500x500.jpg","width":500,"height":500,"caption":"Just Now News"},"image":{"@id":"https:\/\/now-news.de\/de\/#\/schema\/logo\/image\/"},"sameAs":["https:\/\/www.facebook.com\/wirmachenauf","https:\/\/x.com\/WirMachenAuf_de"]},{"@type":"Person","@id":"https:\/\/now-news.de\/de\/#\/schema\/person\/fb534a4e865501d8b3285208df34a9b5","name":"rtnews","image":{"@type":"ImageObject","inLanguage":"de","@id":"https:\/\/now-news.de\/de\/#\/schema\/person\/image\/","url":"https:\/\/secure.gravatar.com\/avatar\/82aafea7d8127119dd649515f56e2117?s=96&d=mm&r=g","contentUrl":"https:\/\/secure.gravatar.com\/avatar\/82aafea7d8127119dd649515f56e2117?s=96&d=mm&r=g","caption":"rtnews"},"url":"https:\/\/now-news.de\/de\/author\/rnews\/"}]}},"_links":{"self":[{"href":"https:\/\/now-news.de\/de\/wp-json\/wp\/v2\/posts\/84458"}],"collection":[{"href":"https:\/\/now-news.de\/de\/wp-json\/wp\/v2\/posts"}],"about":[{"href":"https:\/\/now-news.de\/de\/wp-json\/wp\/v2\/types\/post"}],"author":[{"embeddable":true,"href":"https:\/\/now-news.de\/de\/wp-json\/wp\/v2\/users\/3"}],"replies":[{"embeddable":true,"href":"https:\/\/now-news.de\/de\/wp-json\/wp\/v2\/comments?post=84458"}],"version-history":[{"count":0,"href":"https:\/\/now-news.de\/de\/wp-json\/wp\/v2\/posts\/84458\/revisions"}],"wp:featuredmedia":[{"embeddable":true,"href":"https:\/\/now-news.de\/de\/wp-json\/wp\/v2\/media\/84459"}],"wp:attachment":[{"href":"https:\/\/now-news.de\/de\/wp-json\/wp\/v2\/media?parent=84458"}],"wp:term":[{"taxonomy":"category","embeddable":true,"href":"https:\/\/now-news.de\/de\/wp-json\/wp\/v2\/categories?post=84458"},{"taxonomy":"post_tag","embeddable":true,"href":"https:\/\/now-news.de\/de\/wp-json\/wp\/v2\/tags?post=84458"}],"curies":[{"name":"wp","href":"https:\/\/api.w.org\/{rel}","templated":true}]}}