{"id":84452,"date":"2025-05-26T09:30:07","date_gmt":"2025-05-26T07:30:07","guid":{"rendered":"https:\/\/now-news.de\/de\/deutschland\/mein-privileg-dies-zu-tun-trump-verschiebt-beginn-der-eu-zoelle-vorerst-auf-den-9-juli\/"},"modified":"2025-05-26T09:30:07","modified_gmt":"2025-05-26T07:30:07","slug":"mein-privileg-dies-zu-tun-trump-verschiebt-beginn-der-eu-zoelle-vorerst-auf-den-9-juli","status":"publish","type":"post","link":"https:\/\/now-news.de\/de\/deutschland\/mein-privileg-dies-zu-tun-trump-verschiebt-beginn-der-eu-zoelle-vorerst-auf-den-9-juli\/","title":{"rendered":"&quot;Mein Privileg, dies zu tun&quot;: Trump verschiebt Beginn der EU-Z\u00f6lle vorerst auf den 9. Juli"},"content":{"rendered":"<p><img decoding=\"async\" src=\"https:\/\/now-news.de\/de\/wp-content\/uploads\/sites\/3\/2025\/05\/6834055748fbef11a7615c2c.jpg\" \/><\/p>\n<div class=\"Text-root Text-type_1 \">\n                Nach einem Telefonat zwischen US-Pr\u00e4sident Donald Trump und EU-Kommissionspr\u00e4sidentin Ursula von der Leyen wird der angek\u00fcndigte Start von angedrohten &#8220;50-Prozent-Z\u00f6llen&#8221; f\u00fcr EU-L\u00e4nder vorerst verschoben. Am Montag werden Vertreter aus Br\u00fcssel f\u00fcr weitere Verhandlungen in Washington erwartet.\n            <\/div>\n<p><\/p>\n<div class=\"Text-root Text-type_5 ArticleView-text ViewText-root \">\n<p>US-Pr\u00e4sident Donald Trump hat sich nach einem\u00a0Telefonat mit der Pr\u00e4sidentin der Europ\u00e4ischen Kommission, Ursula von der Leyen, am Sonntag bereit erkl\u00e4rt, die von ihm angek\u00fcndigten\u00a0Z\u00f6lle in H\u00f6he von 50 Prozent auf die EU vorerst bis zum 9. Juli aufzuschieben. Die Handelsgespr\u00e4che werden damit verl\u00e4ngert. F\u00fcr weitere Gespr\u00e4che wird laut Medien eine Delegation aus Br\u00fcssel zu Wochenbeginn in die USA reisen.<\/p>\n<p>Die EU-Kommissionspr\u00e4sidentin informierte Sonntagabend im Rahmen eines X-Beitrags zu den neuesten Entwicklungen im Handelsstreit der EU mit den USA. So hei\u00dft es:<\/p>\n<p><em>&#8220;Gutes Gespr\u00e4ch mit dem US-Pr\u00e4sidenten. Die EU und die USA haben die folgenreichsten und engsten Handelsbeziehungen der Welt. Europa ist bereit, die Gespr\u00e4che z\u00fcgig und entschlossen voranzutreiben. Um eine gute Einigung zu erzielen, brauchen wir die Zeit bis zum 9. Juli.<\/em><\/p>\n<div class=\"EmbedBlock-root EmbedBlock-twitter\">\n<div class=\"TwitterEmbed\">\n<blockquote class=\"twitter-tweet lazyload\" data-twitter=\"twitter-tweet\">\n<p lang=\"en\" dir=\"ltr\">Good call with <a rel=\"nofollow noopener\" target=\"_blank\" href=\"https:\/\/twitter.com\/POTUS?ref_src=twsrc%5Etfw\">@POTUS<\/a>.The EU and US share the world\u2019s most consequential and close trade relationship. Europe is ready to advance talks swiftly and decisively. To reach a good deal, we would need the time until July 9.<\/p>\n<p>\u2014 Ursula von der Leyen (@vonderleyen) <a rel=\"nofollow noopener\" target=\"_blank\" href=\"https:\/\/twitter.com\/vonderleyen\/status\/1926729529436913794?ref_src=twsrc%5Etfw\">May 25, 2025<\/a><\/p><\/blockquote>\n<\/div>\n<\/div>\n<p>Parallel informierte Trump auf seiner Social-Media-Plattform Truth Social \u00fcber das Telefonat, um gener\u00f6s zu verk\u00fcnden:<\/p>\n<p><em>&#8220;Ich habe heute einen Anruf von Ursula von der Leyen, der Pr\u00e4sidentin der Europ\u00e4ischen Kommission, erhalten, in dem sie um eine Verl\u00e4ngerung der Frist zum 1. Juni f\u00fcr den 50-prozentigen Zollsatz in Bezug auf den Handel und die Europ\u00e4ische Union bat. Ich habe der Verl\u00e4ngerung &#8211; 9. Juli 2025 &#8211; zugestimmt, und es war mir eine Ehre, dies zu tun. Die Kommissionspr\u00e4sidentin sagte, dass die Gespr\u00e4che rasch beginnen werden.&#8221;<\/em><\/p>\n<p>Anfang April hatte Trump erstmalig ein 90-Tage-Fenster f\u00fcr Handelsgespr\u00e4che zwischen der EU und den USA festgelegt, das laut Pl\u00e4nen seiner Administration am 9. Juli enden sollte. Die nun erfolgte Wendung ergab sich\u00a0nach dem\u00a0ersten \u00f6ffentlichen Telefonat zwischen von der Leyen und Trump nach seinem Amtsantritt zu Jahresbeginn. Der Anruf erfolgte zwei Tage nach der Ank\u00fcndigung des US-Pr\u00e4sidenten, dass er als Reaktion auf die seiner Meinung nach unbefriedigenden Verhandlungen mit Br\u00fcssel ab dem 1. Juni 50 Prozent Z\u00f6lle auf EU-Importe erheben werde (<em>RT DE<\/em>\u00a0<a rel=\"nofollow noopener\" target=\"_blank\" href=\"https:\/\/freedert.online\/wirtschaft\/245782-gespraeche-fuehren-zu-nichts-trump\/\">berichtete<\/a>).<\/p>\n<p>Laut dem\u00a0<em>Handelsblatt\u00a0<\/em>werden zu Wochenbeginn EU-Vertreter\u00a0in Washington zu weiteren Konsultationen\u00a0<a rel=\"nofollow noopener\" target=\"_blank\" href=\"https:\/\/www.handelsblatt.com\/politik\/international\/handelsstreit-trump-verlaengert-frist-fuer-neue-eu-zoelle-auf-den-9-juli\/100130446.html\">erwartet<\/a>. Dazu hei\u00dft es:<\/p>\n<p><em>&#8220;Nach Handelsblatt-Informationen wollen die Verhandler der EU den USA etwa bei Zollsenkungen f\u00fcr Industrieg\u00fcter, Autos und bestimmte landwirtschaftliche Produkte entgegenkommen. Zugleich betonte EU-Handelskommissar Maro\u0161 \u0160ef\u010dovi\u010d: &#8216;Wir sind bereit, unsere Interessen zu verteidigen&#8217;. Der Handel zwischen der EU und den USA m\u00fcsse &#8216;von gegenseitigem Respekt&#8217; und nicht von Drohungen geleitet sein.&#8221;<\/em><\/p>\n<p>Ein Beamter des Wei\u00dfen Hauses erkl\u00e4rte laut\u00a0<em>Financial Times<\/em>,\u00a0Washington\u00a0&#8220;sei frustriert, dass die EU sich nicht wie andere L\u00e4nder engagiert habe&#8221;. &#8220;Wir haben einfach nichts Wesentliches aus der EU kommen sehen&#8221;, so der Beamte des Wei\u00dfen Hauses (Bezahlschranke). Bundesfinanzminister Lars Klingbeil (SPD) hat sich laut dem\u00a0<em>RND<\/em>\u00a0&#8220;zuversichtlich gezeigt, dass die USA und die Europ\u00e4ische Union sich im Zollstreit einigen&#8221;. Im\u00a0<em>ARD<\/em>-Bericht aus Berlin erkl\u00e4rte er laut\u00a0<a rel=\"nofollow noopener\" target=\"_blank\" href=\"https:\/\/www.rnd.de\/politik\/trump-news-im-liveticker-klingbeil-vorsichtig-optimistisch-im-zollstreit-mit-usa-QKE3RY3EPJAKPBBFZMF5VMNQUA.html\">Artikel<\/a>:<\/p>\n<p><em>&#8220;&#8216;Ich bin da vorsichtig optimistisch, dass das gelingt&#8217;, sagte der SPD-Politiker. Man befinde sich in einer entscheidenden Phase der Verhandlungen. Eine gemeinsame L\u00f6sung liege auch im US-Interesse. &#8216;Auch die sollten ein Interesse haben, mit uns zusammenzuarbeiten&#8217;, sagte der Finanzminister.&#8221;\u00a0<\/em><\/p>\n<p>&#8220;Ich bin nicht auf der Suche nach einem Deal&#8221;, so wiederum die Aussage von Trump am Freitag letzter Woche vor Reportern im Wei\u00dfen Haus. Der<em> FT<\/em>-Artikel zitiert ihn mit der Feststellung: &#8220;Wir haben den Deal festgelegt \u2013 er liegt bei 50 Prozent&#8221;.\u00a0 F\u00fcr den Fall, dass Trump diese radikale Ank\u00fcndigung\u00a0umsetzt, &#8220;hat die EU ein 21-Milliarden-Euro-Paket mit Z\u00f6llen auf US-Waren wie Mais, Weizen, Motorr\u00e4der und Kleidung vorbereitet und diskutiert dar\u00fcber hinaus eine zus\u00e4tzliche Liste mit anderen Zielen im Wert von 95 Milliarden Euro, darunter Boeing-Flugzeuge, Autos und Bourbon-Whiskey&#8221;, so die\u00a0<em>Financial Times<\/em>\u00a0zusammenfassend.<\/p>\n<p><strong>Mehr zum Thema &#8211;<\/strong>\u00a0<a rel=\"nofollow noopener\" target=\"_blank\" href=\"https:\/\/freedert.online\/meinung\/245876-europa-verlangte-sanktionen-von-trump\/\">Europa verlangte Sanktionen von Trump \u2013 und bekam sie<\/a><\/p>\n<div class=\"EmbedBlock-root EmbedBlock-externalVideo EmbedBlock-rumble\">\n<div class=\"VkEmbed\"><iframe class=\"lazyload\" data-src=\"https:\/\/rumble.com\/embed\/v6rneyn\" frameborder=\"0\" width=\"853\" height=\"480\" allowfullscreen><\/iframe><\/div>\n<\/div>\n<\/div>\n<p><script async src=\"https:\/\/platform.twitter.com\/widgets.js\" charset=\"utf-8\"><\/script><br \/>\n<br \/><br \/>\n<br \/><a href=\"https:\/\/de.rt.com\/europa\/245945-trump-verschiebt-beginn-eu-zoelle\/\">Source link <\/a><\/p>\n","protected":false},"excerpt":{"rendered":"<p>Nach einem Telefonat zwischen US-Pr\u00e4sident Donald Trump und EU-Kommissionspr\u00e4sidentin Ursula von der Leyen wird der angek\u00fcndigte Start von angedrohten &#8220;50-Prozent-Z\u00f6llen&#8221; f\u00fcr EU-L\u00e4nder vorerst verschoben. Am Montag werden Vertreter aus Br\u00fcssel f\u00fcr weitere Verhandlungen in Washington erwartet. US-Pr\u00e4sident Donald Trump hat sich nach einem\u00a0Telefonat mit der Pr\u00e4sidentin der Europ\u00e4ischen Kommission, Ursula von der Leyen, am Sonntag [&hellip;]<\/p>\n","protected":false},"author":3,"featured_media":84453,"comment_status":"open","ping_status":"open","sticky":false,"template":"","format":"standard","meta":{"_yoast_indexnow_last_ping":["1748245062"],"wp_automatic_camp":["217"],"492eb61b2675b23066d48454d87cf038":["&quot;Mein Privileg, dies zu tun&quot;: Trump verschiebt Beginn der EU-Z\u00f6lle vorerst auf den 9. Juli"],"original_link":["https:\/\/de.rt.com\/europa\/245945-trump-verschiebt-beginn-eu-zoelle\/"],"_thumbnail_id":["84453"],"_wptgpro_p2tg_sent2tg":["a:1:{i:23737;s:19:\"2025-05-26 09:39:02\";}"],"jnews_social_counter_last_update":["1777209292"]},"categories":[19,23],"tags":[133,20792,48,82,6447,64170,10748,65250,29027,1639,37568,14218,30634],"yoast_head":"<!-- This site is optimized with the Yoast SEO Premium plugin v22.7 (Yoast SEO v22.7) - https:\/\/yoast.com\/wordpress\/plugins\/seo\/ -->\n<title>&quot;Mein Privileg, dies zu tun&quot;: Trump verschiebt Beginn der EU-Z\u00f6lle vorerst auf den 9. Juli - just-now.NEWS Deutschland<\/title>\n<meta name=\"robots\" content=\"index, follow, max-snippet:-1, max-image-preview:large, max-video-preview:-1\" \/>\n<link rel=\"canonical\" href=\"https:\/\/now-news.de\/de\/deutschland\/mein-privileg-dies-zu-tun-trump-verschiebt-beginn-der-eu-zoelle-vorerst-auf-den-9-juli\/\" \/>\n<meta property=\"og:locale\" content=\"de_DE\" \/>\n<meta property=\"og:type\" content=\"article\" \/>\n<meta property=\"og:title\" content=\"&quot;Mein Privileg, dies zu tun&quot;: Trump verschiebt Beginn der EU-Z\u00f6lle vorerst auf den 9. Juli\" \/>\n<meta property=\"og:description\" content=\"Nach einem Telefonat zwischen US-Pr\u00e4sident Donald Trump und EU-Kommissionspr\u00e4sidentin Ursula von der Leyen wird der angek\u00fcndigte Start von angedrohten &#8220;50-Prozent-Z\u00f6llen&#8221; f\u00fcr EU-L\u00e4nder vorerst verschoben. Am Montag werden Vertreter aus Br\u00fcssel f\u00fcr weitere Verhandlungen in Washington erwartet. US-Pr\u00e4sident Donald Trump hat sich nach einem\u00a0Telefonat mit der Pr\u00e4sidentin der Europ\u00e4ischen Kommission, Ursula von der Leyen, am Sonntag [&hellip;]\" \/>\n<meta property=\"og:url\" content=\"https:\/\/now-news.de\/de\/deutschland\/mein-privileg-dies-zu-tun-trump-verschiebt-beginn-der-eu-zoelle-vorerst-auf-den-9-juli\/\" \/>\n<meta property=\"og:site_name\" content=\"just-now.NEWS Deutschland\" \/>\n<meta property=\"article:publisher\" content=\"https:\/\/www.facebook.com\/wirmachenauf\" \/>\n<meta property=\"article:published_time\" content=\"2025-05-26T07:30:07+00:00\" \/>\n<meta property=\"og:image\" content=\"https:\/\/now-news.de\/de\/wp-content\/uploads\/sites\/3\/2025\/05\/6834055748fbef11a7615c2c.jpg\" \/>\n<meta name=\"author\" content=\"rtnews\" \/>\n<meta name=\"twitter:card\" content=\"summary_large_image\" \/>\n<meta name=\"twitter:creator\" content=\"@WirMachenAuf_de\" \/>\n<meta name=\"twitter:site\" content=\"@WirMachenAuf_de\" \/>\n<meta name=\"twitter:label1\" content=\"Verfasst von\" \/>\n\t<meta name=\"twitter:data1\" content=\"rtnews\" \/>\n\t<meta name=\"twitter:label2\" content=\"Gesch\u00e4tzte Lesezeit\" \/>\n\t<meta name=\"twitter:data2\" content=\"4\u00a0Minuten\" \/>\n<script type=\"application\/ld+json\" class=\"yoast-schema-graph\">{\"@context\":\"https:\/\/schema.org\",\"@graph\":[{\"@type\":\"Article\",\"@id\":\"https:\/\/now-news.de\/de\/deutschland\/mein-privileg-dies-zu-tun-trump-verschiebt-beginn-der-eu-zoelle-vorerst-auf-den-9-juli\/#article\",\"isPartOf\":{\"@id\":\"https:\/\/now-news.de\/de\/deutschland\/mein-privileg-dies-zu-tun-trump-verschiebt-beginn-der-eu-zoelle-vorerst-auf-den-9-juli\/\"},\"author\":{\"name\":\"rtnews\",\"@id\":\"https:\/\/now-news.de\/de\/#\/schema\/person\/fb534a4e865501d8b3285208df34a9b5\"},\"headline\":\"&quot;Mein Privileg, dies zu tun&quot;: Trump verschiebt Beginn der EU-Z\u00f6lle vorerst auf den 9. Juli\",\"datePublished\":\"2025-05-26T07:30:07+00:00\",\"dateModified\":\"2025-05-26T07:30:07+00:00\",\"mainEntityOfPage\":{\"@id\":\"https:\/\/now-news.de\/de\/deutschland\/mein-privileg-dies-zu-tun-trump-verschiebt-beginn-der-eu-zoelle-vorerst-auf-den-9-juli\/\"},\"wordCount\":724,\"commentCount\":0,\"publisher\":{\"@id\":\"https:\/\/now-news.de\/de\/#organization\"},\"image\":{\"@id\":\"https:\/\/now-news.de\/de\/deutschland\/mein-privileg-dies-zu-tun-trump-verschiebt-beginn-der-eu-zoelle-vorerst-auf-den-9-juli\/#primaryimage\"},\"thumbnailUrl\":\"https:\/\/now-news.de\/de\/wp-content\/uploads\/sites\/3\/2025\/05\/quotMein-Privileg-dies-zu-tunquot-Trump-verschiebt-Beginn-der-EU-Zoelle.jpg\",\"keywords\":[\"AUF\",\"Beginn\",\"den\",\"der\",\"Dies\",\"EUZ\u00f6lle\",\"Juli\",\"Privileg\",\"quotMein\",\"trump\",\"tunquot\",\"verschiebt\",\"vorerst\"],\"articleSection\":[\"Deutschland\",\"Russland\"],\"inLanguage\":\"de\",\"potentialAction\":[{\"@type\":\"CommentAction\",\"name\":\"Comment\",\"target\":[\"https:\/\/now-news.de\/de\/deutschland\/mein-privileg-dies-zu-tun-trump-verschiebt-beginn-der-eu-zoelle-vorerst-auf-den-9-juli\/#respond\"]}]},{\"@type\":\"WebPage\",\"@id\":\"https:\/\/now-news.de\/de\/deutschland\/mein-privileg-dies-zu-tun-trump-verschiebt-beginn-der-eu-zoelle-vorerst-auf-den-9-juli\/\",\"url\":\"https:\/\/now-news.de\/de\/deutschland\/mein-privileg-dies-zu-tun-trump-verschiebt-beginn-der-eu-zoelle-vorerst-auf-den-9-juli\/\",\"name\":\"&quot;Mein Privileg, dies zu tun&quot;: Trump verschiebt Beginn der EU-Z\u00f6lle vorerst auf den 9. Juli - just-now.NEWS Deutschland\",\"isPartOf\":{\"@id\":\"https:\/\/now-news.de\/de\/#website\"},\"primaryImageOfPage\":{\"@id\":\"https:\/\/now-news.de\/de\/deutschland\/mein-privileg-dies-zu-tun-trump-verschiebt-beginn-der-eu-zoelle-vorerst-auf-den-9-juli\/#primaryimage\"},\"image\":{\"@id\":\"https:\/\/now-news.de\/de\/deutschland\/mein-privileg-dies-zu-tun-trump-verschiebt-beginn-der-eu-zoelle-vorerst-auf-den-9-juli\/#primaryimage\"},\"thumbnailUrl\":\"https:\/\/now-news.de\/de\/wp-content\/uploads\/sites\/3\/2025\/05\/quotMein-Privileg-dies-zu-tunquot-Trump-verschiebt-Beginn-der-EU-Zoelle.jpg\",\"datePublished\":\"2025-05-26T07:30:07+00:00\",\"dateModified\":\"2025-05-26T07:30:07+00:00\",\"breadcrumb\":{\"@id\":\"https:\/\/now-news.de\/de\/deutschland\/mein-privileg-dies-zu-tun-trump-verschiebt-beginn-der-eu-zoelle-vorerst-auf-den-9-juli\/#breadcrumb\"},\"inLanguage\":\"de\",\"potentialAction\":[{\"@type\":\"ReadAction\",\"target\":[\"https:\/\/now-news.de\/de\/deutschland\/mein-privileg-dies-zu-tun-trump-verschiebt-beginn-der-eu-zoelle-vorerst-auf-den-9-juli\/\"]}]},{\"@type\":\"ImageObject\",\"inLanguage\":\"de\",\"@id\":\"https:\/\/now-news.de\/de\/deutschland\/mein-privileg-dies-zu-tun-trump-verschiebt-beginn-der-eu-zoelle-vorerst-auf-den-9-juli\/#primaryimage\",\"url\":\"https:\/\/now-news.de\/de\/wp-content\/uploads\/sites\/3\/2025\/05\/quotMein-Privileg-dies-zu-tunquot-Trump-verschiebt-Beginn-der-EU-Zoelle.jpg\",\"contentUrl\":\"https:\/\/now-news.de\/de\/wp-content\/uploads\/sites\/3\/2025\/05\/quotMein-Privileg-dies-zu-tunquot-Trump-verschiebt-Beginn-der-EU-Zoelle.jpg\",\"width\":460,\"height\":259,\"caption\":\"&quot;Mein Privileg, dies zu tun&quot;: Trump verschiebt Beginn der EU-Z\u00f6lle vorerst auf den 9. Juli\"},{\"@type\":\"BreadcrumbList\",\"@id\":\"https:\/\/now-news.de\/de\/deutschland\/mein-privileg-dies-zu-tun-trump-verschiebt-beginn-der-eu-zoelle-vorerst-auf-den-9-juli\/#breadcrumb\",\"itemListElement\":[{\"@type\":\"ListItem\",\"position\":1,\"name\":\"Home\",\"item\":\"https:\/\/now-news.de\/de\/\"},{\"@type\":\"ListItem\",\"position\":2,\"name\":\"&quot;Mein Privileg, dies zu tun&quot;: Trump verschiebt Beginn der EU-Z\u00f6lle vorerst auf den 9. Juli\"}]},{\"@type\":\"WebSite\",\"@id\":\"https:\/\/now-news.de\/de\/#website\",\"url\":\"https:\/\/now-news.de\/de\/\",\"name\":\"just-now.NEWS Deutschland\",\"description\":\"Das Portal f\u00fcr unzensierte Nachrichten aus der Welt\",\"publisher\":{\"@id\":\"https:\/\/now-news.de\/de\/#organization\"},\"potentialAction\":[{\"@type\":\"SearchAction\",\"target\":{\"@type\":\"EntryPoint\",\"urlTemplate\":\"https:\/\/now-news.de\/de\/?s={search_term_string}\"},\"query-input\":\"required name=search_term_string\"}],\"inLanguage\":\"de\"},{\"@type\":\"Organization\",\"@id\":\"https:\/\/now-news.de\/de\/#organization\",\"name\":\"Just Now News\",\"url\":\"https:\/\/now-news.de\/de\/\",\"logo\":{\"@type\":\"ImageObject\",\"inLanguage\":\"de\",\"@id\":\"https:\/\/now-news.de\/de\/#\/schema\/logo\/image\/\",\"url\":\"http:\/\/just-now.news\/de\/wp-content\/uploads\/sites\/3\/2022\/04\/logo500x500.jpg\",\"contentUrl\":\"http:\/\/just-now.news\/de\/wp-content\/uploads\/sites\/3\/2022\/04\/logo500x500.jpg\",\"width\":500,\"height\":500,\"caption\":\"Just Now News\"},\"image\":{\"@id\":\"https:\/\/now-news.de\/de\/#\/schema\/logo\/image\/\"},\"sameAs\":[\"https:\/\/www.facebook.com\/wirmachenauf\",\"https:\/\/x.com\/WirMachenAuf_de\"]},{\"@type\":\"Person\",\"@id\":\"https:\/\/now-news.de\/de\/#\/schema\/person\/fb534a4e865501d8b3285208df34a9b5\",\"name\":\"rtnews\",\"image\":{\"@type\":\"ImageObject\",\"inLanguage\":\"de\",\"@id\":\"https:\/\/now-news.de\/de\/#\/schema\/person\/image\/\",\"url\":\"https:\/\/secure.gravatar.com\/avatar\/82aafea7d8127119dd649515f56e2117?s=96&d=mm&r=g\",\"contentUrl\":\"https:\/\/secure.gravatar.com\/avatar\/82aafea7d8127119dd649515f56e2117?s=96&d=mm&r=g\",\"caption\":\"rtnews\"},\"url\":\"https:\/\/now-news.de\/de\/author\/rnews\/\"}]}<\/script>\n<!-- \/ Yoast SEO Premium plugin. -->","yoast_head_json":{"title":"&quot;Mein Privileg, dies zu tun&quot;: Trump verschiebt Beginn der EU-Z\u00f6lle vorerst auf den 9. Juli - just-now.NEWS Deutschland","robots":{"index":"index","follow":"follow","max-snippet":"max-snippet:-1","max-image-preview":"max-image-preview:large","max-video-preview":"max-video-preview:-1"},"canonical":"https:\/\/now-news.de\/de\/deutschland\/mein-privileg-dies-zu-tun-trump-verschiebt-beginn-der-eu-zoelle-vorerst-auf-den-9-juli\/","og_locale":"de_DE","og_type":"article","og_title":"&quot;Mein Privileg, dies zu tun&quot;: Trump verschiebt Beginn der EU-Z\u00f6lle vorerst auf den 9. Juli","og_description":"Nach einem Telefonat zwischen US-Pr\u00e4sident Donald Trump und EU-Kommissionspr\u00e4sidentin Ursula von der Leyen wird der angek\u00fcndigte Start von angedrohten &#8220;50-Prozent-Z\u00f6llen&#8221; f\u00fcr EU-L\u00e4nder vorerst verschoben. Am Montag werden Vertreter aus Br\u00fcssel f\u00fcr weitere Verhandlungen in Washington erwartet. US-Pr\u00e4sident Donald Trump hat sich nach einem\u00a0Telefonat mit der Pr\u00e4sidentin der Europ\u00e4ischen Kommission, Ursula von der Leyen, am Sonntag [&hellip;]","og_url":"https:\/\/now-news.de\/de\/deutschland\/mein-privileg-dies-zu-tun-trump-verschiebt-beginn-der-eu-zoelle-vorerst-auf-den-9-juli\/","og_site_name":"just-now.NEWS Deutschland","article_publisher":"https:\/\/www.facebook.com\/wirmachenauf","article_published_time":"2025-05-26T07:30:07+00:00","og_image":[{"url":"https:\/\/now-news.de\/de\/wp-content\/uploads\/sites\/3\/2025\/05\/6834055748fbef11a7615c2c.jpg"}],"author":"rtnews","twitter_card":"summary_large_image","twitter_creator":"@WirMachenAuf_de","twitter_site":"@WirMachenAuf_de","twitter_misc":{"Verfasst von":"rtnews","Gesch\u00e4tzte Lesezeit":"4\u00a0Minuten"},"schema":{"@context":"https:\/\/schema.org","@graph":[{"@type":"Article","@id":"https:\/\/now-news.de\/de\/deutschland\/mein-privileg-dies-zu-tun-trump-verschiebt-beginn-der-eu-zoelle-vorerst-auf-den-9-juli\/#article","isPartOf":{"@id":"https:\/\/now-news.de\/de\/deutschland\/mein-privileg-dies-zu-tun-trump-verschiebt-beginn-der-eu-zoelle-vorerst-auf-den-9-juli\/"},"author":{"name":"rtnews","@id":"https:\/\/now-news.de\/de\/#\/schema\/person\/fb534a4e865501d8b3285208df34a9b5"},"headline":"&quot;Mein Privileg, dies zu tun&quot;: Trump verschiebt Beginn der EU-Z\u00f6lle vorerst auf den 9. Juli","datePublished":"2025-05-26T07:30:07+00:00","dateModified":"2025-05-26T07:30:07+00:00","mainEntityOfPage":{"@id":"https:\/\/now-news.de\/de\/deutschland\/mein-privileg-dies-zu-tun-trump-verschiebt-beginn-der-eu-zoelle-vorerst-auf-den-9-juli\/"},"wordCount":724,"commentCount":0,"publisher":{"@id":"https:\/\/now-news.de\/de\/#organization"},"image":{"@id":"https:\/\/now-news.de\/de\/deutschland\/mein-privileg-dies-zu-tun-trump-verschiebt-beginn-der-eu-zoelle-vorerst-auf-den-9-juli\/#primaryimage"},"thumbnailUrl":"https:\/\/now-news.de\/de\/wp-content\/uploads\/sites\/3\/2025\/05\/quotMein-Privileg-dies-zu-tunquot-Trump-verschiebt-Beginn-der-EU-Zoelle.jpg","keywords":["AUF","Beginn","den","der","Dies","EUZ\u00f6lle","Juli","Privileg","quotMein","trump","tunquot","verschiebt","vorerst"],"articleSection":["Deutschland","Russland"],"inLanguage":"de","potentialAction":[{"@type":"CommentAction","name":"Comment","target":["https:\/\/now-news.de\/de\/deutschland\/mein-privileg-dies-zu-tun-trump-verschiebt-beginn-der-eu-zoelle-vorerst-auf-den-9-juli\/#respond"]}]},{"@type":"WebPage","@id":"https:\/\/now-news.de\/de\/deutschland\/mein-privileg-dies-zu-tun-trump-verschiebt-beginn-der-eu-zoelle-vorerst-auf-den-9-juli\/","url":"https:\/\/now-news.de\/de\/deutschland\/mein-privileg-dies-zu-tun-trump-verschiebt-beginn-der-eu-zoelle-vorerst-auf-den-9-juli\/","name":"&quot;Mein Privileg, dies zu tun&quot;: Trump verschiebt Beginn der EU-Z\u00f6lle vorerst auf den 9. Juli - just-now.NEWS Deutschland","isPartOf":{"@id":"https:\/\/now-news.de\/de\/#website"},"primaryImageOfPage":{"@id":"https:\/\/now-news.de\/de\/deutschland\/mein-privileg-dies-zu-tun-trump-verschiebt-beginn-der-eu-zoelle-vorerst-auf-den-9-juli\/#primaryimage"},"image":{"@id":"https:\/\/now-news.de\/de\/deutschland\/mein-privileg-dies-zu-tun-trump-verschiebt-beginn-der-eu-zoelle-vorerst-auf-den-9-juli\/#primaryimage"},"thumbnailUrl":"https:\/\/now-news.de\/de\/wp-content\/uploads\/sites\/3\/2025\/05\/quotMein-Privileg-dies-zu-tunquot-Trump-verschiebt-Beginn-der-EU-Zoelle.jpg","datePublished":"2025-05-26T07:30:07+00:00","dateModified":"2025-05-26T07:30:07+00:00","breadcrumb":{"@id":"https:\/\/now-news.de\/de\/deutschland\/mein-privileg-dies-zu-tun-trump-verschiebt-beginn-der-eu-zoelle-vorerst-auf-den-9-juli\/#breadcrumb"},"inLanguage":"de","potentialAction":[{"@type":"ReadAction","target":["https:\/\/now-news.de\/de\/deutschland\/mein-privileg-dies-zu-tun-trump-verschiebt-beginn-der-eu-zoelle-vorerst-auf-den-9-juli\/"]}]},{"@type":"ImageObject","inLanguage":"de","@id":"https:\/\/now-news.de\/de\/deutschland\/mein-privileg-dies-zu-tun-trump-verschiebt-beginn-der-eu-zoelle-vorerst-auf-den-9-juli\/#primaryimage","url":"https:\/\/now-news.de\/de\/wp-content\/uploads\/sites\/3\/2025\/05\/quotMein-Privileg-dies-zu-tunquot-Trump-verschiebt-Beginn-der-EU-Zoelle.jpg","contentUrl":"https:\/\/now-news.de\/de\/wp-content\/uploads\/sites\/3\/2025\/05\/quotMein-Privileg-dies-zu-tunquot-Trump-verschiebt-Beginn-der-EU-Zoelle.jpg","width":460,"height":259,"caption":"&quot;Mein Privileg, dies zu tun&quot;: Trump verschiebt Beginn der EU-Z\u00f6lle vorerst auf den 9. Juli"},{"@type":"BreadcrumbList","@id":"https:\/\/now-news.de\/de\/deutschland\/mein-privileg-dies-zu-tun-trump-verschiebt-beginn-der-eu-zoelle-vorerst-auf-den-9-juli\/#breadcrumb","itemListElement":[{"@type":"ListItem","position":1,"name":"Home","item":"https:\/\/now-news.de\/de\/"},{"@type":"ListItem","position":2,"name":"&quot;Mein Privileg, dies zu tun&quot;: Trump verschiebt Beginn der EU-Z\u00f6lle vorerst auf den 9. Juli"}]},{"@type":"WebSite","@id":"https:\/\/now-news.de\/de\/#website","url":"https:\/\/now-news.de\/de\/","name":"just-now.NEWS Deutschland","description":"Das Portal f\u00fcr unzensierte Nachrichten aus der Welt","publisher":{"@id":"https:\/\/now-news.de\/de\/#organization"},"potentialAction":[{"@type":"SearchAction","target":{"@type":"EntryPoint","urlTemplate":"https:\/\/now-news.de\/de\/?s={search_term_string}"},"query-input":"required name=search_term_string"}],"inLanguage":"de"},{"@type":"Organization","@id":"https:\/\/now-news.de\/de\/#organization","name":"Just Now News","url":"https:\/\/now-news.de\/de\/","logo":{"@type":"ImageObject","inLanguage":"de","@id":"https:\/\/now-news.de\/de\/#\/schema\/logo\/image\/","url":"http:\/\/just-now.news\/de\/wp-content\/uploads\/sites\/3\/2022\/04\/logo500x500.jpg","contentUrl":"http:\/\/just-now.news\/de\/wp-content\/uploads\/sites\/3\/2022\/04\/logo500x500.jpg","width":500,"height":500,"caption":"Just Now News"},"image":{"@id":"https:\/\/now-news.de\/de\/#\/schema\/logo\/image\/"},"sameAs":["https:\/\/www.facebook.com\/wirmachenauf","https:\/\/x.com\/WirMachenAuf_de"]},{"@type":"Person","@id":"https:\/\/now-news.de\/de\/#\/schema\/person\/fb534a4e865501d8b3285208df34a9b5","name":"rtnews","image":{"@type":"ImageObject","inLanguage":"de","@id":"https:\/\/now-news.de\/de\/#\/schema\/person\/image\/","url":"https:\/\/secure.gravatar.com\/avatar\/82aafea7d8127119dd649515f56e2117?s=96&d=mm&r=g","contentUrl":"https:\/\/secure.gravatar.com\/avatar\/82aafea7d8127119dd649515f56e2117?s=96&d=mm&r=g","caption":"rtnews"},"url":"https:\/\/now-news.de\/de\/author\/rnews\/"}]}},"_links":{"self":[{"href":"https:\/\/now-news.de\/de\/wp-json\/wp\/v2\/posts\/84452"}],"collection":[{"href":"https:\/\/now-news.de\/de\/wp-json\/wp\/v2\/posts"}],"about":[{"href":"https:\/\/now-news.de\/de\/wp-json\/wp\/v2\/types\/post"}],"author":[{"embeddable":true,"href":"https:\/\/now-news.de\/de\/wp-json\/wp\/v2\/users\/3"}],"replies":[{"embeddable":true,"href":"https:\/\/now-news.de\/de\/wp-json\/wp\/v2\/comments?post=84452"}],"version-history":[{"count":0,"href":"https:\/\/now-news.de\/de\/wp-json\/wp\/v2\/posts\/84452\/revisions"}],"wp:featuredmedia":[{"embeddable":true,"href":"https:\/\/now-news.de\/de\/wp-json\/wp\/v2\/media\/84453"}],"wp:attachment":[{"href":"https:\/\/now-news.de\/de\/wp-json\/wp\/v2\/media?parent=84452"}],"wp:term":[{"taxonomy":"category","embeddable":true,"href":"https:\/\/now-news.de\/de\/wp-json\/wp\/v2\/categories?post=84452"},{"taxonomy":"post_tag","embeddable":true,"href":"https:\/\/now-news.de\/de\/wp-json\/wp\/v2\/tags?post=84452"}],"curies":[{"name":"wp","href":"https:\/\/api.w.org\/{rel}","templated":true}]}}