{"id":8445,"date":"2022-05-21T14:34:15","date_gmt":"2022-05-21T12:34:15","guid":{"rendered":"http:\/\/just-now.news\/de\/deutschland\/fake-news-washington-post-stellte-lage-der-donbass-fluechtlinge-absichtlich-falsch-dar\/"},"modified":"2022-05-21T14:34:15","modified_gmt":"2022-05-21T12:34:15","slug":"fake-news-washington-post-stellte-lage-der-donbass-fluechtlinge-absichtlich-falsch-dar","status":"publish","type":"post","link":"https:\/\/now-news.de\/de\/deutschland\/fake-news-washington-post-stellte-lage-der-donbass-fluechtlinge-absichtlich-falsch-dar\/","title":{"rendered":"Fake News:  &quot;Washington Post&quot; stellte Lage der Donbass-Fl\u00fcchtlinge absichtlich falsch dar"},"content":{"rendered":"<div class=\"Text-root Text-type_5 ArticleView-text ViewText-root \">\n<p><em>von Stepan Kostezkij<\/em><\/p>\n<p>Letzte Woche ver\u00f6ffentlichte die <em>Washington Post<\/em> (<em>WP<\/em>) einen ausf\u00fchrlichen Artikel mit dem Titel &#8220;Ukrainische Fl\u00fcchtlinge in Russland berichten \u00fcber Verh\u00f6re, Inhaftierungen und andere Misshandlungen&#8221;, <a rel=\"nofollow noopener\" target=\"_blank\" href=\"https:\/\/www.rt.com\/russia\/555609-western-media-ignores-donbass-refugees\/\">meldete<\/a>\u00a0<em>rt.com<\/em> am 19. Mai. Den Beitrag verfassten der ehemalige Moskauer B\u00fcroleiter der <em>WP<\/em> Michael Birnbaum und die Reporterin Mary Iljuschina (bekannt als Maria, als sie noch f\u00fcr russische Medien im Inland arbeitete). Zur Vorbereitung dieses Artikels besuchten die Reporter unter anderem ein russisches Fl\u00fcchtlingsaufnahmezentrum und interviewten Danil Machnizki von &#8220;Gesellschaft. Zukunft&#8221;, einer Organisation, die Freiwilligenarbeit in der Fl\u00fcchtlingshilfe koordiniert. Seit Beginn des Ukraine-Konflikts hilft diese Organisation Fl\u00fcchtlingen, sammelt Spenden und bringt Hilfsg\u00fcter in Fl\u00fcchtlingszentren in ganz Russland. Nach Angaben auf der Website der Gemeinschaft h\u00e4tten 70 Freiwillige etwa 8.000 Fl\u00fcchtlingen geholfen und \u00fcber 6,8 Millionen Rubel (also etwa 100.000 Euro) f\u00fcr humanit\u00e4re Hilfe ausgegeben.<\/p>\n<p>Was nach dem Interview mit der <em>Washington Post<\/em> herauskam, ist erstaunlich: In der endg\u00fcltigen Fassung des Artikels wurden nicht nur die von den amerikanischen Journalisten in Russland ermittelten Fakten vollkommen entstellt, sondern auch Danils Worte v\u00f6llig verdreht.<\/p>\n<p><em>RT<\/em> sprach mit Danil Machnizki \u00fcber seine Arbeit mit Fl\u00fcchtlingen und \u00fcber das Interview, das er der <em>Washington Post<\/em> gegeben hatte.<\/p>\n<div class=\"ReadMore-root Section-root Section-is1to3-xs_is1to1\" data-widgets=\"ReadMore\" data-has-alias>\n<div class=\"Section-container Section-isRow-isTop-isWrap\">\n<article class=\"Card-root Card-is1to1 \">\n<div class=\"Card-imageWrap\">\n<div class=\"Card-picture\">\n<picture class=\"Picture-root Picture-default\"><!--[if IE 9]><video style=\"display: none;\"><![endif]--><source media=\"(-webkit-min-device-pixel-ratio: 2) and (min-resolution: 120dpi)\" data-srcset=\" \nhttp:\/\/just-now.news\/de\/wp-content\/uploads\/sites\/3\/2022\/05\/62879591b480cc68f04ee21b.jpg 850w,\n                http:\/\/just-now.news\/de\/wp-content\/uploads\/sites\/3\/2022\/05\/62879591b480cc68f04ee21a.jpg 1960w,\n            \" ><source data-srcset=\" \nhttp:\/\/just-now.news\/de\/wp-content\/uploads\/sites\/3\/2022\/05\/62879591b480cc68f04ee21b.jpg 460w,\n              http:\/\/just-now.news\/de\/wp-content\/uploads\/sites\/3\/2022\/05\/62879591b480cc68f04ee21a.jpg 980w,\n            \" ><!--[if IE 9]><\/video><![endif]--><img decoding=\"async\" data- src=\"data:image\/png;base64,iVBORw0KGgoAAAANSUhEUgAAABAAAAAJCAQAAACRI2S5AAAAEElEQVR42mNkIAAYRxWAAQAG9gAKqv6+AwAAAABJRU5ErkJggg==\" class=\"Picture-root Picture-default lazyload\" data-src=\"http:\/\/just-now.news\/de\/wp-content\/uploads\/sites\/3\/2022\/05\/62879591b480cc68f04ee21b.jpg\" alt=\"Kriegsanleihen \u2013 die EU plant, sich f\u00fcr die Ukraine zu verschulden\"><\/source><\/source><\/picture><!-- noscript pattern --><noscript><img decoding=\"async\" src=\"http:\/\/just-now.news\/de\/wp-content\/uploads\/sites\/3\/2022\/05\/62879591b480cc68f04ee21a.jpg\" alt=\"Kriegsanleihen \u2013 die EU plant, sich f\u00fcr die Ukraine zu verschulden\"><\/noscript>    <\/div><\/div>\n<div class=\"Card-contentWrap\">\n<div class=\"Card-label\">\n            <span class=\"Label-root\"><br \/>\n                Meinung<br \/>\n            <\/span>\n        <\/div>\n<div class=\"Card-content\">\n<div class=\"Card-title\">\n<div class=\"HeaderNews-root HeaderNews-type_6 \">\n<p>            <a rel=\"nofollow noopener\" target=\"_blank\" href=\"https:\/\/de.rt.com\/meinung\/138726-kriegsanleihen-eu\/\" class=\"Link-root Link-isFullCard \"><br \/>\n                Kriegsanleihen \u2013 die EU plant, sich f\u00fcr die Ukraine zu verschulden<br \/>\n            <\/a><\/p><\/div><\/div><\/div><\/div>\n<\/article>\n<\/div><\/div>\n<p>&#8220;Wir arbeiten in ganz S\u00fcdrussland, in dreizehn Regionen, wobei wir uns auf die St\u00e4dte konzentrieren, die am st\u00e4rksten von den Fl\u00fcchtlingsstr\u00f6men betroffen sind&#8221;, sagte Machnizki gegen\u00fcber RT, &#8220;die Regierung stellt gro\u00dfe Mengen an lebensnotwendigen G\u00fctern zur Verf\u00fcgung, und wir liefern andere Dinge, wie Kleidung, Hygieneartikel und Medikamente. Das alles wird durch Spenden von Menschen finanziert, die helfen wollen.&#8221;<\/p>\n<p>Machnizki hat mit tempor\u00e4ren Fl\u00fcchtlingseinrichtungen in Taganrog, Asow und anderen russischen St\u00e4dten gearbeitet. Als die Journalisten der <em>Washington Post<\/em> mit ihm Kontakt aufnahmen, befand er sich in Rostow am Don. Er sagt, er habe schon vermutet, dass seine Geschichte verzerrt werden w\u00fcrde, aber alles schien zuerst ziemlich anst\u00e4ndig abzulaufen.<\/p>\n<p>&#8220;Mein Gespr\u00e4ch mit Birnbaum fand auf Englisch statt und dauerte eine Stunde oder anderthalb Stunden. Damals hielt ich Birnbaum f\u00fcr recht vern\u00fcnftig \u2013 er stellte vern\u00fcnftige Fragen, zeigte ein gutes Verst\u00e4ndnis f\u00fcr die Fakten und sah nicht einmal so aus, als w\u00fcrde er der offiziellen ukrainischen Propaganda voll und ganz vertrauen&#8221;, sagte Machnizki. Er hoffe nun, dass der Autor aus redaktionellen Gr\u00fcnden gezwungen war, die Geschichte zu verzerren; er wolle nicht glauben, dass Birnbaum ein anderes Motiv hatte.<\/p>\n<blockquote>\n<p><em>&#8220;Er fragte mich, ob wir gesehen h\u00e4tten, dass irgendwo Fl\u00fcchtlinge gewaltsam festgehalten oder ihnen die P\u00e4sse abgenommen wurden. Und ich habe es so gesagt, wie es ist \u2013 wir haben mit Tausenden von Menschen gesprochen, und keiner von ihnen hat uns etwas Derartiges erz\u00e4hlt oder versucht, um Hilfe zu bitten.&#8221;<\/em><\/p>\n<\/blockquote>\n<p>Machnizki zufolge teilten die Fl\u00fcchtlinge den Freiwilligen h\u00e4ufig ihre weiteren Pl\u00e4ne mit. Viele sagten, sie wollen weiterhin in Russland oder irgendwo im Ausland leben, w\u00e4hrend die meisten erkl\u00e4rten, sie w\u00fcrden lieber nach Hause zur\u00fcckkehren.<\/p>\n<div class=\"ReadMore-root Section-root Section-is1to3-xs_is1to1\" data-widgets=\"ReadMore\" data-has-alias>\n<div class=\"Section-container Section-isRow-isTop-isWrap\">\n<article class=\"Card-root Card-is1to1 \">\n<div class=\"Card-imageWrap\">\n<div class=\"Card-picture\">\n<picture class=\"Picture-root Picture-default\"><!--[if IE 9]><video style=\"display: none;\"><![endif]--><source media=\"(-webkit-min-device-pixel-ratio: 2) and (min-resolution: 120dpi)\" data-srcset=\" \nhttp:\/\/just-now.news\/de\/wp-content\/uploads\/sites\/3\/2022\/05\/62864e6448fbef46f45cb146.jpg 850w,\n                http:\/\/just-now.news\/de\/wp-content\/uploads\/sites\/3\/2022\/05\/62864e6448fbef46f45cb145.jpg 1960w,\n            \" ><source data-srcset=\" \nhttp:\/\/just-now.news\/de\/wp-content\/uploads\/sites\/3\/2022\/05\/62864e6448fbef46f45cb146.jpg 460w,\n              http:\/\/just-now.news\/de\/wp-content\/uploads\/sites\/3\/2022\/05\/62864e6448fbef46f45cb145.jpg 980w,\n            \" ><!--[if IE 9]><\/video><![endif]--><img decoding=\"async\" data- src=\"data:image\/png;base64,iVBORw0KGgoAAAANSUhEUgAAABAAAAAJCAQAAACRI2S5AAAAEElEQVR42mNkIAAYRxWAAQAG9gAKqv6+AwAAAABJRU5ErkJggg==\" class=\"Picture-root Picture-default lazyload\" data-src=\"http:\/\/just-now.news\/de\/wp-content\/uploads\/sites\/3\/2022\/05\/62864e6448fbef46f45cb146.jpg\" alt=\"Nukleare Teilhabe: Tornados von B\u00fcchel nach N\u00f6rvenich verlegt \u2013 samt US-Wasserstoffbomben?\"><\/source><\/source><\/picture><!-- noscript pattern --><noscript><img decoding=\"async\" src=\"http:\/\/just-now.news\/de\/wp-content\/uploads\/sites\/3\/2022\/05\/62864e6448fbef46f45cb145.jpg\" alt=\"Nukleare Teilhabe: Tornados von B\u00fcchel nach N\u00f6rvenich verlegt \u2013 samt US-Wasserstoffbomben?\"><\/noscript>    <\/div><\/div>\n<div class=\"Card-contentWrap\">\n<div class=\"Card-content\">\n<div class=\"Card-title\">\n<div class=\"HeaderNews-root HeaderNews-type_6 \">\n<p>            <a rel=\"nofollow noopener\" target=\"_blank\" href=\"https:\/\/de.rt.com\/inland\/138843-nukleare-teilhabe-tornados-von-buchel\/\" class=\"Link-root Link-isFullCard \"><br \/>\n                Nukleare Teilhabe: Tornados von B\u00fcchel nach N\u00f6rvenich verlegt \u2013 samt US-Wasserstoffbomben?<br \/>\n            <\/a><\/p><\/div><\/div><\/div><\/div>\n<\/article>\n<\/div><\/div>\n<p>&#8220;Freiwillige Helfer und Fl\u00fcchtlinge bauen Beziehungen auf, die auf Vertrauen basieren&#8221;, fuhr Machnizki fort. &#8220;Wenn man den Menschen Hilfe bringt, sehen sie einen nicht als Teil der Verwaltung oder der Beh\u00f6rden. Manchmal beschwerten sie sich \u00fcber die Ma\u00dfnahmen der Verwaltung oder \u00fcber ihre Lebensbedingungen. Einige von ihnen \u00e4rgerten sich \u00fcber ihre Situation \u2013 allein schon dar\u00fcber, dass sie wegen der Kampfhandlungen weggehen mussten. Aber keiner der Tausenden von Menschen gab uns einen Hinweis darauf, dass sie verschleppt oder gewaltsam festgehalten wurden oder dass man ihnen ihre Dokumente abgenommen h\u00e4tte.&#8221;<\/p>\n<p>Im Gespr\u00e4ch mit Machnizki erw\u00e4hnte Birnbaum dagegen einige F\u00e4lle, in denen Menschen ihre P\u00e4sse abgenommen worden waren.<\/p>\n<p>Machnizki erinnert sich: &#8220;Nun, darauf habe ich geantwortet, dass dies angesichts der gro\u00dfen Zahl von Fl\u00fcchtlingen m\u00f6glicherweise geschehen sein k\u00f6nnte. Aber ich habe mit einer Vielzahl von Menschen gesprochen, auch mit Freiwilligen und Koordinatoren, und die R\u00fcckmeldungen, die ich erhielt, zeigen, dass so etwas nicht massenhaft vorkommt. In den wenigen F\u00e4llen, in denen dies geschah, wissen wir nicht, was genau der Grund daf\u00fcr war. Manchmal versuchen K\u00e4mpfer sich als Fl\u00fcchtlinge auszugeben, was aber nicht geht, sie d\u00fcrfen sich nicht als Fl\u00fcchtlinge ausgeben, sie m\u00fcssen als Kriegsgefangene behandelt werden, also sind derartige F\u00e4lle unvermeidlich.&#8221;<\/p>\n<div class=\"ReadMore-root Section-root Section-is1to3-xs_is1to1\" data-widgets=\"ReadMore\" data-has-alias>\n<div class=\"Section-container Section-isRow-isTop-isWrap\">\n<article class=\"Card-root Card-is1to1 \">\n<div class=\"Card-imageWrap\">\n<div class=\"Card-picture\">\n<picture class=\"Picture-root Picture-default\"><!--[if IE 9]><video style=\"display: none;\"><![endif]--><source media=\"(-webkit-min-device-pixel-ratio: 2) and (min-resolution: 120dpi)\" data-srcset=\" \nhttp:\/\/just-now.news\/de\/wp-content\/uploads\/sites\/3\/2022\/05\/628690cb48fbef48145125d7.jpg 850w,\n                http:\/\/just-now.news\/de\/wp-content\/uploads\/sites\/3\/2022\/05\/1653136800_102_628690cb48fbef48145125d7.jpg 1960w,\n            \" ><source data-srcset=\" \nhttp:\/\/just-now.news\/de\/wp-content\/uploads\/sites\/3\/2022\/05\/628690cb48fbef48145125d7.jpg 460w,\n              http:\/\/just-now.news\/de\/wp-content\/uploads\/sites\/3\/2022\/05\/1653136800_102_628690cb48fbef48145125d7.jpg 980w,\n            \" ><!--[if IE 9]><\/video><![endif]--><img decoding=\"async\" data- src=\"data:image\/png;base64,iVBORw0KGgoAAAANSUhEUgAAABAAAAAJCAQAAACRI2S5AAAAEElEQVR42mNkIAAYRxWAAQAG9gAKqv6+AwAAAABJRU5ErkJggg==\" class=\"Picture-root Picture-default lazyload\" data-src=\"http:\/\/just-now.news\/de\/wp-content\/uploads\/sites\/3\/2022\/05\/628690cb48fbef48145125d7.jpg\" alt=\"Euractiv: EU gehen die Sanktionsm\u00f6glichkeiten gegen Russland aus\"><\/source><\/source><\/picture><!-- noscript pattern --><noscript><img decoding=\"async\" src=\"http:\/\/just-now.news\/de\/wp-content\/uploads\/sites\/3\/2022\/05\/1653136800_102_628690cb48fbef48145125d7.jpg\" alt=\"Euractiv: EU gehen die Sanktionsm\u00f6glichkeiten gegen Russland aus\"><\/noscript>    <\/div><\/div>\n<div class=\"Card-contentWrap\">\n<div class=\"Card-content\">\n<div class=\"Card-title\">\n<div class=\"HeaderNews-root HeaderNews-type_6 \">\n<p>            <a rel=\"nofollow noopener\" target=\"_blank\" href=\"https:\/\/de.rt.com\/europa\/138921-euractiv-eu-gehen-sanktionsmoglichkeiten-gegen\/\" class=\"Link-root Link-isFullCard \"><br \/>\n                Euractiv: EU gehen die Sanktionsm\u00f6glichkeiten gegen Russland aus<br \/>\n            <\/a><\/p><\/div><\/div><\/div><\/div>\n<\/article>\n<\/div><\/div>\n<p>Machnizki sagt, dass nichts von dem, was er erz\u00e4hlt hatte, in Birnbaums Artikel in der <em>Washington Post<\/em> ver\u00f6ffentlicht wurde, au\u00dfer diesem einen Satz: &#8220;Einige der Fl\u00fcchtlinge verstehen nicht, wohin sie gehen, wenn sie sich registrieren lassen.&#8221; Machnizki besteht darauf, dass diese Worte aus dem Zusammenhang gerissen und in eine Erz\u00e4hlung eingef\u00fcgt wurden, die deren Bedeutung v\u00f6llig ver\u00e4ndert.<\/p>\n<p>&#8220;Ich habe von einem Fl\u00fcchtlingszentrum in Taganrog gesprochen, das Fl\u00fcchtlinge aus Mariupol aufnimmt, bevor sie in andere Regionen Russlands weiterreisen k\u00f6nnen. Die Menschen verbringen dort h\u00f6chstens ein oder zwei Tage&#8221;, sagte er gegen\u00fcber <em>RT<\/em>, &#8220;In diesem Zentrum hingen einige Werbeplakate des Ministeriums f\u00fcr die Entwicklung des russischen Ostens. Sie laden Menschen ein, nach Chabarowsk zu kommen, und bieten einige Anreize wie Geld, bessere Kreditzinsen und sogar die M\u00f6glichkeit, einen ganzen Hektar Land zu bekommen. Und einige der Leute, die diese Plakate sahen, sprachen mit mir \u00fcber diese M\u00f6glichkeit, obwohl sie nicht einmal wussten, wo Chabarowsk liegt. Niemand hat sie gezwungen, dorthin zu gehen, aber wenn man meine Worte aus dem Zusammenhang rei\u00dft, klingen sie so, als w\u00fcssten die Leute nicht einmal, wohin sie gehen werden. Das ist einfach eine L\u00fcge.&#8221;<\/p>\n<div class=\"ReadMore-root Section-root Section-is1to3-xs_is1to1\" data-widgets=\"ReadMore\" data-has-alias>\n<div class=\"Section-container Section-isRow-isTop-isWrap\">\n<article class=\"Card-root Card-is1to1 \">\n<div class=\"Card-imageWrap\">\n<div class=\"Card-picture\">\n<picture class=\"Picture-root Picture-default\"><!--[if IE 9]><video style=\"display: none;\"><![endif]--><source media=\"(-webkit-min-device-pixel-ratio: 2) and (min-resolution: 120dpi)\" data-srcset=\" \nhttp:\/\/just-now.news\/de\/wp-content\/uploads\/sites\/3\/2022\/05\/62868bdd48fbef48145125cd.jpg 850w,\n                http:\/\/just-now.news\/de\/wp-content\/uploads\/sites\/3\/2022\/05\/1653136800_617_62868bdd48fbef48145125cd.jpg 1960w,\n            \" ><source data-srcset=\" \nhttp:\/\/just-now.news\/de\/wp-content\/uploads\/sites\/3\/2022\/05\/62868bdd48fbef48145125cd.jpg 460w,\n              http:\/\/just-now.news\/de\/wp-content\/uploads\/sites\/3\/2022\/05\/1653136800_617_62868bdd48fbef48145125cd.jpg 980w,\n            \" ><!--[if IE 9]><\/video><![endif]--><img decoding=\"async\" data- src=\"data:image\/png;base64,iVBORw0KGgoAAAANSUhEUgAAABAAAAAJCAQAAACRI2S5AAAAEElEQVR42mNkIAAYRxWAAQAG9gAKqv6+AwAAAABJRU5ErkJggg==\" class=\"Picture-root Picture-default lazyload\" data-src=\"http:\/\/just-now.news\/de\/wp-content\/uploads\/sites\/3\/2022\/05\/62868bdd48fbef48145125cd.jpg\" alt=\"Sippenhaft: Ukraine verhaftet Halbbruder des Separatisten Zarjow\"><\/source><\/source><\/picture><!-- noscript pattern --><noscript><img decoding=\"async\" src=\"http:\/\/just-now.news\/de\/wp-content\/uploads\/sites\/3\/2022\/05\/1653136800_617_62868bdd48fbef48145125cd.jpg\" alt=\"Sippenhaft: Ukraine verhaftet Halbbruder des Separatisten Zarjow\"><\/noscript>    <\/div><\/div>\n<div class=\"Card-contentWrap\">\n<div class=\"Card-content\">\n<div class=\"Card-title\">\n<div class=\"HeaderNews-root HeaderNews-type_6 \">\n<p>            <a rel=\"nofollow noopener\" target=\"_blank\" href=\"https:\/\/de.rt.com\/international\/138910-sippenhaft-ukraine-verhaftet-halbbruder-von-separatisten\/\" class=\"Link-root Link-isFullCard \"><br \/>\n                Sippenhaft: Ukraine verhaftet Halbbruder des Separatisten Zarjow<br \/>\n            <\/a><\/p><\/div><\/div><\/div><\/div>\n<\/article>\n<\/div><\/div>\n<p>Machnizki sagte auch, dass die Auswahl der Autoren des Beitrags von Birnbaum und Iljuschina recht aufschlussreich sei: &#8220;Die Reporter haben sich entschieden, mit Leuten zu sprechen, die nicht einmal direkt mit diesem Thema zu tun haben, wie beispielsweise mit dem US-Botschafter bei der OSZE. Woher soll der wissen, was vor Ort vor sich geht? Ich bin mir sicher, dass er noch nie einen Fl\u00fcchtling in Russland getroffen hat. Auch andere Meinungen von Beamten aus den Vereinigten Staaten oder Kiew wurden wiedergegeben. Ich glaube, die einzige Person, mit der die <em>Washington Post<\/em> gesprochen hat und die einige Fl\u00fcchtlinge gesehen haben k\u00f6nnte, war Laila Rogosina, die Leiterin des Aufnahmeb\u00fcros des &#8220;Komitees f\u00fcr B\u00fcrgerhilfe&#8221;. Doch was sie gesagt haben soll, scheint ziemlich fragw\u00fcrdig zu sein, n\u00e4mlich dass alle Fl\u00fcchtlinge angeblich den ehrenamtlichen Mitarbeitern nicht vertrauen und Angst haben, Russland zu kritisieren, wenn sie mit uns sprechen. Ich bin sicher, dass das nicht der Fall ist.&#8221;<\/p>\n<p><em>RT<\/em> hat Birnbaum um einen Kommentar gebeten und ihm eine Plattform geboten, um auf Machnizkis Anschuldigungen zu antworten. Bislang liegt keine Antwort vor.<\/p>\n<p><em>\u00dcbersetzt aus dem <a rel=\"nofollow noopener\" target=\"_blank\" href=\"https:\/\/www.rt.com\/russia\/555609-western-media-ignores-donbass-refugees\/\">Englischen<\/a><\/em><\/p>\n<p><strong>Mehr zum Thema<\/strong> &#8211; <a rel=\"nofollow noopener\" target=\"_blank\" href=\"https:\/\/test3.rtde.live\/europa\/138903-russischer-vize-premier-besucht-befreite-gebiete-sued-ukraine-willkommen-russlands-familie\/\">Willkommen in Russlands Familie \u2013 Aufbauprogramm f\u00fcr befreite Gebiete der S\u00fcdukraine angek\u00fcndigt<\/a><\/p>\n<\/div>\n<p><br \/>\n<br \/><a href=\"https:\/\/de.rt.com\/international\/138976-fake-news-der-washington-post-ueber-fluechtlinge-in-russland\/\">Source link <\/a><\/p>\n","protected":false},"excerpt":{"rendered":"<p>von Stepan Kostezkij Letzte Woche ver\u00f6ffentlichte die Washington Post (WP) einen ausf\u00fchrlichen Artikel mit dem Titel &#8220;Ukrainische Fl\u00fcchtlinge in Russland berichten \u00fcber Verh\u00f6re, Inhaftierungen und andere Misshandlungen&#8221;, meldete\u00a0rt.com am 19. Mai. Den Beitrag verfassten der ehemalige Moskauer B\u00fcroleiter der WP Michael Birnbaum und die Reporterin Mary Iljuschina (bekannt als Maria, als sie noch f\u00fcr russische [&hellip;]<\/p>\n","protected":false},"author":3,"featured_media":8446,"comment_status":"open","ping_status":"open","sticky":false,"template":"","format":"standard","meta":{"wp_automatic_camp":["217"],"03b4eef0ae008e2ba34a3af95d9d94fc":["Fake News:  &quot;Washington Post&quot; stellte Lage der Donbass-Fl\u00fcchtlinge absichtlich falsch dar"],"original_link":["https:\/\/de.rt.com\/international\/138976-fake-news-der-washington-post-ueber-fluechtlinge-in-russland\/"],"_thumbnail_id":["8446"],"_wptg_p2tg_sent2tg":["2022-05-21 14:41:06"],"jnews_social_counter_last_update":["1777255869"]},"categories":[19,23],"tags":[14063,21202,82,21201,361,19532,525,96,21200,21199,18990],"yoast_head":"<!-- This site is optimized with the Yoast SEO Premium plugin v22.7 (Yoast SEO v22.7) - https:\/\/yoast.com\/wordpress\/plugins\/seo\/ -->\n<title>Fake News: &quot;Washington Post&quot; stellte Lage der Donbass-Fl\u00fcchtlinge absichtlich falsch dar - just-now.NEWS Deutschland<\/title>\n<meta name=\"robots\" content=\"index, follow, max-snippet:-1, max-image-preview:large, max-video-preview:-1\" \/>\n<link rel=\"canonical\" href=\"https:\/\/now-news.de\/de\/deutschland\/fake-news-washington-post-stellte-lage-der-donbass-fluechtlinge-absichtlich-falsch-dar\/\" \/>\n<meta property=\"og:locale\" content=\"de_DE\" \/>\n<meta property=\"og:type\" content=\"article\" \/>\n<meta property=\"og:title\" content=\"Fake News: &quot;Washington Post&quot; stellte Lage der Donbass-Fl\u00fcchtlinge absichtlich falsch dar\" \/>\n<meta property=\"og:description\" content=\"von Stepan Kostezkij Letzte Woche ver\u00f6ffentlichte die Washington Post (WP) einen ausf\u00fchrlichen Artikel mit dem Titel &#8220;Ukrainische Fl\u00fcchtlinge in Russland berichten \u00fcber Verh\u00f6re, Inhaftierungen und andere Misshandlungen&#8221;, meldete\u00a0rt.com am 19. Mai. Den Beitrag verfassten der ehemalige Moskauer B\u00fcroleiter der WP Michael Birnbaum und die Reporterin Mary Iljuschina (bekannt als Maria, als sie noch f\u00fcr russische [&hellip;]\" \/>\n<meta property=\"og:url\" content=\"https:\/\/now-news.de\/de\/deutschland\/fake-news-washington-post-stellte-lage-der-donbass-fluechtlinge-absichtlich-falsch-dar\/\" \/>\n<meta property=\"og:site_name\" content=\"just-now.NEWS Deutschland\" \/>\n<meta property=\"article:publisher\" content=\"https:\/\/www.facebook.com\/wirmachenauf\" \/>\n<meta property=\"article:published_time\" content=\"2022-05-21T12:34:15+00:00\" \/>\n<meta property=\"og:image\" content=\"https:\/\/now-news.de\/de\/wp-content\/uploads\/sites\/3\/2022\/05\/Fake-News-quotWashington-Postquot-stellte-Lage-der-Donbass-Fluechtlinge-absichtlich-falsch.jpg\" \/>\n\t<meta property=\"og:image:width\" content=\"460\" \/>\n\t<meta property=\"og:image:height\" content=\"259\" \/>\n\t<meta property=\"og:image:type\" content=\"image\/jpeg\" \/>\n<meta name=\"author\" content=\"rtnews\" \/>\n<meta name=\"twitter:card\" content=\"summary_large_image\" \/>\n<meta name=\"twitter:creator\" content=\"@WirMachenAuf_de\" \/>\n<meta name=\"twitter:site\" content=\"@WirMachenAuf_de\" \/>\n<meta name=\"twitter:label1\" content=\"Verfasst von\" \/>\n\t<meta name=\"twitter:data1\" content=\"rtnews\" \/>\n\t<meta name=\"twitter:label2\" content=\"Gesch\u00e4tzte Lesezeit\" \/>\n\t<meta name=\"twitter:data2\" content=\"6\u00a0Minuten\" \/>\n<script type=\"application\/ld+json\" class=\"yoast-schema-graph\">{\"@context\":\"https:\/\/schema.org\",\"@graph\":[{\"@type\":\"Article\",\"@id\":\"https:\/\/now-news.de\/de\/deutschland\/fake-news-washington-post-stellte-lage-der-donbass-fluechtlinge-absichtlich-falsch-dar\/#article\",\"isPartOf\":{\"@id\":\"https:\/\/now-news.de\/de\/deutschland\/fake-news-washington-post-stellte-lage-der-donbass-fluechtlinge-absichtlich-falsch-dar\/\"},\"author\":{\"name\":\"rtnews\",\"@id\":\"https:\/\/now-news.de\/de\/#\/schema\/person\/fb534a4e865501d8b3285208df34a9b5\"},\"headline\":\"Fake News: &quot;Washington Post&quot; stellte Lage der Donbass-Fl\u00fcchtlinge absichtlich falsch dar\",\"datePublished\":\"2022-05-21T12:34:15+00:00\",\"dateModified\":\"2022-05-21T12:34:15+00:00\",\"mainEntityOfPage\":{\"@id\":\"https:\/\/now-news.de\/de\/deutschland\/fake-news-washington-post-stellte-lage-der-donbass-fluechtlinge-absichtlich-falsch-dar\/\"},\"wordCount\":1193,\"commentCount\":0,\"publisher\":{\"@id\":\"https:\/\/now-news.de\/de\/#organization\"},\"image\":{\"@id\":\"https:\/\/now-news.de\/de\/deutschland\/fake-news-washington-post-stellte-lage-der-donbass-fluechtlinge-absichtlich-falsch-dar\/#primaryimage\"},\"thumbnailUrl\":\"https:\/\/now-news.de\/de\/wp-content\/uploads\/sites\/3\/2022\/05\/Fake-News-quotWashington-Postquot-stellte-Lage-der-Donbass-Fluechtlinge-absichtlich-falsch.jpg\",\"keywords\":[\"absichtlich\",\"dar\",\"der\",\"DonbassFl\u00fcchtlinge\",\"Fake\",\"falsch\",\"Lage\",\"news\",\"Postquot\",\"quotWashington\",\"stellte\"],\"articleSection\":[\"Deutschland\",\"Russland\"],\"inLanguage\":\"de\",\"potentialAction\":[{\"@type\":\"CommentAction\",\"name\":\"Comment\",\"target\":[\"https:\/\/now-news.de\/de\/deutschland\/fake-news-washington-post-stellte-lage-der-donbass-fluechtlinge-absichtlich-falsch-dar\/#respond\"]}]},{\"@type\":\"WebPage\",\"@id\":\"https:\/\/now-news.de\/de\/deutschland\/fake-news-washington-post-stellte-lage-der-donbass-fluechtlinge-absichtlich-falsch-dar\/\",\"url\":\"https:\/\/now-news.de\/de\/deutschland\/fake-news-washington-post-stellte-lage-der-donbass-fluechtlinge-absichtlich-falsch-dar\/\",\"name\":\"Fake News: &quot;Washington Post&quot; stellte Lage der Donbass-Fl\u00fcchtlinge absichtlich falsch dar - just-now.NEWS Deutschland\",\"isPartOf\":{\"@id\":\"https:\/\/now-news.de\/de\/#website\"},\"primaryImageOfPage\":{\"@id\":\"https:\/\/now-news.de\/de\/deutschland\/fake-news-washington-post-stellte-lage-der-donbass-fluechtlinge-absichtlich-falsch-dar\/#primaryimage\"},\"image\":{\"@id\":\"https:\/\/now-news.de\/de\/deutschland\/fake-news-washington-post-stellte-lage-der-donbass-fluechtlinge-absichtlich-falsch-dar\/#primaryimage\"},\"thumbnailUrl\":\"https:\/\/now-news.de\/de\/wp-content\/uploads\/sites\/3\/2022\/05\/Fake-News-quotWashington-Postquot-stellte-Lage-der-Donbass-Fluechtlinge-absichtlich-falsch.jpg\",\"datePublished\":\"2022-05-21T12:34:15+00:00\",\"dateModified\":\"2022-05-21T12:34:15+00:00\",\"breadcrumb\":{\"@id\":\"https:\/\/now-news.de\/de\/deutschland\/fake-news-washington-post-stellte-lage-der-donbass-fluechtlinge-absichtlich-falsch-dar\/#breadcrumb\"},\"inLanguage\":\"de\",\"potentialAction\":[{\"@type\":\"ReadAction\",\"target\":[\"https:\/\/now-news.de\/de\/deutschland\/fake-news-washington-post-stellte-lage-der-donbass-fluechtlinge-absichtlich-falsch-dar\/\"]}]},{\"@type\":\"ImageObject\",\"inLanguage\":\"de\",\"@id\":\"https:\/\/now-news.de\/de\/deutschland\/fake-news-washington-post-stellte-lage-der-donbass-fluechtlinge-absichtlich-falsch-dar\/#primaryimage\",\"url\":\"https:\/\/now-news.de\/de\/wp-content\/uploads\/sites\/3\/2022\/05\/Fake-News-quotWashington-Postquot-stellte-Lage-der-Donbass-Fluechtlinge-absichtlich-falsch.jpg\",\"contentUrl\":\"https:\/\/now-news.de\/de\/wp-content\/uploads\/sites\/3\/2022\/05\/Fake-News-quotWashington-Postquot-stellte-Lage-der-Donbass-Fluechtlinge-absichtlich-falsch.jpg\",\"width\":460,\"height\":259,\"caption\":\"Kriegsanleihen \u2013 die EU plant, sich f\u00fcr die Ukraine zu verschulden\"},{\"@type\":\"BreadcrumbList\",\"@id\":\"https:\/\/now-news.de\/de\/deutschland\/fake-news-washington-post-stellte-lage-der-donbass-fluechtlinge-absichtlich-falsch-dar\/#breadcrumb\",\"itemListElement\":[{\"@type\":\"ListItem\",\"position\":1,\"name\":\"Home\",\"item\":\"https:\/\/now-news.de\/de\/\"},{\"@type\":\"ListItem\",\"position\":2,\"name\":\"Fake News: &quot;Washington Post&quot; stellte Lage der Donbass-Fl\u00fcchtlinge absichtlich falsch dar\"}]},{\"@type\":\"WebSite\",\"@id\":\"https:\/\/now-news.de\/de\/#website\",\"url\":\"https:\/\/now-news.de\/de\/\",\"name\":\"just-now.NEWS Deutschland\",\"description\":\"Das Portal f\u00fcr unzensierte Nachrichten aus der Welt\",\"publisher\":{\"@id\":\"https:\/\/now-news.de\/de\/#organization\"},\"potentialAction\":[{\"@type\":\"SearchAction\",\"target\":{\"@type\":\"EntryPoint\",\"urlTemplate\":\"https:\/\/now-news.de\/de\/?s={search_term_string}\"},\"query-input\":\"required name=search_term_string\"}],\"inLanguage\":\"de\"},{\"@type\":\"Organization\",\"@id\":\"https:\/\/now-news.de\/de\/#organization\",\"name\":\"Just Now News\",\"url\":\"https:\/\/now-news.de\/de\/\",\"logo\":{\"@type\":\"ImageObject\",\"inLanguage\":\"de\",\"@id\":\"https:\/\/now-news.de\/de\/#\/schema\/logo\/image\/\",\"url\":\"http:\/\/just-now.news\/de\/wp-content\/uploads\/sites\/3\/2022\/04\/logo500x500.jpg\",\"contentUrl\":\"http:\/\/just-now.news\/de\/wp-content\/uploads\/sites\/3\/2022\/04\/logo500x500.jpg\",\"width\":500,\"height\":500,\"caption\":\"Just Now News\"},\"image\":{\"@id\":\"https:\/\/now-news.de\/de\/#\/schema\/logo\/image\/\"},\"sameAs\":[\"https:\/\/www.facebook.com\/wirmachenauf\",\"https:\/\/x.com\/WirMachenAuf_de\"]},{\"@type\":\"Person\",\"@id\":\"https:\/\/now-news.de\/de\/#\/schema\/person\/fb534a4e865501d8b3285208df34a9b5\",\"name\":\"rtnews\",\"image\":{\"@type\":\"ImageObject\",\"inLanguage\":\"de\",\"@id\":\"https:\/\/now-news.de\/de\/#\/schema\/person\/image\/\",\"url\":\"https:\/\/secure.gravatar.com\/avatar\/82aafea7d8127119dd649515f56e2117?s=96&d=mm&r=g\",\"contentUrl\":\"https:\/\/secure.gravatar.com\/avatar\/82aafea7d8127119dd649515f56e2117?s=96&d=mm&r=g\",\"caption\":\"rtnews\"},\"url\":\"https:\/\/now-news.de\/de\/author\/rnews\/\"}]}<\/script>\n<!-- \/ Yoast SEO Premium plugin. -->","yoast_head_json":{"title":"Fake News: &quot;Washington Post&quot; stellte Lage der Donbass-Fl\u00fcchtlinge absichtlich falsch dar - just-now.NEWS Deutschland","robots":{"index":"index","follow":"follow","max-snippet":"max-snippet:-1","max-image-preview":"max-image-preview:large","max-video-preview":"max-video-preview:-1"},"canonical":"https:\/\/now-news.de\/de\/deutschland\/fake-news-washington-post-stellte-lage-der-donbass-fluechtlinge-absichtlich-falsch-dar\/","og_locale":"de_DE","og_type":"article","og_title":"Fake News: &quot;Washington Post&quot; stellte Lage der Donbass-Fl\u00fcchtlinge absichtlich falsch dar","og_description":"von Stepan Kostezkij Letzte Woche ver\u00f6ffentlichte die Washington Post (WP) einen ausf\u00fchrlichen Artikel mit dem Titel &#8220;Ukrainische Fl\u00fcchtlinge in Russland berichten \u00fcber Verh\u00f6re, Inhaftierungen und andere Misshandlungen&#8221;, meldete\u00a0rt.com am 19. Mai. Den Beitrag verfassten der ehemalige Moskauer B\u00fcroleiter der WP Michael Birnbaum und die Reporterin Mary Iljuschina (bekannt als Maria, als sie noch f\u00fcr russische [&hellip;]","og_url":"https:\/\/now-news.de\/de\/deutschland\/fake-news-washington-post-stellte-lage-der-donbass-fluechtlinge-absichtlich-falsch-dar\/","og_site_name":"just-now.NEWS Deutschland","article_publisher":"https:\/\/www.facebook.com\/wirmachenauf","article_published_time":"2022-05-21T12:34:15+00:00","og_image":[{"width":460,"height":259,"url":"https:\/\/now-news.de\/de\/wp-content\/uploads\/sites\/3\/2022\/05\/Fake-News-quotWashington-Postquot-stellte-Lage-der-Donbass-Fluechtlinge-absichtlich-falsch.jpg","type":"image\/jpeg"}],"author":"rtnews","twitter_card":"summary_large_image","twitter_creator":"@WirMachenAuf_de","twitter_site":"@WirMachenAuf_de","twitter_misc":{"Verfasst von":"rtnews","Gesch\u00e4tzte Lesezeit":"6\u00a0Minuten"},"schema":{"@context":"https:\/\/schema.org","@graph":[{"@type":"Article","@id":"https:\/\/now-news.de\/de\/deutschland\/fake-news-washington-post-stellte-lage-der-donbass-fluechtlinge-absichtlich-falsch-dar\/#article","isPartOf":{"@id":"https:\/\/now-news.de\/de\/deutschland\/fake-news-washington-post-stellte-lage-der-donbass-fluechtlinge-absichtlich-falsch-dar\/"},"author":{"name":"rtnews","@id":"https:\/\/now-news.de\/de\/#\/schema\/person\/fb534a4e865501d8b3285208df34a9b5"},"headline":"Fake News: &quot;Washington Post&quot; stellte Lage der Donbass-Fl\u00fcchtlinge absichtlich falsch dar","datePublished":"2022-05-21T12:34:15+00:00","dateModified":"2022-05-21T12:34:15+00:00","mainEntityOfPage":{"@id":"https:\/\/now-news.de\/de\/deutschland\/fake-news-washington-post-stellte-lage-der-donbass-fluechtlinge-absichtlich-falsch-dar\/"},"wordCount":1193,"commentCount":0,"publisher":{"@id":"https:\/\/now-news.de\/de\/#organization"},"image":{"@id":"https:\/\/now-news.de\/de\/deutschland\/fake-news-washington-post-stellte-lage-der-donbass-fluechtlinge-absichtlich-falsch-dar\/#primaryimage"},"thumbnailUrl":"https:\/\/now-news.de\/de\/wp-content\/uploads\/sites\/3\/2022\/05\/Fake-News-quotWashington-Postquot-stellte-Lage-der-Donbass-Fluechtlinge-absichtlich-falsch.jpg","keywords":["absichtlich","dar","der","DonbassFl\u00fcchtlinge","Fake","falsch","Lage","news","Postquot","quotWashington","stellte"],"articleSection":["Deutschland","Russland"],"inLanguage":"de","potentialAction":[{"@type":"CommentAction","name":"Comment","target":["https:\/\/now-news.de\/de\/deutschland\/fake-news-washington-post-stellte-lage-der-donbass-fluechtlinge-absichtlich-falsch-dar\/#respond"]}]},{"@type":"WebPage","@id":"https:\/\/now-news.de\/de\/deutschland\/fake-news-washington-post-stellte-lage-der-donbass-fluechtlinge-absichtlich-falsch-dar\/","url":"https:\/\/now-news.de\/de\/deutschland\/fake-news-washington-post-stellte-lage-der-donbass-fluechtlinge-absichtlich-falsch-dar\/","name":"Fake News: &quot;Washington Post&quot; stellte Lage der Donbass-Fl\u00fcchtlinge absichtlich falsch dar - just-now.NEWS Deutschland","isPartOf":{"@id":"https:\/\/now-news.de\/de\/#website"},"primaryImageOfPage":{"@id":"https:\/\/now-news.de\/de\/deutschland\/fake-news-washington-post-stellte-lage-der-donbass-fluechtlinge-absichtlich-falsch-dar\/#primaryimage"},"image":{"@id":"https:\/\/now-news.de\/de\/deutschland\/fake-news-washington-post-stellte-lage-der-donbass-fluechtlinge-absichtlich-falsch-dar\/#primaryimage"},"thumbnailUrl":"https:\/\/now-news.de\/de\/wp-content\/uploads\/sites\/3\/2022\/05\/Fake-News-quotWashington-Postquot-stellte-Lage-der-Donbass-Fluechtlinge-absichtlich-falsch.jpg","datePublished":"2022-05-21T12:34:15+00:00","dateModified":"2022-05-21T12:34:15+00:00","breadcrumb":{"@id":"https:\/\/now-news.de\/de\/deutschland\/fake-news-washington-post-stellte-lage-der-donbass-fluechtlinge-absichtlich-falsch-dar\/#breadcrumb"},"inLanguage":"de","potentialAction":[{"@type":"ReadAction","target":["https:\/\/now-news.de\/de\/deutschland\/fake-news-washington-post-stellte-lage-der-donbass-fluechtlinge-absichtlich-falsch-dar\/"]}]},{"@type":"ImageObject","inLanguage":"de","@id":"https:\/\/now-news.de\/de\/deutschland\/fake-news-washington-post-stellte-lage-der-donbass-fluechtlinge-absichtlich-falsch-dar\/#primaryimage","url":"https:\/\/now-news.de\/de\/wp-content\/uploads\/sites\/3\/2022\/05\/Fake-News-quotWashington-Postquot-stellte-Lage-der-Donbass-Fluechtlinge-absichtlich-falsch.jpg","contentUrl":"https:\/\/now-news.de\/de\/wp-content\/uploads\/sites\/3\/2022\/05\/Fake-News-quotWashington-Postquot-stellte-Lage-der-Donbass-Fluechtlinge-absichtlich-falsch.jpg","width":460,"height":259,"caption":"Kriegsanleihen \u2013 die EU plant, sich f\u00fcr die Ukraine zu verschulden"},{"@type":"BreadcrumbList","@id":"https:\/\/now-news.de\/de\/deutschland\/fake-news-washington-post-stellte-lage-der-donbass-fluechtlinge-absichtlich-falsch-dar\/#breadcrumb","itemListElement":[{"@type":"ListItem","position":1,"name":"Home","item":"https:\/\/now-news.de\/de\/"},{"@type":"ListItem","position":2,"name":"Fake News: &quot;Washington Post&quot; stellte Lage der Donbass-Fl\u00fcchtlinge absichtlich falsch dar"}]},{"@type":"WebSite","@id":"https:\/\/now-news.de\/de\/#website","url":"https:\/\/now-news.de\/de\/","name":"just-now.NEWS Deutschland","description":"Das Portal f\u00fcr unzensierte Nachrichten aus der Welt","publisher":{"@id":"https:\/\/now-news.de\/de\/#organization"},"potentialAction":[{"@type":"SearchAction","target":{"@type":"EntryPoint","urlTemplate":"https:\/\/now-news.de\/de\/?s={search_term_string}"},"query-input":"required name=search_term_string"}],"inLanguage":"de"},{"@type":"Organization","@id":"https:\/\/now-news.de\/de\/#organization","name":"Just Now News","url":"https:\/\/now-news.de\/de\/","logo":{"@type":"ImageObject","inLanguage":"de","@id":"https:\/\/now-news.de\/de\/#\/schema\/logo\/image\/","url":"http:\/\/just-now.news\/de\/wp-content\/uploads\/sites\/3\/2022\/04\/logo500x500.jpg","contentUrl":"http:\/\/just-now.news\/de\/wp-content\/uploads\/sites\/3\/2022\/04\/logo500x500.jpg","width":500,"height":500,"caption":"Just Now News"},"image":{"@id":"https:\/\/now-news.de\/de\/#\/schema\/logo\/image\/"},"sameAs":["https:\/\/www.facebook.com\/wirmachenauf","https:\/\/x.com\/WirMachenAuf_de"]},{"@type":"Person","@id":"https:\/\/now-news.de\/de\/#\/schema\/person\/fb534a4e865501d8b3285208df34a9b5","name":"rtnews","image":{"@type":"ImageObject","inLanguage":"de","@id":"https:\/\/now-news.de\/de\/#\/schema\/person\/image\/","url":"https:\/\/secure.gravatar.com\/avatar\/82aafea7d8127119dd649515f56e2117?s=96&d=mm&r=g","contentUrl":"https:\/\/secure.gravatar.com\/avatar\/82aafea7d8127119dd649515f56e2117?s=96&d=mm&r=g","caption":"rtnews"},"url":"https:\/\/now-news.de\/de\/author\/rnews\/"}]}},"_links":{"self":[{"href":"https:\/\/now-news.de\/de\/wp-json\/wp\/v2\/posts\/8445"}],"collection":[{"href":"https:\/\/now-news.de\/de\/wp-json\/wp\/v2\/posts"}],"about":[{"href":"https:\/\/now-news.de\/de\/wp-json\/wp\/v2\/types\/post"}],"author":[{"embeddable":true,"href":"https:\/\/now-news.de\/de\/wp-json\/wp\/v2\/users\/3"}],"replies":[{"embeddable":true,"href":"https:\/\/now-news.de\/de\/wp-json\/wp\/v2\/comments?post=8445"}],"version-history":[{"count":0,"href":"https:\/\/now-news.de\/de\/wp-json\/wp\/v2\/posts\/8445\/revisions"}],"wp:featuredmedia":[{"embeddable":true,"href":"https:\/\/now-news.de\/de\/wp-json\/wp\/v2\/media\/8446"}],"wp:attachment":[{"href":"https:\/\/now-news.de\/de\/wp-json\/wp\/v2\/media?parent=8445"}],"wp:term":[{"taxonomy":"category","embeddable":true,"href":"https:\/\/now-news.de\/de\/wp-json\/wp\/v2\/categories?post=8445"},{"taxonomy":"post_tag","embeddable":true,"href":"https:\/\/now-news.de\/de\/wp-json\/wp\/v2\/tags?post=8445"}],"curies":[{"name":"wp","href":"https:\/\/api.w.org\/{rel}","templated":true}]}}