{"id":8443,"date":"2022-05-21T13:54:52","date_gmt":"2022-05-21T11:54:52","guid":{"rendered":"http:\/\/just-now.news\/de\/deutschland\/die-hetzjagd-auf-gerhard-schroeder\/"},"modified":"2022-05-21T13:54:52","modified_gmt":"2022-05-21T11:54:52","slug":"die-hetzjagd-auf-gerhard-schroeder","status":"publish","type":"post","link":"https:\/\/now-news.de\/de\/deutschland\/die-hetzjagd-auf-gerhard-schroeder\/","title":{"rendered":"Die Hetzjagd auf Gerhard Schr\u00f6der"},"content":{"rendered":"<p><img decoding=\"async\" src=\"http:\/\/just-now.news\/de\/wp-content\/uploads\/sites\/3\/2022\/05\/6288cb24b480cc171b55eff2.jpg\" \/><\/p>\n<p><em>von <strong><\/strong>Michael Rostovsky<\/em><\/p>\n<p>&#8220;Jeder Kunde kann ein lackiertes Auto in jeder gew\u00fcnschten Farbe haben, solange es schwarz ist&#8221;, sagte einst der ber\u00fchmte amerikanische Wirtschaftsmagnat Henry Ford. Ein Staatsmann darf jede beliebige Ansicht \u00fcber Russland haben, vorausgesetzt, diese Ansichten sind negativ \u2013 so sehen heutzutage die &#8220;demokratischen Regeln des politischen Spiels&#8221; in den L\u00e4ndern des Westens aus. H\u00f6rt sich das an wie ein sowjetisches Propagandaklischee? Fragen Sie ruhig den ehemaligen Bundeskanzler der Bundesrepublik Deutschland, Gerhard Schr\u00f6der, der sich weigert, seine Ansichten \u00fcber das Verh\u00e4ltnis zu Russland aufzugeben, und deswegen von der EU sanktioniert werden soll. Vielleicht besser so: Fragen Sie die &#8220;modernen, demokratischen, aufgekl\u00e4rten und fortschrittlichen&#8221; Politiker, die bereit sind, diese Sanktionen zu verh\u00e4ngen.<\/p>\n<p>Wohlgemerkt ist es nicht n\u00f6tig, sie nach irgendetwas zu fragen. Sie werden selbst alles erz\u00e4hlen, auch wenn Sie es nicht wollen. So fordert das Europ\u00e4ische Parlament beispielsweise eine Ausweitung der &#8220;Liste der von den EU-Sanktionen betroffenen Personen auf die europ\u00e4ischen Vorstandsmitglieder gro\u00dfer russischer Unternehmen&#8221;. Die Rede ist vor allem von Schr\u00f6der und der ehemaligen Au\u00dfenministerin \u00d6sterreichs, Karin Kneissl. Und worin liegt das Motiv f\u00fcr diesen Vorschlag? Hierin: Stefan Berger, Mitglied des Europaparlaments von der CDU (genau jene Partei, die Schr\u00f6der in zwei Wahlen besiegte), sagte gegen\u00fcber <em>Die Welt<\/em>, diese Resolution werde &#8220;ein Signal sein, dass ehemalige Bundeskanzler auch nach ihrem Ausscheiden aus dem Amt die Interessen ihres Landes ber\u00fccksichtigen m\u00fcssen&#8221;.<\/p>\n<p>Sicherlich sollten sie das. Wer aber sagte, dass diese Interessen absolut von allen in gleicher Weise zu verstehen sind? Der Aufforderung &#8220;Den Autor ins Studio!&#8221; wird wohl niemand nachkommen. Kaum jemand in Europa wird wohl die Notwendigkeit einer Einstimmigkeit im Abstrakten verteidigen wollen. In der Theorie herrscht immer noch &#8220;v\u00f6llige Redefreiheit und v\u00f6llige Gedankenfreiheit&#8221;. Doch in der Praxis sind diese Freiheiten bereits eingeschr\u00e4nkt, wenn es um Russland geht. Infolgedessen wagen es heute nur sehr wenige Politiker und Staatsm\u00e4nner im Westen, &#8220;alternative Ansichten&#8221; hinsichtlich der Verh\u00e4ltnisse zu Russland auszusprechen. Lassen Sie mich doch an ein ber\u00fchmtes Zitat von George Orwell ankn\u00fcpfen: &#8220;In der Minderheit zu sein, selbst in der Minderheit von einer Person, machte einen nicht verr\u00fcckt. Es gab Wahrheit und es gab Unwahrheit, und wenn man sich an die Wahrheit klammerte, sei es auch gegen die ganze Welt, war man nicht verr\u00fcckt&#8221;.<\/p>\n<p>Im vergangenen Monat sagte Gerhard Schr\u00f6der der <em>New York Times<\/em>:<\/p>\n<blockquote>\n<p><em>&#8220;Ein solches Land wie Russland kann nicht auf Dauer politisch oder wirtschaftlich isoliert werden. Die deutsche Industrie ist auf Rohstoffe angewiesen, die Russland hat. Dabei geht es nicht nur um \u00d6l und Gas, sondern auch um Seltene Erden. Und diese Rohstoffe sind nicht einfach zu ersetzen.&#8221;<\/em><\/p>\n<\/blockquote>\n<p>Kann irgendjemand diese Worte des ehemaligen Bundeskanzlers \u00fcberzeugend widerlegen? Und wenn das nicht der Fall ist, wer &#8220;ber\u00fccksichtigt hier die Interessen seines Staates&#8221; st\u00e4rker \u2013 Gerhard Schr\u00f6der oder seine Verfolger? Es gibt eine Politik der Hysterie und es gibt eine Politik des gesunden Menschenverstands. Wenn aber jemand in Hysterie verf\u00e4llt, k\u00f6nnen dann Argumente des gesunden Menschenverstands helfen, diese zu beenden? Die Erfahrung zeigt, dass dem nicht so ist. Bei der Hysterie gibt es eine eigene &#8220;Logik&#8221; (oder Anti-Logik). Echte logische Argumente k\u00f6nnen den hysterischen &#8220;Schutzpanzer&#8221; nur durchdringen, wenn ebendiese Hysterie zu ihrem nat\u00fcrlichen Ende gelangt. Gerhard Schr\u00f6der blickt bereits klar auf dieses Ende.<\/p>\n<p>Nach dem Ende der milit\u00e4rischen Spezialoperation in der Ukraine wird der Westen sowieso die Zusammenarbeit mit Moskau wieder aufnehmen m\u00fcssen, so die Worte des ehemaligen Bundeskanzlers: &#8220;So geschieht es auch immer&#8221;.<\/p>\n<p>Eine \u00e4u\u00dferst realistische Einsch\u00e4tzung der Situation. Gerade dieser Realismus ist es, der Gerhard Schr\u00f6ders Verfolger so w\u00fctend macht. Ungeachtet des &#8220;Schutzpanzers der Hysterie&#8221; sp\u00fcren sie die Kraft seiner Argumente. Sie merken wohl, wie schwer (wenn nicht gar unm\u00f6glich) es ist, diese Argumente zu widerlegen, und entscheiden im Unbewussten dar\u00fcber, sich nicht damit zu plagen. Wof\u00fcr in eine sinnvolle Diskussion einsteigen, wenn man einfach &#8220;hussasa&#8221; rufen kann? Nat\u00fcrlich deshalb, weil die wahren Interessen des Staates es erfordern, dessen Regierung Schr\u00f6der als Bundeskanzler anf\u00fchrte. Diejenigen aber, die Gerhard Schr\u00f6der derzeit heftigen Angriffen aussetzen, k\u00f6nnen das noch nicht begreifen.<\/p>\n<p>Manche der &#8220;J\u00e4ger&#8221; auf den ehemaligen Bundeskanzler sind sogar stolz darauf, dass sie nichts verstehen wollen. So schlagen beispielsweise mehrere Abgeordnete des Deutschen Bundestages vor, die staatliche Finanzierung von Schr\u00f6ders B\u00fcro einzustellen. Begr\u00fcndet wird dies dadurch, dass der ehemalige Bundeskanzler die R\u00e4umlichkeiten nicht selber nutze und die vakanten Stellen in seinem B\u00fcro nicht besetze. &#8220;Somit entf\u00e4llt die Grundlage f\u00fcr die Personal- und Raumzuteilung&#8221;, frohlocken die Verfasser der Initiative \u00fcberschw\u00e4nglich. Der Umstand, dass Schr\u00f6ders fr\u00fchere Mitarbeiter gek\u00fcndigt haben und er noch keine neuen Mitarbeiter eingestellt hat, wird dabei au\u00dfer Acht gelassen. Und auch das passt gut in den Rahmen der &#8220;Anti-Logik der Hysterie&#8221;. Ausschlie\u00dflich in einem &#8220;ver\u00e4nderten Bewusstseinszustand&#8221; befindend, kann man zu dem Schluss kommen, dass an dieser Methode der Repressalien gegen Andersdenkende wenigstens ein Tropfen Edelsinn vorhanden ist.<\/p>\n<p><strong>Mehr zum Thema<\/strong> &#8211; <a rel=\"nofollow noopener\" target=\"_blank\" href=\"https:\/\/test.rtde.tech\/europa\/138860-eu-parlament-fordert-sanktionen-gegen-schroeder-kneissl\/\">EU-Parlament fordert Sanktionen gegen Ex-Kanzler Gerhard Schr\u00f6der und Karin Kneissl<\/a><\/p>\n<div class=\"EmbedBlock-root EmbedBlock-externalVideo EmbedBlock-vk\">\n<div class=\"VkEmbed\"><\/div><\/div>\n<p><br \/>\n<br \/><a href=\"https:\/\/de.rt.com\/meinung\/139024-hetzjagd-auf-gerhard-schreoder\/\">Source link <\/a><\/p>\n","protected":false},"excerpt":{"rendered":"<p>von Michael Rostovsky &#8220;Jeder Kunde kann ein lackiertes Auto in jeder gew\u00fcnschten Farbe haben, solange es schwarz ist&#8221;, sagte einst der ber\u00fchmte amerikanische Wirtschaftsmagnat Henry Ford. Ein Staatsmann darf jede beliebige Ansicht \u00fcber Russland haben, vorausgesetzt, diese Ansichten sind negativ \u2013 so sehen heutzutage die &#8220;demokratischen Regeln des politischen Spiels&#8221; in den L\u00e4ndern des Westens [&hellip;]<\/p>\n","protected":false},"author":3,"featured_media":8444,"comment_status":"open","ping_status":"open","sticky":false,"template":"","format":"standard","meta":{"wp_automatic_camp":["217"],"3c4ca81172c86da30e1f1d0b521bad6b":["Die Hetzjagd auf Gerhard Schr\u00f6der"],"original_link":["https:\/\/de.rt.com\/meinung\/139024-hetzjagd-auf-gerhard-schreoder\/"],"_thumbnail_id":["8444"],"_wptg_p2tg_sent2tg":["2022-05-21 14:09:00"],"jnews_social_counter_last_update":["1777353287"]},"categories":[19,23],"tags":[133,45,13154,21198,8961],"yoast_head":"<!-- This site is optimized with the Yoast SEO Premium plugin v22.7 (Yoast SEO v22.7) - https:\/\/yoast.com\/wordpress\/plugins\/seo\/ -->\n<title>Die Hetzjagd auf Gerhard Schr\u00f6der - just-now.NEWS Deutschland<\/title>\n<meta name=\"robots\" content=\"index, follow, max-snippet:-1, max-image-preview:large, max-video-preview:-1\" \/>\n<link rel=\"canonical\" href=\"https:\/\/now-news.de\/de\/deutschland\/die-hetzjagd-auf-gerhard-schroeder\/\" \/>\n<meta property=\"og:locale\" content=\"de_DE\" \/>\n<meta property=\"og:type\" content=\"article\" \/>\n<meta property=\"og:title\" content=\"Die Hetzjagd auf Gerhard Schr\u00f6der\" \/>\n<meta property=\"og:description\" content=\"von Michael Rostovsky &#8220;Jeder Kunde kann ein lackiertes Auto in jeder gew\u00fcnschten Farbe haben, solange es schwarz ist&#8221;, sagte einst der ber\u00fchmte amerikanische Wirtschaftsmagnat Henry Ford. Ein Staatsmann darf jede beliebige Ansicht \u00fcber Russland haben, vorausgesetzt, diese Ansichten sind negativ \u2013 so sehen heutzutage die &#8220;demokratischen Regeln des politischen Spiels&#8221; in den L\u00e4ndern des Westens [&hellip;]\" \/>\n<meta property=\"og:url\" content=\"https:\/\/now-news.de\/de\/deutschland\/die-hetzjagd-auf-gerhard-schroeder\/\" \/>\n<meta property=\"og:site_name\" content=\"just-now.NEWS Deutschland\" \/>\n<meta property=\"article:publisher\" content=\"https:\/\/www.facebook.com\/wirmachenauf\" \/>\n<meta property=\"article:published_time\" content=\"2022-05-21T11:54:52+00:00\" \/>\n<meta property=\"og:image\" content=\"https:\/\/now-news.de\/de\/wp-content\/uploads\/sites\/3\/2022\/05\/Die-Hetzjagd-auf-Gerhard-Schroeder.jpg\" \/>\n\t<meta property=\"og:image:width\" content=\"460\" \/>\n\t<meta property=\"og:image:height\" content=\"259\" \/>\n\t<meta property=\"og:image:type\" content=\"image\/jpeg\" \/>\n<meta name=\"author\" content=\"rtnews\" \/>\n<meta name=\"twitter:card\" content=\"summary_large_image\" \/>\n<meta name=\"twitter:creator\" content=\"@WirMachenAuf_de\" \/>\n<meta name=\"twitter:site\" content=\"@WirMachenAuf_de\" \/>\n<meta name=\"twitter:label1\" content=\"Verfasst von\" \/>\n\t<meta name=\"twitter:data1\" content=\"rtnews\" \/>\n\t<meta name=\"twitter:label2\" content=\"Gesch\u00e4tzte Lesezeit\" \/>\n\t<meta name=\"twitter:data2\" content=\"4\u00a0Minuten\" \/>\n<script type=\"application\/ld+json\" class=\"yoast-schema-graph\">{\"@context\":\"https:\/\/schema.org\",\"@graph\":[{\"@type\":\"Article\",\"@id\":\"https:\/\/now-news.de\/de\/deutschland\/die-hetzjagd-auf-gerhard-schroeder\/#article\",\"isPartOf\":{\"@id\":\"https:\/\/now-news.de\/de\/deutschland\/die-hetzjagd-auf-gerhard-schroeder\/\"},\"author\":{\"name\":\"rtnews\",\"@id\":\"https:\/\/now-news.de\/de\/#\/schema\/person\/fb534a4e865501d8b3285208df34a9b5\"},\"headline\":\"Die Hetzjagd auf Gerhard Schr\u00f6der\",\"datePublished\":\"2022-05-21T11:54:52+00:00\",\"dateModified\":\"2022-05-21T11:54:52+00:00\",\"mainEntityOfPage\":{\"@id\":\"https:\/\/now-news.de\/de\/deutschland\/die-hetzjagd-auf-gerhard-schroeder\/\"},\"wordCount\":869,\"commentCount\":0,\"publisher\":{\"@id\":\"https:\/\/now-news.de\/de\/#organization\"},\"image\":{\"@id\":\"https:\/\/now-news.de\/de\/deutschland\/die-hetzjagd-auf-gerhard-schroeder\/#primaryimage\"},\"thumbnailUrl\":\"https:\/\/now-news.de\/de\/wp-content\/uploads\/sites\/3\/2022\/05\/Die-Hetzjagd-auf-Gerhard-Schroeder.jpg\",\"keywords\":[\"AUF\",\"die\",\"Gerhard\",\"Hetzjagd\",\"Schr\u00f6der\"],\"articleSection\":[\"Deutschland\",\"Russland\"],\"inLanguage\":\"de\",\"potentialAction\":[{\"@type\":\"CommentAction\",\"name\":\"Comment\",\"target\":[\"https:\/\/now-news.de\/de\/deutschland\/die-hetzjagd-auf-gerhard-schroeder\/#respond\"]}]},{\"@type\":\"WebPage\",\"@id\":\"https:\/\/now-news.de\/de\/deutschland\/die-hetzjagd-auf-gerhard-schroeder\/\",\"url\":\"https:\/\/now-news.de\/de\/deutschland\/die-hetzjagd-auf-gerhard-schroeder\/\",\"name\":\"Die Hetzjagd auf Gerhard Schr\u00f6der - just-now.NEWS Deutschland\",\"isPartOf\":{\"@id\":\"https:\/\/now-news.de\/de\/#website\"},\"primaryImageOfPage\":{\"@id\":\"https:\/\/now-news.de\/de\/deutschland\/die-hetzjagd-auf-gerhard-schroeder\/#primaryimage\"},\"image\":{\"@id\":\"https:\/\/now-news.de\/de\/deutschland\/die-hetzjagd-auf-gerhard-schroeder\/#primaryimage\"},\"thumbnailUrl\":\"https:\/\/now-news.de\/de\/wp-content\/uploads\/sites\/3\/2022\/05\/Die-Hetzjagd-auf-Gerhard-Schroeder.jpg\",\"datePublished\":\"2022-05-21T11:54:52+00:00\",\"dateModified\":\"2022-05-21T11:54:52+00:00\",\"breadcrumb\":{\"@id\":\"https:\/\/now-news.de\/de\/deutschland\/die-hetzjagd-auf-gerhard-schroeder\/#breadcrumb\"},\"inLanguage\":\"de\",\"potentialAction\":[{\"@type\":\"ReadAction\",\"target\":[\"https:\/\/now-news.de\/de\/deutschland\/die-hetzjagd-auf-gerhard-schroeder\/\"]}]},{\"@type\":\"ImageObject\",\"inLanguage\":\"de\",\"@id\":\"https:\/\/now-news.de\/de\/deutschland\/die-hetzjagd-auf-gerhard-schroeder\/#primaryimage\",\"url\":\"https:\/\/now-news.de\/de\/wp-content\/uploads\/sites\/3\/2022\/05\/Die-Hetzjagd-auf-Gerhard-Schroeder.jpg\",\"contentUrl\":\"https:\/\/now-news.de\/de\/wp-content\/uploads\/sites\/3\/2022\/05\/Die-Hetzjagd-auf-Gerhard-Schroeder.jpg\",\"width\":460,\"height\":259,\"caption\":\"Die Hetzjagd auf Gerhard Schr\u00f6der\"},{\"@type\":\"BreadcrumbList\",\"@id\":\"https:\/\/now-news.de\/de\/deutschland\/die-hetzjagd-auf-gerhard-schroeder\/#breadcrumb\",\"itemListElement\":[{\"@type\":\"ListItem\",\"position\":1,\"name\":\"Home\",\"item\":\"https:\/\/now-news.de\/de\/\"},{\"@type\":\"ListItem\",\"position\":2,\"name\":\"Die Hetzjagd auf Gerhard Schr\u00f6der\"}]},{\"@type\":\"WebSite\",\"@id\":\"https:\/\/now-news.de\/de\/#website\",\"url\":\"https:\/\/now-news.de\/de\/\",\"name\":\"just-now.NEWS Deutschland\",\"description\":\"Das Portal f\u00fcr unzensierte Nachrichten aus der Welt\",\"publisher\":{\"@id\":\"https:\/\/now-news.de\/de\/#organization\"},\"potentialAction\":[{\"@type\":\"SearchAction\",\"target\":{\"@type\":\"EntryPoint\",\"urlTemplate\":\"https:\/\/now-news.de\/de\/?s={search_term_string}\"},\"query-input\":\"required name=search_term_string\"}],\"inLanguage\":\"de\"},{\"@type\":\"Organization\",\"@id\":\"https:\/\/now-news.de\/de\/#organization\",\"name\":\"Just Now News\",\"url\":\"https:\/\/now-news.de\/de\/\",\"logo\":{\"@type\":\"ImageObject\",\"inLanguage\":\"de\",\"@id\":\"https:\/\/now-news.de\/de\/#\/schema\/logo\/image\/\",\"url\":\"http:\/\/just-now.news\/de\/wp-content\/uploads\/sites\/3\/2022\/04\/logo500x500.jpg\",\"contentUrl\":\"http:\/\/just-now.news\/de\/wp-content\/uploads\/sites\/3\/2022\/04\/logo500x500.jpg\",\"width\":500,\"height\":500,\"caption\":\"Just Now News\"},\"image\":{\"@id\":\"https:\/\/now-news.de\/de\/#\/schema\/logo\/image\/\"},\"sameAs\":[\"https:\/\/www.facebook.com\/wirmachenauf\",\"https:\/\/x.com\/WirMachenAuf_de\"]},{\"@type\":\"Person\",\"@id\":\"https:\/\/now-news.de\/de\/#\/schema\/person\/fb534a4e865501d8b3285208df34a9b5\",\"name\":\"rtnews\",\"image\":{\"@type\":\"ImageObject\",\"inLanguage\":\"de\",\"@id\":\"https:\/\/now-news.de\/de\/#\/schema\/person\/image\/\",\"url\":\"https:\/\/secure.gravatar.com\/avatar\/82aafea7d8127119dd649515f56e2117?s=96&d=mm&r=g\",\"contentUrl\":\"https:\/\/secure.gravatar.com\/avatar\/82aafea7d8127119dd649515f56e2117?s=96&d=mm&r=g\",\"caption\":\"rtnews\"},\"url\":\"https:\/\/now-news.de\/de\/author\/rnews\/\"}]}<\/script>\n<!-- \/ Yoast SEO Premium plugin. -->","yoast_head_json":{"title":"Die Hetzjagd auf Gerhard Schr\u00f6der - just-now.NEWS Deutschland","robots":{"index":"index","follow":"follow","max-snippet":"max-snippet:-1","max-image-preview":"max-image-preview:large","max-video-preview":"max-video-preview:-1"},"canonical":"https:\/\/now-news.de\/de\/deutschland\/die-hetzjagd-auf-gerhard-schroeder\/","og_locale":"de_DE","og_type":"article","og_title":"Die Hetzjagd auf Gerhard Schr\u00f6der","og_description":"von Michael Rostovsky &#8220;Jeder Kunde kann ein lackiertes Auto in jeder gew\u00fcnschten Farbe haben, solange es schwarz ist&#8221;, sagte einst der ber\u00fchmte amerikanische Wirtschaftsmagnat Henry Ford. Ein Staatsmann darf jede beliebige Ansicht \u00fcber Russland haben, vorausgesetzt, diese Ansichten sind negativ \u2013 so sehen heutzutage die &#8220;demokratischen Regeln des politischen Spiels&#8221; in den L\u00e4ndern des Westens [&hellip;]","og_url":"https:\/\/now-news.de\/de\/deutschland\/die-hetzjagd-auf-gerhard-schroeder\/","og_site_name":"just-now.NEWS Deutschland","article_publisher":"https:\/\/www.facebook.com\/wirmachenauf","article_published_time":"2022-05-21T11:54:52+00:00","og_image":[{"width":460,"height":259,"url":"https:\/\/now-news.de\/de\/wp-content\/uploads\/sites\/3\/2022\/05\/Die-Hetzjagd-auf-Gerhard-Schroeder.jpg","type":"image\/jpeg"}],"author":"rtnews","twitter_card":"summary_large_image","twitter_creator":"@WirMachenAuf_de","twitter_site":"@WirMachenAuf_de","twitter_misc":{"Verfasst von":"rtnews","Gesch\u00e4tzte Lesezeit":"4\u00a0Minuten"},"schema":{"@context":"https:\/\/schema.org","@graph":[{"@type":"Article","@id":"https:\/\/now-news.de\/de\/deutschland\/die-hetzjagd-auf-gerhard-schroeder\/#article","isPartOf":{"@id":"https:\/\/now-news.de\/de\/deutschland\/die-hetzjagd-auf-gerhard-schroeder\/"},"author":{"name":"rtnews","@id":"https:\/\/now-news.de\/de\/#\/schema\/person\/fb534a4e865501d8b3285208df34a9b5"},"headline":"Die Hetzjagd auf Gerhard Schr\u00f6der","datePublished":"2022-05-21T11:54:52+00:00","dateModified":"2022-05-21T11:54:52+00:00","mainEntityOfPage":{"@id":"https:\/\/now-news.de\/de\/deutschland\/die-hetzjagd-auf-gerhard-schroeder\/"},"wordCount":869,"commentCount":0,"publisher":{"@id":"https:\/\/now-news.de\/de\/#organization"},"image":{"@id":"https:\/\/now-news.de\/de\/deutschland\/die-hetzjagd-auf-gerhard-schroeder\/#primaryimage"},"thumbnailUrl":"https:\/\/now-news.de\/de\/wp-content\/uploads\/sites\/3\/2022\/05\/Die-Hetzjagd-auf-Gerhard-Schroeder.jpg","keywords":["AUF","die","Gerhard","Hetzjagd","Schr\u00f6der"],"articleSection":["Deutschland","Russland"],"inLanguage":"de","potentialAction":[{"@type":"CommentAction","name":"Comment","target":["https:\/\/now-news.de\/de\/deutschland\/die-hetzjagd-auf-gerhard-schroeder\/#respond"]}]},{"@type":"WebPage","@id":"https:\/\/now-news.de\/de\/deutschland\/die-hetzjagd-auf-gerhard-schroeder\/","url":"https:\/\/now-news.de\/de\/deutschland\/die-hetzjagd-auf-gerhard-schroeder\/","name":"Die Hetzjagd auf Gerhard Schr\u00f6der - just-now.NEWS Deutschland","isPartOf":{"@id":"https:\/\/now-news.de\/de\/#website"},"primaryImageOfPage":{"@id":"https:\/\/now-news.de\/de\/deutschland\/die-hetzjagd-auf-gerhard-schroeder\/#primaryimage"},"image":{"@id":"https:\/\/now-news.de\/de\/deutschland\/die-hetzjagd-auf-gerhard-schroeder\/#primaryimage"},"thumbnailUrl":"https:\/\/now-news.de\/de\/wp-content\/uploads\/sites\/3\/2022\/05\/Die-Hetzjagd-auf-Gerhard-Schroeder.jpg","datePublished":"2022-05-21T11:54:52+00:00","dateModified":"2022-05-21T11:54:52+00:00","breadcrumb":{"@id":"https:\/\/now-news.de\/de\/deutschland\/die-hetzjagd-auf-gerhard-schroeder\/#breadcrumb"},"inLanguage":"de","potentialAction":[{"@type":"ReadAction","target":["https:\/\/now-news.de\/de\/deutschland\/die-hetzjagd-auf-gerhard-schroeder\/"]}]},{"@type":"ImageObject","inLanguage":"de","@id":"https:\/\/now-news.de\/de\/deutschland\/die-hetzjagd-auf-gerhard-schroeder\/#primaryimage","url":"https:\/\/now-news.de\/de\/wp-content\/uploads\/sites\/3\/2022\/05\/Die-Hetzjagd-auf-Gerhard-Schroeder.jpg","contentUrl":"https:\/\/now-news.de\/de\/wp-content\/uploads\/sites\/3\/2022\/05\/Die-Hetzjagd-auf-Gerhard-Schroeder.jpg","width":460,"height":259,"caption":"Die Hetzjagd auf Gerhard Schr\u00f6der"},{"@type":"BreadcrumbList","@id":"https:\/\/now-news.de\/de\/deutschland\/die-hetzjagd-auf-gerhard-schroeder\/#breadcrumb","itemListElement":[{"@type":"ListItem","position":1,"name":"Home","item":"https:\/\/now-news.de\/de\/"},{"@type":"ListItem","position":2,"name":"Die Hetzjagd auf Gerhard Schr\u00f6der"}]},{"@type":"WebSite","@id":"https:\/\/now-news.de\/de\/#website","url":"https:\/\/now-news.de\/de\/","name":"just-now.NEWS Deutschland","description":"Das Portal f\u00fcr unzensierte Nachrichten aus der Welt","publisher":{"@id":"https:\/\/now-news.de\/de\/#organization"},"potentialAction":[{"@type":"SearchAction","target":{"@type":"EntryPoint","urlTemplate":"https:\/\/now-news.de\/de\/?s={search_term_string}"},"query-input":"required name=search_term_string"}],"inLanguage":"de"},{"@type":"Organization","@id":"https:\/\/now-news.de\/de\/#organization","name":"Just Now News","url":"https:\/\/now-news.de\/de\/","logo":{"@type":"ImageObject","inLanguage":"de","@id":"https:\/\/now-news.de\/de\/#\/schema\/logo\/image\/","url":"http:\/\/just-now.news\/de\/wp-content\/uploads\/sites\/3\/2022\/04\/logo500x500.jpg","contentUrl":"http:\/\/just-now.news\/de\/wp-content\/uploads\/sites\/3\/2022\/04\/logo500x500.jpg","width":500,"height":500,"caption":"Just Now News"},"image":{"@id":"https:\/\/now-news.de\/de\/#\/schema\/logo\/image\/"},"sameAs":["https:\/\/www.facebook.com\/wirmachenauf","https:\/\/x.com\/WirMachenAuf_de"]},{"@type":"Person","@id":"https:\/\/now-news.de\/de\/#\/schema\/person\/fb534a4e865501d8b3285208df34a9b5","name":"rtnews","image":{"@type":"ImageObject","inLanguage":"de","@id":"https:\/\/now-news.de\/de\/#\/schema\/person\/image\/","url":"https:\/\/secure.gravatar.com\/avatar\/82aafea7d8127119dd649515f56e2117?s=96&d=mm&r=g","contentUrl":"https:\/\/secure.gravatar.com\/avatar\/82aafea7d8127119dd649515f56e2117?s=96&d=mm&r=g","caption":"rtnews"},"url":"https:\/\/now-news.de\/de\/author\/rnews\/"}]}},"_links":{"self":[{"href":"https:\/\/now-news.de\/de\/wp-json\/wp\/v2\/posts\/8443"}],"collection":[{"href":"https:\/\/now-news.de\/de\/wp-json\/wp\/v2\/posts"}],"about":[{"href":"https:\/\/now-news.de\/de\/wp-json\/wp\/v2\/types\/post"}],"author":[{"embeddable":true,"href":"https:\/\/now-news.de\/de\/wp-json\/wp\/v2\/users\/3"}],"replies":[{"embeddable":true,"href":"https:\/\/now-news.de\/de\/wp-json\/wp\/v2\/comments?post=8443"}],"version-history":[{"count":0,"href":"https:\/\/now-news.de\/de\/wp-json\/wp\/v2\/posts\/8443\/revisions"}],"wp:featuredmedia":[{"embeddable":true,"href":"https:\/\/now-news.de\/de\/wp-json\/wp\/v2\/media\/8444"}],"wp:attachment":[{"href":"https:\/\/now-news.de\/de\/wp-json\/wp\/v2\/media?parent=8443"}],"wp:term":[{"taxonomy":"category","embeddable":true,"href":"https:\/\/now-news.de\/de\/wp-json\/wp\/v2\/categories?post=8443"},{"taxonomy":"post_tag","embeddable":true,"href":"https:\/\/now-news.de\/de\/wp-json\/wp\/v2\/tags?post=8443"}],"curies":[{"name":"wp","href":"https:\/\/api.w.org\/{rel}","templated":true}]}}