{"id":84418,"date":"2025-05-25T16:13:31","date_gmt":"2025-05-25T14:13:31","guid":{"rendered":"https:\/\/now-news.de\/de\/deutschland\/juergen-elsaesser-und-diether-dehm-auf-friedensdemo-in-berlin-hass-und-haeme-aus-der-linken\/"},"modified":"2025-05-25T16:13:31","modified_gmt":"2025-05-25T14:13:31","slug":"juergen-elsaesser-und-diether-dehm-auf-friedensdemo-in-berlin-hass-und-haeme-aus-der-linken","status":"publish","type":"post","link":"https:\/\/now-news.de\/de\/deutschland\/juergen-elsaesser-und-diether-dehm-auf-friedensdemo-in-berlin-hass-und-haeme-aus-der-linken\/","title":{"rendered":"J\u00fcrgen Els\u00e4sser und Diether Dehm auf Friedensdemo in Berlin \u2013 Hass und H\u00e4me aus der &quot;Linken&quot;"},"content":{"rendered":"<p><img decoding=\"async\" src=\"https:\/\/now-news.de\/de\/wp-content\/uploads\/sites\/3\/2025\/05\/68331aeab480cc5ef56aa35f.jpg\" \/><\/p>\n<div class=\"Text-root Text-type_1 \">\n                An einer Friedensdemonstration in Berlin haben am Sonnabend divergierenden Angaben zufolge Hunderte oder Tausende Berliner teilgenommen. Redner waren unter anderem Diether Dehm, J\u00fcrgen Els\u00e4sser und Hans-Georg Maa\u00dfen. Trotz vereinzelter St\u00f6rversuche &#8220;von links&#8221; verlief die Aktion friedlich.\n            <\/div>\n<p><\/p>\n<div class=\"Text-root Text-type_5 ArticleView-text ViewText-root \">\n<p>In Berlin haben am Sonnabend einige Hundert Menschen an einer Friedenskundgebung am Brandenburger Tor teilgenommen. Nach Polizeiangaben sollen es &#8220;weniger als 900 Teilnehmer&#8221; gewesen sein, ein Reporter des Lokalsenders <em>rbb<\/em> sch\u00e4tzte die Zahl auf 1.800 &#8220;in der Spitze&#8221;. Die Veranstalter hatten anf\u00e4nglich mit bis zu 10.000 Teilnehmern gerechnet.<\/p>\n<p>Die Demonstration verlief friedlich, die Polizei nahm allerdings einzelne Teilnehmer fest. Zur Teilnahme hatte die Initiative &#8220;Deutschland steht auf&#8221; unter dem\u00a0Motto &#8220;Frieden. Freiheit. Volksabstimmung&#8221; aufgerufen.\u00a0&#8220;Deutschland steht auf&#8221; fordert beispielsweise vereinfachte Verfahren f\u00fcr Volksentscheide und einen verpflichtenden Volksentscheid f\u00fcr Verfassungs\u00e4nderungen. Das B\u00fcndnis setzt sich daf\u00fcr ein, Steuerverschwendung als Veruntreuung strafrechtlich zu verfolgen und das Recht auf Bargeld in der Verfassung zu verankern.<\/p>\n<p>Bundesweites Aufsehen erregte die Demonstration durch die Rednerliste, auf der sich der Herausgeber des Magazins <em>Compact,<\/em> J\u00fcrgen Els\u00e4sser, die Brandenburger AfD-Politiker Dennis Hohloch und Lars H\u00fcnich sowie der fr\u00fchere Verfassungsschutzchef Hans-Georg Maa\u00dfen (Werteunion) fanden.<\/p>\n<p>Emp\u00f6rung erntete auch der Auftritt des fr\u00fcheren Bundestagsabgeordneten der Linken und Liedermachers Diether Dehm. In der Linken reagierten die &#8220;\u00fcblichen Verd\u00e4chtigen&#8221; mit H\u00e4me darauf. So schrieb die ehemalige s\u00e4chsische Landtagsabgeordnete Kerstin K\u00f6ditz, f\u00fcr die Frieden mit Russland offenbar ein rotes Tuch ist:<\/p>\n<p><em>&#8220;Der seit Jahren politisch irrlichternde Ex-Linke Dieter Dehm hielt ebenfalls eine Rede. Er forderte, dass sich &#8216;linke und rechte Patrioten&#8217; vereinen, f\u00fcr den &#8216;Frieden mit Russland&#8217; und gegen Israel. Manchen Leuten weint man keine Tr\u00e4ne nach.&#8221;<\/em><\/p>\n<div class=\"EmbedBlock-root EmbedBlock-twitter\">\n<div class=\"TwitterEmbed\">\n<blockquote class=\"twitter-tweet lazyload\" data-twitter=\"twitter-tweet\">\n<p lang=\"de\" dir=\"ltr\">\u201eDer seit Jahren politisch irrlichternde Ex-Linke Dieter <a rel=\"nofollow noopener\" target=\"_blank\" href=\"https:\/\/twitter.com\/hashtag\/Dehm?src=hash&amp;ref_src=twsrc%5Etfw\">#Dehm<\/a> hielt ebenfalls eine Rede. Er forderte, dass sich \u201elinke und rechte Patrioten\u201c vereinen, f\u00fcr den \u201aFrieden mit Russland\u2018 und gegen Israel.\u201cManchen Leuten weint man keine Tr\u00e4ne nach. <a rel=\"nofollow noopener\" target=\"_blank\" href=\"https:\/\/t.co\/4Z5ZAHyQH0\">https:\/\/t.co\/4Z5ZAHyQH0<\/a><\/p>\n<p>\u2014 Kerstin K\u00f6ditz (@kerstinkoeditz) <a rel=\"nofollow noopener\" target=\"_blank\" href=\"https:\/\/twitter.com\/kerstinkoeditz\/status\/1926547366842163554?ref_src=twsrc%5Etfw\">May 25, 2025<\/a><\/p><\/blockquote>\n<\/div>\n<\/div>\n<p>Nach Angaben von Dehm haben sich &#8220;Tausende&#8221; an der Demonstration und der Kundgebung beteiligt.<\/p>\n<p>Der Kundgebung war ein Umzug durch Berlin-Mitte vorausgegangen, der vom Brandenburger Tor ausging und durch das Regierungsviertel zur\u00fcck zum Ausgangspunkt f\u00fchrte. Mehrere vermummte Personen hatten versucht, die Demonstration zu st\u00f6ren, ihre Personalien wurden laut rbb von der Polizei aufgenommen. An Gegendemonstrationen haben nach Polizeiangaben insgesamt 150 Personen teilgenommen.<\/p>\n<p><strong>Mehr zum Thema<\/strong> &#8211; <a rel=\"nofollow noopener\" target=\"_blank\" href=\"https:\/\/freedert.online\/inland\/239761-friedensdemo-in-berlin-kriegstuechtig-nie\/\">Friedensdemo in Berlin: &#8220;Kriegst\u00fcchtig \u2013 nie wieder!&#8221; \u2012 Linke mit Doppelmoral<\/a><\/p>\n<\/p>\n<div class=\"EmbedBlock-root EmbedBlock-externalVideo EmbedBlock-rumble\">\n<div class=\"VkEmbed\"><iframe class=\"lazyload\" data-src=\"https:\/\/rumble.com\/embed\/v6rnm09\" frameborder=\"0\" width=\"853\" height=\"480\" allowfullscreen><\/iframe><\/div>\n<\/div>\n<\/div>\n<p><script async src=\"https:\/\/platform.twitter.com\/widgets.js\" charset=\"utf-8\"><\/script><br \/>\n<br \/><br \/>\n<br \/><a href=\"https:\/\/de.rt.com\/inland\/245907-juergen-elsaesser-und-diether-dehm\/\">Source link <\/a><\/p>\n","protected":false},"excerpt":{"rendered":"<p>An einer Friedensdemonstration in Berlin haben am Sonnabend divergierenden Angaben zufolge Hunderte oder Tausende Berliner teilgenommen. Redner waren unter anderem Diether Dehm, J\u00fcrgen Els\u00e4sser und Hans-Georg Maa\u00dfen. Trotz vereinzelter St\u00f6rversuche &#8220;von links&#8221; verlief die Aktion friedlich. In Berlin haben am Sonnabend einige Hundert Menschen an einer Friedenskundgebung am Brandenburger Tor teilgenommen. Nach Polizeiangaben sollen es [&hellip;]<\/p>\n","protected":false},"author":3,"featured_media":84419,"comment_status":"open","ping_status":"open","sticky":false,"template":"","format":"standard","meta":{"_yoast_indexnow_last_ping":["1748183375"],"wp_automatic_camp":["217"],"f9151c5d68aca302799f95343f1c87d5":["J\u00fcrgen Els\u00e4sser und Diether Dehm auf Friedensdemo in Berlin \u2013 Hass und H\u00e4me aus der &quot;Linken&quot;"],"original_link":["https:\/\/de.rt.com\/inland\/245907-juergen-elsaesser-und-diether-dehm\/"],"_thumbnail_id":["84419"],"jnews_social_counter_last_update":["1777177169"],"_wptgpro_p2tg_sent2tg":["a:1:{i:23737;s:19:\"2025-05-25 16:30:39\";}"]},"categories":[19,23],"tags":[133,679,943,35885,82,35884,56673,35416,64470,3105,36595,32624,140],"yoast_head":"<!-- This site is optimized with the Yoast SEO Premium plugin v22.7 (Yoast SEO v22.7) - https:\/\/yoast.com\/wordpress\/plugins\/seo\/ -->\n<title>J\u00fcrgen Els\u00e4sser und Diether Dehm auf Friedensdemo in Berlin \u2013 Hass und H\u00e4me aus der &quot;Linken&quot; - just-now.NEWS Deutschland<\/title>\n<meta name=\"robots\" content=\"index, follow, max-snippet:-1, max-image-preview:large, max-video-preview:-1\" \/>\n<link rel=\"canonical\" href=\"https:\/\/now-news.de\/de\/deutschland\/juergen-elsaesser-und-diether-dehm-auf-friedensdemo-in-berlin-hass-und-haeme-aus-der-linken\/\" \/>\n<meta property=\"og:locale\" content=\"de_DE\" \/>\n<meta property=\"og:type\" content=\"article\" \/>\n<meta property=\"og:title\" content=\"J\u00fcrgen Els\u00e4sser und Diether Dehm auf Friedensdemo in Berlin \u2013 Hass und H\u00e4me aus der &quot;Linken&quot;\" \/>\n<meta property=\"og:description\" content=\"An einer Friedensdemonstration in Berlin haben am Sonnabend divergierenden Angaben zufolge Hunderte oder Tausende Berliner teilgenommen. Redner waren unter anderem Diether Dehm, J\u00fcrgen Els\u00e4sser und Hans-Georg Maa\u00dfen. Trotz vereinzelter St\u00f6rversuche &#8220;von links&#8221; verlief die Aktion friedlich. In Berlin haben am Sonnabend einige Hundert Menschen an einer Friedenskundgebung am Brandenburger Tor teilgenommen. Nach Polizeiangaben sollen es [&hellip;]\" \/>\n<meta property=\"og:url\" content=\"https:\/\/now-news.de\/de\/deutschland\/juergen-elsaesser-und-diether-dehm-auf-friedensdemo-in-berlin-hass-und-haeme-aus-der-linken\/\" \/>\n<meta property=\"og:site_name\" content=\"just-now.NEWS Deutschland\" \/>\n<meta property=\"article:publisher\" content=\"https:\/\/www.facebook.com\/wirmachenauf\" \/>\n<meta property=\"article:published_time\" content=\"2025-05-25T14:13:31+00:00\" \/>\n<meta property=\"og:image\" content=\"https:\/\/now-news.de\/de\/wp-content\/uploads\/sites\/3\/2025\/05\/68331aeab480cc5ef56aa35f.jpg\" \/>\n<meta name=\"author\" content=\"rtnews\" \/>\n<meta name=\"twitter:card\" content=\"summary_large_image\" \/>\n<meta name=\"twitter:creator\" content=\"@WirMachenAuf_de\" \/>\n<meta name=\"twitter:site\" content=\"@WirMachenAuf_de\" \/>\n<meta name=\"twitter:label1\" content=\"Verfasst von\" \/>\n\t<meta name=\"twitter:data1\" content=\"rtnews\" \/>\n\t<meta name=\"twitter:label2\" content=\"Gesch\u00e4tzte Lesezeit\" \/>\n\t<meta name=\"twitter:data2\" content=\"2\u00a0Minuten\" \/>\n<script type=\"application\/ld+json\" class=\"yoast-schema-graph\">{\"@context\":\"https:\/\/schema.org\",\"@graph\":[{\"@type\":\"Article\",\"@id\":\"https:\/\/now-news.de\/de\/deutschland\/juergen-elsaesser-und-diether-dehm-auf-friedensdemo-in-berlin-hass-und-haeme-aus-der-linken\/#article\",\"isPartOf\":{\"@id\":\"https:\/\/now-news.de\/de\/deutschland\/juergen-elsaesser-und-diether-dehm-auf-friedensdemo-in-berlin-hass-und-haeme-aus-der-linken\/\"},\"author\":{\"name\":\"rtnews\",\"@id\":\"https:\/\/now-news.de\/de\/#\/schema\/person\/fb534a4e865501d8b3285208df34a9b5\"},\"headline\":\"J\u00fcrgen Els\u00e4sser und Diether Dehm auf Friedensdemo in Berlin \u2013 Hass und H\u00e4me aus der &quot;Linken&quot;\",\"datePublished\":\"2025-05-25T14:13:31+00:00\",\"dateModified\":\"2025-05-25T14:13:31+00:00\",\"mainEntityOfPage\":{\"@id\":\"https:\/\/now-news.de\/de\/deutschland\/juergen-elsaesser-und-diether-dehm-auf-friedensdemo-in-berlin-hass-und-haeme-aus-der-linken\/\"},\"wordCount\":430,\"commentCount\":0,\"publisher\":{\"@id\":\"https:\/\/now-news.de\/de\/#organization\"},\"image\":{\"@id\":\"https:\/\/now-news.de\/de\/deutschland\/juergen-elsaesser-und-diether-dehm-auf-friedensdemo-in-berlin-hass-und-haeme-aus-der-linken\/#primaryimage\"},\"thumbnailUrl\":\"https:\/\/now-news.de\/de\/wp-content\/uploads\/sites\/3\/2025\/05\/Juergen-Elsaesser-und-Diether-Dehm-auf-Friedensdemo-in-Berlin-\u2013.jpg\",\"keywords\":[\"AUF\",\"aus\",\"Berlin\",\"Dehm\",\"der\",\"Diether\",\"Els\u00e4sser\",\"Friedensdemo\",\"H\u00e4me\",\"Hass\",\"J\u00fcrgen\",\"quotlinkenquot\",\"und\"],\"articleSection\":[\"Deutschland\",\"Russland\"],\"inLanguage\":\"de\",\"potentialAction\":[{\"@type\":\"CommentAction\",\"name\":\"Comment\",\"target\":[\"https:\/\/now-news.de\/de\/deutschland\/juergen-elsaesser-und-diether-dehm-auf-friedensdemo-in-berlin-hass-und-haeme-aus-der-linken\/#respond\"]}]},{\"@type\":\"WebPage\",\"@id\":\"https:\/\/now-news.de\/de\/deutschland\/juergen-elsaesser-und-diether-dehm-auf-friedensdemo-in-berlin-hass-und-haeme-aus-der-linken\/\",\"url\":\"https:\/\/now-news.de\/de\/deutschland\/juergen-elsaesser-und-diether-dehm-auf-friedensdemo-in-berlin-hass-und-haeme-aus-der-linken\/\",\"name\":\"J\u00fcrgen Els\u00e4sser und Diether Dehm auf Friedensdemo in Berlin \u2013 Hass und H\u00e4me aus der &quot;Linken&quot; - just-now.NEWS Deutschland\",\"isPartOf\":{\"@id\":\"https:\/\/now-news.de\/de\/#website\"},\"primaryImageOfPage\":{\"@id\":\"https:\/\/now-news.de\/de\/deutschland\/juergen-elsaesser-und-diether-dehm-auf-friedensdemo-in-berlin-hass-und-haeme-aus-der-linken\/#primaryimage\"},\"image\":{\"@id\":\"https:\/\/now-news.de\/de\/deutschland\/juergen-elsaesser-und-diether-dehm-auf-friedensdemo-in-berlin-hass-und-haeme-aus-der-linken\/#primaryimage\"},\"thumbnailUrl\":\"https:\/\/now-news.de\/de\/wp-content\/uploads\/sites\/3\/2025\/05\/Juergen-Elsaesser-und-Diether-Dehm-auf-Friedensdemo-in-Berlin-\u2013.jpg\",\"datePublished\":\"2025-05-25T14:13:31+00:00\",\"dateModified\":\"2025-05-25T14:13:31+00:00\",\"breadcrumb\":{\"@id\":\"https:\/\/now-news.de\/de\/deutschland\/juergen-elsaesser-und-diether-dehm-auf-friedensdemo-in-berlin-hass-und-haeme-aus-der-linken\/#breadcrumb\"},\"inLanguage\":\"de\",\"potentialAction\":[{\"@type\":\"ReadAction\",\"target\":[\"https:\/\/now-news.de\/de\/deutschland\/juergen-elsaesser-und-diether-dehm-auf-friedensdemo-in-berlin-hass-und-haeme-aus-der-linken\/\"]}]},{\"@type\":\"ImageObject\",\"inLanguage\":\"de\",\"@id\":\"https:\/\/now-news.de\/de\/deutschland\/juergen-elsaesser-und-diether-dehm-auf-friedensdemo-in-berlin-hass-und-haeme-aus-der-linken\/#primaryimage\",\"url\":\"https:\/\/now-news.de\/de\/wp-content\/uploads\/sites\/3\/2025\/05\/Juergen-Elsaesser-und-Diether-Dehm-auf-Friedensdemo-in-Berlin-\u2013.jpg\",\"contentUrl\":\"https:\/\/now-news.de\/de\/wp-content\/uploads\/sites\/3\/2025\/05\/Juergen-Elsaesser-und-Diether-Dehm-auf-Friedensdemo-in-Berlin-\u2013.jpg\",\"width\":460,\"height\":259,\"caption\":\"J\u00fcrgen Els\u00e4sser und Diether Dehm auf Friedensdemo in Berlin \u2013 Hass und H\u00e4me aus der &quot;Linken&quot;\"},{\"@type\":\"BreadcrumbList\",\"@id\":\"https:\/\/now-news.de\/de\/deutschland\/juergen-elsaesser-und-diether-dehm-auf-friedensdemo-in-berlin-hass-und-haeme-aus-der-linken\/#breadcrumb\",\"itemListElement\":[{\"@type\":\"ListItem\",\"position\":1,\"name\":\"Home\",\"item\":\"https:\/\/now-news.de\/de\/\"},{\"@type\":\"ListItem\",\"position\":2,\"name\":\"J\u00fcrgen Els\u00e4sser und Diether Dehm auf Friedensdemo in Berlin \u2013 Hass und H\u00e4me aus der &quot;Linken&quot;\"}]},{\"@type\":\"WebSite\",\"@id\":\"https:\/\/now-news.de\/de\/#website\",\"url\":\"https:\/\/now-news.de\/de\/\",\"name\":\"just-now.NEWS Deutschland\",\"description\":\"Das Portal f\u00fcr unzensierte Nachrichten aus der Welt\",\"publisher\":{\"@id\":\"https:\/\/now-news.de\/de\/#organization\"},\"potentialAction\":[{\"@type\":\"SearchAction\",\"target\":{\"@type\":\"EntryPoint\",\"urlTemplate\":\"https:\/\/now-news.de\/de\/?s={search_term_string}\"},\"query-input\":\"required name=search_term_string\"}],\"inLanguage\":\"de\"},{\"@type\":\"Organization\",\"@id\":\"https:\/\/now-news.de\/de\/#organization\",\"name\":\"Just Now News\",\"url\":\"https:\/\/now-news.de\/de\/\",\"logo\":{\"@type\":\"ImageObject\",\"inLanguage\":\"de\",\"@id\":\"https:\/\/now-news.de\/de\/#\/schema\/logo\/image\/\",\"url\":\"http:\/\/just-now.news\/de\/wp-content\/uploads\/sites\/3\/2022\/04\/logo500x500.jpg\",\"contentUrl\":\"http:\/\/just-now.news\/de\/wp-content\/uploads\/sites\/3\/2022\/04\/logo500x500.jpg\",\"width\":500,\"height\":500,\"caption\":\"Just Now News\"},\"image\":{\"@id\":\"https:\/\/now-news.de\/de\/#\/schema\/logo\/image\/\"},\"sameAs\":[\"https:\/\/www.facebook.com\/wirmachenauf\",\"https:\/\/x.com\/WirMachenAuf_de\"]},{\"@type\":\"Person\",\"@id\":\"https:\/\/now-news.de\/de\/#\/schema\/person\/fb534a4e865501d8b3285208df34a9b5\",\"name\":\"rtnews\",\"image\":{\"@type\":\"ImageObject\",\"inLanguage\":\"de\",\"@id\":\"https:\/\/now-news.de\/de\/#\/schema\/person\/image\/\",\"url\":\"https:\/\/secure.gravatar.com\/avatar\/82aafea7d8127119dd649515f56e2117?s=96&d=mm&r=g\",\"contentUrl\":\"https:\/\/secure.gravatar.com\/avatar\/82aafea7d8127119dd649515f56e2117?s=96&d=mm&r=g\",\"caption\":\"rtnews\"},\"url\":\"https:\/\/now-news.de\/de\/author\/rnews\/\"}]}<\/script>\n<!-- \/ Yoast SEO Premium plugin. -->","yoast_head_json":{"title":"J\u00fcrgen Els\u00e4sser und Diether Dehm auf Friedensdemo in Berlin \u2013 Hass und H\u00e4me aus der &quot;Linken&quot; - just-now.NEWS Deutschland","robots":{"index":"index","follow":"follow","max-snippet":"max-snippet:-1","max-image-preview":"max-image-preview:large","max-video-preview":"max-video-preview:-1"},"canonical":"https:\/\/now-news.de\/de\/deutschland\/juergen-elsaesser-und-diether-dehm-auf-friedensdemo-in-berlin-hass-und-haeme-aus-der-linken\/","og_locale":"de_DE","og_type":"article","og_title":"J\u00fcrgen Els\u00e4sser und Diether Dehm auf Friedensdemo in Berlin \u2013 Hass und H\u00e4me aus der &quot;Linken&quot;","og_description":"An einer Friedensdemonstration in Berlin haben am Sonnabend divergierenden Angaben zufolge Hunderte oder Tausende Berliner teilgenommen. Redner waren unter anderem Diether Dehm, J\u00fcrgen Els\u00e4sser und Hans-Georg Maa\u00dfen. Trotz vereinzelter St\u00f6rversuche &#8220;von links&#8221; verlief die Aktion friedlich. In Berlin haben am Sonnabend einige Hundert Menschen an einer Friedenskundgebung am Brandenburger Tor teilgenommen. Nach Polizeiangaben sollen es [&hellip;]","og_url":"https:\/\/now-news.de\/de\/deutschland\/juergen-elsaesser-und-diether-dehm-auf-friedensdemo-in-berlin-hass-und-haeme-aus-der-linken\/","og_site_name":"just-now.NEWS Deutschland","article_publisher":"https:\/\/www.facebook.com\/wirmachenauf","article_published_time":"2025-05-25T14:13:31+00:00","og_image":[{"url":"https:\/\/now-news.de\/de\/wp-content\/uploads\/sites\/3\/2025\/05\/68331aeab480cc5ef56aa35f.jpg"}],"author":"rtnews","twitter_card":"summary_large_image","twitter_creator":"@WirMachenAuf_de","twitter_site":"@WirMachenAuf_de","twitter_misc":{"Verfasst von":"rtnews","Gesch\u00e4tzte Lesezeit":"2\u00a0Minuten"},"schema":{"@context":"https:\/\/schema.org","@graph":[{"@type":"Article","@id":"https:\/\/now-news.de\/de\/deutschland\/juergen-elsaesser-und-diether-dehm-auf-friedensdemo-in-berlin-hass-und-haeme-aus-der-linken\/#article","isPartOf":{"@id":"https:\/\/now-news.de\/de\/deutschland\/juergen-elsaesser-und-diether-dehm-auf-friedensdemo-in-berlin-hass-und-haeme-aus-der-linken\/"},"author":{"name":"rtnews","@id":"https:\/\/now-news.de\/de\/#\/schema\/person\/fb534a4e865501d8b3285208df34a9b5"},"headline":"J\u00fcrgen Els\u00e4sser und Diether Dehm auf Friedensdemo in Berlin \u2013 Hass und H\u00e4me aus der &quot;Linken&quot;","datePublished":"2025-05-25T14:13:31+00:00","dateModified":"2025-05-25T14:13:31+00:00","mainEntityOfPage":{"@id":"https:\/\/now-news.de\/de\/deutschland\/juergen-elsaesser-und-diether-dehm-auf-friedensdemo-in-berlin-hass-und-haeme-aus-der-linken\/"},"wordCount":430,"commentCount":0,"publisher":{"@id":"https:\/\/now-news.de\/de\/#organization"},"image":{"@id":"https:\/\/now-news.de\/de\/deutschland\/juergen-elsaesser-und-diether-dehm-auf-friedensdemo-in-berlin-hass-und-haeme-aus-der-linken\/#primaryimage"},"thumbnailUrl":"https:\/\/now-news.de\/de\/wp-content\/uploads\/sites\/3\/2025\/05\/Juergen-Elsaesser-und-Diether-Dehm-auf-Friedensdemo-in-Berlin-\u2013.jpg","keywords":["AUF","aus","Berlin","Dehm","der","Diether","Els\u00e4sser","Friedensdemo","H\u00e4me","Hass","J\u00fcrgen","quotlinkenquot","und"],"articleSection":["Deutschland","Russland"],"inLanguage":"de","potentialAction":[{"@type":"CommentAction","name":"Comment","target":["https:\/\/now-news.de\/de\/deutschland\/juergen-elsaesser-und-diether-dehm-auf-friedensdemo-in-berlin-hass-und-haeme-aus-der-linken\/#respond"]}]},{"@type":"WebPage","@id":"https:\/\/now-news.de\/de\/deutschland\/juergen-elsaesser-und-diether-dehm-auf-friedensdemo-in-berlin-hass-und-haeme-aus-der-linken\/","url":"https:\/\/now-news.de\/de\/deutschland\/juergen-elsaesser-und-diether-dehm-auf-friedensdemo-in-berlin-hass-und-haeme-aus-der-linken\/","name":"J\u00fcrgen Els\u00e4sser und Diether Dehm auf Friedensdemo in Berlin \u2013 Hass und H\u00e4me aus der &quot;Linken&quot; - just-now.NEWS Deutschland","isPartOf":{"@id":"https:\/\/now-news.de\/de\/#website"},"primaryImageOfPage":{"@id":"https:\/\/now-news.de\/de\/deutschland\/juergen-elsaesser-und-diether-dehm-auf-friedensdemo-in-berlin-hass-und-haeme-aus-der-linken\/#primaryimage"},"image":{"@id":"https:\/\/now-news.de\/de\/deutschland\/juergen-elsaesser-und-diether-dehm-auf-friedensdemo-in-berlin-hass-und-haeme-aus-der-linken\/#primaryimage"},"thumbnailUrl":"https:\/\/now-news.de\/de\/wp-content\/uploads\/sites\/3\/2025\/05\/Juergen-Elsaesser-und-Diether-Dehm-auf-Friedensdemo-in-Berlin-\u2013.jpg","datePublished":"2025-05-25T14:13:31+00:00","dateModified":"2025-05-25T14:13:31+00:00","breadcrumb":{"@id":"https:\/\/now-news.de\/de\/deutschland\/juergen-elsaesser-und-diether-dehm-auf-friedensdemo-in-berlin-hass-und-haeme-aus-der-linken\/#breadcrumb"},"inLanguage":"de","potentialAction":[{"@type":"ReadAction","target":["https:\/\/now-news.de\/de\/deutschland\/juergen-elsaesser-und-diether-dehm-auf-friedensdemo-in-berlin-hass-und-haeme-aus-der-linken\/"]}]},{"@type":"ImageObject","inLanguage":"de","@id":"https:\/\/now-news.de\/de\/deutschland\/juergen-elsaesser-und-diether-dehm-auf-friedensdemo-in-berlin-hass-und-haeme-aus-der-linken\/#primaryimage","url":"https:\/\/now-news.de\/de\/wp-content\/uploads\/sites\/3\/2025\/05\/Juergen-Elsaesser-und-Diether-Dehm-auf-Friedensdemo-in-Berlin-\u2013.jpg","contentUrl":"https:\/\/now-news.de\/de\/wp-content\/uploads\/sites\/3\/2025\/05\/Juergen-Elsaesser-und-Diether-Dehm-auf-Friedensdemo-in-Berlin-\u2013.jpg","width":460,"height":259,"caption":"J\u00fcrgen Els\u00e4sser und Diether Dehm auf Friedensdemo in Berlin \u2013 Hass und H\u00e4me aus der &quot;Linken&quot;"},{"@type":"BreadcrumbList","@id":"https:\/\/now-news.de\/de\/deutschland\/juergen-elsaesser-und-diether-dehm-auf-friedensdemo-in-berlin-hass-und-haeme-aus-der-linken\/#breadcrumb","itemListElement":[{"@type":"ListItem","position":1,"name":"Home","item":"https:\/\/now-news.de\/de\/"},{"@type":"ListItem","position":2,"name":"J\u00fcrgen Els\u00e4sser und Diether Dehm auf Friedensdemo in Berlin \u2013 Hass und H\u00e4me aus der &quot;Linken&quot;"}]},{"@type":"WebSite","@id":"https:\/\/now-news.de\/de\/#website","url":"https:\/\/now-news.de\/de\/","name":"just-now.NEWS Deutschland","description":"Das Portal f\u00fcr unzensierte Nachrichten aus der Welt","publisher":{"@id":"https:\/\/now-news.de\/de\/#organization"},"potentialAction":[{"@type":"SearchAction","target":{"@type":"EntryPoint","urlTemplate":"https:\/\/now-news.de\/de\/?s={search_term_string}"},"query-input":"required name=search_term_string"}],"inLanguage":"de"},{"@type":"Organization","@id":"https:\/\/now-news.de\/de\/#organization","name":"Just Now News","url":"https:\/\/now-news.de\/de\/","logo":{"@type":"ImageObject","inLanguage":"de","@id":"https:\/\/now-news.de\/de\/#\/schema\/logo\/image\/","url":"http:\/\/just-now.news\/de\/wp-content\/uploads\/sites\/3\/2022\/04\/logo500x500.jpg","contentUrl":"http:\/\/just-now.news\/de\/wp-content\/uploads\/sites\/3\/2022\/04\/logo500x500.jpg","width":500,"height":500,"caption":"Just Now News"},"image":{"@id":"https:\/\/now-news.de\/de\/#\/schema\/logo\/image\/"},"sameAs":["https:\/\/www.facebook.com\/wirmachenauf","https:\/\/x.com\/WirMachenAuf_de"]},{"@type":"Person","@id":"https:\/\/now-news.de\/de\/#\/schema\/person\/fb534a4e865501d8b3285208df34a9b5","name":"rtnews","image":{"@type":"ImageObject","inLanguage":"de","@id":"https:\/\/now-news.de\/de\/#\/schema\/person\/image\/","url":"https:\/\/secure.gravatar.com\/avatar\/82aafea7d8127119dd649515f56e2117?s=96&d=mm&r=g","contentUrl":"https:\/\/secure.gravatar.com\/avatar\/82aafea7d8127119dd649515f56e2117?s=96&d=mm&r=g","caption":"rtnews"},"url":"https:\/\/now-news.de\/de\/author\/rnews\/"}]}},"_links":{"self":[{"href":"https:\/\/now-news.de\/de\/wp-json\/wp\/v2\/posts\/84418"}],"collection":[{"href":"https:\/\/now-news.de\/de\/wp-json\/wp\/v2\/posts"}],"about":[{"href":"https:\/\/now-news.de\/de\/wp-json\/wp\/v2\/types\/post"}],"author":[{"embeddable":true,"href":"https:\/\/now-news.de\/de\/wp-json\/wp\/v2\/users\/3"}],"replies":[{"embeddable":true,"href":"https:\/\/now-news.de\/de\/wp-json\/wp\/v2\/comments?post=84418"}],"version-history":[{"count":0,"href":"https:\/\/now-news.de\/de\/wp-json\/wp\/v2\/posts\/84418\/revisions"}],"wp:featuredmedia":[{"embeddable":true,"href":"https:\/\/now-news.de\/de\/wp-json\/wp\/v2\/media\/84419"}],"wp:attachment":[{"href":"https:\/\/now-news.de\/de\/wp-json\/wp\/v2\/media?parent=84418"}],"wp:term":[{"taxonomy":"category","embeddable":true,"href":"https:\/\/now-news.de\/de\/wp-json\/wp\/v2\/categories?post=84418"},{"taxonomy":"post_tag","embeddable":true,"href":"https:\/\/now-news.de\/de\/wp-json\/wp\/v2\/tags?post=84418"}],"curies":[{"name":"wp","href":"https:\/\/api.w.org\/{rel}","templated":true}]}}