{"id":8435,"date":"2022-05-21T11:03:53","date_gmt":"2022-05-21T09:03:53","guid":{"rendered":"http:\/\/just-now.news\/de\/deutschland\/hackerangriffe-auf-serbien-hybrider-krieg-des-westens\/"},"modified":"2022-05-21T11:03:53","modified_gmt":"2022-05-21T09:03:53","slug":"hackerangriffe-auf-serbien-hybrider-krieg-des-westens","status":"publish","type":"post","link":"https:\/\/now-news.de\/de\/deutschland\/hackerangriffe-auf-serbien-hybrider-krieg-des-westens\/","title":{"rendered":"Hackerangriffe auf Serbien \u2013 Hybrider Krieg des Westens?"},"content":{"rendered":"<p><img decoding=\"async\" src=\"http:\/\/just-now.news\/de\/wp-content\/uploads\/sites\/3\/2022\/05\/62864c73b480cc2c777089d0.jpg\" \/><\/p>\n<p><em>von Marinko U\u010dur <\/em><\/p>\n<p>Die Hackerangriffe auf Serbien nehmen kein Ende. Es ist das einzige Land in Europa, das sich weigert, Sanktionen gegen Russland zu verh\u00e4ngen. Nach unz\u00e4hligen anonymen Bombendrohungen gegen Fl\u00fcge von Air Serbia nach Moskau und Sankt Petersburg haben &#8220;virtuelle Terroristen&#8221; eine neue Form der Vergeltung eingeleitet. Sie geben sich als die Hackergruppe &#8220;Anonymous&#8221; aus\u00a0und drohen Serbien in aller \u00d6ffentlichkeit. In Hunderten von Schulen und Einkaufszentren sind bereits Drohungen per E-Mail eingegangen. Es wird angenommen, dass diese aus dem Ausland kamen. Gl\u00fccklicherweise stellten sich alle als falsch heraus.<\/p>\n<p>&#8220;Wir sind das einzige Land in Europa, das keine Sanktionen gegen die Russische F\u00f6deration verh\u00e4ngt hat, und der Druck wird\u00a0Tag f\u00fcr Tag immer gr\u00f6\u00dfer&#8221;, beschwerte sich die serbische Ministerpr\u00e4sidentin Ana Brnabi\u0107 in einer Fernsehsendung. Sie wies darauf hin, dass die Bombenmeldungen aus dem Ausland kamen, was &#8220;die Tatsache best\u00e4tigt, dass eine Bombenmeldung sogar das Belgrader Tropicarium erreichte, von dem die meisten B\u00fcrger nicht einmal wissen, dass es existiert&#8221;. Polizeiminister Aleksandar Vulin sagte\u00a0mit Blick auf die Bombendrohungen und Falschmeldungen, dies sei ein &#8220;Sonderkrieg gegen Serbien&#8221;.\u00a0Der serbische Bildungsminister Branko Ru\u017ei\u0107 best\u00e4tigte, bei allen durchsuchten Schulen sei festgestellt worden, dass es falsche Bombenmeldungen waren.\u00a0<\/p>\n<p>Die Staatsanwaltschaften f\u00fcr die Bek\u00e4mpfung der organisierten Kriminalit\u00e4t und f\u00fcr die Bek\u00e4mpfung der Hightech-Kriminalit\u00e4t Serbiens schlossen sich sofort den Ermittlungen zu den beunruhigenden Bedrohungen an, analysierten die erhobenen Daten und dr\u00fcckten ihre Zuversicht aus, dass die \u00d6ffentlichkeit in naher Zukunft \u00fcber alle Einzelheiten informiert wird. Die Tatsache, dass die Drohmails gleichzeitig an bis zu 173 Adressen von Grund- und weiterf\u00fchrenden Schulen in Belgrad versendet wurden, zeigt, wie sorgf\u00e4ltig und\u00a0detailliert die Drohungen geplant wurden. Dies best\u00e4tigt die Bef\u00fcrchtung, dass &#8220;virtuelle Terroristen&#8221; eine besonders gef\u00e4hrdete Bev\u00f6lkerungsgruppe ins Rampenlicht genommen haben, zu der minderj\u00e4hrige Sch\u00fcler und Kinder geh\u00f6ren.<\/p>\n<p>Einige andere Institutionen blieben ebenfalls nicht verschont, darunter der Zoo in Belgrad sowie der Flughafen &#8220;Konstantin der Gro\u00dfe&#8221; in Ni\u0161 , einer der gr\u00f6\u00dften St\u00e4dte des Landes. Auch Br\u00fccken, der Bahnhof und zahlreiche Restaurants waren Bombendrohungen ausgesetzt, ebenso die Botschaft der Russischen F\u00f6deration in Belgrad.\u00a0Die Polizei stellte bei eingehenden Ermittlungen jedoch fest, dass alle Meldungen falsch waren und dass dies der Preis daf\u00fcr war, keine Sanktionen gegen Russland verh\u00e4ngt zu haben.<\/p>\n<p>Serbien zahlt &#8220;einen hohen Preis&#8221;, weil es das Wirtschaftswachstum des Landes verlangsamt, denn die Hauptfrage, die sich Investoren stellen, ist, warum Serbien noch keine Sanktionen gegen Russland verh\u00e4ngt hat. \u00a0<\/p>\n<p>&#8220;Die Angelegenheit ist komplex und geht \u00fcber die Landesgrenzen hinaus. Wir k\u00f6nnen den Zeitpunkt nicht absch\u00e4tzen. Wir werten die bisher erhobenen Daten sorgf\u00e4ltig aus. Wir hoffen, der \u00d6ffentlichkeit bald etwas Konkreteres mitteilen zu k\u00f6nnen&#8221;, sagte eine der Ermittlung nahe stehende Quelle und f\u00fcgte hinzu, dass &#8220;das Augenmerk nicht nur auf ein, sondern auf mehrere L\u00e4nder gerichtet ist&#8221;. In der bisherigen Medienrecherche wurden die Ukraine und Polen mehrfach als L\u00e4nder genannt, die angeblich in Verbindung mit fr\u00fcheren Bombendrohungen gegen Fl\u00fcge von Air Serbia\u00a0in die Russische F\u00f6deration gebracht wurden.\u00a0Solche Informationen wurden jedoch offiziell nie best\u00e4tigt.<\/p>\n<p>Es ist klar, dass dies ein hybrider Krieg gegen Serbien ist, mit dem Ziel, das Land zu destabilisieren, Unruhe zu stiften und jene ausl\u00e4ndischen Anleger zu vertreiben, die in Serbien einen fruchtbaren Boden f\u00fcr ihre Gesch\u00e4ftsideen fanden und es zu einem der attraktivsten L\u00e4nder f\u00fcr Investoren machten.<\/p>\n<p>Inzwischen wurde bekannt gegeben, dass Belgrad um internationale Rechtshilfe bei der Ermittlung jener Anschriften ersuchte, von denen Meldungen zu den angeblich platzierten Bomben versendet wurden. Derzeit gibt es jedoch keine Anzeichen daf\u00fcr, dass eines der L\u00e4nder mit hochentwickelter Technologie seine Bereitschaft gezeigt hat,\u00a0Serbien in seiner jetzigen Situation zu unterst\u00fctzen. Das deutet darauf hin, dass der Druck auf Serbien einigen Machtzentren nahezu gelegen kommt. Nach derzeitigem Stand ist die serbische Regierung jedoch entschlossen, jeglichem Druck standzuhalten, und zeigt keine Absicht, sich den Sanktionen gegen die Russische F\u00f6deration anzuschlie\u00dfen. Damit bleibt Serbien das einzige Land in Europa, das prinzipiell und im Einklang mit dem V\u00f6lkerrecht handelt.<\/p>\n<p><strong>Mehr zum Thema<\/strong> \u2013\u00a0<a rel=\"nofollow noopener\" target=\"_blank\" href=\"https:\/\/de.rt.com\/europa\/137626-belgrad-und-praezedenzfall-kosovo\/\">Belgrad und der &#8220;Pr\u00e4zedenzfall&#8221; Kosovo \u2013 Russische Absichten und serbische Erwartungen<\/a><\/p>\n<p><br \/>\n<br \/><a href=\"https:\/\/de.rt.com\/meinung\/138880-hackerangriffe-auf-serbien\/\">Source link <\/a><\/p>\n","protected":false},"excerpt":{"rendered":"<p>von Marinko U\u010dur Die Hackerangriffe auf Serbien nehmen kein Ende. Es ist das einzige Land in Europa, das sich weigert, Sanktionen gegen Russland zu verh\u00e4ngen. Nach unz\u00e4hligen anonymen Bombendrohungen gegen Fl\u00fcge von Air Serbia nach Moskau und Sankt Petersburg haben &#8220;virtuelle Terroristen&#8221; eine neue Form der Vergeltung eingeleitet. Sie geben sich als die Hackergruppe &#8220;Anonymous&#8221; [&hellip;]<\/p>\n","protected":false},"author":3,"featured_media":8436,"comment_status":"open","ping_status":"open","sticky":false,"template":"","format":"standard","meta":{"wp_automatic_camp":["217"],"a876d0407ab82eb09be2317e8a370e0a":["Hackerangriffe auf Serbien \u2013 Hybrider Krieg des Westens?"],"original_link":["https:\/\/de.rt.com\/meinung\/138880-hackerangriffe-auf-serbien\/"],"_thumbnail_id":["8436"],"_wptg_p2tg_sent2tg":["2022-05-21 11:12:29"],"jnews_social_counter_last_update":["1777244348"]},"categories":[19,23],"tags":[133,583,21190,21191,130,978,3117],"yoast_head":"<!-- This site is optimized with the Yoast SEO Premium plugin v22.7 (Yoast SEO v22.7) - https:\/\/yoast.com\/wordpress\/plugins\/seo\/ -->\n<title>Hackerangriffe auf Serbien \u2013 Hybrider Krieg des Westens? - just-now.NEWS Deutschland<\/title>\n<meta name=\"robots\" content=\"index, follow, max-snippet:-1, max-image-preview:large, max-video-preview:-1\" \/>\n<link rel=\"canonical\" href=\"https:\/\/now-news.de\/de\/deutschland\/hackerangriffe-auf-serbien-hybrider-krieg-des-westens\/\" \/>\n<meta property=\"og:locale\" content=\"de_DE\" \/>\n<meta property=\"og:type\" content=\"article\" \/>\n<meta property=\"og:title\" content=\"Hackerangriffe auf Serbien \u2013 Hybrider Krieg des Westens?\" \/>\n<meta property=\"og:description\" content=\"von Marinko U\u010dur Die Hackerangriffe auf Serbien nehmen kein Ende. Es ist das einzige Land in Europa, das sich weigert, Sanktionen gegen Russland zu verh\u00e4ngen. Nach unz\u00e4hligen anonymen Bombendrohungen gegen Fl\u00fcge von Air Serbia nach Moskau und Sankt Petersburg haben &#8220;virtuelle Terroristen&#8221; eine neue Form der Vergeltung eingeleitet. Sie geben sich als die Hackergruppe &#8220;Anonymous&#8221; [&hellip;]\" \/>\n<meta property=\"og:url\" content=\"https:\/\/now-news.de\/de\/deutschland\/hackerangriffe-auf-serbien-hybrider-krieg-des-westens\/\" \/>\n<meta property=\"og:site_name\" content=\"just-now.NEWS Deutschland\" \/>\n<meta property=\"article:publisher\" content=\"https:\/\/www.facebook.com\/wirmachenauf\" \/>\n<meta property=\"article:published_time\" content=\"2022-05-21T09:03:53+00:00\" \/>\n<meta property=\"og:image\" content=\"https:\/\/now-news.de\/de\/wp-content\/uploads\/sites\/3\/2022\/05\/Hackerangriffe-auf-Serbien-\u2013-Hybrider-Krieg-des-Westens.jpg\" \/>\n\t<meta property=\"og:image:width\" content=\"460\" \/>\n\t<meta property=\"og:image:height\" content=\"259\" \/>\n\t<meta property=\"og:image:type\" content=\"image\/jpeg\" \/>\n<meta name=\"author\" content=\"rtnews\" \/>\n<meta name=\"twitter:card\" content=\"summary_large_image\" \/>\n<meta name=\"twitter:creator\" content=\"@WirMachenAuf_de\" \/>\n<meta name=\"twitter:site\" content=\"@WirMachenAuf_de\" \/>\n<meta name=\"twitter:label1\" content=\"Verfasst von\" \/>\n\t<meta name=\"twitter:data1\" content=\"rtnews\" \/>\n\t<meta name=\"twitter:label2\" content=\"Gesch\u00e4tzte Lesezeit\" \/>\n\t<meta name=\"twitter:data2\" content=\"4\u00a0Minuten\" \/>\n<script type=\"application\/ld+json\" class=\"yoast-schema-graph\">{\"@context\":\"https:\/\/schema.org\",\"@graph\":[{\"@type\":\"Article\",\"@id\":\"https:\/\/now-news.de\/de\/deutschland\/hackerangriffe-auf-serbien-hybrider-krieg-des-westens\/#article\",\"isPartOf\":{\"@id\":\"https:\/\/now-news.de\/de\/deutschland\/hackerangriffe-auf-serbien-hybrider-krieg-des-westens\/\"},\"author\":{\"name\":\"rtnews\",\"@id\":\"https:\/\/now-news.de\/de\/#\/schema\/person\/fb534a4e865501d8b3285208df34a9b5\"},\"headline\":\"Hackerangriffe auf Serbien \u2013 Hybrider Krieg des Westens?\",\"datePublished\":\"2022-05-21T09:03:53+00:00\",\"dateModified\":\"2022-05-21T09:03:53+00:00\",\"mainEntityOfPage\":{\"@id\":\"https:\/\/now-news.de\/de\/deutschland\/hackerangriffe-auf-serbien-hybrider-krieg-des-westens\/\"},\"wordCount\":720,\"commentCount\":0,\"publisher\":{\"@id\":\"https:\/\/now-news.de\/de\/#organization\"},\"image\":{\"@id\":\"https:\/\/now-news.de\/de\/deutschland\/hackerangriffe-auf-serbien-hybrider-krieg-des-westens\/#primaryimage\"},\"thumbnailUrl\":\"https:\/\/now-news.de\/de\/wp-content\/uploads\/sites\/3\/2022\/05\/Hackerangriffe-auf-Serbien-\u2013-Hybrider-Krieg-des-Westens.jpg\",\"keywords\":[\"AUF\",\"des\",\"Hackerangriffe\",\"Hybrider\",\"krieg\",\"Serbien\",\"Westens\"],\"articleSection\":[\"Deutschland\",\"Russland\"],\"inLanguage\":\"de\",\"potentialAction\":[{\"@type\":\"CommentAction\",\"name\":\"Comment\",\"target\":[\"https:\/\/now-news.de\/de\/deutschland\/hackerangriffe-auf-serbien-hybrider-krieg-des-westens\/#respond\"]}]},{\"@type\":\"WebPage\",\"@id\":\"https:\/\/now-news.de\/de\/deutschland\/hackerangriffe-auf-serbien-hybrider-krieg-des-westens\/\",\"url\":\"https:\/\/now-news.de\/de\/deutschland\/hackerangriffe-auf-serbien-hybrider-krieg-des-westens\/\",\"name\":\"Hackerangriffe auf Serbien \u2013 Hybrider Krieg des Westens? - just-now.NEWS Deutschland\",\"isPartOf\":{\"@id\":\"https:\/\/now-news.de\/de\/#website\"},\"primaryImageOfPage\":{\"@id\":\"https:\/\/now-news.de\/de\/deutschland\/hackerangriffe-auf-serbien-hybrider-krieg-des-westens\/#primaryimage\"},\"image\":{\"@id\":\"https:\/\/now-news.de\/de\/deutschland\/hackerangriffe-auf-serbien-hybrider-krieg-des-westens\/#primaryimage\"},\"thumbnailUrl\":\"https:\/\/now-news.de\/de\/wp-content\/uploads\/sites\/3\/2022\/05\/Hackerangriffe-auf-Serbien-\u2013-Hybrider-Krieg-des-Westens.jpg\",\"datePublished\":\"2022-05-21T09:03:53+00:00\",\"dateModified\":\"2022-05-21T09:03:53+00:00\",\"breadcrumb\":{\"@id\":\"https:\/\/now-news.de\/de\/deutschland\/hackerangriffe-auf-serbien-hybrider-krieg-des-westens\/#breadcrumb\"},\"inLanguage\":\"de\",\"potentialAction\":[{\"@type\":\"ReadAction\",\"target\":[\"https:\/\/now-news.de\/de\/deutschland\/hackerangriffe-auf-serbien-hybrider-krieg-des-westens\/\"]}]},{\"@type\":\"ImageObject\",\"inLanguage\":\"de\",\"@id\":\"https:\/\/now-news.de\/de\/deutschland\/hackerangriffe-auf-serbien-hybrider-krieg-des-westens\/#primaryimage\",\"url\":\"https:\/\/now-news.de\/de\/wp-content\/uploads\/sites\/3\/2022\/05\/Hackerangriffe-auf-Serbien-\u2013-Hybrider-Krieg-des-Westens.jpg\",\"contentUrl\":\"https:\/\/now-news.de\/de\/wp-content\/uploads\/sites\/3\/2022\/05\/Hackerangriffe-auf-Serbien-\u2013-Hybrider-Krieg-des-Westens.jpg\",\"width\":460,\"height\":259,\"caption\":\"Hackerangriffe auf Serbien \u2013 Hybrider Krieg des Westens?\"},{\"@type\":\"BreadcrumbList\",\"@id\":\"https:\/\/now-news.de\/de\/deutschland\/hackerangriffe-auf-serbien-hybrider-krieg-des-westens\/#breadcrumb\",\"itemListElement\":[{\"@type\":\"ListItem\",\"position\":1,\"name\":\"Home\",\"item\":\"https:\/\/now-news.de\/de\/\"},{\"@type\":\"ListItem\",\"position\":2,\"name\":\"Hackerangriffe auf Serbien \u2013 Hybrider Krieg des Westens?\"}]},{\"@type\":\"WebSite\",\"@id\":\"https:\/\/now-news.de\/de\/#website\",\"url\":\"https:\/\/now-news.de\/de\/\",\"name\":\"just-now.NEWS Deutschland\",\"description\":\"Das Portal f\u00fcr unzensierte Nachrichten aus der Welt\",\"publisher\":{\"@id\":\"https:\/\/now-news.de\/de\/#organization\"},\"potentialAction\":[{\"@type\":\"SearchAction\",\"target\":{\"@type\":\"EntryPoint\",\"urlTemplate\":\"https:\/\/now-news.de\/de\/?s={search_term_string}\"},\"query-input\":\"required name=search_term_string\"}],\"inLanguage\":\"de\"},{\"@type\":\"Organization\",\"@id\":\"https:\/\/now-news.de\/de\/#organization\",\"name\":\"Just Now News\",\"url\":\"https:\/\/now-news.de\/de\/\",\"logo\":{\"@type\":\"ImageObject\",\"inLanguage\":\"de\",\"@id\":\"https:\/\/now-news.de\/de\/#\/schema\/logo\/image\/\",\"url\":\"http:\/\/just-now.news\/de\/wp-content\/uploads\/sites\/3\/2022\/04\/logo500x500.jpg\",\"contentUrl\":\"http:\/\/just-now.news\/de\/wp-content\/uploads\/sites\/3\/2022\/04\/logo500x500.jpg\",\"width\":500,\"height\":500,\"caption\":\"Just Now News\"},\"image\":{\"@id\":\"https:\/\/now-news.de\/de\/#\/schema\/logo\/image\/\"},\"sameAs\":[\"https:\/\/www.facebook.com\/wirmachenauf\",\"https:\/\/x.com\/WirMachenAuf_de\"]},{\"@type\":\"Person\",\"@id\":\"https:\/\/now-news.de\/de\/#\/schema\/person\/fb534a4e865501d8b3285208df34a9b5\",\"name\":\"rtnews\",\"image\":{\"@type\":\"ImageObject\",\"inLanguage\":\"de\",\"@id\":\"https:\/\/now-news.de\/de\/#\/schema\/person\/image\/\",\"url\":\"https:\/\/secure.gravatar.com\/avatar\/82aafea7d8127119dd649515f56e2117?s=96&d=mm&r=g\",\"contentUrl\":\"https:\/\/secure.gravatar.com\/avatar\/82aafea7d8127119dd649515f56e2117?s=96&d=mm&r=g\",\"caption\":\"rtnews\"},\"url\":\"https:\/\/now-news.de\/de\/author\/rnews\/\"}]}<\/script>\n<!-- \/ Yoast SEO Premium plugin. -->","yoast_head_json":{"title":"Hackerangriffe auf Serbien \u2013 Hybrider Krieg des Westens? - just-now.NEWS Deutschland","robots":{"index":"index","follow":"follow","max-snippet":"max-snippet:-1","max-image-preview":"max-image-preview:large","max-video-preview":"max-video-preview:-1"},"canonical":"https:\/\/now-news.de\/de\/deutschland\/hackerangriffe-auf-serbien-hybrider-krieg-des-westens\/","og_locale":"de_DE","og_type":"article","og_title":"Hackerangriffe auf Serbien \u2013 Hybrider Krieg des Westens?","og_description":"von Marinko U\u010dur Die Hackerangriffe auf Serbien nehmen kein Ende. Es ist das einzige Land in Europa, das sich weigert, Sanktionen gegen Russland zu verh\u00e4ngen. Nach unz\u00e4hligen anonymen Bombendrohungen gegen Fl\u00fcge von Air Serbia nach Moskau und Sankt Petersburg haben &#8220;virtuelle Terroristen&#8221; eine neue Form der Vergeltung eingeleitet. Sie geben sich als die Hackergruppe &#8220;Anonymous&#8221; [&hellip;]","og_url":"https:\/\/now-news.de\/de\/deutschland\/hackerangriffe-auf-serbien-hybrider-krieg-des-westens\/","og_site_name":"just-now.NEWS Deutschland","article_publisher":"https:\/\/www.facebook.com\/wirmachenauf","article_published_time":"2022-05-21T09:03:53+00:00","og_image":[{"width":460,"height":259,"url":"https:\/\/now-news.de\/de\/wp-content\/uploads\/sites\/3\/2022\/05\/Hackerangriffe-auf-Serbien-\u2013-Hybrider-Krieg-des-Westens.jpg","type":"image\/jpeg"}],"author":"rtnews","twitter_card":"summary_large_image","twitter_creator":"@WirMachenAuf_de","twitter_site":"@WirMachenAuf_de","twitter_misc":{"Verfasst von":"rtnews","Gesch\u00e4tzte Lesezeit":"4\u00a0Minuten"},"schema":{"@context":"https:\/\/schema.org","@graph":[{"@type":"Article","@id":"https:\/\/now-news.de\/de\/deutschland\/hackerangriffe-auf-serbien-hybrider-krieg-des-westens\/#article","isPartOf":{"@id":"https:\/\/now-news.de\/de\/deutschland\/hackerangriffe-auf-serbien-hybrider-krieg-des-westens\/"},"author":{"name":"rtnews","@id":"https:\/\/now-news.de\/de\/#\/schema\/person\/fb534a4e865501d8b3285208df34a9b5"},"headline":"Hackerangriffe auf Serbien \u2013 Hybrider Krieg des Westens?","datePublished":"2022-05-21T09:03:53+00:00","dateModified":"2022-05-21T09:03:53+00:00","mainEntityOfPage":{"@id":"https:\/\/now-news.de\/de\/deutschland\/hackerangriffe-auf-serbien-hybrider-krieg-des-westens\/"},"wordCount":720,"commentCount":0,"publisher":{"@id":"https:\/\/now-news.de\/de\/#organization"},"image":{"@id":"https:\/\/now-news.de\/de\/deutschland\/hackerangriffe-auf-serbien-hybrider-krieg-des-westens\/#primaryimage"},"thumbnailUrl":"https:\/\/now-news.de\/de\/wp-content\/uploads\/sites\/3\/2022\/05\/Hackerangriffe-auf-Serbien-\u2013-Hybrider-Krieg-des-Westens.jpg","keywords":["AUF","des","Hackerangriffe","Hybrider","krieg","Serbien","Westens"],"articleSection":["Deutschland","Russland"],"inLanguage":"de","potentialAction":[{"@type":"CommentAction","name":"Comment","target":["https:\/\/now-news.de\/de\/deutschland\/hackerangriffe-auf-serbien-hybrider-krieg-des-westens\/#respond"]}]},{"@type":"WebPage","@id":"https:\/\/now-news.de\/de\/deutschland\/hackerangriffe-auf-serbien-hybrider-krieg-des-westens\/","url":"https:\/\/now-news.de\/de\/deutschland\/hackerangriffe-auf-serbien-hybrider-krieg-des-westens\/","name":"Hackerangriffe auf Serbien \u2013 Hybrider Krieg des Westens? - just-now.NEWS Deutschland","isPartOf":{"@id":"https:\/\/now-news.de\/de\/#website"},"primaryImageOfPage":{"@id":"https:\/\/now-news.de\/de\/deutschland\/hackerangriffe-auf-serbien-hybrider-krieg-des-westens\/#primaryimage"},"image":{"@id":"https:\/\/now-news.de\/de\/deutschland\/hackerangriffe-auf-serbien-hybrider-krieg-des-westens\/#primaryimage"},"thumbnailUrl":"https:\/\/now-news.de\/de\/wp-content\/uploads\/sites\/3\/2022\/05\/Hackerangriffe-auf-Serbien-\u2013-Hybrider-Krieg-des-Westens.jpg","datePublished":"2022-05-21T09:03:53+00:00","dateModified":"2022-05-21T09:03:53+00:00","breadcrumb":{"@id":"https:\/\/now-news.de\/de\/deutschland\/hackerangriffe-auf-serbien-hybrider-krieg-des-westens\/#breadcrumb"},"inLanguage":"de","potentialAction":[{"@type":"ReadAction","target":["https:\/\/now-news.de\/de\/deutschland\/hackerangriffe-auf-serbien-hybrider-krieg-des-westens\/"]}]},{"@type":"ImageObject","inLanguage":"de","@id":"https:\/\/now-news.de\/de\/deutschland\/hackerangriffe-auf-serbien-hybrider-krieg-des-westens\/#primaryimage","url":"https:\/\/now-news.de\/de\/wp-content\/uploads\/sites\/3\/2022\/05\/Hackerangriffe-auf-Serbien-\u2013-Hybrider-Krieg-des-Westens.jpg","contentUrl":"https:\/\/now-news.de\/de\/wp-content\/uploads\/sites\/3\/2022\/05\/Hackerangriffe-auf-Serbien-\u2013-Hybrider-Krieg-des-Westens.jpg","width":460,"height":259,"caption":"Hackerangriffe auf Serbien \u2013 Hybrider Krieg des Westens?"},{"@type":"BreadcrumbList","@id":"https:\/\/now-news.de\/de\/deutschland\/hackerangriffe-auf-serbien-hybrider-krieg-des-westens\/#breadcrumb","itemListElement":[{"@type":"ListItem","position":1,"name":"Home","item":"https:\/\/now-news.de\/de\/"},{"@type":"ListItem","position":2,"name":"Hackerangriffe auf Serbien \u2013 Hybrider Krieg des Westens?"}]},{"@type":"WebSite","@id":"https:\/\/now-news.de\/de\/#website","url":"https:\/\/now-news.de\/de\/","name":"just-now.NEWS Deutschland","description":"Das Portal f\u00fcr unzensierte Nachrichten aus der Welt","publisher":{"@id":"https:\/\/now-news.de\/de\/#organization"},"potentialAction":[{"@type":"SearchAction","target":{"@type":"EntryPoint","urlTemplate":"https:\/\/now-news.de\/de\/?s={search_term_string}"},"query-input":"required name=search_term_string"}],"inLanguage":"de"},{"@type":"Organization","@id":"https:\/\/now-news.de\/de\/#organization","name":"Just Now News","url":"https:\/\/now-news.de\/de\/","logo":{"@type":"ImageObject","inLanguage":"de","@id":"https:\/\/now-news.de\/de\/#\/schema\/logo\/image\/","url":"http:\/\/just-now.news\/de\/wp-content\/uploads\/sites\/3\/2022\/04\/logo500x500.jpg","contentUrl":"http:\/\/just-now.news\/de\/wp-content\/uploads\/sites\/3\/2022\/04\/logo500x500.jpg","width":500,"height":500,"caption":"Just Now News"},"image":{"@id":"https:\/\/now-news.de\/de\/#\/schema\/logo\/image\/"},"sameAs":["https:\/\/www.facebook.com\/wirmachenauf","https:\/\/x.com\/WirMachenAuf_de"]},{"@type":"Person","@id":"https:\/\/now-news.de\/de\/#\/schema\/person\/fb534a4e865501d8b3285208df34a9b5","name":"rtnews","image":{"@type":"ImageObject","inLanguage":"de","@id":"https:\/\/now-news.de\/de\/#\/schema\/person\/image\/","url":"https:\/\/secure.gravatar.com\/avatar\/82aafea7d8127119dd649515f56e2117?s=96&d=mm&r=g","contentUrl":"https:\/\/secure.gravatar.com\/avatar\/82aafea7d8127119dd649515f56e2117?s=96&d=mm&r=g","caption":"rtnews"},"url":"https:\/\/now-news.de\/de\/author\/rnews\/"}]}},"_links":{"self":[{"href":"https:\/\/now-news.de\/de\/wp-json\/wp\/v2\/posts\/8435"}],"collection":[{"href":"https:\/\/now-news.de\/de\/wp-json\/wp\/v2\/posts"}],"about":[{"href":"https:\/\/now-news.de\/de\/wp-json\/wp\/v2\/types\/post"}],"author":[{"embeddable":true,"href":"https:\/\/now-news.de\/de\/wp-json\/wp\/v2\/users\/3"}],"replies":[{"embeddable":true,"href":"https:\/\/now-news.de\/de\/wp-json\/wp\/v2\/comments?post=8435"}],"version-history":[{"count":0,"href":"https:\/\/now-news.de\/de\/wp-json\/wp\/v2\/posts\/8435\/revisions"}],"wp:featuredmedia":[{"embeddable":true,"href":"https:\/\/now-news.de\/de\/wp-json\/wp\/v2\/media\/8436"}],"wp:attachment":[{"href":"https:\/\/now-news.de\/de\/wp-json\/wp\/v2\/media?parent=8435"}],"wp:term":[{"taxonomy":"category","embeddable":true,"href":"https:\/\/now-news.de\/de\/wp-json\/wp\/v2\/categories?post=8435"},{"taxonomy":"post_tag","embeddable":true,"href":"https:\/\/now-news.de\/de\/wp-json\/wp\/v2\/tags?post=8435"}],"curies":[{"name":"wp","href":"https:\/\/api.w.org\/{rel}","templated":true}]}}