{"id":84322,"date":"2025-05-23T16:37:25","date_gmt":"2025-05-23T14:37:25","guid":{"rendered":"https:\/\/now-news.de\/de\/deutschland\/unelegant-lawrow-lehnt-vatikan-als-ort-fuer-treffen-mit-kiews-vertretern-ab\/"},"modified":"2025-05-23T16:37:25","modified_gmt":"2025-05-23T14:37:25","slug":"unelegant-lawrow-lehnt-vatikan-als-ort-fuer-treffen-mit-kiews-vertretern-ab","status":"publish","type":"post","link":"https:\/\/now-news.de\/de\/deutschland\/unelegant-lawrow-lehnt-vatikan-als-ort-fuer-treffen-mit-kiews-vertretern-ab\/","title":{"rendered":"&quot;Unelegant&quot;: Lawrow lehnt Vatikan als Ort f\u00fcr Treffen mit Kiews Vertretern ab"},"content":{"rendered":"<p><img decoding=\"async\" src=\"https:\/\/now-news.de\/de\/wp-content\/uploads\/sites\/3\/2025\/05\/6830681ab480cc1787562a94.jpg\" \/><\/p>\n<div class=\"Text-root Text-type_1 \">\n                Der russische Au\u00dfenminister Lawrow bezeichnete den Vatikan als nicht geeignete Plattform, um Verhandlungen zwischen orthodoxen L\u00e4ndern zu f\u00fchren \u2013 es sei &#8220;unelegant&#8221;. Der neue Papst Leo XIV. hatte zuvor die Bereitschaft ge\u00e4u\u00dfert, ein solches Treffen abzuhalten.\n            <\/div>\n<p><\/p>\n<div class=\"Text-root Text-type_5 ArticleView-text ViewText-root \">\n<p>Gespr\u00e4che zwischen Russland und der Ukraine im Vatikan zu f\u00fchren, sei unrealistisch, so der russische Au\u00dfenminister Sergei Lawrow auf der Konferenz &#8220;Historische s\u00fcdrussische Gebiete, nationale Identit\u00e4t und Selbstbestimmung der V\u00f6lker&#8221;. Der Diplomat\u00a0erkl\u00e4rte w\u00f6rtlich:<\/p>\n<blockquote>\n<p><em>&#8220;Ich m\u00f6chte sagen, dass man keine geistigen Kapazit\u00e4ten f\u00fcr die Ausarbeitung von Optionen verschwenden sollte, die nicht besonders realistisch sind. Wenn man sich den Vatikan als Verhandlungsort vorstellt, ist das ein bisschen unelegant.&#8221;<\/em><\/p>\n<\/blockquote>\n<p>Lawrow pr\u00e4zisierte, dass es sich dabei um ein Treffen von Vertretern zweier orthodoxer L\u00e4nder &#8220;auf einer katholischen Plattform&#8221; handeln w\u00fcrde, was f\u00fcr den Vatikan selbst &#8220;nicht sehr bequem&#8221; sei.<\/p>\n<p>Wie das <em>Wall Street Journal<\/em> unter Berufung auf Quellen berichtete, k\u00f6nnte die n\u00e4chste Runde der Gespr\u00e4che zwischen Moskau und Kiew Mitte Juni im Vatikan stattfinden. Den Quellen von <em>Bloomberg<\/em> zufolge k\u00f6nnte das Treffen\u00a0bereits n\u00e4chste Woche stattfinden, wenn Moskau den Vatikan als Vermittler akzeptiere. Der neu gew\u00e4hlte Papst Leo XIV. erkl\u00e4rte seine Bereitschaft zu einer solchen Rolle. Der Kreml teilte indessen mit, dass es keine konkreten Vereinbarungen in dieser Angelegenheit gebe.<\/p>\n<p>Die ersten direkten Gespr\u00e4che zwischen Russland und der Ukraine seit 2022 wurden am 16. Mai in Istanbul gef\u00fchrt. Die Parteien einigten sich dabei auf den Austausch von Kriegsgefangenen (&#8220;1000 gegen 1000&#8221;) und die Ausarbeitung der Bedingungen f\u00fcr einen Waffenstillstand. Am 23. Mai meldete US-Pr\u00e4sident Donald Trump einen &#8220;gro\u00dfen&#8221; Gefangenenaustausch zwischen den Konfliktparteien. Laut <em>Bloomberg<\/em> rechne Russland mit einer Fortsetzung der Gespr\u00e4che in der T\u00fcrkei.<\/p>\n<p><strong>Mehr zum Thema<\/strong>\u00a0&#8211;\u00a0<a rel=\"nofollow noopener\" target=\"_blank\" href=\"https:\/\/freedert.online\/europa\/245743-putin-reagierte-er-griff-nicht\/\">Mearsheimer in der NZZ: Putin reagierte\u00a0in der Ukraine \u2013 er griff nicht an<\/a><\/p>\n<div class=\"EmbedBlock-root EmbedBlock-externalVideo EmbedBlock-rumble\">\n<div class=\"VkEmbed\"><iframe class=\"lazyload\" data-src=\"https:\/\/rumble.com\/embed\/v6rkhyn\" frameborder=\"0\" width=\"853\" height=\"480\" allowfullscreen><\/iframe><\/div>\n<\/div>\n<\/div>\n<p><br \/>\n<br \/><a href=\"https:\/\/de.rt.com\/international\/245779-unelegant-lawrow-lehnt-vatikan-als\/\">Source link <\/a><\/p>\n","protected":false},"excerpt":{"rendered":"<p>Der russische Au\u00dfenminister Lawrow bezeichnete den Vatikan als nicht geeignete Plattform, um Verhandlungen zwischen orthodoxen L\u00e4ndern zu f\u00fchren \u2013 es sei &#8220;unelegant&#8221;. Der neue Papst Leo XIV. hatte zuvor die Bereitschaft ge\u00e4u\u00dfert, ein solches Treffen abzuhalten. Gespr\u00e4che zwischen Russland und der Ukraine im Vatikan zu f\u00fchren, sei unrealistisch, so der russische Au\u00dfenminister Sergei Lawrow auf [&hellip;]<\/p>\n","protected":false},"author":3,"featured_media":84323,"comment_status":"open","ping_status":"open","sticky":false,"template":"","format":"standard","meta":{"_yoast_indexnow_last_ping":["1748012787"],"wp_automatic_camp":["217"],"3160c0592582213e800c8d15a4888d7a":["&quot;Unelegant&quot;: Lawrow lehnt Vatikan als Ort f\u00fcr Treffen mit Kiews Vertretern ab"],"original_link":["https:\/\/de.rt.com\/international\/245779-unelegant-lawrow-lehnt-vatikan-als\/"],"_thumbnail_id":["84323"],"jnews_social_counter_last_update":["1777405918"],"_wptgpro_p2tg_sent2tg":["a:1:{i:23737;s:19:\"2025-05-23 17:07:30\";}"]},"categories":[19,23],"tags":[273,221,6313,1018,2034,419,19246,65190,354,12067,13791],"yoast_head":"<!-- This site is optimized with the Yoast SEO Premium plugin v22.7 (Yoast SEO v22.7) - https:\/\/yoast.com\/wordpress\/plugins\/seo\/ -->\n<title>&quot;Unelegant&quot;: Lawrow lehnt Vatikan als Ort f\u00fcr Treffen mit Kiews Vertretern ab - just-now.NEWS Deutschland<\/title>\n<meta name=\"robots\" content=\"index, follow, max-snippet:-1, max-image-preview:large, max-video-preview:-1\" \/>\n<link rel=\"canonical\" href=\"https:\/\/now-news.de\/de\/deutschland\/unelegant-lawrow-lehnt-vatikan-als-ort-fuer-treffen-mit-kiews-vertretern-ab\/\" \/>\n<meta property=\"og:locale\" content=\"de_DE\" \/>\n<meta property=\"og:type\" content=\"article\" \/>\n<meta property=\"og:title\" content=\"&quot;Unelegant&quot;: Lawrow lehnt Vatikan als Ort f\u00fcr Treffen mit Kiews Vertretern ab\" \/>\n<meta property=\"og:description\" content=\"Der russische Au\u00dfenminister Lawrow bezeichnete den Vatikan als nicht geeignete Plattform, um Verhandlungen zwischen orthodoxen L\u00e4ndern zu f\u00fchren \u2013 es sei &#8220;unelegant&#8221;. Der neue Papst Leo XIV. hatte zuvor die Bereitschaft ge\u00e4u\u00dfert, ein solches Treffen abzuhalten. Gespr\u00e4che zwischen Russland und der Ukraine im Vatikan zu f\u00fchren, sei unrealistisch, so der russische Au\u00dfenminister Sergei Lawrow auf [&hellip;]\" \/>\n<meta property=\"og:url\" content=\"https:\/\/now-news.de\/de\/deutschland\/unelegant-lawrow-lehnt-vatikan-als-ort-fuer-treffen-mit-kiews-vertretern-ab\/\" \/>\n<meta property=\"og:site_name\" content=\"just-now.NEWS Deutschland\" \/>\n<meta property=\"article:publisher\" content=\"https:\/\/www.facebook.com\/wirmachenauf\" \/>\n<meta property=\"article:published_time\" content=\"2025-05-23T14:37:25+00:00\" \/>\n<meta property=\"og:image\" content=\"https:\/\/now-news.de\/de\/wp-content\/uploads\/sites\/3\/2025\/05\/6830681ab480cc1787562a94.jpg\" \/>\n<meta name=\"author\" content=\"rtnews\" \/>\n<meta name=\"twitter:card\" content=\"summary_large_image\" \/>\n<meta name=\"twitter:creator\" content=\"@WirMachenAuf_de\" \/>\n<meta name=\"twitter:site\" content=\"@WirMachenAuf_de\" \/>\n<meta name=\"twitter:label1\" content=\"Verfasst von\" \/>\n\t<meta name=\"twitter:data1\" content=\"rtnews\" \/>\n\t<meta name=\"twitter:label2\" content=\"Gesch\u00e4tzte Lesezeit\" \/>\n\t<meta name=\"twitter:data2\" content=\"2\u00a0Minuten\" \/>\n<script type=\"application\/ld+json\" class=\"yoast-schema-graph\">{\"@context\":\"https:\/\/schema.org\",\"@graph\":[{\"@type\":\"Article\",\"@id\":\"https:\/\/now-news.de\/de\/deutschland\/unelegant-lawrow-lehnt-vatikan-als-ort-fuer-treffen-mit-kiews-vertretern-ab\/#article\",\"isPartOf\":{\"@id\":\"https:\/\/now-news.de\/de\/deutschland\/unelegant-lawrow-lehnt-vatikan-als-ort-fuer-treffen-mit-kiews-vertretern-ab\/\"},\"author\":{\"name\":\"rtnews\",\"@id\":\"https:\/\/now-news.de\/de\/#\/schema\/person\/fb534a4e865501d8b3285208df34a9b5\"},\"headline\":\"&quot;Unelegant&quot;: Lawrow lehnt Vatikan als Ort f\u00fcr Treffen mit Kiews Vertretern ab\",\"datePublished\":\"2025-05-23T14:37:25+00:00\",\"dateModified\":\"2025-05-23T14:37:25+00:00\",\"mainEntityOfPage\":{\"@id\":\"https:\/\/now-news.de\/de\/deutschland\/unelegant-lawrow-lehnt-vatikan-als-ort-fuer-treffen-mit-kiews-vertretern-ab\/\"},\"wordCount\":330,\"commentCount\":0,\"publisher\":{\"@id\":\"https:\/\/now-news.de\/de\/#organization\"},\"image\":{\"@id\":\"https:\/\/now-news.de\/de\/deutschland\/unelegant-lawrow-lehnt-vatikan-als-ort-fuer-treffen-mit-kiews-vertretern-ab\/#primaryimage\"},\"thumbnailUrl\":\"https:\/\/now-news.de\/de\/wp-content\/uploads\/sites\/3\/2025\/05\/quotUnelegantquot-Lawrow-lehnt-Vatikan-als-Ort-fuer-Treffen-mit-Kiews.jpg\",\"keywords\":[\"als\",\"f\u00fcr\",\"Kiews\",\"Lawrow\",\"lehnt\",\"mit\",\"Ort\",\"quotUnelegantquot\",\"Treffen\",\"Vatikan\",\"Vertretern\"],\"articleSection\":[\"Deutschland\",\"Russland\"],\"inLanguage\":\"de\",\"potentialAction\":[{\"@type\":\"CommentAction\",\"name\":\"Comment\",\"target\":[\"https:\/\/now-news.de\/de\/deutschland\/unelegant-lawrow-lehnt-vatikan-als-ort-fuer-treffen-mit-kiews-vertretern-ab\/#respond\"]}]},{\"@type\":\"WebPage\",\"@id\":\"https:\/\/now-news.de\/de\/deutschland\/unelegant-lawrow-lehnt-vatikan-als-ort-fuer-treffen-mit-kiews-vertretern-ab\/\",\"url\":\"https:\/\/now-news.de\/de\/deutschland\/unelegant-lawrow-lehnt-vatikan-als-ort-fuer-treffen-mit-kiews-vertretern-ab\/\",\"name\":\"&quot;Unelegant&quot;: Lawrow lehnt Vatikan als Ort f\u00fcr Treffen mit Kiews Vertretern ab - just-now.NEWS Deutschland\",\"isPartOf\":{\"@id\":\"https:\/\/now-news.de\/de\/#website\"},\"primaryImageOfPage\":{\"@id\":\"https:\/\/now-news.de\/de\/deutschland\/unelegant-lawrow-lehnt-vatikan-als-ort-fuer-treffen-mit-kiews-vertretern-ab\/#primaryimage\"},\"image\":{\"@id\":\"https:\/\/now-news.de\/de\/deutschland\/unelegant-lawrow-lehnt-vatikan-als-ort-fuer-treffen-mit-kiews-vertretern-ab\/#primaryimage\"},\"thumbnailUrl\":\"https:\/\/now-news.de\/de\/wp-content\/uploads\/sites\/3\/2025\/05\/quotUnelegantquot-Lawrow-lehnt-Vatikan-als-Ort-fuer-Treffen-mit-Kiews.jpg\",\"datePublished\":\"2025-05-23T14:37:25+00:00\",\"dateModified\":\"2025-05-23T14:37:25+00:00\",\"breadcrumb\":{\"@id\":\"https:\/\/now-news.de\/de\/deutschland\/unelegant-lawrow-lehnt-vatikan-als-ort-fuer-treffen-mit-kiews-vertretern-ab\/#breadcrumb\"},\"inLanguage\":\"de\",\"potentialAction\":[{\"@type\":\"ReadAction\",\"target\":[\"https:\/\/now-news.de\/de\/deutschland\/unelegant-lawrow-lehnt-vatikan-als-ort-fuer-treffen-mit-kiews-vertretern-ab\/\"]}]},{\"@type\":\"ImageObject\",\"inLanguage\":\"de\",\"@id\":\"https:\/\/now-news.de\/de\/deutschland\/unelegant-lawrow-lehnt-vatikan-als-ort-fuer-treffen-mit-kiews-vertretern-ab\/#primaryimage\",\"url\":\"https:\/\/now-news.de\/de\/wp-content\/uploads\/sites\/3\/2025\/05\/quotUnelegantquot-Lawrow-lehnt-Vatikan-als-Ort-fuer-Treffen-mit-Kiews.jpg\",\"contentUrl\":\"https:\/\/now-news.de\/de\/wp-content\/uploads\/sites\/3\/2025\/05\/quotUnelegantquot-Lawrow-lehnt-Vatikan-als-Ort-fuer-Treffen-mit-Kiews.jpg\",\"width\":460,\"height\":259,\"caption\":\"&quot;Unelegant&quot;: Lawrow lehnt Vatikan als Ort f\u00fcr Treffen mit Kiews Vertretern ab\"},{\"@type\":\"BreadcrumbList\",\"@id\":\"https:\/\/now-news.de\/de\/deutschland\/unelegant-lawrow-lehnt-vatikan-als-ort-fuer-treffen-mit-kiews-vertretern-ab\/#breadcrumb\",\"itemListElement\":[{\"@type\":\"ListItem\",\"position\":1,\"name\":\"Home\",\"item\":\"https:\/\/now-news.de\/de\/\"},{\"@type\":\"ListItem\",\"position\":2,\"name\":\"&quot;Unelegant&quot;: Lawrow lehnt Vatikan als Ort f\u00fcr Treffen mit Kiews Vertretern ab\"}]},{\"@type\":\"WebSite\",\"@id\":\"https:\/\/now-news.de\/de\/#website\",\"url\":\"https:\/\/now-news.de\/de\/\",\"name\":\"just-now.NEWS Deutschland\",\"description\":\"Das Portal f\u00fcr unzensierte Nachrichten aus der Welt\",\"publisher\":{\"@id\":\"https:\/\/now-news.de\/de\/#organization\"},\"potentialAction\":[{\"@type\":\"SearchAction\",\"target\":{\"@type\":\"EntryPoint\",\"urlTemplate\":\"https:\/\/now-news.de\/de\/?s={search_term_string}\"},\"query-input\":\"required name=search_term_string\"}],\"inLanguage\":\"de\"},{\"@type\":\"Organization\",\"@id\":\"https:\/\/now-news.de\/de\/#organization\",\"name\":\"Just Now News\",\"url\":\"https:\/\/now-news.de\/de\/\",\"logo\":{\"@type\":\"ImageObject\",\"inLanguage\":\"de\",\"@id\":\"https:\/\/now-news.de\/de\/#\/schema\/logo\/image\/\",\"url\":\"http:\/\/just-now.news\/de\/wp-content\/uploads\/sites\/3\/2022\/04\/logo500x500.jpg\",\"contentUrl\":\"http:\/\/just-now.news\/de\/wp-content\/uploads\/sites\/3\/2022\/04\/logo500x500.jpg\",\"width\":500,\"height\":500,\"caption\":\"Just Now News\"},\"image\":{\"@id\":\"https:\/\/now-news.de\/de\/#\/schema\/logo\/image\/\"},\"sameAs\":[\"https:\/\/www.facebook.com\/wirmachenauf\",\"https:\/\/x.com\/WirMachenAuf_de\"]},{\"@type\":\"Person\",\"@id\":\"https:\/\/now-news.de\/de\/#\/schema\/person\/fb534a4e865501d8b3285208df34a9b5\",\"name\":\"rtnews\",\"image\":{\"@type\":\"ImageObject\",\"inLanguage\":\"de\",\"@id\":\"https:\/\/now-news.de\/de\/#\/schema\/person\/image\/\",\"url\":\"https:\/\/secure.gravatar.com\/avatar\/82aafea7d8127119dd649515f56e2117?s=96&d=mm&r=g\",\"contentUrl\":\"https:\/\/secure.gravatar.com\/avatar\/82aafea7d8127119dd649515f56e2117?s=96&d=mm&r=g\",\"caption\":\"rtnews\"},\"url\":\"https:\/\/now-news.de\/de\/author\/rnews\/\"}]}<\/script>\n<!-- \/ Yoast SEO Premium plugin. -->","yoast_head_json":{"title":"&quot;Unelegant&quot;: Lawrow lehnt Vatikan als Ort f\u00fcr Treffen mit Kiews Vertretern ab - just-now.NEWS Deutschland","robots":{"index":"index","follow":"follow","max-snippet":"max-snippet:-1","max-image-preview":"max-image-preview:large","max-video-preview":"max-video-preview:-1"},"canonical":"https:\/\/now-news.de\/de\/deutschland\/unelegant-lawrow-lehnt-vatikan-als-ort-fuer-treffen-mit-kiews-vertretern-ab\/","og_locale":"de_DE","og_type":"article","og_title":"&quot;Unelegant&quot;: Lawrow lehnt Vatikan als Ort f\u00fcr Treffen mit Kiews Vertretern ab","og_description":"Der russische Au\u00dfenminister Lawrow bezeichnete den Vatikan als nicht geeignete Plattform, um Verhandlungen zwischen orthodoxen L\u00e4ndern zu f\u00fchren \u2013 es sei &#8220;unelegant&#8221;. Der neue Papst Leo XIV. hatte zuvor die Bereitschaft ge\u00e4u\u00dfert, ein solches Treffen abzuhalten. Gespr\u00e4che zwischen Russland und der Ukraine im Vatikan zu f\u00fchren, sei unrealistisch, so der russische Au\u00dfenminister Sergei Lawrow auf [&hellip;]","og_url":"https:\/\/now-news.de\/de\/deutschland\/unelegant-lawrow-lehnt-vatikan-als-ort-fuer-treffen-mit-kiews-vertretern-ab\/","og_site_name":"just-now.NEWS Deutschland","article_publisher":"https:\/\/www.facebook.com\/wirmachenauf","article_published_time":"2025-05-23T14:37:25+00:00","og_image":[{"url":"https:\/\/now-news.de\/de\/wp-content\/uploads\/sites\/3\/2025\/05\/6830681ab480cc1787562a94.jpg"}],"author":"rtnews","twitter_card":"summary_large_image","twitter_creator":"@WirMachenAuf_de","twitter_site":"@WirMachenAuf_de","twitter_misc":{"Verfasst von":"rtnews","Gesch\u00e4tzte Lesezeit":"2\u00a0Minuten"},"schema":{"@context":"https:\/\/schema.org","@graph":[{"@type":"Article","@id":"https:\/\/now-news.de\/de\/deutschland\/unelegant-lawrow-lehnt-vatikan-als-ort-fuer-treffen-mit-kiews-vertretern-ab\/#article","isPartOf":{"@id":"https:\/\/now-news.de\/de\/deutschland\/unelegant-lawrow-lehnt-vatikan-als-ort-fuer-treffen-mit-kiews-vertretern-ab\/"},"author":{"name":"rtnews","@id":"https:\/\/now-news.de\/de\/#\/schema\/person\/fb534a4e865501d8b3285208df34a9b5"},"headline":"&quot;Unelegant&quot;: Lawrow lehnt Vatikan als Ort f\u00fcr Treffen mit Kiews Vertretern ab","datePublished":"2025-05-23T14:37:25+00:00","dateModified":"2025-05-23T14:37:25+00:00","mainEntityOfPage":{"@id":"https:\/\/now-news.de\/de\/deutschland\/unelegant-lawrow-lehnt-vatikan-als-ort-fuer-treffen-mit-kiews-vertretern-ab\/"},"wordCount":330,"commentCount":0,"publisher":{"@id":"https:\/\/now-news.de\/de\/#organization"},"image":{"@id":"https:\/\/now-news.de\/de\/deutschland\/unelegant-lawrow-lehnt-vatikan-als-ort-fuer-treffen-mit-kiews-vertretern-ab\/#primaryimage"},"thumbnailUrl":"https:\/\/now-news.de\/de\/wp-content\/uploads\/sites\/3\/2025\/05\/quotUnelegantquot-Lawrow-lehnt-Vatikan-als-Ort-fuer-Treffen-mit-Kiews.jpg","keywords":["als","f\u00fcr","Kiews","Lawrow","lehnt","mit","Ort","quotUnelegantquot","Treffen","Vatikan","Vertretern"],"articleSection":["Deutschland","Russland"],"inLanguage":"de","potentialAction":[{"@type":"CommentAction","name":"Comment","target":["https:\/\/now-news.de\/de\/deutschland\/unelegant-lawrow-lehnt-vatikan-als-ort-fuer-treffen-mit-kiews-vertretern-ab\/#respond"]}]},{"@type":"WebPage","@id":"https:\/\/now-news.de\/de\/deutschland\/unelegant-lawrow-lehnt-vatikan-als-ort-fuer-treffen-mit-kiews-vertretern-ab\/","url":"https:\/\/now-news.de\/de\/deutschland\/unelegant-lawrow-lehnt-vatikan-als-ort-fuer-treffen-mit-kiews-vertretern-ab\/","name":"&quot;Unelegant&quot;: Lawrow lehnt Vatikan als Ort f\u00fcr Treffen mit Kiews Vertretern ab - just-now.NEWS Deutschland","isPartOf":{"@id":"https:\/\/now-news.de\/de\/#website"},"primaryImageOfPage":{"@id":"https:\/\/now-news.de\/de\/deutschland\/unelegant-lawrow-lehnt-vatikan-als-ort-fuer-treffen-mit-kiews-vertretern-ab\/#primaryimage"},"image":{"@id":"https:\/\/now-news.de\/de\/deutschland\/unelegant-lawrow-lehnt-vatikan-als-ort-fuer-treffen-mit-kiews-vertretern-ab\/#primaryimage"},"thumbnailUrl":"https:\/\/now-news.de\/de\/wp-content\/uploads\/sites\/3\/2025\/05\/quotUnelegantquot-Lawrow-lehnt-Vatikan-als-Ort-fuer-Treffen-mit-Kiews.jpg","datePublished":"2025-05-23T14:37:25+00:00","dateModified":"2025-05-23T14:37:25+00:00","breadcrumb":{"@id":"https:\/\/now-news.de\/de\/deutschland\/unelegant-lawrow-lehnt-vatikan-als-ort-fuer-treffen-mit-kiews-vertretern-ab\/#breadcrumb"},"inLanguage":"de","potentialAction":[{"@type":"ReadAction","target":["https:\/\/now-news.de\/de\/deutschland\/unelegant-lawrow-lehnt-vatikan-als-ort-fuer-treffen-mit-kiews-vertretern-ab\/"]}]},{"@type":"ImageObject","inLanguage":"de","@id":"https:\/\/now-news.de\/de\/deutschland\/unelegant-lawrow-lehnt-vatikan-als-ort-fuer-treffen-mit-kiews-vertretern-ab\/#primaryimage","url":"https:\/\/now-news.de\/de\/wp-content\/uploads\/sites\/3\/2025\/05\/quotUnelegantquot-Lawrow-lehnt-Vatikan-als-Ort-fuer-Treffen-mit-Kiews.jpg","contentUrl":"https:\/\/now-news.de\/de\/wp-content\/uploads\/sites\/3\/2025\/05\/quotUnelegantquot-Lawrow-lehnt-Vatikan-als-Ort-fuer-Treffen-mit-Kiews.jpg","width":460,"height":259,"caption":"&quot;Unelegant&quot;: Lawrow lehnt Vatikan als Ort f\u00fcr Treffen mit Kiews Vertretern ab"},{"@type":"BreadcrumbList","@id":"https:\/\/now-news.de\/de\/deutschland\/unelegant-lawrow-lehnt-vatikan-als-ort-fuer-treffen-mit-kiews-vertretern-ab\/#breadcrumb","itemListElement":[{"@type":"ListItem","position":1,"name":"Home","item":"https:\/\/now-news.de\/de\/"},{"@type":"ListItem","position":2,"name":"&quot;Unelegant&quot;: Lawrow lehnt Vatikan als Ort f\u00fcr Treffen mit Kiews Vertretern ab"}]},{"@type":"WebSite","@id":"https:\/\/now-news.de\/de\/#website","url":"https:\/\/now-news.de\/de\/","name":"just-now.NEWS Deutschland","description":"Das Portal f\u00fcr unzensierte Nachrichten aus der Welt","publisher":{"@id":"https:\/\/now-news.de\/de\/#organization"},"potentialAction":[{"@type":"SearchAction","target":{"@type":"EntryPoint","urlTemplate":"https:\/\/now-news.de\/de\/?s={search_term_string}"},"query-input":"required name=search_term_string"}],"inLanguage":"de"},{"@type":"Organization","@id":"https:\/\/now-news.de\/de\/#organization","name":"Just Now News","url":"https:\/\/now-news.de\/de\/","logo":{"@type":"ImageObject","inLanguage":"de","@id":"https:\/\/now-news.de\/de\/#\/schema\/logo\/image\/","url":"http:\/\/just-now.news\/de\/wp-content\/uploads\/sites\/3\/2022\/04\/logo500x500.jpg","contentUrl":"http:\/\/just-now.news\/de\/wp-content\/uploads\/sites\/3\/2022\/04\/logo500x500.jpg","width":500,"height":500,"caption":"Just Now News"},"image":{"@id":"https:\/\/now-news.de\/de\/#\/schema\/logo\/image\/"},"sameAs":["https:\/\/www.facebook.com\/wirmachenauf","https:\/\/x.com\/WirMachenAuf_de"]},{"@type":"Person","@id":"https:\/\/now-news.de\/de\/#\/schema\/person\/fb534a4e865501d8b3285208df34a9b5","name":"rtnews","image":{"@type":"ImageObject","inLanguage":"de","@id":"https:\/\/now-news.de\/de\/#\/schema\/person\/image\/","url":"https:\/\/secure.gravatar.com\/avatar\/82aafea7d8127119dd649515f56e2117?s=96&d=mm&r=g","contentUrl":"https:\/\/secure.gravatar.com\/avatar\/82aafea7d8127119dd649515f56e2117?s=96&d=mm&r=g","caption":"rtnews"},"url":"https:\/\/now-news.de\/de\/author\/rnews\/"}]}},"_links":{"self":[{"href":"https:\/\/now-news.de\/de\/wp-json\/wp\/v2\/posts\/84322"}],"collection":[{"href":"https:\/\/now-news.de\/de\/wp-json\/wp\/v2\/posts"}],"about":[{"href":"https:\/\/now-news.de\/de\/wp-json\/wp\/v2\/types\/post"}],"author":[{"embeddable":true,"href":"https:\/\/now-news.de\/de\/wp-json\/wp\/v2\/users\/3"}],"replies":[{"embeddable":true,"href":"https:\/\/now-news.de\/de\/wp-json\/wp\/v2\/comments?post=84322"}],"version-history":[{"count":0,"href":"https:\/\/now-news.de\/de\/wp-json\/wp\/v2\/posts\/84322\/revisions"}],"wp:featuredmedia":[{"embeddable":true,"href":"https:\/\/now-news.de\/de\/wp-json\/wp\/v2\/media\/84323"}],"wp:attachment":[{"href":"https:\/\/now-news.de\/de\/wp-json\/wp\/v2\/media?parent=84322"}],"wp:term":[{"taxonomy":"category","embeddable":true,"href":"https:\/\/now-news.de\/de\/wp-json\/wp\/v2\/categories?post=84322"},{"taxonomy":"post_tag","embeddable":true,"href":"https:\/\/now-news.de\/de\/wp-json\/wp\/v2\/tags?post=84322"}],"curies":[{"name":"wp","href":"https:\/\/api.w.org\/{rel}","templated":true}]}}