{"id":84304,"date":"2025-05-23T12:56:52","date_gmt":"2025-05-23T10:56:52","guid":{"rendered":"https:\/\/now-news.de\/de\/deutschland\/zum-teil-sehr-laestig-merkel-kritisiert-verschaerfte-grenzkontrollen\/"},"modified":"2025-05-23T12:56:52","modified_gmt":"2025-05-23T10:56:52","slug":"zum-teil-sehr-laestig-merkel-kritisiert-verschaerfte-grenzkontrollen","status":"publish","type":"post","link":"https:\/\/now-news.de\/de\/deutschland\/zum-teil-sehr-laestig-merkel-kritisiert-verschaerfte-grenzkontrollen\/","title":{"rendered":"&quot;Zum Teil sehr l\u00e4stig&quot; \u2013 Merkel kritisiert &quot;versch\u00e4rfte Grenzkontrollen&quot;"},"content":{"rendered":"<p><img decoding=\"async\" src=\"https:\/\/now-news.de\/de\/wp-content\/uploads\/sites\/3\/2025\/05\/6830285648fbef121f42e484.jpg\" \/><\/p>\n<div class=\"Text-root Text-type_1 \">\n                Vor 900 Zuh\u00f6rern im baden-w\u00fcrttembergischen Neu-Ulm las Ex-Kanzlerin Angela Merkel aus ihrer Biografie &#8220;Freiheit&#8221;. In einem anschlie\u00dfenden Gespr\u00e4ch mit dem Veranstalter \u00e4u\u00dferte Merkel wenig Verst\u00e4ndnis f\u00fcr die Migrations- und Grenzpolitik der aktuellen Gro\u00dfen Koalition.\n            <\/div>\n<p><\/p>\n<div class=\"Text-root Text-type_5 ArticleView-text ViewText-root \">\n<p>Ex-Bundeskanzlerin Angela Merkel befand sich dieser Tage wieder auf bewerbender Lesetour f\u00fcr ihre 700-seitige Biografie mit dem Titel: &#8220;Freiheit&#8221;. Auf Einladung der\u00a0<em>S\u00fcdwest Presse<\/em>\u00a0las Merkel gestern vor 900 Zuh\u00f6rern in der baden-w\u00fcrttembergischen Stadt Neu-Ulm. Laut\u00a0<a rel=\"nofollow noopener\" target=\"_blank\" href=\"https:\/\/www.welt.de\/politik\/deutschland\/article256156736\/angela-merkel-kritisiert-bundesregierung-fuer-verschaerfte-grenzkontrollen.html\">Artikel<\/a>\u00a0der\u00a0<em>Welt<\/em>-Zeitung \u00e4u\u00dferte Merkel in einem anschlie\u00dfenden Gespr\u00e4ch mit dem\u00a0Chefredakteur der\u00a0<em>S\u00fcdwest Presse\u00a0<\/em>ihren Unmut zur aktuellen Migrationspolitik der Gro\u00dfen Koalition, damit auch an ihrer Partei CDU. Ihre Kritik lautete, dass permanente Grenzkontrollen &#8220;uns die Freiz\u00fcgigkeit in der EU kosten&#8221;.<\/p>\n<p>Ex-Bundeskanzlerin Merkel wird weiterhin, auch nach dem Ende ihrer politischen Karriere, vordergr\u00fcndig mit ihrer Asylpolitik der offenen Grenzen und der Aussage: &#8220;Wir schaffen das&#8221; im Jahr 2015 in Verbindung gebracht werden. Ihre politischen Memoiren in Buchform wurden im Herbst 2024 ver\u00f6ffentlicht, seitdem finden regelm\u00e4\u00dfige Lesungen statt. Bei der gestrigen Veranstaltung war auch ein Gr\u00fcnen-Politiker vor Ort, der den Gespr\u00e4chsausschnitt zum Thema Grenzkontrollen dokumentierte und auf X ver\u00f6ffentlichte. Merkel erkl\u00e4rte w\u00f6rtlich:<\/p>\n<p><em>&#8220;Ich glaube nicht, dass wir die illegale Migration an der deutsch-\u00f6sterreichischen oder deutsch-polnischen Grenze abschlie\u00dfend bek\u00e4mpfen k\u00f6nnen, sondern ich habe mich immer f\u00fcr europ\u00e4ische L\u00f6sungen eingesetzt. Die Wahrheit ist, das dauert ewig und sehr lange.&#8221;<\/em><\/p>\n<div class=\"EmbedBlock-root EmbedBlock-twitter\">\n<div class=\"TwitterEmbed\">\n<blockquote class=\"twitter-tweet lazyload\" data-twitter=\"twitter-tweet\" data-media-max-width=\"560\">\n<p lang=\"de\" dir=\"ltr\">&#8220;Wenn die Grenzkontrollen permanenter Zustand werden, wird uns das die Freiz\u00fcgigkeit in der EU kosten.&#8221; &#8211; Angela Merkel gestern.Die Regierung fliegt bei Grenzkontrollen blind und antieurop\u00e4isch. Schwarz-Rot greift damit die europ\u00e4ische Einigung massiv an. <a rel=\"nofollow noopener\" target=\"_blank\" href=\"https:\/\/t.co\/eEWopVBefP\">pic.twitter.com\/eEWopVBefP<\/a><\/p>\n<p>\u2014 Marcel Emmerich (@herr_emmerich) <a rel=\"nofollow noopener\" target=\"_blank\" href=\"https:\/\/twitter.com\/herr_emmerich\/status\/1925503309474943052?ref_src=twsrc%5Etfw\">May 22, 2025<\/a><\/p><\/blockquote>\n<\/div>\n<\/div>\n<p>Laut Merkel m\u00fcssten &#8220;wir&#8221; uns daher weiterhin auf &#8220;den Au\u00dfengrenzschutz fokussieren&#8221;, da man in Europa &#8220;vorangekommen sei&#8221;. Und weiter:<\/p>\n<p><em>&#8220;Alles andere wird uns letztlich, wenn es permanenter Zustand wird, Schengen kosten, also die Freiz\u00fcgigkeit in der Europ\u00e4ischen Union.&#8221;<\/em><\/p>\n<p>Merkel monierte zudem, dass f\u00fcr sie die Kontrollen an deutsch-polnischen Grenzpunkten &#8220;zum Teil sehr l\u00e4stig&#8221; w\u00e4ren. Dazu hei\u00dft es im\u00a0<em>Welt<\/em>-Artikel:<\/p>\n<p><em>&#8220;Die 70-J\u00e4hrige, die in der Uckermark ein Ferienhaus hat, berichtete, dass sie viele Leute kenne, die inzwischen nicht mehr ins polnische Stettin fahren w\u00fcrden, weil die Grenzkontrollen zu unbequem seien.&#8221;<\/em><\/p>\n<p>Im Verlauf des Gespr\u00e4chs hie\u00df es dann weiter seitens der Politpension\u00e4rin, mit einer &#8220;Empfehlung&#8221; an die aktuelle Bundesregierung gerichtet:<\/p>\n<p><em>&#8220;Ich pl\u00e4diere f\u00fcr europ\u00e4ische L\u00f6sungen, weil wir ansonsten erleben k\u00f6nnten, dass uns Europa kaputt gemacht wird, und das m\u00f6chte ich nicht. Und ich hoffe, dass das die neue Bundesregierung auch nicht m\u00f6chte.&#8221;<\/em><\/p>\n<p>F\u00fcr Angela Merkel steht demnach fest, dass &#8220;die AfD die freiheitlich-demokratische Ordnung infrage stellt&#8221;. Weiter hei\u00dft es in dem Artikel der\u00a0<em>S\u00fcdwest Presse<\/em>\u00a0(<em>SWP<\/em>) zu dem Gespr\u00e4ch (Bezahlschranke):<\/p>\n<p><em>&#8220;Sie [die AfD] versuche, das Volk zu spalten. Und in der Auseinandersetzung &#8216;zwingt sie uns, selbstverst\u00e4ndlich gewordene Dinge wie die Unabh\u00e4ngigkeit der Gerichte und die Freiheit der Presse zu erkl\u00e4ren&#8217;. Mit Blick in den Saal stellte [Chefredakteur] Ulrich Becker fest, dass die fr\u00fchere Kanzlerin auch viele junge Menschen begeistert.&#8221;<\/em><\/p>\n<p>Die verantwortliche Redaktion der<em>\u00a0S\u00fcdwest Presse\u00a0<\/em>war von der Veranstaltung mehr als begeistert, um in dem Artikel final zu berichten:<\/p>\n<p><em>&#8220;Wie gebannt verfolgten die Menschen im vollbesetzten Saal die Ausf\u00fchrungen bis zum Schluss. Es gab immer wieder langanhaltenden Applaus und zum Schluss um kurz nach halb neun Standing Ovations.&#8221;<\/em><\/p>\n<p>Ein weiterer\u00a0<em>SWP<\/em>-Artikel informiert erg\u00e4nzend w\u00f6rtlich zur Veranstaltung vom gestrigen Abend (Bezahlschranke):<\/p>\n<p><em>&#8220;Und dann ist da noch dieser Moment, den man getrost als feierlich beschreiben kann. Da drau\u00dfen in der Welt mag das Chaos toben, drinnen im Saal breitet Merkel einen w\u00e4rmenden Mantel \u00fcber ihr Publikum aus, bietet, was viele vermissen: einen moralischen Kompass. &#8216;Wahre Freiheit&#8217;, sagt sie, sei &#8216;nicht allein auf den eigenen Vorteil ausgerichtet. Sie kennt Hemmungen und Skrupel. Sie zeigt sich in der Verantwortung f\u00fcr den N\u00e4chsten, f\u00fcr die Gemeinschaft&#8217;. Ohne Demokratie gebe es keine Freiheit, &#8216;deshalb m\u00fcssen wir unsere Demokratie gegen die verteidigen, die sie bedrohen&#8217;. Der Applaus, hier, an diesem Abend, er ist ihr sicher.&#8221;<\/em><\/p>\n<p><strong>Mehr zum Thema &#8211;<\/strong>\u00a0<a rel=\"nofollow noopener\" target=\"_blank\" href=\"https:\/\/freedert.online\/inland\/245408-bundesinnenminister-dobrindt-will-verschaerfte-zurueckweisung\/\">Bundesinnenminister Dobrindt will versch\u00e4rfte Zur\u00fcckweisung von Asylsuchenden vor der EU begr\u00fcnden<\/a><em><br \/><\/em><\/p>\n<div class=\"EmbedBlock-root EmbedBlock-externalVideo EmbedBlock-rumble\">\n<div class=\"VkEmbed\"><iframe class=\"lazyload\" data-src=\"https:\/\/rumble.com\/embed\/v6qmsin\" frameborder=\"0\" width=\"853\" height=\"480\" allowfullscreen><\/iframe><\/div>\n<\/div>\n<\/div>\n<p><script async src=\"https:\/\/platform.twitter.com\/widgets.js\" charset=\"utf-8\"><\/script><br \/>\n<br \/><br \/>\n<br \/><a href=\"https:\/\/de.rt.com\/inland\/245744-zum-teil-sehr-laestig-merkel\/\">Source link <\/a><\/p>\n","protected":false},"excerpt":{"rendered":"<p>Vor 900 Zuh\u00f6rern im baden-w\u00fcrttembergischen Neu-Ulm las Ex-Kanzlerin Angela Merkel aus ihrer Biografie &#8220;Freiheit&#8221;. In einem anschlie\u00dfenden Gespr\u00e4ch mit dem Veranstalter \u00e4u\u00dferte Merkel wenig Verst\u00e4ndnis f\u00fcr die Migrations- und Grenzpolitik der aktuellen Gro\u00dfen Koalition. Ex-Bundeskanzlerin Angela Merkel befand sich dieser Tage wieder auf bewerbender Lesetour f\u00fcr ihre 700-seitige Biografie mit dem Titel: &#8220;Freiheit&#8221;. Auf Einladung [&hellip;]<\/p>\n","protected":false},"author":3,"featured_media":84305,"comment_status":"open","ping_status":"open","sticky":false,"template":"","format":"standard","meta":{"_yoast_indexnow_last_ping":["1747998374"],"wp_automatic_camp":["217"],"bb82d1eed848c8159139855f4d947429":["&quot;Zum Teil sehr l\u00e4stig&quot; \u2013 Merkel kritisiert &quot;versch\u00e4rfte Grenzkontrollen&quot;"],"original_link":["https:\/\/de.rt.com\/inland\/245744-zum-teil-sehr-laestig-merkel\/"],"_thumbnail_id":["84305"],"jnews_social_counter_last_update":["1777230722"],"_wptgpro_p2tg_sent2tg":["a:1:{i:23737;s:19:\"2025-05-23 13:07:18\";}"]},"categories":[19,23],"tags":[65182,739,65180,55,65181,24376,1027,3240],"yoast_head":"<!-- This site is optimized with the Yoast SEO Premium plugin v22.7 (Yoast SEO v22.7) - https:\/\/yoast.com\/wordpress\/plugins\/seo\/ -->\n<title>&quot;Zum Teil sehr l\u00e4stig&quot; \u2013 Merkel kritisiert &quot;versch\u00e4rfte Grenzkontrollen&quot; - just-now.NEWS Deutschland<\/title>\n<meta name=\"robots\" content=\"index, follow, max-snippet:-1, max-image-preview:large, max-video-preview:-1\" \/>\n<link rel=\"canonical\" href=\"https:\/\/now-news.de\/de\/deutschland\/zum-teil-sehr-laestig-merkel-kritisiert-verschaerfte-grenzkontrollen\/\" \/>\n<meta property=\"og:locale\" content=\"de_DE\" \/>\n<meta property=\"og:type\" content=\"article\" \/>\n<meta property=\"og:title\" content=\"&quot;Zum Teil sehr l\u00e4stig&quot; \u2013 Merkel kritisiert &quot;versch\u00e4rfte Grenzkontrollen&quot;\" \/>\n<meta property=\"og:description\" content=\"Vor 900 Zuh\u00f6rern im baden-w\u00fcrttembergischen Neu-Ulm las Ex-Kanzlerin Angela Merkel aus ihrer Biografie &#8220;Freiheit&#8221;. In einem anschlie\u00dfenden Gespr\u00e4ch mit dem Veranstalter \u00e4u\u00dferte Merkel wenig Verst\u00e4ndnis f\u00fcr die Migrations- und Grenzpolitik der aktuellen Gro\u00dfen Koalition. Ex-Bundeskanzlerin Angela Merkel befand sich dieser Tage wieder auf bewerbender Lesetour f\u00fcr ihre 700-seitige Biografie mit dem Titel: &#8220;Freiheit&#8221;. Auf Einladung [&hellip;]\" \/>\n<meta property=\"og:url\" content=\"https:\/\/now-news.de\/de\/deutschland\/zum-teil-sehr-laestig-merkel-kritisiert-verschaerfte-grenzkontrollen\/\" \/>\n<meta property=\"og:site_name\" content=\"just-now.NEWS Deutschland\" \/>\n<meta property=\"article:publisher\" content=\"https:\/\/www.facebook.com\/wirmachenauf\" \/>\n<meta property=\"article:published_time\" content=\"2025-05-23T10:56:52+00:00\" \/>\n<meta property=\"og:image\" content=\"https:\/\/now-news.de\/de\/wp-content\/uploads\/sites\/3\/2025\/05\/6830285648fbef121f42e484.jpg\" \/>\n<meta name=\"author\" content=\"rtnews\" \/>\n<meta name=\"twitter:card\" content=\"summary_large_image\" \/>\n<meta name=\"twitter:creator\" content=\"@WirMachenAuf_de\" \/>\n<meta name=\"twitter:site\" content=\"@WirMachenAuf_de\" \/>\n<meta name=\"twitter:label1\" content=\"Verfasst von\" \/>\n\t<meta name=\"twitter:data1\" content=\"rtnews\" \/>\n\t<meta name=\"twitter:label2\" content=\"Gesch\u00e4tzte Lesezeit\" \/>\n\t<meta name=\"twitter:data2\" content=\"4\u00a0Minuten\" \/>\n<script type=\"application\/ld+json\" class=\"yoast-schema-graph\">{\"@context\":\"https:\/\/schema.org\",\"@graph\":[{\"@type\":\"Article\",\"@id\":\"https:\/\/now-news.de\/de\/deutschland\/zum-teil-sehr-laestig-merkel-kritisiert-verschaerfte-grenzkontrollen\/#article\",\"isPartOf\":{\"@id\":\"https:\/\/now-news.de\/de\/deutschland\/zum-teil-sehr-laestig-merkel-kritisiert-verschaerfte-grenzkontrollen\/\"},\"author\":{\"name\":\"rtnews\",\"@id\":\"https:\/\/now-news.de\/de\/#\/schema\/person\/fb534a4e865501d8b3285208df34a9b5\"},\"headline\":\"&quot;Zum Teil sehr l\u00e4stig&quot; \u2013 Merkel kritisiert &quot;versch\u00e4rfte Grenzkontrollen&quot;\",\"datePublished\":\"2025-05-23T10:56:52+00:00\",\"dateModified\":\"2025-05-23T10:56:52+00:00\",\"mainEntityOfPage\":{\"@id\":\"https:\/\/now-news.de\/de\/deutschland\/zum-teil-sehr-laestig-merkel-kritisiert-verschaerfte-grenzkontrollen\/\"},\"wordCount\":741,\"commentCount\":0,\"publisher\":{\"@id\":\"https:\/\/now-news.de\/de\/#organization\"},\"image\":{\"@id\":\"https:\/\/now-news.de\/de\/deutschland\/zum-teil-sehr-laestig-merkel-kritisiert-verschaerfte-grenzkontrollen\/#primaryimage\"},\"thumbnailUrl\":\"https:\/\/now-news.de\/de\/wp-content\/uploads\/sites\/3\/2025\/05\/quotZum-Teil-sehr-laestigquot-\u2013-Merkel-kritisiert-quotverschaerfte-Grenzkontrollenquot.jpg\",\"keywords\":[\"Grenzkontrollenquot\",\"kritisiert\",\"l\u00e4stigquot\",\"Merkel\",\"quotversch\u00e4rfte\",\"quotzum\",\"Sehr\",\"Teil\"],\"articleSection\":[\"Deutschland\",\"Russland\"],\"inLanguage\":\"de\",\"potentialAction\":[{\"@type\":\"CommentAction\",\"name\":\"Comment\",\"target\":[\"https:\/\/now-news.de\/de\/deutschland\/zum-teil-sehr-laestig-merkel-kritisiert-verschaerfte-grenzkontrollen\/#respond\"]}]},{\"@type\":\"WebPage\",\"@id\":\"https:\/\/now-news.de\/de\/deutschland\/zum-teil-sehr-laestig-merkel-kritisiert-verschaerfte-grenzkontrollen\/\",\"url\":\"https:\/\/now-news.de\/de\/deutschland\/zum-teil-sehr-laestig-merkel-kritisiert-verschaerfte-grenzkontrollen\/\",\"name\":\"&quot;Zum Teil sehr l\u00e4stig&quot; \u2013 Merkel kritisiert &quot;versch\u00e4rfte Grenzkontrollen&quot; - just-now.NEWS Deutschland\",\"isPartOf\":{\"@id\":\"https:\/\/now-news.de\/de\/#website\"},\"primaryImageOfPage\":{\"@id\":\"https:\/\/now-news.de\/de\/deutschland\/zum-teil-sehr-laestig-merkel-kritisiert-verschaerfte-grenzkontrollen\/#primaryimage\"},\"image\":{\"@id\":\"https:\/\/now-news.de\/de\/deutschland\/zum-teil-sehr-laestig-merkel-kritisiert-verschaerfte-grenzkontrollen\/#primaryimage\"},\"thumbnailUrl\":\"https:\/\/now-news.de\/de\/wp-content\/uploads\/sites\/3\/2025\/05\/quotZum-Teil-sehr-laestigquot-\u2013-Merkel-kritisiert-quotverschaerfte-Grenzkontrollenquot.jpg\",\"datePublished\":\"2025-05-23T10:56:52+00:00\",\"dateModified\":\"2025-05-23T10:56:52+00:00\",\"breadcrumb\":{\"@id\":\"https:\/\/now-news.de\/de\/deutschland\/zum-teil-sehr-laestig-merkel-kritisiert-verschaerfte-grenzkontrollen\/#breadcrumb\"},\"inLanguage\":\"de\",\"potentialAction\":[{\"@type\":\"ReadAction\",\"target\":[\"https:\/\/now-news.de\/de\/deutschland\/zum-teil-sehr-laestig-merkel-kritisiert-verschaerfte-grenzkontrollen\/\"]}]},{\"@type\":\"ImageObject\",\"inLanguage\":\"de\",\"@id\":\"https:\/\/now-news.de\/de\/deutschland\/zum-teil-sehr-laestig-merkel-kritisiert-verschaerfte-grenzkontrollen\/#primaryimage\",\"url\":\"https:\/\/now-news.de\/de\/wp-content\/uploads\/sites\/3\/2025\/05\/quotZum-Teil-sehr-laestigquot-\u2013-Merkel-kritisiert-quotverschaerfte-Grenzkontrollenquot.jpg\",\"contentUrl\":\"https:\/\/now-news.de\/de\/wp-content\/uploads\/sites\/3\/2025\/05\/quotZum-Teil-sehr-laestigquot-\u2013-Merkel-kritisiert-quotverschaerfte-Grenzkontrollenquot.jpg\",\"width\":460,\"height\":259,\"caption\":\"&quot;Zum Teil sehr l\u00e4stig&quot; \u2013 Merkel kritisiert &quot;versch\u00e4rfte Grenzkontrollen&quot;\"},{\"@type\":\"BreadcrumbList\",\"@id\":\"https:\/\/now-news.de\/de\/deutschland\/zum-teil-sehr-laestig-merkel-kritisiert-verschaerfte-grenzkontrollen\/#breadcrumb\",\"itemListElement\":[{\"@type\":\"ListItem\",\"position\":1,\"name\":\"Home\",\"item\":\"https:\/\/now-news.de\/de\/\"},{\"@type\":\"ListItem\",\"position\":2,\"name\":\"&quot;Zum Teil sehr l\u00e4stig&quot; \u2013 Merkel kritisiert &quot;versch\u00e4rfte Grenzkontrollen&quot;\"}]},{\"@type\":\"WebSite\",\"@id\":\"https:\/\/now-news.de\/de\/#website\",\"url\":\"https:\/\/now-news.de\/de\/\",\"name\":\"just-now.NEWS Deutschland\",\"description\":\"Das Portal f\u00fcr unzensierte Nachrichten aus der Welt\",\"publisher\":{\"@id\":\"https:\/\/now-news.de\/de\/#organization\"},\"potentialAction\":[{\"@type\":\"SearchAction\",\"target\":{\"@type\":\"EntryPoint\",\"urlTemplate\":\"https:\/\/now-news.de\/de\/?s={search_term_string}\"},\"query-input\":\"required name=search_term_string\"}],\"inLanguage\":\"de\"},{\"@type\":\"Organization\",\"@id\":\"https:\/\/now-news.de\/de\/#organization\",\"name\":\"Just Now News\",\"url\":\"https:\/\/now-news.de\/de\/\",\"logo\":{\"@type\":\"ImageObject\",\"inLanguage\":\"de\",\"@id\":\"https:\/\/now-news.de\/de\/#\/schema\/logo\/image\/\",\"url\":\"http:\/\/just-now.news\/de\/wp-content\/uploads\/sites\/3\/2022\/04\/logo500x500.jpg\",\"contentUrl\":\"http:\/\/just-now.news\/de\/wp-content\/uploads\/sites\/3\/2022\/04\/logo500x500.jpg\",\"width\":500,\"height\":500,\"caption\":\"Just Now News\"},\"image\":{\"@id\":\"https:\/\/now-news.de\/de\/#\/schema\/logo\/image\/\"},\"sameAs\":[\"https:\/\/www.facebook.com\/wirmachenauf\",\"https:\/\/x.com\/WirMachenAuf_de\"]},{\"@type\":\"Person\",\"@id\":\"https:\/\/now-news.de\/de\/#\/schema\/person\/fb534a4e865501d8b3285208df34a9b5\",\"name\":\"rtnews\",\"image\":{\"@type\":\"ImageObject\",\"inLanguage\":\"de\",\"@id\":\"https:\/\/now-news.de\/de\/#\/schema\/person\/image\/\",\"url\":\"https:\/\/secure.gravatar.com\/avatar\/82aafea7d8127119dd649515f56e2117?s=96&d=mm&r=g\",\"contentUrl\":\"https:\/\/secure.gravatar.com\/avatar\/82aafea7d8127119dd649515f56e2117?s=96&d=mm&r=g\",\"caption\":\"rtnews\"},\"url\":\"https:\/\/now-news.de\/de\/author\/rnews\/\"}]}<\/script>\n<!-- \/ Yoast SEO Premium plugin. -->","yoast_head_json":{"title":"&quot;Zum Teil sehr l\u00e4stig&quot; \u2013 Merkel kritisiert &quot;versch\u00e4rfte Grenzkontrollen&quot; - just-now.NEWS Deutschland","robots":{"index":"index","follow":"follow","max-snippet":"max-snippet:-1","max-image-preview":"max-image-preview:large","max-video-preview":"max-video-preview:-1"},"canonical":"https:\/\/now-news.de\/de\/deutschland\/zum-teil-sehr-laestig-merkel-kritisiert-verschaerfte-grenzkontrollen\/","og_locale":"de_DE","og_type":"article","og_title":"&quot;Zum Teil sehr l\u00e4stig&quot; \u2013 Merkel kritisiert &quot;versch\u00e4rfte Grenzkontrollen&quot;","og_description":"Vor 900 Zuh\u00f6rern im baden-w\u00fcrttembergischen Neu-Ulm las Ex-Kanzlerin Angela Merkel aus ihrer Biografie &#8220;Freiheit&#8221;. In einem anschlie\u00dfenden Gespr\u00e4ch mit dem Veranstalter \u00e4u\u00dferte Merkel wenig Verst\u00e4ndnis f\u00fcr die Migrations- und Grenzpolitik der aktuellen Gro\u00dfen Koalition. Ex-Bundeskanzlerin Angela Merkel befand sich dieser Tage wieder auf bewerbender Lesetour f\u00fcr ihre 700-seitige Biografie mit dem Titel: &#8220;Freiheit&#8221;. Auf Einladung [&hellip;]","og_url":"https:\/\/now-news.de\/de\/deutschland\/zum-teil-sehr-laestig-merkel-kritisiert-verschaerfte-grenzkontrollen\/","og_site_name":"just-now.NEWS Deutschland","article_publisher":"https:\/\/www.facebook.com\/wirmachenauf","article_published_time":"2025-05-23T10:56:52+00:00","og_image":[{"url":"https:\/\/now-news.de\/de\/wp-content\/uploads\/sites\/3\/2025\/05\/6830285648fbef121f42e484.jpg"}],"author":"rtnews","twitter_card":"summary_large_image","twitter_creator":"@WirMachenAuf_de","twitter_site":"@WirMachenAuf_de","twitter_misc":{"Verfasst von":"rtnews","Gesch\u00e4tzte Lesezeit":"4\u00a0Minuten"},"schema":{"@context":"https:\/\/schema.org","@graph":[{"@type":"Article","@id":"https:\/\/now-news.de\/de\/deutschland\/zum-teil-sehr-laestig-merkel-kritisiert-verschaerfte-grenzkontrollen\/#article","isPartOf":{"@id":"https:\/\/now-news.de\/de\/deutschland\/zum-teil-sehr-laestig-merkel-kritisiert-verschaerfte-grenzkontrollen\/"},"author":{"name":"rtnews","@id":"https:\/\/now-news.de\/de\/#\/schema\/person\/fb534a4e865501d8b3285208df34a9b5"},"headline":"&quot;Zum Teil sehr l\u00e4stig&quot; \u2013 Merkel kritisiert &quot;versch\u00e4rfte Grenzkontrollen&quot;","datePublished":"2025-05-23T10:56:52+00:00","dateModified":"2025-05-23T10:56:52+00:00","mainEntityOfPage":{"@id":"https:\/\/now-news.de\/de\/deutschland\/zum-teil-sehr-laestig-merkel-kritisiert-verschaerfte-grenzkontrollen\/"},"wordCount":741,"commentCount":0,"publisher":{"@id":"https:\/\/now-news.de\/de\/#organization"},"image":{"@id":"https:\/\/now-news.de\/de\/deutschland\/zum-teil-sehr-laestig-merkel-kritisiert-verschaerfte-grenzkontrollen\/#primaryimage"},"thumbnailUrl":"https:\/\/now-news.de\/de\/wp-content\/uploads\/sites\/3\/2025\/05\/quotZum-Teil-sehr-laestigquot-\u2013-Merkel-kritisiert-quotverschaerfte-Grenzkontrollenquot.jpg","keywords":["Grenzkontrollenquot","kritisiert","l\u00e4stigquot","Merkel","quotversch\u00e4rfte","quotzum","Sehr","Teil"],"articleSection":["Deutschland","Russland"],"inLanguage":"de","potentialAction":[{"@type":"CommentAction","name":"Comment","target":["https:\/\/now-news.de\/de\/deutschland\/zum-teil-sehr-laestig-merkel-kritisiert-verschaerfte-grenzkontrollen\/#respond"]}]},{"@type":"WebPage","@id":"https:\/\/now-news.de\/de\/deutschland\/zum-teil-sehr-laestig-merkel-kritisiert-verschaerfte-grenzkontrollen\/","url":"https:\/\/now-news.de\/de\/deutschland\/zum-teil-sehr-laestig-merkel-kritisiert-verschaerfte-grenzkontrollen\/","name":"&quot;Zum Teil sehr l\u00e4stig&quot; \u2013 Merkel kritisiert &quot;versch\u00e4rfte Grenzkontrollen&quot; - just-now.NEWS Deutschland","isPartOf":{"@id":"https:\/\/now-news.de\/de\/#website"},"primaryImageOfPage":{"@id":"https:\/\/now-news.de\/de\/deutschland\/zum-teil-sehr-laestig-merkel-kritisiert-verschaerfte-grenzkontrollen\/#primaryimage"},"image":{"@id":"https:\/\/now-news.de\/de\/deutschland\/zum-teil-sehr-laestig-merkel-kritisiert-verschaerfte-grenzkontrollen\/#primaryimage"},"thumbnailUrl":"https:\/\/now-news.de\/de\/wp-content\/uploads\/sites\/3\/2025\/05\/quotZum-Teil-sehr-laestigquot-\u2013-Merkel-kritisiert-quotverschaerfte-Grenzkontrollenquot.jpg","datePublished":"2025-05-23T10:56:52+00:00","dateModified":"2025-05-23T10:56:52+00:00","breadcrumb":{"@id":"https:\/\/now-news.de\/de\/deutschland\/zum-teil-sehr-laestig-merkel-kritisiert-verschaerfte-grenzkontrollen\/#breadcrumb"},"inLanguage":"de","potentialAction":[{"@type":"ReadAction","target":["https:\/\/now-news.de\/de\/deutschland\/zum-teil-sehr-laestig-merkel-kritisiert-verschaerfte-grenzkontrollen\/"]}]},{"@type":"ImageObject","inLanguage":"de","@id":"https:\/\/now-news.de\/de\/deutschland\/zum-teil-sehr-laestig-merkel-kritisiert-verschaerfte-grenzkontrollen\/#primaryimage","url":"https:\/\/now-news.de\/de\/wp-content\/uploads\/sites\/3\/2025\/05\/quotZum-Teil-sehr-laestigquot-\u2013-Merkel-kritisiert-quotverschaerfte-Grenzkontrollenquot.jpg","contentUrl":"https:\/\/now-news.de\/de\/wp-content\/uploads\/sites\/3\/2025\/05\/quotZum-Teil-sehr-laestigquot-\u2013-Merkel-kritisiert-quotverschaerfte-Grenzkontrollenquot.jpg","width":460,"height":259,"caption":"&quot;Zum Teil sehr l\u00e4stig&quot; \u2013 Merkel kritisiert &quot;versch\u00e4rfte Grenzkontrollen&quot;"},{"@type":"BreadcrumbList","@id":"https:\/\/now-news.de\/de\/deutschland\/zum-teil-sehr-laestig-merkel-kritisiert-verschaerfte-grenzkontrollen\/#breadcrumb","itemListElement":[{"@type":"ListItem","position":1,"name":"Home","item":"https:\/\/now-news.de\/de\/"},{"@type":"ListItem","position":2,"name":"&quot;Zum Teil sehr l\u00e4stig&quot; \u2013 Merkel kritisiert &quot;versch\u00e4rfte Grenzkontrollen&quot;"}]},{"@type":"WebSite","@id":"https:\/\/now-news.de\/de\/#website","url":"https:\/\/now-news.de\/de\/","name":"just-now.NEWS Deutschland","description":"Das Portal f\u00fcr unzensierte Nachrichten aus der Welt","publisher":{"@id":"https:\/\/now-news.de\/de\/#organization"},"potentialAction":[{"@type":"SearchAction","target":{"@type":"EntryPoint","urlTemplate":"https:\/\/now-news.de\/de\/?s={search_term_string}"},"query-input":"required name=search_term_string"}],"inLanguage":"de"},{"@type":"Organization","@id":"https:\/\/now-news.de\/de\/#organization","name":"Just Now News","url":"https:\/\/now-news.de\/de\/","logo":{"@type":"ImageObject","inLanguage":"de","@id":"https:\/\/now-news.de\/de\/#\/schema\/logo\/image\/","url":"http:\/\/just-now.news\/de\/wp-content\/uploads\/sites\/3\/2022\/04\/logo500x500.jpg","contentUrl":"http:\/\/just-now.news\/de\/wp-content\/uploads\/sites\/3\/2022\/04\/logo500x500.jpg","width":500,"height":500,"caption":"Just Now News"},"image":{"@id":"https:\/\/now-news.de\/de\/#\/schema\/logo\/image\/"},"sameAs":["https:\/\/www.facebook.com\/wirmachenauf","https:\/\/x.com\/WirMachenAuf_de"]},{"@type":"Person","@id":"https:\/\/now-news.de\/de\/#\/schema\/person\/fb534a4e865501d8b3285208df34a9b5","name":"rtnews","image":{"@type":"ImageObject","inLanguage":"de","@id":"https:\/\/now-news.de\/de\/#\/schema\/person\/image\/","url":"https:\/\/secure.gravatar.com\/avatar\/82aafea7d8127119dd649515f56e2117?s=96&d=mm&r=g","contentUrl":"https:\/\/secure.gravatar.com\/avatar\/82aafea7d8127119dd649515f56e2117?s=96&d=mm&r=g","caption":"rtnews"},"url":"https:\/\/now-news.de\/de\/author\/rnews\/"}]}},"_links":{"self":[{"href":"https:\/\/now-news.de\/de\/wp-json\/wp\/v2\/posts\/84304"}],"collection":[{"href":"https:\/\/now-news.de\/de\/wp-json\/wp\/v2\/posts"}],"about":[{"href":"https:\/\/now-news.de\/de\/wp-json\/wp\/v2\/types\/post"}],"author":[{"embeddable":true,"href":"https:\/\/now-news.de\/de\/wp-json\/wp\/v2\/users\/3"}],"replies":[{"embeddable":true,"href":"https:\/\/now-news.de\/de\/wp-json\/wp\/v2\/comments?post=84304"}],"version-history":[{"count":0,"href":"https:\/\/now-news.de\/de\/wp-json\/wp\/v2\/posts\/84304\/revisions"}],"wp:featuredmedia":[{"embeddable":true,"href":"https:\/\/now-news.de\/de\/wp-json\/wp\/v2\/media\/84305"}],"wp:attachment":[{"href":"https:\/\/now-news.de\/de\/wp-json\/wp\/v2\/media?parent=84304"}],"wp:term":[{"taxonomy":"category","embeddable":true,"href":"https:\/\/now-news.de\/de\/wp-json\/wp\/v2\/categories?post=84304"},{"taxonomy":"post_tag","embeddable":true,"href":"https:\/\/now-news.de\/de\/wp-json\/wp\/v2\/tags?post=84304"}],"curies":[{"name":"wp","href":"https:\/\/api.w.org\/{rel}","templated":true}]}}