{"id":84282,"date":"2025-05-22T21:46:07","date_gmt":"2025-05-22T19:46:07","guid":{"rendered":"https:\/\/now-news.de\/de\/deutschland\/ukraine-kononowitsch-brueder-samt-anwalt-zwangsmobilisiert\/"},"modified":"2025-05-22T21:46:07","modified_gmt":"2025-05-22T19:46:07","slug":"ukraine-kononowitsch-brueder-samt-anwalt-zwangsmobilisiert","status":"publish","type":"post","link":"https:\/\/now-news.de\/de\/deutschland\/ukraine-kononowitsch-brueder-samt-anwalt-zwangsmobilisiert\/","title":{"rendered":"Ukraine: Kononowitsch-Br\u00fcder samt Anwalt zwangsmobilisiert"},"content":{"rendered":"<p><img decoding=\"async\" src=\"https:\/\/now-news.de\/de\/wp-content\/uploads\/sites\/3\/2025\/05\/682f531ab480cc585350af25.JPG\" \/><\/p>\n<div class=\"Text-root Text-type_1 \">\n                Anders als Tausende in der Ukraine f\u00fcr ihre \u00dcberzeugungen Verfolgte haben die Br\u00fcder Kononowitsch im Westen mit ihrem Verfolgungsschicksal zumindest in linken Kreisen eine gewisse Bekanntheit. Am Donnerstag teilten sie mit, dass sie \u2013 und ihr Anwalt \u2013 zwangsweise an die Front mobilisiert werden.\n            <\/div>\n<p><\/p>\n<div class=\"Text-root Text-type_5 ArticleView-text ViewText-root \">\n<p>In Kiew wurden am Donnerstag offenbar die beiden in linken Kreisen Europas bekannten Gebr\u00fcder Kononowitsch (in Deutschland vor allem in der englischen Transliteration Kononovich bekannt) von Zwangsrekrutierern des Selenskij-Regimes festgenommen und sollen an die Front zwangsbeordert werden. Das teilten die beiden M\u00e4nner, die Mitglieder der verbotenen Kommunistischen Partei der Ukraine und ihrer Jugendorganisation sind, in einem in sozialen Netzwerken verbreiteten Video mit.<\/p>\n<p>Der Zugriff soll erfolgt sein, als die Kononowitschs dabei waren, ein Krankenhaus aufzusuchen. Auch der Anwalt der beiden, der ihnen nach der Abf\u00fchrung zum Beistand geeilt war, soll den Angaben im Video zufolge festgenommen und in ein anderes Rekrutierungszentrum in der ukrainischen Hauptstadt verbracht worden sein.<\/p>\n<p>Die Br\u00fcder sind \u00fcberzeugt, dass das Selenskij-Regime sie auf diese Weise umbringen will: entweder im Kampfeinsatz oder durch gezielte Ermordung im Hinterland.<\/p>\n<p>Alexander und Michail werden wegen ihrer kommunistischen \u00dcberzeugungen seit 2014 staatlich sowie von gewaltbereiten Rechtsradikalen bedroht und verfolgt. Nachdem sie seit Anfang 2022 in Untersuchungshaft gewesen waren, gelang es dank der internationalen Aufmerksamkeit, die ihr Fall in europ\u00e4ischen linken und kommunistischen Kreisen erlangte, dass das Gericht die Haft nach\u00a0eineinhalb Jahren Hauptverhandlung, bei der immer noch kein Ende absehbar ist, durch Hausarrest kombiniert mit \u00dcberwachung durch elektronische Fu\u00dffesseln ersetzte.<\/p>\n<p>Schon im M\u00e4rz gab es <a rel=\"nofollow noopener\" target=\"_blank\" href=\"https:\/\/freedert.online\/europa\/238563-kprf-abgeordneter-appelliert-an-weltoeffentlichkeit\/\">Hinweise<\/a> darauf, dass die Kononowitsch-Br\u00fcder als &#8220;Wehrdienstverweigerer&#8221; zur Fahndung ausgeschrieben sind.<\/p>\n<p>Die Kommunistische Partei der Ukraine (KPU), die bis 2014 durchg\u00e4ngig im ukrainischen Parlament vertreten war und bei den letzten freien Wahlen 2012 noch 13,18\u00a0Prozent der Stimmen holte, konnte seitdem bei Wahlen nicht mehr frei wirken. Ihr wurde der Zugang zu Massenmedien verwehrt, in denen seitdem massiv antikommunistische und antirussische Propaganda betrieben wird. Ihre Wahlk\u00e4mpfer wurden auf den Stra\u00dfen angegriffen, verpr\u00fcgelt und teilweise verhaftet.<\/p>\n<p>Am 16.\u00a0Dezember 2015 beschloss das Bezirksverwaltungsgericht Kiew das Verbot der KPU auf dem Gebiet der Ukraine, nachdem ihr schon zuvor die T\u00e4tigkeit\u00a0<a rel=\"nofollow noopener\" target=\"_blank\" href=\"https:\/\/test.rtde.tech\/23788\/international\/ukraine-verbietet-ohne-gerichtsbeschluss-die-kommunistische-partei-weitere-parteienverbote-befuerchtet\/\">ohne Gerichtsbeschluss<\/a>\u00a0untersagt worden war. Ihr Vorsitzender Petro Simonenko wurde zur\u00a0Pr\u00e4sidentschaftswahl 2019\u00a0als Kandidat nicht zugelassen.<\/p>\n<p>Unter deutschen Parteien hatten sich diverse kommunistische Organisationen, darunter DKP und KPD (Ost), mit der KPU solidarisiert. Die Partei Die Linke verweigerte dagegen weitgehend jede Solidarit\u00e4tsbekundung.<\/p>\n<p>Im Fr\u00fchjahr\u00a02022 lie\u00df Selenskij so gut wie alle Oppositionsparteien des nichtnationalistischen Spektrums in der Ukraine verbieten, nachdem bereits im Jahr 2021 nacheinander mehrere Oppositionsmedien verboten und abgeschaltet worden waren.<\/p>\n<p><strong>Mehr zum Thema \u2013\u00a0<\/strong><a rel=\"nofollow noopener\" target=\"_blank\" href=\"https:\/\/freedert.online\/europa\/238563-kprf-abgeordneter-appelliert-an-weltoeffentlichkeit\/\">KPRF-Abgeordneter appelliert an Welt\u00f6ffentlichkeit: Kononowitsch-Br\u00fcder in Lebensgefahr<\/a><\/p>\n<\/div>\n<p><br \/>\n<br \/><a href=\"https:\/\/de.rt.com\/international\/245706-ukraine-kononovich-brueder-samt-anwalt-zwangsmobilisiert\/\">Source link <\/a><\/p>\n","protected":false},"excerpt":{"rendered":"<p>Anders als Tausende in der Ukraine f\u00fcr ihre \u00dcberzeugungen Verfolgte haben die Br\u00fcder Kononowitsch im Westen mit ihrem Verfolgungsschicksal zumindest in linken Kreisen eine gewisse Bekanntheit. Am Donnerstag teilten sie mit, dass sie \u2013 und ihr Anwalt \u2013 zwangsweise an die Front mobilisiert werden. In Kiew wurden am Donnerstag offenbar die beiden in linken Kreisen [&hellip;]<\/p>\n","protected":false},"author":3,"featured_media":84283,"comment_status":"open","ping_status":"open","sticky":false,"template":"","format":"standard","meta":{"_yoast_indexnow_last_ping":["1747943348"],"wp_automatic_camp":["217"],"cd3714e8c3267fcd92ec29d4788cf763":["Ukraine: Kononowitsch-Br\u00fcder samt Anwalt zwangsmobilisiert"],"original_link":["https:\/\/de.rt.com\/international\/245706-ukraine-kononovich-brueder-samt-anwalt-zwangsmobilisiert\/"],"_thumbnail_id":["84283"],"jnews_social_counter_last_update":["1777336245"],"_wptgpro_p2tg_sent2tg":["a:1:{i:23737;s:19:\"2025-05-22 21:50:09\";}"]},"categories":[19,23],"tags":[12607,63194,21070,127,65173],"yoast_head":"<!-- This site is optimized with the Yoast SEO Premium plugin v22.7 (Yoast SEO v22.7) - https:\/\/yoast.com\/wordpress\/plugins\/seo\/ -->\n<title>Ukraine: Kononowitsch-Br\u00fcder samt Anwalt zwangsmobilisiert - just-now.NEWS Deutschland<\/title>\n<meta name=\"robots\" content=\"index, follow, max-snippet:-1, max-image-preview:large, max-video-preview:-1\" \/>\n<link rel=\"canonical\" href=\"https:\/\/now-news.de\/de\/deutschland\/ukraine-kononowitsch-brueder-samt-anwalt-zwangsmobilisiert\/\" \/>\n<meta property=\"og:locale\" content=\"de_DE\" \/>\n<meta property=\"og:type\" content=\"article\" \/>\n<meta property=\"og:title\" content=\"Ukraine: Kononowitsch-Br\u00fcder samt Anwalt zwangsmobilisiert\" \/>\n<meta property=\"og:description\" content=\"Anders als Tausende in der Ukraine f\u00fcr ihre \u00dcberzeugungen Verfolgte haben die Br\u00fcder Kononowitsch im Westen mit ihrem Verfolgungsschicksal zumindest in linken Kreisen eine gewisse Bekanntheit. Am Donnerstag teilten sie mit, dass sie \u2013 und ihr Anwalt \u2013 zwangsweise an die Front mobilisiert werden. In Kiew wurden am Donnerstag offenbar die beiden in linken Kreisen [&hellip;]\" \/>\n<meta property=\"og:url\" content=\"https:\/\/now-news.de\/de\/deutschland\/ukraine-kononowitsch-brueder-samt-anwalt-zwangsmobilisiert\/\" \/>\n<meta property=\"og:site_name\" content=\"just-now.NEWS Deutschland\" \/>\n<meta property=\"article:publisher\" content=\"https:\/\/www.facebook.com\/wirmachenauf\" \/>\n<meta property=\"article:published_time\" content=\"2025-05-22T19:46:07+00:00\" \/>\n<meta property=\"og:image\" content=\"https:\/\/now-news.de\/de\/wp-content\/uploads\/sites\/3\/2025\/05\/682f531ab480cc585350af25.JPG\" \/>\n<meta name=\"author\" content=\"rtnews\" \/>\n<meta name=\"twitter:card\" content=\"summary_large_image\" \/>\n<meta name=\"twitter:creator\" content=\"@WirMachenAuf_de\" \/>\n<meta name=\"twitter:site\" content=\"@WirMachenAuf_de\" \/>\n<meta name=\"twitter:label1\" content=\"Verfasst von\" \/>\n\t<meta name=\"twitter:data1\" content=\"rtnews\" \/>\n\t<meta name=\"twitter:label2\" content=\"Gesch\u00e4tzte Lesezeit\" \/>\n\t<meta name=\"twitter:data2\" content=\"2\u00a0Minuten\" \/>\n<script type=\"application\/ld+json\" class=\"yoast-schema-graph\">{\"@context\":\"https:\/\/schema.org\",\"@graph\":[{\"@type\":\"Article\",\"@id\":\"https:\/\/now-news.de\/de\/deutschland\/ukraine-kononowitsch-brueder-samt-anwalt-zwangsmobilisiert\/#article\",\"isPartOf\":{\"@id\":\"https:\/\/now-news.de\/de\/deutschland\/ukraine-kononowitsch-brueder-samt-anwalt-zwangsmobilisiert\/\"},\"author\":{\"name\":\"rtnews\",\"@id\":\"https:\/\/now-news.de\/de\/#\/schema\/person\/fb534a4e865501d8b3285208df34a9b5\"},\"headline\":\"Ukraine: Kononowitsch-Br\u00fcder samt Anwalt zwangsmobilisiert\",\"datePublished\":\"2025-05-22T19:46:07+00:00\",\"dateModified\":\"2025-05-22T19:46:07+00:00\",\"mainEntityOfPage\":{\"@id\":\"https:\/\/now-news.de\/de\/deutschland\/ukraine-kononowitsch-brueder-samt-anwalt-zwangsmobilisiert\/\"},\"wordCount\":446,\"commentCount\":0,\"publisher\":{\"@id\":\"https:\/\/now-news.de\/de\/#organization\"},\"image\":{\"@id\":\"https:\/\/now-news.de\/de\/deutschland\/ukraine-kononowitsch-brueder-samt-anwalt-zwangsmobilisiert\/#primaryimage\"},\"thumbnailUrl\":\"https:\/\/now-news.de\/de\/wp-content\/uploads\/sites\/3\/2025\/05\/Ukraine-Kononowitsch-Brueder-samt-Anwalt-zwangsmobilisiert.JPG\",\"keywords\":[\"Anwalt\",\"KononowitschBr\u00fcder\",\"samt\",\"ukraine\",\"zwangsmobilisiert\"],\"articleSection\":[\"Deutschland\",\"Russland\"],\"inLanguage\":\"de\",\"potentialAction\":[{\"@type\":\"CommentAction\",\"name\":\"Comment\",\"target\":[\"https:\/\/now-news.de\/de\/deutschland\/ukraine-kononowitsch-brueder-samt-anwalt-zwangsmobilisiert\/#respond\"]}]},{\"@type\":\"WebPage\",\"@id\":\"https:\/\/now-news.de\/de\/deutschland\/ukraine-kononowitsch-brueder-samt-anwalt-zwangsmobilisiert\/\",\"url\":\"https:\/\/now-news.de\/de\/deutschland\/ukraine-kononowitsch-brueder-samt-anwalt-zwangsmobilisiert\/\",\"name\":\"Ukraine: Kononowitsch-Br\u00fcder samt Anwalt zwangsmobilisiert - just-now.NEWS Deutschland\",\"isPartOf\":{\"@id\":\"https:\/\/now-news.de\/de\/#website\"},\"primaryImageOfPage\":{\"@id\":\"https:\/\/now-news.de\/de\/deutschland\/ukraine-kononowitsch-brueder-samt-anwalt-zwangsmobilisiert\/#primaryimage\"},\"image\":{\"@id\":\"https:\/\/now-news.de\/de\/deutschland\/ukraine-kononowitsch-brueder-samt-anwalt-zwangsmobilisiert\/#primaryimage\"},\"thumbnailUrl\":\"https:\/\/now-news.de\/de\/wp-content\/uploads\/sites\/3\/2025\/05\/Ukraine-Kononowitsch-Brueder-samt-Anwalt-zwangsmobilisiert.JPG\",\"datePublished\":\"2025-05-22T19:46:07+00:00\",\"dateModified\":\"2025-05-22T19:46:07+00:00\",\"breadcrumb\":{\"@id\":\"https:\/\/now-news.de\/de\/deutschland\/ukraine-kononowitsch-brueder-samt-anwalt-zwangsmobilisiert\/#breadcrumb\"},\"inLanguage\":\"de\",\"potentialAction\":[{\"@type\":\"ReadAction\",\"target\":[\"https:\/\/now-news.de\/de\/deutschland\/ukraine-kononowitsch-brueder-samt-anwalt-zwangsmobilisiert\/\"]}]},{\"@type\":\"ImageObject\",\"inLanguage\":\"de\",\"@id\":\"https:\/\/now-news.de\/de\/deutschland\/ukraine-kononowitsch-brueder-samt-anwalt-zwangsmobilisiert\/#primaryimage\",\"url\":\"https:\/\/now-news.de\/de\/wp-content\/uploads\/sites\/3\/2025\/05\/Ukraine-Kononowitsch-Brueder-samt-Anwalt-zwangsmobilisiert.JPG\",\"contentUrl\":\"https:\/\/now-news.de\/de\/wp-content\/uploads\/sites\/3\/2025\/05\/Ukraine-Kononowitsch-Brueder-samt-Anwalt-zwangsmobilisiert.JPG\",\"width\":460,\"height\":259,\"caption\":\"Ukraine: Kononowitsch-Br\u00fcder samt Anwalt zwangsmobilisiert\"},{\"@type\":\"BreadcrumbList\",\"@id\":\"https:\/\/now-news.de\/de\/deutschland\/ukraine-kononowitsch-brueder-samt-anwalt-zwangsmobilisiert\/#breadcrumb\",\"itemListElement\":[{\"@type\":\"ListItem\",\"position\":1,\"name\":\"Home\",\"item\":\"https:\/\/now-news.de\/de\/\"},{\"@type\":\"ListItem\",\"position\":2,\"name\":\"Ukraine: Kononowitsch-Br\u00fcder samt Anwalt zwangsmobilisiert\"}]},{\"@type\":\"WebSite\",\"@id\":\"https:\/\/now-news.de\/de\/#website\",\"url\":\"https:\/\/now-news.de\/de\/\",\"name\":\"just-now.NEWS Deutschland\",\"description\":\"Das Portal f\u00fcr unzensierte Nachrichten aus der Welt\",\"publisher\":{\"@id\":\"https:\/\/now-news.de\/de\/#organization\"},\"potentialAction\":[{\"@type\":\"SearchAction\",\"target\":{\"@type\":\"EntryPoint\",\"urlTemplate\":\"https:\/\/now-news.de\/de\/?s={search_term_string}\"},\"query-input\":\"required name=search_term_string\"}],\"inLanguage\":\"de\"},{\"@type\":\"Organization\",\"@id\":\"https:\/\/now-news.de\/de\/#organization\",\"name\":\"Just Now News\",\"url\":\"https:\/\/now-news.de\/de\/\",\"logo\":{\"@type\":\"ImageObject\",\"inLanguage\":\"de\",\"@id\":\"https:\/\/now-news.de\/de\/#\/schema\/logo\/image\/\",\"url\":\"http:\/\/just-now.news\/de\/wp-content\/uploads\/sites\/3\/2022\/04\/logo500x500.jpg\",\"contentUrl\":\"http:\/\/just-now.news\/de\/wp-content\/uploads\/sites\/3\/2022\/04\/logo500x500.jpg\",\"width\":500,\"height\":500,\"caption\":\"Just Now News\"},\"image\":{\"@id\":\"https:\/\/now-news.de\/de\/#\/schema\/logo\/image\/\"},\"sameAs\":[\"https:\/\/www.facebook.com\/wirmachenauf\",\"https:\/\/x.com\/WirMachenAuf_de\"]},{\"@type\":\"Person\",\"@id\":\"https:\/\/now-news.de\/de\/#\/schema\/person\/fb534a4e865501d8b3285208df34a9b5\",\"name\":\"rtnews\",\"image\":{\"@type\":\"ImageObject\",\"inLanguage\":\"de\",\"@id\":\"https:\/\/now-news.de\/de\/#\/schema\/person\/image\/\",\"url\":\"https:\/\/secure.gravatar.com\/avatar\/82aafea7d8127119dd649515f56e2117?s=96&d=mm&r=g\",\"contentUrl\":\"https:\/\/secure.gravatar.com\/avatar\/82aafea7d8127119dd649515f56e2117?s=96&d=mm&r=g\",\"caption\":\"rtnews\"},\"url\":\"https:\/\/now-news.de\/de\/author\/rnews\/\"}]}<\/script>\n<!-- \/ Yoast SEO Premium plugin. -->","yoast_head_json":{"title":"Ukraine: Kononowitsch-Br\u00fcder samt Anwalt zwangsmobilisiert - just-now.NEWS Deutschland","robots":{"index":"index","follow":"follow","max-snippet":"max-snippet:-1","max-image-preview":"max-image-preview:large","max-video-preview":"max-video-preview:-1"},"canonical":"https:\/\/now-news.de\/de\/deutschland\/ukraine-kononowitsch-brueder-samt-anwalt-zwangsmobilisiert\/","og_locale":"de_DE","og_type":"article","og_title":"Ukraine: Kononowitsch-Br\u00fcder samt Anwalt zwangsmobilisiert","og_description":"Anders als Tausende in der Ukraine f\u00fcr ihre \u00dcberzeugungen Verfolgte haben die Br\u00fcder Kononowitsch im Westen mit ihrem Verfolgungsschicksal zumindest in linken Kreisen eine gewisse Bekanntheit. Am Donnerstag teilten sie mit, dass sie \u2013 und ihr Anwalt \u2013 zwangsweise an die Front mobilisiert werden. In Kiew wurden am Donnerstag offenbar die beiden in linken Kreisen [&hellip;]","og_url":"https:\/\/now-news.de\/de\/deutschland\/ukraine-kononowitsch-brueder-samt-anwalt-zwangsmobilisiert\/","og_site_name":"just-now.NEWS Deutschland","article_publisher":"https:\/\/www.facebook.com\/wirmachenauf","article_published_time":"2025-05-22T19:46:07+00:00","og_image":[{"url":"https:\/\/now-news.de\/de\/wp-content\/uploads\/sites\/3\/2025\/05\/682f531ab480cc585350af25.JPG"}],"author":"rtnews","twitter_card":"summary_large_image","twitter_creator":"@WirMachenAuf_de","twitter_site":"@WirMachenAuf_de","twitter_misc":{"Verfasst von":"rtnews","Gesch\u00e4tzte Lesezeit":"2\u00a0Minuten"},"schema":{"@context":"https:\/\/schema.org","@graph":[{"@type":"Article","@id":"https:\/\/now-news.de\/de\/deutschland\/ukraine-kononowitsch-brueder-samt-anwalt-zwangsmobilisiert\/#article","isPartOf":{"@id":"https:\/\/now-news.de\/de\/deutschland\/ukraine-kononowitsch-brueder-samt-anwalt-zwangsmobilisiert\/"},"author":{"name":"rtnews","@id":"https:\/\/now-news.de\/de\/#\/schema\/person\/fb534a4e865501d8b3285208df34a9b5"},"headline":"Ukraine: Kononowitsch-Br\u00fcder samt Anwalt zwangsmobilisiert","datePublished":"2025-05-22T19:46:07+00:00","dateModified":"2025-05-22T19:46:07+00:00","mainEntityOfPage":{"@id":"https:\/\/now-news.de\/de\/deutschland\/ukraine-kononowitsch-brueder-samt-anwalt-zwangsmobilisiert\/"},"wordCount":446,"commentCount":0,"publisher":{"@id":"https:\/\/now-news.de\/de\/#organization"},"image":{"@id":"https:\/\/now-news.de\/de\/deutschland\/ukraine-kononowitsch-brueder-samt-anwalt-zwangsmobilisiert\/#primaryimage"},"thumbnailUrl":"https:\/\/now-news.de\/de\/wp-content\/uploads\/sites\/3\/2025\/05\/Ukraine-Kononowitsch-Brueder-samt-Anwalt-zwangsmobilisiert.JPG","keywords":["Anwalt","KononowitschBr\u00fcder","samt","ukraine","zwangsmobilisiert"],"articleSection":["Deutschland","Russland"],"inLanguage":"de","potentialAction":[{"@type":"CommentAction","name":"Comment","target":["https:\/\/now-news.de\/de\/deutschland\/ukraine-kononowitsch-brueder-samt-anwalt-zwangsmobilisiert\/#respond"]}]},{"@type":"WebPage","@id":"https:\/\/now-news.de\/de\/deutschland\/ukraine-kononowitsch-brueder-samt-anwalt-zwangsmobilisiert\/","url":"https:\/\/now-news.de\/de\/deutschland\/ukraine-kononowitsch-brueder-samt-anwalt-zwangsmobilisiert\/","name":"Ukraine: Kononowitsch-Br\u00fcder samt Anwalt zwangsmobilisiert - just-now.NEWS Deutschland","isPartOf":{"@id":"https:\/\/now-news.de\/de\/#website"},"primaryImageOfPage":{"@id":"https:\/\/now-news.de\/de\/deutschland\/ukraine-kononowitsch-brueder-samt-anwalt-zwangsmobilisiert\/#primaryimage"},"image":{"@id":"https:\/\/now-news.de\/de\/deutschland\/ukraine-kononowitsch-brueder-samt-anwalt-zwangsmobilisiert\/#primaryimage"},"thumbnailUrl":"https:\/\/now-news.de\/de\/wp-content\/uploads\/sites\/3\/2025\/05\/Ukraine-Kononowitsch-Brueder-samt-Anwalt-zwangsmobilisiert.JPG","datePublished":"2025-05-22T19:46:07+00:00","dateModified":"2025-05-22T19:46:07+00:00","breadcrumb":{"@id":"https:\/\/now-news.de\/de\/deutschland\/ukraine-kononowitsch-brueder-samt-anwalt-zwangsmobilisiert\/#breadcrumb"},"inLanguage":"de","potentialAction":[{"@type":"ReadAction","target":["https:\/\/now-news.de\/de\/deutschland\/ukraine-kononowitsch-brueder-samt-anwalt-zwangsmobilisiert\/"]}]},{"@type":"ImageObject","inLanguage":"de","@id":"https:\/\/now-news.de\/de\/deutschland\/ukraine-kononowitsch-brueder-samt-anwalt-zwangsmobilisiert\/#primaryimage","url":"https:\/\/now-news.de\/de\/wp-content\/uploads\/sites\/3\/2025\/05\/Ukraine-Kononowitsch-Brueder-samt-Anwalt-zwangsmobilisiert.JPG","contentUrl":"https:\/\/now-news.de\/de\/wp-content\/uploads\/sites\/3\/2025\/05\/Ukraine-Kononowitsch-Brueder-samt-Anwalt-zwangsmobilisiert.JPG","width":460,"height":259,"caption":"Ukraine: Kononowitsch-Br\u00fcder samt Anwalt zwangsmobilisiert"},{"@type":"BreadcrumbList","@id":"https:\/\/now-news.de\/de\/deutschland\/ukraine-kononowitsch-brueder-samt-anwalt-zwangsmobilisiert\/#breadcrumb","itemListElement":[{"@type":"ListItem","position":1,"name":"Home","item":"https:\/\/now-news.de\/de\/"},{"@type":"ListItem","position":2,"name":"Ukraine: Kononowitsch-Br\u00fcder samt Anwalt zwangsmobilisiert"}]},{"@type":"WebSite","@id":"https:\/\/now-news.de\/de\/#website","url":"https:\/\/now-news.de\/de\/","name":"just-now.NEWS Deutschland","description":"Das Portal f\u00fcr unzensierte Nachrichten aus der Welt","publisher":{"@id":"https:\/\/now-news.de\/de\/#organization"},"potentialAction":[{"@type":"SearchAction","target":{"@type":"EntryPoint","urlTemplate":"https:\/\/now-news.de\/de\/?s={search_term_string}"},"query-input":"required name=search_term_string"}],"inLanguage":"de"},{"@type":"Organization","@id":"https:\/\/now-news.de\/de\/#organization","name":"Just Now News","url":"https:\/\/now-news.de\/de\/","logo":{"@type":"ImageObject","inLanguage":"de","@id":"https:\/\/now-news.de\/de\/#\/schema\/logo\/image\/","url":"http:\/\/just-now.news\/de\/wp-content\/uploads\/sites\/3\/2022\/04\/logo500x500.jpg","contentUrl":"http:\/\/just-now.news\/de\/wp-content\/uploads\/sites\/3\/2022\/04\/logo500x500.jpg","width":500,"height":500,"caption":"Just Now News"},"image":{"@id":"https:\/\/now-news.de\/de\/#\/schema\/logo\/image\/"},"sameAs":["https:\/\/www.facebook.com\/wirmachenauf","https:\/\/x.com\/WirMachenAuf_de"]},{"@type":"Person","@id":"https:\/\/now-news.de\/de\/#\/schema\/person\/fb534a4e865501d8b3285208df34a9b5","name":"rtnews","image":{"@type":"ImageObject","inLanguage":"de","@id":"https:\/\/now-news.de\/de\/#\/schema\/person\/image\/","url":"https:\/\/secure.gravatar.com\/avatar\/82aafea7d8127119dd649515f56e2117?s=96&d=mm&r=g","contentUrl":"https:\/\/secure.gravatar.com\/avatar\/82aafea7d8127119dd649515f56e2117?s=96&d=mm&r=g","caption":"rtnews"},"url":"https:\/\/now-news.de\/de\/author\/rnews\/"}]}},"_links":{"self":[{"href":"https:\/\/now-news.de\/de\/wp-json\/wp\/v2\/posts\/84282"}],"collection":[{"href":"https:\/\/now-news.de\/de\/wp-json\/wp\/v2\/posts"}],"about":[{"href":"https:\/\/now-news.de\/de\/wp-json\/wp\/v2\/types\/post"}],"author":[{"embeddable":true,"href":"https:\/\/now-news.de\/de\/wp-json\/wp\/v2\/users\/3"}],"replies":[{"embeddable":true,"href":"https:\/\/now-news.de\/de\/wp-json\/wp\/v2\/comments?post=84282"}],"version-history":[{"count":0,"href":"https:\/\/now-news.de\/de\/wp-json\/wp\/v2\/posts\/84282\/revisions"}],"wp:featuredmedia":[{"embeddable":true,"href":"https:\/\/now-news.de\/de\/wp-json\/wp\/v2\/media\/84283"}],"wp:attachment":[{"href":"https:\/\/now-news.de\/de\/wp-json\/wp\/v2\/media?parent=84282"}],"wp:term":[{"taxonomy":"category","embeddable":true,"href":"https:\/\/now-news.de\/de\/wp-json\/wp\/v2\/categories?post=84282"},{"taxonomy":"post_tag","embeddable":true,"href":"https:\/\/now-news.de\/de\/wp-json\/wp\/v2\/tags?post=84282"}],"curies":[{"name":"wp","href":"https:\/\/api.w.org\/{rel}","templated":true}]}}