{"id":84219,"date":"2025-05-21T21:15:26","date_gmt":"2025-05-21T19:15:26","guid":{"rendered":"https:\/\/now-news.de\/de\/deutschland\/kein-ausschussvorsitz-fuer-die-afd\/"},"modified":"2025-05-21T21:15:26","modified_gmt":"2025-05-21T19:15:26","slug":"kein-ausschussvorsitz-fuer-die-afd","status":"publish","type":"post","link":"https:\/\/now-news.de\/de\/deutschland\/kein-ausschussvorsitz-fuer-die-afd\/","title":{"rendered":"Kein Ausschussvorsitz f\u00fcr die AfD"},"content":{"rendered":"<p><img decoding=\"async\" src=\"https:\/\/now-news.de\/de\/wp-content\/uploads\/sites\/3\/2025\/05\/682e20a648fbef7a694bfdef.jpg\" \/><\/p>\n<div class=\"Text-root Text-type_1 \">\n                Ein anderes Ergebnis w\u00e4re eine echte \u00dcberraschung gewesen: Bei der Besetzung der Posten der Ausschussvorsitzenden im Bundestag ging die AfD leer aus. Das l\u00e4sst schon erahnen, wie der Rest der Legislaturperiode ablaufen wird.\n            <\/div>\n<p><\/p>\n<div class=\"Text-root Text-type_5 ArticleView-text ViewText-root \">\n<p>\u00dcblicherweise wird der Vorsitz f\u00fcr Bundestagsaussch\u00fcsse nach Fraktionsgr\u00f6\u00dfe vergeben. Nach diesem Schema h\u00e4tte die AfD als zweitgr\u00f6\u00dfte Fraktion einen Anspruch auf sechs Ausschussvorsitze gehabt, den sie auch angemeldet hat: f\u00fcr den Haushaltsausschuss, den Rechtsausschuss, Arbeit und Soziales, Finanzen, Inneres und den Petitionsausschuss. Der Ausschussvorsitz ist eher eine Verwaltungsposition\u00a0\u2012 dazu geh\u00f6rt die Sitzungsleitung. Direkten politischen Einfluss kann der Ausschussvorsitzende am ehesten durch die Terminierung von Antragsbehandlungen nehmen.<\/p>\n<p>Dennoch fielen die Kandidaten der AfD in allen sechs Aussch\u00fcssen in der geheimen Wahl durch. Schon zuvor hatte der parlamentarische Gesch\u00e4ftsf\u00fchrer der Unionsfraktion, Steffen Bilger, erkl\u00e4rt: <em>&#8220;Wir gehen davon aus, dass keiner der AfD-Kandidaten Vorsitzender wird.&#8221;<\/em><\/p>\n<p>Da der Ausschussvorsitz dann an den jeweils dienst\u00e4ltesten Abgeordneten f\u00e4llt, k\u00f6nnen sich die Gr\u00fcnen \u00fcber den Vorsitz des wichtigen Haushaltsausschusses freuen. Ihnen st\u00fcnde nach den \u00fcblichen Regeln nur der Vorsitz in drei von 24 Aussch\u00fcssen zu.<\/p>\n<p><em>&#8220;Wir fordern endlich die anderen Parteien auf, diese Spielchen zu beenden&#8221;<\/em>, erkl\u00e4rte der Co-Vorsitzende der AfD Tino Chrupalla nach der Wahl. Mehr als Appelle sind jedoch kaum m\u00f6glich \u2012 das Bundesverfassungsgericht hatte im September 2024 auf eine fr\u00fchere Klage der AfD zu diesem Thema entschieden, sie habe kein Recht auf die Besetzung von Ausschussvorsitzposten.<\/p>\n<p>In der Presse fanden sich dennoch mehrere Kommentare, die diesen Umgang als undemokratisch kritisierten. <em>&#8220;In einer Demokratie sollte die Mehrheit die Minderheit immer so behandeln, wie sie selbst behandelt werden will, wenn sie dereinst zur Minderheit wird&#8221;<\/em>, hei\u00dft es beispielsweise in der <em>Welt<\/em>.<\/p>\n<p><strong>Mehr zum Thema<\/strong>\u00a0\u2012 <a rel=\"nofollow noopener\" target=\"_blank\" href=\"https:\/\/freedert.online\/inland\/244953-weidel-wirft-merz-kriegstreiberei-vor-ruft-zur-beruecksichtigung-russischer-interessen-auf\/\">Weidel wirft Merz Kriegstreiberei vor \u2013 und fordert Ber\u00fccksichtigung russischer Interessen <\/a><\/p>\n<div class=\"EmbedBlock-root EmbedBlock-externalVideo EmbedBlock-rumble\">\n<div class=\"VkEmbed\"><iframe class=\"lazyload\" data-src=\"https:\/\/rumble.com\/embed\/v6rhbwx\" frameborder=\"0\" width=\"853\" height=\"480\" allowfullscreen><\/iframe><\/div>\n<\/div>\n<\/div>\n<p><br \/>\n<br \/><a href=\"https:\/\/de.rt.com\/inland\/245628-kein-ausschuss-vorsitz-fuer-afd\/\">Source link <\/a><\/p>\n","protected":false},"excerpt":{"rendered":"<p>Ein anderes Ergebnis w\u00e4re eine echte \u00dcberraschung gewesen: Bei der Besetzung der Posten der Ausschussvorsitzenden im Bundestag ging die AfD leer aus. Das l\u00e4sst schon erahnen, wie der Rest der Legislaturperiode ablaufen wird. \u00dcblicherweise wird der Vorsitz f\u00fcr Bundestagsaussch\u00fcsse nach Fraktionsgr\u00f6\u00dfe vergeben. Nach diesem Schema h\u00e4tte die AfD als zweitgr\u00f6\u00dfte Fraktion einen Anspruch auf sechs [&hellip;]<\/p>\n","protected":false},"author":3,"featured_media":84220,"comment_status":"open","ping_status":"open","sticky":false,"template":"","format":"standard","meta":{"_yoast_indexnow_last_ping":["1747855680"],"wp_automatic_camp":["217"],"8cb8915d349b6dae3ccf033a0db62f74":["Kein Ausschussvorsitz f\u00fcr die AfD"],"original_link":["https:\/\/de.rt.com\/inland\/245628-kein-ausschuss-vorsitz-fuer-afd\/"],"_thumbnail_id":["84220"],"jnews_social_counter_last_update":["1777379837"],"_wptgpro_p2tg_sent2tg":["a:1:{i:23737;s:19:\"2025-05-21 21:29:02\";}"]},"categories":[19,23],"tags":[3815,65143,45,221,2030],"yoast_head":"<!-- This site is optimized with the Yoast SEO Premium plugin v22.7 (Yoast SEO v22.7) - https:\/\/yoast.com\/wordpress\/plugins\/seo\/ -->\n<title>Kein Ausschussvorsitz f\u00fcr die AfD - just-now.NEWS Deutschland<\/title>\n<meta name=\"robots\" content=\"index, follow, max-snippet:-1, max-image-preview:large, max-video-preview:-1\" \/>\n<link rel=\"canonical\" href=\"https:\/\/now-news.de\/de\/deutschland\/kein-ausschussvorsitz-fuer-die-afd\/\" \/>\n<meta property=\"og:locale\" content=\"de_DE\" \/>\n<meta property=\"og:type\" content=\"article\" \/>\n<meta property=\"og:title\" content=\"Kein Ausschussvorsitz f\u00fcr die AfD\" \/>\n<meta property=\"og:description\" content=\"Ein anderes Ergebnis w\u00e4re eine echte \u00dcberraschung gewesen: Bei der Besetzung der Posten der Ausschussvorsitzenden im Bundestag ging die AfD leer aus. Das l\u00e4sst schon erahnen, wie der Rest der Legislaturperiode ablaufen wird. \u00dcblicherweise wird der Vorsitz f\u00fcr Bundestagsaussch\u00fcsse nach Fraktionsgr\u00f6\u00dfe vergeben. Nach diesem Schema h\u00e4tte die AfD als zweitgr\u00f6\u00dfte Fraktion einen Anspruch auf sechs [&hellip;]\" \/>\n<meta property=\"og:url\" content=\"https:\/\/now-news.de\/de\/deutschland\/kein-ausschussvorsitz-fuer-die-afd\/\" \/>\n<meta property=\"og:site_name\" content=\"just-now.NEWS Deutschland\" \/>\n<meta property=\"article:publisher\" content=\"https:\/\/www.facebook.com\/wirmachenauf\" \/>\n<meta property=\"article:published_time\" content=\"2025-05-21T19:15:26+00:00\" \/>\n<meta property=\"og:image\" content=\"https:\/\/now-news.de\/de\/wp-content\/uploads\/sites\/3\/2025\/05\/682e20a648fbef7a694bfdef.jpg\" \/>\n<meta name=\"author\" content=\"rtnews\" \/>\n<meta name=\"twitter:card\" content=\"summary_large_image\" \/>\n<meta name=\"twitter:creator\" content=\"@WirMachenAuf_de\" \/>\n<meta name=\"twitter:site\" content=\"@WirMachenAuf_de\" \/>\n<meta name=\"twitter:label1\" content=\"Verfasst von\" \/>\n\t<meta name=\"twitter:data1\" content=\"rtnews\" \/>\n\t<meta name=\"twitter:label2\" content=\"Gesch\u00e4tzte Lesezeit\" \/>\n\t<meta name=\"twitter:data2\" content=\"2\u00a0Minuten\" \/>\n<script type=\"application\/ld+json\" class=\"yoast-schema-graph\">{\"@context\":\"https:\/\/schema.org\",\"@graph\":[{\"@type\":\"Article\",\"@id\":\"https:\/\/now-news.de\/de\/deutschland\/kein-ausschussvorsitz-fuer-die-afd\/#article\",\"isPartOf\":{\"@id\":\"https:\/\/now-news.de\/de\/deutschland\/kein-ausschussvorsitz-fuer-die-afd\/\"},\"author\":{\"name\":\"rtnews\",\"@id\":\"https:\/\/now-news.de\/de\/#\/schema\/person\/fb534a4e865501d8b3285208df34a9b5\"},\"headline\":\"Kein Ausschussvorsitz f\u00fcr die AfD\",\"datePublished\":\"2025-05-21T19:15:26+00:00\",\"dateModified\":\"2025-05-21T19:15:26+00:00\",\"mainEntityOfPage\":{\"@id\":\"https:\/\/now-news.de\/de\/deutschland\/kein-ausschussvorsitz-fuer-die-afd\/\"},\"wordCount\":311,\"commentCount\":0,\"publisher\":{\"@id\":\"https:\/\/now-news.de\/de\/#organization\"},\"image\":{\"@id\":\"https:\/\/now-news.de\/de\/deutschland\/kein-ausschussvorsitz-fuer-die-afd\/#primaryimage\"},\"thumbnailUrl\":\"https:\/\/now-news.de\/de\/wp-content\/uploads\/sites\/3\/2025\/05\/Kein-Ausschussvorsitz-fuer-die-AfD.jpg\",\"keywords\":[\"AfD\",\"Ausschussvorsitz\",\"die\",\"f\u00fcr\",\"Kein\"],\"articleSection\":[\"Deutschland\",\"Russland\"],\"inLanguage\":\"de\",\"potentialAction\":[{\"@type\":\"CommentAction\",\"name\":\"Comment\",\"target\":[\"https:\/\/now-news.de\/de\/deutschland\/kein-ausschussvorsitz-fuer-die-afd\/#respond\"]}]},{\"@type\":\"WebPage\",\"@id\":\"https:\/\/now-news.de\/de\/deutschland\/kein-ausschussvorsitz-fuer-die-afd\/\",\"url\":\"https:\/\/now-news.de\/de\/deutschland\/kein-ausschussvorsitz-fuer-die-afd\/\",\"name\":\"Kein Ausschussvorsitz f\u00fcr die AfD - just-now.NEWS Deutschland\",\"isPartOf\":{\"@id\":\"https:\/\/now-news.de\/de\/#website\"},\"primaryImageOfPage\":{\"@id\":\"https:\/\/now-news.de\/de\/deutschland\/kein-ausschussvorsitz-fuer-die-afd\/#primaryimage\"},\"image\":{\"@id\":\"https:\/\/now-news.de\/de\/deutschland\/kein-ausschussvorsitz-fuer-die-afd\/#primaryimage\"},\"thumbnailUrl\":\"https:\/\/now-news.de\/de\/wp-content\/uploads\/sites\/3\/2025\/05\/Kein-Ausschussvorsitz-fuer-die-AfD.jpg\",\"datePublished\":\"2025-05-21T19:15:26+00:00\",\"dateModified\":\"2025-05-21T19:15:26+00:00\",\"breadcrumb\":{\"@id\":\"https:\/\/now-news.de\/de\/deutschland\/kein-ausschussvorsitz-fuer-die-afd\/#breadcrumb\"},\"inLanguage\":\"de\",\"potentialAction\":[{\"@type\":\"ReadAction\",\"target\":[\"https:\/\/now-news.de\/de\/deutschland\/kein-ausschussvorsitz-fuer-die-afd\/\"]}]},{\"@type\":\"ImageObject\",\"inLanguage\":\"de\",\"@id\":\"https:\/\/now-news.de\/de\/deutschland\/kein-ausschussvorsitz-fuer-die-afd\/#primaryimage\",\"url\":\"https:\/\/now-news.de\/de\/wp-content\/uploads\/sites\/3\/2025\/05\/Kein-Ausschussvorsitz-fuer-die-AfD.jpg\",\"contentUrl\":\"https:\/\/now-news.de\/de\/wp-content\/uploads\/sites\/3\/2025\/05\/Kein-Ausschussvorsitz-fuer-die-AfD.jpg\",\"width\":460,\"height\":259,\"caption\":\"Kein Ausschussvorsitz f\u00fcr die AfD\"},{\"@type\":\"BreadcrumbList\",\"@id\":\"https:\/\/now-news.de\/de\/deutschland\/kein-ausschussvorsitz-fuer-die-afd\/#breadcrumb\",\"itemListElement\":[{\"@type\":\"ListItem\",\"position\":1,\"name\":\"Home\",\"item\":\"https:\/\/now-news.de\/de\/\"},{\"@type\":\"ListItem\",\"position\":2,\"name\":\"Kein Ausschussvorsitz f\u00fcr die AfD\"}]},{\"@type\":\"WebSite\",\"@id\":\"https:\/\/now-news.de\/de\/#website\",\"url\":\"https:\/\/now-news.de\/de\/\",\"name\":\"just-now.NEWS Deutschland\",\"description\":\"Das Portal f\u00fcr unzensierte Nachrichten aus der Welt\",\"publisher\":{\"@id\":\"https:\/\/now-news.de\/de\/#organization\"},\"potentialAction\":[{\"@type\":\"SearchAction\",\"target\":{\"@type\":\"EntryPoint\",\"urlTemplate\":\"https:\/\/now-news.de\/de\/?s={search_term_string}\"},\"query-input\":\"required name=search_term_string\"}],\"inLanguage\":\"de\"},{\"@type\":\"Organization\",\"@id\":\"https:\/\/now-news.de\/de\/#organization\",\"name\":\"Just Now News\",\"url\":\"https:\/\/now-news.de\/de\/\",\"logo\":{\"@type\":\"ImageObject\",\"inLanguage\":\"de\",\"@id\":\"https:\/\/now-news.de\/de\/#\/schema\/logo\/image\/\",\"url\":\"http:\/\/just-now.news\/de\/wp-content\/uploads\/sites\/3\/2022\/04\/logo500x500.jpg\",\"contentUrl\":\"http:\/\/just-now.news\/de\/wp-content\/uploads\/sites\/3\/2022\/04\/logo500x500.jpg\",\"width\":500,\"height\":500,\"caption\":\"Just Now News\"},\"image\":{\"@id\":\"https:\/\/now-news.de\/de\/#\/schema\/logo\/image\/\"},\"sameAs\":[\"https:\/\/www.facebook.com\/wirmachenauf\",\"https:\/\/x.com\/WirMachenAuf_de\"]},{\"@type\":\"Person\",\"@id\":\"https:\/\/now-news.de\/de\/#\/schema\/person\/fb534a4e865501d8b3285208df34a9b5\",\"name\":\"rtnews\",\"image\":{\"@type\":\"ImageObject\",\"inLanguage\":\"de\",\"@id\":\"https:\/\/now-news.de\/de\/#\/schema\/person\/image\/\",\"url\":\"https:\/\/secure.gravatar.com\/avatar\/82aafea7d8127119dd649515f56e2117?s=96&d=mm&r=g\",\"contentUrl\":\"https:\/\/secure.gravatar.com\/avatar\/82aafea7d8127119dd649515f56e2117?s=96&d=mm&r=g\",\"caption\":\"rtnews\"},\"url\":\"https:\/\/now-news.de\/de\/author\/rnews\/\"}]}<\/script>\n<!-- \/ Yoast SEO Premium plugin. -->","yoast_head_json":{"title":"Kein Ausschussvorsitz f\u00fcr die AfD - just-now.NEWS Deutschland","robots":{"index":"index","follow":"follow","max-snippet":"max-snippet:-1","max-image-preview":"max-image-preview:large","max-video-preview":"max-video-preview:-1"},"canonical":"https:\/\/now-news.de\/de\/deutschland\/kein-ausschussvorsitz-fuer-die-afd\/","og_locale":"de_DE","og_type":"article","og_title":"Kein Ausschussvorsitz f\u00fcr die AfD","og_description":"Ein anderes Ergebnis w\u00e4re eine echte \u00dcberraschung gewesen: Bei der Besetzung der Posten der Ausschussvorsitzenden im Bundestag ging die AfD leer aus. Das l\u00e4sst schon erahnen, wie der Rest der Legislaturperiode ablaufen wird. \u00dcblicherweise wird der Vorsitz f\u00fcr Bundestagsaussch\u00fcsse nach Fraktionsgr\u00f6\u00dfe vergeben. Nach diesem Schema h\u00e4tte die AfD als zweitgr\u00f6\u00dfte Fraktion einen Anspruch auf sechs [&hellip;]","og_url":"https:\/\/now-news.de\/de\/deutschland\/kein-ausschussvorsitz-fuer-die-afd\/","og_site_name":"just-now.NEWS Deutschland","article_publisher":"https:\/\/www.facebook.com\/wirmachenauf","article_published_time":"2025-05-21T19:15:26+00:00","og_image":[{"url":"https:\/\/now-news.de\/de\/wp-content\/uploads\/sites\/3\/2025\/05\/682e20a648fbef7a694bfdef.jpg"}],"author":"rtnews","twitter_card":"summary_large_image","twitter_creator":"@WirMachenAuf_de","twitter_site":"@WirMachenAuf_de","twitter_misc":{"Verfasst von":"rtnews","Gesch\u00e4tzte Lesezeit":"2\u00a0Minuten"},"schema":{"@context":"https:\/\/schema.org","@graph":[{"@type":"Article","@id":"https:\/\/now-news.de\/de\/deutschland\/kein-ausschussvorsitz-fuer-die-afd\/#article","isPartOf":{"@id":"https:\/\/now-news.de\/de\/deutschland\/kein-ausschussvorsitz-fuer-die-afd\/"},"author":{"name":"rtnews","@id":"https:\/\/now-news.de\/de\/#\/schema\/person\/fb534a4e865501d8b3285208df34a9b5"},"headline":"Kein Ausschussvorsitz f\u00fcr die AfD","datePublished":"2025-05-21T19:15:26+00:00","dateModified":"2025-05-21T19:15:26+00:00","mainEntityOfPage":{"@id":"https:\/\/now-news.de\/de\/deutschland\/kein-ausschussvorsitz-fuer-die-afd\/"},"wordCount":311,"commentCount":0,"publisher":{"@id":"https:\/\/now-news.de\/de\/#organization"},"image":{"@id":"https:\/\/now-news.de\/de\/deutschland\/kein-ausschussvorsitz-fuer-die-afd\/#primaryimage"},"thumbnailUrl":"https:\/\/now-news.de\/de\/wp-content\/uploads\/sites\/3\/2025\/05\/Kein-Ausschussvorsitz-fuer-die-AfD.jpg","keywords":["AfD","Ausschussvorsitz","die","f\u00fcr","Kein"],"articleSection":["Deutschland","Russland"],"inLanguage":"de","potentialAction":[{"@type":"CommentAction","name":"Comment","target":["https:\/\/now-news.de\/de\/deutschland\/kein-ausschussvorsitz-fuer-die-afd\/#respond"]}]},{"@type":"WebPage","@id":"https:\/\/now-news.de\/de\/deutschland\/kein-ausschussvorsitz-fuer-die-afd\/","url":"https:\/\/now-news.de\/de\/deutschland\/kein-ausschussvorsitz-fuer-die-afd\/","name":"Kein Ausschussvorsitz f\u00fcr die AfD - just-now.NEWS Deutschland","isPartOf":{"@id":"https:\/\/now-news.de\/de\/#website"},"primaryImageOfPage":{"@id":"https:\/\/now-news.de\/de\/deutschland\/kein-ausschussvorsitz-fuer-die-afd\/#primaryimage"},"image":{"@id":"https:\/\/now-news.de\/de\/deutschland\/kein-ausschussvorsitz-fuer-die-afd\/#primaryimage"},"thumbnailUrl":"https:\/\/now-news.de\/de\/wp-content\/uploads\/sites\/3\/2025\/05\/Kein-Ausschussvorsitz-fuer-die-AfD.jpg","datePublished":"2025-05-21T19:15:26+00:00","dateModified":"2025-05-21T19:15:26+00:00","breadcrumb":{"@id":"https:\/\/now-news.de\/de\/deutschland\/kein-ausschussvorsitz-fuer-die-afd\/#breadcrumb"},"inLanguage":"de","potentialAction":[{"@type":"ReadAction","target":["https:\/\/now-news.de\/de\/deutschland\/kein-ausschussvorsitz-fuer-die-afd\/"]}]},{"@type":"ImageObject","inLanguage":"de","@id":"https:\/\/now-news.de\/de\/deutschland\/kein-ausschussvorsitz-fuer-die-afd\/#primaryimage","url":"https:\/\/now-news.de\/de\/wp-content\/uploads\/sites\/3\/2025\/05\/Kein-Ausschussvorsitz-fuer-die-AfD.jpg","contentUrl":"https:\/\/now-news.de\/de\/wp-content\/uploads\/sites\/3\/2025\/05\/Kein-Ausschussvorsitz-fuer-die-AfD.jpg","width":460,"height":259,"caption":"Kein Ausschussvorsitz f\u00fcr die AfD"},{"@type":"BreadcrumbList","@id":"https:\/\/now-news.de\/de\/deutschland\/kein-ausschussvorsitz-fuer-die-afd\/#breadcrumb","itemListElement":[{"@type":"ListItem","position":1,"name":"Home","item":"https:\/\/now-news.de\/de\/"},{"@type":"ListItem","position":2,"name":"Kein Ausschussvorsitz f\u00fcr die AfD"}]},{"@type":"WebSite","@id":"https:\/\/now-news.de\/de\/#website","url":"https:\/\/now-news.de\/de\/","name":"just-now.NEWS Deutschland","description":"Das Portal f\u00fcr unzensierte Nachrichten aus der Welt","publisher":{"@id":"https:\/\/now-news.de\/de\/#organization"},"potentialAction":[{"@type":"SearchAction","target":{"@type":"EntryPoint","urlTemplate":"https:\/\/now-news.de\/de\/?s={search_term_string}"},"query-input":"required name=search_term_string"}],"inLanguage":"de"},{"@type":"Organization","@id":"https:\/\/now-news.de\/de\/#organization","name":"Just Now News","url":"https:\/\/now-news.de\/de\/","logo":{"@type":"ImageObject","inLanguage":"de","@id":"https:\/\/now-news.de\/de\/#\/schema\/logo\/image\/","url":"http:\/\/just-now.news\/de\/wp-content\/uploads\/sites\/3\/2022\/04\/logo500x500.jpg","contentUrl":"http:\/\/just-now.news\/de\/wp-content\/uploads\/sites\/3\/2022\/04\/logo500x500.jpg","width":500,"height":500,"caption":"Just Now News"},"image":{"@id":"https:\/\/now-news.de\/de\/#\/schema\/logo\/image\/"},"sameAs":["https:\/\/www.facebook.com\/wirmachenauf","https:\/\/x.com\/WirMachenAuf_de"]},{"@type":"Person","@id":"https:\/\/now-news.de\/de\/#\/schema\/person\/fb534a4e865501d8b3285208df34a9b5","name":"rtnews","image":{"@type":"ImageObject","inLanguage":"de","@id":"https:\/\/now-news.de\/de\/#\/schema\/person\/image\/","url":"https:\/\/secure.gravatar.com\/avatar\/82aafea7d8127119dd649515f56e2117?s=96&d=mm&r=g","contentUrl":"https:\/\/secure.gravatar.com\/avatar\/82aafea7d8127119dd649515f56e2117?s=96&d=mm&r=g","caption":"rtnews"},"url":"https:\/\/now-news.de\/de\/author\/rnews\/"}]}},"_links":{"self":[{"href":"https:\/\/now-news.de\/de\/wp-json\/wp\/v2\/posts\/84219"}],"collection":[{"href":"https:\/\/now-news.de\/de\/wp-json\/wp\/v2\/posts"}],"about":[{"href":"https:\/\/now-news.de\/de\/wp-json\/wp\/v2\/types\/post"}],"author":[{"embeddable":true,"href":"https:\/\/now-news.de\/de\/wp-json\/wp\/v2\/users\/3"}],"replies":[{"embeddable":true,"href":"https:\/\/now-news.de\/de\/wp-json\/wp\/v2\/comments?post=84219"}],"version-history":[{"count":0,"href":"https:\/\/now-news.de\/de\/wp-json\/wp\/v2\/posts\/84219\/revisions"}],"wp:featuredmedia":[{"embeddable":true,"href":"https:\/\/now-news.de\/de\/wp-json\/wp\/v2\/media\/84220"}],"wp:attachment":[{"href":"https:\/\/now-news.de\/de\/wp-json\/wp\/v2\/media?parent=84219"}],"wp:term":[{"taxonomy":"category","embeddable":true,"href":"https:\/\/now-news.de\/de\/wp-json\/wp\/v2\/categories?post=84219"},{"taxonomy":"post_tag","embeddable":true,"href":"https:\/\/now-news.de\/de\/wp-json\/wp\/v2\/tags?post=84219"}],"curies":[{"name":"wp","href":"https:\/\/api.w.org\/{rel}","templated":true}]}}