{"id":84149,"date":"2025-05-20T18:09:16","date_gmt":"2025-05-20T16:09:16","guid":{"rendered":"https:\/\/now-news.de\/de\/deutschland\/klimaminister-schneider-kuendigt-haertere-massnahmen-fuer-landwirte-an\/"},"modified":"2025-05-20T18:09:16","modified_gmt":"2025-05-20T16:09:16","slug":"klimaminister-schneider-kuendigt-haertere-massnahmen-fuer-landwirte-an","status":"publish","type":"post","link":"https:\/\/now-news.de\/de\/deutschland\/klimaminister-schneider-kuendigt-haertere-massnahmen-fuer-landwirte-an\/","title":{"rendered":"Klimaminister Schneider k\u00fcndigt h\u00e4rtere Ma\u00dfnahmen f\u00fcr Landwirte an"},"content":{"rendered":"<p><img decoding=\"async\" src=\"https:\/\/now-news.de\/de\/wp-content\/uploads\/sites\/3\/2025\/05\/682c939cb480cc58573d0b29.jpg\" \/><\/p>\n<div class=\"Text-root Text-type_1 \">\n                Klimaminister Carsten Schneider will Merz-Versprechen umsetzen: &#8220;Deutschland h\u00e4lt international zugesagte Klimaziele ein.&#8221; Deshalb sollen Landwirte Klimaschutzma\u00dfnahmen freiwillig einhalten: trocken gelegte Fl\u00e4chen wieder vern\u00e4ssen und Holznutzung in Laubw\u00e4ldern einschr\u00e4nken.\n            <\/div>\n<p><\/p>\n<div class=\"Text-root Text-type_5 ArticleView-text ViewText-root \">\n<p>Der neue Bundesumwelt- und Klimaschutzminister Carsten Schneider von der SPD wird neue Ma\u00dfnahmen f\u00fcr das Klimaschutzprogramm 2025 entwickeln. In einer <a rel=\"nofollow noopener\" target=\"_blank\" href=\"https:\/\/www.bmuv.de\/rede\/regierungserklaerung-am-15-mai-2025-im-deutschen-bundestag\">Regierungserkl\u00e4rung<\/a> k\u00fcndigte er am vergangenen Donnerstag vor dem Bundestag die Fertigstellung des aktualisierten Klimaschutzprogramms noch bis Ende dieses Jahres an. Zuvor wurde dem neuen Minister der Pr\u00fcfbericht des Expertenrats \u00fcbergeben. Demnach gebe es hinsichtlich eines Ausbaus von Ma\u00dfnahmen vor allem in der Landwirtschaft Handlungsbedarf, so Schneider.<\/p>\n<p>Der Klimaschutzminister erkl\u00e4rte:<\/p>\n<p><em>&#8220;Der Befund zeigt aber auch, dass beim Verkehr, im Bausektor und bei der Landnutzung Defizite bestehen, auch in der Erf\u00fcllung europ\u00e4ischer Klimaschutzvorgaben. Das m\u00fcssen wir gemeinsam in Ordnung bringen; das ist unsere Aufgabe. Ich werde mich deshalb sofort an die Arbeit machen und das Klimaschutzprogramm 2025 voranbringen, das bis Ende dieses Jahres verabschiedet sein muss.&#8221;<\/em><\/p>\n<p>In einem <a rel=\"nofollow noopener\" target=\"_blank\" href=\"https:\/\/www.agrarheute.com\/politik\/haertere-klimamassnahmen-fuer-landwirte-plant-umweltminister-schneider-634425\">Beitrag<\/a> auf <em>Agrarheute<\/em> vom vergangenen Donnerstag wurde wiedergegeben, dass, entsprechend dem Bericht der Experten, insbesondere Landwirten mit Moorfl\u00e4chen h\u00f6here Auflagen drohten \u2013 Holzbauern k\u00f6nnten demnach sogar mit einem Verbot der Holznutzung rechnen. Das Vers\u00e4umen der Klimaziele im Bereich Landwirtschaft w\u00e4re unter den jetzigen Bedingungen so gut wie sicher.<\/p>\n<p>Auf <em>Agrarheute<\/em> hie\u00df es dazu:<\/p>\n<p><em>&#8220;Der Sektor Landnutzung, Landnutzungs\u00e4nderung und Forstwirtschaft, kurz LULUCF, wird seine Klimaziele ab 2030 deutlich verfehlen.&#8221; <\/em><\/p>\n<p>Dieser Bereich w\u00fcrde nach den Projektionsdaten im Pr\u00fcfbericht zu einer CO\u2082-Emissionsquelle. In der Landwirtschaft w\u00fcrde demnach bis zum Jahr 2045 und noch dar\u00fcber hinaus CO\u2082-Gas ausgesto\u00dfen. Dennoch sei der Bereich im Klimaschutzgesetz als &#8220;Senke&#8221; verbucht, anstatt als &#8220;Emissionsquelle&#8221;.<\/p>\n<p><strong>Versprechen von Merz: Deutschland h\u00e4lt &#8220;international zugesagten Klimaziele&#8221; ein<\/strong><\/p>\n<p>Schuld daran sei der schlechte Zustand des deutschen Waldes. Dadurch w\u00fcrde Deutschland seine &#8220;international zugesagten Klimaziele&#8221; deutlich verpassen. Der Bundeskanzler habe ein Versprechen abgegeben, das man nun nicht einhalten k\u00f6nne. Friedrich Merz habe in seiner Regierungserkl\u00e4rung am vergangenen Mittwoch explizit versprochen, die Klimaziele einzuhalten. Weil er aber den Bauern und Waldbauern dabei auch zugesagt habe, ihnen zu vertrauen, setze die Bundesregierung nun auf &#8220;Freiwilligkeit, Anreize und Eigenverantwortung&#8221; der Landwirte bei der Einhaltung seines Versprechens.<\/p>\n<p>Laut Bundes-Klimaschutzgesetz soll der Landwirtschaftssektor bis zum Jahr 2045 insgesamt 40 Millionen Tonnen CO\u2082-\u00c4quivalent einsparen. Dieses Ziel sei nur \u00fcber eine &#8220;drastische&#8221; Einschr\u00e4nkung der Holznutzung zu erreichen. Unterdessen schlug das Umweltbundesamt (UBA) vor, die gesetzlichen Klimaziele durch eine &#8220;Wiedervern\u00e4ssung von rund 83 Prozent von drainierten Moorfl\u00e4chen&#8221; zu erreichen. Dadurch w\u00fcrde man bis 2045 bereits rund 26 Millionen Tonnen CO\u2082-\u00c4quivalent einsparen. Gleichzeitig m\u00fcsse man die Laubholzentnahme um rund 4 Millionen Kubikmeter verringern, um weitere 5,8 Millionen Tonnen CO\u2082-\u00c4quivalent einzusparen.<\/p>\n<p>Wie <em>Agrarheute<\/em> weiter berichtete, seien sowohl die Waldbauern als auch die Landwirte angesichts dieser Vorschl\u00e4ge alarmiert. Anstatt das Versprechen von Merz &#8220;freiwillig&#8221; umzusetzen, forderten sie von der neuen Regierung eine Anpassung an realistischere Potenziale zur CO\u2082-Einsparung und eine Reform des Klimaschutzgesetzes.<\/p>\n<p><strong>Mehr zum Thema<\/strong> \u2013 <a rel=\"nofollow noopener\" target=\"_blank\" href=\"https:\/\/dert.online\/europa\/244970-mehr-wissenschaftsfreiheit-aussortierte-klima-und\/\">EU will entlassene Klima- und Genderforscher aus USA aufnehmen<\/a><\/p>\n<\/div>\n<p><br \/>\n<br \/><a href=\"https:\/\/de.rt.com\/inland\/245502-klimaminister-schneider-kuendigt-haertere-klimamassnahmen\/\">Source link <\/a><\/p>\n","protected":false},"excerpt":{"rendered":"<p>Klimaminister Carsten Schneider will Merz-Versprechen umsetzen: &#8220;Deutschland h\u00e4lt international zugesagte Klimaziele ein.&#8221; Deshalb sollen Landwirte Klimaschutzma\u00dfnahmen freiwillig einhalten: trocken gelegte Fl\u00e4chen wieder vern\u00e4ssen und Holznutzung in Laubw\u00e4ldern einschr\u00e4nken. Der neue Bundesumwelt- und Klimaschutzminister Carsten Schneider von der SPD wird neue Ma\u00dfnahmen f\u00fcr das Klimaschutzprogramm 2025 entwickeln. In einer Regierungserkl\u00e4rung k\u00fcndigte er am vergangenen Donnerstag vor [&hellip;]<\/p>\n","protected":false},"author":3,"featured_media":84150,"comment_status":"open","ping_status":"open","sticky":false,"template":"","format":"standard","meta":{"_yoast_indexnow_last_ping":["1747762986"],"wp_automatic_camp":["217"],"7d35411aaa11e3c986de045f1e962658":["Klimaminister Schneider k\u00fcndigt h\u00e4rtere Ma\u00dfnahmen f\u00fcr Landwirte an"],"original_link":["https:\/\/de.rt.com\/inland\/245502-klimaminister-schneider-kuendigt-haertere-klimamassnahmen\/"],"_thumbnail_id":["84150"],"_wptgpro_p2tg_sent2tg":["a:1:{i:23737;s:19:\"2025-05-20 19:44:10\";}"],"jnews_social_counter_last_update":["1777296467"]},"categories":[19,23],"tags":[221,26548,65114,4224,16060,6534,30165],"yoast_head":"<!-- This site is optimized with the Yoast SEO Premium plugin v22.7 (Yoast SEO v22.7) - https:\/\/yoast.com\/wordpress\/plugins\/seo\/ -->\n<title>Klimaminister Schneider k\u00fcndigt h\u00e4rtere Ma\u00dfnahmen f\u00fcr Landwirte an - just-now.NEWS Deutschland<\/title>\n<meta name=\"robots\" content=\"index, follow, max-snippet:-1, max-image-preview:large, max-video-preview:-1\" \/>\n<link rel=\"canonical\" href=\"https:\/\/now-news.de\/de\/deutschland\/klimaminister-schneider-kuendigt-haertere-massnahmen-fuer-landwirte-an\/\" \/>\n<meta property=\"og:locale\" content=\"de_DE\" \/>\n<meta property=\"og:type\" content=\"article\" \/>\n<meta property=\"og:title\" content=\"Klimaminister Schneider k\u00fcndigt h\u00e4rtere Ma\u00dfnahmen f\u00fcr Landwirte an\" \/>\n<meta property=\"og:description\" content=\"Klimaminister Carsten Schneider will Merz-Versprechen umsetzen: &#8220;Deutschland h\u00e4lt international zugesagte Klimaziele ein.&#8221; Deshalb sollen Landwirte Klimaschutzma\u00dfnahmen freiwillig einhalten: trocken gelegte Fl\u00e4chen wieder vern\u00e4ssen und Holznutzung in Laubw\u00e4ldern einschr\u00e4nken. Der neue Bundesumwelt- und Klimaschutzminister Carsten Schneider von der SPD wird neue Ma\u00dfnahmen f\u00fcr das Klimaschutzprogramm 2025 entwickeln. In einer Regierungserkl\u00e4rung k\u00fcndigte er am vergangenen Donnerstag vor [&hellip;]\" \/>\n<meta property=\"og:url\" content=\"https:\/\/now-news.de\/de\/deutschland\/klimaminister-schneider-kuendigt-haertere-massnahmen-fuer-landwirte-an\/\" \/>\n<meta property=\"og:site_name\" content=\"just-now.NEWS Deutschland\" \/>\n<meta property=\"article:publisher\" content=\"https:\/\/www.facebook.com\/wirmachenauf\" \/>\n<meta property=\"article:published_time\" content=\"2025-05-20T16:09:16+00:00\" \/>\n<meta property=\"og:image\" content=\"https:\/\/now-news.de\/de\/wp-content\/uploads\/sites\/3\/2025\/05\/682c939cb480cc58573d0b29.jpg\" \/>\n<meta name=\"author\" content=\"rtnews\" \/>\n<meta name=\"twitter:card\" content=\"summary_large_image\" \/>\n<meta name=\"twitter:creator\" content=\"@WirMachenAuf_de\" \/>\n<meta name=\"twitter:site\" content=\"@WirMachenAuf_de\" \/>\n<meta name=\"twitter:label1\" content=\"Verfasst von\" \/>\n\t<meta name=\"twitter:data1\" content=\"rtnews\" \/>\n\t<meta name=\"twitter:label2\" content=\"Gesch\u00e4tzte Lesezeit\" \/>\n\t<meta name=\"twitter:data2\" content=\"3\u00a0Minuten\" \/>\n<script type=\"application\/ld+json\" class=\"yoast-schema-graph\">{\"@context\":\"https:\/\/schema.org\",\"@graph\":[{\"@type\":\"Article\",\"@id\":\"https:\/\/now-news.de\/de\/deutschland\/klimaminister-schneider-kuendigt-haertere-massnahmen-fuer-landwirte-an\/#article\",\"isPartOf\":{\"@id\":\"https:\/\/now-news.de\/de\/deutschland\/klimaminister-schneider-kuendigt-haertere-massnahmen-fuer-landwirte-an\/\"},\"author\":{\"name\":\"rtnews\",\"@id\":\"https:\/\/now-news.de\/de\/#\/schema\/person\/fb534a4e865501d8b3285208df34a9b5\"},\"headline\":\"Klimaminister Schneider k\u00fcndigt h\u00e4rtere Ma\u00dfnahmen f\u00fcr Landwirte an\",\"datePublished\":\"2025-05-20T16:09:16+00:00\",\"dateModified\":\"2025-05-20T16:09:16+00:00\",\"mainEntityOfPage\":{\"@id\":\"https:\/\/now-news.de\/de\/deutschland\/klimaminister-schneider-kuendigt-haertere-massnahmen-fuer-landwirte-an\/\"},\"wordCount\":523,\"commentCount\":0,\"publisher\":{\"@id\":\"https:\/\/now-news.de\/de\/#organization\"},\"image\":{\"@id\":\"https:\/\/now-news.de\/de\/deutschland\/klimaminister-schneider-kuendigt-haertere-massnahmen-fuer-landwirte-an\/#primaryimage\"},\"thumbnailUrl\":\"https:\/\/now-news.de\/de\/wp-content\/uploads\/sites\/3\/2025\/05\/Klimaminister-Schneider-kuendigt-haertere-Massnahmen-fuer-Landwirte-an.jpg\",\"keywords\":[\"f\u00fcr\",\"h\u00e4rtere\",\"Klimaminister\",\"k\u00fcndigt\",\"Landwirte\",\"Massnahmen\",\"Schneider\"],\"articleSection\":[\"Deutschland\",\"Russland\"],\"inLanguage\":\"de\",\"potentialAction\":[{\"@type\":\"CommentAction\",\"name\":\"Comment\",\"target\":[\"https:\/\/now-news.de\/de\/deutschland\/klimaminister-schneider-kuendigt-haertere-massnahmen-fuer-landwirte-an\/#respond\"]}]},{\"@type\":\"WebPage\",\"@id\":\"https:\/\/now-news.de\/de\/deutschland\/klimaminister-schneider-kuendigt-haertere-massnahmen-fuer-landwirte-an\/\",\"url\":\"https:\/\/now-news.de\/de\/deutschland\/klimaminister-schneider-kuendigt-haertere-massnahmen-fuer-landwirte-an\/\",\"name\":\"Klimaminister Schneider k\u00fcndigt h\u00e4rtere Ma\u00dfnahmen f\u00fcr Landwirte an - just-now.NEWS Deutschland\",\"isPartOf\":{\"@id\":\"https:\/\/now-news.de\/de\/#website\"},\"primaryImageOfPage\":{\"@id\":\"https:\/\/now-news.de\/de\/deutschland\/klimaminister-schneider-kuendigt-haertere-massnahmen-fuer-landwirte-an\/#primaryimage\"},\"image\":{\"@id\":\"https:\/\/now-news.de\/de\/deutschland\/klimaminister-schneider-kuendigt-haertere-massnahmen-fuer-landwirte-an\/#primaryimage\"},\"thumbnailUrl\":\"https:\/\/now-news.de\/de\/wp-content\/uploads\/sites\/3\/2025\/05\/Klimaminister-Schneider-kuendigt-haertere-Massnahmen-fuer-Landwirte-an.jpg\",\"datePublished\":\"2025-05-20T16:09:16+00:00\",\"dateModified\":\"2025-05-20T16:09:16+00:00\",\"breadcrumb\":{\"@id\":\"https:\/\/now-news.de\/de\/deutschland\/klimaminister-schneider-kuendigt-haertere-massnahmen-fuer-landwirte-an\/#breadcrumb\"},\"inLanguage\":\"de\",\"potentialAction\":[{\"@type\":\"ReadAction\",\"target\":[\"https:\/\/now-news.de\/de\/deutschland\/klimaminister-schneider-kuendigt-haertere-massnahmen-fuer-landwirte-an\/\"]}]},{\"@type\":\"ImageObject\",\"inLanguage\":\"de\",\"@id\":\"https:\/\/now-news.de\/de\/deutschland\/klimaminister-schneider-kuendigt-haertere-massnahmen-fuer-landwirte-an\/#primaryimage\",\"url\":\"https:\/\/now-news.de\/de\/wp-content\/uploads\/sites\/3\/2025\/05\/Klimaminister-Schneider-kuendigt-haertere-Massnahmen-fuer-Landwirte-an.jpg\",\"contentUrl\":\"https:\/\/now-news.de\/de\/wp-content\/uploads\/sites\/3\/2025\/05\/Klimaminister-Schneider-kuendigt-haertere-Massnahmen-fuer-Landwirte-an.jpg\",\"width\":460,\"height\":259,\"caption\":\"Klimaminister Schneider k\u00fcndigt h\u00e4rtere Ma\u00dfnahmen f\u00fcr Landwirte an\"},{\"@type\":\"BreadcrumbList\",\"@id\":\"https:\/\/now-news.de\/de\/deutschland\/klimaminister-schneider-kuendigt-haertere-massnahmen-fuer-landwirte-an\/#breadcrumb\",\"itemListElement\":[{\"@type\":\"ListItem\",\"position\":1,\"name\":\"Home\",\"item\":\"https:\/\/now-news.de\/de\/\"},{\"@type\":\"ListItem\",\"position\":2,\"name\":\"Klimaminister Schneider k\u00fcndigt h\u00e4rtere Ma\u00dfnahmen f\u00fcr Landwirte an\"}]},{\"@type\":\"WebSite\",\"@id\":\"https:\/\/now-news.de\/de\/#website\",\"url\":\"https:\/\/now-news.de\/de\/\",\"name\":\"just-now.NEWS Deutschland\",\"description\":\"Das Portal f\u00fcr unzensierte Nachrichten aus der Welt\",\"publisher\":{\"@id\":\"https:\/\/now-news.de\/de\/#organization\"},\"potentialAction\":[{\"@type\":\"SearchAction\",\"target\":{\"@type\":\"EntryPoint\",\"urlTemplate\":\"https:\/\/now-news.de\/de\/?s={search_term_string}\"},\"query-input\":\"required name=search_term_string\"}],\"inLanguage\":\"de\"},{\"@type\":\"Organization\",\"@id\":\"https:\/\/now-news.de\/de\/#organization\",\"name\":\"Just Now News\",\"url\":\"https:\/\/now-news.de\/de\/\",\"logo\":{\"@type\":\"ImageObject\",\"inLanguage\":\"de\",\"@id\":\"https:\/\/now-news.de\/de\/#\/schema\/logo\/image\/\",\"url\":\"http:\/\/just-now.news\/de\/wp-content\/uploads\/sites\/3\/2022\/04\/logo500x500.jpg\",\"contentUrl\":\"http:\/\/just-now.news\/de\/wp-content\/uploads\/sites\/3\/2022\/04\/logo500x500.jpg\",\"width\":500,\"height\":500,\"caption\":\"Just Now News\"},\"image\":{\"@id\":\"https:\/\/now-news.de\/de\/#\/schema\/logo\/image\/\"},\"sameAs\":[\"https:\/\/www.facebook.com\/wirmachenauf\",\"https:\/\/x.com\/WirMachenAuf_de\"]},{\"@type\":\"Person\",\"@id\":\"https:\/\/now-news.de\/de\/#\/schema\/person\/fb534a4e865501d8b3285208df34a9b5\",\"name\":\"rtnews\",\"image\":{\"@type\":\"ImageObject\",\"inLanguage\":\"de\",\"@id\":\"https:\/\/now-news.de\/de\/#\/schema\/person\/image\/\",\"url\":\"https:\/\/secure.gravatar.com\/avatar\/82aafea7d8127119dd649515f56e2117?s=96&d=mm&r=g\",\"contentUrl\":\"https:\/\/secure.gravatar.com\/avatar\/82aafea7d8127119dd649515f56e2117?s=96&d=mm&r=g\",\"caption\":\"rtnews\"},\"url\":\"https:\/\/now-news.de\/de\/author\/rnews\/\"}]}<\/script>\n<!-- \/ Yoast SEO Premium plugin. -->","yoast_head_json":{"title":"Klimaminister Schneider k\u00fcndigt h\u00e4rtere Ma\u00dfnahmen f\u00fcr Landwirte an - just-now.NEWS Deutschland","robots":{"index":"index","follow":"follow","max-snippet":"max-snippet:-1","max-image-preview":"max-image-preview:large","max-video-preview":"max-video-preview:-1"},"canonical":"https:\/\/now-news.de\/de\/deutschland\/klimaminister-schneider-kuendigt-haertere-massnahmen-fuer-landwirte-an\/","og_locale":"de_DE","og_type":"article","og_title":"Klimaminister Schneider k\u00fcndigt h\u00e4rtere Ma\u00dfnahmen f\u00fcr Landwirte an","og_description":"Klimaminister Carsten Schneider will Merz-Versprechen umsetzen: &#8220;Deutschland h\u00e4lt international zugesagte Klimaziele ein.&#8221; Deshalb sollen Landwirte Klimaschutzma\u00dfnahmen freiwillig einhalten: trocken gelegte Fl\u00e4chen wieder vern\u00e4ssen und Holznutzung in Laubw\u00e4ldern einschr\u00e4nken. Der neue Bundesumwelt- und Klimaschutzminister Carsten Schneider von der SPD wird neue Ma\u00dfnahmen f\u00fcr das Klimaschutzprogramm 2025 entwickeln. In einer Regierungserkl\u00e4rung k\u00fcndigte er am vergangenen Donnerstag vor [&hellip;]","og_url":"https:\/\/now-news.de\/de\/deutschland\/klimaminister-schneider-kuendigt-haertere-massnahmen-fuer-landwirte-an\/","og_site_name":"just-now.NEWS Deutschland","article_publisher":"https:\/\/www.facebook.com\/wirmachenauf","article_published_time":"2025-05-20T16:09:16+00:00","og_image":[{"url":"https:\/\/now-news.de\/de\/wp-content\/uploads\/sites\/3\/2025\/05\/682c939cb480cc58573d0b29.jpg"}],"author":"rtnews","twitter_card":"summary_large_image","twitter_creator":"@WirMachenAuf_de","twitter_site":"@WirMachenAuf_de","twitter_misc":{"Verfasst von":"rtnews","Gesch\u00e4tzte Lesezeit":"3\u00a0Minuten"},"schema":{"@context":"https:\/\/schema.org","@graph":[{"@type":"Article","@id":"https:\/\/now-news.de\/de\/deutschland\/klimaminister-schneider-kuendigt-haertere-massnahmen-fuer-landwirte-an\/#article","isPartOf":{"@id":"https:\/\/now-news.de\/de\/deutschland\/klimaminister-schneider-kuendigt-haertere-massnahmen-fuer-landwirte-an\/"},"author":{"name":"rtnews","@id":"https:\/\/now-news.de\/de\/#\/schema\/person\/fb534a4e865501d8b3285208df34a9b5"},"headline":"Klimaminister Schneider k\u00fcndigt h\u00e4rtere Ma\u00dfnahmen f\u00fcr Landwirte an","datePublished":"2025-05-20T16:09:16+00:00","dateModified":"2025-05-20T16:09:16+00:00","mainEntityOfPage":{"@id":"https:\/\/now-news.de\/de\/deutschland\/klimaminister-schneider-kuendigt-haertere-massnahmen-fuer-landwirte-an\/"},"wordCount":523,"commentCount":0,"publisher":{"@id":"https:\/\/now-news.de\/de\/#organization"},"image":{"@id":"https:\/\/now-news.de\/de\/deutschland\/klimaminister-schneider-kuendigt-haertere-massnahmen-fuer-landwirte-an\/#primaryimage"},"thumbnailUrl":"https:\/\/now-news.de\/de\/wp-content\/uploads\/sites\/3\/2025\/05\/Klimaminister-Schneider-kuendigt-haertere-Massnahmen-fuer-Landwirte-an.jpg","keywords":["f\u00fcr","h\u00e4rtere","Klimaminister","k\u00fcndigt","Landwirte","Massnahmen","Schneider"],"articleSection":["Deutschland","Russland"],"inLanguage":"de","potentialAction":[{"@type":"CommentAction","name":"Comment","target":["https:\/\/now-news.de\/de\/deutschland\/klimaminister-schneider-kuendigt-haertere-massnahmen-fuer-landwirte-an\/#respond"]}]},{"@type":"WebPage","@id":"https:\/\/now-news.de\/de\/deutschland\/klimaminister-schneider-kuendigt-haertere-massnahmen-fuer-landwirte-an\/","url":"https:\/\/now-news.de\/de\/deutschland\/klimaminister-schneider-kuendigt-haertere-massnahmen-fuer-landwirte-an\/","name":"Klimaminister Schneider k\u00fcndigt h\u00e4rtere Ma\u00dfnahmen f\u00fcr Landwirte an - just-now.NEWS Deutschland","isPartOf":{"@id":"https:\/\/now-news.de\/de\/#website"},"primaryImageOfPage":{"@id":"https:\/\/now-news.de\/de\/deutschland\/klimaminister-schneider-kuendigt-haertere-massnahmen-fuer-landwirte-an\/#primaryimage"},"image":{"@id":"https:\/\/now-news.de\/de\/deutschland\/klimaminister-schneider-kuendigt-haertere-massnahmen-fuer-landwirte-an\/#primaryimage"},"thumbnailUrl":"https:\/\/now-news.de\/de\/wp-content\/uploads\/sites\/3\/2025\/05\/Klimaminister-Schneider-kuendigt-haertere-Massnahmen-fuer-Landwirte-an.jpg","datePublished":"2025-05-20T16:09:16+00:00","dateModified":"2025-05-20T16:09:16+00:00","breadcrumb":{"@id":"https:\/\/now-news.de\/de\/deutschland\/klimaminister-schneider-kuendigt-haertere-massnahmen-fuer-landwirte-an\/#breadcrumb"},"inLanguage":"de","potentialAction":[{"@type":"ReadAction","target":["https:\/\/now-news.de\/de\/deutschland\/klimaminister-schneider-kuendigt-haertere-massnahmen-fuer-landwirte-an\/"]}]},{"@type":"ImageObject","inLanguage":"de","@id":"https:\/\/now-news.de\/de\/deutschland\/klimaminister-schneider-kuendigt-haertere-massnahmen-fuer-landwirte-an\/#primaryimage","url":"https:\/\/now-news.de\/de\/wp-content\/uploads\/sites\/3\/2025\/05\/Klimaminister-Schneider-kuendigt-haertere-Massnahmen-fuer-Landwirte-an.jpg","contentUrl":"https:\/\/now-news.de\/de\/wp-content\/uploads\/sites\/3\/2025\/05\/Klimaminister-Schneider-kuendigt-haertere-Massnahmen-fuer-Landwirte-an.jpg","width":460,"height":259,"caption":"Klimaminister Schneider k\u00fcndigt h\u00e4rtere Ma\u00dfnahmen f\u00fcr Landwirte an"},{"@type":"BreadcrumbList","@id":"https:\/\/now-news.de\/de\/deutschland\/klimaminister-schneider-kuendigt-haertere-massnahmen-fuer-landwirte-an\/#breadcrumb","itemListElement":[{"@type":"ListItem","position":1,"name":"Home","item":"https:\/\/now-news.de\/de\/"},{"@type":"ListItem","position":2,"name":"Klimaminister Schneider k\u00fcndigt h\u00e4rtere Ma\u00dfnahmen f\u00fcr Landwirte an"}]},{"@type":"WebSite","@id":"https:\/\/now-news.de\/de\/#website","url":"https:\/\/now-news.de\/de\/","name":"just-now.NEWS Deutschland","description":"Das Portal f\u00fcr unzensierte Nachrichten aus der Welt","publisher":{"@id":"https:\/\/now-news.de\/de\/#organization"},"potentialAction":[{"@type":"SearchAction","target":{"@type":"EntryPoint","urlTemplate":"https:\/\/now-news.de\/de\/?s={search_term_string}"},"query-input":"required name=search_term_string"}],"inLanguage":"de"},{"@type":"Organization","@id":"https:\/\/now-news.de\/de\/#organization","name":"Just Now News","url":"https:\/\/now-news.de\/de\/","logo":{"@type":"ImageObject","inLanguage":"de","@id":"https:\/\/now-news.de\/de\/#\/schema\/logo\/image\/","url":"http:\/\/just-now.news\/de\/wp-content\/uploads\/sites\/3\/2022\/04\/logo500x500.jpg","contentUrl":"http:\/\/just-now.news\/de\/wp-content\/uploads\/sites\/3\/2022\/04\/logo500x500.jpg","width":500,"height":500,"caption":"Just Now News"},"image":{"@id":"https:\/\/now-news.de\/de\/#\/schema\/logo\/image\/"},"sameAs":["https:\/\/www.facebook.com\/wirmachenauf","https:\/\/x.com\/WirMachenAuf_de"]},{"@type":"Person","@id":"https:\/\/now-news.de\/de\/#\/schema\/person\/fb534a4e865501d8b3285208df34a9b5","name":"rtnews","image":{"@type":"ImageObject","inLanguage":"de","@id":"https:\/\/now-news.de\/de\/#\/schema\/person\/image\/","url":"https:\/\/secure.gravatar.com\/avatar\/82aafea7d8127119dd649515f56e2117?s=96&d=mm&r=g","contentUrl":"https:\/\/secure.gravatar.com\/avatar\/82aafea7d8127119dd649515f56e2117?s=96&d=mm&r=g","caption":"rtnews"},"url":"https:\/\/now-news.de\/de\/author\/rnews\/"}]}},"_links":{"self":[{"href":"https:\/\/now-news.de\/de\/wp-json\/wp\/v2\/posts\/84149"}],"collection":[{"href":"https:\/\/now-news.de\/de\/wp-json\/wp\/v2\/posts"}],"about":[{"href":"https:\/\/now-news.de\/de\/wp-json\/wp\/v2\/types\/post"}],"author":[{"embeddable":true,"href":"https:\/\/now-news.de\/de\/wp-json\/wp\/v2\/users\/3"}],"replies":[{"embeddable":true,"href":"https:\/\/now-news.de\/de\/wp-json\/wp\/v2\/comments?post=84149"}],"version-history":[{"count":0,"href":"https:\/\/now-news.de\/de\/wp-json\/wp\/v2\/posts\/84149\/revisions"}],"wp:featuredmedia":[{"embeddable":true,"href":"https:\/\/now-news.de\/de\/wp-json\/wp\/v2\/media\/84150"}],"wp:attachment":[{"href":"https:\/\/now-news.de\/de\/wp-json\/wp\/v2\/media?parent=84149"}],"wp:term":[{"taxonomy":"category","embeddable":true,"href":"https:\/\/now-news.de\/de\/wp-json\/wp\/v2\/categories?post=84149"},{"taxonomy":"post_tag","embeddable":true,"href":"https:\/\/now-news.de\/de\/wp-json\/wp\/v2\/tags?post=84149"}],"curies":[{"name":"wp","href":"https:\/\/api.w.org\/{rel}","templated":true}]}}