{"id":84104,"date":"2025-05-19T22:03:28","date_gmt":"2025-05-19T20:03:28","guid":{"rendered":"https:\/\/now-news.de\/de\/deutschland\/bundesinnenminister-dobrindt-will-verschaerfte-zurueckweisung-von-asylsuchenden-vor-der-eu-begruenden\/"},"modified":"2025-05-19T22:03:28","modified_gmt":"2025-05-19T20:03:28","slug":"bundesinnenminister-dobrindt-will-verschaerfte-zurueckweisung-von-asylsuchenden-vor-der-eu-begruenden","status":"publish","type":"post","link":"https:\/\/now-news.de\/de\/deutschland\/bundesinnenminister-dobrindt-will-verschaerfte-zurueckweisung-von-asylsuchenden-vor-der-eu-begruenden\/","title":{"rendered":"Bundesinnenminister Dobrindt will versch\u00e4rfte Zur\u00fcckweisung von Asylsuchenden vor der EU begr\u00fcnden"},"content":{"rendered":"<p><img decoding=\"async\" src=\"https:\/\/now-news.de\/de\/wp-content\/uploads\/sites\/3\/2025\/05\/682b56adb480cc1a3273768c.jpg\" \/><\/p>\n<div class=\"Text-root Text-type_1 \">\n                Bundesinnenminister Alexander Dobrindt verteidigt die versch\u00e4rfte Zur\u00fcckweisung von Asylsuchenden an deutschen Grenzen vor der EU-Kommission. Diese Vorgehensweise ist \u00e4u\u00dferst umstritten. Kritikern zufolge l\u00e4sst sich die neu eingef\u00fchrte Praxis nicht mit EU-Recht vereinbaren.\n            <\/div>\n<p><\/p>\n<div class=\"Text-root Text-type_5 ArticleView-text ViewText-root \">\n<p>Am 7. Mai hat Bundesinnenminister Alexander Dobrindt der Bundespolizei genehmigt, Asylsuchende an den deutschen Grenzen zur\u00fcckzuweisen. Den Polizisten werde die Zur\u00fcckweisung auch dann erlaubt, wenn ein Schutzantrag in Deutschland gestellt werden soll.<\/p>\n<p>Die neue deutsche Verf\u00fcgung gilt in der EU als umstritten. Wie die <em>Tagesschau<\/em>\u00a0<a rel=\"nofollow noopener\" target=\"_blank\" href=\"https:\/\/www.tagesschau.de\/inland\/dobrindt-zurueckweisungen-102.html\">berichtete<\/a>, k\u00fcndigte Dobrindt am Montag an, er werde gegen\u00fcber der EU-Kommission eine rechtliche Begr\u00fcndung f\u00fcr die Versch\u00e4rfung des Asylrechts in Deutschland liefern.<\/p>\n<p>Vorherige Regierungen hatten die Zur\u00fcckweisungen von Asylantragstellern an deutschen Grenzen abgelehnt. Das Vorgehen sei mit europ\u00e4ischen Recht nicht zu vereinbaren. Mitgliedstaaten seien zumindest dazu verpflichtet, zu ermitteln, welcher Staat f\u00fcr das Asylverfahren zust\u00e4ndig sei. Dobrindt will die Versch\u00e4rfung an deutschen Grenzen vor der EU verteidigen.<\/p>\n<p><strong>Mehr zum Thema<\/strong> \u2013 <a rel=\"nofollow noopener\" target=\"_blank\" href=\"https:\/\/dert.online\/europa\/244773-grossbritannien-laeuft-gefahr-insel-fremden\/\">Gro\u00dfbritannien l\u00e4uft Gefahr, &#8220;Insel der Fremden&#8221; zu werden \u2013 Starmer versch\u00e4rft Migrationspolitik<\/a><\/p>\n<div class=\"EmbedBlock-root EmbedBlock-externalVideo EmbedBlock-rumble\">\n<div class=\"VkEmbed\"><iframe class=\"lazyload\" data-src=\"https:\/\/rumble.com\/embed\/v6rcl4j\" frameborder=\"0\" width=\"853\" height=\"480\" allowfullscreen><\/iframe><\/div>\n<\/div>\n<\/div>\n<p><br \/>\n<br \/><a href=\"https:\/\/de.rt.com\/inland\/245408-bundesinnenminister-dobrindt-will-verschaerfte-zurueckweisung\/\">Source link <\/a><\/p>\n","protected":false},"excerpt":{"rendered":"<p>Bundesinnenminister Alexander Dobrindt verteidigt die versch\u00e4rfte Zur\u00fcckweisung von Asylsuchenden an deutschen Grenzen vor der EU-Kommission. Diese Vorgehensweise ist \u00e4u\u00dferst umstritten. Kritikern zufolge l\u00e4sst sich die neu eingef\u00fchrte Praxis nicht mit EU-Recht vereinbaren. Am 7. Mai hat Bundesinnenminister Alexander Dobrindt der Bundespolizei genehmigt, Asylsuchende an den deutschen Grenzen zur\u00fcckzuweisen. Den Polizisten werde die Zur\u00fcckweisung auch dann [&hellip;]<\/p>\n","protected":false},"author":3,"featured_media":84105,"comment_status":"open","ping_status":"open","sticky":false,"template":"","format":"standard","meta":{"_yoast_indexnow_last_ping":["1747685800"],"wp_automatic_camp":["217"],"c914f738dc4d71e276e318e3374a2086":["Bundesinnenminister Dobrindt will versch\u00e4rfte Zur\u00fcckweisung von Asylsuchenden vor der EU begr\u00fcnden"],"original_link":["https:\/\/de.rt.com\/inland\/245408-bundesinnenminister-dobrindt-will-verschaerfte-zurueckweisung\/"],"_thumbnail_id":["84105"],"jnews_social_counter_last_update":["1777601191"],"_wptgpro_p2tg_sent2tg":["a:1:{i:23737;s:19:\"2025-05-19 22:17:52\";}"]},"categories":[19,23],"tags":[65101,37069,65100,82,32515,33752,50,320,52422],"yoast_head":"<!-- This site is optimized with the Yoast SEO Premium plugin v22.7 (Yoast SEO v22.7) - https:\/\/yoast.com\/wordpress\/plugins\/seo\/ -->\n<title>Bundesinnenminister Dobrindt will versch\u00e4rfte Zur\u00fcckweisung von Asylsuchenden vor der EU begr\u00fcnden - just-now.NEWS Deutschland<\/title>\n<meta name=\"robots\" content=\"index, follow, max-snippet:-1, max-image-preview:large, max-video-preview:-1\" \/>\n<link rel=\"canonical\" href=\"https:\/\/now-news.de\/de\/deutschland\/bundesinnenminister-dobrindt-will-verschaerfte-zurueckweisung-von-asylsuchenden-vor-der-eu-begruenden\/\" \/>\n<meta property=\"og:locale\" content=\"de_DE\" \/>\n<meta property=\"og:type\" content=\"article\" \/>\n<meta property=\"og:title\" content=\"Bundesinnenminister Dobrindt will versch\u00e4rfte Zur\u00fcckweisung von Asylsuchenden vor der EU begr\u00fcnden\" \/>\n<meta property=\"og:description\" content=\"Bundesinnenminister Alexander Dobrindt verteidigt die versch\u00e4rfte Zur\u00fcckweisung von Asylsuchenden an deutschen Grenzen vor der EU-Kommission. Diese Vorgehensweise ist \u00e4u\u00dferst umstritten. Kritikern zufolge l\u00e4sst sich die neu eingef\u00fchrte Praxis nicht mit EU-Recht vereinbaren. Am 7. Mai hat Bundesinnenminister Alexander Dobrindt der Bundespolizei genehmigt, Asylsuchende an den deutschen Grenzen zur\u00fcckzuweisen. Den Polizisten werde die Zur\u00fcckweisung auch dann [&hellip;]\" \/>\n<meta property=\"og:url\" content=\"https:\/\/now-news.de\/de\/deutschland\/bundesinnenminister-dobrindt-will-verschaerfte-zurueckweisung-von-asylsuchenden-vor-der-eu-begruenden\/\" \/>\n<meta property=\"og:site_name\" content=\"just-now.NEWS Deutschland\" \/>\n<meta property=\"article:publisher\" content=\"https:\/\/www.facebook.com\/wirmachenauf\" \/>\n<meta property=\"article:published_time\" content=\"2025-05-19T20:03:28+00:00\" \/>\n<meta property=\"og:image\" content=\"https:\/\/now-news.de\/de\/wp-content\/uploads\/sites\/3\/2025\/05\/682b56adb480cc1a3273768c.jpg\" \/>\n<meta name=\"author\" content=\"rtnews\" \/>\n<meta name=\"twitter:card\" content=\"summary_large_image\" \/>\n<meta name=\"twitter:creator\" content=\"@WirMachenAuf_de\" \/>\n<meta name=\"twitter:site\" content=\"@WirMachenAuf_de\" \/>\n<meta name=\"twitter:label1\" content=\"Verfasst von\" \/>\n\t<meta name=\"twitter:data1\" content=\"rtnews\" \/>\n\t<meta name=\"twitter:label2\" content=\"Gesch\u00e4tzte Lesezeit\" \/>\n\t<meta name=\"twitter:data2\" content=\"1\u00a0Minute\" \/>\n<script type=\"application\/ld+json\" class=\"yoast-schema-graph\">{\"@context\":\"https:\/\/schema.org\",\"@graph\":[{\"@type\":\"Article\",\"@id\":\"https:\/\/now-news.de\/de\/deutschland\/bundesinnenminister-dobrindt-will-verschaerfte-zurueckweisung-von-asylsuchenden-vor-der-eu-begruenden\/#article\",\"isPartOf\":{\"@id\":\"https:\/\/now-news.de\/de\/deutschland\/bundesinnenminister-dobrindt-will-verschaerfte-zurueckweisung-von-asylsuchenden-vor-der-eu-begruenden\/\"},\"author\":{\"name\":\"rtnews\",\"@id\":\"https:\/\/now-news.de\/de\/#\/schema\/person\/fb534a4e865501d8b3285208df34a9b5\"},\"headline\":\"Bundesinnenminister Dobrindt will versch\u00e4rfte Zur\u00fcckweisung von Asylsuchenden vor der EU begr\u00fcnden\",\"datePublished\":\"2025-05-19T20:03:28+00:00\",\"dateModified\":\"2025-05-19T20:03:28+00:00\",\"mainEntityOfPage\":{\"@id\":\"https:\/\/now-news.de\/de\/deutschland\/bundesinnenminister-dobrindt-will-verschaerfte-zurueckweisung-von-asylsuchenden-vor-der-eu-begruenden\/\"},\"wordCount\":195,\"commentCount\":0,\"publisher\":{\"@id\":\"https:\/\/now-news.de\/de\/#organization\"},\"image\":{\"@id\":\"https:\/\/now-news.de\/de\/deutschland\/bundesinnenminister-dobrindt-will-verschaerfte-zurueckweisung-von-asylsuchenden-vor-der-eu-begruenden\/#primaryimage\"},\"thumbnailUrl\":\"https:\/\/now-news.de\/de\/wp-content\/uploads\/sites\/3\/2025\/05\/Bundesinnenminister-Dobrindt-will-verschaerfte-Zurueckweisung-von-Asylsuchenden-vor-der-EU.jpg\",\"keywords\":[\"Asylsuchenden\",\"begr\u00fcnden\",\"Bundesinnenminister\",\"der\",\"Dobrindt\",\"versch\u00e4rfte\",\"von\",\"vor\",\"Zur\u00fcckweisung\"],\"articleSection\":[\"Deutschland\",\"Russland\"],\"inLanguage\":\"de\",\"potentialAction\":[{\"@type\":\"CommentAction\",\"name\":\"Comment\",\"target\":[\"https:\/\/now-news.de\/de\/deutschland\/bundesinnenminister-dobrindt-will-verschaerfte-zurueckweisung-von-asylsuchenden-vor-der-eu-begruenden\/#respond\"]}]},{\"@type\":\"WebPage\",\"@id\":\"https:\/\/now-news.de\/de\/deutschland\/bundesinnenminister-dobrindt-will-verschaerfte-zurueckweisung-von-asylsuchenden-vor-der-eu-begruenden\/\",\"url\":\"https:\/\/now-news.de\/de\/deutschland\/bundesinnenminister-dobrindt-will-verschaerfte-zurueckweisung-von-asylsuchenden-vor-der-eu-begruenden\/\",\"name\":\"Bundesinnenminister Dobrindt will versch\u00e4rfte Zur\u00fcckweisung von Asylsuchenden vor der EU begr\u00fcnden - just-now.NEWS Deutschland\",\"isPartOf\":{\"@id\":\"https:\/\/now-news.de\/de\/#website\"},\"primaryImageOfPage\":{\"@id\":\"https:\/\/now-news.de\/de\/deutschland\/bundesinnenminister-dobrindt-will-verschaerfte-zurueckweisung-von-asylsuchenden-vor-der-eu-begruenden\/#primaryimage\"},\"image\":{\"@id\":\"https:\/\/now-news.de\/de\/deutschland\/bundesinnenminister-dobrindt-will-verschaerfte-zurueckweisung-von-asylsuchenden-vor-der-eu-begruenden\/#primaryimage\"},\"thumbnailUrl\":\"https:\/\/now-news.de\/de\/wp-content\/uploads\/sites\/3\/2025\/05\/Bundesinnenminister-Dobrindt-will-verschaerfte-Zurueckweisung-von-Asylsuchenden-vor-der-EU.jpg\",\"datePublished\":\"2025-05-19T20:03:28+00:00\",\"dateModified\":\"2025-05-19T20:03:28+00:00\",\"breadcrumb\":{\"@id\":\"https:\/\/now-news.de\/de\/deutschland\/bundesinnenminister-dobrindt-will-verschaerfte-zurueckweisung-von-asylsuchenden-vor-der-eu-begruenden\/#breadcrumb\"},\"inLanguage\":\"de\",\"potentialAction\":[{\"@type\":\"ReadAction\",\"target\":[\"https:\/\/now-news.de\/de\/deutschland\/bundesinnenminister-dobrindt-will-verschaerfte-zurueckweisung-von-asylsuchenden-vor-der-eu-begruenden\/\"]}]},{\"@type\":\"ImageObject\",\"inLanguage\":\"de\",\"@id\":\"https:\/\/now-news.de\/de\/deutschland\/bundesinnenminister-dobrindt-will-verschaerfte-zurueckweisung-von-asylsuchenden-vor-der-eu-begruenden\/#primaryimage\",\"url\":\"https:\/\/now-news.de\/de\/wp-content\/uploads\/sites\/3\/2025\/05\/Bundesinnenminister-Dobrindt-will-verschaerfte-Zurueckweisung-von-Asylsuchenden-vor-der-EU.jpg\",\"contentUrl\":\"https:\/\/now-news.de\/de\/wp-content\/uploads\/sites\/3\/2025\/05\/Bundesinnenminister-Dobrindt-will-verschaerfte-Zurueckweisung-von-Asylsuchenden-vor-der-EU.jpg\",\"width\":460,\"height\":259,\"caption\":\"Bundesinnenminister Dobrindt will versch\u00e4rfte Zur\u00fcckweisung von Asylsuchenden vor der EU begr\u00fcnden\"},{\"@type\":\"BreadcrumbList\",\"@id\":\"https:\/\/now-news.de\/de\/deutschland\/bundesinnenminister-dobrindt-will-verschaerfte-zurueckweisung-von-asylsuchenden-vor-der-eu-begruenden\/#breadcrumb\",\"itemListElement\":[{\"@type\":\"ListItem\",\"position\":1,\"name\":\"Home\",\"item\":\"https:\/\/now-news.de\/de\/\"},{\"@type\":\"ListItem\",\"position\":2,\"name\":\"Bundesinnenminister Dobrindt will versch\u00e4rfte Zur\u00fcckweisung von Asylsuchenden vor der EU begr\u00fcnden\"}]},{\"@type\":\"WebSite\",\"@id\":\"https:\/\/now-news.de\/de\/#website\",\"url\":\"https:\/\/now-news.de\/de\/\",\"name\":\"just-now.NEWS Deutschland\",\"description\":\"Das Portal f\u00fcr unzensierte Nachrichten aus der Welt\",\"publisher\":{\"@id\":\"https:\/\/now-news.de\/de\/#organization\"},\"potentialAction\":[{\"@type\":\"SearchAction\",\"target\":{\"@type\":\"EntryPoint\",\"urlTemplate\":\"https:\/\/now-news.de\/de\/?s={search_term_string}\"},\"query-input\":\"required name=search_term_string\"}],\"inLanguage\":\"de\"},{\"@type\":\"Organization\",\"@id\":\"https:\/\/now-news.de\/de\/#organization\",\"name\":\"Just Now News\",\"url\":\"https:\/\/now-news.de\/de\/\",\"logo\":{\"@type\":\"ImageObject\",\"inLanguage\":\"de\",\"@id\":\"https:\/\/now-news.de\/de\/#\/schema\/logo\/image\/\",\"url\":\"http:\/\/just-now.news\/de\/wp-content\/uploads\/sites\/3\/2022\/04\/logo500x500.jpg\",\"contentUrl\":\"http:\/\/just-now.news\/de\/wp-content\/uploads\/sites\/3\/2022\/04\/logo500x500.jpg\",\"width\":500,\"height\":500,\"caption\":\"Just Now News\"},\"image\":{\"@id\":\"https:\/\/now-news.de\/de\/#\/schema\/logo\/image\/\"},\"sameAs\":[\"https:\/\/www.facebook.com\/wirmachenauf\",\"https:\/\/x.com\/WirMachenAuf_de\"]},{\"@type\":\"Person\",\"@id\":\"https:\/\/now-news.de\/de\/#\/schema\/person\/fb534a4e865501d8b3285208df34a9b5\",\"name\":\"rtnews\",\"image\":{\"@type\":\"ImageObject\",\"inLanguage\":\"de\",\"@id\":\"https:\/\/now-news.de\/de\/#\/schema\/person\/image\/\",\"url\":\"https:\/\/secure.gravatar.com\/avatar\/82aafea7d8127119dd649515f56e2117?s=96&d=mm&r=g\",\"contentUrl\":\"https:\/\/secure.gravatar.com\/avatar\/82aafea7d8127119dd649515f56e2117?s=96&d=mm&r=g\",\"caption\":\"rtnews\"},\"url\":\"https:\/\/now-news.de\/de\/author\/rnews\/\"}]}<\/script>\n<!-- \/ Yoast SEO Premium plugin. -->","yoast_head_json":{"title":"Bundesinnenminister Dobrindt will versch\u00e4rfte Zur\u00fcckweisung von Asylsuchenden vor der EU begr\u00fcnden - just-now.NEWS Deutschland","robots":{"index":"index","follow":"follow","max-snippet":"max-snippet:-1","max-image-preview":"max-image-preview:large","max-video-preview":"max-video-preview:-1"},"canonical":"https:\/\/now-news.de\/de\/deutschland\/bundesinnenminister-dobrindt-will-verschaerfte-zurueckweisung-von-asylsuchenden-vor-der-eu-begruenden\/","og_locale":"de_DE","og_type":"article","og_title":"Bundesinnenminister Dobrindt will versch\u00e4rfte Zur\u00fcckweisung von Asylsuchenden vor der EU begr\u00fcnden","og_description":"Bundesinnenminister Alexander Dobrindt verteidigt die versch\u00e4rfte Zur\u00fcckweisung von Asylsuchenden an deutschen Grenzen vor der EU-Kommission. Diese Vorgehensweise ist \u00e4u\u00dferst umstritten. Kritikern zufolge l\u00e4sst sich die neu eingef\u00fchrte Praxis nicht mit EU-Recht vereinbaren. Am 7. Mai hat Bundesinnenminister Alexander Dobrindt der Bundespolizei genehmigt, Asylsuchende an den deutschen Grenzen zur\u00fcckzuweisen. Den Polizisten werde die Zur\u00fcckweisung auch dann [&hellip;]","og_url":"https:\/\/now-news.de\/de\/deutschland\/bundesinnenminister-dobrindt-will-verschaerfte-zurueckweisung-von-asylsuchenden-vor-der-eu-begruenden\/","og_site_name":"just-now.NEWS Deutschland","article_publisher":"https:\/\/www.facebook.com\/wirmachenauf","article_published_time":"2025-05-19T20:03:28+00:00","og_image":[{"url":"https:\/\/now-news.de\/de\/wp-content\/uploads\/sites\/3\/2025\/05\/682b56adb480cc1a3273768c.jpg"}],"author":"rtnews","twitter_card":"summary_large_image","twitter_creator":"@WirMachenAuf_de","twitter_site":"@WirMachenAuf_de","twitter_misc":{"Verfasst von":"rtnews","Gesch\u00e4tzte Lesezeit":"1\u00a0Minute"},"schema":{"@context":"https:\/\/schema.org","@graph":[{"@type":"Article","@id":"https:\/\/now-news.de\/de\/deutschland\/bundesinnenminister-dobrindt-will-verschaerfte-zurueckweisung-von-asylsuchenden-vor-der-eu-begruenden\/#article","isPartOf":{"@id":"https:\/\/now-news.de\/de\/deutschland\/bundesinnenminister-dobrindt-will-verschaerfte-zurueckweisung-von-asylsuchenden-vor-der-eu-begruenden\/"},"author":{"name":"rtnews","@id":"https:\/\/now-news.de\/de\/#\/schema\/person\/fb534a4e865501d8b3285208df34a9b5"},"headline":"Bundesinnenminister Dobrindt will versch\u00e4rfte Zur\u00fcckweisung von Asylsuchenden vor der EU begr\u00fcnden","datePublished":"2025-05-19T20:03:28+00:00","dateModified":"2025-05-19T20:03:28+00:00","mainEntityOfPage":{"@id":"https:\/\/now-news.de\/de\/deutschland\/bundesinnenminister-dobrindt-will-verschaerfte-zurueckweisung-von-asylsuchenden-vor-der-eu-begruenden\/"},"wordCount":195,"commentCount":0,"publisher":{"@id":"https:\/\/now-news.de\/de\/#organization"},"image":{"@id":"https:\/\/now-news.de\/de\/deutschland\/bundesinnenminister-dobrindt-will-verschaerfte-zurueckweisung-von-asylsuchenden-vor-der-eu-begruenden\/#primaryimage"},"thumbnailUrl":"https:\/\/now-news.de\/de\/wp-content\/uploads\/sites\/3\/2025\/05\/Bundesinnenminister-Dobrindt-will-verschaerfte-Zurueckweisung-von-Asylsuchenden-vor-der-EU.jpg","keywords":["Asylsuchenden","begr\u00fcnden","Bundesinnenminister","der","Dobrindt","versch\u00e4rfte","von","vor","Zur\u00fcckweisung"],"articleSection":["Deutschland","Russland"],"inLanguage":"de","potentialAction":[{"@type":"CommentAction","name":"Comment","target":["https:\/\/now-news.de\/de\/deutschland\/bundesinnenminister-dobrindt-will-verschaerfte-zurueckweisung-von-asylsuchenden-vor-der-eu-begruenden\/#respond"]}]},{"@type":"WebPage","@id":"https:\/\/now-news.de\/de\/deutschland\/bundesinnenminister-dobrindt-will-verschaerfte-zurueckweisung-von-asylsuchenden-vor-der-eu-begruenden\/","url":"https:\/\/now-news.de\/de\/deutschland\/bundesinnenminister-dobrindt-will-verschaerfte-zurueckweisung-von-asylsuchenden-vor-der-eu-begruenden\/","name":"Bundesinnenminister Dobrindt will versch\u00e4rfte Zur\u00fcckweisung von Asylsuchenden vor der EU begr\u00fcnden - just-now.NEWS Deutschland","isPartOf":{"@id":"https:\/\/now-news.de\/de\/#website"},"primaryImageOfPage":{"@id":"https:\/\/now-news.de\/de\/deutschland\/bundesinnenminister-dobrindt-will-verschaerfte-zurueckweisung-von-asylsuchenden-vor-der-eu-begruenden\/#primaryimage"},"image":{"@id":"https:\/\/now-news.de\/de\/deutschland\/bundesinnenminister-dobrindt-will-verschaerfte-zurueckweisung-von-asylsuchenden-vor-der-eu-begruenden\/#primaryimage"},"thumbnailUrl":"https:\/\/now-news.de\/de\/wp-content\/uploads\/sites\/3\/2025\/05\/Bundesinnenminister-Dobrindt-will-verschaerfte-Zurueckweisung-von-Asylsuchenden-vor-der-EU.jpg","datePublished":"2025-05-19T20:03:28+00:00","dateModified":"2025-05-19T20:03:28+00:00","breadcrumb":{"@id":"https:\/\/now-news.de\/de\/deutschland\/bundesinnenminister-dobrindt-will-verschaerfte-zurueckweisung-von-asylsuchenden-vor-der-eu-begruenden\/#breadcrumb"},"inLanguage":"de","potentialAction":[{"@type":"ReadAction","target":["https:\/\/now-news.de\/de\/deutschland\/bundesinnenminister-dobrindt-will-verschaerfte-zurueckweisung-von-asylsuchenden-vor-der-eu-begruenden\/"]}]},{"@type":"ImageObject","inLanguage":"de","@id":"https:\/\/now-news.de\/de\/deutschland\/bundesinnenminister-dobrindt-will-verschaerfte-zurueckweisung-von-asylsuchenden-vor-der-eu-begruenden\/#primaryimage","url":"https:\/\/now-news.de\/de\/wp-content\/uploads\/sites\/3\/2025\/05\/Bundesinnenminister-Dobrindt-will-verschaerfte-Zurueckweisung-von-Asylsuchenden-vor-der-EU.jpg","contentUrl":"https:\/\/now-news.de\/de\/wp-content\/uploads\/sites\/3\/2025\/05\/Bundesinnenminister-Dobrindt-will-verschaerfte-Zurueckweisung-von-Asylsuchenden-vor-der-EU.jpg","width":460,"height":259,"caption":"Bundesinnenminister Dobrindt will versch\u00e4rfte Zur\u00fcckweisung von Asylsuchenden vor der EU begr\u00fcnden"},{"@type":"BreadcrumbList","@id":"https:\/\/now-news.de\/de\/deutschland\/bundesinnenminister-dobrindt-will-verschaerfte-zurueckweisung-von-asylsuchenden-vor-der-eu-begruenden\/#breadcrumb","itemListElement":[{"@type":"ListItem","position":1,"name":"Home","item":"https:\/\/now-news.de\/de\/"},{"@type":"ListItem","position":2,"name":"Bundesinnenminister Dobrindt will versch\u00e4rfte Zur\u00fcckweisung von Asylsuchenden vor der EU begr\u00fcnden"}]},{"@type":"WebSite","@id":"https:\/\/now-news.de\/de\/#website","url":"https:\/\/now-news.de\/de\/","name":"just-now.NEWS Deutschland","description":"Das Portal f\u00fcr unzensierte Nachrichten aus der Welt","publisher":{"@id":"https:\/\/now-news.de\/de\/#organization"},"potentialAction":[{"@type":"SearchAction","target":{"@type":"EntryPoint","urlTemplate":"https:\/\/now-news.de\/de\/?s={search_term_string}"},"query-input":"required name=search_term_string"}],"inLanguage":"de"},{"@type":"Organization","@id":"https:\/\/now-news.de\/de\/#organization","name":"Just Now News","url":"https:\/\/now-news.de\/de\/","logo":{"@type":"ImageObject","inLanguage":"de","@id":"https:\/\/now-news.de\/de\/#\/schema\/logo\/image\/","url":"http:\/\/just-now.news\/de\/wp-content\/uploads\/sites\/3\/2022\/04\/logo500x500.jpg","contentUrl":"http:\/\/just-now.news\/de\/wp-content\/uploads\/sites\/3\/2022\/04\/logo500x500.jpg","width":500,"height":500,"caption":"Just Now News"},"image":{"@id":"https:\/\/now-news.de\/de\/#\/schema\/logo\/image\/"},"sameAs":["https:\/\/www.facebook.com\/wirmachenauf","https:\/\/x.com\/WirMachenAuf_de"]},{"@type":"Person","@id":"https:\/\/now-news.de\/de\/#\/schema\/person\/fb534a4e865501d8b3285208df34a9b5","name":"rtnews","image":{"@type":"ImageObject","inLanguage":"de","@id":"https:\/\/now-news.de\/de\/#\/schema\/person\/image\/","url":"https:\/\/secure.gravatar.com\/avatar\/82aafea7d8127119dd649515f56e2117?s=96&d=mm&r=g","contentUrl":"https:\/\/secure.gravatar.com\/avatar\/82aafea7d8127119dd649515f56e2117?s=96&d=mm&r=g","caption":"rtnews"},"url":"https:\/\/now-news.de\/de\/author\/rnews\/"}]}},"_links":{"self":[{"href":"https:\/\/now-news.de\/de\/wp-json\/wp\/v2\/posts\/84104"}],"collection":[{"href":"https:\/\/now-news.de\/de\/wp-json\/wp\/v2\/posts"}],"about":[{"href":"https:\/\/now-news.de\/de\/wp-json\/wp\/v2\/types\/post"}],"author":[{"embeddable":true,"href":"https:\/\/now-news.de\/de\/wp-json\/wp\/v2\/users\/3"}],"replies":[{"embeddable":true,"href":"https:\/\/now-news.de\/de\/wp-json\/wp\/v2\/comments?post=84104"}],"version-history":[{"count":0,"href":"https:\/\/now-news.de\/de\/wp-json\/wp\/v2\/posts\/84104\/revisions"}],"wp:featuredmedia":[{"embeddable":true,"href":"https:\/\/now-news.de\/de\/wp-json\/wp\/v2\/media\/84105"}],"wp:attachment":[{"href":"https:\/\/now-news.de\/de\/wp-json\/wp\/v2\/media?parent=84104"}],"wp:term":[{"taxonomy":"category","embeddable":true,"href":"https:\/\/now-news.de\/de\/wp-json\/wp\/v2\/categories?post=84104"},{"taxonomy":"post_tag","embeddable":true,"href":"https:\/\/now-news.de\/de\/wp-json\/wp\/v2\/tags?post=84104"}],"curies":[{"name":"wp","href":"https:\/\/api.w.org\/{rel}","templated":true}]}}