{"id":84076,"date":"2025-05-19T18:10:07","date_gmt":"2025-05-19T16:10:07","guid":{"rendered":"https:\/\/now-news.de\/de\/deutschland\/provinz-alberta-trump-koennte-kanada-stueck-fuer-stueck-annektieren\/"},"modified":"2025-05-19T18:10:07","modified_gmt":"2025-05-19T16:10:07","slug":"provinz-alberta-trump-koennte-kanada-stueck-fuer-stueck-annektieren","status":"publish","type":"post","link":"https:\/\/now-news.de\/de\/deutschland\/provinz-alberta-trump-koennte-kanada-stueck-fuer-stueck-annektieren\/","title":{"rendered":"Provinz Alberta &#8211; Trump k\u00f6nnte Kanada St\u00fcck f\u00fcr St\u00fcck annektieren"},"content":{"rendered":"<p><img decoding=\"async\" src=\"https:\/\/now-news.de\/de\/wp-content\/uploads\/sites\/3\/2025\/05\/682b2b9048fbef577e7b3f2c.jpg\" \/><\/p>\n<div class=\"Text-root Text-type_1 \">\n                Donald Trump hat seine Pl\u00e4ne einer Annexion Kanadas keinesfalls aufgegeben. Die USA scheinen inzwischen zu versuchen, ihren n\u00f6rdlichen Nachbarn in Teilen anzuschlie\u00dfen und f\u00f6rdern dazu separatistische Tendenzen in einer \u00f6lreichen Provinz Kanadas.\n            <\/div>\n<p><\/p>\n<div class=\"Text-root Text-type_5 ArticleView-text ViewText-root \">\n<p><em>Von Wladimir Kornilow<\/em><\/p>\n<p>Viele hatten den Eindruck, dass Donald Trumps extravagante Idee, Kanada zum 51. Bundesstaat der USA zu machen, verschwunden sei. Nach dem j\u00fcngsten freundlichen Treffen zwischen dem Herrn des Wei\u00dfen Hauses mit dem soeben gew\u00e4hlten Ministerpr\u00e4sidenten des Nachbarlandes, Mark Carney, brachte der Gro\u00dfteil der westlichen Medien Carneys \u00c4u\u00dferung in den Titel: &#8220;Kanada steht nicht zum Verkauf. Und es wird niemals zum Verkauf stehen.&#8221; Die Sache schien erledigt zu sein.<\/p>\n<p>Viele achteten indes nicht auf Trumps friedliebendes Grinsen und seine sofortige Reaktion auf Carneys Aussage: &#8220;Sage niemals nie.&#8221; Der US-Pr\u00e4sident f\u00fcgte hinzu, dass &#8220;f\u00fcr einen Tango zwei ben\u00f6tigt werden.&#8221; Viele werteten dies als ein Eingest\u00e4ndnis, dass in Trumps kompliziertem politischem Tanz der Partner fehle. Doch wer sagt, dass er ausschlie\u00dflich Ottawa meinte? Heute treten die Konturen eines anderen Schemas immer deutlicher zum Vorschein. Als Partner der USA bei der Umsetzung des Plans zum Erwerb des &#8220;51. Bundesstaates&#8221; kann die kanadische Provinz Alberta auftreten.<\/p>\n<p>Am\u00fcsanterweise bezog sich Carney in seiner Tirade \u00fcber die Unm\u00f6glichkeit eines Verkaufs Kanadas auf Trumps Buch &#8220;Die Kunst des Gesch\u00e4fts&#8221;. H\u00e4tte Carney es aufmerksamer gelesen, dann w\u00fcsste er, dass eines der wichtigsten Postulate des Autors ist, sich bei der Wahl der Optionen flexibel zu zeigen. Der damals noch nicht zum Politiker\u00a0aufgestiegene Milliard\u00e4r schrieb:<\/p>\n<p><em>&#8220;Ich h\u00e4nge niemals an einem Gesch\u00e4ft oder einer Option zu sehr fest. Wenn ich ein Gesch\u00e4ft abschlie\u00dfe, komme ich mit mindestens einem halben Dutzend Herangehensweisen daher, denn selbst bei den detailliertesten Pl\u00e4nen kann alles M\u00f6gliche passieren.&#8221;<\/em><\/p>\n<p>Selbstverst\u00e4ndlich war Trump und seinem Team bewusst, dass die Mehrheit der Kanadier nicht zu einem Teil des unter ihnen nicht besonders beliebten Staates werden\u00a0wollen. Doch noch vor einigen Monaten hatten MAGA-Aktivisten begonnen, den aufstrebenden Separatismus von Alberta zu unterst\u00fctzen. Charlie Kirk, ein popul\u00e4rer US-amerikanischer Blogger, <a rel=\"nofollow noopener\" target=\"_blank\" href=\"https:\/\/x.com\/charliekirk11\/status\/1897278079225249976\">schrieb<\/a> im M\u00e4rz:<\/p>\n<p><em>&#8220;Okay, wenn Alberta zum 51. Bundesstaat werden will, ist\u00a0das eine vern\u00fcnftige Idee.&#8221;<\/em><\/p>\n<p>Auch Elon Musk unterst\u00fctzte diese Aussage.<\/p>\n<p>Praktisch gleich darauf <a rel=\"nofollow noopener\" target=\"_blank\" href=\"https:\/\/www.breitbart.com\/politics\/2025\/03\/08\/exclusive-canadian-premier-danielle-smith-trudeau-blew-tariff-negotiations-first-mar-a-lago-meeting\/\">ver\u00f6ffentlichte<\/a> die als Sprachrohr\u00a0von MAGA geltende Nachrichtenwebseite <em>Breitbart<\/em> ein Interview mit Albertas Ministerpr\u00e4sidentin Danielle Smith, die betonte, mit dem Anti-US-Kurs der kanadischen Bundesregierung nicht einverstanden zu sein.\u00a0Dar\u00fcber hinaus\u00a0<a rel=\"nofollow noopener\" target=\"_blank\" href=\"https:\/\/nypost.com\/2025\/03\/15\/world-news\/some-canadians-in-alberta-want-to-join-the-us-as-the-51st-state\/\">publizierte<\/a> die Zeitung <em>New York Post,<\/em>\u00a0die ebenfalls Trumps Kampagne unterst\u00fctzte, einen Artikel \u00fcber Bewohner Albertas, die davon tr\u00e4umten, &#8220;zum 51. Stern&#8221; auf der Flagge der USA zu werden. All das sind wohl kaum Zuf\u00e4lle.<\/p>\n<p>In den\u00a0letzten zwei Wochen erhielten die Nachrichten \u00fcber Albertas Separatismus immer deutlichere Konturen. Smith\u00a0hat\u00a0inzwischen begonnen, offen von einem Referendum \u00fcber eine\u00a0Losl\u00f6sung\u00a0von Kanada zu sprechen. Sie versprach, die Schwelle f\u00fcr die Unterschriftensammlung, die f\u00fcr ein solches Referendum ben\u00f6tigt wird, von 20 auf zehn Prozent der W\u00e4hlerstimmen herabzusetzen. Somit w\u00fcrde es f\u00fcr die Veranstalter des Referendums ausreichen, 180.000 Unterschriften zu sammeln, was als eine durchaus zu bew\u00e4ltigende Aufgabe erscheint. Daher erklingen bereits Behauptungen, dass die Abstimmung bis zum Ende des laufenden Jahres durchgef\u00fchrt werden k\u00f6nnte.<\/p>\n<p>Um Separatismusvorw\u00fcrfe zu vermeiden, behauptet Smith, all das nur zu tun, um die Anh\u00e4nger der Unabh\u00e4ngigkeit Albertas zu entwaffnen und in der Sezessionsfrage einen Punkt zu setzen. Doch Smiths Kritiker ahnen B\u00f6ses und vergleichen sie mit dem britischen Ministerpr\u00e4sidenten David Cameron, der seinerzeit mit ebensolchen Begr\u00fcndungen eine Abstimmung zum Brexit organisiert hatte \u2013 in dem festen Glauben, dass die Gegner des EU-Austritts sie verlieren w\u00fcrden.<\/p>\n<p>F\u00fcr all jene, die denken, dass eine von zehn kanadischen Provinzen keine gro\u00dfe Bedeutung habe, sei erkl\u00e4rt: Alberta ist keine unbedeutende Region. Der L\u00f6wenanteil des kanadischen BIP und Staatshaushalts wird gerade durch diese \u00f6l- und gasreiche Provinz erwirtschaftet. Dabei taten sich die Bewohner dieser Region schon immer schwer mit der aus ihrer Sicht ungerechten Verteilung der Eink\u00fcnfte und Pr\u00e4ferenzen zwischen den Provinzen. Losungen von der Art &#8220;Wir haben Quebec lange genug durchgef\u00fcttert&#8221; genie\u00dfen in diesem Gebiet seit langem Popularit\u00e4t. Nicht umsonst stellte Albertas Regierungschefin zeitgleich mit ihren Ank\u00fcndigungen \u00fcber die M\u00f6glichkeit eines Referendums Forderungen an die Regierung Carney, die Schranken f\u00fcr die Entwicklung der \u00d6l- und Gasindustrie aufzuheben und die Eink\u00fcnfte gerechter umzuverteilen.<\/p>\n<p>Heute zeigen s\u00e4mtliche Umfragen, dass eine recht best\u00e4ndige Mehrheit der Bewohner Albertas, 60 Prozent, dazu neigt, in Kanada zu verbleiben. Doch mit 36 Prozent gibt es auch recht viele Bef\u00fcrworter eines Austritts. Ber\u00fccksichtigt man, dass diese letztere Zahl\u00a0in der j\u00fcngsten Vergangenheit noch zwischen vier und 14 Prozent schwankte, ist dieser Trend f\u00fcr die Anh\u00e4nger eines einheitlichen Kanadas besorgniserregend. Zumal Albertas Einwohner bei den j\u00fcngsten Bundeswahlen mit \u00fcberwiegender Mehrheit f\u00fcr die Konservativen\u00a0gestimmt haben und mit einem Sieg der Liberalen sehr unzufrieden sind.<\/p>\n<p>Mit\u00a0der richtigen Zielsetzung und einer starken Propagandakampagne\u00a0lie\u00dfe sich der Anteil der Bef\u00fcrworter einer Sezession durchaus steigern. Kanadische Medien \u00e4u\u00dfern bereits ihre Besorgnis dar\u00fcber, dass nach dem Treffen zwischen Trump und Carney bei den Medien der US-Republikaner, insbesondere <em>Fox News<\/em>, ein betr\u00e4chtliches Interesse am Thema der Abspaltung Albertas von Kanada erwacht sei. Das ist auch die Antwort auf die Frage, woher Trump einen Partner f\u00fcr seinen kanadischen Tango bekommen k\u00f6nnte.<\/p>\n<p>Anscheinend erh\u00e4lt der US-Pr\u00e4sident mit der Entwicklung der Ereignisse neue Optionen, darunter die M\u00f6glichkeit, Kanada nicht am St\u00fcck, sondern portionsweise an die USA anzuschlie\u00dfen. Schlie\u00dflich schrieb Trump in seinem Buch:<\/p>\n<p><em>&#8220;Ihr Druckmittel ist das, worauf die andere Seite nicht verzichten kann.&#8221;<\/em><\/p>\n<p>Die Eifrigkeit, mit der Trumps Anh\u00e4nger die Idee eines Referendums in Alberta zu unterst\u00fctzen begonnen haben, zeugt davon, dass sie verstehen: ohne diese Provinz wird Kanada als einheitlicher Staat nicht \u00fcberleben k\u00f6nnen. Und Carney wird sich noch \u00f6fter an Trumps stille Replik bei ihrem ersten Treffen in Wei\u00dfen Haus erinnern k\u00f6nnen: &#8220;Sag niemals nie.&#8221; Schade, dass die Weltmedien sie ignoriert haben.<\/p>\n<p><em>\u00dcbersetzt aus dem <a rel=\"nofollow noopener\" target=\"_blank\" href=\"https:\/\/ria.ru\/20250519\/kanada-2017695404.html\">Russischen<\/a>. Zuerst erschienen bei &#8220;RIA Nowosti&#8221; am 19. Mai.<\/em><\/p>\n<p><em>Wladimir Kornilow ist ein sowjetischer, ukrainischer und russischer Politologe, Geschichtswissenschaftler, Journalist, Schriftsteller und gesellschaftlicher Aktivist. Er ist der ehemalige Leiter der ukrainischen Filiale des Instituts der GUS-Staaten in Kiew und Leiter des Zentrums f\u00fcr Eurasische Studien in Den Haag. Nach seiner scharfen Kritik am Euromaidan musste er aus der Ukraine fl\u00fcchten und arbeitet seit 2017 als Kolumnist bei &#8220;Rossija Sewodnja&#8221;. Er f\u00fchrt eine Telegram-Kolumne zu aktuellen politischen Themen.<\/em><\/p>\n<p><strong>Mehr zum Thema &#8211;<\/strong>\u00a0<a rel=\"nofollow noopener\" target=\"_blank\" href=\"https:\/\/freedert.online\/nordamerika\/239008-geschichte-beziehungen-usa-zu-kanada\/\">Aus der Geschichte der Beziehungen zu Kanada lassen sich die wahren Ziele der USA ablesen<\/a><\/p>\n<div class=\"EmbedBlock-root EmbedBlock-externalVideo EmbedBlock-rumble\">\n<div class=\"VkEmbed\"><iframe class=\"lazyload\" data-src=\"https:\/\/rumble.com\/embed\/v6lavor\" frameborder=\"0\" width=\"853\" height=\"480\" allowfullscreen><\/iframe><\/div>\n<\/div>\n<\/div>\n<p><br \/>\n<br \/><a href=\"https:\/\/de.rt.com\/international\/245384-trump-wird-kanada-stueck-fuer\/\">Source link <\/a><\/p>\n","protected":false},"excerpt":{"rendered":"<p>Donald Trump hat seine Pl\u00e4ne einer Annexion Kanadas keinesfalls aufgegeben. Die USA scheinen inzwischen zu versuchen, ihren n\u00f6rdlichen Nachbarn in Teilen anzuschlie\u00dfen und f\u00f6rdern dazu separatistische Tendenzen in einer \u00f6lreichen Provinz Kanadas. Von Wladimir Kornilow Viele hatten den Eindruck, dass Donald Trumps extravagante Idee, Kanada zum 51. Bundesstaat der USA zu machen, verschwunden sei. Nach [&hellip;]<\/p>\n","protected":false},"author":3,"featured_media":84077,"comment_status":"open","ping_status":"open","sticky":false,"template":"","format":"standard","meta":{"_yoast_indexnow_last_ping":["1747671365"],"wp_automatic_camp":["217"],"ff9fd7bcb9a169a729e6d51bdb968740":["Provinz Alberta - Trump k\u00f6nnte Kanada St\u00fcck f\u00fcr St\u00fcck annektieren"],"original_link":["https:\/\/de.rt.com\/international\/245384-trump-wird-kanada-stueck-fuer\/"],"_thumbnail_id":["84077"],"jnews_social_counter_last_update":["1777513102"],"_wptgpro_p2tg_sent2tg":["a:1:{i:23737;s:19:\"2025-05-19 18:17:24\";}"]},"categories":[19,23],"tags":[9581,33335,221,19376,970,3861,25493,1639],"yoast_head":"<!-- This site is optimized with the Yoast SEO Premium plugin v22.7 (Yoast SEO v22.7) - https:\/\/yoast.com\/wordpress\/plugins\/seo\/ -->\n<title>Provinz Alberta - Trump k\u00f6nnte Kanada St\u00fcck f\u00fcr St\u00fcck annektieren - just-now.NEWS Deutschland<\/title>\n<meta name=\"robots\" content=\"index, follow, max-snippet:-1, max-image-preview:large, max-video-preview:-1\" \/>\n<link rel=\"canonical\" href=\"https:\/\/now-news.de\/de\/deutschland\/provinz-alberta-trump-koennte-kanada-stueck-fuer-stueck-annektieren\/\" \/>\n<meta property=\"og:locale\" content=\"de_DE\" \/>\n<meta property=\"og:type\" content=\"article\" \/>\n<meta property=\"og:title\" content=\"Provinz Alberta - Trump k\u00f6nnte Kanada St\u00fcck f\u00fcr St\u00fcck annektieren\" \/>\n<meta property=\"og:description\" content=\"Donald Trump hat seine Pl\u00e4ne einer Annexion Kanadas keinesfalls aufgegeben. Die USA scheinen inzwischen zu versuchen, ihren n\u00f6rdlichen Nachbarn in Teilen anzuschlie\u00dfen und f\u00f6rdern dazu separatistische Tendenzen in einer \u00f6lreichen Provinz Kanadas. Von Wladimir Kornilow Viele hatten den Eindruck, dass Donald Trumps extravagante Idee, Kanada zum 51. Bundesstaat der USA zu machen, verschwunden sei. Nach [&hellip;]\" \/>\n<meta property=\"og:url\" content=\"https:\/\/now-news.de\/de\/deutschland\/provinz-alberta-trump-koennte-kanada-stueck-fuer-stueck-annektieren\/\" \/>\n<meta property=\"og:site_name\" content=\"just-now.NEWS Deutschland\" \/>\n<meta property=\"article:publisher\" content=\"https:\/\/www.facebook.com\/wirmachenauf\" \/>\n<meta property=\"article:published_time\" content=\"2025-05-19T16:10:07+00:00\" \/>\n<meta property=\"og:image\" content=\"https:\/\/now-news.de\/de\/wp-content\/uploads\/sites\/3\/2025\/05\/682b2b9048fbef577e7b3f2c.jpg\" \/>\n<meta name=\"author\" content=\"rtnews\" \/>\n<meta name=\"twitter:card\" content=\"summary_large_image\" \/>\n<meta name=\"twitter:creator\" content=\"@WirMachenAuf_de\" \/>\n<meta name=\"twitter:site\" content=\"@WirMachenAuf_de\" \/>\n<meta name=\"twitter:label1\" content=\"Verfasst von\" \/>\n\t<meta name=\"twitter:data1\" content=\"rtnews\" \/>\n\t<meta name=\"twitter:label2\" content=\"Gesch\u00e4tzte Lesezeit\" \/>\n\t<meta name=\"twitter:data2\" content=\"6\u00a0Minuten\" \/>\n<script type=\"application\/ld+json\" class=\"yoast-schema-graph\">{\"@context\":\"https:\/\/schema.org\",\"@graph\":[{\"@type\":\"Article\",\"@id\":\"https:\/\/now-news.de\/de\/deutschland\/provinz-alberta-trump-koennte-kanada-stueck-fuer-stueck-annektieren\/#article\",\"isPartOf\":{\"@id\":\"https:\/\/now-news.de\/de\/deutschland\/provinz-alberta-trump-koennte-kanada-stueck-fuer-stueck-annektieren\/\"},\"author\":{\"name\":\"rtnews\",\"@id\":\"https:\/\/now-news.de\/de\/#\/schema\/person\/fb534a4e865501d8b3285208df34a9b5\"},\"headline\":\"Provinz Alberta &#8211; Trump k\u00f6nnte Kanada St\u00fcck f\u00fcr St\u00fcck annektieren\",\"datePublished\":\"2025-05-19T16:10:07+00:00\",\"dateModified\":\"2025-05-19T16:10:07+00:00\",\"mainEntityOfPage\":{\"@id\":\"https:\/\/now-news.de\/de\/deutschland\/provinz-alberta-trump-koennte-kanada-stueck-fuer-stueck-annektieren\/\"},\"wordCount\":1138,\"commentCount\":0,\"publisher\":{\"@id\":\"https:\/\/now-news.de\/de\/#organization\"},\"image\":{\"@id\":\"https:\/\/now-news.de\/de\/deutschland\/provinz-alberta-trump-koennte-kanada-stueck-fuer-stueck-annektieren\/#primaryimage\"},\"thumbnailUrl\":\"https:\/\/now-news.de\/de\/wp-content\/uploads\/sites\/3\/2025\/05\/Provinz-Alberta-Trump-koennte-Kanada-Stueck-fuer-Stueck-annektieren.jpg\",\"keywords\":[\"alberta\",\"annektieren\",\"f\u00fcr\",\"Kanada\",\"K\u00f6nnte\",\"Provinz\",\"St\u00fcck\",\"trump\"],\"articleSection\":[\"Deutschland\",\"Russland\"],\"inLanguage\":\"de\",\"potentialAction\":[{\"@type\":\"CommentAction\",\"name\":\"Comment\",\"target\":[\"https:\/\/now-news.de\/de\/deutschland\/provinz-alberta-trump-koennte-kanada-stueck-fuer-stueck-annektieren\/#respond\"]}]},{\"@type\":\"WebPage\",\"@id\":\"https:\/\/now-news.de\/de\/deutschland\/provinz-alberta-trump-koennte-kanada-stueck-fuer-stueck-annektieren\/\",\"url\":\"https:\/\/now-news.de\/de\/deutschland\/provinz-alberta-trump-koennte-kanada-stueck-fuer-stueck-annektieren\/\",\"name\":\"Provinz Alberta - Trump k\u00f6nnte Kanada St\u00fcck f\u00fcr St\u00fcck annektieren - just-now.NEWS Deutschland\",\"isPartOf\":{\"@id\":\"https:\/\/now-news.de\/de\/#website\"},\"primaryImageOfPage\":{\"@id\":\"https:\/\/now-news.de\/de\/deutschland\/provinz-alberta-trump-koennte-kanada-stueck-fuer-stueck-annektieren\/#primaryimage\"},\"image\":{\"@id\":\"https:\/\/now-news.de\/de\/deutschland\/provinz-alberta-trump-koennte-kanada-stueck-fuer-stueck-annektieren\/#primaryimage\"},\"thumbnailUrl\":\"https:\/\/now-news.de\/de\/wp-content\/uploads\/sites\/3\/2025\/05\/Provinz-Alberta-Trump-koennte-Kanada-Stueck-fuer-Stueck-annektieren.jpg\",\"datePublished\":\"2025-05-19T16:10:07+00:00\",\"dateModified\":\"2025-05-19T16:10:07+00:00\",\"breadcrumb\":{\"@id\":\"https:\/\/now-news.de\/de\/deutschland\/provinz-alberta-trump-koennte-kanada-stueck-fuer-stueck-annektieren\/#breadcrumb\"},\"inLanguage\":\"de\",\"potentialAction\":[{\"@type\":\"ReadAction\",\"target\":[\"https:\/\/now-news.de\/de\/deutschland\/provinz-alberta-trump-koennte-kanada-stueck-fuer-stueck-annektieren\/\"]}]},{\"@type\":\"ImageObject\",\"inLanguage\":\"de\",\"@id\":\"https:\/\/now-news.de\/de\/deutschland\/provinz-alberta-trump-koennte-kanada-stueck-fuer-stueck-annektieren\/#primaryimage\",\"url\":\"https:\/\/now-news.de\/de\/wp-content\/uploads\/sites\/3\/2025\/05\/Provinz-Alberta-Trump-koennte-Kanada-Stueck-fuer-Stueck-annektieren.jpg\",\"contentUrl\":\"https:\/\/now-news.de\/de\/wp-content\/uploads\/sites\/3\/2025\/05\/Provinz-Alberta-Trump-koennte-Kanada-Stueck-fuer-Stueck-annektieren.jpg\",\"width\":460,\"height\":259,\"caption\":\"Provinz Alberta - Trump k\u00f6nnte Kanada St\u00fcck f\u00fcr St\u00fcck annektieren\"},{\"@type\":\"BreadcrumbList\",\"@id\":\"https:\/\/now-news.de\/de\/deutschland\/provinz-alberta-trump-koennte-kanada-stueck-fuer-stueck-annektieren\/#breadcrumb\",\"itemListElement\":[{\"@type\":\"ListItem\",\"position\":1,\"name\":\"Home\",\"item\":\"https:\/\/now-news.de\/de\/\"},{\"@type\":\"ListItem\",\"position\":2,\"name\":\"Provinz Alberta &#8211; Trump k\u00f6nnte Kanada St\u00fcck f\u00fcr St\u00fcck annektieren\"}]},{\"@type\":\"WebSite\",\"@id\":\"https:\/\/now-news.de\/de\/#website\",\"url\":\"https:\/\/now-news.de\/de\/\",\"name\":\"just-now.NEWS Deutschland\",\"description\":\"Das Portal f\u00fcr unzensierte Nachrichten aus der Welt\",\"publisher\":{\"@id\":\"https:\/\/now-news.de\/de\/#organization\"},\"potentialAction\":[{\"@type\":\"SearchAction\",\"target\":{\"@type\":\"EntryPoint\",\"urlTemplate\":\"https:\/\/now-news.de\/de\/?s={search_term_string}\"},\"query-input\":\"required name=search_term_string\"}],\"inLanguage\":\"de\"},{\"@type\":\"Organization\",\"@id\":\"https:\/\/now-news.de\/de\/#organization\",\"name\":\"Just Now News\",\"url\":\"https:\/\/now-news.de\/de\/\",\"logo\":{\"@type\":\"ImageObject\",\"inLanguage\":\"de\",\"@id\":\"https:\/\/now-news.de\/de\/#\/schema\/logo\/image\/\",\"url\":\"http:\/\/just-now.news\/de\/wp-content\/uploads\/sites\/3\/2022\/04\/logo500x500.jpg\",\"contentUrl\":\"http:\/\/just-now.news\/de\/wp-content\/uploads\/sites\/3\/2022\/04\/logo500x500.jpg\",\"width\":500,\"height\":500,\"caption\":\"Just Now News\"},\"image\":{\"@id\":\"https:\/\/now-news.de\/de\/#\/schema\/logo\/image\/\"},\"sameAs\":[\"https:\/\/www.facebook.com\/wirmachenauf\",\"https:\/\/x.com\/WirMachenAuf_de\"]},{\"@type\":\"Person\",\"@id\":\"https:\/\/now-news.de\/de\/#\/schema\/person\/fb534a4e865501d8b3285208df34a9b5\",\"name\":\"rtnews\",\"image\":{\"@type\":\"ImageObject\",\"inLanguage\":\"de\",\"@id\":\"https:\/\/now-news.de\/de\/#\/schema\/person\/image\/\",\"url\":\"https:\/\/secure.gravatar.com\/avatar\/82aafea7d8127119dd649515f56e2117?s=96&d=mm&r=g\",\"contentUrl\":\"https:\/\/secure.gravatar.com\/avatar\/82aafea7d8127119dd649515f56e2117?s=96&d=mm&r=g\",\"caption\":\"rtnews\"},\"url\":\"https:\/\/now-news.de\/de\/author\/rnews\/\"}]}<\/script>\n<!-- \/ Yoast SEO Premium plugin. -->","yoast_head_json":{"title":"Provinz Alberta - Trump k\u00f6nnte Kanada St\u00fcck f\u00fcr St\u00fcck annektieren - just-now.NEWS Deutschland","robots":{"index":"index","follow":"follow","max-snippet":"max-snippet:-1","max-image-preview":"max-image-preview:large","max-video-preview":"max-video-preview:-1"},"canonical":"https:\/\/now-news.de\/de\/deutschland\/provinz-alberta-trump-koennte-kanada-stueck-fuer-stueck-annektieren\/","og_locale":"de_DE","og_type":"article","og_title":"Provinz Alberta - Trump k\u00f6nnte Kanada St\u00fcck f\u00fcr St\u00fcck annektieren","og_description":"Donald Trump hat seine Pl\u00e4ne einer Annexion Kanadas keinesfalls aufgegeben. Die USA scheinen inzwischen zu versuchen, ihren n\u00f6rdlichen Nachbarn in Teilen anzuschlie\u00dfen und f\u00f6rdern dazu separatistische Tendenzen in einer \u00f6lreichen Provinz Kanadas. Von Wladimir Kornilow Viele hatten den Eindruck, dass Donald Trumps extravagante Idee, Kanada zum 51. Bundesstaat der USA zu machen, verschwunden sei. Nach [&hellip;]","og_url":"https:\/\/now-news.de\/de\/deutschland\/provinz-alberta-trump-koennte-kanada-stueck-fuer-stueck-annektieren\/","og_site_name":"just-now.NEWS Deutschland","article_publisher":"https:\/\/www.facebook.com\/wirmachenauf","article_published_time":"2025-05-19T16:10:07+00:00","og_image":[{"url":"https:\/\/now-news.de\/de\/wp-content\/uploads\/sites\/3\/2025\/05\/682b2b9048fbef577e7b3f2c.jpg"}],"author":"rtnews","twitter_card":"summary_large_image","twitter_creator":"@WirMachenAuf_de","twitter_site":"@WirMachenAuf_de","twitter_misc":{"Verfasst von":"rtnews","Gesch\u00e4tzte Lesezeit":"6\u00a0Minuten"},"schema":{"@context":"https:\/\/schema.org","@graph":[{"@type":"Article","@id":"https:\/\/now-news.de\/de\/deutschland\/provinz-alberta-trump-koennte-kanada-stueck-fuer-stueck-annektieren\/#article","isPartOf":{"@id":"https:\/\/now-news.de\/de\/deutschland\/provinz-alberta-trump-koennte-kanada-stueck-fuer-stueck-annektieren\/"},"author":{"name":"rtnews","@id":"https:\/\/now-news.de\/de\/#\/schema\/person\/fb534a4e865501d8b3285208df34a9b5"},"headline":"Provinz Alberta &#8211; Trump k\u00f6nnte Kanada St\u00fcck f\u00fcr St\u00fcck annektieren","datePublished":"2025-05-19T16:10:07+00:00","dateModified":"2025-05-19T16:10:07+00:00","mainEntityOfPage":{"@id":"https:\/\/now-news.de\/de\/deutschland\/provinz-alberta-trump-koennte-kanada-stueck-fuer-stueck-annektieren\/"},"wordCount":1138,"commentCount":0,"publisher":{"@id":"https:\/\/now-news.de\/de\/#organization"},"image":{"@id":"https:\/\/now-news.de\/de\/deutschland\/provinz-alberta-trump-koennte-kanada-stueck-fuer-stueck-annektieren\/#primaryimage"},"thumbnailUrl":"https:\/\/now-news.de\/de\/wp-content\/uploads\/sites\/3\/2025\/05\/Provinz-Alberta-Trump-koennte-Kanada-Stueck-fuer-Stueck-annektieren.jpg","keywords":["alberta","annektieren","f\u00fcr","Kanada","K\u00f6nnte","Provinz","St\u00fcck","trump"],"articleSection":["Deutschland","Russland"],"inLanguage":"de","potentialAction":[{"@type":"CommentAction","name":"Comment","target":["https:\/\/now-news.de\/de\/deutschland\/provinz-alberta-trump-koennte-kanada-stueck-fuer-stueck-annektieren\/#respond"]}]},{"@type":"WebPage","@id":"https:\/\/now-news.de\/de\/deutschland\/provinz-alberta-trump-koennte-kanada-stueck-fuer-stueck-annektieren\/","url":"https:\/\/now-news.de\/de\/deutschland\/provinz-alberta-trump-koennte-kanada-stueck-fuer-stueck-annektieren\/","name":"Provinz Alberta - Trump k\u00f6nnte Kanada St\u00fcck f\u00fcr St\u00fcck annektieren - just-now.NEWS Deutschland","isPartOf":{"@id":"https:\/\/now-news.de\/de\/#website"},"primaryImageOfPage":{"@id":"https:\/\/now-news.de\/de\/deutschland\/provinz-alberta-trump-koennte-kanada-stueck-fuer-stueck-annektieren\/#primaryimage"},"image":{"@id":"https:\/\/now-news.de\/de\/deutschland\/provinz-alberta-trump-koennte-kanada-stueck-fuer-stueck-annektieren\/#primaryimage"},"thumbnailUrl":"https:\/\/now-news.de\/de\/wp-content\/uploads\/sites\/3\/2025\/05\/Provinz-Alberta-Trump-koennte-Kanada-Stueck-fuer-Stueck-annektieren.jpg","datePublished":"2025-05-19T16:10:07+00:00","dateModified":"2025-05-19T16:10:07+00:00","breadcrumb":{"@id":"https:\/\/now-news.de\/de\/deutschland\/provinz-alberta-trump-koennte-kanada-stueck-fuer-stueck-annektieren\/#breadcrumb"},"inLanguage":"de","potentialAction":[{"@type":"ReadAction","target":["https:\/\/now-news.de\/de\/deutschland\/provinz-alberta-trump-koennte-kanada-stueck-fuer-stueck-annektieren\/"]}]},{"@type":"ImageObject","inLanguage":"de","@id":"https:\/\/now-news.de\/de\/deutschland\/provinz-alberta-trump-koennte-kanada-stueck-fuer-stueck-annektieren\/#primaryimage","url":"https:\/\/now-news.de\/de\/wp-content\/uploads\/sites\/3\/2025\/05\/Provinz-Alberta-Trump-koennte-Kanada-Stueck-fuer-Stueck-annektieren.jpg","contentUrl":"https:\/\/now-news.de\/de\/wp-content\/uploads\/sites\/3\/2025\/05\/Provinz-Alberta-Trump-koennte-Kanada-Stueck-fuer-Stueck-annektieren.jpg","width":460,"height":259,"caption":"Provinz Alberta - Trump k\u00f6nnte Kanada St\u00fcck f\u00fcr St\u00fcck annektieren"},{"@type":"BreadcrumbList","@id":"https:\/\/now-news.de\/de\/deutschland\/provinz-alberta-trump-koennte-kanada-stueck-fuer-stueck-annektieren\/#breadcrumb","itemListElement":[{"@type":"ListItem","position":1,"name":"Home","item":"https:\/\/now-news.de\/de\/"},{"@type":"ListItem","position":2,"name":"Provinz Alberta &#8211; Trump k\u00f6nnte Kanada St\u00fcck f\u00fcr St\u00fcck annektieren"}]},{"@type":"WebSite","@id":"https:\/\/now-news.de\/de\/#website","url":"https:\/\/now-news.de\/de\/","name":"just-now.NEWS Deutschland","description":"Das Portal f\u00fcr unzensierte Nachrichten aus der Welt","publisher":{"@id":"https:\/\/now-news.de\/de\/#organization"},"potentialAction":[{"@type":"SearchAction","target":{"@type":"EntryPoint","urlTemplate":"https:\/\/now-news.de\/de\/?s={search_term_string}"},"query-input":"required name=search_term_string"}],"inLanguage":"de"},{"@type":"Organization","@id":"https:\/\/now-news.de\/de\/#organization","name":"Just Now News","url":"https:\/\/now-news.de\/de\/","logo":{"@type":"ImageObject","inLanguage":"de","@id":"https:\/\/now-news.de\/de\/#\/schema\/logo\/image\/","url":"http:\/\/just-now.news\/de\/wp-content\/uploads\/sites\/3\/2022\/04\/logo500x500.jpg","contentUrl":"http:\/\/just-now.news\/de\/wp-content\/uploads\/sites\/3\/2022\/04\/logo500x500.jpg","width":500,"height":500,"caption":"Just Now News"},"image":{"@id":"https:\/\/now-news.de\/de\/#\/schema\/logo\/image\/"},"sameAs":["https:\/\/www.facebook.com\/wirmachenauf","https:\/\/x.com\/WirMachenAuf_de"]},{"@type":"Person","@id":"https:\/\/now-news.de\/de\/#\/schema\/person\/fb534a4e865501d8b3285208df34a9b5","name":"rtnews","image":{"@type":"ImageObject","inLanguage":"de","@id":"https:\/\/now-news.de\/de\/#\/schema\/person\/image\/","url":"https:\/\/secure.gravatar.com\/avatar\/82aafea7d8127119dd649515f56e2117?s=96&d=mm&r=g","contentUrl":"https:\/\/secure.gravatar.com\/avatar\/82aafea7d8127119dd649515f56e2117?s=96&d=mm&r=g","caption":"rtnews"},"url":"https:\/\/now-news.de\/de\/author\/rnews\/"}]}},"_links":{"self":[{"href":"https:\/\/now-news.de\/de\/wp-json\/wp\/v2\/posts\/84076"}],"collection":[{"href":"https:\/\/now-news.de\/de\/wp-json\/wp\/v2\/posts"}],"about":[{"href":"https:\/\/now-news.de\/de\/wp-json\/wp\/v2\/types\/post"}],"author":[{"embeddable":true,"href":"https:\/\/now-news.de\/de\/wp-json\/wp\/v2\/users\/3"}],"replies":[{"embeddable":true,"href":"https:\/\/now-news.de\/de\/wp-json\/wp\/v2\/comments?post=84076"}],"version-history":[{"count":0,"href":"https:\/\/now-news.de\/de\/wp-json\/wp\/v2\/posts\/84076\/revisions"}],"wp:featuredmedia":[{"embeddable":true,"href":"https:\/\/now-news.de\/de\/wp-json\/wp\/v2\/media\/84077"}],"wp:attachment":[{"href":"https:\/\/now-news.de\/de\/wp-json\/wp\/v2\/media?parent=84076"}],"wp:term":[{"taxonomy":"category","embeddable":true,"href":"https:\/\/now-news.de\/de\/wp-json\/wp\/v2\/categories?post=84076"},{"taxonomy":"post_tag","embeddable":true,"href":"https:\/\/now-news.de\/de\/wp-json\/wp\/v2\/tags?post=84076"}],"curies":[{"name":"wp","href":"https:\/\/api.w.org\/{rel}","templated":true}]}}