{"id":84030,"date":"2025-05-18T22:00:23","date_gmt":"2025-05-18T20:00:23","guid":{"rendered":"https:\/\/now-news.de\/de\/deutschland\/langes-echo-des-koreakriegs-oder-chuche-ideologie-fuer-russland\/"},"modified":"2025-05-18T22:00:23","modified_gmt":"2025-05-18T20:00:23","slug":"langes-echo-des-koreakriegs-oder-chuche-ideologie-fuer-russland","status":"publish","type":"post","link":"https:\/\/now-news.de\/de\/deutschland\/langes-echo-des-koreakriegs-oder-chuche-ideologie-fuer-russland\/","title":{"rendered":"Langes Echo des Koreakriegs, oder: Chuch\u2019e-Ideologie f\u00fcr Russland"},"content":{"rendered":"<p><img decoding=\"async\" src=\"https:\/\/now-news.de\/de\/wp-content\/uploads\/sites\/3\/2025\/05\/68262fc8b480cc116333002c.jpg\" \/><\/p>\n<div class=\"Text-root Text-type_1 \">\n                Im Juni dieses Jahres j\u00e4hrt sich der Beginn des Koreakriegs zum 75. Mal. Angesichts der Nachrichten \u00fcber die Beteiligung von DVRK-K\u00e4mpfern an der Befreiung des Gebiets Kursk gewinnen die weit zur\u00fcckliegenden Ereignisse der Jahre 1950-1953 eine unerwartete Aktualit\u00e4t.\n            <\/div>\n<p><\/p>\n<div class=\"Text-root Text-type_5 ArticleView-text ViewText-root \">\n<p><em>Von <\/em><em>Wassili <\/em><em>Awtschenko<\/em><\/p>\n<p>Der Koreakrieg, der als B\u00fcrgerkrieg begann, war die erste hei\u00dfe Schlacht des Kalten Krieges und zugleich ein Entwurf des Dritten Weltkriegs. Die Demokratische Volksrepublik Korea wurde von Kim Il-sung angef\u00fchrt, einem Partisanenk\u00e4mpfer, der mehrere Jahre in der UdSSR gelebt hatte und den Rang eines Hauptmanns in der Roten Armee innehatte. Die Republik Korea wurde von Rhee Syng-man angef\u00fchrt, Doktor der Philosophie der Princeton University, der 40 Jahre lang in den USA gelebt hatte. Auf der Seite des S\u00fcdens traten die Vereinigten Staaten an der Spitze eines UN-Kontingents aus \u00fcber ein Dutzend L\u00e4ndern, darunter sogar \u00c4thiopien, Australien und Luxemburg, in den Krieg ein. Auf der Seite des Nordens standen die Chinesischen Volksfreiwilligen von General Peng Dehuai und das sowjetische 64. Kampffliegerkorps.<\/p>\n<p>Sowjetische MiG-15 verteidigten den Himmel \u00fcber Nordkorea gegen die Angriffe der US-Bomber. &#8220;Stalins Falken&#8221; nahmen heimlich am Koreakrieg teil. Die Flugzeuge waren auf chinesischen Flugpl\u00e4tzen stationiert und trugen die Erkennungszeichen der Koreanischen Volksarmee. Der 12. April 1951, der Tag, an dem Oberst Iwan Koschedub (ein ber\u00fchmter Jagdflieger des Gro\u00dfen Vaterl\u00e4ndischen Krieges, dreimaliger Held der Sowjetunion) alle 48 J\u00e4ger seiner Division vom Flugplatz Andong in die Luft schickte, um die Bomberarmada zu treffen, ging als &#8220;Schwarzer Donnerstag&#8221; in die Geschichte der US-Luftfahrt ein. Der 30. Oktober 1951 wurde zum &#8220;Schwarzen Dienstag&#8221;. Die B-29, die &#8220;Superfestungen&#8221;, welche\u00a0gestern noch als unverletzbar galten, wurden nun zu leichten Zielen&#8230;<\/p>\n<p>Der Krieg, der am 38. Breitengrad, der Korea durchschnitt, begann, endete genau dort am 27. Juli 1953, als in der Siedlung Panmunjom ein Waffenstillstandsabkommen unterzeichnet wurde. Dieser Krieg ist lediglich ausgesetzt \u2012 nicht beendet. In letzter Zeit mehren sich die \u00c4u\u00dferungen \u00fcber eine m\u00f6gliche Wiederaufnahme der &#8220;hei\u00dfen&#8221; Phase des Krieges.<\/p>\n<p>Es ist unproduktiv, historische Parallelen zu ziehen, und doch spiegeln sich Vergangenheit und Gegenwart irgendwie ineinander. Es ist unklar, inwieweit es angemessen ist, im Zusammenhang mit den heutigen Ereignissen vom &#8220;koreanischen Szenario&#8221; zu sprechen, aber der historische Reim ist klar: W\u00e4hrend 1950-1953 sowjetische Piloten den Himmel \u00fcber Korea bedeckten und daf\u00fcr mit 120 Menschenleben zahlten, k\u00e4mpfen jetzt koreanische Soldaten f\u00fcr Russland, sammeln dabei unsch\u00e4tzbare Erfahrungen und zahlen die internationale Schuld zur\u00fcck.<\/p>\n<p>In den letzten Jahrzehnten\u00a0erlebten die Beziehungen zwischen Russland und der DVRK eine Reihe von Metamorphosen. In den Jahren der Perestroika lie\u00df Moskau Pj\u00f6ngjang praktisch im Stich. Als die UdSSR 1990 beschloss, diplomatische Beziehungen mit Seoul aufzunehmen, empfing Kim Il-sung den sowjetischen Au\u00dfenminister Eduard Schewardnadse nicht. Dessen nordkoreanischer Amtskollege Kim Y\u014fng-nam sagte daraufhin: &#8220;Sie lassen uns im Stich&#8230; Na dann werden wir Atomwaffen bauen&#8221;. Danach war es an der Zeit,\u00a0mit den Konsequenzen umzugehen. Bereits im Jahr 2000, kaum im Amt als Pr\u00e4sident, reiste Wladimir Putin nach Pj\u00f6ngjang. Anschlie\u00dfend war General Konstantin Pulikowski, der Gesandte des Pr\u00e4sidenten f\u00fcr den Fernen Osten, damit beauftragt, die zerrissenen F\u00e4den wieder zusammenzuf\u00fcgen. Er brachte Kim Jong-il, dem damaligen Oberhaupt der DVRK, originelle Geschenke mit (zum Beispiel einen Walross-Sto\u00dfzahn mit einer Schnitzerei; der koreanische Dolmetscher wusste nicht, was ein Walross ist, und so einigte man sich darauf, dass es sich um einen Elefanten handelt, der im Meer lebt). Im Jahr 2006 wurde in Pj\u00f6ngjang die orthodoxe Dreifaltigkeitskathedrale gebaut und eingeweiht&#8230; Doch auch damals gab es Schwierigkeiten. Im Jahr 2010 schloss sich Russland den vom UN-Sicherheitsrat verh\u00e4ngten Sanktionen gegen Pj\u00f6ngjang an. In den Jahren 2016-2017 verst\u00e4rkte der Westen die Sanktionen und verh\u00e4ngte damit eine regelrechte Blockade gegen die Demokratische Volksrepublik Korea, und Russland musste die R\u00fcckkehr nordkoreanischer Arbeitsmigranten in ihr Heimatland ank\u00fcndigen.<\/p>\n<p>Was damals in der Demokratischen Volksrepublik Korea selbst geschah, war nur wenigen bewusst. Die im Westen gesch\u00fcrte Pj\u00f6ngjang-Phobie beruhte auf glatten L\u00fcgen. Horrorgeschichten \u00fcber Hungersn\u00f6te und Massenerschie\u00dfungen haben etwa den gleichen Realit\u00e4tsgehalt wie die Geschichten sowjetischer Dissidenten dar\u00fcber, wie in der UdSSR Babys gegessen wurden. Als jemand, der viele Male in der DVRK war, kann ich eines sagen: Die Richtung ist klar \u2012 vorw\u00e4rts und aufw\u00e4rts. Mehr Handys und Autos auf den Stra\u00dfen, mehr Eis- und W\u00fcrstchenbuden, mehr neue Geb\u00e4ude&#8230; Hier ein Wasserpark, dort eine Achterbahn. Das Leben wird besser, das Leben macht mehr Spa\u00df \u2012 und das ist nicht ironisch gemeint. Kaum ein anderer Staat h\u00e4tte unter solchen Bedingungen \u00fcberleben k\u00f6nnen. Und die DVRK ist nicht nur dabei, sich selbst zu erhalten, sondern auch zu entwickeln.<\/p>\n<p>Das Land ist durch die Hintert\u00fcr in den Atom- und Weltraumclub eingetreten (&#8220;Man kann auf S\u00fc\u00dfigkeiten und Kekse verzichten, aber nicht auf Munition und Waffen&#8221;, sagte Kim Jong-il). Es ist an der Zeit, das &#8220;nordkoreanische Wunder&#8221; zu erforschen. Die DVRK erinnert an unsere Altgl\u00e4ubigen, die ebenso eifrig ihre Lebensweise vor der Au\u00dfenwelt bewahren und zugleich gezwungen sind, in irgendeiner Form mit dieser Welt zu interagieren.<\/p>\n<p>In den neuen Gegebenheiten wird deutlich, dass die nordkoreanische Chuch\u2019e-Ideologie (auf Russisch wird dieses Wort gew\u00f6hnlich mit &#8220;Selbstst\u00e4ndigkeit&#8221; \u00fcbersetzt) auch f\u00fcr Russland relevant ist. Die gleiche Importsubstitution ist ganz im Sinne von Chuch\u2019e.<\/p>\n<p>Im Sommer 2023 besuchte der damalige russische Verteidigungsminister Sergei Schoigu Pj\u00f6ngjang, woraufhin Ger\u00fcchte \u00fcber die m\u00f6gliche Lieferung von Granaten aus der DVRK, die Beteiligung koreanischer K\u00e4mpfer an der Sonderoperation und Bauarbeiter am Wiederaufbau der zerst\u00f6rten St\u00e4dte im Donbass aufkamen. Kurz darauf besuchte der nordkoreanische Staatschef Kim Jong-un unseren Fernen Osten, wo er sich vor allem mit Verteidigungseinrichtungen vertraut machte. Dann wurde Au\u00dfenminister Sergei Lawrow in Pj\u00f6ngjang empfangen.<\/p>\n<p>Unmittelbar nach seinem Amtsantritt im Jahr 2024 reiste Pr\u00e4sident Putin nicht woanders hin, sondern in die DVRK und nach Vietnam (\u00fcbrigens j\u00e4hrte sich k\u00fcrzlich zum 50. Mal das Ende des Vietnamkriegs, an dem auch die UdSSR beteiligt war, wenn auch inoffiziell, indem sie der Demokratischen Republik Vietnam bei der Wiedervereinigung des Landes und beim Widerstand gegen die US-Amerikaner half). Nun schlossen Russland und die DVRK einen neuen Vertrag \u00fcber eine &#8220;umfassende strategische Partnerschaft&#8221;. Er sieht unter anderem milit\u00e4rischen Beistand im Falle einer Aggression gegen eine der beiden Parteien vor.<\/p>\n<p>Heute scheint Russland in der Lage zu sein, die gegen Pj\u00f6ngjang gerichteten Initiativen des UN-Sicherheitsrats und aller anderen zu \u00fcbersehen. Die s\u00fcdkoreanische Nachrichtenagentur <em>Yonhap<\/em> berichtet, dass im Jahr 2024 mehr als 13.000 nordkoreanische B\u00fcrger nach Russland ausgereist seien, um dort zu arbeiten. Auf Wladiwostoks Kleinanzeigenseiten finden sich zahlreiche Angebote f\u00fcr Bau- und Reparaturdienstleistungen mit dem Vermerk &#8220;Koreaner&#8221; (dies ist ein lokales Qualit\u00e4tszeichen: &#8220;Koreaner&#8221; bedeutet zuverl\u00e4ssig und f\u00fcr angemessenes Geld). Auch die Touristen kommen. Die Flugverbindung zwischen Wladiwostok und Pj\u00f6ngjang wurde wieder aufgenommen, und als N\u00e4chstes steht die Er\u00f6ffnung einer Flugverbindung nach W\u014fnsan an, wo ein riesiger Urlaubsort am Meer fertiggestellt wird. Verwundete russische K\u00e4mpfer erholen sich in koreanischen Sanatorien auf Kosten des Gastlandes. Und koreanische K\u00e4mpfer befreien, wie endlich \u00f6ffentlich verk\u00fcndet, das Gebiet Kursk.<\/p>\n<p>Die Geschichte selbst macht aus der Rhetorik von Russlands &#8220;Wende nach Osten&#8221; eine konkrete Realit\u00e4t. Au\u00dferdem ist es genau der Osten, der gegen den Westen gerichtet ist (Japan zum Beispiel geh\u00f6rt geopolitisch gesehen zum Westen). Nat\u00fcrlich stehen auch andere Richtungen auf der Tagesordnung \u2012 vom hei\u00dfen Afrika bis zur gefrorenen Arktis, wo sich die Situation anscheinend aufheizen wird, und zwar keineswegs wegen der globalen Erw\u00e4rmung.<\/p>\n<p>Die DVRK ist auch dabei, ihre au\u00dfenpolitischen Priorit\u00e4ten zu kl\u00e4ren. Die Klausel \u00fcber die Wiedervereinigung mit dem S\u00fcden wurde aus der Verfassung des Landes gestrichen. Kim Jong-un sagte, S\u00fcdkorea sei jetzt kein Partner f\u00fcr Wiedervereinigungsgespr\u00e4che, sondern ein feindliches Land. Am S\u00fcdeingang von Pj\u00f6ngjang wurde der Wiedervereinigungsbogen, der 2001 in einer Zeit der Ann\u00e4herung zwischen Nord und S\u00fcd errichtet worden war, abgebaut. Ich erinnere mich, dass ich vor 20 Jahren unter diesem Bogen an einem internationalen Marsch mit dem Slogan &#8220;Korea is one&#8221; teilnahm.<\/p>\n<p>Nat\u00fcrlich geht die Geschichte weiter und keine Grenzen sind ein f\u00fcr alle Mal festgelegt. Dennoch ist die Existenz zweier koreanischer Staaten heute eine Gegebenheit. Sprachwissenschaftler streiten sogar dar\u00fcber, ob man noch von Dialekten in Pj\u00f6ngjang und Seoul sprechen kann \u2012 oder ob Nord und S\u00fcd bereits unterschiedliche Sprachen sprechen. Sogar das Wort &#8220;Korea&#8221; selbst klingt in Seoul und Pj\u00f6ngjang unterschiedlich: Hanguk und Joseon.<\/p>\n<p>Der Norden wird immer st\u00e4rker an Russland angebunden und vom S\u00fcden abgetrennt. So wurde k\u00fcrzlich mit dem Bau einer Br\u00fccke \u00fcber den Fluss Tumannaja (koreanisch Tumangang) ganz im S\u00fcden der Region Primorje, in der N\u00e4he des Chassansees, begonnen. Eine provisorische Holzbr\u00fccke \u00fcber diesen Fluss, in dessen Fahrwasser die Grenze zwischen Russland und der DVRK verl\u00e4uft, wurde bereits w\u00e4hrend des Koreakriegs gebaut. Sp\u00e4ter wurde eine gro\u00dfe Eisenbahn-Freundschaftsbr\u00fccke gebaut. Jetzt soll flussabw\u00e4rts eine weitere Br\u00fccke \u2012 eine Autobahnbr\u00fccke \u2012 entstehen. Auf diese Weise \u00fcberwindet das Land, das von den Vereinigten Staaten als Paria und &#8220;Achse des B\u00f6sen&#8221; bezeichnet wird, seine Isolation \u2012 mithilfe Russlands, das sich heute auch auf seine eigene St\u00e4rke und auf die wahren Freunde verl\u00e4sst, von denen es nie viele gibt.<\/p>\n<p><em>\u00dcbersetzt aus dem\u00a0<\/em><a rel=\"nofollow noopener\" target=\"_blank\" href=\"https:\/\/vz.ru\/opinions\/2025\/5\/15\/1330267.html\"><em>Russischen<\/em><\/a><em>. Der Artikel ist am 15. Mai 2025 zuerst in der Zeitung Wsgljad\u00a0erschienen.<\/em><strong><\/strong><\/p>\n<p><em><strong>Wassili\u00a0Awtschenko<\/strong> ist ein russischer Schriftsteller und Journalist.<\/em><\/p>\n<p><strong>Mehr zum Thema<\/strong> \u2013 <a rel=\"nofollow noopener\" target=\"_blank\" href=\"https:\/\/freedert.online\/asien\/241962-dvrk-will-keine-denuklearisierung\/\">Pj\u00f6ngjang will keine Denuklearisierung: &#8220;Das ist unsere Wahl&#8221;<\/a><\/p>\n<div class=\"EmbedBlock-root EmbedBlock-externalVideo EmbedBlock-rumble\">\n<div class=\"VkEmbed\"><iframe class=\"lazyload\" data-src=\"https:\/\/rumble.com\/embed\/v6qphm5\" frameborder=\"0\" width=\"853\" height=\"480\" allowfullscreen><\/iframe><\/div>\n<\/div>\n<\/div>\n<p><br \/>\n<br \/><a href=\"https:\/\/de.rt.com\/meinung\/245074-langes-echo-koreakrieges-oder-chuche\/\">Source link <\/a><\/p>\n","protected":false},"excerpt":{"rendered":"<p>Im Juni dieses Jahres j\u00e4hrt sich der Beginn des Koreakriegs zum 75. Mal. Angesichts der Nachrichten \u00fcber die Beteiligung von DVRK-K\u00e4mpfern an der Befreiung des Gebiets Kursk gewinnen die weit zur\u00fcckliegenden Ereignisse der Jahre 1950-1953 eine unerwartete Aktualit\u00e4t. Von Wassili Awtschenko Der Koreakrieg, der als B\u00fcrgerkrieg begann, war die erste hei\u00dfe Schlacht des Kalten Krieges [&hellip;]<\/p>\n","protected":false},"author":3,"featured_media":84031,"comment_status":"open","ping_status":"open","sticky":false,"template":"","format":"standard","meta":{"_yoast_indexnow_last_ping":["1747598647"],"wp_automatic_camp":["217"],"fd90aeb6262ad1bf4dca7fc2c75a0477":["Langes Echo des Koreakriegs, oder: Chuch\u2019e-Ideologie f\u00fcr Russland"],"original_link":["https:\/\/de.rt.com\/meinung\/245074-langes-echo-koreakrieges-oder-chuche\/"],"_thumbnail_id":["84031"],"_wptgpro_p2tg_sent2tg":["a:1:{i:23737;s:19:\"2025-05-18 22:05:16\";}"],"jnews_social_counter_last_update":["1777641883"]},"categories":[19,23],"tags":[65066,583,12181,221,65065,65064,268,126],"yoast_head":"<!-- This site is optimized with the Yoast SEO Premium plugin v22.7 (Yoast SEO v22.7) - https:\/\/yoast.com\/wordpress\/plugins\/seo\/ -->\n<title>Langes Echo des Koreakriegs, oder: Chuch\u2019e-Ideologie f\u00fcr Russland - just-now.NEWS Deutschland<\/title>\n<meta name=\"robots\" content=\"index, follow, max-snippet:-1, max-image-preview:large, max-video-preview:-1\" \/>\n<link rel=\"canonical\" href=\"https:\/\/now-news.de\/de\/deutschland\/langes-echo-des-koreakriegs-oder-chuche-ideologie-fuer-russland\/\" \/>\n<meta property=\"og:locale\" content=\"de_DE\" \/>\n<meta property=\"og:type\" content=\"article\" \/>\n<meta property=\"og:title\" content=\"Langes Echo des Koreakriegs, oder: Chuch\u2019e-Ideologie f\u00fcr Russland\" \/>\n<meta property=\"og:description\" content=\"Im Juni dieses Jahres j\u00e4hrt sich der Beginn des Koreakriegs zum 75. Mal. Angesichts der Nachrichten \u00fcber die Beteiligung von DVRK-K\u00e4mpfern an der Befreiung des Gebiets Kursk gewinnen die weit zur\u00fcckliegenden Ereignisse der Jahre 1950-1953 eine unerwartete Aktualit\u00e4t. Von Wassili Awtschenko Der Koreakrieg, der als B\u00fcrgerkrieg begann, war die erste hei\u00dfe Schlacht des Kalten Krieges [&hellip;]\" \/>\n<meta property=\"og:url\" content=\"https:\/\/now-news.de\/de\/deutschland\/langes-echo-des-koreakriegs-oder-chuche-ideologie-fuer-russland\/\" \/>\n<meta property=\"og:site_name\" content=\"just-now.NEWS Deutschland\" \/>\n<meta property=\"article:publisher\" content=\"https:\/\/www.facebook.com\/wirmachenauf\" \/>\n<meta property=\"article:published_time\" content=\"2025-05-18T20:00:23+00:00\" \/>\n<meta property=\"og:image\" content=\"https:\/\/now-news.de\/de\/wp-content\/uploads\/sites\/3\/2025\/05\/68262fc8b480cc116333002c.jpg\" \/>\n<meta name=\"author\" content=\"rtnews\" \/>\n<meta name=\"twitter:card\" content=\"summary_large_image\" \/>\n<meta name=\"twitter:creator\" content=\"@WirMachenAuf_de\" \/>\n<meta name=\"twitter:site\" content=\"@WirMachenAuf_de\" \/>\n<meta name=\"twitter:label1\" content=\"Verfasst von\" \/>\n\t<meta name=\"twitter:data1\" content=\"rtnews\" \/>\n\t<meta name=\"twitter:label2\" content=\"Gesch\u00e4tzte Lesezeit\" \/>\n\t<meta name=\"twitter:data2\" content=\"8\u00a0Minuten\" \/>\n<script type=\"application\/ld+json\" class=\"yoast-schema-graph\">{\"@context\":\"https:\/\/schema.org\",\"@graph\":[{\"@type\":\"Article\",\"@id\":\"https:\/\/now-news.de\/de\/deutschland\/langes-echo-des-koreakriegs-oder-chuche-ideologie-fuer-russland\/#article\",\"isPartOf\":{\"@id\":\"https:\/\/now-news.de\/de\/deutschland\/langes-echo-des-koreakriegs-oder-chuche-ideologie-fuer-russland\/\"},\"author\":{\"name\":\"rtnews\",\"@id\":\"https:\/\/now-news.de\/de\/#\/schema\/person\/fb534a4e865501d8b3285208df34a9b5\"},\"headline\":\"Langes Echo des Koreakriegs, oder: Chuch\u2019e-Ideologie f\u00fcr Russland\",\"datePublished\":\"2025-05-18T20:00:23+00:00\",\"dateModified\":\"2025-05-18T20:00:23+00:00\",\"mainEntityOfPage\":{\"@id\":\"https:\/\/now-news.de\/de\/deutschland\/langes-echo-des-koreakriegs-oder-chuche-ideologie-fuer-russland\/\"},\"wordCount\":1591,\"commentCount\":0,\"publisher\":{\"@id\":\"https:\/\/now-news.de\/de\/#organization\"},\"image\":{\"@id\":\"https:\/\/now-news.de\/de\/deutschland\/langes-echo-des-koreakriegs-oder-chuche-ideologie-fuer-russland\/#primaryimage\"},\"thumbnailUrl\":\"https:\/\/now-news.de\/de\/wp-content\/uploads\/sites\/3\/2025\/05\/Langes-Echo-des-Koreakriegs-oder-Chuche-Ideologie-fuer-Russland.jpg\",\"keywords\":[\"ChucheIdeologie\",\"des\",\"Echo\",\"f\u00fcr\",\"Koreakriegs\",\"Langes\",\"oder\",\"russland\"],\"articleSection\":[\"Deutschland\",\"Russland\"],\"inLanguage\":\"de\",\"potentialAction\":[{\"@type\":\"CommentAction\",\"name\":\"Comment\",\"target\":[\"https:\/\/now-news.de\/de\/deutschland\/langes-echo-des-koreakriegs-oder-chuche-ideologie-fuer-russland\/#respond\"]}]},{\"@type\":\"WebPage\",\"@id\":\"https:\/\/now-news.de\/de\/deutschland\/langes-echo-des-koreakriegs-oder-chuche-ideologie-fuer-russland\/\",\"url\":\"https:\/\/now-news.de\/de\/deutschland\/langes-echo-des-koreakriegs-oder-chuche-ideologie-fuer-russland\/\",\"name\":\"Langes Echo des Koreakriegs, oder: Chuch\u2019e-Ideologie f\u00fcr Russland - just-now.NEWS Deutschland\",\"isPartOf\":{\"@id\":\"https:\/\/now-news.de\/de\/#website\"},\"primaryImageOfPage\":{\"@id\":\"https:\/\/now-news.de\/de\/deutschland\/langes-echo-des-koreakriegs-oder-chuche-ideologie-fuer-russland\/#primaryimage\"},\"image\":{\"@id\":\"https:\/\/now-news.de\/de\/deutschland\/langes-echo-des-koreakriegs-oder-chuche-ideologie-fuer-russland\/#primaryimage\"},\"thumbnailUrl\":\"https:\/\/now-news.de\/de\/wp-content\/uploads\/sites\/3\/2025\/05\/Langes-Echo-des-Koreakriegs-oder-Chuche-Ideologie-fuer-Russland.jpg\",\"datePublished\":\"2025-05-18T20:00:23+00:00\",\"dateModified\":\"2025-05-18T20:00:23+00:00\",\"breadcrumb\":{\"@id\":\"https:\/\/now-news.de\/de\/deutschland\/langes-echo-des-koreakriegs-oder-chuche-ideologie-fuer-russland\/#breadcrumb\"},\"inLanguage\":\"de\",\"potentialAction\":[{\"@type\":\"ReadAction\",\"target\":[\"https:\/\/now-news.de\/de\/deutschland\/langes-echo-des-koreakriegs-oder-chuche-ideologie-fuer-russland\/\"]}]},{\"@type\":\"ImageObject\",\"inLanguage\":\"de\",\"@id\":\"https:\/\/now-news.de\/de\/deutschland\/langes-echo-des-koreakriegs-oder-chuche-ideologie-fuer-russland\/#primaryimage\",\"url\":\"https:\/\/now-news.de\/de\/wp-content\/uploads\/sites\/3\/2025\/05\/Langes-Echo-des-Koreakriegs-oder-Chuche-Ideologie-fuer-Russland.jpg\",\"contentUrl\":\"https:\/\/now-news.de\/de\/wp-content\/uploads\/sites\/3\/2025\/05\/Langes-Echo-des-Koreakriegs-oder-Chuche-Ideologie-fuer-Russland.jpg\",\"width\":460,\"height\":259,\"caption\":\"Langes Echo des Koreakriegs, oder: Chuch\u2019e-Ideologie f\u00fcr Russland\"},{\"@type\":\"BreadcrumbList\",\"@id\":\"https:\/\/now-news.de\/de\/deutschland\/langes-echo-des-koreakriegs-oder-chuche-ideologie-fuer-russland\/#breadcrumb\",\"itemListElement\":[{\"@type\":\"ListItem\",\"position\":1,\"name\":\"Home\",\"item\":\"https:\/\/now-news.de\/de\/\"},{\"@type\":\"ListItem\",\"position\":2,\"name\":\"Langes Echo des Koreakriegs, oder: Chuch\u2019e-Ideologie f\u00fcr Russland\"}]},{\"@type\":\"WebSite\",\"@id\":\"https:\/\/now-news.de\/de\/#website\",\"url\":\"https:\/\/now-news.de\/de\/\",\"name\":\"just-now.NEWS Deutschland\",\"description\":\"Das Portal f\u00fcr unzensierte Nachrichten aus der Welt\",\"publisher\":{\"@id\":\"https:\/\/now-news.de\/de\/#organization\"},\"potentialAction\":[{\"@type\":\"SearchAction\",\"target\":{\"@type\":\"EntryPoint\",\"urlTemplate\":\"https:\/\/now-news.de\/de\/?s={search_term_string}\"},\"query-input\":\"required name=search_term_string\"}],\"inLanguage\":\"de\"},{\"@type\":\"Organization\",\"@id\":\"https:\/\/now-news.de\/de\/#organization\",\"name\":\"Just Now News\",\"url\":\"https:\/\/now-news.de\/de\/\",\"logo\":{\"@type\":\"ImageObject\",\"inLanguage\":\"de\",\"@id\":\"https:\/\/now-news.de\/de\/#\/schema\/logo\/image\/\",\"url\":\"http:\/\/just-now.news\/de\/wp-content\/uploads\/sites\/3\/2022\/04\/logo500x500.jpg\",\"contentUrl\":\"http:\/\/just-now.news\/de\/wp-content\/uploads\/sites\/3\/2022\/04\/logo500x500.jpg\",\"width\":500,\"height\":500,\"caption\":\"Just Now News\"},\"image\":{\"@id\":\"https:\/\/now-news.de\/de\/#\/schema\/logo\/image\/\"},\"sameAs\":[\"https:\/\/www.facebook.com\/wirmachenauf\",\"https:\/\/x.com\/WirMachenAuf_de\"]},{\"@type\":\"Person\",\"@id\":\"https:\/\/now-news.de\/de\/#\/schema\/person\/fb534a4e865501d8b3285208df34a9b5\",\"name\":\"rtnews\",\"image\":{\"@type\":\"ImageObject\",\"inLanguage\":\"de\",\"@id\":\"https:\/\/now-news.de\/de\/#\/schema\/person\/image\/\",\"url\":\"https:\/\/secure.gravatar.com\/avatar\/82aafea7d8127119dd649515f56e2117?s=96&d=mm&r=g\",\"contentUrl\":\"https:\/\/secure.gravatar.com\/avatar\/82aafea7d8127119dd649515f56e2117?s=96&d=mm&r=g\",\"caption\":\"rtnews\"},\"url\":\"https:\/\/now-news.de\/de\/author\/rnews\/\"}]}<\/script>\n<!-- \/ Yoast SEO Premium plugin. -->","yoast_head_json":{"title":"Langes Echo des Koreakriegs, oder: Chuch\u2019e-Ideologie f\u00fcr Russland - just-now.NEWS Deutschland","robots":{"index":"index","follow":"follow","max-snippet":"max-snippet:-1","max-image-preview":"max-image-preview:large","max-video-preview":"max-video-preview:-1"},"canonical":"https:\/\/now-news.de\/de\/deutschland\/langes-echo-des-koreakriegs-oder-chuche-ideologie-fuer-russland\/","og_locale":"de_DE","og_type":"article","og_title":"Langes Echo des Koreakriegs, oder: Chuch\u2019e-Ideologie f\u00fcr Russland","og_description":"Im Juni dieses Jahres j\u00e4hrt sich der Beginn des Koreakriegs zum 75. Mal. Angesichts der Nachrichten \u00fcber die Beteiligung von DVRK-K\u00e4mpfern an der Befreiung des Gebiets Kursk gewinnen die weit zur\u00fcckliegenden Ereignisse der Jahre 1950-1953 eine unerwartete Aktualit\u00e4t. Von Wassili Awtschenko Der Koreakrieg, der als B\u00fcrgerkrieg begann, war die erste hei\u00dfe Schlacht des Kalten Krieges [&hellip;]","og_url":"https:\/\/now-news.de\/de\/deutschland\/langes-echo-des-koreakriegs-oder-chuche-ideologie-fuer-russland\/","og_site_name":"just-now.NEWS Deutschland","article_publisher":"https:\/\/www.facebook.com\/wirmachenauf","article_published_time":"2025-05-18T20:00:23+00:00","og_image":[{"url":"https:\/\/now-news.de\/de\/wp-content\/uploads\/sites\/3\/2025\/05\/68262fc8b480cc116333002c.jpg"}],"author":"rtnews","twitter_card":"summary_large_image","twitter_creator":"@WirMachenAuf_de","twitter_site":"@WirMachenAuf_de","twitter_misc":{"Verfasst von":"rtnews","Gesch\u00e4tzte Lesezeit":"8\u00a0Minuten"},"schema":{"@context":"https:\/\/schema.org","@graph":[{"@type":"Article","@id":"https:\/\/now-news.de\/de\/deutschland\/langes-echo-des-koreakriegs-oder-chuche-ideologie-fuer-russland\/#article","isPartOf":{"@id":"https:\/\/now-news.de\/de\/deutschland\/langes-echo-des-koreakriegs-oder-chuche-ideologie-fuer-russland\/"},"author":{"name":"rtnews","@id":"https:\/\/now-news.de\/de\/#\/schema\/person\/fb534a4e865501d8b3285208df34a9b5"},"headline":"Langes Echo des Koreakriegs, oder: Chuch\u2019e-Ideologie f\u00fcr Russland","datePublished":"2025-05-18T20:00:23+00:00","dateModified":"2025-05-18T20:00:23+00:00","mainEntityOfPage":{"@id":"https:\/\/now-news.de\/de\/deutschland\/langes-echo-des-koreakriegs-oder-chuche-ideologie-fuer-russland\/"},"wordCount":1591,"commentCount":0,"publisher":{"@id":"https:\/\/now-news.de\/de\/#organization"},"image":{"@id":"https:\/\/now-news.de\/de\/deutschland\/langes-echo-des-koreakriegs-oder-chuche-ideologie-fuer-russland\/#primaryimage"},"thumbnailUrl":"https:\/\/now-news.de\/de\/wp-content\/uploads\/sites\/3\/2025\/05\/Langes-Echo-des-Koreakriegs-oder-Chuche-Ideologie-fuer-Russland.jpg","keywords":["ChucheIdeologie","des","Echo","f\u00fcr","Koreakriegs","Langes","oder","russland"],"articleSection":["Deutschland","Russland"],"inLanguage":"de","potentialAction":[{"@type":"CommentAction","name":"Comment","target":["https:\/\/now-news.de\/de\/deutschland\/langes-echo-des-koreakriegs-oder-chuche-ideologie-fuer-russland\/#respond"]}]},{"@type":"WebPage","@id":"https:\/\/now-news.de\/de\/deutschland\/langes-echo-des-koreakriegs-oder-chuche-ideologie-fuer-russland\/","url":"https:\/\/now-news.de\/de\/deutschland\/langes-echo-des-koreakriegs-oder-chuche-ideologie-fuer-russland\/","name":"Langes Echo des Koreakriegs, oder: Chuch\u2019e-Ideologie f\u00fcr Russland - just-now.NEWS Deutschland","isPartOf":{"@id":"https:\/\/now-news.de\/de\/#website"},"primaryImageOfPage":{"@id":"https:\/\/now-news.de\/de\/deutschland\/langes-echo-des-koreakriegs-oder-chuche-ideologie-fuer-russland\/#primaryimage"},"image":{"@id":"https:\/\/now-news.de\/de\/deutschland\/langes-echo-des-koreakriegs-oder-chuche-ideologie-fuer-russland\/#primaryimage"},"thumbnailUrl":"https:\/\/now-news.de\/de\/wp-content\/uploads\/sites\/3\/2025\/05\/Langes-Echo-des-Koreakriegs-oder-Chuche-Ideologie-fuer-Russland.jpg","datePublished":"2025-05-18T20:00:23+00:00","dateModified":"2025-05-18T20:00:23+00:00","breadcrumb":{"@id":"https:\/\/now-news.de\/de\/deutschland\/langes-echo-des-koreakriegs-oder-chuche-ideologie-fuer-russland\/#breadcrumb"},"inLanguage":"de","potentialAction":[{"@type":"ReadAction","target":["https:\/\/now-news.de\/de\/deutschland\/langes-echo-des-koreakriegs-oder-chuche-ideologie-fuer-russland\/"]}]},{"@type":"ImageObject","inLanguage":"de","@id":"https:\/\/now-news.de\/de\/deutschland\/langes-echo-des-koreakriegs-oder-chuche-ideologie-fuer-russland\/#primaryimage","url":"https:\/\/now-news.de\/de\/wp-content\/uploads\/sites\/3\/2025\/05\/Langes-Echo-des-Koreakriegs-oder-Chuche-Ideologie-fuer-Russland.jpg","contentUrl":"https:\/\/now-news.de\/de\/wp-content\/uploads\/sites\/3\/2025\/05\/Langes-Echo-des-Koreakriegs-oder-Chuche-Ideologie-fuer-Russland.jpg","width":460,"height":259,"caption":"Langes Echo des Koreakriegs, oder: Chuch\u2019e-Ideologie f\u00fcr Russland"},{"@type":"BreadcrumbList","@id":"https:\/\/now-news.de\/de\/deutschland\/langes-echo-des-koreakriegs-oder-chuche-ideologie-fuer-russland\/#breadcrumb","itemListElement":[{"@type":"ListItem","position":1,"name":"Home","item":"https:\/\/now-news.de\/de\/"},{"@type":"ListItem","position":2,"name":"Langes Echo des Koreakriegs, oder: Chuch\u2019e-Ideologie f\u00fcr Russland"}]},{"@type":"WebSite","@id":"https:\/\/now-news.de\/de\/#website","url":"https:\/\/now-news.de\/de\/","name":"just-now.NEWS Deutschland","description":"Das Portal f\u00fcr unzensierte Nachrichten aus der Welt","publisher":{"@id":"https:\/\/now-news.de\/de\/#organization"},"potentialAction":[{"@type":"SearchAction","target":{"@type":"EntryPoint","urlTemplate":"https:\/\/now-news.de\/de\/?s={search_term_string}"},"query-input":"required name=search_term_string"}],"inLanguage":"de"},{"@type":"Organization","@id":"https:\/\/now-news.de\/de\/#organization","name":"Just Now News","url":"https:\/\/now-news.de\/de\/","logo":{"@type":"ImageObject","inLanguage":"de","@id":"https:\/\/now-news.de\/de\/#\/schema\/logo\/image\/","url":"http:\/\/just-now.news\/de\/wp-content\/uploads\/sites\/3\/2022\/04\/logo500x500.jpg","contentUrl":"http:\/\/just-now.news\/de\/wp-content\/uploads\/sites\/3\/2022\/04\/logo500x500.jpg","width":500,"height":500,"caption":"Just Now News"},"image":{"@id":"https:\/\/now-news.de\/de\/#\/schema\/logo\/image\/"},"sameAs":["https:\/\/www.facebook.com\/wirmachenauf","https:\/\/x.com\/WirMachenAuf_de"]},{"@type":"Person","@id":"https:\/\/now-news.de\/de\/#\/schema\/person\/fb534a4e865501d8b3285208df34a9b5","name":"rtnews","image":{"@type":"ImageObject","inLanguage":"de","@id":"https:\/\/now-news.de\/de\/#\/schema\/person\/image\/","url":"https:\/\/secure.gravatar.com\/avatar\/82aafea7d8127119dd649515f56e2117?s=96&d=mm&r=g","contentUrl":"https:\/\/secure.gravatar.com\/avatar\/82aafea7d8127119dd649515f56e2117?s=96&d=mm&r=g","caption":"rtnews"},"url":"https:\/\/now-news.de\/de\/author\/rnews\/"}]}},"_links":{"self":[{"href":"https:\/\/now-news.de\/de\/wp-json\/wp\/v2\/posts\/84030"}],"collection":[{"href":"https:\/\/now-news.de\/de\/wp-json\/wp\/v2\/posts"}],"about":[{"href":"https:\/\/now-news.de\/de\/wp-json\/wp\/v2\/types\/post"}],"author":[{"embeddable":true,"href":"https:\/\/now-news.de\/de\/wp-json\/wp\/v2\/users\/3"}],"replies":[{"embeddable":true,"href":"https:\/\/now-news.de\/de\/wp-json\/wp\/v2\/comments?post=84030"}],"version-history":[{"count":0,"href":"https:\/\/now-news.de\/de\/wp-json\/wp\/v2\/posts\/84030\/revisions"}],"wp:featuredmedia":[{"embeddable":true,"href":"https:\/\/now-news.de\/de\/wp-json\/wp\/v2\/media\/84031"}],"wp:attachment":[{"href":"https:\/\/now-news.de\/de\/wp-json\/wp\/v2\/media?parent=84030"}],"wp:term":[{"taxonomy":"category","embeddable":true,"href":"https:\/\/now-news.de\/de\/wp-json\/wp\/v2\/categories?post=84030"},{"taxonomy":"post_tag","embeddable":true,"href":"https:\/\/now-news.de\/de\/wp-json\/wp\/v2\/tags?post=84030"}],"curies":[{"name":"wp","href":"https:\/\/api.w.org\/{rel}","templated":true}]}}