{"id":84028,"date":"2025-05-18T21:43:28","date_gmt":"2025-05-18T19:43:28","guid":{"rendered":"https:\/\/now-news.de\/de\/deutschland\/portugal-macht-frankreich-vorwuerfe-wegen-blackout\/"},"modified":"2025-05-18T21:43:28","modified_gmt":"2025-05-18T19:43:28","slug":"portugal-macht-frankreich-vorwuerfe-wegen-blackout","status":"publish","type":"post","link":"https:\/\/now-news.de\/de\/deutschland\/portugal-macht-frankreich-vorwuerfe-wegen-blackout\/","title":{"rendered":"Portugal macht Frankreich Vorw\u00fcrfe wegen Blackout"},"content":{"rendered":"<p><img decoding=\"async\" src=\"https:\/\/now-news.de\/de\/wp-content\/uploads\/sites\/3\/2025\/05\/6829feff48fbef555b098c5a.jpg\" \/><\/p>\n<div class=\"Text-root Text-type_1 \">\n                Lissabon hat nach einem Bericht der Financial Times nach dem j\u00fcngsten gro\u00dffl\u00e4chigen Stromausfall die EU-Kommission gebeten, Druck auf Paris wegen des verz\u00f6gerten Ausbaus von Stromverbindungen auszu\u00fcben.\n            <\/div>\n<p><\/p>\n<div class=\"Text-root Text-type_5 ArticleView-text ViewText-root \">\n<p>Portugal will die EU-Kommission dazu auffordern, Frankreich wegen der begrenzten Stromlieferungen von dort unter Druck zu setzen, berichtete die <em>Financial Times<\/em> am Sonntag unter berufung auf den portugiesischen Energieminister Maria da Graca Carvalho. Dies erfolgt im Zusammenhang mit dem Blackout vom 28. April, der in Spanien, Portugal und Teilen S\u00fcdfrankreichs Millionen f\u00fcr bis zu zehn Stunden ohne Strom lie\u00df.<\/p>\n<p>Portugal soll Paris vorwerfen, kritische Stromverbindungen mit Spanien nicht fertigzustellen und auszubauen \u2013 M\u00e4ngel, die laut Lissabon mit dazu beitragen, den Blackout durch Beschr\u00e4nkungen der grenz\u00fcberschreitenden Energielieferungen zu versch\u00e4rfen. Von Spanien nach Frankreich verlaufen nur f\u00fcnf Versorgungsleitungen. Der Stromausfall gilt als gr\u00f6\u00dfter in der j\u00fcngeren europ\u00e4ischen Geschichte.<\/p>\n<p>Carvalho erkl\u00e4rt, Br\u00fcssel habe nach EU-Recht die M\u00f6glichkeit, \u00fcber die Frage zu entscheiden, und betonte, die schwachen Verbindungen zwischen Frankreich und Spanien behinderten den Energiemarkt in der EU.<\/p>\n<p><em>&#8220;Wir werden die Pr\u00e4sidentin der Kommission mit einbeziehen, um sicherzustellen, dass wir alle integriert werden&#8221;<\/em>, sagte sie und \u00e4u\u00dferte Hoffnung auf eine L\u00f6sung. <em>&#8220;Das ist eine europ\u00e4ische Frage, keine Frage zwischen drei L\u00e4ndern.&#8221;<\/em><\/p>\n<p>Sie dr\u00e4ngte die Kommission zum Einschreiten, wenn der Binnenmarkt gest\u00f6rt werde, und betonte ihre Macht, Druck auf Frankreich auszu\u00fcben, um die Arbeit an der Infrastruktur zu beschleunigen.<\/p>\n<p>Die iberische Halbinsel hat, so die <em>FT<\/em>, mit die schw\u00e4chsten Energieverbindungen in der EU. Die Stromleitungen zwischen Frankreich und Spanien wurden automatisch abgeschaltet, um das gr\u00f6\u00dfere europ\u00e4ische Netz zu sch\u00fctzen, nachdem das spanische anfing, zusammenzubrechen.<\/p>\n<p>Anfang der Woche erkl\u00e4rte die spanische Ministerin f\u00fcr \u00f6kologische Transition, Sara Aagesen, eine anf\u00e4ngliche Untersuchung habe enth\u00fcllt, dass die Kettenreaktion der Netzabschaltungen durch St\u00f6rungen in der Energieerzeugung der Provinzen Granada, Badajoz und Sevilla ausgel\u00f6st worden sei.<\/p>\n<p>Eine erste technische Bewertung durch Entso-E, den europ\u00e4ischen Verband der Netzbetreiber, ergab, dass in S\u00fcdspanien etwa 2,2 Gigawatt Kapazit\u00e4t weniger als eine Minute vor dem v\u00f6lligen Systemzusammenbruch offline gingen. Der Grund f\u00fcr das Versagen der Umspannwerke wird weiterhin untersucht.<\/p>\n<p><strong>Mehr zum Thema<\/strong> \u2013 <a rel=\"nofollow noopener\" target=\"_blank\" href=\"https:\/\/freedert.online\/international\/243881-mega-blackout-ist-preis-fuer\/\">Mega-Blackout \u2013 das ist der Preis f\u00fcr die &#8220;gr\u00fcne Agenda&#8221; <\/a><\/p>\n<div class=\"EmbedBlock-root EmbedBlock-externalVideo EmbedBlock-rumble\">\n<div class=\"VkEmbed\"><iframe class=\"lazyload\" data-src=\"https:\/\/rumble.com\/embed\/v6qkti5\" frameborder=\"0\" width=\"853\" height=\"480\" allowfullscreen><\/iframe><\/div>\n<\/div>\n<\/div>\n<p><br \/>\n<br \/><a href=\"https:\/\/de.rt.com\/europa\/245320-portugal-macht-frankreich-vorwuerfe-wegen\/\">Source link <\/a><\/p>\n","protected":false},"excerpt":{"rendered":"<p>Lissabon hat nach einem Bericht der Financial Times nach dem j\u00fcngsten gro\u00dffl\u00e4chigen Stromausfall die EU-Kommission gebeten, Druck auf Paris wegen des verz\u00f6gerten Ausbaus von Stromverbindungen auszu\u00fcben. Portugal will die EU-Kommission dazu auffordern, Frankreich wegen der begrenzten Stromlieferungen von dort unter Druck zu setzen, berichtete die Financial Times am Sonntag unter berufung auf den portugiesischen Energieminister [&hellip;]<\/p>\n","protected":false},"author":3,"featured_media":84029,"comment_status":"open","ping_status":"open","sticky":false,"template":"","format":"standard","meta":{"_yoast_indexnow_last_ping":["1747597647"],"wp_automatic_camp":["217"],"3e03ba7ec1a99f83e085474526886939":["Portugal macht Frankreich Vorw\u00fcrfe wegen Blackout"],"original_link":["https:\/\/de.rt.com\/europa\/245320-portugal-macht-frankreich-vorwuerfe-wegen\/"],"_thumbnail_id":["84029"],"_wptgpro_p2tg_sent2tg":["a:1:{i:23737;s:19:\"2025-05-18 21:50:03\";}"],"jnews_social_counter_last_update":["1777172107"]},"categories":[19,23],"tags":[13717,3320,4847,6994,3633,145],"yoast_head":"<!-- This site is optimized with the Yoast SEO Premium plugin v22.7 (Yoast SEO v22.7) - https:\/\/yoast.com\/wordpress\/plugins\/seo\/ -->\n<title>Portugal macht Frankreich Vorw\u00fcrfe wegen Blackout - just-now.NEWS Deutschland<\/title>\n<meta name=\"robots\" content=\"index, follow, max-snippet:-1, max-image-preview:large, max-video-preview:-1\" \/>\n<link rel=\"canonical\" href=\"https:\/\/now-news.de\/de\/deutschland\/portugal-macht-frankreich-vorwuerfe-wegen-blackout\/\" \/>\n<meta property=\"og:locale\" content=\"de_DE\" \/>\n<meta property=\"og:type\" content=\"article\" \/>\n<meta property=\"og:title\" content=\"Portugal macht Frankreich Vorw\u00fcrfe wegen Blackout\" \/>\n<meta property=\"og:description\" content=\"Lissabon hat nach einem Bericht der Financial Times nach dem j\u00fcngsten gro\u00dffl\u00e4chigen Stromausfall die EU-Kommission gebeten, Druck auf Paris wegen des verz\u00f6gerten Ausbaus von Stromverbindungen auszu\u00fcben. Portugal will die EU-Kommission dazu auffordern, Frankreich wegen der begrenzten Stromlieferungen von dort unter Druck zu setzen, berichtete die Financial Times am Sonntag unter berufung auf den portugiesischen Energieminister [&hellip;]\" \/>\n<meta property=\"og:url\" content=\"https:\/\/now-news.de\/de\/deutschland\/portugal-macht-frankreich-vorwuerfe-wegen-blackout\/\" \/>\n<meta property=\"og:site_name\" content=\"just-now.NEWS Deutschland\" \/>\n<meta property=\"article:publisher\" content=\"https:\/\/www.facebook.com\/wirmachenauf\" \/>\n<meta property=\"article:published_time\" content=\"2025-05-18T19:43:28+00:00\" \/>\n<meta property=\"og:image\" content=\"https:\/\/now-news.de\/de\/wp-content\/uploads\/sites\/3\/2025\/05\/6829feff48fbef555b098c5a.jpg\" \/>\n<meta name=\"author\" content=\"rtnews\" \/>\n<meta name=\"twitter:card\" content=\"summary_large_image\" \/>\n<meta name=\"twitter:creator\" content=\"@WirMachenAuf_de\" \/>\n<meta name=\"twitter:site\" content=\"@WirMachenAuf_de\" \/>\n<meta name=\"twitter:label1\" content=\"Verfasst von\" \/>\n\t<meta name=\"twitter:data1\" content=\"rtnews\" \/>\n\t<meta name=\"twitter:label2\" content=\"Gesch\u00e4tzte Lesezeit\" \/>\n\t<meta name=\"twitter:data2\" content=\"2\u00a0Minuten\" \/>\n<script type=\"application\/ld+json\" class=\"yoast-schema-graph\">{\"@context\":\"https:\/\/schema.org\",\"@graph\":[{\"@type\":\"Article\",\"@id\":\"https:\/\/now-news.de\/de\/deutschland\/portugal-macht-frankreich-vorwuerfe-wegen-blackout\/#article\",\"isPartOf\":{\"@id\":\"https:\/\/now-news.de\/de\/deutschland\/portugal-macht-frankreich-vorwuerfe-wegen-blackout\/\"},\"author\":{\"name\":\"rtnews\",\"@id\":\"https:\/\/now-news.de\/de\/#\/schema\/person\/fb534a4e865501d8b3285208df34a9b5\"},\"headline\":\"Portugal macht Frankreich Vorw\u00fcrfe wegen Blackout\",\"datePublished\":\"2025-05-18T19:43:28+00:00\",\"dateModified\":\"2025-05-18T19:43:28+00:00\",\"mainEntityOfPage\":{\"@id\":\"https:\/\/now-news.de\/de\/deutschland\/portugal-macht-frankreich-vorwuerfe-wegen-blackout\/\"},\"wordCount\":392,\"commentCount\":0,\"publisher\":{\"@id\":\"https:\/\/now-news.de\/de\/#organization\"},\"image\":{\"@id\":\"https:\/\/now-news.de\/de\/deutschland\/portugal-macht-frankreich-vorwuerfe-wegen-blackout\/#primaryimage\"},\"thumbnailUrl\":\"https:\/\/now-news.de\/de\/wp-content\/uploads\/sites\/3\/2025\/05\/Portugal-macht-Frankreich-Vorwuerfe-wegen-Blackout.jpg\",\"keywords\":[\"Blackout\",\"Frankreich\",\"Macht\",\"Portugal\",\"Vorw\u00fcrfe\",\"wegen\"],\"articleSection\":[\"Deutschland\",\"Russland\"],\"inLanguage\":\"de\",\"potentialAction\":[{\"@type\":\"CommentAction\",\"name\":\"Comment\",\"target\":[\"https:\/\/now-news.de\/de\/deutschland\/portugal-macht-frankreich-vorwuerfe-wegen-blackout\/#respond\"]}]},{\"@type\":\"WebPage\",\"@id\":\"https:\/\/now-news.de\/de\/deutschland\/portugal-macht-frankreich-vorwuerfe-wegen-blackout\/\",\"url\":\"https:\/\/now-news.de\/de\/deutschland\/portugal-macht-frankreich-vorwuerfe-wegen-blackout\/\",\"name\":\"Portugal macht Frankreich Vorw\u00fcrfe wegen Blackout - just-now.NEWS Deutschland\",\"isPartOf\":{\"@id\":\"https:\/\/now-news.de\/de\/#website\"},\"primaryImageOfPage\":{\"@id\":\"https:\/\/now-news.de\/de\/deutschland\/portugal-macht-frankreich-vorwuerfe-wegen-blackout\/#primaryimage\"},\"image\":{\"@id\":\"https:\/\/now-news.de\/de\/deutschland\/portugal-macht-frankreich-vorwuerfe-wegen-blackout\/#primaryimage\"},\"thumbnailUrl\":\"https:\/\/now-news.de\/de\/wp-content\/uploads\/sites\/3\/2025\/05\/Portugal-macht-Frankreich-Vorwuerfe-wegen-Blackout.jpg\",\"datePublished\":\"2025-05-18T19:43:28+00:00\",\"dateModified\":\"2025-05-18T19:43:28+00:00\",\"breadcrumb\":{\"@id\":\"https:\/\/now-news.de\/de\/deutschland\/portugal-macht-frankreich-vorwuerfe-wegen-blackout\/#breadcrumb\"},\"inLanguage\":\"de\",\"potentialAction\":[{\"@type\":\"ReadAction\",\"target\":[\"https:\/\/now-news.de\/de\/deutschland\/portugal-macht-frankreich-vorwuerfe-wegen-blackout\/\"]}]},{\"@type\":\"ImageObject\",\"inLanguage\":\"de\",\"@id\":\"https:\/\/now-news.de\/de\/deutschland\/portugal-macht-frankreich-vorwuerfe-wegen-blackout\/#primaryimage\",\"url\":\"https:\/\/now-news.de\/de\/wp-content\/uploads\/sites\/3\/2025\/05\/Portugal-macht-Frankreich-Vorwuerfe-wegen-Blackout.jpg\",\"contentUrl\":\"https:\/\/now-news.de\/de\/wp-content\/uploads\/sites\/3\/2025\/05\/Portugal-macht-Frankreich-Vorwuerfe-wegen-Blackout.jpg\",\"width\":460,\"height\":259,\"caption\":\"Portugal macht Frankreich Vorw\u00fcrfe wegen Blackout\"},{\"@type\":\"BreadcrumbList\",\"@id\":\"https:\/\/now-news.de\/de\/deutschland\/portugal-macht-frankreich-vorwuerfe-wegen-blackout\/#breadcrumb\",\"itemListElement\":[{\"@type\":\"ListItem\",\"position\":1,\"name\":\"Home\",\"item\":\"https:\/\/now-news.de\/de\/\"},{\"@type\":\"ListItem\",\"position\":2,\"name\":\"Portugal macht Frankreich Vorw\u00fcrfe wegen Blackout\"}]},{\"@type\":\"WebSite\",\"@id\":\"https:\/\/now-news.de\/de\/#website\",\"url\":\"https:\/\/now-news.de\/de\/\",\"name\":\"just-now.NEWS Deutschland\",\"description\":\"Das Portal f\u00fcr unzensierte Nachrichten aus der Welt\",\"publisher\":{\"@id\":\"https:\/\/now-news.de\/de\/#organization\"},\"potentialAction\":[{\"@type\":\"SearchAction\",\"target\":{\"@type\":\"EntryPoint\",\"urlTemplate\":\"https:\/\/now-news.de\/de\/?s={search_term_string}\"},\"query-input\":\"required name=search_term_string\"}],\"inLanguage\":\"de\"},{\"@type\":\"Organization\",\"@id\":\"https:\/\/now-news.de\/de\/#organization\",\"name\":\"Just Now News\",\"url\":\"https:\/\/now-news.de\/de\/\",\"logo\":{\"@type\":\"ImageObject\",\"inLanguage\":\"de\",\"@id\":\"https:\/\/now-news.de\/de\/#\/schema\/logo\/image\/\",\"url\":\"http:\/\/just-now.news\/de\/wp-content\/uploads\/sites\/3\/2022\/04\/logo500x500.jpg\",\"contentUrl\":\"http:\/\/just-now.news\/de\/wp-content\/uploads\/sites\/3\/2022\/04\/logo500x500.jpg\",\"width\":500,\"height\":500,\"caption\":\"Just Now News\"},\"image\":{\"@id\":\"https:\/\/now-news.de\/de\/#\/schema\/logo\/image\/\"},\"sameAs\":[\"https:\/\/www.facebook.com\/wirmachenauf\",\"https:\/\/x.com\/WirMachenAuf_de\"]},{\"@type\":\"Person\",\"@id\":\"https:\/\/now-news.de\/de\/#\/schema\/person\/fb534a4e865501d8b3285208df34a9b5\",\"name\":\"rtnews\",\"image\":{\"@type\":\"ImageObject\",\"inLanguage\":\"de\",\"@id\":\"https:\/\/now-news.de\/de\/#\/schema\/person\/image\/\",\"url\":\"https:\/\/secure.gravatar.com\/avatar\/82aafea7d8127119dd649515f56e2117?s=96&d=mm&r=g\",\"contentUrl\":\"https:\/\/secure.gravatar.com\/avatar\/82aafea7d8127119dd649515f56e2117?s=96&d=mm&r=g\",\"caption\":\"rtnews\"},\"url\":\"https:\/\/now-news.de\/de\/author\/rnews\/\"}]}<\/script>\n<!-- \/ Yoast SEO Premium plugin. -->","yoast_head_json":{"title":"Portugal macht Frankreich Vorw\u00fcrfe wegen Blackout - just-now.NEWS Deutschland","robots":{"index":"index","follow":"follow","max-snippet":"max-snippet:-1","max-image-preview":"max-image-preview:large","max-video-preview":"max-video-preview:-1"},"canonical":"https:\/\/now-news.de\/de\/deutschland\/portugal-macht-frankreich-vorwuerfe-wegen-blackout\/","og_locale":"de_DE","og_type":"article","og_title":"Portugal macht Frankreich Vorw\u00fcrfe wegen Blackout","og_description":"Lissabon hat nach einem Bericht der Financial Times nach dem j\u00fcngsten gro\u00dffl\u00e4chigen Stromausfall die EU-Kommission gebeten, Druck auf Paris wegen des verz\u00f6gerten Ausbaus von Stromverbindungen auszu\u00fcben. Portugal will die EU-Kommission dazu auffordern, Frankreich wegen der begrenzten Stromlieferungen von dort unter Druck zu setzen, berichtete die Financial Times am Sonntag unter berufung auf den portugiesischen Energieminister [&hellip;]","og_url":"https:\/\/now-news.de\/de\/deutschland\/portugal-macht-frankreich-vorwuerfe-wegen-blackout\/","og_site_name":"just-now.NEWS Deutschland","article_publisher":"https:\/\/www.facebook.com\/wirmachenauf","article_published_time":"2025-05-18T19:43:28+00:00","og_image":[{"url":"https:\/\/now-news.de\/de\/wp-content\/uploads\/sites\/3\/2025\/05\/6829feff48fbef555b098c5a.jpg"}],"author":"rtnews","twitter_card":"summary_large_image","twitter_creator":"@WirMachenAuf_de","twitter_site":"@WirMachenAuf_de","twitter_misc":{"Verfasst von":"rtnews","Gesch\u00e4tzte Lesezeit":"2\u00a0Minuten"},"schema":{"@context":"https:\/\/schema.org","@graph":[{"@type":"Article","@id":"https:\/\/now-news.de\/de\/deutschland\/portugal-macht-frankreich-vorwuerfe-wegen-blackout\/#article","isPartOf":{"@id":"https:\/\/now-news.de\/de\/deutschland\/portugal-macht-frankreich-vorwuerfe-wegen-blackout\/"},"author":{"name":"rtnews","@id":"https:\/\/now-news.de\/de\/#\/schema\/person\/fb534a4e865501d8b3285208df34a9b5"},"headline":"Portugal macht Frankreich Vorw\u00fcrfe wegen Blackout","datePublished":"2025-05-18T19:43:28+00:00","dateModified":"2025-05-18T19:43:28+00:00","mainEntityOfPage":{"@id":"https:\/\/now-news.de\/de\/deutschland\/portugal-macht-frankreich-vorwuerfe-wegen-blackout\/"},"wordCount":392,"commentCount":0,"publisher":{"@id":"https:\/\/now-news.de\/de\/#organization"},"image":{"@id":"https:\/\/now-news.de\/de\/deutschland\/portugal-macht-frankreich-vorwuerfe-wegen-blackout\/#primaryimage"},"thumbnailUrl":"https:\/\/now-news.de\/de\/wp-content\/uploads\/sites\/3\/2025\/05\/Portugal-macht-Frankreich-Vorwuerfe-wegen-Blackout.jpg","keywords":["Blackout","Frankreich","Macht","Portugal","Vorw\u00fcrfe","wegen"],"articleSection":["Deutschland","Russland"],"inLanguage":"de","potentialAction":[{"@type":"CommentAction","name":"Comment","target":["https:\/\/now-news.de\/de\/deutschland\/portugal-macht-frankreich-vorwuerfe-wegen-blackout\/#respond"]}]},{"@type":"WebPage","@id":"https:\/\/now-news.de\/de\/deutschland\/portugal-macht-frankreich-vorwuerfe-wegen-blackout\/","url":"https:\/\/now-news.de\/de\/deutschland\/portugal-macht-frankreich-vorwuerfe-wegen-blackout\/","name":"Portugal macht Frankreich Vorw\u00fcrfe wegen Blackout - just-now.NEWS Deutschland","isPartOf":{"@id":"https:\/\/now-news.de\/de\/#website"},"primaryImageOfPage":{"@id":"https:\/\/now-news.de\/de\/deutschland\/portugal-macht-frankreich-vorwuerfe-wegen-blackout\/#primaryimage"},"image":{"@id":"https:\/\/now-news.de\/de\/deutschland\/portugal-macht-frankreich-vorwuerfe-wegen-blackout\/#primaryimage"},"thumbnailUrl":"https:\/\/now-news.de\/de\/wp-content\/uploads\/sites\/3\/2025\/05\/Portugal-macht-Frankreich-Vorwuerfe-wegen-Blackout.jpg","datePublished":"2025-05-18T19:43:28+00:00","dateModified":"2025-05-18T19:43:28+00:00","breadcrumb":{"@id":"https:\/\/now-news.de\/de\/deutschland\/portugal-macht-frankreich-vorwuerfe-wegen-blackout\/#breadcrumb"},"inLanguage":"de","potentialAction":[{"@type":"ReadAction","target":["https:\/\/now-news.de\/de\/deutschland\/portugal-macht-frankreich-vorwuerfe-wegen-blackout\/"]}]},{"@type":"ImageObject","inLanguage":"de","@id":"https:\/\/now-news.de\/de\/deutschland\/portugal-macht-frankreich-vorwuerfe-wegen-blackout\/#primaryimage","url":"https:\/\/now-news.de\/de\/wp-content\/uploads\/sites\/3\/2025\/05\/Portugal-macht-Frankreich-Vorwuerfe-wegen-Blackout.jpg","contentUrl":"https:\/\/now-news.de\/de\/wp-content\/uploads\/sites\/3\/2025\/05\/Portugal-macht-Frankreich-Vorwuerfe-wegen-Blackout.jpg","width":460,"height":259,"caption":"Portugal macht Frankreich Vorw\u00fcrfe wegen Blackout"},{"@type":"BreadcrumbList","@id":"https:\/\/now-news.de\/de\/deutschland\/portugal-macht-frankreich-vorwuerfe-wegen-blackout\/#breadcrumb","itemListElement":[{"@type":"ListItem","position":1,"name":"Home","item":"https:\/\/now-news.de\/de\/"},{"@type":"ListItem","position":2,"name":"Portugal macht Frankreich Vorw\u00fcrfe wegen Blackout"}]},{"@type":"WebSite","@id":"https:\/\/now-news.de\/de\/#website","url":"https:\/\/now-news.de\/de\/","name":"just-now.NEWS Deutschland","description":"Das Portal f\u00fcr unzensierte Nachrichten aus der Welt","publisher":{"@id":"https:\/\/now-news.de\/de\/#organization"},"potentialAction":[{"@type":"SearchAction","target":{"@type":"EntryPoint","urlTemplate":"https:\/\/now-news.de\/de\/?s={search_term_string}"},"query-input":"required name=search_term_string"}],"inLanguage":"de"},{"@type":"Organization","@id":"https:\/\/now-news.de\/de\/#organization","name":"Just Now News","url":"https:\/\/now-news.de\/de\/","logo":{"@type":"ImageObject","inLanguage":"de","@id":"https:\/\/now-news.de\/de\/#\/schema\/logo\/image\/","url":"http:\/\/just-now.news\/de\/wp-content\/uploads\/sites\/3\/2022\/04\/logo500x500.jpg","contentUrl":"http:\/\/just-now.news\/de\/wp-content\/uploads\/sites\/3\/2022\/04\/logo500x500.jpg","width":500,"height":500,"caption":"Just Now News"},"image":{"@id":"https:\/\/now-news.de\/de\/#\/schema\/logo\/image\/"},"sameAs":["https:\/\/www.facebook.com\/wirmachenauf","https:\/\/x.com\/WirMachenAuf_de"]},{"@type":"Person","@id":"https:\/\/now-news.de\/de\/#\/schema\/person\/fb534a4e865501d8b3285208df34a9b5","name":"rtnews","image":{"@type":"ImageObject","inLanguage":"de","@id":"https:\/\/now-news.de\/de\/#\/schema\/person\/image\/","url":"https:\/\/secure.gravatar.com\/avatar\/82aafea7d8127119dd649515f56e2117?s=96&d=mm&r=g","contentUrl":"https:\/\/secure.gravatar.com\/avatar\/82aafea7d8127119dd649515f56e2117?s=96&d=mm&r=g","caption":"rtnews"},"url":"https:\/\/now-news.de\/de\/author\/rnews\/"}]}},"_links":{"self":[{"href":"https:\/\/now-news.de\/de\/wp-json\/wp\/v2\/posts\/84028"}],"collection":[{"href":"https:\/\/now-news.de\/de\/wp-json\/wp\/v2\/posts"}],"about":[{"href":"https:\/\/now-news.de\/de\/wp-json\/wp\/v2\/types\/post"}],"author":[{"embeddable":true,"href":"https:\/\/now-news.de\/de\/wp-json\/wp\/v2\/users\/3"}],"replies":[{"embeddable":true,"href":"https:\/\/now-news.de\/de\/wp-json\/wp\/v2\/comments?post=84028"}],"version-history":[{"count":0,"href":"https:\/\/now-news.de\/de\/wp-json\/wp\/v2\/posts\/84028\/revisions"}],"wp:featuredmedia":[{"embeddable":true,"href":"https:\/\/now-news.de\/de\/wp-json\/wp\/v2\/media\/84029"}],"wp:attachment":[{"href":"https:\/\/now-news.de\/de\/wp-json\/wp\/v2\/media?parent=84028"}],"wp:term":[{"taxonomy":"category","embeddable":true,"href":"https:\/\/now-news.de\/de\/wp-json\/wp\/v2\/categories?post=84028"},{"taxonomy":"post_tag","embeddable":true,"href":"https:\/\/now-news.de\/de\/wp-json\/wp\/v2\/tags?post=84028"}],"curies":[{"name":"wp","href":"https:\/\/api.w.org\/{rel}","templated":true}]}}