{"id":83972,"date":"2025-05-18T08:00:39","date_gmt":"2025-05-18T06:00:39","guid":{"rendered":"https:\/\/now-news.de\/de\/deutschland\/afd-gutachten-ein-argument-fuer-die-aufloesung-des-verfassungsschutzes-teil-ii\/"},"modified":"2025-05-18T08:00:39","modified_gmt":"2025-05-18T06:00:39","slug":"afd-gutachten-ein-argument-fuer-die-aufloesung-des-verfassungsschutzes-teil-ii","status":"publish","type":"post","link":"https:\/\/now-news.de\/de\/deutschland\/afd-gutachten-ein-argument-fuer-die-aufloesung-des-verfassungsschutzes-teil-ii\/","title":{"rendered":"AfD-Gutachten: Ein Argument f\u00fcr die Aufl\u00f6sung des Verfassungsschutzes (Teil II)"},"content":{"rendered":"<p><img decoding=\"async\" src=\"https:\/\/now-news.de\/de\/wp-content\/uploads\/sites\/3\/2025\/05\/68274cb6b480cc10810021d9.jpg\" \/><\/p>\n<div class=\"Text-root Text-type_1 \">\n                Man muss sich durchbei\u00dfen, durch diese mehr als tausend Seiten, und wirklich kl\u00fcger ist man hinterher nicht. Geschweige denn davon \u00fcberzeugt, wie b\u00f6se die AfD ist. Aber dar\u00fcber, wie sich diese Beh\u00f6rde Dinge zurechtbiegt und welches Denken dort herrscht, erf\u00e4hrt man einiges.\n            <\/div>\n<p><\/p>\n<div class=\"Text-root Text-type_5 ArticleView-text ViewText-root \">\n<p><em>Von Dagmar Henn<\/em><\/p>\n<p><em>Teil 1 k\u00f6nnen Sie <a rel=\"nofollow noopener\" target=\"_blank\" href=\"https:\/\/freedert.online\/meinung\/245068-afd-gutachten-argument-fuer-aufloesung\/\">hier nachlesen<\/a>.<\/em><\/p>\n<p>Dieser Verfassungsschutz hat es nicht mit der Verfassung. Die Liste dessen, was nicht gesagt werden darf, ist ziemlich lang. Ein Beispiel ist Kritik an den Leitmedien:<\/p>\n<p><em>&#8220;Die Unterstellung, die etablierten Medien agierten lediglich im Interesse der Regierungsparteien und beeinflussten auf diese Weise Wahlentscheidungen, ist dazu geeignet, die Legitimit\u00e4t von Wahlergebnissen bei B\u00fcrgerinnen und B\u00fcrgern generell in Zweifel zu ziehen, weil diese nicht ungefiltert den eigentlichen W\u00e4hlerwillen zum Ausdruck br\u00e4chten.&#8221;<\/em><\/p>\n<p>Das l\u00e4uft \u00fcbrigens unter Demokratiefeindlichkeit. Nun gibt es nicht nur statistische Belegung f\u00fcr eine unterschiedliche Behandlung der Parteien beispielsweise im \u00f6ffentlich-rechtlichen Fernsehen, es gibt sogar eine soziologische Theorie \u00fcber Einschr\u00e4nkungen des Diskursfelds, das sogenannte &#8220;Overton-Fenster&#8221;. Die inhaltliche Positionierung des BfV findet sich hier im Wort &#8220;Unterstellung&#8221;. Was nun, wenn es eben keine Unterstellung, sondern eine Tatsache ist? M\u00fcssten dann nicht auch die entsprechenden Aussagen anders gewertet werden? Und gibt es nicht ausreichend Belege, unter anderem im Zusammenhang mit den Corona-Ma\u00dfnahmen, dass die Berichterstattung sehr wohl nachweislich extrem eingeengt war?<\/p>\n<p>Anderes Beispiel: Es wird ein Redebeitrag der Europaabgeordneten Christine Anderson auf dem Parteitag der AfD in Riesa am 11. Januar dieses Jahres zitiert.<\/p>\n<p><em>&#8220;Die Antragsteller [&#8230;] beantragen, in unser Wahlprogramm die Abschaffung des \u00a7 188 StGB \u2012 im Volksmund als &#8216;Majest\u00e4tsbeleidigung&#8217; bekannt \u2012 aufzunehmen. Der Punkt ist einfach der, liebe Freunde: Der Bundeswirtschaftsminister Robert Habeck h\u00f6rt ja nun nicht auf, ein Schwachkopf zu sein, nur weil er diese, wie ich finde, doch sehr zutreffende Bezeichnung strafrechtlich sanktionieren l\u00e4sst. Nein, es macht es schlimmer. Es macht ihn zu einem totalit\u00e4ren Schwachkopf. Liebe Freunde, ein freiheitlicher Rechtsstaat, der strafrechtliche Normen missbraucht, um B\u00fcrger wegen Kritik an Regierungsmitgliedern zu schikanieren, zu verfolgen und zu kriminalisieren, h\u00f6rt eben auf, ein freiheitlicher Rechtsstaat zu sein.&#8221;<\/em><\/p>\n<p>Der Kommentar des BfV dazu: <em>&#8220;Damit kritisiert Anderson nicht nur die Strafrechtsnorm des \u00a7 188 StGB, sondern behauptet zugleich, die Bundesrepublik sei nicht l\u00e4nger ein Rechtsstaat.&#8221;<\/em><\/p>\n<p>Womit die gute Frau Recht hat. Interessant ist aber, dass es sich hier nicht nur um legitime, nein, vielmehr um essenziell n\u00f6tige Kritik an einem verfassungswidrigen Gesetz handelt, die das BfV, weil eben die Rechtsstaatlichkeit infrage gestellt wird, als Beleg f\u00fcr Verfassungsfeindlichkeit heranzieht. Dabei ist es gerade das Entscheidende am \u00a7 188 StGB und seiner Anwendung, dass sie einen extremen Eingriff in das Grundrecht der Meinungsfreiheit darstellen und die Schlussfolgerung, es handele sich dabei um eine Verletzung der Rechtsstaatlichkeit, unzweifelhaft eine Reaktion ist, die darauf abzielt, dieses Grundrecht und damit die Rechtsstaatlichkeit zu sch\u00fctzen. Der Verfassungsschutz definiert also den Schutz der Verfassung als verfassungsfeindlich.<\/p>\n<p>Nur, um zwischendrin auch etwas Unterhaltung zu bieten \u2012 Humor hat die Beh\u00f6rde selbstverst\u00e4ndlich auch nicht. Der Hintergrund ist diesmal das Urteil gegen H\u00f6cke wegen des Satzes &#8220;Alles f\u00fcr Deutschland&#8221;, das nat\u00fcrlich auch f\u00fcr das BfV eine ganz zentrale Rolle spielt. Es geht um ein Video dreier AfD-Politiker vom September 2024:<\/p>\n<p><em>&#8220;&#8216;Jetzt ist nat\u00fcrlich das wache Auge \u2012 G\u00f6tz Fr\u00f6mming ist ja zust\u00e4ndig f\u00fcr Social Media in unserer Fraktion [&#8230;] Da k\u00f6nnen wir uns jetzt hier keinen Fauxpas erlauben, ne?&#8217;<\/em><\/p>\n<p><em>Fr\u00f6mming reagierte darauf mit folgenden \u00c4u\u00dferungen:<\/em><\/p>\n<p><em>&#8216;Ich hoffe, ihr habt nichts Falsches gesagt. [&#8230;] Alles f\u00fcr Brandenburg? Darf man das sagen eigentlich, Stefan?&#8217;<\/em><\/p>\n<p><em>Alexandra Klo\u00df warf ein: &#8216;Das geht!&#8217;, w\u00e4hrend Brandner entgegnete: &#8216;Ja, alles von Brandner und alles f\u00fcr Brandenburg!&#8217;<\/em><\/p>\n<p><em>Fr\u00f6mming antwortete zuletzt:<\/em><\/p>\n<p><em>&#8216;Alles f\u00fcr Brandner, alles von Brandenburg und f\u00fcr Brandenburg! Ich w\u00fcnsche noch viel Erfolg!!&#8217;<\/em><\/p>\n<p><em>Auch hier erfolgt seitens der Beteiligten weder eine ernsthafte Auseinandersetzung mit dem Gerichtsurteil noch eine Distanzierung von den \u00c4u\u00dferungen H\u00f6ckes.&#8221;<\/em><\/p>\n<p>Ja, gelegentlich findet sich ungewollte Komik in diesem Machwerk. Auch wenn man sich nicht genauer ausmalen will, welche Variante von Korinthenkacker an dieser Stelle nicht erkennen kann, dass es sich schlicht um Scherze handelt, und gerne auf die Vorstellung verzichtet, wie die drei Protagonisten stattdessen in sich gehen und sich schon vom Gedanken des Scherzes distanzieren.<\/p>\n<p>Das Motiv taucht \u00fcbrigens noch einmal auf. Da wird der Partei vorgehalten, mit dem Spruch &#8220;Alice f\u00fcr Deutschland&#8221; eigentlich auch eine Naziparole genutzt zu haben. Ein Gesp\u00fcr daf\u00fcr, wie zweifelhaft und l\u00e4cherlich schon das urspr\u00fcngliche Gerichtsverfahren selbst ist, ist jedenfalls auf den Fluren des BfV nicht zu finden.<\/p>\n<p>Die Frage der Souver\u00e4nit\u00e4t darf man \u00fcbrigens auch nicht aufwerfen. Nicht, dass da Ereignisse wie die um Nord Stream Zweifel aufkommen lie\u00dfen. \u00c4u\u00dferungen, da w\u00fcrden Entscheidungen nicht in Deutschland getroffen, sind ebenfalls unzul\u00e4ssig:<\/p>\n<p><em>&#8220;Sie zielen darauf ab, dass die Bev\u00f6lkerung nicht mehr darauf vertrauen k\u00f6nne, dass gew\u00e4hlte Parteien auch die Entscheidungen treffen, die sie als im Interesse der Bev\u00f6lkerung liegend erachten, sondern von vornherein den Interessen etwa der USA folgten. Es soll nicht nur ein Gef\u00fchl der un\u00fcberwindbaren Distanz zwischen dem Volk und der Regierung erzeugt, sondern auch ein tiefes Misstrauen in die staatliche Ordnung an sich geweckt werden, sodass die verfassungsm\u00e4\u00dfige Ordnung, wie sie derzeit besteht, im Ergebnis als abzulehnen erscheint.&#8221;<\/em><\/p>\n<p>Man k\u00f6nnte das als Musterfall einer Verschw\u00f6rungstheorie verwenden. Nach der Argumentation des BfV sind Aussagen, die Vorf\u00e4lle wie etwa die Nichtreaktion auf die Sprengung von Nord Stream thematisieren, gar nicht auf die Vorf\u00e4lle und deren Bedeutung gerichtet, sondern finden nur statt, weil sie einer heimt\u00fcckischen Absicht n\u00fctzen, &#8220;dass die verfassungsm\u00e4\u00dfige Ordnung [&#8230;] als abzulehnen erscheint&#8221;. Das impliziert zugleich, da w\u00e4re gar keine Emp\u00f6rung \u00fcber eine Politik, die sich gegen die Interessen der deutschen Bev\u00f6lkerung richtet. Nein, es geht um die Erzeugung eines &#8220;Gef\u00fchls der un\u00fcberwindbaren Distanz&#8221;. Wahrscheinlich gibt es auch irgendwo eine geheime Hexenk\u00fcche, in der diese Manipulationen ausgekocht werden&#8230; dass sie mit realen und materiell h\u00f6chst wirkm\u00e4chtigen Entscheidungen verkn\u00fcpft werden, die etwa die Energiepreise explodieren lassen, ist entweder reiner Zufall oder nur das Ergebnis besonders sinistren Talents&#8230;da ist man nur noch einen kleinen Schritt von Hagelzaubern und Scheiterhaufen entfernt.<\/p>\n<p>2022, das sei noch erw\u00e4hnt, weil die Reaktion so absurd ist, schrieb der AfD-Kreisverband W\u00fcrzburg auf Facebook einen Kommentar zu polnischen Reparationsforderungen und lehnte sie ab. Was das Bundesamt f\u00fcr Verfassungsschutz so kommentierte:<\/p>\n<p><em>&#8220;Der AfD-Kreisverband W\u00fcrzburg negiert, dass eine Forderung von Reparationszahlungen im Jahr 2022 rechtens sein k\u00f6nne [&#8230;]. Damit wird die Forderung Polens \u2012 ohne dass beispielsweise eine Abw\u00e4gung unterschiedlicher Rechtsauffassungen \u00fcber die v\u00f6lkerrechtliche Abgeschlossenheit von Reparationszahlungen der Bundesrepublik vorgenommen wird \u2012 pauschal als unberechtigt dargestellt. [&#8230;] Damit wird ohne Benennung der vom Deutschen Reich zu verantwortenden, planm\u00e4\u00dfigen Verheerungen eine T\u00e4ter-Opfer-Umkehr vorgenommen. Dies stellt eine Verharmlosung der Verbrechen dar, die das NS-Regime gegen Polen und auf besetztem polnischem Territorium begangen hat.&#8221;<\/em><\/p>\n<p>Das Bundesamt f\u00fcr Verfassungsschutz \u2013 eine Bundesbeh\u00f6rde, die eigentlich nur die Wirklichkeit abbilden soll \u2013 h\u00e4lt es also f\u00fcr angemessen, die \u00dcbernahme der Regelungen zur Oder-Nei\u00dfe-Grenze im Zwei-plus-Vier-Vertrag zu ignorieren. Stattdessen wird ein Festhalten an der darin festgelegten Tatsache, dass mit der Anerkennung dieser Grenze \u2013 also dem Verzicht auf Danzig und Schlesien \u2013 entsprechende Gebietsanspr\u00fcche abgegolten sind, vom Amt als Verharmlosung der NS-Verbrechen etikettiert. Eine Bewertung, die unverkennbar nicht seine Aufgabe ist. Aber wenn man das Fass schon einmal aufmacht \u2012 wie w\u00e4re es denn dann mit russischen Reparationsforderungen?<\/p>\n<p>Jetzt aber zu den ernsteren Fragen. Alles, was der Partei vorgehalten wird, sind Worte. Meinungs\u00e4u\u00dferungen. Nirgends gibt es einen Vorwurf der Anwendung von Gewalt. Die einzige Stelle, die auch nur ansatzweise in diese Richtung geht, ist eine Erw\u00e4hnung des Widerstandsrechts nach Artikel 20 Absatz 4 GG in einem Chat. Dieses Recht lautet: <em>&#8220;Gegen jeden, der es unternimmt, diese Ordnung zu beseitigen, haben alle Deutschen das Recht zum Widerstand, wenn andere Abhilfe nicht m\u00f6glich ist.&#8221;<\/em> Ein Chat, keine Schulungen zum Thema, keine materiellen Vorbereitungen&#8230; nicht zu vergessen, eine Referenz auf dieses Recht bewegt sich innerhalb des Rahmens des Grundgesetzes. Wem das nicht passt, der kann ja versuchen, es zu streichen.<\/p>\n<p>In der wirklichen Welt flackert dieses L\u00e4mpchen schon sp\u00e4testens seit den Corona-Ma\u00dfnahmen, und sp\u00e4testens seit der Aussage von Bundeskanzler Friedrich Merz, die Taurus-Raketen an die Ukraine liefern zu wollen, leuchtet es tiefrot. Denn es ist kaum ein schwererer Angriff auf die Menschenrechte aller im Land Anwesenden (nicht nur der Staatsb\u00fcrger) vorstellbar, als das Land in einen Krieg zu ziehen, was Merz zumindest willentlich in Kauf nimmt. Aber mit der Wirklichkeit hat die Beh\u00f6rde so ihre Probleme.<\/p>\n<p>Wenn es nur um Worte geht, nicht um Handlungen, ist da eigentlich nichts vorzuwerfen. Fremdenfeindlichkeit? Kein Gesetz kann vorschreiben, wem man freundlich und wem man feindlich gesonnen ist. Fremdenfeindliche Handlungen, das ist etwas anderes. Aber auch Vorurteile sind legitime Meinungen.<\/p>\n<p>Mehr noch. Es ist, im Interesse politischer Stabilit\u00e4t wie auch der demokratischen Willensbildung, nicht einmal n\u00fctzlich, Ansichten, die von gr\u00f6\u00dferen Teilen der Bev\u00f6lkerung geteilt werden, zu tabuisieren. Weil selbst eine \u00c4nderung der Ansichten ein Gespr\u00e4ch voraussetzt. Ansichten, die auszusprechen verboten ist, \u00e4ndern sich auch nicht. Wenn es m\u00f6glich sein soll, einen Konsens zu finden, was die Anwesenheit einiger Millionen Einwanderer im Land betrifft, setzt das voraus, die unterschiedlichsten Positionen h\u00f6rbar zu machen.\u00a0Wenn a priori deklariert wird, eine Ablehnung dieser Tatsache sei illegitim, hei\u00dft das in letzter Konsequenz, diese Position gewaltsam und gegen den Willen eines gr\u00f6\u00dferen Teils der Bev\u00f6lkerung durchzusetzen. Das kann aber nicht demokratisch sein.<\/p>\n<p>Tats\u00e4chlich wird schon der Wunsch, gr\u00f6\u00dfere Teile der Einwanderung der letzten zehn Jahre (die immerhin unter dem Etikett des &#8220;vor\u00fcbergehenden Schutzes&#8221; erfolgte) wieder r\u00fcckg\u00e4ngig zu machen, vehement als verfassungsfeindlich oder eben &#8220;gesichert rechtsextrem&#8221; bewertet, was nicht nur eben dieses Etikett ad absurdum f\u00fchrt, sondern zugleich die Mittel der staatlichen Gewalt, zu denen auch das Bundesamt f\u00fcr Verfassungsschutz geh\u00f6rt (erst recht, seit es Debanking und \u00e4hnliche Freundlichkeiten als extralegale Strafen verh\u00e4ngt), dagegen in Stellung bringt, um schon die \u00c4u\u00dferung dieser Sicht unm\u00f6glich zu machen. Im Kern unter der Vorgabe, das sei rassistisch und daher eine Gefahr, vor der die Gesellschaft gesch\u00fctzt werden m\u00fcsse.<\/p>\n<p>Was das ganze Elaborat allerdings vollst\u00e4ndig absurd macht, ist die politische Realit\u00e4t rundherum. Denn es w\u00e4re kein allzu gro\u00dfer Aufwand, mithilfe zusammengesuchter Politikeraussagen aus den letzten Jahren ein ebensolches Kompendium zu erstellen, das f\u00fcr SPD, CDU und Gr\u00fcne belegt, wie rassistisch sie sind. Mithilfe k\u00fcnstlicher Intelligenz m\u00fcsste sich das in Rekordzeit bewerkstelligen lassen. Wobei es in diesem Fall eben nicht bei Worten bleibt, sondern sich diese \u00dcberzeugung in Gestalt der Waffenlieferungen an die Ukraine sogar in konkrete physische Vernichtungsabsicht umsetzt, was ein ganz anderes Gewicht besitzt.<\/p>\n<p>Was bleibt dann von den Vorhaltungen gegen die AfD? Und was ist noch die Grundlage, eine politische Instrumentalisierung dieser Beh\u00f6rde zu verleugnen, wenn das Parallelgutachten m\u00fchelos zu erstellen w\u00e4re, nach dem von der deutschen Parteienlandschaft so gut wie nichts mehr \u00fcbrig w\u00e4re? Welche Begr\u00fcndung gibt es, warum es ein Versto\u00df gegen die Menschenrechte ist, Asylbewerbern Gewaltbereitschaft zu unterstellen, aber keiner, wenn man das Gleiche bei Russen tut? Warum generiert das eine einen Beobachtungsfall f\u00fcr den Verfassungsschutz, das andere aber nicht? Und wie kann man selbst wiederholt so etwas von sich geben und so handeln, und gleichzeitig ohne Schamr\u00f6te das Verbot der AfD fordern, weil sie rassistisch sei? Oder H\u00f6cke sein &#8220;Alles f\u00fcr Deutschland&#8221; zum Vorwurf machen, und selbst tagein, tagaus Goebbels Lieblingsvokabel &#8220;kriegst\u00fcchtig&#8221; gebrauchen, noch dazu gegen den gleichen vermeintlichen Gegner?<\/p>\n<p>Das Gutachten belegt, dass man auf die Beh\u00f6rde, die so etwas produziert, problemlos verzichten kann. Im Jahr 2023 erhielt dieses Amt 468,7 Millionen Euro aus dem Bundeshaushalt. Da sollte man wenigstens ein Minimum an wissenschaftlichen Standards oder verfassungsrechtlicher Reflexion erwarten k\u00f6nnen, und kein Elaborat, f\u00fcr das ein Haufen Zitate aufgestapelt werden, ohne dass bei der Bewertung die wirkliche Welt oder auch nur die Statistik eine Rolle spielen. Die Aufgabe eines Nachrichtendienstes ist es nicht, einer Regierung das zu liefern, was sie gerne h\u00f6ren will. Es ist seine Aufgabe, Informationen \u00fcber die Wirklichkeit zu liefern. Mit m\u00f6glichst umfassender technischer Bewertung, aber nicht garniert mit eigenen politischen Fantasien.<\/p>\n<p>Vielleicht sind die K\u00f6lner Schlapph\u00fcte (und Schlapph\u00fctinnen) ja gut, wenn es darum geht, politische Organisationen zu infiltrieren und Unfug wie die antideutsche Ideologie zu verbreiten. Aber was Analyse angeht, sind sie eine Katastrophe. Umso mehr, als ihnen auch noch der Verstand abgeht, vor einem verh\u00e4ngnisvollen Schritt wie einem AfD-Verbot zu warnen. Es wundert nicht, dass dieses Papier geheim bleiben sollte. Es verr\u00e4t n\u00e4mlich weit mehr \u00fcber den Verfassungsschutz selbst als \u00fcber die AfD, und das, was dabei herauskommt, spricht vor allem f\u00fcr eines: Diesen Laden braucht kein Mensch.<\/p>\n<p><strong>Mehr zum Thema<\/strong>\u00a0\u2012 <a rel=\"nofollow noopener\" target=\"_blank\" href=\"https:\/\/freedert.online\/meinung\/157680-warum-regierungen-westens-nicht-wissen\/\">Warum die Regierungen des Westens nicht wissen, was sie wissen k\u00f6nnten <\/a><\/p>\n<div class=\"EmbedBlock-root EmbedBlock-externalVideo EmbedBlock-rumble\">\n<div class=\"VkEmbed\"><iframe class=\"lazyload\" data-src=\"https:\/\/rumble.com\/embed\/v6r7lad\" frameborder=\"0\" width=\"853\" height=\"480\" allowfullscreen><\/iframe><\/div>\n<\/div>\n<\/div>\n<p><br \/>\n<br \/><a href=\"https:\/\/de.rt.com\/meinung\/245071-afd-gutachten-argument-fuer-aufloesung\/\">Source link <\/a><\/p>\n","protected":false},"excerpt":{"rendered":"<p>Man muss sich durchbei\u00dfen, durch diese mehr als tausend Seiten, und wirklich kl\u00fcger ist man hinterher nicht. Geschweige denn davon \u00fcberzeugt, wie b\u00f6se die AfD ist. Aber dar\u00fcber, wie sich diese Beh\u00f6rde Dinge zurechtbiegt und welches Denken dort herrscht, erf\u00e4hrt man einiges. Von Dagmar Henn Teil 1 k\u00f6nnen Sie hier nachlesen. Dieser Verfassungsschutz hat es [&hellip;]<\/p>\n","protected":false},"author":3,"featured_media":83973,"comment_status":"open","ping_status":"open","sticky":false,"template":"","format":"standard","meta":{"_yoast_indexnow_last_ping":["1747548351"],"wp_automatic_camp":["217"],"3b80f3c836a254844c31109f2c3bb619":["AfD-Gutachten: Ein Argument f\u00fcr die Aufl\u00f6sung des Verfassungsschutzes (Teil II)"],"original_link":["https:\/\/de.rt.com\/meinung\/245071-afd-gutachten-argument-fuer-aufloesung\/"],"_thumbnail_id":["83973"],"_wptgpro_p2tg_sent2tg":["a:1:{i:23737;s:19:\"2025-05-18 08:07:00\";}"],"jnews_social_counter_last_update":["1777199631"]},"categories":[19,23],"tags":[60779,29890,10100,583,45,357,221,3240,28250],"yoast_head":"<!-- This site is optimized with the Yoast SEO Premium plugin v22.7 (Yoast SEO v22.7) - https:\/\/yoast.com\/wordpress\/plugins\/seo\/ -->\n<title>AfD-Gutachten: Ein Argument f\u00fcr die Aufl\u00f6sung des Verfassungsschutzes (Teil II) - just-now.NEWS Deutschland<\/title>\n<meta name=\"robots\" content=\"index, follow, max-snippet:-1, max-image-preview:large, max-video-preview:-1\" \/>\n<link rel=\"canonical\" href=\"https:\/\/now-news.de\/de\/deutschland\/afd-gutachten-ein-argument-fuer-die-aufloesung-des-verfassungsschutzes-teil-ii\/\" \/>\n<meta property=\"og:locale\" content=\"de_DE\" \/>\n<meta property=\"og:type\" content=\"article\" \/>\n<meta property=\"og:title\" content=\"AfD-Gutachten: Ein Argument f\u00fcr die Aufl\u00f6sung des Verfassungsschutzes (Teil II)\" \/>\n<meta property=\"og:description\" content=\"Man muss sich durchbei\u00dfen, durch diese mehr als tausend Seiten, und wirklich kl\u00fcger ist man hinterher nicht. Geschweige denn davon \u00fcberzeugt, wie b\u00f6se die AfD ist. Aber dar\u00fcber, wie sich diese Beh\u00f6rde Dinge zurechtbiegt und welches Denken dort herrscht, erf\u00e4hrt man einiges. Von Dagmar Henn Teil 1 k\u00f6nnen Sie hier nachlesen. Dieser Verfassungsschutz hat es [&hellip;]\" \/>\n<meta property=\"og:url\" content=\"https:\/\/now-news.de\/de\/deutschland\/afd-gutachten-ein-argument-fuer-die-aufloesung-des-verfassungsschutzes-teil-ii\/\" \/>\n<meta property=\"og:site_name\" content=\"just-now.NEWS Deutschland\" \/>\n<meta property=\"article:publisher\" content=\"https:\/\/www.facebook.com\/wirmachenauf\" \/>\n<meta property=\"article:published_time\" content=\"2025-05-18T06:00:39+00:00\" \/>\n<meta property=\"og:image\" content=\"https:\/\/now-news.de\/de\/wp-content\/uploads\/sites\/3\/2025\/05\/68274cb6b480cc10810021d9.jpg\" \/>\n<meta name=\"author\" content=\"rtnews\" \/>\n<meta name=\"twitter:card\" content=\"summary_large_image\" \/>\n<meta name=\"twitter:creator\" content=\"@WirMachenAuf_de\" \/>\n<meta name=\"twitter:site\" content=\"@WirMachenAuf_de\" \/>\n<meta name=\"twitter:label1\" content=\"Verfasst von\" \/>\n\t<meta name=\"twitter:data1\" content=\"rtnews\" \/>\n\t<meta name=\"twitter:label2\" content=\"Gesch\u00e4tzte Lesezeit\" \/>\n\t<meta name=\"twitter:data2\" content=\"11\u00a0Minuten\" \/>\n<script type=\"application\/ld+json\" class=\"yoast-schema-graph\">{\"@context\":\"https:\/\/schema.org\",\"@graph\":[{\"@type\":\"Article\",\"@id\":\"https:\/\/now-news.de\/de\/deutschland\/afd-gutachten-ein-argument-fuer-die-aufloesung-des-verfassungsschutzes-teil-ii\/#article\",\"isPartOf\":{\"@id\":\"https:\/\/now-news.de\/de\/deutschland\/afd-gutachten-ein-argument-fuer-die-aufloesung-des-verfassungsschutzes-teil-ii\/\"},\"author\":{\"name\":\"rtnews\",\"@id\":\"https:\/\/now-news.de\/de\/#\/schema\/person\/fb534a4e865501d8b3285208df34a9b5\"},\"headline\":\"AfD-Gutachten: Ein Argument f\u00fcr die Aufl\u00f6sung des Verfassungsschutzes (Teil II)\",\"datePublished\":\"2025-05-18T06:00:39+00:00\",\"dateModified\":\"2025-05-18T06:00:39+00:00\",\"mainEntityOfPage\":{\"@id\":\"https:\/\/now-news.de\/de\/deutschland\/afd-gutachten-ein-argument-fuer-die-aufloesung-des-verfassungsschutzes-teil-ii\/\"},\"wordCount\":2181,\"commentCount\":0,\"publisher\":{\"@id\":\"https:\/\/now-news.de\/de\/#organization\"},\"image\":{\"@id\":\"https:\/\/now-news.de\/de\/deutschland\/afd-gutachten-ein-argument-fuer-die-aufloesung-des-verfassungsschutzes-teil-ii\/#primaryimage\"},\"thumbnailUrl\":\"https:\/\/now-news.de\/de\/wp-content\/uploads\/sites\/3\/2025\/05\/AfD-Gutachten-Ein-Argument-fuer-die-Aufloesung-des-Verfassungsschutzes-Teil-II.jpg\",\"keywords\":[\"AfDGutachten\",\"Argument\",\"Aufl\u00f6sung\",\"des\",\"die\",\"ein\",\"f\u00fcr\",\"Teil\",\"Verfassungsschutzes\"],\"articleSection\":[\"Deutschland\",\"Russland\"],\"inLanguage\":\"de\",\"potentialAction\":[{\"@type\":\"CommentAction\",\"name\":\"Comment\",\"target\":[\"https:\/\/now-news.de\/de\/deutschland\/afd-gutachten-ein-argument-fuer-die-aufloesung-des-verfassungsschutzes-teil-ii\/#respond\"]}]},{\"@type\":\"WebPage\",\"@id\":\"https:\/\/now-news.de\/de\/deutschland\/afd-gutachten-ein-argument-fuer-die-aufloesung-des-verfassungsschutzes-teil-ii\/\",\"url\":\"https:\/\/now-news.de\/de\/deutschland\/afd-gutachten-ein-argument-fuer-die-aufloesung-des-verfassungsschutzes-teil-ii\/\",\"name\":\"AfD-Gutachten: Ein Argument f\u00fcr die Aufl\u00f6sung des Verfassungsschutzes (Teil II) - just-now.NEWS Deutschland\",\"isPartOf\":{\"@id\":\"https:\/\/now-news.de\/de\/#website\"},\"primaryImageOfPage\":{\"@id\":\"https:\/\/now-news.de\/de\/deutschland\/afd-gutachten-ein-argument-fuer-die-aufloesung-des-verfassungsschutzes-teil-ii\/#primaryimage\"},\"image\":{\"@id\":\"https:\/\/now-news.de\/de\/deutschland\/afd-gutachten-ein-argument-fuer-die-aufloesung-des-verfassungsschutzes-teil-ii\/#primaryimage\"},\"thumbnailUrl\":\"https:\/\/now-news.de\/de\/wp-content\/uploads\/sites\/3\/2025\/05\/AfD-Gutachten-Ein-Argument-fuer-die-Aufloesung-des-Verfassungsschutzes-Teil-II.jpg\",\"datePublished\":\"2025-05-18T06:00:39+00:00\",\"dateModified\":\"2025-05-18T06:00:39+00:00\",\"breadcrumb\":{\"@id\":\"https:\/\/now-news.de\/de\/deutschland\/afd-gutachten-ein-argument-fuer-die-aufloesung-des-verfassungsschutzes-teil-ii\/#breadcrumb\"},\"inLanguage\":\"de\",\"potentialAction\":[{\"@type\":\"ReadAction\",\"target\":[\"https:\/\/now-news.de\/de\/deutschland\/afd-gutachten-ein-argument-fuer-die-aufloesung-des-verfassungsschutzes-teil-ii\/\"]}]},{\"@type\":\"ImageObject\",\"inLanguage\":\"de\",\"@id\":\"https:\/\/now-news.de\/de\/deutschland\/afd-gutachten-ein-argument-fuer-die-aufloesung-des-verfassungsschutzes-teil-ii\/#primaryimage\",\"url\":\"https:\/\/now-news.de\/de\/wp-content\/uploads\/sites\/3\/2025\/05\/AfD-Gutachten-Ein-Argument-fuer-die-Aufloesung-des-Verfassungsschutzes-Teil-II.jpg\",\"contentUrl\":\"https:\/\/now-news.de\/de\/wp-content\/uploads\/sites\/3\/2025\/05\/AfD-Gutachten-Ein-Argument-fuer-die-Aufloesung-des-Verfassungsschutzes-Teil-II.jpg\",\"width\":460,\"height\":259,\"caption\":\"AfD-Gutachten: Ein Argument f\u00fcr die Aufl\u00f6sung des Verfassungsschutzes (Teil II)\"},{\"@type\":\"BreadcrumbList\",\"@id\":\"https:\/\/now-news.de\/de\/deutschland\/afd-gutachten-ein-argument-fuer-die-aufloesung-des-verfassungsschutzes-teil-ii\/#breadcrumb\",\"itemListElement\":[{\"@type\":\"ListItem\",\"position\":1,\"name\":\"Home\",\"item\":\"https:\/\/now-news.de\/de\/\"},{\"@type\":\"ListItem\",\"position\":2,\"name\":\"AfD-Gutachten: Ein Argument f\u00fcr die Aufl\u00f6sung des Verfassungsschutzes (Teil II)\"}]},{\"@type\":\"WebSite\",\"@id\":\"https:\/\/now-news.de\/de\/#website\",\"url\":\"https:\/\/now-news.de\/de\/\",\"name\":\"just-now.NEWS Deutschland\",\"description\":\"Das Portal f\u00fcr unzensierte Nachrichten aus der Welt\",\"publisher\":{\"@id\":\"https:\/\/now-news.de\/de\/#organization\"},\"potentialAction\":[{\"@type\":\"SearchAction\",\"target\":{\"@type\":\"EntryPoint\",\"urlTemplate\":\"https:\/\/now-news.de\/de\/?s={search_term_string}\"},\"query-input\":\"required name=search_term_string\"}],\"inLanguage\":\"de\"},{\"@type\":\"Organization\",\"@id\":\"https:\/\/now-news.de\/de\/#organization\",\"name\":\"Just Now News\",\"url\":\"https:\/\/now-news.de\/de\/\",\"logo\":{\"@type\":\"ImageObject\",\"inLanguage\":\"de\",\"@id\":\"https:\/\/now-news.de\/de\/#\/schema\/logo\/image\/\",\"url\":\"http:\/\/just-now.news\/de\/wp-content\/uploads\/sites\/3\/2022\/04\/logo500x500.jpg\",\"contentUrl\":\"http:\/\/just-now.news\/de\/wp-content\/uploads\/sites\/3\/2022\/04\/logo500x500.jpg\",\"width\":500,\"height\":500,\"caption\":\"Just Now News\"},\"image\":{\"@id\":\"https:\/\/now-news.de\/de\/#\/schema\/logo\/image\/\"},\"sameAs\":[\"https:\/\/www.facebook.com\/wirmachenauf\",\"https:\/\/x.com\/WirMachenAuf_de\"]},{\"@type\":\"Person\",\"@id\":\"https:\/\/now-news.de\/de\/#\/schema\/person\/fb534a4e865501d8b3285208df34a9b5\",\"name\":\"rtnews\",\"image\":{\"@type\":\"ImageObject\",\"inLanguage\":\"de\",\"@id\":\"https:\/\/now-news.de\/de\/#\/schema\/person\/image\/\",\"url\":\"https:\/\/secure.gravatar.com\/avatar\/82aafea7d8127119dd649515f56e2117?s=96&d=mm&r=g\",\"contentUrl\":\"https:\/\/secure.gravatar.com\/avatar\/82aafea7d8127119dd649515f56e2117?s=96&d=mm&r=g\",\"caption\":\"rtnews\"},\"url\":\"https:\/\/now-news.de\/de\/author\/rnews\/\"}]}<\/script>\n<!-- \/ Yoast SEO Premium plugin. -->","yoast_head_json":{"title":"AfD-Gutachten: Ein Argument f\u00fcr die Aufl\u00f6sung des Verfassungsschutzes (Teil II) - just-now.NEWS Deutschland","robots":{"index":"index","follow":"follow","max-snippet":"max-snippet:-1","max-image-preview":"max-image-preview:large","max-video-preview":"max-video-preview:-1"},"canonical":"https:\/\/now-news.de\/de\/deutschland\/afd-gutachten-ein-argument-fuer-die-aufloesung-des-verfassungsschutzes-teil-ii\/","og_locale":"de_DE","og_type":"article","og_title":"AfD-Gutachten: Ein Argument f\u00fcr die Aufl\u00f6sung des Verfassungsschutzes (Teil II)","og_description":"Man muss sich durchbei\u00dfen, durch diese mehr als tausend Seiten, und wirklich kl\u00fcger ist man hinterher nicht. Geschweige denn davon \u00fcberzeugt, wie b\u00f6se die AfD ist. Aber dar\u00fcber, wie sich diese Beh\u00f6rde Dinge zurechtbiegt und welches Denken dort herrscht, erf\u00e4hrt man einiges. Von Dagmar Henn Teil 1 k\u00f6nnen Sie hier nachlesen. Dieser Verfassungsschutz hat es [&hellip;]","og_url":"https:\/\/now-news.de\/de\/deutschland\/afd-gutachten-ein-argument-fuer-die-aufloesung-des-verfassungsschutzes-teil-ii\/","og_site_name":"just-now.NEWS Deutschland","article_publisher":"https:\/\/www.facebook.com\/wirmachenauf","article_published_time":"2025-05-18T06:00:39+00:00","og_image":[{"url":"https:\/\/now-news.de\/de\/wp-content\/uploads\/sites\/3\/2025\/05\/68274cb6b480cc10810021d9.jpg"}],"author":"rtnews","twitter_card":"summary_large_image","twitter_creator":"@WirMachenAuf_de","twitter_site":"@WirMachenAuf_de","twitter_misc":{"Verfasst von":"rtnews","Gesch\u00e4tzte Lesezeit":"11\u00a0Minuten"},"schema":{"@context":"https:\/\/schema.org","@graph":[{"@type":"Article","@id":"https:\/\/now-news.de\/de\/deutschland\/afd-gutachten-ein-argument-fuer-die-aufloesung-des-verfassungsschutzes-teil-ii\/#article","isPartOf":{"@id":"https:\/\/now-news.de\/de\/deutschland\/afd-gutachten-ein-argument-fuer-die-aufloesung-des-verfassungsschutzes-teil-ii\/"},"author":{"name":"rtnews","@id":"https:\/\/now-news.de\/de\/#\/schema\/person\/fb534a4e865501d8b3285208df34a9b5"},"headline":"AfD-Gutachten: Ein Argument f\u00fcr die Aufl\u00f6sung des Verfassungsschutzes (Teil II)","datePublished":"2025-05-18T06:00:39+00:00","dateModified":"2025-05-18T06:00:39+00:00","mainEntityOfPage":{"@id":"https:\/\/now-news.de\/de\/deutschland\/afd-gutachten-ein-argument-fuer-die-aufloesung-des-verfassungsschutzes-teil-ii\/"},"wordCount":2181,"commentCount":0,"publisher":{"@id":"https:\/\/now-news.de\/de\/#organization"},"image":{"@id":"https:\/\/now-news.de\/de\/deutschland\/afd-gutachten-ein-argument-fuer-die-aufloesung-des-verfassungsschutzes-teil-ii\/#primaryimage"},"thumbnailUrl":"https:\/\/now-news.de\/de\/wp-content\/uploads\/sites\/3\/2025\/05\/AfD-Gutachten-Ein-Argument-fuer-die-Aufloesung-des-Verfassungsschutzes-Teil-II.jpg","keywords":["AfDGutachten","Argument","Aufl\u00f6sung","des","die","ein","f\u00fcr","Teil","Verfassungsschutzes"],"articleSection":["Deutschland","Russland"],"inLanguage":"de","potentialAction":[{"@type":"CommentAction","name":"Comment","target":["https:\/\/now-news.de\/de\/deutschland\/afd-gutachten-ein-argument-fuer-die-aufloesung-des-verfassungsschutzes-teil-ii\/#respond"]}]},{"@type":"WebPage","@id":"https:\/\/now-news.de\/de\/deutschland\/afd-gutachten-ein-argument-fuer-die-aufloesung-des-verfassungsschutzes-teil-ii\/","url":"https:\/\/now-news.de\/de\/deutschland\/afd-gutachten-ein-argument-fuer-die-aufloesung-des-verfassungsschutzes-teil-ii\/","name":"AfD-Gutachten: Ein Argument f\u00fcr die Aufl\u00f6sung des Verfassungsschutzes (Teil II) - just-now.NEWS Deutschland","isPartOf":{"@id":"https:\/\/now-news.de\/de\/#website"},"primaryImageOfPage":{"@id":"https:\/\/now-news.de\/de\/deutschland\/afd-gutachten-ein-argument-fuer-die-aufloesung-des-verfassungsschutzes-teil-ii\/#primaryimage"},"image":{"@id":"https:\/\/now-news.de\/de\/deutschland\/afd-gutachten-ein-argument-fuer-die-aufloesung-des-verfassungsschutzes-teil-ii\/#primaryimage"},"thumbnailUrl":"https:\/\/now-news.de\/de\/wp-content\/uploads\/sites\/3\/2025\/05\/AfD-Gutachten-Ein-Argument-fuer-die-Aufloesung-des-Verfassungsschutzes-Teil-II.jpg","datePublished":"2025-05-18T06:00:39+00:00","dateModified":"2025-05-18T06:00:39+00:00","breadcrumb":{"@id":"https:\/\/now-news.de\/de\/deutschland\/afd-gutachten-ein-argument-fuer-die-aufloesung-des-verfassungsschutzes-teil-ii\/#breadcrumb"},"inLanguage":"de","potentialAction":[{"@type":"ReadAction","target":["https:\/\/now-news.de\/de\/deutschland\/afd-gutachten-ein-argument-fuer-die-aufloesung-des-verfassungsschutzes-teil-ii\/"]}]},{"@type":"ImageObject","inLanguage":"de","@id":"https:\/\/now-news.de\/de\/deutschland\/afd-gutachten-ein-argument-fuer-die-aufloesung-des-verfassungsschutzes-teil-ii\/#primaryimage","url":"https:\/\/now-news.de\/de\/wp-content\/uploads\/sites\/3\/2025\/05\/AfD-Gutachten-Ein-Argument-fuer-die-Aufloesung-des-Verfassungsschutzes-Teil-II.jpg","contentUrl":"https:\/\/now-news.de\/de\/wp-content\/uploads\/sites\/3\/2025\/05\/AfD-Gutachten-Ein-Argument-fuer-die-Aufloesung-des-Verfassungsschutzes-Teil-II.jpg","width":460,"height":259,"caption":"AfD-Gutachten: Ein Argument f\u00fcr die Aufl\u00f6sung des Verfassungsschutzes (Teil II)"},{"@type":"BreadcrumbList","@id":"https:\/\/now-news.de\/de\/deutschland\/afd-gutachten-ein-argument-fuer-die-aufloesung-des-verfassungsschutzes-teil-ii\/#breadcrumb","itemListElement":[{"@type":"ListItem","position":1,"name":"Home","item":"https:\/\/now-news.de\/de\/"},{"@type":"ListItem","position":2,"name":"AfD-Gutachten: Ein Argument f\u00fcr die Aufl\u00f6sung des Verfassungsschutzes (Teil II)"}]},{"@type":"WebSite","@id":"https:\/\/now-news.de\/de\/#website","url":"https:\/\/now-news.de\/de\/","name":"just-now.NEWS Deutschland","description":"Das Portal f\u00fcr unzensierte Nachrichten aus der Welt","publisher":{"@id":"https:\/\/now-news.de\/de\/#organization"},"potentialAction":[{"@type":"SearchAction","target":{"@type":"EntryPoint","urlTemplate":"https:\/\/now-news.de\/de\/?s={search_term_string}"},"query-input":"required name=search_term_string"}],"inLanguage":"de"},{"@type":"Organization","@id":"https:\/\/now-news.de\/de\/#organization","name":"Just Now News","url":"https:\/\/now-news.de\/de\/","logo":{"@type":"ImageObject","inLanguage":"de","@id":"https:\/\/now-news.de\/de\/#\/schema\/logo\/image\/","url":"http:\/\/just-now.news\/de\/wp-content\/uploads\/sites\/3\/2022\/04\/logo500x500.jpg","contentUrl":"http:\/\/just-now.news\/de\/wp-content\/uploads\/sites\/3\/2022\/04\/logo500x500.jpg","width":500,"height":500,"caption":"Just Now News"},"image":{"@id":"https:\/\/now-news.de\/de\/#\/schema\/logo\/image\/"},"sameAs":["https:\/\/www.facebook.com\/wirmachenauf","https:\/\/x.com\/WirMachenAuf_de"]},{"@type":"Person","@id":"https:\/\/now-news.de\/de\/#\/schema\/person\/fb534a4e865501d8b3285208df34a9b5","name":"rtnews","image":{"@type":"ImageObject","inLanguage":"de","@id":"https:\/\/now-news.de\/de\/#\/schema\/person\/image\/","url":"https:\/\/secure.gravatar.com\/avatar\/82aafea7d8127119dd649515f56e2117?s=96&d=mm&r=g","contentUrl":"https:\/\/secure.gravatar.com\/avatar\/82aafea7d8127119dd649515f56e2117?s=96&d=mm&r=g","caption":"rtnews"},"url":"https:\/\/now-news.de\/de\/author\/rnews\/"}]}},"_links":{"self":[{"href":"https:\/\/now-news.de\/de\/wp-json\/wp\/v2\/posts\/83972"}],"collection":[{"href":"https:\/\/now-news.de\/de\/wp-json\/wp\/v2\/posts"}],"about":[{"href":"https:\/\/now-news.de\/de\/wp-json\/wp\/v2\/types\/post"}],"author":[{"embeddable":true,"href":"https:\/\/now-news.de\/de\/wp-json\/wp\/v2\/users\/3"}],"replies":[{"embeddable":true,"href":"https:\/\/now-news.de\/de\/wp-json\/wp\/v2\/comments?post=83972"}],"version-history":[{"count":0,"href":"https:\/\/now-news.de\/de\/wp-json\/wp\/v2\/posts\/83972\/revisions"}],"wp:featuredmedia":[{"embeddable":true,"href":"https:\/\/now-news.de\/de\/wp-json\/wp\/v2\/media\/83973"}],"wp:attachment":[{"href":"https:\/\/now-news.de\/de\/wp-json\/wp\/v2\/media?parent=83972"}],"wp:term":[{"taxonomy":"category","embeddable":true,"href":"https:\/\/now-news.de\/de\/wp-json\/wp\/v2\/categories?post=83972"},{"taxonomy":"post_tag","embeddable":true,"href":"https:\/\/now-news.de\/de\/wp-json\/wp\/v2\/tags?post=83972"}],"curies":[{"name":"wp","href":"https:\/\/api.w.org\/{rel}","templated":true}]}}