{"id":83946,"date":"2025-05-17T16:22:47","date_gmt":"2025-05-17T14:22:47","guid":{"rendered":"https:\/\/now-news.de\/de\/deutschland\/kabul-und-moskau-unterzeichnen-erstmals-abkommen-zur-oelfoerderung\/"},"modified":"2025-05-17T16:22:47","modified_gmt":"2025-05-17T14:22:47","slug":"kabul-und-moskau-unterzeichnen-erstmals-abkommen-zur-oelfoerderung","status":"publish","type":"post","link":"https:\/\/now-news.de\/de\/deutschland\/kabul-und-moskau-unterzeichnen-erstmals-abkommen-zur-oelfoerderung\/","title":{"rendered":"Kabul und Moskau unterzeichnen erstmals Abkommen zur \u00d6lf\u00f6rderung\u00a0"},"content":{"rendered":"<p><img decoding=\"async\" src=\"https:\/\/now-news.de\/de\/wp-content\/uploads\/sites\/3\/2025\/05\/6828953448fbef4f1624e4cb.jpg\" \/><\/p>\n<div class=\"Text-root Text-type_1 \">\n                Afghanistan will gemeinsam mit Russland \u00d6l f\u00f6rdern und verarbeiten. Nach Angaben des afghanischen Industrieministers haben beide L\u00e4nder ein entsprechendes Abkommen abgeschlossen. Es sei die erste Vereinbarung dieser Art, hei\u00dft es von der russischen Seite.\n            <\/div>\n<p><\/p>\n<div class=\"Text-root Text-type_5 ArticleView-text ViewText-root \">\n<p>In einem Interview mit der Nachrichtenagentur <em>RIA\u00a0Nowosti<\/em> hat der afghanische Industrie- und Handelsminister Nooruddin Azizi bekannt gegeben, dass sein Land ein Rohstoffabkommen mit Russland abgeschlossen hat. Die Vereinbarung sehe gemeinsame Aktivit\u00e4ten bei \u00d6lproduktion und -verarbeitung vor, f\u00fcgte er in einem Gespr\u00e4ch am Samstag hinzu.<\/p>\n<p>Hierbei wird Azizi von <em>RIA\u00a0Nowosti<\/em> mit den Worten zitiert:<\/p>\n<blockquote>\n<p><em>&#8220;Eine Vereinbarung \u00fcber die Zusammenarbeit in diesem Bereich wurde unterzeichnet.&#8221;<\/em><\/p>\n<\/blockquote>\n<p>Laut dem Minister wurde das Abkommen auf russischer Seite von der Firma Inteko Group am Rande des Internationalen Wirtschaftsforums &#8220;Russland \u2013 Islamische Welt: KazanForum&#8221; unterzeichnet. Die Gro\u00dfveranstaltung findet vom 13. bis 18.\u00a0Mai 2025 in Kasan statt, der Hauptstadt der russischen Teilrepublik Tatarstan.<\/p>\n<p>Rustam Chabibullin, der das russische Gesch\u00e4ftszentrum in Kabul leitet, gab seinerseits\u00a0<em>RIA\u00a0Nowosti<\/em> bekannt, dass es die erste Vereinbarung dieser Art sei. Die Mitarbeiter von Inteko Group f\u00fchrten ihm zufolge in Afghanistan bereits geologische Erkundungen durch. Nun sollten die \u00d6lbohrungen beginnen.<\/p>\n<p>Zugleich startet auch der Bau einer \u00d6lraffinerie an dem ausgew\u00e4hlten Standort, der mit notwendiger technischer Ausr\u00fcstung ausgestattet sei, k\u00fcndigt Chabibullin an.<\/p>\n<p>An dem Wirtschaftsforum &#8220;Russland\u00a0\u2013 Islamische Welt: KazanForum&#8221; werden in diesem Jahr Vertreter aus 103 L\u00e4ndern\u00a0 teilnehmen. Die gr\u00f6\u00dften Delegationen mit insgesamt mehr als 100 Personen werden aus Malaysia, der T\u00fcrkei, Afghanistan, Turkmenistan, Nigeria, den Vereinigten Arabischen Emiraten (VAE), dem Senegal und dem Iran erwartet.<\/p>\n<p>An der Veranstaltung unter dem Motto &#8220;Digitalisierung. Neue Realit\u00e4t&#8221; nehmen prominente G\u00e4ste teil,\u00a0darunter der malaysische Premierminister Anwar Ibrahim, der ehemalige Pr\u00e4sident Turkmenistans Gurbanguly Berdimuhamedow sowie die stellvertretenden Premierminister von Aserbaidschan, Afghanistan und Usbekistan. Es sollen w\u00e4hrend des Forums 141 Konferenzen zu verschiedenen Themen aus 20 Bereichen abgehalten werden.<\/p>\n<p><strong>Mehr zum Thema \u2013\u00a0<\/strong><a rel=\"nofollow noopener\" target=\"_blank\" href=\"https:\/\/freedert.online\/international\/232398-fluessiggas-deal-mit-russland-afghanistan\/\">Fl\u00fcssiggas-Deal mit Russland: Afghanistan will Transitvertrag unterzeichnen<\/a><\/p>\n<\/div>\n<p><br \/>\n<br \/><a href=\"https:\/\/de.rt.com\/international\/245239-kabul-und-moskau-unterzeichnen-abkommen-zur-oelfoerderung\/\">Source link <\/a><\/p>\n","protected":false},"excerpt":{"rendered":"<p>Afghanistan will gemeinsam mit Russland \u00d6l f\u00f6rdern und verarbeiten. Nach Angaben des afghanischen Industrieministers haben beide L\u00e4nder ein entsprechendes Abkommen abgeschlossen. Es sei die erste Vereinbarung dieser Art, hei\u00dft es von der russischen Seite. In einem Interview mit der Nachrichtenagentur RIA\u00a0Nowosti hat der afghanische Industrie- und Handelsminister Nooruddin Azizi bekannt gegeben, dass sein Land ein [&hellip;]<\/p>\n","protected":false},"author":3,"featured_media":83947,"comment_status":"open","ping_status":"open","sticky":false,"template":"","format":"standard","meta":{"_yoast_indexnow_last_ping":["1747492314"],"wp_automatic_camp":["217"],"f6be06509112807d76a528f20bdf0867":["Kabul und Moskau unterzeichnen erstmals Abkommen zur \u00d6lf\u00f6rderung\u00a0"],"original_link":["https:\/\/de.rt.com\/international\/245239-kabul-und-moskau-unterzeichnen-abkommen-zur-oelfoerderung\/"],"_thumbnail_id":["83947"],"jnews_social_counter_last_update":["1777807636"],"_wptgpro_p2tg_sent2tg":["a:1:{i:23737;s:19:\"2025-05-17 16:33:06\";}"]},"categories":[19,23],"tags":[6385,7182,3236,946,19538,140,21264,581],"yoast_head":"<!-- This site is optimized with the Yoast SEO Premium plugin v22.7 (Yoast SEO v22.7) - https:\/\/yoast.com\/wordpress\/plugins\/seo\/ -->\n<title>Kabul und Moskau unterzeichnen erstmals Abkommen zur \u00d6lf\u00f6rderung\u00a0 - just-now.NEWS Deutschland<\/title>\n<meta name=\"robots\" content=\"index, follow, max-snippet:-1, max-image-preview:large, max-video-preview:-1\" \/>\n<link rel=\"canonical\" href=\"https:\/\/now-news.de\/de\/deutschland\/kabul-und-moskau-unterzeichnen-erstmals-abkommen-zur-oelfoerderung\/\" \/>\n<meta property=\"og:locale\" content=\"de_DE\" \/>\n<meta property=\"og:type\" content=\"article\" \/>\n<meta property=\"og:title\" content=\"Kabul und Moskau unterzeichnen erstmals Abkommen zur \u00d6lf\u00f6rderung\u00a0\" \/>\n<meta property=\"og:description\" content=\"Afghanistan will gemeinsam mit Russland \u00d6l f\u00f6rdern und verarbeiten. Nach Angaben des afghanischen Industrieministers haben beide L\u00e4nder ein entsprechendes Abkommen abgeschlossen. Es sei die erste Vereinbarung dieser Art, hei\u00dft es von der russischen Seite. In einem Interview mit der Nachrichtenagentur RIA\u00a0Nowosti hat der afghanische Industrie- und Handelsminister Nooruddin Azizi bekannt gegeben, dass sein Land ein [&hellip;]\" \/>\n<meta property=\"og:url\" content=\"https:\/\/now-news.de\/de\/deutschland\/kabul-und-moskau-unterzeichnen-erstmals-abkommen-zur-oelfoerderung\/\" \/>\n<meta property=\"og:site_name\" content=\"just-now.NEWS Deutschland\" \/>\n<meta property=\"article:publisher\" content=\"https:\/\/www.facebook.com\/wirmachenauf\" \/>\n<meta property=\"article:published_time\" content=\"2025-05-17T14:22:47+00:00\" \/>\n<meta property=\"og:image\" content=\"https:\/\/now-news.de\/de\/wp-content\/uploads\/sites\/3\/2025\/05\/6828953448fbef4f1624e4cb.jpg\" \/>\n<meta name=\"author\" content=\"rtnews\" \/>\n<meta name=\"twitter:card\" content=\"summary_large_image\" \/>\n<meta name=\"twitter:creator\" content=\"@WirMachenAuf_de\" \/>\n<meta name=\"twitter:site\" content=\"@WirMachenAuf_de\" \/>\n<meta name=\"twitter:label1\" content=\"Verfasst von\" \/>\n\t<meta name=\"twitter:data1\" content=\"rtnews\" \/>\n\t<meta name=\"twitter:label2\" content=\"Gesch\u00e4tzte Lesezeit\" \/>\n\t<meta name=\"twitter:data2\" content=\"2\u00a0Minuten\" \/>\n<script type=\"application\/ld+json\" class=\"yoast-schema-graph\">{\"@context\":\"https:\/\/schema.org\",\"@graph\":[{\"@type\":\"Article\",\"@id\":\"https:\/\/now-news.de\/de\/deutschland\/kabul-und-moskau-unterzeichnen-erstmals-abkommen-zur-oelfoerderung\/#article\",\"isPartOf\":{\"@id\":\"https:\/\/now-news.de\/de\/deutschland\/kabul-und-moskau-unterzeichnen-erstmals-abkommen-zur-oelfoerderung\/\"},\"author\":{\"name\":\"rtnews\",\"@id\":\"https:\/\/now-news.de\/de\/#\/schema\/person\/fb534a4e865501d8b3285208df34a9b5\"},\"headline\":\"Kabul und Moskau unterzeichnen erstmals Abkommen zur \u00d6lf\u00f6rderung\u00a0\",\"datePublished\":\"2025-05-17T14:22:47+00:00\",\"dateModified\":\"2025-05-17T14:22:47+00:00\",\"mainEntityOfPage\":{\"@id\":\"https:\/\/now-news.de\/de\/deutschland\/kabul-und-moskau-unterzeichnen-erstmals-abkommen-zur-oelfoerderung\/\"},\"wordCount\":331,\"commentCount\":0,\"publisher\":{\"@id\":\"https:\/\/now-news.de\/de\/#organization\"},\"image\":{\"@id\":\"https:\/\/now-news.de\/de\/deutschland\/kabul-und-moskau-unterzeichnen-erstmals-abkommen-zur-oelfoerderung\/#primaryimage\"},\"thumbnailUrl\":\"https:\/\/now-news.de\/de\/wp-content\/uploads\/sites\/3\/2025\/05\/Kabul-und-Moskau-unterzeichnen-erstmals-Abkommen-zur-Oelfoerderung.jpg\",\"keywords\":[\"Abkommen\",\"Erstmals\",\"Kabul\",\"Moskau\",\"\u00d6lf\u00f6rderung\",\"und\",\"unterzeichnen\",\"zur\"],\"articleSection\":[\"Deutschland\",\"Russland\"],\"inLanguage\":\"de\",\"potentialAction\":[{\"@type\":\"CommentAction\",\"name\":\"Comment\",\"target\":[\"https:\/\/now-news.de\/de\/deutschland\/kabul-und-moskau-unterzeichnen-erstmals-abkommen-zur-oelfoerderung\/#respond\"]}]},{\"@type\":\"WebPage\",\"@id\":\"https:\/\/now-news.de\/de\/deutschland\/kabul-und-moskau-unterzeichnen-erstmals-abkommen-zur-oelfoerderung\/\",\"url\":\"https:\/\/now-news.de\/de\/deutschland\/kabul-und-moskau-unterzeichnen-erstmals-abkommen-zur-oelfoerderung\/\",\"name\":\"Kabul und Moskau unterzeichnen erstmals Abkommen zur \u00d6lf\u00f6rderung\u00a0 - just-now.NEWS Deutschland\",\"isPartOf\":{\"@id\":\"https:\/\/now-news.de\/de\/#website\"},\"primaryImageOfPage\":{\"@id\":\"https:\/\/now-news.de\/de\/deutschland\/kabul-und-moskau-unterzeichnen-erstmals-abkommen-zur-oelfoerderung\/#primaryimage\"},\"image\":{\"@id\":\"https:\/\/now-news.de\/de\/deutschland\/kabul-und-moskau-unterzeichnen-erstmals-abkommen-zur-oelfoerderung\/#primaryimage\"},\"thumbnailUrl\":\"https:\/\/now-news.de\/de\/wp-content\/uploads\/sites\/3\/2025\/05\/Kabul-und-Moskau-unterzeichnen-erstmals-Abkommen-zur-Oelfoerderung.jpg\",\"datePublished\":\"2025-05-17T14:22:47+00:00\",\"dateModified\":\"2025-05-17T14:22:47+00:00\",\"breadcrumb\":{\"@id\":\"https:\/\/now-news.de\/de\/deutschland\/kabul-und-moskau-unterzeichnen-erstmals-abkommen-zur-oelfoerderung\/#breadcrumb\"},\"inLanguage\":\"de\",\"potentialAction\":[{\"@type\":\"ReadAction\",\"target\":[\"https:\/\/now-news.de\/de\/deutschland\/kabul-und-moskau-unterzeichnen-erstmals-abkommen-zur-oelfoerderung\/\"]}]},{\"@type\":\"ImageObject\",\"inLanguage\":\"de\",\"@id\":\"https:\/\/now-news.de\/de\/deutschland\/kabul-und-moskau-unterzeichnen-erstmals-abkommen-zur-oelfoerderung\/#primaryimage\",\"url\":\"https:\/\/now-news.de\/de\/wp-content\/uploads\/sites\/3\/2025\/05\/Kabul-und-Moskau-unterzeichnen-erstmals-Abkommen-zur-Oelfoerderung.jpg\",\"contentUrl\":\"https:\/\/now-news.de\/de\/wp-content\/uploads\/sites\/3\/2025\/05\/Kabul-und-Moskau-unterzeichnen-erstmals-Abkommen-zur-Oelfoerderung.jpg\",\"width\":460,\"height\":259,\"caption\":\"Kabul und Moskau unterzeichnen erstmals Abkommen zur \u00d6lf\u00f6rderung\u00a0\"},{\"@type\":\"BreadcrumbList\",\"@id\":\"https:\/\/now-news.de\/de\/deutschland\/kabul-und-moskau-unterzeichnen-erstmals-abkommen-zur-oelfoerderung\/#breadcrumb\",\"itemListElement\":[{\"@type\":\"ListItem\",\"position\":1,\"name\":\"Home\",\"item\":\"https:\/\/now-news.de\/de\/\"},{\"@type\":\"ListItem\",\"position\":2,\"name\":\"Kabul und Moskau unterzeichnen erstmals Abkommen zur \u00d6lf\u00f6rderung\u00a0\"}]},{\"@type\":\"WebSite\",\"@id\":\"https:\/\/now-news.de\/de\/#website\",\"url\":\"https:\/\/now-news.de\/de\/\",\"name\":\"just-now.NEWS Deutschland\",\"description\":\"Das Portal f\u00fcr unzensierte Nachrichten aus der Welt\",\"publisher\":{\"@id\":\"https:\/\/now-news.de\/de\/#organization\"},\"potentialAction\":[{\"@type\":\"SearchAction\",\"target\":{\"@type\":\"EntryPoint\",\"urlTemplate\":\"https:\/\/now-news.de\/de\/?s={search_term_string}\"},\"query-input\":\"required name=search_term_string\"}],\"inLanguage\":\"de\"},{\"@type\":\"Organization\",\"@id\":\"https:\/\/now-news.de\/de\/#organization\",\"name\":\"Just Now News\",\"url\":\"https:\/\/now-news.de\/de\/\",\"logo\":{\"@type\":\"ImageObject\",\"inLanguage\":\"de\",\"@id\":\"https:\/\/now-news.de\/de\/#\/schema\/logo\/image\/\",\"url\":\"http:\/\/just-now.news\/de\/wp-content\/uploads\/sites\/3\/2022\/04\/logo500x500.jpg\",\"contentUrl\":\"http:\/\/just-now.news\/de\/wp-content\/uploads\/sites\/3\/2022\/04\/logo500x500.jpg\",\"width\":500,\"height\":500,\"caption\":\"Just Now News\"},\"image\":{\"@id\":\"https:\/\/now-news.de\/de\/#\/schema\/logo\/image\/\"},\"sameAs\":[\"https:\/\/www.facebook.com\/wirmachenauf\",\"https:\/\/x.com\/WirMachenAuf_de\"]},{\"@type\":\"Person\",\"@id\":\"https:\/\/now-news.de\/de\/#\/schema\/person\/fb534a4e865501d8b3285208df34a9b5\",\"name\":\"rtnews\",\"image\":{\"@type\":\"ImageObject\",\"inLanguage\":\"de\",\"@id\":\"https:\/\/now-news.de\/de\/#\/schema\/person\/image\/\",\"url\":\"https:\/\/secure.gravatar.com\/avatar\/82aafea7d8127119dd649515f56e2117?s=96&d=mm&r=g\",\"contentUrl\":\"https:\/\/secure.gravatar.com\/avatar\/82aafea7d8127119dd649515f56e2117?s=96&d=mm&r=g\",\"caption\":\"rtnews\"},\"url\":\"https:\/\/now-news.de\/de\/author\/rnews\/\"}]}<\/script>\n<!-- \/ Yoast SEO Premium plugin. -->","yoast_head_json":{"title":"Kabul und Moskau unterzeichnen erstmals Abkommen zur \u00d6lf\u00f6rderung\u00a0 - just-now.NEWS Deutschland","robots":{"index":"index","follow":"follow","max-snippet":"max-snippet:-1","max-image-preview":"max-image-preview:large","max-video-preview":"max-video-preview:-1"},"canonical":"https:\/\/now-news.de\/de\/deutschland\/kabul-und-moskau-unterzeichnen-erstmals-abkommen-zur-oelfoerderung\/","og_locale":"de_DE","og_type":"article","og_title":"Kabul und Moskau unterzeichnen erstmals Abkommen zur \u00d6lf\u00f6rderung\u00a0","og_description":"Afghanistan will gemeinsam mit Russland \u00d6l f\u00f6rdern und verarbeiten. Nach Angaben des afghanischen Industrieministers haben beide L\u00e4nder ein entsprechendes Abkommen abgeschlossen. Es sei die erste Vereinbarung dieser Art, hei\u00dft es von der russischen Seite. In einem Interview mit der Nachrichtenagentur RIA\u00a0Nowosti hat der afghanische Industrie- und Handelsminister Nooruddin Azizi bekannt gegeben, dass sein Land ein [&hellip;]","og_url":"https:\/\/now-news.de\/de\/deutschland\/kabul-und-moskau-unterzeichnen-erstmals-abkommen-zur-oelfoerderung\/","og_site_name":"just-now.NEWS Deutschland","article_publisher":"https:\/\/www.facebook.com\/wirmachenauf","article_published_time":"2025-05-17T14:22:47+00:00","og_image":[{"url":"https:\/\/now-news.de\/de\/wp-content\/uploads\/sites\/3\/2025\/05\/6828953448fbef4f1624e4cb.jpg"}],"author":"rtnews","twitter_card":"summary_large_image","twitter_creator":"@WirMachenAuf_de","twitter_site":"@WirMachenAuf_de","twitter_misc":{"Verfasst von":"rtnews","Gesch\u00e4tzte Lesezeit":"2\u00a0Minuten"},"schema":{"@context":"https:\/\/schema.org","@graph":[{"@type":"Article","@id":"https:\/\/now-news.de\/de\/deutschland\/kabul-und-moskau-unterzeichnen-erstmals-abkommen-zur-oelfoerderung\/#article","isPartOf":{"@id":"https:\/\/now-news.de\/de\/deutschland\/kabul-und-moskau-unterzeichnen-erstmals-abkommen-zur-oelfoerderung\/"},"author":{"name":"rtnews","@id":"https:\/\/now-news.de\/de\/#\/schema\/person\/fb534a4e865501d8b3285208df34a9b5"},"headline":"Kabul und Moskau unterzeichnen erstmals Abkommen zur \u00d6lf\u00f6rderung\u00a0","datePublished":"2025-05-17T14:22:47+00:00","dateModified":"2025-05-17T14:22:47+00:00","mainEntityOfPage":{"@id":"https:\/\/now-news.de\/de\/deutschland\/kabul-und-moskau-unterzeichnen-erstmals-abkommen-zur-oelfoerderung\/"},"wordCount":331,"commentCount":0,"publisher":{"@id":"https:\/\/now-news.de\/de\/#organization"},"image":{"@id":"https:\/\/now-news.de\/de\/deutschland\/kabul-und-moskau-unterzeichnen-erstmals-abkommen-zur-oelfoerderung\/#primaryimage"},"thumbnailUrl":"https:\/\/now-news.de\/de\/wp-content\/uploads\/sites\/3\/2025\/05\/Kabul-und-Moskau-unterzeichnen-erstmals-Abkommen-zur-Oelfoerderung.jpg","keywords":["Abkommen","Erstmals","Kabul","Moskau","\u00d6lf\u00f6rderung","und","unterzeichnen","zur"],"articleSection":["Deutschland","Russland"],"inLanguage":"de","potentialAction":[{"@type":"CommentAction","name":"Comment","target":["https:\/\/now-news.de\/de\/deutschland\/kabul-und-moskau-unterzeichnen-erstmals-abkommen-zur-oelfoerderung\/#respond"]}]},{"@type":"WebPage","@id":"https:\/\/now-news.de\/de\/deutschland\/kabul-und-moskau-unterzeichnen-erstmals-abkommen-zur-oelfoerderung\/","url":"https:\/\/now-news.de\/de\/deutschland\/kabul-und-moskau-unterzeichnen-erstmals-abkommen-zur-oelfoerderung\/","name":"Kabul und Moskau unterzeichnen erstmals Abkommen zur \u00d6lf\u00f6rderung\u00a0 - just-now.NEWS Deutschland","isPartOf":{"@id":"https:\/\/now-news.de\/de\/#website"},"primaryImageOfPage":{"@id":"https:\/\/now-news.de\/de\/deutschland\/kabul-und-moskau-unterzeichnen-erstmals-abkommen-zur-oelfoerderung\/#primaryimage"},"image":{"@id":"https:\/\/now-news.de\/de\/deutschland\/kabul-und-moskau-unterzeichnen-erstmals-abkommen-zur-oelfoerderung\/#primaryimage"},"thumbnailUrl":"https:\/\/now-news.de\/de\/wp-content\/uploads\/sites\/3\/2025\/05\/Kabul-und-Moskau-unterzeichnen-erstmals-Abkommen-zur-Oelfoerderung.jpg","datePublished":"2025-05-17T14:22:47+00:00","dateModified":"2025-05-17T14:22:47+00:00","breadcrumb":{"@id":"https:\/\/now-news.de\/de\/deutschland\/kabul-und-moskau-unterzeichnen-erstmals-abkommen-zur-oelfoerderung\/#breadcrumb"},"inLanguage":"de","potentialAction":[{"@type":"ReadAction","target":["https:\/\/now-news.de\/de\/deutschland\/kabul-und-moskau-unterzeichnen-erstmals-abkommen-zur-oelfoerderung\/"]}]},{"@type":"ImageObject","inLanguage":"de","@id":"https:\/\/now-news.de\/de\/deutschland\/kabul-und-moskau-unterzeichnen-erstmals-abkommen-zur-oelfoerderung\/#primaryimage","url":"https:\/\/now-news.de\/de\/wp-content\/uploads\/sites\/3\/2025\/05\/Kabul-und-Moskau-unterzeichnen-erstmals-Abkommen-zur-Oelfoerderung.jpg","contentUrl":"https:\/\/now-news.de\/de\/wp-content\/uploads\/sites\/3\/2025\/05\/Kabul-und-Moskau-unterzeichnen-erstmals-Abkommen-zur-Oelfoerderung.jpg","width":460,"height":259,"caption":"Kabul und Moskau unterzeichnen erstmals Abkommen zur \u00d6lf\u00f6rderung\u00a0"},{"@type":"BreadcrumbList","@id":"https:\/\/now-news.de\/de\/deutschland\/kabul-und-moskau-unterzeichnen-erstmals-abkommen-zur-oelfoerderung\/#breadcrumb","itemListElement":[{"@type":"ListItem","position":1,"name":"Home","item":"https:\/\/now-news.de\/de\/"},{"@type":"ListItem","position":2,"name":"Kabul und Moskau unterzeichnen erstmals Abkommen zur \u00d6lf\u00f6rderung\u00a0"}]},{"@type":"WebSite","@id":"https:\/\/now-news.de\/de\/#website","url":"https:\/\/now-news.de\/de\/","name":"just-now.NEWS Deutschland","description":"Das Portal f\u00fcr unzensierte Nachrichten aus der Welt","publisher":{"@id":"https:\/\/now-news.de\/de\/#organization"},"potentialAction":[{"@type":"SearchAction","target":{"@type":"EntryPoint","urlTemplate":"https:\/\/now-news.de\/de\/?s={search_term_string}"},"query-input":"required name=search_term_string"}],"inLanguage":"de"},{"@type":"Organization","@id":"https:\/\/now-news.de\/de\/#organization","name":"Just Now News","url":"https:\/\/now-news.de\/de\/","logo":{"@type":"ImageObject","inLanguage":"de","@id":"https:\/\/now-news.de\/de\/#\/schema\/logo\/image\/","url":"http:\/\/just-now.news\/de\/wp-content\/uploads\/sites\/3\/2022\/04\/logo500x500.jpg","contentUrl":"http:\/\/just-now.news\/de\/wp-content\/uploads\/sites\/3\/2022\/04\/logo500x500.jpg","width":500,"height":500,"caption":"Just Now News"},"image":{"@id":"https:\/\/now-news.de\/de\/#\/schema\/logo\/image\/"},"sameAs":["https:\/\/www.facebook.com\/wirmachenauf","https:\/\/x.com\/WirMachenAuf_de"]},{"@type":"Person","@id":"https:\/\/now-news.de\/de\/#\/schema\/person\/fb534a4e865501d8b3285208df34a9b5","name":"rtnews","image":{"@type":"ImageObject","inLanguage":"de","@id":"https:\/\/now-news.de\/de\/#\/schema\/person\/image\/","url":"https:\/\/secure.gravatar.com\/avatar\/82aafea7d8127119dd649515f56e2117?s=96&d=mm&r=g","contentUrl":"https:\/\/secure.gravatar.com\/avatar\/82aafea7d8127119dd649515f56e2117?s=96&d=mm&r=g","caption":"rtnews"},"url":"https:\/\/now-news.de\/de\/author\/rnews\/"}]}},"_links":{"self":[{"href":"https:\/\/now-news.de\/de\/wp-json\/wp\/v2\/posts\/83946"}],"collection":[{"href":"https:\/\/now-news.de\/de\/wp-json\/wp\/v2\/posts"}],"about":[{"href":"https:\/\/now-news.de\/de\/wp-json\/wp\/v2\/types\/post"}],"author":[{"embeddable":true,"href":"https:\/\/now-news.de\/de\/wp-json\/wp\/v2\/users\/3"}],"replies":[{"embeddable":true,"href":"https:\/\/now-news.de\/de\/wp-json\/wp\/v2\/comments?post=83946"}],"version-history":[{"count":0,"href":"https:\/\/now-news.de\/de\/wp-json\/wp\/v2\/posts\/83946\/revisions"}],"wp:featuredmedia":[{"embeddable":true,"href":"https:\/\/now-news.de\/de\/wp-json\/wp\/v2\/media\/83947"}],"wp:attachment":[{"href":"https:\/\/now-news.de\/de\/wp-json\/wp\/v2\/media?parent=83946"}],"wp:term":[{"taxonomy":"category","embeddable":true,"href":"https:\/\/now-news.de\/de\/wp-json\/wp\/v2\/categories?post=83946"},{"taxonomy":"post_tag","embeddable":true,"href":"https:\/\/now-news.de\/de\/wp-json\/wp\/v2\/tags?post=83946"}],"curies":[{"name":"wp","href":"https:\/\/api.w.org\/{rel}","templated":true}]}}