{"id":83936,"date":"2025-05-17T14:19:06","date_gmt":"2025-05-17T12:19:06","guid":{"rendered":"https:\/\/now-news.de\/de\/deutschland\/audioaufnahme-zeigt-joe-bidens-mentale-schwaechen-bei-befragung-durch-sonderermittler\/"},"modified":"2025-05-17T14:19:06","modified_gmt":"2025-05-17T12:19:06","slug":"audioaufnahme-zeigt-joe-bidens-mentale-schwaechen-bei-befragung-durch-sonderermittler","status":"publish","type":"post","link":"https:\/\/now-news.de\/de\/deutschland\/audioaufnahme-zeigt-joe-bidens-mentale-schwaechen-bei-befragung-durch-sonderermittler\/","title":{"rendered":"Audioaufnahme zeigt Joe Bidens mentale Schw\u00e4chen bei Befragung durch Sonderermittler"},"content":{"rendered":"<div class=\"Text-root Text-type_1 \">\n                Erstmals ver\u00f6ffentlichte Audioaufnahmen beweisen, dass der ehemalige US-Pr\u00e4sident Joe Biden bei einer Befragung durch Sonderermittler Robert Hur mit deutlichen Erinnerungsl\u00fccken aufwartete. Nicht nur der Aufbewahrungsort vertraulicher Dokumente war ihm entfallen.\n            <\/div>\n<p><\/p>\n<div class=\"Text-root Text-type_5 ArticleView-text ViewText-root \">\n<p data-start=\"651\" data-end=\"1165\">Es sind viereinhalb Minuten, die politische und mediale Wellen schlagen: Die Plattform <em data-start=\"757\" data-end=\"764\">Axios<\/em> ver\u00f6ffentlichte Ausz\u00fcge aus dem Tonmitschnitt eines <a rel=\"nofollow noopener\" target=\"_blank\" href=\"https:\/\/www.youtube.com\/watch?v=GNjkE_tDZts\">Interviewgespr\u00e4chs<\/a>, das US-Sonderermittler Robert Hur im Oktober 2023 mit Joe Biden gef\u00fchrt hatte. Was bisher nur als schriftliches Transkript bekannt war, bekommt nun durch die Stimme des Pr\u00e4sidenten eine neue Dimension \u2013 und wirft dr\u00e4ngende Fragen auf:<\/p>\n<p data-pm-slice=\"1 1 []\">War der damalige US-Pr\u00e4sident kognitiv \u00fcberhaupt noch in der Lage, sein Amt auszu\u00fcben \u2013 und wer f\u00fchrte in Wahrheit die Gesch\u00e4fte im Wei\u00dfen Haus? Warum verschweigen die Mainstream-Medien diese Aufnahmen und bezeichnen sie mancherorts sogar als &#8220;Fake News&#8221;?<\/p>\n<p data-start=\"1167\" data-end=\"1545\">In der Aufnahme wirkt Biden fahrig, unsicher, zum Teil verwirrt. Gefragt nach dem Aufbewahrungsort vertraulicher Dokumente nach seiner Zeit als Vizepr\u00e4sident, antwortet er nach einer l\u00e4ngeren Pause schlicht:<\/p>\n<blockquote>\n<p data-start=\"1167\" data-end=\"1545\"><em>&#8220;Ich wei\u00df es nicht.&#8221;<\/em><\/p>\n<\/blockquote>\n<div class=\"EmbedBlock-root EmbedBlock-twitter\">\n<div class=\"TwitterEmbed\">\n<blockquote class=\"twitter-tweet lazyload\" data-twitter=\"twitter-tweet\">\n<p lang=\"en\" dir=\"ltr\">EXCLUSIVE AUDIO: Biden&#8217;s reversal on classified document flusters his attorneys After initially saying he didn&#8217;t recall why he had it in his home, he acknowledged &#8220;I guess I wanted to hang onto it just for posterity&#8217;s sake&#8221; <a rel=\"nofollow noopener\" target=\"_blank\" href=\"https:\/\/t.co\/htDNe2frxQ\">https:\/\/t.co\/htDNe2frxQ<\/a><a rel=\"nofollow noopener\" target=\"_blank\" href=\"https:\/\/t.co\/NDtz6GYzTM\">pic.twitter.com\/NDtz6GYzTM<\/a><\/p>\n<p>\u2014 Axios (@axios) <a rel=\"nofollow noopener\" target=\"_blank\" href=\"https:\/\/twitter.com\/axios\/status\/1923529610232242206?ref_src=twsrc%5Etfw\">May 17, 2025<\/a><\/p><\/blockquote>\n<\/div>\n<\/div>\n<p data-start=\"1167\" data-end=\"1545\">In einem anderen Ausschnitt kann er sich nicht an das Todesjahr seines Sohnes Beau erinnern \u2013 ein Ereignis, das ihm stets als emotionaler Anker galt.<\/p>\n<div class=\"EmbedBlock-root EmbedBlock-twitter\">\n<div class=\"TwitterEmbed\">\n<blockquote class=\"twitter-tweet lazyload\" data-twitter=\"twitter-tweet\">\n<p lang=\"en\" dir=\"ltr\">EXCLUSIVE AUDIO: Biden struggles to find the right words and dates when recounting the time of his son Beau&#8217;s death:&#8221;Was it 2015 he had died?&#8221;via <a rel=\"nofollow noopener\" target=\"_blank\" href=\"https:\/\/twitter.com\/MarcACaputo?ref_src=twsrc%5Etfw\">@MarcACaputo<\/a><a rel=\"nofollow noopener\" target=\"_blank\" href=\"https:\/\/twitter.com\/AlexThomp?ref_src=twsrc%5Etfw\">@AlexThomp<\/a><a rel=\"nofollow noopener\" target=\"_blank\" href=\"https:\/\/t.co\/htDNe2frxQ\">https:\/\/t.co\/htDNe2frxQ<\/a><a rel=\"nofollow noopener\" target=\"_blank\" href=\"https:\/\/t.co\/kuHRTvduvR\">pic.twitter.com\/kuHRTvduvR<\/a><\/p>\n<p>\u2014 Axios (@axios) <a rel=\"nofollow noopener\" target=\"_blank\" href=\"https:\/\/twitter.com\/axios\/status\/1923518721336754639?ref_src=twsrc%5Etfw\">May 16, 2025<\/a><\/p><\/blockquote>\n<\/div>\n<\/div>\n<p data-start=\"1547\" data-end=\"1861\">Zwar betonen Biden und sein Umfeld, die Darstellung sei parteipolitisch motiviert. Doch die Tonspur wirkt schwer entkr\u00e4ftbar. Hur selbst hatte den Pr\u00e4sidenten in seinem Abschlussbericht zwar als &#8220;sympathischen, wohlmeinenden \u00e4lteren Mann&#8221; beschrieben \u2013 aber auch als jemanden, der &#8220;ein schlechtes Ged\u00e4chtnis&#8221; habe.<\/p>\n<p data-start=\"2258\" data-end=\"2505\">Ein neues Enth\u00fcllungsbuch von<em> CNN<\/em>-Journalist Jake Tapper und Axios-Reporter Alex Thompson befeuert diese Diskussion weiter. Der Titel &#8220;The Last Term?&#8221; \u2013 ein Fragezeichen, das nach Ver\u00f6ffentlichung der Audioaufnahmen wie ein Ausrufezeichen klingt.<\/p>\n<p data-start=\"2258\" data-end=\"2505\"><strong>Knoten in Prostata von Joe Biden entdeckt<\/strong><\/p>\n<p data-start=\"35\" data-end=\"621\">Bei einer Routineuntersuchung ist bei dem fr\u00fcheren US-Pr\u00e4sidenten Joe Biden ein kleiner Knoten in der Prostata entdeckt worden. Die Feststellung dieser Gewebever\u00e4nderung, die laut medizinischen Standards sowohl auf gutartige als auch auf b\u00f6sartige Ursachen zur\u00fcckzuf\u00fchren sein kann, veranlasste eine weitere medizinische Abkl\u00e4rung. Eine genauere Diagnose steht zum jetzigen Zeitpunkt noch aus. In einer knappen Erkl\u00e4rung teilte ein Sprecher mit, dass eine zus\u00e4tzliche Untersuchung notwendig sei, lie\u00df jedoch offen, ob diese bereits durchgef\u00fchrt worden war und welche Ergebnisse danach vorgelegen haben.<\/p>\n<figure class=\"RTImage-root\">\n<div class=\"RTImage-image RTImage-original\"><picture class=\"Picture-root Picture-original\"><!--[if IE 9]><video style=\"display: none;\"><![endif]--><source media=\"(-webkit-min-device-pixel-ratio: 2) and (min-resolution: 120dpi)\" data-srcset=\" \nhttps:\/\/now-news.de\/de\/wp-content\/uploads\/sites\/3\/2025\/05\/68286e03b480cc51420372f7.jpg 850w,\n                https:\/\/now-news.de\/de\/wp-content\/uploads\/sites\/3\/2025\/05\/68286e03b480cc51420372f7.jpg 1960w,            \" ><source data-srcset=\" \nhttps:\/\/now-news.de\/de\/wp-content\/uploads\/sites\/3\/2025\/05\/68286e03b480cc51420372f7.jpg 460w,\n              https:\/\/now-news.de\/de\/wp-content\/uploads\/sites\/3\/2025\/05\/68286e03b480cc51420372f7.jpg 980w,\n            \" ><!--[if IE 9]><\/video><![endif]--><img decoding=\"async\" data- src=\"data:image\/png;base64,iVBORw0KGgoAAAANSUhEUgAAABAAAAAJCAQAAACRI2S5AAAAEElEQVR42mNkIAAYRxWAAQAG9gAKqv6+AwAAAABJRU5ErkJggg==\" class=\"Picture-root Picture-original lazyload\" data-src=\"https:\/\/now-news.de\/de\/wp-content\/uploads\/sites\/3\/2025\/05\/68286e03b480cc51420372f7.jpg\" alt=\"\"><\/source><\/source><\/picture><!-- noscript pattern --><noscript><img decoding=\"async\" src=\"https:\/\/now-news.de\/de\/wp-content\/uploads\/sites\/3\/2025\/05\/68286e03b480cc51420372f7.jpg\" alt=\"\"><\/noscript><\/div><figcaption class=\"RTImage-footer\"><span class=\"RTImage-caption\"><span class=\"RTImage-captionItem\">Erinnerung statt Aktenlage: Biden verliert den Faden<\/span><\/span><span class=\"RTImage-source\"><span class=\"RTImage-captionItem\">Gettyimages.ru<\/span><\/span><\/figcaption><\/figure>\n<p data-start=\"623\" data-end=\"1213\">Solche Kn\u00f6tchen in der Prostata sind bei \u00e4lteren M\u00e4nnern keine Seltenheit. Sie k\u00f6nnen auf Prostatakrebs hinweisen, was eine gr\u00fcndliche Untersuchung durch einen Urologen erforderlich macht. Es kommen jedoch auch weniger schwerwiegende Ursachen infrage, darunter gutartige Prostatavergr\u00f6\u00dferungen oder entz\u00fcndliche Prozesse. Die Mitteilung zur Entdeckung des Knotens wurde von medizinischen Kommentatoren in den USA zum Anlass genommen, erneut \u00fcber den Gesundheitszustand des 82-j\u00e4hrigen Biden zu diskutieren, dessen Fitness bereits in der Vergangenheit intensiv unter die Lupe genommen wurde.<\/p>\n<p data-start=\"1215\" data-end=\"1812\">Bidens Gesundheitszustand hatte schon w\u00e4hrend seiner aktiven politischen Laufbahn regelm\u00e4\u00dfig f\u00fcr Diskussionen gesorgt \u2013 insbesondere angesichts seines hohen Alters und der Belastung, die das Pr\u00e4sidentenamt mit sich bringt. Schon im vergangenen Jahr hatten prominente Mitglieder der Demokratischen Partei Zweifel an seiner k\u00f6rperlichen und geistigen Verfassung ge\u00e4u\u00dfert. Diese f\u00fchrten schlie\u00dflich zu politischen Konsequenzen: Nach einem schwachen Auftritt in einem Fernsehduell mit Donald Trump im Vorwahlkampf wurde der Druck auf Biden so gro\u00df, dass er letztlich seine erneute Kandidatur aufgab.<\/p>\n<p data-start=\"1215\" data-end=\"1812\"><strong>Mehr zum Thema<\/strong>\u00a0\u2012\u00a0<a rel=\"nofollow noopener\" target=\"_blank\" href=\"https:\/\/freedert.online\/nordamerika\/242612-biden-trumps-anhaenger-sind-herzlos\/\">Biden \u00fcber die neue Administration: Trumps Anh\u00e4nger sind herzlos<\/a><\/p>\n<div class=\"EmbedBlock-root EmbedBlock-externalVideo EmbedBlock-rumble\">\n<div class=\"VkEmbed\"><iframe class=\"lazyload\" data-src=\"https:\/\/rumble.com\/embed\/v5t4cnw\" frameborder=\"0\" width=\"853\" height=\"480\" allowfullscreen><\/iframe><\/div>\n<\/div>\n<\/div>\n<p><script async src=\"https:\/\/platform.twitter.com\/widgets.js\" charset=\"utf-8\"><\/script><br \/>\n<br \/><br \/>\n<br \/><a href=\"https:\/\/de.rt.com\/nordamerika\/245223-audioaufnahme-zeigt-joe-bidens-mentale\/\">Source link <\/a><\/p>\n","protected":false},"excerpt":{"rendered":"<p>Erstmals ver\u00f6ffentlichte Audioaufnahmen beweisen, dass der ehemalige US-Pr\u00e4sident Joe Biden bei einer Befragung durch Sonderermittler Robert Hur mit deutlichen Erinnerungsl\u00fccken aufwartete. Nicht nur der Aufbewahrungsort vertraulicher Dokumente war ihm entfallen. Es sind viereinhalb Minuten, die politische und mediale Wellen schlagen: Die Plattform Axios ver\u00f6ffentlichte Ausz\u00fcge aus dem Tonmitschnitt eines Interviewgespr\u00e4chs, das US-Sonderermittler Robert Hur im [&hellip;]<\/p>\n","protected":false},"author":3,"featured_media":83937,"comment_status":"open","ping_status":"open","sticky":false,"template":"","format":"standard","meta":{"_yoast_indexnow_last_ping":["1747484607"],"wp_automatic_camp":["217"],"7c36b07ec4fd2849bac0f53622b496fb":["Audioaufnahme zeigt Joe Bidens mentale Schw\u00e4chen bei Befragung durch Sonderermittler"],"original_link":["https:\/\/de.rt.com\/nordamerika\/245223-audioaufnahme-zeigt-joe-bidens-mentale\/"],"_thumbnail_id":["83937"],"jnews_social_counter_last_update":["1777414571"],"_wptgpro_p2tg_sent2tg":["a:1:{i:23737;s:19:\"2025-05-17 14:24:35\";}"]},"categories":[19,23],"tags":[65021,40744,363,670,1024,2150,45563,19290,36286,5315],"yoast_head":"<!-- This site is optimized with the Yoast SEO Premium plugin v22.7 (Yoast SEO v22.7) - https:\/\/yoast.com\/wordpress\/plugins\/seo\/ -->\n<title>Audioaufnahme zeigt Joe Bidens mentale Schw\u00e4chen bei Befragung durch Sonderermittler - just-now.NEWS Deutschland<\/title>\n<meta name=\"robots\" content=\"index, follow, max-snippet:-1, max-image-preview:large, max-video-preview:-1\" \/>\n<link rel=\"canonical\" href=\"https:\/\/now-news.de\/de\/deutschland\/audioaufnahme-zeigt-joe-bidens-mentale-schwaechen-bei-befragung-durch-sonderermittler\/\" \/>\n<meta property=\"og:locale\" content=\"de_DE\" \/>\n<meta property=\"og:type\" content=\"article\" \/>\n<meta property=\"og:title\" content=\"Audioaufnahme zeigt Joe Bidens mentale Schw\u00e4chen bei Befragung durch Sonderermittler\" \/>\n<meta property=\"og:description\" content=\"Erstmals ver\u00f6ffentlichte Audioaufnahmen beweisen, dass der ehemalige US-Pr\u00e4sident Joe Biden bei einer Befragung durch Sonderermittler Robert Hur mit deutlichen Erinnerungsl\u00fccken aufwartete. Nicht nur der Aufbewahrungsort vertraulicher Dokumente war ihm entfallen. Es sind viereinhalb Minuten, die politische und mediale Wellen schlagen: Die Plattform Axios ver\u00f6ffentlichte Ausz\u00fcge aus dem Tonmitschnitt eines Interviewgespr\u00e4chs, das US-Sonderermittler Robert Hur im [&hellip;]\" \/>\n<meta property=\"og:url\" content=\"https:\/\/now-news.de\/de\/deutschland\/audioaufnahme-zeigt-joe-bidens-mentale-schwaechen-bei-befragung-durch-sonderermittler\/\" \/>\n<meta property=\"og:site_name\" content=\"just-now.NEWS Deutschland\" \/>\n<meta property=\"article:publisher\" content=\"https:\/\/www.facebook.com\/wirmachenauf\" \/>\n<meta property=\"article:published_time\" content=\"2025-05-17T12:19:06+00:00\" \/>\n<meta property=\"og:image\" content=\"https:\/\/now-news.de\/de\/wp-content\/uploads\/sites\/3\/2025\/05\/68286e03b480cc51420372f7.jpg\" \/>\n<meta name=\"author\" content=\"rtnews\" \/>\n<meta name=\"twitter:card\" content=\"summary_large_image\" \/>\n<meta name=\"twitter:creator\" content=\"@WirMachenAuf_de\" \/>\n<meta name=\"twitter:site\" content=\"@WirMachenAuf_de\" \/>\n<meta name=\"twitter:label1\" content=\"Verfasst von\" \/>\n\t<meta name=\"twitter:data1\" content=\"rtnews\" \/>\n\t<meta name=\"twitter:label2\" content=\"Gesch\u00e4tzte Lesezeit\" \/>\n\t<meta name=\"twitter:data2\" content=\"3\u00a0Minuten\" \/>\n<script type=\"application\/ld+json\" class=\"yoast-schema-graph\">{\"@context\":\"https:\/\/schema.org\",\"@graph\":[{\"@type\":\"Article\",\"@id\":\"https:\/\/now-news.de\/de\/deutschland\/audioaufnahme-zeigt-joe-bidens-mentale-schwaechen-bei-befragung-durch-sonderermittler\/#article\",\"isPartOf\":{\"@id\":\"https:\/\/now-news.de\/de\/deutschland\/audioaufnahme-zeigt-joe-bidens-mentale-schwaechen-bei-befragung-durch-sonderermittler\/\"},\"author\":{\"name\":\"rtnews\",\"@id\":\"https:\/\/now-news.de\/de\/#\/schema\/person\/fb534a4e865501d8b3285208df34a9b5\"},\"headline\":\"Audioaufnahme zeigt Joe Bidens mentale Schw\u00e4chen bei Befragung durch Sonderermittler\",\"datePublished\":\"2025-05-17T12:19:06+00:00\",\"dateModified\":\"2025-05-17T12:19:06+00:00\",\"mainEntityOfPage\":{\"@id\":\"https:\/\/now-news.de\/de\/deutschland\/audioaufnahme-zeigt-joe-bidens-mentale-schwaechen-bei-befragung-durch-sonderermittler\/\"},\"wordCount\":666,\"commentCount\":0,\"publisher\":{\"@id\":\"https:\/\/now-news.de\/de\/#organization\"},\"image\":{\"@id\":\"https:\/\/now-news.de\/de\/deutschland\/audioaufnahme-zeigt-joe-bidens-mentale-schwaechen-bei-befragung-durch-sonderermittler\/#primaryimage\"},\"thumbnailUrl\":\"https:\/\/now-news.de\/de\/wp-content\/uploads\/sites\/3\/2025\/05\/Audioaufnahme-zeigt-Joe-Bidens-mentale-Schwaechen-bei-Befragung-durch-Sonderermittler.jpg\",\"keywords\":[\"Audioaufnahme\",\"Befragung\",\"bei\",\"Bidens\",\"durch\",\"Joe\",\"mentale\",\"schwachen\",\"Sonderermittler\",\"zeigt\"],\"articleSection\":[\"Deutschland\",\"Russland\"],\"inLanguage\":\"de\",\"potentialAction\":[{\"@type\":\"CommentAction\",\"name\":\"Comment\",\"target\":[\"https:\/\/now-news.de\/de\/deutschland\/audioaufnahme-zeigt-joe-bidens-mentale-schwaechen-bei-befragung-durch-sonderermittler\/#respond\"]}]},{\"@type\":\"WebPage\",\"@id\":\"https:\/\/now-news.de\/de\/deutschland\/audioaufnahme-zeigt-joe-bidens-mentale-schwaechen-bei-befragung-durch-sonderermittler\/\",\"url\":\"https:\/\/now-news.de\/de\/deutschland\/audioaufnahme-zeigt-joe-bidens-mentale-schwaechen-bei-befragung-durch-sonderermittler\/\",\"name\":\"Audioaufnahme zeigt Joe Bidens mentale Schw\u00e4chen bei Befragung durch Sonderermittler - just-now.NEWS Deutschland\",\"isPartOf\":{\"@id\":\"https:\/\/now-news.de\/de\/#website\"},\"primaryImageOfPage\":{\"@id\":\"https:\/\/now-news.de\/de\/deutschland\/audioaufnahme-zeigt-joe-bidens-mentale-schwaechen-bei-befragung-durch-sonderermittler\/#primaryimage\"},\"image\":{\"@id\":\"https:\/\/now-news.de\/de\/deutschland\/audioaufnahme-zeigt-joe-bidens-mentale-schwaechen-bei-befragung-durch-sonderermittler\/#primaryimage\"},\"thumbnailUrl\":\"https:\/\/now-news.de\/de\/wp-content\/uploads\/sites\/3\/2025\/05\/Audioaufnahme-zeigt-Joe-Bidens-mentale-Schwaechen-bei-Befragung-durch-Sonderermittler.jpg\",\"datePublished\":\"2025-05-17T12:19:06+00:00\",\"dateModified\":\"2025-05-17T12:19:06+00:00\",\"breadcrumb\":{\"@id\":\"https:\/\/now-news.de\/de\/deutschland\/audioaufnahme-zeigt-joe-bidens-mentale-schwaechen-bei-befragung-durch-sonderermittler\/#breadcrumb\"},\"inLanguage\":\"de\",\"potentialAction\":[{\"@type\":\"ReadAction\",\"target\":[\"https:\/\/now-news.de\/de\/deutschland\/audioaufnahme-zeigt-joe-bidens-mentale-schwaechen-bei-befragung-durch-sonderermittler\/\"]}]},{\"@type\":\"ImageObject\",\"inLanguage\":\"de\",\"@id\":\"https:\/\/now-news.de\/de\/deutschland\/audioaufnahme-zeigt-joe-bidens-mentale-schwaechen-bei-befragung-durch-sonderermittler\/#primaryimage\",\"url\":\"https:\/\/now-news.de\/de\/wp-content\/uploads\/sites\/3\/2025\/05\/Audioaufnahme-zeigt-Joe-Bidens-mentale-Schwaechen-bei-Befragung-durch-Sonderermittler.jpg\",\"contentUrl\":\"https:\/\/now-news.de\/de\/wp-content\/uploads\/sites\/3\/2025\/05\/Audioaufnahme-zeigt-Joe-Bidens-mentale-Schwaechen-bei-Befragung-durch-Sonderermittler.jpg\",\"width\":1620,\"height\":1080,\"caption\":\"Audioaufnahme zeigt Joe Bidens mentale Schw\u00e4chen bei Befragung durch Sonderermittler\"},{\"@type\":\"BreadcrumbList\",\"@id\":\"https:\/\/now-news.de\/de\/deutschland\/audioaufnahme-zeigt-joe-bidens-mentale-schwaechen-bei-befragung-durch-sonderermittler\/#breadcrumb\",\"itemListElement\":[{\"@type\":\"ListItem\",\"position\":1,\"name\":\"Home\",\"item\":\"https:\/\/now-news.de\/de\/\"},{\"@type\":\"ListItem\",\"position\":2,\"name\":\"Audioaufnahme zeigt Joe Bidens mentale Schw\u00e4chen bei Befragung durch Sonderermittler\"}]},{\"@type\":\"WebSite\",\"@id\":\"https:\/\/now-news.de\/de\/#website\",\"url\":\"https:\/\/now-news.de\/de\/\",\"name\":\"just-now.NEWS Deutschland\",\"description\":\"Das Portal f\u00fcr unzensierte Nachrichten aus der Welt\",\"publisher\":{\"@id\":\"https:\/\/now-news.de\/de\/#organization\"},\"potentialAction\":[{\"@type\":\"SearchAction\",\"target\":{\"@type\":\"EntryPoint\",\"urlTemplate\":\"https:\/\/now-news.de\/de\/?s={search_term_string}\"},\"query-input\":\"required name=search_term_string\"}],\"inLanguage\":\"de\"},{\"@type\":\"Organization\",\"@id\":\"https:\/\/now-news.de\/de\/#organization\",\"name\":\"Just Now News\",\"url\":\"https:\/\/now-news.de\/de\/\",\"logo\":{\"@type\":\"ImageObject\",\"inLanguage\":\"de\",\"@id\":\"https:\/\/now-news.de\/de\/#\/schema\/logo\/image\/\",\"url\":\"http:\/\/just-now.news\/de\/wp-content\/uploads\/sites\/3\/2022\/04\/logo500x500.jpg\",\"contentUrl\":\"http:\/\/just-now.news\/de\/wp-content\/uploads\/sites\/3\/2022\/04\/logo500x500.jpg\",\"width\":500,\"height\":500,\"caption\":\"Just Now News\"},\"image\":{\"@id\":\"https:\/\/now-news.de\/de\/#\/schema\/logo\/image\/\"},\"sameAs\":[\"https:\/\/www.facebook.com\/wirmachenauf\",\"https:\/\/x.com\/WirMachenAuf_de\"]},{\"@type\":\"Person\",\"@id\":\"https:\/\/now-news.de\/de\/#\/schema\/person\/fb534a4e865501d8b3285208df34a9b5\",\"name\":\"rtnews\",\"image\":{\"@type\":\"ImageObject\",\"inLanguage\":\"de\",\"@id\":\"https:\/\/now-news.de\/de\/#\/schema\/person\/image\/\",\"url\":\"https:\/\/secure.gravatar.com\/avatar\/82aafea7d8127119dd649515f56e2117?s=96&d=mm&r=g\",\"contentUrl\":\"https:\/\/secure.gravatar.com\/avatar\/82aafea7d8127119dd649515f56e2117?s=96&d=mm&r=g\",\"caption\":\"rtnews\"},\"url\":\"https:\/\/now-news.de\/de\/author\/rnews\/\"}]}<\/script>\n<!-- \/ Yoast SEO Premium plugin. -->","yoast_head_json":{"title":"Audioaufnahme zeigt Joe Bidens mentale Schw\u00e4chen bei Befragung durch Sonderermittler - just-now.NEWS Deutschland","robots":{"index":"index","follow":"follow","max-snippet":"max-snippet:-1","max-image-preview":"max-image-preview:large","max-video-preview":"max-video-preview:-1"},"canonical":"https:\/\/now-news.de\/de\/deutschland\/audioaufnahme-zeigt-joe-bidens-mentale-schwaechen-bei-befragung-durch-sonderermittler\/","og_locale":"de_DE","og_type":"article","og_title":"Audioaufnahme zeigt Joe Bidens mentale Schw\u00e4chen bei Befragung durch Sonderermittler","og_description":"Erstmals ver\u00f6ffentlichte Audioaufnahmen beweisen, dass der ehemalige US-Pr\u00e4sident Joe Biden bei einer Befragung durch Sonderermittler Robert Hur mit deutlichen Erinnerungsl\u00fccken aufwartete. Nicht nur der Aufbewahrungsort vertraulicher Dokumente war ihm entfallen. Es sind viereinhalb Minuten, die politische und mediale Wellen schlagen: Die Plattform Axios ver\u00f6ffentlichte Ausz\u00fcge aus dem Tonmitschnitt eines Interviewgespr\u00e4chs, das US-Sonderermittler Robert Hur im [&hellip;]","og_url":"https:\/\/now-news.de\/de\/deutschland\/audioaufnahme-zeigt-joe-bidens-mentale-schwaechen-bei-befragung-durch-sonderermittler\/","og_site_name":"just-now.NEWS Deutschland","article_publisher":"https:\/\/www.facebook.com\/wirmachenauf","article_published_time":"2025-05-17T12:19:06+00:00","og_image":[{"url":"https:\/\/now-news.de\/de\/wp-content\/uploads\/sites\/3\/2025\/05\/68286e03b480cc51420372f7.jpg"}],"author":"rtnews","twitter_card":"summary_large_image","twitter_creator":"@WirMachenAuf_de","twitter_site":"@WirMachenAuf_de","twitter_misc":{"Verfasst von":"rtnews","Gesch\u00e4tzte Lesezeit":"3\u00a0Minuten"},"schema":{"@context":"https:\/\/schema.org","@graph":[{"@type":"Article","@id":"https:\/\/now-news.de\/de\/deutschland\/audioaufnahme-zeigt-joe-bidens-mentale-schwaechen-bei-befragung-durch-sonderermittler\/#article","isPartOf":{"@id":"https:\/\/now-news.de\/de\/deutschland\/audioaufnahme-zeigt-joe-bidens-mentale-schwaechen-bei-befragung-durch-sonderermittler\/"},"author":{"name":"rtnews","@id":"https:\/\/now-news.de\/de\/#\/schema\/person\/fb534a4e865501d8b3285208df34a9b5"},"headline":"Audioaufnahme zeigt Joe Bidens mentale Schw\u00e4chen bei Befragung durch Sonderermittler","datePublished":"2025-05-17T12:19:06+00:00","dateModified":"2025-05-17T12:19:06+00:00","mainEntityOfPage":{"@id":"https:\/\/now-news.de\/de\/deutschland\/audioaufnahme-zeigt-joe-bidens-mentale-schwaechen-bei-befragung-durch-sonderermittler\/"},"wordCount":666,"commentCount":0,"publisher":{"@id":"https:\/\/now-news.de\/de\/#organization"},"image":{"@id":"https:\/\/now-news.de\/de\/deutschland\/audioaufnahme-zeigt-joe-bidens-mentale-schwaechen-bei-befragung-durch-sonderermittler\/#primaryimage"},"thumbnailUrl":"https:\/\/now-news.de\/de\/wp-content\/uploads\/sites\/3\/2025\/05\/Audioaufnahme-zeigt-Joe-Bidens-mentale-Schwaechen-bei-Befragung-durch-Sonderermittler.jpg","keywords":["Audioaufnahme","Befragung","bei","Bidens","durch","Joe","mentale","schwachen","Sonderermittler","zeigt"],"articleSection":["Deutschland","Russland"],"inLanguage":"de","potentialAction":[{"@type":"CommentAction","name":"Comment","target":["https:\/\/now-news.de\/de\/deutschland\/audioaufnahme-zeigt-joe-bidens-mentale-schwaechen-bei-befragung-durch-sonderermittler\/#respond"]}]},{"@type":"WebPage","@id":"https:\/\/now-news.de\/de\/deutschland\/audioaufnahme-zeigt-joe-bidens-mentale-schwaechen-bei-befragung-durch-sonderermittler\/","url":"https:\/\/now-news.de\/de\/deutschland\/audioaufnahme-zeigt-joe-bidens-mentale-schwaechen-bei-befragung-durch-sonderermittler\/","name":"Audioaufnahme zeigt Joe Bidens mentale Schw\u00e4chen bei Befragung durch Sonderermittler - just-now.NEWS Deutschland","isPartOf":{"@id":"https:\/\/now-news.de\/de\/#website"},"primaryImageOfPage":{"@id":"https:\/\/now-news.de\/de\/deutschland\/audioaufnahme-zeigt-joe-bidens-mentale-schwaechen-bei-befragung-durch-sonderermittler\/#primaryimage"},"image":{"@id":"https:\/\/now-news.de\/de\/deutschland\/audioaufnahme-zeigt-joe-bidens-mentale-schwaechen-bei-befragung-durch-sonderermittler\/#primaryimage"},"thumbnailUrl":"https:\/\/now-news.de\/de\/wp-content\/uploads\/sites\/3\/2025\/05\/Audioaufnahme-zeigt-Joe-Bidens-mentale-Schwaechen-bei-Befragung-durch-Sonderermittler.jpg","datePublished":"2025-05-17T12:19:06+00:00","dateModified":"2025-05-17T12:19:06+00:00","breadcrumb":{"@id":"https:\/\/now-news.de\/de\/deutschland\/audioaufnahme-zeigt-joe-bidens-mentale-schwaechen-bei-befragung-durch-sonderermittler\/#breadcrumb"},"inLanguage":"de","potentialAction":[{"@type":"ReadAction","target":["https:\/\/now-news.de\/de\/deutschland\/audioaufnahme-zeigt-joe-bidens-mentale-schwaechen-bei-befragung-durch-sonderermittler\/"]}]},{"@type":"ImageObject","inLanguage":"de","@id":"https:\/\/now-news.de\/de\/deutschland\/audioaufnahme-zeigt-joe-bidens-mentale-schwaechen-bei-befragung-durch-sonderermittler\/#primaryimage","url":"https:\/\/now-news.de\/de\/wp-content\/uploads\/sites\/3\/2025\/05\/Audioaufnahme-zeigt-Joe-Bidens-mentale-Schwaechen-bei-Befragung-durch-Sonderermittler.jpg","contentUrl":"https:\/\/now-news.de\/de\/wp-content\/uploads\/sites\/3\/2025\/05\/Audioaufnahme-zeigt-Joe-Bidens-mentale-Schwaechen-bei-Befragung-durch-Sonderermittler.jpg","width":1620,"height":1080,"caption":"Audioaufnahme zeigt Joe Bidens mentale Schw\u00e4chen bei Befragung durch Sonderermittler"},{"@type":"BreadcrumbList","@id":"https:\/\/now-news.de\/de\/deutschland\/audioaufnahme-zeigt-joe-bidens-mentale-schwaechen-bei-befragung-durch-sonderermittler\/#breadcrumb","itemListElement":[{"@type":"ListItem","position":1,"name":"Home","item":"https:\/\/now-news.de\/de\/"},{"@type":"ListItem","position":2,"name":"Audioaufnahme zeigt Joe Bidens mentale Schw\u00e4chen bei Befragung durch Sonderermittler"}]},{"@type":"WebSite","@id":"https:\/\/now-news.de\/de\/#website","url":"https:\/\/now-news.de\/de\/","name":"just-now.NEWS Deutschland","description":"Das Portal f\u00fcr unzensierte Nachrichten aus der Welt","publisher":{"@id":"https:\/\/now-news.de\/de\/#organization"},"potentialAction":[{"@type":"SearchAction","target":{"@type":"EntryPoint","urlTemplate":"https:\/\/now-news.de\/de\/?s={search_term_string}"},"query-input":"required name=search_term_string"}],"inLanguage":"de"},{"@type":"Organization","@id":"https:\/\/now-news.de\/de\/#organization","name":"Just Now News","url":"https:\/\/now-news.de\/de\/","logo":{"@type":"ImageObject","inLanguage":"de","@id":"https:\/\/now-news.de\/de\/#\/schema\/logo\/image\/","url":"http:\/\/just-now.news\/de\/wp-content\/uploads\/sites\/3\/2022\/04\/logo500x500.jpg","contentUrl":"http:\/\/just-now.news\/de\/wp-content\/uploads\/sites\/3\/2022\/04\/logo500x500.jpg","width":500,"height":500,"caption":"Just Now News"},"image":{"@id":"https:\/\/now-news.de\/de\/#\/schema\/logo\/image\/"},"sameAs":["https:\/\/www.facebook.com\/wirmachenauf","https:\/\/x.com\/WirMachenAuf_de"]},{"@type":"Person","@id":"https:\/\/now-news.de\/de\/#\/schema\/person\/fb534a4e865501d8b3285208df34a9b5","name":"rtnews","image":{"@type":"ImageObject","inLanguage":"de","@id":"https:\/\/now-news.de\/de\/#\/schema\/person\/image\/","url":"https:\/\/secure.gravatar.com\/avatar\/82aafea7d8127119dd649515f56e2117?s=96&d=mm&r=g","contentUrl":"https:\/\/secure.gravatar.com\/avatar\/82aafea7d8127119dd649515f56e2117?s=96&d=mm&r=g","caption":"rtnews"},"url":"https:\/\/now-news.de\/de\/author\/rnews\/"}]}},"_links":{"self":[{"href":"https:\/\/now-news.de\/de\/wp-json\/wp\/v2\/posts\/83936"}],"collection":[{"href":"https:\/\/now-news.de\/de\/wp-json\/wp\/v2\/posts"}],"about":[{"href":"https:\/\/now-news.de\/de\/wp-json\/wp\/v2\/types\/post"}],"author":[{"embeddable":true,"href":"https:\/\/now-news.de\/de\/wp-json\/wp\/v2\/users\/3"}],"replies":[{"embeddable":true,"href":"https:\/\/now-news.de\/de\/wp-json\/wp\/v2\/comments?post=83936"}],"version-history":[{"count":0,"href":"https:\/\/now-news.de\/de\/wp-json\/wp\/v2\/posts\/83936\/revisions"}],"wp:featuredmedia":[{"embeddable":true,"href":"https:\/\/now-news.de\/de\/wp-json\/wp\/v2\/media\/83937"}],"wp:attachment":[{"href":"https:\/\/now-news.de\/de\/wp-json\/wp\/v2\/media?parent=83936"}],"wp:term":[{"taxonomy":"category","embeddable":true,"href":"https:\/\/now-news.de\/de\/wp-json\/wp\/v2\/categories?post=83936"},{"taxonomy":"post_tag","embeddable":true,"href":"https:\/\/now-news.de\/de\/wp-json\/wp\/v2\/tags?post=83936"}],"curies":[{"name":"wp","href":"https:\/\/api.w.org\/{rel}","templated":true}]}}