{"id":83928,"date":"2025-05-17T12:36:09","date_gmt":"2025-05-17T10:36:09","guid":{"rendered":"https:\/\/now-news.de\/de\/deutschland\/vorwurf-des-sexuellen-missbrauchs-gegen-chefanklaeger-des-internationalen-strafgerichtshofs\/"},"modified":"2025-05-17T12:36:09","modified_gmt":"2025-05-17T10:36:09","slug":"vorwurf-des-sexuellen-missbrauchs-gegen-chefanklaeger-des-internationalen-strafgerichtshofs","status":"publish","type":"post","link":"https:\/\/now-news.de\/de\/deutschland\/vorwurf-des-sexuellen-missbrauchs-gegen-chefanklaeger-des-internationalen-strafgerichtshofs\/","title":{"rendered":"Vorwurf des sexuellen Missbrauchs gegen Chefankl\u00e4ger des Internationalen Strafgerichtshofs"},"content":{"rendered":"<p><img decoding=\"async\" src=\"https:\/\/now-news.de\/de\/wp-content\/uploads\/sites\/3\/2025\/05\/682851e348fbef57d519c498.jpg\" \/><\/p>\n<div class=\"Text-root Text-type_1 \">\n                Gegen den ICC-Chefankl\u00e4ger Karim Khan wird wegen sexuellen Fehlverhaltens, Missbrauchs und N\u00f6tigung ermittelt. Khan bestreitet die Vorw\u00fcrfe, lie\u00df sich aber vorl\u00e4ufig beurlauben. Seine Stellvertreter \u00fcbernehmen die V\u00f6lkermord-Anklage gegen Israel. Trump hatte Khan deswegen unter Druck gesetzt.\n            <\/div>\n<p><\/p>\n<div class=\"Text-root Text-type_5 ArticleView-text ViewText-root \">\n<p>Gegen den Chefankl\u00e4ger des Internationalen Strafgerichtshofs, Karim Khan, wird wegen mutma\u00dflichen sexuellen Fehlverhaltens und Missbrauchs ermittelt. Am Freitag best\u00e4tigte der <a rel=\"nofollow noopener\" target=\"_blank\" href=\"https:\/\/www.icc-cpi.int\/\">Den Haager Strafgerichtshof<\/a>, dass Khan f\u00fcr die Dauer der Untersuchungen beurlaubt worden sei. Der Mann, der seit 2021 f\u00fcr die internationalen Anklagen wegen Verbrechens gegen die Menschlichkeit verantwortlich ist, muss sich jetzt selbst wegen mutma\u00dflicher Straftaten verantworten. Die gegen Khan erhobenen Vorw\u00fcrfe werden vom UN-B\u00fcro f\u00fcr interne Aufsichtsdienste (Office of Internal Oversight Services, OIOS) untersucht.<\/p>\n<p>Am Freitag erkl\u00e4rte der ICC, Khan habe &#8220;seine Entscheidung mitgeteilt, bis zum Abschluss der Untersuchung Urlaub zu nehmen&#8221;. In dieser Zeit w\u00fcrden seine beiden Stellvertretender die Aufgaben des Chefankl\u00e4gers und die Leitung der 450 Mitarbeiter von Khan \u00fcbernehmen.<\/p>\n<p>Nach einem <a rel=\"nofollow noopener\" target=\"_blank\" href=\"https:\/\/www.theguardian.com\/law\/2025\/may\/16\/international-criminal-court-chief-prosecutor-karim-khan-to-step-aside-until-investigation-ends\">Bericht<\/a> des <em>Guardian<\/em> vom Freitag soll Khan sich bis zuletzt den Aufforderungen seiner rangh\u00f6chsten Mitarbeiter widersetzt haben, bis zum Abschluss der Ermittlungen Urlaub zu nehmen. Angeblich soll er Zeugen eingesch\u00fcchtert und mit Vergeltungsma\u00dfnahmen gedroht haben, h\u00e4tten Quellen aus dem Strafgerichtshof der Zeitung berichtet. Noch am Donnerstag trug Karim Khan vor dem UN-Sicherheitsrat per Liveschaltung seinen <a rel=\"nofollow noopener\" target=\"_blank\" href=\"https:\/\/www.youtube.com\/watch?v=DV0msEREOSU\">Bericht<\/a> \u00fcber die Lage in Libyen vor. Nun habe er sich dem Druck hochrangiger Gerichtsbeamter gebeugt. In einer E-Mail, die dem <em>Guardian<\/em> vorliege, habe Khan geschrieben: &#8220;Angesichts der eskalierenden Medienberichte habe ich die bewusste Entscheidung getroffen, bis zum Abschluss der Ermittlungen Urlaub zu nehmen.&#8221;<\/p>\n<p>In der vergangenen Woche wurde Khan, ein aus Gro\u00dfbritannien stammender Anwalt, erstmals zwei Tage zu den Vorw\u00fcrfen vernommen. Eine seiner Angestellten habe die Anschuldigung gegen ihn \u00f6ffentlich gemacht. Die Vorw\u00fcrfe umfassten auch N\u00f6tigung und Amtsmissbrauch. Laut den Strafverteidigern des 55-j\u00e4hrigen ICC-Chefankl\u00e4gers bestreitet dieser &#8220;die Vorw\u00fcrfe in vollem Umfang&#8221;.<\/p>\n<p>Im Rahmen der Ermittlungen w\u00fcrden nicht nur mutma\u00dfliche Sexualstraftatbest\u00e4nde untersucht, sondern auch angebliche Einsch\u00fcchterungsversuche und Vergeltungsma\u00dfnahmen gegen\u00fcber Mitgliedern des Personals.<\/p>\n<p>Die beiden stellvertretenden ICC-Ankl\u00e4ger Nazhat Shameem Khan von den Fidschi-Inseln und Mame Mandiaye Niang aus dem Senegal \u00fcbernehmen die ICC-Chefankl\u00e4gerposition in einer kritischen Zeit. Im Februar dieses Jahres hatte US-Pr\u00e4sident Donald Trump Wirtschafts- und Reisesanktionen gegen Khan verh\u00e4ngt, nachdem der ICC Haftbefehle gegen den israelischen Premierminister Benjamin Netanjahu und dessen ehemaligen Verteidigungsminister Joaw Galant erlassen hatte. Khans Stellvertreter leiten ab jetzt die Ermittlungen zu den Vorw\u00fcrfen der Kriegsverbrechen in Gaza. Zuvor hatte der ICC bereits neue Anschuldigungen gegen israelische Verd\u00e4chtige wegen mutma\u00dflicher Kriegsverbrechen und Verbrechen gegen die Menschlichkeit vorbereitet.<\/p>\n<p>Der Zeitung zufolge muss Khan sich bei Anschuldigungen hinsichtlich &#8220;schwerem Fehlverhalten&#8221; oder &#8220;schwerwiegender Verletzungen seiner Pflichten&#8221; einer geheimen Abstimmung stellen. Dabei w\u00fcrden 125 Mitgliedsstaaten des ICC entscheiden, ob er seines Amtes enthoben wird.<\/p>\n<p><strong>Mehr zum Thema<\/strong> \u2013 <a rel=\"nofollow noopener\" target=\"_blank\" href=\"https:\/\/dert.online\/international\/226849-haftbefehl-gegen-netanjahu-israel-falken\/\">Haftbefehl gegen Netanjahu: Israel-Falken in Trump-Team drohen Strafgerichtshof <\/a><\/p>\n<div class=\"EmbedBlock-root EmbedBlock-externalVideo EmbedBlock-rumble\">\n<div class=\"VkEmbed\"><iframe class=\"lazyload\" data-src=\"https:\/\/rumble.com\/embed\/v6r6t4d\" frameborder=\"0\" width=\"853\" height=\"480\" allowfullscreen><\/iframe><\/div>\n<\/div>\n<p>\u00a0<\/p>\n<\/p>\n<p>\u00a0<\/p>\n<p>\u00a0<\/p>\n<\/div>\n<p><br \/>\n<br \/><a href=\"https:\/\/de.rt.com\/international\/245209-chefanklaeger-internationalen-strafgerichtshofs-wegen-sexuellen\/\">Source link <\/a><\/p>\n","protected":false},"excerpt":{"rendered":"<p>Gegen den ICC-Chefankl\u00e4ger Karim Khan wird wegen sexuellen Fehlverhaltens, Missbrauchs und N\u00f6tigung ermittelt. Khan bestreitet die Vorw\u00fcrfe, lie\u00df sich aber vorl\u00e4ufig beurlauben. Seine Stellvertreter \u00fcbernehmen die V\u00f6lkermord-Anklage gegen Israel. Trump hatte Khan deswegen unter Druck gesetzt. Gegen den Chefankl\u00e4ger des Internationalen Strafgerichtshofs, Karim Khan, wird wegen mutma\u00dflichen sexuellen Fehlverhaltens und Missbrauchs ermittelt. Am Freitag best\u00e4tigte [&hellip;]<\/p>\n","protected":false},"author":3,"featured_media":83929,"comment_status":"open","ping_status":"open","sticky":false,"template":"","format":"standard","meta":{"_yoast_indexnow_last_ping":["1747478793"],"wp_automatic_camp":["217"],"2e0a2d5779f15bb37c4a994349210393":["Vorwurf des sexuellen Missbrauchs gegen Chefankl\u00e4ger des Internationalen Strafgerichtshofs"],"original_link":["https:\/\/de.rt.com\/international\/245209-chefanklaeger-internationalen-strafgerichtshofs-wegen-sexuellen\/"],"_thumbnail_id":["83929"],"jnews_social_counter_last_update":["1777206357"],"_wptgpro_p2tg_sent2tg":["a:1:{i:23737;s:19:\"2025-05-17 12:47:36\";}"]},"categories":[19,23],"tags":[55043,583,278,524,13331,13330,42163,24923],"yoast_head":"<!-- This site is optimized with the Yoast SEO Premium plugin v22.7 (Yoast SEO v22.7) - https:\/\/yoast.com\/wordpress\/plugins\/seo\/ -->\n<title>Vorwurf des sexuellen Missbrauchs gegen Chefankl\u00e4ger des Internationalen Strafgerichtshofs - just-now.NEWS Deutschland<\/title>\n<meta name=\"robots\" content=\"index, follow, max-snippet:-1, max-image-preview:large, max-video-preview:-1\" \/>\n<link rel=\"canonical\" href=\"https:\/\/now-news.de\/de\/deutschland\/vorwurf-des-sexuellen-missbrauchs-gegen-chefanklaeger-des-internationalen-strafgerichtshofs\/\" \/>\n<meta property=\"og:locale\" content=\"de_DE\" \/>\n<meta property=\"og:type\" content=\"article\" \/>\n<meta property=\"og:title\" content=\"Vorwurf des sexuellen Missbrauchs gegen Chefankl\u00e4ger des Internationalen Strafgerichtshofs\" \/>\n<meta property=\"og:description\" content=\"Gegen den ICC-Chefankl\u00e4ger Karim Khan wird wegen sexuellen Fehlverhaltens, Missbrauchs und N\u00f6tigung ermittelt. Khan bestreitet die Vorw\u00fcrfe, lie\u00df sich aber vorl\u00e4ufig beurlauben. Seine Stellvertreter \u00fcbernehmen die V\u00f6lkermord-Anklage gegen Israel. Trump hatte Khan deswegen unter Druck gesetzt. Gegen den Chefankl\u00e4ger des Internationalen Strafgerichtshofs, Karim Khan, wird wegen mutma\u00dflichen sexuellen Fehlverhaltens und Missbrauchs ermittelt. Am Freitag best\u00e4tigte [&hellip;]\" \/>\n<meta property=\"og:url\" content=\"https:\/\/now-news.de\/de\/deutschland\/vorwurf-des-sexuellen-missbrauchs-gegen-chefanklaeger-des-internationalen-strafgerichtshofs\/\" \/>\n<meta property=\"og:site_name\" content=\"just-now.NEWS Deutschland\" \/>\n<meta property=\"article:publisher\" content=\"https:\/\/www.facebook.com\/wirmachenauf\" \/>\n<meta property=\"article:published_time\" content=\"2025-05-17T10:36:09+00:00\" \/>\n<meta property=\"og:image\" content=\"https:\/\/now-news.de\/de\/wp-content\/uploads\/sites\/3\/2025\/05\/682851e348fbef57d519c498.jpg\" \/>\n<meta name=\"author\" content=\"rtnews\" \/>\n<meta name=\"twitter:card\" content=\"summary_large_image\" \/>\n<meta name=\"twitter:creator\" content=\"@WirMachenAuf_de\" \/>\n<meta name=\"twitter:site\" content=\"@WirMachenAuf_de\" \/>\n<meta name=\"twitter:label1\" content=\"Verfasst von\" \/>\n\t<meta name=\"twitter:data1\" content=\"rtnews\" \/>\n\t<meta name=\"twitter:label2\" content=\"Gesch\u00e4tzte Lesezeit\" \/>\n\t<meta name=\"twitter:data2\" content=\"2\u00a0Minuten\" \/>\n<script type=\"application\/ld+json\" class=\"yoast-schema-graph\">{\"@context\":\"https:\/\/schema.org\",\"@graph\":[{\"@type\":\"Article\",\"@id\":\"https:\/\/now-news.de\/de\/deutschland\/vorwurf-des-sexuellen-missbrauchs-gegen-chefanklaeger-des-internationalen-strafgerichtshofs\/#article\",\"isPartOf\":{\"@id\":\"https:\/\/now-news.de\/de\/deutschland\/vorwurf-des-sexuellen-missbrauchs-gegen-chefanklaeger-des-internationalen-strafgerichtshofs\/\"},\"author\":{\"name\":\"rtnews\",\"@id\":\"https:\/\/now-news.de\/de\/#\/schema\/person\/fb534a4e865501d8b3285208df34a9b5\"},\"headline\":\"Vorwurf des sexuellen Missbrauchs gegen Chefankl\u00e4ger des Internationalen Strafgerichtshofs\",\"datePublished\":\"2025-05-17T10:36:09+00:00\",\"dateModified\":\"2025-05-17T10:36:09+00:00\",\"mainEntityOfPage\":{\"@id\":\"https:\/\/now-news.de\/de\/deutschland\/vorwurf-des-sexuellen-missbrauchs-gegen-chefanklaeger-des-internationalen-strafgerichtshofs\/\"},\"wordCount\":503,\"commentCount\":0,\"publisher\":{\"@id\":\"https:\/\/now-news.de\/de\/#organization\"},\"image\":{\"@id\":\"https:\/\/now-news.de\/de\/deutschland\/vorwurf-des-sexuellen-missbrauchs-gegen-chefanklaeger-des-internationalen-strafgerichtshofs\/#primaryimage\"},\"thumbnailUrl\":\"https:\/\/now-news.de\/de\/wp-content\/uploads\/sites\/3\/2025\/05\/Vorwurf-des-sexuellen-Missbrauchs-gegen-Chefanklaeger-des-Internationalen-Strafgerichtshofs.jpg\",\"keywords\":[\"Chefankl\u00e4ger\",\"des\",\"gegen\",\"internationalen\",\"Missbrauchs\",\"sexuellen\",\"Strafgerichtshofs\",\"Vorwurf\"],\"articleSection\":[\"Deutschland\",\"Russland\"],\"inLanguage\":\"de\",\"potentialAction\":[{\"@type\":\"CommentAction\",\"name\":\"Comment\",\"target\":[\"https:\/\/now-news.de\/de\/deutschland\/vorwurf-des-sexuellen-missbrauchs-gegen-chefanklaeger-des-internationalen-strafgerichtshofs\/#respond\"]}]},{\"@type\":\"WebPage\",\"@id\":\"https:\/\/now-news.de\/de\/deutschland\/vorwurf-des-sexuellen-missbrauchs-gegen-chefanklaeger-des-internationalen-strafgerichtshofs\/\",\"url\":\"https:\/\/now-news.de\/de\/deutschland\/vorwurf-des-sexuellen-missbrauchs-gegen-chefanklaeger-des-internationalen-strafgerichtshofs\/\",\"name\":\"Vorwurf des sexuellen Missbrauchs gegen Chefankl\u00e4ger des Internationalen Strafgerichtshofs - just-now.NEWS Deutschland\",\"isPartOf\":{\"@id\":\"https:\/\/now-news.de\/de\/#website\"},\"primaryImageOfPage\":{\"@id\":\"https:\/\/now-news.de\/de\/deutschland\/vorwurf-des-sexuellen-missbrauchs-gegen-chefanklaeger-des-internationalen-strafgerichtshofs\/#primaryimage\"},\"image\":{\"@id\":\"https:\/\/now-news.de\/de\/deutschland\/vorwurf-des-sexuellen-missbrauchs-gegen-chefanklaeger-des-internationalen-strafgerichtshofs\/#primaryimage\"},\"thumbnailUrl\":\"https:\/\/now-news.de\/de\/wp-content\/uploads\/sites\/3\/2025\/05\/Vorwurf-des-sexuellen-Missbrauchs-gegen-Chefanklaeger-des-Internationalen-Strafgerichtshofs.jpg\",\"datePublished\":\"2025-05-17T10:36:09+00:00\",\"dateModified\":\"2025-05-17T10:36:09+00:00\",\"breadcrumb\":{\"@id\":\"https:\/\/now-news.de\/de\/deutschland\/vorwurf-des-sexuellen-missbrauchs-gegen-chefanklaeger-des-internationalen-strafgerichtshofs\/#breadcrumb\"},\"inLanguage\":\"de\",\"potentialAction\":[{\"@type\":\"ReadAction\",\"target\":[\"https:\/\/now-news.de\/de\/deutschland\/vorwurf-des-sexuellen-missbrauchs-gegen-chefanklaeger-des-internationalen-strafgerichtshofs\/\"]}]},{\"@type\":\"ImageObject\",\"inLanguage\":\"de\",\"@id\":\"https:\/\/now-news.de\/de\/deutschland\/vorwurf-des-sexuellen-missbrauchs-gegen-chefanklaeger-des-internationalen-strafgerichtshofs\/#primaryimage\",\"url\":\"https:\/\/now-news.de\/de\/wp-content\/uploads\/sites\/3\/2025\/05\/Vorwurf-des-sexuellen-Missbrauchs-gegen-Chefanklaeger-des-Internationalen-Strafgerichtshofs.jpg\",\"contentUrl\":\"https:\/\/now-news.de\/de\/wp-content\/uploads\/sites\/3\/2025\/05\/Vorwurf-des-sexuellen-Missbrauchs-gegen-Chefanklaeger-des-Internationalen-Strafgerichtshofs.jpg\",\"width\":460,\"height\":259,\"caption\":\"Vorwurf des sexuellen Missbrauchs gegen Chefankl\u00e4ger des Internationalen Strafgerichtshofs\"},{\"@type\":\"BreadcrumbList\",\"@id\":\"https:\/\/now-news.de\/de\/deutschland\/vorwurf-des-sexuellen-missbrauchs-gegen-chefanklaeger-des-internationalen-strafgerichtshofs\/#breadcrumb\",\"itemListElement\":[{\"@type\":\"ListItem\",\"position\":1,\"name\":\"Home\",\"item\":\"https:\/\/now-news.de\/de\/\"},{\"@type\":\"ListItem\",\"position\":2,\"name\":\"Vorwurf des sexuellen Missbrauchs gegen Chefankl\u00e4ger des Internationalen Strafgerichtshofs\"}]},{\"@type\":\"WebSite\",\"@id\":\"https:\/\/now-news.de\/de\/#website\",\"url\":\"https:\/\/now-news.de\/de\/\",\"name\":\"just-now.NEWS Deutschland\",\"description\":\"Das Portal f\u00fcr unzensierte Nachrichten aus der Welt\",\"publisher\":{\"@id\":\"https:\/\/now-news.de\/de\/#organization\"},\"potentialAction\":[{\"@type\":\"SearchAction\",\"target\":{\"@type\":\"EntryPoint\",\"urlTemplate\":\"https:\/\/now-news.de\/de\/?s={search_term_string}\"},\"query-input\":\"required name=search_term_string\"}],\"inLanguage\":\"de\"},{\"@type\":\"Organization\",\"@id\":\"https:\/\/now-news.de\/de\/#organization\",\"name\":\"Just Now News\",\"url\":\"https:\/\/now-news.de\/de\/\",\"logo\":{\"@type\":\"ImageObject\",\"inLanguage\":\"de\",\"@id\":\"https:\/\/now-news.de\/de\/#\/schema\/logo\/image\/\",\"url\":\"http:\/\/just-now.news\/de\/wp-content\/uploads\/sites\/3\/2022\/04\/logo500x500.jpg\",\"contentUrl\":\"http:\/\/just-now.news\/de\/wp-content\/uploads\/sites\/3\/2022\/04\/logo500x500.jpg\",\"width\":500,\"height\":500,\"caption\":\"Just Now News\"},\"image\":{\"@id\":\"https:\/\/now-news.de\/de\/#\/schema\/logo\/image\/\"},\"sameAs\":[\"https:\/\/www.facebook.com\/wirmachenauf\",\"https:\/\/x.com\/WirMachenAuf_de\"]},{\"@type\":\"Person\",\"@id\":\"https:\/\/now-news.de\/de\/#\/schema\/person\/fb534a4e865501d8b3285208df34a9b5\",\"name\":\"rtnews\",\"image\":{\"@type\":\"ImageObject\",\"inLanguage\":\"de\",\"@id\":\"https:\/\/now-news.de\/de\/#\/schema\/person\/image\/\",\"url\":\"https:\/\/secure.gravatar.com\/avatar\/82aafea7d8127119dd649515f56e2117?s=96&d=mm&r=g\",\"contentUrl\":\"https:\/\/secure.gravatar.com\/avatar\/82aafea7d8127119dd649515f56e2117?s=96&d=mm&r=g\",\"caption\":\"rtnews\"},\"url\":\"https:\/\/now-news.de\/de\/author\/rnews\/\"}]}<\/script>\n<!-- \/ Yoast SEO Premium plugin. -->","yoast_head_json":{"title":"Vorwurf des sexuellen Missbrauchs gegen Chefankl\u00e4ger des Internationalen Strafgerichtshofs - just-now.NEWS Deutschland","robots":{"index":"index","follow":"follow","max-snippet":"max-snippet:-1","max-image-preview":"max-image-preview:large","max-video-preview":"max-video-preview:-1"},"canonical":"https:\/\/now-news.de\/de\/deutschland\/vorwurf-des-sexuellen-missbrauchs-gegen-chefanklaeger-des-internationalen-strafgerichtshofs\/","og_locale":"de_DE","og_type":"article","og_title":"Vorwurf des sexuellen Missbrauchs gegen Chefankl\u00e4ger des Internationalen Strafgerichtshofs","og_description":"Gegen den ICC-Chefankl\u00e4ger Karim Khan wird wegen sexuellen Fehlverhaltens, Missbrauchs und N\u00f6tigung ermittelt. Khan bestreitet die Vorw\u00fcrfe, lie\u00df sich aber vorl\u00e4ufig beurlauben. Seine Stellvertreter \u00fcbernehmen die V\u00f6lkermord-Anklage gegen Israel. Trump hatte Khan deswegen unter Druck gesetzt. Gegen den Chefankl\u00e4ger des Internationalen Strafgerichtshofs, Karim Khan, wird wegen mutma\u00dflichen sexuellen Fehlverhaltens und Missbrauchs ermittelt. Am Freitag best\u00e4tigte [&hellip;]","og_url":"https:\/\/now-news.de\/de\/deutschland\/vorwurf-des-sexuellen-missbrauchs-gegen-chefanklaeger-des-internationalen-strafgerichtshofs\/","og_site_name":"just-now.NEWS Deutschland","article_publisher":"https:\/\/www.facebook.com\/wirmachenauf","article_published_time":"2025-05-17T10:36:09+00:00","og_image":[{"url":"https:\/\/now-news.de\/de\/wp-content\/uploads\/sites\/3\/2025\/05\/682851e348fbef57d519c498.jpg"}],"author":"rtnews","twitter_card":"summary_large_image","twitter_creator":"@WirMachenAuf_de","twitter_site":"@WirMachenAuf_de","twitter_misc":{"Verfasst von":"rtnews","Gesch\u00e4tzte Lesezeit":"2\u00a0Minuten"},"schema":{"@context":"https:\/\/schema.org","@graph":[{"@type":"Article","@id":"https:\/\/now-news.de\/de\/deutschland\/vorwurf-des-sexuellen-missbrauchs-gegen-chefanklaeger-des-internationalen-strafgerichtshofs\/#article","isPartOf":{"@id":"https:\/\/now-news.de\/de\/deutschland\/vorwurf-des-sexuellen-missbrauchs-gegen-chefanklaeger-des-internationalen-strafgerichtshofs\/"},"author":{"name":"rtnews","@id":"https:\/\/now-news.de\/de\/#\/schema\/person\/fb534a4e865501d8b3285208df34a9b5"},"headline":"Vorwurf des sexuellen Missbrauchs gegen Chefankl\u00e4ger des Internationalen Strafgerichtshofs","datePublished":"2025-05-17T10:36:09+00:00","dateModified":"2025-05-17T10:36:09+00:00","mainEntityOfPage":{"@id":"https:\/\/now-news.de\/de\/deutschland\/vorwurf-des-sexuellen-missbrauchs-gegen-chefanklaeger-des-internationalen-strafgerichtshofs\/"},"wordCount":503,"commentCount":0,"publisher":{"@id":"https:\/\/now-news.de\/de\/#organization"},"image":{"@id":"https:\/\/now-news.de\/de\/deutschland\/vorwurf-des-sexuellen-missbrauchs-gegen-chefanklaeger-des-internationalen-strafgerichtshofs\/#primaryimage"},"thumbnailUrl":"https:\/\/now-news.de\/de\/wp-content\/uploads\/sites\/3\/2025\/05\/Vorwurf-des-sexuellen-Missbrauchs-gegen-Chefanklaeger-des-Internationalen-Strafgerichtshofs.jpg","keywords":["Chefankl\u00e4ger","des","gegen","internationalen","Missbrauchs","sexuellen","Strafgerichtshofs","Vorwurf"],"articleSection":["Deutschland","Russland"],"inLanguage":"de","potentialAction":[{"@type":"CommentAction","name":"Comment","target":["https:\/\/now-news.de\/de\/deutschland\/vorwurf-des-sexuellen-missbrauchs-gegen-chefanklaeger-des-internationalen-strafgerichtshofs\/#respond"]}]},{"@type":"WebPage","@id":"https:\/\/now-news.de\/de\/deutschland\/vorwurf-des-sexuellen-missbrauchs-gegen-chefanklaeger-des-internationalen-strafgerichtshofs\/","url":"https:\/\/now-news.de\/de\/deutschland\/vorwurf-des-sexuellen-missbrauchs-gegen-chefanklaeger-des-internationalen-strafgerichtshofs\/","name":"Vorwurf des sexuellen Missbrauchs gegen Chefankl\u00e4ger des Internationalen Strafgerichtshofs - just-now.NEWS Deutschland","isPartOf":{"@id":"https:\/\/now-news.de\/de\/#website"},"primaryImageOfPage":{"@id":"https:\/\/now-news.de\/de\/deutschland\/vorwurf-des-sexuellen-missbrauchs-gegen-chefanklaeger-des-internationalen-strafgerichtshofs\/#primaryimage"},"image":{"@id":"https:\/\/now-news.de\/de\/deutschland\/vorwurf-des-sexuellen-missbrauchs-gegen-chefanklaeger-des-internationalen-strafgerichtshofs\/#primaryimage"},"thumbnailUrl":"https:\/\/now-news.de\/de\/wp-content\/uploads\/sites\/3\/2025\/05\/Vorwurf-des-sexuellen-Missbrauchs-gegen-Chefanklaeger-des-Internationalen-Strafgerichtshofs.jpg","datePublished":"2025-05-17T10:36:09+00:00","dateModified":"2025-05-17T10:36:09+00:00","breadcrumb":{"@id":"https:\/\/now-news.de\/de\/deutschland\/vorwurf-des-sexuellen-missbrauchs-gegen-chefanklaeger-des-internationalen-strafgerichtshofs\/#breadcrumb"},"inLanguage":"de","potentialAction":[{"@type":"ReadAction","target":["https:\/\/now-news.de\/de\/deutschland\/vorwurf-des-sexuellen-missbrauchs-gegen-chefanklaeger-des-internationalen-strafgerichtshofs\/"]}]},{"@type":"ImageObject","inLanguage":"de","@id":"https:\/\/now-news.de\/de\/deutschland\/vorwurf-des-sexuellen-missbrauchs-gegen-chefanklaeger-des-internationalen-strafgerichtshofs\/#primaryimage","url":"https:\/\/now-news.de\/de\/wp-content\/uploads\/sites\/3\/2025\/05\/Vorwurf-des-sexuellen-Missbrauchs-gegen-Chefanklaeger-des-Internationalen-Strafgerichtshofs.jpg","contentUrl":"https:\/\/now-news.de\/de\/wp-content\/uploads\/sites\/3\/2025\/05\/Vorwurf-des-sexuellen-Missbrauchs-gegen-Chefanklaeger-des-Internationalen-Strafgerichtshofs.jpg","width":460,"height":259,"caption":"Vorwurf des sexuellen Missbrauchs gegen Chefankl\u00e4ger des Internationalen Strafgerichtshofs"},{"@type":"BreadcrumbList","@id":"https:\/\/now-news.de\/de\/deutschland\/vorwurf-des-sexuellen-missbrauchs-gegen-chefanklaeger-des-internationalen-strafgerichtshofs\/#breadcrumb","itemListElement":[{"@type":"ListItem","position":1,"name":"Home","item":"https:\/\/now-news.de\/de\/"},{"@type":"ListItem","position":2,"name":"Vorwurf des sexuellen Missbrauchs gegen Chefankl\u00e4ger des Internationalen Strafgerichtshofs"}]},{"@type":"WebSite","@id":"https:\/\/now-news.de\/de\/#website","url":"https:\/\/now-news.de\/de\/","name":"just-now.NEWS Deutschland","description":"Das Portal f\u00fcr unzensierte Nachrichten aus der Welt","publisher":{"@id":"https:\/\/now-news.de\/de\/#organization"},"potentialAction":[{"@type":"SearchAction","target":{"@type":"EntryPoint","urlTemplate":"https:\/\/now-news.de\/de\/?s={search_term_string}"},"query-input":"required name=search_term_string"}],"inLanguage":"de"},{"@type":"Organization","@id":"https:\/\/now-news.de\/de\/#organization","name":"Just Now News","url":"https:\/\/now-news.de\/de\/","logo":{"@type":"ImageObject","inLanguage":"de","@id":"https:\/\/now-news.de\/de\/#\/schema\/logo\/image\/","url":"http:\/\/just-now.news\/de\/wp-content\/uploads\/sites\/3\/2022\/04\/logo500x500.jpg","contentUrl":"http:\/\/just-now.news\/de\/wp-content\/uploads\/sites\/3\/2022\/04\/logo500x500.jpg","width":500,"height":500,"caption":"Just Now News"},"image":{"@id":"https:\/\/now-news.de\/de\/#\/schema\/logo\/image\/"},"sameAs":["https:\/\/www.facebook.com\/wirmachenauf","https:\/\/x.com\/WirMachenAuf_de"]},{"@type":"Person","@id":"https:\/\/now-news.de\/de\/#\/schema\/person\/fb534a4e865501d8b3285208df34a9b5","name":"rtnews","image":{"@type":"ImageObject","inLanguage":"de","@id":"https:\/\/now-news.de\/de\/#\/schema\/person\/image\/","url":"https:\/\/secure.gravatar.com\/avatar\/82aafea7d8127119dd649515f56e2117?s=96&d=mm&r=g","contentUrl":"https:\/\/secure.gravatar.com\/avatar\/82aafea7d8127119dd649515f56e2117?s=96&d=mm&r=g","caption":"rtnews"},"url":"https:\/\/now-news.de\/de\/author\/rnews\/"}]}},"_links":{"self":[{"href":"https:\/\/now-news.de\/de\/wp-json\/wp\/v2\/posts\/83928"}],"collection":[{"href":"https:\/\/now-news.de\/de\/wp-json\/wp\/v2\/posts"}],"about":[{"href":"https:\/\/now-news.de\/de\/wp-json\/wp\/v2\/types\/post"}],"author":[{"embeddable":true,"href":"https:\/\/now-news.de\/de\/wp-json\/wp\/v2\/users\/3"}],"replies":[{"embeddable":true,"href":"https:\/\/now-news.de\/de\/wp-json\/wp\/v2\/comments?post=83928"}],"version-history":[{"count":0,"href":"https:\/\/now-news.de\/de\/wp-json\/wp\/v2\/posts\/83928\/revisions"}],"wp:featuredmedia":[{"embeddable":true,"href":"https:\/\/now-news.de\/de\/wp-json\/wp\/v2\/media\/83929"}],"wp:attachment":[{"href":"https:\/\/now-news.de\/de\/wp-json\/wp\/v2\/media?parent=83928"}],"wp:term":[{"taxonomy":"category","embeddable":true,"href":"https:\/\/now-news.de\/de\/wp-json\/wp\/v2\/categories?post=83928"},{"taxonomy":"post_tag","embeddable":true,"href":"https:\/\/now-news.de\/de\/wp-json\/wp\/v2\/tags?post=83928"}],"curies":[{"name":"wp","href":"https:\/\/api.w.org\/{rel}","templated":true}]}}