{"id":83904,"date":"2025-05-16T21:24:42","date_gmt":"2025-05-16T19:24:42","guid":{"rendered":"https:\/\/now-news.de\/de\/deutschland\/kreml-bewertet-aussicht-auf-wiederaufnahme-des-nato-russland-rates\/"},"modified":"2025-05-16T21:24:42","modified_gmt":"2025-05-16T19:24:42","slug":"kreml-bewertet-aussicht-auf-wiederaufnahme-des-nato-russland-rates","status":"publish","type":"post","link":"https:\/\/now-news.de\/de\/deutschland\/kreml-bewertet-aussicht-auf-wiederaufnahme-des-nato-russland-rates\/","title":{"rendered":"Kreml bewertet Aussicht auf Wiederaufnahme des NATO-Russland-Rates"},"content":{"rendered":"<p><img decoding=\"async\" src=\"https:\/\/now-news.de\/de\/wp-content\/uploads\/sites\/3\/2025\/05\/68276d1e48fbef4642253a81.jpg\" \/><\/p>\n<div class=\"Text-root Text-type_1 \">\n                Der Kreml \u00e4u\u00dferte sich zu den Chancen f\u00fcr eine Wiederaufnahme der Partnerschaft zwischen Russland und der NATO. Es sei &#8220;schwierig&#8221;, dar\u00fcber zu sprechen, w\u00e4hrend diese sich im Grunde genommen im Krieg mit Moskau befinde, so Kremlsprecher Dmitri Peskow.\n            <\/div>\n<p><\/p>\n<div class=\"Text-root Text-type_5 ArticleView-text ViewText-root \">\n<p>Moskau hat noch keine substanziellen Vorschl\u00e4ge zur Wiederaufnahme der T\u00e4tigkeit des NATO-Russland-Rates erhalten. Dies teilte der russische Pr\u00e4sidentensprecher Dmitri Peskow mit und kommentierte damit einen <em>Bloomberg<\/em>-Bericht, wonach die Vereinigten Staaten angeblich angeboten h\u00e4tten, die Arbeit des Rates im Rahmen der Diskussion \u00fcber die Beilegung des Konflikts in der Ukraine wieder aufzunehmen:<\/p>\n<blockquote>\n<p><em>&#8220;Es gab hier keine substanziellen Vorschl\u00e4ge [&#8230;]. Nat\u00fcrlich ist es schwierig, \u00fcber die Wiederaufnahme einer Art von Partnerschaft oder eines Dialogs zu sprechen, w\u00e4hrend die NATO eigentlich einen Krieg gegen Russland f\u00fchrt.&#8221;<\/em><\/p>\n<\/blockquote>\n<p>Zugleich r\u00e4umte der Kremlsprecher ein, dass &#8220;Fragen im Zusammenhang mit der Sicherheit und Stabilit\u00e4t auf dem europ\u00e4ischen Kontinent nat\u00fcrlich diskutiert werden sollen\u00a0\u2013 und je fr\u00fcher das geschieht, desto besser&#8221;.<\/p>\n<p>Der NATO-Russland-Rat wurde im Mai\u00a02002 eingerichtet. Zu seinen Aufgaben geh\u00f6rte die Koordinierung und Entwicklung gemeinsamer Standpunkte zu wichtigen Angelegenheiten. Au\u00dferdem sollten dadurch die Beziehungen zwischen Russland und der NATO auf ein h\u00f6heres Niveau gehoben werden, das die Aussicht auf eine Vollmitgliedschaft er\u00f6ffnen sollte.<\/p>\n<p>Jedoch verlor der Rat allm\u00e4hlich an Bedeutung, als die Beziehungen zwischen Moskau und dem Westen Anfang der 2010er-Jahre zu br\u00f6ckeln begannen. Nachdem die Krim 2014 nach einem vom Westen unterst\u00fctzten Staatsstreich in Kiew f\u00fcr den Beitritt zu Russland gestimmt hatte, stellte die NATO jegliche praktische Zusammenarbeit mit Moskau ein.<\/p>\n<p>W\u00e4hrend ein gewisser diplomatischer Austausch, der sich haupts\u00e4chlich auf die Ukraine-Krise konzentrierte, immer noch fortgesetzt wurde, wurden die Tagungen des Rates endlich auf Eis gelegt, nachdem Russland im Jahr 2022 die milit\u00e4rische Sonderoperation in der Ukraine eingeleitet hatte.<\/p>\n<p>Russland schl\u00e4gt seit Jahren Alarm wegen der schleichenden NATO-Erweiterung in Richtung seiner Grenzen und der Bestrebungen der Ukraine, dem Block beizutreten. Moskau betonte wiederholt, dass bei der Beilegung des Ukraine-Konflikts zahlreiche Fragen im Zusammenhang mit dem Sicherheitssystem in Europa ber\u00fccksichtigt werden sollten.<\/p>\n<p><strong>Mehr zum Thema<\/strong> \u2013 <a rel=\"nofollow noopener\" target=\"_blank\" href=\"https:\/\/freedert.online\/meinung\/245105-hilfe-frieden-droht-antwort-westens\/\">Hilfe! Frieden droht! Antwort des Westens: Sanktionen!<\/a><\/p>\n<div class=\"EmbedBlock-root EmbedBlock-externalVideo EmbedBlock-rumble\">\n<div class=\"VkEmbed\"><iframe class=\"lazyload\" data-src=\"https:\/\/rumble.com\/embed\/v6r9ov7\" frameborder=\"0\" width=\"853\" height=\"480\" allowfullscreen><\/iframe><\/div>\n<\/div>\n<\/div>\n<p><br \/>\n<br \/><a href=\"https:\/\/de.rt.com\/international\/245177-kreml-bewertet-aussicht-auf-wiederaufnahme\/\">Source link <\/a><\/p>\n","protected":false},"excerpt":{"rendered":"<p>Der Kreml \u00e4u\u00dferte sich zu den Chancen f\u00fcr eine Wiederaufnahme der Partnerschaft zwischen Russland und der NATO. Es sei &#8220;schwierig&#8221;, dar\u00fcber zu sprechen, w\u00e4hrend diese sich im Grunde genommen im Krieg mit Moskau befinde, so Kremlsprecher Dmitri Peskow. Moskau hat noch keine substanziellen Vorschl\u00e4ge zur Wiederaufnahme der T\u00e4tigkeit des NATO-Russland-Rates erhalten. Dies teilte der russische [&hellip;]<\/p>\n","protected":false},"author":3,"featured_media":83905,"comment_status":"open","ping_status":"open","sticky":false,"template":"","format":"standard","meta":{"_yoast_indexnow_last_ping":["1747423644"],"wp_automatic_camp":["217"],"c348d83362c8533d290eb3c5811d159f":["Kreml bewertet Aussicht auf Wiederaufnahme des NATO-Russland-Rates"],"original_link":["https:\/\/de.rt.com\/international\/245177-kreml-bewertet-aussicht-auf-wiederaufnahme\/"],"_thumbnail_id":["83905"],"jnews_social_counter_last_update":["1777300100"],"_wptgpro_p2tg_sent2tg":["a:1:{i:23737;s:19:\"2025-05-16 21:28:29\";}"]},"categories":[19,23],"tags":[133,44323,39691,583,6312,65007,27795],"yoast_head":"<!-- This site is optimized with the Yoast SEO Premium plugin v22.7 (Yoast SEO v22.7) - https:\/\/yoast.com\/wordpress\/plugins\/seo\/ -->\n<title>Kreml bewertet Aussicht auf Wiederaufnahme des NATO-Russland-Rates - just-now.NEWS Deutschland<\/title>\n<meta name=\"robots\" content=\"index, follow, max-snippet:-1, max-image-preview:large, max-video-preview:-1\" \/>\n<link rel=\"canonical\" href=\"https:\/\/now-news.de\/de\/deutschland\/kreml-bewertet-aussicht-auf-wiederaufnahme-des-nato-russland-rates\/\" \/>\n<meta property=\"og:locale\" content=\"de_DE\" \/>\n<meta property=\"og:type\" content=\"article\" \/>\n<meta property=\"og:title\" content=\"Kreml bewertet Aussicht auf Wiederaufnahme des NATO-Russland-Rates\" \/>\n<meta property=\"og:description\" content=\"Der Kreml \u00e4u\u00dferte sich zu den Chancen f\u00fcr eine Wiederaufnahme der Partnerschaft zwischen Russland und der NATO. Es sei &#8220;schwierig&#8221;, dar\u00fcber zu sprechen, w\u00e4hrend diese sich im Grunde genommen im Krieg mit Moskau befinde, so Kremlsprecher Dmitri Peskow. Moskau hat noch keine substanziellen Vorschl\u00e4ge zur Wiederaufnahme der T\u00e4tigkeit des NATO-Russland-Rates erhalten. Dies teilte der russische [&hellip;]\" \/>\n<meta property=\"og:url\" content=\"https:\/\/now-news.de\/de\/deutschland\/kreml-bewertet-aussicht-auf-wiederaufnahme-des-nato-russland-rates\/\" \/>\n<meta property=\"og:site_name\" content=\"just-now.NEWS Deutschland\" \/>\n<meta property=\"article:publisher\" content=\"https:\/\/www.facebook.com\/wirmachenauf\" \/>\n<meta property=\"article:published_time\" content=\"2025-05-16T19:24:42+00:00\" \/>\n<meta property=\"og:image\" content=\"https:\/\/now-news.de\/de\/wp-content\/uploads\/sites\/3\/2025\/05\/68276d1e48fbef4642253a81.jpg\" \/>\n<meta name=\"author\" content=\"rtnews\" \/>\n<meta name=\"twitter:card\" content=\"summary_large_image\" \/>\n<meta name=\"twitter:creator\" content=\"@WirMachenAuf_de\" \/>\n<meta name=\"twitter:site\" content=\"@WirMachenAuf_de\" \/>\n<meta name=\"twitter:label1\" content=\"Verfasst von\" \/>\n\t<meta name=\"twitter:data1\" content=\"rtnews\" \/>\n\t<meta name=\"twitter:label2\" content=\"Gesch\u00e4tzte Lesezeit\" \/>\n\t<meta name=\"twitter:data2\" content=\"2\u00a0Minuten\" \/>\n<script type=\"application\/ld+json\" class=\"yoast-schema-graph\">{\"@context\":\"https:\/\/schema.org\",\"@graph\":[{\"@type\":\"Article\",\"@id\":\"https:\/\/now-news.de\/de\/deutschland\/kreml-bewertet-aussicht-auf-wiederaufnahme-des-nato-russland-rates\/#article\",\"isPartOf\":{\"@id\":\"https:\/\/now-news.de\/de\/deutschland\/kreml-bewertet-aussicht-auf-wiederaufnahme-des-nato-russland-rates\/\"},\"author\":{\"name\":\"rtnews\",\"@id\":\"https:\/\/now-news.de\/de\/#\/schema\/person\/fb534a4e865501d8b3285208df34a9b5\"},\"headline\":\"Kreml bewertet Aussicht auf Wiederaufnahme des NATO-Russland-Rates\",\"datePublished\":\"2025-05-16T19:24:42+00:00\",\"dateModified\":\"2025-05-16T19:24:42+00:00\",\"mainEntityOfPage\":{\"@id\":\"https:\/\/now-news.de\/de\/deutschland\/kreml-bewertet-aussicht-auf-wiederaufnahme-des-nato-russland-rates\/\"},\"wordCount\":369,\"commentCount\":0,\"publisher\":{\"@id\":\"https:\/\/now-news.de\/de\/#organization\"},\"image\":{\"@id\":\"https:\/\/now-news.de\/de\/deutschland\/kreml-bewertet-aussicht-auf-wiederaufnahme-des-nato-russland-rates\/#primaryimage\"},\"thumbnailUrl\":\"https:\/\/now-news.de\/de\/wp-content\/uploads\/sites\/3\/2025\/05\/Kreml-bewertet-Aussicht-auf-Wiederaufnahme-des-NATO-Russland-Rates.jpg\",\"keywords\":[\"AUF\",\"Aussicht\",\"bewertet\",\"des\",\"Kreml\",\"NATORusslandRates\",\"Wiederaufnahme\"],\"articleSection\":[\"Deutschland\",\"Russland\"],\"inLanguage\":\"de\",\"potentialAction\":[{\"@type\":\"CommentAction\",\"name\":\"Comment\",\"target\":[\"https:\/\/now-news.de\/de\/deutschland\/kreml-bewertet-aussicht-auf-wiederaufnahme-des-nato-russland-rates\/#respond\"]}]},{\"@type\":\"WebPage\",\"@id\":\"https:\/\/now-news.de\/de\/deutschland\/kreml-bewertet-aussicht-auf-wiederaufnahme-des-nato-russland-rates\/\",\"url\":\"https:\/\/now-news.de\/de\/deutschland\/kreml-bewertet-aussicht-auf-wiederaufnahme-des-nato-russland-rates\/\",\"name\":\"Kreml bewertet Aussicht auf Wiederaufnahme des NATO-Russland-Rates - just-now.NEWS Deutschland\",\"isPartOf\":{\"@id\":\"https:\/\/now-news.de\/de\/#website\"},\"primaryImageOfPage\":{\"@id\":\"https:\/\/now-news.de\/de\/deutschland\/kreml-bewertet-aussicht-auf-wiederaufnahme-des-nato-russland-rates\/#primaryimage\"},\"image\":{\"@id\":\"https:\/\/now-news.de\/de\/deutschland\/kreml-bewertet-aussicht-auf-wiederaufnahme-des-nato-russland-rates\/#primaryimage\"},\"thumbnailUrl\":\"https:\/\/now-news.de\/de\/wp-content\/uploads\/sites\/3\/2025\/05\/Kreml-bewertet-Aussicht-auf-Wiederaufnahme-des-NATO-Russland-Rates.jpg\",\"datePublished\":\"2025-05-16T19:24:42+00:00\",\"dateModified\":\"2025-05-16T19:24:42+00:00\",\"breadcrumb\":{\"@id\":\"https:\/\/now-news.de\/de\/deutschland\/kreml-bewertet-aussicht-auf-wiederaufnahme-des-nato-russland-rates\/#breadcrumb\"},\"inLanguage\":\"de\",\"potentialAction\":[{\"@type\":\"ReadAction\",\"target\":[\"https:\/\/now-news.de\/de\/deutschland\/kreml-bewertet-aussicht-auf-wiederaufnahme-des-nato-russland-rates\/\"]}]},{\"@type\":\"ImageObject\",\"inLanguage\":\"de\",\"@id\":\"https:\/\/now-news.de\/de\/deutschland\/kreml-bewertet-aussicht-auf-wiederaufnahme-des-nato-russland-rates\/#primaryimage\",\"url\":\"https:\/\/now-news.de\/de\/wp-content\/uploads\/sites\/3\/2025\/05\/Kreml-bewertet-Aussicht-auf-Wiederaufnahme-des-NATO-Russland-Rates.jpg\",\"contentUrl\":\"https:\/\/now-news.de\/de\/wp-content\/uploads\/sites\/3\/2025\/05\/Kreml-bewertet-Aussicht-auf-Wiederaufnahme-des-NATO-Russland-Rates.jpg\",\"width\":460,\"height\":259,\"caption\":\"Kreml bewertet Aussicht auf Wiederaufnahme des NATO-Russland-Rates\"},{\"@type\":\"BreadcrumbList\",\"@id\":\"https:\/\/now-news.de\/de\/deutschland\/kreml-bewertet-aussicht-auf-wiederaufnahme-des-nato-russland-rates\/#breadcrumb\",\"itemListElement\":[{\"@type\":\"ListItem\",\"position\":1,\"name\":\"Home\",\"item\":\"https:\/\/now-news.de\/de\/\"},{\"@type\":\"ListItem\",\"position\":2,\"name\":\"Kreml bewertet Aussicht auf Wiederaufnahme des NATO-Russland-Rates\"}]},{\"@type\":\"WebSite\",\"@id\":\"https:\/\/now-news.de\/de\/#website\",\"url\":\"https:\/\/now-news.de\/de\/\",\"name\":\"just-now.NEWS Deutschland\",\"description\":\"Das Portal f\u00fcr unzensierte Nachrichten aus der Welt\",\"publisher\":{\"@id\":\"https:\/\/now-news.de\/de\/#organization\"},\"potentialAction\":[{\"@type\":\"SearchAction\",\"target\":{\"@type\":\"EntryPoint\",\"urlTemplate\":\"https:\/\/now-news.de\/de\/?s={search_term_string}\"},\"query-input\":\"required name=search_term_string\"}],\"inLanguage\":\"de\"},{\"@type\":\"Organization\",\"@id\":\"https:\/\/now-news.de\/de\/#organization\",\"name\":\"Just Now News\",\"url\":\"https:\/\/now-news.de\/de\/\",\"logo\":{\"@type\":\"ImageObject\",\"inLanguage\":\"de\",\"@id\":\"https:\/\/now-news.de\/de\/#\/schema\/logo\/image\/\",\"url\":\"http:\/\/just-now.news\/de\/wp-content\/uploads\/sites\/3\/2022\/04\/logo500x500.jpg\",\"contentUrl\":\"http:\/\/just-now.news\/de\/wp-content\/uploads\/sites\/3\/2022\/04\/logo500x500.jpg\",\"width\":500,\"height\":500,\"caption\":\"Just Now News\"},\"image\":{\"@id\":\"https:\/\/now-news.de\/de\/#\/schema\/logo\/image\/\"},\"sameAs\":[\"https:\/\/www.facebook.com\/wirmachenauf\",\"https:\/\/x.com\/WirMachenAuf_de\"]},{\"@type\":\"Person\",\"@id\":\"https:\/\/now-news.de\/de\/#\/schema\/person\/fb534a4e865501d8b3285208df34a9b5\",\"name\":\"rtnews\",\"image\":{\"@type\":\"ImageObject\",\"inLanguage\":\"de\",\"@id\":\"https:\/\/now-news.de\/de\/#\/schema\/person\/image\/\",\"url\":\"https:\/\/secure.gravatar.com\/avatar\/82aafea7d8127119dd649515f56e2117?s=96&d=mm&r=g\",\"contentUrl\":\"https:\/\/secure.gravatar.com\/avatar\/82aafea7d8127119dd649515f56e2117?s=96&d=mm&r=g\",\"caption\":\"rtnews\"},\"url\":\"https:\/\/now-news.de\/de\/author\/rnews\/\"}]}<\/script>\n<!-- \/ Yoast SEO Premium plugin. -->","yoast_head_json":{"title":"Kreml bewertet Aussicht auf Wiederaufnahme des NATO-Russland-Rates - just-now.NEWS Deutschland","robots":{"index":"index","follow":"follow","max-snippet":"max-snippet:-1","max-image-preview":"max-image-preview:large","max-video-preview":"max-video-preview:-1"},"canonical":"https:\/\/now-news.de\/de\/deutschland\/kreml-bewertet-aussicht-auf-wiederaufnahme-des-nato-russland-rates\/","og_locale":"de_DE","og_type":"article","og_title":"Kreml bewertet Aussicht auf Wiederaufnahme des NATO-Russland-Rates","og_description":"Der Kreml \u00e4u\u00dferte sich zu den Chancen f\u00fcr eine Wiederaufnahme der Partnerschaft zwischen Russland und der NATO. Es sei &#8220;schwierig&#8221;, dar\u00fcber zu sprechen, w\u00e4hrend diese sich im Grunde genommen im Krieg mit Moskau befinde, so Kremlsprecher Dmitri Peskow. Moskau hat noch keine substanziellen Vorschl\u00e4ge zur Wiederaufnahme der T\u00e4tigkeit des NATO-Russland-Rates erhalten. Dies teilte der russische [&hellip;]","og_url":"https:\/\/now-news.de\/de\/deutschland\/kreml-bewertet-aussicht-auf-wiederaufnahme-des-nato-russland-rates\/","og_site_name":"just-now.NEWS Deutschland","article_publisher":"https:\/\/www.facebook.com\/wirmachenauf","article_published_time":"2025-05-16T19:24:42+00:00","og_image":[{"url":"https:\/\/now-news.de\/de\/wp-content\/uploads\/sites\/3\/2025\/05\/68276d1e48fbef4642253a81.jpg"}],"author":"rtnews","twitter_card":"summary_large_image","twitter_creator":"@WirMachenAuf_de","twitter_site":"@WirMachenAuf_de","twitter_misc":{"Verfasst von":"rtnews","Gesch\u00e4tzte Lesezeit":"2\u00a0Minuten"},"schema":{"@context":"https:\/\/schema.org","@graph":[{"@type":"Article","@id":"https:\/\/now-news.de\/de\/deutschland\/kreml-bewertet-aussicht-auf-wiederaufnahme-des-nato-russland-rates\/#article","isPartOf":{"@id":"https:\/\/now-news.de\/de\/deutschland\/kreml-bewertet-aussicht-auf-wiederaufnahme-des-nato-russland-rates\/"},"author":{"name":"rtnews","@id":"https:\/\/now-news.de\/de\/#\/schema\/person\/fb534a4e865501d8b3285208df34a9b5"},"headline":"Kreml bewertet Aussicht auf Wiederaufnahme des NATO-Russland-Rates","datePublished":"2025-05-16T19:24:42+00:00","dateModified":"2025-05-16T19:24:42+00:00","mainEntityOfPage":{"@id":"https:\/\/now-news.de\/de\/deutschland\/kreml-bewertet-aussicht-auf-wiederaufnahme-des-nato-russland-rates\/"},"wordCount":369,"commentCount":0,"publisher":{"@id":"https:\/\/now-news.de\/de\/#organization"},"image":{"@id":"https:\/\/now-news.de\/de\/deutschland\/kreml-bewertet-aussicht-auf-wiederaufnahme-des-nato-russland-rates\/#primaryimage"},"thumbnailUrl":"https:\/\/now-news.de\/de\/wp-content\/uploads\/sites\/3\/2025\/05\/Kreml-bewertet-Aussicht-auf-Wiederaufnahme-des-NATO-Russland-Rates.jpg","keywords":["AUF","Aussicht","bewertet","des","Kreml","NATORusslandRates","Wiederaufnahme"],"articleSection":["Deutschland","Russland"],"inLanguage":"de","potentialAction":[{"@type":"CommentAction","name":"Comment","target":["https:\/\/now-news.de\/de\/deutschland\/kreml-bewertet-aussicht-auf-wiederaufnahme-des-nato-russland-rates\/#respond"]}]},{"@type":"WebPage","@id":"https:\/\/now-news.de\/de\/deutschland\/kreml-bewertet-aussicht-auf-wiederaufnahme-des-nato-russland-rates\/","url":"https:\/\/now-news.de\/de\/deutschland\/kreml-bewertet-aussicht-auf-wiederaufnahme-des-nato-russland-rates\/","name":"Kreml bewertet Aussicht auf Wiederaufnahme des NATO-Russland-Rates - just-now.NEWS Deutschland","isPartOf":{"@id":"https:\/\/now-news.de\/de\/#website"},"primaryImageOfPage":{"@id":"https:\/\/now-news.de\/de\/deutschland\/kreml-bewertet-aussicht-auf-wiederaufnahme-des-nato-russland-rates\/#primaryimage"},"image":{"@id":"https:\/\/now-news.de\/de\/deutschland\/kreml-bewertet-aussicht-auf-wiederaufnahme-des-nato-russland-rates\/#primaryimage"},"thumbnailUrl":"https:\/\/now-news.de\/de\/wp-content\/uploads\/sites\/3\/2025\/05\/Kreml-bewertet-Aussicht-auf-Wiederaufnahme-des-NATO-Russland-Rates.jpg","datePublished":"2025-05-16T19:24:42+00:00","dateModified":"2025-05-16T19:24:42+00:00","breadcrumb":{"@id":"https:\/\/now-news.de\/de\/deutschland\/kreml-bewertet-aussicht-auf-wiederaufnahme-des-nato-russland-rates\/#breadcrumb"},"inLanguage":"de","potentialAction":[{"@type":"ReadAction","target":["https:\/\/now-news.de\/de\/deutschland\/kreml-bewertet-aussicht-auf-wiederaufnahme-des-nato-russland-rates\/"]}]},{"@type":"ImageObject","inLanguage":"de","@id":"https:\/\/now-news.de\/de\/deutschland\/kreml-bewertet-aussicht-auf-wiederaufnahme-des-nato-russland-rates\/#primaryimage","url":"https:\/\/now-news.de\/de\/wp-content\/uploads\/sites\/3\/2025\/05\/Kreml-bewertet-Aussicht-auf-Wiederaufnahme-des-NATO-Russland-Rates.jpg","contentUrl":"https:\/\/now-news.de\/de\/wp-content\/uploads\/sites\/3\/2025\/05\/Kreml-bewertet-Aussicht-auf-Wiederaufnahme-des-NATO-Russland-Rates.jpg","width":460,"height":259,"caption":"Kreml bewertet Aussicht auf Wiederaufnahme des NATO-Russland-Rates"},{"@type":"BreadcrumbList","@id":"https:\/\/now-news.de\/de\/deutschland\/kreml-bewertet-aussicht-auf-wiederaufnahme-des-nato-russland-rates\/#breadcrumb","itemListElement":[{"@type":"ListItem","position":1,"name":"Home","item":"https:\/\/now-news.de\/de\/"},{"@type":"ListItem","position":2,"name":"Kreml bewertet Aussicht auf Wiederaufnahme des NATO-Russland-Rates"}]},{"@type":"WebSite","@id":"https:\/\/now-news.de\/de\/#website","url":"https:\/\/now-news.de\/de\/","name":"just-now.NEWS Deutschland","description":"Das Portal f\u00fcr unzensierte Nachrichten aus der Welt","publisher":{"@id":"https:\/\/now-news.de\/de\/#organization"},"potentialAction":[{"@type":"SearchAction","target":{"@type":"EntryPoint","urlTemplate":"https:\/\/now-news.de\/de\/?s={search_term_string}"},"query-input":"required name=search_term_string"}],"inLanguage":"de"},{"@type":"Organization","@id":"https:\/\/now-news.de\/de\/#organization","name":"Just Now News","url":"https:\/\/now-news.de\/de\/","logo":{"@type":"ImageObject","inLanguage":"de","@id":"https:\/\/now-news.de\/de\/#\/schema\/logo\/image\/","url":"http:\/\/just-now.news\/de\/wp-content\/uploads\/sites\/3\/2022\/04\/logo500x500.jpg","contentUrl":"http:\/\/just-now.news\/de\/wp-content\/uploads\/sites\/3\/2022\/04\/logo500x500.jpg","width":500,"height":500,"caption":"Just Now News"},"image":{"@id":"https:\/\/now-news.de\/de\/#\/schema\/logo\/image\/"},"sameAs":["https:\/\/www.facebook.com\/wirmachenauf","https:\/\/x.com\/WirMachenAuf_de"]},{"@type":"Person","@id":"https:\/\/now-news.de\/de\/#\/schema\/person\/fb534a4e865501d8b3285208df34a9b5","name":"rtnews","image":{"@type":"ImageObject","inLanguage":"de","@id":"https:\/\/now-news.de\/de\/#\/schema\/person\/image\/","url":"https:\/\/secure.gravatar.com\/avatar\/82aafea7d8127119dd649515f56e2117?s=96&d=mm&r=g","contentUrl":"https:\/\/secure.gravatar.com\/avatar\/82aafea7d8127119dd649515f56e2117?s=96&d=mm&r=g","caption":"rtnews"},"url":"https:\/\/now-news.de\/de\/author\/rnews\/"}]}},"_links":{"self":[{"href":"https:\/\/now-news.de\/de\/wp-json\/wp\/v2\/posts\/83904"}],"collection":[{"href":"https:\/\/now-news.de\/de\/wp-json\/wp\/v2\/posts"}],"about":[{"href":"https:\/\/now-news.de\/de\/wp-json\/wp\/v2\/types\/post"}],"author":[{"embeddable":true,"href":"https:\/\/now-news.de\/de\/wp-json\/wp\/v2\/users\/3"}],"replies":[{"embeddable":true,"href":"https:\/\/now-news.de\/de\/wp-json\/wp\/v2\/comments?post=83904"}],"version-history":[{"count":0,"href":"https:\/\/now-news.de\/de\/wp-json\/wp\/v2\/posts\/83904\/revisions"}],"wp:featuredmedia":[{"embeddable":true,"href":"https:\/\/now-news.de\/de\/wp-json\/wp\/v2\/media\/83905"}],"wp:attachment":[{"href":"https:\/\/now-news.de\/de\/wp-json\/wp\/v2\/media?parent=83904"}],"wp:term":[{"taxonomy":"category","embeddable":true,"href":"https:\/\/now-news.de\/de\/wp-json\/wp\/v2\/categories?post=83904"},{"taxonomy":"post_tag","embeddable":true,"href":"https:\/\/now-news.de\/de\/wp-json\/wp\/v2\/tags?post=83904"}],"curies":[{"name":"wp","href":"https:\/\/api.w.org\/{rel}","templated":true}]}}