{"id":83900,"date":"2025-05-16T20:38:09","date_gmt":"2025-05-16T18:38:09","guid":{"rendered":"https:\/\/now-news.de\/de\/deutschland\/medienbericht-eu-plant-sanktionen-gegen-thomas-roeper-und-alina-lipp\/"},"modified":"2025-05-16T20:38:09","modified_gmt":"2025-05-16T18:38:09","slug":"medienbericht-eu-plant-sanktionen-gegen-thomas-roeper-und-alina-lipp","status":"publish","type":"post","link":"https:\/\/now-news.de\/de\/deutschland\/medienbericht-eu-plant-sanktionen-gegen-thomas-roeper-und-alina-lipp\/","title":{"rendered":"Medienbericht: EU plant Sanktionen gegen Thomas R\u00f6per und Alina Lipp"},"content":{"rendered":"<p><img decoding=\"async\" src=\"https:\/\/now-news.de\/de\/wp-content\/uploads\/sites\/3\/2025\/05\/6827726e48fbef3cd54730d4.JPG\" \/><\/p>\n<div class=\"Text-root Text-type_1 \">\n                Die rechtswidrige Sanktionswut der EU erklimmt die n\u00e4chste Stufe, wenn der am Freitag ver\u00f6ffentlichte Bericht des &#8220;Recherchekollektivs Correctiv&#8221; zutrifft. Demnach sollen erstmals deutsche Staatsangeh\u00f6rige in die Sanktionslisten aufgenommen werden: Namentlich genannt werden Thomas R\u00f6per und Alina Lipp.\n            <\/div>\n<p><\/p>\n<div class=\"Text-root Text-type_5 ArticleView-text ViewText-root \">\n<p>Die EU will am 20. Mai 2025 neue Sanktionen gegen Russland beschlie\u00dfen. Das dubiose &#8220;Recherchekollektiv <em>Correctiv<\/em>&#8221; behauptet dazu am Freitag, dass es vorab Einblick in einen Entwurf der neuen Verordnung gehabt habe. Demnach sollen nun erstmals deutsche Staatsb\u00fcrger in die Sanktionslisten aufgenommen werden.\u00a0<\/p>\n<p>Namentlich erw\u00e4hnt werden in dem Bericht der Betreiber des &#8220;Antispiegel&#8221;-Blogs und Mitautor der auch auf <em>RT DE<\/em> w\u00f6chentlich ver\u00f6ffentlichten Sendung Antispiegel-TV Thomas R\u00f6per sowie die im Donbass lebende Journalistin und Betreiberin des Telegram-Kanals &#8220;Neues aus Russland&#8221; Alina Lipp. Beide sind Deutsche und Staatsb\u00fcrger Deutschlands.\u00a0<\/p>\n<p>Ihnen wirft die EU ebenso wie den inzwischen nach Russland ausgewanderten Aktivisten Elena Kolbasnikowa und Max Schlund &#8220;destabilisierende Ma\u00dfnahmen&#8221; vor. Kolbasnikowa und Schlund hatten in K\u00f6ln prorussische Autokorsos organisiert. Berichten zufolge gibt es gegen sie bereits ein Einreiseverbot in die EU.\u00a0<\/p>\n<p>Mit Lipp und R\u00f6per w\u00fcrde ein Einreiseverbot nun erstmals auch Deutsche mit deutschem Pass treffen, eine faktische Ausb\u00fcrgerung. Individuelle Sanktionen haben zur Folge, dass Personen, die auf der Sanktionsliste der EU stehen, in der Regel nicht in die EU einreisen oder durch sie durchreisen d\u00fcrfen. Das f\u00fcr die Staatsb\u00fcrgerschaft zentrale Recht der jederzeitigen R\u00fcckkehr ist damit f\u00fcr Lipp, R\u00f6per und eventuell weitere Personen, die der <em>Correctiv<\/em>-Bericht nicht erw\u00e4hnt, ausgehebelt. Weiterhin werden alle Verm\u00f6genswerte sanktionierter Personen, die sich in der EU befinden, eingefroren, was bedeutet, dass sie nicht mehr verwendet oder verkauft werden k\u00f6nnen. Auch\u00a0ist es den sanktionierten Personen verboten, Gelder, Waren oder Dienstleistungen zu erhalten oder zu verwenden \u2013 faktisch eine Verurteilung zum Hungertod ohne jede Gerichtsverhandlung. Da auch Anwaltsdienstleistungen von dem Verbot umfasst sind, wird es den Betroffenen zudem erschwert, sich gegen die Sanktionierung gerichtlich zu wehren.\u00a0<\/p>\n<p>Ein weiterer Teil der Sanktionen soll sich laut <em>Correctiv<\/em> gegen Firmen und Personen &#8220;mit Verbindungen zu prorussischen Einflussoperationen, die entweder in Deutschland stattfanden oder gegen die Bundesrepublik gerichtet waren&#8221; richten. Einzelheiten teilt das &#8220;Recherchekollektiv&#8221; dazu nicht mit.<\/p>\n<p>Die Verabschiedung des Pakets wird schon l\u00e4nger vorbereitet. Vor einer Woche drohten Bundeskanzler Friedrich Merz (CDU) und EU-Spitzenpolitiker Russland mit noch sch\u00e4rferen Sanktionen, falls es nicht zu einer Waffenruhe in der Ukraine kommen sollte.<\/p>\n<p><strong>Mehr zum Thema<\/strong> \u2013 <a rel=\"nofollow noopener\" target=\"_blank\" href=\"https:\/\/freedert.online\/meinung\/245105-hilfe-frieden-droht-antwort-westens\/\">Hilfe! Frieden droht! Antwort des Westens: Sanktionen!<\/a><\/p>\n<\/p>\n<\/div>\n<p><br \/>\n<br \/><a href=\"https:\/\/de.rt.com\/inland\/245168-medienbericht-eu-plant-im-17-paket-sanktionen-gegen-deutsche\/\">Source link <\/a><\/p>\n","protected":false},"excerpt":{"rendered":"<p>Die rechtswidrige Sanktionswut der EU erklimmt die n\u00e4chste Stufe, wenn der am Freitag ver\u00f6ffentlichte Bericht des &#8220;Recherchekollektivs Correctiv&#8221; zutrifft. Demnach sollen erstmals deutsche Staatsangeh\u00f6rige in die Sanktionslisten aufgenommen werden: Namentlich genannt werden Thomas R\u00f6per und Alina Lipp. Die EU will am 20. Mai 2025 neue Sanktionen gegen Russland beschlie\u00dfen. Das dubiose &#8220;Recherchekollektiv Correctiv&#8221; behauptet dazu [&hellip;]<\/p>\n","protected":false},"author":3,"featured_media":83901,"comment_status":"open","ping_status":"open","sticky":false,"template":"","format":"standard","meta":{"_yoast_indexnow_last_ping":["1747420762"],"wp_automatic_camp":["217"],"7da1a3dc9caa49643771fe1de71523ca":["Medienbericht: EU plant Sanktionen gegen Thomas R\u00f6per und Alina Lipp"],"original_link":["https:\/\/de.rt.com\/inland\/245168-medienbericht-eu-plant-im-17-paket-sanktionen-gegen-deutsche\/"],"_thumbnail_id":["83901"],"jnews_social_counter_last_update":["1777366546"],"_wptgpro_p2tg_sent2tg":["a:1:{i:23737;s:19:\"2025-05-16 20:40:21\";}"]},"categories":[19,23],"tags":[24669,278,24670,869,2559,1172,713,1171,140],"yoast_head":"<!-- This site is optimized with the Yoast SEO Premium plugin v22.7 (Yoast SEO v22.7) - https:\/\/yoast.com\/wordpress\/plugins\/seo\/ -->\n<title>Medienbericht: EU plant Sanktionen gegen Thomas R\u00f6per und Alina Lipp - just-now.NEWS Deutschland<\/title>\n<meta name=\"robots\" content=\"index, follow, max-snippet:-1, max-image-preview:large, max-video-preview:-1\" \/>\n<link rel=\"canonical\" href=\"https:\/\/now-news.de\/de\/deutschland\/medienbericht-eu-plant-sanktionen-gegen-thomas-roeper-und-alina-lipp\/\" \/>\n<meta property=\"og:locale\" content=\"de_DE\" \/>\n<meta property=\"og:type\" content=\"article\" \/>\n<meta property=\"og:title\" content=\"Medienbericht: EU plant Sanktionen gegen Thomas R\u00f6per und Alina Lipp\" \/>\n<meta property=\"og:description\" content=\"Die rechtswidrige Sanktionswut der EU erklimmt die n\u00e4chste Stufe, wenn der am Freitag ver\u00f6ffentlichte Bericht des &#8220;Recherchekollektivs Correctiv&#8221; zutrifft. Demnach sollen erstmals deutsche Staatsangeh\u00f6rige in die Sanktionslisten aufgenommen werden: Namentlich genannt werden Thomas R\u00f6per und Alina Lipp. Die EU will am 20. Mai 2025 neue Sanktionen gegen Russland beschlie\u00dfen. Das dubiose &#8220;Recherchekollektiv Correctiv&#8221; behauptet dazu [&hellip;]\" \/>\n<meta property=\"og:url\" content=\"https:\/\/now-news.de\/de\/deutschland\/medienbericht-eu-plant-sanktionen-gegen-thomas-roeper-und-alina-lipp\/\" \/>\n<meta property=\"og:site_name\" content=\"just-now.NEWS Deutschland\" \/>\n<meta property=\"article:publisher\" content=\"https:\/\/www.facebook.com\/wirmachenauf\" \/>\n<meta property=\"article:published_time\" content=\"2025-05-16T18:38:09+00:00\" \/>\n<meta property=\"og:image\" content=\"https:\/\/now-news.de\/de\/wp-content\/uploads\/sites\/3\/2025\/05\/6827726e48fbef3cd54730d4.JPG\" \/>\n<meta name=\"author\" content=\"rtnews\" \/>\n<meta name=\"twitter:card\" content=\"summary_large_image\" \/>\n<meta name=\"twitter:creator\" content=\"@WirMachenAuf_de\" \/>\n<meta name=\"twitter:site\" content=\"@WirMachenAuf_de\" \/>\n<meta name=\"twitter:label1\" content=\"Verfasst von\" \/>\n\t<meta name=\"twitter:data1\" content=\"rtnews\" \/>\n\t<meta name=\"twitter:label2\" content=\"Gesch\u00e4tzte Lesezeit\" \/>\n\t<meta name=\"twitter:data2\" content=\"2\u00a0Minuten\" \/>\n<script type=\"application\/ld+json\" class=\"yoast-schema-graph\">{\"@context\":\"https:\/\/schema.org\",\"@graph\":[{\"@type\":\"Article\",\"@id\":\"https:\/\/now-news.de\/de\/deutschland\/medienbericht-eu-plant-sanktionen-gegen-thomas-roeper-und-alina-lipp\/#article\",\"isPartOf\":{\"@id\":\"https:\/\/now-news.de\/de\/deutschland\/medienbericht-eu-plant-sanktionen-gegen-thomas-roeper-und-alina-lipp\/\"},\"author\":{\"name\":\"rtnews\",\"@id\":\"https:\/\/now-news.de\/de\/#\/schema\/person\/fb534a4e865501d8b3285208df34a9b5\"},\"headline\":\"Medienbericht: EU plant Sanktionen gegen Thomas R\u00f6per und Alina Lipp\",\"datePublished\":\"2025-05-16T18:38:09+00:00\",\"dateModified\":\"2025-05-16T18:38:09+00:00\",\"mainEntityOfPage\":{\"@id\":\"https:\/\/now-news.de\/de\/deutschland\/medienbericht-eu-plant-sanktionen-gegen-thomas-roeper-und-alina-lipp\/\"},\"wordCount\":424,\"commentCount\":0,\"publisher\":{\"@id\":\"https:\/\/now-news.de\/de\/#organization\"},\"image\":{\"@id\":\"https:\/\/now-news.de\/de\/deutschland\/medienbericht-eu-plant-sanktionen-gegen-thomas-roeper-und-alina-lipp\/#primaryimage\"},\"thumbnailUrl\":\"https:\/\/now-news.de\/de\/wp-content\/uploads\/sites\/3\/2025\/05\/Medienbericht-EU-plant-Sanktionen-gegen-Thomas-Roeper-und-Alina-Lipp.JPG\",\"keywords\":[\"Alina\",\"gegen\",\"Lipp\",\"Medienbericht\",\"plant\",\"R\u00f6per\",\"Sanktionen\",\"Thomas\",\"und\"],\"articleSection\":[\"Deutschland\",\"Russland\"],\"inLanguage\":\"de\",\"potentialAction\":[{\"@type\":\"CommentAction\",\"name\":\"Comment\",\"target\":[\"https:\/\/now-news.de\/de\/deutschland\/medienbericht-eu-plant-sanktionen-gegen-thomas-roeper-und-alina-lipp\/#respond\"]}]},{\"@type\":\"WebPage\",\"@id\":\"https:\/\/now-news.de\/de\/deutschland\/medienbericht-eu-plant-sanktionen-gegen-thomas-roeper-und-alina-lipp\/\",\"url\":\"https:\/\/now-news.de\/de\/deutschland\/medienbericht-eu-plant-sanktionen-gegen-thomas-roeper-und-alina-lipp\/\",\"name\":\"Medienbericht: EU plant Sanktionen gegen Thomas R\u00f6per und Alina Lipp - just-now.NEWS Deutschland\",\"isPartOf\":{\"@id\":\"https:\/\/now-news.de\/de\/#website\"},\"primaryImageOfPage\":{\"@id\":\"https:\/\/now-news.de\/de\/deutschland\/medienbericht-eu-plant-sanktionen-gegen-thomas-roeper-und-alina-lipp\/#primaryimage\"},\"image\":{\"@id\":\"https:\/\/now-news.de\/de\/deutschland\/medienbericht-eu-plant-sanktionen-gegen-thomas-roeper-und-alina-lipp\/#primaryimage\"},\"thumbnailUrl\":\"https:\/\/now-news.de\/de\/wp-content\/uploads\/sites\/3\/2025\/05\/Medienbericht-EU-plant-Sanktionen-gegen-Thomas-Roeper-und-Alina-Lipp.JPG\",\"datePublished\":\"2025-05-16T18:38:09+00:00\",\"dateModified\":\"2025-05-16T18:38:09+00:00\",\"breadcrumb\":{\"@id\":\"https:\/\/now-news.de\/de\/deutschland\/medienbericht-eu-plant-sanktionen-gegen-thomas-roeper-und-alina-lipp\/#breadcrumb\"},\"inLanguage\":\"de\",\"potentialAction\":[{\"@type\":\"ReadAction\",\"target\":[\"https:\/\/now-news.de\/de\/deutschland\/medienbericht-eu-plant-sanktionen-gegen-thomas-roeper-und-alina-lipp\/\"]}]},{\"@type\":\"ImageObject\",\"inLanguage\":\"de\",\"@id\":\"https:\/\/now-news.de\/de\/deutschland\/medienbericht-eu-plant-sanktionen-gegen-thomas-roeper-und-alina-lipp\/#primaryimage\",\"url\":\"https:\/\/now-news.de\/de\/wp-content\/uploads\/sites\/3\/2025\/05\/Medienbericht-EU-plant-Sanktionen-gegen-Thomas-Roeper-und-Alina-Lipp.JPG\",\"contentUrl\":\"https:\/\/now-news.de\/de\/wp-content\/uploads\/sites\/3\/2025\/05\/Medienbericht-EU-plant-Sanktionen-gegen-Thomas-Roeper-und-Alina-Lipp.JPG\",\"width\":460,\"height\":259,\"caption\":\"Medienbericht: EU plant Sanktionen gegen Thomas R\u00f6per und Alina Lipp\"},{\"@type\":\"BreadcrumbList\",\"@id\":\"https:\/\/now-news.de\/de\/deutschland\/medienbericht-eu-plant-sanktionen-gegen-thomas-roeper-und-alina-lipp\/#breadcrumb\",\"itemListElement\":[{\"@type\":\"ListItem\",\"position\":1,\"name\":\"Home\",\"item\":\"https:\/\/now-news.de\/de\/\"},{\"@type\":\"ListItem\",\"position\":2,\"name\":\"Medienbericht: EU plant Sanktionen gegen Thomas R\u00f6per und Alina Lipp\"}]},{\"@type\":\"WebSite\",\"@id\":\"https:\/\/now-news.de\/de\/#website\",\"url\":\"https:\/\/now-news.de\/de\/\",\"name\":\"just-now.NEWS Deutschland\",\"description\":\"Das Portal f\u00fcr unzensierte Nachrichten aus der Welt\",\"publisher\":{\"@id\":\"https:\/\/now-news.de\/de\/#organization\"},\"potentialAction\":[{\"@type\":\"SearchAction\",\"target\":{\"@type\":\"EntryPoint\",\"urlTemplate\":\"https:\/\/now-news.de\/de\/?s={search_term_string}\"},\"query-input\":\"required name=search_term_string\"}],\"inLanguage\":\"de\"},{\"@type\":\"Organization\",\"@id\":\"https:\/\/now-news.de\/de\/#organization\",\"name\":\"Just Now News\",\"url\":\"https:\/\/now-news.de\/de\/\",\"logo\":{\"@type\":\"ImageObject\",\"inLanguage\":\"de\",\"@id\":\"https:\/\/now-news.de\/de\/#\/schema\/logo\/image\/\",\"url\":\"http:\/\/just-now.news\/de\/wp-content\/uploads\/sites\/3\/2022\/04\/logo500x500.jpg\",\"contentUrl\":\"http:\/\/just-now.news\/de\/wp-content\/uploads\/sites\/3\/2022\/04\/logo500x500.jpg\",\"width\":500,\"height\":500,\"caption\":\"Just Now News\"},\"image\":{\"@id\":\"https:\/\/now-news.de\/de\/#\/schema\/logo\/image\/\"},\"sameAs\":[\"https:\/\/www.facebook.com\/wirmachenauf\",\"https:\/\/x.com\/WirMachenAuf_de\"]},{\"@type\":\"Person\",\"@id\":\"https:\/\/now-news.de\/de\/#\/schema\/person\/fb534a4e865501d8b3285208df34a9b5\",\"name\":\"rtnews\",\"image\":{\"@type\":\"ImageObject\",\"inLanguage\":\"de\",\"@id\":\"https:\/\/now-news.de\/de\/#\/schema\/person\/image\/\",\"url\":\"https:\/\/secure.gravatar.com\/avatar\/82aafea7d8127119dd649515f56e2117?s=96&d=mm&r=g\",\"contentUrl\":\"https:\/\/secure.gravatar.com\/avatar\/82aafea7d8127119dd649515f56e2117?s=96&d=mm&r=g\",\"caption\":\"rtnews\"},\"url\":\"https:\/\/now-news.de\/de\/author\/rnews\/\"}]}<\/script>\n<!-- \/ Yoast SEO Premium plugin. -->","yoast_head_json":{"title":"Medienbericht: EU plant Sanktionen gegen Thomas R\u00f6per und Alina Lipp - just-now.NEWS Deutschland","robots":{"index":"index","follow":"follow","max-snippet":"max-snippet:-1","max-image-preview":"max-image-preview:large","max-video-preview":"max-video-preview:-1"},"canonical":"https:\/\/now-news.de\/de\/deutschland\/medienbericht-eu-plant-sanktionen-gegen-thomas-roeper-und-alina-lipp\/","og_locale":"de_DE","og_type":"article","og_title":"Medienbericht: EU plant Sanktionen gegen Thomas R\u00f6per und Alina Lipp","og_description":"Die rechtswidrige Sanktionswut der EU erklimmt die n\u00e4chste Stufe, wenn der am Freitag ver\u00f6ffentlichte Bericht des &#8220;Recherchekollektivs Correctiv&#8221; zutrifft. Demnach sollen erstmals deutsche Staatsangeh\u00f6rige in die Sanktionslisten aufgenommen werden: Namentlich genannt werden Thomas R\u00f6per und Alina Lipp. Die EU will am 20. Mai 2025 neue Sanktionen gegen Russland beschlie\u00dfen. Das dubiose &#8220;Recherchekollektiv Correctiv&#8221; behauptet dazu [&hellip;]","og_url":"https:\/\/now-news.de\/de\/deutschland\/medienbericht-eu-plant-sanktionen-gegen-thomas-roeper-und-alina-lipp\/","og_site_name":"just-now.NEWS Deutschland","article_publisher":"https:\/\/www.facebook.com\/wirmachenauf","article_published_time":"2025-05-16T18:38:09+00:00","og_image":[{"url":"https:\/\/now-news.de\/de\/wp-content\/uploads\/sites\/3\/2025\/05\/6827726e48fbef3cd54730d4.JPG"}],"author":"rtnews","twitter_card":"summary_large_image","twitter_creator":"@WirMachenAuf_de","twitter_site":"@WirMachenAuf_de","twitter_misc":{"Verfasst von":"rtnews","Gesch\u00e4tzte Lesezeit":"2\u00a0Minuten"},"schema":{"@context":"https:\/\/schema.org","@graph":[{"@type":"Article","@id":"https:\/\/now-news.de\/de\/deutschland\/medienbericht-eu-plant-sanktionen-gegen-thomas-roeper-und-alina-lipp\/#article","isPartOf":{"@id":"https:\/\/now-news.de\/de\/deutschland\/medienbericht-eu-plant-sanktionen-gegen-thomas-roeper-und-alina-lipp\/"},"author":{"name":"rtnews","@id":"https:\/\/now-news.de\/de\/#\/schema\/person\/fb534a4e865501d8b3285208df34a9b5"},"headline":"Medienbericht: EU plant Sanktionen gegen Thomas R\u00f6per und Alina Lipp","datePublished":"2025-05-16T18:38:09+00:00","dateModified":"2025-05-16T18:38:09+00:00","mainEntityOfPage":{"@id":"https:\/\/now-news.de\/de\/deutschland\/medienbericht-eu-plant-sanktionen-gegen-thomas-roeper-und-alina-lipp\/"},"wordCount":424,"commentCount":0,"publisher":{"@id":"https:\/\/now-news.de\/de\/#organization"},"image":{"@id":"https:\/\/now-news.de\/de\/deutschland\/medienbericht-eu-plant-sanktionen-gegen-thomas-roeper-und-alina-lipp\/#primaryimage"},"thumbnailUrl":"https:\/\/now-news.de\/de\/wp-content\/uploads\/sites\/3\/2025\/05\/Medienbericht-EU-plant-Sanktionen-gegen-Thomas-Roeper-und-Alina-Lipp.JPG","keywords":["Alina","gegen","Lipp","Medienbericht","plant","R\u00f6per","Sanktionen","Thomas","und"],"articleSection":["Deutschland","Russland"],"inLanguage":"de","potentialAction":[{"@type":"CommentAction","name":"Comment","target":["https:\/\/now-news.de\/de\/deutschland\/medienbericht-eu-plant-sanktionen-gegen-thomas-roeper-und-alina-lipp\/#respond"]}]},{"@type":"WebPage","@id":"https:\/\/now-news.de\/de\/deutschland\/medienbericht-eu-plant-sanktionen-gegen-thomas-roeper-und-alina-lipp\/","url":"https:\/\/now-news.de\/de\/deutschland\/medienbericht-eu-plant-sanktionen-gegen-thomas-roeper-und-alina-lipp\/","name":"Medienbericht: EU plant Sanktionen gegen Thomas R\u00f6per und Alina Lipp - just-now.NEWS Deutschland","isPartOf":{"@id":"https:\/\/now-news.de\/de\/#website"},"primaryImageOfPage":{"@id":"https:\/\/now-news.de\/de\/deutschland\/medienbericht-eu-plant-sanktionen-gegen-thomas-roeper-und-alina-lipp\/#primaryimage"},"image":{"@id":"https:\/\/now-news.de\/de\/deutschland\/medienbericht-eu-plant-sanktionen-gegen-thomas-roeper-und-alina-lipp\/#primaryimage"},"thumbnailUrl":"https:\/\/now-news.de\/de\/wp-content\/uploads\/sites\/3\/2025\/05\/Medienbericht-EU-plant-Sanktionen-gegen-Thomas-Roeper-und-Alina-Lipp.JPG","datePublished":"2025-05-16T18:38:09+00:00","dateModified":"2025-05-16T18:38:09+00:00","breadcrumb":{"@id":"https:\/\/now-news.de\/de\/deutschland\/medienbericht-eu-plant-sanktionen-gegen-thomas-roeper-und-alina-lipp\/#breadcrumb"},"inLanguage":"de","potentialAction":[{"@type":"ReadAction","target":["https:\/\/now-news.de\/de\/deutschland\/medienbericht-eu-plant-sanktionen-gegen-thomas-roeper-und-alina-lipp\/"]}]},{"@type":"ImageObject","inLanguage":"de","@id":"https:\/\/now-news.de\/de\/deutschland\/medienbericht-eu-plant-sanktionen-gegen-thomas-roeper-und-alina-lipp\/#primaryimage","url":"https:\/\/now-news.de\/de\/wp-content\/uploads\/sites\/3\/2025\/05\/Medienbericht-EU-plant-Sanktionen-gegen-Thomas-Roeper-und-Alina-Lipp.JPG","contentUrl":"https:\/\/now-news.de\/de\/wp-content\/uploads\/sites\/3\/2025\/05\/Medienbericht-EU-plant-Sanktionen-gegen-Thomas-Roeper-und-Alina-Lipp.JPG","width":460,"height":259,"caption":"Medienbericht: EU plant Sanktionen gegen Thomas R\u00f6per und Alina Lipp"},{"@type":"BreadcrumbList","@id":"https:\/\/now-news.de\/de\/deutschland\/medienbericht-eu-plant-sanktionen-gegen-thomas-roeper-und-alina-lipp\/#breadcrumb","itemListElement":[{"@type":"ListItem","position":1,"name":"Home","item":"https:\/\/now-news.de\/de\/"},{"@type":"ListItem","position":2,"name":"Medienbericht: EU plant Sanktionen gegen Thomas R\u00f6per und Alina Lipp"}]},{"@type":"WebSite","@id":"https:\/\/now-news.de\/de\/#website","url":"https:\/\/now-news.de\/de\/","name":"just-now.NEWS Deutschland","description":"Das Portal f\u00fcr unzensierte Nachrichten aus der Welt","publisher":{"@id":"https:\/\/now-news.de\/de\/#organization"},"potentialAction":[{"@type":"SearchAction","target":{"@type":"EntryPoint","urlTemplate":"https:\/\/now-news.de\/de\/?s={search_term_string}"},"query-input":"required name=search_term_string"}],"inLanguage":"de"},{"@type":"Organization","@id":"https:\/\/now-news.de\/de\/#organization","name":"Just Now News","url":"https:\/\/now-news.de\/de\/","logo":{"@type":"ImageObject","inLanguage":"de","@id":"https:\/\/now-news.de\/de\/#\/schema\/logo\/image\/","url":"http:\/\/just-now.news\/de\/wp-content\/uploads\/sites\/3\/2022\/04\/logo500x500.jpg","contentUrl":"http:\/\/just-now.news\/de\/wp-content\/uploads\/sites\/3\/2022\/04\/logo500x500.jpg","width":500,"height":500,"caption":"Just Now News"},"image":{"@id":"https:\/\/now-news.de\/de\/#\/schema\/logo\/image\/"},"sameAs":["https:\/\/www.facebook.com\/wirmachenauf","https:\/\/x.com\/WirMachenAuf_de"]},{"@type":"Person","@id":"https:\/\/now-news.de\/de\/#\/schema\/person\/fb534a4e865501d8b3285208df34a9b5","name":"rtnews","image":{"@type":"ImageObject","inLanguage":"de","@id":"https:\/\/now-news.de\/de\/#\/schema\/person\/image\/","url":"https:\/\/secure.gravatar.com\/avatar\/82aafea7d8127119dd649515f56e2117?s=96&d=mm&r=g","contentUrl":"https:\/\/secure.gravatar.com\/avatar\/82aafea7d8127119dd649515f56e2117?s=96&d=mm&r=g","caption":"rtnews"},"url":"https:\/\/now-news.de\/de\/author\/rnews\/"}]}},"_links":{"self":[{"href":"https:\/\/now-news.de\/de\/wp-json\/wp\/v2\/posts\/83900"}],"collection":[{"href":"https:\/\/now-news.de\/de\/wp-json\/wp\/v2\/posts"}],"about":[{"href":"https:\/\/now-news.de\/de\/wp-json\/wp\/v2\/types\/post"}],"author":[{"embeddable":true,"href":"https:\/\/now-news.de\/de\/wp-json\/wp\/v2\/users\/3"}],"replies":[{"embeddable":true,"href":"https:\/\/now-news.de\/de\/wp-json\/wp\/v2\/comments?post=83900"}],"version-history":[{"count":0,"href":"https:\/\/now-news.de\/de\/wp-json\/wp\/v2\/posts\/83900\/revisions"}],"wp:featuredmedia":[{"embeddable":true,"href":"https:\/\/now-news.de\/de\/wp-json\/wp\/v2\/media\/83901"}],"wp:attachment":[{"href":"https:\/\/now-news.de\/de\/wp-json\/wp\/v2\/media?parent=83900"}],"wp:term":[{"taxonomy":"category","embeddable":true,"href":"https:\/\/now-news.de\/de\/wp-json\/wp\/v2\/categories?post=83900"},{"taxonomy":"post_tag","embeddable":true,"href":"https:\/\/now-news.de\/de\/wp-json\/wp\/v2\/tags?post=83900"}],"curies":[{"name":"wp","href":"https:\/\/api.w.org\/{rel}","templated":true}]}}