{"id":8387,"date":"2022-05-20T20:13:18","date_gmt":"2022-05-20T18:13:18","guid":{"rendered":"http:\/\/just-now.news\/de\/deutschland\/usa-wollen-ukraine-krieg-durch-nato-norderweiterung-eskalieren-und-erdogan-erpresst-den-westen\/"},"modified":"2022-05-20T20:13:18","modified_gmt":"2022-05-20T18:13:18","slug":"usa-wollen-ukraine-krieg-durch-nato-norderweiterung-eskalieren-und-erdogan-erpresst-den-westen","status":"publish","type":"post","link":"https:\/\/now-news.de\/de\/deutschland\/usa-wollen-ukraine-krieg-durch-nato-norderweiterung-eskalieren-und-erdogan-erpresst-den-westen\/","title":{"rendered":"USA wollen Ukraine-Krieg durch NATO-Norderweiterung eskalieren \u2013 und Erdo\u011fan erpresst den Westen"},"content":{"rendered":"<p><img decoding=\"async\" src=\"http:\/\/just-now.news\/de\/wp-content\/uploads\/sites\/3\/2022\/05\/62875c5848fbef4b6d662266.jpg\" \/><\/p>\n<p><em>von Seyed Alireza Mousavi<\/em><\/p>\n<p>Der t\u00fcrkische Pr\u00e4sident Recep Tayyip Erdo\u011fan hat\u00a0schon des \u00d6fteren f\u00fcr \u00dcberraschungen gesorgt.\u00a0Nachdem die USA im Zuge des Ukraine-Krieges\u00a0wiederholt Schweden und Finnland zum Beitritt in das\u00a0transatlantische NATO-B\u00fcndnis gedr\u00e4ngt hatten, k\u00fcndigte der t\u00fcrkische Pr\u00e4sident pl\u00f6tzlich sein Veto dagegen an.\u00a0Die\u00a0T\u00fcrkei\u00a0erlaubte am Mittwoch\u00a0bei dem Treffen des NATO-Rats nicht einmal den offiziellen Startschuss f\u00fcr den Beginn von Beitrittsverhandlungen mit Schweden und Finnland.\u00a0<\/p>\n<p>Erdo\u011fan stellt in dem von ihm somit ausgel\u00f6sten Konflikt\u00a0um diese &#8220;Nord&#8221;-Erweiterung der NATO zwar &#8220;nur&#8221; Forderungen an Schweden und Finnland \u2013 wie\u00a0etwa die Auslieferung von angeblichen PKK-&#8220;Terroristen&#8221; \u2013, aber im Grunde genommen sitzt in Washington, D.C. der Hauptadressat der t\u00fcrkischen F\u00fchrung. Nachdem in Europa zunehmend eine Kompromissbereitschaft im Ukraine-Konflikt signalisiert wurde, weil man im Gegensatz zu den USA und Gro\u00dfbritannien mehrheitlich kein Interesse daran hat, die Eskalationsspirale\u00a0weiter hochzuschrauben,\u00a0zielten die USA durch den Schritt eines NATO-Beitritts von Finnland und Schweden darauf ab, jegliche Einigung zwischen Europa und Russland zu torpedieren und die Lage zugunsten\u00a0der US-Interessen\u00a0und zulasten der EU auf dem Territorium Europas\u00a0weiter eskalieren zu lassen.\u00a0<\/p>\n<p>Der franz\u00f6sische Pr\u00e4sident Emmanuel Macron soll Mitte Mai die ukrainische F\u00fchrung in Kiew aufgefordert haben, <a rel=\"nofollow noopener\" target=\"_blank\" href=\"https:\/\/www.politico.eu\/article\/zelenskyy-macron-asked-ukraine-concession-help-putin-save-face\/\">Zugest\u00e4ndnisse<\/a>\u00a0an Russland zu machen und den\u00a0Status quo auf der Frontlinie zu akzeptieren, um dem russischen Staatschef Wladimir Putin dabei zu helfen, &#8220;gesichtswahrend&#8221; den Krieg beenden zu k\u00f6nnen.\u00a0Der ukrainische Pr\u00e4sident Wladimir Selenskij machte Macron daraufhin klar,\u00a0sich &#8220;vergeblich&#8221; um &#8220;einen Ausweg&#8221; f\u00fcr Russland zu bem\u00fchen.\u00a0Aus dem \u00c9lys\u00e9e-Palast wies man zwar sp\u00e4ter die Vorw\u00fcrfe Selenskijs zur\u00fcck, aber es gibt keinen Zweifel daran, dass Berlin und Paris ein ganz anderes Narrativ als die USA \u00fcber den Ukraine-Krieg vertreten.\u00a0Nach Darstellung der US-Amerikaner und Briten habe Kiew nun &#8220;seine Ziele&#8221; neu formuliert. Die Ukraine wolle nun den Krieg &#8220;gewinnen&#8221;.\u00a0Diese Linie der US-Regierung st\u00f6\u00dft jedoch nicht \u00fcberall in Europa auf Zustimmung.<\/p>\n<p>Bundeskanzler Olaf Scholz dr\u00fcckte sich bislang erkennbar vorsichtiger aus. Er erkl\u00e4rte, dass Russland den Krieg gegen die Ukraine nicht gewinnen d\u00fcrfe. Scholz und Macron unterscheiden sich damit auch erheblich von der Position des britischen Premierministers Boris Johnson, der von einem bevorstehenden &#8220;Sieg&#8221; der Ukraine gesprochen hat. Frankreich und Deutschland sind\u00a0aus einem einfachen Grund vorsichtiger: weil der\u00a0Krieg gerade vor\u00a0der\u00a0Haust\u00fcr\u00a0der EU stattfindet und nicht an den Grenzen der USA.<\/p>\n<p>Sp\u00e4testens jetzt ist es\u00a0Erdo\u011fan bewusst geworden, dass USA auch durch\u00a0die Aufnahme\u00a0Schwedens und Finnlands in die\u00a0NATO die Lage in Europa noch leichter weiter eskalieren\u00a0lassen k\u00f6nnen, um damit ihr eigentliches Ziel \u2013 n\u00e4mlich die &#8220;Schw\u00e4chung Russlands&#8221; \u2013 auf geopolitischer Ebene zu erreichen. Es scheint der t\u00fcrkischen F\u00fchrung gelegen zu kommen, damit jetzt vom Westen substanzielle Zugest\u00e4ndnisse zu erpressen, da diese NATO-Mitgliedschaftserweiterung einstimmig beschlossen werden\u00a0muss.\u00a0Die USA hatten fr\u00fcher bereits die T\u00fcrkei vom Bau und der sp\u00e4teren Lieferung der Kampfjets F-35 ausgeschlossen und Sanktionen gegen sonstige t\u00fcrkische Waffenbeschaffungen verh\u00e4ngt, weil Ankara im Jahr 2019 trotz der Warnungen und Proteste aus Washington das Flugabwehrsystem S-400 von Russland gekauft hatte.<\/p>\n<p>Ankara will daher nun den USA auch wieder die Beteiligung am F-35-Programm\u00a0sowie die Aufhebung aller US-Sanktionen gegen t\u00fcrkische Waffenbeschaffungen \u2013 und zwar trotz des Kauf\u00a0des russischen Flugabwehrsystems S-400 \u2013 abtrotzen und erst im Austausch f\u00fcr diese Gegenleistungen den Weg f\u00fcr die Aufnahme der beiden skandinavischen L\u00e4ndern in die NATO\u00a0freimachen.<\/p>\n<p>Dass manche europ\u00e4ischen Politiker nun Erdo\u011fan eine &#8220;Basar&#8221;-Mentalit\u00e4t unterstellen,\u00a0\u00e4ndert nichts an der Tatsache, dass die USA f\u00fcr ihre abenteuerlichen Ziele auf europ\u00e4ischen Boden von der T\u00fcrkei &#8220;gr\u00fcnes Licht&#8221; zum NATO-Beitritt von Schweden und Finnland dringend brauchen.\u00a0<\/p>\n<p>Je l\u00e4nger sich die Debatte um\u00a0diese NATO-Norderweiterung hinzieht, desto schwieriger k\u00f6nnte es f\u00fcr die US-F\u00fchrung werden,\u00a0zu einem guten Abschluss zu kommen. Die zweifellos &#8220;transatlantisch&#8221; orientierte\u00a0Tageszeitung<em>\u00a0<a rel=\"nofollow noopener\" target=\"_blank\" href=\"https:\/\/www.faz.net\/aktuell\/politik\/ausland\/erdogans-veto-in-der-nato-ein-geschenk-fuer-putin-18044661.html?premium=0xffd6efc9d994233bd34136512c07a70c&amp;GEPC=s9\">FAZ<\/a>\u00a0<\/em>warnt, die\u00a0\u00f6ffentliche Meinung in Schweden und Finnland k\u00f6nne sich auch wieder \u00e4ndern: &#8220;Und im Laufe der Zeit k\u00f6nnten bei manchen Verb\u00fcndeten Sorgen entstehen, dass die Verl\u00e4ngerung der NATO-Au\u00dfengrenze zu Russland um 1.300 Kilometer vielleicht doch zu konfrontativ w\u00e4re.&#8221; Diese Gemengelage macht die USA f\u00fcr Erdo\u011fan noch\u00a0erpressbarer, nun endlich den Forderungen der T\u00fcrkei nachzukommen. Insofern handelt es sich bei dieser Debatte \u00fcber\u00a0die NATO-Norderweiterung nicht um eine Frage der Sicherheit Europas, sondern um ein Gesch\u00e4ft zwischen USA und T\u00fcrkei auf Kosten der Sicherheit aller Europ\u00e4er.<\/p>\n<p><strong>Mehr zum Thema<\/strong> &#8211; <a rel=\"nofollow noopener\" target=\"_blank\" href=\"https:\/\/de.rt.com\/der-nahe-osten\/136695-risse-im-bundnis-turkei-beschuldigt\/\">Risse im B\u00fcndnis: T\u00fcrkei beschuldigt einige NATO-Staaten, anhaltenden Krieg in Ukraine anzustreben<\/a><\/p>\n<p><br \/>\n<br \/><a href=\"https:\/\/de.rt.com\/meinung\/138941-usa-wollen-ukraine-krieg-durch\/\">Source link <\/a><\/p>\n","protected":false},"excerpt":{"rendered":"<p>von Seyed Alireza Mousavi Der t\u00fcrkische Pr\u00e4sident Recep Tayyip Erdo\u011fan hat\u00a0schon des \u00d6fteren f\u00fcr \u00dcberraschungen gesorgt.\u00a0Nachdem die USA im Zuge des Ukraine-Krieges\u00a0wiederholt Schweden und Finnland zum Beitritt in das\u00a0transatlantische NATO-B\u00fcndnis gedr\u00e4ngt hatten, k\u00fcndigte der t\u00fcrkische Pr\u00e4sident pl\u00f6tzlich sein Veto dagegen an.\u00a0Die\u00a0T\u00fcrkei\u00a0erlaubte am Mittwoch\u00a0bei dem Treffen des NATO-Rats nicht einmal den offiziellen Startschuss f\u00fcr den Beginn [&hellip;]<\/p>\n","protected":false},"author":3,"featured_media":8388,"comment_status":"open","ping_status":"open","sticky":false,"template":"","format":"standard","meta":{"wp_automatic_camp":["217"],"d94362a314f267e79eb3d3d42e9fbfb8":["USA wollen Ukraine-Krieg durch NATO-Norderweiterung eskalieren \u2013 und Erdo\u011fan erpresst den Westen"],"original_link":["https:\/\/de.rt.com\/meinung\/138941-usa-wollen-ukraine-krieg-durch\/"],"_thumbnail_id":["8388"],"_wptg_p2tg_sent2tg":["2022-05-20 20:21:01"],"jnews_social_counter_last_update":["1777568815"]},"categories":[19,23],"tags":[48,1024,13697,21125,21124,21123,566,140,193,378,1050],"yoast_head":"<!-- This site is optimized with the Yoast SEO Premium plugin v22.7 (Yoast SEO v22.7) - https:\/\/yoast.com\/wordpress\/plugins\/seo\/ -->\n<title>USA wollen Ukraine-Krieg durch NATO-Norderweiterung eskalieren \u2013 und Erdo\u011fan erpresst den Westen - just-now.NEWS Deutschland<\/title>\n<meta name=\"robots\" content=\"index, follow, max-snippet:-1, max-image-preview:large, max-video-preview:-1\" \/>\n<link rel=\"canonical\" href=\"https:\/\/now-news.de\/de\/deutschland\/usa-wollen-ukraine-krieg-durch-nato-norderweiterung-eskalieren-und-erdogan-erpresst-den-westen\/\" \/>\n<meta property=\"og:locale\" content=\"de_DE\" \/>\n<meta property=\"og:type\" content=\"article\" \/>\n<meta property=\"og:title\" content=\"USA wollen Ukraine-Krieg durch NATO-Norderweiterung eskalieren \u2013 und Erdo\u011fan erpresst den Westen\" \/>\n<meta property=\"og:description\" content=\"von Seyed Alireza Mousavi Der t\u00fcrkische Pr\u00e4sident Recep Tayyip Erdo\u011fan hat\u00a0schon des \u00d6fteren f\u00fcr \u00dcberraschungen gesorgt.\u00a0Nachdem die USA im Zuge des Ukraine-Krieges\u00a0wiederholt Schweden und Finnland zum Beitritt in das\u00a0transatlantische NATO-B\u00fcndnis gedr\u00e4ngt hatten, k\u00fcndigte der t\u00fcrkische Pr\u00e4sident pl\u00f6tzlich sein Veto dagegen an.\u00a0Die\u00a0T\u00fcrkei\u00a0erlaubte am Mittwoch\u00a0bei dem Treffen des NATO-Rats nicht einmal den offiziellen Startschuss f\u00fcr den Beginn [&hellip;]\" \/>\n<meta property=\"og:url\" content=\"https:\/\/now-news.de\/de\/deutschland\/usa-wollen-ukraine-krieg-durch-nato-norderweiterung-eskalieren-und-erdogan-erpresst-den-westen\/\" \/>\n<meta property=\"og:site_name\" content=\"just-now.NEWS Deutschland\" \/>\n<meta property=\"article:publisher\" content=\"https:\/\/www.facebook.com\/wirmachenauf\" \/>\n<meta property=\"article:published_time\" content=\"2022-05-20T18:13:18+00:00\" \/>\n<meta property=\"og:image\" content=\"https:\/\/now-news.de\/de\/wp-content\/uploads\/sites\/3\/2022\/05\/USA-wollen-Ukraine-Krieg-durch-NATO-Norderweiterung-eskalieren-\u2013-und-Erdogan-erpresst.jpg\" \/>\n\t<meta property=\"og:image:width\" content=\"460\" \/>\n\t<meta property=\"og:image:height\" content=\"259\" \/>\n\t<meta property=\"og:image:type\" content=\"image\/jpeg\" \/>\n<meta name=\"author\" content=\"rtnews\" \/>\n<meta name=\"twitter:card\" content=\"summary_large_image\" \/>\n<meta name=\"twitter:creator\" content=\"@WirMachenAuf_de\" \/>\n<meta name=\"twitter:site\" content=\"@WirMachenAuf_de\" \/>\n<meta name=\"twitter:label1\" content=\"Verfasst von\" \/>\n\t<meta name=\"twitter:data1\" content=\"rtnews\" \/>\n\t<meta name=\"twitter:label2\" content=\"Gesch\u00e4tzte Lesezeit\" \/>\n\t<meta name=\"twitter:data2\" content=\"4\u00a0Minuten\" \/>\n<script type=\"application\/ld+json\" class=\"yoast-schema-graph\">{\"@context\":\"https:\/\/schema.org\",\"@graph\":[{\"@type\":\"Article\",\"@id\":\"https:\/\/now-news.de\/de\/deutschland\/usa-wollen-ukraine-krieg-durch-nato-norderweiterung-eskalieren-und-erdogan-erpresst-den-westen\/#article\",\"isPartOf\":{\"@id\":\"https:\/\/now-news.de\/de\/deutschland\/usa-wollen-ukraine-krieg-durch-nato-norderweiterung-eskalieren-und-erdogan-erpresst-den-westen\/\"},\"author\":{\"name\":\"rtnews\",\"@id\":\"https:\/\/now-news.de\/de\/#\/schema\/person\/fb534a4e865501d8b3285208df34a9b5\"},\"headline\":\"USA wollen Ukraine-Krieg durch NATO-Norderweiterung eskalieren \u2013 und Erdo\u011fan erpresst den Westen\",\"datePublished\":\"2022-05-20T18:13:18+00:00\",\"dateModified\":\"2022-05-20T18:13:18+00:00\",\"mainEntityOfPage\":{\"@id\":\"https:\/\/now-news.de\/de\/deutschland\/usa-wollen-ukraine-krieg-durch-nato-norderweiterung-eskalieren-und-erdogan-erpresst-den-westen\/\"},\"wordCount\":797,\"commentCount\":0,\"publisher\":{\"@id\":\"https:\/\/now-news.de\/de\/#organization\"},\"image\":{\"@id\":\"https:\/\/now-news.de\/de\/deutschland\/usa-wollen-ukraine-krieg-durch-nato-norderweiterung-eskalieren-und-erdogan-erpresst-den-westen\/#primaryimage\"},\"thumbnailUrl\":\"https:\/\/now-news.de\/de\/wp-content\/uploads\/sites\/3\/2022\/05\/USA-wollen-Ukraine-Krieg-durch-NATO-Norderweiterung-eskalieren-\u2013-und-Erdogan-erpresst.jpg\",\"keywords\":[\"den\",\"durch\",\"Erdo\u011fan\",\"erpresst\",\"eskalieren\",\"NATONorderweiterung\",\"UkraineKrieg\",\"und\",\"USA\",\"Westen\",\"wollen\"],\"articleSection\":[\"Deutschland\",\"Russland\"],\"inLanguage\":\"de\",\"potentialAction\":[{\"@type\":\"CommentAction\",\"name\":\"Comment\",\"target\":[\"https:\/\/now-news.de\/de\/deutschland\/usa-wollen-ukraine-krieg-durch-nato-norderweiterung-eskalieren-und-erdogan-erpresst-den-westen\/#respond\"]}]},{\"@type\":\"WebPage\",\"@id\":\"https:\/\/now-news.de\/de\/deutschland\/usa-wollen-ukraine-krieg-durch-nato-norderweiterung-eskalieren-und-erdogan-erpresst-den-westen\/\",\"url\":\"https:\/\/now-news.de\/de\/deutschland\/usa-wollen-ukraine-krieg-durch-nato-norderweiterung-eskalieren-und-erdogan-erpresst-den-westen\/\",\"name\":\"USA wollen Ukraine-Krieg durch NATO-Norderweiterung eskalieren \u2013 und Erdo\u011fan erpresst den Westen - just-now.NEWS Deutschland\",\"isPartOf\":{\"@id\":\"https:\/\/now-news.de\/de\/#website\"},\"primaryImageOfPage\":{\"@id\":\"https:\/\/now-news.de\/de\/deutschland\/usa-wollen-ukraine-krieg-durch-nato-norderweiterung-eskalieren-und-erdogan-erpresst-den-westen\/#primaryimage\"},\"image\":{\"@id\":\"https:\/\/now-news.de\/de\/deutschland\/usa-wollen-ukraine-krieg-durch-nato-norderweiterung-eskalieren-und-erdogan-erpresst-den-westen\/#primaryimage\"},\"thumbnailUrl\":\"https:\/\/now-news.de\/de\/wp-content\/uploads\/sites\/3\/2022\/05\/USA-wollen-Ukraine-Krieg-durch-NATO-Norderweiterung-eskalieren-\u2013-und-Erdogan-erpresst.jpg\",\"datePublished\":\"2022-05-20T18:13:18+00:00\",\"dateModified\":\"2022-05-20T18:13:18+00:00\",\"breadcrumb\":{\"@id\":\"https:\/\/now-news.de\/de\/deutschland\/usa-wollen-ukraine-krieg-durch-nato-norderweiterung-eskalieren-und-erdogan-erpresst-den-westen\/#breadcrumb\"},\"inLanguage\":\"de\",\"potentialAction\":[{\"@type\":\"ReadAction\",\"target\":[\"https:\/\/now-news.de\/de\/deutschland\/usa-wollen-ukraine-krieg-durch-nato-norderweiterung-eskalieren-und-erdogan-erpresst-den-westen\/\"]}]},{\"@type\":\"ImageObject\",\"inLanguage\":\"de\",\"@id\":\"https:\/\/now-news.de\/de\/deutschland\/usa-wollen-ukraine-krieg-durch-nato-norderweiterung-eskalieren-und-erdogan-erpresst-den-westen\/#primaryimage\",\"url\":\"https:\/\/now-news.de\/de\/wp-content\/uploads\/sites\/3\/2022\/05\/USA-wollen-Ukraine-Krieg-durch-NATO-Norderweiterung-eskalieren-\u2013-und-Erdogan-erpresst.jpg\",\"contentUrl\":\"https:\/\/now-news.de\/de\/wp-content\/uploads\/sites\/3\/2022\/05\/USA-wollen-Ukraine-Krieg-durch-NATO-Norderweiterung-eskalieren-\u2013-und-Erdogan-erpresst.jpg\",\"width\":460,\"height\":259,\"caption\":\"USA wollen Ukraine-Krieg durch NATO-Norderweiterung eskalieren \u2013 und Erdo\u011fan erpresst den Westen\"},{\"@type\":\"BreadcrumbList\",\"@id\":\"https:\/\/now-news.de\/de\/deutschland\/usa-wollen-ukraine-krieg-durch-nato-norderweiterung-eskalieren-und-erdogan-erpresst-den-westen\/#breadcrumb\",\"itemListElement\":[{\"@type\":\"ListItem\",\"position\":1,\"name\":\"Home\",\"item\":\"https:\/\/now-news.de\/de\/\"},{\"@type\":\"ListItem\",\"position\":2,\"name\":\"USA wollen Ukraine-Krieg durch NATO-Norderweiterung eskalieren \u2013 und Erdo\u011fan erpresst den Westen\"}]},{\"@type\":\"WebSite\",\"@id\":\"https:\/\/now-news.de\/de\/#website\",\"url\":\"https:\/\/now-news.de\/de\/\",\"name\":\"just-now.NEWS Deutschland\",\"description\":\"Das Portal f\u00fcr unzensierte Nachrichten aus der Welt\",\"publisher\":{\"@id\":\"https:\/\/now-news.de\/de\/#organization\"},\"potentialAction\":[{\"@type\":\"SearchAction\",\"target\":{\"@type\":\"EntryPoint\",\"urlTemplate\":\"https:\/\/now-news.de\/de\/?s={search_term_string}\"},\"query-input\":\"required name=search_term_string\"}],\"inLanguage\":\"de\"},{\"@type\":\"Organization\",\"@id\":\"https:\/\/now-news.de\/de\/#organization\",\"name\":\"Just Now News\",\"url\":\"https:\/\/now-news.de\/de\/\",\"logo\":{\"@type\":\"ImageObject\",\"inLanguage\":\"de\",\"@id\":\"https:\/\/now-news.de\/de\/#\/schema\/logo\/image\/\",\"url\":\"http:\/\/just-now.news\/de\/wp-content\/uploads\/sites\/3\/2022\/04\/logo500x500.jpg\",\"contentUrl\":\"http:\/\/just-now.news\/de\/wp-content\/uploads\/sites\/3\/2022\/04\/logo500x500.jpg\",\"width\":500,\"height\":500,\"caption\":\"Just Now News\"},\"image\":{\"@id\":\"https:\/\/now-news.de\/de\/#\/schema\/logo\/image\/\"},\"sameAs\":[\"https:\/\/www.facebook.com\/wirmachenauf\",\"https:\/\/x.com\/WirMachenAuf_de\"]},{\"@type\":\"Person\",\"@id\":\"https:\/\/now-news.de\/de\/#\/schema\/person\/fb534a4e865501d8b3285208df34a9b5\",\"name\":\"rtnews\",\"image\":{\"@type\":\"ImageObject\",\"inLanguage\":\"de\",\"@id\":\"https:\/\/now-news.de\/de\/#\/schema\/person\/image\/\",\"url\":\"https:\/\/secure.gravatar.com\/avatar\/82aafea7d8127119dd649515f56e2117?s=96&d=mm&r=g\",\"contentUrl\":\"https:\/\/secure.gravatar.com\/avatar\/82aafea7d8127119dd649515f56e2117?s=96&d=mm&r=g\",\"caption\":\"rtnews\"},\"url\":\"https:\/\/now-news.de\/de\/author\/rnews\/\"}]}<\/script>\n<!-- \/ Yoast SEO Premium plugin. -->","yoast_head_json":{"title":"USA wollen Ukraine-Krieg durch NATO-Norderweiterung eskalieren \u2013 und Erdo\u011fan erpresst den Westen - just-now.NEWS Deutschland","robots":{"index":"index","follow":"follow","max-snippet":"max-snippet:-1","max-image-preview":"max-image-preview:large","max-video-preview":"max-video-preview:-1"},"canonical":"https:\/\/now-news.de\/de\/deutschland\/usa-wollen-ukraine-krieg-durch-nato-norderweiterung-eskalieren-und-erdogan-erpresst-den-westen\/","og_locale":"de_DE","og_type":"article","og_title":"USA wollen Ukraine-Krieg durch NATO-Norderweiterung eskalieren \u2013 und Erdo\u011fan erpresst den Westen","og_description":"von Seyed Alireza Mousavi Der t\u00fcrkische Pr\u00e4sident Recep Tayyip Erdo\u011fan hat\u00a0schon des \u00d6fteren f\u00fcr \u00dcberraschungen gesorgt.\u00a0Nachdem die USA im Zuge des Ukraine-Krieges\u00a0wiederholt Schweden und Finnland zum Beitritt in das\u00a0transatlantische NATO-B\u00fcndnis gedr\u00e4ngt hatten, k\u00fcndigte der t\u00fcrkische Pr\u00e4sident pl\u00f6tzlich sein Veto dagegen an.\u00a0Die\u00a0T\u00fcrkei\u00a0erlaubte am Mittwoch\u00a0bei dem Treffen des NATO-Rats nicht einmal den offiziellen Startschuss f\u00fcr den Beginn [&hellip;]","og_url":"https:\/\/now-news.de\/de\/deutschland\/usa-wollen-ukraine-krieg-durch-nato-norderweiterung-eskalieren-und-erdogan-erpresst-den-westen\/","og_site_name":"just-now.NEWS Deutschland","article_publisher":"https:\/\/www.facebook.com\/wirmachenauf","article_published_time":"2022-05-20T18:13:18+00:00","og_image":[{"width":460,"height":259,"url":"https:\/\/now-news.de\/de\/wp-content\/uploads\/sites\/3\/2022\/05\/USA-wollen-Ukraine-Krieg-durch-NATO-Norderweiterung-eskalieren-\u2013-und-Erdogan-erpresst.jpg","type":"image\/jpeg"}],"author":"rtnews","twitter_card":"summary_large_image","twitter_creator":"@WirMachenAuf_de","twitter_site":"@WirMachenAuf_de","twitter_misc":{"Verfasst von":"rtnews","Gesch\u00e4tzte Lesezeit":"4\u00a0Minuten"},"schema":{"@context":"https:\/\/schema.org","@graph":[{"@type":"Article","@id":"https:\/\/now-news.de\/de\/deutschland\/usa-wollen-ukraine-krieg-durch-nato-norderweiterung-eskalieren-und-erdogan-erpresst-den-westen\/#article","isPartOf":{"@id":"https:\/\/now-news.de\/de\/deutschland\/usa-wollen-ukraine-krieg-durch-nato-norderweiterung-eskalieren-und-erdogan-erpresst-den-westen\/"},"author":{"name":"rtnews","@id":"https:\/\/now-news.de\/de\/#\/schema\/person\/fb534a4e865501d8b3285208df34a9b5"},"headline":"USA wollen Ukraine-Krieg durch NATO-Norderweiterung eskalieren \u2013 und Erdo\u011fan erpresst den Westen","datePublished":"2022-05-20T18:13:18+00:00","dateModified":"2022-05-20T18:13:18+00:00","mainEntityOfPage":{"@id":"https:\/\/now-news.de\/de\/deutschland\/usa-wollen-ukraine-krieg-durch-nato-norderweiterung-eskalieren-und-erdogan-erpresst-den-westen\/"},"wordCount":797,"commentCount":0,"publisher":{"@id":"https:\/\/now-news.de\/de\/#organization"},"image":{"@id":"https:\/\/now-news.de\/de\/deutschland\/usa-wollen-ukraine-krieg-durch-nato-norderweiterung-eskalieren-und-erdogan-erpresst-den-westen\/#primaryimage"},"thumbnailUrl":"https:\/\/now-news.de\/de\/wp-content\/uploads\/sites\/3\/2022\/05\/USA-wollen-Ukraine-Krieg-durch-NATO-Norderweiterung-eskalieren-\u2013-und-Erdogan-erpresst.jpg","keywords":["den","durch","Erdo\u011fan","erpresst","eskalieren","NATONorderweiterung","UkraineKrieg","und","USA","Westen","wollen"],"articleSection":["Deutschland","Russland"],"inLanguage":"de","potentialAction":[{"@type":"CommentAction","name":"Comment","target":["https:\/\/now-news.de\/de\/deutschland\/usa-wollen-ukraine-krieg-durch-nato-norderweiterung-eskalieren-und-erdogan-erpresst-den-westen\/#respond"]}]},{"@type":"WebPage","@id":"https:\/\/now-news.de\/de\/deutschland\/usa-wollen-ukraine-krieg-durch-nato-norderweiterung-eskalieren-und-erdogan-erpresst-den-westen\/","url":"https:\/\/now-news.de\/de\/deutschland\/usa-wollen-ukraine-krieg-durch-nato-norderweiterung-eskalieren-und-erdogan-erpresst-den-westen\/","name":"USA wollen Ukraine-Krieg durch NATO-Norderweiterung eskalieren \u2013 und Erdo\u011fan erpresst den Westen - just-now.NEWS Deutschland","isPartOf":{"@id":"https:\/\/now-news.de\/de\/#website"},"primaryImageOfPage":{"@id":"https:\/\/now-news.de\/de\/deutschland\/usa-wollen-ukraine-krieg-durch-nato-norderweiterung-eskalieren-und-erdogan-erpresst-den-westen\/#primaryimage"},"image":{"@id":"https:\/\/now-news.de\/de\/deutschland\/usa-wollen-ukraine-krieg-durch-nato-norderweiterung-eskalieren-und-erdogan-erpresst-den-westen\/#primaryimage"},"thumbnailUrl":"https:\/\/now-news.de\/de\/wp-content\/uploads\/sites\/3\/2022\/05\/USA-wollen-Ukraine-Krieg-durch-NATO-Norderweiterung-eskalieren-\u2013-und-Erdogan-erpresst.jpg","datePublished":"2022-05-20T18:13:18+00:00","dateModified":"2022-05-20T18:13:18+00:00","breadcrumb":{"@id":"https:\/\/now-news.de\/de\/deutschland\/usa-wollen-ukraine-krieg-durch-nato-norderweiterung-eskalieren-und-erdogan-erpresst-den-westen\/#breadcrumb"},"inLanguage":"de","potentialAction":[{"@type":"ReadAction","target":["https:\/\/now-news.de\/de\/deutschland\/usa-wollen-ukraine-krieg-durch-nato-norderweiterung-eskalieren-und-erdogan-erpresst-den-westen\/"]}]},{"@type":"ImageObject","inLanguage":"de","@id":"https:\/\/now-news.de\/de\/deutschland\/usa-wollen-ukraine-krieg-durch-nato-norderweiterung-eskalieren-und-erdogan-erpresst-den-westen\/#primaryimage","url":"https:\/\/now-news.de\/de\/wp-content\/uploads\/sites\/3\/2022\/05\/USA-wollen-Ukraine-Krieg-durch-NATO-Norderweiterung-eskalieren-\u2013-und-Erdogan-erpresst.jpg","contentUrl":"https:\/\/now-news.de\/de\/wp-content\/uploads\/sites\/3\/2022\/05\/USA-wollen-Ukraine-Krieg-durch-NATO-Norderweiterung-eskalieren-\u2013-und-Erdogan-erpresst.jpg","width":460,"height":259,"caption":"USA wollen Ukraine-Krieg durch NATO-Norderweiterung eskalieren \u2013 und Erdo\u011fan erpresst den Westen"},{"@type":"BreadcrumbList","@id":"https:\/\/now-news.de\/de\/deutschland\/usa-wollen-ukraine-krieg-durch-nato-norderweiterung-eskalieren-und-erdogan-erpresst-den-westen\/#breadcrumb","itemListElement":[{"@type":"ListItem","position":1,"name":"Home","item":"https:\/\/now-news.de\/de\/"},{"@type":"ListItem","position":2,"name":"USA wollen Ukraine-Krieg durch NATO-Norderweiterung eskalieren \u2013 und Erdo\u011fan erpresst den Westen"}]},{"@type":"WebSite","@id":"https:\/\/now-news.de\/de\/#website","url":"https:\/\/now-news.de\/de\/","name":"just-now.NEWS Deutschland","description":"Das Portal f\u00fcr unzensierte Nachrichten aus der Welt","publisher":{"@id":"https:\/\/now-news.de\/de\/#organization"},"potentialAction":[{"@type":"SearchAction","target":{"@type":"EntryPoint","urlTemplate":"https:\/\/now-news.de\/de\/?s={search_term_string}"},"query-input":"required name=search_term_string"}],"inLanguage":"de"},{"@type":"Organization","@id":"https:\/\/now-news.de\/de\/#organization","name":"Just Now News","url":"https:\/\/now-news.de\/de\/","logo":{"@type":"ImageObject","inLanguage":"de","@id":"https:\/\/now-news.de\/de\/#\/schema\/logo\/image\/","url":"http:\/\/just-now.news\/de\/wp-content\/uploads\/sites\/3\/2022\/04\/logo500x500.jpg","contentUrl":"http:\/\/just-now.news\/de\/wp-content\/uploads\/sites\/3\/2022\/04\/logo500x500.jpg","width":500,"height":500,"caption":"Just Now News"},"image":{"@id":"https:\/\/now-news.de\/de\/#\/schema\/logo\/image\/"},"sameAs":["https:\/\/www.facebook.com\/wirmachenauf","https:\/\/x.com\/WirMachenAuf_de"]},{"@type":"Person","@id":"https:\/\/now-news.de\/de\/#\/schema\/person\/fb534a4e865501d8b3285208df34a9b5","name":"rtnews","image":{"@type":"ImageObject","inLanguage":"de","@id":"https:\/\/now-news.de\/de\/#\/schema\/person\/image\/","url":"https:\/\/secure.gravatar.com\/avatar\/82aafea7d8127119dd649515f56e2117?s=96&d=mm&r=g","contentUrl":"https:\/\/secure.gravatar.com\/avatar\/82aafea7d8127119dd649515f56e2117?s=96&d=mm&r=g","caption":"rtnews"},"url":"https:\/\/now-news.de\/de\/author\/rnews\/"}]}},"_links":{"self":[{"href":"https:\/\/now-news.de\/de\/wp-json\/wp\/v2\/posts\/8387"}],"collection":[{"href":"https:\/\/now-news.de\/de\/wp-json\/wp\/v2\/posts"}],"about":[{"href":"https:\/\/now-news.de\/de\/wp-json\/wp\/v2\/types\/post"}],"author":[{"embeddable":true,"href":"https:\/\/now-news.de\/de\/wp-json\/wp\/v2\/users\/3"}],"replies":[{"embeddable":true,"href":"https:\/\/now-news.de\/de\/wp-json\/wp\/v2\/comments?post=8387"}],"version-history":[{"count":0,"href":"https:\/\/now-news.de\/de\/wp-json\/wp\/v2\/posts\/8387\/revisions"}],"wp:featuredmedia":[{"embeddable":true,"href":"https:\/\/now-news.de\/de\/wp-json\/wp\/v2\/media\/8388"}],"wp:attachment":[{"href":"https:\/\/now-news.de\/de\/wp-json\/wp\/v2\/media?parent=8387"}],"wp:term":[{"taxonomy":"category","embeddable":true,"href":"https:\/\/now-news.de\/de\/wp-json\/wp\/v2\/categories?post=8387"},{"taxonomy":"post_tag","embeddable":true,"href":"https:\/\/now-news.de\/de\/wp-json\/wp\/v2\/tags?post=8387"}],"curies":[{"name":"wp","href":"https:\/\/api.w.org\/{rel}","templated":true}]}}