{"id":83869,"date":"2025-05-16T12:41:17","date_gmt":"2025-05-16T10:41:17","guid":{"rendered":"https:\/\/now-news.de\/de\/deutschland\/istanbul-russland-und-die-ukraine-beginnen-friedensgespraeche\/"},"modified":"2025-05-16T12:41:17","modified_gmt":"2025-05-16T10:41:17","slug":"istanbul-russland-und-die-ukraine-beginnen-friedensgespraeche","status":"publish","type":"post","link":"https:\/\/now-news.de\/de\/deutschland\/istanbul-russland-und-die-ukraine-beginnen-friedensgespraeche\/","title":{"rendered":"Istanbul: Russland und die Ukraine beginnen Friedensgespr\u00e4che"},"content":{"rendered":"<p><img decoding=\"async\" src=\"https:\/\/now-news.de\/de\/wp-content\/uploads\/sites\/3\/2024\/05\/breaking3.jpg\" \/><\/p>\n<div class=\"Text-root Text-type_1 \">\n                Treffen russischer und ukrainischer Delegationen hat begonnen. Der t\u00fcrkische Au\u00dfenminister Hakan Fidan er\u00f6ffnete das Treffen der Delegationen beider L\u00e4nder und Vertretern der T\u00fcrkei mit einer Rede.\n            <\/div>\n<p><\/p>\n<div class=\"Text-root Text-type_5 ArticleView-text ViewText-root \">\n<p>Delegationen aus Russland und der Ukraine haben ihre ersten direkten Friedensgespr\u00e4che seit April 2022 aufgenommen. Das Treffen in Istanbul folgt auf ein erneutes Angebot des russischen Pr\u00e4sidenten Wladimir Putin, den Dialog wiederaufzunehmen, sowie auf internationale Forderungen nach einer diplomatischen L\u00f6sung des anhaltenden Konflikts.<\/p>\n<p>Der t\u00fcrkische Au\u00dfenminister Hakan Fidan er\u00f6ffnete das Treffen der Delegationen beider L\u00e4nder und Vertretern der T\u00fcrkei mit einer Rede, die das t\u00fcrkische Au\u00dfenministerium per Video \u00fcbertrug.<\/p>\n<p>Am Sonntag erkl\u00e4rte Putin, dass nur Verhandlungen zu &#8220;einer Art neuer Waffenruhe und einem neuen Waffenstillstand&#8221; f\u00fchren k\u00f6nnten.<\/p>\n<blockquote>\n<p><em>&#8220;Wir sind auf ernsthafte Verhandlungen mit der Ukraine eingestellt. Ihr Ziel ist es, die Ursachen des Konflikts zu beseitigen und einen langfristigen, dauerhaften Frieden mit einer historischen Perspektive zu erreichen&#8221;, sagte der russische Staatschef.<\/em><\/p>\n<\/blockquote>\n<p>Da die Gespr\u00e4che f\u00fcr Donnerstag geplant waren, hatte die Kreml-Delegation den ganzen Tag auf die Ankunft ihres Gespr\u00e4chspartners gewartet. Selenskyj benannte seine Delegation erst am Abend. Sie wird voraussichtlich aus zw\u00f6lf Delegierten bestehen und von Verteidigungsminister Rustem Umerow geleitet werden.<\/p>\n<p>Das Angebot stie\u00df bei Kiew und seinen Unterst\u00fctzern in Europa auf ein geteiltes Echo. Sie bestehen weiterhin darauf, dass jeglichen Verhandlungen ein mindestens 30-t\u00e4giger Waffenstillstand vorausgehen muss. Allerdings wurde der Vorschlag des Kremls von US-Pr\u00e4sident Donald Trump unterst\u00fctzt, der Kiew aufforderte, ihn &#8220;sofort&#8221; anzunehmen.<\/p>\n<p>Auf einer Pressekonferenz am Montag bezeichnete Trump die bevorstehenden Russland-Ukraine-Gespr\u00e4che als &#8220;sehr wichtig&#8221;.<\/p>\n<p>Nach Trumps \u00c4u\u00dferungen \u00e4nderte Kiew seine Position offenbar und der ukrainische Regierungschef\u00a0Selenskyj erkl\u00e4rte sich zur Teilnahme an dem Treffen bereit.\u00a0<\/p>\n<p>Am sp\u00e4ten Mittwochabend benannte Putin die russische Delegation f\u00fcr die geplanten Gespr\u00e4che. Das Team wird von dem Pr\u00e4sidentenberater Wladimir Medinskij geleitet, der bei den Verhandlungen mit Kiew im Jahr 2022 an der Spitze der russischen Seite stand. Der Delegation geh\u00f6ren auch der stellvertretende Au\u00dfenminister Michail Galuzin, der stellvertretende Verteidigungsminister Alexander Fomin und der Leiter des russischen Milit\u00e4rgeheimdienstes, Igor Kostjukow, an.<\/p>\n<p><strong>Mehr zum Thema<\/strong><em> &#8211;<\/em>\u00a0<a rel=\"nofollow noopener\" target=\"_blank\" href=\"https:\/\/freedert.online\/inland\/245077-merz-bei-illner-derzeit-keine-taurus\/\">Merz bei Illner: Derzeit keine Taurus-Lieferungen geplant \u2013 aber es wird ohnehin nicht \u00f6ffentlich<\/a><\/p>\n<div class=\"EmbedBlock-root EmbedBlock-externalVideo EmbedBlock-rumble\">\n<div class=\"VkEmbed\"><iframe class=\"lazyload\" data-src=\"https:\/\/rumble.com\/embed\/v6r9eqp\" frameborder=\"0\" width=\"853\" height=\"480\" allowfullscreen><\/iframe><\/div>\n<\/div>\n<\/div>\n<p><br \/>\n<br \/><a href=\"https:\/\/de.rt.com\/europa\/245124-istanbul-russland-und-ukraine-beginnen\/\">Source link <\/a><\/p>\n","protected":false},"excerpt":{"rendered":"<p>Treffen russischer und ukrainischer Delegationen hat begonnen. Der t\u00fcrkische Au\u00dfenminister Hakan Fidan er\u00f6ffnete das Treffen der Delegationen beider L\u00e4nder und Vertretern der T\u00fcrkei mit einer Rede. Delegationen aus Russland und der Ukraine haben ihre ersten direkten Friedensgespr\u00e4che seit April 2022 aufgenommen. Das Treffen in Istanbul folgt auf ein erneutes Angebot des russischen Pr\u00e4sidenten Wladimir Putin, [&hellip;]<\/p>\n","protected":false},"author":3,"featured_media":58637,"comment_status":"open","ping_status":"open","sticky":false,"template":"","format":"standard","meta":{"_yoast_indexnow_last_ping":["1747392857"],"wp_automatic_camp":["217"],"fd322dca52d9f6aa2f0d45e1073fcfe8":["Istanbul: Russland und die Ukraine beginnen Friedensgespr\u00e4che"],"original_link":["https:\/\/de.rt.com\/europa\/245124-istanbul-russland-und-ukraine-beginnen\/"],"_thumbnail_id":["58637"],"jnews_social_counter_last_update":["1777110297"],"_wptgpro_p2tg_sent2tg":["a:1:{i:23737;s:19:\"2025-05-16 12:55:18\";}"]},"categories":[19,23],"tags":[13260,45,27113,27964,126,127,140],"yoast_head":"<!-- This site is optimized with the Yoast SEO Premium plugin v22.7 (Yoast SEO v22.7) - https:\/\/yoast.com\/wordpress\/plugins\/seo\/ -->\n<title>Istanbul: Russland und die Ukraine beginnen Friedensgespr\u00e4che - just-now.NEWS Deutschland<\/title>\n<meta name=\"robots\" content=\"index, follow, max-snippet:-1, max-image-preview:large, max-video-preview:-1\" \/>\n<link rel=\"canonical\" href=\"https:\/\/now-news.de\/de\/deutschland\/istanbul-russland-und-die-ukraine-beginnen-friedensgespraeche\/\" \/>\n<meta property=\"og:locale\" content=\"de_DE\" \/>\n<meta property=\"og:type\" content=\"article\" \/>\n<meta property=\"og:title\" content=\"Istanbul: Russland und die Ukraine beginnen Friedensgespr\u00e4che\" \/>\n<meta property=\"og:description\" content=\"Treffen russischer und ukrainischer Delegationen hat begonnen. Der t\u00fcrkische Au\u00dfenminister Hakan Fidan er\u00f6ffnete das Treffen der Delegationen beider L\u00e4nder und Vertretern der T\u00fcrkei mit einer Rede. Delegationen aus Russland und der Ukraine haben ihre ersten direkten Friedensgespr\u00e4che seit April 2022 aufgenommen. Das Treffen in Istanbul folgt auf ein erneutes Angebot des russischen Pr\u00e4sidenten Wladimir Putin, [&hellip;]\" \/>\n<meta property=\"og:url\" content=\"https:\/\/now-news.de\/de\/deutschland\/istanbul-russland-und-die-ukraine-beginnen-friedensgespraeche\/\" \/>\n<meta property=\"og:site_name\" content=\"just-now.NEWS Deutschland\" \/>\n<meta property=\"article:publisher\" content=\"https:\/\/www.facebook.com\/wirmachenauf\" \/>\n<meta property=\"article:published_time\" content=\"2025-05-16T10:41:17+00:00\" \/>\n<meta property=\"og:image\" content=\"https:\/\/now-news.de\/de\/wp-content\/uploads\/sites\/3\/2024\/05\/breaking3.jpg\" \/>\n<meta name=\"author\" content=\"rtnews\" \/>\n<meta name=\"twitter:card\" content=\"summary_large_image\" \/>\n<meta name=\"twitter:creator\" content=\"@WirMachenAuf_de\" \/>\n<meta name=\"twitter:site\" content=\"@WirMachenAuf_de\" \/>\n<meta name=\"twitter:label1\" content=\"Verfasst von\" \/>\n\t<meta name=\"twitter:data1\" content=\"rtnews\" \/>\n\t<meta name=\"twitter:label2\" content=\"Gesch\u00e4tzte Lesezeit\" \/>\n\t<meta name=\"twitter:data2\" content=\"2\u00a0Minuten\" \/>\n<script type=\"application\/ld+json\" class=\"yoast-schema-graph\">{\"@context\":\"https:\/\/schema.org\",\"@graph\":[{\"@type\":\"Article\",\"@id\":\"https:\/\/now-news.de\/de\/deutschland\/istanbul-russland-und-die-ukraine-beginnen-friedensgespraeche\/#article\",\"isPartOf\":{\"@id\":\"https:\/\/now-news.de\/de\/deutschland\/istanbul-russland-und-die-ukraine-beginnen-friedensgespraeche\/\"},\"author\":{\"name\":\"rtnews\",\"@id\":\"https:\/\/now-news.de\/de\/#\/schema\/person\/fb534a4e865501d8b3285208df34a9b5\"},\"headline\":\"Istanbul: Russland und die Ukraine beginnen Friedensgespr\u00e4che\",\"datePublished\":\"2025-05-16T10:41:17+00:00\",\"dateModified\":\"2025-05-16T10:41:17+00:00\",\"mainEntityOfPage\":{\"@id\":\"https:\/\/now-news.de\/de\/deutschland\/istanbul-russland-und-die-ukraine-beginnen-friedensgespraeche\/\"},\"wordCount\":387,\"commentCount\":0,\"publisher\":{\"@id\":\"https:\/\/now-news.de\/de\/#organization\"},\"image\":{\"@id\":\"https:\/\/now-news.de\/de\/deutschland\/istanbul-russland-und-die-ukraine-beginnen-friedensgespraeche\/#primaryimage\"},\"thumbnailUrl\":\"https:\/\/now-news.de\/de\/wp-content\/uploads\/sites\/3\/2024\/05\/China-beginnt-mit-Umzingelungsuebungen-rund-um-Taiwan.jpg\",\"keywords\":[\"beginnen\",\"die\",\"Friedensgespr\u00e4che\",\"Istanbul\",\"russland\",\"ukraine\",\"und\"],\"articleSection\":[\"Deutschland\",\"Russland\"],\"inLanguage\":\"de\",\"potentialAction\":[{\"@type\":\"CommentAction\",\"name\":\"Comment\",\"target\":[\"https:\/\/now-news.de\/de\/deutschland\/istanbul-russland-und-die-ukraine-beginnen-friedensgespraeche\/#respond\"]}]},{\"@type\":\"WebPage\",\"@id\":\"https:\/\/now-news.de\/de\/deutschland\/istanbul-russland-und-die-ukraine-beginnen-friedensgespraeche\/\",\"url\":\"https:\/\/now-news.de\/de\/deutschland\/istanbul-russland-und-die-ukraine-beginnen-friedensgespraeche\/\",\"name\":\"Istanbul: Russland und die Ukraine beginnen Friedensgespr\u00e4che - just-now.NEWS Deutschland\",\"isPartOf\":{\"@id\":\"https:\/\/now-news.de\/de\/#website\"},\"primaryImageOfPage\":{\"@id\":\"https:\/\/now-news.de\/de\/deutschland\/istanbul-russland-und-die-ukraine-beginnen-friedensgespraeche\/#primaryimage\"},\"image\":{\"@id\":\"https:\/\/now-news.de\/de\/deutschland\/istanbul-russland-und-die-ukraine-beginnen-friedensgespraeche\/#primaryimage\"},\"thumbnailUrl\":\"https:\/\/now-news.de\/de\/wp-content\/uploads\/sites\/3\/2024\/05\/China-beginnt-mit-Umzingelungsuebungen-rund-um-Taiwan.jpg\",\"datePublished\":\"2025-05-16T10:41:17+00:00\",\"dateModified\":\"2025-05-16T10:41:17+00:00\",\"breadcrumb\":{\"@id\":\"https:\/\/now-news.de\/de\/deutschland\/istanbul-russland-und-die-ukraine-beginnen-friedensgespraeche\/#breadcrumb\"},\"inLanguage\":\"de\",\"potentialAction\":[{\"@type\":\"ReadAction\",\"target\":[\"https:\/\/now-news.de\/de\/deutschland\/istanbul-russland-und-die-ukraine-beginnen-friedensgespraeche\/\"]}]},{\"@type\":\"ImageObject\",\"inLanguage\":\"de\",\"@id\":\"https:\/\/now-news.de\/de\/deutschland\/istanbul-russland-und-die-ukraine-beginnen-friedensgespraeche\/#primaryimage\",\"url\":\"https:\/\/now-news.de\/de\/wp-content\/uploads\/sites\/3\/2024\/05\/China-beginnt-mit-Umzingelungsuebungen-rund-um-Taiwan.jpg\",\"contentUrl\":\"https:\/\/now-news.de\/de\/wp-content\/uploads\/sites\/3\/2024\/05\/China-beginnt-mit-Umzingelungsuebungen-rund-um-Taiwan.jpg\",\"width\":460,\"height\":259,\"caption\":\"China beginnt mit Umzingelungs\u00fcbungen rund um Taiwan\"},{\"@type\":\"BreadcrumbList\",\"@id\":\"https:\/\/now-news.de\/de\/deutschland\/istanbul-russland-und-die-ukraine-beginnen-friedensgespraeche\/#breadcrumb\",\"itemListElement\":[{\"@type\":\"ListItem\",\"position\":1,\"name\":\"Home\",\"item\":\"https:\/\/now-news.de\/de\/\"},{\"@type\":\"ListItem\",\"position\":2,\"name\":\"Istanbul: Russland und die Ukraine beginnen Friedensgespr\u00e4che\"}]},{\"@type\":\"WebSite\",\"@id\":\"https:\/\/now-news.de\/de\/#website\",\"url\":\"https:\/\/now-news.de\/de\/\",\"name\":\"just-now.NEWS Deutschland\",\"description\":\"Das Portal f\u00fcr unzensierte Nachrichten aus der Welt\",\"publisher\":{\"@id\":\"https:\/\/now-news.de\/de\/#organization\"},\"potentialAction\":[{\"@type\":\"SearchAction\",\"target\":{\"@type\":\"EntryPoint\",\"urlTemplate\":\"https:\/\/now-news.de\/de\/?s={search_term_string}\"},\"query-input\":\"required name=search_term_string\"}],\"inLanguage\":\"de\"},{\"@type\":\"Organization\",\"@id\":\"https:\/\/now-news.de\/de\/#organization\",\"name\":\"Just Now News\",\"url\":\"https:\/\/now-news.de\/de\/\",\"logo\":{\"@type\":\"ImageObject\",\"inLanguage\":\"de\",\"@id\":\"https:\/\/now-news.de\/de\/#\/schema\/logo\/image\/\",\"url\":\"http:\/\/just-now.news\/de\/wp-content\/uploads\/sites\/3\/2022\/04\/logo500x500.jpg\",\"contentUrl\":\"http:\/\/just-now.news\/de\/wp-content\/uploads\/sites\/3\/2022\/04\/logo500x500.jpg\",\"width\":500,\"height\":500,\"caption\":\"Just Now News\"},\"image\":{\"@id\":\"https:\/\/now-news.de\/de\/#\/schema\/logo\/image\/\"},\"sameAs\":[\"https:\/\/www.facebook.com\/wirmachenauf\",\"https:\/\/x.com\/WirMachenAuf_de\"]},{\"@type\":\"Person\",\"@id\":\"https:\/\/now-news.de\/de\/#\/schema\/person\/fb534a4e865501d8b3285208df34a9b5\",\"name\":\"rtnews\",\"image\":{\"@type\":\"ImageObject\",\"inLanguage\":\"de\",\"@id\":\"https:\/\/now-news.de\/de\/#\/schema\/person\/image\/\",\"url\":\"https:\/\/secure.gravatar.com\/avatar\/82aafea7d8127119dd649515f56e2117?s=96&d=mm&r=g\",\"contentUrl\":\"https:\/\/secure.gravatar.com\/avatar\/82aafea7d8127119dd649515f56e2117?s=96&d=mm&r=g\",\"caption\":\"rtnews\"},\"url\":\"https:\/\/now-news.de\/de\/author\/rnews\/\"}]}<\/script>\n<!-- \/ Yoast SEO Premium plugin. -->","yoast_head_json":{"title":"Istanbul: Russland und die Ukraine beginnen Friedensgespr\u00e4che - just-now.NEWS Deutschland","robots":{"index":"index","follow":"follow","max-snippet":"max-snippet:-1","max-image-preview":"max-image-preview:large","max-video-preview":"max-video-preview:-1"},"canonical":"https:\/\/now-news.de\/de\/deutschland\/istanbul-russland-und-die-ukraine-beginnen-friedensgespraeche\/","og_locale":"de_DE","og_type":"article","og_title":"Istanbul: Russland und die Ukraine beginnen Friedensgespr\u00e4che","og_description":"Treffen russischer und ukrainischer Delegationen hat begonnen. Der t\u00fcrkische Au\u00dfenminister Hakan Fidan er\u00f6ffnete das Treffen der Delegationen beider L\u00e4nder und Vertretern der T\u00fcrkei mit einer Rede. Delegationen aus Russland und der Ukraine haben ihre ersten direkten Friedensgespr\u00e4che seit April 2022 aufgenommen. Das Treffen in Istanbul folgt auf ein erneutes Angebot des russischen Pr\u00e4sidenten Wladimir Putin, [&hellip;]","og_url":"https:\/\/now-news.de\/de\/deutschland\/istanbul-russland-und-die-ukraine-beginnen-friedensgespraeche\/","og_site_name":"just-now.NEWS Deutschland","article_publisher":"https:\/\/www.facebook.com\/wirmachenauf","article_published_time":"2025-05-16T10:41:17+00:00","og_image":[{"url":"https:\/\/now-news.de\/de\/wp-content\/uploads\/sites\/3\/2024\/05\/breaking3.jpg"}],"author":"rtnews","twitter_card":"summary_large_image","twitter_creator":"@WirMachenAuf_de","twitter_site":"@WirMachenAuf_de","twitter_misc":{"Verfasst von":"rtnews","Gesch\u00e4tzte Lesezeit":"2\u00a0Minuten"},"schema":{"@context":"https:\/\/schema.org","@graph":[{"@type":"Article","@id":"https:\/\/now-news.de\/de\/deutschland\/istanbul-russland-und-die-ukraine-beginnen-friedensgespraeche\/#article","isPartOf":{"@id":"https:\/\/now-news.de\/de\/deutschland\/istanbul-russland-und-die-ukraine-beginnen-friedensgespraeche\/"},"author":{"name":"rtnews","@id":"https:\/\/now-news.de\/de\/#\/schema\/person\/fb534a4e865501d8b3285208df34a9b5"},"headline":"Istanbul: Russland und die Ukraine beginnen Friedensgespr\u00e4che","datePublished":"2025-05-16T10:41:17+00:00","dateModified":"2025-05-16T10:41:17+00:00","mainEntityOfPage":{"@id":"https:\/\/now-news.de\/de\/deutschland\/istanbul-russland-und-die-ukraine-beginnen-friedensgespraeche\/"},"wordCount":387,"commentCount":0,"publisher":{"@id":"https:\/\/now-news.de\/de\/#organization"},"image":{"@id":"https:\/\/now-news.de\/de\/deutschland\/istanbul-russland-und-die-ukraine-beginnen-friedensgespraeche\/#primaryimage"},"thumbnailUrl":"https:\/\/now-news.de\/de\/wp-content\/uploads\/sites\/3\/2024\/05\/China-beginnt-mit-Umzingelungsuebungen-rund-um-Taiwan.jpg","keywords":["beginnen","die","Friedensgespr\u00e4che","Istanbul","russland","ukraine","und"],"articleSection":["Deutschland","Russland"],"inLanguage":"de","potentialAction":[{"@type":"CommentAction","name":"Comment","target":["https:\/\/now-news.de\/de\/deutschland\/istanbul-russland-und-die-ukraine-beginnen-friedensgespraeche\/#respond"]}]},{"@type":"WebPage","@id":"https:\/\/now-news.de\/de\/deutschland\/istanbul-russland-und-die-ukraine-beginnen-friedensgespraeche\/","url":"https:\/\/now-news.de\/de\/deutschland\/istanbul-russland-und-die-ukraine-beginnen-friedensgespraeche\/","name":"Istanbul: Russland und die Ukraine beginnen Friedensgespr\u00e4che - just-now.NEWS Deutschland","isPartOf":{"@id":"https:\/\/now-news.de\/de\/#website"},"primaryImageOfPage":{"@id":"https:\/\/now-news.de\/de\/deutschland\/istanbul-russland-und-die-ukraine-beginnen-friedensgespraeche\/#primaryimage"},"image":{"@id":"https:\/\/now-news.de\/de\/deutschland\/istanbul-russland-und-die-ukraine-beginnen-friedensgespraeche\/#primaryimage"},"thumbnailUrl":"https:\/\/now-news.de\/de\/wp-content\/uploads\/sites\/3\/2024\/05\/China-beginnt-mit-Umzingelungsuebungen-rund-um-Taiwan.jpg","datePublished":"2025-05-16T10:41:17+00:00","dateModified":"2025-05-16T10:41:17+00:00","breadcrumb":{"@id":"https:\/\/now-news.de\/de\/deutschland\/istanbul-russland-und-die-ukraine-beginnen-friedensgespraeche\/#breadcrumb"},"inLanguage":"de","potentialAction":[{"@type":"ReadAction","target":["https:\/\/now-news.de\/de\/deutschland\/istanbul-russland-und-die-ukraine-beginnen-friedensgespraeche\/"]}]},{"@type":"ImageObject","inLanguage":"de","@id":"https:\/\/now-news.de\/de\/deutschland\/istanbul-russland-und-die-ukraine-beginnen-friedensgespraeche\/#primaryimage","url":"https:\/\/now-news.de\/de\/wp-content\/uploads\/sites\/3\/2024\/05\/China-beginnt-mit-Umzingelungsuebungen-rund-um-Taiwan.jpg","contentUrl":"https:\/\/now-news.de\/de\/wp-content\/uploads\/sites\/3\/2024\/05\/China-beginnt-mit-Umzingelungsuebungen-rund-um-Taiwan.jpg","width":460,"height":259,"caption":"China beginnt mit Umzingelungs\u00fcbungen rund um Taiwan"},{"@type":"BreadcrumbList","@id":"https:\/\/now-news.de\/de\/deutschland\/istanbul-russland-und-die-ukraine-beginnen-friedensgespraeche\/#breadcrumb","itemListElement":[{"@type":"ListItem","position":1,"name":"Home","item":"https:\/\/now-news.de\/de\/"},{"@type":"ListItem","position":2,"name":"Istanbul: Russland und die Ukraine beginnen Friedensgespr\u00e4che"}]},{"@type":"WebSite","@id":"https:\/\/now-news.de\/de\/#website","url":"https:\/\/now-news.de\/de\/","name":"just-now.NEWS Deutschland","description":"Das Portal f\u00fcr unzensierte Nachrichten aus der Welt","publisher":{"@id":"https:\/\/now-news.de\/de\/#organization"},"potentialAction":[{"@type":"SearchAction","target":{"@type":"EntryPoint","urlTemplate":"https:\/\/now-news.de\/de\/?s={search_term_string}"},"query-input":"required name=search_term_string"}],"inLanguage":"de"},{"@type":"Organization","@id":"https:\/\/now-news.de\/de\/#organization","name":"Just Now News","url":"https:\/\/now-news.de\/de\/","logo":{"@type":"ImageObject","inLanguage":"de","@id":"https:\/\/now-news.de\/de\/#\/schema\/logo\/image\/","url":"http:\/\/just-now.news\/de\/wp-content\/uploads\/sites\/3\/2022\/04\/logo500x500.jpg","contentUrl":"http:\/\/just-now.news\/de\/wp-content\/uploads\/sites\/3\/2022\/04\/logo500x500.jpg","width":500,"height":500,"caption":"Just Now News"},"image":{"@id":"https:\/\/now-news.de\/de\/#\/schema\/logo\/image\/"},"sameAs":["https:\/\/www.facebook.com\/wirmachenauf","https:\/\/x.com\/WirMachenAuf_de"]},{"@type":"Person","@id":"https:\/\/now-news.de\/de\/#\/schema\/person\/fb534a4e865501d8b3285208df34a9b5","name":"rtnews","image":{"@type":"ImageObject","inLanguage":"de","@id":"https:\/\/now-news.de\/de\/#\/schema\/person\/image\/","url":"https:\/\/secure.gravatar.com\/avatar\/82aafea7d8127119dd649515f56e2117?s=96&d=mm&r=g","contentUrl":"https:\/\/secure.gravatar.com\/avatar\/82aafea7d8127119dd649515f56e2117?s=96&d=mm&r=g","caption":"rtnews"},"url":"https:\/\/now-news.de\/de\/author\/rnews\/"}]}},"_links":{"self":[{"href":"https:\/\/now-news.de\/de\/wp-json\/wp\/v2\/posts\/83869"}],"collection":[{"href":"https:\/\/now-news.de\/de\/wp-json\/wp\/v2\/posts"}],"about":[{"href":"https:\/\/now-news.de\/de\/wp-json\/wp\/v2\/types\/post"}],"author":[{"embeddable":true,"href":"https:\/\/now-news.de\/de\/wp-json\/wp\/v2\/users\/3"}],"replies":[{"embeddable":true,"href":"https:\/\/now-news.de\/de\/wp-json\/wp\/v2\/comments?post=83869"}],"version-history":[{"count":0,"href":"https:\/\/now-news.de\/de\/wp-json\/wp\/v2\/posts\/83869\/revisions"}],"wp:featuredmedia":[{"embeddable":true,"href":"https:\/\/now-news.de\/de\/wp-json\/wp\/v2\/media\/58637"}],"wp:attachment":[{"href":"https:\/\/now-news.de\/de\/wp-json\/wp\/v2\/media?parent=83869"}],"wp:term":[{"taxonomy":"category","embeddable":true,"href":"https:\/\/now-news.de\/de\/wp-json\/wp\/v2\/categories?post=83869"},{"taxonomy":"post_tag","embeddable":true,"href":"https:\/\/now-news.de\/de\/wp-json\/wp\/v2\/tags?post=83869"}],"curies":[{"name":"wp","href":"https:\/\/api.w.org\/{rel}","templated":true}]}}