{"id":83853,"date":"2025-05-15T22:26:54","date_gmt":"2025-05-15T20:26:54","guid":{"rendered":"https:\/\/now-news.de\/de\/deutschland\/panzerparade-in-washington-planungen-fuer-geburtstag-von-trump-und-us-army\/"},"modified":"2025-05-15T22:26:54","modified_gmt":"2025-05-15T20:26:54","slug":"panzerparade-in-washington-planungen-fuer-geburtstag-von-trump-und-us-army","status":"publish","type":"post","link":"https:\/\/now-news.de\/de\/deutschland\/panzerparade-in-washington-planungen-fuer-geburtstag-von-trump-und-us-army\/","title":{"rendered":"Panzerparade in Washington &#8211; Planungen f\u00fcr Geburtstag von Trump und US Army"},"content":{"rendered":"<p><img decoding=\"async\" src=\"https:\/\/now-news.de\/de\/wp-content\/uploads\/sites\/3\/2025\/05\/6825c3d048fbef464225399b.jpg\" \/><\/p>\n<div class=\"Text-root Text-type_1 \">\n                Mitte Juni feiert US-Pr\u00e4sident Donald Trump seinen 79. Geburtstag. Am selben Tag hat auch die US Army ein rundes Jubil\u00e4um. F\u00fcr die gemeinsame Feier sollen nach &#8220;Reuters&#8221;-Angaben bis zu 45 Millionen Dollar ausgegeben und zwei Dutzend Abrams-Panzer eingesetzt werden.\n            <\/div>\n<p><\/p>\n<div class=\"Text-root Text-type_5 ArticleView-text ViewText-root \">\n<p>Am 14. Juni wird in Washington die gemeinsame Feier zum Geburtstag von US-Pr\u00e4sident Donald Trump und zum 250. Bestehen der US Army veranstaltet. Nach <em>Reuters<\/em>-Angaben sollen im Rahmen einer Milit\u00e4rparade bis zu 25 M1-Abrams-Panzer durch die US-Hauptstadt rollen. Die Gesamtkosten der Feierlichkeiten sch\u00e4tzen die Quellen der Nachrichtenagentur\u00a0auf 25\u00a0bis 45 Millionen US-Dollar.<\/p>\n<p>Die US Army hatte seit Monaten ein Defilee von Truppen und Ausr\u00fcstung auf der National Mall im Zentrum Washingtons geplant. Das runde Jubil\u00e4um des Heeres f\u00e4llt mit dem 79. Geburtstag des amtierenden US-Pr\u00e4sidenten zusammen. Auf Trumps Wunsch werde die Feier nun eine Milit\u00e4rparade einschlie\u00dfen.<\/p>\n<p>Au\u00dfer den Abrams-Panzern w\u00fcrden laut vorherigen <em>Reuters<\/em>-Berichten 6.500 Soldaten, 150 Fahrzeuge und 50 Flugzeuge f\u00fcr die Feiern nach Washington verlegt.<\/p>\n<p>Somit sollen sich die Kosten der Veranstaltungen auf bis zu 45 Millionen US-Dollar belaufen, erkl\u00e4rten zwei Regierungsbeamte gegen\u00fcber <em>Reuters<\/em>. Diese Summe\u00a0umfasse\u00a0jedoch nicht die zus\u00e4tzlichen Kosten, wie M\u00fcllentsorgung\u00a0oder die Beseitigung von Stra\u00dfensch\u00e4den durch die Panzer.<\/p>\n<p>Milit\u00e4rparaden sind in den USA nicht \u00fcblich. Kritiker verurteilen die geplanten Feiern am 14. Juni als verschwenderisch.<\/p>\n<p><strong>Mehr zum Thema &#8211;<\/strong>\u00a0<a rel=\"nofollow noopener\" target=\"_blank\" href=\"https:\/\/freedert.online\/nordamerika\/244281-usa-werden-zahl-armeegeneraele-reduzieren\/\">USA werden Zahl der Vier-Sterne-Gener\u00e4le verringern<\/a><\/p>\n<div class=\"EmbedBlock-root EmbedBlock-externalVideo EmbedBlock-rumble\">\n<div class=\"VkEmbed\"><iframe class=\"lazyload\" data-src=\"https:\/\/rumble.com\/embed\/v6qvwqv\" frameborder=\"0\" width=\"853\" height=\"480\" allowfullscreen><\/iframe><\/div>\n<\/div>\n<\/div>\n<p><br \/>\n<br \/><a href=\"https:\/\/de.rt.com\/nordamerika\/245025-geburtstag-von-trump-und-us-army\/\">Source link <\/a><\/p>\n","protected":false},"excerpt":{"rendered":"<p>Mitte Juni feiert US-Pr\u00e4sident Donald Trump seinen 79. Geburtstag. Am selben Tag hat auch die US Army ein rundes Jubil\u00e4um. F\u00fcr die gemeinsame Feier sollen nach &#8220;Reuters&#8221;-Angaben bis zu 45 Millionen Dollar ausgegeben und zwei Dutzend Abrams-Panzer eingesetzt werden. Am 14. Juni wird in Washington die gemeinsame Feier zum Geburtstag von US-Pr\u00e4sident Donald Trump und [&hellip;]<\/p>\n","protected":false},"author":3,"featured_media":83854,"comment_status":"open","ping_status":"open","sticky":false,"template":"","format":"standard","meta":{"_yoast_indexnow_last_ping":["1747341677"],"wp_automatic_camp":["217"],"66ee31bad649e971f303785b5b6c62c5":["Panzerparade in Washington - Planungen f\u00fcr Geburtstag von Trump und US Army"],"original_link":["https:\/\/de.rt.com\/nordamerika\/245025-geburtstag-von-trump-und-us-army\/"],"_thumbnail_id":["83854"],"jnews_social_counter_last_update":["1777368281"],"_wptgpro_p2tg_sent2tg":["a:1:{i:23737;s:19:\"2025-05-15 22:42:19\";}"]},"categories":[19,23],"tags":[64990,221,31647,64989,33389,1639,140,50,1039],"yoast_head":"<!-- This site is optimized with the Yoast SEO Premium plugin v22.7 (Yoast SEO v22.7) - https:\/\/yoast.com\/wordpress\/plugins\/seo\/ -->\n<title>Panzerparade in Washington - Planungen f\u00fcr Geburtstag von Trump und US Army - just-now.NEWS Deutschland<\/title>\n<meta name=\"robots\" content=\"index, follow, max-snippet:-1, max-image-preview:large, max-video-preview:-1\" \/>\n<link rel=\"canonical\" href=\"https:\/\/now-news.de\/de\/deutschland\/panzerparade-in-washington-planungen-fuer-geburtstag-von-trump-und-us-army\/\" \/>\n<meta property=\"og:locale\" content=\"de_DE\" \/>\n<meta property=\"og:type\" content=\"article\" \/>\n<meta property=\"og:title\" content=\"Panzerparade in Washington - Planungen f\u00fcr Geburtstag von Trump und US Army\" \/>\n<meta property=\"og:description\" content=\"Mitte Juni feiert US-Pr\u00e4sident Donald Trump seinen 79. Geburtstag. Am selben Tag hat auch die US Army ein rundes Jubil\u00e4um. F\u00fcr die gemeinsame Feier sollen nach &#8220;Reuters&#8221;-Angaben bis zu 45 Millionen Dollar ausgegeben und zwei Dutzend Abrams-Panzer eingesetzt werden. Am 14. Juni wird in Washington die gemeinsame Feier zum Geburtstag von US-Pr\u00e4sident Donald Trump und [&hellip;]\" \/>\n<meta property=\"og:url\" content=\"https:\/\/now-news.de\/de\/deutschland\/panzerparade-in-washington-planungen-fuer-geburtstag-von-trump-und-us-army\/\" \/>\n<meta property=\"og:site_name\" content=\"just-now.NEWS Deutschland\" \/>\n<meta property=\"article:publisher\" content=\"https:\/\/www.facebook.com\/wirmachenauf\" \/>\n<meta property=\"article:published_time\" content=\"2025-05-15T20:26:54+00:00\" \/>\n<meta property=\"og:image\" content=\"https:\/\/now-news.de\/de\/wp-content\/uploads\/sites\/3\/2025\/05\/6825c3d048fbef464225399b.jpg\" \/>\n<meta name=\"author\" content=\"rtnews\" \/>\n<meta name=\"twitter:card\" content=\"summary_large_image\" \/>\n<meta name=\"twitter:creator\" content=\"@WirMachenAuf_de\" \/>\n<meta name=\"twitter:site\" content=\"@WirMachenAuf_de\" \/>\n<meta name=\"twitter:label1\" content=\"Verfasst von\" \/>\n\t<meta name=\"twitter:data1\" content=\"rtnews\" \/>\n\t<meta name=\"twitter:label2\" content=\"Gesch\u00e4tzte Lesezeit\" \/>\n\t<meta name=\"twitter:data2\" content=\"1\u00a0Minute\" \/>\n<script type=\"application\/ld+json\" class=\"yoast-schema-graph\">{\"@context\":\"https:\/\/schema.org\",\"@graph\":[{\"@type\":\"Article\",\"@id\":\"https:\/\/now-news.de\/de\/deutschland\/panzerparade-in-washington-planungen-fuer-geburtstag-von-trump-und-us-army\/#article\",\"isPartOf\":{\"@id\":\"https:\/\/now-news.de\/de\/deutschland\/panzerparade-in-washington-planungen-fuer-geburtstag-von-trump-und-us-army\/\"},\"author\":{\"name\":\"rtnews\",\"@id\":\"https:\/\/now-news.de\/de\/#\/schema\/person\/fb534a4e865501d8b3285208df34a9b5\"},\"headline\":\"Panzerparade in Washington &#8211; Planungen f\u00fcr Geburtstag von Trump und US Army\",\"datePublished\":\"2025-05-15T20:26:54+00:00\",\"dateModified\":\"2025-05-15T20:26:54+00:00\",\"mainEntityOfPage\":{\"@id\":\"https:\/\/now-news.de\/de\/deutschland\/panzerparade-in-washington-planungen-fuer-geburtstag-von-trump-und-us-army\/\"},\"wordCount\":248,\"commentCount\":0,\"publisher\":{\"@id\":\"https:\/\/now-news.de\/de\/#organization\"},\"image\":{\"@id\":\"https:\/\/now-news.de\/de\/deutschland\/panzerparade-in-washington-planungen-fuer-geburtstag-von-trump-und-us-army\/#primaryimage\"},\"thumbnailUrl\":\"https:\/\/now-news.de\/de\/wp-content\/uploads\/sites\/3\/2025\/05\/Panzerparade-in-Washington-Planungen-fuer-Geburtstag-von-Trump-und.jpg\",\"keywords\":[\"Army\",\"f\u00fcr\",\"Geburtstag\",\"Panzerparade\",\"Planungen\",\"trump\",\"und\",\"von\",\"Washington\"],\"articleSection\":[\"Deutschland\",\"Russland\"],\"inLanguage\":\"de\",\"potentialAction\":[{\"@type\":\"CommentAction\",\"name\":\"Comment\",\"target\":[\"https:\/\/now-news.de\/de\/deutschland\/panzerparade-in-washington-planungen-fuer-geburtstag-von-trump-und-us-army\/#respond\"]}]},{\"@type\":\"WebPage\",\"@id\":\"https:\/\/now-news.de\/de\/deutschland\/panzerparade-in-washington-planungen-fuer-geburtstag-von-trump-und-us-army\/\",\"url\":\"https:\/\/now-news.de\/de\/deutschland\/panzerparade-in-washington-planungen-fuer-geburtstag-von-trump-und-us-army\/\",\"name\":\"Panzerparade in Washington - Planungen f\u00fcr Geburtstag von Trump und US Army - just-now.NEWS Deutschland\",\"isPartOf\":{\"@id\":\"https:\/\/now-news.de\/de\/#website\"},\"primaryImageOfPage\":{\"@id\":\"https:\/\/now-news.de\/de\/deutschland\/panzerparade-in-washington-planungen-fuer-geburtstag-von-trump-und-us-army\/#primaryimage\"},\"image\":{\"@id\":\"https:\/\/now-news.de\/de\/deutschland\/panzerparade-in-washington-planungen-fuer-geburtstag-von-trump-und-us-army\/#primaryimage\"},\"thumbnailUrl\":\"https:\/\/now-news.de\/de\/wp-content\/uploads\/sites\/3\/2025\/05\/Panzerparade-in-Washington-Planungen-fuer-Geburtstag-von-Trump-und.jpg\",\"datePublished\":\"2025-05-15T20:26:54+00:00\",\"dateModified\":\"2025-05-15T20:26:54+00:00\",\"breadcrumb\":{\"@id\":\"https:\/\/now-news.de\/de\/deutschland\/panzerparade-in-washington-planungen-fuer-geburtstag-von-trump-und-us-army\/#breadcrumb\"},\"inLanguage\":\"de\",\"potentialAction\":[{\"@type\":\"ReadAction\",\"target\":[\"https:\/\/now-news.de\/de\/deutschland\/panzerparade-in-washington-planungen-fuer-geburtstag-von-trump-und-us-army\/\"]}]},{\"@type\":\"ImageObject\",\"inLanguage\":\"de\",\"@id\":\"https:\/\/now-news.de\/de\/deutschland\/panzerparade-in-washington-planungen-fuer-geburtstag-von-trump-und-us-army\/#primaryimage\",\"url\":\"https:\/\/now-news.de\/de\/wp-content\/uploads\/sites\/3\/2025\/05\/Panzerparade-in-Washington-Planungen-fuer-Geburtstag-von-Trump-und.jpg\",\"contentUrl\":\"https:\/\/now-news.de\/de\/wp-content\/uploads\/sites\/3\/2025\/05\/Panzerparade-in-Washington-Planungen-fuer-Geburtstag-von-Trump-und.jpg\",\"width\":460,\"height\":259,\"caption\":\"Panzerparade in Washington - Planungen f\u00fcr Geburtstag von Trump und US Army\"},{\"@type\":\"BreadcrumbList\",\"@id\":\"https:\/\/now-news.de\/de\/deutschland\/panzerparade-in-washington-planungen-fuer-geburtstag-von-trump-und-us-army\/#breadcrumb\",\"itemListElement\":[{\"@type\":\"ListItem\",\"position\":1,\"name\":\"Home\",\"item\":\"https:\/\/now-news.de\/de\/\"},{\"@type\":\"ListItem\",\"position\":2,\"name\":\"Panzerparade in Washington &#8211; Planungen f\u00fcr Geburtstag von Trump und US Army\"}]},{\"@type\":\"WebSite\",\"@id\":\"https:\/\/now-news.de\/de\/#website\",\"url\":\"https:\/\/now-news.de\/de\/\",\"name\":\"just-now.NEWS Deutschland\",\"description\":\"Das Portal f\u00fcr unzensierte Nachrichten aus der Welt\",\"publisher\":{\"@id\":\"https:\/\/now-news.de\/de\/#organization\"},\"potentialAction\":[{\"@type\":\"SearchAction\",\"target\":{\"@type\":\"EntryPoint\",\"urlTemplate\":\"https:\/\/now-news.de\/de\/?s={search_term_string}\"},\"query-input\":\"required name=search_term_string\"}],\"inLanguage\":\"de\"},{\"@type\":\"Organization\",\"@id\":\"https:\/\/now-news.de\/de\/#organization\",\"name\":\"Just Now News\",\"url\":\"https:\/\/now-news.de\/de\/\",\"logo\":{\"@type\":\"ImageObject\",\"inLanguage\":\"de\",\"@id\":\"https:\/\/now-news.de\/de\/#\/schema\/logo\/image\/\",\"url\":\"http:\/\/just-now.news\/de\/wp-content\/uploads\/sites\/3\/2022\/04\/logo500x500.jpg\",\"contentUrl\":\"http:\/\/just-now.news\/de\/wp-content\/uploads\/sites\/3\/2022\/04\/logo500x500.jpg\",\"width\":500,\"height\":500,\"caption\":\"Just Now News\"},\"image\":{\"@id\":\"https:\/\/now-news.de\/de\/#\/schema\/logo\/image\/\"},\"sameAs\":[\"https:\/\/www.facebook.com\/wirmachenauf\",\"https:\/\/x.com\/WirMachenAuf_de\"]},{\"@type\":\"Person\",\"@id\":\"https:\/\/now-news.de\/de\/#\/schema\/person\/fb534a4e865501d8b3285208df34a9b5\",\"name\":\"rtnews\",\"image\":{\"@type\":\"ImageObject\",\"inLanguage\":\"de\",\"@id\":\"https:\/\/now-news.de\/de\/#\/schema\/person\/image\/\",\"url\":\"https:\/\/secure.gravatar.com\/avatar\/82aafea7d8127119dd649515f56e2117?s=96&d=mm&r=g\",\"contentUrl\":\"https:\/\/secure.gravatar.com\/avatar\/82aafea7d8127119dd649515f56e2117?s=96&d=mm&r=g\",\"caption\":\"rtnews\"},\"url\":\"https:\/\/now-news.de\/de\/author\/rnews\/\"}]}<\/script>\n<!-- \/ Yoast SEO Premium plugin. -->","yoast_head_json":{"title":"Panzerparade in Washington - Planungen f\u00fcr Geburtstag von Trump und US Army - just-now.NEWS Deutschland","robots":{"index":"index","follow":"follow","max-snippet":"max-snippet:-1","max-image-preview":"max-image-preview:large","max-video-preview":"max-video-preview:-1"},"canonical":"https:\/\/now-news.de\/de\/deutschland\/panzerparade-in-washington-planungen-fuer-geburtstag-von-trump-und-us-army\/","og_locale":"de_DE","og_type":"article","og_title":"Panzerparade in Washington - Planungen f\u00fcr Geburtstag von Trump und US Army","og_description":"Mitte Juni feiert US-Pr\u00e4sident Donald Trump seinen 79. Geburtstag. Am selben Tag hat auch die US Army ein rundes Jubil\u00e4um. F\u00fcr die gemeinsame Feier sollen nach &#8220;Reuters&#8221;-Angaben bis zu 45 Millionen Dollar ausgegeben und zwei Dutzend Abrams-Panzer eingesetzt werden. Am 14. Juni wird in Washington die gemeinsame Feier zum Geburtstag von US-Pr\u00e4sident Donald Trump und [&hellip;]","og_url":"https:\/\/now-news.de\/de\/deutschland\/panzerparade-in-washington-planungen-fuer-geburtstag-von-trump-und-us-army\/","og_site_name":"just-now.NEWS Deutschland","article_publisher":"https:\/\/www.facebook.com\/wirmachenauf","article_published_time":"2025-05-15T20:26:54+00:00","og_image":[{"url":"https:\/\/now-news.de\/de\/wp-content\/uploads\/sites\/3\/2025\/05\/6825c3d048fbef464225399b.jpg"}],"author":"rtnews","twitter_card":"summary_large_image","twitter_creator":"@WirMachenAuf_de","twitter_site":"@WirMachenAuf_de","twitter_misc":{"Verfasst von":"rtnews","Gesch\u00e4tzte Lesezeit":"1\u00a0Minute"},"schema":{"@context":"https:\/\/schema.org","@graph":[{"@type":"Article","@id":"https:\/\/now-news.de\/de\/deutschland\/panzerparade-in-washington-planungen-fuer-geburtstag-von-trump-und-us-army\/#article","isPartOf":{"@id":"https:\/\/now-news.de\/de\/deutschland\/panzerparade-in-washington-planungen-fuer-geburtstag-von-trump-und-us-army\/"},"author":{"name":"rtnews","@id":"https:\/\/now-news.de\/de\/#\/schema\/person\/fb534a4e865501d8b3285208df34a9b5"},"headline":"Panzerparade in Washington &#8211; Planungen f\u00fcr Geburtstag von Trump und US Army","datePublished":"2025-05-15T20:26:54+00:00","dateModified":"2025-05-15T20:26:54+00:00","mainEntityOfPage":{"@id":"https:\/\/now-news.de\/de\/deutschland\/panzerparade-in-washington-planungen-fuer-geburtstag-von-trump-und-us-army\/"},"wordCount":248,"commentCount":0,"publisher":{"@id":"https:\/\/now-news.de\/de\/#organization"},"image":{"@id":"https:\/\/now-news.de\/de\/deutschland\/panzerparade-in-washington-planungen-fuer-geburtstag-von-trump-und-us-army\/#primaryimage"},"thumbnailUrl":"https:\/\/now-news.de\/de\/wp-content\/uploads\/sites\/3\/2025\/05\/Panzerparade-in-Washington-Planungen-fuer-Geburtstag-von-Trump-und.jpg","keywords":["Army","f\u00fcr","Geburtstag","Panzerparade","Planungen","trump","und","von","Washington"],"articleSection":["Deutschland","Russland"],"inLanguage":"de","potentialAction":[{"@type":"CommentAction","name":"Comment","target":["https:\/\/now-news.de\/de\/deutschland\/panzerparade-in-washington-planungen-fuer-geburtstag-von-trump-und-us-army\/#respond"]}]},{"@type":"WebPage","@id":"https:\/\/now-news.de\/de\/deutschland\/panzerparade-in-washington-planungen-fuer-geburtstag-von-trump-und-us-army\/","url":"https:\/\/now-news.de\/de\/deutschland\/panzerparade-in-washington-planungen-fuer-geburtstag-von-trump-und-us-army\/","name":"Panzerparade in Washington - Planungen f\u00fcr Geburtstag von Trump und US Army - just-now.NEWS Deutschland","isPartOf":{"@id":"https:\/\/now-news.de\/de\/#website"},"primaryImageOfPage":{"@id":"https:\/\/now-news.de\/de\/deutschland\/panzerparade-in-washington-planungen-fuer-geburtstag-von-trump-und-us-army\/#primaryimage"},"image":{"@id":"https:\/\/now-news.de\/de\/deutschland\/panzerparade-in-washington-planungen-fuer-geburtstag-von-trump-und-us-army\/#primaryimage"},"thumbnailUrl":"https:\/\/now-news.de\/de\/wp-content\/uploads\/sites\/3\/2025\/05\/Panzerparade-in-Washington-Planungen-fuer-Geburtstag-von-Trump-und.jpg","datePublished":"2025-05-15T20:26:54+00:00","dateModified":"2025-05-15T20:26:54+00:00","breadcrumb":{"@id":"https:\/\/now-news.de\/de\/deutschland\/panzerparade-in-washington-planungen-fuer-geburtstag-von-trump-und-us-army\/#breadcrumb"},"inLanguage":"de","potentialAction":[{"@type":"ReadAction","target":["https:\/\/now-news.de\/de\/deutschland\/panzerparade-in-washington-planungen-fuer-geburtstag-von-trump-und-us-army\/"]}]},{"@type":"ImageObject","inLanguage":"de","@id":"https:\/\/now-news.de\/de\/deutschland\/panzerparade-in-washington-planungen-fuer-geburtstag-von-trump-und-us-army\/#primaryimage","url":"https:\/\/now-news.de\/de\/wp-content\/uploads\/sites\/3\/2025\/05\/Panzerparade-in-Washington-Planungen-fuer-Geburtstag-von-Trump-und.jpg","contentUrl":"https:\/\/now-news.de\/de\/wp-content\/uploads\/sites\/3\/2025\/05\/Panzerparade-in-Washington-Planungen-fuer-Geburtstag-von-Trump-und.jpg","width":460,"height":259,"caption":"Panzerparade in Washington - Planungen f\u00fcr Geburtstag von Trump und US Army"},{"@type":"BreadcrumbList","@id":"https:\/\/now-news.de\/de\/deutschland\/panzerparade-in-washington-planungen-fuer-geburtstag-von-trump-und-us-army\/#breadcrumb","itemListElement":[{"@type":"ListItem","position":1,"name":"Home","item":"https:\/\/now-news.de\/de\/"},{"@type":"ListItem","position":2,"name":"Panzerparade in Washington &#8211; Planungen f\u00fcr Geburtstag von Trump und US Army"}]},{"@type":"WebSite","@id":"https:\/\/now-news.de\/de\/#website","url":"https:\/\/now-news.de\/de\/","name":"just-now.NEWS Deutschland","description":"Das Portal f\u00fcr unzensierte Nachrichten aus der Welt","publisher":{"@id":"https:\/\/now-news.de\/de\/#organization"},"potentialAction":[{"@type":"SearchAction","target":{"@type":"EntryPoint","urlTemplate":"https:\/\/now-news.de\/de\/?s={search_term_string}"},"query-input":"required name=search_term_string"}],"inLanguage":"de"},{"@type":"Organization","@id":"https:\/\/now-news.de\/de\/#organization","name":"Just Now News","url":"https:\/\/now-news.de\/de\/","logo":{"@type":"ImageObject","inLanguage":"de","@id":"https:\/\/now-news.de\/de\/#\/schema\/logo\/image\/","url":"http:\/\/just-now.news\/de\/wp-content\/uploads\/sites\/3\/2022\/04\/logo500x500.jpg","contentUrl":"http:\/\/just-now.news\/de\/wp-content\/uploads\/sites\/3\/2022\/04\/logo500x500.jpg","width":500,"height":500,"caption":"Just Now News"},"image":{"@id":"https:\/\/now-news.de\/de\/#\/schema\/logo\/image\/"},"sameAs":["https:\/\/www.facebook.com\/wirmachenauf","https:\/\/x.com\/WirMachenAuf_de"]},{"@type":"Person","@id":"https:\/\/now-news.de\/de\/#\/schema\/person\/fb534a4e865501d8b3285208df34a9b5","name":"rtnews","image":{"@type":"ImageObject","inLanguage":"de","@id":"https:\/\/now-news.de\/de\/#\/schema\/person\/image\/","url":"https:\/\/secure.gravatar.com\/avatar\/82aafea7d8127119dd649515f56e2117?s=96&d=mm&r=g","contentUrl":"https:\/\/secure.gravatar.com\/avatar\/82aafea7d8127119dd649515f56e2117?s=96&d=mm&r=g","caption":"rtnews"},"url":"https:\/\/now-news.de\/de\/author\/rnews\/"}]}},"_links":{"self":[{"href":"https:\/\/now-news.de\/de\/wp-json\/wp\/v2\/posts\/83853"}],"collection":[{"href":"https:\/\/now-news.de\/de\/wp-json\/wp\/v2\/posts"}],"about":[{"href":"https:\/\/now-news.de\/de\/wp-json\/wp\/v2\/types\/post"}],"author":[{"embeddable":true,"href":"https:\/\/now-news.de\/de\/wp-json\/wp\/v2\/users\/3"}],"replies":[{"embeddable":true,"href":"https:\/\/now-news.de\/de\/wp-json\/wp\/v2\/comments?post=83853"}],"version-history":[{"count":0,"href":"https:\/\/now-news.de\/de\/wp-json\/wp\/v2\/posts\/83853\/revisions"}],"wp:featuredmedia":[{"embeddable":true,"href":"https:\/\/now-news.de\/de\/wp-json\/wp\/v2\/media\/83854"}],"wp:attachment":[{"href":"https:\/\/now-news.de\/de\/wp-json\/wp\/v2\/media?parent=83853"}],"wp:term":[{"taxonomy":"category","embeddable":true,"href":"https:\/\/now-news.de\/de\/wp-json\/wp\/v2\/categories?post=83853"},{"taxonomy":"post_tag","embeddable":true,"href":"https:\/\/now-news.de\/de\/wp-json\/wp\/v2\/tags?post=83853"}],"curies":[{"name":"wp","href":"https:\/\/api.w.org\/{rel}","templated":true}]}}