{"id":83815,"date":"2025-05-15T14:29:33","date_gmt":"2025-05-15T12:29:33","guid":{"rendered":"https:\/\/now-news.de\/de\/deutschland\/deutsche-neonazi-truppe-in-ukrainischen-streitkraeften-moskau-muss-brennen\/"},"modified":"2025-05-15T14:29:33","modified_gmt":"2025-05-15T12:29:33","slug":"deutsche-neonazi-truppe-in-ukrainischen-streitkraeften-moskau-muss-brennen","status":"publish","type":"post","link":"https:\/\/now-news.de\/de\/deutschland\/deutsche-neonazi-truppe-in-ukrainischen-streitkraeften-moskau-muss-brennen\/","title":{"rendered":"Deutsche Neonazi-Truppe in ukrainischen Streitkr\u00e4ften: &quot;Moskau muss brennen&quot;"},"content":{"rendered":"<p><img decoding=\"async\" src=\"https:\/\/now-news.de\/de\/wp-content\/uploads\/sites\/3\/2025\/05\/6825d48f48fbef40f66b110f.png\" \/><\/p>\n<div class=\"Text-root Text-type_1 \">\n                Das Deutsche Freiwilligenkorps k\u00e4mpft seit 2023 in der Freiwilligeneinheit Karpaten-Sitsch gegen Russland. Im April wurde das Bataillon in die offiziellen ukrainischen Streitkr\u00e4fte integriert. Die freiwilligen Neonazis erhalten jetzt eine Kampfausbildung nach NATO-Standards.\n            <\/div>\n<p><\/p>\n<div class=\"Text-root Text-type_5 ArticleView-text ViewText-root \">\n<p>Das <a rel=\"nofollow noopener\" target=\"_blank\" href=\"https:\/\/t.me\/DeutschesFreiwlligenKorps\/\">Deutsche Freiwilligenkorps<\/a> (DFK) wurde im April\u00a02025 in die regul\u00e4ren ukrainischen Streitkr\u00e4fte integriert. Die deutschen Neonazi-Soldaten des DFK beteiligten sich bereits seit Juni 2023 in der internationalen Freiwilligeneinheit Karpaten-Sitsch-Bataillon am Krieg gegen die Ukraine, <a rel=\"nofollow noopener\" target=\"_blank\" href=\"https:\/\/www.jungewelt.de\/artikel\/499987.ukraine-moskau-muss-brennen.html\">berichtete<\/a> die <em>junge Welt<\/em> (<em>jW<\/em>) am Mittwoch.<\/p>\n<p>Das 49.\u00a0separate Angriffsbataillon Karpaten-Sitsch des ukrainischen Heeres wurde im Jahr 2014 direkt nach dem Maidan-Putsch von Mitgliedern der Partei Swoboda und der Wehrsportgruppe Sokil gegr\u00fcndet.\u00a0Das 49.\u00a0separate Angriffsbataillon des <a rel=\"nofollow noopener\" target=\"_blank\" href=\"https:\/\/de.wikipedia.org\/wiki\/Ukrainisches_Heer\">Ukrainischen Heeres<\/a> ist nach der ehemaligen paramilit\u00e4rischen Gruppe\u00a0<a rel=\"nofollow noopener\" target=\"_blank\" href=\"https:\/\/de.wikipedia.org\/wiki\/Karpaten-Sitsch\">Karpaten-Sitsch<\/a> benannt.<\/p>\n<p>Auf seinem offiziellen Social-Media-Kanal gratulierte das DFK am 20.\u00a0April Adolf Hitler zu seinem &#8220;Wiegenfest&#8221;.\u00a0 Vom deutschen Volk verlange das\u00a0 DFK &#8220;selbigen Mut, selbige Treue, selbige Opferbereitschaft&#8221; , wie sie einst Hitlers Soldaten bewiesen h\u00e4tten. Solche DFK-Ver\u00f6ffentlichungen schienen die Kiewer Milit\u00e4rf\u00fchrung nicht davon abzuhalten, die Gruppe\u00a0in die ukrainische Armee aufzunehmen. Aus den Reihen deutscher Antifas gab es diesbez\u00fcglich auch noch keine wahrnehmbaren Proteste.<\/p>\n<p>Der <em>jungen Welt<\/em> zufolge rekrutiert sich das DFK aus Personen im Umfeld der Partei <a rel=\"nofollow noopener\" target=\"_blank\" href=\"https:\/\/www.bpb.de\/themen\/rechtsextremismus\/dossier-rechtsextremismus\/500824\/der-dritte-weg\/\">Der III.\u00a0Weg<\/a>. Seit Jahren unterhielten diese Neonazis Kontakte zur ukrainischen Partei <a rel=\"nofollow noopener\" target=\"_blank\" href=\"https:\/\/www.ndr.de\/fernsehen\/sendungen\/panorama\/aktuell\/Was-hinter-der-Swoboda-Partei-steckt,ukraine359.html\">Swoboda<\/a>, ebenso zur <a rel=\"nofollow noopener\" target=\"_blank\" href=\"https:\/\/www.encyclopediaofukraine.com\/display.asp?linkpath=pages%5CS%5CO%5CSokil.htm\">Wehrsportgruppe Sokil<\/a>\u00a0und zur ukrainischen Neonazi-Bewegung Asow. Der III.\u00a0Weg habe Spenden f\u00fcr ukrainische Faschisten gesammelt. Im August\u00a02024 h\u00e4tten Parteimitglieder des III.\u00a0Weges gemeinsam mit Freiwilligen des DFK und anderen faschistischen Einheiten, die f\u00fcr Kiew k\u00e4mpften, an einer Konferenz der faschistischen Internationale in Lwow teilgenommen.\u00a0<\/p>\n<p>Das Karpaten-Sitsch-Bataillon wurde im Jahr 1938 auf Initiative der faschistischen <a rel=\"nofollow noopener\" target=\"_blank\" href=\"https:\/\/de.wikipedia.org\/wiki\/Organisation_Ukrainischer_Nationalisten\">Organisation Ukrainischer Nationalisten (OUN<\/a>) aufgestellt. In den 1940er-Jahren schlossen sich viele Bataillonsangeh\u00f6rige dem Bandera-Fl\u00fcgel der OUN an, der Ukrainischen Aufst\u00e4ndischen Armee (UPA). Zeitweise kollaborierte das Bataillon mit Hitlerdeutschland.<\/p>\n<p>Daran erinnern einige Kompanien des Karpaten-Sitsch-Bataillons bis heute durch das Tragen von SS-Runen und -Totenkopfsymbolen in ihren Verbandskennzeichen. Bis heute verehren diese Truppen auch den ehemaligen UPA-Kommandeur <a rel=\"nofollow noopener\" target=\"_blank\" href=\"https:\/\/de.wikipedia.org\/wiki\/Roman_Schuchewytsch\">Roman Schuchewitsch<\/a>. Bei den Karpaten-Sitsch-Truppen gibt es einen hohen Anteil von internationalen Freiwilligeneinheiten: aus Spanien, Kolumbien, Gro\u00dfbritannien und den Vereinigten Staaten, darunter auch ehemalige Armeesoldaten.<\/p>\n<p>Was \u00e4ndert sich f\u00fcr die deutschen Freiwilligen durch die Eingliederung des DFK in die ukrainischen Streitkr\u00e4fte? In einem Rekrutenwerbevideo verspreche DFK-Gr\u00fcnder Stephan\u00a0K. den Soldaten eine Ausbildung auf NATO-Standard. Er erkl\u00e4rte im Video: &#8220;Ihr erhaltet eine komplette Ausr\u00fcstung, technisches Training, medizinische Versorgung und Vorbereitung f\u00fcr den H\u00e4userkampf.&#8221;<\/p>\n<p>Schon vor Monaten habe das DFK bei Bundesverteidigungsminister Boris Pistorius Waffen und Munition eingefordert, einschlie\u00dflich der Forderung nach Taurus-Lieferungen. Die deutschen Neonazi-Soldaten h\u00e4tten es im Dezember\u00a02024 wie folgt formuliert: &#8220;Wann kommt der Taurus? Moskau muss brennen.&#8221;<\/p>\n<p><strong>Mehr zum Thema \u2013\u00a0<\/strong><a rel=\"nofollow noopener\" target=\"_blank\" href=\"https:\/\/dert.online\/europa\/242702-ukraine-befoerdert-kommandeur-neonazi-einheit\/\">Ukraine bef\u00f6rdert Kommandeur einer Neonazi-Einheit<\/a><\/p>\n<div class=\"EmbedBlock-root EmbedBlock-externalVideo EmbedBlock-rumble\">\n<div class=\"VkEmbed\"><iframe class=\"lazyload\" data-src=\"https:\/\/rumble.com\/embed\/v6r76kf\" frameborder=\"0\" width=\"853\" height=\"480\" allowfullscreen><\/iframe><\/div>\n<\/div>\n<\/div>\n<p><br \/>\n<br \/><a href=\"https:\/\/de.rt.com\/inland\/245034-deutsche-neo-nazi-truppe-in-ukrainischen-streitkraeften-moskau-muss-brennen\/\">Source link <\/a><\/p>\n","protected":false},"excerpt":{"rendered":"<p>Das Deutsche Freiwilligenkorps k\u00e4mpft seit 2023 in der Freiwilligeneinheit Karpaten-Sitsch gegen Russland. Im April wurde das Bataillon in die offiziellen ukrainischen Streitkr\u00e4fte integriert. Die freiwilligen Neonazis erhalten jetzt eine Kampfausbildung nach NATO-Standards. Das Deutsche Freiwilligenkorps (DFK) wurde im April\u00a02025 in die regul\u00e4ren ukrainischen Streitkr\u00e4fte integriert. Die deutschen Neonazi-Soldaten des DFK beteiligten sich bereits seit Juni [&hellip;]<\/p>\n","protected":false},"author":3,"featured_media":83816,"comment_status":"open","ping_status":"open","sticky":false,"template":"","format":"standard","meta":{"_yoast_indexnow_last_ping":["1747312761"],"wp_automatic_camp":["217"],"3db38bc3e2126fa30eabb6ecba64d9e8":["Deutsche Neonazi-Truppe in ukrainischen Streitkr\u00e4ften: &quot;Moskau muss brennen&quot;"],"original_link":["https:\/\/de.rt.com\/inland\/245034-deutsche-neo-nazi-truppe-in-ukrainischen-streitkraeften-moskau-muss-brennen\/"],"_thumbnail_id":["83816"],"jnews_social_counter_last_update":["1777192159"],"_wptgpro_p2tg_sent2tg":["a:1:{i:23737;s:19:\"2025-05-15 14:40:28\";}"]},"categories":[19,23],"tags":[32852,2374,534,64970,43219,42141,2332],"yoast_head":"<!-- This site is optimized with the Yoast SEO Premium plugin v22.7 (Yoast SEO v22.7) - https:\/\/yoast.com\/wordpress\/plugins\/seo\/ -->\n<title>Deutsche Neonazi-Truppe in ukrainischen Streitkr\u00e4ften: &quot;Moskau muss brennen&quot; - just-now.NEWS Deutschland<\/title>\n<meta name=\"robots\" content=\"index, follow, max-snippet:-1, max-image-preview:large, max-video-preview:-1\" \/>\n<link rel=\"canonical\" href=\"https:\/\/now-news.de\/de\/deutschland\/deutsche-neonazi-truppe-in-ukrainischen-streitkraeften-moskau-muss-brennen\/\" \/>\n<meta property=\"og:locale\" content=\"de_DE\" \/>\n<meta property=\"og:type\" content=\"article\" \/>\n<meta property=\"og:title\" content=\"Deutsche Neonazi-Truppe in ukrainischen Streitkr\u00e4ften: &quot;Moskau muss brennen&quot;\" \/>\n<meta property=\"og:description\" content=\"Das Deutsche Freiwilligenkorps k\u00e4mpft seit 2023 in der Freiwilligeneinheit Karpaten-Sitsch gegen Russland. Im April wurde das Bataillon in die offiziellen ukrainischen Streitkr\u00e4fte integriert. Die freiwilligen Neonazis erhalten jetzt eine Kampfausbildung nach NATO-Standards. Das Deutsche Freiwilligenkorps (DFK) wurde im April\u00a02025 in die regul\u00e4ren ukrainischen Streitkr\u00e4fte integriert. Die deutschen Neonazi-Soldaten des DFK beteiligten sich bereits seit Juni [&hellip;]\" \/>\n<meta property=\"og:url\" content=\"https:\/\/now-news.de\/de\/deutschland\/deutsche-neonazi-truppe-in-ukrainischen-streitkraeften-moskau-muss-brennen\/\" \/>\n<meta property=\"og:site_name\" content=\"just-now.NEWS Deutschland\" \/>\n<meta property=\"article:publisher\" content=\"https:\/\/www.facebook.com\/wirmachenauf\" \/>\n<meta property=\"article:published_time\" content=\"2025-05-15T12:29:33+00:00\" \/>\n<meta property=\"og:image\" content=\"https:\/\/now-news.de\/de\/wp-content\/uploads\/sites\/3\/2025\/05\/6825d48f48fbef40f66b110f.png\" \/>\n<meta name=\"author\" content=\"rtnews\" \/>\n<meta name=\"twitter:card\" content=\"summary_large_image\" \/>\n<meta name=\"twitter:creator\" content=\"@WirMachenAuf_de\" \/>\n<meta name=\"twitter:site\" content=\"@WirMachenAuf_de\" \/>\n<meta name=\"twitter:label1\" content=\"Verfasst von\" \/>\n\t<meta name=\"twitter:data1\" content=\"rtnews\" \/>\n\t<meta name=\"twitter:label2\" content=\"Gesch\u00e4tzte Lesezeit\" \/>\n\t<meta name=\"twitter:data2\" content=\"2\u00a0Minuten\" \/>\n<script type=\"application\/ld+json\" class=\"yoast-schema-graph\">{\"@context\":\"https:\/\/schema.org\",\"@graph\":[{\"@type\":\"Article\",\"@id\":\"https:\/\/now-news.de\/de\/deutschland\/deutsche-neonazi-truppe-in-ukrainischen-streitkraeften-moskau-muss-brennen\/#article\",\"isPartOf\":{\"@id\":\"https:\/\/now-news.de\/de\/deutschland\/deutsche-neonazi-truppe-in-ukrainischen-streitkraeften-moskau-muss-brennen\/\"},\"author\":{\"name\":\"rtnews\",\"@id\":\"https:\/\/now-news.de\/de\/#\/schema\/person\/fb534a4e865501d8b3285208df34a9b5\"},\"headline\":\"Deutsche Neonazi-Truppe in ukrainischen Streitkr\u00e4ften: &quot;Moskau muss brennen&quot;\",\"datePublished\":\"2025-05-15T12:29:33+00:00\",\"dateModified\":\"2025-05-15T12:29:33+00:00\",\"mainEntityOfPage\":{\"@id\":\"https:\/\/now-news.de\/de\/deutschland\/deutsche-neonazi-truppe-in-ukrainischen-streitkraeften-moskau-muss-brennen\/\"},\"wordCount\":468,\"commentCount\":0,\"publisher\":{\"@id\":\"https:\/\/now-news.de\/de\/#organization\"},\"image\":{\"@id\":\"https:\/\/now-news.de\/de\/deutschland\/deutsche-neonazi-truppe-in-ukrainischen-streitkraeften-moskau-muss-brennen\/#primaryimage\"},\"thumbnailUrl\":\"https:\/\/now-news.de\/de\/wp-content\/uploads\/sites\/3\/2025\/05\/Deutsche-Neonazi-Truppe-in-ukrainischen-Streitkraeften-quotMoskau-muss-brennenquot.png\",\"keywords\":[\"brennenquot\",\"Deutsche\",\"muss\",\"NeonaziTruppe\",\"quotMoskau\",\"Streitkr\u00e4ften\",\"ukrainischen\"],\"articleSection\":[\"Deutschland\",\"Russland\"],\"inLanguage\":\"de\",\"potentialAction\":[{\"@type\":\"CommentAction\",\"name\":\"Comment\",\"target\":[\"https:\/\/now-news.de\/de\/deutschland\/deutsche-neonazi-truppe-in-ukrainischen-streitkraeften-moskau-muss-brennen\/#respond\"]}]},{\"@type\":\"WebPage\",\"@id\":\"https:\/\/now-news.de\/de\/deutschland\/deutsche-neonazi-truppe-in-ukrainischen-streitkraeften-moskau-muss-brennen\/\",\"url\":\"https:\/\/now-news.de\/de\/deutschland\/deutsche-neonazi-truppe-in-ukrainischen-streitkraeften-moskau-muss-brennen\/\",\"name\":\"Deutsche Neonazi-Truppe in ukrainischen Streitkr\u00e4ften: &quot;Moskau muss brennen&quot; - just-now.NEWS Deutschland\",\"isPartOf\":{\"@id\":\"https:\/\/now-news.de\/de\/#website\"},\"primaryImageOfPage\":{\"@id\":\"https:\/\/now-news.de\/de\/deutschland\/deutsche-neonazi-truppe-in-ukrainischen-streitkraeften-moskau-muss-brennen\/#primaryimage\"},\"image\":{\"@id\":\"https:\/\/now-news.de\/de\/deutschland\/deutsche-neonazi-truppe-in-ukrainischen-streitkraeften-moskau-muss-brennen\/#primaryimage\"},\"thumbnailUrl\":\"https:\/\/now-news.de\/de\/wp-content\/uploads\/sites\/3\/2025\/05\/Deutsche-Neonazi-Truppe-in-ukrainischen-Streitkraeften-quotMoskau-muss-brennenquot.png\",\"datePublished\":\"2025-05-15T12:29:33+00:00\",\"dateModified\":\"2025-05-15T12:29:33+00:00\",\"breadcrumb\":{\"@id\":\"https:\/\/now-news.de\/de\/deutschland\/deutsche-neonazi-truppe-in-ukrainischen-streitkraeften-moskau-muss-brennen\/#breadcrumb\"},\"inLanguage\":\"de\",\"potentialAction\":[{\"@type\":\"ReadAction\",\"target\":[\"https:\/\/now-news.de\/de\/deutschland\/deutsche-neonazi-truppe-in-ukrainischen-streitkraeften-moskau-muss-brennen\/\"]}]},{\"@type\":\"ImageObject\",\"inLanguage\":\"de\",\"@id\":\"https:\/\/now-news.de\/de\/deutschland\/deutsche-neonazi-truppe-in-ukrainischen-streitkraeften-moskau-muss-brennen\/#primaryimage\",\"url\":\"https:\/\/now-news.de\/de\/wp-content\/uploads\/sites\/3\/2025\/05\/Deutsche-Neonazi-Truppe-in-ukrainischen-Streitkraeften-quotMoskau-muss-brennenquot.png\",\"contentUrl\":\"https:\/\/now-news.de\/de\/wp-content\/uploads\/sites\/3\/2025\/05\/Deutsche-Neonazi-Truppe-in-ukrainischen-Streitkraeften-quotMoskau-muss-brennenquot.png\",\"width\":460,\"height\":259,\"caption\":\"Deutsche Neonazi-Truppe in ukrainischen Streitkr\u00e4ften: &quot;Moskau muss brennen&quot;\"},{\"@type\":\"BreadcrumbList\",\"@id\":\"https:\/\/now-news.de\/de\/deutschland\/deutsche-neonazi-truppe-in-ukrainischen-streitkraeften-moskau-muss-brennen\/#breadcrumb\",\"itemListElement\":[{\"@type\":\"ListItem\",\"position\":1,\"name\":\"Home\",\"item\":\"https:\/\/now-news.de\/de\/\"},{\"@type\":\"ListItem\",\"position\":2,\"name\":\"Deutsche Neonazi-Truppe in ukrainischen Streitkr\u00e4ften: &quot;Moskau muss brennen&quot;\"}]},{\"@type\":\"WebSite\",\"@id\":\"https:\/\/now-news.de\/de\/#website\",\"url\":\"https:\/\/now-news.de\/de\/\",\"name\":\"just-now.NEWS Deutschland\",\"description\":\"Das Portal f\u00fcr unzensierte Nachrichten aus der Welt\",\"publisher\":{\"@id\":\"https:\/\/now-news.de\/de\/#organization\"},\"potentialAction\":[{\"@type\":\"SearchAction\",\"target\":{\"@type\":\"EntryPoint\",\"urlTemplate\":\"https:\/\/now-news.de\/de\/?s={search_term_string}\"},\"query-input\":\"required name=search_term_string\"}],\"inLanguage\":\"de\"},{\"@type\":\"Organization\",\"@id\":\"https:\/\/now-news.de\/de\/#organization\",\"name\":\"Just Now News\",\"url\":\"https:\/\/now-news.de\/de\/\",\"logo\":{\"@type\":\"ImageObject\",\"inLanguage\":\"de\",\"@id\":\"https:\/\/now-news.de\/de\/#\/schema\/logo\/image\/\",\"url\":\"http:\/\/just-now.news\/de\/wp-content\/uploads\/sites\/3\/2022\/04\/logo500x500.jpg\",\"contentUrl\":\"http:\/\/just-now.news\/de\/wp-content\/uploads\/sites\/3\/2022\/04\/logo500x500.jpg\",\"width\":500,\"height\":500,\"caption\":\"Just Now News\"},\"image\":{\"@id\":\"https:\/\/now-news.de\/de\/#\/schema\/logo\/image\/\"},\"sameAs\":[\"https:\/\/www.facebook.com\/wirmachenauf\",\"https:\/\/x.com\/WirMachenAuf_de\"]},{\"@type\":\"Person\",\"@id\":\"https:\/\/now-news.de\/de\/#\/schema\/person\/fb534a4e865501d8b3285208df34a9b5\",\"name\":\"rtnews\",\"image\":{\"@type\":\"ImageObject\",\"inLanguage\":\"de\",\"@id\":\"https:\/\/now-news.de\/de\/#\/schema\/person\/image\/\",\"url\":\"https:\/\/secure.gravatar.com\/avatar\/82aafea7d8127119dd649515f56e2117?s=96&d=mm&r=g\",\"contentUrl\":\"https:\/\/secure.gravatar.com\/avatar\/82aafea7d8127119dd649515f56e2117?s=96&d=mm&r=g\",\"caption\":\"rtnews\"},\"url\":\"https:\/\/now-news.de\/de\/author\/rnews\/\"}]}<\/script>\n<!-- \/ Yoast SEO Premium plugin. -->","yoast_head_json":{"title":"Deutsche Neonazi-Truppe in ukrainischen Streitkr\u00e4ften: &quot;Moskau muss brennen&quot; - just-now.NEWS Deutschland","robots":{"index":"index","follow":"follow","max-snippet":"max-snippet:-1","max-image-preview":"max-image-preview:large","max-video-preview":"max-video-preview:-1"},"canonical":"https:\/\/now-news.de\/de\/deutschland\/deutsche-neonazi-truppe-in-ukrainischen-streitkraeften-moskau-muss-brennen\/","og_locale":"de_DE","og_type":"article","og_title":"Deutsche Neonazi-Truppe in ukrainischen Streitkr\u00e4ften: &quot;Moskau muss brennen&quot;","og_description":"Das Deutsche Freiwilligenkorps k\u00e4mpft seit 2023 in der Freiwilligeneinheit Karpaten-Sitsch gegen Russland. Im April wurde das Bataillon in die offiziellen ukrainischen Streitkr\u00e4fte integriert. Die freiwilligen Neonazis erhalten jetzt eine Kampfausbildung nach NATO-Standards. Das Deutsche Freiwilligenkorps (DFK) wurde im April\u00a02025 in die regul\u00e4ren ukrainischen Streitkr\u00e4fte integriert. Die deutschen Neonazi-Soldaten des DFK beteiligten sich bereits seit Juni [&hellip;]","og_url":"https:\/\/now-news.de\/de\/deutschland\/deutsche-neonazi-truppe-in-ukrainischen-streitkraeften-moskau-muss-brennen\/","og_site_name":"just-now.NEWS Deutschland","article_publisher":"https:\/\/www.facebook.com\/wirmachenauf","article_published_time":"2025-05-15T12:29:33+00:00","og_image":[{"url":"https:\/\/now-news.de\/de\/wp-content\/uploads\/sites\/3\/2025\/05\/6825d48f48fbef40f66b110f.png"}],"author":"rtnews","twitter_card":"summary_large_image","twitter_creator":"@WirMachenAuf_de","twitter_site":"@WirMachenAuf_de","twitter_misc":{"Verfasst von":"rtnews","Gesch\u00e4tzte Lesezeit":"2\u00a0Minuten"},"schema":{"@context":"https:\/\/schema.org","@graph":[{"@type":"Article","@id":"https:\/\/now-news.de\/de\/deutschland\/deutsche-neonazi-truppe-in-ukrainischen-streitkraeften-moskau-muss-brennen\/#article","isPartOf":{"@id":"https:\/\/now-news.de\/de\/deutschland\/deutsche-neonazi-truppe-in-ukrainischen-streitkraeften-moskau-muss-brennen\/"},"author":{"name":"rtnews","@id":"https:\/\/now-news.de\/de\/#\/schema\/person\/fb534a4e865501d8b3285208df34a9b5"},"headline":"Deutsche Neonazi-Truppe in ukrainischen Streitkr\u00e4ften: &quot;Moskau muss brennen&quot;","datePublished":"2025-05-15T12:29:33+00:00","dateModified":"2025-05-15T12:29:33+00:00","mainEntityOfPage":{"@id":"https:\/\/now-news.de\/de\/deutschland\/deutsche-neonazi-truppe-in-ukrainischen-streitkraeften-moskau-muss-brennen\/"},"wordCount":468,"commentCount":0,"publisher":{"@id":"https:\/\/now-news.de\/de\/#organization"},"image":{"@id":"https:\/\/now-news.de\/de\/deutschland\/deutsche-neonazi-truppe-in-ukrainischen-streitkraeften-moskau-muss-brennen\/#primaryimage"},"thumbnailUrl":"https:\/\/now-news.de\/de\/wp-content\/uploads\/sites\/3\/2025\/05\/Deutsche-Neonazi-Truppe-in-ukrainischen-Streitkraeften-quotMoskau-muss-brennenquot.png","keywords":["brennenquot","Deutsche","muss","NeonaziTruppe","quotMoskau","Streitkr\u00e4ften","ukrainischen"],"articleSection":["Deutschland","Russland"],"inLanguage":"de","potentialAction":[{"@type":"CommentAction","name":"Comment","target":["https:\/\/now-news.de\/de\/deutschland\/deutsche-neonazi-truppe-in-ukrainischen-streitkraeften-moskau-muss-brennen\/#respond"]}]},{"@type":"WebPage","@id":"https:\/\/now-news.de\/de\/deutschland\/deutsche-neonazi-truppe-in-ukrainischen-streitkraeften-moskau-muss-brennen\/","url":"https:\/\/now-news.de\/de\/deutschland\/deutsche-neonazi-truppe-in-ukrainischen-streitkraeften-moskau-muss-brennen\/","name":"Deutsche Neonazi-Truppe in ukrainischen Streitkr\u00e4ften: &quot;Moskau muss brennen&quot; - just-now.NEWS Deutschland","isPartOf":{"@id":"https:\/\/now-news.de\/de\/#website"},"primaryImageOfPage":{"@id":"https:\/\/now-news.de\/de\/deutschland\/deutsche-neonazi-truppe-in-ukrainischen-streitkraeften-moskau-muss-brennen\/#primaryimage"},"image":{"@id":"https:\/\/now-news.de\/de\/deutschland\/deutsche-neonazi-truppe-in-ukrainischen-streitkraeften-moskau-muss-brennen\/#primaryimage"},"thumbnailUrl":"https:\/\/now-news.de\/de\/wp-content\/uploads\/sites\/3\/2025\/05\/Deutsche-Neonazi-Truppe-in-ukrainischen-Streitkraeften-quotMoskau-muss-brennenquot.png","datePublished":"2025-05-15T12:29:33+00:00","dateModified":"2025-05-15T12:29:33+00:00","breadcrumb":{"@id":"https:\/\/now-news.de\/de\/deutschland\/deutsche-neonazi-truppe-in-ukrainischen-streitkraeften-moskau-muss-brennen\/#breadcrumb"},"inLanguage":"de","potentialAction":[{"@type":"ReadAction","target":["https:\/\/now-news.de\/de\/deutschland\/deutsche-neonazi-truppe-in-ukrainischen-streitkraeften-moskau-muss-brennen\/"]}]},{"@type":"ImageObject","inLanguage":"de","@id":"https:\/\/now-news.de\/de\/deutschland\/deutsche-neonazi-truppe-in-ukrainischen-streitkraeften-moskau-muss-brennen\/#primaryimage","url":"https:\/\/now-news.de\/de\/wp-content\/uploads\/sites\/3\/2025\/05\/Deutsche-Neonazi-Truppe-in-ukrainischen-Streitkraeften-quotMoskau-muss-brennenquot.png","contentUrl":"https:\/\/now-news.de\/de\/wp-content\/uploads\/sites\/3\/2025\/05\/Deutsche-Neonazi-Truppe-in-ukrainischen-Streitkraeften-quotMoskau-muss-brennenquot.png","width":460,"height":259,"caption":"Deutsche Neonazi-Truppe in ukrainischen Streitkr\u00e4ften: &quot;Moskau muss brennen&quot;"},{"@type":"BreadcrumbList","@id":"https:\/\/now-news.de\/de\/deutschland\/deutsche-neonazi-truppe-in-ukrainischen-streitkraeften-moskau-muss-brennen\/#breadcrumb","itemListElement":[{"@type":"ListItem","position":1,"name":"Home","item":"https:\/\/now-news.de\/de\/"},{"@type":"ListItem","position":2,"name":"Deutsche Neonazi-Truppe in ukrainischen Streitkr\u00e4ften: &quot;Moskau muss brennen&quot;"}]},{"@type":"WebSite","@id":"https:\/\/now-news.de\/de\/#website","url":"https:\/\/now-news.de\/de\/","name":"just-now.NEWS Deutschland","description":"Das Portal f\u00fcr unzensierte Nachrichten aus der Welt","publisher":{"@id":"https:\/\/now-news.de\/de\/#organization"},"potentialAction":[{"@type":"SearchAction","target":{"@type":"EntryPoint","urlTemplate":"https:\/\/now-news.de\/de\/?s={search_term_string}"},"query-input":"required name=search_term_string"}],"inLanguage":"de"},{"@type":"Organization","@id":"https:\/\/now-news.de\/de\/#organization","name":"Just Now News","url":"https:\/\/now-news.de\/de\/","logo":{"@type":"ImageObject","inLanguage":"de","@id":"https:\/\/now-news.de\/de\/#\/schema\/logo\/image\/","url":"http:\/\/just-now.news\/de\/wp-content\/uploads\/sites\/3\/2022\/04\/logo500x500.jpg","contentUrl":"http:\/\/just-now.news\/de\/wp-content\/uploads\/sites\/3\/2022\/04\/logo500x500.jpg","width":500,"height":500,"caption":"Just Now News"},"image":{"@id":"https:\/\/now-news.de\/de\/#\/schema\/logo\/image\/"},"sameAs":["https:\/\/www.facebook.com\/wirmachenauf","https:\/\/x.com\/WirMachenAuf_de"]},{"@type":"Person","@id":"https:\/\/now-news.de\/de\/#\/schema\/person\/fb534a4e865501d8b3285208df34a9b5","name":"rtnews","image":{"@type":"ImageObject","inLanguage":"de","@id":"https:\/\/now-news.de\/de\/#\/schema\/person\/image\/","url":"https:\/\/secure.gravatar.com\/avatar\/82aafea7d8127119dd649515f56e2117?s=96&d=mm&r=g","contentUrl":"https:\/\/secure.gravatar.com\/avatar\/82aafea7d8127119dd649515f56e2117?s=96&d=mm&r=g","caption":"rtnews"},"url":"https:\/\/now-news.de\/de\/author\/rnews\/"}]}},"_links":{"self":[{"href":"https:\/\/now-news.de\/de\/wp-json\/wp\/v2\/posts\/83815"}],"collection":[{"href":"https:\/\/now-news.de\/de\/wp-json\/wp\/v2\/posts"}],"about":[{"href":"https:\/\/now-news.de\/de\/wp-json\/wp\/v2\/types\/post"}],"author":[{"embeddable":true,"href":"https:\/\/now-news.de\/de\/wp-json\/wp\/v2\/users\/3"}],"replies":[{"embeddable":true,"href":"https:\/\/now-news.de\/de\/wp-json\/wp\/v2\/comments?post=83815"}],"version-history":[{"count":0,"href":"https:\/\/now-news.de\/de\/wp-json\/wp\/v2\/posts\/83815\/revisions"}],"wp:featuredmedia":[{"embeddable":true,"href":"https:\/\/now-news.de\/de\/wp-json\/wp\/v2\/media\/83816"}],"wp:attachment":[{"href":"https:\/\/now-news.de\/de\/wp-json\/wp\/v2\/media?parent=83815"}],"wp:term":[{"taxonomy":"category","embeddable":true,"href":"https:\/\/now-news.de\/de\/wp-json\/wp\/v2\/categories?post=83815"},{"taxonomy":"post_tag","embeddable":true,"href":"https:\/\/now-news.de\/de\/wp-json\/wp\/v2\/tags?post=83815"}],"curies":[{"name":"wp","href":"https:\/\/api.w.org\/{rel}","templated":true}]}}