{"id":83805,"date":"2025-05-15T11:59:09","date_gmt":"2025-05-15T09:59:09","guid":{"rendered":"https:\/\/now-news.de\/de\/deutschland\/ukraine-konflikt-wer-zu-gespraechen-in-istanbul-eingeflogen-ist-und-warum\/"},"modified":"2025-05-15T11:59:09","modified_gmt":"2025-05-15T09:59:09","slug":"ukraine-konflikt-wer-zu-gespraechen-in-istanbul-eingeflogen-ist-und-warum","status":"publish","type":"post","link":"https:\/\/now-news.de\/de\/deutschland\/ukraine-konflikt-wer-zu-gespraechen-in-istanbul-eingeflogen-ist-und-warum\/","title":{"rendered":"Ukraine-Konflikt: Wer zu Gespr\u00e4chen in Istanbul eingeflogen ist und warum"},"content":{"rendered":"<p><img decoding=\"async\" src=\"https:\/\/now-news.de\/de\/wp-content\/uploads\/sites\/3\/2025\/05\/6825a46fb480cc116332ffdb.jpg\" \/><\/p>\n<div class=\"Text-root Text-type_1 \">\n                Am sp\u00e4ten Abend des 14. Mai ist die Zusammensetzung der Delegation von Unterh\u00e4ndlern der russischen Seite bekannt gegeben worden, w\u00e4hrend Kiew die Teilnehmer seiner Expertengruppe noch nicht angek\u00fcndigt hat. Die Zeitung &#8220;Wedomosti&#8221; hat Experten \u00fcber die Perspektiven der m\u00f6glichen Gespr\u00e4che befragt.\n            <\/div>\n<p><\/p>\n<div class=\"Text-root Text-type_5 ArticleView-text ViewText-root \">\n<p>Am fr\u00fchen Donnerstagmorgen ist die russische Delegation in Istanbul eingetroffen, wie Maria Sacharowa, Pressesprecherin des russischen Au\u00dfenministeriums, mitgeteilt hat. Gestern Abend hielt der russische Pr\u00e4sident Wladimir Putin eine Sitzung zur Vorbereitung der bevorstehenden Verhandlungen mit der ukrainischen Seite ab, erkl\u00e4rte sein Pressesprecher Dmitri Peskow.<\/p>\n<p>Auch am Mittwochabend <a rel=\"nofollow noopener\" target=\"_blank\" href=\"http:\/\/www.kremlin.ru\/events\/president\/news\/76923\">hat<\/a> der Kreml die Liste der Mitglieder der Delegation ver\u00f6ffentlicht. So wird die Delegation wie im Jahr 2022 vom ehemaligen russischen Kulturminister und seit f\u00fcnf Jahren Berater des russischen Pr\u00e4sidenten, Wladimir Medinski, der selbst aus der Ukraine stammt, geleitet.\u00a0<\/p>\n<p>Neben Medinski findet sich auf der von Putin genehmigten Liste ein weiterer Teilnehmer des Treffens vor drei Jahren \u2013 der stellvertretende Verteidigungsminister Alexander Fomin. Das Au\u00dfenministerium wird bei den aktuellen Gespr\u00e4chen durch den stellvertretenden Minister Michail Galusin vertreten. Der Delegation geh\u00f6rt auch der Leiter der Hauptdirektion des Generalstabs der Streitkr\u00e4fte, Igor Kostjukow, an.<\/p>\n<p>Au\u00dferdem geh\u00f6ren zur russischen Expertengruppe Wiktor Schewzow, stellvertretender Leiter der Hauptdirektion f\u00fcr internationale milit\u00e4rische Zusammenarbeit des Verteidigungsministeriums, Alexei Polischtschuk, Direktor der zweiten GUS-Abteilung des Au\u00dfenministeriums, der in Charkow geborene Generalmajor Alexander Sorin, erster stellvertretender Leiter der Informationsabteilung, und Jelena Podobrejewskaja, stellvertretende Leiterin der Pr\u00e4sidialdirektion f\u00fcr staatliche Politik im humanit\u00e4ren Bereich, vom Generalstab.<\/p>\n<p>Aus der ver\u00f6ffentlichten Zusammensetzung der Delegation gehe hervor, dass Moskau auf die Agenda der Istanbuler Gespr\u00e4che aus dem Jahr 2022 dr\u00e4nge, so Fjodor Lukjanow, Chefredakteur der Zeitschrift <em>Russia in Global Affairs<\/em>, Vorsitzender des Pr\u00e4sidiums des Rates f\u00fcr Au\u00dfen- und Verteidigungspolitik, gegen\u00fcber dem Blatt.<\/p>\n<p>Er weist aber auf &#8220;die st\u00e4rkere Vertretung der Milit\u00e4rs&#8221; in der aktuellen Delegation, denn dies sei &#8220;ein Tribut an die vergangenen drei Jahre&#8221; des Krieges. Diese Leute seien diejenigen, &#8220;die f\u00fcr die &#8216;ver\u00e4nderten Realit\u00e4ten vor Ort&#8217; gesorgt haben&#8221;, so der Experte.\u00a0&#8220;Der Schwerpunkt liegt jedoch erneut nicht auf der territorialen Frage, sondern auf dem milit\u00e4risch-politischen Status und einem umfassenden Verst\u00e4ndnis von Sicherheit.&#8221;<\/p>\n<p><strong>Warum Putin nicht nach Istanbul reist<\/strong><\/p>\n<p>In den vergangenen Tagen wurde in den Medien die M\u00f6glichkeit eines Besuchs von Putin in der T\u00fcrkei diskutiert, da der ukrainische Pr\u00e4sident Wladimir Selenskij auf das Gespr\u00e4chsangebot des russischen Staatschefs vom 11. Mai antwortete, dass er mit ihm pers\u00f6nlich sprechen wolle.<\/p>\n<p>Brasiliens Pr\u00e4sident In\u00e1cio Lula da Silva, der Moskau am 9. Mai besucht hatte, erkl\u00e4rte am Mittwochmorgen w\u00e4hrend seines Besuchs in Peking, er werde bei seinem R\u00fcckweg aus China einen Zwischenstopp in der russischen Hauptstadt einlegen und versuchen, mit Putin zu sprechen. &#8220;Es kostet mich nichts zu sagen: &#8216;Hey, Genosse Putin, fahr nach Istanbul und verhandle verdammt noch mal'&#8221;, sagte der brasilianische Pr\u00e4sident.\u00a0<\/p>\n<p>Im Februar 2022 seien die Verhandlungsteams Russlands und der Ukraine in Wei\u00dfrussland erst am Tag des Treffens bekannt gemacht worden, betont Nikolai Silajew, leitender Wissenschaftler am Zentrum f\u00fcr Kaukasusprobleme am MGIMO-Institut und einer der Teilnehmer an den Gespr\u00e4chen \u00fcber das Minsker Abkommen, gegen\u00fcber der Zeitung <em>Wedomosti<\/em>.<\/p>\n<p>Er erkl\u00e4rt auch, dass der russisch-ukrainische Gipfel heute in Istanbul, im Gegensatz zu dem im Jahr 2022, keinen praktischen Sinn haben w\u00fcrde. Ein solches Treffen w\u00e4re nur f\u00fcr Selenskij pers\u00f6nlich wegen des Medienrummels wichtig.<\/p>\n<p>&#8220;Nach der Paraphierung der Abkommen in Istanbul im Jahr 2022 war das Treffen zwischen Putin und Selenskij logisch, um fertige, paraphierte Dokumente durch die Delegationen beider L\u00e4nder zu unterzeichnen. Jetzt sind solche Dokumente nicht vorbereitet worden&#8221;, betont Silajew.<\/p>\n<p><strong>Kiews Delegation<\/strong><\/p>\n<p>Die ukrainische Seite hat die Zusammensetzung ihrer Unterh\u00e4ndler in Istanbul noch nicht angek\u00fcndigt. Selenskij, der zuerst die M\u00f6glichkeit von Gespr\u00e4chen mit irgendjemandem in der T\u00fcrkei au\u00dfer Putin verneinte, erkl\u00e4rte sp\u00e4ter, er werde am Tag der Gespr\u00e4che zun\u00e4chst\u00a0in die T\u00fcrkei fliegen, um sich mit dem t\u00fcrkischen Pr\u00e4sidenten Recep Tayyip Erdo\u011fan zu treffen. Aber nicht nach Istanbul, sondern in die Hauptstadt des Landes, nach Ankara.<\/p>\n<p>Silajew merkt an, dass Selenskij, je n\u00e4her der 15. Mai r\u00fcckte, zu erkennen begonnen habe, dass Putin nicht an dem Treffen mit ihm teilnehmen w\u00fcrde. Und um zu verhindern, dass Selenskij sein Gesicht verliere, habe Erdo\u011fan ihm ein Treffen in Ankara angeboten.<\/p>\n<p>Nach Angaben des ukrainischen Rundfunks <em>NV <\/em>planten der Leiter der ukrainischen Pr\u00e4sidialverwaltung, Andrei Jermak, der ukrainische Verteidigungsminister Rustem Umerow, der diplomatische Berater des Pr\u00e4sidenten, Igor Schowkwa, und Au\u00dfenminister Andrei Sibiga, der sich bereits im Land befindet, eine Reise in die T\u00fcrkei.\u00a0<\/p>\n<p>Lukjanow ist der Ansicht, nach der Zusammensetzung der ukrainischen Delegation werde es m\u00f6glich sein, zu beurteilen, ob Kiew bereit sei, zur Tagesordnung von vor drei Jahren zur\u00fcckzukehren. Gleichzeitig betont der Experte, dass die \u00f6ffentlichen Erkl\u00e4rungen der ukrainischen Beh\u00f6rden bisher gezeigt h\u00e4tten, dass sie nicht bereit seien.<\/p>\n<p><strong>US-Delegation<\/strong><\/p>\n<p>Die einzige Partei, die im Voraus bekannt gegeben hat, wer Washington vertreten wird, sind die USA. US-Au\u00dfenminister Marco Rubio, Trumps Sondergesandter Steve Witkoff (spezialisiert auf Kontakte zu Russland) und Keith Kellogg, ein weiterer Sondergesandter des US-Pr\u00e4sidenten, werden nach Istanbul reisen.\u00a0<\/p>\n<p>Gestern wurde berichtet, dass Rubio zu einem informellen Treffen der NATO-Au\u00dfenminister in Antalya eingetroffen sei.<\/p>\n<p>Witkoff, der Trump auf seiner Nahostreise begleitet, hat in der katarischen Hauptstadt Doha klargestellt, dass er und Rubio erst am Freitag, dem 16. Mai, nach Istanbul reisen werden.<\/p>\n<p>US-Pr\u00e4sident Donald Trump, der am 14. Mai einen Besuch in Saudi-Arabien abschloss, hat wiederholt die M\u00f6glichkeit eines Besuchs in der T\u00fcrkei nicht ausgeschlossen.\u00a0<\/p>\n<p>Er hat einger\u00e4umt, dass er am Freitag, den 16. Mai, nach Istanbul kommen werde, wenn es Fortschritte bei den Gespr\u00e4chen zwischen Moskau und Kiew g\u00e4be, berichtet die\u00a0<em>BBC<\/em>. &#8220;Der unverbindliche Status als Beobachter statt Vermittler&#8221; habe es Washington erlaubt, im Gegensatz zu Moskau und Kiew, die Teilnehmer der US-Delegation im Voraus bekannt zu geben, so Silajew.<\/p>\n<p>Laut Lukjanow sei das Interessanteste jetzt die Reaktion der USA: Trump k\u00f6nnte sagen, dass alles gut laufe, dass die Parteien zu direkten Verhandlungen gekommen seien und dass das alles ihm zu verdanken sei. Oder er k\u00f6nne \u2013 entweder selbst oder durch seine Vertreter \u2013 seine Entt\u00e4uschung \u00fcber das Niveau der russischen Vertretung in Istanbul zum Ausdruck bringen. &#8220;Obwohl Moskau den Amerikanern im Allgemeinen mitteilt, dass es auf hohem Niveau bereit ist, mit ihnen zu sprechen, gilt dies nicht f\u00fcr die Ukraine. Der Schritt ist getan, es bleibt, auf den Gegenzug zu warten&#8221;, fasst Lukjanow zusammen.<\/p>\n<p><strong>Mehr zum Thema \u2013 <\/strong><a rel=\"nofollow noopener\" target=\"_blank\" href=\"https:\/\/freedert.online\/europa\/244981-selenskij-behauptet-verbot-von-verhandlungen\/\">Selenskij behauptet: Verbot von Verhandlungen mit Russland gilt nicht f\u00fcr ihn<\/a><\/p>\n<div class=\"EmbedBlock-root EmbedBlock-externalVideo EmbedBlock-rumble\">\n<div class=\"VkEmbed\"><iframe class=\"lazyload\" data-src=\"https:\/\/rumble.com\/embed\/v6r6ymh\" frameborder=\"0\" width=\"853\" height=\"480\" allowfullscreen><\/iframe><\/div>\n<\/div>\n<\/div>\n<p><br \/>\n<br \/><a href=\"https:\/\/de.rt.com\/asien\/245013-ukraine-konflikt-wer-und-warum\/\">Source link <\/a><\/p>\n","protected":false},"excerpt":{"rendered":"<p>Am sp\u00e4ten Abend des 14. Mai ist die Zusammensetzung der Delegation von Unterh\u00e4ndlern der russischen Seite bekannt gegeben worden, w\u00e4hrend Kiew die Teilnehmer seiner Expertengruppe noch nicht angek\u00fcndigt hat. Die Zeitung &#8220;Wedomosti&#8221; hat Experten \u00fcber die Perspektiven der m\u00f6glichen Gespr\u00e4che befragt. Am fr\u00fchen Donnerstagmorgen ist die russische Delegation in Istanbul eingetroffen, wie Maria Sacharowa, Pressesprecherin [&hellip;]<\/p>\n","protected":false},"author":3,"featured_media":83806,"comment_status":"open","ping_status":"open","sticky":false,"template":"","format":"standard","meta":{"_yoast_indexnow_last_ping":["1747304055"],"wp_automatic_camp":["217"],"19edaff33d3a7c43fa58c88806f8615a":["Ukraine-Konflikt: Wer zu Gespr\u00e4chen in Istanbul eingeflogen ist und warum"],"original_link":["https:\/\/de.rt.com\/asien\/245013-ukraine-konflikt-wer-und-warum\/"],"_thumbnail_id":["83806"],"jnews_social_counter_last_update":["1777282191"],"_wptgpro_p2tg_sent2tg":["a:1:{i:23737;s:19:\"2025-05-15 12:15:25\";}"]},"categories":[19,23],"tags":[64967,999,414,27964,1173,140,1289,8965],"yoast_head":"<!-- This site is optimized with the Yoast SEO Premium plugin v22.7 (Yoast SEO v22.7) - https:\/\/yoast.com\/wordpress\/plugins\/seo\/ -->\n<title>Ukraine-Konflikt: Wer zu Gespr\u00e4chen in Istanbul eingeflogen ist und warum - just-now.NEWS Deutschland<\/title>\n<meta name=\"robots\" content=\"index, follow, max-snippet:-1, max-image-preview:large, max-video-preview:-1\" \/>\n<link rel=\"canonical\" href=\"https:\/\/now-news.de\/de\/deutschland\/ukraine-konflikt-wer-zu-gespraechen-in-istanbul-eingeflogen-ist-und-warum\/\" \/>\n<meta property=\"og:locale\" content=\"de_DE\" \/>\n<meta property=\"og:type\" content=\"article\" \/>\n<meta property=\"og:title\" content=\"Ukraine-Konflikt: Wer zu Gespr\u00e4chen in Istanbul eingeflogen ist und warum\" \/>\n<meta property=\"og:description\" content=\"Am sp\u00e4ten Abend des 14. Mai ist die Zusammensetzung der Delegation von Unterh\u00e4ndlern der russischen Seite bekannt gegeben worden, w\u00e4hrend Kiew die Teilnehmer seiner Expertengruppe noch nicht angek\u00fcndigt hat. Die Zeitung &#8220;Wedomosti&#8221; hat Experten \u00fcber die Perspektiven der m\u00f6glichen Gespr\u00e4che befragt. Am fr\u00fchen Donnerstagmorgen ist die russische Delegation in Istanbul eingetroffen, wie Maria Sacharowa, Pressesprecherin [&hellip;]\" \/>\n<meta property=\"og:url\" content=\"https:\/\/now-news.de\/de\/deutschland\/ukraine-konflikt-wer-zu-gespraechen-in-istanbul-eingeflogen-ist-und-warum\/\" \/>\n<meta property=\"og:site_name\" content=\"just-now.NEWS Deutschland\" \/>\n<meta property=\"article:publisher\" content=\"https:\/\/www.facebook.com\/wirmachenauf\" \/>\n<meta property=\"article:published_time\" content=\"2025-05-15T09:59:09+00:00\" \/>\n<meta property=\"og:image\" content=\"https:\/\/now-news.de\/de\/wp-content\/uploads\/sites\/3\/2025\/05\/6825a46fb480cc116332ffdb.jpg\" \/>\n<meta name=\"author\" content=\"rtnews\" \/>\n<meta name=\"twitter:card\" content=\"summary_large_image\" \/>\n<meta name=\"twitter:creator\" content=\"@WirMachenAuf_de\" \/>\n<meta name=\"twitter:site\" content=\"@WirMachenAuf_de\" \/>\n<meta name=\"twitter:label1\" content=\"Verfasst von\" \/>\n\t<meta name=\"twitter:data1\" content=\"rtnews\" \/>\n\t<meta name=\"twitter:label2\" content=\"Gesch\u00e4tzte Lesezeit\" \/>\n\t<meta name=\"twitter:data2\" content=\"6\u00a0Minuten\" \/>\n<script type=\"application\/ld+json\" class=\"yoast-schema-graph\">{\"@context\":\"https:\/\/schema.org\",\"@graph\":[{\"@type\":\"Article\",\"@id\":\"https:\/\/now-news.de\/de\/deutschland\/ukraine-konflikt-wer-zu-gespraechen-in-istanbul-eingeflogen-ist-und-warum\/#article\",\"isPartOf\":{\"@id\":\"https:\/\/now-news.de\/de\/deutschland\/ukraine-konflikt-wer-zu-gespraechen-in-istanbul-eingeflogen-ist-und-warum\/\"},\"author\":{\"name\":\"rtnews\",\"@id\":\"https:\/\/now-news.de\/de\/#\/schema\/person\/fb534a4e865501d8b3285208df34a9b5\"},\"headline\":\"Ukraine-Konflikt: Wer zu Gespr\u00e4chen in Istanbul eingeflogen ist und warum\",\"datePublished\":\"2025-05-15T09:59:09+00:00\",\"dateModified\":\"2025-05-15T09:59:09+00:00\",\"mainEntityOfPage\":{\"@id\":\"https:\/\/now-news.de\/de\/deutschland\/ukraine-konflikt-wer-zu-gespraechen-in-istanbul-eingeflogen-ist-und-warum\/\"},\"wordCount\":1131,\"commentCount\":0,\"publisher\":{\"@id\":\"https:\/\/now-news.de\/de\/#organization\"},\"image\":{\"@id\":\"https:\/\/now-news.de\/de\/deutschland\/ukraine-konflikt-wer-zu-gespraechen-in-istanbul-eingeflogen-ist-und-warum\/#primaryimage\"},\"thumbnailUrl\":\"https:\/\/now-news.de\/de\/wp-content\/uploads\/sites\/3\/2025\/05\/Ukraine-Konflikt-Wer-zu-Gespraechen-in-Istanbul-eingeflogen-ist-und-warum.jpg\",\"keywords\":[\"eingeflogen\",\"Gespr\u00e4chen\",\"ist\",\"Istanbul\",\"UkraineKonflikt\",\"und\",\"Warum\",\"Wer\"],\"articleSection\":[\"Deutschland\",\"Russland\"],\"inLanguage\":\"de\",\"potentialAction\":[{\"@type\":\"CommentAction\",\"name\":\"Comment\",\"target\":[\"https:\/\/now-news.de\/de\/deutschland\/ukraine-konflikt-wer-zu-gespraechen-in-istanbul-eingeflogen-ist-und-warum\/#respond\"]}]},{\"@type\":\"WebPage\",\"@id\":\"https:\/\/now-news.de\/de\/deutschland\/ukraine-konflikt-wer-zu-gespraechen-in-istanbul-eingeflogen-ist-und-warum\/\",\"url\":\"https:\/\/now-news.de\/de\/deutschland\/ukraine-konflikt-wer-zu-gespraechen-in-istanbul-eingeflogen-ist-und-warum\/\",\"name\":\"Ukraine-Konflikt: Wer zu Gespr\u00e4chen in Istanbul eingeflogen ist und warum - just-now.NEWS Deutschland\",\"isPartOf\":{\"@id\":\"https:\/\/now-news.de\/de\/#website\"},\"primaryImageOfPage\":{\"@id\":\"https:\/\/now-news.de\/de\/deutschland\/ukraine-konflikt-wer-zu-gespraechen-in-istanbul-eingeflogen-ist-und-warum\/#primaryimage\"},\"image\":{\"@id\":\"https:\/\/now-news.de\/de\/deutschland\/ukraine-konflikt-wer-zu-gespraechen-in-istanbul-eingeflogen-ist-und-warum\/#primaryimage\"},\"thumbnailUrl\":\"https:\/\/now-news.de\/de\/wp-content\/uploads\/sites\/3\/2025\/05\/Ukraine-Konflikt-Wer-zu-Gespraechen-in-Istanbul-eingeflogen-ist-und-warum.jpg\",\"datePublished\":\"2025-05-15T09:59:09+00:00\",\"dateModified\":\"2025-05-15T09:59:09+00:00\",\"breadcrumb\":{\"@id\":\"https:\/\/now-news.de\/de\/deutschland\/ukraine-konflikt-wer-zu-gespraechen-in-istanbul-eingeflogen-ist-und-warum\/#breadcrumb\"},\"inLanguage\":\"de\",\"potentialAction\":[{\"@type\":\"ReadAction\",\"target\":[\"https:\/\/now-news.de\/de\/deutschland\/ukraine-konflikt-wer-zu-gespraechen-in-istanbul-eingeflogen-ist-und-warum\/\"]}]},{\"@type\":\"ImageObject\",\"inLanguage\":\"de\",\"@id\":\"https:\/\/now-news.de\/de\/deutschland\/ukraine-konflikt-wer-zu-gespraechen-in-istanbul-eingeflogen-ist-und-warum\/#primaryimage\",\"url\":\"https:\/\/now-news.de\/de\/wp-content\/uploads\/sites\/3\/2025\/05\/Ukraine-Konflikt-Wer-zu-Gespraechen-in-Istanbul-eingeflogen-ist-und-warum.jpg\",\"contentUrl\":\"https:\/\/now-news.de\/de\/wp-content\/uploads\/sites\/3\/2025\/05\/Ukraine-Konflikt-Wer-zu-Gespraechen-in-Istanbul-eingeflogen-ist-und-warum.jpg\",\"width\":460,\"height\":259,\"caption\":\"Ukraine-Konflikt: Wer zu Gespr\u00e4chen in Istanbul eingeflogen ist und warum\"},{\"@type\":\"BreadcrumbList\",\"@id\":\"https:\/\/now-news.de\/de\/deutschland\/ukraine-konflikt-wer-zu-gespraechen-in-istanbul-eingeflogen-ist-und-warum\/#breadcrumb\",\"itemListElement\":[{\"@type\":\"ListItem\",\"position\":1,\"name\":\"Home\",\"item\":\"https:\/\/now-news.de\/de\/\"},{\"@type\":\"ListItem\",\"position\":2,\"name\":\"Ukraine-Konflikt: Wer zu Gespr\u00e4chen in Istanbul eingeflogen ist und warum\"}]},{\"@type\":\"WebSite\",\"@id\":\"https:\/\/now-news.de\/de\/#website\",\"url\":\"https:\/\/now-news.de\/de\/\",\"name\":\"just-now.NEWS Deutschland\",\"description\":\"Das Portal f\u00fcr unzensierte Nachrichten aus der Welt\",\"publisher\":{\"@id\":\"https:\/\/now-news.de\/de\/#organization\"},\"potentialAction\":[{\"@type\":\"SearchAction\",\"target\":{\"@type\":\"EntryPoint\",\"urlTemplate\":\"https:\/\/now-news.de\/de\/?s={search_term_string}\"},\"query-input\":\"required name=search_term_string\"}],\"inLanguage\":\"de\"},{\"@type\":\"Organization\",\"@id\":\"https:\/\/now-news.de\/de\/#organization\",\"name\":\"Just Now News\",\"url\":\"https:\/\/now-news.de\/de\/\",\"logo\":{\"@type\":\"ImageObject\",\"inLanguage\":\"de\",\"@id\":\"https:\/\/now-news.de\/de\/#\/schema\/logo\/image\/\",\"url\":\"http:\/\/just-now.news\/de\/wp-content\/uploads\/sites\/3\/2022\/04\/logo500x500.jpg\",\"contentUrl\":\"http:\/\/just-now.news\/de\/wp-content\/uploads\/sites\/3\/2022\/04\/logo500x500.jpg\",\"width\":500,\"height\":500,\"caption\":\"Just Now News\"},\"image\":{\"@id\":\"https:\/\/now-news.de\/de\/#\/schema\/logo\/image\/\"},\"sameAs\":[\"https:\/\/www.facebook.com\/wirmachenauf\",\"https:\/\/x.com\/WirMachenAuf_de\"]},{\"@type\":\"Person\",\"@id\":\"https:\/\/now-news.de\/de\/#\/schema\/person\/fb534a4e865501d8b3285208df34a9b5\",\"name\":\"rtnews\",\"image\":{\"@type\":\"ImageObject\",\"inLanguage\":\"de\",\"@id\":\"https:\/\/now-news.de\/de\/#\/schema\/person\/image\/\",\"url\":\"https:\/\/secure.gravatar.com\/avatar\/82aafea7d8127119dd649515f56e2117?s=96&d=mm&r=g\",\"contentUrl\":\"https:\/\/secure.gravatar.com\/avatar\/82aafea7d8127119dd649515f56e2117?s=96&d=mm&r=g\",\"caption\":\"rtnews\"},\"url\":\"https:\/\/now-news.de\/de\/author\/rnews\/\"}]}<\/script>\n<!-- \/ Yoast SEO Premium plugin. -->","yoast_head_json":{"title":"Ukraine-Konflikt: Wer zu Gespr\u00e4chen in Istanbul eingeflogen ist und warum - just-now.NEWS Deutschland","robots":{"index":"index","follow":"follow","max-snippet":"max-snippet:-1","max-image-preview":"max-image-preview:large","max-video-preview":"max-video-preview:-1"},"canonical":"https:\/\/now-news.de\/de\/deutschland\/ukraine-konflikt-wer-zu-gespraechen-in-istanbul-eingeflogen-ist-und-warum\/","og_locale":"de_DE","og_type":"article","og_title":"Ukraine-Konflikt: Wer zu Gespr\u00e4chen in Istanbul eingeflogen ist und warum","og_description":"Am sp\u00e4ten Abend des 14. Mai ist die Zusammensetzung der Delegation von Unterh\u00e4ndlern der russischen Seite bekannt gegeben worden, w\u00e4hrend Kiew die Teilnehmer seiner Expertengruppe noch nicht angek\u00fcndigt hat. Die Zeitung &#8220;Wedomosti&#8221; hat Experten \u00fcber die Perspektiven der m\u00f6glichen Gespr\u00e4che befragt. Am fr\u00fchen Donnerstagmorgen ist die russische Delegation in Istanbul eingetroffen, wie Maria Sacharowa, Pressesprecherin [&hellip;]","og_url":"https:\/\/now-news.de\/de\/deutschland\/ukraine-konflikt-wer-zu-gespraechen-in-istanbul-eingeflogen-ist-und-warum\/","og_site_name":"just-now.NEWS Deutschland","article_publisher":"https:\/\/www.facebook.com\/wirmachenauf","article_published_time":"2025-05-15T09:59:09+00:00","og_image":[{"url":"https:\/\/now-news.de\/de\/wp-content\/uploads\/sites\/3\/2025\/05\/6825a46fb480cc116332ffdb.jpg"}],"author":"rtnews","twitter_card":"summary_large_image","twitter_creator":"@WirMachenAuf_de","twitter_site":"@WirMachenAuf_de","twitter_misc":{"Verfasst von":"rtnews","Gesch\u00e4tzte Lesezeit":"6\u00a0Minuten"},"schema":{"@context":"https:\/\/schema.org","@graph":[{"@type":"Article","@id":"https:\/\/now-news.de\/de\/deutschland\/ukraine-konflikt-wer-zu-gespraechen-in-istanbul-eingeflogen-ist-und-warum\/#article","isPartOf":{"@id":"https:\/\/now-news.de\/de\/deutschland\/ukraine-konflikt-wer-zu-gespraechen-in-istanbul-eingeflogen-ist-und-warum\/"},"author":{"name":"rtnews","@id":"https:\/\/now-news.de\/de\/#\/schema\/person\/fb534a4e865501d8b3285208df34a9b5"},"headline":"Ukraine-Konflikt: Wer zu Gespr\u00e4chen in Istanbul eingeflogen ist und warum","datePublished":"2025-05-15T09:59:09+00:00","dateModified":"2025-05-15T09:59:09+00:00","mainEntityOfPage":{"@id":"https:\/\/now-news.de\/de\/deutschland\/ukraine-konflikt-wer-zu-gespraechen-in-istanbul-eingeflogen-ist-und-warum\/"},"wordCount":1131,"commentCount":0,"publisher":{"@id":"https:\/\/now-news.de\/de\/#organization"},"image":{"@id":"https:\/\/now-news.de\/de\/deutschland\/ukraine-konflikt-wer-zu-gespraechen-in-istanbul-eingeflogen-ist-und-warum\/#primaryimage"},"thumbnailUrl":"https:\/\/now-news.de\/de\/wp-content\/uploads\/sites\/3\/2025\/05\/Ukraine-Konflikt-Wer-zu-Gespraechen-in-Istanbul-eingeflogen-ist-und-warum.jpg","keywords":["eingeflogen","Gespr\u00e4chen","ist","Istanbul","UkraineKonflikt","und","Warum","Wer"],"articleSection":["Deutschland","Russland"],"inLanguage":"de","potentialAction":[{"@type":"CommentAction","name":"Comment","target":["https:\/\/now-news.de\/de\/deutschland\/ukraine-konflikt-wer-zu-gespraechen-in-istanbul-eingeflogen-ist-und-warum\/#respond"]}]},{"@type":"WebPage","@id":"https:\/\/now-news.de\/de\/deutschland\/ukraine-konflikt-wer-zu-gespraechen-in-istanbul-eingeflogen-ist-und-warum\/","url":"https:\/\/now-news.de\/de\/deutschland\/ukraine-konflikt-wer-zu-gespraechen-in-istanbul-eingeflogen-ist-und-warum\/","name":"Ukraine-Konflikt: Wer zu Gespr\u00e4chen in Istanbul eingeflogen ist und warum - just-now.NEWS Deutschland","isPartOf":{"@id":"https:\/\/now-news.de\/de\/#website"},"primaryImageOfPage":{"@id":"https:\/\/now-news.de\/de\/deutschland\/ukraine-konflikt-wer-zu-gespraechen-in-istanbul-eingeflogen-ist-und-warum\/#primaryimage"},"image":{"@id":"https:\/\/now-news.de\/de\/deutschland\/ukraine-konflikt-wer-zu-gespraechen-in-istanbul-eingeflogen-ist-und-warum\/#primaryimage"},"thumbnailUrl":"https:\/\/now-news.de\/de\/wp-content\/uploads\/sites\/3\/2025\/05\/Ukraine-Konflikt-Wer-zu-Gespraechen-in-Istanbul-eingeflogen-ist-und-warum.jpg","datePublished":"2025-05-15T09:59:09+00:00","dateModified":"2025-05-15T09:59:09+00:00","breadcrumb":{"@id":"https:\/\/now-news.de\/de\/deutschland\/ukraine-konflikt-wer-zu-gespraechen-in-istanbul-eingeflogen-ist-und-warum\/#breadcrumb"},"inLanguage":"de","potentialAction":[{"@type":"ReadAction","target":["https:\/\/now-news.de\/de\/deutschland\/ukraine-konflikt-wer-zu-gespraechen-in-istanbul-eingeflogen-ist-und-warum\/"]}]},{"@type":"ImageObject","inLanguage":"de","@id":"https:\/\/now-news.de\/de\/deutschland\/ukraine-konflikt-wer-zu-gespraechen-in-istanbul-eingeflogen-ist-und-warum\/#primaryimage","url":"https:\/\/now-news.de\/de\/wp-content\/uploads\/sites\/3\/2025\/05\/Ukraine-Konflikt-Wer-zu-Gespraechen-in-Istanbul-eingeflogen-ist-und-warum.jpg","contentUrl":"https:\/\/now-news.de\/de\/wp-content\/uploads\/sites\/3\/2025\/05\/Ukraine-Konflikt-Wer-zu-Gespraechen-in-Istanbul-eingeflogen-ist-und-warum.jpg","width":460,"height":259,"caption":"Ukraine-Konflikt: Wer zu Gespr\u00e4chen in Istanbul eingeflogen ist und warum"},{"@type":"BreadcrumbList","@id":"https:\/\/now-news.de\/de\/deutschland\/ukraine-konflikt-wer-zu-gespraechen-in-istanbul-eingeflogen-ist-und-warum\/#breadcrumb","itemListElement":[{"@type":"ListItem","position":1,"name":"Home","item":"https:\/\/now-news.de\/de\/"},{"@type":"ListItem","position":2,"name":"Ukraine-Konflikt: Wer zu Gespr\u00e4chen in Istanbul eingeflogen ist und warum"}]},{"@type":"WebSite","@id":"https:\/\/now-news.de\/de\/#website","url":"https:\/\/now-news.de\/de\/","name":"just-now.NEWS Deutschland","description":"Das Portal f\u00fcr unzensierte Nachrichten aus der Welt","publisher":{"@id":"https:\/\/now-news.de\/de\/#organization"},"potentialAction":[{"@type":"SearchAction","target":{"@type":"EntryPoint","urlTemplate":"https:\/\/now-news.de\/de\/?s={search_term_string}"},"query-input":"required name=search_term_string"}],"inLanguage":"de"},{"@type":"Organization","@id":"https:\/\/now-news.de\/de\/#organization","name":"Just Now News","url":"https:\/\/now-news.de\/de\/","logo":{"@type":"ImageObject","inLanguage":"de","@id":"https:\/\/now-news.de\/de\/#\/schema\/logo\/image\/","url":"http:\/\/just-now.news\/de\/wp-content\/uploads\/sites\/3\/2022\/04\/logo500x500.jpg","contentUrl":"http:\/\/just-now.news\/de\/wp-content\/uploads\/sites\/3\/2022\/04\/logo500x500.jpg","width":500,"height":500,"caption":"Just Now News"},"image":{"@id":"https:\/\/now-news.de\/de\/#\/schema\/logo\/image\/"},"sameAs":["https:\/\/www.facebook.com\/wirmachenauf","https:\/\/x.com\/WirMachenAuf_de"]},{"@type":"Person","@id":"https:\/\/now-news.de\/de\/#\/schema\/person\/fb534a4e865501d8b3285208df34a9b5","name":"rtnews","image":{"@type":"ImageObject","inLanguage":"de","@id":"https:\/\/now-news.de\/de\/#\/schema\/person\/image\/","url":"https:\/\/secure.gravatar.com\/avatar\/82aafea7d8127119dd649515f56e2117?s=96&d=mm&r=g","contentUrl":"https:\/\/secure.gravatar.com\/avatar\/82aafea7d8127119dd649515f56e2117?s=96&d=mm&r=g","caption":"rtnews"},"url":"https:\/\/now-news.de\/de\/author\/rnews\/"}]}},"_links":{"self":[{"href":"https:\/\/now-news.de\/de\/wp-json\/wp\/v2\/posts\/83805"}],"collection":[{"href":"https:\/\/now-news.de\/de\/wp-json\/wp\/v2\/posts"}],"about":[{"href":"https:\/\/now-news.de\/de\/wp-json\/wp\/v2\/types\/post"}],"author":[{"embeddable":true,"href":"https:\/\/now-news.de\/de\/wp-json\/wp\/v2\/users\/3"}],"replies":[{"embeddable":true,"href":"https:\/\/now-news.de\/de\/wp-json\/wp\/v2\/comments?post=83805"}],"version-history":[{"count":0,"href":"https:\/\/now-news.de\/de\/wp-json\/wp\/v2\/posts\/83805\/revisions"}],"wp:featuredmedia":[{"embeddable":true,"href":"https:\/\/now-news.de\/de\/wp-json\/wp\/v2\/media\/83806"}],"wp:attachment":[{"href":"https:\/\/now-news.de\/de\/wp-json\/wp\/v2\/media?parent=83805"}],"wp:term":[{"taxonomy":"category","embeddable":true,"href":"https:\/\/now-news.de\/de\/wp-json\/wp\/v2\/categories?post=83805"},{"taxonomy":"post_tag","embeddable":true,"href":"https:\/\/now-news.de\/de\/wp-json\/wp\/v2\/tags?post=83805"}],"curies":[{"name":"wp","href":"https:\/\/api.w.org\/{rel}","templated":true}]}}