{"id":83756,"date":"2025-05-14T16:45:51","date_gmt":"2025-05-14T14:45:51","guid":{"rendered":"https:\/\/now-news.de\/de\/deutschland\/kim-jong-un-inspiziert-spezialkraefte-soldaten-muessen-immer-kampfbereit-sein\/"},"modified":"2025-05-14T16:45:51","modified_gmt":"2025-05-14T14:45:51","slug":"kim-jong-un-inspiziert-spezialkraefte-soldaten-muessen-immer-kampfbereit-sein","status":"publish","type":"post","link":"https:\/\/now-news.de\/de\/deutschland\/kim-jong-un-inspiziert-spezialkraefte-soldaten-muessen-immer-kampfbereit-sein\/","title":{"rendered":"Kim Jong-un inspiziert Spezialkr\u00e4fte: Soldaten m\u00fcssen immer kampfbereit sein"},"content":{"rendered":"<p><img decoding=\"async\" src=\"https:\/\/now-news.de\/de\/wp-content\/uploads\/sites\/3\/2025\/05\/682473fcb480cc0ec46d196d.jpg\" \/><\/p>\n<div class=\"Text-root Text-type_1 \">\n                In der DVRK vergeht kaum eine Woche ohne Milit\u00e4r\u00fcbungen. Am Dienstag haben Spezialkr\u00e4fte und Panzerfahrer der Koreanischen Volksarmee dem Oberbefehlshaber Kim Jong-un ihr K\u00f6nnen gezeigt. Kim will Inhalt und Form der Ert\u00fcchtigung an die moderne Zeit anpassen.\n            <\/div>\n<p><\/p>\n<div class=\"Text-root Text-type_5 ArticleView-text ViewText-root \">\n<p>In der Demokratischen Volksrepublik Korea (DVRK) haben am Dienstag\u00a0spektakul\u00e4re Milit\u00e4r\u00fcbungen stattgefunden. An den Man\u00f6vern beteiligten sich Spezialeinheiten der Koreanischen Volksarmee. Zusammen mit Panzereinheiten simulierten sie eine Offensive und f\u00fchrten somit dem Oberbefehlshaber Kim Jong-un ihr K\u00f6nnen vor.<\/p>\n<p>Der Staatschef der DVRK <a rel=\"nofollow noopener\" target=\"_blank\" href=\"http:\/\/www.kcna.kp\/en\/article\/q\/29c82a6649f5b399c73d0603b2f7917e.kcmsf\">inspizierte<\/a> w\u00e4hrend seines Besuchs eine Trainingsbasis und stellte fest, dass diese \u00fcber alle notwendigen Bedingungen f\u00fcr die Kampfausbildung verf\u00fcge. Dar\u00fcber hinaus lie\u00df sich Kim \u00fcber den Inhalt, die Form und die Methode der milit\u00e4rischen Ert\u00fcchtigung informieren. Dabei schlug er einige \u00c4nderungen vor. Dem Oberbefehlshaber zufolge sollten die Kampf\u00fcbungen so organisiert werden, dass sie Initiative, Selbstst\u00e4ndigkeit und Kreativit\u00e4t der Kommandeure f\u00f6rderten. Die Soldaten sollten jederzeit kampfbereit sein und Gefechte gewinnen k\u00f6nnen. Kim wurde von der Nachrichtenagentur <em>KCNA<\/em> mit den Worten zitiert:<\/p>\n<blockquote>\n<p><em>&#8220;Die moderne Kriegsf\u00fchrung ist ein Kr\u00e4ftemessen zwischen den milit\u00e4rischen Begabungen und ein Gefecht zwischen den Gehirnen der Kommandeure.&#8221;<\/em><\/p>\n<\/blockquote>\n<p>Am Dienstag teilten \u00f6rtliche Medien Fotos der \u00dcbungen. Auf den Aufnahmen waren Kim und mehrere hochrangige Milit\u00e4rs zu sehen.<\/p>\n<div class=\"EmbedBlock-root EmbedBlock-twitter\">\n<div class=\"TwitterEmbed\">\n<blockquote class=\"twitter-tweet lazyload\" data-twitter=\"twitter-tweet\">\n<p lang=\"en\" dir=\"ltr\">\ud83c\uddf0\ud83c\uddf5 Kim Jong Un inspects combined Tactical Drill of different arms (KCNA) 1\/3 <a rel=\"nofollow noopener\" target=\"_blank\" href=\"https:\/\/t.co\/C0VRfGsqi7\">pic.twitter.com\/C0VRfGsqi7<\/a><\/p>\n<p>\u2014 MenchOsint (@MenchOsint) <a rel=\"nofollow noopener\" target=\"_blank\" href=\"https:\/\/twitter.com\/MenchOsint\/status\/1922408819595809060?ref_src=twsrc%5Etfw\">May 13, 2025<\/a><\/p><\/blockquote>\n<\/div>\n<\/div>\n<p>Wie auf den Fotos zu sehen war, gab es auch Schie\u00df\u00fcbungen, darunter auch f\u00fcr Scharfsch\u00fctzen. Die beteiligten Soldaten setzten Gewehre und Raketenwerfer ein.<\/p>\n<div class=\"EmbedBlock-root EmbedBlock-twitter\">\n<div class=\"TwitterEmbed\">\n<blockquote class=\"twitter-tweet lazyload\" data-twitter=\"twitter-tweet\" data-conversation=\"none\">\n<p lang=\"und\" dir=\"ltr\">2\/3 <a rel=\"nofollow noopener\" target=\"_blank\" href=\"https:\/\/t.co\/4GklFRk8Bu\">pic.twitter.com\/4GklFRk8Bu<\/a><\/p>\n<p>\u2014 MenchOsint (@MenchOsint) <a rel=\"nofollow noopener\" target=\"_blank\" href=\"https:\/\/twitter.com\/MenchOsint\/status\/1922408830673055848?ref_src=twsrc%5Etfw\">May 13, 2025<\/a><\/p><\/blockquote>\n<\/div>\n<\/div>\n<p>Im Rahmen der \u00dcbungen lie\u00dfen einige Soldaten auf ihren K\u00f6pfen Steine zerschlagen.<\/p>\n<div class=\"EmbedBlock-root EmbedBlock-twitter\">\n<div class=\"TwitterEmbed\">\n<blockquote class=\"twitter-tweet lazyload\" data-twitter=\"twitter-tweet\" data-conversation=\"none\">\n<p lang=\"qme\" dir=\"ltr\">\ud83d\ude42\u26cf\ufe0f <a rel=\"nofollow noopener\" target=\"_blank\" href=\"https:\/\/t.co\/8FDKOcOsxP\">pic.twitter.com\/8FDKOcOsxP<\/a><\/p>\n<p>\u2014 MenchOsint (@MenchOsint) <a rel=\"nofollow noopener\" target=\"_blank\" href=\"https:\/\/twitter.com\/MenchOsint\/status\/1922409020192608265?ref_src=twsrc%5Etfw\">May 13, 2025<\/a><\/p><\/blockquote>\n<\/div>\n<\/div>\n<p>Abschlie\u00dfend gab es ein gemeinsames Foto mit dem Staatschef. Kim zeigte sich sehr zufrieden und l\u00e4chelte in die Kamera.\u00a0\u00a0<\/p>\n<div class=\"EmbedBlock-root EmbedBlock-twitter\">\n<div class=\"TwitterEmbed\">\n<blockquote class=\"twitter-tweet lazyload\" data-twitter=\"twitter-tweet\" data-conversation=\"none\">\n<p lang=\"und\" dir=\"ltr\">3\/3 <a rel=\"nofollow noopener\" target=\"_blank\" href=\"https:\/\/t.co\/JwZhcx1y43\">pic.twitter.com\/JwZhcx1y43<\/a><\/p>\n<p>\u2014 MenchOsint (@MenchOsint) <a rel=\"nofollow noopener\" target=\"_blank\" href=\"https:\/\/twitter.com\/MenchOsint\/status\/1922408840709947740?ref_src=twsrc%5Etfw\">May 13, 2025<\/a><\/p><\/blockquote>\n<\/div>\n<\/div>\n<p>Vor einer Woche hatte Kim zwei f\u00fchrende R\u00fcstungsbetriebe inspiziert. Dort machte er sich mit der Herstellung von Geschossen und R\u00fcstungsg\u00fctern vertraut.<\/p>\n<p><strong>Mehr zum Thema<\/strong> &#8211; <a rel=\"nofollow noopener\" target=\"_blank\" href=\"https:\/\/freedert.online\/asien\/244070-kim-jong-un-besichtigt-panzerfabrik\/\">Kim Jong-un besichtigt Panzerfabrik: Kurs auf &#8220;zweite Revolution bei Panzerproduktion&#8221;<\/a><\/p>\n<\/div>\n<p><script async src=\"https:\/\/platform.twitter.com\/widgets.js\" charset=\"utf-8\"><\/script><br \/>\n<br \/><br \/>\n<br \/><a href=\"https:\/\/de.rt.com\/asien\/244924-kim-jong-un-beobachtet-ertuechtigung-von-spezialkraeften\/\">Source link <\/a><\/p>\n","protected":false},"excerpt":{"rendered":"<p>In der DVRK vergeht kaum eine Woche ohne Milit\u00e4r\u00fcbungen. Am Dienstag haben Spezialkr\u00e4fte und Panzerfahrer der Koreanischen Volksarmee dem Oberbefehlshaber Kim Jong-un ihr K\u00f6nnen gezeigt. Kim will Inhalt und Form der Ert\u00fcchtigung an die moderne Zeit anpassen. In der Demokratischen Volksrepublik Korea (DVRK) haben am Dienstag\u00a0spektakul\u00e4re Milit\u00e4r\u00fcbungen stattgefunden. An den Man\u00f6vern beteiligten sich Spezialeinheiten der [&hellip;]<\/p>\n","protected":false},"author":3,"featured_media":83757,"comment_status":"open","ping_status":"open","sticky":false,"template":"","format":"standard","meta":{"_yoast_indexnow_last_ping":["1747234631"],"wp_automatic_camp":["217"],"23b01408f1041fa8331047724a1d6a7b":["Kim Jong-un inspiziert Spezialkr\u00e4fte: Soldaten m\u00fcssen immer kampfbereit sein"],"original_link":["https:\/\/de.rt.com\/asien\/244924-kim-jong-un-beobachtet-ertuechtigung-von-spezialkraeften\/"],"_thumbnail_id":["83757"],"jnews_social_counter_last_update":["1777303109"],"_wptgpro_p2tg_sent2tg":["a:1:{i:23737;s:19:\"2025-05-14 16:58:26\";}"]},"categories":[19,23],"tags":[2062,25907,29532,64943,349,10623,3950,2333,47245],"yoast_head":"<!-- This site is optimized with the Yoast SEO Premium plugin v22.7 (Yoast SEO v22.7) - https:\/\/yoast.com\/wordpress\/plugins\/seo\/ -->\n<title>Kim Jong-un inspiziert Spezialkr\u00e4fte: Soldaten m\u00fcssen immer kampfbereit sein - just-now.NEWS Deutschland<\/title>\n<meta name=\"robots\" content=\"index, follow, max-snippet:-1, max-image-preview:large, max-video-preview:-1\" \/>\n<link rel=\"canonical\" href=\"https:\/\/now-news.de\/de\/deutschland\/kim-jong-un-inspiziert-spezialkraefte-soldaten-muessen-immer-kampfbereit-sein\/\" \/>\n<meta property=\"og:locale\" content=\"de_DE\" \/>\n<meta property=\"og:type\" content=\"article\" \/>\n<meta property=\"og:title\" content=\"Kim Jong-un inspiziert Spezialkr\u00e4fte: Soldaten m\u00fcssen immer kampfbereit sein\" \/>\n<meta property=\"og:description\" content=\"In der DVRK vergeht kaum eine Woche ohne Milit\u00e4r\u00fcbungen. Am Dienstag haben Spezialkr\u00e4fte und Panzerfahrer der Koreanischen Volksarmee dem Oberbefehlshaber Kim Jong-un ihr K\u00f6nnen gezeigt. Kim will Inhalt und Form der Ert\u00fcchtigung an die moderne Zeit anpassen. In der Demokratischen Volksrepublik Korea (DVRK) haben am Dienstag\u00a0spektakul\u00e4re Milit\u00e4r\u00fcbungen stattgefunden. An den Man\u00f6vern beteiligten sich Spezialeinheiten der [&hellip;]\" \/>\n<meta property=\"og:url\" content=\"https:\/\/now-news.de\/de\/deutschland\/kim-jong-un-inspiziert-spezialkraefte-soldaten-muessen-immer-kampfbereit-sein\/\" \/>\n<meta property=\"og:site_name\" content=\"just-now.NEWS Deutschland\" \/>\n<meta property=\"article:publisher\" content=\"https:\/\/www.facebook.com\/wirmachenauf\" \/>\n<meta property=\"article:published_time\" content=\"2025-05-14T14:45:51+00:00\" \/>\n<meta property=\"og:image\" content=\"https:\/\/now-news.de\/de\/wp-content\/uploads\/sites\/3\/2025\/05\/682473fcb480cc0ec46d196d.jpg\" \/>\n<meta name=\"author\" content=\"rtnews\" \/>\n<meta name=\"twitter:card\" content=\"summary_large_image\" \/>\n<meta name=\"twitter:creator\" content=\"@WirMachenAuf_de\" \/>\n<meta name=\"twitter:site\" content=\"@WirMachenAuf_de\" \/>\n<meta name=\"twitter:label1\" content=\"Verfasst von\" \/>\n\t<meta name=\"twitter:data1\" content=\"rtnews\" \/>\n\t<meta name=\"twitter:label2\" content=\"Gesch\u00e4tzte Lesezeit\" \/>\n\t<meta name=\"twitter:data2\" content=\"2\u00a0Minuten\" \/>\n<script type=\"application\/ld+json\" class=\"yoast-schema-graph\">{\"@context\":\"https:\/\/schema.org\",\"@graph\":[{\"@type\":\"Article\",\"@id\":\"https:\/\/now-news.de\/de\/deutschland\/kim-jong-un-inspiziert-spezialkraefte-soldaten-muessen-immer-kampfbereit-sein\/#article\",\"isPartOf\":{\"@id\":\"https:\/\/now-news.de\/de\/deutschland\/kim-jong-un-inspiziert-spezialkraefte-soldaten-muessen-immer-kampfbereit-sein\/\"},\"author\":{\"name\":\"rtnews\",\"@id\":\"https:\/\/now-news.de\/de\/#\/schema\/person\/fb534a4e865501d8b3285208df34a9b5\"},\"headline\":\"Kim Jong-un inspiziert Spezialkr\u00e4fte: Soldaten m\u00fcssen immer kampfbereit sein\",\"datePublished\":\"2025-05-14T14:45:51+00:00\",\"dateModified\":\"2025-05-14T14:45:51+00:00\",\"mainEntityOfPage\":{\"@id\":\"https:\/\/now-news.de\/de\/deutschland\/kim-jong-un-inspiziert-spezialkraefte-soldaten-muessen-immer-kampfbereit-sein\/\"},\"wordCount\":378,\"commentCount\":0,\"publisher\":{\"@id\":\"https:\/\/now-news.de\/de\/#organization\"},\"image\":{\"@id\":\"https:\/\/now-news.de\/de\/deutschland\/kim-jong-un-inspiziert-spezialkraefte-soldaten-muessen-immer-kampfbereit-sein\/#primaryimage\"},\"thumbnailUrl\":\"https:\/\/now-news.de\/de\/wp-content\/uploads\/sites\/3\/2025\/05\/Kim-Jong-un-inspiziert-Spezialkraefte-Soldaten-muessen-immer-kampfbereit-sein.jpg\",\"keywords\":[\"Immer\",\"inspiziert\",\"Jongun\",\"kampfbereit\",\"Kim\",\"m\u00fcssen\",\"sein\",\"Soldaten\",\"Spezialkr\u00e4fte\"],\"articleSection\":[\"Deutschland\",\"Russland\"],\"inLanguage\":\"de\",\"potentialAction\":[{\"@type\":\"CommentAction\",\"name\":\"Comment\",\"target\":[\"https:\/\/now-news.de\/de\/deutschland\/kim-jong-un-inspiziert-spezialkraefte-soldaten-muessen-immer-kampfbereit-sein\/#respond\"]}]},{\"@type\":\"WebPage\",\"@id\":\"https:\/\/now-news.de\/de\/deutschland\/kim-jong-un-inspiziert-spezialkraefte-soldaten-muessen-immer-kampfbereit-sein\/\",\"url\":\"https:\/\/now-news.de\/de\/deutschland\/kim-jong-un-inspiziert-spezialkraefte-soldaten-muessen-immer-kampfbereit-sein\/\",\"name\":\"Kim Jong-un inspiziert Spezialkr\u00e4fte: Soldaten m\u00fcssen immer kampfbereit sein - just-now.NEWS Deutschland\",\"isPartOf\":{\"@id\":\"https:\/\/now-news.de\/de\/#website\"},\"primaryImageOfPage\":{\"@id\":\"https:\/\/now-news.de\/de\/deutschland\/kim-jong-un-inspiziert-spezialkraefte-soldaten-muessen-immer-kampfbereit-sein\/#primaryimage\"},\"image\":{\"@id\":\"https:\/\/now-news.de\/de\/deutschland\/kim-jong-un-inspiziert-spezialkraefte-soldaten-muessen-immer-kampfbereit-sein\/#primaryimage\"},\"thumbnailUrl\":\"https:\/\/now-news.de\/de\/wp-content\/uploads\/sites\/3\/2025\/05\/Kim-Jong-un-inspiziert-Spezialkraefte-Soldaten-muessen-immer-kampfbereit-sein.jpg\",\"datePublished\":\"2025-05-14T14:45:51+00:00\",\"dateModified\":\"2025-05-14T14:45:51+00:00\",\"breadcrumb\":{\"@id\":\"https:\/\/now-news.de\/de\/deutschland\/kim-jong-un-inspiziert-spezialkraefte-soldaten-muessen-immer-kampfbereit-sein\/#breadcrumb\"},\"inLanguage\":\"de\",\"potentialAction\":[{\"@type\":\"ReadAction\",\"target\":[\"https:\/\/now-news.de\/de\/deutschland\/kim-jong-un-inspiziert-spezialkraefte-soldaten-muessen-immer-kampfbereit-sein\/\"]}]},{\"@type\":\"ImageObject\",\"inLanguage\":\"de\",\"@id\":\"https:\/\/now-news.de\/de\/deutschland\/kim-jong-un-inspiziert-spezialkraefte-soldaten-muessen-immer-kampfbereit-sein\/#primaryimage\",\"url\":\"https:\/\/now-news.de\/de\/wp-content\/uploads\/sites\/3\/2025\/05\/Kim-Jong-un-inspiziert-Spezialkraefte-Soldaten-muessen-immer-kampfbereit-sein.jpg\",\"contentUrl\":\"https:\/\/now-news.de\/de\/wp-content\/uploads\/sites\/3\/2025\/05\/Kim-Jong-un-inspiziert-Spezialkraefte-Soldaten-muessen-immer-kampfbereit-sein.jpg\",\"width\":460,\"height\":259,\"caption\":\"Kim Jong-un inspiziert Spezialkr\u00e4fte: Soldaten m\u00fcssen immer kampfbereit sein\"},{\"@type\":\"BreadcrumbList\",\"@id\":\"https:\/\/now-news.de\/de\/deutschland\/kim-jong-un-inspiziert-spezialkraefte-soldaten-muessen-immer-kampfbereit-sein\/#breadcrumb\",\"itemListElement\":[{\"@type\":\"ListItem\",\"position\":1,\"name\":\"Home\",\"item\":\"https:\/\/now-news.de\/de\/\"},{\"@type\":\"ListItem\",\"position\":2,\"name\":\"Kim Jong-un inspiziert Spezialkr\u00e4fte: Soldaten m\u00fcssen immer kampfbereit sein\"}]},{\"@type\":\"WebSite\",\"@id\":\"https:\/\/now-news.de\/de\/#website\",\"url\":\"https:\/\/now-news.de\/de\/\",\"name\":\"just-now.NEWS Deutschland\",\"description\":\"Das Portal f\u00fcr unzensierte Nachrichten aus der Welt\",\"publisher\":{\"@id\":\"https:\/\/now-news.de\/de\/#organization\"},\"potentialAction\":[{\"@type\":\"SearchAction\",\"target\":{\"@type\":\"EntryPoint\",\"urlTemplate\":\"https:\/\/now-news.de\/de\/?s={search_term_string}\"},\"query-input\":\"required name=search_term_string\"}],\"inLanguage\":\"de\"},{\"@type\":\"Organization\",\"@id\":\"https:\/\/now-news.de\/de\/#organization\",\"name\":\"Just Now News\",\"url\":\"https:\/\/now-news.de\/de\/\",\"logo\":{\"@type\":\"ImageObject\",\"inLanguage\":\"de\",\"@id\":\"https:\/\/now-news.de\/de\/#\/schema\/logo\/image\/\",\"url\":\"http:\/\/just-now.news\/de\/wp-content\/uploads\/sites\/3\/2022\/04\/logo500x500.jpg\",\"contentUrl\":\"http:\/\/just-now.news\/de\/wp-content\/uploads\/sites\/3\/2022\/04\/logo500x500.jpg\",\"width\":500,\"height\":500,\"caption\":\"Just Now News\"},\"image\":{\"@id\":\"https:\/\/now-news.de\/de\/#\/schema\/logo\/image\/\"},\"sameAs\":[\"https:\/\/www.facebook.com\/wirmachenauf\",\"https:\/\/x.com\/WirMachenAuf_de\"]},{\"@type\":\"Person\",\"@id\":\"https:\/\/now-news.de\/de\/#\/schema\/person\/fb534a4e865501d8b3285208df34a9b5\",\"name\":\"rtnews\",\"image\":{\"@type\":\"ImageObject\",\"inLanguage\":\"de\",\"@id\":\"https:\/\/now-news.de\/de\/#\/schema\/person\/image\/\",\"url\":\"https:\/\/secure.gravatar.com\/avatar\/82aafea7d8127119dd649515f56e2117?s=96&d=mm&r=g\",\"contentUrl\":\"https:\/\/secure.gravatar.com\/avatar\/82aafea7d8127119dd649515f56e2117?s=96&d=mm&r=g\",\"caption\":\"rtnews\"},\"url\":\"https:\/\/now-news.de\/de\/author\/rnews\/\"}]}<\/script>\n<!-- \/ Yoast SEO Premium plugin. -->","yoast_head_json":{"title":"Kim Jong-un inspiziert Spezialkr\u00e4fte: Soldaten m\u00fcssen immer kampfbereit sein - just-now.NEWS Deutschland","robots":{"index":"index","follow":"follow","max-snippet":"max-snippet:-1","max-image-preview":"max-image-preview:large","max-video-preview":"max-video-preview:-1"},"canonical":"https:\/\/now-news.de\/de\/deutschland\/kim-jong-un-inspiziert-spezialkraefte-soldaten-muessen-immer-kampfbereit-sein\/","og_locale":"de_DE","og_type":"article","og_title":"Kim Jong-un inspiziert Spezialkr\u00e4fte: Soldaten m\u00fcssen immer kampfbereit sein","og_description":"In der DVRK vergeht kaum eine Woche ohne Milit\u00e4r\u00fcbungen. Am Dienstag haben Spezialkr\u00e4fte und Panzerfahrer der Koreanischen Volksarmee dem Oberbefehlshaber Kim Jong-un ihr K\u00f6nnen gezeigt. Kim will Inhalt und Form der Ert\u00fcchtigung an die moderne Zeit anpassen. In der Demokratischen Volksrepublik Korea (DVRK) haben am Dienstag\u00a0spektakul\u00e4re Milit\u00e4r\u00fcbungen stattgefunden. An den Man\u00f6vern beteiligten sich Spezialeinheiten der [&hellip;]","og_url":"https:\/\/now-news.de\/de\/deutschland\/kim-jong-un-inspiziert-spezialkraefte-soldaten-muessen-immer-kampfbereit-sein\/","og_site_name":"just-now.NEWS Deutschland","article_publisher":"https:\/\/www.facebook.com\/wirmachenauf","article_published_time":"2025-05-14T14:45:51+00:00","og_image":[{"url":"https:\/\/now-news.de\/de\/wp-content\/uploads\/sites\/3\/2025\/05\/682473fcb480cc0ec46d196d.jpg"}],"author":"rtnews","twitter_card":"summary_large_image","twitter_creator":"@WirMachenAuf_de","twitter_site":"@WirMachenAuf_de","twitter_misc":{"Verfasst von":"rtnews","Gesch\u00e4tzte Lesezeit":"2\u00a0Minuten"},"schema":{"@context":"https:\/\/schema.org","@graph":[{"@type":"Article","@id":"https:\/\/now-news.de\/de\/deutschland\/kim-jong-un-inspiziert-spezialkraefte-soldaten-muessen-immer-kampfbereit-sein\/#article","isPartOf":{"@id":"https:\/\/now-news.de\/de\/deutschland\/kim-jong-un-inspiziert-spezialkraefte-soldaten-muessen-immer-kampfbereit-sein\/"},"author":{"name":"rtnews","@id":"https:\/\/now-news.de\/de\/#\/schema\/person\/fb534a4e865501d8b3285208df34a9b5"},"headline":"Kim Jong-un inspiziert Spezialkr\u00e4fte: Soldaten m\u00fcssen immer kampfbereit sein","datePublished":"2025-05-14T14:45:51+00:00","dateModified":"2025-05-14T14:45:51+00:00","mainEntityOfPage":{"@id":"https:\/\/now-news.de\/de\/deutschland\/kim-jong-un-inspiziert-spezialkraefte-soldaten-muessen-immer-kampfbereit-sein\/"},"wordCount":378,"commentCount":0,"publisher":{"@id":"https:\/\/now-news.de\/de\/#organization"},"image":{"@id":"https:\/\/now-news.de\/de\/deutschland\/kim-jong-un-inspiziert-spezialkraefte-soldaten-muessen-immer-kampfbereit-sein\/#primaryimage"},"thumbnailUrl":"https:\/\/now-news.de\/de\/wp-content\/uploads\/sites\/3\/2025\/05\/Kim-Jong-un-inspiziert-Spezialkraefte-Soldaten-muessen-immer-kampfbereit-sein.jpg","keywords":["Immer","inspiziert","Jongun","kampfbereit","Kim","m\u00fcssen","sein","Soldaten","Spezialkr\u00e4fte"],"articleSection":["Deutschland","Russland"],"inLanguage":"de","potentialAction":[{"@type":"CommentAction","name":"Comment","target":["https:\/\/now-news.de\/de\/deutschland\/kim-jong-un-inspiziert-spezialkraefte-soldaten-muessen-immer-kampfbereit-sein\/#respond"]}]},{"@type":"WebPage","@id":"https:\/\/now-news.de\/de\/deutschland\/kim-jong-un-inspiziert-spezialkraefte-soldaten-muessen-immer-kampfbereit-sein\/","url":"https:\/\/now-news.de\/de\/deutschland\/kim-jong-un-inspiziert-spezialkraefte-soldaten-muessen-immer-kampfbereit-sein\/","name":"Kim Jong-un inspiziert Spezialkr\u00e4fte: Soldaten m\u00fcssen immer kampfbereit sein - just-now.NEWS Deutschland","isPartOf":{"@id":"https:\/\/now-news.de\/de\/#website"},"primaryImageOfPage":{"@id":"https:\/\/now-news.de\/de\/deutschland\/kim-jong-un-inspiziert-spezialkraefte-soldaten-muessen-immer-kampfbereit-sein\/#primaryimage"},"image":{"@id":"https:\/\/now-news.de\/de\/deutschland\/kim-jong-un-inspiziert-spezialkraefte-soldaten-muessen-immer-kampfbereit-sein\/#primaryimage"},"thumbnailUrl":"https:\/\/now-news.de\/de\/wp-content\/uploads\/sites\/3\/2025\/05\/Kim-Jong-un-inspiziert-Spezialkraefte-Soldaten-muessen-immer-kampfbereit-sein.jpg","datePublished":"2025-05-14T14:45:51+00:00","dateModified":"2025-05-14T14:45:51+00:00","breadcrumb":{"@id":"https:\/\/now-news.de\/de\/deutschland\/kim-jong-un-inspiziert-spezialkraefte-soldaten-muessen-immer-kampfbereit-sein\/#breadcrumb"},"inLanguage":"de","potentialAction":[{"@type":"ReadAction","target":["https:\/\/now-news.de\/de\/deutschland\/kim-jong-un-inspiziert-spezialkraefte-soldaten-muessen-immer-kampfbereit-sein\/"]}]},{"@type":"ImageObject","inLanguage":"de","@id":"https:\/\/now-news.de\/de\/deutschland\/kim-jong-un-inspiziert-spezialkraefte-soldaten-muessen-immer-kampfbereit-sein\/#primaryimage","url":"https:\/\/now-news.de\/de\/wp-content\/uploads\/sites\/3\/2025\/05\/Kim-Jong-un-inspiziert-Spezialkraefte-Soldaten-muessen-immer-kampfbereit-sein.jpg","contentUrl":"https:\/\/now-news.de\/de\/wp-content\/uploads\/sites\/3\/2025\/05\/Kim-Jong-un-inspiziert-Spezialkraefte-Soldaten-muessen-immer-kampfbereit-sein.jpg","width":460,"height":259,"caption":"Kim Jong-un inspiziert Spezialkr\u00e4fte: Soldaten m\u00fcssen immer kampfbereit sein"},{"@type":"BreadcrumbList","@id":"https:\/\/now-news.de\/de\/deutschland\/kim-jong-un-inspiziert-spezialkraefte-soldaten-muessen-immer-kampfbereit-sein\/#breadcrumb","itemListElement":[{"@type":"ListItem","position":1,"name":"Home","item":"https:\/\/now-news.de\/de\/"},{"@type":"ListItem","position":2,"name":"Kim Jong-un inspiziert Spezialkr\u00e4fte: Soldaten m\u00fcssen immer kampfbereit sein"}]},{"@type":"WebSite","@id":"https:\/\/now-news.de\/de\/#website","url":"https:\/\/now-news.de\/de\/","name":"just-now.NEWS Deutschland","description":"Das Portal f\u00fcr unzensierte Nachrichten aus der Welt","publisher":{"@id":"https:\/\/now-news.de\/de\/#organization"},"potentialAction":[{"@type":"SearchAction","target":{"@type":"EntryPoint","urlTemplate":"https:\/\/now-news.de\/de\/?s={search_term_string}"},"query-input":"required name=search_term_string"}],"inLanguage":"de"},{"@type":"Organization","@id":"https:\/\/now-news.de\/de\/#organization","name":"Just Now News","url":"https:\/\/now-news.de\/de\/","logo":{"@type":"ImageObject","inLanguage":"de","@id":"https:\/\/now-news.de\/de\/#\/schema\/logo\/image\/","url":"http:\/\/just-now.news\/de\/wp-content\/uploads\/sites\/3\/2022\/04\/logo500x500.jpg","contentUrl":"http:\/\/just-now.news\/de\/wp-content\/uploads\/sites\/3\/2022\/04\/logo500x500.jpg","width":500,"height":500,"caption":"Just Now News"},"image":{"@id":"https:\/\/now-news.de\/de\/#\/schema\/logo\/image\/"},"sameAs":["https:\/\/www.facebook.com\/wirmachenauf","https:\/\/x.com\/WirMachenAuf_de"]},{"@type":"Person","@id":"https:\/\/now-news.de\/de\/#\/schema\/person\/fb534a4e865501d8b3285208df34a9b5","name":"rtnews","image":{"@type":"ImageObject","inLanguage":"de","@id":"https:\/\/now-news.de\/de\/#\/schema\/person\/image\/","url":"https:\/\/secure.gravatar.com\/avatar\/82aafea7d8127119dd649515f56e2117?s=96&d=mm&r=g","contentUrl":"https:\/\/secure.gravatar.com\/avatar\/82aafea7d8127119dd649515f56e2117?s=96&d=mm&r=g","caption":"rtnews"},"url":"https:\/\/now-news.de\/de\/author\/rnews\/"}]}},"_links":{"self":[{"href":"https:\/\/now-news.de\/de\/wp-json\/wp\/v2\/posts\/83756"}],"collection":[{"href":"https:\/\/now-news.de\/de\/wp-json\/wp\/v2\/posts"}],"about":[{"href":"https:\/\/now-news.de\/de\/wp-json\/wp\/v2\/types\/post"}],"author":[{"embeddable":true,"href":"https:\/\/now-news.de\/de\/wp-json\/wp\/v2\/users\/3"}],"replies":[{"embeddable":true,"href":"https:\/\/now-news.de\/de\/wp-json\/wp\/v2\/comments?post=83756"}],"version-history":[{"count":0,"href":"https:\/\/now-news.de\/de\/wp-json\/wp\/v2\/posts\/83756\/revisions"}],"wp:featuredmedia":[{"embeddable":true,"href":"https:\/\/now-news.de\/de\/wp-json\/wp\/v2\/media\/83757"}],"wp:attachment":[{"href":"https:\/\/now-news.de\/de\/wp-json\/wp\/v2\/media?parent=83756"}],"wp:term":[{"taxonomy":"category","embeddable":true,"href":"https:\/\/now-news.de\/de\/wp-json\/wp\/v2\/categories?post=83756"},{"taxonomy":"post_tag","embeddable":true,"href":"https:\/\/now-news.de\/de\/wp-json\/wp\/v2\/tags?post=83756"}],"curies":[{"name":"wp","href":"https:\/\/api.w.org\/{rel}","templated":true}]}}