{"id":83684,"date":"2025-05-13T16:53:59","date_gmt":"2025-05-13T14:53:59","guid":{"rendered":"https:\/\/now-news.de\/de\/deutschland\/tatort-schweiz-wenn-kinder-toeten-der-unfassbare-messermord-einer-14-jaehrigen\/"},"modified":"2025-05-13T16:53:59","modified_gmt":"2025-05-13T14:53:59","slug":"tatort-schweiz-wenn-kinder-toeten-der-unfassbare-messermord-einer-14-jaehrigen","status":"publish","type":"post","link":"https:\/\/now-news.de\/de\/deutschland\/tatort-schweiz-wenn-kinder-toeten-der-unfassbare-messermord-einer-14-jaehrigen\/","title":{"rendered":"Tatort Schweiz: Wenn Kinder t\u00f6ten \u2013 Der unfassbare Messermord einer 14-J\u00e4hrigen"},"content":{"rendered":"<p><img decoding=\"async\" src=\"https:\/\/now-news.de\/de\/wp-content\/uploads\/sites\/3\/2025\/05\/6822f20948fbef6be33bd435.jpg\" \/><\/p>\n<div class=\"Text-root Text-type_1 \">\n                In Berikon, im Schweizer Kanton Aargau gelegen, soll ein 14-j\u00e4hriges M\u00e4dchen ihre beste Freundin erstochen haben. Das Tatmotiv bleibt unklar. Die Schule, das Dorf \u2013 alle ringen mit der Fassungslosigkeit.\n            <\/div>\n<p><\/p>\n<div class=\"Text-root Text-type_5 ArticleView-text ViewText-root \">\n<p data-start=\"485\" data-end=\"926\">Noch liegt die Wiese unterhalb des Sch\u00fctzenhauses still da, als sei nichts geschehen. Doch zwischen den Grashalmen brennen Kerzen, Stofftiere liegen auf der Erde, neben handgeschriebenen Briefen. Worte des Abschieds, niedergelegt von jenen, die den Schock noch kaum fassen k\u00f6nnen. Denn hier, am Waldrand von Berikon, endete am Sonntag das Leben eines 15-j\u00e4hrigen M\u00e4dchens \u2013 mutma\u00dflich durch die Hand ihrer besten Freundin.<\/p>\n<div class=\"EmbedBlock-root EmbedBlock-twitter\">\n<div class=\"TwitterEmbed\">\n<blockquote class=\"twitter-tweet lazyload\" data-twitter=\"twitter-tweet\">\n<p lang=\"de\" dir=\"ltr\">T\u00e4terin besonders schutzbed\u00fcrftig, weil sie minderj\u00e4hrig ist: Beh\u00f6rden geben im Fall Berikon AG keine Infos mehr heraus. <a rel=\"nofollow noopener\" target=\"_blank\" href=\"https:\/\/t.co\/oTdtTNX7i0\">https:\/\/t.co\/oTdtTNX7i0<\/a><\/p>\n<p>\u2014 20 Minuten (@20min) <a rel=\"nofollow noopener\" target=\"_blank\" href=\"https:\/\/twitter.com\/20min\/status\/1922175116265357460?ref_src=twsrc%5Etfw\">May 13, 2025<\/a><\/p><\/blockquote>\n<\/div>\n<\/div>\n<p>Die Polizei spricht von einem T\u00f6tungsdelikt. Die mutma\u00dfliche T\u00e4terin: ein 14-j\u00e4hriges M\u00e4dchen aus demselben Schulkreis. Beide besuchten die Kreisschule Mutschellen. Die beiden M\u00e4dchen, berichten Mitsch\u00fcler, waren einst unzertrennlich \u2013 bis ein Streit sie entzweite. Am Muttertag wollten sie sich aussprechen. Statt Vers\u00f6hnung kam es zur Eskalation. Am Ende lag eine von ihnen leblos im Gras, die andere blutend und verst\u00f6rt wenige Meter entfernt.<\/p>\n<p>Spazierg\u00e4nger fanden die beiden Jugendlichen am fr\u00fchen Nachmittag. Eine Zeugin berichtet gegen\u00fcber\u00a0<em>20 Minuten<\/em>, sie habe mit ihrem Sohn einen Muttertagsspaziergang unternommen, als sie auf das verletzte M\u00e4dchen traf: blut\u00fcberstr\u00f6mt, die H\u00e4nde zitternd, die Hose rot gef\u00e4rbt. &#8220;Sie sagte, sie habe einen Streit mit einer Kollegin gehabt.&#8221; Zwei Passanten leisteten Erste Hilfe, riefen die Rettungskr\u00e4fte. F\u00fcr das Opfer kam jede Hilfe zu sp\u00e4t. Die Polizei nahm die 14-J\u00e4hrige noch am Tatort fest.<\/p>\n<p>Die Aargauer Oberstaatsanwaltschaft hat eine Strafuntersuchung eingeleitet. Das Institut f\u00fcr Rechtsmedizin in Aarau soll die Todesursache kl\u00e4ren \u2013 bislang geht man von Stichverletzungen aus. Die Polizei geht davon aus, dass es sich um eine Einzelt\u00e4terin handelt. Hinweise auf Dritte gibt es bislang nicht.<\/p>\n<p>Die Bev\u00f6lkerung von Berikon und der Nachbargemeinden Rudolfstetten und Widen ist fassungslos. Nicht nur, weil ein junges Leben ausgel\u00f6scht wurde. Sondern auch, weil sich kaum jemand vorstellen kann, dass ausgerechnet dieses M\u00e4dchen zur Tat f\u00e4hig gewesen sein soll. Freunde der Opferfamilie beschreiben die 15-J\u00e4hrige als ruhig, zur\u00fcckhaltend, geradezu sch\u00fcchtern. &#8220;Ich kann mir nicht vorstellen, dass sie sich gestritten hat&#8221;, sagt ein Bekannter gegen\u00fcber dem\u00a0<em>Blick<\/em>.<\/p>\n<p>Auch die Mutter der mutma\u00dflichen T\u00e4terin sei am Tatort erschienen, berichten Augenzeugen. Drei Stunden lang habe sie versucht, ihre Tochter telefonisch zu erreichen \u2013 vergeblich. Dann wurde sie mit einer Realit\u00e4t konfrontiert, die jeder elterlichen Vorstellungskraft spottet.<\/p>\n<p>An der Kreisschule Mutschellen herrscht Ausnahmezustand. Der Gemeinderat, zugleich Mitglied der Schulf\u00fchrung, spricht von &#8220;tiefster Ersch\u00fctterung&#8221;. Am Montag unterst\u00fctzte die Kantonspolizei die Schule bei der Krisenkommunikation. Der schulpsychologische Dienst und das Care Team Aargau waren im Einsatz. Lehrerinnen und Lehrer wurden instruiert, Klassen aufgefangen, Gespr\u00e4che gef\u00fchrt. &#8220;Wir k\u00f6nnen nach so einem Ereignis nicht einfach zur Tagesordnung \u00fcbergehen&#8221;, sagt Patrick Stangl, Gemeinderat und Mitglied des Schulvorstands.<\/p>\n<p>Gleichzeitig zeigt sich die Polizei in der Umgebung der Schule vermehrt pr\u00e4sent. Nicht aus Angst vor weiteren Straftaten, sondern um pr\u00e4ventiv einzugreifen, falls Jugendliche aus \u00dcberforderung mit der Situation reagieren. Die Sensibilit\u00e4t sei hoch, betont Stangl. Auch Ger\u00fcchten soll so entgegengewirkt werden.<\/p>\n<p>Dass die Tat aus dem Innersten einer engen Beziehung entstand, erschwert vielen die Einordnung. Es gibt keine Anzeichen f\u00fcr organisierte Gewalt, keine Hinweise auf Banden, keine Waffen aus dem Internet. Nur zwei M\u00e4dchen, ein Streit \u2013 und ein Messer. Das reicht, um ein Leben auszul\u00f6schen und ein weiteres f\u00fcr immer zu pr\u00e4gen.<\/p>\n<p>Was genau in den Minuten vor der Tat geschah, bleibt vorerst ungekl\u00e4rt. Die Beh\u00f6rden geben keine Details preis. Zu schwer wiegt der Schutz der minderj\u00e4hrigen Beschuldigten. Das Jugendstrafrecht kennt keine \u00f6ffentliche Anklage, keine medialen Vorverurteilungen. Es dient der Resozialisierung \u2013 nicht der Rache. Umso gr\u00f6\u00dfer ist die Kluft zwischen Informationsbed\u00fcrfnis und Schweigepflicht.<\/p>\n<p>Die B\u00fcrger von Berikon suchen derweil weiterhin nach Worten, doch sie bleiben sprachlos zur\u00fcck.<\/p>\n<p data-start=\"4488\" data-end=\"4555\"><strong>Mehr zum Thema &#8211;<\/strong>\u00a0<a rel=\"nofollow noopener\" target=\"_blank\" href=\"https:\/\/freedert.online\/gesellschaft\/235649-nach-messertat-in-erfurt-14\/\">Nach Messertat in Erfurt: 14-j\u00e4hriger schwerverletzter Junge notoperiert<\/a><\/p>\n<div class=\"EmbedBlock-root EmbedBlock-externalVideo EmbedBlock-rumble\">\n<div class=\"VkEmbed\"><iframe class=\"lazyload\" data-src=\"https:\/\/rumble.com\/embed\/v6p3a8y\" frameborder=\"0\" width=\"853\" height=\"480\" allowfullscreen><\/iframe><\/div>\n<\/div>\n<\/div>\n<p><script async src=\"https:\/\/platform.twitter.com\/widgets.js\" charset=\"utf-8\"><\/script><br \/>\n<br \/><br \/>\n<br \/><a href=\"https:\/\/de.rt.com\/schweiz\/244810-tatort-schweiz-wenn-kinder-toeten\/\">Source link <\/a><\/p>\n","protected":false},"excerpt":{"rendered":"<p>In Berikon, im Schweizer Kanton Aargau gelegen, soll ein 14-j\u00e4hriges M\u00e4dchen ihre beste Freundin erstochen haben. Das Tatmotiv bleibt unklar. Die Schule, das Dorf \u2013 alle ringen mit der Fassungslosigkeit. Noch liegt die Wiese unterhalb des Sch\u00fctzenhauses still da, als sei nichts geschehen. Doch zwischen den Grashalmen brennen Kerzen, Stofftiere liegen auf der Erde, neben [&hellip;]<\/p>\n","protected":false},"author":3,"featured_media":83685,"comment_status":"open","ping_status":"open","sticky":false,"template":"","format":"standard","meta":{"_yoast_indexnow_last_ping":["1747148949"],"wp_automatic_camp":["217"],"5eabc6bcf0917a8ab31684f0a90ca73d":["Tatort Schweiz: Wenn Kinder t\u00f6ten \u2013 Der unfassbare Messermord einer 14-J\u00e4hrigen"],"original_link":["https:\/\/de.rt.com\/schweiz\/244810-tatort-schweiz-wenn-kinder-toeten\/"],"_thumbnail_id":["83685"],"_wptgpro_p2tg_sent2tg":["a:1:{i:23737;s:19:\"2025-05-13 17:10:14\";}"],"jnews_social_counter_last_update":["1777344478"]},"categories":[19,23],"tags":[22563,82,212,3567,47960,4207,23642,2564,40608,4218],"yoast_head":"<!-- This site is optimized with the Yoast SEO Premium plugin v22.7 (Yoast SEO v22.7) - https:\/\/yoast.com\/wordpress\/plugins\/seo\/ -->\n<title>Tatort Schweiz: Wenn Kinder t\u00f6ten \u2013 Der unfassbare Messermord einer 14-J\u00e4hrigen - just-now.NEWS Deutschland<\/title>\n<meta name=\"robots\" content=\"index, follow, max-snippet:-1, max-image-preview:large, max-video-preview:-1\" \/>\n<link rel=\"canonical\" href=\"https:\/\/now-news.de\/de\/deutschland\/tatort-schweiz-wenn-kinder-toeten-der-unfassbare-messermord-einer-14-jaehrigen\/\" \/>\n<meta property=\"og:locale\" content=\"de_DE\" \/>\n<meta property=\"og:type\" content=\"article\" \/>\n<meta property=\"og:title\" content=\"Tatort Schweiz: Wenn Kinder t\u00f6ten \u2013 Der unfassbare Messermord einer 14-J\u00e4hrigen\" \/>\n<meta property=\"og:description\" content=\"In Berikon, im Schweizer Kanton Aargau gelegen, soll ein 14-j\u00e4hriges M\u00e4dchen ihre beste Freundin erstochen haben. Das Tatmotiv bleibt unklar. Die Schule, das Dorf \u2013 alle ringen mit der Fassungslosigkeit. Noch liegt die Wiese unterhalb des Sch\u00fctzenhauses still da, als sei nichts geschehen. Doch zwischen den Grashalmen brennen Kerzen, Stofftiere liegen auf der Erde, neben [&hellip;]\" \/>\n<meta property=\"og:url\" content=\"https:\/\/now-news.de\/de\/deutschland\/tatort-schweiz-wenn-kinder-toeten-der-unfassbare-messermord-einer-14-jaehrigen\/\" \/>\n<meta property=\"og:site_name\" content=\"just-now.NEWS Deutschland\" \/>\n<meta property=\"article:publisher\" content=\"https:\/\/www.facebook.com\/wirmachenauf\" \/>\n<meta property=\"article:published_time\" content=\"2025-05-13T14:53:59+00:00\" \/>\n<meta property=\"og:image\" content=\"https:\/\/now-news.de\/de\/wp-content\/uploads\/sites\/3\/2025\/05\/6822f20948fbef6be33bd435.jpg\" \/>\n<meta name=\"author\" content=\"rtnews\" \/>\n<meta name=\"twitter:card\" content=\"summary_large_image\" \/>\n<meta name=\"twitter:creator\" content=\"@WirMachenAuf_de\" \/>\n<meta name=\"twitter:site\" content=\"@WirMachenAuf_de\" \/>\n<meta name=\"twitter:label1\" content=\"Verfasst von\" \/>\n\t<meta name=\"twitter:data1\" content=\"rtnews\" \/>\n\t<meta name=\"twitter:label2\" content=\"Gesch\u00e4tzte Lesezeit\" \/>\n\t<meta name=\"twitter:data2\" content=\"3\u00a0Minuten\" \/>\n<script type=\"application\/ld+json\" class=\"yoast-schema-graph\">{\"@context\":\"https:\/\/schema.org\",\"@graph\":[{\"@type\":\"Article\",\"@id\":\"https:\/\/now-news.de\/de\/deutschland\/tatort-schweiz-wenn-kinder-toeten-der-unfassbare-messermord-einer-14-jaehrigen\/#article\",\"isPartOf\":{\"@id\":\"https:\/\/now-news.de\/de\/deutschland\/tatort-schweiz-wenn-kinder-toeten-der-unfassbare-messermord-einer-14-jaehrigen\/\"},\"author\":{\"name\":\"rtnews\",\"@id\":\"https:\/\/now-news.de\/de\/#\/schema\/person\/fb534a4e865501d8b3285208df34a9b5\"},\"headline\":\"Tatort Schweiz: Wenn Kinder t\u00f6ten \u2013 Der unfassbare Messermord einer 14-J\u00e4hrigen\",\"datePublished\":\"2025-05-13T14:53:59+00:00\",\"dateModified\":\"2025-05-13T14:53:59+00:00\",\"mainEntityOfPage\":{\"@id\":\"https:\/\/now-news.de\/de\/deutschland\/tatort-schweiz-wenn-kinder-toeten-der-unfassbare-messermord-einer-14-jaehrigen\/\"},\"wordCount\":710,\"commentCount\":0,\"publisher\":{\"@id\":\"https:\/\/now-news.de\/de\/#organization\"},\"image\":{\"@id\":\"https:\/\/now-news.de\/de\/deutschland\/tatort-schweiz-wenn-kinder-toeten-der-unfassbare-messermord-einer-14-jaehrigen\/#primaryimage\"},\"thumbnailUrl\":\"https:\/\/now-news.de\/de\/wp-content\/uploads\/sites\/3\/2025\/05\/Tatort-Schweiz-Wenn-Kinder-toeten-\u2013-Der-unfassbare-Messermord-einer.jpg\",\"keywords\":[\"14j\u00e4hrigen\",\"der\",\"einer\",\"Kinder\",\"Messermord\",\"schweiz\",\"Tatort\",\"Toten\",\"Unfassbare\",\"wenn\"],\"articleSection\":[\"Deutschland\",\"Russland\"],\"inLanguage\":\"de\",\"potentialAction\":[{\"@type\":\"CommentAction\",\"name\":\"Comment\",\"target\":[\"https:\/\/now-news.de\/de\/deutschland\/tatort-schweiz-wenn-kinder-toeten-der-unfassbare-messermord-einer-14-jaehrigen\/#respond\"]}]},{\"@type\":\"WebPage\",\"@id\":\"https:\/\/now-news.de\/de\/deutschland\/tatort-schweiz-wenn-kinder-toeten-der-unfassbare-messermord-einer-14-jaehrigen\/\",\"url\":\"https:\/\/now-news.de\/de\/deutschland\/tatort-schweiz-wenn-kinder-toeten-der-unfassbare-messermord-einer-14-jaehrigen\/\",\"name\":\"Tatort Schweiz: Wenn Kinder t\u00f6ten \u2013 Der unfassbare Messermord einer 14-J\u00e4hrigen - just-now.NEWS Deutschland\",\"isPartOf\":{\"@id\":\"https:\/\/now-news.de\/de\/#website\"},\"primaryImageOfPage\":{\"@id\":\"https:\/\/now-news.de\/de\/deutschland\/tatort-schweiz-wenn-kinder-toeten-der-unfassbare-messermord-einer-14-jaehrigen\/#primaryimage\"},\"image\":{\"@id\":\"https:\/\/now-news.de\/de\/deutschland\/tatort-schweiz-wenn-kinder-toeten-der-unfassbare-messermord-einer-14-jaehrigen\/#primaryimage\"},\"thumbnailUrl\":\"https:\/\/now-news.de\/de\/wp-content\/uploads\/sites\/3\/2025\/05\/Tatort-Schweiz-Wenn-Kinder-toeten-\u2013-Der-unfassbare-Messermord-einer.jpg\",\"datePublished\":\"2025-05-13T14:53:59+00:00\",\"dateModified\":\"2025-05-13T14:53:59+00:00\",\"breadcrumb\":{\"@id\":\"https:\/\/now-news.de\/de\/deutschland\/tatort-schweiz-wenn-kinder-toeten-der-unfassbare-messermord-einer-14-jaehrigen\/#breadcrumb\"},\"inLanguage\":\"de\",\"potentialAction\":[{\"@type\":\"ReadAction\",\"target\":[\"https:\/\/now-news.de\/de\/deutschland\/tatort-schweiz-wenn-kinder-toeten-der-unfassbare-messermord-einer-14-jaehrigen\/\"]}]},{\"@type\":\"ImageObject\",\"inLanguage\":\"de\",\"@id\":\"https:\/\/now-news.de\/de\/deutschland\/tatort-schweiz-wenn-kinder-toeten-der-unfassbare-messermord-einer-14-jaehrigen\/#primaryimage\",\"url\":\"https:\/\/now-news.de\/de\/wp-content\/uploads\/sites\/3\/2025\/05\/Tatort-Schweiz-Wenn-Kinder-toeten-\u2013-Der-unfassbare-Messermord-einer.jpg\",\"contentUrl\":\"https:\/\/now-news.de\/de\/wp-content\/uploads\/sites\/3\/2025\/05\/Tatort-Schweiz-Wenn-Kinder-toeten-\u2013-Der-unfassbare-Messermord-einer.jpg\",\"width\":460,\"height\":259,\"caption\":\"Tatort Schweiz: Wenn Kinder t\u00f6ten \u2013 Der unfassbare Messermord einer 14-J\u00e4hrigen\"},{\"@type\":\"BreadcrumbList\",\"@id\":\"https:\/\/now-news.de\/de\/deutschland\/tatort-schweiz-wenn-kinder-toeten-der-unfassbare-messermord-einer-14-jaehrigen\/#breadcrumb\",\"itemListElement\":[{\"@type\":\"ListItem\",\"position\":1,\"name\":\"Home\",\"item\":\"https:\/\/now-news.de\/de\/\"},{\"@type\":\"ListItem\",\"position\":2,\"name\":\"Tatort Schweiz: Wenn Kinder t\u00f6ten \u2013 Der unfassbare Messermord einer 14-J\u00e4hrigen\"}]},{\"@type\":\"WebSite\",\"@id\":\"https:\/\/now-news.de\/de\/#website\",\"url\":\"https:\/\/now-news.de\/de\/\",\"name\":\"just-now.NEWS Deutschland\",\"description\":\"Das Portal f\u00fcr unzensierte Nachrichten aus der Welt\",\"publisher\":{\"@id\":\"https:\/\/now-news.de\/de\/#organization\"},\"potentialAction\":[{\"@type\":\"SearchAction\",\"target\":{\"@type\":\"EntryPoint\",\"urlTemplate\":\"https:\/\/now-news.de\/de\/?s={search_term_string}\"},\"query-input\":\"required name=search_term_string\"}],\"inLanguage\":\"de\"},{\"@type\":\"Organization\",\"@id\":\"https:\/\/now-news.de\/de\/#organization\",\"name\":\"Just Now News\",\"url\":\"https:\/\/now-news.de\/de\/\",\"logo\":{\"@type\":\"ImageObject\",\"inLanguage\":\"de\",\"@id\":\"https:\/\/now-news.de\/de\/#\/schema\/logo\/image\/\",\"url\":\"http:\/\/just-now.news\/de\/wp-content\/uploads\/sites\/3\/2022\/04\/logo500x500.jpg\",\"contentUrl\":\"http:\/\/just-now.news\/de\/wp-content\/uploads\/sites\/3\/2022\/04\/logo500x500.jpg\",\"width\":500,\"height\":500,\"caption\":\"Just Now News\"},\"image\":{\"@id\":\"https:\/\/now-news.de\/de\/#\/schema\/logo\/image\/\"},\"sameAs\":[\"https:\/\/www.facebook.com\/wirmachenauf\",\"https:\/\/x.com\/WirMachenAuf_de\"]},{\"@type\":\"Person\",\"@id\":\"https:\/\/now-news.de\/de\/#\/schema\/person\/fb534a4e865501d8b3285208df34a9b5\",\"name\":\"rtnews\",\"image\":{\"@type\":\"ImageObject\",\"inLanguage\":\"de\",\"@id\":\"https:\/\/now-news.de\/de\/#\/schema\/person\/image\/\",\"url\":\"https:\/\/secure.gravatar.com\/avatar\/82aafea7d8127119dd649515f56e2117?s=96&d=mm&r=g\",\"contentUrl\":\"https:\/\/secure.gravatar.com\/avatar\/82aafea7d8127119dd649515f56e2117?s=96&d=mm&r=g\",\"caption\":\"rtnews\"},\"url\":\"https:\/\/now-news.de\/de\/author\/rnews\/\"}]}<\/script>\n<!-- \/ Yoast SEO Premium plugin. -->","yoast_head_json":{"title":"Tatort Schweiz: Wenn Kinder t\u00f6ten \u2013 Der unfassbare Messermord einer 14-J\u00e4hrigen - just-now.NEWS Deutschland","robots":{"index":"index","follow":"follow","max-snippet":"max-snippet:-1","max-image-preview":"max-image-preview:large","max-video-preview":"max-video-preview:-1"},"canonical":"https:\/\/now-news.de\/de\/deutschland\/tatort-schweiz-wenn-kinder-toeten-der-unfassbare-messermord-einer-14-jaehrigen\/","og_locale":"de_DE","og_type":"article","og_title":"Tatort Schweiz: Wenn Kinder t\u00f6ten \u2013 Der unfassbare Messermord einer 14-J\u00e4hrigen","og_description":"In Berikon, im Schweizer Kanton Aargau gelegen, soll ein 14-j\u00e4hriges M\u00e4dchen ihre beste Freundin erstochen haben. Das Tatmotiv bleibt unklar. Die Schule, das Dorf \u2013 alle ringen mit der Fassungslosigkeit. Noch liegt die Wiese unterhalb des Sch\u00fctzenhauses still da, als sei nichts geschehen. Doch zwischen den Grashalmen brennen Kerzen, Stofftiere liegen auf der Erde, neben [&hellip;]","og_url":"https:\/\/now-news.de\/de\/deutschland\/tatort-schweiz-wenn-kinder-toeten-der-unfassbare-messermord-einer-14-jaehrigen\/","og_site_name":"just-now.NEWS Deutschland","article_publisher":"https:\/\/www.facebook.com\/wirmachenauf","article_published_time":"2025-05-13T14:53:59+00:00","og_image":[{"url":"https:\/\/now-news.de\/de\/wp-content\/uploads\/sites\/3\/2025\/05\/6822f20948fbef6be33bd435.jpg"}],"author":"rtnews","twitter_card":"summary_large_image","twitter_creator":"@WirMachenAuf_de","twitter_site":"@WirMachenAuf_de","twitter_misc":{"Verfasst von":"rtnews","Gesch\u00e4tzte Lesezeit":"3\u00a0Minuten"},"schema":{"@context":"https:\/\/schema.org","@graph":[{"@type":"Article","@id":"https:\/\/now-news.de\/de\/deutschland\/tatort-schweiz-wenn-kinder-toeten-der-unfassbare-messermord-einer-14-jaehrigen\/#article","isPartOf":{"@id":"https:\/\/now-news.de\/de\/deutschland\/tatort-schweiz-wenn-kinder-toeten-der-unfassbare-messermord-einer-14-jaehrigen\/"},"author":{"name":"rtnews","@id":"https:\/\/now-news.de\/de\/#\/schema\/person\/fb534a4e865501d8b3285208df34a9b5"},"headline":"Tatort Schweiz: Wenn Kinder t\u00f6ten \u2013 Der unfassbare Messermord einer 14-J\u00e4hrigen","datePublished":"2025-05-13T14:53:59+00:00","dateModified":"2025-05-13T14:53:59+00:00","mainEntityOfPage":{"@id":"https:\/\/now-news.de\/de\/deutschland\/tatort-schweiz-wenn-kinder-toeten-der-unfassbare-messermord-einer-14-jaehrigen\/"},"wordCount":710,"commentCount":0,"publisher":{"@id":"https:\/\/now-news.de\/de\/#organization"},"image":{"@id":"https:\/\/now-news.de\/de\/deutschland\/tatort-schweiz-wenn-kinder-toeten-der-unfassbare-messermord-einer-14-jaehrigen\/#primaryimage"},"thumbnailUrl":"https:\/\/now-news.de\/de\/wp-content\/uploads\/sites\/3\/2025\/05\/Tatort-Schweiz-Wenn-Kinder-toeten-\u2013-Der-unfassbare-Messermord-einer.jpg","keywords":["14j\u00e4hrigen","der","einer","Kinder","Messermord","schweiz","Tatort","Toten","Unfassbare","wenn"],"articleSection":["Deutschland","Russland"],"inLanguage":"de","potentialAction":[{"@type":"CommentAction","name":"Comment","target":["https:\/\/now-news.de\/de\/deutschland\/tatort-schweiz-wenn-kinder-toeten-der-unfassbare-messermord-einer-14-jaehrigen\/#respond"]}]},{"@type":"WebPage","@id":"https:\/\/now-news.de\/de\/deutschland\/tatort-schweiz-wenn-kinder-toeten-der-unfassbare-messermord-einer-14-jaehrigen\/","url":"https:\/\/now-news.de\/de\/deutschland\/tatort-schweiz-wenn-kinder-toeten-der-unfassbare-messermord-einer-14-jaehrigen\/","name":"Tatort Schweiz: Wenn Kinder t\u00f6ten \u2013 Der unfassbare Messermord einer 14-J\u00e4hrigen - just-now.NEWS Deutschland","isPartOf":{"@id":"https:\/\/now-news.de\/de\/#website"},"primaryImageOfPage":{"@id":"https:\/\/now-news.de\/de\/deutschland\/tatort-schweiz-wenn-kinder-toeten-der-unfassbare-messermord-einer-14-jaehrigen\/#primaryimage"},"image":{"@id":"https:\/\/now-news.de\/de\/deutschland\/tatort-schweiz-wenn-kinder-toeten-der-unfassbare-messermord-einer-14-jaehrigen\/#primaryimage"},"thumbnailUrl":"https:\/\/now-news.de\/de\/wp-content\/uploads\/sites\/3\/2025\/05\/Tatort-Schweiz-Wenn-Kinder-toeten-\u2013-Der-unfassbare-Messermord-einer.jpg","datePublished":"2025-05-13T14:53:59+00:00","dateModified":"2025-05-13T14:53:59+00:00","breadcrumb":{"@id":"https:\/\/now-news.de\/de\/deutschland\/tatort-schweiz-wenn-kinder-toeten-der-unfassbare-messermord-einer-14-jaehrigen\/#breadcrumb"},"inLanguage":"de","potentialAction":[{"@type":"ReadAction","target":["https:\/\/now-news.de\/de\/deutschland\/tatort-schweiz-wenn-kinder-toeten-der-unfassbare-messermord-einer-14-jaehrigen\/"]}]},{"@type":"ImageObject","inLanguage":"de","@id":"https:\/\/now-news.de\/de\/deutschland\/tatort-schweiz-wenn-kinder-toeten-der-unfassbare-messermord-einer-14-jaehrigen\/#primaryimage","url":"https:\/\/now-news.de\/de\/wp-content\/uploads\/sites\/3\/2025\/05\/Tatort-Schweiz-Wenn-Kinder-toeten-\u2013-Der-unfassbare-Messermord-einer.jpg","contentUrl":"https:\/\/now-news.de\/de\/wp-content\/uploads\/sites\/3\/2025\/05\/Tatort-Schweiz-Wenn-Kinder-toeten-\u2013-Der-unfassbare-Messermord-einer.jpg","width":460,"height":259,"caption":"Tatort Schweiz: Wenn Kinder t\u00f6ten \u2013 Der unfassbare Messermord einer 14-J\u00e4hrigen"},{"@type":"BreadcrumbList","@id":"https:\/\/now-news.de\/de\/deutschland\/tatort-schweiz-wenn-kinder-toeten-der-unfassbare-messermord-einer-14-jaehrigen\/#breadcrumb","itemListElement":[{"@type":"ListItem","position":1,"name":"Home","item":"https:\/\/now-news.de\/de\/"},{"@type":"ListItem","position":2,"name":"Tatort Schweiz: Wenn Kinder t\u00f6ten \u2013 Der unfassbare Messermord einer 14-J\u00e4hrigen"}]},{"@type":"WebSite","@id":"https:\/\/now-news.de\/de\/#website","url":"https:\/\/now-news.de\/de\/","name":"just-now.NEWS Deutschland","description":"Das Portal f\u00fcr unzensierte Nachrichten aus der Welt","publisher":{"@id":"https:\/\/now-news.de\/de\/#organization"},"potentialAction":[{"@type":"SearchAction","target":{"@type":"EntryPoint","urlTemplate":"https:\/\/now-news.de\/de\/?s={search_term_string}"},"query-input":"required name=search_term_string"}],"inLanguage":"de"},{"@type":"Organization","@id":"https:\/\/now-news.de\/de\/#organization","name":"Just Now News","url":"https:\/\/now-news.de\/de\/","logo":{"@type":"ImageObject","inLanguage":"de","@id":"https:\/\/now-news.de\/de\/#\/schema\/logo\/image\/","url":"http:\/\/just-now.news\/de\/wp-content\/uploads\/sites\/3\/2022\/04\/logo500x500.jpg","contentUrl":"http:\/\/just-now.news\/de\/wp-content\/uploads\/sites\/3\/2022\/04\/logo500x500.jpg","width":500,"height":500,"caption":"Just Now News"},"image":{"@id":"https:\/\/now-news.de\/de\/#\/schema\/logo\/image\/"},"sameAs":["https:\/\/www.facebook.com\/wirmachenauf","https:\/\/x.com\/WirMachenAuf_de"]},{"@type":"Person","@id":"https:\/\/now-news.de\/de\/#\/schema\/person\/fb534a4e865501d8b3285208df34a9b5","name":"rtnews","image":{"@type":"ImageObject","inLanguage":"de","@id":"https:\/\/now-news.de\/de\/#\/schema\/person\/image\/","url":"https:\/\/secure.gravatar.com\/avatar\/82aafea7d8127119dd649515f56e2117?s=96&d=mm&r=g","contentUrl":"https:\/\/secure.gravatar.com\/avatar\/82aafea7d8127119dd649515f56e2117?s=96&d=mm&r=g","caption":"rtnews"},"url":"https:\/\/now-news.de\/de\/author\/rnews\/"}]}},"_links":{"self":[{"href":"https:\/\/now-news.de\/de\/wp-json\/wp\/v2\/posts\/83684"}],"collection":[{"href":"https:\/\/now-news.de\/de\/wp-json\/wp\/v2\/posts"}],"about":[{"href":"https:\/\/now-news.de\/de\/wp-json\/wp\/v2\/types\/post"}],"author":[{"embeddable":true,"href":"https:\/\/now-news.de\/de\/wp-json\/wp\/v2\/users\/3"}],"replies":[{"embeddable":true,"href":"https:\/\/now-news.de\/de\/wp-json\/wp\/v2\/comments?post=83684"}],"version-history":[{"count":0,"href":"https:\/\/now-news.de\/de\/wp-json\/wp\/v2\/posts\/83684\/revisions"}],"wp:featuredmedia":[{"embeddable":true,"href":"https:\/\/now-news.de\/de\/wp-json\/wp\/v2\/media\/83685"}],"wp:attachment":[{"href":"https:\/\/now-news.de\/de\/wp-json\/wp\/v2\/media?parent=83684"}],"wp:term":[{"taxonomy":"category","embeddable":true,"href":"https:\/\/now-news.de\/de\/wp-json\/wp\/v2\/categories?post=83684"},{"taxonomy":"post_tag","embeddable":true,"href":"https:\/\/now-news.de\/de\/wp-json\/wp\/v2\/tags?post=83684"}],"curies":[{"name":"wp","href":"https:\/\/api.w.org\/{rel}","templated":true}]}}