{"id":8368,"date":"2022-05-20T16:32:00","date_gmt":"2022-05-20T14:32:00","guid":{"rendered":"http:\/\/just-now.news\/de\/usa\/das-manifest-des-massenmoerders-von-buffalo-widerlegt-die-verantwortung-von-carlson\/"},"modified":"2022-05-20T16:32:00","modified_gmt":"2022-05-20T14:32:00","slug":"das-manifest-des-massenmoerders-von-buffalo-widerlegt-die-verantwortung-von-carlson","status":"publish","type":"post","link":"https:\/\/now-news.de\/de\/usa\/das-manifest-des-massenmoerders-von-buffalo-widerlegt-die-verantwortung-von-carlson\/","title":{"rendered":"Das Manifest des Massenm\u00f6rders von Buffalo widerlegt die Verantwortung von Carlson"},"content":{"rendered":"<div class=\"entry-content\">\n<p><span style=\"font-size: 10pt;\"><em>Dr. Jill und Joe Biden diese Woche in Buffalo (TGP-Screengrab)<\/em><\/span><\/p>\n<p>Von <strong>Matt Mackowiak<\/strong>mit Genehmigung zur Neuver\u00f6ffentlichung von Real Clear Politics<\/p>\n<p>Die Linke in Amerika hat einen Instinkt, schreckliche Ereignisse f\u00fcr ihre eigenen Zwecke zu nutzen, um ihnen zu helfen, das zu erreichen, was sie bereits mit anderen Mitteln versuchten.  Die Massenerschie\u00dfung am Wochenende in Buffalo, NY, ist nur das j\u00fcngste Beispiel.<\/p>\n<div id=\"IC1-ad\" class=\"sponsor IC1\">\n<p class=\"ad-notice flipboard-remove\" fl:fl-noexcerpt=\"true\">Werbung \u2013 die Geschichte geht unten weiter<\/p>\n<div id=\"IC1\">\n<script>\n\t\t\t\t\tif( FFADS.units.IC1 && FFADS.units.IC1.ad_type == 'custom' && FFADS.units.IC1.custom_ads && ! getCookie( 'ff_subbed' ) ) {\n\t\t\t\t\t\tdocument.getElementById( 'IC1' ).innerHTML = FFADS.units.IC1.custom_ads[0].code;\n\t\t\t\t\t\tif( ! FFADS.units.IC1.lazy_load ) eval( FFADS.units.IC1.custom_ads[0].rendering_script );\n\t\t\t\t\t}\n\t\t\t\t\telse if( FFADS.units.IC1 && ! getCookie( 'ff_subbed' ) ) {\n\t\t\t\t\t\tif( 'IC' != 'SB' && 'IC' != 'SA' && FFADS.use_fixed_containers ) {\n\t\t\t\t\t\t\tlet max_wh = firefly_size_list_to_max_wh( FFADS.units.IC1.sizes );\n\t\t\t\t\t\t\tlet el = document.querySelector( '#IC1' );\n\t\t\t\t\t\t\tif( 'IC' != 'SA' && FFADS.slide_pixels ) {\n\t\t\t\t\t\t\t\tmax_wh[1] += parseInt( FFADS.slide_pixels );\n\t\t\t\t\t\t\t\tel.classList.add( 'sliding' );\n\t\t\t\t\t\t\t}\n\t\t\t\t\t\t\tel.style.width = max_wh[0] + 'px';\n\t\t\t\t\t\t\tel.style.height = max_wh[1] + 'px';\n\t\t\t\t\t\t\tel.classList.add( 'fixed-size' );\n\t\t\t\t\t\t}\n\t\t\t\t\t\tgoogletag.cmd.push( function() {\n\t\t\t\t\t\t\tFFADS.debug( 'googletag.displaying IC1' );\n\t\t\t\t\t\t\tgoogletag.display( 'IC1' );\n\t\t\t\t\t\t} );\n\t\t\t\t\t}\n\t\t\t\t\telse {\n\t\t\t\t\t\tdocument.querySelector( '#IC1-ad' ).style.display = 'none';}\n\t\t\t\t<\/script><\/div>\n<\/div>\n<p>Innerhalb von Stunden (Minuten?) Nach der Nachricht, dass ein geistesgest\u00f6rter Rassist nach Buffalo fuhr, um das Feuer auf ein Lebensmittelgesch\u00e4ft zu er\u00f6ffnen, das haupts\u00e4chlich afroamerikanische Einwohner belieferte, \u00fcbte eine Reihe von Liberalen heftige Kritik an dem bestbewerteten Kabelnachrichtenmoderator in der Hauptsendezeit: Fox News. Tucker Carlson.<\/p>\n<p>Wenn man versucht, einen Kabelnachrichtenmoderator f\u00fcr die Taten eines Massenm\u00f6rders verantwortlich zu machen, w\u00fcrde man hoffen, dass Fakten ber\u00fccksichtigt werden, bevor eine solche Anklage erhoben wird.<\/p>\n<p><script>\n\t\t\t\t\tif( ! getCookie( 'ff_subbed' ) ) if( typeof FFADS.replace_ict != 'undefined' ) if( FFADS.replace_ict ) eval( FFADS.replace_ict );\n\t\t\t\t<\/script><\/p>\n<p>In seinem 180-seitigen Manifest enth\u00e4lt der Sch\u00fctze eine Tabelle, in der behauptet wird, dass der Vorg\u00e4nger der Fox Corporation, 21<sup>st<\/sup> Century Fox wurde von Juden betrieben und beschuldigte Rupert Murdoch, heimlich j\u00fcdisch zu sein.  Der Sch\u00fctze ver\u00f6ffentlichte Fotos von 34 Personen \u2013 alles F\u00fchrungskr\u00e4fte, Moderatoren, Reporter oder Mitwirkende von Fox News \u2013 die entweder j\u00fcdisch (32) sind, einen j\u00fcdischen Ehepartner haben (1) oder christliche Zionisten sind (1).<\/p>\n<p>Im selben Manifest bestreitet der Sch\u00fctze ausdr\u00fccklich, dass er ein Konservativer ist, und schreibt, dass \u201eKonservatismus verkleideter Korporatismus ist, ich will keinen Anteil daran haben\u201c.  Dann schimpft er lange und attackiert den Konservatismus.  Er schreibt insbesondere 4Chan und Websites von wei\u00dfen Rassisten f\u00fcr seine eigene Radikalisierung zu.  Tucker Carlson, den die harte Linke f\u00fcr diesen tragischen Massenmord verantwortlich macht, wurde im Estrich nicht erw\u00e4hnt.<\/p>\n<div id=\"IC2-ad\" class=\"sponsor IC2\">\n<p class=\"ad-notice flipboard-remove\" fl:fl-noexcerpt=\"true\">Werbung \u2013 die Geschichte geht unten weiter<\/p>\n<div id=\"IC2\">\n<script>\n\t\t\t\t\tif( FFADS.units.IC2 && FFADS.units.IC2.ad_type == 'custom' && FFADS.units.IC2.custom_ads && ! getCookie( 'ff_subbed' ) ) {\n\t\t\t\t\t\tdocument.getElementById( 'IC2' ).innerHTML = FFADS.units.IC2.custom_ads[0].code;\n\t\t\t\t\t\tif( ! FFADS.units.IC2.lazy_load ) eval( FFADS.units.IC2.custom_ads[0].rendering_script );\n\t\t\t\t\t}\n\t\t\t\t\telse if( FFADS.units.IC2 && ! getCookie( 'ff_subbed' ) ) {\n\t\t\t\t\t\tif( 'IC' != 'SB' && 'IC' != 'SA' && FFADS.use_fixed_containers ) {\n\t\t\t\t\t\t\tlet max_wh = firefly_size_list_to_max_wh( FFADS.units.IC2.sizes );\n\t\t\t\t\t\t\tlet el = document.querySelector( '#IC2' );\n\t\t\t\t\t\t\tif( 'IC' != 'SA' && FFADS.slide_pixels ) {\n\t\t\t\t\t\t\t\tmax_wh[1] += parseInt( FFADS.slide_pixels );\n\t\t\t\t\t\t\t\tel.classList.add( 'sliding' );\n\t\t\t\t\t\t\t}\n\t\t\t\t\t\t\tel.style.width = max_wh[0] + 'px';\n\t\t\t\t\t\t\tel.style.height = max_wh[1] + 'px';\n\t\t\t\t\t\t\tel.classList.add( 'fixed-size' );\n\t\t\t\t\t\t}\n\t\t\t\t\t\tgoogletag.cmd.push( function() {\n\t\t\t\t\t\t\tFFADS.debug( 'googletag.displaying IC2' );\n\t\t\t\t\t\t\tgoogletag.display( 'IC2' );\n\t\t\t\t\t\t} );\n\t\t\t\t\t}\n\t\t\t\t\telse {\n\t\t\t\t\t\tdocument.querySelector( '#IC2-ad' ).style.display = 'none';}\n\t\t\t\t<\/script><\/div>\n<\/div>\n<p>Wenn es inzwischen eine weithin akzeptierte Taktik ist, terroristische Vorf\u00e4lle im Inland zu nutzen, um politische Ziele zu erreichen, dann m\u00fcssen sich Liberale und ihre Boten auf Plattformen f\u00fcr diese j\u00fcngsten Vorf\u00e4lle verantworten:<\/p>\n<ul>\n<li>Der New Yorker U-Bahn-Attent\u00e4ter von 2022 war virulent anti-wei\u00df und ein Anh\u00e4nger des Extremismus schwarzer Identit\u00e4t.<\/li>\n<li>Der M\u00f6rder der Waukesha-Weihnachtsparade 2021 schrieb einen Anti-Donald-Trump-Rap, der den Text \u201ef \u2013 the pigs\u201c enthielt.<\/li>\n<li>Der Dayton-Sch\u00fctze von 2019 identifizierte sich selbst als Linker und unterst\u00fctzte Antifa, Elizabeth Warren und Bernie Sanders.<\/li>\n<li>Der Baseball-Sch\u00fctze des Kongresses von 2017 war ein linker Unterst\u00fctzer von Bernie Sanders, der es auf Republikaner abgesehen hatte.<\/li>\n<li>Der Polizeisch\u00fctze von 2016 in Dallas war ein Unterst\u00fctzer von Black Lives Matter und der New Black Panther Party.<\/li>\n<\/ul>\n<p>Kehren wir f\u00fcr einen Moment zu Gastgeber Carlson zur\u00fcck.  Sein n\u00e4chtliches Meinungsnachrichtenprogramm bietet sicherlich scharfe Kommentare, \u00e4hnlich wie es MSNBC und CNN tun, und er wurde mit hohen Einschaltquoten und einem gro\u00dfen und loyalen Publikum belohnt, das sich im Laufe der Zeit aufgebaut hat.<\/p>\n<p>Seine Kritiker, die versuchten, seine n\u00e4chtliche Plattform mit Werbeboykotten, Hetzkampagnen und \u00f6ffentlichem Druck zu zerst\u00f6ren, sind bisher gescheitert.  Aber sie \u00fcbersehen auch absichtlich eine wichtige Tatsache: Carlson hat wiederholt politische Gewalt als Taktik angeprangert, etwas, was die Linke ablehnt (wie wir in den letzten Jahren in den H\u00e4usern von Richtern des Obersten Gerichtshofs und bei Polizeiprotesten gesehen haben).<\/p>\n<p>Wenn man sich Carlsons Showtranskripte und \u00f6ffentliche Aufzeichnungen ansieht, ist es einfach, mindestens 26 F\u00e4lle zu identifizieren, in denen der Moderator politische Gewalt ausdr\u00fccklich und unmissverst\u00e4ndlich anprangerte.  Hier sind f\u00fcnf der j\u00fcngsten Beispiele:<\/p>\n<div id=\"IC3-ad\" class=\"sponsor IC3\">\n<p class=\"ad-notice flipboard-remove\" fl:fl-noexcerpt=\"true\">Werbung \u2013 die Geschichte geht unten weiter<\/p>\n<div id=\"IC3\">\n<script>\n\t\t\t\t\tif( FFADS.units.IC3 && FFADS.units.IC3.ad_type == 'custom' && FFADS.units.IC3.custom_ads && ! getCookie( 'ff_subbed' ) ) {\n\t\t\t\t\t\tdocument.getElementById( 'IC3' ).innerHTML = FFADS.units.IC3.custom_ads[0].code;\n\t\t\t\t\t\tif( ! FFADS.units.IC3.lazy_load ) eval( FFADS.units.IC3.custom_ads[0].rendering_script );\n\t\t\t\t\t}\n\t\t\t\t\telse if( FFADS.units.IC3 && ! getCookie( 'ff_subbed' ) ) {\n\t\t\t\t\t\tif( 'IC' != 'SB' && 'IC' != 'SA' && FFADS.use_fixed_containers ) {\n\t\t\t\t\t\t\tlet max_wh = firefly_size_list_to_max_wh( FFADS.units.IC3.sizes );\n\t\t\t\t\t\t\tlet el = document.querySelector( '#IC3' );\n\t\t\t\t\t\t\tif( 'IC' != 'SA' && FFADS.slide_pixels ) {\n\t\t\t\t\t\t\t\tmax_wh[1] += parseInt( FFADS.slide_pixels );\n\t\t\t\t\t\t\t\tel.classList.add( 'sliding' );\n\t\t\t\t\t\t\t}\n\t\t\t\t\t\t\tel.style.width = max_wh[0] + 'px';\n\t\t\t\t\t\t\tel.style.height = max_wh[1] + 'px';\n\t\t\t\t\t\t\tel.classList.add( 'fixed-size' );\n\t\t\t\t\t\t}\n\t\t\t\t\t\tgoogletag.cmd.push( function() {\n\t\t\t\t\t\t\tFFADS.debug( 'googletag.displaying IC3' );\n\t\t\t\t\t\t\tgoogletag.display( 'IC3' );\n\t\t\t\t\t\t} );\n\t\t\t\t\t}\n\t\t\t\t\telse {\n\t\t\t\t\t\tdocument.querySelector( '#IC3-ad' ).style.display = 'none';}\n\t\t\t\t<\/script><\/div>\n<\/div>\n<blockquote>\n<p><strong>4. Mai 2022<\/strong><\/p>\n<p>CARLSON: Nein, wir sollten uns dieses Zeug nicht gefallen lassen.  Keine Gewalt.  Zeitraum.<\/p>\n<p><strong>6. Januar 2022<\/strong><\/p>\n<p>CARLSON: Wir haben konsequent politische Gewalt jeglicher Art angeprangert, egal wer sie begeht [when] Orte wie Yahoo News gaben den BLM-Randalierern, die Dutzende von Amerikanern get\u00f6tet hatten, einen Passierschein.<\/p>\n<div id=\"IC4-ad\" class=\"sponsor IC4\">\n<p class=\"ad-notice flipboard-remove\" fl:fl-noexcerpt=\"true\">Werbung \u2013 die Geschichte geht unten weiter<\/p>\n<div id=\"IC4\">\n<script>\n\t\t\t\t\tif( FFADS.units.IC4 && FFADS.units.IC4.ad_type == 'custom' && FFADS.units.IC4.custom_ads && ! getCookie( 'ff_subbed' ) ) {\n\t\t\t\t\t\tdocument.getElementById( 'IC4' ).innerHTML = FFADS.units.IC4.custom_ads[0].code;\n\t\t\t\t\t\tif( ! FFADS.units.IC4.lazy_load ) eval( FFADS.units.IC4.custom_ads[0].rendering_script );\n\t\t\t\t\t}\n\t\t\t\t\telse if( FFADS.units.IC4 && ! getCookie( 'ff_subbed' ) ) {\n\t\t\t\t\t\tif( 'IC' != 'SB' && 'IC' != 'SA' && FFADS.use_fixed_containers ) {\n\t\t\t\t\t\t\tlet max_wh = firefly_size_list_to_max_wh( FFADS.units.IC4.sizes );\n\t\t\t\t\t\t\tlet el = document.querySelector( '#IC4' );\n\t\t\t\t\t\t\tif( 'IC' != 'SA' && FFADS.slide_pixels ) {\n\t\t\t\t\t\t\t\tmax_wh[1] += parseInt( FFADS.slide_pixels );\n\t\t\t\t\t\t\t\tel.classList.add( 'sliding' );\n\t\t\t\t\t\t\t}\n\t\t\t\t\t\t\tel.style.width = max_wh[0] + 'px';\n\t\t\t\t\t\t\tel.style.height = max_wh[1] + 'px';\n\t\t\t\t\t\t\tel.classList.add( 'fixed-size' );\n\t\t\t\t\t\t}\n\t\t\t\t\t\tgoogletag.cmd.push( function() {\n\t\t\t\t\t\t\tFFADS.debug( 'googletag.displaying IC4' );\n\t\t\t\t\t\t\tgoogletag.display( 'IC4' );\n\t\t\t\t\t\t} );\n\t\t\t\t\t}\n\t\t\t\t\telse {\n\t\t\t\t\t\tdocument.querySelector( '#IC4-ad' ).style.display = 'none';}\n\t\t\t\t<\/script><\/div>\n<\/div>\n<p><strong>22. Mai 2021<\/strong><\/p>\n<p>Sen.  RON JOHNSON: Nun, ich muss sagen, ich verurteile die Gewalt.  Das machen wir alle.  Es ist widerlich.  Es war absto\u00dfend.<\/p>\n<p>CARLSON: Nat\u00fcrlich.<\/p>\n<p><strong>22. Januar 2021<\/strong><\/p>\n<div id=\"REP_0-ad\" class=\"sponsor REP\">\n<p class=\"ad-notice flipboard-remove\" fl:fl-noexcerpt=\"true\">Werbung \u2013 die Geschichte geht unten weiter<\/p>\n<div id=\"REP_0\">\n<script>\n\t\t\t\t\tif( FFADS.units.IC5 && FFADS.units.IC5.ad_type == 'custom' && FFADS.units.IC5.custom_ads && ! getCookie( 'ff_subbed' ) ) {\n\t\t\t\t\t\tdocument.getElementById( 'REP_0' ).innerHTML = FFADS.units.IC5.custom_ads[0].code;\n\t\t\t\t\t\tif( ! FFADS.units.IC5.lazy_load ) eval( FFADS.units.IC5.custom_ads[0].rendering_script );\n\t\t\t\t\t}\n\t\t\t\t\telse if( FFADS.units.IC5 && ! getCookie( 'ff_subbed' ) ) {\n\t\t\t\t\t\tif( 'RE' != 'SB' && 'RE' != 'SA' && FFADS.use_fixed_containers ) {\n\t\t\t\t\t\t\tlet max_wh = firefly_size_list_to_max_wh( FFADS.units.IC5.sizes );\n\t\t\t\t\t\t\tlet el = document.querySelector( '#REP_0' );\n\t\t\t\t\t\t\tif( 'RE' != 'SA' && FFADS.slide_pixels ) {\n\t\t\t\t\t\t\t\tmax_wh[1] += parseInt( FFADS.slide_pixels );\n\t\t\t\t\t\t\t\tel.classList.add( 'sliding' );\n\t\t\t\t\t\t\t}\n\t\t\t\t\t\t\tel.style.width = max_wh[0] + 'px';\n\t\t\t\t\t\t\tel.style.height = max_wh[1] + 'px';\n\t\t\t\t\t\t\tel.classList.add( 'fixed-size' );\n\t\t\t\t\t\t}\n\t\t\t\t\t\tgoogletag.cmd.push( function() {\n\t\t\t\t\t\t\tFFADS.debug( 'googletag.displaying REP_0' );\n\t\t\t\t\t\t\tgoogletag.display( 'REP_0' );\n\t\t\t\t\t\t} );\n\t\t\t\t\t}\n\t\t\t\t\telse {\n\t\t\t\t\t\tdocument.querySelector( '#REP_0-ad' ).style.display = 'none';}\n\t\t\t\t<\/script><\/div>\n<\/div>\n<p>CARLSON: Nun, wir sind offensichtlich seit dem Tag, an dem die Show ausgestrahlt wurde, gegen Gewalt und Terrorismus.<\/p>\n<p><strong>19. Januar 2021<\/strong><\/p>\n<p>CARLSON: Wir m\u00f6gen keine Mobs.  Wir m\u00f6gen keinen Vandalismus.  Wir m\u00f6gen keine Gewalt.  Wir haben es damals gesagt.  Wir werden es jetzt noch einmal sagen, wir werden nie aufh\u00f6ren, es zu sagen.<\/p>\n<\/blockquote>\n<p>W\u00e4hrend Carlson Gewalt wiederholt verurteilt hat, ignorieren die Linken weiterhin Gewalt und weigern sich, sie zu verurteilen, es sei denn, sie k\u00f6nnen jemandem die Schuld geben, den sie als \u201erechte Figur\u201c definieren.<\/p>\n<div id=\"REP_1-ad\" class=\"sponsor REP\">\n<p class=\"ad-notice flipboard-remove\" fl:fl-noexcerpt=\"true\">Werbung \u2013 die Geschichte geht unten weiter<\/p>\n<div id=\"REP_1\">\n<script>\n\t\t\t\t\tif( FFADS.units.IC5 && FFADS.units.IC5.ad_type == 'custom' && FFADS.units.IC5.custom_ads && ! getCookie( 'ff_subbed' ) ) {\n\t\t\t\t\t\tdocument.getElementById( 'REP_1' ).innerHTML = FFADS.units.IC5.custom_ads[0].code;\n\t\t\t\t\t\tif( ! FFADS.units.IC5.lazy_load ) eval( FFADS.units.IC5.custom_ads[0].rendering_script );\n\t\t\t\t\t}\n\t\t\t\t\telse if( FFADS.units.IC5 && ! getCookie( 'ff_subbed' ) ) {\n\t\t\t\t\t\tif( 'RE' != 'SB' && 'RE' != 'SA' && FFADS.use_fixed_containers ) {\n\t\t\t\t\t\t\tlet max_wh = firefly_size_list_to_max_wh( FFADS.units.IC5.sizes );\n\t\t\t\t\t\t\tlet el = document.querySelector( '#REP_1' );\n\t\t\t\t\t\t\tif( 'RE' != 'SA' && FFADS.slide_pixels ) {\n\t\t\t\t\t\t\t\tmax_wh[1] += parseInt( FFADS.slide_pixels );\n\t\t\t\t\t\t\t\tel.classList.add( 'sliding' );\n\t\t\t\t\t\t\t}\n\t\t\t\t\t\t\tel.style.width = max_wh[0] + 'px';\n\t\t\t\t\t\t\tel.style.height = max_wh[1] + 'px';\n\t\t\t\t\t\t\tel.classList.add( 'fixed-size' );\n\t\t\t\t\t\t}\n\t\t\t\t\t\tgoogletag.cmd.push( function() {\n\t\t\t\t\t\t\tFFADS.debug( 'googletag.displaying REP_1' );\n\t\t\t\t\t\t\tgoogletag.display( 'REP_1' );\n\t\t\t\t\t\t} );\n\t\t\t\t\t}\n\t\t\t\t\telse {\n\t\t\t\t\t\tdocument.querySelector( '#REP_1-ad' ).style.display = 'none';}\n\t\t\t\t<\/script><\/div>\n<\/div>\n<p>Der Massenmord in Buffalo war ein uns\u00e4gliches, rassistisches Verbrechen, das die h\u00e4rteste Strafe verdient, die das Gesetz zul\u00e4sst.  Die Strafverfolgung muss untersuchen, warum der Sch\u00fctze legal in der Lage war, eine Waffe zu kaufen, nachdem er zuvor Drohungen gegen eine Schule ausgesprochen hatte.  Liberale und Progressive sollten ihre Aufmerksamkeit auf 4Chan- und White-Supremacist-Websites richten, die der Sch\u00fctze ausdr\u00fccklich als Ursache f\u00fcr seinen Rassismus und Hass anf\u00fchrt.<\/p>\n<p>Fakten z\u00e4hlen \u2013 oder sollten es zumindest.<\/p>\n<p class=\"article-ask\"><span class=\"ask\"><script>\n  if( getParameterByName( \"utm_source\" ) == \"testpage\" ) {\n    !function(e,t,a,n,g){e[n]=e[n]||[],e[n].push({\"gtm.start\":(new Date).getTime(),event:\"gtm.js\"});var m=t.getElementsByTagName(a)[0],r=t.createElement(a);r.async=!0,r.src=\"https:\/\/www.googletagmanager.com\/gtm.js?id=GTM-PL4PD49\",m.parentNode.insertBefore(r,m)}(window.parent,window.parent.document,\"script\",\"dataLayer\");\n    var iframe=window.parent.document.createElement(\"iframe\");iframe.src=\"https:\/\/www.googletagmanager.com\/ns.html?id=GTM-PL4PD49\";iframe.height=\"0\";iframe.width=\"0\";iframe.style=\"display:none;visibility:hidden\";window.parent.document.body.appendChild(iframe);\n    window.parent[\"$$mm-analytics\"] = window.parent[\"$$mm-analytics\"] || {};if (typeof window.parent[\"$$mm-analytics\"].firstEmbed === \"undefined\") {window.parent[\"$$mm-analytics\"].firstEmbed = Date.now();}\n    let as1 = document.createElement( \"script\" );\n    as1.src = \"https:\/\/bucket1.mm-syringe.com\/prod\/configs\/ee2300c8-43d2-7f0b-dac0-40aaf31c9d3d.js\";\n    document.body.appendChild( as1 );\n    let as2 = document.createElement( \"script\" );\n    as2.src = \"https:\/\/bucket1.mm-syringe.com\/prod\/injector\/injector.1.5.3.js\";\n    document.body.appendChild( as2 );\n  }\n<\/script><\/p>\n<div class=\"apester-media\" data-token=\"5f10a39f94902bc81d3d59a7\" data-context=\"true\" data-tags=\"\" data-fallback=\"true\" height=\"350\"><\/div>\n<p><script id=\"apester_script\" src=\"https:\/\/static.apester.com\/js\/sdk\/latest\/apester-sdk.js\" async><\/script><script async src=\"https:\/\/www.googletagmanager.com\/gtag\/js?id=G-EFE91RJVSQ\"><\/script><script>\n  window.dataLayer = window.dataLayer || [];\n  function gtag(){dataLayer.push(arguments);}\n  gtag(\\'js\\', new Date());\n  gtag(\\'config\\', \\'G-EFE91RJVSQ\\');\n<\/script><\/span><\/p>\n<\/div>\n<p><br \/>\n<br \/><a href=\"https:\/\/www.thegatewaypundit.com\/2022\/05\/buffalo-mass-murderers-manifesto-disproves-carlson-responsibility\/\">Source link <\/a><\/p>\n","protected":false},"excerpt":{"rendered":"<p>Dr. Jill und Joe Biden diese Woche in Buffalo (TGP-Screengrab) Von Matt Mackowiakmit Genehmigung zur Neuver\u00f6ffentlichung von Real Clear Politics Die Linke in Amerika hat einen Instinkt, schreckliche Ereignisse f\u00fcr ihre eigenen Zwecke zu nutzen, um ihnen zu helfen, das zu erreichen, was sie bereits mit anderen Mitteln versuchten. Die Massenerschie\u00dfung am Wochenende in Buffalo, [&hellip;]<\/p>\n","protected":false},"author":5,"featured_media":8369,"comment_status":"open","ping_status":"open","sticky":false,"template":"","format":"standard","meta":{"wp_automatic_camp":["1161"],"17e8305e5b01bd21bc38fc1df3a58493":["Das Manifest des Massenm\u00f6rders von Buffalo widerlegt die Verantwortung von Carlson\n"],"original_link":["https:\/\/www.thegatewaypundit.com\/2022\/05\/buffalo-mass-murderers-manifesto-disproves-carlson-responsibility\/"],"_thumbnail_id":["8369"],"wp_automatic_remove_first_image":["yes"],"jnews_social_counter_last_update":["1777561627"]},"categories":[25],"tags":[20178,10167,427,583,45,8769,21097,12597,50,21098],"yoast_head":"<!-- This site is optimized with the Yoast SEO Premium plugin v22.7 (Yoast SEO v22.7) - https:\/\/yoast.com\/wordpress\/plugins\/seo\/ -->\n<title>Das Manifest des Massenm\u00f6rders von Buffalo widerlegt die Verantwortung von Carlson - just-now.NEWS Deutschland<\/title>\n<meta name=\"robots\" content=\"index, follow, max-snippet:-1, max-image-preview:large, max-video-preview:-1\" \/>\n<link rel=\"canonical\" href=\"https:\/\/now-news.de\/de\/usa\/das-manifest-des-massenmoerders-von-buffalo-widerlegt-die-verantwortung-von-carlson\/\" \/>\n<meta property=\"og:locale\" content=\"de_DE\" \/>\n<meta property=\"og:type\" content=\"article\" \/>\n<meta property=\"og:title\" content=\"Das Manifest des Massenm\u00f6rders von Buffalo widerlegt die Verantwortung von Carlson\" \/>\n<meta property=\"og:description\" content=\"Dr. Jill und Joe Biden diese Woche in Buffalo (TGP-Screengrab) Von Matt Mackowiakmit Genehmigung zur Neuver\u00f6ffentlichung von Real Clear Politics Die Linke in Amerika hat einen Instinkt, schreckliche Ereignisse f\u00fcr ihre eigenen Zwecke zu nutzen, um ihnen zu helfen, das zu erreichen, was sie bereits mit anderen Mitteln versuchten. Die Massenerschie\u00dfung am Wochenende in Buffalo, [&hellip;]\" \/>\n<meta property=\"og:url\" content=\"https:\/\/now-news.de\/de\/usa\/das-manifest-des-massenmoerders-von-buffalo-widerlegt-die-verantwortung-von-carlson\/\" \/>\n<meta property=\"og:site_name\" content=\"just-now.NEWS Deutschland\" \/>\n<meta property=\"article:publisher\" content=\"https:\/\/www.facebook.com\/wirmachenauf\" \/>\n<meta property=\"article:published_time\" content=\"2022-05-20T14:32:00+00:00\" \/>\n<meta property=\"og:image\" content=\"https:\/\/now-news.de\/de\/wp-content\/uploads\/sites\/3\/2022\/05\/Das-Manifest-des-Massenmoerders-von-Buffalo-widerlegt-die-Verantwortung-von.jpg\" \/>\n\t<meta property=\"og:image:width\" content=\"799\" \/>\n\t<meta property=\"og:image:height\" content=\"564\" \/>\n\t<meta property=\"og:image:type\" content=\"image\/jpeg\" \/>\n<meta name=\"author\" content=\"greatreset\" \/>\n<meta name=\"twitter:card\" content=\"summary_large_image\" \/>\n<meta name=\"twitter:creator\" content=\"@WirMachenAuf_de\" \/>\n<meta name=\"twitter:site\" content=\"@WirMachenAuf_de\" \/>\n<meta name=\"twitter:label1\" content=\"Verfasst von\" \/>\n\t<meta name=\"twitter:data1\" content=\"greatreset\" \/>\n\t<meta name=\"twitter:label2\" content=\"Gesch\u00e4tzte Lesezeit\" \/>\n\t<meta name=\"twitter:data2\" content=\"4\u00a0Minuten\" \/>\n<script type=\"application\/ld+json\" class=\"yoast-schema-graph\">{\"@context\":\"https:\/\/schema.org\",\"@graph\":[{\"@type\":\"Article\",\"@id\":\"https:\/\/now-news.de\/de\/usa\/das-manifest-des-massenmoerders-von-buffalo-widerlegt-die-verantwortung-von-carlson\/#article\",\"isPartOf\":{\"@id\":\"https:\/\/now-news.de\/de\/usa\/das-manifest-des-massenmoerders-von-buffalo-widerlegt-die-verantwortung-von-carlson\/\"},\"author\":{\"name\":\"greatreset\",\"@id\":\"https:\/\/now-news.de\/de\/#\/schema\/person\/8afb4cd92b68572db7902c13a349ffcb\"},\"headline\":\"Das Manifest des Massenm\u00f6rders von Buffalo widerlegt die Verantwortung von Carlson\",\"datePublished\":\"2022-05-20T14:32:00+00:00\",\"dateModified\":\"2022-05-20T14:32:00+00:00\",\"mainEntityOfPage\":{\"@id\":\"https:\/\/now-news.de\/de\/usa\/das-manifest-des-massenmoerders-von-buffalo-widerlegt-die-verantwortung-von-carlson\/\"},\"wordCount\":853,\"commentCount\":0,\"publisher\":{\"@id\":\"https:\/\/now-news.de\/de\/#organization\"},\"image\":{\"@id\":\"https:\/\/now-news.de\/de\/usa\/das-manifest-des-massenmoerders-von-buffalo-widerlegt-die-verantwortung-von-carlson\/#primaryimage\"},\"thumbnailUrl\":\"https:\/\/now-news.de\/de\/wp-content\/uploads\/sites\/3\/2022\/05\/Das-Manifest-des-Massenmoerders-von-Buffalo-widerlegt-die-Verantwortung-von.jpg\",\"keywords\":[\"Buffalo\",\"Carlson\",\"das\",\"des\",\"die\",\"manifest\",\"Massenm\u00f6rders\",\"Verantwortung\",\"von\",\"widerlegt\"],\"articleSection\":[\"USA\"],\"inLanguage\":\"de\",\"potentialAction\":[{\"@type\":\"CommentAction\",\"name\":\"Comment\",\"target\":[\"https:\/\/now-news.de\/de\/usa\/das-manifest-des-massenmoerders-von-buffalo-widerlegt-die-verantwortung-von-carlson\/#respond\"]}]},{\"@type\":\"WebPage\",\"@id\":\"https:\/\/now-news.de\/de\/usa\/das-manifest-des-massenmoerders-von-buffalo-widerlegt-die-verantwortung-von-carlson\/\",\"url\":\"https:\/\/now-news.de\/de\/usa\/das-manifest-des-massenmoerders-von-buffalo-widerlegt-die-verantwortung-von-carlson\/\",\"name\":\"Das Manifest des Massenm\u00f6rders von Buffalo widerlegt die Verantwortung von Carlson - just-now.NEWS Deutschland\",\"isPartOf\":{\"@id\":\"https:\/\/now-news.de\/de\/#website\"},\"primaryImageOfPage\":{\"@id\":\"https:\/\/now-news.de\/de\/usa\/das-manifest-des-massenmoerders-von-buffalo-widerlegt-die-verantwortung-von-carlson\/#primaryimage\"},\"image\":{\"@id\":\"https:\/\/now-news.de\/de\/usa\/das-manifest-des-massenmoerders-von-buffalo-widerlegt-die-verantwortung-von-carlson\/#primaryimage\"},\"thumbnailUrl\":\"https:\/\/now-news.de\/de\/wp-content\/uploads\/sites\/3\/2022\/05\/Das-Manifest-des-Massenmoerders-von-Buffalo-widerlegt-die-Verantwortung-von.jpg\",\"datePublished\":\"2022-05-20T14:32:00+00:00\",\"dateModified\":\"2022-05-20T14:32:00+00:00\",\"breadcrumb\":{\"@id\":\"https:\/\/now-news.de\/de\/usa\/das-manifest-des-massenmoerders-von-buffalo-widerlegt-die-verantwortung-von-carlson\/#breadcrumb\"},\"inLanguage\":\"de\",\"potentialAction\":[{\"@type\":\"ReadAction\",\"target\":[\"https:\/\/now-news.de\/de\/usa\/das-manifest-des-massenmoerders-von-buffalo-widerlegt-die-verantwortung-von-carlson\/\"]}]},{\"@type\":\"ImageObject\",\"inLanguage\":\"de\",\"@id\":\"https:\/\/now-news.de\/de\/usa\/das-manifest-des-massenmoerders-von-buffalo-widerlegt-die-verantwortung-von-carlson\/#primaryimage\",\"url\":\"https:\/\/now-news.de\/de\/wp-content\/uploads\/sites\/3\/2022\/05\/Das-Manifest-des-Massenmoerders-von-Buffalo-widerlegt-die-Verantwortung-von.jpg\",\"contentUrl\":\"https:\/\/now-news.de\/de\/wp-content\/uploads\/sites\/3\/2022\/05\/Das-Manifest-des-Massenmoerders-von-Buffalo-widerlegt-die-Verantwortung-von.jpg\",\"width\":799,\"height\":564},{\"@type\":\"BreadcrumbList\",\"@id\":\"https:\/\/now-news.de\/de\/usa\/das-manifest-des-massenmoerders-von-buffalo-widerlegt-die-verantwortung-von-carlson\/#breadcrumb\",\"itemListElement\":[{\"@type\":\"ListItem\",\"position\":1,\"name\":\"Home\",\"item\":\"https:\/\/now-news.de\/de\/\"},{\"@type\":\"ListItem\",\"position\":2,\"name\":\"Das Manifest des Massenm\u00f6rders von Buffalo widerlegt die Verantwortung von Carlson\"}]},{\"@type\":\"WebSite\",\"@id\":\"https:\/\/now-news.de\/de\/#website\",\"url\":\"https:\/\/now-news.de\/de\/\",\"name\":\"just-now.NEWS Deutschland\",\"description\":\"Das Portal f\u00fcr unzensierte Nachrichten aus der Welt\",\"publisher\":{\"@id\":\"https:\/\/now-news.de\/de\/#organization\"},\"potentialAction\":[{\"@type\":\"SearchAction\",\"target\":{\"@type\":\"EntryPoint\",\"urlTemplate\":\"https:\/\/now-news.de\/de\/?s={search_term_string}\"},\"query-input\":\"required name=search_term_string\"}],\"inLanguage\":\"de\"},{\"@type\":\"Organization\",\"@id\":\"https:\/\/now-news.de\/de\/#organization\",\"name\":\"Just Now News\",\"url\":\"https:\/\/now-news.de\/de\/\",\"logo\":{\"@type\":\"ImageObject\",\"inLanguage\":\"de\",\"@id\":\"https:\/\/now-news.de\/de\/#\/schema\/logo\/image\/\",\"url\":\"http:\/\/just-now.news\/de\/wp-content\/uploads\/sites\/3\/2022\/04\/logo500x500.jpg\",\"contentUrl\":\"http:\/\/just-now.news\/de\/wp-content\/uploads\/sites\/3\/2022\/04\/logo500x500.jpg\",\"width\":500,\"height\":500,\"caption\":\"Just Now News\"},\"image\":{\"@id\":\"https:\/\/now-news.de\/de\/#\/schema\/logo\/image\/\"},\"sameAs\":[\"https:\/\/www.facebook.com\/wirmachenauf\",\"https:\/\/x.com\/WirMachenAuf_de\"]},{\"@type\":\"Person\",\"@id\":\"https:\/\/now-news.de\/de\/#\/schema\/person\/8afb4cd92b68572db7902c13a349ffcb\",\"name\":\"greatreset\",\"image\":{\"@type\":\"ImageObject\",\"inLanguage\":\"de\",\"@id\":\"https:\/\/now-news.de\/de\/#\/schema\/person\/image\/\",\"url\":\"https:\/\/secure.gravatar.com\/avatar\/a088df625d49991c090e78c8b9542592?s=96&d=mm&r=g\",\"contentUrl\":\"https:\/\/secure.gravatar.com\/avatar\/a088df625d49991c090e78c8b9542592?s=96&d=mm&r=g\",\"caption\":\"greatreset\"},\"url\":\"https:\/\/now-news.de\/de\/author\/greatreset\/\"}]}<\/script>\n<!-- \/ Yoast SEO Premium plugin. -->","yoast_head_json":{"title":"Das Manifest des Massenm\u00f6rders von Buffalo widerlegt die Verantwortung von Carlson - just-now.NEWS Deutschland","robots":{"index":"index","follow":"follow","max-snippet":"max-snippet:-1","max-image-preview":"max-image-preview:large","max-video-preview":"max-video-preview:-1"},"canonical":"https:\/\/now-news.de\/de\/usa\/das-manifest-des-massenmoerders-von-buffalo-widerlegt-die-verantwortung-von-carlson\/","og_locale":"de_DE","og_type":"article","og_title":"Das Manifest des Massenm\u00f6rders von Buffalo widerlegt die Verantwortung von Carlson","og_description":"Dr. Jill und Joe Biden diese Woche in Buffalo (TGP-Screengrab) Von Matt Mackowiakmit Genehmigung zur Neuver\u00f6ffentlichung von Real Clear Politics Die Linke in Amerika hat einen Instinkt, schreckliche Ereignisse f\u00fcr ihre eigenen Zwecke zu nutzen, um ihnen zu helfen, das zu erreichen, was sie bereits mit anderen Mitteln versuchten. Die Massenerschie\u00dfung am Wochenende in Buffalo, [&hellip;]","og_url":"https:\/\/now-news.de\/de\/usa\/das-manifest-des-massenmoerders-von-buffalo-widerlegt-die-verantwortung-von-carlson\/","og_site_name":"just-now.NEWS Deutschland","article_publisher":"https:\/\/www.facebook.com\/wirmachenauf","article_published_time":"2022-05-20T14:32:00+00:00","og_image":[{"width":799,"height":564,"url":"https:\/\/now-news.de\/de\/wp-content\/uploads\/sites\/3\/2022\/05\/Das-Manifest-des-Massenmoerders-von-Buffalo-widerlegt-die-Verantwortung-von.jpg","type":"image\/jpeg"}],"author":"greatreset","twitter_card":"summary_large_image","twitter_creator":"@WirMachenAuf_de","twitter_site":"@WirMachenAuf_de","twitter_misc":{"Verfasst von":"greatreset","Gesch\u00e4tzte Lesezeit":"4\u00a0Minuten"},"schema":{"@context":"https:\/\/schema.org","@graph":[{"@type":"Article","@id":"https:\/\/now-news.de\/de\/usa\/das-manifest-des-massenmoerders-von-buffalo-widerlegt-die-verantwortung-von-carlson\/#article","isPartOf":{"@id":"https:\/\/now-news.de\/de\/usa\/das-manifest-des-massenmoerders-von-buffalo-widerlegt-die-verantwortung-von-carlson\/"},"author":{"name":"greatreset","@id":"https:\/\/now-news.de\/de\/#\/schema\/person\/8afb4cd92b68572db7902c13a349ffcb"},"headline":"Das Manifest des Massenm\u00f6rders von Buffalo widerlegt die Verantwortung von Carlson","datePublished":"2022-05-20T14:32:00+00:00","dateModified":"2022-05-20T14:32:00+00:00","mainEntityOfPage":{"@id":"https:\/\/now-news.de\/de\/usa\/das-manifest-des-massenmoerders-von-buffalo-widerlegt-die-verantwortung-von-carlson\/"},"wordCount":853,"commentCount":0,"publisher":{"@id":"https:\/\/now-news.de\/de\/#organization"},"image":{"@id":"https:\/\/now-news.de\/de\/usa\/das-manifest-des-massenmoerders-von-buffalo-widerlegt-die-verantwortung-von-carlson\/#primaryimage"},"thumbnailUrl":"https:\/\/now-news.de\/de\/wp-content\/uploads\/sites\/3\/2022\/05\/Das-Manifest-des-Massenmoerders-von-Buffalo-widerlegt-die-Verantwortung-von.jpg","keywords":["Buffalo","Carlson","das","des","die","manifest","Massenm\u00f6rders","Verantwortung","von","widerlegt"],"articleSection":["USA"],"inLanguage":"de","potentialAction":[{"@type":"CommentAction","name":"Comment","target":["https:\/\/now-news.de\/de\/usa\/das-manifest-des-massenmoerders-von-buffalo-widerlegt-die-verantwortung-von-carlson\/#respond"]}]},{"@type":"WebPage","@id":"https:\/\/now-news.de\/de\/usa\/das-manifest-des-massenmoerders-von-buffalo-widerlegt-die-verantwortung-von-carlson\/","url":"https:\/\/now-news.de\/de\/usa\/das-manifest-des-massenmoerders-von-buffalo-widerlegt-die-verantwortung-von-carlson\/","name":"Das Manifest des Massenm\u00f6rders von Buffalo widerlegt die Verantwortung von Carlson - just-now.NEWS Deutschland","isPartOf":{"@id":"https:\/\/now-news.de\/de\/#website"},"primaryImageOfPage":{"@id":"https:\/\/now-news.de\/de\/usa\/das-manifest-des-massenmoerders-von-buffalo-widerlegt-die-verantwortung-von-carlson\/#primaryimage"},"image":{"@id":"https:\/\/now-news.de\/de\/usa\/das-manifest-des-massenmoerders-von-buffalo-widerlegt-die-verantwortung-von-carlson\/#primaryimage"},"thumbnailUrl":"https:\/\/now-news.de\/de\/wp-content\/uploads\/sites\/3\/2022\/05\/Das-Manifest-des-Massenmoerders-von-Buffalo-widerlegt-die-Verantwortung-von.jpg","datePublished":"2022-05-20T14:32:00+00:00","dateModified":"2022-05-20T14:32:00+00:00","breadcrumb":{"@id":"https:\/\/now-news.de\/de\/usa\/das-manifest-des-massenmoerders-von-buffalo-widerlegt-die-verantwortung-von-carlson\/#breadcrumb"},"inLanguage":"de","potentialAction":[{"@type":"ReadAction","target":["https:\/\/now-news.de\/de\/usa\/das-manifest-des-massenmoerders-von-buffalo-widerlegt-die-verantwortung-von-carlson\/"]}]},{"@type":"ImageObject","inLanguage":"de","@id":"https:\/\/now-news.de\/de\/usa\/das-manifest-des-massenmoerders-von-buffalo-widerlegt-die-verantwortung-von-carlson\/#primaryimage","url":"https:\/\/now-news.de\/de\/wp-content\/uploads\/sites\/3\/2022\/05\/Das-Manifest-des-Massenmoerders-von-Buffalo-widerlegt-die-Verantwortung-von.jpg","contentUrl":"https:\/\/now-news.de\/de\/wp-content\/uploads\/sites\/3\/2022\/05\/Das-Manifest-des-Massenmoerders-von-Buffalo-widerlegt-die-Verantwortung-von.jpg","width":799,"height":564},{"@type":"BreadcrumbList","@id":"https:\/\/now-news.de\/de\/usa\/das-manifest-des-massenmoerders-von-buffalo-widerlegt-die-verantwortung-von-carlson\/#breadcrumb","itemListElement":[{"@type":"ListItem","position":1,"name":"Home","item":"https:\/\/now-news.de\/de\/"},{"@type":"ListItem","position":2,"name":"Das Manifest des Massenm\u00f6rders von Buffalo widerlegt die Verantwortung von Carlson"}]},{"@type":"WebSite","@id":"https:\/\/now-news.de\/de\/#website","url":"https:\/\/now-news.de\/de\/","name":"just-now.NEWS Deutschland","description":"Das Portal f\u00fcr unzensierte Nachrichten aus der Welt","publisher":{"@id":"https:\/\/now-news.de\/de\/#organization"},"potentialAction":[{"@type":"SearchAction","target":{"@type":"EntryPoint","urlTemplate":"https:\/\/now-news.de\/de\/?s={search_term_string}"},"query-input":"required name=search_term_string"}],"inLanguage":"de"},{"@type":"Organization","@id":"https:\/\/now-news.de\/de\/#organization","name":"Just Now News","url":"https:\/\/now-news.de\/de\/","logo":{"@type":"ImageObject","inLanguage":"de","@id":"https:\/\/now-news.de\/de\/#\/schema\/logo\/image\/","url":"http:\/\/just-now.news\/de\/wp-content\/uploads\/sites\/3\/2022\/04\/logo500x500.jpg","contentUrl":"http:\/\/just-now.news\/de\/wp-content\/uploads\/sites\/3\/2022\/04\/logo500x500.jpg","width":500,"height":500,"caption":"Just Now News"},"image":{"@id":"https:\/\/now-news.de\/de\/#\/schema\/logo\/image\/"},"sameAs":["https:\/\/www.facebook.com\/wirmachenauf","https:\/\/x.com\/WirMachenAuf_de"]},{"@type":"Person","@id":"https:\/\/now-news.de\/de\/#\/schema\/person\/8afb4cd92b68572db7902c13a349ffcb","name":"greatreset","image":{"@type":"ImageObject","inLanguage":"de","@id":"https:\/\/now-news.de\/de\/#\/schema\/person\/image\/","url":"https:\/\/secure.gravatar.com\/avatar\/a088df625d49991c090e78c8b9542592?s=96&d=mm&r=g","contentUrl":"https:\/\/secure.gravatar.com\/avatar\/a088df625d49991c090e78c8b9542592?s=96&d=mm&r=g","caption":"greatreset"},"url":"https:\/\/now-news.de\/de\/author\/greatreset\/"}]}},"_links":{"self":[{"href":"https:\/\/now-news.de\/de\/wp-json\/wp\/v2\/posts\/8368"}],"collection":[{"href":"https:\/\/now-news.de\/de\/wp-json\/wp\/v2\/posts"}],"about":[{"href":"https:\/\/now-news.de\/de\/wp-json\/wp\/v2\/types\/post"}],"author":[{"embeddable":true,"href":"https:\/\/now-news.de\/de\/wp-json\/wp\/v2\/users\/5"}],"replies":[{"embeddable":true,"href":"https:\/\/now-news.de\/de\/wp-json\/wp\/v2\/comments?post=8368"}],"version-history":[{"count":0,"href":"https:\/\/now-news.de\/de\/wp-json\/wp\/v2\/posts\/8368\/revisions"}],"wp:featuredmedia":[{"embeddable":true,"href":"https:\/\/now-news.de\/de\/wp-json\/wp\/v2\/media\/8369"}],"wp:attachment":[{"href":"https:\/\/now-news.de\/de\/wp-json\/wp\/v2\/media?parent=8368"}],"wp:term":[{"taxonomy":"category","embeddable":true,"href":"https:\/\/now-news.de\/de\/wp-json\/wp\/v2\/categories?post=8368"},{"taxonomy":"post_tag","embeddable":true,"href":"https:\/\/now-news.de\/de\/wp-json\/wp\/v2\/tags?post=8368"}],"curies":[{"name":"wp","href":"https:\/\/api.w.org\/{rel}","templated":true}]}}