{"id":83643,"date":"2025-05-12T21:20:10","date_gmt":"2025-05-12T19:20:10","guid":{"rendered":"https:\/\/now-news.de\/de\/deutschland\/orban-eu-beitritt-der-ukraine-waere-ein-schlechter-deal\/"},"modified":"2025-05-12T21:20:10","modified_gmt":"2025-05-12T19:20:10","slug":"orban-eu-beitritt-der-ukraine-waere-ein-schlechter-deal","status":"publish","type":"post","link":"https:\/\/now-news.de\/de\/deutschland\/orban-eu-beitritt-der-ukraine-waere-ein-schlechter-deal\/","title":{"rendered":"Orb\u00e1n: EU-Beitritt der Ukraine w\u00e4re ein schlechter Deal"},"content":{"rendered":"<p><img decoding=\"async\" src=\"https:\/\/now-news.de\/de\/wp-content\/uploads\/sites\/3\/2025\/05\/6821f90db480cc5ba74e6f75.jpg\" \/><\/p>\n<div class=\"Text-root Text-type_1 \">\n                Wenn die Ukraine in die EU aufgenommen wird, kommt auch der Krieg mit, schreibt Viktor Orb\u00e1n in einem sozialen Netzwerk. F\u00fcr die Gemeinschaft werde die Aufnahme des Landes keinen Nutzen bringen, sondern eine wirtschaftliche Belastung darstellen. \u00a0\n            <\/div>\n<p><\/p>\n<div class=\"Text-root Text-type_5 ArticleView-text ViewText-root \">\n<p>Ungarns Ministerpr\u00e4sident Viktor Orb\u00e1n \u00e4u\u00dfert sich erneut kritisch zu Pl\u00e4nen der Europ\u00e4ischen Union, die Ukraine in die Gemeinschaft aufzunehmen. Dies w\u00fcrde einen Krieg und wirtschaftliche Schwierigkeiten mit sich bringen, schreibt er in einem auf Facebook ver\u00f6ffentlichten Beitrag. &#8220;Wir als Nachbarland der Ukraine sind der Meinung, dass mit der Integration der Ukraine auch der Krieg integriert wird&#8221;, f\u00fcgt der Politiker hinzu.<\/p>\n<p>Noch nie zuvor habe die EU ein Land aufgenommen, das sich im Kriegszustand befinde, so der ungarische Premier. &#8220;Und wir haben gute Gr\u00fcnde daf\u00fcr.&#8221; Dar\u00fcber hinaus w\u00fcrde die Mitgliedschaft der Ukraine eine wirtschaftliche Belastung darstellen, die andere EU-Staaten nicht tragen k\u00f6nnten.<\/p>\n<p>In der Vergangenheit habe die Aufnahme aller mitteleurop\u00e4ischen L\u00e4nder Vorteile f\u00fcr die EU gebracht, betont Orb\u00e1n.<\/p>\n<p>Hierbei f\u00fchrt er aus:<\/p>\n<blockquote>\n<p><em>&#8220;Anders ist die Situation allerdings in der Ukraine. Daraus ergibt sich kein Nutzen. Das ist ein schlechtes Gesch\u00e4ft. Agrarkrise. Arbeitslosigkeit. \u00dcberschuldung. Sinkender Lebensstandard. Warum sollten wir das tun?&#8221;<\/em><\/p>\n<\/blockquote>\n<p>Mitte April startete in Ungarn eine allgemeine Bev\u00f6lkerungsumfrage zum EU-Beitritt der Ukraine. Die Frageb\u00f6gen dazu werden per Post versandt. Die ungarischen B\u00fcrger haben eine Frage zu beantworten: &#8220;Unterst\u00fctzen Sie die Mitgliedschaft der Ukraine in der EU?&#8221; Die Antwort kann &#8220;Ja&#8221; oder &#8220;Nein&#8221; lauten.<\/p>\n<p>Sobald die Umfrage im Juni abgeschlossen ist, werden ihre Ergebnisse nach Br\u00fcssel \u00fcbermittelt. Anders als bei Referenden gibt es bei derartigen Befragungen in Ungarn keine Mindestbeteiligungsschwelle.<\/p>\n<p>Zuvor erkl\u00e4rte Orb\u00e1n, Br\u00fcssel wolle, dass die Ukraine bis 2030 ein EU-Mitgliedsstaat werde. Das letzte Wort habe jedoch Budapest. Ungarns Regierungschef vertritt die Ansicht, dass die Aufnahme der Ukraine in die Gemeinschaft die ungarische Wirtschaft zerst\u00f6ren w\u00fcrde.<\/p>\n<p>Laut Orb\u00e1n wolle die EU der Ukraine nicht helfen, sondern sie zu einer Kolonie machen. Eine der Methoden daf\u00fcr sei, dass Br\u00fcssel Kiew zur Fortsetzung des Konflikts gegen Russland zwinge.<\/p>\n<p><strong>Mehr zum Thema<\/strong> &#8211; <a rel=\"nofollow noopener\" target=\"_blank\" href=\"https:\/\/freedert.online\/kurzclips\/video\/244685-orban-eu-ist-von-kriegspsychose\/\">Orb\u00e1n: &#8220;Die EU ist von einer Kriegspsychose befallen&#8221;<\/a><\/p>\n<div class=\"EmbedBlock-root EmbedBlock-externalVideo EmbedBlock-rumble\">\n<div class=\"VkEmbed\"><iframe class=\"lazyload\" data-src=\"https:\/\/rumble.com\/embed\/v6r2zf3\" frameborder=\"0\" width=\"853\" height=\"480\" allowfullscreen><\/iframe><\/div>\n<\/div>\n<\/div>\n<p><br \/>\n<br \/><a href=\"https:\/\/de.rt.com\/international\/244756-orban-eu-beitritt-ukraine-waere\/\">Source link <\/a><\/p>\n","protected":false},"excerpt":{"rendered":"<p>Wenn die Ukraine in die EU aufgenommen wird, kommt auch der Krieg mit, schreibt Viktor Orb\u00e1n in einem sozialen Netzwerk. F\u00fcr die Gemeinschaft werde die Aufnahme des Landes keinen Nutzen bringen, sondern eine wirtschaftliche Belastung darstellen. \u00a0 Ungarns Ministerpr\u00e4sident Viktor Orb\u00e1n \u00e4u\u00dfert sich erneut kritisch zu Pl\u00e4nen der Europ\u00e4ischen Union, die Ukraine in die Gemeinschaft [&hellip;]<\/p>\n","protected":false},"author":3,"featured_media":83644,"comment_status":"open","ping_status":"open","sticky":false,"template":"","format":"standard","meta":{"_yoast_indexnow_last_ping":["1747078392"],"wp_automatic_camp":["217"],"5683e352e2577e8238dd2e0d60a868ea":["Orb\u00e1n: EU-Beitritt der Ukraine w\u00e4re ein schlechter Deal"],"original_link":["https:\/\/de.rt.com\/international\/244756-orban-eu-beitritt-ukraine-waere\/"],"_thumbnail_id":["83644"],"jnews_social_counter_last_update":["1777301604"],"_wptgpro_p2tg_sent2tg":["a:1:{i:23737;s:19:\"2025-05-12 21:34:05\";}"]},"categories":[19,23],"tags":[3537,82,357,19540,6397,20682,127,7156],"yoast_head":"<!-- This site is optimized with the Yoast SEO Premium plugin v22.7 (Yoast SEO v22.7) - https:\/\/yoast.com\/wordpress\/plugins\/seo\/ -->\n<title>Orb\u00e1n: EU-Beitritt der Ukraine w\u00e4re ein schlechter Deal - just-now.NEWS Deutschland<\/title>\n<meta name=\"robots\" content=\"index, follow, max-snippet:-1, max-image-preview:large, max-video-preview:-1\" \/>\n<link rel=\"canonical\" href=\"https:\/\/now-news.de\/de\/deutschland\/orban-eu-beitritt-der-ukraine-waere-ein-schlechter-deal\/\" \/>\n<meta property=\"og:locale\" content=\"de_DE\" \/>\n<meta property=\"og:type\" content=\"article\" \/>\n<meta property=\"og:title\" content=\"Orb\u00e1n: EU-Beitritt der Ukraine w\u00e4re ein schlechter Deal\" \/>\n<meta property=\"og:description\" content=\"Wenn die Ukraine in die EU aufgenommen wird, kommt auch der Krieg mit, schreibt Viktor Orb\u00e1n in einem sozialen Netzwerk. F\u00fcr die Gemeinschaft werde die Aufnahme des Landes keinen Nutzen bringen, sondern eine wirtschaftliche Belastung darstellen. \u00a0 Ungarns Ministerpr\u00e4sident Viktor Orb\u00e1n \u00e4u\u00dfert sich erneut kritisch zu Pl\u00e4nen der Europ\u00e4ischen Union, die Ukraine in die Gemeinschaft [&hellip;]\" \/>\n<meta property=\"og:url\" content=\"https:\/\/now-news.de\/de\/deutschland\/orban-eu-beitritt-der-ukraine-waere-ein-schlechter-deal\/\" \/>\n<meta property=\"og:site_name\" content=\"just-now.NEWS Deutschland\" \/>\n<meta property=\"article:publisher\" content=\"https:\/\/www.facebook.com\/wirmachenauf\" \/>\n<meta property=\"article:published_time\" content=\"2025-05-12T19:20:10+00:00\" \/>\n<meta property=\"og:image\" content=\"https:\/\/now-news.de\/de\/wp-content\/uploads\/sites\/3\/2025\/05\/6821f90db480cc5ba74e6f75.jpg\" \/>\n<meta name=\"author\" content=\"rtnews\" \/>\n<meta name=\"twitter:card\" content=\"summary_large_image\" \/>\n<meta name=\"twitter:creator\" content=\"@WirMachenAuf_de\" \/>\n<meta name=\"twitter:site\" content=\"@WirMachenAuf_de\" \/>\n<meta name=\"twitter:label1\" content=\"Verfasst von\" \/>\n\t<meta name=\"twitter:data1\" content=\"rtnews\" \/>\n\t<meta name=\"twitter:label2\" content=\"Gesch\u00e4tzte Lesezeit\" \/>\n\t<meta name=\"twitter:data2\" content=\"2\u00a0Minuten\" \/>\n<script type=\"application\/ld+json\" class=\"yoast-schema-graph\">{\"@context\":\"https:\/\/schema.org\",\"@graph\":[{\"@type\":\"Article\",\"@id\":\"https:\/\/now-news.de\/de\/deutschland\/orban-eu-beitritt-der-ukraine-waere-ein-schlechter-deal\/#article\",\"isPartOf\":{\"@id\":\"https:\/\/now-news.de\/de\/deutschland\/orban-eu-beitritt-der-ukraine-waere-ein-schlechter-deal\/\"},\"author\":{\"name\":\"rtnews\",\"@id\":\"https:\/\/now-news.de\/de\/#\/schema\/person\/fb534a4e865501d8b3285208df34a9b5\"},\"headline\":\"Orb\u00e1n: EU-Beitritt der Ukraine w\u00e4re ein schlechter Deal\",\"datePublished\":\"2025-05-12T19:20:10+00:00\",\"dateModified\":\"2025-05-12T19:20:10+00:00\",\"mainEntityOfPage\":{\"@id\":\"https:\/\/now-news.de\/de\/deutschland\/orban-eu-beitritt-der-ukraine-waere-ein-schlechter-deal\/\"},\"wordCount\":380,\"commentCount\":0,\"publisher\":{\"@id\":\"https:\/\/now-news.de\/de\/#organization\"},\"image\":{\"@id\":\"https:\/\/now-news.de\/de\/deutschland\/orban-eu-beitritt-der-ukraine-waere-ein-schlechter-deal\/#primaryimage\"},\"thumbnailUrl\":\"https:\/\/now-news.de\/de\/wp-content\/uploads\/sites\/3\/2025\/05\/Orban-EU-Beitritt-der-Ukraine-waere-ein-schlechter-Deal.jpg\",\"keywords\":[\"Deal\",\"der\",\"ein\",\"EUBeitritt\",\"Orb\u00e1n\",\"schlechter\",\"ukraine\",\"w\u00e4re\"],\"articleSection\":[\"Deutschland\",\"Russland\"],\"inLanguage\":\"de\",\"potentialAction\":[{\"@type\":\"CommentAction\",\"name\":\"Comment\",\"target\":[\"https:\/\/now-news.de\/de\/deutschland\/orban-eu-beitritt-der-ukraine-waere-ein-schlechter-deal\/#respond\"]}]},{\"@type\":\"WebPage\",\"@id\":\"https:\/\/now-news.de\/de\/deutschland\/orban-eu-beitritt-der-ukraine-waere-ein-schlechter-deal\/\",\"url\":\"https:\/\/now-news.de\/de\/deutschland\/orban-eu-beitritt-der-ukraine-waere-ein-schlechter-deal\/\",\"name\":\"Orb\u00e1n: EU-Beitritt der Ukraine w\u00e4re ein schlechter Deal - just-now.NEWS Deutschland\",\"isPartOf\":{\"@id\":\"https:\/\/now-news.de\/de\/#website\"},\"primaryImageOfPage\":{\"@id\":\"https:\/\/now-news.de\/de\/deutschland\/orban-eu-beitritt-der-ukraine-waere-ein-schlechter-deal\/#primaryimage\"},\"image\":{\"@id\":\"https:\/\/now-news.de\/de\/deutschland\/orban-eu-beitritt-der-ukraine-waere-ein-schlechter-deal\/#primaryimage\"},\"thumbnailUrl\":\"https:\/\/now-news.de\/de\/wp-content\/uploads\/sites\/3\/2025\/05\/Orban-EU-Beitritt-der-Ukraine-waere-ein-schlechter-Deal.jpg\",\"datePublished\":\"2025-05-12T19:20:10+00:00\",\"dateModified\":\"2025-05-12T19:20:10+00:00\",\"breadcrumb\":{\"@id\":\"https:\/\/now-news.de\/de\/deutschland\/orban-eu-beitritt-der-ukraine-waere-ein-schlechter-deal\/#breadcrumb\"},\"inLanguage\":\"de\",\"potentialAction\":[{\"@type\":\"ReadAction\",\"target\":[\"https:\/\/now-news.de\/de\/deutschland\/orban-eu-beitritt-der-ukraine-waere-ein-schlechter-deal\/\"]}]},{\"@type\":\"ImageObject\",\"inLanguage\":\"de\",\"@id\":\"https:\/\/now-news.de\/de\/deutschland\/orban-eu-beitritt-der-ukraine-waere-ein-schlechter-deal\/#primaryimage\",\"url\":\"https:\/\/now-news.de\/de\/wp-content\/uploads\/sites\/3\/2025\/05\/Orban-EU-Beitritt-der-Ukraine-waere-ein-schlechter-Deal.jpg\",\"contentUrl\":\"https:\/\/now-news.de\/de\/wp-content\/uploads\/sites\/3\/2025\/05\/Orban-EU-Beitritt-der-Ukraine-waere-ein-schlechter-Deal.jpg\",\"width\":460,\"height\":259,\"caption\":\"Orb\u00e1n: EU-Beitritt der Ukraine w\u00e4re ein schlechter Deal\"},{\"@type\":\"BreadcrumbList\",\"@id\":\"https:\/\/now-news.de\/de\/deutschland\/orban-eu-beitritt-der-ukraine-waere-ein-schlechter-deal\/#breadcrumb\",\"itemListElement\":[{\"@type\":\"ListItem\",\"position\":1,\"name\":\"Home\",\"item\":\"https:\/\/now-news.de\/de\/\"},{\"@type\":\"ListItem\",\"position\":2,\"name\":\"Orb\u00e1n: EU-Beitritt der Ukraine w\u00e4re ein schlechter Deal\"}]},{\"@type\":\"WebSite\",\"@id\":\"https:\/\/now-news.de\/de\/#website\",\"url\":\"https:\/\/now-news.de\/de\/\",\"name\":\"just-now.NEWS Deutschland\",\"description\":\"Das Portal f\u00fcr unzensierte Nachrichten aus der Welt\",\"publisher\":{\"@id\":\"https:\/\/now-news.de\/de\/#organization\"},\"potentialAction\":[{\"@type\":\"SearchAction\",\"target\":{\"@type\":\"EntryPoint\",\"urlTemplate\":\"https:\/\/now-news.de\/de\/?s={search_term_string}\"},\"query-input\":\"required name=search_term_string\"}],\"inLanguage\":\"de\"},{\"@type\":\"Organization\",\"@id\":\"https:\/\/now-news.de\/de\/#organization\",\"name\":\"Just Now News\",\"url\":\"https:\/\/now-news.de\/de\/\",\"logo\":{\"@type\":\"ImageObject\",\"inLanguage\":\"de\",\"@id\":\"https:\/\/now-news.de\/de\/#\/schema\/logo\/image\/\",\"url\":\"http:\/\/just-now.news\/de\/wp-content\/uploads\/sites\/3\/2022\/04\/logo500x500.jpg\",\"contentUrl\":\"http:\/\/just-now.news\/de\/wp-content\/uploads\/sites\/3\/2022\/04\/logo500x500.jpg\",\"width\":500,\"height\":500,\"caption\":\"Just Now News\"},\"image\":{\"@id\":\"https:\/\/now-news.de\/de\/#\/schema\/logo\/image\/\"},\"sameAs\":[\"https:\/\/www.facebook.com\/wirmachenauf\",\"https:\/\/x.com\/WirMachenAuf_de\"]},{\"@type\":\"Person\",\"@id\":\"https:\/\/now-news.de\/de\/#\/schema\/person\/fb534a4e865501d8b3285208df34a9b5\",\"name\":\"rtnews\",\"image\":{\"@type\":\"ImageObject\",\"inLanguage\":\"de\",\"@id\":\"https:\/\/now-news.de\/de\/#\/schema\/person\/image\/\",\"url\":\"https:\/\/secure.gravatar.com\/avatar\/82aafea7d8127119dd649515f56e2117?s=96&d=mm&r=g\",\"contentUrl\":\"https:\/\/secure.gravatar.com\/avatar\/82aafea7d8127119dd649515f56e2117?s=96&d=mm&r=g\",\"caption\":\"rtnews\"},\"url\":\"https:\/\/now-news.de\/de\/author\/rnews\/\"}]}<\/script>\n<!-- \/ Yoast SEO Premium plugin. -->","yoast_head_json":{"title":"Orb\u00e1n: EU-Beitritt der Ukraine w\u00e4re ein schlechter Deal - just-now.NEWS Deutschland","robots":{"index":"index","follow":"follow","max-snippet":"max-snippet:-1","max-image-preview":"max-image-preview:large","max-video-preview":"max-video-preview:-1"},"canonical":"https:\/\/now-news.de\/de\/deutschland\/orban-eu-beitritt-der-ukraine-waere-ein-schlechter-deal\/","og_locale":"de_DE","og_type":"article","og_title":"Orb\u00e1n: EU-Beitritt der Ukraine w\u00e4re ein schlechter Deal","og_description":"Wenn die Ukraine in die EU aufgenommen wird, kommt auch der Krieg mit, schreibt Viktor Orb\u00e1n in einem sozialen Netzwerk. F\u00fcr die Gemeinschaft werde die Aufnahme des Landes keinen Nutzen bringen, sondern eine wirtschaftliche Belastung darstellen. \u00a0 Ungarns Ministerpr\u00e4sident Viktor Orb\u00e1n \u00e4u\u00dfert sich erneut kritisch zu Pl\u00e4nen der Europ\u00e4ischen Union, die Ukraine in die Gemeinschaft [&hellip;]","og_url":"https:\/\/now-news.de\/de\/deutschland\/orban-eu-beitritt-der-ukraine-waere-ein-schlechter-deal\/","og_site_name":"just-now.NEWS Deutschland","article_publisher":"https:\/\/www.facebook.com\/wirmachenauf","article_published_time":"2025-05-12T19:20:10+00:00","og_image":[{"url":"https:\/\/now-news.de\/de\/wp-content\/uploads\/sites\/3\/2025\/05\/6821f90db480cc5ba74e6f75.jpg"}],"author":"rtnews","twitter_card":"summary_large_image","twitter_creator":"@WirMachenAuf_de","twitter_site":"@WirMachenAuf_de","twitter_misc":{"Verfasst von":"rtnews","Gesch\u00e4tzte Lesezeit":"2\u00a0Minuten"},"schema":{"@context":"https:\/\/schema.org","@graph":[{"@type":"Article","@id":"https:\/\/now-news.de\/de\/deutschland\/orban-eu-beitritt-der-ukraine-waere-ein-schlechter-deal\/#article","isPartOf":{"@id":"https:\/\/now-news.de\/de\/deutschland\/orban-eu-beitritt-der-ukraine-waere-ein-schlechter-deal\/"},"author":{"name":"rtnews","@id":"https:\/\/now-news.de\/de\/#\/schema\/person\/fb534a4e865501d8b3285208df34a9b5"},"headline":"Orb\u00e1n: EU-Beitritt der Ukraine w\u00e4re ein schlechter Deal","datePublished":"2025-05-12T19:20:10+00:00","dateModified":"2025-05-12T19:20:10+00:00","mainEntityOfPage":{"@id":"https:\/\/now-news.de\/de\/deutschland\/orban-eu-beitritt-der-ukraine-waere-ein-schlechter-deal\/"},"wordCount":380,"commentCount":0,"publisher":{"@id":"https:\/\/now-news.de\/de\/#organization"},"image":{"@id":"https:\/\/now-news.de\/de\/deutschland\/orban-eu-beitritt-der-ukraine-waere-ein-schlechter-deal\/#primaryimage"},"thumbnailUrl":"https:\/\/now-news.de\/de\/wp-content\/uploads\/sites\/3\/2025\/05\/Orban-EU-Beitritt-der-Ukraine-waere-ein-schlechter-Deal.jpg","keywords":["Deal","der","ein","EUBeitritt","Orb\u00e1n","schlechter","ukraine","w\u00e4re"],"articleSection":["Deutschland","Russland"],"inLanguage":"de","potentialAction":[{"@type":"CommentAction","name":"Comment","target":["https:\/\/now-news.de\/de\/deutschland\/orban-eu-beitritt-der-ukraine-waere-ein-schlechter-deal\/#respond"]}]},{"@type":"WebPage","@id":"https:\/\/now-news.de\/de\/deutschland\/orban-eu-beitritt-der-ukraine-waere-ein-schlechter-deal\/","url":"https:\/\/now-news.de\/de\/deutschland\/orban-eu-beitritt-der-ukraine-waere-ein-schlechter-deal\/","name":"Orb\u00e1n: EU-Beitritt der Ukraine w\u00e4re ein schlechter Deal - just-now.NEWS Deutschland","isPartOf":{"@id":"https:\/\/now-news.de\/de\/#website"},"primaryImageOfPage":{"@id":"https:\/\/now-news.de\/de\/deutschland\/orban-eu-beitritt-der-ukraine-waere-ein-schlechter-deal\/#primaryimage"},"image":{"@id":"https:\/\/now-news.de\/de\/deutschland\/orban-eu-beitritt-der-ukraine-waere-ein-schlechter-deal\/#primaryimage"},"thumbnailUrl":"https:\/\/now-news.de\/de\/wp-content\/uploads\/sites\/3\/2025\/05\/Orban-EU-Beitritt-der-Ukraine-waere-ein-schlechter-Deal.jpg","datePublished":"2025-05-12T19:20:10+00:00","dateModified":"2025-05-12T19:20:10+00:00","breadcrumb":{"@id":"https:\/\/now-news.de\/de\/deutschland\/orban-eu-beitritt-der-ukraine-waere-ein-schlechter-deal\/#breadcrumb"},"inLanguage":"de","potentialAction":[{"@type":"ReadAction","target":["https:\/\/now-news.de\/de\/deutschland\/orban-eu-beitritt-der-ukraine-waere-ein-schlechter-deal\/"]}]},{"@type":"ImageObject","inLanguage":"de","@id":"https:\/\/now-news.de\/de\/deutschland\/orban-eu-beitritt-der-ukraine-waere-ein-schlechter-deal\/#primaryimage","url":"https:\/\/now-news.de\/de\/wp-content\/uploads\/sites\/3\/2025\/05\/Orban-EU-Beitritt-der-Ukraine-waere-ein-schlechter-Deal.jpg","contentUrl":"https:\/\/now-news.de\/de\/wp-content\/uploads\/sites\/3\/2025\/05\/Orban-EU-Beitritt-der-Ukraine-waere-ein-schlechter-Deal.jpg","width":460,"height":259,"caption":"Orb\u00e1n: EU-Beitritt der Ukraine w\u00e4re ein schlechter Deal"},{"@type":"BreadcrumbList","@id":"https:\/\/now-news.de\/de\/deutschland\/orban-eu-beitritt-der-ukraine-waere-ein-schlechter-deal\/#breadcrumb","itemListElement":[{"@type":"ListItem","position":1,"name":"Home","item":"https:\/\/now-news.de\/de\/"},{"@type":"ListItem","position":2,"name":"Orb\u00e1n: EU-Beitritt der Ukraine w\u00e4re ein schlechter Deal"}]},{"@type":"WebSite","@id":"https:\/\/now-news.de\/de\/#website","url":"https:\/\/now-news.de\/de\/","name":"just-now.NEWS Deutschland","description":"Das Portal f\u00fcr unzensierte Nachrichten aus der Welt","publisher":{"@id":"https:\/\/now-news.de\/de\/#organization"},"potentialAction":[{"@type":"SearchAction","target":{"@type":"EntryPoint","urlTemplate":"https:\/\/now-news.de\/de\/?s={search_term_string}"},"query-input":"required name=search_term_string"}],"inLanguage":"de"},{"@type":"Organization","@id":"https:\/\/now-news.de\/de\/#organization","name":"Just Now News","url":"https:\/\/now-news.de\/de\/","logo":{"@type":"ImageObject","inLanguage":"de","@id":"https:\/\/now-news.de\/de\/#\/schema\/logo\/image\/","url":"http:\/\/just-now.news\/de\/wp-content\/uploads\/sites\/3\/2022\/04\/logo500x500.jpg","contentUrl":"http:\/\/just-now.news\/de\/wp-content\/uploads\/sites\/3\/2022\/04\/logo500x500.jpg","width":500,"height":500,"caption":"Just Now News"},"image":{"@id":"https:\/\/now-news.de\/de\/#\/schema\/logo\/image\/"},"sameAs":["https:\/\/www.facebook.com\/wirmachenauf","https:\/\/x.com\/WirMachenAuf_de"]},{"@type":"Person","@id":"https:\/\/now-news.de\/de\/#\/schema\/person\/fb534a4e865501d8b3285208df34a9b5","name":"rtnews","image":{"@type":"ImageObject","inLanguage":"de","@id":"https:\/\/now-news.de\/de\/#\/schema\/person\/image\/","url":"https:\/\/secure.gravatar.com\/avatar\/82aafea7d8127119dd649515f56e2117?s=96&d=mm&r=g","contentUrl":"https:\/\/secure.gravatar.com\/avatar\/82aafea7d8127119dd649515f56e2117?s=96&d=mm&r=g","caption":"rtnews"},"url":"https:\/\/now-news.de\/de\/author\/rnews\/"}]}},"_links":{"self":[{"href":"https:\/\/now-news.de\/de\/wp-json\/wp\/v2\/posts\/83643"}],"collection":[{"href":"https:\/\/now-news.de\/de\/wp-json\/wp\/v2\/posts"}],"about":[{"href":"https:\/\/now-news.de\/de\/wp-json\/wp\/v2\/types\/post"}],"author":[{"embeddable":true,"href":"https:\/\/now-news.de\/de\/wp-json\/wp\/v2\/users\/3"}],"replies":[{"embeddable":true,"href":"https:\/\/now-news.de\/de\/wp-json\/wp\/v2\/comments?post=83643"}],"version-history":[{"count":0,"href":"https:\/\/now-news.de\/de\/wp-json\/wp\/v2\/posts\/83643\/revisions"}],"wp:featuredmedia":[{"embeddable":true,"href":"https:\/\/now-news.de\/de\/wp-json\/wp\/v2\/media\/83644"}],"wp:attachment":[{"href":"https:\/\/now-news.de\/de\/wp-json\/wp\/v2\/media?parent=83643"}],"wp:term":[{"taxonomy":"category","embeddable":true,"href":"https:\/\/now-news.de\/de\/wp-json\/wp\/v2\/categories?post=83643"},{"taxonomy":"post_tag","embeddable":true,"href":"https:\/\/now-news.de\/de\/wp-json\/wp\/v2\/tags?post=83643"}],"curies":[{"name":"wp","href":"https:\/\/api.w.org\/{rel}","templated":true}]}}