{"id":83639,"date":"2025-05-12T20:50:27","date_gmt":"2025-05-12T18:50:27","guid":{"rendered":"https:\/\/now-news.de\/de\/deutschland\/seelenverwandtschaft-saechsische-friedensaktivisten-zwischen-anfeindungen-und-solidaritaet\/"},"modified":"2025-05-12T20:50:27","modified_gmt":"2025-05-12T18:50:27","slug":"seelenverwandtschaft-saechsische-friedensaktivisten-zwischen-anfeindungen-und-solidaritaet","status":"publish","type":"post","link":"https:\/\/now-news.de\/de\/deutschland\/seelenverwandtschaft-saechsische-friedensaktivisten-zwischen-anfeindungen-und-solidaritaet\/","title":{"rendered":"Seelenverwandtschaft: S\u00e4chsische Friedensaktivisten zwischen Anfeindungen und Solidarit\u00e4t"},"content":{"rendered":"<div class=\"Text-root Text-type_1 \">\n                Trotz der wachsenden D\u00e4monisierung Russlands reisten viele Deutsche in den letzten Tagen nach Moskau, um gemeinsam mit den Russen des Endes des Zweiten Weltkriegs zu gedenken \u2013 darunter auch eine Gruppe aus Sachsen, die in ihrer deutschen Heimat Anfeindungen ausgesetzt ist, aber auch viel Solidarit\u00e4t erf\u00e4hrt.\n            <\/div>\n<p><\/p>\n<div class=\"Text-root Text-type_5 ArticleView-text ViewText-root \">\n<p>&#8220;Sch\u00f6n, dass wir heute Freunde sind!&#8221; Diesen Satz bekam die im Erzgebirge beheimatete Friedensaktivistin Kathrin von Russen in Moskau zu h\u00f6ren, was eine &#8220;tolle Erfahrung&#8221; sei. Denn sie war sich angesichts ihres ersten Moskau-Aufenthalts unsicher, wie die Einwohner der russischen Hauptstadt darauf reagieren w\u00fcrden, eine Deutsche zu treffen. &#8220;Wenn die merken, man ist Deutscher, dann wird man wirklich begr\u00fc\u00dft, man wird angel\u00e4chelt. Und man ist wirklich willkommen&#8221;, schildert sie ihre Erfahrung.\u00a0<\/p>\n<p>Der Anlass ihrer Reise war aber kein privater, sondern ein politischer: Wie auch viele andere Deutsche zog es sie zum 80. Jubil\u00e4um des &#8220;Tag des Sieges&#8221; nach Moskau, um der Millionen Toten des &#8220;Gro\u00dfen Vaterl\u00e4ndischen Krieges&#8221; zu gedenken, wie der Zweite Weltkrieg in Russland genannt wird.<\/p>\n<p>Sie ist Mitstreiterin der in Sachsen beheimateten Interessensgemeinschaft <a rel=\"nofollow noopener\" target=\"_blank\" href=\"https:\/\/t.me\/Deutsch_Russische_Freundschaft\">&#8220;Deutsch-Russische Seelen&#8221;<\/a>, die sich dem Frieden und der deutsch-russischen V\u00f6lkerverst\u00e4ndigung verschrieben hat.\u00a0Ein wichtiger Aspekt der Arbeit der &#8220;Seelen&#8221; besteht in der Pflege von Gr\u00e4bern und Denkm\u00e4lern, sowohl deutschen als auch russischen beziehungsweise sowjetischen.\u00a0<\/p>\n<p>Am Sonntag legten Mitglieder\u00a0der Gruppe zu Ehren der sowjetischen Opfer und Befreier einen Kranz an der zentralen Statue auf dem &#8220;Verbeugungsberg&#8221; (&#8220;Poklonnaja Gora&#8221;) im &#8220;Park des Sieges&#8221; nieder.\u00a0<\/p>\n<p>Vizepr\u00e4sidentin Manuela hielt eine kurze Ansprache, bei der sie ihren Dank und ihre Verehrung f\u00fcr die &#8220;sowjetische Armee und alle anderen Befreiungsarmeen&#8221; zum Ausdruck brachte. &#8220;Wir verneigen uns vor den unz\u00e4hligen Toten, allen voran den sowjetischen 27 Millionen Toten.&#8221;<\/p>\n<p>Dann ging es die kurze Treppe hinauf zur Kranzniederlegung, wo schon zahlreiche Blumen und Kr\u00e4nze davon zeugten, dass der &#8220;Park des Sieges&#8221; einer der zentralen Orte ist, an dem in Moskau traditionell der Sieg \u00fcber den Nazi-Faschismus gefeiert wird.\u00a0\u00a0<\/p>\n<figure class=\"RTImage-root\">\n<div class=\"RTImage-image RTImage-original\"><picture class=\"Picture-root Picture-original\"><!--[if IE 9]><video style=\"display: none;\"><![endif]--><source media=\"(-webkit-min-device-pixel-ratio: 2) and (min-resolution: 120dpi)\" data-srcset=\" \nhttps:\/\/now-news.de\/de\/wp-content\/uploads\/sites\/3\/2025\/05\/68220b4948fbef735a70c659.jpg 850w,\n                https:\/\/now-news.de\/de\/wp-content\/uploads\/sites\/3\/2025\/05\/68220b4948fbef735a70c659.jpg 1960w,            \" ><source data-srcset=\" \nhttps:\/\/now-news.de\/de\/wp-content\/uploads\/sites\/3\/2025\/05\/68220b4948fbef735a70c659.jpg 460w,\n              https:\/\/now-news.de\/de\/wp-content\/uploads\/sites\/3\/2025\/05\/68220b4948fbef735a70c659.jpg 980w,\n            \" ><!--[if IE 9]><\/video><![endif]--><img decoding=\"async\" data- src=\"data:image\/png;base64,iVBORw0KGgoAAAANSUhEUgAAABAAAAAJCAQAAACRI2S5AAAAEElEQVR42mNkIAAYRxWAAQAG9gAKqv6+AwAAAABJRU5ErkJggg==\" class=\"Picture-root Picture-original lazyload\" data-src=\"https:\/\/now-news.de\/de\/wp-content\/uploads\/sites\/3\/2025\/05\/68220b4948fbef735a70c659.jpg\" alt=\"\"><\/source><\/source><\/picture><!-- noscript pattern --><noscript><img decoding=\"async\" src=\"https:\/\/now-news.de\/de\/wp-content\/uploads\/sites\/3\/2025\/05\/68220b4948fbef735a70c659.jpg\" alt=\"\"><\/noscript><\/div><figcaption class=\"RTImage-footer\"><span class=\"RTImage-caption\"><\/span><span class=\"RTImage-source\"><span class=\"RTImage-captionItem\">RT<\/span><\/span><\/figcaption><\/figure>\n<p>Die Interessensvereinigung bel\u00e4sst es allerdings nicht nur bei solcherlei symbolischen Gesten\u00a0\u2013 auch wenn diese in heutigen Zeiten wichtiger denn je sind.\u00a0Schlie\u00dflich\u00a0k\u00f6nnen inzwischen selbst solche Symbole jemanden zur Zielscheibe machen.<\/p>\n<p>&#8220;Anfeindung ist immer vorhanden. Egal wie. Man erlebt es halt eben t\u00e4glich, es gibt viele Menschen, die sind mit dem, was wir tun, nicht einverstanden&#8221;, erkl\u00e4rt Werner die Stimmung in Deutschland. Wobei Kathrin anmerkt, dass es im Erzgebirge &#8220;wirklich eine gro\u00dfe Masse&#8221; gebe, &#8220;die hinter uns steht&#8221;. &#8220;Wir haben ganz, ganz viele Leute, gerade in Ostdeutschland, die wirklich hinter der Sache stehen&#8221;, betont sie. Das seien aber &#8220;die einfachen Menschen, das einfache Volk&#8221;. Sie selbst habe schon einen Job im \u00f6ffentlichen Dienst verloren, &#8220;weil ich gesagt habe, ich will Frieden mit Russland&#8221;.<\/p>\n<p>Umso wichtiger ist das Engagement der Seelen-Gemeinschaft, das sich, wie gesagt, nicht auf symbolische Gesten beschr\u00e4nkt, sondern auch praktische Solidarit\u00e4t beinhaltet. Seit 2015 sammeln die Sachsen humanit\u00e4re Hilfe f\u00fcr die Menschen im kriegsgeschundenen Donbass. Die Hilfe reicht von der Finanzierung der Reparaturarbeiten besch\u00e4digter Kirchen \u00fcber die Unterst\u00fctzung von Ferienlagern f\u00fcr Kinder aus dem Donbass bis hin zu Spenden von Rollst\u00fchlen f\u00fcr Bed\u00fcrftige.\u00a0<\/p>\n<p>Man stehe &#8220;Gewehr bei Fu\u00df&#8221;, wenn es um die deutsch-russische Freundschaft gehe, so Werner, der mit seinen 74 Jahren der Senior der Gruppe ist und 2019 selbst im Donbass war, um vor Ort zu helfen. Auch Manuela war schon \u00f6fters im Donbass, um zu helfen, gemeinsam mit ihrem in Moskau lebenden Ehemann. Dass das Ehepaar seitdem regelm\u00e4\u00dfig von EU-Grenzbeamten schikaniert und pers\u00f6nlicher Gegenst\u00e4nde beraubt wird, wenn es die Grenze zu Russland passieren will, nimmt es daf\u00fcr in Kauf. Schlie\u00dflich wiegt die gef\u00fchlte Seelenverwandtschaft zum russischen Volk all das auf, was die s\u00e4chsischen Aktivisten an Anfeindungen und Schikanen in ihrer deutschen Heimat oder im EU-Ausland erleben.\u00a0\u00a0<\/p>\n<p><strong>Mehr zum Thema<\/strong>\u00a0\u2012 <a rel=\"nofollow noopener\" target=\"_blank\" href=\"https:\/\/freedert.online\/meinung\/244171-zum-liederverbot-in-berlin\/\">Zum Liederverbot in Berlin: Sing, mein Volk, sing laut und ohne Furcht!<\/a><\/p>\n<div class=\"EmbedBlock-root EmbedBlock-externalVideo EmbedBlock-rumble\">\n<div class=\"VkEmbed\"><iframe class=\"lazyload\" data-src=\"https:\/\/rumble.com\/embed\/v6r2qe7\" frameborder=\"0\" width=\"853\" height=\"480\" allowfullscreen><\/iframe><\/div>\n<\/div>\n<\/div>\n<p><br \/>\n<br \/><a href=\"https:\/\/de.rt.com\/europa\/244764-seelenverwandtschaft-saechsische-friedensaktivisten-zwischen-anfeindungen\/\">Source link <\/a><\/p>\n","protected":false},"excerpt":{"rendered":"<p>Trotz der wachsenden D\u00e4monisierung Russlands reisten viele Deutsche in den letzten Tagen nach Moskau, um gemeinsam mit den Russen des Endes des Zweiten Weltkriegs zu gedenken \u2013 darunter auch eine Gruppe aus Sachsen, die in ihrer deutschen Heimat Anfeindungen ausgesetzt ist, aber auch viel Solidarit\u00e4t erf\u00e4hrt. &#8220;Sch\u00f6n, dass wir heute Freunde sind!&#8221; Diesen Satz bekam [&hellip;]<\/p>\n","protected":false},"author":3,"featured_media":83640,"comment_status":"open","ping_status":"open","sticky":false,"template":"","format":"standard","meta":{"_yoast_indexnow_last_ping":["1747076465"],"wp_automatic_camp":["217"],"22dc98ab38cbc8803c7ae2e500b72d22":["Seelenverwandtschaft: S\u00e4chsische Friedensaktivisten zwischen Anfeindungen und Solidarit\u00e4t"],"original_link":["https:\/\/de.rt.com\/europa\/244764-seelenverwandtschaft-saechsische-friedensaktivisten-zwischen-anfeindungen\/"],"_thumbnail_id":["83640"],"jnews_social_counter_last_update":["1777150009"],"_wptgpro_p2tg_sent2tg":["a:1:{i:23737;s:19:\"2025-05-12 21:02:05\";}"]},"categories":[19,23],"tags":[26195,37459,51399,64886,7143,140,436],"yoast_head":"<!-- This site is optimized with the Yoast SEO Premium plugin v22.7 (Yoast SEO v22.7) - https:\/\/yoast.com\/wordpress\/plugins\/seo\/ -->\n<title>Seelenverwandtschaft: S\u00e4chsische Friedensaktivisten zwischen Anfeindungen und Solidarit\u00e4t - just-now.NEWS Deutschland<\/title>\n<meta name=\"robots\" content=\"index, follow, max-snippet:-1, max-image-preview:large, max-video-preview:-1\" \/>\n<link rel=\"canonical\" href=\"https:\/\/now-news.de\/de\/deutschland\/seelenverwandtschaft-saechsische-friedensaktivisten-zwischen-anfeindungen-und-solidaritaet\/\" \/>\n<meta property=\"og:locale\" content=\"de_DE\" \/>\n<meta property=\"og:type\" content=\"article\" \/>\n<meta property=\"og:title\" content=\"Seelenverwandtschaft: S\u00e4chsische Friedensaktivisten zwischen Anfeindungen und Solidarit\u00e4t\" \/>\n<meta property=\"og:description\" content=\"Trotz der wachsenden D\u00e4monisierung Russlands reisten viele Deutsche in den letzten Tagen nach Moskau, um gemeinsam mit den Russen des Endes des Zweiten Weltkriegs zu gedenken \u2013 darunter auch eine Gruppe aus Sachsen, die in ihrer deutschen Heimat Anfeindungen ausgesetzt ist, aber auch viel Solidarit\u00e4t erf\u00e4hrt. &#8220;Sch\u00f6n, dass wir heute Freunde sind!&#8221; Diesen Satz bekam [&hellip;]\" \/>\n<meta property=\"og:url\" content=\"https:\/\/now-news.de\/de\/deutschland\/seelenverwandtschaft-saechsische-friedensaktivisten-zwischen-anfeindungen-und-solidaritaet\/\" \/>\n<meta property=\"og:site_name\" content=\"just-now.NEWS Deutschland\" \/>\n<meta property=\"article:publisher\" content=\"https:\/\/www.facebook.com\/wirmachenauf\" \/>\n<meta property=\"article:published_time\" content=\"2025-05-12T18:50:27+00:00\" \/>\n<meta property=\"og:image\" content=\"https:\/\/now-news.de\/de\/wp-content\/uploads\/sites\/3\/2025\/05\/68220b4948fbef735a70c659.jpg\" \/>\n<meta name=\"author\" content=\"rtnews\" \/>\n<meta name=\"twitter:card\" content=\"summary_large_image\" \/>\n<meta name=\"twitter:creator\" content=\"@WirMachenAuf_de\" \/>\n<meta name=\"twitter:site\" content=\"@WirMachenAuf_de\" \/>\n<meta name=\"twitter:label1\" content=\"Verfasst von\" \/>\n\t<meta name=\"twitter:data1\" content=\"rtnews\" \/>\n\t<meta name=\"twitter:label2\" content=\"Gesch\u00e4tzte Lesezeit\" \/>\n\t<meta name=\"twitter:data2\" content=\"3\u00a0Minuten\" \/>\n<script type=\"application\/ld+json\" class=\"yoast-schema-graph\">{\"@context\":\"https:\/\/schema.org\",\"@graph\":[{\"@type\":\"Article\",\"@id\":\"https:\/\/now-news.de\/de\/deutschland\/seelenverwandtschaft-saechsische-friedensaktivisten-zwischen-anfeindungen-und-solidaritaet\/#article\",\"isPartOf\":{\"@id\":\"https:\/\/now-news.de\/de\/deutschland\/seelenverwandtschaft-saechsische-friedensaktivisten-zwischen-anfeindungen-und-solidaritaet\/\"},\"author\":{\"name\":\"rtnews\",\"@id\":\"https:\/\/now-news.de\/de\/#\/schema\/person\/fb534a4e865501d8b3285208df34a9b5\"},\"headline\":\"Seelenverwandtschaft: S\u00e4chsische Friedensaktivisten zwischen Anfeindungen und Solidarit\u00e4t\",\"datePublished\":\"2025-05-12T18:50:27+00:00\",\"dateModified\":\"2025-05-12T18:50:27+00:00\",\"mainEntityOfPage\":{\"@id\":\"https:\/\/now-news.de\/de\/deutschland\/seelenverwandtschaft-saechsische-friedensaktivisten-zwischen-anfeindungen-und-solidaritaet\/\"},\"wordCount\":666,\"commentCount\":0,\"publisher\":{\"@id\":\"https:\/\/now-news.de\/de\/#organization\"},\"image\":{\"@id\":\"https:\/\/now-news.de\/de\/deutschland\/seelenverwandtschaft-saechsische-friedensaktivisten-zwischen-anfeindungen-und-solidaritaet\/#primaryimage\"},\"thumbnailUrl\":\"https:\/\/now-news.de\/de\/wp-content\/uploads\/sites\/3\/2025\/05\/Seelenverwandtschaft-Saechsische-Friedensaktivisten-zwischen-Anfeindungen-und-Solidaritaet.jpg\",\"keywords\":[\"Anfeindungen\",\"Friedensaktivisten\",\"s\u00e4chsische\",\"Seelenverwandtschaft\",\"Solidarit\u00e4t\",\"und\",\"zwischen\"],\"articleSection\":[\"Deutschland\",\"Russland\"],\"inLanguage\":\"de\",\"potentialAction\":[{\"@type\":\"CommentAction\",\"name\":\"Comment\",\"target\":[\"https:\/\/now-news.de\/de\/deutschland\/seelenverwandtschaft-saechsische-friedensaktivisten-zwischen-anfeindungen-und-solidaritaet\/#respond\"]}]},{\"@type\":\"WebPage\",\"@id\":\"https:\/\/now-news.de\/de\/deutschland\/seelenverwandtschaft-saechsische-friedensaktivisten-zwischen-anfeindungen-und-solidaritaet\/\",\"url\":\"https:\/\/now-news.de\/de\/deutschland\/seelenverwandtschaft-saechsische-friedensaktivisten-zwischen-anfeindungen-und-solidaritaet\/\",\"name\":\"Seelenverwandtschaft: S\u00e4chsische Friedensaktivisten zwischen Anfeindungen und Solidarit\u00e4t - just-now.NEWS Deutschland\",\"isPartOf\":{\"@id\":\"https:\/\/now-news.de\/de\/#website\"},\"primaryImageOfPage\":{\"@id\":\"https:\/\/now-news.de\/de\/deutschland\/seelenverwandtschaft-saechsische-friedensaktivisten-zwischen-anfeindungen-und-solidaritaet\/#primaryimage\"},\"image\":{\"@id\":\"https:\/\/now-news.de\/de\/deutschland\/seelenverwandtschaft-saechsische-friedensaktivisten-zwischen-anfeindungen-und-solidaritaet\/#primaryimage\"},\"thumbnailUrl\":\"https:\/\/now-news.de\/de\/wp-content\/uploads\/sites\/3\/2025\/05\/Seelenverwandtschaft-Saechsische-Friedensaktivisten-zwischen-Anfeindungen-und-Solidaritaet.jpg\",\"datePublished\":\"2025-05-12T18:50:27+00:00\",\"dateModified\":\"2025-05-12T18:50:27+00:00\",\"breadcrumb\":{\"@id\":\"https:\/\/now-news.de\/de\/deutschland\/seelenverwandtschaft-saechsische-friedensaktivisten-zwischen-anfeindungen-und-solidaritaet\/#breadcrumb\"},\"inLanguage\":\"de\",\"potentialAction\":[{\"@type\":\"ReadAction\",\"target\":[\"https:\/\/now-news.de\/de\/deutschland\/seelenverwandtschaft-saechsische-friedensaktivisten-zwischen-anfeindungen-und-solidaritaet\/\"]}]},{\"@type\":\"ImageObject\",\"inLanguage\":\"de\",\"@id\":\"https:\/\/now-news.de\/de\/deutschland\/seelenverwandtschaft-saechsische-friedensaktivisten-zwischen-anfeindungen-und-solidaritaet\/#primaryimage\",\"url\":\"https:\/\/now-news.de\/de\/wp-content\/uploads\/sites\/3\/2025\/05\/Seelenverwandtschaft-Saechsische-Friedensaktivisten-zwischen-Anfeindungen-und-Solidaritaet.jpg\",\"contentUrl\":\"https:\/\/now-news.de\/de\/wp-content\/uploads\/sites\/3\/2025\/05\/Seelenverwandtschaft-Saechsische-Friedensaktivisten-zwischen-Anfeindungen-und-Solidaritaet.jpg\",\"width\":1440,\"height\":1080,\"caption\":\"Seelenverwandtschaft: S\u00e4chsische Friedensaktivisten zwischen Anfeindungen und Solidarit\u00e4t\"},{\"@type\":\"BreadcrumbList\",\"@id\":\"https:\/\/now-news.de\/de\/deutschland\/seelenverwandtschaft-saechsische-friedensaktivisten-zwischen-anfeindungen-und-solidaritaet\/#breadcrumb\",\"itemListElement\":[{\"@type\":\"ListItem\",\"position\":1,\"name\":\"Home\",\"item\":\"https:\/\/now-news.de\/de\/\"},{\"@type\":\"ListItem\",\"position\":2,\"name\":\"Seelenverwandtschaft: S\u00e4chsische Friedensaktivisten zwischen Anfeindungen und Solidarit\u00e4t\"}]},{\"@type\":\"WebSite\",\"@id\":\"https:\/\/now-news.de\/de\/#website\",\"url\":\"https:\/\/now-news.de\/de\/\",\"name\":\"just-now.NEWS Deutschland\",\"description\":\"Das Portal f\u00fcr unzensierte Nachrichten aus der Welt\",\"publisher\":{\"@id\":\"https:\/\/now-news.de\/de\/#organization\"},\"potentialAction\":[{\"@type\":\"SearchAction\",\"target\":{\"@type\":\"EntryPoint\",\"urlTemplate\":\"https:\/\/now-news.de\/de\/?s={search_term_string}\"},\"query-input\":\"required name=search_term_string\"}],\"inLanguage\":\"de\"},{\"@type\":\"Organization\",\"@id\":\"https:\/\/now-news.de\/de\/#organization\",\"name\":\"Just Now News\",\"url\":\"https:\/\/now-news.de\/de\/\",\"logo\":{\"@type\":\"ImageObject\",\"inLanguage\":\"de\",\"@id\":\"https:\/\/now-news.de\/de\/#\/schema\/logo\/image\/\",\"url\":\"http:\/\/just-now.news\/de\/wp-content\/uploads\/sites\/3\/2022\/04\/logo500x500.jpg\",\"contentUrl\":\"http:\/\/just-now.news\/de\/wp-content\/uploads\/sites\/3\/2022\/04\/logo500x500.jpg\",\"width\":500,\"height\":500,\"caption\":\"Just Now News\"},\"image\":{\"@id\":\"https:\/\/now-news.de\/de\/#\/schema\/logo\/image\/\"},\"sameAs\":[\"https:\/\/www.facebook.com\/wirmachenauf\",\"https:\/\/x.com\/WirMachenAuf_de\"]},{\"@type\":\"Person\",\"@id\":\"https:\/\/now-news.de\/de\/#\/schema\/person\/fb534a4e865501d8b3285208df34a9b5\",\"name\":\"rtnews\",\"image\":{\"@type\":\"ImageObject\",\"inLanguage\":\"de\",\"@id\":\"https:\/\/now-news.de\/de\/#\/schema\/person\/image\/\",\"url\":\"https:\/\/secure.gravatar.com\/avatar\/82aafea7d8127119dd649515f56e2117?s=96&d=mm&r=g\",\"contentUrl\":\"https:\/\/secure.gravatar.com\/avatar\/82aafea7d8127119dd649515f56e2117?s=96&d=mm&r=g\",\"caption\":\"rtnews\"},\"url\":\"https:\/\/now-news.de\/de\/author\/rnews\/\"}]}<\/script>\n<!-- \/ Yoast SEO Premium plugin. -->","yoast_head_json":{"title":"Seelenverwandtschaft: S\u00e4chsische Friedensaktivisten zwischen Anfeindungen und Solidarit\u00e4t - just-now.NEWS Deutschland","robots":{"index":"index","follow":"follow","max-snippet":"max-snippet:-1","max-image-preview":"max-image-preview:large","max-video-preview":"max-video-preview:-1"},"canonical":"https:\/\/now-news.de\/de\/deutschland\/seelenverwandtschaft-saechsische-friedensaktivisten-zwischen-anfeindungen-und-solidaritaet\/","og_locale":"de_DE","og_type":"article","og_title":"Seelenverwandtschaft: S\u00e4chsische Friedensaktivisten zwischen Anfeindungen und Solidarit\u00e4t","og_description":"Trotz der wachsenden D\u00e4monisierung Russlands reisten viele Deutsche in den letzten Tagen nach Moskau, um gemeinsam mit den Russen des Endes des Zweiten Weltkriegs zu gedenken \u2013 darunter auch eine Gruppe aus Sachsen, die in ihrer deutschen Heimat Anfeindungen ausgesetzt ist, aber auch viel Solidarit\u00e4t erf\u00e4hrt. &#8220;Sch\u00f6n, dass wir heute Freunde sind!&#8221; Diesen Satz bekam [&hellip;]","og_url":"https:\/\/now-news.de\/de\/deutschland\/seelenverwandtschaft-saechsische-friedensaktivisten-zwischen-anfeindungen-und-solidaritaet\/","og_site_name":"just-now.NEWS Deutschland","article_publisher":"https:\/\/www.facebook.com\/wirmachenauf","article_published_time":"2025-05-12T18:50:27+00:00","og_image":[{"url":"https:\/\/now-news.de\/de\/wp-content\/uploads\/sites\/3\/2025\/05\/68220b4948fbef735a70c659.jpg"}],"author":"rtnews","twitter_card":"summary_large_image","twitter_creator":"@WirMachenAuf_de","twitter_site":"@WirMachenAuf_de","twitter_misc":{"Verfasst von":"rtnews","Gesch\u00e4tzte Lesezeit":"3\u00a0Minuten"},"schema":{"@context":"https:\/\/schema.org","@graph":[{"@type":"Article","@id":"https:\/\/now-news.de\/de\/deutschland\/seelenverwandtschaft-saechsische-friedensaktivisten-zwischen-anfeindungen-und-solidaritaet\/#article","isPartOf":{"@id":"https:\/\/now-news.de\/de\/deutschland\/seelenverwandtschaft-saechsische-friedensaktivisten-zwischen-anfeindungen-und-solidaritaet\/"},"author":{"name":"rtnews","@id":"https:\/\/now-news.de\/de\/#\/schema\/person\/fb534a4e865501d8b3285208df34a9b5"},"headline":"Seelenverwandtschaft: S\u00e4chsische Friedensaktivisten zwischen Anfeindungen und Solidarit\u00e4t","datePublished":"2025-05-12T18:50:27+00:00","dateModified":"2025-05-12T18:50:27+00:00","mainEntityOfPage":{"@id":"https:\/\/now-news.de\/de\/deutschland\/seelenverwandtschaft-saechsische-friedensaktivisten-zwischen-anfeindungen-und-solidaritaet\/"},"wordCount":666,"commentCount":0,"publisher":{"@id":"https:\/\/now-news.de\/de\/#organization"},"image":{"@id":"https:\/\/now-news.de\/de\/deutschland\/seelenverwandtschaft-saechsische-friedensaktivisten-zwischen-anfeindungen-und-solidaritaet\/#primaryimage"},"thumbnailUrl":"https:\/\/now-news.de\/de\/wp-content\/uploads\/sites\/3\/2025\/05\/Seelenverwandtschaft-Saechsische-Friedensaktivisten-zwischen-Anfeindungen-und-Solidaritaet.jpg","keywords":["Anfeindungen","Friedensaktivisten","s\u00e4chsische","Seelenverwandtschaft","Solidarit\u00e4t","und","zwischen"],"articleSection":["Deutschland","Russland"],"inLanguage":"de","potentialAction":[{"@type":"CommentAction","name":"Comment","target":["https:\/\/now-news.de\/de\/deutschland\/seelenverwandtschaft-saechsische-friedensaktivisten-zwischen-anfeindungen-und-solidaritaet\/#respond"]}]},{"@type":"WebPage","@id":"https:\/\/now-news.de\/de\/deutschland\/seelenverwandtschaft-saechsische-friedensaktivisten-zwischen-anfeindungen-und-solidaritaet\/","url":"https:\/\/now-news.de\/de\/deutschland\/seelenverwandtschaft-saechsische-friedensaktivisten-zwischen-anfeindungen-und-solidaritaet\/","name":"Seelenverwandtschaft: S\u00e4chsische Friedensaktivisten zwischen Anfeindungen und Solidarit\u00e4t - just-now.NEWS Deutschland","isPartOf":{"@id":"https:\/\/now-news.de\/de\/#website"},"primaryImageOfPage":{"@id":"https:\/\/now-news.de\/de\/deutschland\/seelenverwandtschaft-saechsische-friedensaktivisten-zwischen-anfeindungen-und-solidaritaet\/#primaryimage"},"image":{"@id":"https:\/\/now-news.de\/de\/deutschland\/seelenverwandtschaft-saechsische-friedensaktivisten-zwischen-anfeindungen-und-solidaritaet\/#primaryimage"},"thumbnailUrl":"https:\/\/now-news.de\/de\/wp-content\/uploads\/sites\/3\/2025\/05\/Seelenverwandtschaft-Saechsische-Friedensaktivisten-zwischen-Anfeindungen-und-Solidaritaet.jpg","datePublished":"2025-05-12T18:50:27+00:00","dateModified":"2025-05-12T18:50:27+00:00","breadcrumb":{"@id":"https:\/\/now-news.de\/de\/deutschland\/seelenverwandtschaft-saechsische-friedensaktivisten-zwischen-anfeindungen-und-solidaritaet\/#breadcrumb"},"inLanguage":"de","potentialAction":[{"@type":"ReadAction","target":["https:\/\/now-news.de\/de\/deutschland\/seelenverwandtschaft-saechsische-friedensaktivisten-zwischen-anfeindungen-und-solidaritaet\/"]}]},{"@type":"ImageObject","inLanguage":"de","@id":"https:\/\/now-news.de\/de\/deutschland\/seelenverwandtschaft-saechsische-friedensaktivisten-zwischen-anfeindungen-und-solidaritaet\/#primaryimage","url":"https:\/\/now-news.de\/de\/wp-content\/uploads\/sites\/3\/2025\/05\/Seelenverwandtschaft-Saechsische-Friedensaktivisten-zwischen-Anfeindungen-und-Solidaritaet.jpg","contentUrl":"https:\/\/now-news.de\/de\/wp-content\/uploads\/sites\/3\/2025\/05\/Seelenverwandtschaft-Saechsische-Friedensaktivisten-zwischen-Anfeindungen-und-Solidaritaet.jpg","width":1440,"height":1080,"caption":"Seelenverwandtschaft: S\u00e4chsische Friedensaktivisten zwischen Anfeindungen und Solidarit\u00e4t"},{"@type":"BreadcrumbList","@id":"https:\/\/now-news.de\/de\/deutschland\/seelenverwandtschaft-saechsische-friedensaktivisten-zwischen-anfeindungen-und-solidaritaet\/#breadcrumb","itemListElement":[{"@type":"ListItem","position":1,"name":"Home","item":"https:\/\/now-news.de\/de\/"},{"@type":"ListItem","position":2,"name":"Seelenverwandtschaft: S\u00e4chsische Friedensaktivisten zwischen Anfeindungen und Solidarit\u00e4t"}]},{"@type":"WebSite","@id":"https:\/\/now-news.de\/de\/#website","url":"https:\/\/now-news.de\/de\/","name":"just-now.NEWS Deutschland","description":"Das Portal f\u00fcr unzensierte Nachrichten aus der Welt","publisher":{"@id":"https:\/\/now-news.de\/de\/#organization"},"potentialAction":[{"@type":"SearchAction","target":{"@type":"EntryPoint","urlTemplate":"https:\/\/now-news.de\/de\/?s={search_term_string}"},"query-input":"required name=search_term_string"}],"inLanguage":"de"},{"@type":"Organization","@id":"https:\/\/now-news.de\/de\/#organization","name":"Just Now News","url":"https:\/\/now-news.de\/de\/","logo":{"@type":"ImageObject","inLanguage":"de","@id":"https:\/\/now-news.de\/de\/#\/schema\/logo\/image\/","url":"http:\/\/just-now.news\/de\/wp-content\/uploads\/sites\/3\/2022\/04\/logo500x500.jpg","contentUrl":"http:\/\/just-now.news\/de\/wp-content\/uploads\/sites\/3\/2022\/04\/logo500x500.jpg","width":500,"height":500,"caption":"Just Now News"},"image":{"@id":"https:\/\/now-news.de\/de\/#\/schema\/logo\/image\/"},"sameAs":["https:\/\/www.facebook.com\/wirmachenauf","https:\/\/x.com\/WirMachenAuf_de"]},{"@type":"Person","@id":"https:\/\/now-news.de\/de\/#\/schema\/person\/fb534a4e865501d8b3285208df34a9b5","name":"rtnews","image":{"@type":"ImageObject","inLanguage":"de","@id":"https:\/\/now-news.de\/de\/#\/schema\/person\/image\/","url":"https:\/\/secure.gravatar.com\/avatar\/82aafea7d8127119dd649515f56e2117?s=96&d=mm&r=g","contentUrl":"https:\/\/secure.gravatar.com\/avatar\/82aafea7d8127119dd649515f56e2117?s=96&d=mm&r=g","caption":"rtnews"},"url":"https:\/\/now-news.de\/de\/author\/rnews\/"}]}},"_links":{"self":[{"href":"https:\/\/now-news.de\/de\/wp-json\/wp\/v2\/posts\/83639"}],"collection":[{"href":"https:\/\/now-news.de\/de\/wp-json\/wp\/v2\/posts"}],"about":[{"href":"https:\/\/now-news.de\/de\/wp-json\/wp\/v2\/types\/post"}],"author":[{"embeddable":true,"href":"https:\/\/now-news.de\/de\/wp-json\/wp\/v2\/users\/3"}],"replies":[{"embeddable":true,"href":"https:\/\/now-news.de\/de\/wp-json\/wp\/v2\/comments?post=83639"}],"version-history":[{"count":0,"href":"https:\/\/now-news.de\/de\/wp-json\/wp\/v2\/posts\/83639\/revisions"}],"wp:featuredmedia":[{"embeddable":true,"href":"https:\/\/now-news.de\/de\/wp-json\/wp\/v2\/media\/83640"}],"wp:attachment":[{"href":"https:\/\/now-news.de\/de\/wp-json\/wp\/v2\/media?parent=83639"}],"wp:term":[{"taxonomy":"category","embeddable":true,"href":"https:\/\/now-news.de\/de\/wp-json\/wp\/v2\/categories?post=83639"},{"taxonomy":"post_tag","embeddable":true,"href":"https:\/\/now-news.de\/de\/wp-json\/wp\/v2\/tags?post=83639"}],"curies":[{"name":"wp","href":"https:\/\/api.w.org\/{rel}","templated":true}]}}