{"id":8360,"date":"2022-05-20T14:23:13","date_gmt":"2022-05-20T12:23:13","guid":{"rendered":"http:\/\/just-now.news\/de\/deutschland\/bundesrat-macht-bahn-frei-fuer-das-neun-euro-ticket\/"},"modified":"2022-05-20T14:23:13","modified_gmt":"2022-05-20T12:23:13","slug":"bundesrat-macht-bahn-frei-fuer-das-neun-euro-ticket","status":"publish","type":"post","link":"https:\/\/now-news.de\/de\/deutschland\/bundesrat-macht-bahn-frei-fuer-das-neun-euro-ticket\/","title":{"rendered":"Bundesrat macht Bahn frei f\u00fcr das Neun-Euro-Ticket"},"content":{"rendered":"<div class=\"Text-root Text-type_5 ArticleView-text ViewText-root \">\n<p>Der Bundestag hatte am Donnerstagabend zuerst gr\u00fcnes Licht f\u00fcr das von der Bundesregierung angek\u00fcndigte Neun-Euro-Ticket f\u00fcr Bus und Bahn gegeben. Der ben\u00f6tigte Bundesratsbeschluss erfolgte am 20. Mai und best\u00e4tigte damit das von den Abgeordneten\u00a0beschlossene Finanzierungsgesetz, sodass die dreimonatige Sonderaktion nun zum 1.\u00a0Juni starten kann.\u00a0<\/p>\n<p>Aufgrund der kontinuierlich\u00a0stark gestiegenen Energiepreise sollen dadurch Anreize geschaffen werden, dass Autofahrer gegebenenfalls auf die Bahnvariante umsteigen.\u00a0Gr\u00fcnen-Fraktionschefin Katharina Dr\u00f6ge <a rel=\"nofollow noopener\" target=\"_blank\" href=\"https:\/\/www.businessinsider.de\/politik\/deutschland\/bundestag-macht-den-weg-frei-fuer-das-neun-euro-ticket-ab-montag-startet-die-bahn-ihren-vorverkauf\/\">sagte<\/a> der <em>Deutschen Presse-Agentur<\/em> (<em>dpa<\/em>):<\/p>\n<blockquote>\n<p><em>&#8220;F\u00fcr die Menschen, die gerade jetzt angesichts hoher Kosten auf Entlastung angewiesen sind, ist es wichtig, dass das Neun-Euro-Ticket zum 1. Juni im Kraft tritt. Wir hoffen, dass m\u00f6glichst viele Menschen dieses Angebot annehmen.&#8221;<\/em><\/p>\n<\/blockquote>\n<div class=\"ReadMore-root Section-root Section-is1to3-xs_is1to1\" data-widgets=\"ReadMore\" data-has-alias>\n<div class=\"Section-container Section-isRow-isTop-isWrap\">\n<article class=\"Card-root Card-is1to1 \">\n<div class=\"Card-imageWrap\">\n<div class=\"Card-picture\">\n<picture class=\"Picture-root Picture-default\"><!--[if IE 9]><video style=\"display: none;\"><![endif]--><source media=\"(-webkit-min-device-pixel-ratio: 2) and (min-resolution: 120dpi)\" data-srcset=\" \nhttp:\/\/just-now.news\/de\/wp-content\/uploads\/sites\/3\/2022\/05\/627e8c19b480cc6abe29fc3d.jpg 850w,\n                http:\/\/just-now.news\/de\/wp-content\/uploads\/sites\/3\/2022\/05\/Deutschland-Keine-Plaene-fuer-Ende-der-Maskenpflicht-in-Verkehrsmitteln.jpg 1960w,\n            \" ><source data-srcset=\" \nhttp:\/\/just-now.news\/de\/wp-content\/uploads\/sites\/3\/2022\/05\/627e8c19b480cc6abe29fc3d.jpg 460w,\n              http:\/\/just-now.news\/de\/wp-content\/uploads\/sites\/3\/2022\/05\/Deutschland-Keine-Plaene-fuer-Ende-der-Maskenpflicht-in-Verkehrsmitteln.jpg 980w,\n            \" ><!--[if IE 9]><\/video><![endif]--><img decoding=\"async\" data- src=\"data:image\/png;base64,iVBORw0KGgoAAAANSUhEUgAAABAAAAAJCAQAAACRI2S5AAAAEElEQVR42mNkIAAYRxWAAQAG9gAKqv6+AwAAAABJRU5ErkJggg==\" class=\"Picture-root Picture-default lazyload\" data-src=\"http:\/\/just-now.news\/de\/wp-content\/uploads\/sites\/3\/2022\/05\/627e8c19b480cc6abe29fc3d.jpg\" alt=\"Deutschland: Keine Pl\u00e4ne f\u00fcr Ende der Maskenpflicht in Verkehrsmitteln\"><\/source><\/source><\/picture><!-- noscript pattern --><noscript><img decoding=\"async\" src=\"http:\/\/just-now.news\/de\/wp-content\/uploads\/sites\/3\/2022\/05\/Deutschland-Keine-Plaene-fuer-Ende-der-Maskenpflicht-in-Verkehrsmitteln.jpg\" alt=\"Deutschland: Keine Pl\u00e4ne f\u00fcr Ende der Maskenpflicht in Verkehrsmitteln\"><\/noscript>    <\/div><\/div>\n<div class=\"Card-contentWrap\">\n<div class=\"Card-content\">\n<div class=\"Card-title\">\n<div class=\"HeaderNews-root HeaderNews-type_6 \">\n<p>            <a rel=\"nofollow noopener\" target=\"_blank\" href=\"https:\/\/de.rt.com\/inland\/138406-deutschland-keine-plane-fur-ende-maskenpflicht\/\" class=\"Link-root Link-isFullCard \"><br \/>\n                Deutschland: Keine Pl\u00e4ne f\u00fcr Ende der Maskenpflicht in Verkehrsmitteln<br \/>\n            <\/a><\/p><\/div><\/div><\/div><\/div>\n<\/article>\n<\/div><\/div>\n<p>Bundesverkehrsminister Volker Wissing (FDP)\u00a0sprach laut der<em> dpa<\/em> &#8220;von einer Chance f\u00fcr den \u00f6ffentlichen Personennahverkehr (\u00d6PNV) und klimafreundliche Mobilit\u00e4t&#8221;.\u00a0Angesichts des Neun-Euro-Tickets <a rel=\"nofollow noopener\" target=\"_blank\" href=\"https:\/\/www.ndr.de\/nachrichten\/niedersachsen\/oldenburg_ostfriesland\/Neun-Euro-Ticket-Pro-Bahn-fordert-mehr-Zuege-an-Wochenenden,neuneuroticket132.html\">fordert<\/a> der Fahrgastverband Pro Bahn &#8220;mehr Z\u00fcge auf stark nachgefragten Bahnstrecken \u2013 etwa zur K\u00fcste und in den Harz&#8221;, so der <em>NDR<\/em> am 17. Mai. Der\u00a0Ehrenpr\u00e4sident von Pro Bahn Karl-Peter Naumann sieht laut dem <em>ZDF<\/em>\u00a0in dem Ticket &#8220;<a rel=\"nofollow noopener\" target=\"_blank\" href=\"https:\/\/www.zdf.de\/nachrichten\/politik\/9-euro-ticket-pro-bahn-naumann-wissing-100.html\">Potenzial<\/a>&#8220;,\u00a0da &#8220;Berufspendler\u00a0mit Sicherheit&#8221; vom Auto auf Busse oder Bahnen umsteigen w\u00fcrden, &#8220;wenn diese nicht \u00fcberf\u00fcllt sind&#8221;.<\/p>\n<div class=\"EmbedBlock-root EmbedBlock-twitter\">\n<div class=\"TwitterEmbed\">\n<blockquote class=\"twitter-tweet lazyload\" data-twitter=\"twitter-tweet\">\n<p lang=\"de\" dir=\"ltr\">Neun Euro f\u00fcr ein bundesweit g\u00fcltiges Monatsticket? Ja, das wird aufgrund des Entlastungspakets 2022 bald Realit\u00e4t. Die h\u00e4ufigsten Fragen und Antworten nach derzeitigem Kenntnisstand haben wir hier bereits zusammengestellt: \u27a1\ufe0f <a rel=\"nofollow noopener\" target=\"_blank\" href=\"https:\/\/t.co\/vNMJwAsWBR\">https:\/\/t.co\/vNMJwAsWBR<\/a><a rel=\"nofollow noopener\" target=\"_blank\" href=\"https:\/\/twitter.com\/hashtag\/9EuroTicket?src=hash&amp;ref_src=twsrc%5Etfw\">#9EuroTicket<\/a><a rel=\"nofollow noopener\" target=\"_blank\" href=\"https:\/\/t.co\/9vkrvmJMX2\">pic.twitter.com\/9vkrvmJMX2<\/a><\/p>\n<p>\u2014 Deutsche Bahn Personenverkehr (@DB_Bahn) <a rel=\"nofollow noopener\" target=\"_blank\" href=\"https:\/\/twitter.com\/DB_Bahn\/status\/1526153839157645314?ref_src=twsrc%5Etfw\">May 16, 2022<\/a><\/p><\/blockquote>\n<\/div>\n<\/div>\n<p>Ein Gro\u00dfteil der Anbieter, darunter die Deutsche Bahn, will ab Montag den Verkauf freischalten. Einige starten laut <a rel=\"nofollow noopener\" target=\"_blank\" href=\"https:\/\/www.businessinsider.de\/politik\/deutschland\/bundestag-macht-den-weg-frei-fuer-das-neun-euro-ticket-ab-montag-startet-die-bahn-ihren-vorverkauf\/\">Medienangaben<\/a> schon am morgigen Samstag. Einzelne Anbieter h\u00e4tten sogar bereits die ersten 1.000 Tickets vorab verkauft, in Hamburg <a rel=\"nofollow noopener\" target=\"_blank\" href=\"https:\/\/www.rbb24.de\/wirtschaft\/beitrag\/2022\/05\/bvg-berliner-s-bahn-9-euro-ticket-oepnv-mehr-busse-und-zuege.html\">und Berlin<\/a> soll der Verkauf am heutigen Freitag beginnen.\u00a0Das Ticket l\u00e4uft parallel zur befristeten Senkung der Energiesteuer auf Benzin und Diesel als Teil des sogenannten Entlastungspakets.<\/p>\n<div class=\"EmbedBlock-root EmbedBlock-twitter\">\n<div class=\"TwitterEmbed\">\n<blockquote class=\"twitter-tweet lazyload\" data-twitter=\"twitter-tweet\">\n<p lang=\"de\" dir=\"ltr\">Das <a rel=\"nofollow noopener\" target=\"_blank\" href=\"https:\/\/twitter.com\/hashtag\/9EuroTicket?src=hash&amp;ref_src=twsrc%5Etfw\">#9EuroTicket<\/a> kommt! Der <a rel=\"nofollow noopener\" target=\"_blank\" href=\"https:\/\/twitter.com\/hashtag\/Bundesrat?src=hash&amp;ref_src=twsrc%5Etfw\">#Bundesrat<\/a> hat gerade dem Gesetz zur \u00c4nderung des Regionalisierungsgesetzes zugestimmt und damit das g\u00fcnstige Ticket auf den Weg gebracht. Die Bundesl\u00e4nder starten demn\u00e4chst mit dem Verkauf. Hier sind alle wichtigen \u2139\ufe0f f\u00fcr euch auf einen Blick! <a rel=\"nofollow noopener\" target=\"_blank\" href=\"https:\/\/t.co\/Tz0oT9FbYK\">pic.twitter.com\/Tz0oT9FbYK<\/a><\/p>\n<p>\u2014 BMDV (@BMDV_bund) <a rel=\"nofollow noopener\" target=\"_blank\" href=\"https:\/\/twitter.com\/BMDV_bund\/status\/1527584655196704770?ref_src=twsrc%5Etfw\">May 20, 2022<\/a><\/p><\/blockquote>\n<\/div>\n<\/div>\n<p>Bahn- und Busbetreiber wie auch die Verkehrsverb\u00fcnde stellen sich auf einen gr\u00f6\u00dferen Andrang von Fahrg\u00e4sten ein. Gerechnet wird vor allem an Wochenenden mit vollen Z\u00fcgen zu Ausflugszielen. Streitpunkt ist und bleibt die geplante Finanzierung. Laut dem jetzt beschlossenen Gesetz stellt der Bund den L\u00e4ndern unter anderem 2,5\u00a0Milliarden\u00a0Euro\u00a0bereit, um Einnahmeausf\u00e4lle der Verkehrsanbieter auszugleichen, so Informationen der <em>dpa.<\/em><\/p>\n<p><strong>Mehr zum Thema &#8211;<\/strong>\u00a0<a rel=\"nofollow noopener\" target=\"_blank\" href=\"https:\/\/de.rt.com\/inland\/134157-milliardengrab-und-baustelle-stuttgart-21\/\">Milliardengrab Stuttgart 21 ben\u00f6tigt weitere 950 Millionen Euro<\/a><\/p>\n<\/div>\n<p><script async src=\"https:\/\/platform.twitter.com\/widgets.js\" charset=\"utf-8\"><\/script><br \/>\n<br \/><br \/>\n<br \/><a href=\"https:\/\/de.rt.com\/inland\/138959-bundesrat-macht-bahn-fuer-drei\/\">Source link <\/a><\/p>\n","protected":false},"excerpt":{"rendered":"<p>Der Bundestag hatte am Donnerstagabend zuerst gr\u00fcnes Licht f\u00fcr das von der Bundesregierung angek\u00fcndigte Neun-Euro-Ticket f\u00fcr Bus und Bahn gegeben. Der ben\u00f6tigte Bundesratsbeschluss erfolgte am 20. Mai und best\u00e4tigte damit das von den Abgeordneten\u00a0beschlossene Finanzierungsgesetz, sodass die dreimonatige Sonderaktion nun zum 1.\u00a0Juni starten kann.\u00a0 Aufgrund der kontinuierlich\u00a0stark gestiegenen Energiepreise sollen dadurch Anreize geschaffen werden, dass [&hellip;]<\/p>\n","protected":false},"author":3,"featured_media":8361,"comment_status":"open","ping_status":"open","sticky":false,"template":"","format":"standard","meta":{"wp_automatic_camp":["217"],"c9946fd6684f34d412431a35f33150b2":["Bundesrat macht Bahn frei f\u00fcr das Neun-Euro-Ticket"],"original_link":["https:\/\/de.rt.com\/inland\/138959-bundesrat-macht-bahn-fuer-drei\/"],"_thumbnail_id":["8361"],"_wptg_p2tg_sent2tg":["2022-05-20 14:27:14"],"jnews_social_counter_last_update":["1777222082"]},"categories":[19,23],"tags":[21087,21086,427,1008,221,4847,21088],"yoast_head":"<!-- This site is optimized with the Yoast SEO Premium plugin v22.7 (Yoast SEO v22.7) - https:\/\/yoast.com\/wordpress\/plugins\/seo\/ -->\n<title>Bundesrat macht Bahn frei f\u00fcr das Neun-Euro-Ticket - just-now.NEWS Deutschland<\/title>\n<meta name=\"robots\" content=\"index, follow, max-snippet:-1, max-image-preview:large, max-video-preview:-1\" \/>\n<link rel=\"canonical\" href=\"https:\/\/now-news.de\/de\/deutschland\/bundesrat-macht-bahn-frei-fuer-das-neun-euro-ticket\/\" \/>\n<meta property=\"og:locale\" content=\"de_DE\" \/>\n<meta property=\"og:type\" content=\"article\" \/>\n<meta property=\"og:title\" content=\"Bundesrat macht Bahn frei f\u00fcr das Neun-Euro-Ticket\" \/>\n<meta property=\"og:description\" content=\"Der Bundestag hatte am Donnerstagabend zuerst gr\u00fcnes Licht f\u00fcr das von der Bundesregierung angek\u00fcndigte Neun-Euro-Ticket f\u00fcr Bus und Bahn gegeben. Der ben\u00f6tigte Bundesratsbeschluss erfolgte am 20. Mai und best\u00e4tigte damit das von den Abgeordneten\u00a0beschlossene Finanzierungsgesetz, sodass die dreimonatige Sonderaktion nun zum 1.\u00a0Juni starten kann.\u00a0 Aufgrund der kontinuierlich\u00a0stark gestiegenen Energiepreise sollen dadurch Anreize geschaffen werden, dass [&hellip;]\" \/>\n<meta property=\"og:url\" content=\"https:\/\/now-news.de\/de\/deutschland\/bundesrat-macht-bahn-frei-fuer-das-neun-euro-ticket\/\" \/>\n<meta property=\"og:site_name\" content=\"just-now.NEWS Deutschland\" \/>\n<meta property=\"article:publisher\" content=\"https:\/\/www.facebook.com\/wirmachenauf\" \/>\n<meta property=\"article:published_time\" content=\"2022-05-20T12:23:13+00:00\" \/>\n<meta property=\"og:image\" content=\"https:\/\/now-news.de\/de\/wp-content\/uploads\/sites\/3\/2022\/05\/Bundesrat-macht-Bahn-frei-fuer-das-Neun-Euro-Ticket.jpg\" \/>\n\t<meta property=\"og:image:width\" content=\"460\" \/>\n\t<meta property=\"og:image:height\" content=\"259\" \/>\n\t<meta property=\"og:image:type\" content=\"image\/jpeg\" \/>\n<meta name=\"author\" content=\"rtnews\" \/>\n<meta name=\"twitter:card\" content=\"summary_large_image\" \/>\n<meta name=\"twitter:creator\" content=\"@WirMachenAuf_de\" \/>\n<meta name=\"twitter:site\" content=\"@WirMachenAuf_de\" \/>\n<meta name=\"twitter:label1\" content=\"Verfasst von\" \/>\n\t<meta name=\"twitter:data1\" content=\"rtnews\" \/>\n\t<meta name=\"twitter:label2\" content=\"Gesch\u00e4tzte Lesezeit\" \/>\n\t<meta name=\"twitter:data2\" content=\"2\u00a0Minuten\" \/>\n<script type=\"application\/ld+json\" class=\"yoast-schema-graph\">{\"@context\":\"https:\/\/schema.org\",\"@graph\":[{\"@type\":\"Article\",\"@id\":\"https:\/\/now-news.de\/de\/deutschland\/bundesrat-macht-bahn-frei-fuer-das-neun-euro-ticket\/#article\",\"isPartOf\":{\"@id\":\"https:\/\/now-news.de\/de\/deutschland\/bundesrat-macht-bahn-frei-fuer-das-neun-euro-ticket\/\"},\"author\":{\"name\":\"rtnews\",\"@id\":\"https:\/\/now-news.de\/de\/#\/schema\/person\/fb534a4e865501d8b3285208df34a9b5\"},\"headline\":\"Bundesrat macht Bahn frei f\u00fcr das Neun-Euro-Ticket\",\"datePublished\":\"2022-05-20T12:23:13+00:00\",\"dateModified\":\"2022-05-20T12:23:13+00:00\",\"mainEntityOfPage\":{\"@id\":\"https:\/\/now-news.de\/de\/deutschland\/bundesrat-macht-bahn-frei-fuer-das-neun-euro-ticket\/\"},\"wordCount\":458,\"commentCount\":0,\"publisher\":{\"@id\":\"https:\/\/now-news.de\/de\/#organization\"},\"image\":{\"@id\":\"https:\/\/now-news.de\/de\/deutschland\/bundesrat-macht-bahn-frei-fuer-das-neun-euro-ticket\/#primaryimage\"},\"thumbnailUrl\":\"https:\/\/now-news.de\/de\/wp-content\/uploads\/sites\/3\/2022\/05\/Bundesrat-macht-Bahn-frei-fuer-das-Neun-Euro-Ticket.jpg\",\"keywords\":[\"Bahn\",\"Bundesrat\",\"das\",\"frei\",\"f\u00fcr\",\"Macht\",\"NeunEuroTicket\"],\"articleSection\":[\"Deutschland\",\"Russland\"],\"inLanguage\":\"de\",\"potentialAction\":[{\"@type\":\"CommentAction\",\"name\":\"Comment\",\"target\":[\"https:\/\/now-news.de\/de\/deutschland\/bundesrat-macht-bahn-frei-fuer-das-neun-euro-ticket\/#respond\"]}]},{\"@type\":\"WebPage\",\"@id\":\"https:\/\/now-news.de\/de\/deutschland\/bundesrat-macht-bahn-frei-fuer-das-neun-euro-ticket\/\",\"url\":\"https:\/\/now-news.de\/de\/deutschland\/bundesrat-macht-bahn-frei-fuer-das-neun-euro-ticket\/\",\"name\":\"Bundesrat macht Bahn frei f\u00fcr das Neun-Euro-Ticket - just-now.NEWS Deutschland\",\"isPartOf\":{\"@id\":\"https:\/\/now-news.de\/de\/#website\"},\"primaryImageOfPage\":{\"@id\":\"https:\/\/now-news.de\/de\/deutschland\/bundesrat-macht-bahn-frei-fuer-das-neun-euro-ticket\/#primaryimage\"},\"image\":{\"@id\":\"https:\/\/now-news.de\/de\/deutschland\/bundesrat-macht-bahn-frei-fuer-das-neun-euro-ticket\/#primaryimage\"},\"thumbnailUrl\":\"https:\/\/now-news.de\/de\/wp-content\/uploads\/sites\/3\/2022\/05\/Bundesrat-macht-Bahn-frei-fuer-das-Neun-Euro-Ticket.jpg\",\"datePublished\":\"2022-05-20T12:23:13+00:00\",\"dateModified\":\"2022-05-20T12:23:13+00:00\",\"breadcrumb\":{\"@id\":\"https:\/\/now-news.de\/de\/deutschland\/bundesrat-macht-bahn-frei-fuer-das-neun-euro-ticket\/#breadcrumb\"},\"inLanguage\":\"de\",\"potentialAction\":[{\"@type\":\"ReadAction\",\"target\":[\"https:\/\/now-news.de\/de\/deutschland\/bundesrat-macht-bahn-frei-fuer-das-neun-euro-ticket\/\"]}]},{\"@type\":\"ImageObject\",\"inLanguage\":\"de\",\"@id\":\"https:\/\/now-news.de\/de\/deutschland\/bundesrat-macht-bahn-frei-fuer-das-neun-euro-ticket\/#primaryimage\",\"url\":\"https:\/\/now-news.de\/de\/wp-content\/uploads\/sites\/3\/2022\/05\/Bundesrat-macht-Bahn-frei-fuer-das-Neun-Euro-Ticket.jpg\",\"contentUrl\":\"https:\/\/now-news.de\/de\/wp-content\/uploads\/sites\/3\/2022\/05\/Bundesrat-macht-Bahn-frei-fuer-das-Neun-Euro-Ticket.jpg\",\"width\":460,\"height\":259,\"caption\":\"Deutschland: Keine Pl\u00e4ne f\u00fcr Ende der Maskenpflicht in Verkehrsmitteln\"},{\"@type\":\"BreadcrumbList\",\"@id\":\"https:\/\/now-news.de\/de\/deutschland\/bundesrat-macht-bahn-frei-fuer-das-neun-euro-ticket\/#breadcrumb\",\"itemListElement\":[{\"@type\":\"ListItem\",\"position\":1,\"name\":\"Home\",\"item\":\"https:\/\/now-news.de\/de\/\"},{\"@type\":\"ListItem\",\"position\":2,\"name\":\"Bundesrat macht Bahn frei f\u00fcr das Neun-Euro-Ticket\"}]},{\"@type\":\"WebSite\",\"@id\":\"https:\/\/now-news.de\/de\/#website\",\"url\":\"https:\/\/now-news.de\/de\/\",\"name\":\"just-now.NEWS Deutschland\",\"description\":\"Das Portal f\u00fcr unzensierte Nachrichten aus der Welt\",\"publisher\":{\"@id\":\"https:\/\/now-news.de\/de\/#organization\"},\"potentialAction\":[{\"@type\":\"SearchAction\",\"target\":{\"@type\":\"EntryPoint\",\"urlTemplate\":\"https:\/\/now-news.de\/de\/?s={search_term_string}\"},\"query-input\":\"required name=search_term_string\"}],\"inLanguage\":\"de\"},{\"@type\":\"Organization\",\"@id\":\"https:\/\/now-news.de\/de\/#organization\",\"name\":\"Just Now News\",\"url\":\"https:\/\/now-news.de\/de\/\",\"logo\":{\"@type\":\"ImageObject\",\"inLanguage\":\"de\",\"@id\":\"https:\/\/now-news.de\/de\/#\/schema\/logo\/image\/\",\"url\":\"http:\/\/just-now.news\/de\/wp-content\/uploads\/sites\/3\/2022\/04\/logo500x500.jpg\",\"contentUrl\":\"http:\/\/just-now.news\/de\/wp-content\/uploads\/sites\/3\/2022\/04\/logo500x500.jpg\",\"width\":500,\"height\":500,\"caption\":\"Just Now News\"},\"image\":{\"@id\":\"https:\/\/now-news.de\/de\/#\/schema\/logo\/image\/\"},\"sameAs\":[\"https:\/\/www.facebook.com\/wirmachenauf\",\"https:\/\/x.com\/WirMachenAuf_de\"]},{\"@type\":\"Person\",\"@id\":\"https:\/\/now-news.de\/de\/#\/schema\/person\/fb534a4e865501d8b3285208df34a9b5\",\"name\":\"rtnews\",\"image\":{\"@type\":\"ImageObject\",\"inLanguage\":\"de\",\"@id\":\"https:\/\/now-news.de\/de\/#\/schema\/person\/image\/\",\"url\":\"https:\/\/secure.gravatar.com\/avatar\/82aafea7d8127119dd649515f56e2117?s=96&d=mm&r=g\",\"contentUrl\":\"https:\/\/secure.gravatar.com\/avatar\/82aafea7d8127119dd649515f56e2117?s=96&d=mm&r=g\",\"caption\":\"rtnews\"},\"url\":\"https:\/\/now-news.de\/de\/author\/rnews\/\"}]}<\/script>\n<!-- \/ Yoast SEO Premium plugin. -->","yoast_head_json":{"title":"Bundesrat macht Bahn frei f\u00fcr das Neun-Euro-Ticket - just-now.NEWS Deutschland","robots":{"index":"index","follow":"follow","max-snippet":"max-snippet:-1","max-image-preview":"max-image-preview:large","max-video-preview":"max-video-preview:-1"},"canonical":"https:\/\/now-news.de\/de\/deutschland\/bundesrat-macht-bahn-frei-fuer-das-neun-euro-ticket\/","og_locale":"de_DE","og_type":"article","og_title":"Bundesrat macht Bahn frei f\u00fcr das Neun-Euro-Ticket","og_description":"Der Bundestag hatte am Donnerstagabend zuerst gr\u00fcnes Licht f\u00fcr das von der Bundesregierung angek\u00fcndigte Neun-Euro-Ticket f\u00fcr Bus und Bahn gegeben. Der ben\u00f6tigte Bundesratsbeschluss erfolgte am 20. Mai und best\u00e4tigte damit das von den Abgeordneten\u00a0beschlossene Finanzierungsgesetz, sodass die dreimonatige Sonderaktion nun zum 1.\u00a0Juni starten kann.\u00a0 Aufgrund der kontinuierlich\u00a0stark gestiegenen Energiepreise sollen dadurch Anreize geschaffen werden, dass [&hellip;]","og_url":"https:\/\/now-news.de\/de\/deutschland\/bundesrat-macht-bahn-frei-fuer-das-neun-euro-ticket\/","og_site_name":"just-now.NEWS Deutschland","article_publisher":"https:\/\/www.facebook.com\/wirmachenauf","article_published_time":"2022-05-20T12:23:13+00:00","og_image":[{"width":460,"height":259,"url":"https:\/\/now-news.de\/de\/wp-content\/uploads\/sites\/3\/2022\/05\/Bundesrat-macht-Bahn-frei-fuer-das-Neun-Euro-Ticket.jpg","type":"image\/jpeg"}],"author":"rtnews","twitter_card":"summary_large_image","twitter_creator":"@WirMachenAuf_de","twitter_site":"@WirMachenAuf_de","twitter_misc":{"Verfasst von":"rtnews","Gesch\u00e4tzte Lesezeit":"2\u00a0Minuten"},"schema":{"@context":"https:\/\/schema.org","@graph":[{"@type":"Article","@id":"https:\/\/now-news.de\/de\/deutschland\/bundesrat-macht-bahn-frei-fuer-das-neun-euro-ticket\/#article","isPartOf":{"@id":"https:\/\/now-news.de\/de\/deutschland\/bundesrat-macht-bahn-frei-fuer-das-neun-euro-ticket\/"},"author":{"name":"rtnews","@id":"https:\/\/now-news.de\/de\/#\/schema\/person\/fb534a4e865501d8b3285208df34a9b5"},"headline":"Bundesrat macht Bahn frei f\u00fcr das Neun-Euro-Ticket","datePublished":"2022-05-20T12:23:13+00:00","dateModified":"2022-05-20T12:23:13+00:00","mainEntityOfPage":{"@id":"https:\/\/now-news.de\/de\/deutschland\/bundesrat-macht-bahn-frei-fuer-das-neun-euro-ticket\/"},"wordCount":458,"commentCount":0,"publisher":{"@id":"https:\/\/now-news.de\/de\/#organization"},"image":{"@id":"https:\/\/now-news.de\/de\/deutschland\/bundesrat-macht-bahn-frei-fuer-das-neun-euro-ticket\/#primaryimage"},"thumbnailUrl":"https:\/\/now-news.de\/de\/wp-content\/uploads\/sites\/3\/2022\/05\/Bundesrat-macht-Bahn-frei-fuer-das-Neun-Euro-Ticket.jpg","keywords":["Bahn","Bundesrat","das","frei","f\u00fcr","Macht","NeunEuroTicket"],"articleSection":["Deutschland","Russland"],"inLanguage":"de","potentialAction":[{"@type":"CommentAction","name":"Comment","target":["https:\/\/now-news.de\/de\/deutschland\/bundesrat-macht-bahn-frei-fuer-das-neun-euro-ticket\/#respond"]}]},{"@type":"WebPage","@id":"https:\/\/now-news.de\/de\/deutschland\/bundesrat-macht-bahn-frei-fuer-das-neun-euro-ticket\/","url":"https:\/\/now-news.de\/de\/deutschland\/bundesrat-macht-bahn-frei-fuer-das-neun-euro-ticket\/","name":"Bundesrat macht Bahn frei f\u00fcr das Neun-Euro-Ticket - just-now.NEWS Deutschland","isPartOf":{"@id":"https:\/\/now-news.de\/de\/#website"},"primaryImageOfPage":{"@id":"https:\/\/now-news.de\/de\/deutschland\/bundesrat-macht-bahn-frei-fuer-das-neun-euro-ticket\/#primaryimage"},"image":{"@id":"https:\/\/now-news.de\/de\/deutschland\/bundesrat-macht-bahn-frei-fuer-das-neun-euro-ticket\/#primaryimage"},"thumbnailUrl":"https:\/\/now-news.de\/de\/wp-content\/uploads\/sites\/3\/2022\/05\/Bundesrat-macht-Bahn-frei-fuer-das-Neun-Euro-Ticket.jpg","datePublished":"2022-05-20T12:23:13+00:00","dateModified":"2022-05-20T12:23:13+00:00","breadcrumb":{"@id":"https:\/\/now-news.de\/de\/deutschland\/bundesrat-macht-bahn-frei-fuer-das-neun-euro-ticket\/#breadcrumb"},"inLanguage":"de","potentialAction":[{"@type":"ReadAction","target":["https:\/\/now-news.de\/de\/deutschland\/bundesrat-macht-bahn-frei-fuer-das-neun-euro-ticket\/"]}]},{"@type":"ImageObject","inLanguage":"de","@id":"https:\/\/now-news.de\/de\/deutschland\/bundesrat-macht-bahn-frei-fuer-das-neun-euro-ticket\/#primaryimage","url":"https:\/\/now-news.de\/de\/wp-content\/uploads\/sites\/3\/2022\/05\/Bundesrat-macht-Bahn-frei-fuer-das-Neun-Euro-Ticket.jpg","contentUrl":"https:\/\/now-news.de\/de\/wp-content\/uploads\/sites\/3\/2022\/05\/Bundesrat-macht-Bahn-frei-fuer-das-Neun-Euro-Ticket.jpg","width":460,"height":259,"caption":"Deutschland: Keine Pl\u00e4ne f\u00fcr Ende der Maskenpflicht in Verkehrsmitteln"},{"@type":"BreadcrumbList","@id":"https:\/\/now-news.de\/de\/deutschland\/bundesrat-macht-bahn-frei-fuer-das-neun-euro-ticket\/#breadcrumb","itemListElement":[{"@type":"ListItem","position":1,"name":"Home","item":"https:\/\/now-news.de\/de\/"},{"@type":"ListItem","position":2,"name":"Bundesrat macht Bahn frei f\u00fcr das Neun-Euro-Ticket"}]},{"@type":"WebSite","@id":"https:\/\/now-news.de\/de\/#website","url":"https:\/\/now-news.de\/de\/","name":"just-now.NEWS Deutschland","description":"Das Portal f\u00fcr unzensierte Nachrichten aus der Welt","publisher":{"@id":"https:\/\/now-news.de\/de\/#organization"},"potentialAction":[{"@type":"SearchAction","target":{"@type":"EntryPoint","urlTemplate":"https:\/\/now-news.de\/de\/?s={search_term_string}"},"query-input":"required name=search_term_string"}],"inLanguage":"de"},{"@type":"Organization","@id":"https:\/\/now-news.de\/de\/#organization","name":"Just Now News","url":"https:\/\/now-news.de\/de\/","logo":{"@type":"ImageObject","inLanguage":"de","@id":"https:\/\/now-news.de\/de\/#\/schema\/logo\/image\/","url":"http:\/\/just-now.news\/de\/wp-content\/uploads\/sites\/3\/2022\/04\/logo500x500.jpg","contentUrl":"http:\/\/just-now.news\/de\/wp-content\/uploads\/sites\/3\/2022\/04\/logo500x500.jpg","width":500,"height":500,"caption":"Just Now News"},"image":{"@id":"https:\/\/now-news.de\/de\/#\/schema\/logo\/image\/"},"sameAs":["https:\/\/www.facebook.com\/wirmachenauf","https:\/\/x.com\/WirMachenAuf_de"]},{"@type":"Person","@id":"https:\/\/now-news.de\/de\/#\/schema\/person\/fb534a4e865501d8b3285208df34a9b5","name":"rtnews","image":{"@type":"ImageObject","inLanguage":"de","@id":"https:\/\/now-news.de\/de\/#\/schema\/person\/image\/","url":"https:\/\/secure.gravatar.com\/avatar\/82aafea7d8127119dd649515f56e2117?s=96&d=mm&r=g","contentUrl":"https:\/\/secure.gravatar.com\/avatar\/82aafea7d8127119dd649515f56e2117?s=96&d=mm&r=g","caption":"rtnews"},"url":"https:\/\/now-news.de\/de\/author\/rnews\/"}]}},"_links":{"self":[{"href":"https:\/\/now-news.de\/de\/wp-json\/wp\/v2\/posts\/8360"}],"collection":[{"href":"https:\/\/now-news.de\/de\/wp-json\/wp\/v2\/posts"}],"about":[{"href":"https:\/\/now-news.de\/de\/wp-json\/wp\/v2\/types\/post"}],"author":[{"embeddable":true,"href":"https:\/\/now-news.de\/de\/wp-json\/wp\/v2\/users\/3"}],"replies":[{"embeddable":true,"href":"https:\/\/now-news.de\/de\/wp-json\/wp\/v2\/comments?post=8360"}],"version-history":[{"count":0,"href":"https:\/\/now-news.de\/de\/wp-json\/wp\/v2\/posts\/8360\/revisions"}],"wp:featuredmedia":[{"embeddable":true,"href":"https:\/\/now-news.de\/de\/wp-json\/wp\/v2\/media\/8361"}],"wp:attachment":[{"href":"https:\/\/now-news.de\/de\/wp-json\/wp\/v2\/media?parent=8360"}],"wp:term":[{"taxonomy":"category","embeddable":true,"href":"https:\/\/now-news.de\/de\/wp-json\/wp\/v2\/categories?post=8360"},{"taxonomy":"post_tag","embeddable":true,"href":"https:\/\/now-news.de\/de\/wp-json\/wp\/v2\/tags?post=8360"}],"curies":[{"name":"wp","href":"https:\/\/api.w.org\/{rel}","templated":true}]}}