{"id":83597,"date":"2025-05-12T09:41:54","date_gmt":"2025-05-12T07:41:54","guid":{"rendered":"https:\/\/now-news.de\/de\/deutschland\/usa-und-china-senken-zoelle-nach-gespraechen-in-genf\/"},"modified":"2025-05-12T09:41:54","modified_gmt":"2025-05-12T07:41:54","slug":"usa-und-china-senken-zoelle-nach-gespraechen-in-genf","status":"publish","type":"post","link":"https:\/\/now-news.de\/de\/deutschland\/usa-und-china-senken-zoelle-nach-gespraechen-in-genf\/","title":{"rendered":"USA und China senken Z\u00f6lle nach Gespr\u00e4chen in Genf"},"content":{"rendered":"<p><img decoding=\"async\" src=\"https:\/\/now-news.de\/de\/wp-content\/uploads\/sites\/3\/2025\/05\/6821a332b480cc594e7ba3d9.jpg\" \/><\/p>\n<div class=\"Text-root Text-type_1 \">\n                Nach zweit\u00e4gigen Gespr\u00e4chen in Genf haben die USA und China ihre Z\u00f6lle signifikant gesenkt. Die USA reduzieren ihre Z\u00f6lle auf chinesische Importe von 145 auf 30 Prozent, China senkt die Z\u00f6lle auf US-Waren von 125 auf 10 Prozent. Die Einigung gilt vorerst f\u00fcr 90 Tage und soll den Dialog fortsetzen.\n            <\/div>\n<p><\/p>\n<div class=\"Text-root Text-type_5 ArticleView-text ViewText-root \">\n<p data-start=\"3524\" data-end=\"3803\">Nach intensiven Verhandlungen in Genf haben die USA und China eine teilweise Senkung der gegenseitigen Z\u00f6lle vereinbart. Beide Seiten \u00e4u\u00dferten sich optimistisch \u00fcber die Ergebnisse, die als erster Schritt in Richtung einer dauerhaften L\u00f6sung des Handelsstreits betrachtet werden.<\/p>\n<p>Die USA werden ihre Z\u00f6lle auf chinesische Importe von 145 auf 30 Prozent reduzieren, w\u00e4hrend China die Z\u00f6lle auf amerikanische Produkte von 125 auf 10 Prozent senken wird. Die Einigung gilt zun\u00e4chst f\u00fcr 90 Tage. Beide L\u00e4nder haben zudem einen Mechanismus f\u00fcr weitere Gespr\u00e4che \u00fcber Wirtschafts- und Handelsfragen vereinbart, was als Fortschritt in den seit Jahren andauernden Verhandlungen gewertet wird.<\/p>\n<p>Die Gespr\u00e4chspartner, darunter US-Finanzminister Scott Bessent und der chinesische Vize-Ministerpr\u00e4sident He Lifeng, betonten die konstruktive Atmosph\u00e4re der Verhandlungen. Experten sehen die Vereinbarung als ersten positiven Schritt, der die wirtschaftlichen Beziehungen zwischen den beiden Superm\u00e4chten wieder stabilisieren k\u00f6nnte. Die M\u00e4rkte reagierten zun\u00e4chst positiv, und Unternehmen mit globaler Reichweite konnten erste Kursgewinne verzeichnen.<\/p>\n<p>Trotz der Erleichterung bleibt abzuwarten, wie sich die Beziehung nach Ablauf der 90 Tage weiterentwickeln wird. Insbesondere die langfristige Zukunft der Z\u00f6lle und der Handelsmechanismen k\u00f6nnte noch ungel\u00f6ste Herausforderungen mit sich bringen.<\/p>\n<p data-start=\"4954\" data-end=\"5307\"><strong data-start=\"1226\" data-end=\"1286\">Mehr zum Thema\u00a0<\/strong>\u2012\u00a0<a rel=\"nofollow noopener\" target=\"_blank\" href=\"https:\/\/freedert.online\/schweiz\/236529-jeder-fuenfte-in-europa-rechnet\/\">Lervoss International Ltd. \u2013 oder das gestohlene Geld der ukrainischen Eisenbahn\u00a0in der Schweiz<\/a><\/p>\n<div class=\"EmbedBlock-root EmbedBlock-externalVideo EmbedBlock-rumble\">\n<div class=\"VkEmbed\"><iframe class=\"lazyload\" data-src=\"https:\/\/rumble.com\/embed\/v5hkgnp\" frameborder=\"0\" width=\"853\" height=\"480\" allowfullscreen><\/iframe><\/div>\n<\/div>\n<\/div>\n<p><br \/>\n<br \/><a href=\"https:\/\/de.rt.com\/wirtschaft\/244708-usa-und-china-senken-zoelle\/\">Source link <\/a><\/p>\n","protected":false},"excerpt":{"rendered":"<p>Nach zweit\u00e4gigen Gespr\u00e4chen in Genf haben die USA und China ihre Z\u00f6lle signifikant gesenkt. Die USA reduzieren ihre Z\u00f6lle auf chinesische Importe von 145 auf 30 Prozent, China senkt die Z\u00f6lle auf US-Waren von 125 auf 10 Prozent. Die Einigung gilt vorerst f\u00fcr 90 Tage und soll den Dialog fortsetzen. Nach intensiven Verhandlungen in Genf [&hellip;]<\/p>\n","protected":false},"author":3,"featured_media":83598,"comment_status":"open","ping_status":"open","sticky":false,"template":"","format":"standard","meta":{"_yoast_indexnow_last_ping":["1747035995"],"wp_automatic_camp":["217"],"93d3bef3fdfc0fd767b10094746e91f5":["USA und China senken Z\u00f6lle nach Gespr\u00e4chen in Genf"],"original_link":["https:\/\/de.rt.com\/wirtschaft\/244708-usa-und-china-senken-zoelle\/"],"_thumbnail_id":["83598"],"jnews_social_counter_last_update":["1776928609"],"_wptgpro_p2tg_sent2tg":["a:1:{i:23737;s:19:\"2025-05-12 09:47:39\";}"]},"categories":[19,23],"tags":[192,63608,999,979,21712,140,193,21429],"yoast_head":"<!-- This site is optimized with the Yoast SEO Premium plugin v22.7 (Yoast SEO v22.7) - https:\/\/yoast.com\/wordpress\/plugins\/seo\/ -->\n<title>USA und China senken Z\u00f6lle nach Gespr\u00e4chen in Genf - just-now.NEWS Deutschland<\/title>\n<meta name=\"robots\" content=\"index, follow, max-snippet:-1, max-image-preview:large, max-video-preview:-1\" \/>\n<link rel=\"canonical\" href=\"https:\/\/now-news.de\/de\/deutschland\/usa-und-china-senken-zoelle-nach-gespraechen-in-genf\/\" \/>\n<meta property=\"og:locale\" content=\"de_DE\" \/>\n<meta property=\"og:type\" content=\"article\" \/>\n<meta property=\"og:title\" content=\"USA und China senken Z\u00f6lle nach Gespr\u00e4chen in Genf\" \/>\n<meta property=\"og:description\" content=\"Nach zweit\u00e4gigen Gespr\u00e4chen in Genf haben die USA und China ihre Z\u00f6lle signifikant gesenkt. Die USA reduzieren ihre Z\u00f6lle auf chinesische Importe von 145 auf 30 Prozent, China senkt die Z\u00f6lle auf US-Waren von 125 auf 10 Prozent. Die Einigung gilt vorerst f\u00fcr 90 Tage und soll den Dialog fortsetzen. Nach intensiven Verhandlungen in Genf [&hellip;]\" \/>\n<meta property=\"og:url\" content=\"https:\/\/now-news.de\/de\/deutschland\/usa-und-china-senken-zoelle-nach-gespraechen-in-genf\/\" \/>\n<meta property=\"og:site_name\" content=\"just-now.NEWS Deutschland\" \/>\n<meta property=\"article:publisher\" content=\"https:\/\/www.facebook.com\/wirmachenauf\" \/>\n<meta property=\"article:published_time\" content=\"2025-05-12T07:41:54+00:00\" \/>\n<meta property=\"og:image\" content=\"https:\/\/now-news.de\/de\/wp-content\/uploads\/sites\/3\/2025\/05\/6821a332b480cc594e7ba3d9.jpg\" \/>\n<meta name=\"author\" content=\"rtnews\" \/>\n<meta name=\"twitter:card\" content=\"summary_large_image\" \/>\n<meta name=\"twitter:creator\" content=\"@WirMachenAuf_de\" \/>\n<meta name=\"twitter:site\" content=\"@WirMachenAuf_de\" \/>\n<meta name=\"twitter:label1\" content=\"Verfasst von\" \/>\n\t<meta name=\"twitter:data1\" content=\"rtnews\" \/>\n\t<meta name=\"twitter:label2\" content=\"Gesch\u00e4tzte Lesezeit\" \/>\n\t<meta name=\"twitter:data2\" content=\"1\u00a0Minute\" \/>\n<script type=\"application\/ld+json\" class=\"yoast-schema-graph\">{\"@context\":\"https:\/\/schema.org\",\"@graph\":[{\"@type\":\"Article\",\"@id\":\"https:\/\/now-news.de\/de\/deutschland\/usa-und-china-senken-zoelle-nach-gespraechen-in-genf\/#article\",\"isPartOf\":{\"@id\":\"https:\/\/now-news.de\/de\/deutschland\/usa-und-china-senken-zoelle-nach-gespraechen-in-genf\/\"},\"author\":{\"name\":\"rtnews\",\"@id\":\"https:\/\/now-news.de\/de\/#\/schema\/person\/fb534a4e865501d8b3285208df34a9b5\"},\"headline\":\"USA und China senken Z\u00f6lle nach Gespr\u00e4chen in Genf\",\"datePublished\":\"2025-05-12T07:41:54+00:00\",\"dateModified\":\"2025-05-12T07:41:54+00:00\",\"mainEntityOfPage\":{\"@id\":\"https:\/\/now-news.de\/de\/deutschland\/usa-und-china-senken-zoelle-nach-gespraechen-in-genf\/\"},\"wordCount\":277,\"commentCount\":0,\"publisher\":{\"@id\":\"https:\/\/now-news.de\/de\/#organization\"},\"image\":{\"@id\":\"https:\/\/now-news.de\/de\/deutschland\/usa-und-china-senken-zoelle-nach-gespraechen-in-genf\/#primaryimage\"},\"thumbnailUrl\":\"https:\/\/now-news.de\/de\/wp-content\/uploads\/sites\/3\/2025\/05\/USA-und-China-senken-Zoelle-nach-Gespraechen-in-Genf.jpg\",\"keywords\":[\"China\",\"Genf\",\"Gespr\u00e4chen\",\"nach\",\"senken\",\"und\",\"USA\",\"Z\u00f6lle\"],\"articleSection\":[\"Deutschland\",\"Russland\"],\"inLanguage\":\"de\",\"potentialAction\":[{\"@type\":\"CommentAction\",\"name\":\"Comment\",\"target\":[\"https:\/\/now-news.de\/de\/deutschland\/usa-und-china-senken-zoelle-nach-gespraechen-in-genf\/#respond\"]}]},{\"@type\":\"WebPage\",\"@id\":\"https:\/\/now-news.de\/de\/deutschland\/usa-und-china-senken-zoelle-nach-gespraechen-in-genf\/\",\"url\":\"https:\/\/now-news.de\/de\/deutschland\/usa-und-china-senken-zoelle-nach-gespraechen-in-genf\/\",\"name\":\"USA und China senken Z\u00f6lle nach Gespr\u00e4chen in Genf - just-now.NEWS Deutschland\",\"isPartOf\":{\"@id\":\"https:\/\/now-news.de\/de\/#website\"},\"primaryImageOfPage\":{\"@id\":\"https:\/\/now-news.de\/de\/deutschland\/usa-und-china-senken-zoelle-nach-gespraechen-in-genf\/#primaryimage\"},\"image\":{\"@id\":\"https:\/\/now-news.de\/de\/deutschland\/usa-und-china-senken-zoelle-nach-gespraechen-in-genf\/#primaryimage\"},\"thumbnailUrl\":\"https:\/\/now-news.de\/de\/wp-content\/uploads\/sites\/3\/2025\/05\/USA-und-China-senken-Zoelle-nach-Gespraechen-in-Genf.jpg\",\"datePublished\":\"2025-05-12T07:41:54+00:00\",\"dateModified\":\"2025-05-12T07:41:54+00:00\",\"breadcrumb\":{\"@id\":\"https:\/\/now-news.de\/de\/deutschland\/usa-und-china-senken-zoelle-nach-gespraechen-in-genf\/#breadcrumb\"},\"inLanguage\":\"de\",\"potentialAction\":[{\"@type\":\"ReadAction\",\"target\":[\"https:\/\/now-news.de\/de\/deutschland\/usa-und-china-senken-zoelle-nach-gespraechen-in-genf\/\"]}]},{\"@type\":\"ImageObject\",\"inLanguage\":\"de\",\"@id\":\"https:\/\/now-news.de\/de\/deutschland\/usa-und-china-senken-zoelle-nach-gespraechen-in-genf\/#primaryimage\",\"url\":\"https:\/\/now-news.de\/de\/wp-content\/uploads\/sites\/3\/2025\/05\/USA-und-China-senken-Zoelle-nach-Gespraechen-in-Genf.jpg\",\"contentUrl\":\"https:\/\/now-news.de\/de\/wp-content\/uploads\/sites\/3\/2025\/05\/USA-und-China-senken-Zoelle-nach-Gespraechen-in-Genf.jpg\",\"width\":460,\"height\":259,\"caption\":\"USA und China senken Z\u00f6lle nach Gespr\u00e4chen in Genf\"},{\"@type\":\"BreadcrumbList\",\"@id\":\"https:\/\/now-news.de\/de\/deutschland\/usa-und-china-senken-zoelle-nach-gespraechen-in-genf\/#breadcrumb\",\"itemListElement\":[{\"@type\":\"ListItem\",\"position\":1,\"name\":\"Home\",\"item\":\"https:\/\/now-news.de\/de\/\"},{\"@type\":\"ListItem\",\"position\":2,\"name\":\"USA und China senken Z\u00f6lle nach Gespr\u00e4chen in Genf\"}]},{\"@type\":\"WebSite\",\"@id\":\"https:\/\/now-news.de\/de\/#website\",\"url\":\"https:\/\/now-news.de\/de\/\",\"name\":\"just-now.NEWS Deutschland\",\"description\":\"Das Portal f\u00fcr unzensierte Nachrichten aus der Welt\",\"publisher\":{\"@id\":\"https:\/\/now-news.de\/de\/#organization\"},\"potentialAction\":[{\"@type\":\"SearchAction\",\"target\":{\"@type\":\"EntryPoint\",\"urlTemplate\":\"https:\/\/now-news.de\/de\/?s={search_term_string}\"},\"query-input\":\"required name=search_term_string\"}],\"inLanguage\":\"de\"},{\"@type\":\"Organization\",\"@id\":\"https:\/\/now-news.de\/de\/#organization\",\"name\":\"Just Now News\",\"url\":\"https:\/\/now-news.de\/de\/\",\"logo\":{\"@type\":\"ImageObject\",\"inLanguage\":\"de\",\"@id\":\"https:\/\/now-news.de\/de\/#\/schema\/logo\/image\/\",\"url\":\"http:\/\/just-now.news\/de\/wp-content\/uploads\/sites\/3\/2022\/04\/logo500x500.jpg\",\"contentUrl\":\"http:\/\/just-now.news\/de\/wp-content\/uploads\/sites\/3\/2022\/04\/logo500x500.jpg\",\"width\":500,\"height\":500,\"caption\":\"Just Now News\"},\"image\":{\"@id\":\"https:\/\/now-news.de\/de\/#\/schema\/logo\/image\/\"},\"sameAs\":[\"https:\/\/www.facebook.com\/wirmachenauf\",\"https:\/\/x.com\/WirMachenAuf_de\"]},{\"@type\":\"Person\",\"@id\":\"https:\/\/now-news.de\/de\/#\/schema\/person\/fb534a4e865501d8b3285208df34a9b5\",\"name\":\"rtnews\",\"image\":{\"@type\":\"ImageObject\",\"inLanguage\":\"de\",\"@id\":\"https:\/\/now-news.de\/de\/#\/schema\/person\/image\/\",\"url\":\"https:\/\/secure.gravatar.com\/avatar\/82aafea7d8127119dd649515f56e2117?s=96&d=mm&r=g\",\"contentUrl\":\"https:\/\/secure.gravatar.com\/avatar\/82aafea7d8127119dd649515f56e2117?s=96&d=mm&r=g\",\"caption\":\"rtnews\"},\"url\":\"https:\/\/now-news.de\/de\/author\/rnews\/\"}]}<\/script>\n<!-- \/ Yoast SEO Premium plugin. -->","yoast_head_json":{"title":"USA und China senken Z\u00f6lle nach Gespr\u00e4chen in Genf - just-now.NEWS Deutschland","robots":{"index":"index","follow":"follow","max-snippet":"max-snippet:-1","max-image-preview":"max-image-preview:large","max-video-preview":"max-video-preview:-1"},"canonical":"https:\/\/now-news.de\/de\/deutschland\/usa-und-china-senken-zoelle-nach-gespraechen-in-genf\/","og_locale":"de_DE","og_type":"article","og_title":"USA und China senken Z\u00f6lle nach Gespr\u00e4chen in Genf","og_description":"Nach zweit\u00e4gigen Gespr\u00e4chen in Genf haben die USA und China ihre Z\u00f6lle signifikant gesenkt. Die USA reduzieren ihre Z\u00f6lle auf chinesische Importe von 145 auf 30 Prozent, China senkt die Z\u00f6lle auf US-Waren von 125 auf 10 Prozent. Die Einigung gilt vorerst f\u00fcr 90 Tage und soll den Dialog fortsetzen. Nach intensiven Verhandlungen in Genf [&hellip;]","og_url":"https:\/\/now-news.de\/de\/deutschland\/usa-und-china-senken-zoelle-nach-gespraechen-in-genf\/","og_site_name":"just-now.NEWS Deutschland","article_publisher":"https:\/\/www.facebook.com\/wirmachenauf","article_published_time":"2025-05-12T07:41:54+00:00","og_image":[{"url":"https:\/\/now-news.de\/de\/wp-content\/uploads\/sites\/3\/2025\/05\/6821a332b480cc594e7ba3d9.jpg"}],"author":"rtnews","twitter_card":"summary_large_image","twitter_creator":"@WirMachenAuf_de","twitter_site":"@WirMachenAuf_de","twitter_misc":{"Verfasst von":"rtnews","Gesch\u00e4tzte Lesezeit":"1\u00a0Minute"},"schema":{"@context":"https:\/\/schema.org","@graph":[{"@type":"Article","@id":"https:\/\/now-news.de\/de\/deutschland\/usa-und-china-senken-zoelle-nach-gespraechen-in-genf\/#article","isPartOf":{"@id":"https:\/\/now-news.de\/de\/deutschland\/usa-und-china-senken-zoelle-nach-gespraechen-in-genf\/"},"author":{"name":"rtnews","@id":"https:\/\/now-news.de\/de\/#\/schema\/person\/fb534a4e865501d8b3285208df34a9b5"},"headline":"USA und China senken Z\u00f6lle nach Gespr\u00e4chen in Genf","datePublished":"2025-05-12T07:41:54+00:00","dateModified":"2025-05-12T07:41:54+00:00","mainEntityOfPage":{"@id":"https:\/\/now-news.de\/de\/deutschland\/usa-und-china-senken-zoelle-nach-gespraechen-in-genf\/"},"wordCount":277,"commentCount":0,"publisher":{"@id":"https:\/\/now-news.de\/de\/#organization"},"image":{"@id":"https:\/\/now-news.de\/de\/deutschland\/usa-und-china-senken-zoelle-nach-gespraechen-in-genf\/#primaryimage"},"thumbnailUrl":"https:\/\/now-news.de\/de\/wp-content\/uploads\/sites\/3\/2025\/05\/USA-und-China-senken-Zoelle-nach-Gespraechen-in-Genf.jpg","keywords":["China","Genf","Gespr\u00e4chen","nach","senken","und","USA","Z\u00f6lle"],"articleSection":["Deutschland","Russland"],"inLanguage":"de","potentialAction":[{"@type":"CommentAction","name":"Comment","target":["https:\/\/now-news.de\/de\/deutschland\/usa-und-china-senken-zoelle-nach-gespraechen-in-genf\/#respond"]}]},{"@type":"WebPage","@id":"https:\/\/now-news.de\/de\/deutschland\/usa-und-china-senken-zoelle-nach-gespraechen-in-genf\/","url":"https:\/\/now-news.de\/de\/deutschland\/usa-und-china-senken-zoelle-nach-gespraechen-in-genf\/","name":"USA und China senken Z\u00f6lle nach Gespr\u00e4chen in Genf - just-now.NEWS Deutschland","isPartOf":{"@id":"https:\/\/now-news.de\/de\/#website"},"primaryImageOfPage":{"@id":"https:\/\/now-news.de\/de\/deutschland\/usa-und-china-senken-zoelle-nach-gespraechen-in-genf\/#primaryimage"},"image":{"@id":"https:\/\/now-news.de\/de\/deutschland\/usa-und-china-senken-zoelle-nach-gespraechen-in-genf\/#primaryimage"},"thumbnailUrl":"https:\/\/now-news.de\/de\/wp-content\/uploads\/sites\/3\/2025\/05\/USA-und-China-senken-Zoelle-nach-Gespraechen-in-Genf.jpg","datePublished":"2025-05-12T07:41:54+00:00","dateModified":"2025-05-12T07:41:54+00:00","breadcrumb":{"@id":"https:\/\/now-news.de\/de\/deutschland\/usa-und-china-senken-zoelle-nach-gespraechen-in-genf\/#breadcrumb"},"inLanguage":"de","potentialAction":[{"@type":"ReadAction","target":["https:\/\/now-news.de\/de\/deutschland\/usa-und-china-senken-zoelle-nach-gespraechen-in-genf\/"]}]},{"@type":"ImageObject","inLanguage":"de","@id":"https:\/\/now-news.de\/de\/deutschland\/usa-und-china-senken-zoelle-nach-gespraechen-in-genf\/#primaryimage","url":"https:\/\/now-news.de\/de\/wp-content\/uploads\/sites\/3\/2025\/05\/USA-und-China-senken-Zoelle-nach-Gespraechen-in-Genf.jpg","contentUrl":"https:\/\/now-news.de\/de\/wp-content\/uploads\/sites\/3\/2025\/05\/USA-und-China-senken-Zoelle-nach-Gespraechen-in-Genf.jpg","width":460,"height":259,"caption":"USA und China senken Z\u00f6lle nach Gespr\u00e4chen in Genf"},{"@type":"BreadcrumbList","@id":"https:\/\/now-news.de\/de\/deutschland\/usa-und-china-senken-zoelle-nach-gespraechen-in-genf\/#breadcrumb","itemListElement":[{"@type":"ListItem","position":1,"name":"Home","item":"https:\/\/now-news.de\/de\/"},{"@type":"ListItem","position":2,"name":"USA und China senken Z\u00f6lle nach Gespr\u00e4chen in Genf"}]},{"@type":"WebSite","@id":"https:\/\/now-news.de\/de\/#website","url":"https:\/\/now-news.de\/de\/","name":"just-now.NEWS Deutschland","description":"Das Portal f\u00fcr unzensierte Nachrichten aus der Welt","publisher":{"@id":"https:\/\/now-news.de\/de\/#organization"},"potentialAction":[{"@type":"SearchAction","target":{"@type":"EntryPoint","urlTemplate":"https:\/\/now-news.de\/de\/?s={search_term_string}"},"query-input":"required name=search_term_string"}],"inLanguage":"de"},{"@type":"Organization","@id":"https:\/\/now-news.de\/de\/#organization","name":"Just Now News","url":"https:\/\/now-news.de\/de\/","logo":{"@type":"ImageObject","inLanguage":"de","@id":"https:\/\/now-news.de\/de\/#\/schema\/logo\/image\/","url":"http:\/\/just-now.news\/de\/wp-content\/uploads\/sites\/3\/2022\/04\/logo500x500.jpg","contentUrl":"http:\/\/just-now.news\/de\/wp-content\/uploads\/sites\/3\/2022\/04\/logo500x500.jpg","width":500,"height":500,"caption":"Just Now News"},"image":{"@id":"https:\/\/now-news.de\/de\/#\/schema\/logo\/image\/"},"sameAs":["https:\/\/www.facebook.com\/wirmachenauf","https:\/\/x.com\/WirMachenAuf_de"]},{"@type":"Person","@id":"https:\/\/now-news.de\/de\/#\/schema\/person\/fb534a4e865501d8b3285208df34a9b5","name":"rtnews","image":{"@type":"ImageObject","inLanguage":"de","@id":"https:\/\/now-news.de\/de\/#\/schema\/person\/image\/","url":"https:\/\/secure.gravatar.com\/avatar\/82aafea7d8127119dd649515f56e2117?s=96&d=mm&r=g","contentUrl":"https:\/\/secure.gravatar.com\/avatar\/82aafea7d8127119dd649515f56e2117?s=96&d=mm&r=g","caption":"rtnews"},"url":"https:\/\/now-news.de\/de\/author\/rnews\/"}]}},"_links":{"self":[{"href":"https:\/\/now-news.de\/de\/wp-json\/wp\/v2\/posts\/83597"}],"collection":[{"href":"https:\/\/now-news.de\/de\/wp-json\/wp\/v2\/posts"}],"about":[{"href":"https:\/\/now-news.de\/de\/wp-json\/wp\/v2\/types\/post"}],"author":[{"embeddable":true,"href":"https:\/\/now-news.de\/de\/wp-json\/wp\/v2\/users\/3"}],"replies":[{"embeddable":true,"href":"https:\/\/now-news.de\/de\/wp-json\/wp\/v2\/comments?post=83597"}],"version-history":[{"count":0,"href":"https:\/\/now-news.de\/de\/wp-json\/wp\/v2\/posts\/83597\/revisions"}],"wp:featuredmedia":[{"embeddable":true,"href":"https:\/\/now-news.de\/de\/wp-json\/wp\/v2\/media\/83598"}],"wp:attachment":[{"href":"https:\/\/now-news.de\/de\/wp-json\/wp\/v2\/media?parent=83597"}],"wp:term":[{"taxonomy":"category","embeddable":true,"href":"https:\/\/now-news.de\/de\/wp-json\/wp\/v2\/categories?post=83597"},{"taxonomy":"post_tag","embeddable":true,"href":"https:\/\/now-news.de\/de\/wp-json\/wp\/v2\/tags?post=83597"}],"curies":[{"name":"wp","href":"https:\/\/api.w.org\/{rel}","templated":true}]}}