{"id":83582,"date":"2025-05-11T21:25:29","date_gmt":"2025-05-11T19:25:29","guid":{"rendered":"https:\/\/now-news.de\/de\/deutschland\/harsche-kritik-fuer-spd-chef-lars-klingbeil-beim-nrw-landesparteitag\/"},"modified":"2025-05-11T21:25:29","modified_gmt":"2025-05-11T19:25:29","slug":"harsche-kritik-fuer-spd-chef-lars-klingbeil-beim-nrw-landesparteitag","status":"publish","type":"post","link":"https:\/\/now-news.de\/de\/deutschland\/harsche-kritik-fuer-spd-chef-lars-klingbeil-beim-nrw-landesparteitag\/","title":{"rendered":"Harsche Kritik f\u00fcr SPD-Chef Lars Klingbeil beim NRW-Landesparteitag"},"content":{"rendered":"<p><img decoding=\"async\" src=\"https:\/\/now-news.de\/de\/wp-content\/uploads\/sites\/3\/2025\/05\/6820bc1748fbef143f014617.jpg\" \/><\/p>\n<div class=\"Text-root Text-type_1 \">\n                Beim NRW-Landesparteitag in Duisburg warf die SPD-Basis dem Bundesparteivorsitzenden Lars Klingbeil programmatische Planlosigkeit und \u00c4mterh\u00e4ufung vor. Zudem w\u00fcrde er seine Co-Vorsitzende Saskia Esken abstrafen und die Aufarbeitung des Wahldebakels vernachl\u00e4ssigen.\n            <\/div>\n<p><\/p>\n<div class=\"Text-root Text-type_5 ArticleView-text ViewText-root \">\n<p>Auf dem<a rel=\"nofollow noopener\" target=\"_blank\" href=\"https:\/\/www.nrwspd.de\/lpt_2025\/\"> Landesparteitag<\/a>\u00a0der nordrhein-westf\u00e4lischen SPD, der am 10. Mai in Duisburg stattfand, wurde der Bundesparteivorsitzende Lars Klingbeil stark kritisiert. Wie das Nachrichtenportal <em>Web.de<\/em> am Sonntag <a rel=\"nofollow noopener\" target=\"_blank\" href=\"https:\/\/web.de\/magazine\/politik\/inland\/spd-basis-nrw-rechnet-klingbeil-40966232\">berichtete<\/a>, warf ihm die SPD-Basis &#8220;programmatische Planlosigkeit und \u00c4mterh\u00e4ufung&#8221; vor. Dabei w\u00fcrde er seine Co-Vorsitzende Saskia Esken &#8220;abstrafen&#8221;.<\/p>\n<p>Mit einem Appell an Geschlossenheit und Solidarit\u00e4t trat Klingbeil am Samstag auf dem Parteitag in Duisburg auf. Bereits vor dem Parteitag des kritisch gestimmten nordrhein-westf\u00e4lischen Landesverbands sicherte er eine offene Aufarbeitung von Fehlern zu, die zum Absturz der SPD bei der Bundestagswahl gef\u00fchrt h\u00e4tten. Er nannte dabei aber keine konkreten Punkte. \u00a0<\/p>\n<p>Die Juso-Landesvorsitzende Nina Gaedike attackierte Klingbeil direkt und fragte in Duisburg: &#8220;Wie viele letzte Sch\u00fcsse gibt es eigentlich? [&#8230;] Was ist Dein Plan?&#8221; Doch der Parteichef habe sich in Duisburg auf keine Diskussionen und Aufarbeitungen eingelassen, kommentierte Gaedike anschlie\u00dfend den Auftritt von Klingbeil auf dem NRW-Parteitag.<\/p>\n<p>F\u00fcr Klingbeil sei es aber in der einstigen &#8220;Herzkammer der Sozialdemokratie&#8221; tief im Ruhrgebiet noch dicker gekommen, so\u00a0<em>Web.de<\/em>. Gleich mehrere Delegierte h\u00e4tten den Parteichef in scharfem Ton angegriffen. Sie h\u00e4tten wissen wollen, wie es sein k\u00f6nne, dass Klingbeil, der jetzt auch Bundesfinanzminister ist, nach dem Wahldebakel in k\u00fcrzester Zeit immer mehr \u00c4mter angeh\u00e4uft habe. Saskia Esken m\u00fcsse die Konsequenzen f\u00fcr das Wahldesaster allein tragen. Ein Delegierter erkl\u00e4rte: &#8220;Das ist unanst\u00e4ndig, was da gelaufen ist, dass wieder die Frauen kassieren und die M\u00e4nner den Top-Job kriegen.&#8221;<\/p>\n<p>Die Personalentscheidungen in der SPD seien mit der gesamten F\u00fchrungsspitze im Team getroffen worden, verteidigte sich der neue Vizekanzler. Im \u00dcbrigen solle man solche Diskussionen ohne pers\u00f6nliche Angriffe f\u00fchren, kritisierte er seinerseits die Mitglieder in Duisburg.<\/p>\n<p>Auf dem Parteitag \u00e4u\u00dferte er auch seine Vorstellung \u00fcber den Umgang mit der AfD. Insbesondere habe die Regierung zeitnah das Gutachten des Verfassungsschutzes auszuwerten. Im Anschluss\u00a0m\u00fcssten alle Optionen gepr\u00fcft werden. F\u00fcr ihn k\u00e4me auch ein AfD-Verbot infrage: &#8220;Das hei\u00dft auch, dass ein Verbotsverfahren eine m\u00f6gliche Option sein kann.&#8221;<\/p>\n<p>Er habe in Duisburg nicht viel Zeit f\u00fcr eine Auseinandersetzung, r\u00e4umte Klingbeil am Ende ein.\u00a0&#8220;Ich muss nach Schleswig-Holstein&#8221;, entschuldigte er sich. Aber man brauche eine schonungslose Diskussion in der SPD, wie\u00a0die Partei wieder st\u00e4rker werden k\u00f6nne. Das w\u00fcrde man beim Bundesparteitag im Juni auf die Tagesordnung setzen.<\/p>\n<p><strong>Mehr zum Thema<\/strong>\u00a0\u2012 <a rel=\"nofollow noopener\" target=\"_blank\" href=\"https:\/\/dert.online\/inland\/243938-spd-bundestagsfraktion-fordert-nach-afd\/\">AfD-Gutachten: SPD-Bundestagsfraktion fordert &#8220;klare, gemeinsame Antwort des Rechtsstaates&#8221; <\/a><\/p>\n<div class=\"EmbedBlock-root EmbedBlock-externalVideo EmbedBlock-rumble\">\n<div class=\"VkEmbed\"><iframe class=\"lazyload\" data-src=\"https:\/\/rumble.com\/embed\/v6qzcu1\" frameborder=\"0\" width=\"853\" height=\"480\" allowfullscreen><\/iframe><\/div>\n<\/div>\n<p>\u00a0<\/p>\n<\/div>\n<p><br \/>\n<br \/><a href=\"https:\/\/de.rt.com\/inland\/244675-harsche-kritik-fuer-spd-chef\/\">Source link <\/a><\/p>\n","protected":false},"excerpt":{"rendered":"<p>Beim NRW-Landesparteitag in Duisburg warf die SPD-Basis dem Bundesparteivorsitzenden Lars Klingbeil programmatische Planlosigkeit und \u00c4mterh\u00e4ufung vor. Zudem w\u00fcrde er seine Co-Vorsitzende Saskia Esken abstrafen und die Aufarbeitung des Wahldebakels vernachl\u00e4ssigen. Auf dem Landesparteitag\u00a0der nordrhein-westf\u00e4lischen SPD, der am 10. Mai in Duisburg stattfand, wurde der Bundesparteivorsitzende Lars Klingbeil stark kritisiert. Wie das Nachrichtenportal Web.de am Sonntag [&hellip;]<\/p>\n","protected":false},"author":3,"featured_media":83583,"comment_status":"open","ping_status":"open","sticky":false,"template":"","format":"standard","meta":{"_yoast_indexnow_last_ping":["1746991633"],"wp_automatic_camp":["217"],"93f6cf1d4813e82693b4e49a3a768b8f":["Harsche Kritik f\u00fcr SPD-Chef Lars Klingbeil beim NRW-Landesparteitag"],"original_link":["https:\/\/de.rt.com\/inland\/244675-harsche-kritik-fuer-spd-chef\/"],"_thumbnail_id":["83583"],"_wptgpro_p2tg_sent2tg":["a:1:{i:23737;s:19:\"2025-05-11 21:28:14\";}"],"jnews_social_counter_last_update":["1777422892"]},"categories":[19,23],"tags":[1814,221,64867,18061,935,48062,64868,40720],"yoast_head":"<!-- This site is optimized with the Yoast SEO Premium plugin v22.7 (Yoast SEO v22.7) - https:\/\/yoast.com\/wordpress\/plugins\/seo\/ -->\n<title>Harsche Kritik f\u00fcr SPD-Chef Lars Klingbeil beim NRW-Landesparteitag - just-now.NEWS Deutschland<\/title>\n<meta name=\"robots\" content=\"index, follow, max-snippet:-1, max-image-preview:large, max-video-preview:-1\" \/>\n<link rel=\"canonical\" href=\"https:\/\/now-news.de\/de\/deutschland\/harsche-kritik-fuer-spd-chef-lars-klingbeil-beim-nrw-landesparteitag\/\" \/>\n<meta property=\"og:locale\" content=\"de_DE\" \/>\n<meta property=\"og:type\" content=\"article\" \/>\n<meta property=\"og:title\" content=\"Harsche Kritik f\u00fcr SPD-Chef Lars Klingbeil beim NRW-Landesparteitag\" \/>\n<meta property=\"og:description\" content=\"Beim NRW-Landesparteitag in Duisburg warf die SPD-Basis dem Bundesparteivorsitzenden Lars Klingbeil programmatische Planlosigkeit und \u00c4mterh\u00e4ufung vor. Zudem w\u00fcrde er seine Co-Vorsitzende Saskia Esken abstrafen und die Aufarbeitung des Wahldebakels vernachl\u00e4ssigen. Auf dem Landesparteitag\u00a0der nordrhein-westf\u00e4lischen SPD, der am 10. Mai in Duisburg stattfand, wurde der Bundesparteivorsitzende Lars Klingbeil stark kritisiert. Wie das Nachrichtenportal Web.de am Sonntag [&hellip;]\" \/>\n<meta property=\"og:url\" content=\"https:\/\/now-news.de\/de\/deutschland\/harsche-kritik-fuer-spd-chef-lars-klingbeil-beim-nrw-landesparteitag\/\" \/>\n<meta property=\"og:site_name\" content=\"just-now.NEWS Deutschland\" \/>\n<meta property=\"article:publisher\" content=\"https:\/\/www.facebook.com\/wirmachenauf\" \/>\n<meta property=\"article:published_time\" content=\"2025-05-11T19:25:29+00:00\" \/>\n<meta property=\"og:image\" content=\"https:\/\/now-news.de\/de\/wp-content\/uploads\/sites\/3\/2025\/05\/6820bc1748fbef143f014617.jpg\" \/>\n<meta name=\"author\" content=\"rtnews\" \/>\n<meta name=\"twitter:card\" content=\"summary_large_image\" \/>\n<meta name=\"twitter:creator\" content=\"@WirMachenAuf_de\" \/>\n<meta name=\"twitter:site\" content=\"@WirMachenAuf_de\" \/>\n<meta name=\"twitter:label1\" content=\"Verfasst von\" \/>\n\t<meta name=\"twitter:data1\" content=\"rtnews\" \/>\n\t<meta name=\"twitter:label2\" content=\"Gesch\u00e4tzte Lesezeit\" \/>\n\t<meta name=\"twitter:data2\" content=\"2\u00a0Minuten\" \/>\n<script type=\"application\/ld+json\" class=\"yoast-schema-graph\">{\"@context\":\"https:\/\/schema.org\",\"@graph\":[{\"@type\":\"Article\",\"@id\":\"https:\/\/now-news.de\/de\/deutschland\/harsche-kritik-fuer-spd-chef-lars-klingbeil-beim-nrw-landesparteitag\/#article\",\"isPartOf\":{\"@id\":\"https:\/\/now-news.de\/de\/deutschland\/harsche-kritik-fuer-spd-chef-lars-klingbeil-beim-nrw-landesparteitag\/\"},\"author\":{\"name\":\"rtnews\",\"@id\":\"https:\/\/now-news.de\/de\/#\/schema\/person\/fb534a4e865501d8b3285208df34a9b5\"},\"headline\":\"Harsche Kritik f\u00fcr SPD-Chef Lars Klingbeil beim NRW-Landesparteitag\",\"datePublished\":\"2025-05-11T19:25:29+00:00\",\"dateModified\":\"2025-05-11T19:25:29+00:00\",\"mainEntityOfPage\":{\"@id\":\"https:\/\/now-news.de\/de\/deutschland\/harsche-kritik-fuer-spd-chef-lars-klingbeil-beim-nrw-landesparteitag\/\"},\"wordCount\":452,\"commentCount\":0,\"publisher\":{\"@id\":\"https:\/\/now-news.de\/de\/#organization\"},\"image\":{\"@id\":\"https:\/\/now-news.de\/de\/deutschland\/harsche-kritik-fuer-spd-chef-lars-klingbeil-beim-nrw-landesparteitag\/#primaryimage\"},\"thumbnailUrl\":\"https:\/\/now-news.de\/de\/wp-content\/uploads\/sites\/3\/2025\/05\/Harsche-Kritik-fuer-SPD-Chef-Lars-Klingbeil-beim-NRW-Landesparteitag.jpg\",\"keywords\":[\"beim\",\"f\u00fcr\",\"Harsche\",\"Klingbeil\",\"Kritik\",\"Lars\",\"NRWLandesparteitag\",\"SPDChef\"],\"articleSection\":[\"Deutschland\",\"Russland\"],\"inLanguage\":\"de\",\"potentialAction\":[{\"@type\":\"CommentAction\",\"name\":\"Comment\",\"target\":[\"https:\/\/now-news.de\/de\/deutschland\/harsche-kritik-fuer-spd-chef-lars-klingbeil-beim-nrw-landesparteitag\/#respond\"]}]},{\"@type\":\"WebPage\",\"@id\":\"https:\/\/now-news.de\/de\/deutschland\/harsche-kritik-fuer-spd-chef-lars-klingbeil-beim-nrw-landesparteitag\/\",\"url\":\"https:\/\/now-news.de\/de\/deutschland\/harsche-kritik-fuer-spd-chef-lars-klingbeil-beim-nrw-landesparteitag\/\",\"name\":\"Harsche Kritik f\u00fcr SPD-Chef Lars Klingbeil beim NRW-Landesparteitag - just-now.NEWS Deutschland\",\"isPartOf\":{\"@id\":\"https:\/\/now-news.de\/de\/#website\"},\"primaryImageOfPage\":{\"@id\":\"https:\/\/now-news.de\/de\/deutschland\/harsche-kritik-fuer-spd-chef-lars-klingbeil-beim-nrw-landesparteitag\/#primaryimage\"},\"image\":{\"@id\":\"https:\/\/now-news.de\/de\/deutschland\/harsche-kritik-fuer-spd-chef-lars-klingbeil-beim-nrw-landesparteitag\/#primaryimage\"},\"thumbnailUrl\":\"https:\/\/now-news.de\/de\/wp-content\/uploads\/sites\/3\/2025\/05\/Harsche-Kritik-fuer-SPD-Chef-Lars-Klingbeil-beim-NRW-Landesparteitag.jpg\",\"datePublished\":\"2025-05-11T19:25:29+00:00\",\"dateModified\":\"2025-05-11T19:25:29+00:00\",\"breadcrumb\":{\"@id\":\"https:\/\/now-news.de\/de\/deutschland\/harsche-kritik-fuer-spd-chef-lars-klingbeil-beim-nrw-landesparteitag\/#breadcrumb\"},\"inLanguage\":\"de\",\"potentialAction\":[{\"@type\":\"ReadAction\",\"target\":[\"https:\/\/now-news.de\/de\/deutschland\/harsche-kritik-fuer-spd-chef-lars-klingbeil-beim-nrw-landesparteitag\/\"]}]},{\"@type\":\"ImageObject\",\"inLanguage\":\"de\",\"@id\":\"https:\/\/now-news.de\/de\/deutschland\/harsche-kritik-fuer-spd-chef-lars-klingbeil-beim-nrw-landesparteitag\/#primaryimage\",\"url\":\"https:\/\/now-news.de\/de\/wp-content\/uploads\/sites\/3\/2025\/05\/Harsche-Kritik-fuer-SPD-Chef-Lars-Klingbeil-beim-NRW-Landesparteitag.jpg\",\"contentUrl\":\"https:\/\/now-news.de\/de\/wp-content\/uploads\/sites\/3\/2025\/05\/Harsche-Kritik-fuer-SPD-Chef-Lars-Klingbeil-beim-NRW-Landesparteitag.jpg\",\"width\":460,\"height\":259,\"caption\":\"Harsche Kritik f\u00fcr SPD-Chef Lars Klingbeil beim NRW-Landesparteitag\"},{\"@type\":\"BreadcrumbList\",\"@id\":\"https:\/\/now-news.de\/de\/deutschland\/harsche-kritik-fuer-spd-chef-lars-klingbeil-beim-nrw-landesparteitag\/#breadcrumb\",\"itemListElement\":[{\"@type\":\"ListItem\",\"position\":1,\"name\":\"Home\",\"item\":\"https:\/\/now-news.de\/de\/\"},{\"@type\":\"ListItem\",\"position\":2,\"name\":\"Harsche Kritik f\u00fcr SPD-Chef Lars Klingbeil beim NRW-Landesparteitag\"}]},{\"@type\":\"WebSite\",\"@id\":\"https:\/\/now-news.de\/de\/#website\",\"url\":\"https:\/\/now-news.de\/de\/\",\"name\":\"just-now.NEWS Deutschland\",\"description\":\"Das Portal f\u00fcr unzensierte Nachrichten aus der Welt\",\"publisher\":{\"@id\":\"https:\/\/now-news.de\/de\/#organization\"},\"potentialAction\":[{\"@type\":\"SearchAction\",\"target\":{\"@type\":\"EntryPoint\",\"urlTemplate\":\"https:\/\/now-news.de\/de\/?s={search_term_string}\"},\"query-input\":\"required name=search_term_string\"}],\"inLanguage\":\"de\"},{\"@type\":\"Organization\",\"@id\":\"https:\/\/now-news.de\/de\/#organization\",\"name\":\"Just Now News\",\"url\":\"https:\/\/now-news.de\/de\/\",\"logo\":{\"@type\":\"ImageObject\",\"inLanguage\":\"de\",\"@id\":\"https:\/\/now-news.de\/de\/#\/schema\/logo\/image\/\",\"url\":\"http:\/\/just-now.news\/de\/wp-content\/uploads\/sites\/3\/2022\/04\/logo500x500.jpg\",\"contentUrl\":\"http:\/\/just-now.news\/de\/wp-content\/uploads\/sites\/3\/2022\/04\/logo500x500.jpg\",\"width\":500,\"height\":500,\"caption\":\"Just Now News\"},\"image\":{\"@id\":\"https:\/\/now-news.de\/de\/#\/schema\/logo\/image\/\"},\"sameAs\":[\"https:\/\/www.facebook.com\/wirmachenauf\",\"https:\/\/x.com\/WirMachenAuf_de\"]},{\"@type\":\"Person\",\"@id\":\"https:\/\/now-news.de\/de\/#\/schema\/person\/fb534a4e865501d8b3285208df34a9b5\",\"name\":\"rtnews\",\"image\":{\"@type\":\"ImageObject\",\"inLanguage\":\"de\",\"@id\":\"https:\/\/now-news.de\/de\/#\/schema\/person\/image\/\",\"url\":\"https:\/\/secure.gravatar.com\/avatar\/82aafea7d8127119dd649515f56e2117?s=96&d=mm&r=g\",\"contentUrl\":\"https:\/\/secure.gravatar.com\/avatar\/82aafea7d8127119dd649515f56e2117?s=96&d=mm&r=g\",\"caption\":\"rtnews\"},\"url\":\"https:\/\/now-news.de\/de\/author\/rnews\/\"}]}<\/script>\n<!-- \/ Yoast SEO Premium plugin. -->","yoast_head_json":{"title":"Harsche Kritik f\u00fcr SPD-Chef Lars Klingbeil beim NRW-Landesparteitag - just-now.NEWS Deutschland","robots":{"index":"index","follow":"follow","max-snippet":"max-snippet:-1","max-image-preview":"max-image-preview:large","max-video-preview":"max-video-preview:-1"},"canonical":"https:\/\/now-news.de\/de\/deutschland\/harsche-kritik-fuer-spd-chef-lars-klingbeil-beim-nrw-landesparteitag\/","og_locale":"de_DE","og_type":"article","og_title":"Harsche Kritik f\u00fcr SPD-Chef Lars Klingbeil beim NRW-Landesparteitag","og_description":"Beim NRW-Landesparteitag in Duisburg warf die SPD-Basis dem Bundesparteivorsitzenden Lars Klingbeil programmatische Planlosigkeit und \u00c4mterh\u00e4ufung vor. Zudem w\u00fcrde er seine Co-Vorsitzende Saskia Esken abstrafen und die Aufarbeitung des Wahldebakels vernachl\u00e4ssigen. Auf dem Landesparteitag\u00a0der nordrhein-westf\u00e4lischen SPD, der am 10. Mai in Duisburg stattfand, wurde der Bundesparteivorsitzende Lars Klingbeil stark kritisiert. Wie das Nachrichtenportal Web.de am Sonntag [&hellip;]","og_url":"https:\/\/now-news.de\/de\/deutschland\/harsche-kritik-fuer-spd-chef-lars-klingbeil-beim-nrw-landesparteitag\/","og_site_name":"just-now.NEWS Deutschland","article_publisher":"https:\/\/www.facebook.com\/wirmachenauf","article_published_time":"2025-05-11T19:25:29+00:00","og_image":[{"url":"https:\/\/now-news.de\/de\/wp-content\/uploads\/sites\/3\/2025\/05\/6820bc1748fbef143f014617.jpg"}],"author":"rtnews","twitter_card":"summary_large_image","twitter_creator":"@WirMachenAuf_de","twitter_site":"@WirMachenAuf_de","twitter_misc":{"Verfasst von":"rtnews","Gesch\u00e4tzte Lesezeit":"2\u00a0Minuten"},"schema":{"@context":"https:\/\/schema.org","@graph":[{"@type":"Article","@id":"https:\/\/now-news.de\/de\/deutschland\/harsche-kritik-fuer-spd-chef-lars-klingbeil-beim-nrw-landesparteitag\/#article","isPartOf":{"@id":"https:\/\/now-news.de\/de\/deutschland\/harsche-kritik-fuer-spd-chef-lars-klingbeil-beim-nrw-landesparteitag\/"},"author":{"name":"rtnews","@id":"https:\/\/now-news.de\/de\/#\/schema\/person\/fb534a4e865501d8b3285208df34a9b5"},"headline":"Harsche Kritik f\u00fcr SPD-Chef Lars Klingbeil beim NRW-Landesparteitag","datePublished":"2025-05-11T19:25:29+00:00","dateModified":"2025-05-11T19:25:29+00:00","mainEntityOfPage":{"@id":"https:\/\/now-news.de\/de\/deutschland\/harsche-kritik-fuer-spd-chef-lars-klingbeil-beim-nrw-landesparteitag\/"},"wordCount":452,"commentCount":0,"publisher":{"@id":"https:\/\/now-news.de\/de\/#organization"},"image":{"@id":"https:\/\/now-news.de\/de\/deutschland\/harsche-kritik-fuer-spd-chef-lars-klingbeil-beim-nrw-landesparteitag\/#primaryimage"},"thumbnailUrl":"https:\/\/now-news.de\/de\/wp-content\/uploads\/sites\/3\/2025\/05\/Harsche-Kritik-fuer-SPD-Chef-Lars-Klingbeil-beim-NRW-Landesparteitag.jpg","keywords":["beim","f\u00fcr","Harsche","Klingbeil","Kritik","Lars","NRWLandesparteitag","SPDChef"],"articleSection":["Deutschland","Russland"],"inLanguage":"de","potentialAction":[{"@type":"CommentAction","name":"Comment","target":["https:\/\/now-news.de\/de\/deutschland\/harsche-kritik-fuer-spd-chef-lars-klingbeil-beim-nrw-landesparteitag\/#respond"]}]},{"@type":"WebPage","@id":"https:\/\/now-news.de\/de\/deutschland\/harsche-kritik-fuer-spd-chef-lars-klingbeil-beim-nrw-landesparteitag\/","url":"https:\/\/now-news.de\/de\/deutschland\/harsche-kritik-fuer-spd-chef-lars-klingbeil-beim-nrw-landesparteitag\/","name":"Harsche Kritik f\u00fcr SPD-Chef Lars Klingbeil beim NRW-Landesparteitag - just-now.NEWS Deutschland","isPartOf":{"@id":"https:\/\/now-news.de\/de\/#website"},"primaryImageOfPage":{"@id":"https:\/\/now-news.de\/de\/deutschland\/harsche-kritik-fuer-spd-chef-lars-klingbeil-beim-nrw-landesparteitag\/#primaryimage"},"image":{"@id":"https:\/\/now-news.de\/de\/deutschland\/harsche-kritik-fuer-spd-chef-lars-klingbeil-beim-nrw-landesparteitag\/#primaryimage"},"thumbnailUrl":"https:\/\/now-news.de\/de\/wp-content\/uploads\/sites\/3\/2025\/05\/Harsche-Kritik-fuer-SPD-Chef-Lars-Klingbeil-beim-NRW-Landesparteitag.jpg","datePublished":"2025-05-11T19:25:29+00:00","dateModified":"2025-05-11T19:25:29+00:00","breadcrumb":{"@id":"https:\/\/now-news.de\/de\/deutschland\/harsche-kritik-fuer-spd-chef-lars-klingbeil-beim-nrw-landesparteitag\/#breadcrumb"},"inLanguage":"de","potentialAction":[{"@type":"ReadAction","target":["https:\/\/now-news.de\/de\/deutschland\/harsche-kritik-fuer-spd-chef-lars-klingbeil-beim-nrw-landesparteitag\/"]}]},{"@type":"ImageObject","inLanguage":"de","@id":"https:\/\/now-news.de\/de\/deutschland\/harsche-kritik-fuer-spd-chef-lars-klingbeil-beim-nrw-landesparteitag\/#primaryimage","url":"https:\/\/now-news.de\/de\/wp-content\/uploads\/sites\/3\/2025\/05\/Harsche-Kritik-fuer-SPD-Chef-Lars-Klingbeil-beim-NRW-Landesparteitag.jpg","contentUrl":"https:\/\/now-news.de\/de\/wp-content\/uploads\/sites\/3\/2025\/05\/Harsche-Kritik-fuer-SPD-Chef-Lars-Klingbeil-beim-NRW-Landesparteitag.jpg","width":460,"height":259,"caption":"Harsche Kritik f\u00fcr SPD-Chef Lars Klingbeil beim NRW-Landesparteitag"},{"@type":"BreadcrumbList","@id":"https:\/\/now-news.de\/de\/deutschland\/harsche-kritik-fuer-spd-chef-lars-klingbeil-beim-nrw-landesparteitag\/#breadcrumb","itemListElement":[{"@type":"ListItem","position":1,"name":"Home","item":"https:\/\/now-news.de\/de\/"},{"@type":"ListItem","position":2,"name":"Harsche Kritik f\u00fcr SPD-Chef Lars Klingbeil beim NRW-Landesparteitag"}]},{"@type":"WebSite","@id":"https:\/\/now-news.de\/de\/#website","url":"https:\/\/now-news.de\/de\/","name":"just-now.NEWS Deutschland","description":"Das Portal f\u00fcr unzensierte Nachrichten aus der Welt","publisher":{"@id":"https:\/\/now-news.de\/de\/#organization"},"potentialAction":[{"@type":"SearchAction","target":{"@type":"EntryPoint","urlTemplate":"https:\/\/now-news.de\/de\/?s={search_term_string}"},"query-input":"required name=search_term_string"}],"inLanguage":"de"},{"@type":"Organization","@id":"https:\/\/now-news.de\/de\/#organization","name":"Just Now News","url":"https:\/\/now-news.de\/de\/","logo":{"@type":"ImageObject","inLanguage":"de","@id":"https:\/\/now-news.de\/de\/#\/schema\/logo\/image\/","url":"http:\/\/just-now.news\/de\/wp-content\/uploads\/sites\/3\/2022\/04\/logo500x500.jpg","contentUrl":"http:\/\/just-now.news\/de\/wp-content\/uploads\/sites\/3\/2022\/04\/logo500x500.jpg","width":500,"height":500,"caption":"Just Now News"},"image":{"@id":"https:\/\/now-news.de\/de\/#\/schema\/logo\/image\/"},"sameAs":["https:\/\/www.facebook.com\/wirmachenauf","https:\/\/x.com\/WirMachenAuf_de"]},{"@type":"Person","@id":"https:\/\/now-news.de\/de\/#\/schema\/person\/fb534a4e865501d8b3285208df34a9b5","name":"rtnews","image":{"@type":"ImageObject","inLanguage":"de","@id":"https:\/\/now-news.de\/de\/#\/schema\/person\/image\/","url":"https:\/\/secure.gravatar.com\/avatar\/82aafea7d8127119dd649515f56e2117?s=96&d=mm&r=g","contentUrl":"https:\/\/secure.gravatar.com\/avatar\/82aafea7d8127119dd649515f56e2117?s=96&d=mm&r=g","caption":"rtnews"},"url":"https:\/\/now-news.de\/de\/author\/rnews\/"}]}},"_links":{"self":[{"href":"https:\/\/now-news.de\/de\/wp-json\/wp\/v2\/posts\/83582"}],"collection":[{"href":"https:\/\/now-news.de\/de\/wp-json\/wp\/v2\/posts"}],"about":[{"href":"https:\/\/now-news.de\/de\/wp-json\/wp\/v2\/types\/post"}],"author":[{"embeddable":true,"href":"https:\/\/now-news.de\/de\/wp-json\/wp\/v2\/users\/3"}],"replies":[{"embeddable":true,"href":"https:\/\/now-news.de\/de\/wp-json\/wp\/v2\/comments?post=83582"}],"version-history":[{"count":0,"href":"https:\/\/now-news.de\/de\/wp-json\/wp\/v2\/posts\/83582\/revisions"}],"wp:featuredmedia":[{"embeddable":true,"href":"https:\/\/now-news.de\/de\/wp-json\/wp\/v2\/media\/83583"}],"wp:attachment":[{"href":"https:\/\/now-news.de\/de\/wp-json\/wp\/v2\/media?parent=83582"}],"wp:term":[{"taxonomy":"category","embeddable":true,"href":"https:\/\/now-news.de\/de\/wp-json\/wp\/v2\/categories?post=83582"},{"taxonomy":"post_tag","embeddable":true,"href":"https:\/\/now-news.de\/de\/wp-json\/wp\/v2\/tags?post=83582"}],"curies":[{"name":"wp","href":"https:\/\/api.w.org\/{rel}","templated":true}]}}