{"id":83560,"date":"2025-05-11T13:15:11","date_gmt":"2025-05-11T11:15:11","guid":{"rendered":"https:\/\/now-news.de\/de\/deutschland\/trotz-roter-linien-iran-und-usa-nehmen-atomgespraeche-wieder-auf\/"},"modified":"2025-05-11T13:15:11","modified_gmt":"2025-05-11T11:15:11","slug":"trotz-roter-linien-iran-und-usa-nehmen-atomgespraeche-wieder-auf","status":"publish","type":"post","link":"https:\/\/now-news.de\/de\/deutschland\/trotz-roter-linien-iran-und-usa-nehmen-atomgespraeche-wieder-auf\/","title":{"rendered":"Trotz roter Linien: Iran und USA nehmen Atomgespr\u00e4che wieder auf"},"content":{"rendered":"<p><img decoding=\"async\" src=\"https:\/\/now-news.de\/de\/wp-content\/uploads\/sites\/3\/2025\/05\/6820598848fbef1121404b88.jpg\" \/><\/p>\n<div class=\"Text-root Text-type_1 \">\n                Sowohl Teheran als auch Washington haben erkl\u00e4rt, dass sie eine diplomatische L\u00f6sung des jahrzehntelangen Streits bevorzugen. Doch dies wird ein steiniger Weg, da sie sich \u00fcber eine ganze Reihe roter Linien nicht einig sind.\n            <\/div>\n<p><\/p>\n<div class=\"Text-root Text-type_5 ArticleView-text ViewText-root \">\n<p>F\u00fchrende iranische und US-amerikanische Unterh\u00e4ndler werden am Sonntag ihre Gespr\u00e4che wiederaufnehmen, um die Streitigkeiten \u00fcber das iranische Atomprogramm zu kl\u00e4ren. Dabei wollen sie auf Fortschritte dr\u00e4ngen, w\u00e4hrend Washington im Vorfeld des Nahost-Besuchs von US-Pr\u00e4sident Donald Trump seine Haltung versch\u00e4rft.<\/p>\n<p>Obwohl sowohl Teheran als auch Washington erkl\u00e4rt haben, dass sie eine diplomatische L\u00f6sung des jahrzehntelangen Streits bevorzugen, sind sie sich \u00fcber mehrere rote Linien uneinig. Sie wollen nun ein neues Atomabkommen erreichen und einen m\u00f6glichen Krieg verhindern.<\/p>\n<p>Der iranische Au\u00dfenminister Abbas Araqchi und Trumps Nahost-Beauftragter Steve Witkoff werden die vierte Gespr\u00e4chsrunde in Maskat \u00fcber omanische Vermittler abhalten \u2013 trotz der harten \u00f6ffentlichen Haltung Washingtons, die iranischen Beamten zufolge den Verhandlungen nicht f\u00f6rderlich ist.<\/p>\n<p>Witkoff sagte am Donnerstag gegen\u00fcber <em>Breitbart<\/em>\u00a0<em>News<\/em>, dass die rote Linie Washingtons laute: &#8220;Keine Uran-Anreicherung. Das bedeutet Abbau, keine Bewaffnung&#8221;, was den vollst\u00e4ndigen Abbau der iranischen Atomanlagen in Natanz, Fordow und Isfahan erfordert. &#8220;Wenn die Gespr\u00e4che am Sonntag zu keinem Ergebnis f\u00fchren, dann werden sie nicht fortgesetzt, und wir m\u00fcssen einen anderen Weg einschlagen&#8221;,\u00a0drohte\u00a0Witkoff in dem Interview.<\/p>\n<p>Trump, der mit milit\u00e4rischen Ma\u00dfnahmen gegen Iran gedroht hat, falls die Diplomatie scheitert, wird vom 13. bis 16. Mai nach Saudi-Arabien, Katar und in die Vereinigten Arabischen Emirate reisen. Als Reaktion auf Witkoffs \u00c4u\u00dferungen sagte Araqchi am Samstag, Iran werde keine Kompromisse bei seinen Atomrechten eingehen.<\/p>\n<p>&#8220;Iran setzt die Verhandlungen in gutem Glauben fort &#8230; Wenn das Ziel dieser Gespr\u00e4che ist, die nuklearen Rechte Irans einzuschr\u00e4nken, dann sage ich ganz klar, dass Iran auf keines seiner Rechte verzichten wird&#8221;, so Araqchi. Teheran sei bereit, im Gegenzug f\u00fcr die Aufhebung der Sanktionen \u00fcber einige Einschr\u00e4nkungen seiner nuklearen Aktivit\u00e4ten zu verhandeln, aber die Einstellung seines Anreicherungsprogramms oder die Aufgabe seiner Best\u00e4nde an angereichertem Uran geh\u00f6rten zu den &#8220;roten Linien Irans, die in den Gespr\u00e4chen nicht \u00fcberschritten werden d\u00fcrfen&#8221;, so iranische Beamte.<\/p>\n<p>Ein hochrangiger iranischer Beamter, der dem Verhandlungsteam nahesteht, sagte, dass die Forderungen der USA nach einer Null-Anreicherung und dem Abbau der iranischen Nuklearanlagen nicht dazu beitragen w\u00fcrden, die Verhandlungen voranzubringen. &#8220;Was die USA \u00f6ffentlich sagen, unterscheidet sich von dem, was in den Verhandlungen gesagt wird&#8221;, sagte der Beamte unter der Bedingung der Anonymit\u00e4t.<\/p>\n<p>Dar\u00fcber hinaus hat Iran Verhandlungen \u00fcber sein ballistisches Raketenprogramm strikt abgelehnt, und das\u00a0iranische Establishment verlangt wasserdichte Garantien, dass Trump nicht erneut aus dem Atomabkommen aussteigen wird. Trump, der seit Februar wieder &#8220;maximalen Druck&#8221; auf Teheran aus\u00fcbt, hatte sich 2018 w\u00e4hrend seiner ersten Amtszeit aus dem 2015 mit sechs Weltm\u00e4chten geschlossenen Atomabkommen mit Teheran zur\u00fcckgezogen und erneut l\u00e4hmende Sanktionen gegen den Iran verh\u00e4ngt.<\/p>\n<p><strong>Mehr zum Thema<\/strong> \u2013 <a rel=\"nofollow noopener\" target=\"_blank\" href=\"https:\/\/freedert.online\/international\/244614-iran-veraergert-ueber-washingtons-umbenennung-des-persischen-golfs\/\">Iran\u00a0ver\u00e4rgert \u00fcber Washingtons Umbenennung des Persischen Golfs<\/a><\/p>\n<div class=\"EmbedBlock-root EmbedBlock-externalVideo EmbedBlock-rumble\">\n<div class=\"VkEmbed\"><iframe class=\"lazyload\" data-src=\"https:\/\/rumble.com\/embed\/v6qhka9\" frameborder=\"0\" width=\"853\" height=\"480\" allowfullscreen><\/iframe><\/div>\n<\/div>\n<\/div>\n<p><br \/>\n<br \/><a href=\"https:\/\/de.rt.com\/der-nahe-osten\/244643-trotz-entgegengesetzter-roter-linien-iran\/\">Source link <\/a><\/p>\n","protected":false},"excerpt":{"rendered":"<p>Sowohl Teheran als auch Washington haben erkl\u00e4rt, dass sie eine diplomatische L\u00f6sung des jahrzehntelangen Streits bevorzugen. Doch dies wird ein steiniger Weg, da sie sich \u00fcber eine ganze Reihe roter Linien nicht einig sind. F\u00fchrende iranische und US-amerikanische Unterh\u00e4ndler werden am Sonntag ihre Gespr\u00e4che wiederaufnehmen, um die Streitigkeiten \u00fcber das iranische Atomprogramm zu kl\u00e4ren. Dabei [&hellip;]<\/p>\n","protected":false},"author":3,"featured_media":83561,"comment_status":"open","ping_status":"open","sticky":false,"template":"","format":"standard","meta":{"_yoast_indexnow_last_ping":["1746962666"],"wp_automatic_camp":["217"],"4403a9018fb94f9b18359ed3dc3a5a33":["Trotz roter Linien: Iran und USA nehmen Atomgespr\u00e4che wieder auf"],"original_link":["https:\/\/de.rt.com\/der-nahe-osten\/244643-trotz-entgegengesetzter-roter-linien-iran\/"],"_thumbnail_id":["83561"],"_wptgpro_p2tg_sent2tg":["a:1:{i:23737;s:19:\"2025-05-11 13:25:21\";}"],"jnews_social_counter_last_update":["1777463025"]},"categories":[19,23],"tags":[31847,133,1786,34079,7299,27974,1381,140,193,904],"yoast_head":"<!-- This site is optimized with the Yoast SEO Premium plugin v22.7 (Yoast SEO v22.7) - https:\/\/yoast.com\/wordpress\/plugins\/seo\/ -->\n<title>Trotz roter Linien: Iran und USA nehmen Atomgespr\u00e4che wieder auf - just-now.NEWS Deutschland<\/title>\n<meta name=\"robots\" content=\"index, follow, max-snippet:-1, max-image-preview:large, max-video-preview:-1\" \/>\n<link rel=\"canonical\" href=\"https:\/\/now-news.de\/de\/deutschland\/trotz-roter-linien-iran-und-usa-nehmen-atomgespraeche-wieder-auf\/\" \/>\n<meta property=\"og:locale\" content=\"de_DE\" \/>\n<meta property=\"og:type\" content=\"article\" \/>\n<meta property=\"og:title\" content=\"Trotz roter Linien: Iran und USA nehmen Atomgespr\u00e4che wieder auf\" \/>\n<meta property=\"og:description\" content=\"Sowohl Teheran als auch Washington haben erkl\u00e4rt, dass sie eine diplomatische L\u00f6sung des jahrzehntelangen Streits bevorzugen. Doch dies wird ein steiniger Weg, da sie sich \u00fcber eine ganze Reihe roter Linien nicht einig sind. F\u00fchrende iranische und US-amerikanische Unterh\u00e4ndler werden am Sonntag ihre Gespr\u00e4che wiederaufnehmen, um die Streitigkeiten \u00fcber das iranische Atomprogramm zu kl\u00e4ren. Dabei [&hellip;]\" \/>\n<meta property=\"og:url\" content=\"https:\/\/now-news.de\/de\/deutschland\/trotz-roter-linien-iran-und-usa-nehmen-atomgespraeche-wieder-auf\/\" \/>\n<meta property=\"og:site_name\" content=\"just-now.NEWS Deutschland\" \/>\n<meta property=\"article:publisher\" content=\"https:\/\/www.facebook.com\/wirmachenauf\" \/>\n<meta property=\"article:published_time\" content=\"2025-05-11T11:15:11+00:00\" \/>\n<meta property=\"og:image\" content=\"https:\/\/now-news.de\/de\/wp-content\/uploads\/sites\/3\/2025\/05\/6820598848fbef1121404b88.jpg\" \/>\n<meta name=\"author\" content=\"rtnews\" \/>\n<meta name=\"twitter:card\" content=\"summary_large_image\" \/>\n<meta name=\"twitter:creator\" content=\"@WirMachenAuf_de\" \/>\n<meta name=\"twitter:site\" content=\"@WirMachenAuf_de\" \/>\n<meta name=\"twitter:label1\" content=\"Verfasst von\" \/>\n\t<meta name=\"twitter:data1\" content=\"rtnews\" \/>\n\t<meta name=\"twitter:label2\" content=\"Gesch\u00e4tzte Lesezeit\" \/>\n\t<meta name=\"twitter:data2\" content=\"3\u00a0Minuten\" \/>\n<script type=\"application\/ld+json\" class=\"yoast-schema-graph\">{\"@context\":\"https:\/\/schema.org\",\"@graph\":[{\"@type\":\"Article\",\"@id\":\"https:\/\/now-news.de\/de\/deutschland\/trotz-roter-linien-iran-und-usa-nehmen-atomgespraeche-wieder-auf\/#article\",\"isPartOf\":{\"@id\":\"https:\/\/now-news.de\/de\/deutschland\/trotz-roter-linien-iran-und-usa-nehmen-atomgespraeche-wieder-auf\/\"},\"author\":{\"name\":\"rtnews\",\"@id\":\"https:\/\/now-news.de\/de\/#\/schema\/person\/fb534a4e865501d8b3285208df34a9b5\"},\"headline\":\"Trotz roter Linien: Iran und USA nehmen Atomgespr\u00e4che wieder auf\",\"datePublished\":\"2025-05-11T11:15:11+00:00\",\"dateModified\":\"2025-05-11T11:15:11+00:00\",\"mainEntityOfPage\":{\"@id\":\"https:\/\/now-news.de\/de\/deutschland\/trotz-roter-linien-iran-und-usa-nehmen-atomgespraeche-wieder-auf\/\"},\"wordCount\":512,\"commentCount\":0,\"publisher\":{\"@id\":\"https:\/\/now-news.de\/de\/#organization\"},\"image\":{\"@id\":\"https:\/\/now-news.de\/de\/deutschland\/trotz-roter-linien-iran-und-usa-nehmen-atomgespraeche-wieder-auf\/#primaryimage\"},\"thumbnailUrl\":\"https:\/\/now-news.de\/de\/wp-content\/uploads\/sites\/3\/2025\/05\/Trotz-roter-Linien-Iran-und-USA-nehmen-Atomgespraeche-wieder-auf.jpg\",\"keywords\":[\"AtomGespr\u00e4che\",\"AUF\",\"Iran\",\"Linien\",\"nehmen\",\"Roter\",\"Trotz\",\"und\",\"USA\",\"wieder\"],\"articleSection\":[\"Deutschland\",\"Russland\"],\"inLanguage\":\"de\",\"potentialAction\":[{\"@type\":\"CommentAction\",\"name\":\"Comment\",\"target\":[\"https:\/\/now-news.de\/de\/deutschland\/trotz-roter-linien-iran-und-usa-nehmen-atomgespraeche-wieder-auf\/#respond\"]}]},{\"@type\":\"WebPage\",\"@id\":\"https:\/\/now-news.de\/de\/deutschland\/trotz-roter-linien-iran-und-usa-nehmen-atomgespraeche-wieder-auf\/\",\"url\":\"https:\/\/now-news.de\/de\/deutschland\/trotz-roter-linien-iran-und-usa-nehmen-atomgespraeche-wieder-auf\/\",\"name\":\"Trotz roter Linien: Iran und USA nehmen Atomgespr\u00e4che wieder auf - just-now.NEWS Deutschland\",\"isPartOf\":{\"@id\":\"https:\/\/now-news.de\/de\/#website\"},\"primaryImageOfPage\":{\"@id\":\"https:\/\/now-news.de\/de\/deutschland\/trotz-roter-linien-iran-und-usa-nehmen-atomgespraeche-wieder-auf\/#primaryimage\"},\"image\":{\"@id\":\"https:\/\/now-news.de\/de\/deutschland\/trotz-roter-linien-iran-und-usa-nehmen-atomgespraeche-wieder-auf\/#primaryimage\"},\"thumbnailUrl\":\"https:\/\/now-news.de\/de\/wp-content\/uploads\/sites\/3\/2025\/05\/Trotz-roter-Linien-Iran-und-USA-nehmen-Atomgespraeche-wieder-auf.jpg\",\"datePublished\":\"2025-05-11T11:15:11+00:00\",\"dateModified\":\"2025-05-11T11:15:11+00:00\",\"breadcrumb\":{\"@id\":\"https:\/\/now-news.de\/de\/deutschland\/trotz-roter-linien-iran-und-usa-nehmen-atomgespraeche-wieder-auf\/#breadcrumb\"},\"inLanguage\":\"de\",\"potentialAction\":[{\"@type\":\"ReadAction\",\"target\":[\"https:\/\/now-news.de\/de\/deutschland\/trotz-roter-linien-iran-und-usa-nehmen-atomgespraeche-wieder-auf\/\"]}]},{\"@type\":\"ImageObject\",\"inLanguage\":\"de\",\"@id\":\"https:\/\/now-news.de\/de\/deutschland\/trotz-roter-linien-iran-und-usa-nehmen-atomgespraeche-wieder-auf\/#primaryimage\",\"url\":\"https:\/\/now-news.de\/de\/wp-content\/uploads\/sites\/3\/2025\/05\/Trotz-roter-Linien-Iran-und-USA-nehmen-Atomgespraeche-wieder-auf.jpg\",\"contentUrl\":\"https:\/\/now-news.de\/de\/wp-content\/uploads\/sites\/3\/2025\/05\/Trotz-roter-Linien-Iran-und-USA-nehmen-Atomgespraeche-wieder-auf.jpg\",\"width\":460,\"height\":259,\"caption\":\"Trotz roter Linien: Iran und USA nehmen Atomgespr\u00e4che wieder auf\"},{\"@type\":\"BreadcrumbList\",\"@id\":\"https:\/\/now-news.de\/de\/deutschland\/trotz-roter-linien-iran-und-usa-nehmen-atomgespraeche-wieder-auf\/#breadcrumb\",\"itemListElement\":[{\"@type\":\"ListItem\",\"position\":1,\"name\":\"Home\",\"item\":\"https:\/\/now-news.de\/de\/\"},{\"@type\":\"ListItem\",\"position\":2,\"name\":\"Trotz roter Linien: Iran und USA nehmen Atomgespr\u00e4che wieder auf\"}]},{\"@type\":\"WebSite\",\"@id\":\"https:\/\/now-news.de\/de\/#website\",\"url\":\"https:\/\/now-news.de\/de\/\",\"name\":\"just-now.NEWS Deutschland\",\"description\":\"Das Portal f\u00fcr unzensierte Nachrichten aus der Welt\",\"publisher\":{\"@id\":\"https:\/\/now-news.de\/de\/#organization\"},\"potentialAction\":[{\"@type\":\"SearchAction\",\"target\":{\"@type\":\"EntryPoint\",\"urlTemplate\":\"https:\/\/now-news.de\/de\/?s={search_term_string}\"},\"query-input\":\"required name=search_term_string\"}],\"inLanguage\":\"de\"},{\"@type\":\"Organization\",\"@id\":\"https:\/\/now-news.de\/de\/#organization\",\"name\":\"Just Now News\",\"url\":\"https:\/\/now-news.de\/de\/\",\"logo\":{\"@type\":\"ImageObject\",\"inLanguage\":\"de\",\"@id\":\"https:\/\/now-news.de\/de\/#\/schema\/logo\/image\/\",\"url\":\"http:\/\/just-now.news\/de\/wp-content\/uploads\/sites\/3\/2022\/04\/logo500x500.jpg\",\"contentUrl\":\"http:\/\/just-now.news\/de\/wp-content\/uploads\/sites\/3\/2022\/04\/logo500x500.jpg\",\"width\":500,\"height\":500,\"caption\":\"Just Now News\"},\"image\":{\"@id\":\"https:\/\/now-news.de\/de\/#\/schema\/logo\/image\/\"},\"sameAs\":[\"https:\/\/www.facebook.com\/wirmachenauf\",\"https:\/\/x.com\/WirMachenAuf_de\"]},{\"@type\":\"Person\",\"@id\":\"https:\/\/now-news.de\/de\/#\/schema\/person\/fb534a4e865501d8b3285208df34a9b5\",\"name\":\"rtnews\",\"image\":{\"@type\":\"ImageObject\",\"inLanguage\":\"de\",\"@id\":\"https:\/\/now-news.de\/de\/#\/schema\/person\/image\/\",\"url\":\"https:\/\/secure.gravatar.com\/avatar\/82aafea7d8127119dd649515f56e2117?s=96&d=mm&r=g\",\"contentUrl\":\"https:\/\/secure.gravatar.com\/avatar\/82aafea7d8127119dd649515f56e2117?s=96&d=mm&r=g\",\"caption\":\"rtnews\"},\"url\":\"https:\/\/now-news.de\/de\/author\/rnews\/\"}]}<\/script>\n<!-- \/ Yoast SEO Premium plugin. -->","yoast_head_json":{"title":"Trotz roter Linien: Iran und USA nehmen Atomgespr\u00e4che wieder auf - just-now.NEWS Deutschland","robots":{"index":"index","follow":"follow","max-snippet":"max-snippet:-1","max-image-preview":"max-image-preview:large","max-video-preview":"max-video-preview:-1"},"canonical":"https:\/\/now-news.de\/de\/deutschland\/trotz-roter-linien-iran-und-usa-nehmen-atomgespraeche-wieder-auf\/","og_locale":"de_DE","og_type":"article","og_title":"Trotz roter Linien: Iran und USA nehmen Atomgespr\u00e4che wieder auf","og_description":"Sowohl Teheran als auch Washington haben erkl\u00e4rt, dass sie eine diplomatische L\u00f6sung des jahrzehntelangen Streits bevorzugen. Doch dies wird ein steiniger Weg, da sie sich \u00fcber eine ganze Reihe roter Linien nicht einig sind. F\u00fchrende iranische und US-amerikanische Unterh\u00e4ndler werden am Sonntag ihre Gespr\u00e4che wiederaufnehmen, um die Streitigkeiten \u00fcber das iranische Atomprogramm zu kl\u00e4ren. Dabei [&hellip;]","og_url":"https:\/\/now-news.de\/de\/deutschland\/trotz-roter-linien-iran-und-usa-nehmen-atomgespraeche-wieder-auf\/","og_site_name":"just-now.NEWS Deutschland","article_publisher":"https:\/\/www.facebook.com\/wirmachenauf","article_published_time":"2025-05-11T11:15:11+00:00","og_image":[{"url":"https:\/\/now-news.de\/de\/wp-content\/uploads\/sites\/3\/2025\/05\/6820598848fbef1121404b88.jpg"}],"author":"rtnews","twitter_card":"summary_large_image","twitter_creator":"@WirMachenAuf_de","twitter_site":"@WirMachenAuf_de","twitter_misc":{"Verfasst von":"rtnews","Gesch\u00e4tzte Lesezeit":"3\u00a0Minuten"},"schema":{"@context":"https:\/\/schema.org","@graph":[{"@type":"Article","@id":"https:\/\/now-news.de\/de\/deutschland\/trotz-roter-linien-iran-und-usa-nehmen-atomgespraeche-wieder-auf\/#article","isPartOf":{"@id":"https:\/\/now-news.de\/de\/deutschland\/trotz-roter-linien-iran-und-usa-nehmen-atomgespraeche-wieder-auf\/"},"author":{"name":"rtnews","@id":"https:\/\/now-news.de\/de\/#\/schema\/person\/fb534a4e865501d8b3285208df34a9b5"},"headline":"Trotz roter Linien: Iran und USA nehmen Atomgespr\u00e4che wieder auf","datePublished":"2025-05-11T11:15:11+00:00","dateModified":"2025-05-11T11:15:11+00:00","mainEntityOfPage":{"@id":"https:\/\/now-news.de\/de\/deutschland\/trotz-roter-linien-iran-und-usa-nehmen-atomgespraeche-wieder-auf\/"},"wordCount":512,"commentCount":0,"publisher":{"@id":"https:\/\/now-news.de\/de\/#organization"},"image":{"@id":"https:\/\/now-news.de\/de\/deutschland\/trotz-roter-linien-iran-und-usa-nehmen-atomgespraeche-wieder-auf\/#primaryimage"},"thumbnailUrl":"https:\/\/now-news.de\/de\/wp-content\/uploads\/sites\/3\/2025\/05\/Trotz-roter-Linien-Iran-und-USA-nehmen-Atomgespraeche-wieder-auf.jpg","keywords":["AtomGespr\u00e4che","AUF","Iran","Linien","nehmen","Roter","Trotz","und","USA","wieder"],"articleSection":["Deutschland","Russland"],"inLanguage":"de","potentialAction":[{"@type":"CommentAction","name":"Comment","target":["https:\/\/now-news.de\/de\/deutschland\/trotz-roter-linien-iran-und-usa-nehmen-atomgespraeche-wieder-auf\/#respond"]}]},{"@type":"WebPage","@id":"https:\/\/now-news.de\/de\/deutschland\/trotz-roter-linien-iran-und-usa-nehmen-atomgespraeche-wieder-auf\/","url":"https:\/\/now-news.de\/de\/deutschland\/trotz-roter-linien-iran-und-usa-nehmen-atomgespraeche-wieder-auf\/","name":"Trotz roter Linien: Iran und USA nehmen Atomgespr\u00e4che wieder auf - just-now.NEWS Deutschland","isPartOf":{"@id":"https:\/\/now-news.de\/de\/#website"},"primaryImageOfPage":{"@id":"https:\/\/now-news.de\/de\/deutschland\/trotz-roter-linien-iran-und-usa-nehmen-atomgespraeche-wieder-auf\/#primaryimage"},"image":{"@id":"https:\/\/now-news.de\/de\/deutschland\/trotz-roter-linien-iran-und-usa-nehmen-atomgespraeche-wieder-auf\/#primaryimage"},"thumbnailUrl":"https:\/\/now-news.de\/de\/wp-content\/uploads\/sites\/3\/2025\/05\/Trotz-roter-Linien-Iran-und-USA-nehmen-Atomgespraeche-wieder-auf.jpg","datePublished":"2025-05-11T11:15:11+00:00","dateModified":"2025-05-11T11:15:11+00:00","breadcrumb":{"@id":"https:\/\/now-news.de\/de\/deutschland\/trotz-roter-linien-iran-und-usa-nehmen-atomgespraeche-wieder-auf\/#breadcrumb"},"inLanguage":"de","potentialAction":[{"@type":"ReadAction","target":["https:\/\/now-news.de\/de\/deutschland\/trotz-roter-linien-iran-und-usa-nehmen-atomgespraeche-wieder-auf\/"]}]},{"@type":"ImageObject","inLanguage":"de","@id":"https:\/\/now-news.de\/de\/deutschland\/trotz-roter-linien-iran-und-usa-nehmen-atomgespraeche-wieder-auf\/#primaryimage","url":"https:\/\/now-news.de\/de\/wp-content\/uploads\/sites\/3\/2025\/05\/Trotz-roter-Linien-Iran-und-USA-nehmen-Atomgespraeche-wieder-auf.jpg","contentUrl":"https:\/\/now-news.de\/de\/wp-content\/uploads\/sites\/3\/2025\/05\/Trotz-roter-Linien-Iran-und-USA-nehmen-Atomgespraeche-wieder-auf.jpg","width":460,"height":259,"caption":"Trotz roter Linien: Iran und USA nehmen Atomgespr\u00e4che wieder auf"},{"@type":"BreadcrumbList","@id":"https:\/\/now-news.de\/de\/deutschland\/trotz-roter-linien-iran-und-usa-nehmen-atomgespraeche-wieder-auf\/#breadcrumb","itemListElement":[{"@type":"ListItem","position":1,"name":"Home","item":"https:\/\/now-news.de\/de\/"},{"@type":"ListItem","position":2,"name":"Trotz roter Linien: Iran und USA nehmen Atomgespr\u00e4che wieder auf"}]},{"@type":"WebSite","@id":"https:\/\/now-news.de\/de\/#website","url":"https:\/\/now-news.de\/de\/","name":"just-now.NEWS Deutschland","description":"Das Portal f\u00fcr unzensierte Nachrichten aus der Welt","publisher":{"@id":"https:\/\/now-news.de\/de\/#organization"},"potentialAction":[{"@type":"SearchAction","target":{"@type":"EntryPoint","urlTemplate":"https:\/\/now-news.de\/de\/?s={search_term_string}"},"query-input":"required name=search_term_string"}],"inLanguage":"de"},{"@type":"Organization","@id":"https:\/\/now-news.de\/de\/#organization","name":"Just Now News","url":"https:\/\/now-news.de\/de\/","logo":{"@type":"ImageObject","inLanguage":"de","@id":"https:\/\/now-news.de\/de\/#\/schema\/logo\/image\/","url":"http:\/\/just-now.news\/de\/wp-content\/uploads\/sites\/3\/2022\/04\/logo500x500.jpg","contentUrl":"http:\/\/just-now.news\/de\/wp-content\/uploads\/sites\/3\/2022\/04\/logo500x500.jpg","width":500,"height":500,"caption":"Just Now News"},"image":{"@id":"https:\/\/now-news.de\/de\/#\/schema\/logo\/image\/"},"sameAs":["https:\/\/www.facebook.com\/wirmachenauf","https:\/\/x.com\/WirMachenAuf_de"]},{"@type":"Person","@id":"https:\/\/now-news.de\/de\/#\/schema\/person\/fb534a4e865501d8b3285208df34a9b5","name":"rtnews","image":{"@type":"ImageObject","inLanguage":"de","@id":"https:\/\/now-news.de\/de\/#\/schema\/person\/image\/","url":"https:\/\/secure.gravatar.com\/avatar\/82aafea7d8127119dd649515f56e2117?s=96&d=mm&r=g","contentUrl":"https:\/\/secure.gravatar.com\/avatar\/82aafea7d8127119dd649515f56e2117?s=96&d=mm&r=g","caption":"rtnews"},"url":"https:\/\/now-news.de\/de\/author\/rnews\/"}]}},"_links":{"self":[{"href":"https:\/\/now-news.de\/de\/wp-json\/wp\/v2\/posts\/83560"}],"collection":[{"href":"https:\/\/now-news.de\/de\/wp-json\/wp\/v2\/posts"}],"about":[{"href":"https:\/\/now-news.de\/de\/wp-json\/wp\/v2\/types\/post"}],"author":[{"embeddable":true,"href":"https:\/\/now-news.de\/de\/wp-json\/wp\/v2\/users\/3"}],"replies":[{"embeddable":true,"href":"https:\/\/now-news.de\/de\/wp-json\/wp\/v2\/comments?post=83560"}],"version-history":[{"count":0,"href":"https:\/\/now-news.de\/de\/wp-json\/wp\/v2\/posts\/83560\/revisions"}],"wp:featuredmedia":[{"embeddable":true,"href":"https:\/\/now-news.de\/de\/wp-json\/wp\/v2\/media\/83561"}],"wp:attachment":[{"href":"https:\/\/now-news.de\/de\/wp-json\/wp\/v2\/media?parent=83560"}],"wp:term":[{"taxonomy":"category","embeddable":true,"href":"https:\/\/now-news.de\/de\/wp-json\/wp\/v2\/categories?post=83560"},{"taxonomy":"post_tag","embeddable":true,"href":"https:\/\/now-news.de\/de\/wp-json\/wp\/v2\/tags?post=83560"}],"curies":[{"name":"wp","href":"https:\/\/api.w.org\/{rel}","templated":true}]}}