{"id":83537,"date":"2025-05-10T20:34:22","date_gmt":"2025-05-10T18:34:22","guid":{"rendered":"https:\/\/now-news.de\/de\/deutschland\/gebuehrenfinanzierte-diffamierungskampagne-boehmermann-und-zeit-nennen-klarnamen-von-youtuber\/"},"modified":"2025-05-10T20:34:22","modified_gmt":"2025-05-10T18:34:22","slug":"gebuehrenfinanzierte-diffamierungskampagne-boehmermann-und-zeit-nennen-klarnamen-von-youtuber","status":"publish","type":"post","link":"https:\/\/now-news.de\/de\/deutschland\/gebuehrenfinanzierte-diffamierungskampagne-boehmermann-und-zeit-nennen-klarnamen-von-youtuber\/","title":{"rendered":"Geb\u00fchrenfinanzierte Diffamierungskampagne: B\u00f6hmermann und Zeit nennen Klarnamen von YouTuber"},"content":{"rendered":"<p><img decoding=\"async\" src=\"https:\/\/now-news.de\/de\/wp-content\/uploads\/sites\/3\/2025\/05\/681f8f54b480cc517a63d6a3.jpg\" \/><\/p>\n<div class=\"Text-root Text-type_1 \">\n                Das ZDF und die Hamburger Wochenzeitung Die Zeit machen gemeinsam mit einem Skandal von sich reden: In der neuesten Ausgabe von Jan B\u00f6hmermanns TV-Show offenbarten sie die Identit\u00e4t eines angeblich &#8220;rechtsextremen&#8221; YouTubers. Weil dieser angeblich &#8220;Mainstream&#8221; sei, habe er kein Recht auf Anonymit\u00e4t.\n            <\/div>\n<p><\/p>\n<div class=\"Text-root Text-type_5 ArticleView-text ViewText-root \">\n<p>Die Ausgabe des <em>ZDF Magazin Royale<\/em> vom 9.\u00a0Mai und die <em>Zeit<\/em>\u00a0<a rel=\"nofollow noopener\" target=\"_blank\" href=\"https:\/\/www.zdf.de\/play\/shows\/zdf-magazin-royale-102\/zdf-magazin-royale-vom-9-mai-2025-100\">haben<\/a> sich mit dem vermeintlichen oder tats\u00e4chlichen publizistischen Vorfeld der AfD <a rel=\"nofollow noopener\" target=\"_blank\" href=\"https:\/\/www.zeit.de\/gesellschaft\/2025-05\/hetze-rechte-influencer-anonymitaet-kunstfigur\">besch\u00e4ftigt<\/a>. TV-kompatibel konzentrierten die Redaktionen sich auf sogenannte rechte YouTuber, die als &#8220;rechtsextrem&#8221; gelten. Daf\u00fcr scheuten die Redaktionen keinen Aufwand\u00a0\u2013 bis hin zu einer &#8220;wissenschaftlichen Stimmanalyse&#8221;, wie B\u00f6hmermann stolz in der Sendung verk\u00fcndete.<\/p>\n<p>B\u00f6hmermann hatte in seiner Sendung den Namen des Betreibers des YouTube-Kanals <em><a rel=\"nofollow noopener\" target=\"_blank\" href=\"https:\/\/www.youtube.com\/@Clownswelt\">Clownswelt<\/a><\/em>\u00a0\u00f6ffentlich gemacht\u00a0\u2013 inklusive seines gesamten Umfelds, seines Namens und Wohnortes. Der selbst ernannte Fernsehsatiriker begr\u00fcndete das Recht dazu mit der Reichweite von &#8220;Clownie&#8221;. Dieser erziele mit seinen gesellschaftskritischen und bissigen Clips hunderttausendfache Resonanz. Der Kanal verf\u00fcge \u00fcber 227.000 Abonnenten, geh\u00f6re daher zum Mainstream. Und wer ein so gro\u00dfes Publikum erreiche, k\u00f6nne f\u00fcr sich nicht Anonymit\u00e4t beanspruchen.<\/p>\n<p><strong>Rechtfertigung<\/strong><\/p>\n<p>Als besonderen Clou wurde die Identit\u00e4t eines &#8220;radikal rechten Influencers&#8221;, so die <em>Zeit<\/em>, \u00f6ffentlich gemacht. Der &#8220;rechte Clown&#8221; w\u00fcrde &#8220;anonym gegen Frauen, Politiker und Promis&#8221;\u00a0\u2013 wie die Zeitung es nennt\u00a0\u2013 &#8220;hetzen&#8221;.<\/p>\n<p>Die Redakteure gingen aber noch weiter. Das Portal <em>Apollo News<\/em> fasst diese &#8220;Recherchen&#8221; mit folgendem Satz zusammen: &#8220;Das Meisterst\u00fcck der Journalisten ist es, ein ganzes Reporterteam zu den Eltern von &#8216;Clownswelt&#8217; zu schicken. Auch sie fragt man \u00fcber den YouTuber aus\u00a0\u2013 und hinterl\u00e4sst sie, nach eigenen Angaben, &#8216;\u00fcberrascht und aufgebracht&#8217;.&#8221; &#8220;Wochenlang&#8221; hatten die Rechercheure zudem versucht, Kontakt zu &#8220;Clownie&#8221; aufzunehmen, blieben jedoch per Telefon, WhatsApp dabei erfolglos.<\/p>\n<p>Wie <em>ZDF<\/em> und <em>Zeit<\/em> herausgefunden haben wollen, verbirgt sich hinter dem Pseudonym ein 29-j\u00e4hriger Metal-Gitarrist, der in Ostwestfalen lebt. Der ehemalige Lehramtsstudent werde bereits vom Verfassungsschutz beobachtet. Sowohl die Sendung als auch der Zeitungsartikel machen weitere Angaben zur Person des YouTubers, wodurch dessen Identit\u00e4t nachvollziehbar offengelegt wird, aber auch eine \u00f6ffentliche Vorverurteilung erfolgt. Das soziale Umfeld des Internetaktivisten hatte offenbar bislang nichts von den Inhalten mitbekommen, die dieser verbreitete. Festzuhalten ist dar\u00fcber hinaus, dass gegen den Kanalbetreiber rechtlich nichts vorliegt.<\/p>\n<p><strong>Doxing<\/strong><\/p>\n<p>Nach Ausstrahlung der TV-Show und Ver\u00f6ffentlichung des Artikels folgte eine Welle kritischer Reaktionen\u00a0\u2013 sowohl in den sozialen Medien als auch auf Online-Portalen. Viele Nutzer sehen das absichtliche Blo\u00dfstellen einer Person durch die Ver\u00f6ffentlichung ihrer pers\u00f6nlichen Daten als problematische Grenz\u00fcberschreitung an. Tats\u00e4chlich ist das \u00d6ffentlichmachen solcher Angaben\u00a0\u2013 das &#8220;Doxing&#8221;\u00a0\u2013 seit 2021 unter Strafe gestellt, wenn dadurch eine Person bedroht, diffamiert oder unter Druck gesetzt wird. Darauf wies der <em>\u00d6RR Blog<\/em> hin, denn ausgerechnet die <em>ZDF<\/em>-Rechtsexpertin Sarah Tacke hatte davor gewarnt, pers\u00f6nliche Angaben von Politikern, Prominenten oder einfachen Privatpersonen ohne deren Einverst\u00e4ndnis zu ver\u00f6ffentlichen. Im Falle des Betreibers der <em>Clownswelt<\/em> schien dies f\u00fcr das <em>ZDF<\/em> nicht zu gelten.<\/p>\n<div class=\"EmbedBlock-root EmbedBlock-twitter\">\n<div class=\"TwitterEmbed\">\n<blockquote class=\"twitter-tweet lazyload\" data-twitter=\"twitter-tweet\">\n<p lang=\"de\" dir=\"ltr\">Wann \u00e4u\u00dfert sich ZDF Rechtsexpertin Sarah Tacke zum Doxing durch ihren ZDF Kollegen Jan B\u00f6hmermann? <a rel=\"nofollow noopener\" target=\"_blank\" href=\"https:\/\/twitter.com\/hashtag\/OerrBlog?src=hash&amp;ref_src=twsrc%5Etfw\">#OerrBlog<\/a><a rel=\"nofollow noopener\" target=\"_blank\" href=\"https:\/\/t.co\/oPB1R50CYH\">https:\/\/t.co\/oPB1R50CYH<\/a><\/p>\n<p>\u2014 \u00d6RR Blog. (@OERRBlog) <a rel=\"nofollow noopener\" target=\"_blank\" href=\"https:\/\/twitter.com\/OERRBlog\/status\/1921215974742610335?ref_src=twsrc%5Etfw\">May 10, 2025<\/a><\/p><\/blockquote>\n<\/div>\n<\/div>\n<p>Die <em>Berliner Zeitung<\/em> (<em>BLZ<\/em>) zitierte aus den zahlreichen Negativ-Reaktionen auch einen Netz-Kommentar der AfD, gegen die sich die B\u00f6hmermann-Sendung im Kern richtete: &#8220;Die zerst\u00f6rerische Art &amp; Weise, mit der \u00d6RR-Medien gegen kritische Stimmen vorgehen, gleicht der in totalit\u00e4ren Systemen. B\u00f6hmermann belegt, warum alternative Medien wie die #Clownswelt unverzichtbar sind\u00a0\u2013 und der \u00d6RR gr\u00fcndlich reformiert werden muss.&#8221;<\/p>\n<p><em>Tichys Einblick<\/em> stellte zu der gemeinsamen Inszenierung von <em>ZDF<\/em> und <em>Zeit<\/em> fest: &#8220;B\u00f6hmermann gibt wieder mal den Schlapphut-Gro\u00dfinquisitor.&#8221; Und <em>Apollo News<\/em> fragte schlie\u00dflich:<\/p>\n<p><em>&#8220;Angesichts dieses massiven Aufwands stellt sich auch die Frage, wie viel Geld aus dem \u00f6ffentlich-rechtlichen Rundfunk in die Suche nach &#8216;Clownswelt&#8217; geflossen ist. Ob die Verwendung der Gelder f\u00fcr das Doxxing einer Person \u00fcberhaupt zweckm\u00e4\u00dfig ist, dr\u00e4ngt sich dabei noch mehr auf.&#8221;<\/em><\/p>\n<div class=\"EmbedBlock-root EmbedBlock-twitter\">\n<div class=\"TwitterEmbed\">\n<blockquote class=\"twitter-tweet lazyload\" data-twitter=\"twitter-tweet\">\n<p lang=\"de\" dir=\"ltr\">Doxxing und Gesinnungsschn\u00fcffelei sind nicht akzeptabel. Dieses Video zeigt, wie mit Geldern der Geb\u00fchrenzahler private Leben zerst\u00f6rt und Kritiker eingesch\u00fcchtert werden sollen. Solche Methoden haben in einer Demokratie keinen Platz.<a rel=\"nofollow noopener\" target=\"_blank\" href=\"https:\/\/t.co\/xKpboNIIM3\">pic.twitter.com\/xKpboNIIM3<\/a><\/p>\n<p>\u2014 Dr. Friedrich P\u00fcrner, MPH (@DrPuerner) <a rel=\"nofollow noopener\" target=\"_blank\" href=\"https:\/\/twitter.com\/DrPuerner\/status\/1921099204165857493?ref_src=twsrc%5Etfw\">May 10, 2025<\/a><\/p><\/blockquote>\n<\/div>\n<\/div>\n<p>Ob die geb\u00fchrenfinanzierte Diffamierung rechtliche Folgen f\u00fcr &#8220;Clownie&#8221; haben wird, bleibt abzuwarten. Die <em>BLZ<\/em> hielt abschlie\u00dfend fest, dass die Band des Kanalbetreibers sich von ihm getrennt habe. Auf Instagram sei zu lesen gewesen, dass der YouTuber kein Mitglied der Musikgruppe mehr sei. Die Musiker h\u00e4tten sich &#8220;leider aufgrund un\u00fcberwindlicher pers\u00f6nlicher Differenzen kurzfristig&#8221; von ihm trennen m\u00fcssen.<\/p>\n<p><strong>Mehr zum Thema \u2013\u00a0<\/strong><a rel=\"nofollow noopener\" target=\"_blank\" href=\"https:\/\/freedert.online\/inland\/243867-redakteur-schreibt-brandbrief-ans-zdf\/\">Redakteur schreibt Brandbrief ans ZDF: ein System von arroganten Technokraten<\/a><\/p>\n<div class=\"EmbedBlock-root EmbedBlock-externalVideo EmbedBlock-rumble\">\n<div class=\"VkEmbed\"><iframe class=\"lazyload\" data-src=\"https:\/\/rumble.com\/embed\/v6qzcu1\" frameborder=\"0\" width=\"853\" height=\"480\" allowfullscreen><\/iframe><\/div>\n<\/div>\n<\/div>\n<p><script async src=\"https:\/\/platform.twitter.com\/widgets.js\" charset=\"utf-8\"><\/script><br \/>\n<br \/><br \/>\n<br \/><a href=\"https:\/\/de.rt.com\/gesellschaft\/244622-gebuehrenfinanzierte-diffamierungskampagne-boehmermann-und-zeit-nennen-klarnamen\/\">Source link <\/a><\/p>\n","protected":false},"excerpt":{"rendered":"<p>Das ZDF und die Hamburger Wochenzeitung Die Zeit machen gemeinsam mit einem Skandal von sich reden: In der neuesten Ausgabe von Jan B\u00f6hmermanns TV-Show offenbarten sie die Identit\u00e4t eines angeblich &#8220;rechtsextremen&#8221; YouTubers. Weil dieser angeblich &#8220;Mainstream&#8221; sei, habe er kein Recht auf Anonymit\u00e4t. Die Ausgabe des ZDF Magazin Royale vom 9.\u00a0Mai und die Zeit\u00a0haben sich [&hellip;]<\/p>\n","protected":false},"author":3,"featured_media":83538,"comment_status":"open","ping_status":"open","sticky":false,"template":"","format":"standard","meta":{"_yoast_indexnow_last_ping":["1746902887"],"wp_automatic_camp":["217"],"6cf19911fbe0882fe6920bd120e0cec5":["Geb\u00fchrenfinanzierte Diffamierungskampagne: B\u00f6hmermann und Zeit nennen Klarnamen von YouTuber"],"original_link":["https:\/\/de.rt.com\/gesellschaft\/244622-gebuehrenfinanzierte-diffamierungskampagne-boehmermann-und-zeit-nennen-klarnamen\/"],"_thumbnail_id":["83538"],"jnews_social_counter_last_update":["1777443789"],"_wptgpro_p2tg_sent2tg":["a:1:{i:23737;s:19:\"2025-05-10 20:49:25\";}"]},"categories":[19,23],"tags":[35065,39980,64841,64842,22222,140,50,26448,2732],"yoast_head":"<!-- This site is optimized with the Yoast SEO Premium plugin v22.7 (Yoast SEO v22.7) - https:\/\/yoast.com\/wordpress\/plugins\/seo\/ -->\n<title>Geb\u00fchrenfinanzierte Diffamierungskampagne: B\u00f6hmermann und Zeit nennen Klarnamen von YouTuber - just-now.NEWS Deutschland<\/title>\n<meta name=\"robots\" content=\"index, follow, max-snippet:-1, max-image-preview:large, max-video-preview:-1\" \/>\n<link rel=\"canonical\" href=\"https:\/\/now-news.de\/de\/deutschland\/gebuehrenfinanzierte-diffamierungskampagne-boehmermann-und-zeit-nennen-klarnamen-von-youtuber\/\" \/>\n<meta property=\"og:locale\" content=\"de_DE\" \/>\n<meta property=\"og:type\" content=\"article\" \/>\n<meta property=\"og:title\" content=\"Geb\u00fchrenfinanzierte Diffamierungskampagne: B\u00f6hmermann und Zeit nennen Klarnamen von YouTuber\" \/>\n<meta property=\"og:description\" content=\"Das ZDF und die Hamburger Wochenzeitung Die Zeit machen gemeinsam mit einem Skandal von sich reden: In der neuesten Ausgabe von Jan B\u00f6hmermanns TV-Show offenbarten sie die Identit\u00e4t eines angeblich &#8220;rechtsextremen&#8221; YouTubers. Weil dieser angeblich &#8220;Mainstream&#8221; sei, habe er kein Recht auf Anonymit\u00e4t. Die Ausgabe des ZDF Magazin Royale vom 9.\u00a0Mai und die Zeit\u00a0haben sich [&hellip;]\" \/>\n<meta property=\"og:url\" content=\"https:\/\/now-news.de\/de\/deutschland\/gebuehrenfinanzierte-diffamierungskampagne-boehmermann-und-zeit-nennen-klarnamen-von-youtuber\/\" \/>\n<meta property=\"og:site_name\" content=\"just-now.NEWS Deutschland\" \/>\n<meta property=\"article:publisher\" content=\"https:\/\/www.facebook.com\/wirmachenauf\" \/>\n<meta property=\"article:published_time\" content=\"2025-05-10T18:34:22+00:00\" \/>\n<meta property=\"og:image\" content=\"https:\/\/now-news.de\/de\/wp-content\/uploads\/sites\/3\/2025\/05\/681f8f54b480cc517a63d6a3.jpg\" \/>\n<meta name=\"author\" content=\"rtnews\" \/>\n<meta name=\"twitter:card\" content=\"summary_large_image\" \/>\n<meta name=\"twitter:creator\" content=\"@WirMachenAuf_de\" \/>\n<meta name=\"twitter:site\" content=\"@WirMachenAuf_de\" \/>\n<meta name=\"twitter:label1\" content=\"Verfasst von\" \/>\n\t<meta name=\"twitter:data1\" content=\"rtnews\" \/>\n\t<meta name=\"twitter:label2\" content=\"Gesch\u00e4tzte Lesezeit\" \/>\n\t<meta name=\"twitter:data2\" content=\"4\u00a0Minuten\" \/>\n<script type=\"application\/ld+json\" class=\"yoast-schema-graph\">{\"@context\":\"https:\/\/schema.org\",\"@graph\":[{\"@type\":\"Article\",\"@id\":\"https:\/\/now-news.de\/de\/deutschland\/gebuehrenfinanzierte-diffamierungskampagne-boehmermann-und-zeit-nennen-klarnamen-von-youtuber\/#article\",\"isPartOf\":{\"@id\":\"https:\/\/now-news.de\/de\/deutschland\/gebuehrenfinanzierte-diffamierungskampagne-boehmermann-und-zeit-nennen-klarnamen-von-youtuber\/\"},\"author\":{\"name\":\"rtnews\",\"@id\":\"https:\/\/now-news.de\/de\/#\/schema\/person\/fb534a4e865501d8b3285208df34a9b5\"},\"headline\":\"Geb\u00fchrenfinanzierte Diffamierungskampagne: B\u00f6hmermann und Zeit nennen Klarnamen von YouTuber\",\"datePublished\":\"2025-05-10T18:34:22+00:00\",\"dateModified\":\"2025-05-10T18:34:22+00:00\",\"mainEntityOfPage\":{\"@id\":\"https:\/\/now-news.de\/de\/deutschland\/gebuehrenfinanzierte-diffamierungskampagne-boehmermann-und-zeit-nennen-klarnamen-von-youtuber\/\"},\"wordCount\":778,\"commentCount\":0,\"publisher\":{\"@id\":\"https:\/\/now-news.de\/de\/#organization\"},\"image\":{\"@id\":\"https:\/\/now-news.de\/de\/deutschland\/gebuehrenfinanzierte-diffamierungskampagne-boehmermann-und-zeit-nennen-klarnamen-von-youtuber\/#primaryimage\"},\"thumbnailUrl\":\"https:\/\/now-news.de\/de\/wp-content\/uploads\/sites\/3\/2025\/05\/Gebuehrenfinanzierte-Diffamierungskampagne-Boehmermann-und-Zeit-nennen-Klarnamen-von-YouTuber.jpg\",\"keywords\":[\"B\u00f6hmermann\",\"Diffamierungskampagne\",\"Geb\u00fchrenfinanzierte\",\"Klarnamen\",\"nennen\",\"und\",\"von\",\"YouTuber\",\"Zeit\"],\"articleSection\":[\"Deutschland\",\"Russland\"],\"inLanguage\":\"de\",\"potentialAction\":[{\"@type\":\"CommentAction\",\"name\":\"Comment\",\"target\":[\"https:\/\/now-news.de\/de\/deutschland\/gebuehrenfinanzierte-diffamierungskampagne-boehmermann-und-zeit-nennen-klarnamen-von-youtuber\/#respond\"]}]},{\"@type\":\"WebPage\",\"@id\":\"https:\/\/now-news.de\/de\/deutschland\/gebuehrenfinanzierte-diffamierungskampagne-boehmermann-und-zeit-nennen-klarnamen-von-youtuber\/\",\"url\":\"https:\/\/now-news.de\/de\/deutschland\/gebuehrenfinanzierte-diffamierungskampagne-boehmermann-und-zeit-nennen-klarnamen-von-youtuber\/\",\"name\":\"Geb\u00fchrenfinanzierte Diffamierungskampagne: B\u00f6hmermann und Zeit nennen Klarnamen von YouTuber - just-now.NEWS Deutschland\",\"isPartOf\":{\"@id\":\"https:\/\/now-news.de\/de\/#website\"},\"primaryImageOfPage\":{\"@id\":\"https:\/\/now-news.de\/de\/deutschland\/gebuehrenfinanzierte-diffamierungskampagne-boehmermann-und-zeit-nennen-klarnamen-von-youtuber\/#primaryimage\"},\"image\":{\"@id\":\"https:\/\/now-news.de\/de\/deutschland\/gebuehrenfinanzierte-diffamierungskampagne-boehmermann-und-zeit-nennen-klarnamen-von-youtuber\/#primaryimage\"},\"thumbnailUrl\":\"https:\/\/now-news.de\/de\/wp-content\/uploads\/sites\/3\/2025\/05\/Gebuehrenfinanzierte-Diffamierungskampagne-Boehmermann-und-Zeit-nennen-Klarnamen-von-YouTuber.jpg\",\"datePublished\":\"2025-05-10T18:34:22+00:00\",\"dateModified\":\"2025-05-10T18:34:22+00:00\",\"breadcrumb\":{\"@id\":\"https:\/\/now-news.de\/de\/deutschland\/gebuehrenfinanzierte-diffamierungskampagne-boehmermann-und-zeit-nennen-klarnamen-von-youtuber\/#breadcrumb\"},\"inLanguage\":\"de\",\"potentialAction\":[{\"@type\":\"ReadAction\",\"target\":[\"https:\/\/now-news.de\/de\/deutschland\/gebuehrenfinanzierte-diffamierungskampagne-boehmermann-und-zeit-nennen-klarnamen-von-youtuber\/\"]}]},{\"@type\":\"ImageObject\",\"inLanguage\":\"de\",\"@id\":\"https:\/\/now-news.de\/de\/deutschland\/gebuehrenfinanzierte-diffamierungskampagne-boehmermann-und-zeit-nennen-klarnamen-von-youtuber\/#primaryimage\",\"url\":\"https:\/\/now-news.de\/de\/wp-content\/uploads\/sites\/3\/2025\/05\/Gebuehrenfinanzierte-Diffamierungskampagne-Boehmermann-und-Zeit-nennen-Klarnamen-von-YouTuber.jpg\",\"contentUrl\":\"https:\/\/now-news.de\/de\/wp-content\/uploads\/sites\/3\/2025\/05\/Gebuehrenfinanzierte-Diffamierungskampagne-Boehmermann-und-Zeit-nennen-Klarnamen-von-YouTuber.jpg\",\"width\":460,\"height\":259,\"caption\":\"Geb\u00fchrenfinanzierte Diffamierungskampagne: B\u00f6hmermann und Zeit nennen Klarnamen von YouTuber\"},{\"@type\":\"BreadcrumbList\",\"@id\":\"https:\/\/now-news.de\/de\/deutschland\/gebuehrenfinanzierte-diffamierungskampagne-boehmermann-und-zeit-nennen-klarnamen-von-youtuber\/#breadcrumb\",\"itemListElement\":[{\"@type\":\"ListItem\",\"position\":1,\"name\":\"Home\",\"item\":\"https:\/\/now-news.de\/de\/\"},{\"@type\":\"ListItem\",\"position\":2,\"name\":\"Geb\u00fchrenfinanzierte Diffamierungskampagne: B\u00f6hmermann und Zeit nennen Klarnamen von YouTuber\"}]},{\"@type\":\"WebSite\",\"@id\":\"https:\/\/now-news.de\/de\/#website\",\"url\":\"https:\/\/now-news.de\/de\/\",\"name\":\"just-now.NEWS Deutschland\",\"description\":\"Das Portal f\u00fcr unzensierte Nachrichten aus der Welt\",\"publisher\":{\"@id\":\"https:\/\/now-news.de\/de\/#organization\"},\"potentialAction\":[{\"@type\":\"SearchAction\",\"target\":{\"@type\":\"EntryPoint\",\"urlTemplate\":\"https:\/\/now-news.de\/de\/?s={search_term_string}\"},\"query-input\":\"required name=search_term_string\"}],\"inLanguage\":\"de\"},{\"@type\":\"Organization\",\"@id\":\"https:\/\/now-news.de\/de\/#organization\",\"name\":\"Just Now News\",\"url\":\"https:\/\/now-news.de\/de\/\",\"logo\":{\"@type\":\"ImageObject\",\"inLanguage\":\"de\",\"@id\":\"https:\/\/now-news.de\/de\/#\/schema\/logo\/image\/\",\"url\":\"http:\/\/just-now.news\/de\/wp-content\/uploads\/sites\/3\/2022\/04\/logo500x500.jpg\",\"contentUrl\":\"http:\/\/just-now.news\/de\/wp-content\/uploads\/sites\/3\/2022\/04\/logo500x500.jpg\",\"width\":500,\"height\":500,\"caption\":\"Just Now News\"},\"image\":{\"@id\":\"https:\/\/now-news.de\/de\/#\/schema\/logo\/image\/\"},\"sameAs\":[\"https:\/\/www.facebook.com\/wirmachenauf\",\"https:\/\/x.com\/WirMachenAuf_de\"]},{\"@type\":\"Person\",\"@id\":\"https:\/\/now-news.de\/de\/#\/schema\/person\/fb534a4e865501d8b3285208df34a9b5\",\"name\":\"rtnews\",\"image\":{\"@type\":\"ImageObject\",\"inLanguage\":\"de\",\"@id\":\"https:\/\/now-news.de\/de\/#\/schema\/person\/image\/\",\"url\":\"https:\/\/secure.gravatar.com\/avatar\/82aafea7d8127119dd649515f56e2117?s=96&d=mm&r=g\",\"contentUrl\":\"https:\/\/secure.gravatar.com\/avatar\/82aafea7d8127119dd649515f56e2117?s=96&d=mm&r=g\",\"caption\":\"rtnews\"},\"url\":\"https:\/\/now-news.de\/de\/author\/rnews\/\"}]}<\/script>\n<!-- \/ Yoast SEO Premium plugin. -->","yoast_head_json":{"title":"Geb\u00fchrenfinanzierte Diffamierungskampagne: B\u00f6hmermann und Zeit nennen Klarnamen von YouTuber - just-now.NEWS Deutschland","robots":{"index":"index","follow":"follow","max-snippet":"max-snippet:-1","max-image-preview":"max-image-preview:large","max-video-preview":"max-video-preview:-1"},"canonical":"https:\/\/now-news.de\/de\/deutschland\/gebuehrenfinanzierte-diffamierungskampagne-boehmermann-und-zeit-nennen-klarnamen-von-youtuber\/","og_locale":"de_DE","og_type":"article","og_title":"Geb\u00fchrenfinanzierte Diffamierungskampagne: B\u00f6hmermann und Zeit nennen Klarnamen von YouTuber","og_description":"Das ZDF und die Hamburger Wochenzeitung Die Zeit machen gemeinsam mit einem Skandal von sich reden: In der neuesten Ausgabe von Jan B\u00f6hmermanns TV-Show offenbarten sie die Identit\u00e4t eines angeblich &#8220;rechtsextremen&#8221; YouTubers. Weil dieser angeblich &#8220;Mainstream&#8221; sei, habe er kein Recht auf Anonymit\u00e4t. Die Ausgabe des ZDF Magazin Royale vom 9.\u00a0Mai und die Zeit\u00a0haben sich [&hellip;]","og_url":"https:\/\/now-news.de\/de\/deutschland\/gebuehrenfinanzierte-diffamierungskampagne-boehmermann-und-zeit-nennen-klarnamen-von-youtuber\/","og_site_name":"just-now.NEWS Deutschland","article_publisher":"https:\/\/www.facebook.com\/wirmachenauf","article_published_time":"2025-05-10T18:34:22+00:00","og_image":[{"url":"https:\/\/now-news.de\/de\/wp-content\/uploads\/sites\/3\/2025\/05\/681f8f54b480cc517a63d6a3.jpg"}],"author":"rtnews","twitter_card":"summary_large_image","twitter_creator":"@WirMachenAuf_de","twitter_site":"@WirMachenAuf_de","twitter_misc":{"Verfasst von":"rtnews","Gesch\u00e4tzte Lesezeit":"4\u00a0Minuten"},"schema":{"@context":"https:\/\/schema.org","@graph":[{"@type":"Article","@id":"https:\/\/now-news.de\/de\/deutschland\/gebuehrenfinanzierte-diffamierungskampagne-boehmermann-und-zeit-nennen-klarnamen-von-youtuber\/#article","isPartOf":{"@id":"https:\/\/now-news.de\/de\/deutschland\/gebuehrenfinanzierte-diffamierungskampagne-boehmermann-und-zeit-nennen-klarnamen-von-youtuber\/"},"author":{"name":"rtnews","@id":"https:\/\/now-news.de\/de\/#\/schema\/person\/fb534a4e865501d8b3285208df34a9b5"},"headline":"Geb\u00fchrenfinanzierte Diffamierungskampagne: B\u00f6hmermann und Zeit nennen Klarnamen von YouTuber","datePublished":"2025-05-10T18:34:22+00:00","dateModified":"2025-05-10T18:34:22+00:00","mainEntityOfPage":{"@id":"https:\/\/now-news.de\/de\/deutschland\/gebuehrenfinanzierte-diffamierungskampagne-boehmermann-und-zeit-nennen-klarnamen-von-youtuber\/"},"wordCount":778,"commentCount":0,"publisher":{"@id":"https:\/\/now-news.de\/de\/#organization"},"image":{"@id":"https:\/\/now-news.de\/de\/deutschland\/gebuehrenfinanzierte-diffamierungskampagne-boehmermann-und-zeit-nennen-klarnamen-von-youtuber\/#primaryimage"},"thumbnailUrl":"https:\/\/now-news.de\/de\/wp-content\/uploads\/sites\/3\/2025\/05\/Gebuehrenfinanzierte-Diffamierungskampagne-Boehmermann-und-Zeit-nennen-Klarnamen-von-YouTuber.jpg","keywords":["B\u00f6hmermann","Diffamierungskampagne","Geb\u00fchrenfinanzierte","Klarnamen","nennen","und","von","YouTuber","Zeit"],"articleSection":["Deutschland","Russland"],"inLanguage":"de","potentialAction":[{"@type":"CommentAction","name":"Comment","target":["https:\/\/now-news.de\/de\/deutschland\/gebuehrenfinanzierte-diffamierungskampagne-boehmermann-und-zeit-nennen-klarnamen-von-youtuber\/#respond"]}]},{"@type":"WebPage","@id":"https:\/\/now-news.de\/de\/deutschland\/gebuehrenfinanzierte-diffamierungskampagne-boehmermann-und-zeit-nennen-klarnamen-von-youtuber\/","url":"https:\/\/now-news.de\/de\/deutschland\/gebuehrenfinanzierte-diffamierungskampagne-boehmermann-und-zeit-nennen-klarnamen-von-youtuber\/","name":"Geb\u00fchrenfinanzierte Diffamierungskampagne: B\u00f6hmermann und Zeit nennen Klarnamen von YouTuber - just-now.NEWS Deutschland","isPartOf":{"@id":"https:\/\/now-news.de\/de\/#website"},"primaryImageOfPage":{"@id":"https:\/\/now-news.de\/de\/deutschland\/gebuehrenfinanzierte-diffamierungskampagne-boehmermann-und-zeit-nennen-klarnamen-von-youtuber\/#primaryimage"},"image":{"@id":"https:\/\/now-news.de\/de\/deutschland\/gebuehrenfinanzierte-diffamierungskampagne-boehmermann-und-zeit-nennen-klarnamen-von-youtuber\/#primaryimage"},"thumbnailUrl":"https:\/\/now-news.de\/de\/wp-content\/uploads\/sites\/3\/2025\/05\/Gebuehrenfinanzierte-Diffamierungskampagne-Boehmermann-und-Zeit-nennen-Klarnamen-von-YouTuber.jpg","datePublished":"2025-05-10T18:34:22+00:00","dateModified":"2025-05-10T18:34:22+00:00","breadcrumb":{"@id":"https:\/\/now-news.de\/de\/deutschland\/gebuehrenfinanzierte-diffamierungskampagne-boehmermann-und-zeit-nennen-klarnamen-von-youtuber\/#breadcrumb"},"inLanguage":"de","potentialAction":[{"@type":"ReadAction","target":["https:\/\/now-news.de\/de\/deutschland\/gebuehrenfinanzierte-diffamierungskampagne-boehmermann-und-zeit-nennen-klarnamen-von-youtuber\/"]}]},{"@type":"ImageObject","inLanguage":"de","@id":"https:\/\/now-news.de\/de\/deutschland\/gebuehrenfinanzierte-diffamierungskampagne-boehmermann-und-zeit-nennen-klarnamen-von-youtuber\/#primaryimage","url":"https:\/\/now-news.de\/de\/wp-content\/uploads\/sites\/3\/2025\/05\/Gebuehrenfinanzierte-Diffamierungskampagne-Boehmermann-und-Zeit-nennen-Klarnamen-von-YouTuber.jpg","contentUrl":"https:\/\/now-news.de\/de\/wp-content\/uploads\/sites\/3\/2025\/05\/Gebuehrenfinanzierte-Diffamierungskampagne-Boehmermann-und-Zeit-nennen-Klarnamen-von-YouTuber.jpg","width":460,"height":259,"caption":"Geb\u00fchrenfinanzierte Diffamierungskampagne: B\u00f6hmermann und Zeit nennen Klarnamen von YouTuber"},{"@type":"BreadcrumbList","@id":"https:\/\/now-news.de\/de\/deutschland\/gebuehrenfinanzierte-diffamierungskampagne-boehmermann-und-zeit-nennen-klarnamen-von-youtuber\/#breadcrumb","itemListElement":[{"@type":"ListItem","position":1,"name":"Home","item":"https:\/\/now-news.de\/de\/"},{"@type":"ListItem","position":2,"name":"Geb\u00fchrenfinanzierte Diffamierungskampagne: B\u00f6hmermann und Zeit nennen Klarnamen von YouTuber"}]},{"@type":"WebSite","@id":"https:\/\/now-news.de\/de\/#website","url":"https:\/\/now-news.de\/de\/","name":"just-now.NEWS Deutschland","description":"Das Portal f\u00fcr unzensierte Nachrichten aus der Welt","publisher":{"@id":"https:\/\/now-news.de\/de\/#organization"},"potentialAction":[{"@type":"SearchAction","target":{"@type":"EntryPoint","urlTemplate":"https:\/\/now-news.de\/de\/?s={search_term_string}"},"query-input":"required name=search_term_string"}],"inLanguage":"de"},{"@type":"Organization","@id":"https:\/\/now-news.de\/de\/#organization","name":"Just Now News","url":"https:\/\/now-news.de\/de\/","logo":{"@type":"ImageObject","inLanguage":"de","@id":"https:\/\/now-news.de\/de\/#\/schema\/logo\/image\/","url":"http:\/\/just-now.news\/de\/wp-content\/uploads\/sites\/3\/2022\/04\/logo500x500.jpg","contentUrl":"http:\/\/just-now.news\/de\/wp-content\/uploads\/sites\/3\/2022\/04\/logo500x500.jpg","width":500,"height":500,"caption":"Just Now News"},"image":{"@id":"https:\/\/now-news.de\/de\/#\/schema\/logo\/image\/"},"sameAs":["https:\/\/www.facebook.com\/wirmachenauf","https:\/\/x.com\/WirMachenAuf_de"]},{"@type":"Person","@id":"https:\/\/now-news.de\/de\/#\/schema\/person\/fb534a4e865501d8b3285208df34a9b5","name":"rtnews","image":{"@type":"ImageObject","inLanguage":"de","@id":"https:\/\/now-news.de\/de\/#\/schema\/person\/image\/","url":"https:\/\/secure.gravatar.com\/avatar\/82aafea7d8127119dd649515f56e2117?s=96&d=mm&r=g","contentUrl":"https:\/\/secure.gravatar.com\/avatar\/82aafea7d8127119dd649515f56e2117?s=96&d=mm&r=g","caption":"rtnews"},"url":"https:\/\/now-news.de\/de\/author\/rnews\/"}]}},"_links":{"self":[{"href":"https:\/\/now-news.de\/de\/wp-json\/wp\/v2\/posts\/83537"}],"collection":[{"href":"https:\/\/now-news.de\/de\/wp-json\/wp\/v2\/posts"}],"about":[{"href":"https:\/\/now-news.de\/de\/wp-json\/wp\/v2\/types\/post"}],"author":[{"embeddable":true,"href":"https:\/\/now-news.de\/de\/wp-json\/wp\/v2\/users\/3"}],"replies":[{"embeddable":true,"href":"https:\/\/now-news.de\/de\/wp-json\/wp\/v2\/comments?post=83537"}],"version-history":[{"count":0,"href":"https:\/\/now-news.de\/de\/wp-json\/wp\/v2\/posts\/83537\/revisions"}],"wp:featuredmedia":[{"embeddable":true,"href":"https:\/\/now-news.de\/de\/wp-json\/wp\/v2\/media\/83538"}],"wp:attachment":[{"href":"https:\/\/now-news.de\/de\/wp-json\/wp\/v2\/media?parent=83537"}],"wp:term":[{"taxonomy":"category","embeddable":true,"href":"https:\/\/now-news.de\/de\/wp-json\/wp\/v2\/categories?post=83537"},{"taxonomy":"post_tag","embeddable":true,"href":"https:\/\/now-news.de\/de\/wp-json\/wp\/v2\/tags?post=83537"}],"curies":[{"name":"wp","href":"https:\/\/api.w.org\/{rel}","templated":true}]}}